{"id":30930,"date":"2019-07-13T10:10:15","date_gmt":"2019-07-13T13:10:15","guid":{"rendered":"https:\/\/www.suno.com.br\/noticias\/?p=30930"},"modified":"2019-07-13T10:10:15","modified_gmt":"2019-07-13T13:10:15","slug":"nadir-figueiredo-vendida-hig-capital","status":"publish","type":"post","link":"https:\/\/www.suno.com.br\/noticias\/nadir-figueiredo-vendida-hig-capital\/","title":{"rendered":"Nadir Figueiredo, criadora dos copos americanos, \u00e9 vendida ao HIG Capital"},"content":{"rendered":"<p>O grupo norte-americano HIG Capital comprou a fabricante de produtos de vidro brasileira Nadir Figueiredo por R$ 836,27 milh\u00f5es. A informa\u00e7\u00e3o foi dada pela pr\u00f3pria empresa por meio de fato relevante, na \u00faltima sexta-feira (12).<\/p>\t<div class=\"wrapper-featured-image\">\n\t\t<figure class=\"spotlightImg\">\n\n\t\t\t<picture>\n\t\t\t\t<source media=\"(max-width: 768px)\" srcset=\"https:\/\/files.sunoresearch.com.br\/n\/uploads\/2019\/07\/74569bbf-nadir-figueiredo-400x200.webp\">\n\t\t\t\t<img loading=\"lazy\" decoding=\"async\" class=\"newsContent__article__imgCapa lazyloadDisabled newsContent__article__imgCapa--noCaption\" src=\"https:\/\/files.sunoresearch.com.br\/n\/uploads\/2019\/07\/74569bbf-nadir-figueiredo-jpg.webp\" width=\"800\" height=\"450\" alt=\"Nadir Figueiredo, criadora dos copos americanos, \u00e9 vendida ao HIG Capital\" fetchpriority=high \/>\n\t\t\t<\/picture>\n\n\t\t\t<figcaption class=\"wp-caption-text wp-caption-text--hide\">Nadir Figueiredo, criadora dos copos americanos, \u00e9 vendida ao HIG Capital<\/figcaption>\n\t\t<\/figure>\n\t<\/div>\n\n\n<p>De acordo com a <strong>Nadir Figueiredo<\/strong>, foi estipulado um valor de R$ 63,05 por cada a\u00e7\u00e3o ordin\u00e1ria ou preferencial.<\/p>\n<p>Al\u00e9m disso, o comunicado aponta que R$ 100 milh\u00f5es de reais ficar\u00e3o retidos por sete anos, como fundo para eventuais &#8220;indeniza\u00e7\u00f5es devidas pelos<br \/>\nVendedores no \u00e2mbito do Contrato de Compra e Venda, decorrentes da materializa\u00e7\u00e3o de perdas e conting\u00eancias relativas a fatos anteriores \u00e0 data de fechamento da Opera\u00e7\u00e3o&#8221;.<\/p>\n\t<p>\n\t\t<a href=\"https:\/\/lp.suno.com.br\/lm\/simulador-de-renda-passiva\/\" target=\"_blank\" data-element=\"shortcode-suno-banner\" title=\"Banner SUNO, clique e saiba mais\">\n\t\t\t<picture>\n\t\t\t\t<source media=\"(max-width: 500px)\" srcset=\"https:\/\/files.sunoresearch.com.br\/n\/uploads\/2024\/04\/Lead-Magnet-400x300-1.png\">\n\t\t\t\t<img class=\"newsContent__article__imgCapa newsContent__article__imgCapa--banner\"\n\t\t\t\t\tsrc=\"https:\/\/files.sunoresearch.com.br\/n\/uploads\/2024\/04\/Lead-Magnet-1420x240-1.png\"\n\t\t\t\t\tdata-promo-id=\"543552\"\t\t\t\t\t\t\t\t\t\twidth='1420' height='240'\t\t\t\t\talt=\"https:\/\/files.sunoresearch.com.br\/n\/uploads\/2024\/04\/Lead-Magnet-1420x240-1.png\"\n\t\t\t\t>\n\t\t\t<\/picture>\n\t\t<\/a>\n\t<\/p>\n\n\n<p>No fato relevante a empresa afirma que os acionistas que det\u00e9m 97,67% do capital da empresa aprovaram a venda da companhia. A <strong>Flamengo Participa\u00e7\u00f5es<\/strong>, controlada pela HIG Capital, \u00e9 quem far\u00e1 a compra da fabricante de vidros brasileira.<\/p>\n<p>Segundo o comunicado, o objetivo da <strong>HIG Capital<\/strong> \u00e9 &#8220;gerar impacto econ\u00f4mico positivo e valor de longo prazo para os seus investidores e para as<br \/>\nempresas em que investe, mediante investimento em empresas com alto potencial de crescimento e desenvolvimento&#8221;.<\/p>\n<p>Depois de ser decidida todas as condi\u00e7\u00f5es para a conclus\u00e3o da opera\u00e7\u00e3o de compra e transfer\u00eancia do controle acion\u00e1rio da empresa, a Flamengo Participa\u00e7\u00f5es vai apresentar o pedido de oferta p\u00fablica de aquisi\u00e7\u00e3o \u00e0 <strong>Comiss\u00e3o de Valores Mobili\u00e1rios (CVM)<\/strong>.<\/p>\n<p><a href=\"https:\/\/www.suno.com.br\/noticias\/csn-fecha-acordo-glencore\/\">Leia:\u00a0CSN fecha acordo de US$ 250 mi com a Glencore para fornecer min\u00e9rio<\/a><\/p>\n<p>De acordo com a empresa brasileira, &#8220;Os acionistas da Companhia ser\u00e3o<br \/>\ndevidamente informados acerca dos procedimentos relativos \u00e0 Oferta P\u00fablica, nos prazos legais, atrav\u00e9s de novos fatos relevantes ou comunicados, conforme o caso, a serem divulgados tamb\u00e9m oportunamente&#8221;.<\/p>\n<h2>Mais sobre as empresas<\/h2>\n<p>A Flamengo Participa\u00e7\u00f5es \u00e9 controlada indiretamente por entidades estrangeiras geridas pela H.I.G. Capital LLC, empresa global de investimentos em <a href=\"https:\/\/www.suno.com.br\/artigos\/private-equity\/\">private equity<\/a>. Desde a sua funda\u00e7\u00e3o em 1993, a <strong>H.I.G. Capital LLC<\/strong> investiu em mais de 300 empresas globalmente.<\/p>\n<p>J\u00e1 a fabricante de produtos de vidro, <strong>Nadir Figueiredo<\/strong>, foi fundada em 1912 para a produ\u00e7\u00e3o de m\u00e1quinas de escrever. No entanto, passou para o ramo de <strong>produtos de vidros<\/strong> em 1935, tendo como principal produto o copo americano.<\/p>\n\t<p>\n\t\t<a href=\"https:\/\/lp.suno.com.br\/planilha-controle-gastos\/\" target=\"_blank\" data-element=\"shortcode-suno-banner\" title=\"Banner SUNO, clique e saiba mais\">\n\t\t\t<picture>\n\t\t\t\t<source media=\"(max-width: 500px)\" srcset=\"https:\/\/files.sunoresearch.com.br\/n\/uploads\/2023\/03\/400x300-Planilha-controle-de-gastos.png\">\n\t\t\t\t<img class=\"newsContent__article__imgCapa newsContent__article__imgCapa--banner\"\n\t\t\t\t\tsrc=\"https:\/\/files.sunoresearch.com.br\/n\/uploads\/2023\/03\/1420x240-Planilha-controle-de-gastos.png\"\n\t\t\t\t\tdata-promo-id=\"383122\"\t\t\t\t\t\t\t\t\t\twidth='1420' height='240'\t\t\t\t\talt=\"https:\/\/files.sunoresearch.com.br\/n\/uploads\/2023\/03\/1420x240-Planilha-controle-de-gastos.png\"\n\t\t\t\t>\n\t\t\t<\/picture>\n\t\t<\/a>\n\t<\/p>\n\n\n","protected":false},"excerpt":{"rendered":"<p>O grupo norte-americano HIG Capital comprou a fabricante de produtos de vidro brasileira Nadir Figueiredo por R$ 836,27 milh\u00f5es. A informa\u00e7\u00e3o foi dada pela pr\u00f3pria empresa por meio de fato relevante, na \u00faltima sexta-feira (12). Nadir Figueiredo, criadora dos copos americanos, \u00e9 vendida ao HIG Capital De acordo com a Nadir Figueiredo, foi estipulado um [&hellip;]<\/p>\n","protected":false},"author":11,"featured_media":30931,"comment_status":"closed","ping_status":"closed","sticky":false,"template":"","format":"standard","meta":[],"categories":[64],"tags":[],"suno_strategy":[],"class_list":["post-30930","post","type-post","status-publish","format-standard","has-post-thumbnail","hentry","category-negocios"],"yoast_head":"<!-- This site is optimized with the Yoast SEO plugin v24.4 - https:\/\/yoast.com\/wordpress\/plugins\/seo\/ -->\n<title>Fabricante Nadir Figueiredo, criadora dos copos americanos, \u00e9 vendida<\/title>\n<meta name=\"description\" content=\"O grupo norte-americano HIG Capital comprou a fabricante de produtos de vidro Nadir Figueiredo por R$ 836,27 mi. Clique e saiba mais.\" \/>\n<meta name=\"robots\" content=\"index, follow, max-snippet:-1, max-image-preview:large, max-video-preview:-1\" \/>\n<link rel=\"canonical\" href=\"https:\/\/www.suno.com.br\/noticias\/nadir-figueiredo-vendida-hig-capital\/\" \/>\n<meta property=\"og:locale\" content=\"pt_BR\" \/>\n<meta property=\"og:type\" content=\"article\" \/>\n<meta property=\"og:title\" content=\"Fabricante Nadir Figueiredo, criadora dos copos americanos, \u00e9 vendida\" \/>\n<meta property=\"og:description\" content=\"O grupo norte-americano HIG Capital comprou a fabricante de produtos de vidro Nadir Figueiredo por R$ 836,27 mi. Clique e saiba mais.\" \/>\n<meta property=\"og:url\" content=\"https:\/\/www.suno.com.br\/noticias\/nadir-figueiredo-vendida-hig-capital\/\" \/>\n<meta property=\"og:site_name\" content=\"Suno Not\u00edcias\" \/>\n<meta property=\"article:publisher\" content=\"https:\/\/facebook.com\/sunoresearch\" \/>\n<meta property=\"og:image\" content=\"https:\/\/files.sunoresearch.com.br\/n\/uploads\/2019\/07\/74569bbf-nadir-figueiredo.jpg\" \/>\n\t<meta property=\"og:image:width\" content=\"691\" \/>\n\t<meta property=\"og:image:height\" content=\"482\" \/>\n\t<meta property=\"og:image:type\" content=\"image\/jpeg\" \/>\n<meta name=\"author\" content=\"Renan Bandeira\" \/>\n<meta name=\"twitter:card\" content=\"summary_large_image\" \/>\n<meta name=\"twitter:creator\" content=\"@sunoresearch\" \/>\n<meta name=\"twitter:site\" content=\"@sunoresearch\" \/>\n<meta name=\"twitter:label1\" content=\"Escrito por\" \/>\n\t<meta name=\"twitter:data1\" content=\"Renan Bandeira\" \/>\n\t<meta name=\"twitter:label2\" content=\"Est. tempo de leitura\" \/>\n\t<meta name=\"twitter:data2\" content=\"2 minutos\" \/>\n<script type=\"application\/ld+json\" class=\"yoast-schema-graph\">{\"@context\":\"https:\/\/schema.org\",\"@graph\":[{\"@type\":\"NewsArticle\",\"@id\":\"https:\/\/www.suno.com.br\/noticias\/nadir-figueiredo-vendida-hig-capital\/#article\",\"isPartOf\":{\"@id\":\"https:\/\/www.suno.com.br\/noticias\/nadir-figueiredo-vendida-hig-capital\/\"},\"author\":{\"name\":\"Renan Bandeira\",\"@id\":\"https:\/\/www.suno.com.br\/noticias\/#\/schema\/person\/fc144a1c6108bd1dcd43784e88a3c138\"},\"headline\":\"Nadir Figueiredo, criadora dos copos americanos, \u00e9 vendida ao HIG Capital\",\"datePublished\":\"2019-07-13T13:10:15+00:00\",\"mainEntityOfPage\":{\"@id\":\"https:\/\/www.suno.com.br\/noticias\/nadir-figueiredo-vendida-hig-capital\/\"},\"wordCount\":391,\"publisher\":{\"@id\":\"https:\/\/www.suno.com.br\/noticias\/#organization\"},\"image\":{\"@id\":\"https:\/\/www.suno.com.br\/noticias\/nadir-figueiredo-vendida-hig-capital\/#primaryimage\"},\"thumbnailUrl\":\"https:\/\/files.sunoresearch.com.br\/n\/uploads\/2019\/07\/74569bbf-nadir-figueiredo-jpg.webp\",\"articleSection\":[\"Neg\u00f3cios\"],\"inLanguage\":\"pt-BR\"},{\"@type\":\"WebPage\",\"@id\":\"https:\/\/www.suno.com.br\/noticias\/nadir-figueiredo-vendida-hig-capital\/\",\"url\":\"https:\/\/www.suno.com.br\/noticias\/nadir-figueiredo-vendida-hig-capital\/\",\"name\":\"Fabricante Nadir Figueiredo, criadora dos copos americanos, \u00e9 vendida\",\"isPartOf\":{\"@id\":\"https:\/\/www.suno.com.br\/noticias\/#website\"},\"primaryImageOfPage\":{\"@id\":\"https:\/\/www.suno.com.br\/noticias\/nadir-figueiredo-vendida-hig-capital\/#primaryimage\"},\"image\":{\"@id\":\"https:\/\/www.suno.com.br\/noticias\/nadir-figueiredo-vendida-hig-capital\/#primaryimage\"},\"thumbnailUrl\":\"https:\/\/files.sunoresearch.com.br\/n\/uploads\/2019\/07\/74569bbf-nadir-figueiredo-jpg.webp\",\"datePublished\":\"2019-07-13T13:10:15+00:00\",\"description\":\"O grupo norte-americano HIG Capital comprou a fabricante de produtos de vidro Nadir Figueiredo por R$ 836,27 mi. Clique e saiba mais.\",\"breadcrumb\":{\"@id\":\"https:\/\/www.suno.com.br\/noticias\/nadir-figueiredo-vendida-hig-capital\/#breadcrumb\"},\"inLanguage\":\"pt-BR\",\"potentialAction\":[{\"@type\":\"ReadAction\",\"target\":[\"https:\/\/www.suno.com.br\/noticias\/nadir-figueiredo-vendida-hig-capital\/\"]}]},{\"@type\":\"ImageObject\",\"inLanguage\":\"pt-BR\",\"@id\":\"https:\/\/www.suno.com.br\/noticias\/nadir-figueiredo-vendida-hig-capital\/#primaryimage\",\"url\":\"https:\/\/files.sunoresearch.com.br\/n\/uploads\/2019\/07\/74569bbf-nadir-figueiredo-jpg.webp\",\"contentUrl\":\"https:\/\/files.sunoresearch.com.br\/n\/uploads\/2019\/07\/74569bbf-nadir-figueiredo-jpg.webp\",\"width\":691,\"height\":482,\"caption\":\"Nadir Figueiredo, criadora dos copos americanos, \u00e9 vendida ao HIG Capital\"},{\"@type\":\"BreadcrumbList\",\"@id\":\"https:\/\/www.suno.com.br\/noticias\/nadir-figueiredo-vendida-hig-capital\/#breadcrumb\",\"itemListElement\":[{\"@type\":\"ListItem\",\"position\":1,\"name\":\"Not\u00edcias\",\"item\":\"https:\/\/www.suno.com.br\/noticias\/\"},{\"@type\":\"ListItem\",\"position\":2,\"name\":\"Neg\u00f3cios\",\"item\":\"https:\/\/www.suno.com.br\/noticias\/negocios\/\"},{\"@type\":\"ListItem\",\"position\":3,\"name\":\"Nadir Figueiredo, criadora dos copos americanos, \u00e9 vendida ao HIG Capital\"}]},{\"@type\":\"WebSite\",\"@id\":\"https:\/\/www.suno.com.br\/noticias\/#website\",\"url\":\"https:\/\/www.suno.com.br\/noticias\/\",\"name\":\"Suno Not\u00edcias\",\"description\":\"Seu portal de informa\u00e7\u00e3o sobre o mundo dos investimentos\",\"publisher\":{\"@id\":\"https:\/\/www.suno.com.br\/noticias\/#organization\"},\"potentialAction\":[{\"@type\":\"SearchAction\",\"target\":{\"@type\":\"EntryPoint\",\"urlTemplate\":\"https:\/\/www.suno.com.br\/noticias\/?s={search_term_string}\"},\"query-input\":{\"@type\":\"PropertyValueSpecification\",\"valueRequired\":true,\"valueName\":\"search_term_string\"}}],\"inLanguage\":\"pt-BR\"},{\"@type\":\"Organization\",\"@id\":\"https:\/\/www.suno.com.br\/noticias\/#organization\",\"name\":\"Suno Not\u00edcias\",\"url\":\"https:\/\/www.suno.com.br\/noticias\/\",\"logo\":{\"@type\":\"ImageObject\",\"inLanguage\":\"pt-BR\",\"@id\":\"https:\/\/www.suno.com.br\/noticias\/#\/schema\/logo\/image\/\",\"url\":\"https:\/\/files.sunoresearch.com.br\/n\/uploads\/2021\/09\/suno-logo.png\",\"contentUrl\":\"https:\/\/files.sunoresearch.com.br\/n\/uploads\/2021\/09\/suno-logo.png\",\"width\":180,\"height\":180,\"caption\":\"Suno Not\u00edcias\"},\"image\":{\"@id\":\"https:\/\/www.suno.com.br\/noticias\/#\/schema\/logo\/image\/\"},\"sameAs\":[\"https:\/\/facebook.com\/sunoresearch\",\"https:\/\/x.com\/sunoresearch\",\"https:\/\/www.instagram.com\/suno\",\"https:\/\/www.linkedin.com\/company\/suno-research\/\",\"https:\/\/www.youtube.com\/c\/sunoresearch\"]},{\"@type\":\"Person\",\"@id\":\"https:\/\/www.suno.com.br\/noticias\/#\/schema\/person\/fc144a1c6108bd1dcd43784e88a3c138\",\"name\":\"Renan Bandeira\",\"image\":{\"@type\":\"ImageObject\",\"inLanguage\":\"pt-BR\",\"@id\":\"https:\/\/www.suno.com.br\/noticias\/#\/schema\/person\/image\/\",\"url\":\"https:\/\/secure.gravatar.com\/avatar\/68359cdb608f14f11bbefcb78f3fc747?s=96&r=g\",\"contentUrl\":\"https:\/\/secure.gravatar.com\/avatar\/68359cdb608f14f11bbefcb78f3fc747?s=96&r=g\",\"caption\":\"Renan Bandeira\"},\"description\":\"Renan Bandeira escreve sobre pol\u00edtica e economia para o portal da Suno Research. Antes da Suno, trabalhou em uma rede de televis\u00e3o, onde fazia reportagens sobre os mesmos temas. Estuda na Universidade Metodista de S\u00e3o Paulo.\",\"url\":\"https:\/\/www.suno.com.br\/noticias\/author\/renan-bandeira\/\"}]}<\/script>\n<!-- \/ Yoast SEO plugin. -->","yoast_head_json":{"title":"Fabricante Nadir Figueiredo, criadora dos copos americanos, \u00e9 vendida","description":"O grupo norte-americano HIG Capital comprou a fabricante de produtos de vidro Nadir Figueiredo por R$ 836,27 mi. Clique e saiba mais.","robots":{"index":"index","follow":"follow","max-snippet":"max-snippet:-1","max-image-preview":"max-image-preview:large","max-video-preview":"max-video-preview:-1"},"canonical":"https:\/\/www.suno.com.br\/noticias\/nadir-figueiredo-vendida-hig-capital\/","og_locale":"pt_BR","og_type":"article","og_title":"Fabricante Nadir Figueiredo, criadora dos copos americanos, \u00e9 vendida","og_description":"O grupo norte-americano HIG Capital comprou a fabricante de produtos de vidro Nadir Figueiredo por R$ 836,27 mi. Clique e saiba mais.","og_url":"https:\/\/www.suno.com.br\/noticias\/nadir-figueiredo-vendida-hig-capital\/","og_site_name":"Suno Not\u00edcias","article_publisher":"https:\/\/facebook.com\/sunoresearch","og_image":[{"width":691,"height":482,"url":"https:\/\/files.sunoresearch.com.br\/n\/uploads\/2019\/07\/74569bbf-nadir-figueiredo.jpg","type":"image\/jpeg"}],"author":"Renan Bandeira","twitter_card":"summary_large_image","twitter_creator":"@sunoresearch","twitter_site":"@sunoresearch","twitter_misc":{"Escrito por":"Renan Bandeira","Est. tempo de leitura":"2 minutos"},"schema":{"@context":"https:\/\/schema.org","@graph":[{"@type":"NewsArticle","@id":"https:\/\/www.suno.com.br\/noticias\/nadir-figueiredo-vendida-hig-capital\/#article","isPartOf":{"@id":"https:\/\/www.suno.com.br\/noticias\/nadir-figueiredo-vendida-hig-capital\/"},"author":{"name":"Renan Bandeira","@id":"https:\/\/www.suno.com.br\/noticias\/#\/schema\/person\/fc144a1c6108bd1dcd43784e88a3c138"},"headline":"Nadir Figueiredo, criadora dos copos americanos, \u00e9 vendida ao HIG Capital","datePublished":"2019-07-13T13:10:15+00:00","mainEntityOfPage":{"@id":"https:\/\/www.suno.com.br\/noticias\/nadir-figueiredo-vendida-hig-capital\/"},"wordCount":391,"publisher":{"@id":"https:\/\/www.suno.com.br\/noticias\/#organization"},"image":{"@id":"https:\/\/www.suno.com.br\/noticias\/nadir-figueiredo-vendida-hig-capital\/#primaryimage"},"thumbnailUrl":"https:\/\/files.sunoresearch.com.br\/n\/uploads\/2019\/07\/74569bbf-nadir-figueiredo-jpg.webp","articleSection":["Neg\u00f3cios"],"inLanguage":"pt-BR"},{"@type":"WebPage","@id":"https:\/\/www.suno.com.br\/noticias\/nadir-figueiredo-vendida-hig-capital\/","url":"https:\/\/www.suno.com.br\/noticias\/nadir-figueiredo-vendida-hig-capital\/","name":"Fabricante Nadir Figueiredo, criadora dos copos americanos, \u00e9 vendida","isPartOf":{"@id":"https:\/\/www.suno.com.br\/noticias\/#website"},"primaryImageOfPage":{"@id":"https:\/\/www.suno.com.br\/noticias\/nadir-figueiredo-vendida-hig-capital\/#primaryimage"},"image":{"@id":"https:\/\/www.suno.com.br\/noticias\/nadir-figueiredo-vendida-hig-capital\/#primaryimage"},"thumbnailUrl":"https:\/\/files.sunoresearch.com.br\/n\/uploads\/2019\/07\/74569bbf-nadir-figueiredo-jpg.webp","datePublished":"2019-07-13T13:10:15+00:00","description":"O grupo norte-americano HIG Capital comprou a fabricante de produtos de vidro Nadir Figueiredo por R$ 836,27 mi. Clique e saiba mais.","breadcrumb":{"@id":"https:\/\/www.suno.com.br\/noticias\/nadir-figueiredo-vendida-hig-capital\/#breadcrumb"},"inLanguage":"pt-BR","potentialAction":[{"@type":"ReadAction","target":["https:\/\/www.suno.com.br\/noticias\/nadir-figueiredo-vendida-hig-capital\/"]}]},{"@type":"ImageObject","inLanguage":"pt-BR","@id":"https:\/\/www.suno.com.br\/noticias\/nadir-figueiredo-vendida-hig-capital\/#primaryimage","url":"https:\/\/files.sunoresearch.com.br\/n\/uploads\/2019\/07\/74569bbf-nadir-figueiredo-jpg.webp","contentUrl":"https:\/\/files.sunoresearch.com.br\/n\/uploads\/2019\/07\/74569bbf-nadir-figueiredo-jpg.webp","width":691,"height":482,"caption":"Nadir Figueiredo, criadora dos copos americanos, \u00e9 vendida ao HIG Capital"},{"@type":"BreadcrumbList","@id":"https:\/\/www.suno.com.br\/noticias\/nadir-figueiredo-vendida-hig-capital\/#breadcrumb","itemListElement":[{"@type":"ListItem","position":1,"name":"Not\u00edcias","item":"https:\/\/www.suno.com.br\/noticias\/"},{"@type":"ListItem","position":2,"name":"Neg\u00f3cios","item":"https:\/\/www.suno.com.br\/noticias\/negocios\/"},{"@type":"ListItem","position":3,"name":"Nadir Figueiredo, criadora dos copos americanos, \u00e9 vendida ao HIG Capital"}]},{"@type":"WebSite","@id":"https:\/\/www.suno.com.br\/noticias\/#website","url":"https:\/\/www.suno.com.br\/noticias\/","name":"Suno Not\u00edcias","description":"Seu portal de informa\u00e7\u00e3o sobre o mundo dos investimentos","publisher":{"@id":"https:\/\/www.suno.com.br\/noticias\/#organization"},"potentialAction":[{"@type":"SearchAction","target":{"@type":"EntryPoint","urlTemplate":"https:\/\/www.suno.com.br\/noticias\/?s={search_term_string}"},"query-input":{"@type":"PropertyValueSpecification","valueRequired":true,"valueName":"search_term_string"}}],"inLanguage":"pt-BR"},{"@type":"Organization","@id":"https:\/\/www.suno.com.br\/noticias\/#organization","name":"Suno Not\u00edcias","url":"https:\/\/www.suno.com.br\/noticias\/","logo":{"@type":"ImageObject","inLanguage":"pt-BR","@id":"https:\/\/www.suno.com.br\/noticias\/#\/schema\/logo\/image\/","url":"https:\/\/files.sunoresearch.com.br\/n\/uploads\/2021\/09\/suno-logo.png","contentUrl":"https:\/\/files.sunoresearch.com.br\/n\/uploads\/2021\/09\/suno-logo.png","width":180,"height":180,"caption":"Suno Not\u00edcias"},"image":{"@id":"https:\/\/www.suno.com.br\/noticias\/#\/schema\/logo\/image\/"},"sameAs":["https:\/\/facebook.com\/sunoresearch","https:\/\/x.com\/sunoresearch","https:\/\/www.instagram.com\/suno","https:\/\/www.linkedin.com\/company\/suno-research\/","https:\/\/www.youtube.com\/c\/sunoresearch"]},{"@type":"Person","@id":"https:\/\/www.suno.com.br\/noticias\/#\/schema\/person\/fc144a1c6108bd1dcd43784e88a3c138","name":"Renan Bandeira","image":{"@type":"ImageObject","inLanguage":"pt-BR","@id":"https:\/\/www.suno.com.br\/noticias\/#\/schema\/person\/image\/","url":"https:\/\/secure.gravatar.com\/avatar\/68359cdb608f14f11bbefcb78f3fc747?s=96&r=g","contentUrl":"https:\/\/secure.gravatar.com\/avatar\/68359cdb608f14f11bbefcb78f3fc747?s=96&r=g","caption":"Renan Bandeira"},"description":"Renan Bandeira escreve sobre pol\u00edtica e economia para o portal da Suno Research. Antes da Suno, trabalhou em uma rede de televis\u00e3o, onde fazia reportagens sobre os mesmos temas. Estuda na Universidade Metodista de S\u00e3o Paulo.","url":"https:\/\/www.suno.com.br\/noticias\/author\/renan-bandeira\/"}]}},"default_loop_html":"<div class=\"cardsPage__listCard__boxs\"><div class=\"cardsPage__listCard__boxs__img\"><a href=\"https:\/\/www.suno.com.br\/noticias\/nadir-figueiredo-vendida-hig-capital\/\"><img class=\"mask\" src=\"https:\/\/www.suno.com.br\/noticias\/wp-content\/themes\/suno\/resources\/images\/spotlight\/spotlight1img\/bg-mask.png\" alt=\"Image Mask\"\/><img src=\"https:\/\/files.sunoresearch.com.br\/n\/uploads\/2019\/07\/74569bbf-nadir-figueiredo-400x200.webp\" alt=\"Nadir Figueiredo, criadora dos copos americanos, \u00e9 vendida ao HIG Capital\"\/><\/a><span class=\"spotlightCategory\"><a href=\"https:\/\/www.suno.com.br\/noticias\/negocios\/\">Neg\u00f3cios<\/a><\/span><\/div><div class=\"cardsPage__listCard__boxs__content\"><a href=\"https:\/\/www.suno.com.br\/noticias\/nadir-figueiredo-vendida-hig-capital\/\"><h2 class=\"content__title\">Nadir Figueiredo, criadora dos copos americanos, \u00e9 vendida ao HIG Capital<\/h2><\/a><div class=\"newsContent__article__meta\"><div class=\"newsContent__article__meta__authorBox\"><a href=\"https:\/\/www.suno.com.br\/noticias\/author\/renan-bandeira\/\" class=\"authorBox__avatar noMobi\"><img src=\"https:\/\/secure.gravatar.com\/avatar\/68359cdb608f14f11bbefcb78f3fc747?s=96&#038;r=g\" alt=\"Renan Bandeira\"><\/a><div class=\"authorBox__name\"><span>por\n\t\t\t<a href=\"https:\/\/www.suno.com.br\/noticias\/author\/renan-bandeira\/\"><span itemprop=\"author\">Renan Bandeira<\/span><\/a><\/span><time datetime=\"2019-07-13T10:10:15-03:00\" itemprop=\"datePublished\">13\/07\/2019 10:10<\/time><\/div><\/div><\/div><\/div><\/div>","single_layout":"posts","amp_enabled":true,"_links":{"self":[{"href":"https:\/\/www.suno.com.br\/noticias\/wp-json\/wp\/v2\/posts\/30930"}],"collection":[{"href":"https:\/\/www.suno.com.br\/noticias\/wp-json\/wp\/v2\/posts"}],"about":[{"href":"https:\/\/www.suno.com.br\/noticias\/wp-json\/wp\/v2\/types\/post"}],"author":[{"embeddable":true,"href":"https:\/\/www.suno.com.br\/noticias\/wp-json\/wp\/v2\/users\/11"}],"replies":[{"embeddable":true,"href":"https:\/\/www.suno.com.br\/noticias\/wp-json\/wp\/v2\/comments?post=30930"}],"version-history":[{"count":0,"href":"https:\/\/www.suno.com.br\/noticias\/wp-json\/wp\/v2\/posts\/30930\/revisions"}],"wp:featuredmedia":[{"embeddable":true,"href":"https:\/\/www.suno.com.br\/noticias\/wp-json\/wp\/v2\/media\/30931"}],"wp:attachment":[{"href":"https:\/\/www.suno.com.br\/noticias\/wp-json\/wp\/v2\/media?parent=30930"}],"wp:term":[{"taxonomy":"category","embeddable":true,"href":"https:\/\/www.suno.com.br\/noticias\/wp-json\/wp\/v2\/categories?post=30930"},{"taxonomy":"post_tag","embeddable":true,"href":"https:\/\/www.suno.com.br\/noticias\/wp-json\/wp\/v2\/tags?post=30930"},{"taxonomy":"suno_strategy","embeddable":true,"href":"https:\/\/www.suno.com.br\/noticias\/wp-json\/wp\/v2\/suno_strategy?post=30930"}],"curies":[{"name":"wp","href":"https:\/\/api.w.org\/{rel}","templated":true}]}}