{"id":309235,"date":"2022-10-17T21:10:48","date_gmt":"2022-10-18T00:10:48","guid":{"rendered":"https:\/\/www.suno.com.br\/noticias\/?p=309235"},"modified":"2022-10-17T22:48:29","modified_gmt":"2022-10-18T01:48:29","slug":"oi-oibr3-grupamento-acoes-2","status":"publish","type":"post","link":"https:\/\/www.suno.com.br\/noticias\/oi-oibr3-grupamento-acoes-2\/","title":{"rendered":"Oi (OIBR3) prop\u00f5e grupamento de a\u00e7\u00f5es; veja o que deve mudar"},"content":{"rendered":"<p>O <a class=\"suno-keyword\" href=\"https:\/\/www.suno.com.br\/artigos\/conselho-administracao\/\" target=\"_blank\" rel=\"noopener\" data-force=\"no\" data-priority=\"1\">conselho de administra\u00e7\u00e3o<\/a> da <strong>Oi<\/strong> (OIBR3) aprovou nesta segunda-feira (17) a proposta de grupamento da totalidade das <a class=\"suno-keyword\" href=\"https:\/\/www.suno.com.br\/artigos\/o-que-sao-acoes-ordinarias-preferenciais-e-units\/\" target=\"_blank\" rel=\"noopener\" data-force=\"no\" data-priority=\"1\">a\u00e7\u00f5es ordin\u00e1rias<\/a> e preferenciais de emiss\u00e3o da companhia.<\/p>\t<div class=\"wrapper-featured-image\">\n\t\t<figure class=\"spotlightImg\">\n\n\t\t\t<picture>\n\t\t\t\t<source media=\"(max-width: 768px)\" srcset=\"https:\/\/files.sunoresearch.com.br\/n\/uploads\/2022\/06\/Radar.-Oi-OIBR3-tem-processo-de-recuperacao-adiado-novamente-Banrisul-BRSR6-e-Romi-ROMI3-pagarao-R-1686-milhoes-em-JCP-Banco-do-Brasil-BBAS3-briga-com-FII-pela-reducao-do-aluguel-1-400x200.jpg\">\n\t\t\t\t<img loading=\"lazy\" decoding=\"async\" class=\"newsContent__article__imgCapa lazyloadDisabled \" src=\"https:\/\/files.sunoresearch.com.br\/n\/uploads\/2022\/06\/Radar.-Oi-OIBR3-tem-processo-de-recuperacao-adiado-novamente-Banrisul-BRSR6-e-Romi-ROMI3-pagarao-R-1686-milhoes-em-JCP-Banco-do-Brasil-BBAS3-briga-com-FII-pela-reducao-do-aluguel-1-800x450.jpg\" width=\"800\" height=\"450\" alt=\"Oi (OIBR3) prop\u00f5e grupamento de a\u00e7\u00f5es; veja o que deve mudar\" fetchpriority=high \/>\n\t\t\t<\/picture>\n\n\t\t\t<figcaption class=\"wp-caption-text wp-caption-text--show\">Oi (OIBR3). Foto: Getty Images.<\/figcaption>\n\t\t<\/figure>\n\t<\/div>\n\n\n\t<p>\n\t\t<a href=\"\" target=\"_blank\" data-element=\"shortcode-suno-banner\" title=\"Banner SUNO, clique e saiba mais\">\n\t\t\t<picture>\n\t\t\t\t<source media=\"(max-width: 500px)\" srcset=\"\">\n\t\t\t\t<img class=\"newsContent__article__imgCapa newsContent__article__imgCapa--banner\"\n\t\t\t\t\tsrc=\"\"\n\t\t\t\t\tdata-promo-id=\"138420\"\t\t\t\t\t\t\t\t\t\t\t\t\t\t\talt=\"\"\n\t\t\t\t>\n\t\t\t<\/picture>\n\t\t<\/a>\n\t<\/p>\n\n\n<p>Uma Assembleia Geral Extraordin\u00e1ria (AGE) da Oi deve ser convocada para o dia 18 de novembro de 2022 para deliberar sobre a proposta.<\/p>\n<h2>Por que a Oi pode ter um grupamento de suas a\u00e7\u00f5es?<\/h2>\n<p>O objetivo principal da proposta de grupamento \u00e9 o enquadramento da cota\u00e7\u00e3o das a\u00e7\u00f5es de emiss\u00e3o da Oi em valor igual ou superior a R$ 1,00 por unidade.<\/p>\n\t<div data-element=\"shortcode-read-more\" class=\"knowMore\">\n\t\t\t\t<span class=\"knowMore__title\">Leia mais:<\/span>\n\t\t\t\t<a class=\"knowMore__link\" href=\"https:\/\/www.suno.com.br\/noticias\/vale-vale3-relatorio-producao-minerio-3t22\/\">\n\t\t\tVale (VALE3): produ\u00e7\u00e3o de min\u00e9rio de ferro registra leve alta de 1,1% no 3T22\t\t<\/a>\n\t<\/div>\n\n\n<p>Al\u00e9m de adequar as cota\u00e7\u00f5es das <strong>a\u00e7\u00f5es da Oi<\/strong> ao regulamento e ao manual, a implementa\u00e7\u00e3o do grupamento vai viabilizar \u201cum <a class=\"suno-keyword\" href=\"https:\/\/www.suno.com.br\/artigos\/mercado-secundario\/\" target=\"_blank\" rel=\"noopener\" data-force=\"no\" data-priority=\"1\">mercado secund\u00e1rio<\/a> mais saud\u00e1vel e justo, objetivo almejado pela pr\u00f3pria regra da B3\u201d, disse a empresa em comunicado.<\/p>\n<p>O <strong>grupamento das a\u00e7\u00f5es da Oi<\/strong> tamb\u00e9m vai permitir que os pap\u00e9is da companhia voltem a atender um dos crit\u00e9rios para se tornar eleg\u00edvel \u00e0 composi\u00e7\u00e3o de \u00edndices de mercado, como o Ibovespa.<\/p>\n<p>A administra\u00e7\u00e3o da empresa de telecomunica\u00e7\u00f5es prop\u00f5e aos seus acionistas o grupamento da totalidade de suas a\u00e7\u00f5es ordin\u00e1rias e preferenciais, na propor\u00e7\u00e3o de 50 para 1. Dessa forma, cada lote de 50 a\u00e7\u00f5es de cada esp\u00e9cie pode ser grupado em uma \u00fanica a\u00e7\u00e3o do mesmo tipo.<\/p>\n\t<p>\n\t\t<a href=\"https:\/\/lp.suno.com.br\/planilha-controle-gastos\/\" target=\"_blank\" data-element=\"shortcode-suno-banner\" title=\"Banner SUNO, clique e saiba mais\">\n\t\t\t<picture>\n\t\t\t\t<source media=\"(max-width: 500px)\" srcset=\"https:\/\/files.sunoresearch.com.br\/n\/uploads\/2023\/03\/400x300-Planilha-controle-de-gastos.png\">\n\t\t\t\t<img class=\"newsContent__article__imgCapa newsContent__article__imgCapa--banner\"\n\t\t\t\t\tsrc=\"https:\/\/files.sunoresearch.com.br\/n\/uploads\/2023\/03\/1420x240-Planilha-controle-de-gastos.png\"\n\t\t\t\t\tdata-promo-id=\"101751\"\t\t\t\t\t\t\t\t\t\twidth='1420' height='240'\t\t\t\t\talt=\"https:\/\/files.sunoresearch.com.br\/n\/uploads\/2023\/03\/1420x240-Planilha-controle-de-gastos.png\"\n\t\t\t\t>\n\t\t\t<\/picture>\n\t\t<\/a>\n\t<\/p>\n\n\n<p>As a\u00e7\u00f5es de <strong>emiss\u00e3o da Oi<\/strong> que lastreiam American Depositary Shares n\u00e3o v\u00e3o ser objeto deste <a class=\"suno-keyword\" href=\"https:\/\/www.suno.com.br\/artigos\/grupamento-de-acoes\/\" target=\"_blank\" rel=\"noopener\" data-force=\"no\" data-priority=\"1\">grupamento de a\u00e7\u00f5es<\/a>. Assim, as paridades dos ADSs com as a\u00e7\u00f5es locais v\u00e3o ter um ajuste, buscando a manuten\u00e7\u00e3o do total de ADSs.<\/p>\n<p>Por esse motivo, cada a\u00e7\u00e3o ordin\u00e1ria da Oi vai passar a representar 10 ADSs ON. Enquanto isso, uma a\u00e7\u00e3o preferencial ser\u00e1 equivalente a 50 ADSs PN.<\/p>\n<h2>Capital social da Oi<\/h2>\n<p>Uma vez que provado o <strong>grupamento de a\u00e7\u00f5es da Oi<\/strong> pela Assembleia Geral, o capital social da empresa, atualmente com cerca de 6,6 bilh\u00f5es de a\u00e7\u00f5es, passar\u00e1 a ser dividido em aproximadamente 132 milh\u00f5es de a\u00e7\u00f5es, das quais 128,9 milh\u00f5es seriam ordin\u00e1rias, enquanto mais de 3,15 milh\u00f5es ser\u00e3o preferenciais.<\/p>\n<p>Se o <strong>grupamento da Oi<\/strong> for aprovado em assembleia, tamb\u00e9m vai ser concedido um prazo, n\u00e3o inferior a 30 dias, para que os acionistas detentores de a\u00e7\u00f5es ordin\u00e1rias ou preferenciais da empresa possam ajustar suas posi\u00e7\u00f5es de a\u00e7\u00f5es, por esp\u00e9cie, em lotes m\u00faltiplos de 50 a\u00e7\u00f5es, caso assim queiram fazer.<\/p>\n<p>Ap\u00f3s esse per\u00edodo para livre ajuste, as a\u00e7\u00f5es da Oi passam a ser negociadas grupadas a partir do primeiro preg\u00e3o subsequente. Al\u00e9m disso, existindo fra\u00e7\u00f5es de a\u00e7\u00f5es resultantes do grupamento, estas ser\u00e3o reagrupadas em n\u00fameros inteiros e vendidas na B3.<\/p>\n<h2>Cota\u00e7\u00e3o da OIBR3<\/h2>\n<p>A <strong>Oi<\/strong> terminou o preg\u00e3o desta segunda-feira (17) em estabilidade no pre\u00e7o de suas a\u00e7\u00f5es. As a\u00e7\u00f5es ordin\u00e1rias encerraram a sess\u00e3o cotadas em R$ 0,36, enquanto as preferenciais ficaram em R$ 0,81.<\/p>\n\t<p>\n\t\t<a href=\"https:\/\/lp.suno.com.br\/planilha-da-vida-financeira\/\" target=\"_blank\" data-element=\"shortcode-suno-banner\" title=\"Banner SUNO, clique e saiba mais\">\n\t\t\t<picture>\n\t\t\t\t<source media=\"(max-width: 500px)\" srcset=\"https:\/\/files.sunoresearch.com.br\/n\/uploads\/2023\/04\/400x300-Planilha-vida-financeira-true.png\">\n\t\t\t\t<img class=\"newsContent__article__imgCapa newsContent__article__imgCapa--banner\"\n\t\t\t\t\tsrc=\"https:\/\/files.sunoresearch.com.br\/n\/uploads\/2023\/04\/1420x240-Planilha-vida-financeira-true.png\"\n\t\t\t\t\tdata-promo-id=\"106682\"\t\t\t\t\t\t\t\t\t\twidth='1420' height='240'\t\t\t\t\talt=\"https:\/\/files.sunoresearch.com.br\/n\/uploads\/2023\/04\/1420x240-Planilha-vida-financeira-true.png\"\n\t\t\t\t>\n\t\t\t<\/picture>\n\t\t<\/a>\n\t<\/p>\n\n\n","protected":false},"excerpt":{"rendered":"<p>O conselho de administra\u00e7\u00e3o da Oi (OIBR3) aprovou nesta segunda-feira (17) a proposta de grupamento da totalidade das a\u00e7\u00f5es ordin\u00e1rias e preferenciais de emiss\u00e3o da companhia. Oi (OIBR3). Foto: Getty Images. Uma Assembleia Geral Extraordin\u00e1ria (AGE) da Oi deve ser convocada para o dia 18 de novembro de 2022 para deliberar sobre a proposta. Por [&hellip;]<\/p>\n","protected":false},"author":173,"featured_media":265652,"comment_status":"closed","ping_status":"closed","sticky":false,"template":"","format":"standard","meta":[],"categories":[60],"tags":[1595,1596,584],"suno_strategy":[],"class_list":["post-309235","post","type-post","status-publish","format-standard","has-post-thumbnail","hentry","category-mercado","tag-acoes-ordinarias","tag-acoes-preferenciais","tag-oi-oibr3-oibr4"],"yoast_head":"<!-- This site is optimized with the Yoast SEO plugin v24.4 - https:\/\/yoast.com\/wordpress\/plugins\/seo\/ -->\n<title>OI (OIBR3): conselho aprova grupamento de a\u00e7\u00f5es; Veja os motivos!<\/title>\n<meta name=\"description\" content=\"O conselho de administra\u00e7\u00e3o da OI (OIBR3) aprovou o grupamento de a\u00e7\u00f5es. Veja os motivos da proposta da Oi e como vai funcionar.\" \/>\n<meta name=\"robots\" content=\"index, follow, max-snippet:-1, max-image-preview:large, max-video-preview:-1\" \/>\n<link rel=\"canonical\" href=\"https:\/\/www.suno.com.br\/noticias\/oi-oibr3-grupamento-acoes-2\/\" \/>\n<meta property=\"og:locale\" content=\"pt_BR\" \/>\n<meta property=\"og:type\" content=\"article\" \/>\n<meta property=\"og:title\" content=\"OI (OIBR3): conselho aprova grupamento de a\u00e7\u00f5es; Veja os motivos!\" \/>\n<meta property=\"og:description\" content=\"O conselho de administra\u00e7\u00e3o da OI (OIBR3) aprovou o grupamento de a\u00e7\u00f5es. Veja os motivos da proposta da Oi e como vai funcionar.\" \/>\n<meta property=\"og:url\" content=\"https:\/\/www.suno.com.br\/noticias\/oi-oibr3-grupamento-acoes-2\/\" \/>\n<meta property=\"og:site_name\" content=\"Suno Not\u00edcias\" \/>\n<meta property=\"article:publisher\" content=\"https:\/\/facebook.com\/sunoresearch\" \/>\n<meta property=\"og:image\" content=\"https:\/\/files.sunoresearch.com.br\/n\/uploads\/2022\/06\/Radar.-Oi-OIBR3-tem-processo-de-recuperacao-adiado-novamente-Banrisul-BRSR6-e-Romi-ROMI3-pagarao-R-1686-milhoes-em-JCP-Banco-do-Brasil-BBAS3-briga-com-FII-pela-reducao-do-aluguel-1.jpg\" \/>\n\t<meta property=\"og:image:width\" content=\"2000\" \/>\n\t<meta property=\"og:image:height\" content=\"1333\" \/>\n\t<meta property=\"og:image:type\" content=\"image\/jpeg\" \/>\n<meta name=\"author\" content=\"Jo\u00e3o Vitor\" \/>\n<meta name=\"twitter:card\" content=\"summary_large_image\" \/>\n<meta name=\"twitter:creator\" content=\"@sunoresearch\" \/>\n<meta name=\"twitter:site\" content=\"@sunoresearch\" \/>\n<meta name=\"twitter:label1\" content=\"Escrito por\" \/>\n\t<meta name=\"twitter:data1\" content=\"Jo\u00e3o Vitor\" \/>\n\t<meta name=\"twitter:label2\" content=\"Est. tempo de leitura\" \/>\n\t<meta name=\"twitter:data2\" content=\"3 minutos\" \/>\n<script type=\"application\/ld+json\" class=\"yoast-schema-graph\">{\"@context\":\"https:\/\/schema.org\",\"@graph\":[{\"@type\":\"NewsArticle\",\"@id\":\"https:\/\/www.suno.com.br\/noticias\/oi-oibr3-grupamento-acoes-2\/#article\",\"isPartOf\":{\"@id\":\"https:\/\/www.suno.com.br\/noticias\/oi-oibr3-grupamento-acoes-2\/\"},\"author\":{\"name\":\"Jo\u00e3o Vitor\",\"@id\":\"https:\/\/www.suno.com.br\/noticias\/#\/schema\/person\/87fc6973867c52dd884811905c43afba\"},\"headline\":\"Oi (OIBR3) prop\u00f5e grupamento de a\u00e7\u00f5es; veja o que deve mudar\",\"datePublished\":\"2022-10-18T00:10:48+00:00\",\"dateModified\":\"2022-10-18T01:48:29+00:00\",\"mainEntityOfPage\":{\"@id\":\"https:\/\/www.suno.com.br\/noticias\/oi-oibr3-grupamento-acoes-2\/\"},\"wordCount\":534,\"publisher\":{\"@id\":\"https:\/\/www.suno.com.br\/noticias\/#organization\"},\"image\":{\"@id\":\"https:\/\/www.suno.com.br\/noticias\/oi-oibr3-grupamento-acoes-2\/#primaryimage\"},\"thumbnailUrl\":\"https:\/\/files.sunoresearch.com.br\/n\/uploads\/2022\/06\/Radar.-Oi-OIBR3-tem-processo-de-recuperacao-adiado-novamente-Banrisul-BRSR6-e-Romi-ROMI3-pagarao-R-1686-milhoes-em-JCP-Banco-do-Brasil-BBAS3-briga-com-FII-pela-reducao-do-aluguel-1.jpg\",\"keywords\":[\"a\u00e7\u00f5es ordin\u00e1rias\",\"a\u00e7\u00f5es preferenciais\",\"Oi (OIBR3\/OIBR4)\"],\"articleSection\":[\"Mercado\"],\"inLanguage\":\"pt-BR\"},{\"@type\":\"WebPage\",\"@id\":\"https:\/\/www.suno.com.br\/noticias\/oi-oibr3-grupamento-acoes-2\/\",\"url\":\"https:\/\/www.suno.com.br\/noticias\/oi-oibr3-grupamento-acoes-2\/\",\"name\":\"OI (OIBR3): conselho aprova grupamento de a\u00e7\u00f5es; Veja os motivos!\",\"isPartOf\":{\"@id\":\"https:\/\/www.suno.com.br\/noticias\/#website\"},\"primaryImageOfPage\":{\"@id\":\"https:\/\/www.suno.com.br\/noticias\/oi-oibr3-grupamento-acoes-2\/#primaryimage\"},\"image\":{\"@id\":\"https:\/\/www.suno.com.br\/noticias\/oi-oibr3-grupamento-acoes-2\/#primaryimage\"},\"thumbnailUrl\":\"https:\/\/files.sunoresearch.com.br\/n\/uploads\/2022\/06\/Radar.-Oi-OIBR3-tem-processo-de-recuperacao-adiado-novamente-Banrisul-BRSR6-e-Romi-ROMI3-pagarao-R-1686-milhoes-em-JCP-Banco-do-Brasil-BBAS3-briga-com-FII-pela-reducao-do-aluguel-1.jpg\",\"datePublished\":\"2022-10-18T00:10:48+00:00\",\"dateModified\":\"2022-10-18T01:48:29+00:00\",\"description\":\"O conselho de administra\u00e7\u00e3o da OI (OIBR3) aprovou o grupamento de a\u00e7\u00f5es. Veja os motivos da proposta da Oi e como vai funcionar.\",\"breadcrumb\":{\"@id\":\"https:\/\/www.suno.com.br\/noticias\/oi-oibr3-grupamento-acoes-2\/#breadcrumb\"},\"inLanguage\":\"pt-BR\",\"potentialAction\":[{\"@type\":\"ReadAction\",\"target\":[\"https:\/\/www.suno.com.br\/noticias\/oi-oibr3-grupamento-acoes-2\/\"]}]},{\"@type\":\"ImageObject\",\"inLanguage\":\"pt-BR\",\"@id\":\"https:\/\/www.suno.com.br\/noticias\/oi-oibr3-grupamento-acoes-2\/#primaryimage\",\"url\":\"https:\/\/files.sunoresearch.com.br\/n\/uploads\/2022\/06\/Radar.-Oi-OIBR3-tem-processo-de-recuperacao-adiado-novamente-Banrisul-BRSR6-e-Romi-ROMI3-pagarao-R-1686-milhoes-em-JCP-Banco-do-Brasil-BBAS3-briga-com-FII-pela-reducao-do-aluguel-1.jpg\",\"contentUrl\":\"https:\/\/files.sunoresearch.com.br\/n\/uploads\/2022\/06\/Radar.-Oi-OIBR3-tem-processo-de-recuperacao-adiado-novamente-Banrisul-BRSR6-e-Romi-ROMI3-pagarao-R-1686-milhoes-em-JCP-Banco-do-Brasil-BBAS3-briga-com-FII-pela-reducao-do-aluguel-1.jpg\",\"width\":2000,\"height\":1333,\"caption\":\"Oi (OIBR3). Foto: Getty Images.\"},{\"@type\":\"BreadcrumbList\",\"@id\":\"https:\/\/www.suno.com.br\/noticias\/oi-oibr3-grupamento-acoes-2\/#breadcrumb\",\"itemListElement\":[{\"@type\":\"ListItem\",\"position\":1,\"name\":\"Not\u00edcias\",\"item\":\"https:\/\/www.suno.com.br\/noticias\/\"},{\"@type\":\"ListItem\",\"position\":2,\"name\":\"Mercado\",\"item\":\"https:\/\/www.suno.com.br\/noticias\/mercado\/\"},{\"@type\":\"ListItem\",\"position\":3,\"name\":\"Oi (OIBR3) prop\u00f5e grupamento de a\u00e7\u00f5es; veja o que deve mudar\"}]},{\"@type\":\"WebSite\",\"@id\":\"https:\/\/www.suno.com.br\/noticias\/#website\",\"url\":\"https:\/\/www.suno.com.br\/noticias\/\",\"name\":\"Suno Not\u00edcias\",\"description\":\"Seu portal de informa\u00e7\u00e3o sobre o mundo dos investimentos\",\"publisher\":{\"@id\":\"https:\/\/www.suno.com.br\/noticias\/#organization\"},\"potentialAction\":[{\"@type\":\"SearchAction\",\"target\":{\"@type\":\"EntryPoint\",\"urlTemplate\":\"https:\/\/www.suno.com.br\/noticias\/?s={search_term_string}\"},\"query-input\":{\"@type\":\"PropertyValueSpecification\",\"valueRequired\":true,\"valueName\":\"search_term_string\"}}],\"inLanguage\":\"pt-BR\"},{\"@type\":\"Organization\",\"@id\":\"https:\/\/www.suno.com.br\/noticias\/#organization\",\"name\":\"Suno Not\u00edcias\",\"url\":\"https:\/\/www.suno.com.br\/noticias\/\",\"logo\":{\"@type\":\"ImageObject\",\"inLanguage\":\"pt-BR\",\"@id\":\"https:\/\/www.suno.com.br\/noticias\/#\/schema\/logo\/image\/\",\"url\":\"https:\/\/files.sunoresearch.com.br\/n\/uploads\/2021\/09\/suno-logo.png\",\"contentUrl\":\"https:\/\/files.sunoresearch.com.br\/n\/uploads\/2021\/09\/suno-logo.png\",\"width\":180,\"height\":180,\"caption\":\"Suno Not\u00edcias\"},\"image\":{\"@id\":\"https:\/\/www.suno.com.br\/noticias\/#\/schema\/logo\/image\/\"},\"sameAs\":[\"https:\/\/facebook.com\/sunoresearch\",\"https:\/\/x.com\/sunoresearch\",\"https:\/\/www.instagram.com\/suno\",\"https:\/\/www.linkedin.com\/company\/suno-research\/\",\"https:\/\/www.youtube.com\/c\/sunoresearch\"]},{\"@type\":\"Person\",\"@id\":\"https:\/\/www.suno.com.br\/noticias\/#\/schema\/person\/87fc6973867c52dd884811905c43afba\",\"name\":\"Jo\u00e3o Vitor\",\"image\":{\"@type\":\"ImageObject\",\"inLanguage\":\"pt-BR\",\"@id\":\"https:\/\/www.suno.com.br\/noticias\/#\/schema\/person\/image\/\",\"url\":\"https:\/\/secure.gravatar.com\/avatar\/2843227ca03ccf8cc7ccca45204c127e?s=96&r=g\",\"contentUrl\":\"https:\/\/secure.gravatar.com\/avatar\/2843227ca03ccf8cc7ccca45204c127e?s=96&r=g\",\"caption\":\"Jo\u00e3o Vitor\"},\"description\":\"Redator profissional, com atua\u00e7\u00e3o no mercado editorial na produ\u00e7\u00e3o de not\u00edcias e conte\u00fados sobre o mercado de a\u00e7\u00f5es, fundos imobili\u00e1rios e economia popular. Graduando em Engenharia Qu\u00edmica pela Unesp, tamb\u00e9m j\u00e1 atuou como consultor financeiro.\",\"url\":\"https:\/\/www.suno.com.br\/noticias\/author\/joao-vitor-jacintho\/\"}]}<\/script>\n<!-- \/ Yoast SEO plugin. -->","yoast_head_json":{"title":"OI (OIBR3): conselho aprova grupamento de a\u00e7\u00f5es; Veja os motivos!","description":"O conselho de administra\u00e7\u00e3o da OI (OIBR3) aprovou o grupamento de a\u00e7\u00f5es. Veja os motivos da proposta da Oi e como vai funcionar.","robots":{"index":"index","follow":"follow","max-snippet":"max-snippet:-1","max-image-preview":"max-image-preview:large","max-video-preview":"max-video-preview:-1"},"canonical":"https:\/\/www.suno.com.br\/noticias\/oi-oibr3-grupamento-acoes-2\/","og_locale":"pt_BR","og_type":"article","og_title":"OI (OIBR3): conselho aprova grupamento de a\u00e7\u00f5es; Veja os motivos!","og_description":"O conselho de administra\u00e7\u00e3o da OI (OIBR3) aprovou o grupamento de a\u00e7\u00f5es. Veja os motivos da proposta da Oi e como vai funcionar.","og_url":"https:\/\/www.suno.com.br\/noticias\/oi-oibr3-grupamento-acoes-2\/","og_site_name":"Suno Not\u00edcias","article_publisher":"https:\/\/facebook.com\/sunoresearch","og_image":[{"width":2000,"height":1333,"url":"https:\/\/files.sunoresearch.com.br\/n\/uploads\/2022\/06\/Radar.-Oi-OIBR3-tem-processo-de-recuperacao-adiado-novamente-Banrisul-BRSR6-e-Romi-ROMI3-pagarao-R-1686-milhoes-em-JCP-Banco-do-Brasil-BBAS3-briga-com-FII-pela-reducao-do-aluguel-1.jpg","type":"image\/jpeg"}],"author":"Jo\u00e3o Vitor","twitter_card":"summary_large_image","twitter_creator":"@sunoresearch","twitter_site":"@sunoresearch","twitter_misc":{"Escrito por":"Jo\u00e3o Vitor","Est. tempo de leitura":"3 minutos"},"schema":{"@context":"https:\/\/schema.org","@graph":[{"@type":"NewsArticle","@id":"https:\/\/www.suno.com.br\/noticias\/oi-oibr3-grupamento-acoes-2\/#article","isPartOf":{"@id":"https:\/\/www.suno.com.br\/noticias\/oi-oibr3-grupamento-acoes-2\/"},"author":{"name":"Jo\u00e3o Vitor","@id":"https:\/\/www.suno.com.br\/noticias\/#\/schema\/person\/87fc6973867c52dd884811905c43afba"},"headline":"Oi (OIBR3) prop\u00f5e grupamento de a\u00e7\u00f5es; veja o que deve mudar","datePublished":"2022-10-18T00:10:48+00:00","dateModified":"2022-10-18T01:48:29+00:00","mainEntityOfPage":{"@id":"https:\/\/www.suno.com.br\/noticias\/oi-oibr3-grupamento-acoes-2\/"},"wordCount":534,"publisher":{"@id":"https:\/\/www.suno.com.br\/noticias\/#organization"},"image":{"@id":"https:\/\/www.suno.com.br\/noticias\/oi-oibr3-grupamento-acoes-2\/#primaryimage"},"thumbnailUrl":"https:\/\/files.sunoresearch.com.br\/n\/uploads\/2022\/06\/Radar.-Oi-OIBR3-tem-processo-de-recuperacao-adiado-novamente-Banrisul-BRSR6-e-Romi-ROMI3-pagarao-R-1686-milhoes-em-JCP-Banco-do-Brasil-BBAS3-briga-com-FII-pela-reducao-do-aluguel-1.jpg","keywords":["a\u00e7\u00f5es ordin\u00e1rias","a\u00e7\u00f5es preferenciais","Oi (OIBR3\/OIBR4)"],"articleSection":["Mercado"],"inLanguage":"pt-BR"},{"@type":"WebPage","@id":"https:\/\/www.suno.com.br\/noticias\/oi-oibr3-grupamento-acoes-2\/","url":"https:\/\/www.suno.com.br\/noticias\/oi-oibr3-grupamento-acoes-2\/","name":"OI (OIBR3): conselho aprova grupamento de a\u00e7\u00f5es; Veja os motivos!","isPartOf":{"@id":"https:\/\/www.suno.com.br\/noticias\/#website"},"primaryImageOfPage":{"@id":"https:\/\/www.suno.com.br\/noticias\/oi-oibr3-grupamento-acoes-2\/#primaryimage"},"image":{"@id":"https:\/\/www.suno.com.br\/noticias\/oi-oibr3-grupamento-acoes-2\/#primaryimage"},"thumbnailUrl":"https:\/\/files.sunoresearch.com.br\/n\/uploads\/2022\/06\/Radar.-Oi-OIBR3-tem-processo-de-recuperacao-adiado-novamente-Banrisul-BRSR6-e-Romi-ROMI3-pagarao-R-1686-milhoes-em-JCP-Banco-do-Brasil-BBAS3-briga-com-FII-pela-reducao-do-aluguel-1.jpg","datePublished":"2022-10-18T00:10:48+00:00","dateModified":"2022-10-18T01:48:29+00:00","description":"O conselho de administra\u00e7\u00e3o da OI (OIBR3) aprovou o grupamento de a\u00e7\u00f5es. Veja os motivos da proposta da Oi e como vai funcionar.","breadcrumb":{"@id":"https:\/\/www.suno.com.br\/noticias\/oi-oibr3-grupamento-acoes-2\/#breadcrumb"},"inLanguage":"pt-BR","potentialAction":[{"@type":"ReadAction","target":["https:\/\/www.suno.com.br\/noticias\/oi-oibr3-grupamento-acoes-2\/"]}]},{"@type":"ImageObject","inLanguage":"pt-BR","@id":"https:\/\/www.suno.com.br\/noticias\/oi-oibr3-grupamento-acoes-2\/#primaryimage","url":"https:\/\/files.sunoresearch.com.br\/n\/uploads\/2022\/06\/Radar.-Oi-OIBR3-tem-processo-de-recuperacao-adiado-novamente-Banrisul-BRSR6-e-Romi-ROMI3-pagarao-R-1686-milhoes-em-JCP-Banco-do-Brasil-BBAS3-briga-com-FII-pela-reducao-do-aluguel-1.jpg","contentUrl":"https:\/\/files.sunoresearch.com.br\/n\/uploads\/2022\/06\/Radar.-Oi-OIBR3-tem-processo-de-recuperacao-adiado-novamente-Banrisul-BRSR6-e-Romi-ROMI3-pagarao-R-1686-milhoes-em-JCP-Banco-do-Brasil-BBAS3-briga-com-FII-pela-reducao-do-aluguel-1.jpg","width":2000,"height":1333,"caption":"Oi (OIBR3). Foto: Getty Images."},{"@type":"BreadcrumbList","@id":"https:\/\/www.suno.com.br\/noticias\/oi-oibr3-grupamento-acoes-2\/#breadcrumb","itemListElement":[{"@type":"ListItem","position":1,"name":"Not\u00edcias","item":"https:\/\/www.suno.com.br\/noticias\/"},{"@type":"ListItem","position":2,"name":"Mercado","item":"https:\/\/www.suno.com.br\/noticias\/mercado\/"},{"@type":"ListItem","position":3,"name":"Oi (OIBR3) prop\u00f5e grupamento de a\u00e7\u00f5es; veja o que deve mudar"}]},{"@type":"WebSite","@id":"https:\/\/www.suno.com.br\/noticias\/#website","url":"https:\/\/www.suno.com.br\/noticias\/","name":"Suno Not\u00edcias","description":"Seu portal de informa\u00e7\u00e3o sobre o mundo dos investimentos","publisher":{"@id":"https:\/\/www.suno.com.br\/noticias\/#organization"},"potentialAction":[{"@type":"SearchAction","target":{"@type":"EntryPoint","urlTemplate":"https:\/\/www.suno.com.br\/noticias\/?s={search_term_string}"},"query-input":{"@type":"PropertyValueSpecification","valueRequired":true,"valueName":"search_term_string"}}],"inLanguage":"pt-BR"},{"@type":"Organization","@id":"https:\/\/www.suno.com.br\/noticias\/#organization","name":"Suno Not\u00edcias","url":"https:\/\/www.suno.com.br\/noticias\/","logo":{"@type":"ImageObject","inLanguage":"pt-BR","@id":"https:\/\/www.suno.com.br\/noticias\/#\/schema\/logo\/image\/","url":"https:\/\/files.sunoresearch.com.br\/n\/uploads\/2021\/09\/suno-logo.png","contentUrl":"https:\/\/files.sunoresearch.com.br\/n\/uploads\/2021\/09\/suno-logo.png","width":180,"height":180,"caption":"Suno Not\u00edcias"},"image":{"@id":"https:\/\/www.suno.com.br\/noticias\/#\/schema\/logo\/image\/"},"sameAs":["https:\/\/facebook.com\/sunoresearch","https:\/\/x.com\/sunoresearch","https:\/\/www.instagram.com\/suno","https:\/\/www.linkedin.com\/company\/suno-research\/","https:\/\/www.youtube.com\/c\/sunoresearch"]},{"@type":"Person","@id":"https:\/\/www.suno.com.br\/noticias\/#\/schema\/person\/87fc6973867c52dd884811905c43afba","name":"Jo\u00e3o Vitor","image":{"@type":"ImageObject","inLanguage":"pt-BR","@id":"https:\/\/www.suno.com.br\/noticias\/#\/schema\/person\/image\/","url":"https:\/\/secure.gravatar.com\/avatar\/2843227ca03ccf8cc7ccca45204c127e?s=96&r=g","contentUrl":"https:\/\/secure.gravatar.com\/avatar\/2843227ca03ccf8cc7ccca45204c127e?s=96&r=g","caption":"Jo\u00e3o Vitor"},"description":"Redator profissional, com atua\u00e7\u00e3o no mercado editorial na produ\u00e7\u00e3o de not\u00edcias e conte\u00fados sobre o mercado de a\u00e7\u00f5es, fundos imobili\u00e1rios e economia popular. Graduando em Engenharia Qu\u00edmica pela Unesp, tamb\u00e9m j\u00e1 atuou como consultor financeiro.","url":"https:\/\/www.suno.com.br\/noticias\/author\/joao-vitor-jacintho\/"}]}},"default_loop_html":"<div class=\"cardsPage__listCard__boxs\"><div class=\"cardsPage__listCard__boxs__img\"><a href=\"https:\/\/www.suno.com.br\/noticias\/oi-oibr3-grupamento-acoes-2\/\"><img class=\"mask\" src=\"https:\/\/www.suno.com.br\/noticias\/wp-content\/themes\/suno\/resources\/images\/spotlight\/spotlight1img\/bg-mask.png\" alt=\"Image Mask\"\/><img src=\"https:\/\/files.sunoresearch.com.br\/n\/uploads\/2022\/06\/Radar.-Oi-OIBR3-tem-processo-de-recuperacao-adiado-novamente-Banrisul-BRSR6-e-Romi-ROMI3-pagarao-R-1686-milhoes-em-JCP-Banco-do-Brasil-BBAS3-briga-com-FII-pela-reducao-do-aluguel-1-400x200.jpg\" alt=\"Oi (OIBR3) prop\u00f5e grupamento de a\u00e7\u00f5es; veja o que deve mudar\"\/><\/a><span class=\"spotlightCategory\"><a href=\"https:\/\/www.suno.com.br\/noticias\/mercado\/\">Mercado<\/a><\/span><\/div><div class=\"cardsPage__listCard__boxs__content\"><a href=\"https:\/\/www.suno.com.br\/noticias\/oi-oibr3-grupamento-acoes-2\/\"><h2 class=\"content__title\">Oi (OIBR3) prop\u00f5e grupamento de a\u00e7\u00f5es; veja o que deve mudar<\/h2><\/a><div class=\"newsContent__article__meta\"><div class=\"newsContent__article__meta__authorBox\"><a href=\"https:\/\/www.suno.com.br\/noticias\/author\/joao-vitor-jacintho\/\" class=\"authorBox__avatar noMobi\"><img src=\"https:\/\/secure.gravatar.com\/avatar\/2843227ca03ccf8cc7ccca45204c127e?s=96&#038;r=g\" alt=\"Jo\u00e3o Vitor Jacintho\"><\/a><div class=\"authorBox__name\"><span>por\n\t\t\t<a href=\"https:\/\/www.suno.com.br\/noticias\/author\/joao-vitor-jacintho\/\"><span itemprop=\"author\">Jo\u00e3o Vitor Jacintho<\/span><\/a><\/span><time datetime=\"2022-10-17T21:10:48-03:00\" itemprop=\"datePublished\">17\/10\/2022 21:10<\/time><\/div><\/div><\/div><\/div><\/div>","single_layout":"posts","amp_enabled":true,"_links":{"self":[{"href":"https:\/\/www.suno.com.br\/noticias\/wp-json\/wp\/v2\/posts\/309235"}],"collection":[{"href":"https:\/\/www.suno.com.br\/noticias\/wp-json\/wp\/v2\/posts"}],"about":[{"href":"https:\/\/www.suno.com.br\/noticias\/wp-json\/wp\/v2\/types\/post"}],"author":[{"embeddable":true,"href":"https:\/\/www.suno.com.br\/noticias\/wp-json\/wp\/v2\/users\/173"}],"replies":[{"embeddable":true,"href":"https:\/\/www.suno.com.br\/noticias\/wp-json\/wp\/v2\/comments?post=309235"}],"version-history":[{"count":3,"href":"https:\/\/www.suno.com.br\/noticias\/wp-json\/wp\/v2\/posts\/309235\/revisions"}],"predecessor-version":[{"id":309258,"href":"https:\/\/www.suno.com.br\/noticias\/wp-json\/wp\/v2\/posts\/309235\/revisions\/309258"}],"wp:featuredmedia":[{"embeddable":true,"href":"https:\/\/www.suno.com.br\/noticias\/wp-json\/wp\/v2\/media\/265652"}],"wp:attachment":[{"href":"https:\/\/www.suno.com.br\/noticias\/wp-json\/wp\/v2\/media?parent=309235"}],"wp:term":[{"taxonomy":"category","embeddable":true,"href":"https:\/\/www.suno.com.br\/noticias\/wp-json\/wp\/v2\/categories?post=309235"},{"taxonomy":"post_tag","embeddable":true,"href":"https:\/\/www.suno.com.br\/noticias\/wp-json\/wp\/v2\/tags?post=309235"},{"taxonomy":"suno_strategy","embeddable":true,"href":"https:\/\/www.suno.com.br\/noticias\/wp-json\/wp\/v2\/suno_strategy?post=309235"}],"curies":[{"name":"wp","href":"https:\/\/api.w.org\/{rel}","templated":true}]}}