{"id":308968,"date":"2022-10-17T09:39:42","date_gmt":"2022-10-17T12:39:42","guid":{"rendered":"https:\/\/www.suno.com.br\/noticias\/?p=308968"},"modified":"2022-10-17T09:39:42","modified_gmt":"2022-10-17T12:39:42","slug":"oi-oibr3-irb-irbr3-embraer-embr3-destaques","status":"publish","type":"post","link":"https:\/\/www.suno.com.br\/noticias\/oi-oibr3-irb-irbr3-embraer-embr3-destaques\/","title":{"rendered":"Oi (OIBR3), IRB (IRBR3) e Embraer (EMBR3) agitam o mercado financeiro"},"content":{"rendered":"<p>Entre os principais <strong>destaques do <a class=\"suno-keyword\" href=\"https:\/\/www.suno.com.br\/guias\/mercado-financeiro\/\" target=\"_blank\" rel=\"noopener\" data-force=\"no\" data-priority=\"2\">mercado financeiro<\/a><\/strong> de hoje (17) est\u00e1 a <strong>Oi<\/strong> (OIBR3), que anunciou ajuste bilion\u00e1rio no valor final de venda de unidade de fibra \u00f3tica para o BTG.<\/p><div class=\"videoFull videoFull--noRadius\">\n\t\t\t<div class=\"videoWrapper yt-lazyload center\"\n\t\t\t\tdata-width=\"960\"\n\t\t\t\tdata-height=\"540\"\n\t\t\t\tdata-id=\"ZR4tnHCAxCs\"\n\t\t\t\tdata-alt=\"IBC-Br, \u201cpr\u00e9via do PIB\u201d e Boletim Focus; Saiba mais!\"\n\t\t\t\tdata-logo=\"3\"\n\t\t\t\tdata-imagequality=\"maxres\">\n\t\t\t<\/div>\n\t\t<\/div><span class=\"videoFull__caption videoFull__caption--show\">IBC-Br, \u201cpr\u00e9via do PIB\u201d e Boletim Focus; Saiba mais!<p><\/p><\/span><script type=\"application\/ld+json\">{\"@context\":\"https:\/\/schema.org\",\"@type\":\"VideoObject\",\"name\":\"IBC-Br, \u201cpr\u00e9via do PIB\u201d |  Mais bombardeios na Ucr\u00e2nia | Debate presidencial | Boletim Focus\",\"description\":\"IBC-Br, \u201cpr\u00e9via do PIB\u201d | Mais bombardeios em Kiev, na Ucr\u00e2nia | Debate presidencial | Boletim Focus | MORNING CALL | SUNO Not\u00edcias #morningcall #Not\u00edcias #kiev #ucr\u00e2nia #guerranaucr\u00e2nia #brasil #elei\u00e7\u00f5es2022 #elei\u00e7\u00f5es #lula #bolsonaro #bolsadevalores #boletimfocus \ud835\udc08\ud835\udc0d\ud835\udc12\ud835\udc02\ud835\udc11\ud835\udc04\ud835\udc15\ud835\udc00-\ud835\udc12\ud835\udc04 \ud835\udc0d\ud835\udc0e \ud835\udc02\ud835\udc00\ud835\udc0d\ud835\udc00\ud835\udc0b \ud835\udc04 \ud835\udc00\ud835\udc13\ud835\udc08\ud835\udc15\ud835\udc04 \ud835\udc0e \ud835\udc12\ud835\udc08\ud835\udc0d\ud835\udc0e \ud83d\udc47 https:\/\/bit.ly\/INSCREVA-SEATIVEOSINO \ud83d\udcda \ud83d\udcb8\ud835\udc02\ud835\udc28\ud835\udc27\ud835\udc2c\ud835\udc2d\ud835\udc2b\ud835\udc2e\ud835\udc1a \ud835\udc2e\ud835\udc26\ud835\udc1a \ud835\udc1c\ud835\udc1a\ud835\udc2b\ud835\udc2d\ud835\udc1e\ud835\udc22\ud835\udc2b\ud835\udc1a \ud835\udc1c\ud835\udc1a\ud835\udc26\ud835\udc29\ud835\udc1e\u00e3 \ud835\udc2e\ud835\udc2c\ud835\udc1a\ud835\udc27\ud835\udc1d\ud835\udc28 \ud835\udc1a\ud835\udc2c \ud835\udc2d\u00e1\ud835\udc2d\ud835\udc22\ud835\udc1c\ud835\udc1a\ud835\udc2c \ud835\udc1d\ud835\udc1a \ud835\udc12\ud835\udc2e\ud835\udc27\ud835\udc28 \ud835\udc1e\u2026\",\"duration\":\"PT38M28S\",\"embedUrl\":\"https:\/\/www.youtube.com\/embed\/ZR4tnHCAxCs\",\"regionsAllowed\":\"pt-BR\",\"interactionStatistic\":{\"@type\":\"InteractionCounter\",\"interactionType\":{\"@type\":\"WatchAction\"},\"userInteractionCount\":2193},\"thumbnailUrl\":\"https:\/\/i.ytimg.com\/vi\/ZR4tnHCAxCs\/default.jpg\",\"uploadDate\":\"2022-10-17T12:44:32Z\"}<\/script>\n\n\t<p>\n\t\t<a href=\"\" target=\"_blank\" data-element=\"shortcode-suno-banner\" title=\"Banner SUNO, clique e saiba mais\">\n\t\t\t<picture>\n\t\t\t\t<source media=\"(max-width: 500px)\" srcset=\"\">\n\t\t\t\t<img class=\"newsContent__article__imgCapa newsContent__article__imgCapa--banner\"\n\t\t\t\t\tsrc=\"\"\n\t\t\t\t\tdata-promo-id=\"138420\"\t\t\t\t\t\t\t\t\t\t\t\t\t\t\talt=\"\"\n\t\t\t\t>\n\t\t\t<\/picture>\n\t\t<\/a>\n\t<\/p>\n\n\n<p>Al\u00e9m da Oi, outra companhia que est\u00e1 no radar dos investidores \u00e9 o <strong><a class=\"suno-keyword\" href=\"https:\/\/www.suno.com.br\/acoes\/IRBR3\/\" target=\"_blank\" rel=\"noopener\" data-force=\"yes\" data-priority=\"2\">IRB Brasil (IRBR3)<\/a><\/strong>, que afirmou n\u00e3o ter recebido intima\u00e7\u00e3o sobre a\u00e7\u00e3o movida pelo IBRACI, em resposta \u00e0 not\u00edcia veiculada na imprensa.<\/p>\n<p>Outro destaque do mercado financeiro \u00e9 a<strong> <a class=\"suno-keyword\" href=\"https:\/\/www.suno.com.br\/acoes\/EMBR3\/\" target=\"_blank\" rel=\"noopener\" data-force=\"yes\" data-priority=\"2\">Embraer (EMBR3)<\/a><\/strong>. A BlackRock alienou a\u00e7\u00f5es da companhia, passando a ter participa\u00e7\u00e3o societ\u00e1ria de 4,971%.<\/p>\n\t<div data-element=\"shortcode-read-more\" class=\"knowMore\">\n\t\t\t\t<span class=\"knowMore__title\">Leia mais:<\/span>\n\t\t\t\t<a class=\"knowMore__link\" href=\"https:\/\/www.suno.com.br\/noticias\/fleury-flry3-aumento-capital\/\">\n\t\t\tFleury (FLRY3) far\u00e1 aumento de capital de at\u00e9 R$ 1,2 bilh\u00e3o\t\t<\/a>\n\t<\/div>\n\n\n<p>Veja os destaques do mercado financeiro de hoje (17).<\/p>\n<h2>Oi anuncia ajuste bilion\u00e1rio no valor final de venda de unidade de fibra \u00f3tica para o BTG<\/h2>\n<p>A Oi anunciou que o valor final de venda de unidade de fibra \u00f3tica realizada para o <strong>BTG<\/strong> passou por um ajuste bilion\u00e1rio.<\/p>\n<p>O valor final do ajuste Lock-Box totalizou R$ 1,4 bilh\u00e3o para o per\u00edodo entre 1\u00ba de janeiro de 2022 e 9 de junho de 2022, n\u00e3o apresentando, dessa forma, varia\u00e7\u00f5es materiais em rela\u00e7\u00e3o ao estimado pelas partes no fechamento da opera\u00e7\u00e3o.<\/p>\n<p>A posi\u00e7\u00e3o de <strong>caixa da Oi<\/strong> divulgada ao mercado para o 2\u00ba trimestre de 2022 j\u00e1 refletia em grande parte esse ajuste, de modo que o aporte da diferen\u00e7a entre o valor estimado e o valor apurado n\u00e3o vai trazer impactos materiais futuros no caixa da companhia em rela\u00e7\u00e3o aos valores j\u00e1 divulgados.<\/p>\n<p>A Oi ainda vai poder revisar as informa\u00e7\u00f5es e demonstrativos de c\u00e1lculo apresentados nos pr\u00f3ximos 90 dias, informando se concorda ou discorda da notifica\u00e7\u00e3o de ajuste Lock-Box.<\/p>\n<h2>IRB diz que n\u00e3o recebeu intima\u00e7\u00e3o sobre a\u00e7\u00e3o movida pelo IBRACI<\/h2>\n<p>O IRB Brasil esclareceu que n\u00e3o recebeu at\u00e9 o momento intima\u00e7\u00e3o ou cita\u00e7\u00e3o sobre a a\u00e7\u00e3o civil p\u00fablica movida pelo Instituto Brasileiro de Cidadania (IBRACI).<\/p>\n<p>Os esclarecimentos do IRB acontecem em resposta a um of\u00edcio enviado pela <a class=\"suno-keyword\" href=\"https:\/\/www.suno.com.br\/artigos\/cvm\/\" target=\"_blank\" rel=\"noopener\" data-force=\"no\" data-priority=\"2\">Comiss\u00e3o de Valores Mobili\u00e1rios (CVM)<\/a>, solicitando explica\u00e7\u00f5es a respeito da veracidade de uma not\u00edcia publicada na imprensa.<\/p>\n\t<p>\n\t\t<a href=\"https:\/\/lp.suno.com.br\/planilha-controle-gastos\/\" target=\"_blank\" data-element=\"shortcode-suno-banner\" title=\"Banner SUNO, clique e saiba mais\">\n\t\t\t<picture>\n\t\t\t\t<source media=\"(max-width: 500px)\" srcset=\"https:\/\/files.sunoresearch.com.br\/n\/uploads\/2023\/03\/400x300-Planilha-controle-de-gastos.png\">\n\t\t\t\t<img class=\"newsContent__article__imgCapa newsContent__article__imgCapa--banner\"\n\t\t\t\t\tsrc=\"https:\/\/files.sunoresearch.com.br\/n\/uploads\/2023\/03\/1420x240-Planilha-controle-de-gastos.png\"\n\t\t\t\t\tdata-promo-id=\"101751\"\t\t\t\t\t\t\t\t\t\twidth='1420' height='240'\t\t\t\t\talt=\"https:\/\/files.sunoresearch.com.br\/n\/uploads\/2023\/03\/1420x240-Planilha-controle-de-gastos.png\"\n\t\t\t\t>\n\t\t\t<\/picture>\n\t\t<\/a>\n\t<\/p>\n\n\n<p>Na \u00faltima quinta-feira (13), o portal Infomoney publicou uma mat\u00e9ria dizendo que a justi\u00e7a teria dado cinco dias \u00fateis para o IRB Brasil se manifestar em uma a\u00e7\u00e3o civil p\u00fablica movida contra a empresa pelos preju\u00edzos causados aos seus acionistas, em meio a forte queda no pre\u00e7o das a\u00e7\u00f5es ocorrida depois da revela\u00e7\u00e3o de uma s\u00e9rie de fraudes em 2020.<\/p>\n<p>A not\u00edcia tamb\u00e9m havia destacado que a ju\u00edza Maria Cristina de Brito Lima teria determinado que fosse publicado um edital de chamamento, para que <strong>investidores do IRB Brasil<\/strong> que se sentiram lesados pudessem compor a a\u00e7\u00e3o.<\/p>\n<h2>BlackRock aliena a\u00e7\u00f5es da Embraer, passando a ter participa\u00e7\u00e3o societ\u00e1ria de 4,971%<\/h2>\n<p>A BlackRock alienou <a class=\"suno-keyword\" href=\"https:\/\/www.suno.com.br\/artigos\/o-que-sao-acoes-ordinarias-preferenciais-e-units\/\" target=\"_blank\" rel=\"noopener\" data-force=\"no\" data-priority=\"1\">a\u00e7\u00f5es ordin\u00e1rias<\/a> emitidas pela Embraer. At\u00e9 11 de outubro de 2022, as participa\u00e7\u00f5es da gestora, de forma agregada, passaram a ser de 32.777.476 a\u00e7\u00f5es ordin\u00e1rias e 1.008.776 American Depositary Receipts (ADRs), representativos de 4.035.104 a\u00e7\u00f5es ordin\u00e1rias, totalizando 36.812.580 a\u00e7\u00f5es desta categoria.<\/p>\n<p>Com isso, a <strong>BlackRock<\/strong> passou a ter uma participa\u00e7\u00e3o de aproximadamente 4,971% do total de a\u00e7\u00f5es ordin\u00e1rias de emiss\u00e3o da Embraer.<\/p>\n<p>Al\u00e9m disso, a gestora det\u00e9m 3.192.300 <a class=\"suno-keyword\" href=\"https:\/\/www.suno.com.br\/artigos\/instrumentos-financeiros\/\" target=\"_blank\" rel=\"noopener\" data-force=\"no\" data-priority=\"1\">instrumentos financeiros<\/a> derivativos referenciados em a\u00e7\u00f5es ordin\u00e1rias da Embraer com <a class=\"suno-keyword\" href=\"https:\/\/www.suno.com.br\/artigos\/liquidacao-financeira\/\" target=\"_blank\" rel=\"noopener\" data-force=\"no\" data-priority=\"1\">liquida\u00e7\u00e3o financeira<\/a>, que representam cerca de 0,431% do total de a\u00e7\u00f5es ordin\u00e1rias emitidas pela companhia.<\/p>\n<p>O objetivo das participa\u00e7\u00f5es societ\u00e1rias da BlackRock nas <strong>a\u00e7\u00f5es da Embraer<\/strong> \u00e9 estritamente de investimento. Por isso, ela n\u00e3o pretende alterar o <a class=\"suno-keyword\" href=\"https:\/\/www.suno.com.br\/artigos\/controle-acionario\/\" target=\"_blank\" rel=\"noopener\" data-force=\"no\" data-priority=\"1\">controle acion\u00e1rio<\/a> ou a estrutura administrativa da empresa.<\/p>\n<p>Al\u00e9m disso, a BlackRock n\u00e3o celebrou nenhum contrato ou acordo que pudesse regular o exerc\u00edcio de direito de voto ou a compra e venda de valores mobili\u00e1rios emitidos pela Embraer.<\/p>\n<p>Assim, <strong>Oi<\/strong>, IRB e Embraer s\u00e3o os principais destaques do mercado financeiro do SUNO Not\u00edcias, que informa diariamente os acontecimentos mais relevantes do dia.<\/p>\n\t<p>\n\t\t<a href=\"https:\/\/lp.suno.com.br\/planilha-da-vida-financeira\/\" target=\"_blank\" data-element=\"shortcode-suno-banner\" title=\"Banner SUNO, clique e saiba mais\">\n\t\t\t<picture>\n\t\t\t\t<source media=\"(max-width: 500px)\" srcset=\"https:\/\/files.sunoresearch.com.br\/n\/uploads\/2023\/04\/400x300-Planilha-vida-financeira-true.png\">\n\t\t\t\t<img class=\"newsContent__article__imgCapa newsContent__article__imgCapa--banner\"\n\t\t\t\t\tsrc=\"https:\/\/files.sunoresearch.com.br\/n\/uploads\/2023\/04\/1420x240-Planilha-vida-financeira-true.png\"\n\t\t\t\t\tdata-promo-id=\"106682\"\t\t\t\t\t\t\t\t\t\twidth='1420' height='240'\t\t\t\t\talt=\"https:\/\/files.sunoresearch.com.br\/n\/uploads\/2023\/04\/1420x240-Planilha-vida-financeira-true.png\"\n\t\t\t\t>\n\t\t\t<\/picture>\n\t\t<\/a>\n\t<\/p>\n\n\n","protected":false},"excerpt":{"rendered":"<p>Entre os principais destaques do mercado financeiro de hoje (17) est\u00e1 a Oi (OIBR3), que anunciou ajuste bilion\u00e1rio no valor final de venda de unidade de fibra \u00f3tica para o BTG. IBC-Br, \u201cpr\u00e9via do PIB\u201d e Boletim Focus; Saiba mais! Al\u00e9m da Oi, outra companhia que est\u00e1 no radar dos investidores \u00e9 o IRB Brasil [&hellip;]<\/p>\n","protected":false},"author":173,"featured_media":263519,"comment_status":"closed","ping_status":"closed","sticky":false,"template":"","format":"standard","meta":[],"categories":[60],"tags":[1332,104831,460,1813,584],"suno_strategy":[],"class_list":["post-308968","post","type-post","status-publish","format-standard","has-post-thumbnail","hentry","category-mercado","tag-blackrock-blak34","tag-destaques-de-empresas","tag-embraer-embr3","tag-irb-brasil-irbr3","tag-oi-oibr3-oibr4"],"yoast_head":"<!-- This site is optimized with the Yoast SEO plugin v24.4 - https:\/\/yoast.com\/wordpress\/plugins\/seo\/ -->\n<title>Oi (OIBR3), IRB (IRBR3) e Embraer (EMBR3) agitam o mercado financeiro<\/title>\n<meta name=\"description\" content=\"Oi (OIBR3), IRB (IRBR3) e Embraer (EMBR3) agitaram o mercado financeiro desta segunda-feira (17). Veja as not\u00edcias mais relevantes do dia.\" \/>\n<meta name=\"robots\" content=\"index, follow, max-snippet:-1, max-image-preview:large, max-video-preview:-1\" \/>\n<link rel=\"canonical\" href=\"https:\/\/www.suno.com.br\/noticias\/oi-oibr3-irb-irbr3-embraer-embr3-destaques\/\" \/>\n<meta property=\"og:locale\" content=\"pt_BR\" \/>\n<meta property=\"og:type\" content=\"article\" \/>\n<meta property=\"og:title\" content=\"Oi (OIBR3), IRB (IRBR3) e Embraer (EMBR3) agitam o mercado financeiro\" \/>\n<meta property=\"og:description\" content=\"Oi (OIBR3), IRB (IRBR3) e Embraer (EMBR3) agitaram o mercado financeiro desta segunda-feira (17). Veja as not\u00edcias mais relevantes do dia.\" \/>\n<meta property=\"og:url\" content=\"https:\/\/www.suno.com.br\/noticias\/oi-oibr3-irb-irbr3-embraer-embr3-destaques\/\" \/>\n<meta property=\"og:site_name\" content=\"Suno Not\u00edcias\" \/>\n<meta property=\"article:publisher\" content=\"https:\/\/facebook.com\/sunoresearch\" \/>\n<meta property=\"og:image\" content=\"https:\/\/files.sunoresearch.com.br\/n\/uploads\/2022\/06\/Radar.-Renegociacao-de-dividas-da-Oi-impacto-da-Petrobras-PETR4-na-escassez-de-combustiveis-Eneva-ENEV3-compra-a-Celsepar-por-R-61-bi-scaled.jpg\" \/>\n\t<meta property=\"og:image:width\" content=\"2560\" \/>\n\t<meta property=\"og:image:height\" content=\"1920\" \/>\n\t<meta property=\"og:image:type\" content=\"image\/jpeg\" \/>\n<meta name=\"author\" content=\"Jo\u00e3o Vitor\" \/>\n<meta name=\"twitter:card\" content=\"summary_large_image\" \/>\n<meta name=\"twitter:creator\" content=\"@sunoresearch\" \/>\n<meta name=\"twitter:site\" content=\"@sunoresearch\" \/>\n<meta name=\"twitter:label1\" content=\"Escrito por\" \/>\n\t<meta name=\"twitter:data1\" content=\"Jo\u00e3o Vitor\" \/>\n\t<meta name=\"twitter:label2\" content=\"Est. tempo de leitura\" \/>\n\t<meta name=\"twitter:data2\" content=\"4 minutos\" \/>\n<script type=\"application\/ld+json\" class=\"yoast-schema-graph\">{\"@context\":\"https:\/\/schema.org\",\"@graph\":[{\"@type\":\"NewsArticle\",\"@id\":\"https:\/\/www.suno.com.br\/noticias\/oi-oibr3-irb-irbr3-embraer-embr3-destaques\/#article\",\"isPartOf\":{\"@id\":\"https:\/\/www.suno.com.br\/noticias\/oi-oibr3-irb-irbr3-embraer-embr3-destaques\/\"},\"author\":{\"name\":\"Jo\u00e3o Vitor\",\"@id\":\"https:\/\/www.suno.com.br\/noticias\/#\/schema\/person\/87fc6973867c52dd884811905c43afba\"},\"headline\":\"Oi (OIBR3), IRB (IRBR3) e Embraer (EMBR3) agitam o mercado financeiro\",\"datePublished\":\"2022-10-17T12:39:42+00:00\",\"mainEntityOfPage\":{\"@id\":\"https:\/\/www.suno.com.br\/noticias\/oi-oibr3-irb-irbr3-embraer-embr3-destaques\/\"},\"wordCount\":694,\"publisher\":{\"@id\":\"https:\/\/www.suno.com.br\/noticias\/#organization\"},\"image\":{\"@id\":\"https:\/\/www.suno.com.br\/noticias\/oi-oibr3-irb-irbr3-embraer-embr3-destaques\/#primaryimage\"},\"thumbnailUrl\":\"https:\/\/files.sunoresearch.com.br\/n\/uploads\/2022\/06\/Radar.-Renegociacao-de-dividas-da-Oi-impacto-da-Petrobras-PETR4-na-escassez-de-combustiveis-Eneva-ENEV3-compra-a-Celsepar-por-R-61-bi-scaled.jpg\",\"keywords\":[\"Blackrock (BLAK34)\",\"destaques de empresas\",\"Embraer (EMBR3)\",\"IRB Brasil (IRBR3)\",\"Oi (OIBR3\/OIBR4)\"],\"articleSection\":[\"Mercado\"],\"inLanguage\":\"pt-BR\"},{\"@type\":\"WebPage\",\"@id\":\"https:\/\/www.suno.com.br\/noticias\/oi-oibr3-irb-irbr3-embraer-embr3-destaques\/\",\"url\":\"https:\/\/www.suno.com.br\/noticias\/oi-oibr3-irb-irbr3-embraer-embr3-destaques\/\",\"name\":\"Oi (OIBR3), IRB (IRBR3) e Embraer (EMBR3) agitam o mercado financeiro\",\"isPartOf\":{\"@id\":\"https:\/\/www.suno.com.br\/noticias\/#website\"},\"primaryImageOfPage\":{\"@id\":\"https:\/\/www.suno.com.br\/noticias\/oi-oibr3-irb-irbr3-embraer-embr3-destaques\/#primaryimage\"},\"image\":{\"@id\":\"https:\/\/www.suno.com.br\/noticias\/oi-oibr3-irb-irbr3-embraer-embr3-destaques\/#primaryimage\"},\"thumbnailUrl\":\"https:\/\/files.sunoresearch.com.br\/n\/uploads\/2022\/06\/Radar.-Renegociacao-de-dividas-da-Oi-impacto-da-Petrobras-PETR4-na-escassez-de-combustiveis-Eneva-ENEV3-compra-a-Celsepar-por-R-61-bi-scaled.jpg\",\"datePublished\":\"2022-10-17T12:39:42+00:00\",\"description\":\"Oi (OIBR3), IRB (IRBR3) e Embraer (EMBR3) agitaram o mercado financeiro desta segunda-feira (17). Veja as not\u00edcias mais relevantes do dia.\",\"breadcrumb\":{\"@id\":\"https:\/\/www.suno.com.br\/noticias\/oi-oibr3-irb-irbr3-embraer-embr3-destaques\/#breadcrumb\"},\"inLanguage\":\"pt-BR\",\"potentialAction\":[{\"@type\":\"ReadAction\",\"target\":[\"https:\/\/www.suno.com.br\/noticias\/oi-oibr3-irb-irbr3-embraer-embr3-destaques\/\"]}]},{\"@type\":\"ImageObject\",\"inLanguage\":\"pt-BR\",\"@id\":\"https:\/\/www.suno.com.br\/noticias\/oi-oibr3-irb-irbr3-embraer-embr3-destaques\/#primaryimage\",\"url\":\"https:\/\/files.sunoresearch.com.br\/n\/uploads\/2022\/06\/Radar.-Renegociacao-de-dividas-da-Oi-impacto-da-Petrobras-PETR4-na-escassez-de-combustiveis-Eneva-ENEV3-compra-a-Celsepar-por-R-61-bi-scaled.jpg\",\"contentUrl\":\"https:\/\/files.sunoresearch.com.br\/n\/uploads\/2022\/06\/Radar.-Renegociacao-de-dividas-da-Oi-impacto-da-Petrobras-PETR4-na-escassez-de-combustiveis-Eneva-ENEV3-compra-a-Celsepar-por-R-61-bi-scaled.jpg\",\"width\":2560,\"height\":1920,\"caption\":\"Oi (OIBR3). Foto: Getty Images.\"},{\"@type\":\"BreadcrumbList\",\"@id\":\"https:\/\/www.suno.com.br\/noticias\/oi-oibr3-irb-irbr3-embraer-embr3-destaques\/#breadcrumb\",\"itemListElement\":[{\"@type\":\"ListItem\",\"position\":1,\"name\":\"Not\u00edcias\",\"item\":\"https:\/\/www.suno.com.br\/noticias\/\"},{\"@type\":\"ListItem\",\"position\":2,\"name\":\"Mercado\",\"item\":\"https:\/\/www.suno.com.br\/noticias\/mercado\/\"},{\"@type\":\"ListItem\",\"position\":3,\"name\":\"Oi (OIBR3), IRB (IRBR3) e Embraer (EMBR3) agitam o mercado financeiro\"}]},{\"@type\":\"WebSite\",\"@id\":\"https:\/\/www.suno.com.br\/noticias\/#website\",\"url\":\"https:\/\/www.suno.com.br\/noticias\/\",\"name\":\"Suno Not\u00edcias\",\"description\":\"Seu portal de informa\u00e7\u00e3o sobre o mundo dos investimentos\",\"publisher\":{\"@id\":\"https:\/\/www.suno.com.br\/noticias\/#organization\"},\"potentialAction\":[{\"@type\":\"SearchAction\",\"target\":{\"@type\":\"EntryPoint\",\"urlTemplate\":\"https:\/\/www.suno.com.br\/noticias\/?s={search_term_string}\"},\"query-input\":{\"@type\":\"PropertyValueSpecification\",\"valueRequired\":true,\"valueName\":\"search_term_string\"}}],\"inLanguage\":\"pt-BR\"},{\"@type\":\"Organization\",\"@id\":\"https:\/\/www.suno.com.br\/noticias\/#organization\",\"name\":\"Suno Not\u00edcias\",\"url\":\"https:\/\/www.suno.com.br\/noticias\/\",\"logo\":{\"@type\":\"ImageObject\",\"inLanguage\":\"pt-BR\",\"@id\":\"https:\/\/www.suno.com.br\/noticias\/#\/schema\/logo\/image\/\",\"url\":\"https:\/\/files.sunoresearch.com.br\/n\/uploads\/2021\/09\/suno-logo.png\",\"contentUrl\":\"https:\/\/files.sunoresearch.com.br\/n\/uploads\/2021\/09\/suno-logo.png\",\"width\":180,\"height\":180,\"caption\":\"Suno Not\u00edcias\"},\"image\":{\"@id\":\"https:\/\/www.suno.com.br\/noticias\/#\/schema\/logo\/image\/\"},\"sameAs\":[\"https:\/\/facebook.com\/sunoresearch\",\"https:\/\/x.com\/sunoresearch\",\"https:\/\/www.instagram.com\/suno\",\"https:\/\/www.linkedin.com\/company\/suno-research\/\",\"https:\/\/www.youtube.com\/c\/sunoresearch\"]},{\"@type\":\"Person\",\"@id\":\"https:\/\/www.suno.com.br\/noticias\/#\/schema\/person\/87fc6973867c52dd884811905c43afba\",\"name\":\"Jo\u00e3o Vitor\",\"image\":{\"@type\":\"ImageObject\",\"inLanguage\":\"pt-BR\",\"@id\":\"https:\/\/www.suno.com.br\/noticias\/#\/schema\/person\/image\/\",\"url\":\"https:\/\/secure.gravatar.com\/avatar\/2843227ca03ccf8cc7ccca45204c127e?s=96&r=g\",\"contentUrl\":\"https:\/\/secure.gravatar.com\/avatar\/2843227ca03ccf8cc7ccca45204c127e?s=96&r=g\",\"caption\":\"Jo\u00e3o Vitor\"},\"description\":\"Redator profissional, com atua\u00e7\u00e3o no mercado editorial na produ\u00e7\u00e3o de not\u00edcias e conte\u00fados sobre o mercado de a\u00e7\u00f5es, fundos imobili\u00e1rios e economia popular. Graduando em Engenharia Qu\u00edmica pela Unesp, tamb\u00e9m j\u00e1 atuou como consultor financeiro.\",\"url\":\"https:\/\/www.suno.com.br\/noticias\/author\/joao-vitor-jacintho\/\"}]}<\/script>\n<!-- \/ Yoast SEO plugin. -->","yoast_head_json":{"title":"Oi (OIBR3), IRB (IRBR3) e Embraer (EMBR3) agitam o mercado financeiro","description":"Oi (OIBR3), IRB (IRBR3) e Embraer (EMBR3) agitaram o mercado financeiro desta segunda-feira (17). Veja as not\u00edcias mais relevantes do dia.","robots":{"index":"index","follow":"follow","max-snippet":"max-snippet:-1","max-image-preview":"max-image-preview:large","max-video-preview":"max-video-preview:-1"},"canonical":"https:\/\/www.suno.com.br\/noticias\/oi-oibr3-irb-irbr3-embraer-embr3-destaques\/","og_locale":"pt_BR","og_type":"article","og_title":"Oi (OIBR3), IRB (IRBR3) e Embraer (EMBR3) agitam o mercado financeiro","og_description":"Oi (OIBR3), IRB (IRBR3) e Embraer (EMBR3) agitaram o mercado financeiro desta segunda-feira (17). Veja as not\u00edcias mais relevantes do dia.","og_url":"https:\/\/www.suno.com.br\/noticias\/oi-oibr3-irb-irbr3-embraer-embr3-destaques\/","og_site_name":"Suno Not\u00edcias","article_publisher":"https:\/\/facebook.com\/sunoresearch","og_image":[{"width":2560,"height":1920,"url":"https:\/\/files.sunoresearch.com.br\/n\/uploads\/2022\/06\/Radar.-Renegociacao-de-dividas-da-Oi-impacto-da-Petrobras-PETR4-na-escassez-de-combustiveis-Eneva-ENEV3-compra-a-Celsepar-por-R-61-bi-scaled.jpg","type":"image\/jpeg"}],"author":"Jo\u00e3o Vitor","twitter_card":"summary_large_image","twitter_creator":"@sunoresearch","twitter_site":"@sunoresearch","twitter_misc":{"Escrito por":"Jo\u00e3o Vitor","Est. tempo de leitura":"4 minutos"},"schema":{"@context":"https:\/\/schema.org","@graph":[{"@type":"NewsArticle","@id":"https:\/\/www.suno.com.br\/noticias\/oi-oibr3-irb-irbr3-embraer-embr3-destaques\/#article","isPartOf":{"@id":"https:\/\/www.suno.com.br\/noticias\/oi-oibr3-irb-irbr3-embraer-embr3-destaques\/"},"author":{"name":"Jo\u00e3o Vitor","@id":"https:\/\/www.suno.com.br\/noticias\/#\/schema\/person\/87fc6973867c52dd884811905c43afba"},"headline":"Oi (OIBR3), IRB (IRBR3) e Embraer (EMBR3) agitam o mercado financeiro","datePublished":"2022-10-17T12:39:42+00:00","mainEntityOfPage":{"@id":"https:\/\/www.suno.com.br\/noticias\/oi-oibr3-irb-irbr3-embraer-embr3-destaques\/"},"wordCount":694,"publisher":{"@id":"https:\/\/www.suno.com.br\/noticias\/#organization"},"image":{"@id":"https:\/\/www.suno.com.br\/noticias\/oi-oibr3-irb-irbr3-embraer-embr3-destaques\/#primaryimage"},"thumbnailUrl":"https:\/\/files.sunoresearch.com.br\/n\/uploads\/2022\/06\/Radar.-Renegociacao-de-dividas-da-Oi-impacto-da-Petrobras-PETR4-na-escassez-de-combustiveis-Eneva-ENEV3-compra-a-Celsepar-por-R-61-bi-scaled.jpg","keywords":["Blackrock (BLAK34)","destaques de empresas","Embraer (EMBR3)","IRB Brasil (IRBR3)","Oi (OIBR3\/OIBR4)"],"articleSection":["Mercado"],"inLanguage":"pt-BR"},{"@type":"WebPage","@id":"https:\/\/www.suno.com.br\/noticias\/oi-oibr3-irb-irbr3-embraer-embr3-destaques\/","url":"https:\/\/www.suno.com.br\/noticias\/oi-oibr3-irb-irbr3-embraer-embr3-destaques\/","name":"Oi (OIBR3), IRB (IRBR3) e Embraer (EMBR3) agitam o mercado financeiro","isPartOf":{"@id":"https:\/\/www.suno.com.br\/noticias\/#website"},"primaryImageOfPage":{"@id":"https:\/\/www.suno.com.br\/noticias\/oi-oibr3-irb-irbr3-embraer-embr3-destaques\/#primaryimage"},"image":{"@id":"https:\/\/www.suno.com.br\/noticias\/oi-oibr3-irb-irbr3-embraer-embr3-destaques\/#primaryimage"},"thumbnailUrl":"https:\/\/files.sunoresearch.com.br\/n\/uploads\/2022\/06\/Radar.-Renegociacao-de-dividas-da-Oi-impacto-da-Petrobras-PETR4-na-escassez-de-combustiveis-Eneva-ENEV3-compra-a-Celsepar-por-R-61-bi-scaled.jpg","datePublished":"2022-10-17T12:39:42+00:00","description":"Oi (OIBR3), IRB (IRBR3) e Embraer (EMBR3) agitaram o mercado financeiro desta segunda-feira (17). Veja as not\u00edcias mais relevantes do dia.","breadcrumb":{"@id":"https:\/\/www.suno.com.br\/noticias\/oi-oibr3-irb-irbr3-embraer-embr3-destaques\/#breadcrumb"},"inLanguage":"pt-BR","potentialAction":[{"@type":"ReadAction","target":["https:\/\/www.suno.com.br\/noticias\/oi-oibr3-irb-irbr3-embraer-embr3-destaques\/"]}]},{"@type":"ImageObject","inLanguage":"pt-BR","@id":"https:\/\/www.suno.com.br\/noticias\/oi-oibr3-irb-irbr3-embraer-embr3-destaques\/#primaryimage","url":"https:\/\/files.sunoresearch.com.br\/n\/uploads\/2022\/06\/Radar.-Renegociacao-de-dividas-da-Oi-impacto-da-Petrobras-PETR4-na-escassez-de-combustiveis-Eneva-ENEV3-compra-a-Celsepar-por-R-61-bi-scaled.jpg","contentUrl":"https:\/\/files.sunoresearch.com.br\/n\/uploads\/2022\/06\/Radar.-Renegociacao-de-dividas-da-Oi-impacto-da-Petrobras-PETR4-na-escassez-de-combustiveis-Eneva-ENEV3-compra-a-Celsepar-por-R-61-bi-scaled.jpg","width":2560,"height":1920,"caption":"Oi (OIBR3). Foto: Getty Images."},{"@type":"BreadcrumbList","@id":"https:\/\/www.suno.com.br\/noticias\/oi-oibr3-irb-irbr3-embraer-embr3-destaques\/#breadcrumb","itemListElement":[{"@type":"ListItem","position":1,"name":"Not\u00edcias","item":"https:\/\/www.suno.com.br\/noticias\/"},{"@type":"ListItem","position":2,"name":"Mercado","item":"https:\/\/www.suno.com.br\/noticias\/mercado\/"},{"@type":"ListItem","position":3,"name":"Oi (OIBR3), IRB (IRBR3) e Embraer (EMBR3) agitam o mercado financeiro"}]},{"@type":"WebSite","@id":"https:\/\/www.suno.com.br\/noticias\/#website","url":"https:\/\/www.suno.com.br\/noticias\/","name":"Suno Not\u00edcias","description":"Seu portal de informa\u00e7\u00e3o sobre o mundo dos investimentos","publisher":{"@id":"https:\/\/www.suno.com.br\/noticias\/#organization"},"potentialAction":[{"@type":"SearchAction","target":{"@type":"EntryPoint","urlTemplate":"https:\/\/www.suno.com.br\/noticias\/?s={search_term_string}"},"query-input":{"@type":"PropertyValueSpecification","valueRequired":true,"valueName":"search_term_string"}}],"inLanguage":"pt-BR"},{"@type":"Organization","@id":"https:\/\/www.suno.com.br\/noticias\/#organization","name":"Suno Not\u00edcias","url":"https:\/\/www.suno.com.br\/noticias\/","logo":{"@type":"ImageObject","inLanguage":"pt-BR","@id":"https:\/\/www.suno.com.br\/noticias\/#\/schema\/logo\/image\/","url":"https:\/\/files.sunoresearch.com.br\/n\/uploads\/2021\/09\/suno-logo.png","contentUrl":"https:\/\/files.sunoresearch.com.br\/n\/uploads\/2021\/09\/suno-logo.png","width":180,"height":180,"caption":"Suno Not\u00edcias"},"image":{"@id":"https:\/\/www.suno.com.br\/noticias\/#\/schema\/logo\/image\/"},"sameAs":["https:\/\/facebook.com\/sunoresearch","https:\/\/x.com\/sunoresearch","https:\/\/www.instagram.com\/suno","https:\/\/www.linkedin.com\/company\/suno-research\/","https:\/\/www.youtube.com\/c\/sunoresearch"]},{"@type":"Person","@id":"https:\/\/www.suno.com.br\/noticias\/#\/schema\/person\/87fc6973867c52dd884811905c43afba","name":"Jo\u00e3o Vitor","image":{"@type":"ImageObject","inLanguage":"pt-BR","@id":"https:\/\/www.suno.com.br\/noticias\/#\/schema\/person\/image\/","url":"https:\/\/secure.gravatar.com\/avatar\/2843227ca03ccf8cc7ccca45204c127e?s=96&r=g","contentUrl":"https:\/\/secure.gravatar.com\/avatar\/2843227ca03ccf8cc7ccca45204c127e?s=96&r=g","caption":"Jo\u00e3o Vitor"},"description":"Redator profissional, com atua\u00e7\u00e3o no mercado editorial na produ\u00e7\u00e3o de not\u00edcias e conte\u00fados sobre o mercado de a\u00e7\u00f5es, fundos imobili\u00e1rios e economia popular. Graduando em Engenharia Qu\u00edmica pela Unesp, tamb\u00e9m j\u00e1 atuou como consultor financeiro.","url":"https:\/\/www.suno.com.br\/noticias\/author\/joao-vitor-jacintho\/"}]}},"default_loop_html":"<div class=\"cardsPage__listCard__boxs\"><div class=\"cardsPage__listCard__boxs__img\"><a href=\"https:\/\/www.suno.com.br\/noticias\/oi-oibr3-irb-irbr3-embraer-embr3-destaques\/\"><img class=\"mask\" src=\"https:\/\/www.suno.com.br\/noticias\/wp-content\/themes\/suno\/resources\/images\/spotlight\/spotlight1img\/bg-mask.png\" alt=\"Image Mask\"\/><img src=\"https:\/\/files.sunoresearch.com.br\/n\/uploads\/2022\/06\/Radar.-Renegociacao-de-dividas-da-Oi-impacto-da-Petrobras-PETR4-na-escassez-de-combustiveis-Eneva-ENEV3-compra-a-Celsepar-por-R-61-bi-400x200.jpg\" alt=\"Oi (OIBR3), IRB (IRBR3) e Embraer (EMBR3) agitam o mercado financeiro\"\/><\/a><span class=\"spotlightCategory\"><a href=\"https:\/\/www.suno.com.br\/noticias\/mercado\/\">Mercado<\/a><\/span><\/div><div class=\"cardsPage__listCard__boxs__content\"><a href=\"https:\/\/www.suno.com.br\/noticias\/oi-oibr3-irb-irbr3-embraer-embr3-destaques\/\"><h2 class=\"content__title\">Oi (OIBR3), IRB (IRBR3) e Embraer (EMBR3) agitam o mercado financeiro<\/h2><\/a><div class=\"newsContent__article__meta\"><div class=\"newsContent__article__meta__authorBox\"><a href=\"https:\/\/www.suno.com.br\/noticias\/author\/joao-vitor-jacintho\/\" class=\"authorBox__avatar noMobi\"><img src=\"https:\/\/secure.gravatar.com\/avatar\/2843227ca03ccf8cc7ccca45204c127e?s=96&#038;r=g\" alt=\"Jo\u00e3o Vitor Jacintho\"><\/a><div class=\"authorBox__name\"><span>por\n\t\t\t<a href=\"https:\/\/www.suno.com.br\/noticias\/author\/joao-vitor-jacintho\/\"><span itemprop=\"author\">Jo\u00e3o Vitor Jacintho<\/span><\/a><\/span><time datetime=\"2022-10-17T09:39:42-03:00\" itemprop=\"datePublished\">17\/10\/2022 09:39<\/time><\/div><\/div><\/div><\/div><\/div>","single_layout":"posts","amp_enabled":true,"_links":{"self":[{"href":"https:\/\/www.suno.com.br\/noticias\/wp-json\/wp\/v2\/posts\/308968"}],"collection":[{"href":"https:\/\/www.suno.com.br\/noticias\/wp-json\/wp\/v2\/posts"}],"about":[{"href":"https:\/\/www.suno.com.br\/noticias\/wp-json\/wp\/v2\/types\/post"}],"author":[{"embeddable":true,"href":"https:\/\/www.suno.com.br\/noticias\/wp-json\/wp\/v2\/users\/173"}],"replies":[{"embeddable":true,"href":"https:\/\/www.suno.com.br\/noticias\/wp-json\/wp\/v2\/comments?post=308968"}],"version-history":[{"count":1,"href":"https:\/\/www.suno.com.br\/noticias\/wp-json\/wp\/v2\/posts\/308968\/revisions"}],"predecessor-version":[{"id":308970,"href":"https:\/\/www.suno.com.br\/noticias\/wp-json\/wp\/v2\/posts\/308968\/revisions\/308970"}],"wp:featuredmedia":[{"embeddable":true,"href":"https:\/\/www.suno.com.br\/noticias\/wp-json\/wp\/v2\/media\/263519"}],"wp:attachment":[{"href":"https:\/\/www.suno.com.br\/noticias\/wp-json\/wp\/v2\/media?parent=308968"}],"wp:term":[{"taxonomy":"category","embeddable":true,"href":"https:\/\/www.suno.com.br\/noticias\/wp-json\/wp\/v2\/categories?post=308968"},{"taxonomy":"post_tag","embeddable":true,"href":"https:\/\/www.suno.com.br\/noticias\/wp-json\/wp\/v2\/tags?post=308968"},{"taxonomy":"suno_strategy","embeddable":true,"href":"https:\/\/www.suno.com.br\/noticias\/wp-json\/wp\/v2\/suno_strategy?post=308968"}],"curies":[{"name":"wp","href":"https:\/\/api.w.org\/{rel}","templated":true}]}}