{"id":30837,"date":"2019-07-12T11:10:49","date_gmt":"2019-07-12T14:10:49","guid":{"rendered":"https:\/\/www.suno.com.br\/noticias\/?p=30837"},"modified":"2019-07-12T19:22:02","modified_gmt":"2019-07-12T22:22:02","slug":"rodrigo-maia-reforma-votacao-segundo-turno","status":"publish","type":"post","link":"https:\/\/www.suno.com.br\/noticias\/rodrigo-maia-reforma-votacao-segundo-turno\/","title":{"rendered":"Vota\u00e7\u00e3o do 2\u00b0 turno da reforma pode ficar para pr\u00f3xima semana, diz Rodrigo Maia"},"content":{"rendered":"<p>O presidente da C\u00e2mara dos Deputados, Rodrigo Maia, reconheceu que n\u00e3o ser\u00e1 poss\u00edvel encerrar a vota\u00e7\u00e3o da proposta em segundo turno da<strong> reforma da Previd\u00eancia<\/strong> nesta semana. Mas afirmou estar trabalhando para encerrar antes do recesso dos parlamentares.<\/p>\t<div class=\"wrapper-featured-image\">\n\t\t<figure class=\"spotlightImg\">\n\n\t\t\t<picture>\n\t\t\t\t<source media=\"(max-width: 768px)\" srcset=\"https:\/\/files.sunoresearch.com.br\/n\/uploads\/2019\/02\/597eadef-rodrigo-maia-400x200.webp\">\n\t\t\t\t<img loading=\"lazy\" decoding=\"async\" class=\"newsContent__article__imgCapa lazyloadDisabled newsContent__article__imgCapa--noCaption\" src=\"https:\/\/files.sunoresearch.com.br\/n\/uploads\/2019\/02\/597eadef-rodrigo-maia-800x450.webp\" width=\"800\" height=\"450\" alt=\"Vota\u00e7\u00e3o do 2\u00b0 turno da reforma pode ficar para pr\u00f3xima semana, diz Rodrigo Maia\" fetchpriority=high \/>\n\t\t\t<\/picture>\n\n\t\t\t<figcaption class=\"wp-caption-text wp-caption-text--hide\">Maia diz que Arthur Lira \u00e9 candidato de Bolsonaro \u00e0 presid\u00eancia da C\u00e2mara<\/figcaption>\n\t\t<\/figure>\n\t<\/div>\n\n\n<p>&#8220;N\u00f3s temos que trabalhar primeiro para terminar o primeiro turno hoje e depois avaliar as condi\u00e7\u00f5es para que se continue a vota\u00e7\u00e3o entre hoje e amanh\u00e3 ou na pr\u00f3xima semana, que \u00e9 o ideal. O ideal \u00e9 que a gente consiga terminar ainda no final do primeiro semestre legislativo. N\u00e3o \u00e9 100% garantido, mas \u00e9 o nosso esfor\u00e7o&#8221;, disse <strong>Rodrigo Maia<\/strong> em entrevista \u00e0 &#8220;R\u00e1dio Bandeirantes&#8221; nesta sexta-feira (12).<\/p>\n<p>A expectativa era de que a vota\u00e7\u00e3o dos dois turnos fosse encerrada at\u00e9 o final desta semana devido ao recesso parlamentar que se inicia no dia 18 deste m\u00eas. Dessa forma, na \u00faltima ter\u00e7a-feira (9), o presidente da C\u00e2mara havia afirmado que acreditava ser poss\u00edvel o encerramento das vota\u00e7\u00f5es at\u00e9 esta sexta.<\/p>\n<p><iframe loading=\"lazy\" title=\"?AbInbev cancela IPO na \u00c1sia e a\u00e7\u00f5es caem; C\u00e2mara segue votando Previd\u00eancia\" width=\"200\" height=\"113\" src=\"https:\/\/www.youtube.com\/embed\/PDoqrH3gmas?feature=oembed\" frameborder=\"0\" allow=\"accelerometer; autoplay; encrypted-media; gyroscope; picture-in-picture\" allowfullscreen><\/iframe><\/p>\n<p>&#8220;Se a gente conseguir o n\u00famero de parlamentares para votar, come\u00e7ar a vota\u00e7\u00e3o pelo menos do principal hoje [ter\u00e7a passada], na noite, na madrugada, e seguir com os destaques amanh\u00e3 [quarta passada], a gente passa a ter quinta e sexta para votar o segundo turno&#8221;, disse o presidente.<\/p>\n<p>No entanto, Maia reconheceu n\u00e3o ser poss\u00edvel concluir a vota\u00e7\u00e3o do segundo turno no \u00faltimo dia desta semana. &#8220;A gente sabe que o tempo \u00e9 ex\u00edguo, n\u00f3s temos o dia de hoje, talvez amanh\u00e3, alguma chance entre segunda e quarta, com quor\u00fam que pode ser mais reduzido&#8221;, afirmou o presidente.<\/p>\n<h2>Destaques da reforma da Previd\u00eancia<\/h2>\n<p>O plen\u00e1rio da C\u00e2mara aprovou tr\u00eas destaques na madrugada desta sexta-feira. Ao todo foram sete altera\u00e7\u00f5es votadas, mas apenas tr\u00eas aprovadas, como:<\/p>\n<ul>\n<li>Tempo de contribui\u00e7\u00e3o para homens;<\/li>\n<li>Regras na carreira policial;<\/li>\n<li>F\u00f3rmula de c\u00e1lculo de pens\u00f5es.<\/li>\n<\/ul>\n<p>O destaque que reduz de 20 para 15 anos o tempo m\u00ednimo de contribui\u00e7\u00e3o exigido para homens do setor privado foi aprovado com 445 votos a favor e 15 contra.<\/p>\n\t<p>\n\t\t<a href=\"https:\/\/lp.suno.com.br\/planilha-controle-gastos\/\" target=\"_blank\" data-element=\"shortcode-suno-banner\" title=\"Banner SUNO, clique e saiba mais\">\n\t\t\t<picture>\n\t\t\t\t<source media=\"(max-width: 500px)\" srcset=\"https:\/\/files.sunoresearch.com.br\/n\/uploads\/2023\/03\/400x300-Planilha-controle-de-gastos.png\">\n\t\t\t\t<img class=\"newsContent__article__imgCapa newsContent__article__imgCapa--banner\"\n\t\t\t\t\tsrc=\"https:\/\/files.sunoresearch.com.br\/n\/uploads\/2023\/03\/1420x240-Planilha-controle-de-gastos.png\"\n\t\t\t\t\tdata-promo-id=\"383122\"\t\t\t\t\t\t\t\t\t\twidth='1420' height='240'\t\t\t\t\talt=\"https:\/\/files.sunoresearch.com.br\/n\/uploads\/2023\/03\/1420x240-Planilha-controle-de-gastos.png\"\n\t\t\t\t>\n\t\t\t<\/picture>\n\t\t<\/a>\n\t<\/p>\n\n\n<p>Por sua vez, o plen\u00e1rio aprovou por 334 votos favor\u00e1veis e 132 contr\u00e1rios a emenda que altera a regra para c\u00e1lculo do valor da aposentadoria de mulheres e favorece vi\u00favas que recebem pens\u00f5es. \u00c9 necess\u00e1rio que a mulher tenha 62 anos de idade e 15 anos de contribui\u00e7\u00e3o para a Previd\u00eancia.<\/p>\n<p><a href=\"\/\/www.suno.com.br\/noticias\/reformas-positivo-inflacao-campos-neto\/\">Saiba Mais:\u00a0Reformas tornam cen\u00e1rio mais ben\u00e9fico para infla\u00e7\u00e3o, segundo Campos Neto<\/a><\/p>\n<p>O plen\u00e1rio da C\u00e2mara aprovou por 467 votos a 15 a altera\u00e7\u00e3o na regra de aposentadoria para uma s\u00e9rie de carreiras policiais. Ter\u00e3o idades m\u00ednimas menores para os integrantes das seguintes categorias:<\/p>\n<ul>\n<li>Federal;<\/li>\n<li>Rodovi\u00e1rio Federal;<\/li>\n<li>Ferrovi\u00e1rio Federal;<\/li>\n<li>legislativos;<\/li>\n<li>e Civil do Distrito Federal.<\/li>\n<\/ul>\n<p>O presidente <strong>Rodrigo Maia<\/strong> convocou a retomada da sess\u00e3o para \u00e0s 9 horas desta sexta-feira. J\u00e1 an\u00e1lise da reforma da Previd\u00eancia retornar\u00e1 por volta das 11 horas.<\/p>\n","protected":false},"excerpt":{"rendered":"<p>O presidente da C\u00e2mara dos Deputados, Rodrigo Maia, reconheceu que n\u00e3o ser\u00e1 poss\u00edvel encerrar a vota\u00e7\u00e3o da proposta em segundo turno da reforma da Previd\u00eancia nesta semana. Mas afirmou estar trabalhando para encerrar antes do recesso dos parlamentares. Maia diz que Arthur Lira \u00e9 candidato de Bolsonaro \u00e0 presid\u00eancia da C\u00e2mara &#8220;N\u00f3s temos que trabalhar [&hellip;]<\/p>\n","protected":false},"author":15,"featured_media":16255,"comment_status":"closed","ping_status":"closed","sticky":false,"template":"","format":"standard","meta":[],"categories":[61],"tags":[940,892],"suno_strategy":[],"class_list":["post-30837","post","type-post","status-publish","format-standard","has-post-thumbnail","hentry","category-politica","tag-reforma-da-previdencia","tag-rodrigo-maia"],"yoast_head":"<!-- This site is optimized with the Yoast SEO plugin v24.4 - https:\/\/yoast.com\/wordpress\/plugins\/seo\/ -->\n<title>Vota\u00e7\u00e3o do 2\u00b0 turno pode ficar para pr\u00f3xima semana, diz Rodrigo Maia<\/title>\n<meta name=\"description\" content=\"O presidente da C\u00e2mara, Rodrigo Maia, disse que vota\u00e7\u00e3o do 2\u00b0 turno poder\u00e1 ficar para pr\u00f3xima semana. Para saber mais clique aqui\" \/>\n<meta name=\"robots\" content=\"index, follow, max-snippet:-1, max-image-preview:large, max-video-preview:-1\" \/>\n<link rel=\"canonical\" href=\"https:\/\/www.suno.com.br\/noticias\/rodrigo-maia-reforma-votacao-segundo-turno\/\" \/>\n<meta property=\"og:locale\" content=\"pt_BR\" \/>\n<meta property=\"og:type\" content=\"article\" \/>\n<meta property=\"og:title\" content=\"Vota\u00e7\u00e3o do 2\u00b0 turno pode ficar para pr\u00f3xima semana, diz Rodrigo Maia\" \/>\n<meta property=\"og:description\" content=\"O presidente da C\u00e2mara, Rodrigo Maia, disse que vota\u00e7\u00e3o do 2\u00b0 turno poder\u00e1 ficar para pr\u00f3xima semana. Para saber mais clique aqui\" \/>\n<meta property=\"og:url\" content=\"https:\/\/www.suno.com.br\/noticias\/rodrigo-maia-reforma-votacao-segundo-turno\/\" \/>\n<meta property=\"og:site_name\" content=\"Suno Not\u00edcias\" \/>\n<meta property=\"article:publisher\" content=\"https:\/\/facebook.com\/sunoresearch\" \/>\n<meta property=\"og:image\" content=\"https:\/\/files.sunoresearch.com.br\/n\/uploads\/2019\/02\/597eadef-rodrigo-maia.jpg\" \/>\n\t<meta property=\"og:image:width\" content=\"2048\" \/>\n\t<meta property=\"og:image:height\" content=\"1382\" \/>\n\t<meta property=\"og:image:type\" content=\"image\/jpeg\" \/>\n<meta name=\"author\" content=\"Poliana Santos\" \/>\n<meta name=\"twitter:card\" content=\"summary_large_image\" \/>\n<meta name=\"twitter:creator\" content=\"@sunoresearch\" \/>\n<meta name=\"twitter:site\" content=\"@sunoresearch\" \/>\n<meta name=\"twitter:label1\" content=\"Escrito por\" \/>\n\t<meta name=\"twitter:data1\" content=\"Poliana Santos\" \/>\n\t<meta name=\"twitter:label2\" content=\"Est. tempo de leitura\" \/>\n\t<meta name=\"twitter:data2\" content=\"3 minutos\" \/>\n<script type=\"application\/ld+json\" class=\"yoast-schema-graph\">{\"@context\":\"https:\/\/schema.org\",\"@graph\":[{\"@type\":\"NewsArticle\",\"@id\":\"https:\/\/www.suno.com.br\/noticias\/rodrigo-maia-reforma-votacao-segundo-turno\/#article\",\"isPartOf\":{\"@id\":\"https:\/\/www.suno.com.br\/noticias\/rodrigo-maia-reforma-votacao-segundo-turno\/\"},\"author\":{\"name\":\"Poliana Santos\",\"@id\":\"https:\/\/www.suno.com.br\/noticias\/#\/schema\/person\/02ec1f752758247878a2bf4abee1aeda\"},\"headline\":\"Vota\u00e7\u00e3o do 2\u00b0 turno da reforma pode ficar para pr\u00f3xima semana, diz Rodrigo Maia\",\"datePublished\":\"2019-07-12T14:10:49+00:00\",\"dateModified\":\"2019-07-12T22:22:02+00:00\",\"mainEntityOfPage\":{\"@id\":\"https:\/\/www.suno.com.br\/noticias\/rodrigo-maia-reforma-votacao-segundo-turno\/\"},\"wordCount\":530,\"publisher\":{\"@id\":\"https:\/\/www.suno.com.br\/noticias\/#organization\"},\"image\":{\"@id\":\"https:\/\/www.suno.com.br\/noticias\/rodrigo-maia-reforma-votacao-segundo-turno\/#primaryimage\"},\"thumbnailUrl\":\"https:\/\/files.sunoresearch.com.br\/n\/uploads\/2019\/02\/597eadef-rodrigo-maia-jpg.webp\",\"keywords\":[\"Reforma da Previd\u00eancia\",\"Rodrigo Maia\"],\"articleSection\":[\"Pol\u00edtica\"],\"inLanguage\":\"pt-BR\"},{\"@type\":\"WebPage\",\"@id\":\"https:\/\/www.suno.com.br\/noticias\/rodrigo-maia-reforma-votacao-segundo-turno\/\",\"url\":\"https:\/\/www.suno.com.br\/noticias\/rodrigo-maia-reforma-votacao-segundo-turno\/\",\"name\":\"Vota\u00e7\u00e3o do 2\u00b0 turno pode ficar para pr\u00f3xima semana, diz Rodrigo Maia\",\"isPartOf\":{\"@id\":\"https:\/\/www.suno.com.br\/noticias\/#website\"},\"primaryImageOfPage\":{\"@id\":\"https:\/\/www.suno.com.br\/noticias\/rodrigo-maia-reforma-votacao-segundo-turno\/#primaryimage\"},\"image\":{\"@id\":\"https:\/\/www.suno.com.br\/noticias\/rodrigo-maia-reforma-votacao-segundo-turno\/#primaryimage\"},\"thumbnailUrl\":\"https:\/\/files.sunoresearch.com.br\/n\/uploads\/2019\/02\/597eadef-rodrigo-maia-jpg.webp\",\"datePublished\":\"2019-07-12T14:10:49+00:00\",\"dateModified\":\"2019-07-12T22:22:02+00:00\",\"description\":\"O presidente da C\u00e2mara, Rodrigo Maia, disse que vota\u00e7\u00e3o do 2\u00b0 turno poder\u00e1 ficar para pr\u00f3xima semana. Para saber mais clique aqui\",\"breadcrumb\":{\"@id\":\"https:\/\/www.suno.com.br\/noticias\/rodrigo-maia-reforma-votacao-segundo-turno\/#breadcrumb\"},\"inLanguage\":\"pt-BR\",\"potentialAction\":[{\"@type\":\"ReadAction\",\"target\":[\"https:\/\/www.suno.com.br\/noticias\/rodrigo-maia-reforma-votacao-segundo-turno\/\"]}]},{\"@type\":\"ImageObject\",\"inLanguage\":\"pt-BR\",\"@id\":\"https:\/\/www.suno.com.br\/noticias\/rodrigo-maia-reforma-votacao-segundo-turno\/#primaryimage\",\"url\":\"https:\/\/files.sunoresearch.com.br\/n\/uploads\/2019\/02\/597eadef-rodrigo-maia-jpg.webp\",\"contentUrl\":\"https:\/\/files.sunoresearch.com.br\/n\/uploads\/2019\/02\/597eadef-rodrigo-maia-jpg.webp\",\"width\":2048,\"height\":1382,\"caption\":\"Maia diz que Arthur Lira \u00e9 candidato de Bolsonaro \u00e0 presid\u00eancia da C\u00e2mara\"},{\"@type\":\"BreadcrumbList\",\"@id\":\"https:\/\/www.suno.com.br\/noticias\/rodrigo-maia-reforma-votacao-segundo-turno\/#breadcrumb\",\"itemListElement\":[{\"@type\":\"ListItem\",\"position\":1,\"name\":\"Not\u00edcias\",\"item\":\"https:\/\/www.suno.com.br\/noticias\/\"},{\"@type\":\"ListItem\",\"position\":2,\"name\":\"Pol\u00edtica\",\"item\":\"https:\/\/www.suno.com.br\/noticias\/politica\/\"},{\"@type\":\"ListItem\",\"position\":3,\"name\":\"Vota\u00e7\u00e3o do 2\u00b0 turno da reforma pode ficar para pr\u00f3xima semana, diz Rodrigo Maia\"}]},{\"@type\":\"WebSite\",\"@id\":\"https:\/\/www.suno.com.br\/noticias\/#website\",\"url\":\"https:\/\/www.suno.com.br\/noticias\/\",\"name\":\"Suno Not\u00edcias\",\"description\":\"Seu portal de informa\u00e7\u00e3o sobre o mundo dos investimentos\",\"publisher\":{\"@id\":\"https:\/\/www.suno.com.br\/noticias\/#organization\"},\"potentialAction\":[{\"@type\":\"SearchAction\",\"target\":{\"@type\":\"EntryPoint\",\"urlTemplate\":\"https:\/\/www.suno.com.br\/noticias\/?s={search_term_string}\"},\"query-input\":{\"@type\":\"PropertyValueSpecification\",\"valueRequired\":true,\"valueName\":\"search_term_string\"}}],\"inLanguage\":\"pt-BR\"},{\"@type\":\"Organization\",\"@id\":\"https:\/\/www.suno.com.br\/noticias\/#organization\",\"name\":\"Suno Not\u00edcias\",\"url\":\"https:\/\/www.suno.com.br\/noticias\/\",\"logo\":{\"@type\":\"ImageObject\",\"inLanguage\":\"pt-BR\",\"@id\":\"https:\/\/www.suno.com.br\/noticias\/#\/schema\/logo\/image\/\",\"url\":\"https:\/\/files.sunoresearch.com.br\/n\/uploads\/2021\/09\/suno-logo.png\",\"contentUrl\":\"https:\/\/files.sunoresearch.com.br\/n\/uploads\/2021\/09\/suno-logo.png\",\"width\":180,\"height\":180,\"caption\":\"Suno Not\u00edcias\"},\"image\":{\"@id\":\"https:\/\/www.suno.com.br\/noticias\/#\/schema\/logo\/image\/\"},\"sameAs\":[\"https:\/\/facebook.com\/sunoresearch\",\"https:\/\/x.com\/sunoresearch\",\"https:\/\/www.instagram.com\/suno\",\"https:\/\/www.linkedin.com\/company\/suno-research\/\",\"https:\/\/www.youtube.com\/c\/sunoresearch\"]},{\"@type\":\"Person\",\"@id\":\"https:\/\/www.suno.com.br\/noticias\/#\/schema\/person\/02ec1f752758247878a2bf4abee1aeda\",\"name\":\"Poliana Santos\",\"image\":{\"@type\":\"ImageObject\",\"inLanguage\":\"pt-BR\",\"@id\":\"https:\/\/www.suno.com.br\/noticias\/#\/schema\/person\/image\/\",\"url\":\"https:\/\/secure.gravatar.com\/avatar\/0645bd32f23d87b2130f2b2dff1d3f8d?s=96&r=g\",\"contentUrl\":\"https:\/\/secure.gravatar.com\/avatar\/0645bd32f23d87b2130f2b2dff1d3f8d?s=96&r=g\",\"caption\":\"Poliana Santos\"},\"description\":\"Rep\u00f3rter no Suno Not\u00edcias, com cobertura em mercado financeiro, economia, finan\u00e7as pessoais, renda fixa e varejo. Jornalista formada pela Faculdade C\u00e1sper L\u00edbero e possui passagem na R\u00e1dio Gazeta AM com a produ\u00e7\u00e3o de conte\u00fado sobre economia, pol\u00edtica, sa\u00fade, moda e m\u00fasica. Possui certificado de conclus\u00e3o do curso de An\u00e1lise de Balan\u00e7os pela Funda\u00e7\u00e3o Bradesco, Agenda Brasil pela FAAP, Educa\u00e7\u00e3o Pol\u00edtica por Alexandre Garcia e do Tesouro Direto e Mercado de A\u00e7\u00f5es pela B3.\",\"url\":\"https:\/\/www.suno.com.br\/noticias\/author\/poliana-santos\/\"}]}<\/script>\n<!-- \/ Yoast SEO plugin. -->","yoast_head_json":{"title":"Vota\u00e7\u00e3o do 2\u00b0 turno pode ficar para pr\u00f3xima semana, diz Rodrigo Maia","description":"O presidente da C\u00e2mara, Rodrigo Maia, disse que vota\u00e7\u00e3o do 2\u00b0 turno poder\u00e1 ficar para pr\u00f3xima semana. Para saber mais clique aqui","robots":{"index":"index","follow":"follow","max-snippet":"max-snippet:-1","max-image-preview":"max-image-preview:large","max-video-preview":"max-video-preview:-1"},"canonical":"https:\/\/www.suno.com.br\/noticias\/rodrigo-maia-reforma-votacao-segundo-turno\/","og_locale":"pt_BR","og_type":"article","og_title":"Vota\u00e7\u00e3o do 2\u00b0 turno pode ficar para pr\u00f3xima semana, diz Rodrigo Maia","og_description":"O presidente da C\u00e2mara, Rodrigo Maia, disse que vota\u00e7\u00e3o do 2\u00b0 turno poder\u00e1 ficar para pr\u00f3xima semana. Para saber mais clique aqui","og_url":"https:\/\/www.suno.com.br\/noticias\/rodrigo-maia-reforma-votacao-segundo-turno\/","og_site_name":"Suno Not\u00edcias","article_publisher":"https:\/\/facebook.com\/sunoresearch","og_image":[{"width":2048,"height":1382,"url":"https:\/\/files.sunoresearch.com.br\/n\/uploads\/2019\/02\/597eadef-rodrigo-maia.jpg","type":"image\/jpeg"}],"author":"Poliana Santos","twitter_card":"summary_large_image","twitter_creator":"@sunoresearch","twitter_site":"@sunoresearch","twitter_misc":{"Escrito por":"Poliana Santos","Est. tempo de leitura":"3 minutos"},"schema":{"@context":"https:\/\/schema.org","@graph":[{"@type":"NewsArticle","@id":"https:\/\/www.suno.com.br\/noticias\/rodrigo-maia-reforma-votacao-segundo-turno\/#article","isPartOf":{"@id":"https:\/\/www.suno.com.br\/noticias\/rodrigo-maia-reforma-votacao-segundo-turno\/"},"author":{"name":"Poliana Santos","@id":"https:\/\/www.suno.com.br\/noticias\/#\/schema\/person\/02ec1f752758247878a2bf4abee1aeda"},"headline":"Vota\u00e7\u00e3o do 2\u00b0 turno da reforma pode ficar para pr\u00f3xima semana, diz Rodrigo Maia","datePublished":"2019-07-12T14:10:49+00:00","dateModified":"2019-07-12T22:22:02+00:00","mainEntityOfPage":{"@id":"https:\/\/www.suno.com.br\/noticias\/rodrigo-maia-reforma-votacao-segundo-turno\/"},"wordCount":530,"publisher":{"@id":"https:\/\/www.suno.com.br\/noticias\/#organization"},"image":{"@id":"https:\/\/www.suno.com.br\/noticias\/rodrigo-maia-reforma-votacao-segundo-turno\/#primaryimage"},"thumbnailUrl":"https:\/\/files.sunoresearch.com.br\/n\/uploads\/2019\/02\/597eadef-rodrigo-maia-jpg.webp","keywords":["Reforma da Previd\u00eancia","Rodrigo Maia"],"articleSection":["Pol\u00edtica"],"inLanguage":"pt-BR"},{"@type":"WebPage","@id":"https:\/\/www.suno.com.br\/noticias\/rodrigo-maia-reforma-votacao-segundo-turno\/","url":"https:\/\/www.suno.com.br\/noticias\/rodrigo-maia-reforma-votacao-segundo-turno\/","name":"Vota\u00e7\u00e3o do 2\u00b0 turno pode ficar para pr\u00f3xima semana, diz Rodrigo Maia","isPartOf":{"@id":"https:\/\/www.suno.com.br\/noticias\/#website"},"primaryImageOfPage":{"@id":"https:\/\/www.suno.com.br\/noticias\/rodrigo-maia-reforma-votacao-segundo-turno\/#primaryimage"},"image":{"@id":"https:\/\/www.suno.com.br\/noticias\/rodrigo-maia-reforma-votacao-segundo-turno\/#primaryimage"},"thumbnailUrl":"https:\/\/files.sunoresearch.com.br\/n\/uploads\/2019\/02\/597eadef-rodrigo-maia-jpg.webp","datePublished":"2019-07-12T14:10:49+00:00","dateModified":"2019-07-12T22:22:02+00:00","description":"O presidente da C\u00e2mara, Rodrigo Maia, disse que vota\u00e7\u00e3o do 2\u00b0 turno poder\u00e1 ficar para pr\u00f3xima semana. Para saber mais clique aqui","breadcrumb":{"@id":"https:\/\/www.suno.com.br\/noticias\/rodrigo-maia-reforma-votacao-segundo-turno\/#breadcrumb"},"inLanguage":"pt-BR","potentialAction":[{"@type":"ReadAction","target":["https:\/\/www.suno.com.br\/noticias\/rodrigo-maia-reforma-votacao-segundo-turno\/"]}]},{"@type":"ImageObject","inLanguage":"pt-BR","@id":"https:\/\/www.suno.com.br\/noticias\/rodrigo-maia-reforma-votacao-segundo-turno\/#primaryimage","url":"https:\/\/files.sunoresearch.com.br\/n\/uploads\/2019\/02\/597eadef-rodrigo-maia-jpg.webp","contentUrl":"https:\/\/files.sunoresearch.com.br\/n\/uploads\/2019\/02\/597eadef-rodrigo-maia-jpg.webp","width":2048,"height":1382,"caption":"Maia diz que Arthur Lira \u00e9 candidato de Bolsonaro \u00e0 presid\u00eancia da C\u00e2mara"},{"@type":"BreadcrumbList","@id":"https:\/\/www.suno.com.br\/noticias\/rodrigo-maia-reforma-votacao-segundo-turno\/#breadcrumb","itemListElement":[{"@type":"ListItem","position":1,"name":"Not\u00edcias","item":"https:\/\/www.suno.com.br\/noticias\/"},{"@type":"ListItem","position":2,"name":"Pol\u00edtica","item":"https:\/\/www.suno.com.br\/noticias\/politica\/"},{"@type":"ListItem","position":3,"name":"Vota\u00e7\u00e3o do 2\u00b0 turno da reforma pode ficar para pr\u00f3xima semana, diz Rodrigo Maia"}]},{"@type":"WebSite","@id":"https:\/\/www.suno.com.br\/noticias\/#website","url":"https:\/\/www.suno.com.br\/noticias\/","name":"Suno Not\u00edcias","description":"Seu portal de informa\u00e7\u00e3o sobre o mundo dos investimentos","publisher":{"@id":"https:\/\/www.suno.com.br\/noticias\/#organization"},"potentialAction":[{"@type":"SearchAction","target":{"@type":"EntryPoint","urlTemplate":"https:\/\/www.suno.com.br\/noticias\/?s={search_term_string}"},"query-input":{"@type":"PropertyValueSpecification","valueRequired":true,"valueName":"search_term_string"}}],"inLanguage":"pt-BR"},{"@type":"Organization","@id":"https:\/\/www.suno.com.br\/noticias\/#organization","name":"Suno Not\u00edcias","url":"https:\/\/www.suno.com.br\/noticias\/","logo":{"@type":"ImageObject","inLanguage":"pt-BR","@id":"https:\/\/www.suno.com.br\/noticias\/#\/schema\/logo\/image\/","url":"https:\/\/files.sunoresearch.com.br\/n\/uploads\/2021\/09\/suno-logo.png","contentUrl":"https:\/\/files.sunoresearch.com.br\/n\/uploads\/2021\/09\/suno-logo.png","width":180,"height":180,"caption":"Suno Not\u00edcias"},"image":{"@id":"https:\/\/www.suno.com.br\/noticias\/#\/schema\/logo\/image\/"},"sameAs":["https:\/\/facebook.com\/sunoresearch","https:\/\/x.com\/sunoresearch","https:\/\/www.instagram.com\/suno","https:\/\/www.linkedin.com\/company\/suno-research\/","https:\/\/www.youtube.com\/c\/sunoresearch"]},{"@type":"Person","@id":"https:\/\/www.suno.com.br\/noticias\/#\/schema\/person\/02ec1f752758247878a2bf4abee1aeda","name":"Poliana Santos","image":{"@type":"ImageObject","inLanguage":"pt-BR","@id":"https:\/\/www.suno.com.br\/noticias\/#\/schema\/person\/image\/","url":"https:\/\/secure.gravatar.com\/avatar\/0645bd32f23d87b2130f2b2dff1d3f8d?s=96&r=g","contentUrl":"https:\/\/secure.gravatar.com\/avatar\/0645bd32f23d87b2130f2b2dff1d3f8d?s=96&r=g","caption":"Poliana Santos"},"description":"Rep\u00f3rter no Suno Not\u00edcias, com cobertura em mercado financeiro, economia, finan\u00e7as pessoais, renda fixa e varejo. Jornalista formada pela Faculdade C\u00e1sper L\u00edbero e possui passagem na R\u00e1dio Gazeta AM com a produ\u00e7\u00e3o de conte\u00fado sobre economia, pol\u00edtica, sa\u00fade, moda e m\u00fasica. Possui certificado de conclus\u00e3o do curso de An\u00e1lise de Balan\u00e7os pela Funda\u00e7\u00e3o Bradesco, Agenda Brasil pela FAAP, Educa\u00e7\u00e3o Pol\u00edtica por Alexandre Garcia e do Tesouro Direto e Mercado de A\u00e7\u00f5es pela B3.","url":"https:\/\/www.suno.com.br\/noticias\/author\/poliana-santos\/"}]}},"default_loop_html":"<div class=\"cardsPage__listCard__boxs\"><div class=\"cardsPage__listCard__boxs__img\"><a href=\"https:\/\/www.suno.com.br\/noticias\/rodrigo-maia-reforma-votacao-segundo-turno\/\"><img class=\"mask\" src=\"https:\/\/www.suno.com.br\/noticias\/wp-content\/themes\/suno\/resources\/images\/spotlight\/spotlight1img\/bg-mask.png\" alt=\"Image Mask\"\/><img src=\"https:\/\/files.sunoresearch.com.br\/n\/uploads\/2019\/02\/597eadef-rodrigo-maia-400x200.webp\" alt=\"Vota\u00e7\u00e3o do 2\u00b0 turno da reforma pode ficar para pr\u00f3xima semana, diz Rodrigo Maia\"\/><\/a><span class=\"spotlightCategory\"><a href=\"https:\/\/www.suno.com.br\/noticias\/politica\/\">Pol\u00edtica<\/a><\/span><\/div><div class=\"cardsPage__listCard__boxs__content\"><a href=\"https:\/\/www.suno.com.br\/noticias\/rodrigo-maia-reforma-votacao-segundo-turno\/\"><h2 class=\"content__title\">Vota\u00e7\u00e3o do 2\u00b0 turno da reforma pode ficar para pr\u00f3xima semana, diz Rodrigo Maia<\/h2><\/a><div class=\"newsContent__article__meta\"><div class=\"newsContent__article__meta__authorBox\"><a href=\"https:\/\/www.suno.com.br\/noticias\/author\/poliana-santos\/\" class=\"authorBox__avatar noMobi\"><img src=\"https:\/\/files.sunoresearch.com.br\/n\/uploads\/2020\/08\/7ef34026-whatsapp-image-2020-08-03-at-12.37.57-150x150.webp\" alt=\"Poliana Santos\"><\/a><div class=\"authorBox__name\"><span>por\n\t\t\t<a href=\"https:\/\/www.suno.com.br\/noticias\/author\/poliana-santos\/\"><span itemprop=\"author\">Poliana Santos<\/span><\/a><\/span><time datetime=\"2019-07-12T11:10:49-03:00\" itemprop=\"datePublished\">12\/07\/2019 11:10<\/time><\/div><\/div><\/div><\/div><\/div>","single_layout":"posts","amp_enabled":true,"_links":{"self":[{"href":"https:\/\/www.suno.com.br\/noticias\/wp-json\/wp\/v2\/posts\/30837"}],"collection":[{"href":"https:\/\/www.suno.com.br\/noticias\/wp-json\/wp\/v2\/posts"}],"about":[{"href":"https:\/\/www.suno.com.br\/noticias\/wp-json\/wp\/v2\/types\/post"}],"author":[{"embeddable":true,"href":"https:\/\/www.suno.com.br\/noticias\/wp-json\/wp\/v2\/users\/15"}],"replies":[{"embeddable":true,"href":"https:\/\/www.suno.com.br\/noticias\/wp-json\/wp\/v2\/comments?post=30837"}],"version-history":[{"count":0,"href":"https:\/\/www.suno.com.br\/noticias\/wp-json\/wp\/v2\/posts\/30837\/revisions"}],"wp:featuredmedia":[{"embeddable":true,"href":"https:\/\/www.suno.com.br\/noticias\/wp-json\/wp\/v2\/media\/16255"}],"wp:attachment":[{"href":"https:\/\/www.suno.com.br\/noticias\/wp-json\/wp\/v2\/media?parent=30837"}],"wp:term":[{"taxonomy":"category","embeddable":true,"href":"https:\/\/www.suno.com.br\/noticias\/wp-json\/wp\/v2\/categories?post=30837"},{"taxonomy":"post_tag","embeddable":true,"href":"https:\/\/www.suno.com.br\/noticias\/wp-json\/wp\/v2\/tags?post=30837"},{"taxonomy":"suno_strategy","embeddable":true,"href":"https:\/\/www.suno.com.br\/noticias\/wp-json\/wp\/v2\/suno_strategy?post=30837"}],"curies":[{"name":"wp","href":"https:\/\/api.w.org\/{rel}","templated":true}]}}