{"id":30818,"date":"2019-07-12T09:55:12","date_gmt":"2019-07-12T12:55:12","guid":{"rendered":"https:\/\/www.suno.com.br\/noticias\/?p=30818"},"modified":"2019-07-12T09:55:12","modified_gmt":"2019-07-12T12:55:12","slug":"reforma-da-previdencia-passos-texto","status":"publish","type":"post","link":"https:\/\/www.suno.com.br\/noticias\/reforma-da-previdencia-passos-texto\/","title":{"rendered":"Reforma da Previd\u00eancia: Saiba quais s\u00e3o os pr\u00f3ximos passos do texto"},"content":{"rendered":"<p>A reforma da Previd\u00eancia chega ao seu quarto dia de an\u00e1lise nesta sexta-feira (12). Os deputados passaram a avaliar o texto na \u00faltima ter\u00e7a-feira (9).<\/p>\t<div class=\"wrapper-featured-image\">\n\t\t<figure class=\"spotlightImg\">\n\n\t\t\t<picture>\n\t\t\t\t<source media=\"(max-width: 768px)\" srcset=\"https:\/\/files.sunoresearch.com.br\/n\/uploads\/2019\/07\/67b21a2d-reforma-da-previd\u00eancia-400x200.webp\">\n\t\t\t\t<img loading=\"lazy\" decoding=\"async\" class=\"newsContent__article__imgCapa lazyloadDisabled newsContent__article__imgCapa--noCaption\" src=\"https:\/\/files.sunoresearch.com.br\/n\/uploads\/2019\/07\/67b21a2d-reforma-da-previd\u00eancia-800x450.webp\" width=\"800\" height=\"450\" alt=\"Reforma da Previd\u00eancia: Saiba quais s\u00e3o os pr\u00f3ximos passos do texto\" fetchpriority=high \/>\n\t\t\t<\/picture>\n\n\t\t\t<figcaption class=\"wp-caption-text wp-caption-text--hide\">Reforma da Previd\u00eancia: Saiba quais s\u00e3o os pr\u00f3ximos passos do texto<\/figcaption>\n\t\t<\/figure>\n\t<\/div>\n\n\n<p>O texto da <strong>reforma da Previd\u00eancia<\/strong> j\u00e1 foi analisado em tr\u00eas dias no Congresso. Embora a proposta tenha sido aprovada na \u00faltima quarta-feira (10), a an\u00e1lise dos destaques segue acontecendo e invadiu esta sexta.<\/p>\n<p>Al\u00e9m da aprova\u00e7\u00e3o do texto, a <strong>C\u00e2mara<\/strong> autorizou tr\u00eas mudan\u00e7as que flexibilizam as exig\u00eancias de aposentadorias para mulheres e policiais e reduziu o tempo de contribui\u00e7\u00e3o de homens que trabalham na iniciativa privada.<\/p>\n\t<p>\n\t\t<a href=\"https:\/\/lp2.suno.com.br\/lm\/minicurso-construindo-um-portfolio-milionario?utm_campaign=_SNCEBB048DA_sc.mcpm26&#038;utm_source=suno.com.br&#038;utm_medium=banner.noticias\" target=\"_blank\" data-element=\"shortcode-suno-banner\" title=\"Banner SUNO, clique e saiba mais\">\n\t\t\t<picture>\n\t\t\t\t<source media=\"(max-width: 500px)\" srcset=\"https:\/\/files.sunoresearch.com.br\/n\/uploads\/2026\/01\/MB-PS-HOME-DE-ARTIGOS-400x300-ID_01_x1-jpg.webp\">\n\t\t\t\t<img class=\"newsContent__article__imgCapa newsContent__article__imgCapa--banner\"\n\t\t\t\t\tsrc=\"https:\/\/files.sunoresearch.com.br\/n\/uploads\/2026\/01\/DT-PS-HOME-DE-ARTIGOS-1420x240-ID_01_x1-jpg.webp\"\n\t\t\t\t\tdata-promo-id=\"638432\"\t\t\t\t\t\t\t\t\t\twidth='1420' height='240'\t\t\t\t\talt=\"https:\/\/files.sunoresearch.com.br\/n\/uploads\/2026\/01\/DT-PS-HOME-DE-ARTIGOS-1420x240-ID_01_x1-jpg.webp\"\n\t\t\t\t>\n\t\t\t<\/picture>\n\t\t<\/a>\n\t<\/p>\n\n\n<p>Nesta sexta, ser\u00e3o analisados oito destaques no plen\u00e1rio. Mas para isso, os deputados dever\u00e3o vencer as obstru\u00e7\u00f5es da oposi\u00e7\u00e3o que apresenta requerimentos para a retirada da pauta a cada nova sess\u00e3o.<\/p>\n<p>De acordo com o governo, se a vota\u00e7\u00e3o dos destaques for conclu\u00edda, nesta sexta tentar\u00e3o aprovar a proposta no segundo turno de vota\u00e7\u00f5es.<\/p>\n<p>No entanto, para que isso aconte\u00e7a a reforma ainda dever\u00e1 voltar a comiss\u00e3o especial, onde tramitou na \u00faltima semana, para que seja elaborada com as modifica\u00e7\u00f5es e, assim, possa ser votada no plen\u00e1rio, em segundo turno, etapa que n\u00e3o ter\u00e1 mudan\u00e7as no texto.<\/p>\n<p>Por\u00e9m, para que chegue ao plen\u00e1rio para ser votada em segundo turno, os parlamentares dever\u00e3o votar um requerimento de quebra de interst\u00edcio, que \u00e9 a dispensa das cinco sess\u00f5es entre primeiro e <strong>segundo turno<\/strong>, segundo o regimento.<\/p>\n<p><a href=\"https:\/\/www.suno.com.br\/noticias\/camara-alteracoes-destaques-reforma-previdencia\/\">Confira tamb\u00e9m:\u00a0C\u00e2mara analisa altera\u00e7\u00f5es nos destaques da reforma da Previd\u00eancia<\/a><\/p>\n<h2>Maia sobre o segundo turno<\/h2>\n<p>Quando questionado sobre a vota\u00e7\u00e3o em segundo turno da proposta, que corre o risco de ficar para o segundo semestre, o presidente da C\u00e2mara, <strong>Rodrigo Maia<\/strong>, disse que n\u00e3o sabe quando acabar a vota\u00e7\u00e3o, no entanto, ele quer que &#8220;termine tudo amanh\u00e3 [esta sexta] \u00e0 noite ou s\u00e1bado de manh\u00e3, mas isso vai depender do qu\u00f3rum que a gente vai garantir at\u00e9 amanh\u00e3 \u00e0 noite&#8221;.<\/p>\n<p>Al\u00e9m disso, Maia afirmou que \u00e9 melhor terminar a vota\u00e7\u00e3o dos dois turno nos primeiro trimestre, mas caso n\u00e3o aconte\u00e7a, n\u00e3o ter\u00e1 nenhuma gravidade.<\/p>\n<p>&#8220;Eu acho que terminar tudo \u00e9 melhor. Mas como o Senado n\u00e3o vai votar agora, n\u00e3o teria nenhuma gravidade, mas o ideal \u00e9 que a gente possa terminar ainda nesse semestre&#8221;, afirmou o presidente da C\u00e2mara.<\/p>\n\t<p>\n\t\t<a href=\"https:\/\/lp.suno.com.br\/plataforma-de-controle-de-investimentos\/\" target=\"_blank\" data-element=\"shortcode-suno-banner\" title=\"Banner SUNO, clique e saiba mais\">\n\t\t\t<picture>\n\t\t\t\t<source media=\"(max-width: 500px)\" srcset=\"https:\/\/files.sunoresearch.com.br\/n\/uploads\/2023\/03\/400x300-Controle-de-Investimentos.png\">\n\t\t\t\t<img class=\"newsContent__article__imgCapa newsContent__article__imgCapa--banner\"\n\t\t\t\t\tsrc=\"https:\/\/files.sunoresearch.com.br\/n\/uploads\/2023\/03\/1420x240-Controle-de-Investimentos.png\"\n\t\t\t\t\tdata-promo-id=\"383162\"\t\t\t\t\t\t\t\t\t\twidth='1420' height='240'\t\t\t\t\talt=\"https:\/\/files.sunoresearch.com.br\/n\/uploads\/2023\/03\/1420x240-Controle-de-Investimentos.png\"\n\t\t\t\t>\n\t\t\t<\/picture>\n\t\t<\/a>\n\t<\/p>\n\n\n<p>A <strong>reforma da Previd\u00eancia<\/strong> deve ter aprova\u00e7\u00e3o de pelo quatro vota\u00e7\u00f5es com ao menos 60% de apoio dos parlamentares. Ap\u00f3s a primeira aprova\u00e7\u00e3o, o texto vai para o segundo turno na C\u00e2mara e depois enfrente outras duas vota\u00e7\u00f5es no <strong>Senado Federal<\/strong>.<\/p>\n","protected":false},"excerpt":{"rendered":"<p>A reforma da Previd\u00eancia chega ao seu quarto dia de an\u00e1lise nesta sexta-feira (12). Os deputados passaram a avaliar o texto na \u00faltima ter\u00e7a-feira (9). Reforma da Previd\u00eancia: Saiba quais s\u00e3o os pr\u00f3ximos passos do texto O texto da reforma da Previd\u00eancia j\u00e1 foi analisado em tr\u00eas dias no Congresso. Embora a proposta tenha sido [&hellip;]<\/p>\n","protected":false},"author":11,"featured_media":29919,"comment_status":"closed","ping_status":"closed","sticky":false,"template":"","format":"standard","meta":[],"categories":[61],"tags":[940],"suno_strategy":[],"class_list":["post-30818","post","type-post","status-publish","format-standard","has-post-thumbnail","hentry","category-politica","tag-reforma-da-previdencia"],"yoast_head":"<!-- This site is optimized with the Yoast SEO plugin v24.4 - https:\/\/yoast.com\/wordpress\/plugins\/seo\/ -->\n<title>Reforma da Previd\u00eancia: Saiba quais s\u00e3o os pr\u00f3ximos passos do texto<\/title>\n<meta name=\"description\" content=\"Reforma da Previd\u00eancia deve finalizar an\u00e1lise dos destaques nesta sexta; Segundo turno pode ser no segundo semestre. Clique e saiba mais.\" \/>\n<meta name=\"robots\" content=\"index, follow, max-snippet:-1, max-image-preview:large, max-video-preview:-1\" \/>\n<link rel=\"canonical\" href=\"https:\/\/www.suno.com.br\/noticias\/reforma-da-previdencia-passos-texto\/\" \/>\n<meta property=\"og:locale\" content=\"pt_BR\" \/>\n<meta property=\"og:type\" content=\"article\" \/>\n<meta property=\"og:title\" content=\"Reforma da Previd\u00eancia: Saiba quais s\u00e3o os pr\u00f3ximos passos do texto\" \/>\n<meta property=\"og:description\" content=\"Reforma da Previd\u00eancia deve finalizar an\u00e1lise dos destaques nesta sexta; Segundo turno pode ser no segundo semestre. Clique e saiba mais.\" \/>\n<meta property=\"og:url\" content=\"https:\/\/www.suno.com.br\/noticias\/reforma-da-previdencia-passos-texto\/\" \/>\n<meta property=\"og:site_name\" content=\"Suno Not\u00edcias\" \/>\n<meta property=\"article:publisher\" content=\"https:\/\/facebook.com\/sunoresearch\" \/>\n<meta property=\"og:image\" content=\"https:\/\/files.sunoresearch.com.br\/n\/uploads\/2019\/07\/67b21a2d-reforma-da-previd\u00eancia.jpg\" \/>\n\t<meta property=\"og:image:width\" content=\"1262\" \/>\n\t<meta property=\"og:image:height\" content=\"841\" \/>\n\t<meta property=\"og:image:type\" content=\"image\/jpeg\" \/>\n<meta name=\"author\" content=\"Renan Bandeira\" \/>\n<meta name=\"twitter:card\" content=\"summary_large_image\" \/>\n<meta name=\"twitter:creator\" content=\"@sunoresearch\" \/>\n<meta name=\"twitter:site\" content=\"@sunoresearch\" \/>\n<meta name=\"twitter:label1\" content=\"Escrito por\" \/>\n\t<meta name=\"twitter:data1\" content=\"Renan Bandeira\" \/>\n\t<meta name=\"twitter:label2\" content=\"Est. tempo de leitura\" \/>\n\t<meta name=\"twitter:data2\" content=\"2 minutos\" \/>\n<script type=\"application\/ld+json\" class=\"yoast-schema-graph\">{\"@context\":\"https:\/\/schema.org\",\"@graph\":[{\"@type\":\"NewsArticle\",\"@id\":\"https:\/\/www.suno.com.br\/noticias\/reforma-da-previdencia-passos-texto\/#article\",\"isPartOf\":{\"@id\":\"https:\/\/www.suno.com.br\/noticias\/reforma-da-previdencia-passos-texto\/\"},\"author\":{\"name\":\"Renan Bandeira\",\"@id\":\"https:\/\/www.suno.com.br\/noticias\/#\/schema\/person\/fc144a1c6108bd1dcd43784e88a3c138\"},\"headline\":\"Reforma da Previd\u00eancia: Saiba quais s\u00e3o os pr\u00f3ximos passos do texto\",\"datePublished\":\"2019-07-12T12:55:12+00:00\",\"mainEntityOfPage\":{\"@id\":\"https:\/\/www.suno.com.br\/noticias\/reforma-da-previdencia-passos-texto\/\"},\"wordCount\":477,\"publisher\":{\"@id\":\"https:\/\/www.suno.com.br\/noticias\/#organization\"},\"image\":{\"@id\":\"https:\/\/www.suno.com.br\/noticias\/reforma-da-previdencia-passos-texto\/#primaryimage\"},\"thumbnailUrl\":\"https:\/\/files.sunoresearch.com.br\/n\/uploads\/2019\/07\/67b21a2d-reforma-da-previd\u00eancia-jpg.webp\",\"keywords\":[\"Reforma da Previd\u00eancia\"],\"articleSection\":[\"Pol\u00edtica\"],\"inLanguage\":\"pt-BR\"},{\"@type\":\"WebPage\",\"@id\":\"https:\/\/www.suno.com.br\/noticias\/reforma-da-previdencia-passos-texto\/\",\"url\":\"https:\/\/www.suno.com.br\/noticias\/reforma-da-previdencia-passos-texto\/\",\"name\":\"Reforma da Previd\u00eancia: Saiba quais s\u00e3o os pr\u00f3ximos passos do texto\",\"isPartOf\":{\"@id\":\"https:\/\/www.suno.com.br\/noticias\/#website\"},\"primaryImageOfPage\":{\"@id\":\"https:\/\/www.suno.com.br\/noticias\/reforma-da-previdencia-passos-texto\/#primaryimage\"},\"image\":{\"@id\":\"https:\/\/www.suno.com.br\/noticias\/reforma-da-previdencia-passos-texto\/#primaryimage\"},\"thumbnailUrl\":\"https:\/\/files.sunoresearch.com.br\/n\/uploads\/2019\/07\/67b21a2d-reforma-da-previd\u00eancia-jpg.webp\",\"datePublished\":\"2019-07-12T12:55:12+00:00\",\"description\":\"Reforma da Previd\u00eancia deve finalizar an\u00e1lise dos destaques nesta sexta; Segundo turno pode ser no segundo semestre. Clique e saiba mais.\",\"breadcrumb\":{\"@id\":\"https:\/\/www.suno.com.br\/noticias\/reforma-da-previdencia-passos-texto\/#breadcrumb\"},\"inLanguage\":\"pt-BR\",\"potentialAction\":[{\"@type\":\"ReadAction\",\"target\":[\"https:\/\/www.suno.com.br\/noticias\/reforma-da-previdencia-passos-texto\/\"]}]},{\"@type\":\"ImageObject\",\"inLanguage\":\"pt-BR\",\"@id\":\"https:\/\/www.suno.com.br\/noticias\/reforma-da-previdencia-passos-texto\/#primaryimage\",\"url\":\"https:\/\/files.sunoresearch.com.br\/n\/uploads\/2019\/07\/67b21a2d-reforma-da-previd\u00eancia-jpg.webp\",\"contentUrl\":\"https:\/\/files.sunoresearch.com.br\/n\/uploads\/2019\/07\/67b21a2d-reforma-da-previd\u00eancia-jpg.webp\",\"width\":1262,\"height\":841,\"caption\":\"Reforma da Previd\u00eancia: Saiba quais s\u00e3o os pr\u00f3ximos passos do texto\"},{\"@type\":\"BreadcrumbList\",\"@id\":\"https:\/\/www.suno.com.br\/noticias\/reforma-da-previdencia-passos-texto\/#breadcrumb\",\"itemListElement\":[{\"@type\":\"ListItem\",\"position\":1,\"name\":\"Not\u00edcias\",\"item\":\"https:\/\/www.suno.com.br\/noticias\/\"},{\"@type\":\"ListItem\",\"position\":2,\"name\":\"Pol\u00edtica\",\"item\":\"https:\/\/www.suno.com.br\/noticias\/politica\/\"},{\"@type\":\"ListItem\",\"position\":3,\"name\":\"Reforma da Previd\u00eancia: Saiba quais s\u00e3o os pr\u00f3ximos passos do texto\"}]},{\"@type\":\"WebSite\",\"@id\":\"https:\/\/www.suno.com.br\/noticias\/#website\",\"url\":\"https:\/\/www.suno.com.br\/noticias\/\",\"name\":\"Suno Not\u00edcias\",\"description\":\"Seu portal de informa\u00e7\u00e3o sobre o mundo dos investimentos\",\"publisher\":{\"@id\":\"https:\/\/www.suno.com.br\/noticias\/#organization\"},\"potentialAction\":[{\"@type\":\"SearchAction\",\"target\":{\"@type\":\"EntryPoint\",\"urlTemplate\":\"https:\/\/www.suno.com.br\/noticias\/?s={search_term_string}\"},\"query-input\":{\"@type\":\"PropertyValueSpecification\",\"valueRequired\":true,\"valueName\":\"search_term_string\"}}],\"inLanguage\":\"pt-BR\"},{\"@type\":\"Organization\",\"@id\":\"https:\/\/www.suno.com.br\/noticias\/#organization\",\"name\":\"Suno Not\u00edcias\",\"url\":\"https:\/\/www.suno.com.br\/noticias\/\",\"logo\":{\"@type\":\"ImageObject\",\"inLanguage\":\"pt-BR\",\"@id\":\"https:\/\/www.suno.com.br\/noticias\/#\/schema\/logo\/image\/\",\"url\":\"https:\/\/files.sunoresearch.com.br\/n\/uploads\/2021\/09\/suno-logo.png\",\"contentUrl\":\"https:\/\/files.sunoresearch.com.br\/n\/uploads\/2021\/09\/suno-logo.png\",\"width\":180,\"height\":180,\"caption\":\"Suno Not\u00edcias\"},\"image\":{\"@id\":\"https:\/\/www.suno.com.br\/noticias\/#\/schema\/logo\/image\/\"},\"sameAs\":[\"https:\/\/facebook.com\/sunoresearch\",\"https:\/\/x.com\/sunoresearch\",\"https:\/\/www.instagram.com\/suno\",\"https:\/\/www.linkedin.com\/company\/suno-research\/\",\"https:\/\/www.youtube.com\/c\/sunoresearch\"]},{\"@type\":\"Person\",\"@id\":\"https:\/\/www.suno.com.br\/noticias\/#\/schema\/person\/fc144a1c6108bd1dcd43784e88a3c138\",\"name\":\"Renan Bandeira\",\"image\":{\"@type\":\"ImageObject\",\"inLanguage\":\"pt-BR\",\"@id\":\"https:\/\/www.suno.com.br\/noticias\/#\/schema\/person\/image\/\",\"url\":\"https:\/\/secure.gravatar.com\/avatar\/68359cdb608f14f11bbefcb78f3fc747?s=96&r=g\",\"contentUrl\":\"https:\/\/secure.gravatar.com\/avatar\/68359cdb608f14f11bbefcb78f3fc747?s=96&r=g\",\"caption\":\"Renan Bandeira\"},\"description\":\"Renan Bandeira escreve sobre pol\u00edtica e economia para o portal da Suno Research. Antes da Suno, trabalhou em uma rede de televis\u00e3o, onde fazia reportagens sobre os mesmos temas. Estuda na Universidade Metodista de S\u00e3o Paulo.\",\"url\":\"https:\/\/www.suno.com.br\/noticias\/author\/renan-bandeira\/\"}]}<\/script>\n<!-- \/ Yoast SEO plugin. -->","yoast_head_json":{"title":"Reforma da Previd\u00eancia: Saiba quais s\u00e3o os pr\u00f3ximos passos do texto","description":"Reforma da Previd\u00eancia deve finalizar an\u00e1lise dos destaques nesta sexta; Segundo turno pode ser no segundo semestre. Clique e saiba mais.","robots":{"index":"index","follow":"follow","max-snippet":"max-snippet:-1","max-image-preview":"max-image-preview:large","max-video-preview":"max-video-preview:-1"},"canonical":"https:\/\/www.suno.com.br\/noticias\/reforma-da-previdencia-passos-texto\/","og_locale":"pt_BR","og_type":"article","og_title":"Reforma da Previd\u00eancia: Saiba quais s\u00e3o os pr\u00f3ximos passos do texto","og_description":"Reforma da Previd\u00eancia deve finalizar an\u00e1lise dos destaques nesta sexta; Segundo turno pode ser no segundo semestre. Clique e saiba mais.","og_url":"https:\/\/www.suno.com.br\/noticias\/reforma-da-previdencia-passos-texto\/","og_site_name":"Suno Not\u00edcias","article_publisher":"https:\/\/facebook.com\/sunoresearch","og_image":[{"width":1262,"height":841,"url":"https:\/\/files.sunoresearch.com.br\/n\/uploads\/2019\/07\/67b21a2d-reforma-da-previd\u00eancia.jpg","type":"image\/jpeg"}],"author":"Renan Bandeira","twitter_card":"summary_large_image","twitter_creator":"@sunoresearch","twitter_site":"@sunoresearch","twitter_misc":{"Escrito por":"Renan Bandeira","Est. tempo de leitura":"2 minutos"},"schema":{"@context":"https:\/\/schema.org","@graph":[{"@type":"NewsArticle","@id":"https:\/\/www.suno.com.br\/noticias\/reforma-da-previdencia-passos-texto\/#article","isPartOf":{"@id":"https:\/\/www.suno.com.br\/noticias\/reforma-da-previdencia-passos-texto\/"},"author":{"name":"Renan Bandeira","@id":"https:\/\/www.suno.com.br\/noticias\/#\/schema\/person\/fc144a1c6108bd1dcd43784e88a3c138"},"headline":"Reforma da Previd\u00eancia: Saiba quais s\u00e3o os pr\u00f3ximos passos do texto","datePublished":"2019-07-12T12:55:12+00:00","mainEntityOfPage":{"@id":"https:\/\/www.suno.com.br\/noticias\/reforma-da-previdencia-passos-texto\/"},"wordCount":477,"publisher":{"@id":"https:\/\/www.suno.com.br\/noticias\/#organization"},"image":{"@id":"https:\/\/www.suno.com.br\/noticias\/reforma-da-previdencia-passos-texto\/#primaryimage"},"thumbnailUrl":"https:\/\/files.sunoresearch.com.br\/n\/uploads\/2019\/07\/67b21a2d-reforma-da-previd\u00eancia-jpg.webp","keywords":["Reforma da Previd\u00eancia"],"articleSection":["Pol\u00edtica"],"inLanguage":"pt-BR"},{"@type":"WebPage","@id":"https:\/\/www.suno.com.br\/noticias\/reforma-da-previdencia-passos-texto\/","url":"https:\/\/www.suno.com.br\/noticias\/reforma-da-previdencia-passos-texto\/","name":"Reforma da Previd\u00eancia: Saiba quais s\u00e3o os pr\u00f3ximos passos do texto","isPartOf":{"@id":"https:\/\/www.suno.com.br\/noticias\/#website"},"primaryImageOfPage":{"@id":"https:\/\/www.suno.com.br\/noticias\/reforma-da-previdencia-passos-texto\/#primaryimage"},"image":{"@id":"https:\/\/www.suno.com.br\/noticias\/reforma-da-previdencia-passos-texto\/#primaryimage"},"thumbnailUrl":"https:\/\/files.sunoresearch.com.br\/n\/uploads\/2019\/07\/67b21a2d-reforma-da-previd\u00eancia-jpg.webp","datePublished":"2019-07-12T12:55:12+00:00","description":"Reforma da Previd\u00eancia deve finalizar an\u00e1lise dos destaques nesta sexta; Segundo turno pode ser no segundo semestre. Clique e saiba mais.","breadcrumb":{"@id":"https:\/\/www.suno.com.br\/noticias\/reforma-da-previdencia-passos-texto\/#breadcrumb"},"inLanguage":"pt-BR","potentialAction":[{"@type":"ReadAction","target":["https:\/\/www.suno.com.br\/noticias\/reforma-da-previdencia-passos-texto\/"]}]},{"@type":"ImageObject","inLanguage":"pt-BR","@id":"https:\/\/www.suno.com.br\/noticias\/reforma-da-previdencia-passos-texto\/#primaryimage","url":"https:\/\/files.sunoresearch.com.br\/n\/uploads\/2019\/07\/67b21a2d-reforma-da-previd\u00eancia-jpg.webp","contentUrl":"https:\/\/files.sunoresearch.com.br\/n\/uploads\/2019\/07\/67b21a2d-reforma-da-previd\u00eancia-jpg.webp","width":1262,"height":841,"caption":"Reforma da Previd\u00eancia: Saiba quais s\u00e3o os pr\u00f3ximos passos do texto"},{"@type":"BreadcrumbList","@id":"https:\/\/www.suno.com.br\/noticias\/reforma-da-previdencia-passos-texto\/#breadcrumb","itemListElement":[{"@type":"ListItem","position":1,"name":"Not\u00edcias","item":"https:\/\/www.suno.com.br\/noticias\/"},{"@type":"ListItem","position":2,"name":"Pol\u00edtica","item":"https:\/\/www.suno.com.br\/noticias\/politica\/"},{"@type":"ListItem","position":3,"name":"Reforma da Previd\u00eancia: Saiba quais s\u00e3o os pr\u00f3ximos passos do texto"}]},{"@type":"WebSite","@id":"https:\/\/www.suno.com.br\/noticias\/#website","url":"https:\/\/www.suno.com.br\/noticias\/","name":"Suno Not\u00edcias","description":"Seu portal de informa\u00e7\u00e3o sobre o mundo dos investimentos","publisher":{"@id":"https:\/\/www.suno.com.br\/noticias\/#organization"},"potentialAction":[{"@type":"SearchAction","target":{"@type":"EntryPoint","urlTemplate":"https:\/\/www.suno.com.br\/noticias\/?s={search_term_string}"},"query-input":{"@type":"PropertyValueSpecification","valueRequired":true,"valueName":"search_term_string"}}],"inLanguage":"pt-BR"},{"@type":"Organization","@id":"https:\/\/www.suno.com.br\/noticias\/#organization","name":"Suno Not\u00edcias","url":"https:\/\/www.suno.com.br\/noticias\/","logo":{"@type":"ImageObject","inLanguage":"pt-BR","@id":"https:\/\/www.suno.com.br\/noticias\/#\/schema\/logo\/image\/","url":"https:\/\/files.sunoresearch.com.br\/n\/uploads\/2021\/09\/suno-logo.png","contentUrl":"https:\/\/files.sunoresearch.com.br\/n\/uploads\/2021\/09\/suno-logo.png","width":180,"height":180,"caption":"Suno Not\u00edcias"},"image":{"@id":"https:\/\/www.suno.com.br\/noticias\/#\/schema\/logo\/image\/"},"sameAs":["https:\/\/facebook.com\/sunoresearch","https:\/\/x.com\/sunoresearch","https:\/\/www.instagram.com\/suno","https:\/\/www.linkedin.com\/company\/suno-research\/","https:\/\/www.youtube.com\/c\/sunoresearch"]},{"@type":"Person","@id":"https:\/\/www.suno.com.br\/noticias\/#\/schema\/person\/fc144a1c6108bd1dcd43784e88a3c138","name":"Renan Bandeira","image":{"@type":"ImageObject","inLanguage":"pt-BR","@id":"https:\/\/www.suno.com.br\/noticias\/#\/schema\/person\/image\/","url":"https:\/\/secure.gravatar.com\/avatar\/68359cdb608f14f11bbefcb78f3fc747?s=96&r=g","contentUrl":"https:\/\/secure.gravatar.com\/avatar\/68359cdb608f14f11bbefcb78f3fc747?s=96&r=g","caption":"Renan Bandeira"},"description":"Renan Bandeira escreve sobre pol\u00edtica e economia para o portal da Suno Research. Antes da Suno, trabalhou em uma rede de televis\u00e3o, onde fazia reportagens sobre os mesmos temas. Estuda na Universidade Metodista de S\u00e3o Paulo.","url":"https:\/\/www.suno.com.br\/noticias\/author\/renan-bandeira\/"}]}},"default_loop_html":"<div class=\"cardsPage__listCard__boxs\"><div class=\"cardsPage__listCard__boxs__img\"><a href=\"https:\/\/www.suno.com.br\/noticias\/reforma-da-previdencia-passos-texto\/\"><img class=\"mask\" src=\"https:\/\/www.suno.com.br\/noticias\/wp-content\/themes\/suno\/resources\/images\/spotlight\/spotlight1img\/bg-mask.png\" alt=\"Image Mask\"\/><img src=\"https:\/\/files.sunoresearch.com.br\/n\/uploads\/2019\/07\/67b21a2d-reforma-da-previd\u00eancia-400x200.webp\" alt=\"Reforma da Previd\u00eancia: Saiba quais s\u00e3o os pr\u00f3ximos passos do texto\"\/><\/a><span class=\"spotlightCategory\"><a href=\"https:\/\/www.suno.com.br\/noticias\/politica\/\">Pol\u00edtica<\/a><\/span><\/div><div class=\"cardsPage__listCard__boxs__content\"><a href=\"https:\/\/www.suno.com.br\/noticias\/reforma-da-previdencia-passos-texto\/\"><h2 class=\"content__title\">Reforma da Previd\u00eancia: Saiba quais s\u00e3o os pr\u00f3ximos passos do texto<\/h2><\/a><div class=\"newsContent__article__meta\"><div class=\"newsContent__article__meta__authorBox\"><a href=\"https:\/\/www.suno.com.br\/noticias\/author\/renan-bandeira\/\" class=\"authorBox__avatar noMobi\"><img src=\"https:\/\/secure.gravatar.com\/avatar\/68359cdb608f14f11bbefcb78f3fc747?s=96&#038;r=g\" alt=\"Renan Bandeira\"><\/a><div class=\"authorBox__name\"><span>por\n\t\t\t<a href=\"https:\/\/www.suno.com.br\/noticias\/author\/renan-bandeira\/\"><span itemprop=\"author\">Renan Bandeira<\/span><\/a><\/span><time datetime=\"2019-07-12T09:55:12-03:00\" itemprop=\"datePublished\">12\/07\/2019 09:55<\/time><\/div><\/div><\/div><\/div><\/div>","single_layout":"posts","amp_enabled":true,"_links":{"self":[{"href":"https:\/\/www.suno.com.br\/noticias\/wp-json\/wp\/v2\/posts\/30818"}],"collection":[{"href":"https:\/\/www.suno.com.br\/noticias\/wp-json\/wp\/v2\/posts"}],"about":[{"href":"https:\/\/www.suno.com.br\/noticias\/wp-json\/wp\/v2\/types\/post"}],"author":[{"embeddable":true,"href":"https:\/\/www.suno.com.br\/noticias\/wp-json\/wp\/v2\/users\/11"}],"replies":[{"embeddable":true,"href":"https:\/\/www.suno.com.br\/noticias\/wp-json\/wp\/v2\/comments?post=30818"}],"version-history":[{"count":0,"href":"https:\/\/www.suno.com.br\/noticias\/wp-json\/wp\/v2\/posts\/30818\/revisions"}],"wp:featuredmedia":[{"embeddable":true,"href":"https:\/\/www.suno.com.br\/noticias\/wp-json\/wp\/v2\/media\/29919"}],"wp:attachment":[{"href":"https:\/\/www.suno.com.br\/noticias\/wp-json\/wp\/v2\/media?parent=30818"}],"wp:term":[{"taxonomy":"category","embeddable":true,"href":"https:\/\/www.suno.com.br\/noticias\/wp-json\/wp\/v2\/categories?post=30818"},{"taxonomy":"post_tag","embeddable":true,"href":"https:\/\/www.suno.com.br\/noticias\/wp-json\/wp\/v2\/tags?post=30818"},{"taxonomy":"suno_strategy","embeddable":true,"href":"https:\/\/www.suno.com.br\/noticias\/wp-json\/wp\/v2\/suno_strategy?post=30818"}],"curies":[{"name":"wp","href":"https:\/\/api.w.org\/{rel}","templated":true}]}}