{"id":30813,"date":"2019-07-12T09:52:05","date_gmt":"2019-07-12T12:52:05","guid":{"rendered":"https:\/\/www.suno.com.br\/noticias\/?p=30813"},"modified":"2021-02-18T17:23:57","modified_gmt":"2021-02-18T20:23:57","slug":"reformas-positivo-inflacao-campos-neto","status":"publish","type":"post","link":"https:\/\/www.suno.com.br\/noticias\/reformas-positivo-inflacao-campos-neto\/","title":{"rendered":"Reformas tornam cen\u00e1rio mais ben\u00e9fico para infla\u00e7\u00e3o, segundo Campos Neto"},"content":{"rendered":"<p>Na \u00faltima quarta-feira (10), o presidente do Banco Central, Roberto Campos Neto, disse que, com o progresso nas reformas, a perspectiva \u00e9 de um ambiente mais favor\u00e1vel para a infla\u00e7\u00e3o. Para o mandat\u00e1rio, a aprova\u00e7\u00e3o do texto-base da reforma da Previd\u00eancia j\u00e1 foi um grande passo.<\/p>\t<div class=\"wrapper-featured-image\">\n\t\t<figure class=\"spotlightImg\">\n\n\t\t\t<picture>\n\t\t\t\t<source media=\"(max-width: 768px)\" srcset=\"https:\/\/files.sunoresearch.com.br\/n\/uploads\/2019\/07\/ac14618d-campos-neto-400x200.webp\">\n\t\t\t\t<img loading=\"lazy\" decoding=\"async\" class=\"newsContent__article__imgCapa lazyloadDisabled newsContent__article__imgCapa--noCaption\" src=\"https:\/\/files.sunoresearch.com.br\/n\/uploads\/2019\/07\/ac14618d-campos-neto-800x450.webp\" width=\"800\" height=\"450\" alt=\"Reformas tornam cen\u00e1rio mais ben\u00e9fico para infla\u00e7\u00e3o, segundo Campos Neto\" fetchpriority=high \/>\n\t\t\t<\/picture>\n\n\t\t\t<figcaption class=\"wp-caption-text wp-caption-text--hide\">Campos Neto diz que momento exige cautela na pol\u00edtica monet\u00e1ria<\/figcaption>\n\t\t<\/figure>\n\t<\/div>\n\n\n<p>Em entrevista \u00e0 GloboNews, Campos Neto mostrou um olhar positivo sobre uma poss\u00edvel redu\u00e7\u00e3o da <strong>taxa Selic<\/strong>. Dessa forma, ele tamb\u00e9m destacou como deve ficar o cen\u00e1rio para a <strong>infla\u00e7\u00e3o<\/strong>.<\/p>\n<p>\u201cBasicamente o que n\u00f3s dissemos na \u00faltima comunica\u00e7\u00e3o. Quando n\u00f3s olhamos o externo ele est\u00e1 mais benigno, quando n\u00f3s olhamos o hiato do produto, quando olhamos a capacidade ociosa, n\u00f3s hoje temos uma capacidade ociosa maior, n\u00f3s inclusive reconhecemos que teve interrup\u00e7\u00e3o no crescimento, que \u00e9 um termo forte\u201d, disse o presidente do Banco Central.<\/p>\n\t<p>\n\t\t<a href=\"https:\/\/lp.suno.com.br\/ebook-investindo-em-fiis\/\" target=\"_blank\" data-element=\"shortcode-suno-banner\" title=\"Banner SUNO, clique e saiba mais\">\n\t\t\t<picture>\n\t\t\t\t<source media=\"(max-width: 500px)\" srcset=\"https:\/\/files.sunoresearch.com.br\/n\/uploads\/2023\/07\/Ebook-Fundos-Imobiliarios-Mobile.jpg\">\n\t\t\t\t<img class=\"newsContent__article__imgCapa newsContent__article__imgCapa--banner\"\n\t\t\t\t\tsrc=\"https:\/\/files.sunoresearch.com.br\/n\/uploads\/2023\/07\/Ebook-Fundos-Imobiliarios-Desktop.jpg\"\n\t\t\t\t\tdata-promo-id=\"378301\"\t\t\t\t\t\t\t\t\t\twidth='1420' height='286'\t\t\t\t\talt=\"https:\/\/files.sunoresearch.com.br\/n\/uploads\/2023\/07\/Ebook-Fundos-Imobiliarios-Desktop.jpg\"\n\t\t\t\t>\n\t\t\t<\/picture>\n\t\t<\/a>\n\t<\/p>\n\n\n<p>Ainda sobre melhoras no <strong>cen\u00e1rio<\/strong> <strong>econ\u00f4mico<\/strong>, Campos Neto falou sobre a rela\u00e7\u00e3o da infla\u00e7\u00e3o com a reforma.\u00a0\u201cE como n\u00f3s t\u00ednhamos tr\u00eas fatores e dois melhoraram sensivelmente, n\u00f3s passamos ent\u00e3o a dizer que o fator preponderante ficou com as reformas. Obviamente um avan\u00e7o nas reformas faz com que o cen\u00e1rio fique mais benigno para a infla\u00e7\u00e3o no futuro\u201d, enunciou.<\/p>\n<h2>Taxa Selic<\/h2>\n<div class=\"footer-ad\">\n<div class=\"footer-ad\">\n<div class=\"amp-hidden\">\n<p>Ao final do m\u00eas de julho, o <strong>Comit\u00ea<\/strong> <strong>de Pol\u00edtica<\/strong> <strong>Monet\u00e1ria<\/strong> ter\u00e1 uma reuni\u00e3o para decidir a taxa de juros b\u00e1sicos. No momento, ela est\u00e1 em 6,5% ao ano.<\/p>\n<p>Em uma atual pesquisa Focus, o <strong>Banco<\/strong> <strong>Central<\/strong>, junto a economistas, afirmou que \u00e9 esperado uma baixa de 0,25% na taxa b\u00e1sica de juros no dia 31 deste m\u00eas.<\/p>\n<p>Em maio deste ano, o economista-chefe do Ita\u00fa, M\u00e1rio Mesquita, disse que o Banco Central deveria diminuir a taxa Selic a partir do m\u00eas de setembro.\u00a0<span style=\"font-size: 1.21429rem;\">Entretanto, conforme o economista, isto ocorreria apenas se a <\/span>reforma da Previd\u00eancia fosse aprovada.<\/p>\n<h2>Meta para a infla\u00e7\u00e3o em 2019<\/h2>\n<p>Com uma poss\u00edvel manuten\u00e7\u00e3o da taxa b\u00e1sica de juros, pelo Copom, a finalidade ser\u00e1 cumprir a <a href=\"https:\/\/www.suno.com.br\/artigos\/meta-de-inflacao\/\">meta de infla\u00e7\u00e3o<\/a> determinada pelo Conselho Monet\u00e1rio Nacional (CMN).<\/p>\n<p>Dessa forma, a taxa Selic funciona como uma ferramenta para conduzir a <a href=\"https:\/\/www.suno.com.br\/artigos\/politica-monetaria\/\">pol\u00edtica monet\u00e1ria<\/a> do Pa\u00eds.<\/p>\n<p>Veja as metas colocadas pelo <strong>CMN<\/strong>\u00a0( Conselho Monet\u00e1rio Nacional) para a infla\u00e7\u00e3o nos pr\u00f3ximos anos:<\/p>\n<ul>\n<li>2019: 4,25%, com intervalo de toler\u00e2ncia de 1,5% (entre 2,75% e 5,75%)<\/li>\n<li>2020: 4%, com intervalo de toler\u00e2ncia de 1,5% (entre 2,5% e 5,5%)<\/li>\n<\/ul>\n<p>Sendo assim, h\u00e1 duas alternativas para guiar a manuten\u00e7\u00e3o dos juros:<\/p>\n<ol>\n<li>Proje\u00e7\u00f5es para infla\u00e7\u00e3o alinhadas \u00e0 meta do CMN: o Copom reduz os juros b\u00e1sicos.<\/li>\n<li>Proje\u00e7\u00f5es para <strong>infla\u00e7\u00e3o <\/strong>n\u00e3o alinhadas \u00e0 meta do CMN: o Copom aumenta os juros b\u00e1sicos.<\/li>\n<\/ol>\n\t<p>\n\t\t<a href=\"https:\/\/lp2.suno.com.br\/pv\/bolsa-para-iniciantes?utm_campaign=_SNC757A2733_rs.mpr26---meu-primeiro-rendimento---venda---not\u00edcias&#038;utm_source=suno-not\u00edcias&#038;utm_medium=banner.noticias\" target=\"_blank\" data-element=\"shortcode-suno-banner\" title=\"Banner SUNO, clique e saiba mais\">\n\t\t\t<picture>\n\t\t\t\t<source media=\"(max-width: 500px)\" srcset=\"https:\/\/files.sunoresearch.com.br\/n\/uploads\/2026\/04\/400x300-Banner-Materias-01-png.webp\">\n\t\t\t\t<img class=\"newsContent__article__imgCapa newsContent__article__imgCapa--banner\"\n\t\t\t\t\tsrc=\"https:\/\/files.sunoresearch.com.br\/n\/uploads\/2026\/04\/1420x240-Banner-Materias-01-png.webp\"\n\t\t\t\t\tdata-promo-id=\"647482\"\t\t\t\t\t\t\t\t\t\twidth='1420' height='240'\t\t\t\t\talt=\"https:\/\/files.sunoresearch.com.br\/n\/uploads\/2026\/04\/1420x240-Banner-Materias-01-png.webp\"\n\t\t\t\t>\n\t\t\t<\/picture>\n\t\t<\/a>\n\t<\/p>\n\n\n<\/div>\n<\/div>\n<\/div>\n","protected":false},"excerpt":{"rendered":"<p>Na \u00faltima quarta-feira (10), o presidente do Banco Central, Roberto Campos Neto, disse que, com o progresso nas reformas, a perspectiva \u00e9 de um ambiente mais favor\u00e1vel para a infla\u00e7\u00e3o. Para o mandat\u00e1rio, a aprova\u00e7\u00e3o do texto-base da reforma da Previd\u00eancia j\u00e1 foi um grande passo. Campos Neto diz que momento exige cautela na pol\u00edtica [&hellip;]<\/p>\n","protected":false},"author":19,"featured_media":30823,"comment_status":"closed","ping_status":"closed","sticky":false,"template":"","format":"standard","meta":[],"categories":[62],"tags":[850,940,290],"suno_strategy":[],"class_list":["post-30813","post","type-post","status-publish","format-standard","has-post-thumbnail","hentry","category-economia","tag-inflacao","tag-reforma-da-previdencia","tag-taxa-selic"],"yoast_head":"<!-- This site is optimized with the Yoast SEO plugin v24.4 - https:\/\/yoast.com\/wordpress\/plugins\/seo\/ -->\n<title>Reformas tornam cen\u00e1rio mais ben\u00e9fico para infla\u00e7\u00e3o, diz Campos Neto<\/title>\n<meta name=\"description\" content=\"O presidente do BC, Roberto Campos Neto, disse que o progresso nas reformas deixa o ambiente mais favor\u00e1vel para a infla\u00e7\u00e3o. Saiba mais.\" \/>\n<meta name=\"robots\" content=\"index, follow, max-snippet:-1, max-image-preview:large, max-video-preview:-1\" \/>\n<link rel=\"canonical\" href=\"https:\/\/www.suno.com.br\/noticias\/reformas-positivo-inflacao-campos-neto\/\" \/>\n<meta property=\"og:locale\" content=\"pt_BR\" \/>\n<meta property=\"og:type\" content=\"article\" \/>\n<meta property=\"og:title\" content=\"Reformas tornam cen\u00e1rio mais ben\u00e9fico para infla\u00e7\u00e3o, diz Campos Neto\" \/>\n<meta property=\"og:description\" content=\"O presidente do BC, Roberto Campos Neto, disse que o progresso nas reformas deixa o ambiente mais favor\u00e1vel para a infla\u00e7\u00e3o. Saiba mais.\" \/>\n<meta property=\"og:url\" content=\"https:\/\/www.suno.com.br\/noticias\/reformas-positivo-inflacao-campos-neto\/\" \/>\n<meta property=\"og:site_name\" content=\"Suno Not\u00edcias\" \/>\n<meta property=\"article:publisher\" content=\"https:\/\/facebook.com\/sunoresearch\" \/>\n<meta property=\"og:image\" content=\"https:\/\/files.sunoresearch.com.br\/n\/uploads\/2019\/07\/ac14618d-campos-neto.jpg\" \/>\n\t<meta property=\"og:image:width\" content=\"1140\" \/>\n\t<meta property=\"og:image:height\" content=\"760\" \/>\n\t<meta property=\"og:image:type\" content=\"image\/jpeg\" \/>\n<meta name=\"author\" content=\"Juliano Passaro\" \/>\n<meta name=\"twitter:card\" content=\"summary_large_image\" \/>\n<meta name=\"twitter:creator\" content=\"@sunoresearch\" \/>\n<meta name=\"twitter:site\" content=\"@sunoresearch\" \/>\n<meta name=\"twitter:label1\" content=\"Escrito por\" \/>\n\t<meta name=\"twitter:data1\" content=\"Juliano Passaro\" \/>\n\t<meta name=\"twitter:label2\" content=\"Est. tempo de leitura\" \/>\n\t<meta name=\"twitter:data2\" content=\"2 minutos\" \/>\n<script type=\"application\/ld+json\" class=\"yoast-schema-graph\">{\"@context\":\"https:\/\/schema.org\",\"@graph\":[{\"@type\":\"NewsArticle\",\"@id\":\"https:\/\/www.suno.com.br\/noticias\/reformas-positivo-inflacao-campos-neto\/#article\",\"isPartOf\":{\"@id\":\"https:\/\/www.suno.com.br\/noticias\/reformas-positivo-inflacao-campos-neto\/\"},\"author\":{\"name\":\"Juliano Passaro\",\"@id\":\"https:\/\/www.suno.com.br\/noticias\/#\/schema\/person\/1db762f78ffd8919a648a63e425953e3\"},\"headline\":\"Reformas tornam cen\u00e1rio mais ben\u00e9fico para infla\u00e7\u00e3o, segundo Campos Neto\",\"datePublished\":\"2019-07-12T12:52:05+00:00\",\"dateModified\":\"2021-02-18T20:23:57+00:00\",\"mainEntityOfPage\":{\"@id\":\"https:\/\/www.suno.com.br\/noticias\/reformas-positivo-inflacao-campos-neto\/\"},\"wordCount\":475,\"publisher\":{\"@id\":\"https:\/\/www.suno.com.br\/noticias\/#organization\"},\"image\":{\"@id\":\"https:\/\/www.suno.com.br\/noticias\/reformas-positivo-inflacao-campos-neto\/#primaryimage\"},\"thumbnailUrl\":\"https:\/\/files.sunoresearch.com.br\/n\/uploads\/2019\/07\/ac14618d-campos-neto-jpg.webp\",\"keywords\":[\"infla\u00e7\u00e3o\",\"Reforma da Previd\u00eancia\",\"Taxa Selic\"],\"articleSection\":[\"Economia\"],\"inLanguage\":\"pt-BR\"},{\"@type\":\"WebPage\",\"@id\":\"https:\/\/www.suno.com.br\/noticias\/reformas-positivo-inflacao-campos-neto\/\",\"url\":\"https:\/\/www.suno.com.br\/noticias\/reformas-positivo-inflacao-campos-neto\/\",\"name\":\"Reformas tornam cen\u00e1rio mais ben\u00e9fico para infla\u00e7\u00e3o, diz Campos Neto\",\"isPartOf\":{\"@id\":\"https:\/\/www.suno.com.br\/noticias\/#website\"},\"primaryImageOfPage\":{\"@id\":\"https:\/\/www.suno.com.br\/noticias\/reformas-positivo-inflacao-campos-neto\/#primaryimage\"},\"image\":{\"@id\":\"https:\/\/www.suno.com.br\/noticias\/reformas-positivo-inflacao-campos-neto\/#primaryimage\"},\"thumbnailUrl\":\"https:\/\/files.sunoresearch.com.br\/n\/uploads\/2019\/07\/ac14618d-campos-neto-jpg.webp\",\"datePublished\":\"2019-07-12T12:52:05+00:00\",\"dateModified\":\"2021-02-18T20:23:57+00:00\",\"description\":\"O presidente do BC, Roberto Campos Neto, disse que o progresso nas reformas deixa o ambiente mais favor\u00e1vel para a infla\u00e7\u00e3o. Saiba mais.\",\"breadcrumb\":{\"@id\":\"https:\/\/www.suno.com.br\/noticias\/reformas-positivo-inflacao-campos-neto\/#breadcrumb\"},\"inLanguage\":\"pt-BR\",\"potentialAction\":[{\"@type\":\"ReadAction\",\"target\":[\"https:\/\/www.suno.com.br\/noticias\/reformas-positivo-inflacao-campos-neto\/\"]}]},{\"@type\":\"ImageObject\",\"inLanguage\":\"pt-BR\",\"@id\":\"https:\/\/www.suno.com.br\/noticias\/reformas-positivo-inflacao-campos-neto\/#primaryimage\",\"url\":\"https:\/\/files.sunoresearch.com.br\/n\/uploads\/2019\/07\/ac14618d-campos-neto-jpg.webp\",\"contentUrl\":\"https:\/\/files.sunoresearch.com.br\/n\/uploads\/2019\/07\/ac14618d-campos-neto-jpg.webp\",\"width\":1140,\"height\":760,\"caption\":\"Campos Neto diz que momento exige cautela na pol\u00edtica monet\u00e1ria\"},{\"@type\":\"BreadcrumbList\",\"@id\":\"https:\/\/www.suno.com.br\/noticias\/reformas-positivo-inflacao-campos-neto\/#breadcrumb\",\"itemListElement\":[{\"@type\":\"ListItem\",\"position\":1,\"name\":\"Not\u00edcias\",\"item\":\"https:\/\/www.suno.com.br\/noticias\/\"},{\"@type\":\"ListItem\",\"position\":2,\"name\":\"Economia\",\"item\":\"https:\/\/www.suno.com.br\/noticias\/economia\/\"},{\"@type\":\"ListItem\",\"position\":3,\"name\":\"Reformas tornam cen\u00e1rio mais ben\u00e9fico para infla\u00e7\u00e3o, segundo Campos Neto\"}]},{\"@type\":\"WebSite\",\"@id\":\"https:\/\/www.suno.com.br\/noticias\/#website\",\"url\":\"https:\/\/www.suno.com.br\/noticias\/\",\"name\":\"Suno Not\u00edcias\",\"description\":\"Seu portal de informa\u00e7\u00e3o sobre o mundo dos investimentos\",\"publisher\":{\"@id\":\"https:\/\/www.suno.com.br\/noticias\/#organization\"},\"potentialAction\":[{\"@type\":\"SearchAction\",\"target\":{\"@type\":\"EntryPoint\",\"urlTemplate\":\"https:\/\/www.suno.com.br\/noticias\/?s={search_term_string}\"},\"query-input\":{\"@type\":\"PropertyValueSpecification\",\"valueRequired\":true,\"valueName\":\"search_term_string\"}}],\"inLanguage\":\"pt-BR\"},{\"@type\":\"Organization\",\"@id\":\"https:\/\/www.suno.com.br\/noticias\/#organization\",\"name\":\"Suno Not\u00edcias\",\"url\":\"https:\/\/www.suno.com.br\/noticias\/\",\"logo\":{\"@type\":\"ImageObject\",\"inLanguage\":\"pt-BR\",\"@id\":\"https:\/\/www.suno.com.br\/noticias\/#\/schema\/logo\/image\/\",\"url\":\"https:\/\/files.sunoresearch.com.br\/n\/uploads\/2021\/09\/suno-logo.png\",\"contentUrl\":\"https:\/\/files.sunoresearch.com.br\/n\/uploads\/2021\/09\/suno-logo.png\",\"width\":180,\"height\":180,\"caption\":\"Suno Not\u00edcias\"},\"image\":{\"@id\":\"https:\/\/www.suno.com.br\/noticias\/#\/schema\/logo\/image\/\"},\"sameAs\":[\"https:\/\/facebook.com\/sunoresearch\",\"https:\/\/x.com\/sunoresearch\",\"https:\/\/www.instagram.com\/suno\",\"https:\/\/www.linkedin.com\/company\/suno-research\/\",\"https:\/\/www.youtube.com\/c\/sunoresearch\"]},{\"@type\":\"Person\",\"@id\":\"https:\/\/www.suno.com.br\/noticias\/#\/schema\/person\/1db762f78ffd8919a648a63e425953e3\",\"name\":\"Juliano Passaro\",\"image\":{\"@type\":\"ImageObject\",\"inLanguage\":\"pt-BR\",\"@id\":\"https:\/\/www.suno.com.br\/noticias\/#\/schema\/person\/image\/\",\"url\":\"https:\/\/secure.gravatar.com\/avatar\/743d4df28eebf6dcc46b4ad03c319e92?s=96&r=g\",\"contentUrl\":\"https:\/\/secure.gravatar.com\/avatar\/743d4df28eebf6dcc46b4ad03c319e92?s=96&r=g\",\"caption\":\"Juliano Passaro\"},\"description\":\"Juliano Passaro escreve sobre pol\u00edtica, economia e neg\u00f3cios para o portal da Suno Research. Antes da Suno, trabalhou no Portal da Band. \u00c9 formado em jornalismo pela Universidade Presbiteriana Mackenzie.\",\"url\":\"https:\/\/www.suno.com.br\/noticias\/author\/juliano\/\"}]}<\/script>\n<!-- \/ Yoast SEO plugin. -->","yoast_head_json":{"title":"Reformas tornam cen\u00e1rio mais ben\u00e9fico para infla\u00e7\u00e3o, diz Campos Neto","description":"O presidente do BC, Roberto Campos Neto, disse que o progresso nas reformas deixa o ambiente mais favor\u00e1vel para a infla\u00e7\u00e3o. Saiba mais.","robots":{"index":"index","follow":"follow","max-snippet":"max-snippet:-1","max-image-preview":"max-image-preview:large","max-video-preview":"max-video-preview:-1"},"canonical":"https:\/\/www.suno.com.br\/noticias\/reformas-positivo-inflacao-campos-neto\/","og_locale":"pt_BR","og_type":"article","og_title":"Reformas tornam cen\u00e1rio mais ben\u00e9fico para infla\u00e7\u00e3o, diz Campos Neto","og_description":"O presidente do BC, Roberto Campos Neto, disse que o progresso nas reformas deixa o ambiente mais favor\u00e1vel para a infla\u00e7\u00e3o. Saiba mais.","og_url":"https:\/\/www.suno.com.br\/noticias\/reformas-positivo-inflacao-campos-neto\/","og_site_name":"Suno Not\u00edcias","article_publisher":"https:\/\/facebook.com\/sunoresearch","og_image":[{"width":1140,"height":760,"url":"https:\/\/files.sunoresearch.com.br\/n\/uploads\/2019\/07\/ac14618d-campos-neto.jpg","type":"image\/jpeg"}],"author":"Juliano Passaro","twitter_card":"summary_large_image","twitter_creator":"@sunoresearch","twitter_site":"@sunoresearch","twitter_misc":{"Escrito por":"Juliano Passaro","Est. tempo de leitura":"2 minutos"},"schema":{"@context":"https:\/\/schema.org","@graph":[{"@type":"NewsArticle","@id":"https:\/\/www.suno.com.br\/noticias\/reformas-positivo-inflacao-campos-neto\/#article","isPartOf":{"@id":"https:\/\/www.suno.com.br\/noticias\/reformas-positivo-inflacao-campos-neto\/"},"author":{"name":"Juliano Passaro","@id":"https:\/\/www.suno.com.br\/noticias\/#\/schema\/person\/1db762f78ffd8919a648a63e425953e3"},"headline":"Reformas tornam cen\u00e1rio mais ben\u00e9fico para infla\u00e7\u00e3o, segundo Campos Neto","datePublished":"2019-07-12T12:52:05+00:00","dateModified":"2021-02-18T20:23:57+00:00","mainEntityOfPage":{"@id":"https:\/\/www.suno.com.br\/noticias\/reformas-positivo-inflacao-campos-neto\/"},"wordCount":475,"publisher":{"@id":"https:\/\/www.suno.com.br\/noticias\/#organization"},"image":{"@id":"https:\/\/www.suno.com.br\/noticias\/reformas-positivo-inflacao-campos-neto\/#primaryimage"},"thumbnailUrl":"https:\/\/files.sunoresearch.com.br\/n\/uploads\/2019\/07\/ac14618d-campos-neto-jpg.webp","keywords":["infla\u00e7\u00e3o","Reforma da Previd\u00eancia","Taxa Selic"],"articleSection":["Economia"],"inLanguage":"pt-BR"},{"@type":"WebPage","@id":"https:\/\/www.suno.com.br\/noticias\/reformas-positivo-inflacao-campos-neto\/","url":"https:\/\/www.suno.com.br\/noticias\/reformas-positivo-inflacao-campos-neto\/","name":"Reformas tornam cen\u00e1rio mais ben\u00e9fico para infla\u00e7\u00e3o, diz Campos Neto","isPartOf":{"@id":"https:\/\/www.suno.com.br\/noticias\/#website"},"primaryImageOfPage":{"@id":"https:\/\/www.suno.com.br\/noticias\/reformas-positivo-inflacao-campos-neto\/#primaryimage"},"image":{"@id":"https:\/\/www.suno.com.br\/noticias\/reformas-positivo-inflacao-campos-neto\/#primaryimage"},"thumbnailUrl":"https:\/\/files.sunoresearch.com.br\/n\/uploads\/2019\/07\/ac14618d-campos-neto-jpg.webp","datePublished":"2019-07-12T12:52:05+00:00","dateModified":"2021-02-18T20:23:57+00:00","description":"O presidente do BC, Roberto Campos Neto, disse que o progresso nas reformas deixa o ambiente mais favor\u00e1vel para a infla\u00e7\u00e3o. Saiba mais.","breadcrumb":{"@id":"https:\/\/www.suno.com.br\/noticias\/reformas-positivo-inflacao-campos-neto\/#breadcrumb"},"inLanguage":"pt-BR","potentialAction":[{"@type":"ReadAction","target":["https:\/\/www.suno.com.br\/noticias\/reformas-positivo-inflacao-campos-neto\/"]}]},{"@type":"ImageObject","inLanguage":"pt-BR","@id":"https:\/\/www.suno.com.br\/noticias\/reformas-positivo-inflacao-campos-neto\/#primaryimage","url":"https:\/\/files.sunoresearch.com.br\/n\/uploads\/2019\/07\/ac14618d-campos-neto-jpg.webp","contentUrl":"https:\/\/files.sunoresearch.com.br\/n\/uploads\/2019\/07\/ac14618d-campos-neto-jpg.webp","width":1140,"height":760,"caption":"Campos Neto diz que momento exige cautela na pol\u00edtica monet\u00e1ria"},{"@type":"BreadcrumbList","@id":"https:\/\/www.suno.com.br\/noticias\/reformas-positivo-inflacao-campos-neto\/#breadcrumb","itemListElement":[{"@type":"ListItem","position":1,"name":"Not\u00edcias","item":"https:\/\/www.suno.com.br\/noticias\/"},{"@type":"ListItem","position":2,"name":"Economia","item":"https:\/\/www.suno.com.br\/noticias\/economia\/"},{"@type":"ListItem","position":3,"name":"Reformas tornam cen\u00e1rio mais ben\u00e9fico para infla\u00e7\u00e3o, segundo Campos Neto"}]},{"@type":"WebSite","@id":"https:\/\/www.suno.com.br\/noticias\/#website","url":"https:\/\/www.suno.com.br\/noticias\/","name":"Suno Not\u00edcias","description":"Seu portal de informa\u00e7\u00e3o sobre o mundo dos investimentos","publisher":{"@id":"https:\/\/www.suno.com.br\/noticias\/#organization"},"potentialAction":[{"@type":"SearchAction","target":{"@type":"EntryPoint","urlTemplate":"https:\/\/www.suno.com.br\/noticias\/?s={search_term_string}"},"query-input":{"@type":"PropertyValueSpecification","valueRequired":true,"valueName":"search_term_string"}}],"inLanguage":"pt-BR"},{"@type":"Organization","@id":"https:\/\/www.suno.com.br\/noticias\/#organization","name":"Suno Not\u00edcias","url":"https:\/\/www.suno.com.br\/noticias\/","logo":{"@type":"ImageObject","inLanguage":"pt-BR","@id":"https:\/\/www.suno.com.br\/noticias\/#\/schema\/logo\/image\/","url":"https:\/\/files.sunoresearch.com.br\/n\/uploads\/2021\/09\/suno-logo.png","contentUrl":"https:\/\/files.sunoresearch.com.br\/n\/uploads\/2021\/09\/suno-logo.png","width":180,"height":180,"caption":"Suno Not\u00edcias"},"image":{"@id":"https:\/\/www.suno.com.br\/noticias\/#\/schema\/logo\/image\/"},"sameAs":["https:\/\/facebook.com\/sunoresearch","https:\/\/x.com\/sunoresearch","https:\/\/www.instagram.com\/suno","https:\/\/www.linkedin.com\/company\/suno-research\/","https:\/\/www.youtube.com\/c\/sunoresearch"]},{"@type":"Person","@id":"https:\/\/www.suno.com.br\/noticias\/#\/schema\/person\/1db762f78ffd8919a648a63e425953e3","name":"Juliano Passaro","image":{"@type":"ImageObject","inLanguage":"pt-BR","@id":"https:\/\/www.suno.com.br\/noticias\/#\/schema\/person\/image\/","url":"https:\/\/secure.gravatar.com\/avatar\/743d4df28eebf6dcc46b4ad03c319e92?s=96&r=g","contentUrl":"https:\/\/secure.gravatar.com\/avatar\/743d4df28eebf6dcc46b4ad03c319e92?s=96&r=g","caption":"Juliano Passaro"},"description":"Juliano Passaro escreve sobre pol\u00edtica, economia e neg\u00f3cios para o portal da Suno Research. Antes da Suno, trabalhou no Portal da Band. \u00c9 formado em jornalismo pela Universidade Presbiteriana Mackenzie.","url":"https:\/\/www.suno.com.br\/noticias\/author\/juliano\/"}]}},"default_loop_html":"<div class=\"cardsPage__listCard__boxs\"><div class=\"cardsPage__listCard__boxs__img\"><a href=\"https:\/\/www.suno.com.br\/noticias\/reformas-positivo-inflacao-campos-neto\/\"><img class=\"mask\" src=\"https:\/\/www.suno.com.br\/noticias\/wp-content\/themes\/suno\/resources\/images\/spotlight\/spotlight1img\/bg-mask.png\" alt=\"Image Mask\"\/><img src=\"https:\/\/files.sunoresearch.com.br\/n\/uploads\/2019\/07\/ac14618d-campos-neto-400x200.webp\" alt=\"Reformas tornam cen\u00e1rio mais ben\u00e9fico para infla\u00e7\u00e3o, segundo Campos Neto\"\/><\/a><span class=\"spotlightCategory\"><a href=\"https:\/\/www.suno.com.br\/noticias\/economia\/\">Economia<\/a><\/span><\/div><div class=\"cardsPage__listCard__boxs__content\"><a href=\"https:\/\/www.suno.com.br\/noticias\/reformas-positivo-inflacao-campos-neto\/\"><h2 class=\"content__title\">Reformas tornam cen\u00e1rio mais ben\u00e9fico para infla\u00e7\u00e3o, segundo Campos Neto<\/h2><\/a><div class=\"newsContent__article__meta\"><div class=\"newsContent__article__meta__authorBox\"><a href=\"https:\/\/www.suno.com.br\/noticias\/author\/juliano\/\" class=\"authorBox__avatar noMobi\"><img src=\"https:\/\/files.sunoresearch.com.br\/n\/uploads\/2019\/06\/7cc3efea-whatsapp-image-2019-07-18-at-21.59.33-e1563499821209-150x150.webp\" alt=\"Juliano Passaro\"><\/a><div class=\"authorBox__name\"><span>por\n\t\t\t<a href=\"https:\/\/www.suno.com.br\/noticias\/author\/juliano\/\"><span itemprop=\"author\">Juliano Passaro<\/span><\/a><\/span><time datetime=\"2019-07-12T09:52:05-03:00\" itemprop=\"datePublished\">12\/07\/2019 09:52<\/time><\/div><\/div><\/div><\/div><\/div>","single_layout":"posts","amp_enabled":true,"_links":{"self":[{"href":"https:\/\/www.suno.com.br\/noticias\/wp-json\/wp\/v2\/posts\/30813"}],"collection":[{"href":"https:\/\/www.suno.com.br\/noticias\/wp-json\/wp\/v2\/posts"}],"about":[{"href":"https:\/\/www.suno.com.br\/noticias\/wp-json\/wp\/v2\/types\/post"}],"author":[{"embeddable":true,"href":"https:\/\/www.suno.com.br\/noticias\/wp-json\/wp\/v2\/users\/19"}],"replies":[{"embeddable":true,"href":"https:\/\/www.suno.com.br\/noticias\/wp-json\/wp\/v2\/comments?post=30813"}],"version-history":[{"count":0,"href":"https:\/\/www.suno.com.br\/noticias\/wp-json\/wp\/v2\/posts\/30813\/revisions"}],"wp:featuredmedia":[{"embeddable":true,"href":"https:\/\/www.suno.com.br\/noticias\/wp-json\/wp\/v2\/media\/30823"}],"wp:attachment":[{"href":"https:\/\/www.suno.com.br\/noticias\/wp-json\/wp\/v2\/media?parent=30813"}],"wp:term":[{"taxonomy":"category","embeddable":true,"href":"https:\/\/www.suno.com.br\/noticias\/wp-json\/wp\/v2\/categories?post=30813"},{"taxonomy":"post_tag","embeddable":true,"href":"https:\/\/www.suno.com.br\/noticias\/wp-json\/wp\/v2\/tags?post=30813"},{"taxonomy":"suno_strategy","embeddable":true,"href":"https:\/\/www.suno.com.br\/noticias\/wp-json\/wp\/v2\/suno_strategy?post=30813"}],"curies":[{"name":"wp","href":"https:\/\/api.w.org\/{rel}","templated":true}]}}