{"id":30806,"date":"2019-07-12T09:17:08","date_gmt":"2019-07-12T12:17:08","guid":{"rendered":"https:\/\/www.suno.com.br\/noticias\/?p=30806"},"modified":"2019-07-12T09:17:08","modified_gmt":"2019-07-12T12:17:08","slug":"dolar-12072019","status":"publish","type":"post","link":"https:\/\/www.suno.com.br\/noticias\/dolar-12072019\/","title":{"rendered":"D\u00f3lar sobe; Mercado de olho na an\u00e1lise dos destaques da reforma"},"content":{"rendered":"<p>O d\u00f3lar iniciou esta manh\u00e3 em alta. Nesta sexta-feira (12), por volta das 9h10 a moeda norte-americana registrava uma alta de 0,181% sendo negociada a R$ 3,7583.<\/p>\t<div class=\"wrapper-featured-image\">\n\t\t<figure class=\"spotlightImg\">\n\n\t\t\t<picture>\n\t\t\t\t<source media=\"(max-width: 768px)\" srcset=\"https:\/\/files.sunoresearch.com.br\/n\/uploads\/2019\/04\/74ae7d56-d\u00f3lar-400x200.webp\">\n\t\t\t\t<img loading=\"lazy\" decoding=\"async\" class=\"newsContent__article__imgCapa lazyloadDisabled newsContent__article__imgCapa--noCaption\" src=\"https:\/\/files.sunoresearch.com.br\/n\/uploads\/2019\/04\/74ae7d56-d\u00f3lar-800x450.webp\" width=\"800\" height=\"450\" alt=\"D\u00f3lar sobe; Mercado de olho na an\u00e1lise dos destaques da reforma\" fetchpriority=high \/>\n\t\t\t<\/picture>\n\n\t\t\t<figcaption class=\"wp-caption-text wp-caption-text--hide\">Na \u00faltima sess\u00e3o, ter\u00e7a-feira (1), o d\u00f3lar encerrou o primeiro dia do m\u00eas de setembro com queda de 1,75%, negociado a R$ 5,3845.<\/figcaption>\n\t\t<\/figure>\n\t<\/div>\n\n\n<p>O <strong>d\u00f3lar<\/strong> segue operando com olhos atentos \u00e0s movimenta\u00e7\u00f5es dos investidores na medida em que a <strong>reforma da Previd\u00eancia<\/strong> avan\u00e7a na tramita\u00e7\u00e3o. Embora cauteloso com a an\u00e1lise dos destaques no plen\u00e1rio da <strong>C\u00e2mara dos Deputados<\/strong>, o mercado segue confiante de que o texto ir\u00e1 ser aprovado no segundo turno de vota\u00e7\u00f5es ainda nesta sexta-feira.<\/p>\n<p>No cen\u00e1rio externo, a declara\u00e7\u00e3o do presidente do Federal Reserve (<strong>Fed<\/strong>, banco central norte-americano), <strong>Jerome<\/strong> <strong>Powell<\/strong>, sobre a taxa de juros ainda assombra os investidores.<\/p>\n\t<p>\n\t\t<a href=\"https:\/\/lp.suno.com.br\/asset\/suno-fundo-de-fundos-snff11\/\" target=\"_blank\" data-element=\"shortcode-suno-banner\" title=\"Banner SUNO, clique e saiba mais\">\n\t\t\t<picture>\n\t\t\t\t<source media=\"(max-width: 500px)\" srcset=\"https:\/\/files.sunoresearch.com.br\/n\/uploads\/2024\/01\/400x300-Mobile-Artigos-3-SNFF-AO.png\">\n\t\t\t\t<img class=\"newsContent__article__imgCapa newsContent__article__imgCapa--banner\"\n\t\t\t\t\tsrc=\"https:\/\/files.sunoresearch.com.br\/n\/uploads\/2024\/01\/1420x240-Banner-Artigos-1-_-Banner-Materias-1-SNFF-AO.png\"\n\t\t\t\t\tdata-promo-id=\"364418\"\t\t\t\t\t\t\t\t\t\twidth='1420' height='240'\t\t\t\t\talt=\"https:\/\/files.sunoresearch.com.br\/n\/uploads\/2024\/01\/1420x240-Banner-Artigos-1-_-Banner-Materias-1-SNFF-AO.png\"\n\t\t\t\t>\n\t\t\t<\/picture>\n\t\t<\/a>\n\t<\/p>\n\n\n<h2>Reforma da Previd\u00eancia<\/h2>\n<p>O texto da <strong>reforma da Previd\u00eancia<\/strong> j\u00e1 foi analisado em tr\u00eas dias no Congresso. Embora a proposta tenha sido aprovada na \u00faltima quarta-feira (10), a an\u00e1lise dos destaques segue acontecendo e invadiu esta sexta-feira (12).<\/p>\n<p>Al\u00e9m da aprova\u00e7\u00e3o do texto, a C\u00e2mara autorizou tr\u00eas mudan\u00e7as que flexibilizam as exig\u00eancias de aposentadorias para mulheres e policiais e reduziu o tempo de contribui\u00e7\u00e3o de homens que trabalham na iniciativa privada.<\/p>\n<p>Nesta sexta, ser\u00e3o analisados oito destaques no plen\u00e1rio. Mas para isso, os deputados dever\u00e3o vencer as obstru\u00e7\u00f5es da oposi\u00e7\u00e3o que apresenta requerimentos para a retirada da pauta a cada nova sess\u00e3o.<\/p>\n<p>De acordo com o governo, se a vota\u00e7\u00e3o dos destaques for conclu\u00edda, nesta sexta tentar\u00e3o aprovar a proposta no <strong>segundo turno de vota\u00e7\u00f5es<\/strong>.<\/p>\n<h2>Taxa de juros nos EUA<\/h2>\n<p>Na \u00faltima quarta-feira (10), o presidente do <a href=\"https:\/\/www.suno.com.br\/artigos\/fed\/\">Federal Reserve<\/a> (Fed), <a href=\"https:\/\/www.suno.com.br\/tudo-sobre\/jerome-powell\/\">Jerome Powell<\/a>, em seu discurso no Congresso deixou em aberto a possibilidade de reduzir a taxa b\u00e1sica de <strong>juros<\/strong> do pa\u00eds.<\/p>\n<p>Powell declarou que integrantes do <strong>Fed<\/strong> acreditam que em junho as raz\u00f5es para a redu\u00e7\u00e3o dos juros foram \u201cfortalecidas\u201d devido \u00e0s crescentes \u201cmar\u00e9s de baixa\u201d na economia.<\/p>\n<p><a href=\"https:\/\/www.suno.com.br\/noticias\/ata-fed-diz-autoridades-bc-corte-juros-curto-prazo\/\">Saiba mais:\u00a0Ata do Fed diz que autoridades do BC viram corte de juros no curto prazo<\/a><\/p>\n<h3>Infla\u00e7\u00e3o americana<\/h3>\n<p>A infla\u00e7\u00e3o mensal nos EUA cresceu em junho de 2019. A informa\u00e7\u00e3o foi divulgada na \u00faltima quinta-feira (11) pelo \u00cdndice de Pre\u00e7os ao Consumidor (CPI).<\/p>\n<p>Em cerca de um ano e meio, foi o maior \u00edndice de alta registrado no n\u00facleo de pre\u00e7os ao consumidor. Mesmo assim, as expectativas de redu\u00e7\u00e3o das taxas de juros, pelo BC dos <strong>Estados Unidos<\/strong>, permanecem.<\/p>\n<p>Na quinta, o <strong>Departamento de Trabalho<\/strong> comunicou que, tirando os itens vari\u00e1veis de alimentos e energia, o <strong>CPI<\/strong> subiu 0,3% no \u00faltimo m\u00eas. Dessa forma, \u00e9 a maior alta desde janeiro do ano passado.<\/p>\n<p>O \u00edndice de pre\u00e7os ao consumidor \u00e9 um indicador da varia\u00e7\u00e3o porcentual do pre\u00e7o. Sendo assim, \u00e9 um importante aliado para medir a <a href=\"https:\/\/www.suno.com.br\/artigos\/inflacao\/\"><strong>infla\u00e7\u00e3o<\/strong><\/a>.<\/p>\n\t<p>\n\t\t<a href=\"https:\/\/lp.suno.com.br\/ao\/servico-especializado-suno-tf\/?utm_source=adwords&#038;utm_medium=search&#038;utm_campaign=search.servico.funilconsultoria&#038;utm_content=1147_responsivo-a&#038;hsa_acc=2326072784&#038;hsa_cam=18022897917&#038;hsa_grp=141470255993&#038;hsa_ad=616145467912&#038;hsa_src=g&#038;hsa_tgt=kwd-303658942458&#038;hsa_kw=gestora+de+investimentos&#038;hsa_mt=b&#038;hsa_net=adwords&#038;hsa_ver=3&#038;gad_source=1&#038;gclid=CjwKCAjw1emzBhB8EiwAHwZZxQMvA3xJVRzLGZ70LmuSzR55X-KvxijSay8c5Hm88Sznnq97j8XbORoC-sMQAvD_BwE\" target=\"_blank\" data-element=\"shortcode-suno-banner\" title=\"Banner SUNO, clique e saiba mais\">\n\t\t\t<picture>\n\t\t\t\t<source media=\"(max-width: 500px)\" srcset=\"https:\/\/files.sunoresearch.com.br\/n\/uploads\/2024\/06\/400x300-Mobile-Artigos-4-1.png\">\n\t\t\t\t<img class=\"newsContent__article__imgCapa newsContent__article__imgCapa--banner\"\n\t\t\t\t\tsrc=\"https:\/\/files.sunoresearch.com.br\/n\/uploads\/2024\/06\/1420x240-Banner-Artigos-1-_-Banner-Materias-2-1.png\"\n\t\t\t\t\tdata-promo-id=\"563609\"\t\t\t\t\t\t\t\t\t\twidth='1420' height='240'\t\t\t\t\talt=\"https:\/\/files.sunoresearch.com.br\/n\/uploads\/2024\/06\/1420x240-Banner-Artigos-1-_-Banner-Materias-2-1.png\"\n\t\t\t\t>\n\t\t\t<\/picture>\n\t\t<\/a>\n\t<\/p>\n\n\n<h2>\u00daltima cota\u00e7\u00e3o<\/h2>\n<p>Na \u00faltima sess\u00e3o, na quinta-feira (11), o d\u00f3lar registrou sua pior marca em 4 meses. A moeda recuou -0,186% sendo cotada a R$ 3,7515.<\/p>\n","protected":false},"excerpt":{"rendered":"<p>O d\u00f3lar iniciou esta manh\u00e3 em alta. Nesta sexta-feira (12), por volta das 9h10 a moeda norte-americana registrava uma alta de 0,181% sendo negociada a R$ 3,7583. Na \u00faltima sess\u00e3o, ter\u00e7a-feira (1), o d\u00f3lar encerrou o primeiro dia do m\u00eas de setembro com queda de 1,75%, negociado a R$ 5,3845. O d\u00f3lar segue operando com [&hellip;]<\/p>\n","protected":false},"author":11,"featured_media":21796,"comment_status":"closed","ping_status":"closed","sticky":false,"template":"","format":"standard","meta":[],"categories":[60],"tags":[326],"suno_strategy":[],"class_list":["post-30806","post","type-post","status-publish","format-standard","has-post-thumbnail","hentry","category-mercado","tag-dolar"],"yoast_head":"<!-- This site is optimized with the Yoast SEO plugin v24.4 - https:\/\/yoast.com\/wordpress\/plugins\/seo\/ -->\n<title>D\u00f3lar sobe; Mercado de olho na an\u00e1lise dos destaques da reforma<\/title>\n<meta name=\"description\" content=\"O d\u00f3lar fechou o preg\u00e3o da \u00faltima quinta (11) em queda de -0,186 sendo cotado a R$ 3,7515, menor patamar em 4 meses. Clique e saiba mais.\" \/>\n<meta name=\"robots\" content=\"index, follow, max-snippet:-1, max-image-preview:large, max-video-preview:-1\" \/>\n<link rel=\"canonical\" href=\"https:\/\/www.suno.com.br\/noticias\/dolar-12072019\/\" \/>\n<meta property=\"og:locale\" content=\"pt_BR\" \/>\n<meta property=\"og:type\" content=\"article\" \/>\n<meta property=\"og:title\" content=\"D\u00f3lar sobe; Mercado de olho na an\u00e1lise dos destaques da reforma\" \/>\n<meta property=\"og:description\" content=\"O d\u00f3lar fechou o preg\u00e3o da \u00faltima quinta (11) em queda de -0,186 sendo cotado a R$ 3,7515, menor patamar em 4 meses. Clique e saiba mais.\" \/>\n<meta property=\"og:url\" content=\"https:\/\/www.suno.com.br\/noticias\/dolar-12072019\/\" \/>\n<meta property=\"og:site_name\" content=\"Suno Not\u00edcias\" \/>\n<meta property=\"article:publisher\" content=\"https:\/\/facebook.com\/sunoresearch\" \/>\n<meta property=\"og:image\" content=\"https:\/\/files.sunoresearch.com.br\/n\/uploads\/2019\/04\/74ae7d56-d\u00f3lar.jpg\" \/>\n\t<meta property=\"og:image:width\" content=\"3000\" \/>\n\t<meta property=\"og:image:height\" content=\"2000\" \/>\n\t<meta property=\"og:image:type\" content=\"image\/jpeg\" \/>\n<meta name=\"author\" content=\"Renan Bandeira\" \/>\n<meta name=\"twitter:card\" content=\"summary_large_image\" \/>\n<meta name=\"twitter:creator\" content=\"@sunoresearch\" \/>\n<meta name=\"twitter:site\" content=\"@sunoresearch\" \/>\n<meta name=\"twitter:label1\" content=\"Escrito por\" \/>\n\t<meta name=\"twitter:data1\" content=\"Renan Bandeira\" \/>\n\t<meta name=\"twitter:label2\" content=\"Est. tempo de leitura\" \/>\n\t<meta name=\"twitter:data2\" content=\"3 minutos\" \/>\n<script type=\"application\/ld+json\" class=\"yoast-schema-graph\">{\"@context\":\"https:\/\/schema.org\",\"@graph\":[{\"@type\":\"NewsArticle\",\"@id\":\"https:\/\/www.suno.com.br\/noticias\/dolar-12072019\/#article\",\"isPartOf\":{\"@id\":\"https:\/\/www.suno.com.br\/noticias\/dolar-12072019\/\"},\"author\":{\"name\":\"Renan Bandeira\",\"@id\":\"https:\/\/www.suno.com.br\/noticias\/#\/schema\/person\/fc144a1c6108bd1dcd43784e88a3c138\"},\"headline\":\"D\u00f3lar sobe; Mercado de olho na an\u00e1lise dos destaques da reforma\",\"datePublished\":\"2019-07-12T12:17:08+00:00\",\"mainEntityOfPage\":{\"@id\":\"https:\/\/www.suno.com.br\/noticias\/dolar-12072019\/\"},\"wordCount\":516,\"publisher\":{\"@id\":\"https:\/\/www.suno.com.br\/noticias\/#organization\"},\"image\":{\"@id\":\"https:\/\/www.suno.com.br\/noticias\/dolar-12072019\/#primaryimage\"},\"thumbnailUrl\":\"https:\/\/files.sunoresearch.com.br\/n\/uploads\/2019\/04\/74ae7d56-d\u00f3lar-scaled.webp\",\"keywords\":[\"d\u00f3lar\"],\"articleSection\":[\"Mercado\"],\"inLanguage\":\"pt-BR\"},{\"@type\":\"WebPage\",\"@id\":\"https:\/\/www.suno.com.br\/noticias\/dolar-12072019\/\",\"url\":\"https:\/\/www.suno.com.br\/noticias\/dolar-12072019\/\",\"name\":\"D\u00f3lar sobe; Mercado de olho na an\u00e1lise dos destaques da reforma\",\"isPartOf\":{\"@id\":\"https:\/\/www.suno.com.br\/noticias\/#website\"},\"primaryImageOfPage\":{\"@id\":\"https:\/\/www.suno.com.br\/noticias\/dolar-12072019\/#primaryimage\"},\"image\":{\"@id\":\"https:\/\/www.suno.com.br\/noticias\/dolar-12072019\/#primaryimage\"},\"thumbnailUrl\":\"https:\/\/files.sunoresearch.com.br\/n\/uploads\/2019\/04\/74ae7d56-d\u00f3lar-scaled.webp\",\"datePublished\":\"2019-07-12T12:17:08+00:00\",\"description\":\"O d\u00f3lar fechou o preg\u00e3o da \u00faltima quinta (11) em queda de -0,186 sendo cotado a R$ 3,7515, menor patamar em 4 meses. Clique e saiba mais.\",\"breadcrumb\":{\"@id\":\"https:\/\/www.suno.com.br\/noticias\/dolar-12072019\/#breadcrumb\"},\"inLanguage\":\"pt-BR\",\"potentialAction\":[{\"@type\":\"ReadAction\",\"target\":[\"https:\/\/www.suno.com.br\/noticias\/dolar-12072019\/\"]}]},{\"@type\":\"ImageObject\",\"inLanguage\":\"pt-BR\",\"@id\":\"https:\/\/www.suno.com.br\/noticias\/dolar-12072019\/#primaryimage\",\"url\":\"https:\/\/files.sunoresearch.com.br\/n\/uploads\/2019\/04\/74ae7d56-d\u00f3lar-scaled.webp\",\"contentUrl\":\"https:\/\/files.sunoresearch.com.br\/n\/uploads\/2019\/04\/74ae7d56-d\u00f3lar-scaled.webp\",\"width\":2560,\"height\":1707,\"caption\":\"Na \u00faltima sess\u00e3o, ter\u00e7a-feira (1), o d\u00f3lar encerrou o primeiro dia do m\u00eas de setembro com queda de 1,75%, negociado a R$ 5,3845.\"},{\"@type\":\"BreadcrumbList\",\"@id\":\"https:\/\/www.suno.com.br\/noticias\/dolar-12072019\/#breadcrumb\",\"itemListElement\":[{\"@type\":\"ListItem\",\"position\":1,\"name\":\"Not\u00edcias\",\"item\":\"https:\/\/www.suno.com.br\/noticias\/\"},{\"@type\":\"ListItem\",\"position\":2,\"name\":\"Mercado\",\"item\":\"https:\/\/www.suno.com.br\/noticias\/mercado\/\"},{\"@type\":\"ListItem\",\"position\":3,\"name\":\"D\u00f3lar sobe; Mercado de olho na an\u00e1lise dos destaques da reforma\"}]},{\"@type\":\"WebSite\",\"@id\":\"https:\/\/www.suno.com.br\/noticias\/#website\",\"url\":\"https:\/\/www.suno.com.br\/noticias\/\",\"name\":\"Suno Not\u00edcias\",\"description\":\"Seu portal de informa\u00e7\u00e3o sobre o mundo dos investimentos\",\"publisher\":{\"@id\":\"https:\/\/www.suno.com.br\/noticias\/#organization\"},\"potentialAction\":[{\"@type\":\"SearchAction\",\"target\":{\"@type\":\"EntryPoint\",\"urlTemplate\":\"https:\/\/www.suno.com.br\/noticias\/?s={search_term_string}\"},\"query-input\":{\"@type\":\"PropertyValueSpecification\",\"valueRequired\":true,\"valueName\":\"search_term_string\"}}],\"inLanguage\":\"pt-BR\"},{\"@type\":\"Organization\",\"@id\":\"https:\/\/www.suno.com.br\/noticias\/#organization\",\"name\":\"Suno Not\u00edcias\",\"url\":\"https:\/\/www.suno.com.br\/noticias\/\",\"logo\":{\"@type\":\"ImageObject\",\"inLanguage\":\"pt-BR\",\"@id\":\"https:\/\/www.suno.com.br\/noticias\/#\/schema\/logo\/image\/\",\"url\":\"https:\/\/files.sunoresearch.com.br\/n\/uploads\/2021\/09\/suno-logo.png\",\"contentUrl\":\"https:\/\/files.sunoresearch.com.br\/n\/uploads\/2021\/09\/suno-logo.png\",\"width\":180,\"height\":180,\"caption\":\"Suno Not\u00edcias\"},\"image\":{\"@id\":\"https:\/\/www.suno.com.br\/noticias\/#\/schema\/logo\/image\/\"},\"sameAs\":[\"https:\/\/facebook.com\/sunoresearch\",\"https:\/\/x.com\/sunoresearch\",\"https:\/\/www.instagram.com\/suno\",\"https:\/\/www.linkedin.com\/company\/suno-research\/\",\"https:\/\/www.youtube.com\/c\/sunoresearch\"]},{\"@type\":\"Person\",\"@id\":\"https:\/\/www.suno.com.br\/noticias\/#\/schema\/person\/fc144a1c6108bd1dcd43784e88a3c138\",\"name\":\"Renan Bandeira\",\"image\":{\"@type\":\"ImageObject\",\"inLanguage\":\"pt-BR\",\"@id\":\"https:\/\/www.suno.com.br\/noticias\/#\/schema\/person\/image\/\",\"url\":\"https:\/\/secure.gravatar.com\/avatar\/68359cdb608f14f11bbefcb78f3fc747?s=96&r=g\",\"contentUrl\":\"https:\/\/secure.gravatar.com\/avatar\/68359cdb608f14f11bbefcb78f3fc747?s=96&r=g\",\"caption\":\"Renan Bandeira\"},\"description\":\"Renan Bandeira escreve sobre pol\u00edtica e economia para o portal da Suno Research. Antes da Suno, trabalhou em uma rede de televis\u00e3o, onde fazia reportagens sobre os mesmos temas. Estuda na Universidade Metodista de S\u00e3o Paulo.\",\"url\":\"https:\/\/www.suno.com.br\/noticias\/author\/renan-bandeira\/\"}]}<\/script>\n<!-- \/ Yoast SEO plugin. -->","yoast_head_json":{"title":"D\u00f3lar sobe; Mercado de olho na an\u00e1lise dos destaques da reforma","description":"O d\u00f3lar fechou o preg\u00e3o da \u00faltima quinta (11) em queda de -0,186 sendo cotado a R$ 3,7515, menor patamar em 4 meses. Clique e saiba mais.","robots":{"index":"index","follow":"follow","max-snippet":"max-snippet:-1","max-image-preview":"max-image-preview:large","max-video-preview":"max-video-preview:-1"},"canonical":"https:\/\/www.suno.com.br\/noticias\/dolar-12072019\/","og_locale":"pt_BR","og_type":"article","og_title":"D\u00f3lar sobe; Mercado de olho na an\u00e1lise dos destaques da reforma","og_description":"O d\u00f3lar fechou o preg\u00e3o da \u00faltima quinta (11) em queda de -0,186 sendo cotado a R$ 3,7515, menor patamar em 4 meses. Clique e saiba mais.","og_url":"https:\/\/www.suno.com.br\/noticias\/dolar-12072019\/","og_site_name":"Suno Not\u00edcias","article_publisher":"https:\/\/facebook.com\/sunoresearch","og_image":[{"width":3000,"height":2000,"url":"https:\/\/files.sunoresearch.com.br\/n\/uploads\/2019\/04\/74ae7d56-d\u00f3lar.jpg","type":"image\/jpeg"}],"author":"Renan Bandeira","twitter_card":"summary_large_image","twitter_creator":"@sunoresearch","twitter_site":"@sunoresearch","twitter_misc":{"Escrito por":"Renan Bandeira","Est. tempo de leitura":"3 minutos"},"schema":{"@context":"https:\/\/schema.org","@graph":[{"@type":"NewsArticle","@id":"https:\/\/www.suno.com.br\/noticias\/dolar-12072019\/#article","isPartOf":{"@id":"https:\/\/www.suno.com.br\/noticias\/dolar-12072019\/"},"author":{"name":"Renan Bandeira","@id":"https:\/\/www.suno.com.br\/noticias\/#\/schema\/person\/fc144a1c6108bd1dcd43784e88a3c138"},"headline":"D\u00f3lar sobe; Mercado de olho na an\u00e1lise dos destaques da reforma","datePublished":"2019-07-12T12:17:08+00:00","mainEntityOfPage":{"@id":"https:\/\/www.suno.com.br\/noticias\/dolar-12072019\/"},"wordCount":516,"publisher":{"@id":"https:\/\/www.suno.com.br\/noticias\/#organization"},"image":{"@id":"https:\/\/www.suno.com.br\/noticias\/dolar-12072019\/#primaryimage"},"thumbnailUrl":"https:\/\/files.sunoresearch.com.br\/n\/uploads\/2019\/04\/74ae7d56-d\u00f3lar-scaled.webp","keywords":["d\u00f3lar"],"articleSection":["Mercado"],"inLanguage":"pt-BR"},{"@type":"WebPage","@id":"https:\/\/www.suno.com.br\/noticias\/dolar-12072019\/","url":"https:\/\/www.suno.com.br\/noticias\/dolar-12072019\/","name":"D\u00f3lar sobe; Mercado de olho na an\u00e1lise dos destaques da reforma","isPartOf":{"@id":"https:\/\/www.suno.com.br\/noticias\/#website"},"primaryImageOfPage":{"@id":"https:\/\/www.suno.com.br\/noticias\/dolar-12072019\/#primaryimage"},"image":{"@id":"https:\/\/www.suno.com.br\/noticias\/dolar-12072019\/#primaryimage"},"thumbnailUrl":"https:\/\/files.sunoresearch.com.br\/n\/uploads\/2019\/04\/74ae7d56-d\u00f3lar-scaled.webp","datePublished":"2019-07-12T12:17:08+00:00","description":"O d\u00f3lar fechou o preg\u00e3o da \u00faltima quinta (11) em queda de -0,186 sendo cotado a R$ 3,7515, menor patamar em 4 meses. Clique e saiba mais.","breadcrumb":{"@id":"https:\/\/www.suno.com.br\/noticias\/dolar-12072019\/#breadcrumb"},"inLanguage":"pt-BR","potentialAction":[{"@type":"ReadAction","target":["https:\/\/www.suno.com.br\/noticias\/dolar-12072019\/"]}]},{"@type":"ImageObject","inLanguage":"pt-BR","@id":"https:\/\/www.suno.com.br\/noticias\/dolar-12072019\/#primaryimage","url":"https:\/\/files.sunoresearch.com.br\/n\/uploads\/2019\/04\/74ae7d56-d\u00f3lar-scaled.webp","contentUrl":"https:\/\/files.sunoresearch.com.br\/n\/uploads\/2019\/04\/74ae7d56-d\u00f3lar-scaled.webp","width":2560,"height":1707,"caption":"Na \u00faltima sess\u00e3o, ter\u00e7a-feira (1), o d\u00f3lar encerrou o primeiro dia do m\u00eas de setembro com queda de 1,75%, negociado a R$ 5,3845."},{"@type":"BreadcrumbList","@id":"https:\/\/www.suno.com.br\/noticias\/dolar-12072019\/#breadcrumb","itemListElement":[{"@type":"ListItem","position":1,"name":"Not\u00edcias","item":"https:\/\/www.suno.com.br\/noticias\/"},{"@type":"ListItem","position":2,"name":"Mercado","item":"https:\/\/www.suno.com.br\/noticias\/mercado\/"},{"@type":"ListItem","position":3,"name":"D\u00f3lar sobe; Mercado de olho na an\u00e1lise dos destaques da reforma"}]},{"@type":"WebSite","@id":"https:\/\/www.suno.com.br\/noticias\/#website","url":"https:\/\/www.suno.com.br\/noticias\/","name":"Suno Not\u00edcias","description":"Seu portal de informa\u00e7\u00e3o sobre o mundo dos investimentos","publisher":{"@id":"https:\/\/www.suno.com.br\/noticias\/#organization"},"potentialAction":[{"@type":"SearchAction","target":{"@type":"EntryPoint","urlTemplate":"https:\/\/www.suno.com.br\/noticias\/?s={search_term_string}"},"query-input":{"@type":"PropertyValueSpecification","valueRequired":true,"valueName":"search_term_string"}}],"inLanguage":"pt-BR"},{"@type":"Organization","@id":"https:\/\/www.suno.com.br\/noticias\/#organization","name":"Suno Not\u00edcias","url":"https:\/\/www.suno.com.br\/noticias\/","logo":{"@type":"ImageObject","inLanguage":"pt-BR","@id":"https:\/\/www.suno.com.br\/noticias\/#\/schema\/logo\/image\/","url":"https:\/\/files.sunoresearch.com.br\/n\/uploads\/2021\/09\/suno-logo.png","contentUrl":"https:\/\/files.sunoresearch.com.br\/n\/uploads\/2021\/09\/suno-logo.png","width":180,"height":180,"caption":"Suno Not\u00edcias"},"image":{"@id":"https:\/\/www.suno.com.br\/noticias\/#\/schema\/logo\/image\/"},"sameAs":["https:\/\/facebook.com\/sunoresearch","https:\/\/x.com\/sunoresearch","https:\/\/www.instagram.com\/suno","https:\/\/www.linkedin.com\/company\/suno-research\/","https:\/\/www.youtube.com\/c\/sunoresearch"]},{"@type":"Person","@id":"https:\/\/www.suno.com.br\/noticias\/#\/schema\/person\/fc144a1c6108bd1dcd43784e88a3c138","name":"Renan Bandeira","image":{"@type":"ImageObject","inLanguage":"pt-BR","@id":"https:\/\/www.suno.com.br\/noticias\/#\/schema\/person\/image\/","url":"https:\/\/secure.gravatar.com\/avatar\/68359cdb608f14f11bbefcb78f3fc747?s=96&r=g","contentUrl":"https:\/\/secure.gravatar.com\/avatar\/68359cdb608f14f11bbefcb78f3fc747?s=96&r=g","caption":"Renan Bandeira"},"description":"Renan Bandeira escreve sobre pol\u00edtica e economia para o portal da Suno Research. Antes da Suno, trabalhou em uma rede de televis\u00e3o, onde fazia reportagens sobre os mesmos temas. Estuda na Universidade Metodista de S\u00e3o Paulo.","url":"https:\/\/www.suno.com.br\/noticias\/author\/renan-bandeira\/"}]}},"default_loop_html":"<div class=\"cardsPage__listCard__boxs\"><div class=\"cardsPage__listCard__boxs__img\"><a href=\"https:\/\/www.suno.com.br\/noticias\/dolar-12072019\/\"><img class=\"mask\" src=\"https:\/\/www.suno.com.br\/noticias\/wp-content\/themes\/suno\/resources\/images\/spotlight\/spotlight1img\/bg-mask.png\" alt=\"Image Mask\"\/><img src=\"https:\/\/files.sunoresearch.com.br\/n\/uploads\/2019\/04\/74ae7d56-d\u00f3lar-400x200.webp\" alt=\"D\u00f3lar sobe; Mercado de olho na an\u00e1lise dos destaques da reforma\"\/><\/a><span class=\"spotlightCategory\"><a href=\"https:\/\/www.suno.com.br\/noticias\/mercado\/\">Mercado<\/a><\/span><\/div><div class=\"cardsPage__listCard__boxs__content\"><a href=\"https:\/\/www.suno.com.br\/noticias\/dolar-12072019\/\"><h2 class=\"content__title\">D\u00f3lar sobe; Mercado de olho na an\u00e1lise dos destaques da reforma<\/h2><\/a><div class=\"newsContent__article__meta\"><div class=\"newsContent__article__meta__authorBox\"><a href=\"https:\/\/www.suno.com.br\/noticias\/author\/renan-bandeira\/\" class=\"authorBox__avatar noMobi\"><img src=\"https:\/\/secure.gravatar.com\/avatar\/68359cdb608f14f11bbefcb78f3fc747?s=96&#038;r=g\" alt=\"Renan Bandeira\"><\/a><div class=\"authorBox__name\"><span>por\n\t\t\t<a href=\"https:\/\/www.suno.com.br\/noticias\/author\/renan-bandeira\/\"><span itemprop=\"author\">Renan Bandeira<\/span><\/a><\/span><time datetime=\"2019-07-12T09:17:08-03:00\" itemprop=\"datePublished\">12\/07\/2019 09:17<\/time><\/div><\/div><\/div><\/div><\/div>","single_layout":"posts","amp_enabled":true,"_links":{"self":[{"href":"https:\/\/www.suno.com.br\/noticias\/wp-json\/wp\/v2\/posts\/30806"}],"collection":[{"href":"https:\/\/www.suno.com.br\/noticias\/wp-json\/wp\/v2\/posts"}],"about":[{"href":"https:\/\/www.suno.com.br\/noticias\/wp-json\/wp\/v2\/types\/post"}],"author":[{"embeddable":true,"href":"https:\/\/www.suno.com.br\/noticias\/wp-json\/wp\/v2\/users\/11"}],"replies":[{"embeddable":true,"href":"https:\/\/www.suno.com.br\/noticias\/wp-json\/wp\/v2\/comments?post=30806"}],"version-history":[{"count":0,"href":"https:\/\/www.suno.com.br\/noticias\/wp-json\/wp\/v2\/posts\/30806\/revisions"}],"wp:featuredmedia":[{"embeddable":true,"href":"https:\/\/www.suno.com.br\/noticias\/wp-json\/wp\/v2\/media\/21796"}],"wp:attachment":[{"href":"https:\/\/www.suno.com.br\/noticias\/wp-json\/wp\/v2\/media?parent=30806"}],"wp:term":[{"taxonomy":"category","embeddable":true,"href":"https:\/\/www.suno.com.br\/noticias\/wp-json\/wp\/v2\/categories?post=30806"},{"taxonomy":"post_tag","embeddable":true,"href":"https:\/\/www.suno.com.br\/noticias\/wp-json\/wp\/v2\/tags?post=30806"},{"taxonomy":"suno_strategy","embeddable":true,"href":"https:\/\/www.suno.com.br\/noticias\/wp-json\/wp\/v2\/suno_strategy?post=30806"}],"curies":[{"name":"wp","href":"https:\/\/api.w.org\/{rel}","templated":true}]}}