{"id":307784,"date":"2022-11-04T21:04:26","date_gmt":"2022-11-05T00:04:26","guid":{"rendered":"https:\/\/www.suno.com.br\/noticias\/?p=307784"},"modified":"2022-11-04T21:04:26","modified_gmt":"2022-11-05T00:04:26","slug":"globo-deve-faturar-r-1-bi-com-a-copa-do-mundo","status":"publish","type":"post","link":"https:\/\/www.suno.com.br\/noticias\/globo-deve-faturar-r-1-bi-com-a-copa-do-mundo\/","title":{"rendered":"Globo deve faturar R$ 1 bi com a Copa do Mundo. Veja empresas que ser\u00e3o anunciantes"},"content":{"rendered":"<p>Todas as cotas de patroc\u00ednio da Globo para a transmiss\u00e3o da <strong>Copa do Mundo<\/strong> naTV aberta foram vendidas. Ao todo a emissora arrecadou cerca de R$ 1.050 bilh\u00e3o com os an\u00fancios, que ser\u00e3o transmitidos durante os dias 20 de novembro e 19 de dezembro.<\/p>\t<div class=\"wrapper-featured-image\">\n\t\t<figure class=\"spotlightImg\">\n\n\t\t\t<picture>\n\t\t\t\t<source media=\"(max-width: 768px)\" srcset=\"https:\/\/files.sunoresearch.com.br\/n\/uploads\/2022\/06\/Veja-quanto-custa-assistir-a-Copa-do-Mundo-de-2022-no-Catar-5-400x200.jpg\">\n\t\t\t\t<img loading=\"lazy\" decoding=\"async\" class=\"newsContent__article__imgCapa lazyloadDisabled newsContent__article__imgCapa--noCaption\" src=\"https:\/\/files.sunoresearch.com.br\/n\/uploads\/2022\/06\/Veja-quanto-custa-assistir-a-Copa-do-Mundo-de-2022-no-Catar-5-800x450.jpg\" width=\"800\" height=\"450\" alt=\"Globo deve faturar R$ 1 bi com a Copa do Mundo. Veja empresas que ser\u00e3o anunciantes\" fetchpriority=high \/>\n\t\t\t<\/picture>\n\n\t\t\t<figcaption class=\"wp-caption-text wp-caption-text--hide\"><\/figcaption>\n\t\t<\/figure>\n\t<\/div>\n\n\n\t<p>\n\t\t<a href=\"\" target=\"_blank\" data-element=\"shortcode-suno-banner\" title=\"Banner SUNO, clique e saiba mais\">\n\t\t\t<picture>\n\t\t\t\t<source media=\"(max-width: 500px)\" srcset=\"\">\n\t\t\t\t<img class=\"newsContent__article__imgCapa newsContent__article__imgCapa--banner\"\n\t\t\t\t\tsrc=\"\"\n\t\t\t\t\tdata-promo-id=\"138420\"\t\t\t\t\t\t\t\t\t\t\t\t\t\t\talt=\"\"\n\t\t\t\t>\n\t\t\t<\/picture>\n\t\t<\/a>\n\t<\/p>\n\n\n<p>A meta foi batida em agosto deste ano, mas o que chamou a aten\u00e7\u00e3o foi o anunciante in\u00e9dito, a casa de apostas Pixbet. A marca, que tem como garoto-propaganda o narrador Galv\u00e3o Bueno, \u00e9 a primeira casa de apostas a firmar uma <strong>parceria com emissora<\/strong> com sinal aberto para um mundial.<\/p>\n<p>A Pixbet tem como objetivo atingir um novo publico na TV aberta e usar\u00e1 Galv\u00e3o Bueno para conquistar os brasileiros. O narrador tem contrato com a empresa at\u00e9 2023 e ir\u00e1 gravar um comercial especial, que ser\u00e1 exibido nos intervalos dos jogos.<\/p>\n<p>Al\u00e9m da Pixbet, est\u00e3o entre os patrocinadores a <strong>Ambev (ABEV3)<\/strong>, com a marca Brahma, <strong>BRF (BRFS3)<\/strong>, propriet\u00e1ria das marcas Perdig\u00e3o e Sadia, Claro, <strong>Ita\u00fa (ITUB4)<\/strong> e <strong>Magazine Luiza (MGLU3)<\/strong>. A Globo n\u00e3o divulgou o valor, mas em 2018 as cotas foram negociadas por cerca de R$ 180 milh\u00f5es &#8211; o valor para este ano deve ser pr\u00f3ximo ou um pouco maior do que o cobrado antes.<\/p>\n<p>Os patrocinadores j\u00e1 come\u00e7aram a aparecer nas <strong>chamadas da emissora para a Copa do Mundo<\/strong> e assim deve se manter at\u00e9 a final do campeonato, no dia 19 de dezembro.<\/p>\n\t<p>\n\t\t<a href=\"https:\/\/lp.suno.com.br\/planilha-controle-gastos\/\" target=\"_blank\" data-element=\"shortcode-suno-banner\" title=\"Banner SUNO, clique e saiba mais\">\n\t\t\t<picture>\n\t\t\t\t<source media=\"(max-width: 500px)\" srcset=\"https:\/\/files.sunoresearch.com.br\/n\/uploads\/2023\/03\/400x300-Planilha-controle-de-gastos.png\">\n\t\t\t\t<img class=\"newsContent__article__imgCapa newsContent__article__imgCapa--banner\"\n\t\t\t\t\tsrc=\"https:\/\/files.sunoresearch.com.br\/n\/uploads\/2023\/03\/1420x240-Planilha-controle-de-gastos.png\"\n\t\t\t\t\tdata-promo-id=\"101751\"\t\t\t\t\t\t\t\t\t\twidth='1420' height='240'\t\t\t\t\talt=\"https:\/\/files.sunoresearch.com.br\/n\/uploads\/2023\/03\/1420x240-Planilha-controle-de-gastos.png\"\n\t\t\t\t>\n\t\t\t<\/picture>\n\t\t<\/a>\n\t<\/p>\n\n\n<h2>Os patrocinadores dos canais pagos da Globo na Copa do Mundo<\/h2>\n<p>No canal SportTV, que contar\u00e1 com uma programa\u00e7\u00e3o especial para a Copa do Mundo a cota de patroc\u00ednios ainda esta aberta para negocia\u00e7\u00f5es. At\u00e9 o momento as empresas Ambev, Magalu, Claro, BRF, Samsung e Betfair patrocinam a transmiss\u00e3o da Copa do Mundo.<\/p>\n<p>O SportTv ir\u00e1 transmitir todas as partidas do<strong> campeonato mundial<\/strong> e no Globoplay os assinantes poder\u00e3o acompanhar o jornalista Tiago Leifert apresentando um jogo por dia. No sinal aberto a Globo ir\u00e1 cobrir ao vivo 56 dos 64 jogos da <strong>Copa do Mundo.<\/strong><\/p>\n\t<p>\n\t\t<a href=\"https:\/\/lp.suno.com.br\/planilha-da-vida-financeira\/\" target=\"_blank\" data-element=\"shortcode-suno-banner\" title=\"Banner SUNO, clique e saiba mais\">\n\t\t\t<picture>\n\t\t\t\t<source media=\"(max-width: 500px)\" srcset=\"https:\/\/files.sunoresearch.com.br\/n\/uploads\/2023\/04\/400x300-Planilha-vida-financeira-true.png\">\n\t\t\t\t<img class=\"newsContent__article__imgCapa newsContent__article__imgCapa--banner\"\n\t\t\t\t\tsrc=\"https:\/\/files.sunoresearch.com.br\/n\/uploads\/2023\/04\/1420x240-Planilha-vida-financeira-true.png\"\n\t\t\t\t\tdata-promo-id=\"106682\"\t\t\t\t\t\t\t\t\t\twidth='1420' height='240'\t\t\t\t\talt=\"https:\/\/files.sunoresearch.com.br\/n\/uploads\/2023\/04\/1420x240-Planilha-vida-financeira-true.png\"\n\t\t\t\t>\n\t\t\t<\/picture>\n\t\t<\/a>\n\t<\/p>\n\n\n","protected":false},"excerpt":{"rendered":"<p>Todas as cotas de patroc\u00ednio da Globo para a transmiss\u00e3o da Copa do Mundo naTV aberta foram vendidas. Ao todo a emissora arrecadou cerca de R$ 1.050 bilh\u00e3o com os an\u00fancios, que ser\u00e3o transmitidos durante os dias 20 de novembro e 19 de dezembro. A meta foi batida em agosto deste ano, mas o que [&hellip;]<\/p>\n","protected":false},"author":194,"featured_media":269131,"comment_status":"closed","ping_status":"closed","sticky":false,"template":"","format":"standard","meta":[],"categories":[64],"tags":[359,397,1783,548],"suno_strategy":[],"class_list":["post-307784","post","type-post","status-publish","format-standard","has-post-thumbnail","hentry","category-negocios","tag-ambev-abev3","tag-brf-brfs3","tag-globo","tag-magazine-luiza-mglu3"],"yoast_head":"<!-- This site is optimized with the Yoast SEO plugin v24.4 - https:\/\/yoast.com\/wordpress\/plugins\/seo\/ -->\n<title>Globo deve faturar R$ 1 bi com a Copa do Mundo<\/title>\n<meta name=\"description\" content=\"Todas as cotas de patroc\u00ednio da Globo para a transmiss\u00e3o da Copa do Mundo na tv aberta foram vendidas. Leia mais.\" \/>\n<meta name=\"robots\" content=\"index, follow, max-snippet:-1, max-image-preview:large, max-video-preview:-1\" \/>\n<link rel=\"canonical\" href=\"https:\/\/www.suno.com.br\/noticias\/globo-deve-faturar-r-1-bi-com-a-copa-do-mundo\/\" \/>\n<meta property=\"og:locale\" content=\"pt_BR\" \/>\n<meta property=\"og:type\" content=\"article\" \/>\n<meta property=\"og:title\" content=\"Globo deve faturar R$ 1 bi com a Copa do Mundo\" \/>\n<meta property=\"og:description\" content=\"Todas as cotas de patroc\u00ednio da Globo para a transmiss\u00e3o da Copa do Mundo na tv aberta foram vendidas. Leia mais.\" \/>\n<meta property=\"og:url\" content=\"https:\/\/www.suno.com.br\/noticias\/globo-deve-faturar-r-1-bi-com-a-copa-do-mundo\/\" \/>\n<meta property=\"og:site_name\" content=\"Suno Not\u00edcias\" \/>\n<meta property=\"article:publisher\" content=\"https:\/\/facebook.com\/sunoresearch\" \/>\n<meta property=\"og:image\" content=\"https:\/\/files.sunoresearch.com.br\/n\/uploads\/2022\/06\/Veja-quanto-custa-assistir-a-Copa-do-Mundo-de-2022-no-Catar-5.jpg\" \/>\n\t<meta property=\"og:image:width\" content=\"1920\" \/>\n\t<meta property=\"og:image:height\" content=\"1080\" \/>\n\t<meta property=\"og:image:type\" content=\"image\/jpeg\" \/>\n<meta name=\"author\" content=\"Isabella Taglapietra\" \/>\n<meta name=\"twitter:card\" content=\"summary_large_image\" \/>\n<meta name=\"twitter:creator\" content=\"@sunoresearch\" \/>\n<meta name=\"twitter:site\" content=\"@sunoresearch\" \/>\n<meta name=\"twitter:label1\" content=\"Escrito por\" \/>\n\t<meta name=\"twitter:data1\" content=\"Isabella Taglapietra\" \/>\n\t<meta name=\"twitter:label2\" content=\"Est. tempo de leitura\" \/>\n\t<meta name=\"twitter:data2\" content=\"2 minutos\" \/>\n<script type=\"application\/ld+json\" class=\"yoast-schema-graph\">{\"@context\":\"https:\/\/schema.org\",\"@graph\":[{\"@type\":\"NewsArticle\",\"@id\":\"https:\/\/www.suno.com.br\/noticias\/globo-deve-faturar-r-1-bi-com-a-copa-do-mundo\/#article\",\"isPartOf\":{\"@id\":\"https:\/\/www.suno.com.br\/noticias\/globo-deve-faturar-r-1-bi-com-a-copa-do-mundo\/\"},\"author\":{\"name\":\"Isabella Taglapietra\",\"@id\":\"https:\/\/www.suno.com.br\/noticias\/#\/schema\/person\/a0be106724f6f5d705d70f04333cb249\"},\"headline\":\"Globo deve faturar R$ 1 bi com a Copa do Mundo. Veja empresas que ser\u00e3o anunciantes\",\"datePublished\":\"2022-11-05T00:04:26+00:00\",\"mainEntityOfPage\":{\"@id\":\"https:\/\/www.suno.com.br\/noticias\/globo-deve-faturar-r-1-bi-com-a-copa-do-mundo\/\"},\"wordCount\":366,\"publisher\":{\"@id\":\"https:\/\/www.suno.com.br\/noticias\/#organization\"},\"image\":{\"@id\":\"https:\/\/www.suno.com.br\/noticias\/globo-deve-faturar-r-1-bi-com-a-copa-do-mundo\/#primaryimage\"},\"thumbnailUrl\":\"https:\/\/files.sunoresearch.com.br\/n\/uploads\/2022\/06\/Veja-quanto-custa-assistir-a-Copa-do-Mundo-de-2022-no-Catar-5.jpg\",\"keywords\":[\"AMBEV (ABEV3)\",\"BRF (BRFS3)\",\"Globo\",\"Magazine Luiza (MGLU3)\"],\"articleSection\":[\"Neg\u00f3cios\"],\"inLanguage\":\"pt-BR\"},{\"@type\":\"WebPage\",\"@id\":\"https:\/\/www.suno.com.br\/noticias\/globo-deve-faturar-r-1-bi-com-a-copa-do-mundo\/\",\"url\":\"https:\/\/www.suno.com.br\/noticias\/globo-deve-faturar-r-1-bi-com-a-copa-do-mundo\/\",\"name\":\"Globo deve faturar R$ 1 bi com a Copa do Mundo\",\"isPartOf\":{\"@id\":\"https:\/\/www.suno.com.br\/noticias\/#website\"},\"primaryImageOfPage\":{\"@id\":\"https:\/\/www.suno.com.br\/noticias\/globo-deve-faturar-r-1-bi-com-a-copa-do-mundo\/#primaryimage\"},\"image\":{\"@id\":\"https:\/\/www.suno.com.br\/noticias\/globo-deve-faturar-r-1-bi-com-a-copa-do-mundo\/#primaryimage\"},\"thumbnailUrl\":\"https:\/\/files.sunoresearch.com.br\/n\/uploads\/2022\/06\/Veja-quanto-custa-assistir-a-Copa-do-Mundo-de-2022-no-Catar-5.jpg\",\"datePublished\":\"2022-11-05T00:04:26+00:00\",\"description\":\"Todas as cotas de patroc\u00ednio da Globo para a transmiss\u00e3o da Copa do Mundo na tv aberta foram vendidas. Leia mais.\",\"breadcrumb\":{\"@id\":\"https:\/\/www.suno.com.br\/noticias\/globo-deve-faturar-r-1-bi-com-a-copa-do-mundo\/#breadcrumb\"},\"inLanguage\":\"pt-BR\",\"potentialAction\":[{\"@type\":\"ReadAction\",\"target\":[\"https:\/\/www.suno.com.br\/noticias\/globo-deve-faturar-r-1-bi-com-a-copa-do-mundo\/\"]}]},{\"@type\":\"ImageObject\",\"inLanguage\":\"pt-BR\",\"@id\":\"https:\/\/www.suno.com.br\/noticias\/globo-deve-faturar-r-1-bi-com-a-copa-do-mundo\/#primaryimage\",\"url\":\"https:\/\/files.sunoresearch.com.br\/n\/uploads\/2022\/06\/Veja-quanto-custa-assistir-a-Copa-do-Mundo-de-2022-no-Catar-5.jpg\",\"contentUrl\":\"https:\/\/files.sunoresearch.com.br\/n\/uploads\/2022\/06\/Veja-quanto-custa-assistir-a-Copa-do-Mundo-de-2022-no-Catar-5.jpg\",\"width\":1920,\"height\":1080,\"caption\":\"Quem s\u00e3o os patrocinadores da Copa?\"},{\"@type\":\"BreadcrumbList\",\"@id\":\"https:\/\/www.suno.com.br\/noticias\/globo-deve-faturar-r-1-bi-com-a-copa-do-mundo\/#breadcrumb\",\"itemListElement\":[{\"@type\":\"ListItem\",\"position\":1,\"name\":\"Not\u00edcias\",\"item\":\"https:\/\/www.suno.com.br\/noticias\/\"},{\"@type\":\"ListItem\",\"position\":2,\"name\":\"Neg\u00f3cios\",\"item\":\"https:\/\/www.suno.com.br\/noticias\/negocios\/\"},{\"@type\":\"ListItem\",\"position\":3,\"name\":\"Globo deve faturar R$ 1 bi com a Copa do Mundo. Veja empresas que ser\u00e3o anunciantes\"}]},{\"@type\":\"WebSite\",\"@id\":\"https:\/\/www.suno.com.br\/noticias\/#website\",\"url\":\"https:\/\/www.suno.com.br\/noticias\/\",\"name\":\"Suno Not\u00edcias\",\"description\":\"Seu portal de informa\u00e7\u00e3o sobre o mundo dos investimentos\",\"publisher\":{\"@id\":\"https:\/\/www.suno.com.br\/noticias\/#organization\"},\"potentialAction\":[{\"@type\":\"SearchAction\",\"target\":{\"@type\":\"EntryPoint\",\"urlTemplate\":\"https:\/\/www.suno.com.br\/noticias\/?s={search_term_string}\"},\"query-input\":{\"@type\":\"PropertyValueSpecification\",\"valueRequired\":true,\"valueName\":\"search_term_string\"}}],\"inLanguage\":\"pt-BR\"},{\"@type\":\"Organization\",\"@id\":\"https:\/\/www.suno.com.br\/noticias\/#organization\",\"name\":\"Suno Not\u00edcias\",\"url\":\"https:\/\/www.suno.com.br\/noticias\/\",\"logo\":{\"@type\":\"ImageObject\",\"inLanguage\":\"pt-BR\",\"@id\":\"https:\/\/www.suno.com.br\/noticias\/#\/schema\/logo\/image\/\",\"url\":\"https:\/\/files.sunoresearch.com.br\/n\/uploads\/2021\/09\/suno-logo.png\",\"contentUrl\":\"https:\/\/files.sunoresearch.com.br\/n\/uploads\/2021\/09\/suno-logo.png\",\"width\":180,\"height\":180,\"caption\":\"Suno Not\u00edcias\"},\"image\":{\"@id\":\"https:\/\/www.suno.com.br\/noticias\/#\/schema\/logo\/image\/\"},\"sameAs\":[\"https:\/\/facebook.com\/sunoresearch\",\"https:\/\/x.com\/sunoresearch\",\"https:\/\/www.instagram.com\/suno\",\"https:\/\/www.linkedin.com\/company\/suno-research\/\",\"https:\/\/www.youtube.com\/c\/sunoresearch\"]},{\"@type\":\"Person\",\"@id\":\"https:\/\/www.suno.com.br\/noticias\/#\/schema\/person\/a0be106724f6f5d705d70f04333cb249\",\"name\":\"Isabella Taglapietra\",\"image\":{\"@type\":\"ImageObject\",\"inLanguage\":\"pt-BR\",\"@id\":\"https:\/\/www.suno.com.br\/noticias\/#\/schema\/person\/image\/\",\"url\":\"https:\/\/secure.gravatar.com\/avatar\/089c9e06b71de293117116aaf339e22f?s=96&r=g\",\"contentUrl\":\"https:\/\/secure.gravatar.com\/avatar\/089c9e06b71de293117116aaf339e22f?s=96&r=g\",\"caption\":\"Isabella Taglapietra\"},\"description\":\"Rep\u00f3rter freelancer no Suno Not\u00edcias, cobre not\u00edcias di\u00e1rias sobre economia, balan\u00e7os trimestrais e pesquisas. Formada em jornalismo pela Faculdade C\u00e1sper L\u00edbero e p\u00f3s-graduanda em mercado de capitais pela Fecap, atuou como rep\u00f3rter de economia e finan\u00e7as no portal CRC!News e Elas que Lucrem, al\u00e9m de social media para empresas do mercado financeiro.\",\"url\":\"https:\/\/www.suno.com.br\/noticias\/author\/isabella-taglapietra\/\"}]}<\/script>\n<!-- \/ Yoast SEO plugin. -->","yoast_head_json":{"title":"Globo deve faturar R$ 1 bi com a Copa do Mundo","description":"Todas as cotas de patroc\u00ednio da Globo para a transmiss\u00e3o da Copa do Mundo na tv aberta foram vendidas. Leia mais.","robots":{"index":"index","follow":"follow","max-snippet":"max-snippet:-1","max-image-preview":"max-image-preview:large","max-video-preview":"max-video-preview:-1"},"canonical":"https:\/\/www.suno.com.br\/noticias\/globo-deve-faturar-r-1-bi-com-a-copa-do-mundo\/","og_locale":"pt_BR","og_type":"article","og_title":"Globo deve faturar R$ 1 bi com a Copa do Mundo","og_description":"Todas as cotas de patroc\u00ednio da Globo para a transmiss\u00e3o da Copa do Mundo na tv aberta foram vendidas. Leia mais.","og_url":"https:\/\/www.suno.com.br\/noticias\/globo-deve-faturar-r-1-bi-com-a-copa-do-mundo\/","og_site_name":"Suno Not\u00edcias","article_publisher":"https:\/\/facebook.com\/sunoresearch","og_image":[{"width":1920,"height":1080,"url":"https:\/\/files.sunoresearch.com.br\/n\/uploads\/2022\/06\/Veja-quanto-custa-assistir-a-Copa-do-Mundo-de-2022-no-Catar-5.jpg","type":"image\/jpeg"}],"author":"Isabella Taglapietra","twitter_card":"summary_large_image","twitter_creator":"@sunoresearch","twitter_site":"@sunoresearch","twitter_misc":{"Escrito por":"Isabella Taglapietra","Est. tempo de leitura":"2 minutos"},"schema":{"@context":"https:\/\/schema.org","@graph":[{"@type":"NewsArticle","@id":"https:\/\/www.suno.com.br\/noticias\/globo-deve-faturar-r-1-bi-com-a-copa-do-mundo\/#article","isPartOf":{"@id":"https:\/\/www.suno.com.br\/noticias\/globo-deve-faturar-r-1-bi-com-a-copa-do-mundo\/"},"author":{"name":"Isabella Taglapietra","@id":"https:\/\/www.suno.com.br\/noticias\/#\/schema\/person\/a0be106724f6f5d705d70f04333cb249"},"headline":"Globo deve faturar R$ 1 bi com a Copa do Mundo. Veja empresas que ser\u00e3o anunciantes","datePublished":"2022-11-05T00:04:26+00:00","mainEntityOfPage":{"@id":"https:\/\/www.suno.com.br\/noticias\/globo-deve-faturar-r-1-bi-com-a-copa-do-mundo\/"},"wordCount":366,"publisher":{"@id":"https:\/\/www.suno.com.br\/noticias\/#organization"},"image":{"@id":"https:\/\/www.suno.com.br\/noticias\/globo-deve-faturar-r-1-bi-com-a-copa-do-mundo\/#primaryimage"},"thumbnailUrl":"https:\/\/files.sunoresearch.com.br\/n\/uploads\/2022\/06\/Veja-quanto-custa-assistir-a-Copa-do-Mundo-de-2022-no-Catar-5.jpg","keywords":["AMBEV (ABEV3)","BRF (BRFS3)","Globo","Magazine Luiza (MGLU3)"],"articleSection":["Neg\u00f3cios"],"inLanguage":"pt-BR"},{"@type":"WebPage","@id":"https:\/\/www.suno.com.br\/noticias\/globo-deve-faturar-r-1-bi-com-a-copa-do-mundo\/","url":"https:\/\/www.suno.com.br\/noticias\/globo-deve-faturar-r-1-bi-com-a-copa-do-mundo\/","name":"Globo deve faturar R$ 1 bi com a Copa do Mundo","isPartOf":{"@id":"https:\/\/www.suno.com.br\/noticias\/#website"},"primaryImageOfPage":{"@id":"https:\/\/www.suno.com.br\/noticias\/globo-deve-faturar-r-1-bi-com-a-copa-do-mundo\/#primaryimage"},"image":{"@id":"https:\/\/www.suno.com.br\/noticias\/globo-deve-faturar-r-1-bi-com-a-copa-do-mundo\/#primaryimage"},"thumbnailUrl":"https:\/\/files.sunoresearch.com.br\/n\/uploads\/2022\/06\/Veja-quanto-custa-assistir-a-Copa-do-Mundo-de-2022-no-Catar-5.jpg","datePublished":"2022-11-05T00:04:26+00:00","description":"Todas as cotas de patroc\u00ednio da Globo para a transmiss\u00e3o da Copa do Mundo na tv aberta foram vendidas. Leia mais.","breadcrumb":{"@id":"https:\/\/www.suno.com.br\/noticias\/globo-deve-faturar-r-1-bi-com-a-copa-do-mundo\/#breadcrumb"},"inLanguage":"pt-BR","potentialAction":[{"@type":"ReadAction","target":["https:\/\/www.suno.com.br\/noticias\/globo-deve-faturar-r-1-bi-com-a-copa-do-mundo\/"]}]},{"@type":"ImageObject","inLanguage":"pt-BR","@id":"https:\/\/www.suno.com.br\/noticias\/globo-deve-faturar-r-1-bi-com-a-copa-do-mundo\/#primaryimage","url":"https:\/\/files.sunoresearch.com.br\/n\/uploads\/2022\/06\/Veja-quanto-custa-assistir-a-Copa-do-Mundo-de-2022-no-Catar-5.jpg","contentUrl":"https:\/\/files.sunoresearch.com.br\/n\/uploads\/2022\/06\/Veja-quanto-custa-assistir-a-Copa-do-Mundo-de-2022-no-Catar-5.jpg","width":1920,"height":1080,"caption":"Quem s\u00e3o os patrocinadores da Copa?"},{"@type":"BreadcrumbList","@id":"https:\/\/www.suno.com.br\/noticias\/globo-deve-faturar-r-1-bi-com-a-copa-do-mundo\/#breadcrumb","itemListElement":[{"@type":"ListItem","position":1,"name":"Not\u00edcias","item":"https:\/\/www.suno.com.br\/noticias\/"},{"@type":"ListItem","position":2,"name":"Neg\u00f3cios","item":"https:\/\/www.suno.com.br\/noticias\/negocios\/"},{"@type":"ListItem","position":3,"name":"Globo deve faturar R$ 1 bi com a Copa do Mundo. Veja empresas que ser\u00e3o anunciantes"}]},{"@type":"WebSite","@id":"https:\/\/www.suno.com.br\/noticias\/#website","url":"https:\/\/www.suno.com.br\/noticias\/","name":"Suno Not\u00edcias","description":"Seu portal de informa\u00e7\u00e3o sobre o mundo dos investimentos","publisher":{"@id":"https:\/\/www.suno.com.br\/noticias\/#organization"},"potentialAction":[{"@type":"SearchAction","target":{"@type":"EntryPoint","urlTemplate":"https:\/\/www.suno.com.br\/noticias\/?s={search_term_string}"},"query-input":{"@type":"PropertyValueSpecification","valueRequired":true,"valueName":"search_term_string"}}],"inLanguage":"pt-BR"},{"@type":"Organization","@id":"https:\/\/www.suno.com.br\/noticias\/#organization","name":"Suno Not\u00edcias","url":"https:\/\/www.suno.com.br\/noticias\/","logo":{"@type":"ImageObject","inLanguage":"pt-BR","@id":"https:\/\/www.suno.com.br\/noticias\/#\/schema\/logo\/image\/","url":"https:\/\/files.sunoresearch.com.br\/n\/uploads\/2021\/09\/suno-logo.png","contentUrl":"https:\/\/files.sunoresearch.com.br\/n\/uploads\/2021\/09\/suno-logo.png","width":180,"height":180,"caption":"Suno Not\u00edcias"},"image":{"@id":"https:\/\/www.suno.com.br\/noticias\/#\/schema\/logo\/image\/"},"sameAs":["https:\/\/facebook.com\/sunoresearch","https:\/\/x.com\/sunoresearch","https:\/\/www.instagram.com\/suno","https:\/\/www.linkedin.com\/company\/suno-research\/","https:\/\/www.youtube.com\/c\/sunoresearch"]},{"@type":"Person","@id":"https:\/\/www.suno.com.br\/noticias\/#\/schema\/person\/a0be106724f6f5d705d70f04333cb249","name":"Isabella Taglapietra","image":{"@type":"ImageObject","inLanguage":"pt-BR","@id":"https:\/\/www.suno.com.br\/noticias\/#\/schema\/person\/image\/","url":"https:\/\/secure.gravatar.com\/avatar\/089c9e06b71de293117116aaf339e22f?s=96&r=g","contentUrl":"https:\/\/secure.gravatar.com\/avatar\/089c9e06b71de293117116aaf339e22f?s=96&r=g","caption":"Isabella Taglapietra"},"description":"Rep\u00f3rter freelancer no Suno Not\u00edcias, cobre not\u00edcias di\u00e1rias sobre economia, balan\u00e7os trimestrais e pesquisas. Formada em jornalismo pela Faculdade C\u00e1sper L\u00edbero e p\u00f3s-graduanda em mercado de capitais pela Fecap, atuou como rep\u00f3rter de economia e finan\u00e7as no portal CRC!News e Elas que Lucrem, al\u00e9m de social media para empresas do mercado financeiro.","url":"https:\/\/www.suno.com.br\/noticias\/author\/isabella-taglapietra\/"}]}},"default_loop_html":"<div class=\"cardsPage__listCard__boxs\"><div class=\"cardsPage__listCard__boxs__img\"><a href=\"https:\/\/www.suno.com.br\/noticias\/globo-deve-faturar-r-1-bi-com-a-copa-do-mundo\/\"><img class=\"mask\" src=\"https:\/\/www.suno.com.br\/noticias\/wp-content\/themes\/suno\/resources\/images\/spotlight\/spotlight1img\/bg-mask.png\" alt=\"Image Mask\"\/><img src=\"https:\/\/files.sunoresearch.com.br\/n\/uploads\/2022\/06\/Veja-quanto-custa-assistir-a-Copa-do-Mundo-de-2022-no-Catar-5-400x200.jpg\" alt=\"Globo deve faturar R$ 1 bi com a Copa do Mundo. Veja empresas que ser\u00e3o anunciantes\"\/><\/a><span class=\"spotlightCategory\"><a href=\"https:\/\/www.suno.com.br\/noticias\/negocios\/\">Neg\u00f3cios<\/a><\/span><\/div><div class=\"cardsPage__listCard__boxs__content\"><a href=\"https:\/\/www.suno.com.br\/noticias\/globo-deve-faturar-r-1-bi-com-a-copa-do-mundo\/\"><h2 class=\"content__title\">Globo deve faturar R$ 1 bi com a Copa do Mundo. Veja empresas que ser\u00e3o anunciantes<\/h2><\/a><div class=\"newsContent__article__meta\"><div class=\"newsContent__article__meta__authorBox\"><a href=\"https:\/\/www.suno.com.br\/noticias\/author\/isabella-taglapietra\/\" class=\"authorBox__avatar noMobi\"><img src=\"https:\/\/files.sunoresearch.com.br\/n\/uploads\/2022\/08\/WhatsApp-Image-2022-08-04-at-12.40.27-150x150.jpeg\" alt=\"Isabella Taglapietra\"><\/a><div class=\"authorBox__name\"><span>por\n\t\t\t<a href=\"https:\/\/www.suno.com.br\/noticias\/author\/isabella-taglapietra\/\"><span itemprop=\"author\">Isabella Taglapietra<\/span><\/a><\/span><time datetime=\"2022-11-04T21:04:26-03:00\" itemprop=\"datePublished\">04\/11\/2022 21:04<\/time><\/div><\/div><\/div><\/div><\/div>","single_layout":"posts","amp_enabled":true,"_links":{"self":[{"href":"https:\/\/www.suno.com.br\/noticias\/wp-json\/wp\/v2\/posts\/307784"}],"collection":[{"href":"https:\/\/www.suno.com.br\/noticias\/wp-json\/wp\/v2\/posts"}],"about":[{"href":"https:\/\/www.suno.com.br\/noticias\/wp-json\/wp\/v2\/types\/post"}],"author":[{"embeddable":true,"href":"https:\/\/www.suno.com.br\/noticias\/wp-json\/wp\/v2\/users\/194"}],"replies":[{"embeddable":true,"href":"https:\/\/www.suno.com.br\/noticias\/wp-json\/wp\/v2\/comments?post=307784"}],"version-history":[{"count":3,"href":"https:\/\/www.suno.com.br\/noticias\/wp-json\/wp\/v2\/posts\/307784\/revisions"}],"predecessor-version":[{"id":315841,"href":"https:\/\/www.suno.com.br\/noticias\/wp-json\/wp\/v2\/posts\/307784\/revisions\/315841"}],"wp:featuredmedia":[{"embeddable":true,"href":"https:\/\/www.suno.com.br\/noticias\/wp-json\/wp\/v2\/media\/269131"}],"wp:attachment":[{"href":"https:\/\/www.suno.com.br\/noticias\/wp-json\/wp\/v2\/media?parent=307784"}],"wp:term":[{"taxonomy":"category","embeddable":true,"href":"https:\/\/www.suno.com.br\/noticias\/wp-json\/wp\/v2\/categories?post=307784"},{"taxonomy":"post_tag","embeddable":true,"href":"https:\/\/www.suno.com.br\/noticias\/wp-json\/wp\/v2\/tags?post=307784"},{"taxonomy":"suno_strategy","embeddable":true,"href":"https:\/\/www.suno.com.br\/noticias\/wp-json\/wp\/v2\/suno_strategy?post=307784"}],"curies":[{"name":"wp","href":"https:\/\/api.w.org\/{rel}","templated":true}]}}