{"id":307674,"date":"2022-10-11T16:59:08","date_gmt":"2022-10-11T19:59:08","guid":{"rendered":"https:\/\/www.suno.com.br\/noticias\/?p=307674"},"modified":"2022-10-11T18:11:33","modified_gmt":"2022-10-11T21:11:33","slug":"acao-da-braskem-brkm5-salta-nova-proposta-apollo","status":"publish","type":"post","link":"https:\/\/www.suno.com.br\/noticias\/acao-da-braskem-brkm5-salta-nova-proposta-apollo\/","title":{"rendered":"A\u00e7\u00e3o da Braskem (BRKM5) salta 20,4% com nova proposta da Apollo"},"content":{"rendered":"<p>Nesta ter\u00e7a-feira (11), colunistas e jornais informaram que a gestora Apollo fez nova proposta de compra de 100% da <a class=\"suno-keyword\" href=\"https:\/\/www.suno.com.br\/acoes\/BRKM5\/\" target=\"_blank\" rel=\"noopener\" data-force=\"yes\" data-priority=\"2\"><strong>Braskem<\/strong> (BRKM5)<\/a>.<\/p>\t<div class=\"wrapper-featured-image\">\n\t\t<figure class=\"spotlightImg\">\n\n\t\t\t<picture>\n\t\t\t\t<source media=\"(max-width: 768px)\" srcset=\"https:\/\/files.sunoresearch.com.br\/n\/uploads\/2021\/04\/f01831c0-whatsapp-image-2021-04-15-at-19.53.57-400x200.webp\">\n\t\t\t\t<img loading=\"lazy\" decoding=\"async\" class=\"newsContent__article__imgCapa lazyloadDisabled \" src=\"https:\/\/files.sunoresearch.com.br\/n\/uploads\/2021\/04\/f01831c0-whatsapp-image-2021-04-15-at-19.53.57-800x450.webp\" width=\"800\" height=\"450\" alt=\"A\u00e7\u00e3o da Braskem (BRKM5) salta 20,4% com nova proposta da Apollo\" fetchpriority=high \/>\n\t\t\t<\/picture>\n\n\t\t\t<figcaption class=\"wp-caption-text wp-caption-text--show\">Braskem (BRKM5). Foto: Reprodu\u00e7\u00e3o Instagram<\/figcaption>\n\t\t<\/figure>\n\t<\/div>\n\n\n\t<p>\n\t\t<a href=\"\" target=\"_blank\" data-element=\"shortcode-suno-banner\" title=\"Banner SUNO, clique e saiba mais\">\n\t\t\t<picture>\n\t\t\t\t<source media=\"(max-width: 500px)\" srcset=\"\">\n\t\t\t\t<img class=\"newsContent__article__imgCapa newsContent__article__imgCapa--banner\"\n\t\t\t\t\tsrc=\"\"\n\t\t\t\t\tdata-promo-id=\"138420\"\t\t\t\t\t\t\t\t\t\t\t\t\t\t\talt=\"\"\n\t\t\t\t>\n\t\t\t<\/picture>\n\t\t<\/a>\n\t<\/p>\n\n\n<p>As <strong>a\u00e7\u00f5es da Braskem\u00a0<\/strong>fecharam em alta de 20,4%, cotadas a R$ <span class=\"IsqQVc NprOob wT3VGc\">33,58<\/span>.<\/p>\n<p>De acordo com o jornal <em>Valor Econ\u00f4mico<\/em>, o valor por <strong>a\u00e7\u00e3o da Braskem<\/strong> seria de R$ 47 por a\u00e7\u00e3o. J\u00e1 o colunista do O Globo, Lauro Jardim, afirmou que seria de R$ 50 por a\u00e7\u00e3o, proposta que representa cerca de 25% a mais do que a anterior.<\/p>\n<p>Fontes ouvidas pelo jornal informaram que a oferta est\u00e1 sendo formalizada com a controladora Novonor, antiga Odebrecht. A avalia\u00e7\u00e3o da petroqu\u00edmica seria de aproximadamente R$ 37 bilh\u00f5es, considerando-se o n\u00famero total de a\u00e7\u00f5es da companhia.<\/p>\n<p>Al\u00e9m disso, a gestora teria condicionado sua oferta \u00e0 realiza\u00e7\u00e3o de <em>due diligence<\/em> (dilig\u00eancia pr\u00e9via). O aspecto mais cr\u00edtico at\u00e9 ent\u00e3o, para a Apollo, seria a situa\u00e7\u00e3o da Braskem em Alagoas.<\/p>\n<p>Mesmo com avan\u00e7os da petroqu\u00edmica\u00a0nas tratativas com autoridades sobre o afundamento do solo em Macei\u00f3, referente \u00e0 antiga opera\u00e7\u00e3o de sal-gema da empresa, ainda existem diversos riscos.<\/p>\n\t<p>\n\t\t<a href=\"https:\/\/lp.suno.com.br\/planilha-controle-gastos\/\" target=\"_blank\" data-element=\"shortcode-suno-banner\" title=\"Banner SUNO, clique e saiba mais\">\n\t\t\t<picture>\n\t\t\t\t<source media=\"(max-width: 500px)\" srcset=\"https:\/\/files.sunoresearch.com.br\/n\/uploads\/2023\/03\/400x300-Planilha-controle-de-gastos.png\">\n\t\t\t\t<img class=\"newsContent__article__imgCapa newsContent__article__imgCapa--banner\"\n\t\t\t\t\tsrc=\"https:\/\/files.sunoresearch.com.br\/n\/uploads\/2023\/03\/1420x240-Planilha-controle-de-gastos.png\"\n\t\t\t\t\tdata-promo-id=\"101751\"\t\t\t\t\t\t\t\t\t\twidth='1420' height='240'\t\t\t\t\talt=\"https:\/\/files.sunoresearch.com.br\/n\/uploads\/2023\/03\/1420x240-Planilha-controle-de-gastos.png\"\n\t\t\t\t>\n\t\t\t<\/picture>\n\t\t<\/a>\n\t<\/p>\n\n\n<h2>Oferta anterior da Apollo era baixa, na vis\u00e3o da Braskem e credores<\/h2>\n<p>A Apollo fez uma oferta de R$ 45 por a\u00e7\u00e3o e sua proposta era de comprar a totalidade da companhia, colocando como condicionante da sa\u00edda da<strong><a class=\"suno-keyword\" href=\"https:\/\/www.suno.com.br\/acoes\/PETR4\/\" target=\"_blank\" rel=\"noopener\" data-force=\"yes\" data-priority=\"2\"> Petrobras\u00a0<\/a><\/strong><a class=\"suno-keyword\" href=\"https:\/\/www.suno.com.br\/acoes\/PETR4\/\" target=\"_blank\" rel=\"noopener\" data-force=\"yes\" data-priority=\"2\">(PETR4)<\/a>\u00a0para concretizar a opera\u00e7\u00e3o.<\/p>\n<p>Os bancos credores \u2014\u00a0<a class=\"suno-keyword\" href=\"https:\/\/www.suno.com.br\/acoes\/BBAS3\/\" target=\"_blank\" rel=\"noopener\" data-force=\"yes\" data-priority=\"2\"><strong>Banco do Brasil<\/strong> (BBAS3)<\/a>, BNDES,\u00a0<a class=\"suno-keyword\" href=\"https:\/\/www.suno.com.br\/acoes\/BBDC4\/\" target=\"_blank\" rel=\"noopener\" data-force=\"yes\" data-priority=\"2\"><strong>Bradesco<\/strong> (BBDC4)<\/a>,\u00a0<a class=\"suno-keyword\" href=\"https:\/\/www.suno.com.br\/acoes\/ITUB4\/\" target=\"_blank\" rel=\"noopener\" data-force=\"yes\" data-priority=\"2\"><strong>Ita\u00fa<\/strong> (ITUB4)<\/a>\u00a0e\u00a0<a class=\"suno-keyword\" href=\"https:\/\/www.suno.com.br\/acoes\/SANB11\/\" target=\"_blank\" rel=\"noopener\" data-force=\"yes\" data-priority=\"2\"><strong>Santander<\/strong> (SANB11)<\/a>\u00a0\u2014 por sua vez, n\u00e3o est\u00e3o dispostos a conceder descontos no valor total das d\u00edvidas. No caso da Apollo, entendem que o valor de R$ 45 por a\u00e7\u00e3o e as condi\u00e7\u00f5es impostas pela gestora apresentam riscos.<\/p>\n<p>Anteriormente, o Valor tamb\u00e9m divulgou ainda que a <a class=\"suno-keyword\" href=\"https:\/\/www.suno.com.br\/acoes\/UNIP6\/\" target=\"_blank\" rel=\"noopener\" data-force=\"yes\" data-priority=\"2\"><strong>Unipar<\/strong> (UNIP6)<\/a>\u00a0e o grupo Ultra, em parceria com a gestora Lumina, correm for fora e fizeram uma proposta para a Novonor em um outro formato.<\/p>\n<p>Enquanto a Unipar chegou a oferecer R$ 10 bilh\u00f5es pelos\u00a0ativos da<strong> Braskem<\/strong>\u00a0em S\u00e3o Paulo, o cons\u00f3rcio entre Ultra e Lumina prop\u00f4s um aporte de R$ 1,3 bilh\u00e3o na empresa, entrando no bloco de controle junto com Novonor e Petrobras. Na proposta, o cons\u00f3rcio chegaria a 51% de participa\u00e7\u00e3o em aproximadamente tr\u00eas anos.<\/p>\n\t<p>\n\t\t<a href=\"https:\/\/lp.suno.com.br\/planilha-da-vida-financeira\/\" target=\"_blank\" data-element=\"shortcode-suno-banner\" title=\"Banner SUNO, clique e saiba mais\">\n\t\t\t<picture>\n\t\t\t\t<source media=\"(max-width: 500px)\" srcset=\"https:\/\/files.sunoresearch.com.br\/n\/uploads\/2023\/04\/400x300-Planilha-vida-financeira-true.png\">\n\t\t\t\t<img class=\"newsContent__article__imgCapa newsContent__article__imgCapa--banner\"\n\t\t\t\t\tsrc=\"https:\/\/files.sunoresearch.com.br\/n\/uploads\/2023\/04\/1420x240-Planilha-vida-financeira-true.png\"\n\t\t\t\t\tdata-promo-id=\"106682\"\t\t\t\t\t\t\t\t\t\twidth='1420' height='240'\t\t\t\t\talt=\"https:\/\/files.sunoresearch.com.br\/n\/uploads\/2023\/04\/1420x240-Planilha-vida-financeira-true.png\"\n\t\t\t\t>\n\t\t\t<\/picture>\n\t\t<\/a>\n\t<\/p>\n\n\n","protected":false},"excerpt":{"rendered":"<p>Nesta ter\u00e7a-feira (11), colunistas e jornais informaram que a gestora Apollo fez nova proposta de compra de 100% da Braskem (BRKM5). Braskem (BRKM5). Foto: Reprodu\u00e7\u00e3o Instagram As a\u00e7\u00f5es da Braskem\u00a0fecharam em alta de 20,4%, cotadas a R$ 33,58. De acordo com o jornal Valor Econ\u00f4mico, o valor por a\u00e7\u00e3o da Braskem seria de R$ 47 [&hellip;]<\/p>\n","protected":false},"author":146,"featured_media":139978,"comment_status":"closed","ping_status":"closed","sticky":false,"template":"","format":"standard","meta":[],"categories":[64],"tags":[395],"suno_strategy":[],"class_list":["post-307674","post","type-post","status-publish","format-standard","has-post-thumbnail","hentry","category-negocios","tag-braskem-brkm3-brkm5-brkm6"],"yoast_head":"<!-- This site is optimized with the Yoast SEO plugin v24.4 - https:\/\/yoast.com\/wordpress\/plugins\/seo\/ -->\n<title>A\u00e7\u00e3o da Braskem (BRKM5) salta 20,4% com nova proposta da Apollo<\/title>\n<meta name=\"description\" content=\"A a\u00e7\u00e3o da Braskem (BRKM5) salta 20%, pr\u00f3ximo das 16h45, com nova proposta da Gestora Apollo por 100% da petroqu\u00edmica. Veja os detalhes.\" \/>\n<meta name=\"robots\" content=\"index, follow, max-snippet:-1, max-image-preview:large, max-video-preview:-1\" \/>\n<link rel=\"canonical\" href=\"https:\/\/www.suno.com.br\/noticias\/acao-da-braskem-brkm5-salta-nova-proposta-apollo\/\" \/>\n<meta property=\"og:locale\" content=\"pt_BR\" \/>\n<meta property=\"og:type\" content=\"article\" \/>\n<meta property=\"og:title\" content=\"A\u00e7\u00e3o da Braskem (BRKM5) salta 20,4% com nova proposta da Apollo\" \/>\n<meta property=\"og:description\" content=\"A a\u00e7\u00e3o da Braskem (BRKM5) salta 20%, pr\u00f3ximo das 16h45, com nova proposta da Gestora Apollo por 100% da petroqu\u00edmica. Veja os detalhes.\" \/>\n<meta property=\"og:url\" content=\"https:\/\/www.suno.com.br\/noticias\/acao-da-braskem-brkm5-salta-nova-proposta-apollo\/\" \/>\n<meta property=\"og:site_name\" content=\"Suno Not\u00edcias\" \/>\n<meta property=\"article:publisher\" content=\"https:\/\/facebook.com\/sunoresearch\" \/>\n<meta property=\"og:image\" content=\"https:\/\/files.sunoresearch.com.br\/n\/uploads\/2021\/04\/f01831c0-whatsapp-image-2021-04-15-at-19.53.57.jpg\" \/>\n\t<meta property=\"og:image:width\" content=\"1200\" \/>\n\t<meta property=\"og:image:height\" content=\"790\" \/>\n\t<meta property=\"og:image:type\" content=\"image\/jpeg\" \/>\n<meta name=\"author\" content=\"Vict\u00f3ria Anhesini\" \/>\n<meta name=\"twitter:card\" content=\"summary_large_image\" \/>\n<meta name=\"twitter:creator\" content=\"@sunoresearch\" \/>\n<meta name=\"twitter:site\" content=\"@sunoresearch\" \/>\n<meta name=\"twitter:label1\" content=\"Escrito por\" \/>\n\t<meta name=\"twitter:data1\" content=\"Vict\u00f3ria Anhesini\" \/>\n\t<meta name=\"twitter:label2\" content=\"Est. tempo de leitura\" \/>\n\t<meta name=\"twitter:data2\" content=\"3 minutos\" \/>\n<script type=\"application\/ld+json\" class=\"yoast-schema-graph\">{\"@context\":\"https:\/\/schema.org\",\"@graph\":[{\"@type\":\"NewsArticle\",\"@id\":\"https:\/\/www.suno.com.br\/noticias\/acao-da-braskem-brkm5-salta-nova-proposta-apollo\/#article\",\"isPartOf\":{\"@id\":\"https:\/\/www.suno.com.br\/noticias\/acao-da-braskem-brkm5-salta-nova-proposta-apollo\/\"},\"author\":{\"name\":\"Vict\u00f3ria Anhesini\",\"@id\":\"https:\/\/www.suno.com.br\/noticias\/#\/schema\/person\/46d847cb19ad53fde0857adca989c23f\"},\"headline\":\"A\u00e7\u00e3o da Braskem (BRKM5) salta 20,4% com nova proposta da Apollo\",\"datePublished\":\"2022-10-11T19:59:08+00:00\",\"dateModified\":\"2022-10-11T21:11:33+00:00\",\"mainEntityOfPage\":{\"@id\":\"https:\/\/www.suno.com.br\/noticias\/acao-da-braskem-brkm5-salta-nova-proposta-apollo\/\"},\"wordCount\":401,\"publisher\":{\"@id\":\"https:\/\/www.suno.com.br\/noticias\/#organization\"},\"image\":{\"@id\":\"https:\/\/www.suno.com.br\/noticias\/acao-da-braskem-brkm5-salta-nova-proposta-apollo\/#primaryimage\"},\"thumbnailUrl\":\"https:\/\/files.sunoresearch.com.br\/n\/uploads\/2021\/04\/f01831c0-whatsapp-image-2021-04-15-at-19.53.57-jpg.webp\",\"keywords\":[\"Braskem (BRKM3\/BRKM5\/BRKM6)\"],\"articleSection\":[\"Neg\u00f3cios\"],\"inLanguage\":\"pt-BR\"},{\"@type\":\"WebPage\",\"@id\":\"https:\/\/www.suno.com.br\/noticias\/acao-da-braskem-brkm5-salta-nova-proposta-apollo\/\",\"url\":\"https:\/\/www.suno.com.br\/noticias\/acao-da-braskem-brkm5-salta-nova-proposta-apollo\/\",\"name\":\"A\u00e7\u00e3o da Braskem (BRKM5) salta 20,4% com nova proposta da Apollo\",\"isPartOf\":{\"@id\":\"https:\/\/www.suno.com.br\/noticias\/#website\"},\"primaryImageOfPage\":{\"@id\":\"https:\/\/www.suno.com.br\/noticias\/acao-da-braskem-brkm5-salta-nova-proposta-apollo\/#primaryimage\"},\"image\":{\"@id\":\"https:\/\/www.suno.com.br\/noticias\/acao-da-braskem-brkm5-salta-nova-proposta-apollo\/#primaryimage\"},\"thumbnailUrl\":\"https:\/\/files.sunoresearch.com.br\/n\/uploads\/2021\/04\/f01831c0-whatsapp-image-2021-04-15-at-19.53.57-jpg.webp\",\"datePublished\":\"2022-10-11T19:59:08+00:00\",\"dateModified\":\"2022-10-11T21:11:33+00:00\",\"description\":\"A a\u00e7\u00e3o da Braskem (BRKM5) salta 20%, pr\u00f3ximo das 16h45, com nova proposta da Gestora Apollo por 100% da petroqu\u00edmica. Veja os detalhes.\",\"breadcrumb\":{\"@id\":\"https:\/\/www.suno.com.br\/noticias\/acao-da-braskem-brkm5-salta-nova-proposta-apollo\/#breadcrumb\"},\"inLanguage\":\"pt-BR\",\"potentialAction\":[{\"@type\":\"ReadAction\",\"target\":[\"https:\/\/www.suno.com.br\/noticias\/acao-da-braskem-brkm5-salta-nova-proposta-apollo\/\"]}]},{\"@type\":\"ImageObject\",\"inLanguage\":\"pt-BR\",\"@id\":\"https:\/\/www.suno.com.br\/noticias\/acao-da-braskem-brkm5-salta-nova-proposta-apollo\/#primaryimage\",\"url\":\"https:\/\/files.sunoresearch.com.br\/n\/uploads\/2021\/04\/f01831c0-whatsapp-image-2021-04-15-at-19.53.57-jpg.webp\",\"contentUrl\":\"https:\/\/files.sunoresearch.com.br\/n\/uploads\/2021\/04\/f01831c0-whatsapp-image-2021-04-15-at-19.53.57-jpg.webp\",\"width\":1200,\"height\":790,\"caption\":\"Braskem (BRKM5). Foto: Reprodu\u00e7\u00e3o Instagram\"},{\"@type\":\"BreadcrumbList\",\"@id\":\"https:\/\/www.suno.com.br\/noticias\/acao-da-braskem-brkm5-salta-nova-proposta-apollo\/#breadcrumb\",\"itemListElement\":[{\"@type\":\"ListItem\",\"position\":1,\"name\":\"Not\u00edcias\",\"item\":\"https:\/\/www.suno.com.br\/noticias\/\"},{\"@type\":\"ListItem\",\"position\":2,\"name\":\"Neg\u00f3cios\",\"item\":\"https:\/\/www.suno.com.br\/noticias\/negocios\/\"},{\"@type\":\"ListItem\",\"position\":3,\"name\":\"A\u00e7\u00e3o da Braskem (BRKM5) salta 20,4% com nova proposta da Apollo\"}]},{\"@type\":\"WebSite\",\"@id\":\"https:\/\/www.suno.com.br\/noticias\/#website\",\"url\":\"https:\/\/www.suno.com.br\/noticias\/\",\"name\":\"Suno Not\u00edcias\",\"description\":\"Seu portal de informa\u00e7\u00e3o sobre o mundo dos investimentos\",\"publisher\":{\"@id\":\"https:\/\/www.suno.com.br\/noticias\/#organization\"},\"potentialAction\":[{\"@type\":\"SearchAction\",\"target\":{\"@type\":\"EntryPoint\",\"urlTemplate\":\"https:\/\/www.suno.com.br\/noticias\/?s={search_term_string}\"},\"query-input\":{\"@type\":\"PropertyValueSpecification\",\"valueRequired\":true,\"valueName\":\"search_term_string\"}}],\"inLanguage\":\"pt-BR\"},{\"@type\":\"Organization\",\"@id\":\"https:\/\/www.suno.com.br\/noticias\/#organization\",\"name\":\"Suno Not\u00edcias\",\"url\":\"https:\/\/www.suno.com.br\/noticias\/\",\"logo\":{\"@type\":\"ImageObject\",\"inLanguage\":\"pt-BR\",\"@id\":\"https:\/\/www.suno.com.br\/noticias\/#\/schema\/logo\/image\/\",\"url\":\"https:\/\/files.sunoresearch.com.br\/n\/uploads\/2021\/09\/suno-logo.png\",\"contentUrl\":\"https:\/\/files.sunoresearch.com.br\/n\/uploads\/2021\/09\/suno-logo.png\",\"width\":180,\"height\":180,\"caption\":\"Suno Not\u00edcias\"},\"image\":{\"@id\":\"https:\/\/www.suno.com.br\/noticias\/#\/schema\/logo\/image\/\"},\"sameAs\":[\"https:\/\/facebook.com\/sunoresearch\",\"https:\/\/x.com\/sunoresearch\",\"https:\/\/www.instagram.com\/suno\",\"https:\/\/www.linkedin.com\/company\/suno-research\/\",\"https:\/\/www.youtube.com\/c\/sunoresearch\"]},{\"@type\":\"Person\",\"@id\":\"https:\/\/www.suno.com.br\/noticias\/#\/schema\/person\/46d847cb19ad53fde0857adca989c23f\",\"name\":\"Vict\u00f3ria Anhesini\",\"image\":{\"@type\":\"ImageObject\",\"inLanguage\":\"pt-BR\",\"@id\":\"https:\/\/www.suno.com.br\/noticias\/#\/schema\/person\/image\/\",\"url\":\"https:\/\/secure.gravatar.com\/avatar\/0172bdfcd9129dd9dd68794804304e6e?s=96&r=g\",\"contentUrl\":\"https:\/\/secure.gravatar.com\/avatar\/0172bdfcd9129dd9dd68794804304e6e?s=96&r=g\",\"caption\":\"Vict\u00f3ria Anhesini\"},\"description\":\"Rep\u00f3rter no Suno Not\u00edcias, cobre mercados, neg\u00f3cios e economia, escrevendo majoritariamente sobre movimentos das empresas, cobertura de balan\u00e7os trimestrais e Bolsa de Valores. Formada em jornalismo pela Universidade Presbiteriana Mackenzie em 2019, passou pelo portal de economia e finan\u00e7as EuQueroInvestir como rep\u00f3rter e anteriormente, trabalhou na assessoria de imprensa PinePR, onde liderou com startups de inova\u00e7\u00e3o, tecnologia e finan\u00e7as. Em seu tempo livre, fala sobre m\u00fasica para ambos os sites do selo ForMusic, Wikimetal e Mad Sound, e faz trabalho volunt\u00e1rio no programa Escreve Cartas do Poupatempo.\",\"sameAs\":[\"https:\/\/www.linkedin.com\/in\/victoria-anhesini\/\"],\"url\":\"https:\/\/www.suno.com.br\/noticias\/author\/victoria\/\"}]}<\/script>\n<!-- \/ Yoast SEO plugin. -->","yoast_head_json":{"title":"A\u00e7\u00e3o da Braskem (BRKM5) salta 20,4% com nova proposta da Apollo","description":"A a\u00e7\u00e3o da Braskem (BRKM5) salta 20%, pr\u00f3ximo das 16h45, com nova proposta da Gestora Apollo por 100% da petroqu\u00edmica. Veja os detalhes.","robots":{"index":"index","follow":"follow","max-snippet":"max-snippet:-1","max-image-preview":"max-image-preview:large","max-video-preview":"max-video-preview:-1"},"canonical":"https:\/\/www.suno.com.br\/noticias\/acao-da-braskem-brkm5-salta-nova-proposta-apollo\/","og_locale":"pt_BR","og_type":"article","og_title":"A\u00e7\u00e3o da Braskem (BRKM5) salta 20,4% com nova proposta da Apollo","og_description":"A a\u00e7\u00e3o da Braskem (BRKM5) salta 20%, pr\u00f3ximo das 16h45, com nova proposta da Gestora Apollo por 100% da petroqu\u00edmica. Veja os detalhes.","og_url":"https:\/\/www.suno.com.br\/noticias\/acao-da-braskem-brkm5-salta-nova-proposta-apollo\/","og_site_name":"Suno Not\u00edcias","article_publisher":"https:\/\/facebook.com\/sunoresearch","og_image":[{"width":1200,"height":790,"url":"https:\/\/files.sunoresearch.com.br\/n\/uploads\/2021\/04\/f01831c0-whatsapp-image-2021-04-15-at-19.53.57.jpg","type":"image\/jpeg"}],"author":"Vict\u00f3ria Anhesini","twitter_card":"summary_large_image","twitter_creator":"@sunoresearch","twitter_site":"@sunoresearch","twitter_misc":{"Escrito por":"Vict\u00f3ria Anhesini","Est. tempo de leitura":"3 minutos"},"schema":{"@context":"https:\/\/schema.org","@graph":[{"@type":"NewsArticle","@id":"https:\/\/www.suno.com.br\/noticias\/acao-da-braskem-brkm5-salta-nova-proposta-apollo\/#article","isPartOf":{"@id":"https:\/\/www.suno.com.br\/noticias\/acao-da-braskem-brkm5-salta-nova-proposta-apollo\/"},"author":{"name":"Vict\u00f3ria Anhesini","@id":"https:\/\/www.suno.com.br\/noticias\/#\/schema\/person\/46d847cb19ad53fde0857adca989c23f"},"headline":"A\u00e7\u00e3o da Braskem (BRKM5) salta 20,4% com nova proposta da Apollo","datePublished":"2022-10-11T19:59:08+00:00","dateModified":"2022-10-11T21:11:33+00:00","mainEntityOfPage":{"@id":"https:\/\/www.suno.com.br\/noticias\/acao-da-braskem-brkm5-salta-nova-proposta-apollo\/"},"wordCount":401,"publisher":{"@id":"https:\/\/www.suno.com.br\/noticias\/#organization"},"image":{"@id":"https:\/\/www.suno.com.br\/noticias\/acao-da-braskem-brkm5-salta-nova-proposta-apollo\/#primaryimage"},"thumbnailUrl":"https:\/\/files.sunoresearch.com.br\/n\/uploads\/2021\/04\/f01831c0-whatsapp-image-2021-04-15-at-19.53.57-jpg.webp","keywords":["Braskem (BRKM3\/BRKM5\/BRKM6)"],"articleSection":["Neg\u00f3cios"],"inLanguage":"pt-BR"},{"@type":"WebPage","@id":"https:\/\/www.suno.com.br\/noticias\/acao-da-braskem-brkm5-salta-nova-proposta-apollo\/","url":"https:\/\/www.suno.com.br\/noticias\/acao-da-braskem-brkm5-salta-nova-proposta-apollo\/","name":"A\u00e7\u00e3o da Braskem (BRKM5) salta 20,4% com nova proposta da Apollo","isPartOf":{"@id":"https:\/\/www.suno.com.br\/noticias\/#website"},"primaryImageOfPage":{"@id":"https:\/\/www.suno.com.br\/noticias\/acao-da-braskem-brkm5-salta-nova-proposta-apollo\/#primaryimage"},"image":{"@id":"https:\/\/www.suno.com.br\/noticias\/acao-da-braskem-brkm5-salta-nova-proposta-apollo\/#primaryimage"},"thumbnailUrl":"https:\/\/files.sunoresearch.com.br\/n\/uploads\/2021\/04\/f01831c0-whatsapp-image-2021-04-15-at-19.53.57-jpg.webp","datePublished":"2022-10-11T19:59:08+00:00","dateModified":"2022-10-11T21:11:33+00:00","description":"A a\u00e7\u00e3o da Braskem (BRKM5) salta 20%, pr\u00f3ximo das 16h45, com nova proposta da Gestora Apollo por 100% da petroqu\u00edmica. Veja os detalhes.","breadcrumb":{"@id":"https:\/\/www.suno.com.br\/noticias\/acao-da-braskem-brkm5-salta-nova-proposta-apollo\/#breadcrumb"},"inLanguage":"pt-BR","potentialAction":[{"@type":"ReadAction","target":["https:\/\/www.suno.com.br\/noticias\/acao-da-braskem-brkm5-salta-nova-proposta-apollo\/"]}]},{"@type":"ImageObject","inLanguage":"pt-BR","@id":"https:\/\/www.suno.com.br\/noticias\/acao-da-braskem-brkm5-salta-nova-proposta-apollo\/#primaryimage","url":"https:\/\/files.sunoresearch.com.br\/n\/uploads\/2021\/04\/f01831c0-whatsapp-image-2021-04-15-at-19.53.57-jpg.webp","contentUrl":"https:\/\/files.sunoresearch.com.br\/n\/uploads\/2021\/04\/f01831c0-whatsapp-image-2021-04-15-at-19.53.57-jpg.webp","width":1200,"height":790,"caption":"Braskem (BRKM5). Foto: Reprodu\u00e7\u00e3o Instagram"},{"@type":"BreadcrumbList","@id":"https:\/\/www.suno.com.br\/noticias\/acao-da-braskem-brkm5-salta-nova-proposta-apollo\/#breadcrumb","itemListElement":[{"@type":"ListItem","position":1,"name":"Not\u00edcias","item":"https:\/\/www.suno.com.br\/noticias\/"},{"@type":"ListItem","position":2,"name":"Neg\u00f3cios","item":"https:\/\/www.suno.com.br\/noticias\/negocios\/"},{"@type":"ListItem","position":3,"name":"A\u00e7\u00e3o da Braskem (BRKM5) salta 20,4% com nova proposta da Apollo"}]},{"@type":"WebSite","@id":"https:\/\/www.suno.com.br\/noticias\/#website","url":"https:\/\/www.suno.com.br\/noticias\/","name":"Suno Not\u00edcias","description":"Seu portal de informa\u00e7\u00e3o sobre o mundo dos investimentos","publisher":{"@id":"https:\/\/www.suno.com.br\/noticias\/#organization"},"potentialAction":[{"@type":"SearchAction","target":{"@type":"EntryPoint","urlTemplate":"https:\/\/www.suno.com.br\/noticias\/?s={search_term_string}"},"query-input":{"@type":"PropertyValueSpecification","valueRequired":true,"valueName":"search_term_string"}}],"inLanguage":"pt-BR"},{"@type":"Organization","@id":"https:\/\/www.suno.com.br\/noticias\/#organization","name":"Suno Not\u00edcias","url":"https:\/\/www.suno.com.br\/noticias\/","logo":{"@type":"ImageObject","inLanguage":"pt-BR","@id":"https:\/\/www.suno.com.br\/noticias\/#\/schema\/logo\/image\/","url":"https:\/\/files.sunoresearch.com.br\/n\/uploads\/2021\/09\/suno-logo.png","contentUrl":"https:\/\/files.sunoresearch.com.br\/n\/uploads\/2021\/09\/suno-logo.png","width":180,"height":180,"caption":"Suno Not\u00edcias"},"image":{"@id":"https:\/\/www.suno.com.br\/noticias\/#\/schema\/logo\/image\/"},"sameAs":["https:\/\/facebook.com\/sunoresearch","https:\/\/x.com\/sunoresearch","https:\/\/www.instagram.com\/suno","https:\/\/www.linkedin.com\/company\/suno-research\/","https:\/\/www.youtube.com\/c\/sunoresearch"]},{"@type":"Person","@id":"https:\/\/www.suno.com.br\/noticias\/#\/schema\/person\/46d847cb19ad53fde0857adca989c23f","name":"Vict\u00f3ria Anhesini","image":{"@type":"ImageObject","inLanguage":"pt-BR","@id":"https:\/\/www.suno.com.br\/noticias\/#\/schema\/person\/image\/","url":"https:\/\/secure.gravatar.com\/avatar\/0172bdfcd9129dd9dd68794804304e6e?s=96&r=g","contentUrl":"https:\/\/secure.gravatar.com\/avatar\/0172bdfcd9129dd9dd68794804304e6e?s=96&r=g","caption":"Vict\u00f3ria Anhesini"},"description":"Rep\u00f3rter no Suno Not\u00edcias, cobre mercados, neg\u00f3cios e economia, escrevendo majoritariamente sobre movimentos das empresas, cobertura de balan\u00e7os trimestrais e Bolsa de Valores. Formada em jornalismo pela Universidade Presbiteriana Mackenzie em 2019, passou pelo portal de economia e finan\u00e7as EuQueroInvestir como rep\u00f3rter e anteriormente, trabalhou na assessoria de imprensa PinePR, onde liderou com startups de inova\u00e7\u00e3o, tecnologia e finan\u00e7as. Em seu tempo livre, fala sobre m\u00fasica para ambos os sites do selo ForMusic, Wikimetal e Mad Sound, e faz trabalho volunt\u00e1rio no programa Escreve Cartas do Poupatempo.","sameAs":["https:\/\/www.linkedin.com\/in\/victoria-anhesini\/"],"url":"https:\/\/www.suno.com.br\/noticias\/author\/victoria\/"}]}},"default_loop_html":"<div class=\"cardsPage__listCard__boxs\"><div class=\"cardsPage__listCard__boxs__img\"><a href=\"https:\/\/www.suno.com.br\/noticias\/acao-da-braskem-brkm5-salta-nova-proposta-apollo\/\"><img class=\"mask\" src=\"https:\/\/www.suno.com.br\/noticias\/wp-content\/themes\/suno\/resources\/images\/spotlight\/spotlight1img\/bg-mask.png\" alt=\"Image Mask\"\/><img src=\"https:\/\/files.sunoresearch.com.br\/n\/uploads\/2021\/04\/f01831c0-whatsapp-image-2021-04-15-at-19.53.57-400x200.webp\" alt=\"A\u00e7\u00e3o da Braskem (BRKM5) salta 20,4% com nova proposta da Apollo\"\/><\/a><span class=\"spotlightCategory\"><a href=\"https:\/\/www.suno.com.br\/noticias\/negocios\/\">Neg\u00f3cios<\/a><\/span><\/div><div class=\"cardsPage__listCard__boxs__content\"><a href=\"https:\/\/www.suno.com.br\/noticias\/acao-da-braskem-brkm5-salta-nova-proposta-apollo\/\"><h2 class=\"content__title\">A\u00e7\u00e3o da Braskem (BRKM5) salta 20,4% com nova proposta da Apollo<\/h2><\/a><div class=\"newsContent__article__meta\"><div class=\"newsContent__article__meta__authorBox\"><a href=\"https:\/\/www.suno.com.br\/noticias\/author\/victoria\/\" class=\"authorBox__avatar noMobi\"><img src=\"https:\/\/files.sunoresearch.com.br\/n\/uploads\/2021\/12\/20190129VickyPINEAPPLE01-1-150x150.jpg\" alt=\"Vict\u00f3ria Anhesini\"><\/a><div class=\"authorBox__name\"><span>por\n\t\t\t<a href=\"https:\/\/www.suno.com.br\/noticias\/author\/victoria\/\"><span itemprop=\"author\">Vict\u00f3ria Anhesini<\/span><\/a><\/span><time datetime=\"2022-10-11T16:59:08-03:00\" itemprop=\"datePublished\">11\/10\/2022 16:59<\/time><\/div><\/div><\/div><\/div><\/div>","single_layout":"posts","amp_enabled":true,"_links":{"self":[{"href":"https:\/\/www.suno.com.br\/noticias\/wp-json\/wp\/v2\/posts\/307674"}],"collection":[{"href":"https:\/\/www.suno.com.br\/noticias\/wp-json\/wp\/v2\/posts"}],"about":[{"href":"https:\/\/www.suno.com.br\/noticias\/wp-json\/wp\/v2\/types\/post"}],"author":[{"embeddable":true,"href":"https:\/\/www.suno.com.br\/noticias\/wp-json\/wp\/v2\/users\/146"}],"replies":[{"embeddable":true,"href":"https:\/\/www.suno.com.br\/noticias\/wp-json\/wp\/v2\/comments?post=307674"}],"version-history":[{"count":3,"href":"https:\/\/www.suno.com.br\/noticias\/wp-json\/wp\/v2\/posts\/307674\/revisions"}],"predecessor-version":[{"id":307788,"href":"https:\/\/www.suno.com.br\/noticias\/wp-json\/wp\/v2\/posts\/307674\/revisions\/307788"}],"wp:featuredmedia":[{"embeddable":true,"href":"https:\/\/www.suno.com.br\/noticias\/wp-json\/wp\/v2\/media\/139978"}],"wp:attachment":[{"href":"https:\/\/www.suno.com.br\/noticias\/wp-json\/wp\/v2\/media?parent=307674"}],"wp:term":[{"taxonomy":"category","embeddable":true,"href":"https:\/\/www.suno.com.br\/noticias\/wp-json\/wp\/v2\/categories?post=307674"},{"taxonomy":"post_tag","embeddable":true,"href":"https:\/\/www.suno.com.br\/noticias\/wp-json\/wp\/v2\/tags?post=307674"},{"taxonomy":"suno_strategy","embeddable":true,"href":"https:\/\/www.suno.com.br\/noticias\/wp-json\/wp\/v2\/suno_strategy?post=307674"}],"curies":[{"name":"wp","href":"https:\/\/api.w.org\/{rel}","templated":true}]}}