{"id":307389,"date":"2022-10-10T22:08:35","date_gmt":"2022-10-11T01:08:35","guid":{"rendered":"https:\/\/www.suno.com.br\/noticias\/?p=307389"},"modified":"2022-10-10T22:08:35","modified_gmt":"2022-10-11T01:08:35","slug":"radar-petrobras-petr4-gerdau-goua4-embraer-embr3","status":"publish","type":"post","link":"https:\/\/www.suno.com.br\/noticias\/radar-petrobras-petr4-gerdau-goua4-embraer-embr3\/","title":{"rendered":"Radar: Petrobras (PETR4) reduz pre\u00e7o do g\u00e1s, Metal\u00fargica Gerdau (GOAU4) pode aumentar dividendos e Embraer (EMBR3) anuncia venda de jatos comerciais"},"content":{"rendered":"<p>A\u00a0<a class=\"suno-keyword\" href=\"https:\/\/www.suno.com.br\/acoes\/PETR4\/\" target=\"_blank\" rel=\"noopener\" data-force=\"yes\" data-priority=\"2\"><strong>Petrobras<\/strong>\u00a0(PETR4)<\/a>\u00a0divulgou nesta segunda-feira (10) que vai reduzir o pre\u00e7o do g\u00e1s natural em 5% para seus clientes a partir de 1\u00ba de novembro, referente ao trimestre de agosto a outubro.<\/p>\t<div class=\"wrapper-featured-image\">\n\t\t<figure class=\"spotlightImg\">\n\n\t\t\t<picture>\n\t\t\t\t<source media=\"(max-width: 768px)\" srcset=\"https:\/\/files.sunoresearch.com.br\/n\/uploads\/2022\/07\/Petrobras-400x200.jpg\">\n\t\t\t\t<img loading=\"lazy\" decoding=\"async\" class=\"newsContent__article__imgCapa lazyloadDisabled \" src=\"https:\/\/files.sunoresearch.com.br\/n\/uploads\/2022\/07\/Petrobras-800x450.jpg\" width=\"800\" height=\"450\" alt=\"Radar: Petrobras (PETR4) reduz pre\u00e7o do g\u00e1s, Metal\u00fargica Gerdau (GOAU4) pode aumentar dividendos e Embraer (EMBR3) anuncia venda de jatos comerciais\" fetchpriority=high \/>\n\t\t\t<\/picture>\n\n\t\t\t<figcaption class=\"wp-caption-text wp-caption-text--show\">Petrobras (PETR4). Foto: Fl\u00e1vio Emanuel\/Ag\u00eancia Petrobras<\/figcaption>\n\t\t<\/figure>\n\t<\/div>\n\n\n\t<p>\n\t\t<a href=\"\" target=\"_blank\" data-element=\"shortcode-suno-banner\" title=\"Banner SUNO, clique e saiba mais\">\n\t\t\t<picture>\n\t\t\t\t<source media=\"(max-width: 500px)\" srcset=\"\">\n\t\t\t\t<img class=\"newsContent__article__imgCapa newsContent__article__imgCapa--banner\"\n\t\t\t\t\tsrc=\"\"\n\t\t\t\t\tdata-promo-id=\"254218\"\t\t\t\t\t\t\t\t\t\t\t\t\t\t\talt=\"\"\n\t\t\t\t>\n\t\t\t<\/picture>\n\t\t<\/a>\n\t<\/p>\n\n\n<p>Os\u00a0<strong>novos pre\u00e7os do g\u00e1s natural<\/strong>\u00a0seguir\u00e3o vigentes at\u00e9 31 de janeiro de 2023, conforme estabelecido nos contratos firmados, informou a estatal.<\/p>\n<p>Os contratos de\u00a0<strong>g\u00e1s natural da Petrobras<\/strong>\u00a0preveem atualiza\u00e7\u00f5es trimestrais e vinculam a varia\u00e7\u00e3o do pre\u00e7o do g\u00e1s \u00e0s oscila\u00e7\u00f5es do petr\u00f3leo Brent e da taxa de c\u00e2mbio. Durante o per\u00edodo (agosto, setembro e outubro), o petr\u00f3leo teve queda de 11,5%; e o c\u00e2mbio teve deprecia\u00e7\u00e3o de 6,5% (isto \u00e9, a quantia em reais para se converter em um d\u00f3lar aumentou 6,5%).<\/p>\n<p>\u201cA Petrobras ressalta que o pre\u00e7o final do g\u00e1s natural ao consumidor n\u00e3o \u00e9 determinado apenas pelo pre\u00e7o de venda da companhia, mas tamb\u00e9m pelas margens das distribuidoras (e, no caso do GNV, dos postos de revenda) e pelos\u00a0<a class=\"suno-keyword\" href=\"https:\/\/www.suno.com.br\/artigos\/tributos-federais\/\" target=\"_blank\" rel=\"noopener\" data-force=\"no\" data-priority=\"1\">tributos federais<\/a>\u00a0e estaduais\u201d, explicou a companhia.<\/p>\n<p>As tarifas ao consumidor dependem de aprova\u00e7\u00e3o pelas ag\u00eancias reguladoras estaduais. Tanto a Naturgy, que atende o Estado do Rio de Janeiro, como a Ceg\u00e1s, do Cear\u00e1, j\u00e1 anunciaram que v\u00e3o reduzir o pre\u00e7o do insumo para os consumidores a partir de 1\u00ba de novembro.<\/p>\n<p>No Rio, a queda girou entre 2,9% e 6,8%, enquanto no Cear\u00e1 o pre\u00e7o teve redu\u00e7\u00e3o de 14%.<\/p>\n<h2><strong>Metal\u00fargica Gerdau (GOAU4) pode aumentar dividendos em 2023 e 2024, diz banco<\/strong><\/h2>\n<ul>\n<li>O Bank of America (BofA) iniciou cobertura das a\u00e7\u00f5es da\u00a0<strong><a href=\"https:\/\/www.suno.com.br\/acoes\/goau4\/\">Metal\u00fargica<\/a>\u00a0<a href=\"https:\/\/www.suno.com.br\/acoes\/GOAU4\/\">Gerdau\u00a0<\/a><\/strong>(GOUA4), com recomenda\u00e7\u00e3o de compra e pre\u00e7o-alvo de R$ 16.<\/li>\n<li>\u201cA\u00a0<strong>Gerdau (GGBR4)\u00a0<\/strong>\u2013 e a Metal\u00fargica Gerdau tem 33% de participa\u00e7\u00e3o na empresa \u2013 est\u00e1 idealmente posicionada para alavancar os crescentes\u00a0<strong>investimentos<\/strong>\u00a0em infraestrutura nos EUA e no Brasil\u201d, disseram os analistas do BofA.<\/li>\n<li>O banco de investimentos v\u00ea um\u00a0<strong>dividend yield<\/strong>\u00a0m\u00e9dio de 9% em 2023 e 2024 para a Metal\u00fargica Gerdau, com sua posi\u00e7\u00e3o de caixa l\u00edquido, que deve ser girado at\u00e9 o primeiro semestre de 2023 e abrir espa\u00e7o para aumentar estes retornos em proventos.<\/li>\n<li>Os analistas do banco afirmam que a companhia pode refor\u00e7ar os lucros aqui nas opera\u00e7\u00f5es no Brasil, qualquer que seja o resultado das elei\u00e7\u00f5es.<\/li>\n<li>\u201cO pr\u00f3ximo presidente precisa dar prioridade em acelerar o crescimento de forma sustent\u00e1vel\u201d, ponderam.<\/li>\n<li>Os analistas acreditam que a Metal\u00fargica Gerdau execute integralmente seu atual programa de recompra de cerca de 10% das a\u00e7\u00f5es em circula\u00e7\u00e3o, com cerca de 30% executados at\u00e9 o momento, o que deve fornecer mais suporte para as a\u00e7\u00f5es, e que programas adicionais de recompra s\u00e3o poss\u00edveis.<\/li>\n<\/ul>\n\t<p>\n\t\t<a href=\"https:\/\/lp.suno.com.br\/ebook-como-analisar-uma-acao\/\" target=\"_blank\" data-element=\"shortcode-suno-banner\" title=\"Banner SUNO, clique e saiba mais\">\n\t\t\t<picture>\n\t\t\t\t<source media=\"(max-width: 500px)\" srcset=\"https:\/\/files.sunoresearch.com.br\/n\/uploads\/2023\/03\/Ebook-Acoes-Mobile-1.jpg\">\n\t\t\t\t<img class=\"newsContent__article__imgCapa newsContent__article__imgCapa--banner\"\n\t\t\t\t\tsrc=\"https:\/\/files.sunoresearch.com.br\/n\/uploads\/2023\/03\/Ebook-Acoes-Desktop-1.jpg\"\n\t\t\t\t\tdata-promo-id=\"171998\"\t\t\t\t\t\t\t\t\t\twidth='1420' height='286'\t\t\t\t\talt=\"https:\/\/files.sunoresearch.com.br\/n\/uploads\/2023\/03\/Ebook-Acoes-Desktop-1.jpg\"\n\t\t\t\t>\n\t\t\t<\/picture>\n\t\t<\/a>\n\t<\/p>\n\n\n<h2><strong>Banco Inter (INBR31): leil\u00e3o de sobras de a\u00e7\u00f5es em BDRs ocorrer\u00e1 dia 13; veja pre\u00e7o<\/strong><\/h2>\n<ul>\n<li>O Banco<strong>\u00a0Inter<\/strong>\u00a0(INBR31) anunciou que realizar\u00e1 dia 13 de outubro um leil\u00e3o na B3, para a venda de fra\u00e7\u00f5es restantes de BDRs (Brazilian Depositary Receipts) no processo de incorpora\u00e7\u00e3o dos pap\u00e9is.<\/li>\n<li>O leil\u00e3o d\u00e1 continuidade aos procedimentos operacionais decorrentes da\u00a0<strong>reorganiza\u00e7\u00e3o societ\u00e1ria do Inter<\/strong>.<\/li>\n<li>A reorganiza\u00e7\u00e3o resultou na migra\u00e7\u00e3o das a\u00e7\u00f5es do Inter para a Inter &amp; Co, Inc., de Classe A, listadas na Nasdaq, no mercado acion\u00e1rio americano e negocia\u00e7\u00e3o de BDRs N\u00edvel II na B3 (INBR31).<\/li>\n<li>Ser\u00e3o leiloados 61.525\u00a0<strong>BDRs do Inter<\/strong>\u00a0sob o c\u00f3digo \u201cINBR32\u201d, com pre\u00e7o de refer\u00eancia de R$ 25. O in\u00edcio do leil\u00e3o ser\u00e1 \u00e0s 10h.<\/li>\n<li>A intermediadora ser\u00e1 a Inter Distribuidora de T\u00edtulos e Valores Mobili\u00e1rios.<\/li>\n<li>\u201cCaso a oferta de venda n\u00e3o seja atendida na sua totalidade durante a realiza\u00e7\u00e3o do leil\u00e3o, a intermediadora registrar\u00e1 o saldo n\u00e3o atendido no call de fechamento, at\u00e9 que a oferta seja atendida em sua totalidade ou por at\u00e9 5 preg\u00f5es consecutivos\u201d, disse o Inter, no comunicado \u00e0 CVM.<\/li>\n<li>O banco digital disse que manter\u00e1 os acionistas e o mercado atualizados em rela\u00e7\u00e3o ao resultado e \u00e0 conclus\u00e3o do leil\u00e3o.<\/li>\n<\/ul>\n<h2><strong>MRV (MRVE3): subsidi\u00e1ria nos EUA deve impulsionar lucro em cen\u00e1rio desafiador; XP corta pre\u00e7o-alvo<\/strong><\/h2>\n<ul>\n<li>A XP Investimentos rebaixou o pre\u00e7o-alvo das a\u00e7\u00f5es da\u00a0<a class=\"suno-keyword\" href=\"https:\/\/www.suno.com.br\/acoes\/MRVE3\/\" target=\"_blank\" rel=\"noopener\" data-force=\"yes\" data-priority=\"2\"><strong>MRV<\/strong>\u00a0(MRVE3)<\/a>\u00a0de R$ 19 para R$ 17, com recomenda\u00e7\u00e3o de compra.<\/li>\n<li>Os analistas da XP explicam que revisaram suas estimativas da MRV para incorporar:<\/li>\n<li>Poss\u00edveis efeitos das atualiza\u00e7\u00f5es do programa Casa Verde e Amarela;<\/li>\n<li>nova forma de avalia\u00e7\u00e3o dos projetos da Resia; e<\/li>\n<li>resultados recentes da empresa.<\/li>\n<li>A XP segue com uma vis\u00e3o construtiva para a venda de projetos da Resia, subsidi\u00e1ria que atua em constru\u00e7\u00e3o imobili\u00e1ria nos EUA, sustentando o\u00a0<a class=\"suno-keyword\" href=\"https:\/\/www.suno.com.br\/artigos\/lucro-liquido\/\" target=\"_blank\" rel=\"noopener\" data-force=\"no\" data-priority=\"1\">lucro l\u00edquido<\/a>\u00a0da MRV, projetado pelos analistas acima do consenso.<\/li>\n<li>Entretanto, os analistas avaliam que o cen\u00e1rio \u00e9 desafiador para a opera\u00e7\u00e3o principal da MRV nos \u00faltimos trimestres, prejudicado pela infla\u00e7\u00e3o acima do esperado proveniente de mat\u00e9rias-primas. Por isso reduziram as proje\u00e7\u00f5es de lan\u00e7amentos e vendas.<\/li>\n<li>\u201cAl\u00e9m disso, vemos as margens se recuperando gradativamente, com base no equil\u00edbrio da MRV entre ganhos de rentabilidade e recupera\u00e7\u00e3o do volume de vendas\u201d, diz a XP.<\/li>\n<li>Na vis\u00e3o dos analistas, a MRV deve incorporar atualiza\u00e7\u00f5es no programa Casa Verde e Amarela, buscando o equil\u00edbrio entre a recupera\u00e7\u00e3o da rentabilidade,\u00a0<a class=\"suno-keyword\" href=\"https:\/\/www.suno.com.br\/artigos\/margem-bruta-entenda-sua-importancia\/\" target=\"_blank\" rel=\"noopener\" data-force=\"no\" data-priority=\"1\">margem bruta<\/a>\u00a0e aumento do volume de vendas.<\/li>\n<li>Esperam que o desempenho das vendas da MRV se recupere a partir de 2023, com leve impacto na\u00a0<a class=\"suno-keyword\" href=\"https:\/\/www.suno.com.br\/artigos\/o-que-receita-liquida\/\" target=\"_blank\" rel=\"noopener\" data-force=\"no\" data-priority=\"1\">receita l\u00edquida<\/a>.<\/li>\n<\/ul>\n<h2 class=\"newsContent__article__title\">Embraer (EMBR3) vai exportar seis jatos comerciais para a SkyWest<\/h2>\n<ul>\n<li>O Banco Nacional de Desenvolvimento Econ\u00f4mico e Social (BNDES) informou nesta segunda-feira (10) que aprovou financiamento para a exporta\u00e7\u00e3o de seis jatos comerciais E175 da Embraer (EMBR3) para a empresa americana SkyWest Airlines, maior companhia de transporte a\u00e9reo regional do mundo<\/li>\n<li>Segundo o banco, as aeronaves da Embraer ser\u00e3o entregues ainda este ano no \u00e2mbito de contrato comercial previamente celebrado com a empresa<\/li>\n<li>O financiamento foi de R$ 670 milh\u00f5es e ser\u00e1 feito por meio do BNDES Exim P\u00f3s-embarque, com desembolsos realizados em reais no Brasil em favor da Embraer.<\/li>\n<li>A SkyWest assumir\u00e1 o compromisso de pagamento em d\u00f3lares ao BNDES, gerando divisas para o Brasil. O setor aeron\u00e1utico \u00e9 considerado estrat\u00e9gico devido ao seu alto valor agregado em conte\u00fado tecnol\u00f3gico, inova\u00e7\u00e3o e capacita\u00e7\u00e3o de m\u00e3o de obra<\/li>\n<li>O seguro prev\u00ea que, em caso de inadimpl\u00eancia por parte do devedor, as seguradoras honrem o\u00a0servi\u00e7o da d\u00edvida\u00a0enquanto durar o\u00a0default\u00a0(predefini\u00e7\u00e3o).<br \/>\nFinanciament<\/li>\n<li>O seguro de cr\u00e9dito privado da ANPI tamb\u00e9m aumenta a flexibilidade e velocidade de implementa\u00e7\u00e3o do financiamento entre as partes para os compradores das aeronaves da Embraer<\/li>\n<li>Segundo a nota, o apoio do BNDES \u00e0s exporta\u00e7\u00f5es da Embraer foi iniciado em 1997 e possibilita condi\u00e7\u00f5es de competitividade similares \u00e0s de suas concorrentes internacionais, que tamb\u00e9m contam com financiamentos dos bancos de desenvolvimento e ag\u00eancias de cr\u00e9dito \u00e0 exporta\u00e7\u00e3o (Export Credit Agencies) dos seus respectivos pa\u00edses<\/li>\n<li>Cliente do BNDES desde 1998, e da Embraer desde 1986, a SkyWest \u00e9 operadora da maior frota mundial do jato E175, com 232 aeronaves E175. Desde 1998, o BNDES celebrou dez contratos de financiamentos com a SkyWest para aquisi\u00e7\u00e3o de 200 aeronaves, das quais 18 EMB120 e 175 E175 j\u00e1 foram entregues e 7 E175 que ainda ser\u00e3o entregues.<\/li>\n<\/ul>\n<h2>Cosan (CSAN3) afunda 15% em 2 dias ap\u00f3s compra de fatia da Vale (VALE3); veja an\u00e1lises<\/h2>\n<ul>\n<li>Ap\u00f3s a Cosan (CSAN3) comprar uma fatia de 5% da Vale (VALE3) e movimentar o notici\u00e1rio econ\u00f4mico da semana anterior, os analistas do BTG Pactual (BPAC11) reiteraram seu otimismo com os pap\u00e9is, apesar de preferirem se expor \u00e0 companhia \u2018por meio de suas subsidi\u00e1rias no curto prazo\u2018<\/li>\n<li>A recomenda\u00e7\u00e3o da casa \u00e9 de compra para as\u00a0a\u00e7\u00f5es da Cosan, com pre\u00e7o-alvo de R$ 39.<br \/>\n\u201cCrescer em diferentes setores faz parte do DNA da Cosan. E aceitar isso \u00e9 fundamental para entender a tese do investimento.<\/li>\n<li>O neg\u00f3cio \u00e9 mais um passo da Cosan em dire\u00e7\u00e3o a setores de forte import\u00e2ncia para a transi\u00e7\u00e3o energ\u00e9tica global, e a Vale oferece uma combina\u00e7\u00e3o rara de oportunidades de desbloqueio de valor no ciclo de commodities. Os desafios s\u00e3o muitos, mas vemos a Cosan como uma das poucas holdings capazes de aproveitar tais oportunidades\u201d, dizem os analistas do BTG Pactual sobre CSAN3<\/li>\n<li>Segundo a casa, o foco \u201cser\u00e1 de extrema import\u00e2ncia para o sucesso deste novo passo\u201d, mas h\u00e1 estimativa de que o processo corra bem em decorr\u00eancia da estrutura e cultura corporativa da empresa<\/li>\n<li>\u201cSeguimos otimistas com a CSAN e a vemos como uma forte hist\u00f3ria de gera\u00e7\u00e3o de caixa em nossa cobertura\u201d, diz o BTG<\/li>\n<li>Os analistas tamb\u00e9m destacaram a compra da Vale pela Cosan como uma \u201csurpreendente reviravolta\u201d e reiteraram que a opera\u00e7\u00e3o pode sofrer mudan\u00e7as, j\u00e1 que a participa\u00e7\u00e3o acion\u00e1ria em VALE3 pode aumentar para 6,5% por meio de uma estrutura de derivativos adicional, que depende principalmente da aprova\u00e7\u00e3o do CADE<\/li>\n<li>\u201cO valor da transa\u00e7\u00e3o, supondo que a CSAN eventualmente converta todos os derivativos em a\u00e7\u00f5es da VALE3, pode chegar a surpreendentes R$ 22 bilh\u00f5es (ou quase 2\/3 do valor de mercado da Cosan)\u201d, destaca o BT<\/li>\n<li>Com vis\u00e3o neutra, os analistas do Credit Suisse destacam que a transa\u00e7\u00e3o \u2018n\u00e3o cria ou destr\u00f3i valor por si s\u00f3\u2019<\/li>\n<li>\u201cO assunto principal, realmente, \u00e9 a materializa\u00e7\u00e3o deste neg\u00f3cio ir\u00e1 afetar a exposi\u00e7\u00e3o ao risco da Cosan, especialmente por conta dos custos financeiros\u201d, diz o banco<\/li>\n<li>Al\u00e9m disso, os analistas da casa destacam que a influ\u00eancia na Vale pode ser limitada e n\u00e3o h\u00e1 sinergia clara entre os dois grupo<\/li>\n<\/ul>\n<p>Da <strong>Petrobras<\/strong> \u00e0 Cosan, \u00a0essas foram as empresas que se destacaram hoje. Para ler todas as mat\u00e9rias <b data-stringify-type=\"bold\"><a class=\"c-link\" tabindex=\"-1\" href=\"https:\/\/www.suno.com.br\/noticias\/\" target=\"_blank\" rel=\"noopener noreferrer\" data-stringify-link=\"https:\/\/www.suno.com.br\/noticias\/\" data-sk=\"tooltip_parent\" data-remove-tab-index=\"true\">clique aqui<\/a><\/b><\/p>\n\t<p>\n\t\t<a href=\"https:\/\/lp.suno.com.br\/planilha-de-controle-de-investimentos\/\" target=\"_blank\" data-element=\"shortcode-suno-banner\" title=\"Banner SUNO, clique e saiba mais\">\n\t\t\t<picture>\n\t\t\t\t<source media=\"(max-width: 500px)\" srcset=\"https:\/\/files.sunoresearch.com.br\/n\/uploads\/2023\/03\/400x300-Controle-de-Investimentos.png\">\n\t\t\t\t<img class=\"newsContent__article__imgCapa newsContent__article__imgCapa--banner\"\n\t\t\t\t\tsrc=\"https:\/\/files.sunoresearch.com.br\/n\/uploads\/2023\/03\/1420x240-Controle-de-Investimentos.png\"\n\t\t\t\t\tdata-promo-id=\"75934\"\t\t\t\t\t\t\t\t\t\twidth='1420' height='240'\t\t\t\t\talt=\"https:\/\/files.sunoresearch.com.br\/n\/uploads\/2023\/03\/1420x240-Controle-de-Investimentos.png\"\n\t\t\t\t>\n\t\t\t<\/picture>\n\t\t<\/a>\n\t<\/p>\n\n\n","protected":false},"excerpt":{"rendered":"<p>A\u00a0Petrobras\u00a0(PETR4)\u00a0divulgou nesta segunda-feira (10) que vai reduzir o pre\u00e7o do g\u00e1s natural em 5% para seus clientes a partir de 1\u00ba de novembro, referente ao trimestre de agosto a outubro. Petrobras (PETR4). Foto: Fl\u00e1vio Emanuel\/Ag\u00eancia Petrobras Os\u00a0novos pre\u00e7os do g\u00e1s natural\u00a0seguir\u00e3o vigentes at\u00e9 31 de janeiro de 2023, conforme estabelecido nos contratos firmados, informou a [&hellip;]<\/p>\n","protected":false},"author":195,"featured_media":275093,"comment_status":"closed","ping_status":"closed","sticky":false,"template":"","format":"standard","meta":[],"categories":[64],"tags":[106764,433,460,2634,2054,595],"suno_strategy":[],"class_list":["post-307389","post","type-post","status-publish","format-standard","has-post-thumbnail","hentry","category-negocios","tag-banco-inter-bidi11","tag-cosan-csan3","tag-embraer-embr3","tag-gerdau-metalurgica-goau3-goau4","tag-mrv-mrve3","tag-petrobras-petr4"],"yoast_head":"<!-- This site is optimized with the Yoast SEO plugin v24.4 - https:\/\/yoast.com\/wordpress\/plugins\/seo\/ -->\n<title>Radar: Petrobras (PETR4) reduz pre\u00e7o do g\u00e1s, Metal\u00fargica Gerdau (GOAU4) pode aumentar dividendos e Embraer (EMBR3) anuncia venda de jatos comerciais<\/title>\n<meta name=\"description\" content=\"A\u00a0Petrobras\u00a0(PETR4)\u00a0divulgou que vai reduzir o pre\u00e7o do g\u00e1s natural em 5% para seus clientes a partir de 1\u00ba de novembro.\" \/>\n<meta name=\"robots\" content=\"index, follow, max-snippet:-1, max-image-preview:large, max-video-preview:-1\" \/>\n<link rel=\"canonical\" href=\"https:\/\/www.suno.com.br\/noticias\/radar-petrobras-petr4-gerdau-goua4-embraer-embr3\/\" \/>\n<meta property=\"og:locale\" content=\"pt_BR\" \/>\n<meta property=\"og:type\" content=\"article\" \/>\n<meta property=\"og:title\" content=\"Radar: Petrobras (PETR4) reduz pre\u00e7o do g\u00e1s, Metal\u00fargica Gerdau (GOAU4) pode aumentar dividendos e Embraer (EMBR3) anuncia venda de jatos comerciais\" \/>\n<meta property=\"og:description\" content=\"A\u00a0Petrobras\u00a0(PETR4)\u00a0divulgou que vai reduzir o pre\u00e7o do g\u00e1s natural em 5% para seus clientes a partir de 1\u00ba de novembro.\" \/>\n<meta property=\"og:url\" content=\"https:\/\/www.suno.com.br\/noticias\/radar-petrobras-petr4-gerdau-goua4-embraer-embr3\/\" \/>\n<meta property=\"og:site_name\" content=\"Suno Not\u00edcias\" \/>\n<meta property=\"article:publisher\" content=\"https:\/\/facebook.com\/sunoresearch\" \/>\n<meta property=\"og:image\" content=\"https:\/\/files.sunoresearch.com.br\/n\/uploads\/2022\/07\/Petrobras.jpg\" \/>\n\t<meta property=\"og:image:width\" content=\"1400\" \/>\n\t<meta property=\"og:image:height\" content=\"839\" \/>\n\t<meta property=\"og:image:type\" content=\"image\/jpeg\" \/>\n<meta name=\"author\" content=\"Ana Clara Macedo\" \/>\n<meta name=\"twitter:card\" content=\"summary_large_image\" \/>\n<meta name=\"twitter:creator\" content=\"@sunoresearch\" \/>\n<meta name=\"twitter:site\" content=\"@sunoresearch\" \/>\n<meta name=\"twitter:label1\" content=\"Escrito por\" \/>\n\t<meta name=\"twitter:data1\" content=\"Ana Clara Macedo\" \/>\n\t<meta name=\"twitter:label2\" content=\"Est. tempo de leitura\" \/>\n\t<meta name=\"twitter:data2\" content=\"9 minutos\" \/>\n<script type=\"application\/ld+json\" class=\"yoast-schema-graph\">{\"@context\":\"https:\/\/schema.org\",\"@graph\":[{\"@type\":\"NewsArticle\",\"@id\":\"https:\/\/www.suno.com.br\/noticias\/radar-petrobras-petr4-gerdau-goua4-embraer-embr3\/#article\",\"isPartOf\":{\"@id\":\"https:\/\/www.suno.com.br\/noticias\/radar-petrobras-petr4-gerdau-goua4-embraer-embr3\/\"},\"author\":{\"name\":\"Ana Clara Macedo\",\"@id\":\"https:\/\/www.suno.com.br\/noticias\/#\/schema\/person\/a70f3c52ef8c814d62ed63b30bb30176\"},\"headline\":\"Radar: Petrobras (PETR4) reduz pre\u00e7o do g\u00e1s, Metal\u00fargica Gerdau (GOAU4) pode aumentar dividendos e Embraer (EMBR3) anuncia venda de jatos comerciais\",\"datePublished\":\"2022-10-11T01:08:35+00:00\",\"mainEntityOfPage\":{\"@id\":\"https:\/\/www.suno.com.br\/noticias\/radar-petrobras-petr4-gerdau-goua4-embraer-embr3\/\"},\"wordCount\":1684,\"publisher\":{\"@id\":\"https:\/\/www.suno.com.br\/noticias\/#organization\"},\"image\":{\"@id\":\"https:\/\/www.suno.com.br\/noticias\/radar-petrobras-petr4-gerdau-goua4-embraer-embr3\/#primaryimage\"},\"thumbnailUrl\":\"https:\/\/files.sunoresearch.com.br\/n\/uploads\/2022\/07\/Petrobras.jpg\",\"keywords\":[\"Banco Inter (BIDI11)\",\"Cosan (CSAN3)\",\"Embraer (EMBR3)\",\"Gerdau Metal\u00fargica (GOAU3\/GOAU4)\",\"MRV (MRVE3)\",\"Petrobras (PETR4)\"],\"articleSection\":[\"Neg\u00f3cios\"],\"inLanguage\":\"pt-BR\"},{\"@type\":\"WebPage\",\"@id\":\"https:\/\/www.suno.com.br\/noticias\/radar-petrobras-petr4-gerdau-goua4-embraer-embr3\/\",\"url\":\"https:\/\/www.suno.com.br\/noticias\/radar-petrobras-petr4-gerdau-goua4-embraer-embr3\/\",\"name\":\"Radar: Petrobras (PETR4) reduz pre\u00e7o do g\u00e1s, Metal\u00fargica Gerdau (GOAU4) pode aumentar dividendos e Embraer (EMBR3) anuncia venda de jatos comerciais\",\"isPartOf\":{\"@id\":\"https:\/\/www.suno.com.br\/noticias\/#website\"},\"primaryImageOfPage\":{\"@id\":\"https:\/\/www.suno.com.br\/noticias\/radar-petrobras-petr4-gerdau-goua4-embraer-embr3\/#primaryimage\"},\"image\":{\"@id\":\"https:\/\/www.suno.com.br\/noticias\/radar-petrobras-petr4-gerdau-goua4-embraer-embr3\/#primaryimage\"},\"thumbnailUrl\":\"https:\/\/files.sunoresearch.com.br\/n\/uploads\/2022\/07\/Petrobras.jpg\",\"datePublished\":\"2022-10-11T01:08:35+00:00\",\"description\":\"A\u00a0Petrobras\u00a0(PETR4)\u00a0divulgou que vai reduzir o pre\u00e7o do g\u00e1s natural em 5% para seus clientes a partir de 1\u00ba de novembro.\",\"breadcrumb\":{\"@id\":\"https:\/\/www.suno.com.br\/noticias\/radar-petrobras-petr4-gerdau-goua4-embraer-embr3\/#breadcrumb\"},\"inLanguage\":\"pt-BR\",\"potentialAction\":[{\"@type\":\"ReadAction\",\"target\":[\"https:\/\/www.suno.com.br\/noticias\/radar-petrobras-petr4-gerdau-goua4-embraer-embr3\/\"]}]},{\"@type\":\"ImageObject\",\"inLanguage\":\"pt-BR\",\"@id\":\"https:\/\/www.suno.com.br\/noticias\/radar-petrobras-petr4-gerdau-goua4-embraer-embr3\/#primaryimage\",\"url\":\"https:\/\/files.sunoresearch.com.br\/n\/uploads\/2022\/07\/Petrobras.jpg\",\"contentUrl\":\"https:\/\/files.sunoresearch.com.br\/n\/uploads\/2022\/07\/Petrobras.jpg\",\"width\":1400,\"height\":839,\"caption\":\"Petrobras (PETR4). Foto: Fl\u00e1vio Emanuel\/Ag\u00eancia Petrobras\"},{\"@type\":\"BreadcrumbList\",\"@id\":\"https:\/\/www.suno.com.br\/noticias\/radar-petrobras-petr4-gerdau-goua4-embraer-embr3\/#breadcrumb\",\"itemListElement\":[{\"@type\":\"ListItem\",\"position\":1,\"name\":\"Not\u00edcias\",\"item\":\"https:\/\/www.suno.com.br\/noticias\/\"},{\"@type\":\"ListItem\",\"position\":2,\"name\":\"Neg\u00f3cios\",\"item\":\"https:\/\/www.suno.com.br\/noticias\/negocios\/\"},{\"@type\":\"ListItem\",\"position\":3,\"name\":\"Radar: Petrobras (PETR4) reduz pre\u00e7o do g\u00e1s, Metal\u00fargica Gerdau (GOAU4) pode aumentar dividendos e Embraer (EMBR3) anuncia venda de jatos comerciais\"}]},{\"@type\":\"WebSite\",\"@id\":\"https:\/\/www.suno.com.br\/noticias\/#website\",\"url\":\"https:\/\/www.suno.com.br\/noticias\/\",\"name\":\"Suno Not\u00edcias\",\"description\":\"Seu portal de informa\u00e7\u00e3o sobre o mundo dos investimentos\",\"publisher\":{\"@id\":\"https:\/\/www.suno.com.br\/noticias\/#organization\"},\"potentialAction\":[{\"@type\":\"SearchAction\",\"target\":{\"@type\":\"EntryPoint\",\"urlTemplate\":\"https:\/\/www.suno.com.br\/noticias\/?s={search_term_string}\"},\"query-input\":{\"@type\":\"PropertyValueSpecification\",\"valueRequired\":true,\"valueName\":\"search_term_string\"}}],\"inLanguage\":\"pt-BR\"},{\"@type\":\"Organization\",\"@id\":\"https:\/\/www.suno.com.br\/noticias\/#organization\",\"name\":\"Suno Not\u00edcias\",\"url\":\"https:\/\/www.suno.com.br\/noticias\/\",\"logo\":{\"@type\":\"ImageObject\",\"inLanguage\":\"pt-BR\",\"@id\":\"https:\/\/www.suno.com.br\/noticias\/#\/schema\/logo\/image\/\",\"url\":\"https:\/\/files.sunoresearch.com.br\/n\/uploads\/2021\/09\/suno-logo.png\",\"contentUrl\":\"https:\/\/files.sunoresearch.com.br\/n\/uploads\/2021\/09\/suno-logo.png\",\"width\":180,\"height\":180,\"caption\":\"Suno Not\u00edcias\"},\"image\":{\"@id\":\"https:\/\/www.suno.com.br\/noticias\/#\/schema\/logo\/image\/\"},\"sameAs\":[\"https:\/\/facebook.com\/sunoresearch\",\"https:\/\/x.com\/sunoresearch\",\"https:\/\/www.instagram.com\/suno\",\"https:\/\/www.linkedin.com\/company\/suno-research\/\",\"https:\/\/www.youtube.com\/c\/sunoresearch\"]},{\"@type\":\"Person\",\"@id\":\"https:\/\/www.suno.com.br\/noticias\/#\/schema\/person\/a70f3c52ef8c814d62ed63b30bb30176\",\"name\":\"Ana Clara Macedo\",\"image\":{\"@type\":\"ImageObject\",\"inLanguage\":\"pt-BR\",\"@id\":\"https:\/\/www.suno.com.br\/noticias\/#\/schema\/person\/image\/\",\"url\":\"https:\/\/secure.gravatar.com\/avatar\/40810da86786bd5619f8cd594b0f44ef?s=96&r=g\",\"contentUrl\":\"https:\/\/secure.gravatar.com\/avatar\/40810da86786bd5619f8cd594b0f44ef?s=96&r=g\",\"caption\":\"Ana Clara Macedo\"},\"description\":\"Rep\u00f3rter no Suno Not\u00edcias, cobrindo acontecimentos sobre neg\u00f3cios, mercado financeiro e economia. Anteriormente trabalhou como Rep\u00f3rter no Mercado News e produziu relat\u00f3rios e artigos sobre empresas de capital aberto.\",\"url\":\"https:\/\/www.suno.com.br\/noticias\/author\/ana-clara-macedo\/\"}]}<\/script>\n<!-- \/ Yoast SEO plugin. -->","yoast_head_json":{"title":"Radar: Petrobras (PETR4) reduz pre\u00e7o do g\u00e1s, Metal\u00fargica Gerdau (GOAU4) pode aumentar dividendos e Embraer (EMBR3) anuncia venda de jatos comerciais","description":"A\u00a0Petrobras\u00a0(PETR4)\u00a0divulgou que vai reduzir o pre\u00e7o do g\u00e1s natural em 5% para seus clientes a partir de 1\u00ba de novembro.","robots":{"index":"index","follow":"follow","max-snippet":"max-snippet:-1","max-image-preview":"max-image-preview:large","max-video-preview":"max-video-preview:-1"},"canonical":"https:\/\/www.suno.com.br\/noticias\/radar-petrobras-petr4-gerdau-goua4-embraer-embr3\/","og_locale":"pt_BR","og_type":"article","og_title":"Radar: Petrobras (PETR4) reduz pre\u00e7o do g\u00e1s, Metal\u00fargica Gerdau (GOAU4) pode aumentar dividendos e Embraer (EMBR3) anuncia venda de jatos comerciais","og_description":"A\u00a0Petrobras\u00a0(PETR4)\u00a0divulgou que vai reduzir o pre\u00e7o do g\u00e1s natural em 5% para seus clientes a partir de 1\u00ba de novembro.","og_url":"https:\/\/www.suno.com.br\/noticias\/radar-petrobras-petr4-gerdau-goua4-embraer-embr3\/","og_site_name":"Suno Not\u00edcias","article_publisher":"https:\/\/facebook.com\/sunoresearch","og_image":[{"width":1400,"height":839,"url":"https:\/\/files.sunoresearch.com.br\/n\/uploads\/2022\/07\/Petrobras.jpg","type":"image\/jpeg"}],"author":"Ana Clara Macedo","twitter_card":"summary_large_image","twitter_creator":"@sunoresearch","twitter_site":"@sunoresearch","twitter_misc":{"Escrito por":"Ana Clara Macedo","Est. tempo de leitura":"9 minutos"},"schema":{"@context":"https:\/\/schema.org","@graph":[{"@type":"NewsArticle","@id":"https:\/\/www.suno.com.br\/noticias\/radar-petrobras-petr4-gerdau-goua4-embraer-embr3\/#article","isPartOf":{"@id":"https:\/\/www.suno.com.br\/noticias\/radar-petrobras-petr4-gerdau-goua4-embraer-embr3\/"},"author":{"name":"Ana Clara Macedo","@id":"https:\/\/www.suno.com.br\/noticias\/#\/schema\/person\/a70f3c52ef8c814d62ed63b30bb30176"},"headline":"Radar: Petrobras (PETR4) reduz pre\u00e7o do g\u00e1s, Metal\u00fargica Gerdau (GOAU4) pode aumentar dividendos e Embraer (EMBR3) anuncia venda de jatos comerciais","datePublished":"2022-10-11T01:08:35+00:00","mainEntityOfPage":{"@id":"https:\/\/www.suno.com.br\/noticias\/radar-petrobras-petr4-gerdau-goua4-embraer-embr3\/"},"wordCount":1684,"publisher":{"@id":"https:\/\/www.suno.com.br\/noticias\/#organization"},"image":{"@id":"https:\/\/www.suno.com.br\/noticias\/radar-petrobras-petr4-gerdau-goua4-embraer-embr3\/#primaryimage"},"thumbnailUrl":"https:\/\/files.sunoresearch.com.br\/n\/uploads\/2022\/07\/Petrobras.jpg","keywords":["Banco Inter (BIDI11)","Cosan (CSAN3)","Embraer (EMBR3)","Gerdau Metal\u00fargica (GOAU3\/GOAU4)","MRV (MRVE3)","Petrobras (PETR4)"],"articleSection":["Neg\u00f3cios"],"inLanguage":"pt-BR"},{"@type":"WebPage","@id":"https:\/\/www.suno.com.br\/noticias\/radar-petrobras-petr4-gerdau-goua4-embraer-embr3\/","url":"https:\/\/www.suno.com.br\/noticias\/radar-petrobras-petr4-gerdau-goua4-embraer-embr3\/","name":"Radar: Petrobras (PETR4) reduz pre\u00e7o do g\u00e1s, Metal\u00fargica Gerdau (GOAU4) pode aumentar dividendos e Embraer (EMBR3) anuncia venda de jatos comerciais","isPartOf":{"@id":"https:\/\/www.suno.com.br\/noticias\/#website"},"primaryImageOfPage":{"@id":"https:\/\/www.suno.com.br\/noticias\/radar-petrobras-petr4-gerdau-goua4-embraer-embr3\/#primaryimage"},"image":{"@id":"https:\/\/www.suno.com.br\/noticias\/radar-petrobras-petr4-gerdau-goua4-embraer-embr3\/#primaryimage"},"thumbnailUrl":"https:\/\/files.sunoresearch.com.br\/n\/uploads\/2022\/07\/Petrobras.jpg","datePublished":"2022-10-11T01:08:35+00:00","description":"A\u00a0Petrobras\u00a0(PETR4)\u00a0divulgou que vai reduzir o pre\u00e7o do g\u00e1s natural em 5% para seus clientes a partir de 1\u00ba de novembro.","breadcrumb":{"@id":"https:\/\/www.suno.com.br\/noticias\/radar-petrobras-petr4-gerdau-goua4-embraer-embr3\/#breadcrumb"},"inLanguage":"pt-BR","potentialAction":[{"@type":"ReadAction","target":["https:\/\/www.suno.com.br\/noticias\/radar-petrobras-petr4-gerdau-goua4-embraer-embr3\/"]}]},{"@type":"ImageObject","inLanguage":"pt-BR","@id":"https:\/\/www.suno.com.br\/noticias\/radar-petrobras-petr4-gerdau-goua4-embraer-embr3\/#primaryimage","url":"https:\/\/files.sunoresearch.com.br\/n\/uploads\/2022\/07\/Petrobras.jpg","contentUrl":"https:\/\/files.sunoresearch.com.br\/n\/uploads\/2022\/07\/Petrobras.jpg","width":1400,"height":839,"caption":"Petrobras (PETR4). Foto: Fl\u00e1vio Emanuel\/Ag\u00eancia Petrobras"},{"@type":"BreadcrumbList","@id":"https:\/\/www.suno.com.br\/noticias\/radar-petrobras-petr4-gerdau-goua4-embraer-embr3\/#breadcrumb","itemListElement":[{"@type":"ListItem","position":1,"name":"Not\u00edcias","item":"https:\/\/www.suno.com.br\/noticias\/"},{"@type":"ListItem","position":2,"name":"Neg\u00f3cios","item":"https:\/\/www.suno.com.br\/noticias\/negocios\/"},{"@type":"ListItem","position":3,"name":"Radar: Petrobras (PETR4) reduz pre\u00e7o do g\u00e1s, Metal\u00fargica Gerdau (GOAU4) pode aumentar dividendos e Embraer (EMBR3) anuncia venda de jatos comerciais"}]},{"@type":"WebSite","@id":"https:\/\/www.suno.com.br\/noticias\/#website","url":"https:\/\/www.suno.com.br\/noticias\/","name":"Suno Not\u00edcias","description":"Seu portal de informa\u00e7\u00e3o sobre o mundo dos investimentos","publisher":{"@id":"https:\/\/www.suno.com.br\/noticias\/#organization"},"potentialAction":[{"@type":"SearchAction","target":{"@type":"EntryPoint","urlTemplate":"https:\/\/www.suno.com.br\/noticias\/?s={search_term_string}"},"query-input":{"@type":"PropertyValueSpecification","valueRequired":true,"valueName":"search_term_string"}}],"inLanguage":"pt-BR"},{"@type":"Organization","@id":"https:\/\/www.suno.com.br\/noticias\/#organization","name":"Suno Not\u00edcias","url":"https:\/\/www.suno.com.br\/noticias\/","logo":{"@type":"ImageObject","inLanguage":"pt-BR","@id":"https:\/\/www.suno.com.br\/noticias\/#\/schema\/logo\/image\/","url":"https:\/\/files.sunoresearch.com.br\/n\/uploads\/2021\/09\/suno-logo.png","contentUrl":"https:\/\/files.sunoresearch.com.br\/n\/uploads\/2021\/09\/suno-logo.png","width":180,"height":180,"caption":"Suno Not\u00edcias"},"image":{"@id":"https:\/\/www.suno.com.br\/noticias\/#\/schema\/logo\/image\/"},"sameAs":["https:\/\/facebook.com\/sunoresearch","https:\/\/x.com\/sunoresearch","https:\/\/www.instagram.com\/suno","https:\/\/www.linkedin.com\/company\/suno-research\/","https:\/\/www.youtube.com\/c\/sunoresearch"]},{"@type":"Person","@id":"https:\/\/www.suno.com.br\/noticias\/#\/schema\/person\/a70f3c52ef8c814d62ed63b30bb30176","name":"Ana Clara Macedo","image":{"@type":"ImageObject","inLanguage":"pt-BR","@id":"https:\/\/www.suno.com.br\/noticias\/#\/schema\/person\/image\/","url":"https:\/\/secure.gravatar.com\/avatar\/40810da86786bd5619f8cd594b0f44ef?s=96&r=g","contentUrl":"https:\/\/secure.gravatar.com\/avatar\/40810da86786bd5619f8cd594b0f44ef?s=96&r=g","caption":"Ana Clara Macedo"},"description":"Rep\u00f3rter no Suno Not\u00edcias, cobrindo acontecimentos sobre neg\u00f3cios, mercado financeiro e economia. Anteriormente trabalhou como Rep\u00f3rter no Mercado News e produziu relat\u00f3rios e artigos sobre empresas de capital aberto.","url":"https:\/\/www.suno.com.br\/noticias\/author\/ana-clara-macedo\/"}]}},"default_loop_html":"<div class=\"cardsPage__listCard__boxs\"><div class=\"cardsPage__listCard__boxs__img\"><a href=\"https:\/\/www.suno.com.br\/noticias\/radar-petrobras-petr4-gerdau-goua4-embraer-embr3\/\"><img class=\"mask\" src=\"https:\/\/www.suno.com.br\/noticias\/wp-content\/themes\/suno\/resources\/images\/spotlight\/spotlight1img\/bg-mask.png\" alt=\"Image Mask\"\/><img src=\"https:\/\/files.sunoresearch.com.br\/n\/uploads\/2022\/07\/Petrobras-400x200.jpg\" alt=\"Radar: Petrobras (PETR4) reduz pre\u00e7o do g\u00e1s, Metal\u00fargica Gerdau (GOAU4) pode aumentar dividendos e Embraer (EMBR3) anuncia venda de jatos comerciais\"\/><\/a><span class=\"spotlightCategory\"><a href=\"https:\/\/www.suno.com.br\/noticias\/negocios\/\">Neg\u00f3cios<\/a><\/span><\/div><div class=\"cardsPage__listCard__boxs__content\"><a href=\"https:\/\/www.suno.com.br\/noticias\/radar-petrobras-petr4-gerdau-goua4-embraer-embr3\/\"><h2 class=\"content__title\">Radar: Petrobras (PETR4) reduz pre\u00e7o do g\u00e1s, Metal\u00fargica Gerdau (GOAU4) pode aumentar dividendos e Embraer (EMBR3) anuncia venda de jatos comerciais<\/h2><\/a><div class=\"newsContent__article__meta\"><div class=\"newsContent__article__meta__authorBox\"><a href=\"https:\/\/www.suno.com.br\/noticias\/author\/ana-clara-macedo\/\" class=\"authorBox__avatar noMobi\"><img src=\"https:\/\/secure.gravatar.com\/avatar\/40810da86786bd5619f8cd594b0f44ef?s=96&#038;r=g\" alt=\"Ana Clara Macedo\"><\/a><div class=\"authorBox__name\"><span>por\n\t\t\t<a href=\"https:\/\/www.suno.com.br\/noticias\/author\/ana-clara-macedo\/\"><span itemprop=\"author\">Ana Clara Macedo<\/span><\/a><\/span><time datetime=\"2022-10-10T22:08:35-03:00\" itemprop=\"datePublished\">10\/10\/2022 22:08<\/time><\/div><\/div><\/div><\/div><\/div>","single_layout":"posts","amp_enabled":true,"_links":{"self":[{"href":"https:\/\/www.suno.com.br\/noticias\/wp-json\/wp\/v2\/posts\/307389"}],"collection":[{"href":"https:\/\/www.suno.com.br\/noticias\/wp-json\/wp\/v2\/posts"}],"about":[{"href":"https:\/\/www.suno.com.br\/noticias\/wp-json\/wp\/v2\/types\/post"}],"author":[{"embeddable":true,"href":"https:\/\/www.suno.com.br\/noticias\/wp-json\/wp\/v2\/users\/195"}],"replies":[{"embeddable":true,"href":"https:\/\/www.suno.com.br\/noticias\/wp-json\/wp\/v2\/comments?post=307389"}],"version-history":[{"count":3,"href":"https:\/\/www.suno.com.br\/noticias\/wp-json\/wp\/v2\/posts\/307389\/revisions"}],"predecessor-version":[{"id":307445,"href":"https:\/\/www.suno.com.br\/noticias\/wp-json\/wp\/v2\/posts\/307389\/revisions\/307445"}],"wp:featuredmedia":[{"embeddable":true,"href":"https:\/\/www.suno.com.br\/noticias\/wp-json\/wp\/v2\/media\/275093"}],"wp:attachment":[{"href":"https:\/\/www.suno.com.br\/noticias\/wp-json\/wp\/v2\/media?parent=307389"}],"wp:term":[{"taxonomy":"category","embeddable":true,"href":"https:\/\/www.suno.com.br\/noticias\/wp-json\/wp\/v2\/categories?post=307389"},{"taxonomy":"post_tag","embeddable":true,"href":"https:\/\/www.suno.com.br\/noticias\/wp-json\/wp\/v2\/tags?post=307389"},{"taxonomy":"suno_strategy","embeddable":true,"href":"https:\/\/www.suno.com.br\/noticias\/wp-json\/wp\/v2\/suno_strategy?post=307389"}],"curies":[{"name":"wp","href":"https:\/\/api.w.org\/{rel}","templated":true}]}}