{"id":30731,"date":"2019-07-11T12:21:15","date_gmt":"2019-07-11T15:21:15","guid":{"rendered":"https:\/\/www.suno.com.br\/noticias\/?p=30731"},"modified":"2019-07-11T12:26:36","modified_gmt":"2019-07-11T15:26:36","slug":"sabesp-bolsa-doria-privatizacao","status":"publish","type":"post","link":"https:\/\/www.suno.com.br\/noticias\/sabesp-bolsa-doria-privatizacao\/","title":{"rendered":"Sabesp dispara na Bolsa ap\u00f3s Jo\u00e3o Doria falar em privatiza\u00e7\u00e3o"},"content":{"rendered":"<p>Governador do Estado de S\u00e3o Paulo, <strong>Jo\u00e3o Doria<\/strong>, fala sobre privatizar Sabesp e a\u00e7\u00f5es da empresa disparam nesta quinta-feira (11). Por volta das 12h12 os pap\u00e9is da empresa saneamento subiam 4,48% sendo negociadas a R$ 51,72.<\/p>\t<div class=\"wrapper-featured-image\">\n\t\t<figure class=\"spotlightImg\">\n\n\t\t\t<picture>\n\t\t\t\t<source media=\"(max-width: 768px)\" srcset=\"https:\/\/files.sunoresearch.com.br\/n\/uploads\/2018\/11\/59669787-lucro-da-sabesp-400x200.webp\">\n\t\t\t\t<img loading=\"lazy\" decoding=\"async\" class=\"newsContent__article__imgCapa lazyloadDisabled newsContent__article__imgCapa--noCaption\" src=\"https:\/\/files.sunoresearch.com.br\/n\/uploads\/2018\/11\/59669787-lucro-da-sabesp-800x450.webp\" width=\"800\" height=\"450\" alt=\"Sabesp dispara na Bolsa ap\u00f3s Jo\u00e3o Doria falar em privatiza\u00e7\u00e3o\" fetchpriority=high \/>\n\t\t\t<\/picture>\n\n\t\t\t<figcaption class=\"wp-caption-text wp-caption-text--hide\">Sabesp dispara na Bolsa ap\u00f3s Jo\u00e3o Doria falar em privatiza\u00e7\u00e3o<\/figcaption>\n\t\t<\/figure>\n\t<\/div>\n\n\n<p>A declara\u00e7\u00e3o de Doria foi dada ao canal de televis\u00e3o da &#8220;Bloomberg&#8221;, em Londres. De acordo com o governador, a <strong>privatiza\u00e7\u00e3o<\/strong> seria a melhor op\u00e7\u00e3o para a <strong>Sabesp<\/strong>. &#8220;\u00c9 a melhor empresa [do setor] da Am\u00e9rica Latina. Estamos convencidos que \u00e9 a melhor maneira. Esperamos levantar quase 20 bilh\u00f5es&#8221;.<\/p>\n\t<p>\n\t\t<a href=\"https:\/\/simulador-aposentadoria.suno.com.br\/?utm_source=suno-noticias&#038;utm_medium=banner&#038;utm_content=como-investir-para-aposentadoria-carteira-go&#038;utm_campaign=_SNC36CE4E9F_\" target=\"_blank\" data-element=\"shortcode-suno-banner\" title=\"Banner SUNO, clique e saiba mais\">\n\t\t\t<picture>\n\t\t\t\t<source media=\"(max-width: 500px)\" srcset=\"https:\/\/files.sunoresearch.com.br\/n\/uploads\/2025\/11\/400x300.webp\">\n\t\t\t\t<img class=\"newsContent__article__imgCapa newsContent__article__imgCapa--banner\"\n\t\t\t\t\tsrc=\"https:\/\/files.sunoresearch.com.br\/n\/uploads\/2025\/11\/1420x240.webp\"\n\t\t\t\t\tdata-promo-id=\"631530\"\t\t\t\t\t\t\t\t\t\twidth='1420' height='240'\t\t\t\t\talt=\"https:\/\/files.sunoresearch.com.br\/n\/uploads\/2025\/11\/1420x240.webp\"\n\t\t\t\t>\n\t\t\t<\/picture>\n\t\t<\/a>\n\t<\/p>\n\n\n<p>Ap\u00f3s a declara\u00e7\u00e3o, as a\u00e7\u00f5es da empresa subiram na <strong>Bolsa de Valores<\/strong> chegando a m\u00e1xima de 6% sendo negociada a R$ 52,49, enquanto o Ibovespa caia.<\/p>\n<h2>Lucro da empresa no 1T19<\/h2>\n<p>A Companhia de Saneamento B\u00e1sico do Estado de S\u00e3o Paulo (Sabesp) registrou um lucro l\u00edquido de R$ 647,3 milh\u00f5es durante o primeiro trimestre de 2019. O valor representa uma alta de 11,5% em compara\u00e7\u00e3o ao mesmo per\u00edodo do ano passado.<\/p>\n<p>O <a href=\"https:\/\/www.suno.com.br\/artigos\/ebitda\/\">Ebitda (lucro antes de juros, impostos, deprecia\u00e7\u00f5es e amortiza\u00e7\u00f5es)<\/a> ajustado da Sabesp indicou uma alta de 10,4% em rela\u00e7\u00e3o ao mesmo per\u00edodo do ano anterior, atingindo os R$ 1,544 bilh\u00e3o.<\/p>\n<p><a href=\"https:\/\/www.suno.com.br\/noticias\/sabesp-lucro-1t19\/\">Saiba mais:\u00a0Sabesp tem lucro de R$ 647,3 mi no 1T19, alta foi de 11,5%<\/a><\/p>\n<p>A margem Ebitda ajustada atingiu os 39,8%, ante os 37,8% do mesmo intervalo do ano anterior.<\/p>\n<p>A receita operacional l\u00edquida totalizou R$ 3,878 bilh\u00f5es entre janeiro e mar\u00e7o, alta de 4,8% ante o registrado na mesma etapa de 2018. No entanto, o resultado financeiro foi negativo em R$ 150,5 milh\u00f5es no per\u00edodo, inferior a negativa de R$ 193,9 milh\u00f5es em igual per\u00edodo do ano anterior.<\/p>\n<p>No ano anterior, a empresa registrou\u00a0um lucro l\u00edquido de R$ 2,835 bilh\u00f5es, um aumento de 12,5% em rela\u00e7\u00e3o ao mesmo per\u00edodo do ano anterior.<\/p>\n\t<p>\n\t\t<a href=\"https:\/\/lp2.suno.com.br\/pv\/eu-invisto-2026\/?utm_source=suno-noticias&#038;utm_medium=banner&#038;utm_campaign=_SNC4CCF8112_\" target=\"_blank\" data-element=\"shortcode-suno-banner\" title=\"Banner SUNO, clique e saiba mais\">\n\t\t\t<picture>\n\t\t\t\t<source media=\"(max-width: 500px)\" srcset=\"https:\/\/files.sunoresearch.com.br\/n\/uploads\/2025\/12\/Banner-Materias-01-Mbl_-400x300-1-png.webp\">\n\t\t\t\t<img class=\"newsContent__article__imgCapa newsContent__article__imgCapa--banner\"\n\t\t\t\t\tsrc=\"https:\/\/files.sunoresearch.com.br\/n\/uploads\/2025\/12\/Banner-Materias-01-Dkp_-1420x240-1-png.webp\"\n\t\t\t\t\tdata-promo-id=\"635514\"\t\t\t\t\t\t\t\t\t\twidth='1420' height='240'\t\t\t\t\talt=\"https:\/\/files.sunoresearch.com.br\/n\/uploads\/2025\/12\/Banner-Materias-01-Dkp_-1420x240-1-png.webp\"\n\t\t\t\t>\n\t\t\t<\/picture>\n\t\t<\/a>\n\t<\/p>\n\n\n<p>Al\u00e9m disso, a <strong>Sabesp<\/strong> registrou uma receita l\u00edquida\u00a0de R$ 16,085 bilh\u00f5es durante o ano de 2018, uma alta de 10,1% no comparativo anual.<\/p>\n","protected":false},"excerpt":{"rendered":"<p>Governador do Estado de S\u00e3o Paulo, Jo\u00e3o Doria, fala sobre privatizar Sabesp e a\u00e7\u00f5es da empresa disparam nesta quinta-feira (11). Por volta das 12h12 os pap\u00e9is da empresa saneamento subiam 4,48% sendo negociadas a R$ 51,72. Sabesp dispara na Bolsa ap\u00f3s Jo\u00e3o Doria falar em privatiza\u00e7\u00e3o A declara\u00e7\u00e3o de Doria foi dada ao canal de [&hellip;]<\/p>\n","protected":false},"author":11,"featured_media":6188,"comment_status":"closed","ping_status":"closed","sticky":false,"template":"","format":"standard","meta":[],"categories":[64],"tags":[621],"suno_strategy":[],"class_list":["post-30731","post","type-post","status-publish","format-standard","has-post-thumbnail","hentry","category-negocios","tag-sabesp"],"yoast_head":"<!-- This site is optimized with the Yoast SEO plugin v24.4 - https:\/\/yoast.com\/wordpress\/plugins\/seo\/ -->\n<title>Sabesp dispara na Bolsa ap\u00f3s Jo\u00e3o Doria falar em privatiza\u00e7\u00e3o<\/title>\n<meta name=\"description\" content=\"Por volta das 12h12 os pap\u00e9is da Sabesp subiam 4,48% sendo negociadas a R$ 51,72; Doria falou \u00e0 Bloomberg em Londres. Clique e saiba mais.\" \/>\n<meta name=\"robots\" content=\"index, follow, max-snippet:-1, max-image-preview:large, max-video-preview:-1\" \/>\n<link rel=\"canonical\" href=\"https:\/\/www.suno.com.br\/noticias\/sabesp-bolsa-doria-privatizacao\/\" \/>\n<meta property=\"og:locale\" content=\"pt_BR\" \/>\n<meta property=\"og:type\" content=\"article\" \/>\n<meta property=\"og:title\" content=\"Sabesp dispara na Bolsa ap\u00f3s Jo\u00e3o Doria falar em privatiza\u00e7\u00e3o\" \/>\n<meta property=\"og:description\" content=\"Por volta das 12h12 os pap\u00e9is da Sabesp subiam 4,48% sendo negociadas a R$ 51,72; Doria falou \u00e0 Bloomberg em Londres. Clique e saiba mais.\" \/>\n<meta property=\"og:url\" content=\"https:\/\/www.suno.com.br\/noticias\/sabesp-bolsa-doria-privatizacao\/\" \/>\n<meta property=\"og:site_name\" content=\"Suno Not\u00edcias\" \/>\n<meta property=\"article:publisher\" content=\"https:\/\/facebook.com\/sunoresearch\" \/>\n<meta property=\"og:image\" content=\"https:\/\/files.sunoresearch.com.br\/n\/uploads\/2018\/11\/59669787-lucro-da-sabesp.jpg\" \/>\n\t<meta property=\"og:image:width\" content=\"1920\" \/>\n\t<meta property=\"og:image:height\" content=\"1280\" \/>\n\t<meta property=\"og:image:type\" content=\"image\/jpeg\" \/>\n<meta name=\"author\" content=\"Renan Bandeira\" \/>\n<meta name=\"twitter:card\" content=\"summary_large_image\" \/>\n<meta name=\"twitter:creator\" content=\"@sunoresearch\" \/>\n<meta name=\"twitter:site\" content=\"@sunoresearch\" \/>\n<meta name=\"twitter:label1\" content=\"Escrito por\" \/>\n\t<meta name=\"twitter:data1\" content=\"Renan Bandeira\" \/>\n\t<meta name=\"twitter:label2\" content=\"Est. tempo de leitura\" \/>\n\t<meta name=\"twitter:data2\" content=\"2 minutos\" \/>\n<script type=\"application\/ld+json\" class=\"yoast-schema-graph\">{\"@context\":\"https:\/\/schema.org\",\"@graph\":[{\"@type\":\"NewsArticle\",\"@id\":\"https:\/\/www.suno.com.br\/noticias\/sabesp-bolsa-doria-privatizacao\/#article\",\"isPartOf\":{\"@id\":\"https:\/\/www.suno.com.br\/noticias\/sabesp-bolsa-doria-privatizacao\/\"},\"author\":{\"name\":\"Renan Bandeira\",\"@id\":\"https:\/\/www.suno.com.br\/noticias\/#\/schema\/person\/fc144a1c6108bd1dcd43784e88a3c138\"},\"headline\":\"Sabesp dispara na Bolsa ap\u00f3s Jo\u00e3o Doria falar em privatiza\u00e7\u00e3o\",\"datePublished\":\"2019-07-11T15:21:15+00:00\",\"dateModified\":\"2019-07-11T15:26:36+00:00\",\"mainEntityOfPage\":{\"@id\":\"https:\/\/www.suno.com.br\/noticias\/sabesp-bolsa-doria-privatizacao\/\"},\"wordCount\":347,\"publisher\":{\"@id\":\"https:\/\/www.suno.com.br\/noticias\/#organization\"},\"image\":{\"@id\":\"https:\/\/www.suno.com.br\/noticias\/sabesp-bolsa-doria-privatizacao\/#primaryimage\"},\"thumbnailUrl\":\"https:\/\/files.sunoresearch.com.br\/n\/uploads\/2018\/11\/59669787-lucro-da-sabesp-jpg.webp\",\"keywords\":[\"Sabesp\"],\"articleSection\":[\"Neg\u00f3cios\"],\"inLanguage\":\"pt-BR\"},{\"@type\":\"WebPage\",\"@id\":\"https:\/\/www.suno.com.br\/noticias\/sabesp-bolsa-doria-privatizacao\/\",\"url\":\"https:\/\/www.suno.com.br\/noticias\/sabesp-bolsa-doria-privatizacao\/\",\"name\":\"Sabesp dispara na Bolsa ap\u00f3s Jo\u00e3o Doria falar em privatiza\u00e7\u00e3o\",\"isPartOf\":{\"@id\":\"https:\/\/www.suno.com.br\/noticias\/#website\"},\"primaryImageOfPage\":{\"@id\":\"https:\/\/www.suno.com.br\/noticias\/sabesp-bolsa-doria-privatizacao\/#primaryimage\"},\"image\":{\"@id\":\"https:\/\/www.suno.com.br\/noticias\/sabesp-bolsa-doria-privatizacao\/#primaryimage\"},\"thumbnailUrl\":\"https:\/\/files.sunoresearch.com.br\/n\/uploads\/2018\/11\/59669787-lucro-da-sabesp-jpg.webp\",\"datePublished\":\"2019-07-11T15:21:15+00:00\",\"dateModified\":\"2019-07-11T15:26:36+00:00\",\"description\":\"Por volta das 12h12 os pap\u00e9is da Sabesp subiam 4,48% sendo negociadas a R$ 51,72; Doria falou \u00e0 Bloomberg em Londres. Clique e saiba mais.\",\"breadcrumb\":{\"@id\":\"https:\/\/www.suno.com.br\/noticias\/sabesp-bolsa-doria-privatizacao\/#breadcrumb\"},\"inLanguage\":\"pt-BR\",\"potentialAction\":[{\"@type\":\"ReadAction\",\"target\":[\"https:\/\/www.suno.com.br\/noticias\/sabesp-bolsa-doria-privatizacao\/\"]}]},{\"@type\":\"ImageObject\",\"inLanguage\":\"pt-BR\",\"@id\":\"https:\/\/www.suno.com.br\/noticias\/sabesp-bolsa-doria-privatizacao\/#primaryimage\",\"url\":\"https:\/\/files.sunoresearch.com.br\/n\/uploads\/2018\/11\/59669787-lucro-da-sabesp-jpg.webp\",\"contentUrl\":\"https:\/\/files.sunoresearch.com.br\/n\/uploads\/2018\/11\/59669787-lucro-da-sabesp-jpg.webp\",\"width\":1920,\"height\":1280,\"caption\":\"Sabesp dispara na Bolsa ap\u00f3s Jo\u00e3o Doria falar em privatiza\u00e7\u00e3o\"},{\"@type\":\"BreadcrumbList\",\"@id\":\"https:\/\/www.suno.com.br\/noticias\/sabesp-bolsa-doria-privatizacao\/#breadcrumb\",\"itemListElement\":[{\"@type\":\"ListItem\",\"position\":1,\"name\":\"Not\u00edcias\",\"item\":\"https:\/\/www.suno.com.br\/noticias\/\"},{\"@type\":\"ListItem\",\"position\":2,\"name\":\"Neg\u00f3cios\",\"item\":\"https:\/\/www.suno.com.br\/noticias\/negocios\/\"},{\"@type\":\"ListItem\",\"position\":3,\"name\":\"Sabesp dispara na Bolsa ap\u00f3s Jo\u00e3o Doria falar em privatiza\u00e7\u00e3o\"}]},{\"@type\":\"WebSite\",\"@id\":\"https:\/\/www.suno.com.br\/noticias\/#website\",\"url\":\"https:\/\/www.suno.com.br\/noticias\/\",\"name\":\"Suno Not\u00edcias\",\"description\":\"Seu portal de informa\u00e7\u00e3o sobre o mundo dos investimentos\",\"publisher\":{\"@id\":\"https:\/\/www.suno.com.br\/noticias\/#organization\"},\"potentialAction\":[{\"@type\":\"SearchAction\",\"target\":{\"@type\":\"EntryPoint\",\"urlTemplate\":\"https:\/\/www.suno.com.br\/noticias\/?s={search_term_string}\"},\"query-input\":{\"@type\":\"PropertyValueSpecification\",\"valueRequired\":true,\"valueName\":\"search_term_string\"}}],\"inLanguage\":\"pt-BR\"},{\"@type\":\"Organization\",\"@id\":\"https:\/\/www.suno.com.br\/noticias\/#organization\",\"name\":\"Suno Not\u00edcias\",\"url\":\"https:\/\/www.suno.com.br\/noticias\/\",\"logo\":{\"@type\":\"ImageObject\",\"inLanguage\":\"pt-BR\",\"@id\":\"https:\/\/www.suno.com.br\/noticias\/#\/schema\/logo\/image\/\",\"url\":\"https:\/\/files.sunoresearch.com.br\/n\/uploads\/2021\/09\/suno-logo.png\",\"contentUrl\":\"https:\/\/files.sunoresearch.com.br\/n\/uploads\/2021\/09\/suno-logo.png\",\"width\":180,\"height\":180,\"caption\":\"Suno Not\u00edcias\"},\"image\":{\"@id\":\"https:\/\/www.suno.com.br\/noticias\/#\/schema\/logo\/image\/\"},\"sameAs\":[\"https:\/\/facebook.com\/sunoresearch\",\"https:\/\/x.com\/sunoresearch\",\"https:\/\/www.instagram.com\/suno\",\"https:\/\/www.linkedin.com\/company\/suno-research\/\",\"https:\/\/www.youtube.com\/c\/sunoresearch\"]},{\"@type\":\"Person\",\"@id\":\"https:\/\/www.suno.com.br\/noticias\/#\/schema\/person\/fc144a1c6108bd1dcd43784e88a3c138\",\"name\":\"Renan Bandeira\",\"image\":{\"@type\":\"ImageObject\",\"inLanguage\":\"pt-BR\",\"@id\":\"https:\/\/www.suno.com.br\/noticias\/#\/schema\/person\/image\/\",\"url\":\"https:\/\/secure.gravatar.com\/avatar\/68359cdb608f14f11bbefcb78f3fc747?s=96&r=g\",\"contentUrl\":\"https:\/\/secure.gravatar.com\/avatar\/68359cdb608f14f11bbefcb78f3fc747?s=96&r=g\",\"caption\":\"Renan Bandeira\"},\"description\":\"Renan Bandeira escreve sobre pol\u00edtica e economia para o portal da Suno Research. Antes da Suno, trabalhou em uma rede de televis\u00e3o, onde fazia reportagens sobre os mesmos temas. Estuda na Universidade Metodista de S\u00e3o Paulo.\",\"url\":\"https:\/\/www.suno.com.br\/noticias\/author\/renan-bandeira\/\"}]}<\/script>\n<!-- \/ Yoast SEO plugin. -->","yoast_head_json":{"title":"Sabesp dispara na Bolsa ap\u00f3s Jo\u00e3o Doria falar em privatiza\u00e7\u00e3o","description":"Por volta das 12h12 os pap\u00e9is da Sabesp subiam 4,48% sendo negociadas a R$ 51,72; Doria falou \u00e0 Bloomberg em Londres. Clique e saiba mais.","robots":{"index":"index","follow":"follow","max-snippet":"max-snippet:-1","max-image-preview":"max-image-preview:large","max-video-preview":"max-video-preview:-1"},"canonical":"https:\/\/www.suno.com.br\/noticias\/sabesp-bolsa-doria-privatizacao\/","og_locale":"pt_BR","og_type":"article","og_title":"Sabesp dispara na Bolsa ap\u00f3s Jo\u00e3o Doria falar em privatiza\u00e7\u00e3o","og_description":"Por volta das 12h12 os pap\u00e9is da Sabesp subiam 4,48% sendo negociadas a R$ 51,72; Doria falou \u00e0 Bloomberg em Londres. Clique e saiba mais.","og_url":"https:\/\/www.suno.com.br\/noticias\/sabesp-bolsa-doria-privatizacao\/","og_site_name":"Suno Not\u00edcias","article_publisher":"https:\/\/facebook.com\/sunoresearch","og_image":[{"width":1920,"height":1280,"url":"https:\/\/files.sunoresearch.com.br\/n\/uploads\/2018\/11\/59669787-lucro-da-sabesp.jpg","type":"image\/jpeg"}],"author":"Renan Bandeira","twitter_card":"summary_large_image","twitter_creator":"@sunoresearch","twitter_site":"@sunoresearch","twitter_misc":{"Escrito por":"Renan Bandeira","Est. tempo de leitura":"2 minutos"},"schema":{"@context":"https:\/\/schema.org","@graph":[{"@type":"NewsArticle","@id":"https:\/\/www.suno.com.br\/noticias\/sabesp-bolsa-doria-privatizacao\/#article","isPartOf":{"@id":"https:\/\/www.suno.com.br\/noticias\/sabesp-bolsa-doria-privatizacao\/"},"author":{"name":"Renan Bandeira","@id":"https:\/\/www.suno.com.br\/noticias\/#\/schema\/person\/fc144a1c6108bd1dcd43784e88a3c138"},"headline":"Sabesp dispara na Bolsa ap\u00f3s Jo\u00e3o Doria falar em privatiza\u00e7\u00e3o","datePublished":"2019-07-11T15:21:15+00:00","dateModified":"2019-07-11T15:26:36+00:00","mainEntityOfPage":{"@id":"https:\/\/www.suno.com.br\/noticias\/sabesp-bolsa-doria-privatizacao\/"},"wordCount":347,"publisher":{"@id":"https:\/\/www.suno.com.br\/noticias\/#organization"},"image":{"@id":"https:\/\/www.suno.com.br\/noticias\/sabesp-bolsa-doria-privatizacao\/#primaryimage"},"thumbnailUrl":"https:\/\/files.sunoresearch.com.br\/n\/uploads\/2018\/11\/59669787-lucro-da-sabesp-jpg.webp","keywords":["Sabesp"],"articleSection":["Neg\u00f3cios"],"inLanguage":"pt-BR"},{"@type":"WebPage","@id":"https:\/\/www.suno.com.br\/noticias\/sabesp-bolsa-doria-privatizacao\/","url":"https:\/\/www.suno.com.br\/noticias\/sabesp-bolsa-doria-privatizacao\/","name":"Sabesp dispara na Bolsa ap\u00f3s Jo\u00e3o Doria falar em privatiza\u00e7\u00e3o","isPartOf":{"@id":"https:\/\/www.suno.com.br\/noticias\/#website"},"primaryImageOfPage":{"@id":"https:\/\/www.suno.com.br\/noticias\/sabesp-bolsa-doria-privatizacao\/#primaryimage"},"image":{"@id":"https:\/\/www.suno.com.br\/noticias\/sabesp-bolsa-doria-privatizacao\/#primaryimage"},"thumbnailUrl":"https:\/\/files.sunoresearch.com.br\/n\/uploads\/2018\/11\/59669787-lucro-da-sabesp-jpg.webp","datePublished":"2019-07-11T15:21:15+00:00","dateModified":"2019-07-11T15:26:36+00:00","description":"Por volta das 12h12 os pap\u00e9is da Sabesp subiam 4,48% sendo negociadas a R$ 51,72; Doria falou \u00e0 Bloomberg em Londres. Clique e saiba mais.","breadcrumb":{"@id":"https:\/\/www.suno.com.br\/noticias\/sabesp-bolsa-doria-privatizacao\/#breadcrumb"},"inLanguage":"pt-BR","potentialAction":[{"@type":"ReadAction","target":["https:\/\/www.suno.com.br\/noticias\/sabesp-bolsa-doria-privatizacao\/"]}]},{"@type":"ImageObject","inLanguage":"pt-BR","@id":"https:\/\/www.suno.com.br\/noticias\/sabesp-bolsa-doria-privatizacao\/#primaryimage","url":"https:\/\/files.sunoresearch.com.br\/n\/uploads\/2018\/11\/59669787-lucro-da-sabesp-jpg.webp","contentUrl":"https:\/\/files.sunoresearch.com.br\/n\/uploads\/2018\/11\/59669787-lucro-da-sabesp-jpg.webp","width":1920,"height":1280,"caption":"Sabesp dispara na Bolsa ap\u00f3s Jo\u00e3o Doria falar em privatiza\u00e7\u00e3o"},{"@type":"BreadcrumbList","@id":"https:\/\/www.suno.com.br\/noticias\/sabesp-bolsa-doria-privatizacao\/#breadcrumb","itemListElement":[{"@type":"ListItem","position":1,"name":"Not\u00edcias","item":"https:\/\/www.suno.com.br\/noticias\/"},{"@type":"ListItem","position":2,"name":"Neg\u00f3cios","item":"https:\/\/www.suno.com.br\/noticias\/negocios\/"},{"@type":"ListItem","position":3,"name":"Sabesp dispara na Bolsa ap\u00f3s Jo\u00e3o Doria falar em privatiza\u00e7\u00e3o"}]},{"@type":"WebSite","@id":"https:\/\/www.suno.com.br\/noticias\/#website","url":"https:\/\/www.suno.com.br\/noticias\/","name":"Suno Not\u00edcias","description":"Seu portal de informa\u00e7\u00e3o sobre o mundo dos investimentos","publisher":{"@id":"https:\/\/www.suno.com.br\/noticias\/#organization"},"potentialAction":[{"@type":"SearchAction","target":{"@type":"EntryPoint","urlTemplate":"https:\/\/www.suno.com.br\/noticias\/?s={search_term_string}"},"query-input":{"@type":"PropertyValueSpecification","valueRequired":true,"valueName":"search_term_string"}}],"inLanguage":"pt-BR"},{"@type":"Organization","@id":"https:\/\/www.suno.com.br\/noticias\/#organization","name":"Suno Not\u00edcias","url":"https:\/\/www.suno.com.br\/noticias\/","logo":{"@type":"ImageObject","inLanguage":"pt-BR","@id":"https:\/\/www.suno.com.br\/noticias\/#\/schema\/logo\/image\/","url":"https:\/\/files.sunoresearch.com.br\/n\/uploads\/2021\/09\/suno-logo.png","contentUrl":"https:\/\/files.sunoresearch.com.br\/n\/uploads\/2021\/09\/suno-logo.png","width":180,"height":180,"caption":"Suno Not\u00edcias"},"image":{"@id":"https:\/\/www.suno.com.br\/noticias\/#\/schema\/logo\/image\/"},"sameAs":["https:\/\/facebook.com\/sunoresearch","https:\/\/x.com\/sunoresearch","https:\/\/www.instagram.com\/suno","https:\/\/www.linkedin.com\/company\/suno-research\/","https:\/\/www.youtube.com\/c\/sunoresearch"]},{"@type":"Person","@id":"https:\/\/www.suno.com.br\/noticias\/#\/schema\/person\/fc144a1c6108bd1dcd43784e88a3c138","name":"Renan Bandeira","image":{"@type":"ImageObject","inLanguage":"pt-BR","@id":"https:\/\/www.suno.com.br\/noticias\/#\/schema\/person\/image\/","url":"https:\/\/secure.gravatar.com\/avatar\/68359cdb608f14f11bbefcb78f3fc747?s=96&r=g","contentUrl":"https:\/\/secure.gravatar.com\/avatar\/68359cdb608f14f11bbefcb78f3fc747?s=96&r=g","caption":"Renan Bandeira"},"description":"Renan Bandeira escreve sobre pol\u00edtica e economia para o portal da Suno Research. Antes da Suno, trabalhou em uma rede de televis\u00e3o, onde fazia reportagens sobre os mesmos temas. Estuda na Universidade Metodista de S\u00e3o Paulo.","url":"https:\/\/www.suno.com.br\/noticias\/author\/renan-bandeira\/"}]}},"default_loop_html":"<div class=\"cardsPage__listCard__boxs\"><div class=\"cardsPage__listCard__boxs__img\"><a href=\"https:\/\/www.suno.com.br\/noticias\/sabesp-bolsa-doria-privatizacao\/\"><img class=\"mask\" src=\"https:\/\/www.suno.com.br\/noticias\/wp-content\/themes\/suno\/resources\/images\/spotlight\/spotlight1img\/bg-mask.png\" alt=\"Image Mask\"\/><img src=\"https:\/\/files.sunoresearch.com.br\/n\/uploads\/2018\/11\/59669787-lucro-da-sabesp-400x200.webp\" alt=\"Sabesp dispara na Bolsa ap\u00f3s Jo\u00e3o Doria falar em privatiza\u00e7\u00e3o\"\/><\/a><span class=\"spotlightCategory\"><a href=\"https:\/\/www.suno.com.br\/noticias\/negocios\/\">Neg\u00f3cios<\/a><\/span><\/div><div class=\"cardsPage__listCard__boxs__content\"><a href=\"https:\/\/www.suno.com.br\/noticias\/sabesp-bolsa-doria-privatizacao\/\"><h2 class=\"content__title\">Sabesp dispara na Bolsa ap\u00f3s Jo\u00e3o Doria falar em privatiza\u00e7\u00e3o<\/h2><\/a><div class=\"newsContent__article__meta\"><div class=\"newsContent__article__meta__authorBox\"><a href=\"https:\/\/www.suno.com.br\/noticias\/author\/renan-bandeira\/\" class=\"authorBox__avatar noMobi\"><img src=\"https:\/\/secure.gravatar.com\/avatar\/68359cdb608f14f11bbefcb78f3fc747?s=96&#038;r=g\" alt=\"Renan Bandeira\"><\/a><div class=\"authorBox__name\"><span>por\n\t\t\t<a href=\"https:\/\/www.suno.com.br\/noticias\/author\/renan-bandeira\/\"><span itemprop=\"author\">Renan Bandeira<\/span><\/a><\/span><time datetime=\"2019-07-11T12:21:15-03:00\" itemprop=\"datePublished\">11\/07\/2019 12:21<\/time><\/div><\/div><\/div><\/div><\/div>","single_layout":"posts","amp_enabled":true,"_links":{"self":[{"href":"https:\/\/www.suno.com.br\/noticias\/wp-json\/wp\/v2\/posts\/30731"}],"collection":[{"href":"https:\/\/www.suno.com.br\/noticias\/wp-json\/wp\/v2\/posts"}],"about":[{"href":"https:\/\/www.suno.com.br\/noticias\/wp-json\/wp\/v2\/types\/post"}],"author":[{"embeddable":true,"href":"https:\/\/www.suno.com.br\/noticias\/wp-json\/wp\/v2\/users\/11"}],"replies":[{"embeddable":true,"href":"https:\/\/www.suno.com.br\/noticias\/wp-json\/wp\/v2\/comments?post=30731"}],"version-history":[{"count":0,"href":"https:\/\/www.suno.com.br\/noticias\/wp-json\/wp\/v2\/posts\/30731\/revisions"}],"wp:featuredmedia":[{"embeddable":true,"href":"https:\/\/www.suno.com.br\/noticias\/wp-json\/wp\/v2\/media\/6188"}],"wp:attachment":[{"href":"https:\/\/www.suno.com.br\/noticias\/wp-json\/wp\/v2\/media?parent=30731"}],"wp:term":[{"taxonomy":"category","embeddable":true,"href":"https:\/\/www.suno.com.br\/noticias\/wp-json\/wp\/v2\/categories?post=30731"},{"taxonomy":"post_tag","embeddable":true,"href":"https:\/\/www.suno.com.br\/noticias\/wp-json\/wp\/v2\/tags?post=30731"},{"taxonomy":"suno_strategy","embeddable":true,"href":"https:\/\/www.suno.com.br\/noticias\/wp-json\/wp\/v2\/suno_strategy?post=30731"}],"curies":[{"name":"wp","href":"https:\/\/api.w.org\/{rel}","templated":true}]}}