{"id":30702,"date":"2019-07-11T10:14:17","date_gmt":"2019-07-11T13:14:17","guid":{"rendered":"https:\/\/www.suno.com.br\/noticias\/?p=30702"},"modified":"2019-07-11T10:14:17","modified_gmt":"2019-07-11T13:14:17","slug":"ibovespa-11072019","status":"publish","type":"post","link":"https:\/\/www.suno.com.br\/noticias\/ibovespa-11072019\/","title":{"rendered":"Ibovespa cai; C\u00e2mara analisa os destaques da reforma da Previd\u00eancia"},"content":{"rendered":"<p>O Ibovespa abre esta quinta-feira (11) em queda, mesmo com a aprova\u00e7\u00e3o da reforma da Previd\u00eancia, a an\u00e1lise dos destaques do texto ainda deixam os investidores cautelosos sobre uma poss\u00edvel desidrata\u00e7\u00e3o da proposta.<\/p>\t<div class=\"wrapper-featured-image\">\n\t\t<figure class=\"spotlightImg\">\n\n\t\t\t<picture>\n\t\t\t\t<source media=\"(max-width: 768px)\" srcset=\"https:\/\/files.sunoresearch.com.br\/n\/uploads\/2019\/07\/c13ed713-ibovespa-400x200.webp\">\n\t\t\t\t<img loading=\"lazy\" decoding=\"async\" class=\"newsContent__article__imgCapa lazyloadDisabled newsContent__article__imgCapa--noCaption\" src=\"https:\/\/files.sunoresearch.com.br\/n\/uploads\/2019\/07\/c13ed713-ibovespa-800x450.webp\" width=\"800\" height=\"450\" alt=\"Ibovespa cai; C\u00e2mara analisa os destaques da reforma da Previd\u00eancia\" fetchpriority=high \/>\n\t\t\t<\/picture>\n\n\t\t\t<figcaption class=\"wp-caption-text wp-caption-text--hide\">Reforma da Previd\u00eancia \u00e9 aprovada com 370 votos favor\u00e1veis e 124 contra<\/figcaption>\n\t\t<\/figure>\n\t<\/div>\n\n\n<p>Por volta das 10h10, o <strong>Ibovespa<\/strong> registrava uma queda de &#8211;<span class=\"ng-binding\">0,33<\/span>% somando 105.468,25 pontos. Mesmo com a aprova\u00e7\u00e3o da <strong>reforma da Previd\u00eancia<\/strong> dando novos olhares ao mercado, j\u00e1 que pode alavancar a economia nacional, o principal \u00edndice da <strong>Bolsa de Valores de S\u00e3o Paulo<\/strong> cai por conta da cautela dos investidores sobre os destaques que s\u00e3o analisados pelos parlamentares nesta quinta.<\/p>\n\t<p>\n\t\t<a href=\"https:\/\/lp.suno.com.br\/4-emissao-snel11\/\" target=\"_blank\" data-element=\"shortcode-suno-banner\" title=\"Banner SUNO, clique e saiba mais\">\n\t\t\t<picture>\n\t\t\t\t<source media=\"(max-width: 500px)\" srcset=\"https:\/\/files.sunoresearch.com.br\/n\/uploads\/2025\/07\/400x300-Mobile-Artigos-7.webp\">\n\t\t\t\t<img class=\"newsContent__article__imgCapa newsContent__article__imgCapa--banner\"\n\t\t\t\t\tsrc=\"https:\/\/files.sunoresearch.com.br\/n\/uploads\/2025\/07\/1420x240-Banner-Artigos-1-_-Banner-Materias-5.webp\"\n\t\t\t\t\tdata-promo-id=\"364417\"\t\t\t\t\t\t\t\t\t\twidth='1420' height='240'\t\t\t\t\talt=\"https:\/\/files.sunoresearch.com.br\/n\/uploads\/2025\/07\/1420x240-Banner-Artigos-1-_-Banner-Materias-5.webp\"\n\t\t\t\t>\n\t\t\t<\/picture>\n\t\t<\/a>\n\t<\/p>\n\n\n<h2>Reforma da Previd\u00eancia<\/h2>\n<p>Na \u00faltima quarta-feira (10), a reforma da Previd\u00eancia foi aprovada no plen\u00e1rio da <strong>C\u00e2mara dos Deputados<\/strong>\u00a0com 379 votos favor\u00e1veis e 131 votos contr\u00e1rios.<\/p>\n<p>Com a aprova\u00e7\u00e3o da <strong>reforma da Previd\u00eancia<\/strong> no plen\u00e1rio, o texto agora passar\u00e1 por mais uma vota\u00e7\u00e3o na C\u00e2mara e por duas vota\u00e7\u00f5es no Senado.\u00a0O texto da\u00a0reforma prop\u00f5e novas regras relacionadas \u00e0 aposentadoria para os brasileiros.<\/p>\n<p>A vota\u00e7\u00e3o da reforma contou com um qu\u00f3rum quase m\u00e1ximo. Assim, dos 513 deputados, 510 registraram presen\u00e7a no plen\u00e1rio da C\u00e2mara nesta quarta-feira. A aprova\u00e7\u00e3o da reforma dependia de um qu\u00f3rum m\u00ednimo de\u00a0308 votos a favor.<\/p>\n<p><a href=\"https:\/\/www.suno.com.br\/noticias\/reforma-previdencia-aprovada-camara\/\">Saiba mais:\u00a0Reforma da Previd\u00eancia \u00e9 aprovada no plen\u00e1rio da C\u00e2mara<\/a><\/p>\n<h3>Deputados apreciam destaques<\/h3>\n<p>O primeiro turno da vota\u00e7\u00e3o da reforma da Previd\u00eancia seguir\u00e1 acontecendo hoje, mas agora ser\u00e1 analisado cerca de 20 destaques. Um deles j\u00e1 foi votado na \u00faltima noite e acabou rejeitado, o recurso pretendia retirar os professores da reforma, mas perdeu no plen\u00e1rio por 265 a 184.<\/p>\n<p>Com medo de uma desidrata\u00e7\u00e3o do texto logo ap\u00f3s a sua aprova\u00e7\u00e3o, o presidente da C\u00e2mara, <strong>Rodrigo Maia<\/strong>, decidiu finalizar a sess\u00e3o por volta da 21horas.<\/p>\n<p>Centr\u00e3o e a Oposi\u00e7\u00e3o articulam uma s\u00e9rie de medidas para derrotar o governo e amenizar as regras de pens\u00e3o e aposentadoria de algumas categorias.<\/p>\n<h2>Declara\u00e7\u00e3o do Fed<\/h2>\n<p>Na \u00faltima quarta-feira (10), o presidente do <a href=\"https:\/\/www.suno.com.br\/artigos\/fed\/\">Federal Reserve<\/a> (Fed), <a href=\"https:\/\/www.suno.com.br\/tudo-sobre\/jerome-powell\/\">Jerome Powell<\/a>, em seu discurso no Congresso deixou em aberto a possibilidade de reduzir a taxa b\u00e1sica de <strong>juros<\/strong> do pa\u00eds.<\/p>\n<p><a href=\"https:\/\/www.suno.com.br\/noticias\/ata-fed-diz-autoridades-bc-corte-juros-curto-prazo\/\">Saiba mais:\u00a0Ata do Fed diz que autoridades do BC viram corte de juros no curto prazo<\/a><\/p>\n<p>Powell declarou que integrantes do <strong>Fed<\/strong> acreditam que em junho as raz\u00f5es para a redu\u00e7\u00e3o dos juros foram \u201cfortalecidas\u201d devido \u00e0s crescentes \u201cmar\u00e9s de baixa\u201d na economia.<\/p>\n<h2>Maiores altas do Ibovespa<\/h2>\n<ul>\n<li><strong>BTOW3<\/strong> alta de 7,51% (R$ 39,21)<\/li>\n<li><strong>IRBR3<\/strong> alta\u00a0de 6,79% (R$ 101,45)<\/li>\n<li><strong>CVCB3<\/strong> alta\u00a0de 6,56% (R$ 52,30)<\/li>\n<li><strong>UGPA3<\/strong> alta\u00a0de 5,84% (R$ 20,85)<\/li>\n<li><strong>WEGE3<\/strong> alta\u00a0de 5,15% (R$ 23,69)<\/li>\n<\/ul>\n<h2>Maiores quedas do Ibovespa<\/h2>\n<ul>\n<li><strong>SUZB3<\/strong> queda de 3,23% (R$ 31,50)<\/li>\n<li><strong>QUAL3<\/strong> queda de 1,6% (R$ 23,40)<\/li>\n<li><strong>BBAS3<\/strong> queda de 1,26% (R$ 54,26)<\/li>\n<li><strong>BRKM5<\/strong> queda de\u00a01,02% (R$ 36,94)<\/li>\n<li><strong>USIM5<\/strong> queda de 0,93% (R$ 9,56)<\/li>\n<\/ul>\n\t<p>\n\t\t<a href=\"https:\/\/lp.suno.com.br\/ebook-como-analisar-uma-acao\/\" target=\"_blank\" data-element=\"shortcode-suno-banner\" title=\"Banner SUNO, clique e saiba mais\">\n\t\t\t<picture>\n\t\t\t\t<source media=\"(max-width: 500px)\" srcset=\"https:\/\/files.sunoresearch.com.br\/n\/uploads\/2023\/03\/Ebook-Acoes-Mobile.jpg\">\n\t\t\t\t<img class=\"newsContent__article__imgCapa newsContent__article__imgCapa--banner\"\n\t\t\t\t\tsrc=\"https:\/\/files.sunoresearch.com.br\/n\/uploads\/2023\/03\/Ebook-Acoes-Desktop.jpg\"\n\t\t\t\t\tdata-promo-id=\"311946\"\t\t\t\t\t\t\t\t\t\twidth='1420' height='286'\t\t\t\t\talt=\"https:\/\/files.sunoresearch.com.br\/n\/uploads\/2023\/03\/Ebook-Acoes-Desktop.jpg\"\n\t\t\t\t>\n\t\t\t<\/picture>\n\t\t<\/a>\n\t<\/p>\n\n\n<h2>\u00daltima cota\u00e7\u00e3o<\/h2>\n<p>Na \u00faltima sess\u00e3o, na quarta-feira (10), o <strong>Ibovespa<\/strong> fechou em nova alta, atingindo uma nova marca hist\u00f3rica. O \u00edndice subiu\u00a0<span class=\"ng-binding\">1,23% somando\u00a0105.817,06 pontos.<\/span><\/p>\n","protected":false},"excerpt":{"rendered":"<p>O Ibovespa abre esta quinta-feira (11) em queda, mesmo com a aprova\u00e7\u00e3o da reforma da Previd\u00eancia, a an\u00e1lise dos destaques do texto ainda deixam os investidores cautelosos sobre uma poss\u00edvel desidrata\u00e7\u00e3o da proposta. Reforma da Previd\u00eancia \u00e9 aprovada com 370 votos favor\u00e1veis e 124 contra Por volta das 10h10, o Ibovespa registrava uma queda de [&hellip;]<\/p>\n","protected":false},"author":11,"featured_media":30709,"comment_status":"closed","ping_status":"closed","sticky":false,"template":"","format":"standard","meta":[],"categories":[60],"tags":[721],"suno_strategy":[],"class_list":["post-30702","post","type-post","status-publish","format-standard","has-post-thumbnail","hentry","category-mercado","tag-ibovespa"],"yoast_head":"<!-- This site is optimized with the Yoast SEO plugin v24.4 - https:\/\/yoast.com\/wordpress\/plugins\/seo\/ -->\n<title>Ibovespa cai; C\u00e2mara analisa os destaques da reforma da Previd\u00eancia<\/title>\n<meta name=\"description\" content=\"A reforma da Previd\u00eancia deu otimismo e elevou o Ibovespa nesta semana; C\u00e2mara ainda analisa 20 destaques do texto. Clique e saiba mais.\" \/>\n<meta name=\"robots\" content=\"index, follow, max-snippet:-1, max-image-preview:large, max-video-preview:-1\" \/>\n<link rel=\"canonical\" href=\"https:\/\/www.suno.com.br\/noticias\/ibovespa-11072019\/\" \/>\n<meta property=\"og:locale\" content=\"pt_BR\" \/>\n<meta property=\"og:type\" content=\"article\" \/>\n<meta property=\"og:title\" content=\"Ibovespa cai; C\u00e2mara analisa os destaques da reforma da Previd\u00eancia\" \/>\n<meta property=\"og:description\" content=\"A reforma da Previd\u00eancia deu otimismo e elevou o Ibovespa nesta semana; C\u00e2mara ainda analisa 20 destaques do texto. Clique e saiba mais.\" \/>\n<meta property=\"og:url\" content=\"https:\/\/www.suno.com.br\/noticias\/ibovespa-11072019\/\" \/>\n<meta property=\"og:site_name\" content=\"Suno Not\u00edcias\" \/>\n<meta property=\"article:publisher\" content=\"https:\/\/facebook.com\/sunoresearch\" \/>\n<meta property=\"og:image\" content=\"https:\/\/files.sunoresearch.com.br\/n\/uploads\/2019\/07\/c13ed713-ibovespa.jpg\" \/>\n\t<meta property=\"og:image:width\" content=\"1140\" \/>\n\t<meta property=\"og:image:height\" content=\"760\" \/>\n\t<meta property=\"og:image:type\" content=\"image\/jpeg\" \/>\n<meta name=\"author\" content=\"Renan Bandeira\" \/>\n<meta name=\"twitter:card\" content=\"summary_large_image\" \/>\n<meta name=\"twitter:creator\" content=\"@sunoresearch\" \/>\n<meta name=\"twitter:site\" content=\"@sunoresearch\" \/>\n<meta name=\"twitter:label1\" content=\"Escrito por\" \/>\n\t<meta name=\"twitter:data1\" content=\"Renan Bandeira\" \/>\n\t<meta name=\"twitter:label2\" content=\"Est. tempo de leitura\" \/>\n\t<meta name=\"twitter:data2\" content=\"3 minutos\" \/>\n<script type=\"application\/ld+json\" class=\"yoast-schema-graph\">{\"@context\":\"https:\/\/schema.org\",\"@graph\":[{\"@type\":\"NewsArticle\",\"@id\":\"https:\/\/www.suno.com.br\/noticias\/ibovespa-11072019\/#article\",\"isPartOf\":{\"@id\":\"https:\/\/www.suno.com.br\/noticias\/ibovespa-11072019\/\"},\"author\":{\"name\":\"Renan Bandeira\",\"@id\":\"https:\/\/www.suno.com.br\/noticias\/#\/schema\/person\/fc144a1c6108bd1dcd43784e88a3c138\"},\"headline\":\"Ibovespa cai; C\u00e2mara analisa os destaques da reforma da Previd\u00eancia\",\"datePublished\":\"2019-07-11T13:14:17+00:00\",\"mainEntityOfPage\":{\"@id\":\"https:\/\/www.suno.com.br\/noticias\/ibovespa-11072019\/\"},\"wordCount\":515,\"publisher\":{\"@id\":\"https:\/\/www.suno.com.br\/noticias\/#organization\"},\"image\":{\"@id\":\"https:\/\/www.suno.com.br\/noticias\/ibovespa-11072019\/#primaryimage\"},\"thumbnailUrl\":\"https:\/\/files.sunoresearch.com.br\/n\/uploads\/2019\/07\/c13ed713-ibovespa-jpg.webp\",\"keywords\":[\"Ibovespa\"],\"articleSection\":[\"Mercado\"],\"inLanguage\":\"pt-BR\"},{\"@type\":\"WebPage\",\"@id\":\"https:\/\/www.suno.com.br\/noticias\/ibovespa-11072019\/\",\"url\":\"https:\/\/www.suno.com.br\/noticias\/ibovespa-11072019\/\",\"name\":\"Ibovespa cai; C\u00e2mara analisa os destaques da reforma da Previd\u00eancia\",\"isPartOf\":{\"@id\":\"https:\/\/www.suno.com.br\/noticias\/#website\"},\"primaryImageOfPage\":{\"@id\":\"https:\/\/www.suno.com.br\/noticias\/ibovespa-11072019\/#primaryimage\"},\"image\":{\"@id\":\"https:\/\/www.suno.com.br\/noticias\/ibovespa-11072019\/#primaryimage\"},\"thumbnailUrl\":\"https:\/\/files.sunoresearch.com.br\/n\/uploads\/2019\/07\/c13ed713-ibovespa-jpg.webp\",\"datePublished\":\"2019-07-11T13:14:17+00:00\",\"description\":\"A reforma da Previd\u00eancia deu otimismo e elevou o Ibovespa nesta semana; C\u00e2mara ainda analisa 20 destaques do texto. Clique e saiba mais.\",\"breadcrumb\":{\"@id\":\"https:\/\/www.suno.com.br\/noticias\/ibovespa-11072019\/#breadcrumb\"},\"inLanguage\":\"pt-BR\",\"potentialAction\":[{\"@type\":\"ReadAction\",\"target\":[\"https:\/\/www.suno.com.br\/noticias\/ibovespa-11072019\/\"]}]},{\"@type\":\"ImageObject\",\"inLanguage\":\"pt-BR\",\"@id\":\"https:\/\/www.suno.com.br\/noticias\/ibovespa-11072019\/#primaryimage\",\"url\":\"https:\/\/files.sunoresearch.com.br\/n\/uploads\/2019\/07\/c13ed713-ibovespa-jpg.webp\",\"contentUrl\":\"https:\/\/files.sunoresearch.com.br\/n\/uploads\/2019\/07\/c13ed713-ibovespa-jpg.webp\",\"width\":1140,\"height\":760,\"caption\":\"Reforma da Previd\u00eancia \u00e9 aprovada com 370 votos favor\u00e1veis e 124 contra\"},{\"@type\":\"BreadcrumbList\",\"@id\":\"https:\/\/www.suno.com.br\/noticias\/ibovespa-11072019\/#breadcrumb\",\"itemListElement\":[{\"@type\":\"ListItem\",\"position\":1,\"name\":\"Not\u00edcias\",\"item\":\"https:\/\/www.suno.com.br\/noticias\/\"},{\"@type\":\"ListItem\",\"position\":2,\"name\":\"Mercado\",\"item\":\"https:\/\/www.suno.com.br\/noticias\/mercado\/\"},{\"@type\":\"ListItem\",\"position\":3,\"name\":\"Ibovespa cai; C\u00e2mara analisa os destaques da reforma da Previd\u00eancia\"}]},{\"@type\":\"WebSite\",\"@id\":\"https:\/\/www.suno.com.br\/noticias\/#website\",\"url\":\"https:\/\/www.suno.com.br\/noticias\/\",\"name\":\"Suno Not\u00edcias\",\"description\":\"Seu portal de informa\u00e7\u00e3o sobre o mundo dos investimentos\",\"publisher\":{\"@id\":\"https:\/\/www.suno.com.br\/noticias\/#organization\"},\"potentialAction\":[{\"@type\":\"SearchAction\",\"target\":{\"@type\":\"EntryPoint\",\"urlTemplate\":\"https:\/\/www.suno.com.br\/noticias\/?s={search_term_string}\"},\"query-input\":{\"@type\":\"PropertyValueSpecification\",\"valueRequired\":true,\"valueName\":\"search_term_string\"}}],\"inLanguage\":\"pt-BR\"},{\"@type\":\"Organization\",\"@id\":\"https:\/\/www.suno.com.br\/noticias\/#organization\",\"name\":\"Suno Not\u00edcias\",\"url\":\"https:\/\/www.suno.com.br\/noticias\/\",\"logo\":{\"@type\":\"ImageObject\",\"inLanguage\":\"pt-BR\",\"@id\":\"https:\/\/www.suno.com.br\/noticias\/#\/schema\/logo\/image\/\",\"url\":\"https:\/\/files.sunoresearch.com.br\/n\/uploads\/2021\/09\/suno-logo.png\",\"contentUrl\":\"https:\/\/files.sunoresearch.com.br\/n\/uploads\/2021\/09\/suno-logo.png\",\"width\":180,\"height\":180,\"caption\":\"Suno Not\u00edcias\"},\"image\":{\"@id\":\"https:\/\/www.suno.com.br\/noticias\/#\/schema\/logo\/image\/\"},\"sameAs\":[\"https:\/\/facebook.com\/sunoresearch\",\"https:\/\/x.com\/sunoresearch\",\"https:\/\/www.instagram.com\/suno\",\"https:\/\/www.linkedin.com\/company\/suno-research\/\",\"https:\/\/www.youtube.com\/c\/sunoresearch\"]},{\"@type\":\"Person\",\"@id\":\"https:\/\/www.suno.com.br\/noticias\/#\/schema\/person\/fc144a1c6108bd1dcd43784e88a3c138\",\"name\":\"Renan Bandeira\",\"image\":{\"@type\":\"ImageObject\",\"inLanguage\":\"pt-BR\",\"@id\":\"https:\/\/www.suno.com.br\/noticias\/#\/schema\/person\/image\/\",\"url\":\"https:\/\/secure.gravatar.com\/avatar\/68359cdb608f14f11bbefcb78f3fc747?s=96&r=g\",\"contentUrl\":\"https:\/\/secure.gravatar.com\/avatar\/68359cdb608f14f11bbefcb78f3fc747?s=96&r=g\",\"caption\":\"Renan Bandeira\"},\"description\":\"Renan Bandeira escreve sobre pol\u00edtica e economia para o portal da Suno Research. Antes da Suno, trabalhou em uma rede de televis\u00e3o, onde fazia reportagens sobre os mesmos temas. Estuda na Universidade Metodista de S\u00e3o Paulo.\",\"url\":\"https:\/\/www.suno.com.br\/noticias\/author\/renan-bandeira\/\"}]}<\/script>\n<!-- \/ Yoast SEO plugin. -->","yoast_head_json":{"title":"Ibovespa cai; C\u00e2mara analisa os destaques da reforma da Previd\u00eancia","description":"A reforma da Previd\u00eancia deu otimismo e elevou o Ibovespa nesta semana; C\u00e2mara ainda analisa 20 destaques do texto. Clique e saiba mais.","robots":{"index":"index","follow":"follow","max-snippet":"max-snippet:-1","max-image-preview":"max-image-preview:large","max-video-preview":"max-video-preview:-1"},"canonical":"https:\/\/www.suno.com.br\/noticias\/ibovespa-11072019\/","og_locale":"pt_BR","og_type":"article","og_title":"Ibovespa cai; C\u00e2mara analisa os destaques da reforma da Previd\u00eancia","og_description":"A reforma da Previd\u00eancia deu otimismo e elevou o Ibovespa nesta semana; C\u00e2mara ainda analisa 20 destaques do texto. Clique e saiba mais.","og_url":"https:\/\/www.suno.com.br\/noticias\/ibovespa-11072019\/","og_site_name":"Suno Not\u00edcias","article_publisher":"https:\/\/facebook.com\/sunoresearch","og_image":[{"width":1140,"height":760,"url":"https:\/\/files.sunoresearch.com.br\/n\/uploads\/2019\/07\/c13ed713-ibovespa.jpg","type":"image\/jpeg"}],"author":"Renan Bandeira","twitter_card":"summary_large_image","twitter_creator":"@sunoresearch","twitter_site":"@sunoresearch","twitter_misc":{"Escrito por":"Renan Bandeira","Est. tempo de leitura":"3 minutos"},"schema":{"@context":"https:\/\/schema.org","@graph":[{"@type":"NewsArticle","@id":"https:\/\/www.suno.com.br\/noticias\/ibovespa-11072019\/#article","isPartOf":{"@id":"https:\/\/www.suno.com.br\/noticias\/ibovespa-11072019\/"},"author":{"name":"Renan Bandeira","@id":"https:\/\/www.suno.com.br\/noticias\/#\/schema\/person\/fc144a1c6108bd1dcd43784e88a3c138"},"headline":"Ibovespa cai; C\u00e2mara analisa os destaques da reforma da Previd\u00eancia","datePublished":"2019-07-11T13:14:17+00:00","mainEntityOfPage":{"@id":"https:\/\/www.suno.com.br\/noticias\/ibovespa-11072019\/"},"wordCount":515,"publisher":{"@id":"https:\/\/www.suno.com.br\/noticias\/#organization"},"image":{"@id":"https:\/\/www.suno.com.br\/noticias\/ibovespa-11072019\/#primaryimage"},"thumbnailUrl":"https:\/\/files.sunoresearch.com.br\/n\/uploads\/2019\/07\/c13ed713-ibovespa-jpg.webp","keywords":["Ibovespa"],"articleSection":["Mercado"],"inLanguage":"pt-BR"},{"@type":"WebPage","@id":"https:\/\/www.suno.com.br\/noticias\/ibovespa-11072019\/","url":"https:\/\/www.suno.com.br\/noticias\/ibovespa-11072019\/","name":"Ibovespa cai; C\u00e2mara analisa os destaques da reforma da Previd\u00eancia","isPartOf":{"@id":"https:\/\/www.suno.com.br\/noticias\/#website"},"primaryImageOfPage":{"@id":"https:\/\/www.suno.com.br\/noticias\/ibovespa-11072019\/#primaryimage"},"image":{"@id":"https:\/\/www.suno.com.br\/noticias\/ibovespa-11072019\/#primaryimage"},"thumbnailUrl":"https:\/\/files.sunoresearch.com.br\/n\/uploads\/2019\/07\/c13ed713-ibovespa-jpg.webp","datePublished":"2019-07-11T13:14:17+00:00","description":"A reforma da Previd\u00eancia deu otimismo e elevou o Ibovespa nesta semana; C\u00e2mara ainda analisa 20 destaques do texto. Clique e saiba mais.","breadcrumb":{"@id":"https:\/\/www.suno.com.br\/noticias\/ibovespa-11072019\/#breadcrumb"},"inLanguage":"pt-BR","potentialAction":[{"@type":"ReadAction","target":["https:\/\/www.suno.com.br\/noticias\/ibovespa-11072019\/"]}]},{"@type":"ImageObject","inLanguage":"pt-BR","@id":"https:\/\/www.suno.com.br\/noticias\/ibovespa-11072019\/#primaryimage","url":"https:\/\/files.sunoresearch.com.br\/n\/uploads\/2019\/07\/c13ed713-ibovespa-jpg.webp","contentUrl":"https:\/\/files.sunoresearch.com.br\/n\/uploads\/2019\/07\/c13ed713-ibovespa-jpg.webp","width":1140,"height":760,"caption":"Reforma da Previd\u00eancia \u00e9 aprovada com 370 votos favor\u00e1veis e 124 contra"},{"@type":"BreadcrumbList","@id":"https:\/\/www.suno.com.br\/noticias\/ibovespa-11072019\/#breadcrumb","itemListElement":[{"@type":"ListItem","position":1,"name":"Not\u00edcias","item":"https:\/\/www.suno.com.br\/noticias\/"},{"@type":"ListItem","position":2,"name":"Mercado","item":"https:\/\/www.suno.com.br\/noticias\/mercado\/"},{"@type":"ListItem","position":3,"name":"Ibovespa cai; C\u00e2mara analisa os destaques da reforma da Previd\u00eancia"}]},{"@type":"WebSite","@id":"https:\/\/www.suno.com.br\/noticias\/#website","url":"https:\/\/www.suno.com.br\/noticias\/","name":"Suno Not\u00edcias","description":"Seu portal de informa\u00e7\u00e3o sobre o mundo dos investimentos","publisher":{"@id":"https:\/\/www.suno.com.br\/noticias\/#organization"},"potentialAction":[{"@type":"SearchAction","target":{"@type":"EntryPoint","urlTemplate":"https:\/\/www.suno.com.br\/noticias\/?s={search_term_string}"},"query-input":{"@type":"PropertyValueSpecification","valueRequired":true,"valueName":"search_term_string"}}],"inLanguage":"pt-BR"},{"@type":"Organization","@id":"https:\/\/www.suno.com.br\/noticias\/#organization","name":"Suno Not\u00edcias","url":"https:\/\/www.suno.com.br\/noticias\/","logo":{"@type":"ImageObject","inLanguage":"pt-BR","@id":"https:\/\/www.suno.com.br\/noticias\/#\/schema\/logo\/image\/","url":"https:\/\/files.sunoresearch.com.br\/n\/uploads\/2021\/09\/suno-logo.png","contentUrl":"https:\/\/files.sunoresearch.com.br\/n\/uploads\/2021\/09\/suno-logo.png","width":180,"height":180,"caption":"Suno Not\u00edcias"},"image":{"@id":"https:\/\/www.suno.com.br\/noticias\/#\/schema\/logo\/image\/"},"sameAs":["https:\/\/facebook.com\/sunoresearch","https:\/\/x.com\/sunoresearch","https:\/\/www.instagram.com\/suno","https:\/\/www.linkedin.com\/company\/suno-research\/","https:\/\/www.youtube.com\/c\/sunoresearch"]},{"@type":"Person","@id":"https:\/\/www.suno.com.br\/noticias\/#\/schema\/person\/fc144a1c6108bd1dcd43784e88a3c138","name":"Renan Bandeira","image":{"@type":"ImageObject","inLanguage":"pt-BR","@id":"https:\/\/www.suno.com.br\/noticias\/#\/schema\/person\/image\/","url":"https:\/\/secure.gravatar.com\/avatar\/68359cdb608f14f11bbefcb78f3fc747?s=96&r=g","contentUrl":"https:\/\/secure.gravatar.com\/avatar\/68359cdb608f14f11bbefcb78f3fc747?s=96&r=g","caption":"Renan Bandeira"},"description":"Renan Bandeira escreve sobre pol\u00edtica e economia para o portal da Suno Research. Antes da Suno, trabalhou em uma rede de televis\u00e3o, onde fazia reportagens sobre os mesmos temas. Estuda na Universidade Metodista de S\u00e3o Paulo.","url":"https:\/\/www.suno.com.br\/noticias\/author\/renan-bandeira\/"}]}},"default_loop_html":"<div class=\"cardsPage__listCard__boxs\"><div class=\"cardsPage__listCard__boxs__img\"><a href=\"https:\/\/www.suno.com.br\/noticias\/ibovespa-11072019\/\"><img class=\"mask\" src=\"https:\/\/www.suno.com.br\/noticias\/wp-content\/themes\/suno\/resources\/images\/spotlight\/spotlight1img\/bg-mask.png\" alt=\"Image Mask\"\/><img src=\"https:\/\/files.sunoresearch.com.br\/n\/uploads\/2019\/07\/c13ed713-ibovespa-400x200.webp\" alt=\"Ibovespa cai; C\u00e2mara analisa os destaques da reforma da Previd\u00eancia\"\/><\/a><span class=\"spotlightCategory\"><a href=\"https:\/\/www.suno.com.br\/noticias\/mercado\/\">Mercado<\/a><\/span><\/div><div class=\"cardsPage__listCard__boxs__content\"><a href=\"https:\/\/www.suno.com.br\/noticias\/ibovespa-11072019\/\"><h2 class=\"content__title\">Ibovespa cai; C\u00e2mara analisa os destaques da reforma da Previd\u00eancia<\/h2><\/a><div class=\"newsContent__article__meta\"><div class=\"newsContent__article__meta__authorBox\"><a href=\"https:\/\/www.suno.com.br\/noticias\/author\/renan-bandeira\/\" class=\"authorBox__avatar noMobi\"><img src=\"https:\/\/secure.gravatar.com\/avatar\/68359cdb608f14f11bbefcb78f3fc747?s=96&#038;r=g\" alt=\"Renan Bandeira\"><\/a><div class=\"authorBox__name\"><span>por\n\t\t\t<a href=\"https:\/\/www.suno.com.br\/noticias\/author\/renan-bandeira\/\"><span itemprop=\"author\">Renan Bandeira<\/span><\/a><\/span><time datetime=\"2019-07-11T10:14:17-03:00\" itemprop=\"datePublished\">11\/07\/2019 10:14<\/time><\/div><\/div><\/div><\/div><\/div>","single_layout":"posts","amp_enabled":true,"_links":{"self":[{"href":"https:\/\/www.suno.com.br\/noticias\/wp-json\/wp\/v2\/posts\/30702"}],"collection":[{"href":"https:\/\/www.suno.com.br\/noticias\/wp-json\/wp\/v2\/posts"}],"about":[{"href":"https:\/\/www.suno.com.br\/noticias\/wp-json\/wp\/v2\/types\/post"}],"author":[{"embeddable":true,"href":"https:\/\/www.suno.com.br\/noticias\/wp-json\/wp\/v2\/users\/11"}],"replies":[{"embeddable":true,"href":"https:\/\/www.suno.com.br\/noticias\/wp-json\/wp\/v2\/comments?post=30702"}],"version-history":[{"count":0,"href":"https:\/\/www.suno.com.br\/noticias\/wp-json\/wp\/v2\/posts\/30702\/revisions"}],"wp:featuredmedia":[{"embeddable":true,"href":"https:\/\/www.suno.com.br\/noticias\/wp-json\/wp\/v2\/media\/30709"}],"wp:attachment":[{"href":"https:\/\/www.suno.com.br\/noticias\/wp-json\/wp\/v2\/media?parent=30702"}],"wp:term":[{"taxonomy":"category","embeddable":true,"href":"https:\/\/www.suno.com.br\/noticias\/wp-json\/wp\/v2\/categories?post=30702"},{"taxonomy":"post_tag","embeddable":true,"href":"https:\/\/www.suno.com.br\/noticias\/wp-json\/wp\/v2\/tags?post=30702"},{"taxonomy":"suno_strategy","embeddable":true,"href":"https:\/\/www.suno.com.br\/noticias\/wp-json\/wp\/v2\/suno_strategy?post=30702"}],"curies":[{"name":"wp","href":"https:\/\/api.w.org\/{rel}","templated":true}]}}