{"id":30684,"date":"2019-07-11T08:26:24","date_gmt":"2019-07-11T11:26:24","guid":{"rendered":"https:\/\/www.suno.com.br\/noticias\/?p=30684"},"modified":"2019-07-11T08:26:24","modified_gmt":"2019-07-11T11:26:24","slug":"ata-fed-diz-autoridades-bc-corte-juros-curto-prazo","status":"publish","type":"post","link":"https:\/\/www.suno.com.br\/noticias\/ata-fed-diz-autoridades-bc-corte-juros-curto-prazo\/","title":{"rendered":"Ata do Fed diz que autoridades do BC viram corte de juros no curto prazo"},"content":{"rendered":"<p>V\u00e1rias autoridades do Federal Reserve (FED) afirmaram, em uma nova reuni\u00e3o, que novos incentivos ter\u00e3o que ser implantados \u00e0 economia global. Sendo assim, os EUA teme que, caso n\u00e3o corte as taxas de juros, sua economia fique estagnada. As informa\u00e7\u00f5es s\u00e3o da ata divulgada pelo BC na \u00faltima quarta-feira (10).<\/p>\t<div class=\"wrapper-featured-image\">\n\t\t<figure class=\"spotlightImg\">\n\n\t\t\t<picture>\n\t\t\t\t<source media=\"(max-width: 768px)\" srcset=\"https:\/\/files.sunoresearch.com.br\/n\/uploads\/2018\/11\/799e4fef-vice-presidente-do-fed-400x200.webp\">\n\t\t\t\t<img loading=\"lazy\" decoding=\"async\" class=\"newsContent__article__imgCapa lazyloadDisabled newsContent__article__imgCapa--noCaption\" src=\"https:\/\/files.sunoresearch.com.br\/n\/uploads\/2018\/11\/799e4fef-vice-presidente-do-fed-800x450.webp\" width=\"800\" height=\"450\" alt=\"Ata do Fed diz que autoridades do BC viram corte de juros no curto prazo\" fetchpriority=high \/>\n\t\t\t<\/picture>\n\n\t\t\t<figcaption class=\"wp-caption-text wp-caption-text--hide\"><\/figcaption>\n\t\t<\/figure>\n\t<\/div>\n\n\n<p>No dia 19 de junho, o <strong>Fed<\/strong> resolveu manter inalteradas as taxas de juros. O intervalo ficou entre 2,25% a 2,50%. Dessa forma, a economia global ficou empolgada com uma poss\u00edvel baixa nos juros dos <strong>Estados<\/strong> <strong>Unidos<\/strong>, em um curto prazo.<\/p>\n\t<p>\n\t\t<a href=\"https:\/\/lp.suno.com.br\/ao\/sessao-estrategica-consultoria-c\/?utm_source=suno-noticias&#038;utm_medium=banner&#038;utm_campaing=dividendos-taxacao-pl\" target=\"_blank\" data-element=\"shortcode-suno-banner\" title=\"Banner SUNO, clique e saiba mais\">\n\t\t\t<picture>\n\t\t\t\t<source media=\"(max-width: 500px)\" srcset=\"https:\/\/files.sunoresearch.com.br\/n\/uploads\/2025\/09\/300x400.webp\">\n\t\t\t\t<img class=\"newsContent__article__imgCapa newsContent__article__imgCapa--banner\"\n\t\t\t\t\tsrc=\"https:\/\/files.sunoresearch.com.br\/n\/uploads\/2025\/09\/SN-DT-1420x240-1.webp\"\n\t\t\t\t\tdata-promo-id=\"628283\"\t\t\t\t\t\t\t\t\t\twidth='1420' height='240'\t\t\t\t\talt=\"https:\/\/files.sunoresearch.com.br\/n\/uploads\/2025\/09\/SN-DT-1420x240-1.webp\"\n\t\t\t\t>\n\t\t\t<\/picture>\n\t\t<\/a>\n\t<\/p>\n\n\n<p>Sendo assim, algumas autoridades do <strong>Federal Open Market Committee (FOMC)<\/strong> se mostraram confiantes em uma queda de juros, que poderiam diminuir os efeitos negativos da guerra comercial com a <strong>China<\/strong>, por exemplo.<\/p>\n<p>Mesmo assim, alguns mandat\u00e1rios v\u00e3o contra o corte de juros. &#8220;Ainda n\u00e3o h\u00e1 um argumento forte para um corte de juros dos n\u00edveis atuais&#8221;, disse um membro do Fomc.<\/p>\n<h2>FOMC discute pol\u00edtica monet\u00e1ria dos EUA<\/h2>\n<p>Nos dias 30 e 31 de julho, os membros do Fomc ir\u00e3o se reunir para discutir mudan\u00e7as na pol\u00edtica monet\u00e1ria dos EUA.<\/p>\n<p>Jerome Powell, presidente do <strong>Banco<\/strong> <strong>Central<\/strong> <strong>dos<\/strong> <strong>Estados<\/strong> <strong>Unidos<\/strong>, disse na \u00faltima quarta-feira (10), que ainda neste m\u00eas pode haver um novo corte nas taxas de juros.<\/p>\n<p>Em junho deste ano, o presidente do Federal Reserve disse que alguns aspectos globais estavam preocupando a economia norte-americana.<\/p>\n<p>\u201cParece que as incertezas em torno das tens\u00f5es comerciais e as preocupa\u00e7\u00f5es com a for\u00e7a da economia global continuam pesando sobre as perspectivas econ\u00f4micas dos Estados Unidos\u201c, disse.<\/p>\n<h2>Trump critica a\u00e7\u00f5es de Powell<\/h2>\n<p>Desde o in\u00edcio deste ano, o presidente norte-americano, Donald Trump, tem criticado o mandat\u00e1rio do Banco Central norte-americano. Trump defende que a redu\u00e7\u00e3o de juros tinha que ter sido feita h\u00e1 muito tempo.<\/p>\n<p>Na \u00faltima semana, o presidente dos EUA chegou a dizer que o presidente do <strong>Fed<\/strong> \u201cn\u00e3o sabe o que faz&#8221;.<\/p>\n<p><a href=\"https:\/\/www.suno.com.br\/noticias\/trump-fed-reduzir-juros-para-competirmos-china\/\">Veja tamb\u00e9m:\u00a0\u00a0Trump: Fed tem que reduzir juros para competirmos com a China\u00a0<\/a><\/p>\n\t<p>\n\t\t<a href=\"https:\/\/lp.suno.com.br\/ebook-como-analisar-uma-acao\/\" target=\"_blank\" data-element=\"shortcode-suno-banner\" title=\"Banner SUNO, clique e saiba mais\">\n\t\t\t<picture>\n\t\t\t\t<source media=\"(max-width: 500px)\" srcset=\"https:\/\/files.sunoresearch.com.br\/n\/uploads\/2023\/12\/Ebook-Acoes-Mobile.jpg\">\n\t\t\t\t<img class=\"newsContent__article__imgCapa newsContent__article__imgCapa--banner\"\n\t\t\t\t\tsrc=\"https:\/\/files.sunoresearch.com.br\/n\/uploads\/2023\/12\/Ebook-Acoes-Mobile.jpg\"\n\t\t\t\t\tdata-promo-id=\"101750\"\t\t\t\t\t\t\t\t\t\twidth='400' height='300'\t\t\t\t\talt=\"https:\/\/files.sunoresearch.com.br\/n\/uploads\/2023\/12\/Ebook-Acoes-Mobile.jpg\"\n\t\t\t\t>\n\t\t\t<\/picture>\n\t\t<\/a>\n\t<\/p>\n\n\n","protected":false},"excerpt":{"rendered":"<p>V\u00e1rias autoridades do Federal Reserve (FED) afirmaram, em uma nova reuni\u00e3o, que novos incentivos ter\u00e3o que ser implantados \u00e0 economia global. Sendo assim, os EUA teme que, caso n\u00e3o corte as taxas de juros, sua economia fique estagnada. As informa\u00e7\u00f5es s\u00e3o da ata divulgada pelo BC na \u00faltima quarta-feira (10). No dia 19 de junho, [&hellip;]<\/p>\n","protected":false},"author":19,"featured_media":6407,"comment_status":"closed","ping_status":"closed","sticky":false,"template":"","format":"standard","meta":[],"categories":[63],"tags":[724,776],"suno_strategy":[],"class_list":["post-30684","post","type-post","status-publish","format-standard","has-post-thumbnail","hentry","category-internacional","tag-donald-trump","tag-federal-reseve-fed"],"yoast_head":"<!-- This site is optimized with the Yoast SEO plugin v24.4 - https:\/\/yoast.com\/wordpress\/plugins\/seo\/ -->\n<title>Fed: Ata diz que autoridades do BC viram corte de juros no curto prazo<\/title>\n<meta name=\"description\" content=\"Autoridades do Fed disseram, em uma reuni\u00e3o, que novos incentivos ter\u00e3o que ser implantados \u00e0 economia global. Saiba mais.\" \/>\n<meta name=\"robots\" content=\"index, follow, max-snippet:-1, max-image-preview:large, max-video-preview:-1\" \/>\n<link rel=\"canonical\" href=\"https:\/\/www.suno.com.br\/noticias\/ata-fed-diz-autoridades-bc-corte-juros-curto-prazo\/\" \/>\n<meta property=\"og:locale\" content=\"pt_BR\" \/>\n<meta property=\"og:type\" content=\"article\" \/>\n<meta property=\"og:title\" content=\"Fed: Ata diz que autoridades do BC viram corte de juros no curto prazo\" \/>\n<meta property=\"og:description\" content=\"Autoridades do Fed disseram, em uma reuni\u00e3o, que novos incentivos ter\u00e3o que ser implantados \u00e0 economia global. Saiba mais.\" \/>\n<meta property=\"og:url\" content=\"https:\/\/www.suno.com.br\/noticias\/ata-fed-diz-autoridades-bc-corte-juros-curto-prazo\/\" \/>\n<meta property=\"og:site_name\" content=\"Suno Not\u00edcias\" \/>\n<meta property=\"article:publisher\" content=\"https:\/\/facebook.com\/sunoresearch\" \/>\n<meta property=\"og:image\" content=\"https:\/\/files.sunoresearch.com.br\/n\/uploads\/2018\/11\/799e4fef-vice-presidente-do-fed.jpg\" \/>\n\t<meta property=\"og:image:width\" content=\"1920\" \/>\n\t<meta property=\"og:image:height\" content=\"1280\" \/>\n\t<meta property=\"og:image:type\" content=\"image\/jpeg\" \/>\n<meta name=\"author\" content=\"Juliano Passaro\" \/>\n<meta name=\"twitter:card\" content=\"summary_large_image\" \/>\n<meta name=\"twitter:creator\" content=\"@sunoresearch\" \/>\n<meta name=\"twitter:site\" content=\"@sunoresearch\" \/>\n<meta name=\"twitter:label1\" content=\"Escrito por\" \/>\n\t<meta name=\"twitter:data1\" content=\"Juliano Passaro\" \/>\n\t<meta name=\"twitter:label2\" content=\"Est. tempo de leitura\" \/>\n\t<meta name=\"twitter:data2\" content=\"2 minutos\" \/>\n<script type=\"application\/ld+json\" class=\"yoast-schema-graph\">{\"@context\":\"https:\/\/schema.org\",\"@graph\":[{\"@type\":\"NewsArticle\",\"@id\":\"https:\/\/www.suno.com.br\/noticias\/ata-fed-diz-autoridades-bc-corte-juros-curto-prazo\/#article\",\"isPartOf\":{\"@id\":\"https:\/\/www.suno.com.br\/noticias\/ata-fed-diz-autoridades-bc-corte-juros-curto-prazo\/\"},\"author\":{\"name\":\"Juliano Passaro\",\"@id\":\"https:\/\/www.suno.com.br\/noticias\/#\/schema\/person\/1db762f78ffd8919a648a63e425953e3\"},\"headline\":\"Ata do Fed diz que autoridades do BC viram corte de juros no curto prazo\",\"datePublished\":\"2019-07-11T11:26:24+00:00\",\"mainEntityOfPage\":{\"@id\":\"https:\/\/www.suno.com.br\/noticias\/ata-fed-diz-autoridades-bc-corte-juros-curto-prazo\/\"},\"wordCount\":366,\"publisher\":{\"@id\":\"https:\/\/www.suno.com.br\/noticias\/#organization\"},\"image\":{\"@id\":\"https:\/\/www.suno.com.br\/noticias\/ata-fed-diz-autoridades-bc-corte-juros-curto-prazo\/#primaryimage\"},\"thumbnailUrl\":\"https:\/\/files.sunoresearch.com.br\/n\/uploads\/2018\/11\/799e4fef-vice-presidente-do-fed-jpg.webp\",\"keywords\":[\"Donald Trump\",\"Federal Reserve (FED)\"],\"articleSection\":[\"Internacional\"],\"inLanguage\":\"pt-BR\"},{\"@type\":\"WebPage\",\"@id\":\"https:\/\/www.suno.com.br\/noticias\/ata-fed-diz-autoridades-bc-corte-juros-curto-prazo\/\",\"url\":\"https:\/\/www.suno.com.br\/noticias\/ata-fed-diz-autoridades-bc-corte-juros-curto-prazo\/\",\"name\":\"Fed: Ata diz que autoridades do BC viram corte de juros no curto prazo\",\"isPartOf\":{\"@id\":\"https:\/\/www.suno.com.br\/noticias\/#website\"},\"primaryImageOfPage\":{\"@id\":\"https:\/\/www.suno.com.br\/noticias\/ata-fed-diz-autoridades-bc-corte-juros-curto-prazo\/#primaryimage\"},\"image\":{\"@id\":\"https:\/\/www.suno.com.br\/noticias\/ata-fed-diz-autoridades-bc-corte-juros-curto-prazo\/#primaryimage\"},\"thumbnailUrl\":\"https:\/\/files.sunoresearch.com.br\/n\/uploads\/2018\/11\/799e4fef-vice-presidente-do-fed-jpg.webp\",\"datePublished\":\"2019-07-11T11:26:24+00:00\",\"description\":\"Autoridades do Fed disseram, em uma reuni\u00e3o, que novos incentivos ter\u00e3o que ser implantados \u00e0 economia global. Saiba mais.\",\"breadcrumb\":{\"@id\":\"https:\/\/www.suno.com.br\/noticias\/ata-fed-diz-autoridades-bc-corte-juros-curto-prazo\/#breadcrumb\"},\"inLanguage\":\"pt-BR\",\"potentialAction\":[{\"@type\":\"ReadAction\",\"target\":[\"https:\/\/www.suno.com.br\/noticias\/ata-fed-diz-autoridades-bc-corte-juros-curto-prazo\/\"]}]},{\"@type\":\"ImageObject\",\"inLanguage\":\"pt-BR\",\"@id\":\"https:\/\/www.suno.com.br\/noticias\/ata-fed-diz-autoridades-bc-corte-juros-curto-prazo\/#primaryimage\",\"url\":\"https:\/\/files.sunoresearch.com.br\/n\/uploads\/2018\/11\/799e4fef-vice-presidente-do-fed-jpg.webp\",\"contentUrl\":\"https:\/\/files.sunoresearch.com.br\/n\/uploads\/2018\/11\/799e4fef-vice-presidente-do-fed-jpg.webp\",\"width\":1920,\"height\":1280,\"caption\":\"Fed\"},{\"@type\":\"BreadcrumbList\",\"@id\":\"https:\/\/www.suno.com.br\/noticias\/ata-fed-diz-autoridades-bc-corte-juros-curto-prazo\/#breadcrumb\",\"itemListElement\":[{\"@type\":\"ListItem\",\"position\":1,\"name\":\"Not\u00edcias\",\"item\":\"https:\/\/www.suno.com.br\/noticias\/\"},{\"@type\":\"ListItem\",\"position\":2,\"name\":\"Internacional\",\"item\":\"https:\/\/www.suno.com.br\/noticias\/internacional\/\"},{\"@type\":\"ListItem\",\"position\":3,\"name\":\"Ata do Fed diz que autoridades do BC viram corte de juros no curto prazo\"}]},{\"@type\":\"WebSite\",\"@id\":\"https:\/\/www.suno.com.br\/noticias\/#website\",\"url\":\"https:\/\/www.suno.com.br\/noticias\/\",\"name\":\"Suno Not\u00edcias\",\"description\":\"Seu portal de informa\u00e7\u00e3o sobre o mundo dos investimentos\",\"publisher\":{\"@id\":\"https:\/\/www.suno.com.br\/noticias\/#organization\"},\"potentialAction\":[{\"@type\":\"SearchAction\",\"target\":{\"@type\":\"EntryPoint\",\"urlTemplate\":\"https:\/\/www.suno.com.br\/noticias\/?s={search_term_string}\"},\"query-input\":{\"@type\":\"PropertyValueSpecification\",\"valueRequired\":true,\"valueName\":\"search_term_string\"}}],\"inLanguage\":\"pt-BR\"},{\"@type\":\"Organization\",\"@id\":\"https:\/\/www.suno.com.br\/noticias\/#organization\",\"name\":\"Suno Not\u00edcias\",\"url\":\"https:\/\/www.suno.com.br\/noticias\/\",\"logo\":{\"@type\":\"ImageObject\",\"inLanguage\":\"pt-BR\",\"@id\":\"https:\/\/www.suno.com.br\/noticias\/#\/schema\/logo\/image\/\",\"url\":\"https:\/\/files.sunoresearch.com.br\/n\/uploads\/2021\/09\/suno-logo.png\",\"contentUrl\":\"https:\/\/files.sunoresearch.com.br\/n\/uploads\/2021\/09\/suno-logo.png\",\"width\":180,\"height\":180,\"caption\":\"Suno Not\u00edcias\"},\"image\":{\"@id\":\"https:\/\/www.suno.com.br\/noticias\/#\/schema\/logo\/image\/\"},\"sameAs\":[\"https:\/\/facebook.com\/sunoresearch\",\"https:\/\/x.com\/sunoresearch\",\"https:\/\/www.instagram.com\/suno\",\"https:\/\/www.linkedin.com\/company\/suno-research\/\",\"https:\/\/www.youtube.com\/c\/sunoresearch\"]},{\"@type\":\"Person\",\"@id\":\"https:\/\/www.suno.com.br\/noticias\/#\/schema\/person\/1db762f78ffd8919a648a63e425953e3\",\"name\":\"Juliano Passaro\",\"image\":{\"@type\":\"ImageObject\",\"inLanguage\":\"pt-BR\",\"@id\":\"https:\/\/www.suno.com.br\/noticias\/#\/schema\/person\/image\/\",\"url\":\"https:\/\/secure.gravatar.com\/avatar\/743d4df28eebf6dcc46b4ad03c319e92?s=96&r=g\",\"contentUrl\":\"https:\/\/secure.gravatar.com\/avatar\/743d4df28eebf6dcc46b4ad03c319e92?s=96&r=g\",\"caption\":\"Juliano Passaro\"},\"description\":\"Juliano Passaro escreve sobre pol\u00edtica, economia e neg\u00f3cios para o portal da Suno Research. Antes da Suno, trabalhou no Portal da Band. \u00c9 formado em jornalismo pela Universidade Presbiteriana Mackenzie.\",\"url\":\"https:\/\/www.suno.com.br\/noticias\/author\/juliano\/\"}]}<\/script>\n<!-- \/ Yoast SEO plugin. -->","yoast_head_json":{"title":"Fed: Ata diz que autoridades do BC viram corte de juros no curto prazo","description":"Autoridades do Fed disseram, em uma reuni\u00e3o, que novos incentivos ter\u00e3o que ser implantados \u00e0 economia global. Saiba mais.","robots":{"index":"index","follow":"follow","max-snippet":"max-snippet:-1","max-image-preview":"max-image-preview:large","max-video-preview":"max-video-preview:-1"},"canonical":"https:\/\/www.suno.com.br\/noticias\/ata-fed-diz-autoridades-bc-corte-juros-curto-prazo\/","og_locale":"pt_BR","og_type":"article","og_title":"Fed: Ata diz que autoridades do BC viram corte de juros no curto prazo","og_description":"Autoridades do Fed disseram, em uma reuni\u00e3o, que novos incentivos ter\u00e3o que ser implantados \u00e0 economia global. Saiba mais.","og_url":"https:\/\/www.suno.com.br\/noticias\/ata-fed-diz-autoridades-bc-corte-juros-curto-prazo\/","og_site_name":"Suno Not\u00edcias","article_publisher":"https:\/\/facebook.com\/sunoresearch","og_image":[{"width":1920,"height":1280,"url":"https:\/\/files.sunoresearch.com.br\/n\/uploads\/2018\/11\/799e4fef-vice-presidente-do-fed.jpg","type":"image\/jpeg"}],"author":"Juliano Passaro","twitter_card":"summary_large_image","twitter_creator":"@sunoresearch","twitter_site":"@sunoresearch","twitter_misc":{"Escrito por":"Juliano Passaro","Est. tempo de leitura":"2 minutos"},"schema":{"@context":"https:\/\/schema.org","@graph":[{"@type":"NewsArticle","@id":"https:\/\/www.suno.com.br\/noticias\/ata-fed-diz-autoridades-bc-corte-juros-curto-prazo\/#article","isPartOf":{"@id":"https:\/\/www.suno.com.br\/noticias\/ata-fed-diz-autoridades-bc-corte-juros-curto-prazo\/"},"author":{"name":"Juliano Passaro","@id":"https:\/\/www.suno.com.br\/noticias\/#\/schema\/person\/1db762f78ffd8919a648a63e425953e3"},"headline":"Ata do Fed diz que autoridades do BC viram corte de juros no curto prazo","datePublished":"2019-07-11T11:26:24+00:00","mainEntityOfPage":{"@id":"https:\/\/www.suno.com.br\/noticias\/ata-fed-diz-autoridades-bc-corte-juros-curto-prazo\/"},"wordCount":366,"publisher":{"@id":"https:\/\/www.suno.com.br\/noticias\/#organization"},"image":{"@id":"https:\/\/www.suno.com.br\/noticias\/ata-fed-diz-autoridades-bc-corte-juros-curto-prazo\/#primaryimage"},"thumbnailUrl":"https:\/\/files.sunoresearch.com.br\/n\/uploads\/2018\/11\/799e4fef-vice-presidente-do-fed-jpg.webp","keywords":["Donald Trump","Federal Reserve (FED)"],"articleSection":["Internacional"],"inLanguage":"pt-BR"},{"@type":"WebPage","@id":"https:\/\/www.suno.com.br\/noticias\/ata-fed-diz-autoridades-bc-corte-juros-curto-prazo\/","url":"https:\/\/www.suno.com.br\/noticias\/ata-fed-diz-autoridades-bc-corte-juros-curto-prazo\/","name":"Fed: Ata diz que autoridades do BC viram corte de juros no curto prazo","isPartOf":{"@id":"https:\/\/www.suno.com.br\/noticias\/#website"},"primaryImageOfPage":{"@id":"https:\/\/www.suno.com.br\/noticias\/ata-fed-diz-autoridades-bc-corte-juros-curto-prazo\/#primaryimage"},"image":{"@id":"https:\/\/www.suno.com.br\/noticias\/ata-fed-diz-autoridades-bc-corte-juros-curto-prazo\/#primaryimage"},"thumbnailUrl":"https:\/\/files.sunoresearch.com.br\/n\/uploads\/2018\/11\/799e4fef-vice-presidente-do-fed-jpg.webp","datePublished":"2019-07-11T11:26:24+00:00","description":"Autoridades do Fed disseram, em uma reuni\u00e3o, que novos incentivos ter\u00e3o que ser implantados \u00e0 economia global. Saiba mais.","breadcrumb":{"@id":"https:\/\/www.suno.com.br\/noticias\/ata-fed-diz-autoridades-bc-corte-juros-curto-prazo\/#breadcrumb"},"inLanguage":"pt-BR","potentialAction":[{"@type":"ReadAction","target":["https:\/\/www.suno.com.br\/noticias\/ata-fed-diz-autoridades-bc-corte-juros-curto-prazo\/"]}]},{"@type":"ImageObject","inLanguage":"pt-BR","@id":"https:\/\/www.suno.com.br\/noticias\/ata-fed-diz-autoridades-bc-corte-juros-curto-prazo\/#primaryimage","url":"https:\/\/files.sunoresearch.com.br\/n\/uploads\/2018\/11\/799e4fef-vice-presidente-do-fed-jpg.webp","contentUrl":"https:\/\/files.sunoresearch.com.br\/n\/uploads\/2018\/11\/799e4fef-vice-presidente-do-fed-jpg.webp","width":1920,"height":1280,"caption":"Fed"},{"@type":"BreadcrumbList","@id":"https:\/\/www.suno.com.br\/noticias\/ata-fed-diz-autoridades-bc-corte-juros-curto-prazo\/#breadcrumb","itemListElement":[{"@type":"ListItem","position":1,"name":"Not\u00edcias","item":"https:\/\/www.suno.com.br\/noticias\/"},{"@type":"ListItem","position":2,"name":"Internacional","item":"https:\/\/www.suno.com.br\/noticias\/internacional\/"},{"@type":"ListItem","position":3,"name":"Ata do Fed diz que autoridades do BC viram corte de juros no curto prazo"}]},{"@type":"WebSite","@id":"https:\/\/www.suno.com.br\/noticias\/#website","url":"https:\/\/www.suno.com.br\/noticias\/","name":"Suno Not\u00edcias","description":"Seu portal de informa\u00e7\u00e3o sobre o mundo dos investimentos","publisher":{"@id":"https:\/\/www.suno.com.br\/noticias\/#organization"},"potentialAction":[{"@type":"SearchAction","target":{"@type":"EntryPoint","urlTemplate":"https:\/\/www.suno.com.br\/noticias\/?s={search_term_string}"},"query-input":{"@type":"PropertyValueSpecification","valueRequired":true,"valueName":"search_term_string"}}],"inLanguage":"pt-BR"},{"@type":"Organization","@id":"https:\/\/www.suno.com.br\/noticias\/#organization","name":"Suno Not\u00edcias","url":"https:\/\/www.suno.com.br\/noticias\/","logo":{"@type":"ImageObject","inLanguage":"pt-BR","@id":"https:\/\/www.suno.com.br\/noticias\/#\/schema\/logo\/image\/","url":"https:\/\/files.sunoresearch.com.br\/n\/uploads\/2021\/09\/suno-logo.png","contentUrl":"https:\/\/files.sunoresearch.com.br\/n\/uploads\/2021\/09\/suno-logo.png","width":180,"height":180,"caption":"Suno Not\u00edcias"},"image":{"@id":"https:\/\/www.suno.com.br\/noticias\/#\/schema\/logo\/image\/"},"sameAs":["https:\/\/facebook.com\/sunoresearch","https:\/\/x.com\/sunoresearch","https:\/\/www.instagram.com\/suno","https:\/\/www.linkedin.com\/company\/suno-research\/","https:\/\/www.youtube.com\/c\/sunoresearch"]},{"@type":"Person","@id":"https:\/\/www.suno.com.br\/noticias\/#\/schema\/person\/1db762f78ffd8919a648a63e425953e3","name":"Juliano Passaro","image":{"@type":"ImageObject","inLanguage":"pt-BR","@id":"https:\/\/www.suno.com.br\/noticias\/#\/schema\/person\/image\/","url":"https:\/\/secure.gravatar.com\/avatar\/743d4df28eebf6dcc46b4ad03c319e92?s=96&r=g","contentUrl":"https:\/\/secure.gravatar.com\/avatar\/743d4df28eebf6dcc46b4ad03c319e92?s=96&r=g","caption":"Juliano Passaro"},"description":"Juliano Passaro escreve sobre pol\u00edtica, economia e neg\u00f3cios para o portal da Suno Research. Antes da Suno, trabalhou no Portal da Band. \u00c9 formado em jornalismo pela Universidade Presbiteriana Mackenzie.","url":"https:\/\/www.suno.com.br\/noticias\/author\/juliano\/"}]}},"default_loop_html":"<div class=\"cardsPage__listCard__boxs\"><div class=\"cardsPage__listCard__boxs__img\"><a href=\"https:\/\/www.suno.com.br\/noticias\/ata-fed-diz-autoridades-bc-corte-juros-curto-prazo\/\"><img class=\"mask\" src=\"https:\/\/www.suno.com.br\/noticias\/wp-content\/themes\/suno\/resources\/images\/spotlight\/spotlight1img\/bg-mask.png\" alt=\"Image Mask\"\/><img src=\"https:\/\/files.sunoresearch.com.br\/n\/uploads\/2018\/11\/799e4fef-vice-presidente-do-fed-400x200.webp\" alt=\"Ata do Fed diz que autoridades do BC viram corte de juros no curto prazo\"\/><\/a><span class=\"spotlightCategory\"><a href=\"https:\/\/www.suno.com.br\/noticias\/internacional\/\">Internacional<\/a><\/span><\/div><div class=\"cardsPage__listCard__boxs__content\"><a href=\"https:\/\/www.suno.com.br\/noticias\/ata-fed-diz-autoridades-bc-corte-juros-curto-prazo\/\"><h2 class=\"content__title\">Ata do Fed diz que autoridades do BC viram corte de juros no curto prazo<\/h2><\/a><div class=\"newsContent__article__meta\"><div class=\"newsContent__article__meta__authorBox\"><a href=\"https:\/\/www.suno.com.br\/noticias\/author\/juliano\/\" class=\"authorBox__avatar noMobi\"><img src=\"https:\/\/files.sunoresearch.com.br\/n\/uploads\/2019\/06\/7cc3efea-whatsapp-image-2019-07-18-at-21.59.33-e1563499821209-150x150.webp\" alt=\"Juliano Passaro\"><\/a><div class=\"authorBox__name\"><span>por\n\t\t\t<a href=\"https:\/\/www.suno.com.br\/noticias\/author\/juliano\/\"><span itemprop=\"author\">Juliano Passaro<\/span><\/a><\/span><time datetime=\"2019-07-11T08:26:24-03:00\" itemprop=\"datePublished\">11\/07\/2019 08:26<\/time><\/div><\/div><\/div><\/div><\/div>","single_layout":"posts","amp_enabled":true,"_links":{"self":[{"href":"https:\/\/www.suno.com.br\/noticias\/wp-json\/wp\/v2\/posts\/30684"}],"collection":[{"href":"https:\/\/www.suno.com.br\/noticias\/wp-json\/wp\/v2\/posts"}],"about":[{"href":"https:\/\/www.suno.com.br\/noticias\/wp-json\/wp\/v2\/types\/post"}],"author":[{"embeddable":true,"href":"https:\/\/www.suno.com.br\/noticias\/wp-json\/wp\/v2\/users\/19"}],"replies":[{"embeddable":true,"href":"https:\/\/www.suno.com.br\/noticias\/wp-json\/wp\/v2\/comments?post=30684"}],"version-history":[{"count":0,"href":"https:\/\/www.suno.com.br\/noticias\/wp-json\/wp\/v2\/posts\/30684\/revisions"}],"wp:featuredmedia":[{"embeddable":true,"href":"https:\/\/www.suno.com.br\/noticias\/wp-json\/wp\/v2\/media\/6407"}],"wp:attachment":[{"href":"https:\/\/www.suno.com.br\/noticias\/wp-json\/wp\/v2\/media?parent=30684"}],"wp:term":[{"taxonomy":"category","embeddable":true,"href":"https:\/\/www.suno.com.br\/noticias\/wp-json\/wp\/v2\/categories?post=30684"},{"taxonomy":"post_tag","embeddable":true,"href":"https:\/\/www.suno.com.br\/noticias\/wp-json\/wp\/v2\/tags?post=30684"},{"taxonomy":"suno_strategy","embeddable":true,"href":"https:\/\/www.suno.com.br\/noticias\/wp-json\/wp\/v2\/suno_strategy?post=30684"}],"curies":[{"name":"wp","href":"https:\/\/api.w.org\/{rel}","templated":true}]}}