{"id":30647,"date":"2019-07-10T17:51:18","date_gmt":"2019-07-10T20:51:18","guid":{"rendered":"https:\/\/www.suno.com.br\/noticias\/?p=30647"},"modified":"2021-06-13T23:42:52","modified_gmt":"2021-06-14T02:42:52","slug":"ibovespa-fechamento-10072019","status":"publish","type":"post","link":"https:\/\/www.suno.com.br\/noticias\/ibovespa-fechamento-10072019\/","title":{"rendered":"Ibovespa encerra com 105 mil pontos com Previd\u00eancia no plen\u00e1rio"},"content":{"rendered":"<p>Com o in\u00edcio da sess\u00e3o de vota\u00e7\u00e3o da <strong>reforma da Previd\u00eancia<\/strong> no plen\u00e1rio da C\u00e2mara dos Deputados, o Ibovespa atingiu um novo marco hist\u00f3rico, e encerrou esta quarta-feira (10) com alta de\u00a01,23% e\u00a0105.817,06 pontos.<\/p>\t<div class=\"wrapper-featured-image\">\n\t\t<figure class=\"spotlightImg\">\n\n\t\t\t<picture>\n\t\t\t\t<source media=\"(max-width: 768px)\" srcset=\"https:\/\/files.sunoresearch.com.br\/n\/uploads\/2018\/12\/835b2d22-ibovespa-400x200.webp\">\n\t\t\t\t<img loading=\"lazy\" decoding=\"async\" class=\"newsContent__article__imgCapa lazyloadDisabled newsContent__article__imgCapa--noCaption\" src=\"https:\/\/files.sunoresearch.com.br\/n\/uploads\/2018\/12\/835b2d22-ibovespa-800x450.webp\" width=\"800\" height=\"450\" alt=\"Ibovespa encerra com 105 mil pontos com Previd\u00eancia no plen\u00e1rio\" fetchpriority=high \/>\n\t\t\t<\/picture>\n\n\t\t\t<figcaption class=\"wp-caption-text wp-caption-text--hide\">O Ibovespa ampliou os ganhos dos \u00faltimas dias e fechou em alta, puxado pelos bancos<\/figcaption>\n\t\t<\/figure>\n\t<\/div>\n\n\n<p>O cen\u00e1rio externo \u00e9 neutro para o <strong>Ibovespa<\/strong>, com o discurso do presidente do <strong>Federal Reserve<\/strong> (Fed), Jerome Powell, referente \u00e0 pol\u00edtica monet\u00e1ria do pa\u00eds. Powell deixou em aberto a possibilidade de reduzir os juros da economia norte-americana.<\/p>\n<p><iframe loading=\"lazy\" title=\"?Reforma da previd\u00eancia \u00e9 votada na C\u00e2mara e Ibovespa bate recorde\" width=\"200\" height=\"113\" src=\"https:\/\/www.youtube.com\/embed\/2HpX403n8nA?feature=oembed\" frameborder=\"0\" allow=\"accelerometer; autoplay; encrypted-media; gyroscope; picture-in-picture\" allowfullscreen><\/iframe><\/p>\n<p>A pontua\u00e7\u00e3o m\u00ednima do <strong>Ibovespa<\/strong> foi de\u00a0104.536,70 pontos e a m\u00e1xima de 106.650,12 pontos.<\/p>\n<h2>Vota\u00e7\u00e3o em plen\u00e1rio da reforma da Previd\u00eancia alavanca Ibovespa<\/h2>\n<p>A <strong>vota\u00e7\u00e3o<\/strong> da reforma da Previd\u00eancia em <strong>plen\u00e1rio<\/strong> na C\u00e2mara ter\u00e1 in\u00edcio nesta data. A sess\u00e3o come\u00e7ou por volta das 10h30 (hor\u00e1rio de Bras\u00edlia), e at\u00e9 o fechamento do preg\u00e3o os parlamentares ainda n\u00e3o tinham iniciado a vota\u00e7\u00e3o propriamente dita. Este \u00e9 o\u00a01\u00ba turno.<\/p>\n<p>S\u00e3o necess\u00e1rios 308 votos em dois turnos para a aprova\u00e7\u00e3o da Proposta de Emenda Constitucional (PEC). No total s\u00e3o 513 deputados.<\/p>\n\t<p>\n\t\t<a href=\"https:\/\/lp.suno.com.br\/ebook-como-analisar-uma-acao\/\" target=\"_blank\" data-element=\"shortcode-suno-banner\" title=\"Banner SUNO, clique e saiba mais\">\n\t\t\t<picture>\n\t\t\t\t<source media=\"(max-width: 500px)\" srcset=\"https:\/\/files.sunoresearch.com.br\/n\/uploads\/2023\/03\/Ebook-Acoes-Mobile.jpg\">\n\t\t\t\t<img class=\"newsContent__article__imgCapa newsContent__article__imgCapa--banner\"\n\t\t\t\t\tsrc=\"https:\/\/files.sunoresearch.com.br\/n\/uploads\/2023\/03\/Ebook-Acoes-Desktop.jpg\"\n\t\t\t\t\tdata-promo-id=\"378302\"\t\t\t\t\t\t\t\t\t\twidth='1420' height='286'\t\t\t\t\talt=\"https:\/\/files.sunoresearch.com.br\/n\/uploads\/2023\/03\/Ebook-Acoes-Desktop.jpg\"\n\t\t\t\t>\n\t\t\t<\/picture>\n\t\t<\/a>\n\t<\/p>\n\n\n<p>Mais cedo, o\u00a0ministro-chefe da Casa Civil, Onyx Lorenzoni, palpitou que ser\u00e3o\u00a0entre 348 a 355 votos a favor da reforma da Previd\u00eancia. &#8220;Essa \u00e9 minha expectativa&#8221;, disse Onyx.<\/p>\n<p><a href=\"https:\/\/www.suno.com.br\/noticias\/policiais-normas-moderadas-reforma-previdencia\/\">Saiba mais &#8211;\u00a0Policiais ter\u00e3o normas mais moderadas com a reforma da Previd\u00eancia<\/a><\/p>\n<h2>Presidente do Fed deixa em aberto redu\u00e7\u00e3o de juros b\u00e1sicos<\/h2>\n<p>O presidente do <a href=\"https:\/\/www.suno.com.br\/artigos\/fed\/\">Federal Reserve<\/a> (Fed), <a href=\"https:\/\/www.suno.com.br\/tudo-sobre\/jerome-powell\/\">Jerome Powell<\/a>, discursou no Congresso norte-americano nesta quarta-feira. O l\u00edder do banco central dos Estados Unidos deixou em aberto a possibilidade de reduzir a taxa b\u00e1sica de <strong>juros<\/strong> do pa\u00eds.<\/p>\n<p>Powell declarou que integrantes do <strong>Fed<\/strong> acreditam que em junho as raz\u00f5es para a redu\u00e7\u00e3o dos juros foram \u201cfortalecidas\u201d devido \u00e0s crescentes \u201cmar\u00e9s de baixa\u201d na economia.<\/p>\n\t<p>\n\t\t<a href=\"https:\/\/lp.suno.com.br\/minicurso-contabilidade\/\" target=\"_blank\" data-element=\"shortcode-suno-banner\" title=\"Banner SUNO, clique e saiba mais\">\n\t\t\t<picture>\n\t\t\t\t<source media=\"(max-width: 500px)\" srcset=\"https:\/\/files.sunoresearch.com.br\/n\/uploads\/2023\/03\/400x300-Minicurso-Contabilidade.png\">\n\t\t\t\t<img class=\"newsContent__article__imgCapa newsContent__article__imgCapa--banner\"\n\t\t\t\t\tsrc=\"https:\/\/files.sunoresearch.com.br\/n\/uploads\/2023\/03\/1420x240-Minicurso-Contabilidade.png\"\n\t\t\t\t\tdata-promo-id=\"383158\"\t\t\t\t\t\t\t\t\t\twidth='1420' height='240'\t\t\t\t\talt=\"https:\/\/files.sunoresearch.com.br\/n\/uploads\/2023\/03\/1420x240-Minicurso-Contabilidade.png\"\n\t\t\t\t>\n\t\t\t<\/picture>\n\t\t<\/a>\n\t<\/p>\n\n\n<h2>IPCA em junho<\/h2>\n<p>O Instituto Brasileiro de Geografia e Estat\u00edstica (<strong>IBGE<\/strong>), divulgou nesta quarta-feira (10), o <a href=\"https:\/\/www.suno.com.br\/artigos\/ipca\/\">\u00cdndice Nacional de Pre\u00e7os Consumidor Amplo<\/a> (<strong>IPCA<\/strong>) registrou 0,01% em junho.<\/p>\n<p>O indicador representa a <a href=\"https:\/\/www.suno.com.br\/artigos\/inflacao\/\">infla\u00e7\u00e3o<\/a> oficial do Pa\u00eds. De acordo com o IBGE, essa \u00e9 a menor taxa de 2019.<\/p>\n<h2>Gol e Latam levam ativos em leil\u00e3o da Avianca<\/h2>\n<p>O <strong>leil\u00e3o<\/strong> de ativos da Avianca Brasil obteve tr\u00eas Unidades Produtivas Isoladas (UPIs) adquiridas pela <strong>Gol<\/strong> (GOLL4), duas pela <strong>Latam<\/strong> e outras duas n\u00e3o tiveram compradores.<\/p>\n<p>Apenas a Gol e a Latam participaram do leil\u00e3o. A <strong>Azul<\/strong> (AZUL4) j\u00e1 havia negado presen\u00e7a no certame \u201cpor n\u00e3o acreditar na legitimidade do processo\u201d.<\/p>\n<p><a href=\"https:\/\/www.suno.com.br\/noticias\/gol-latam-leilao-avianca-resultado\/\">Saiba mais &#8211;\u00a0Gol leva tr\u00eas lotes e Latam leva dois lotes do leil\u00e3o da Avianca<\/a><\/p>\n<h2>Bolsas internacionais<\/h2>\n<ul>\n<li>Nasdaq (Estados Unidos): alta de 0,75%<\/li>\n<li>FTSE 100 (Reino Unido): queda de 0,08%<\/li>\n<li>Nikkei (Jap\u00e3o): queda de 0,15%<\/li>\n<li>CAC40 (Fran\u00e7a): queda de 0,08%<\/li>\n<\/ul>\n<h2>Maiores altas do Ibovespa<\/h2>\n<ul>\n<li>BTOW3 alta de 7,51% (R$ 39,21)<\/li>\n<li>IRBR3 alta\u00a0de 6,79% (R$ 101,45)<\/li>\n<li>CVCB3 alta\u00a0de 6,56% (R$ 52,30)<\/li>\n<li>UGPA3 alta\u00a0de 5,84% (R$ 20,85)<\/li>\n<li>WEGE3 alta\u00a0de 5,15% (R$ 23,69)<\/li>\n<\/ul>\n<h2>Maiores quedas do Ibovespa<\/h2>\n<ul>\n<li>SUZB3 queda de 3,23% (R$ 31,50)<\/li>\n<li>QUAL3 queda de 1,6% (R$ 23,40)<\/li>\n<li>BBAS3 queda de 1,26% (R$ 54,26)<\/li>\n<li>BRKM5 queda de\u00a01,02% (R$ 36,94)<\/li>\n<li>USIM5 queda de 0,93% (R$ 9,56)<\/li>\n<\/ul>\n","protected":false},"excerpt":{"rendered":"<p>Com o in\u00edcio da sess\u00e3o de vota\u00e7\u00e3o da reforma da Previd\u00eancia no plen\u00e1rio da C\u00e2mara dos Deputados, o Ibovespa atingiu um novo marco hist\u00f3rico, e encerrou esta quarta-feira (10) com alta de\u00a01,23% e\u00a0105.817,06 pontos. O Ibovespa ampliou os ganhos dos \u00faltimas dias e fechou em alta, puxado pelos bancos O cen\u00e1rio externo \u00e9 neutro para [&hellip;]<\/p>\n","protected":false},"author":12,"featured_media":7981,"comment_status":"closed","ping_status":"closed","sticky":false,"template":"","format":"standard","meta":[],"categories":[60],"tags":[793,776,721,940],"suno_strategy":[],"class_list":["post-30647","post","type-post","status-publish","format-standard","has-post-thumbnail","hentry","category-mercado","tag-estados-unidos-eua","tag-federal-reseve-fed","tag-ibovespa","tag-reforma-da-previdencia"],"yoast_head":"<!-- This site is optimized with the Yoast SEO plugin v24.4 - https:\/\/yoast.com\/wordpress\/plugins\/seo\/ -->\n<title>Ibovespa encerra com 105 mil pontos com Previd\u00eancia no plen\u00e1rio<\/title>\n<meta name=\"description\" content=\"O Ibovespa encerrou com mais de 105 mil pontos, com a vota\u00e7\u00e3o da reforma da Previd\u00eancia no plen\u00e1rio. Clique para saber mais.\" \/>\n<meta name=\"robots\" content=\"index, follow, max-snippet:-1, max-image-preview:large, max-video-preview:-1\" \/>\n<link rel=\"canonical\" href=\"https:\/\/www.suno.com.br\/noticias\/ibovespa-fechamento-10072019\/\" \/>\n<meta property=\"og:locale\" content=\"pt_BR\" \/>\n<meta property=\"og:type\" content=\"article\" \/>\n<meta property=\"og:title\" content=\"Ibovespa encerra com 105 mil pontos com Previd\u00eancia no plen\u00e1rio\" \/>\n<meta property=\"og:description\" content=\"O Ibovespa encerrou com mais de 105 mil pontos, com a vota\u00e7\u00e3o da reforma da Previd\u00eancia no plen\u00e1rio. Clique para saber mais.\" \/>\n<meta property=\"og:url\" content=\"https:\/\/www.suno.com.br\/noticias\/ibovespa-fechamento-10072019\/\" \/>\n<meta property=\"og:site_name\" content=\"Suno Not\u00edcias\" \/>\n<meta property=\"article:publisher\" content=\"https:\/\/facebook.com\/sunoresearch\" \/>\n<meta property=\"og:image\" content=\"https:\/\/files.sunoresearch.com.br\/n\/uploads\/2018\/12\/835b2d22-ibovespa.jpg\" \/>\n\t<meta property=\"og:image:width\" content=\"960\" \/>\n\t<meta property=\"og:image:height\" content=\"678\" \/>\n\t<meta property=\"og:image:type\" content=\"image\/jpeg\" \/>\n<meta name=\"author\" content=\"Amanda Gushiken\" \/>\n<meta name=\"twitter:card\" content=\"summary_large_image\" \/>\n<meta name=\"twitter:creator\" content=\"@sunoresearch\" \/>\n<meta name=\"twitter:site\" content=\"@sunoresearch\" \/>\n<meta name=\"twitter:label1\" content=\"Escrito por\" \/>\n\t<meta name=\"twitter:data1\" content=\"Amanda Gushiken\" \/>\n\t<meta name=\"twitter:label2\" content=\"Est. tempo de leitura\" \/>\n\t<meta name=\"twitter:data2\" content=\"3 minutos\" \/>\n<script type=\"application\/ld+json\" class=\"yoast-schema-graph\">{\"@context\":\"https:\/\/schema.org\",\"@graph\":[{\"@type\":\"NewsArticle\",\"@id\":\"https:\/\/www.suno.com.br\/noticias\/ibovespa-fechamento-10072019\/#article\",\"isPartOf\":{\"@id\":\"https:\/\/www.suno.com.br\/noticias\/ibovespa-fechamento-10072019\/\"},\"author\":{\"name\":\"Amanda Gushiken\",\"@id\":\"https:\/\/www.suno.com.br\/noticias\/#\/schema\/person\/a5b06fa4e879d8e8e119c6ed3cd630d1\"},\"headline\":\"Ibovespa encerra com 105 mil pontos com Previd\u00eancia no plen\u00e1rio\",\"datePublished\":\"2019-07-10T20:51:18+00:00\",\"dateModified\":\"2021-06-14T02:42:52+00:00\",\"mainEntityOfPage\":{\"@id\":\"https:\/\/www.suno.com.br\/noticias\/ibovespa-fechamento-10072019\/\"},\"wordCount\":541,\"publisher\":{\"@id\":\"https:\/\/www.suno.com.br\/noticias\/#organization\"},\"image\":{\"@id\":\"https:\/\/www.suno.com.br\/noticias\/ibovespa-fechamento-10072019\/#primaryimage\"},\"thumbnailUrl\":\"https:\/\/files.sunoresearch.com.br\/n\/uploads\/2018\/12\/835b2d22-ibovespa-jpg.webp\",\"keywords\":[\"Estados Unidos (EUA)\",\"Federal Reserve (FED)\",\"Ibovespa\",\"Reforma da Previd\u00eancia\"],\"articleSection\":[\"Mercado\"],\"inLanguage\":\"pt-BR\"},{\"@type\":\"WebPage\",\"@id\":\"https:\/\/www.suno.com.br\/noticias\/ibovespa-fechamento-10072019\/\",\"url\":\"https:\/\/www.suno.com.br\/noticias\/ibovespa-fechamento-10072019\/\",\"name\":\"Ibovespa encerra com 105 mil pontos com Previd\u00eancia no plen\u00e1rio\",\"isPartOf\":{\"@id\":\"https:\/\/www.suno.com.br\/noticias\/#website\"},\"primaryImageOfPage\":{\"@id\":\"https:\/\/www.suno.com.br\/noticias\/ibovespa-fechamento-10072019\/#primaryimage\"},\"image\":{\"@id\":\"https:\/\/www.suno.com.br\/noticias\/ibovespa-fechamento-10072019\/#primaryimage\"},\"thumbnailUrl\":\"https:\/\/files.sunoresearch.com.br\/n\/uploads\/2018\/12\/835b2d22-ibovespa-jpg.webp\",\"datePublished\":\"2019-07-10T20:51:18+00:00\",\"dateModified\":\"2021-06-14T02:42:52+00:00\",\"description\":\"O Ibovespa encerrou com mais de 105 mil pontos, com a vota\u00e7\u00e3o da reforma da Previd\u00eancia no plen\u00e1rio. Clique para saber mais.\",\"breadcrumb\":{\"@id\":\"https:\/\/www.suno.com.br\/noticias\/ibovespa-fechamento-10072019\/#breadcrumb\"},\"inLanguage\":\"pt-BR\",\"potentialAction\":[{\"@type\":\"ReadAction\",\"target\":[\"https:\/\/www.suno.com.br\/noticias\/ibovespa-fechamento-10072019\/\"]}]},{\"@type\":\"ImageObject\",\"inLanguage\":\"pt-BR\",\"@id\":\"https:\/\/www.suno.com.br\/noticias\/ibovespa-fechamento-10072019\/#primaryimage\",\"url\":\"https:\/\/files.sunoresearch.com.br\/n\/uploads\/2018\/12\/835b2d22-ibovespa-jpg.webp\",\"contentUrl\":\"https:\/\/files.sunoresearch.com.br\/n\/uploads\/2018\/12\/835b2d22-ibovespa-jpg.webp\",\"width\":960,\"height\":678,\"caption\":\"O Ibovespa ampliou os ganhos dos \u00faltimas dias e fechou em alta, puxado pelos bancos\"},{\"@type\":\"BreadcrumbList\",\"@id\":\"https:\/\/www.suno.com.br\/noticias\/ibovespa-fechamento-10072019\/#breadcrumb\",\"itemListElement\":[{\"@type\":\"ListItem\",\"position\":1,\"name\":\"Not\u00edcias\",\"item\":\"https:\/\/www.suno.com.br\/noticias\/\"},{\"@type\":\"ListItem\",\"position\":2,\"name\":\"Mercado\",\"item\":\"https:\/\/www.suno.com.br\/noticias\/mercado\/\"},{\"@type\":\"ListItem\",\"position\":3,\"name\":\"Ibovespa encerra com 105 mil pontos com Previd\u00eancia no plen\u00e1rio\"}]},{\"@type\":\"WebSite\",\"@id\":\"https:\/\/www.suno.com.br\/noticias\/#website\",\"url\":\"https:\/\/www.suno.com.br\/noticias\/\",\"name\":\"Suno Not\u00edcias\",\"description\":\"Seu portal de informa\u00e7\u00e3o sobre o mundo dos investimentos\",\"publisher\":{\"@id\":\"https:\/\/www.suno.com.br\/noticias\/#organization\"},\"potentialAction\":[{\"@type\":\"SearchAction\",\"target\":{\"@type\":\"EntryPoint\",\"urlTemplate\":\"https:\/\/www.suno.com.br\/noticias\/?s={search_term_string}\"},\"query-input\":{\"@type\":\"PropertyValueSpecification\",\"valueRequired\":true,\"valueName\":\"search_term_string\"}}],\"inLanguage\":\"pt-BR\"},{\"@type\":\"Organization\",\"@id\":\"https:\/\/www.suno.com.br\/noticias\/#organization\",\"name\":\"Suno Not\u00edcias\",\"url\":\"https:\/\/www.suno.com.br\/noticias\/\",\"logo\":{\"@type\":\"ImageObject\",\"inLanguage\":\"pt-BR\",\"@id\":\"https:\/\/www.suno.com.br\/noticias\/#\/schema\/logo\/image\/\",\"url\":\"https:\/\/files.sunoresearch.com.br\/n\/uploads\/2021\/09\/suno-logo.png\",\"contentUrl\":\"https:\/\/files.sunoresearch.com.br\/n\/uploads\/2021\/09\/suno-logo.png\",\"width\":180,\"height\":180,\"caption\":\"Suno Not\u00edcias\"},\"image\":{\"@id\":\"https:\/\/www.suno.com.br\/noticias\/#\/schema\/logo\/image\/\"},\"sameAs\":[\"https:\/\/facebook.com\/sunoresearch\",\"https:\/\/x.com\/sunoresearch\",\"https:\/\/www.instagram.com\/suno\",\"https:\/\/www.linkedin.com\/company\/suno-research\/\",\"https:\/\/www.youtube.com\/c\/sunoresearch\"]},{\"@type\":\"Person\",\"@id\":\"https:\/\/www.suno.com.br\/noticias\/#\/schema\/person\/a5b06fa4e879d8e8e119c6ed3cd630d1\",\"name\":\"Amanda Gushiken\",\"image\":{\"@type\":\"ImageObject\",\"inLanguage\":\"pt-BR\",\"@id\":\"https:\/\/www.suno.com.br\/noticias\/#\/schema\/person\/image\/\",\"url\":\"https:\/\/secure.gravatar.com\/avatar\/ecd84705e6b65e3685ae80d725501fbe?s=96&r=g\",\"contentUrl\":\"https:\/\/secure.gravatar.com\/avatar\/ecd84705e6b65e3685ae80d725501fbe?s=96&r=g\",\"caption\":\"Amanda Gushiken\"},\"description\":\"Amanda Sayuri Gushiken escreve sobre finan\u00e7as e neg\u00f3cios para o portal Suno Not\u00edcias. Antes, trabalhou selecionando not\u00edcias da imprensa para clientes do mercado financeiro. Tamb\u00e9m desenvolveu pesquisa acad\u00eamica pela Universidade Anhembi Morumbi na \u00e1rea de Teorias da Comunica\u00e7\u00e3o e \u00e9 fot\u00f3grafa nas horas vagas.\",\"url\":\"https:\/\/www.suno.com.br\/noticias\/author\/amanda\/\"}]}<\/script>\n<!-- \/ Yoast SEO plugin. -->","yoast_head_json":{"title":"Ibovespa encerra com 105 mil pontos com Previd\u00eancia no plen\u00e1rio","description":"O Ibovespa encerrou com mais de 105 mil pontos, com a vota\u00e7\u00e3o da reforma da Previd\u00eancia no plen\u00e1rio. Clique para saber mais.","robots":{"index":"index","follow":"follow","max-snippet":"max-snippet:-1","max-image-preview":"max-image-preview:large","max-video-preview":"max-video-preview:-1"},"canonical":"https:\/\/www.suno.com.br\/noticias\/ibovespa-fechamento-10072019\/","og_locale":"pt_BR","og_type":"article","og_title":"Ibovespa encerra com 105 mil pontos com Previd\u00eancia no plen\u00e1rio","og_description":"O Ibovespa encerrou com mais de 105 mil pontos, com a vota\u00e7\u00e3o da reforma da Previd\u00eancia no plen\u00e1rio. Clique para saber mais.","og_url":"https:\/\/www.suno.com.br\/noticias\/ibovespa-fechamento-10072019\/","og_site_name":"Suno Not\u00edcias","article_publisher":"https:\/\/facebook.com\/sunoresearch","og_image":[{"width":960,"height":678,"url":"https:\/\/files.sunoresearch.com.br\/n\/uploads\/2018\/12\/835b2d22-ibovespa.jpg","type":"image\/jpeg"}],"author":"Amanda Gushiken","twitter_card":"summary_large_image","twitter_creator":"@sunoresearch","twitter_site":"@sunoresearch","twitter_misc":{"Escrito por":"Amanda Gushiken","Est. tempo de leitura":"3 minutos"},"schema":{"@context":"https:\/\/schema.org","@graph":[{"@type":"NewsArticle","@id":"https:\/\/www.suno.com.br\/noticias\/ibovespa-fechamento-10072019\/#article","isPartOf":{"@id":"https:\/\/www.suno.com.br\/noticias\/ibovespa-fechamento-10072019\/"},"author":{"name":"Amanda Gushiken","@id":"https:\/\/www.suno.com.br\/noticias\/#\/schema\/person\/a5b06fa4e879d8e8e119c6ed3cd630d1"},"headline":"Ibovespa encerra com 105 mil pontos com Previd\u00eancia no plen\u00e1rio","datePublished":"2019-07-10T20:51:18+00:00","dateModified":"2021-06-14T02:42:52+00:00","mainEntityOfPage":{"@id":"https:\/\/www.suno.com.br\/noticias\/ibovespa-fechamento-10072019\/"},"wordCount":541,"publisher":{"@id":"https:\/\/www.suno.com.br\/noticias\/#organization"},"image":{"@id":"https:\/\/www.suno.com.br\/noticias\/ibovespa-fechamento-10072019\/#primaryimage"},"thumbnailUrl":"https:\/\/files.sunoresearch.com.br\/n\/uploads\/2018\/12\/835b2d22-ibovespa-jpg.webp","keywords":["Estados Unidos (EUA)","Federal Reserve (FED)","Ibovespa","Reforma da Previd\u00eancia"],"articleSection":["Mercado"],"inLanguage":"pt-BR"},{"@type":"WebPage","@id":"https:\/\/www.suno.com.br\/noticias\/ibovespa-fechamento-10072019\/","url":"https:\/\/www.suno.com.br\/noticias\/ibovespa-fechamento-10072019\/","name":"Ibovespa encerra com 105 mil pontos com Previd\u00eancia no plen\u00e1rio","isPartOf":{"@id":"https:\/\/www.suno.com.br\/noticias\/#website"},"primaryImageOfPage":{"@id":"https:\/\/www.suno.com.br\/noticias\/ibovespa-fechamento-10072019\/#primaryimage"},"image":{"@id":"https:\/\/www.suno.com.br\/noticias\/ibovespa-fechamento-10072019\/#primaryimage"},"thumbnailUrl":"https:\/\/files.sunoresearch.com.br\/n\/uploads\/2018\/12\/835b2d22-ibovespa-jpg.webp","datePublished":"2019-07-10T20:51:18+00:00","dateModified":"2021-06-14T02:42:52+00:00","description":"O Ibovespa encerrou com mais de 105 mil pontos, com a vota\u00e7\u00e3o da reforma da Previd\u00eancia no plen\u00e1rio. Clique para saber mais.","breadcrumb":{"@id":"https:\/\/www.suno.com.br\/noticias\/ibovespa-fechamento-10072019\/#breadcrumb"},"inLanguage":"pt-BR","potentialAction":[{"@type":"ReadAction","target":["https:\/\/www.suno.com.br\/noticias\/ibovespa-fechamento-10072019\/"]}]},{"@type":"ImageObject","inLanguage":"pt-BR","@id":"https:\/\/www.suno.com.br\/noticias\/ibovespa-fechamento-10072019\/#primaryimage","url":"https:\/\/files.sunoresearch.com.br\/n\/uploads\/2018\/12\/835b2d22-ibovespa-jpg.webp","contentUrl":"https:\/\/files.sunoresearch.com.br\/n\/uploads\/2018\/12\/835b2d22-ibovespa-jpg.webp","width":960,"height":678,"caption":"O Ibovespa ampliou os ganhos dos \u00faltimas dias e fechou em alta, puxado pelos bancos"},{"@type":"BreadcrumbList","@id":"https:\/\/www.suno.com.br\/noticias\/ibovespa-fechamento-10072019\/#breadcrumb","itemListElement":[{"@type":"ListItem","position":1,"name":"Not\u00edcias","item":"https:\/\/www.suno.com.br\/noticias\/"},{"@type":"ListItem","position":2,"name":"Mercado","item":"https:\/\/www.suno.com.br\/noticias\/mercado\/"},{"@type":"ListItem","position":3,"name":"Ibovespa encerra com 105 mil pontos com Previd\u00eancia no plen\u00e1rio"}]},{"@type":"WebSite","@id":"https:\/\/www.suno.com.br\/noticias\/#website","url":"https:\/\/www.suno.com.br\/noticias\/","name":"Suno Not\u00edcias","description":"Seu portal de informa\u00e7\u00e3o sobre o mundo dos investimentos","publisher":{"@id":"https:\/\/www.suno.com.br\/noticias\/#organization"},"potentialAction":[{"@type":"SearchAction","target":{"@type":"EntryPoint","urlTemplate":"https:\/\/www.suno.com.br\/noticias\/?s={search_term_string}"},"query-input":{"@type":"PropertyValueSpecification","valueRequired":true,"valueName":"search_term_string"}}],"inLanguage":"pt-BR"},{"@type":"Organization","@id":"https:\/\/www.suno.com.br\/noticias\/#organization","name":"Suno Not\u00edcias","url":"https:\/\/www.suno.com.br\/noticias\/","logo":{"@type":"ImageObject","inLanguage":"pt-BR","@id":"https:\/\/www.suno.com.br\/noticias\/#\/schema\/logo\/image\/","url":"https:\/\/files.sunoresearch.com.br\/n\/uploads\/2021\/09\/suno-logo.png","contentUrl":"https:\/\/files.sunoresearch.com.br\/n\/uploads\/2021\/09\/suno-logo.png","width":180,"height":180,"caption":"Suno Not\u00edcias"},"image":{"@id":"https:\/\/www.suno.com.br\/noticias\/#\/schema\/logo\/image\/"},"sameAs":["https:\/\/facebook.com\/sunoresearch","https:\/\/x.com\/sunoresearch","https:\/\/www.instagram.com\/suno","https:\/\/www.linkedin.com\/company\/suno-research\/","https:\/\/www.youtube.com\/c\/sunoresearch"]},{"@type":"Person","@id":"https:\/\/www.suno.com.br\/noticias\/#\/schema\/person\/a5b06fa4e879d8e8e119c6ed3cd630d1","name":"Amanda Gushiken","image":{"@type":"ImageObject","inLanguage":"pt-BR","@id":"https:\/\/www.suno.com.br\/noticias\/#\/schema\/person\/image\/","url":"https:\/\/secure.gravatar.com\/avatar\/ecd84705e6b65e3685ae80d725501fbe?s=96&r=g","contentUrl":"https:\/\/secure.gravatar.com\/avatar\/ecd84705e6b65e3685ae80d725501fbe?s=96&r=g","caption":"Amanda Gushiken"},"description":"Amanda Sayuri Gushiken escreve sobre finan\u00e7as e neg\u00f3cios para o portal Suno Not\u00edcias. Antes, trabalhou selecionando not\u00edcias da imprensa para clientes do mercado financeiro. Tamb\u00e9m desenvolveu pesquisa acad\u00eamica pela Universidade Anhembi Morumbi na \u00e1rea de Teorias da Comunica\u00e7\u00e3o e \u00e9 fot\u00f3grafa nas horas vagas.","url":"https:\/\/www.suno.com.br\/noticias\/author\/amanda\/"}]}},"default_loop_html":"<div class=\"cardsPage__listCard__boxs\"><div class=\"cardsPage__listCard__boxs__img\"><a href=\"https:\/\/www.suno.com.br\/noticias\/ibovespa-fechamento-10072019\/\"><img class=\"mask\" src=\"https:\/\/www.suno.com.br\/noticias\/wp-content\/themes\/suno\/resources\/images\/spotlight\/spotlight1img\/bg-mask.png\" alt=\"Image Mask\"\/><img src=\"https:\/\/files.sunoresearch.com.br\/n\/uploads\/2018\/12\/835b2d22-ibovespa-400x200.webp\" alt=\"Ibovespa encerra com 105 mil pontos com Previd\u00eancia no plen\u00e1rio\"\/><\/a><span class=\"spotlightCategory\"><a href=\"https:\/\/www.suno.com.br\/noticias\/mercado\/\">Mercado<\/a><\/span><\/div><div class=\"cardsPage__listCard__boxs__content\"><a href=\"https:\/\/www.suno.com.br\/noticias\/ibovespa-fechamento-10072019\/\"><h2 class=\"content__title\">Ibovespa encerra com 105 mil pontos com Previd\u00eancia no plen\u00e1rio<\/h2><\/a><div class=\"newsContent__article__meta\"><div class=\"newsContent__article__meta__authorBox\"><a href=\"https:\/\/www.suno.com.br\/noticias\/author\/amanda\/\" class=\"authorBox__avatar noMobi\"><img src=\"https:\/\/files.sunoresearch.com.br\/n\/uploads\/2018\/11\/c6ad30be-amanda-150x150.webp\" alt=\"Amanda Gushiken\"><\/a><div class=\"authorBox__name\"><span>por\n\t\t\t<a href=\"https:\/\/www.suno.com.br\/noticias\/author\/amanda\/\"><span itemprop=\"author\">Amanda Gushiken<\/span><\/a><\/span><time datetime=\"2019-07-10T17:51:18-03:00\" itemprop=\"datePublished\">10\/07\/2019 17:51<\/time><\/div><\/div><\/div><\/div><\/div>","single_layout":"posts","amp_enabled":true,"_links":{"self":[{"href":"https:\/\/www.suno.com.br\/noticias\/wp-json\/wp\/v2\/posts\/30647"}],"collection":[{"href":"https:\/\/www.suno.com.br\/noticias\/wp-json\/wp\/v2\/posts"}],"about":[{"href":"https:\/\/www.suno.com.br\/noticias\/wp-json\/wp\/v2\/types\/post"}],"author":[{"embeddable":true,"href":"https:\/\/www.suno.com.br\/noticias\/wp-json\/wp\/v2\/users\/12"}],"replies":[{"embeddable":true,"href":"https:\/\/www.suno.com.br\/noticias\/wp-json\/wp\/v2\/comments?post=30647"}],"version-history":[{"count":1,"href":"https:\/\/www.suno.com.br\/noticias\/wp-json\/wp\/v2\/posts\/30647\/revisions"}],"predecessor-version":[{"id":157309,"href":"https:\/\/www.suno.com.br\/noticias\/wp-json\/wp\/v2\/posts\/30647\/revisions\/157309"}],"wp:featuredmedia":[{"embeddable":true,"href":"https:\/\/www.suno.com.br\/noticias\/wp-json\/wp\/v2\/media\/7981"}],"wp:attachment":[{"href":"https:\/\/www.suno.com.br\/noticias\/wp-json\/wp\/v2\/media?parent=30647"}],"wp:term":[{"taxonomy":"category","embeddable":true,"href":"https:\/\/www.suno.com.br\/noticias\/wp-json\/wp\/v2\/categories?post=30647"},{"taxonomy":"post_tag","embeddable":true,"href":"https:\/\/www.suno.com.br\/noticias\/wp-json\/wp\/v2\/tags?post=30647"},{"taxonomy":"suno_strategy","embeddable":true,"href":"https:\/\/www.suno.com.br\/noticias\/wp-json\/wp\/v2\/suno_strategy?post=30647"}],"curies":[{"name":"wp","href":"https:\/\/api.w.org\/{rel}","templated":true}]}}