{"id":30645,"date":"2019-07-10T18:56:45","date_gmt":"2019-07-10T21:56:45","guid":{"rendered":"https:\/\/www.suno.com.br\/noticias\/?p=30645"},"modified":"2019-07-10T19:20:45","modified_gmt":"2019-07-10T22:20:45","slug":"carrefour-vende-participacao","status":"publish","type":"post","link":"https:\/\/www.suno.com.br\/noticias\/carrefour-vende-participacao\/","title":{"rendered":"Carrefour vende participa\u00e7\u00e3o de 32% em empresa imobili\u00e1ria"},"content":{"rendered":"<p>O grupo Carrefour anunciou nesta quarta-feira (10) que vender\u00e1 sua participa\u00e7\u00e3o na empresa imobili\u00e1ria <strong>Cargo\u00a0Property Assets<\/strong> ao grupo franc\u00eas <strong>Argan<\/strong>.<\/p>\t<div class=\"wrapper-featured-image\">\n\t\t<figure class=\"spotlightImg\">\n\n\t\t\t<picture>\n\t\t\t\t<source media=\"(max-width: 768px)\" srcset=\"https:\/\/files.sunoresearch.com.br\/n\/uploads\/2019\/07\/b3b843e3-carrefour-400x200.webp\">\n\t\t\t\t<img loading=\"lazy\" decoding=\"async\" class=\"newsContent__article__imgCapa lazyloadDisabled newsContent__article__imgCapa--noCaption\" src=\"https:\/\/files.sunoresearch.com.br\/n\/uploads\/2019\/07\/b3b843e3-carrefour-800x450.webp\" width=\"800\" height=\"450\" alt=\"Carrefour vende participa\u00e7\u00e3o de 32% em empresa imobili\u00e1ria\" fetchpriority=high \/>\n\t\t\t<\/picture>\n\n\t\t\t<figcaption class=\"wp-caption-text wp-caption-text--hide\">Carrefour (CRFB3) esclarece \u00e0 CVM oscila\u00e7\u00f5es at\u00edpicas de a\u00e7\u00f5es<\/figcaption>\n\t\t<\/figure>\n\t<\/div>\n\n\n<p>A Cargo, fundada em 2016, est\u00e1 avaliada em 900 milh\u00f5es de euros. O\u00a0<strong>Carrefour\u00a0<\/strong>possui 32% da companhia, portanto, receber\u00e1 cerca de\u00a0290 milh\u00f5es de euros atrav\u00e9s da venda.<\/p>\n<p>\u201cEsta opera\u00e7\u00e3o contribuir\u00e1 para alcan\u00e7ar o objetivo do plano \u2018Carrefour 2022\u2019 de se desfazer de 500 milh\u00f5es de euros em <a href=\"https:\/\/www.suno.com.br\/artigos\/o-guia-definitivo-de-fundos-imobiliarios\/\">ativos imobili\u00e1rios<\/a> n\u00e3o estrat\u00e9gicos\u201d, disse a empresa francesa por meio de uma nota divulgada.<\/p>\n\t<p>\n\t\t<a href=\"https:\/\/lp.statusinvest.com.br\/ao\/assessoria-status-invest\/\" target=\"_blank\" data-element=\"shortcode-suno-banner\" title=\"Banner SUNO, clique e saiba mais\">\n\t\t\t<picture>\n\t\t\t\t<source media=\"(max-width: 500px)\" srcset=\"https:\/\/files.sunoresearch.com.br\/n\/uploads\/2024\/03\/400x300-Mobile-1.png\">\n\t\t\t\t<img class=\"newsContent__article__imgCapa newsContent__article__imgCapa--banner\"\n\t\t\t\t\tsrc=\"https:\/\/files.sunoresearch.com.br\/n\/uploads\/2024\/03\/1420-x-240-Desktop.png\"\n\t\t\t\t\tdata-promo-id=\"537299\"\t\t\t\t\t\t\t\t\t\twidth='1420' height='250'\t\t\t\t\talt=\"https:\/\/files.sunoresearch.com.br\/n\/uploads\/2024\/03\/1420-x-240-Desktop.png\"\n\t\t\t\t>\n\t\t\t<\/picture>\n\t\t<\/a>\n\t<\/p>\n\n\n<p>A empresa do setor imobili\u00e1rio exerce suas atividades na Fran\u00e7a.\u00a0Assim, a empresa possui cerca de um ter\u00e7o dos centros de distribui\u00e7\u00e3o do grupo Carrefour na Fran\u00e7a.<\/p>\n<p>A conclus\u00e3o da venda depende da aprova\u00e7\u00e3o de acionistas da Argon e de outras condi\u00e7\u00f5es relacionadas ao processo de negocia\u00e7\u00e3o. A expectativa \u00e9 de que a transa\u00e7\u00e3o seja conclu\u00edda at\u00e9 o final de 2019.<\/p>\n<p>As a\u00e7\u00f5es do grupo Argan subiram 3,39% na <a href=\"https:\/\/www.suno.com.br\/artigos\/cac-40\/\">bolsa de Paris<\/a> nesta quarta-feira. Assim, os pap\u00e9is da empresa estavam negociando a 61 euros por volta das 17h20.<\/p>\n<h2>Reestrutura\u00e7\u00e3o do Carrefour<\/h2>\n<p>O grupo Carrefour atua em mais de 30 pa\u00edses e possui cerca de\u00a0384 mil funcion\u00e1rios. Ao longo dos \u00faltimos dois anos, a empresa francesa est\u00e1 passando por um processo de reestrutura\u00e7\u00e3o ao deixar neg\u00f3cios n\u00e3o estrat\u00e9gicos.<\/p>\n\t<p>\n\t\t<a href=\"https:\/\/www.suno.com.br\/asset\/fundos\/suno-acoes-xp-seg-prev\/\" target=\"_blank\" data-element=\"shortcode-suno-banner\" title=\"Banner SUNO, clique e saiba mais\">\n\t\t\t<picture>\n\t\t\t\t<source media=\"(max-width: 500px)\" srcset=\"https:\/\/files.sunoresearch.com.br\/n\/uploads\/2023\/10\/SUNOPREV-v2-400x300-Mobile-Artigos-3.png\">\n\t\t\t\t<img class=\"newsContent__article__imgCapa newsContent__article__imgCapa--banner\"\n\t\t\t\t\tsrc=\"https:\/\/files.sunoresearch.com.br\/n\/uploads\/2023\/10\/SUNOPREV-v2-1420x240-Banner-Artigos-1-_-Banner-Materias-1.png\"\n\t\t\t\t\tdata-promo-id=\"476311\"\t\t\t\t\t\t\t\t\t\twidth='1420' height='240'\t\t\t\t\talt=\"https:\/\/files.sunoresearch.com.br\/n\/uploads\/2023\/10\/SUNOPREV-v2-1420x240-Banner-Artigos-1-_-Banner-Materias-1.png\"\n\t\t\t\t>\n\t\t\t<\/picture>\n\t\t<\/a>\n\t<\/p>\n\n\n<p>Al\u00e9m da venda da\u00a0empresa imobili\u00e1ria\u00a0Cargo\u00a0Property Assets, o grupo vendeu uma filial francesa no final do \u00faltimo m\u00eas por\u00a0 620 milh\u00f5es de euros.<\/p>\n<h2>Venda de filial francesa ao\u00a0Suning.com<\/h2>\n<p>No \u00faltimo m\u00eas, o Carrefour anunciou que ir\u00e1 ceder 80% suas atividades na China para o grupo Suning.com por 620 milh\u00f5es de euros. Para que o acordo seja conclu\u00eddo, autoridades de concorr\u00eancia da China precisam autorizar.<\/p>\n<p><a href=\"https:\/\/www.suno.com.br\/noticias\/carrefour-vende-filial-suning\/\">Saiba mais: Carrefour vende filial chinesa por 620 milh\u00f5es de euros ao Suning.com<\/a><\/p>\n<p>A transa\u00e7\u00e3o ser\u00e1 paga em dinheiro e avalia o Carrefour China em 1,4 bilh\u00e3o de euros. Portanto, o grupo franc\u00eas ter\u00e1 ainda 20% da participa\u00e7\u00e3o da filial chinesa. Dessa forma, ficar\u00e1 com dois assentos no conselho de vigil\u00e2ncia da empresa na China.<\/p>\n<p>O <strong>Carrefour<\/strong> est\u00e1 presente na China desde 1995, contando com 210 hipermercados e 24 lojas menores. No ano de 2018, a filial do grupo franc\u00eas registrou uma alta de quase 10% em seus rendimentos. Portanto, atingiu o valor de 3,6 milh\u00f5es de euros.<\/p>\n","protected":false},"excerpt":{"rendered":"<p>O grupo Carrefour anunciou nesta quarta-feira (10) que vender\u00e1 sua participa\u00e7\u00e3o na empresa imobili\u00e1ria Cargo\u00a0Property Assets ao grupo franc\u00eas Argan. Carrefour (CRFB3) esclarece \u00e0 CVM oscila\u00e7\u00f5es at\u00edpicas de a\u00e7\u00f5es A Cargo, fundada em 2016, est\u00e1 avaliada em 900 milh\u00f5es de euros. O\u00a0Carrefour\u00a0possui 32% da companhia, portanto, receber\u00e1 cerca de\u00a0290 milh\u00f5es de euros atrav\u00e9s da venda. [&hellip;]<\/p>\n","protected":false},"author":18,"featured_media":30660,"comment_status":"closed","ping_status":"closed","sticky":false,"template":"","format":"standard","meta":[],"categories":[64],"tags":[405],"suno_strategy":[],"class_list":["post-30645","post","type-post","status-publish","format-standard","has-post-thumbnail","hentry","category-negocios","tag-carrefour-crfb3"],"yoast_head":"<!-- This site is optimized with the Yoast SEO plugin v24.4 - https:\/\/yoast.com\/wordpress\/plugins\/seo\/ -->\n<title>Carrefour vende participa\u00e7\u00e3o de 32% em empresa imobili\u00e1ria<\/title>\n<meta name=\"description\" content=\"O Carrefour anunciou que vender\u00e1 sua participa\u00e7\u00e3o na empresa imobili\u00e1ria Cargo\u00a0Property Assets ao grupo Argan. Clique para saber mais.\" \/>\n<meta name=\"robots\" content=\"index, follow, max-snippet:-1, max-image-preview:large, max-video-preview:-1\" \/>\n<link rel=\"canonical\" href=\"https:\/\/www.suno.com.br\/noticias\/carrefour-vende-participacao\/\" \/>\n<meta property=\"og:locale\" content=\"pt_BR\" \/>\n<meta property=\"og:type\" content=\"article\" \/>\n<meta property=\"og:title\" content=\"Carrefour vende participa\u00e7\u00e3o de 32% em empresa imobili\u00e1ria\" \/>\n<meta property=\"og:description\" content=\"O Carrefour anunciou que vender\u00e1 sua participa\u00e7\u00e3o na empresa imobili\u00e1ria Cargo\u00a0Property Assets ao grupo Argan. Clique para saber mais.\" \/>\n<meta property=\"og:url\" content=\"https:\/\/www.suno.com.br\/noticias\/carrefour-vende-participacao\/\" \/>\n<meta property=\"og:site_name\" content=\"Suno Not\u00edcias\" \/>\n<meta property=\"article:publisher\" content=\"https:\/\/facebook.com\/sunoresearch\" \/>\n<meta property=\"og:image\" content=\"https:\/\/files.sunoresearch.com.br\/n\/uploads\/2019\/07\/b3b843e3-carrefour.jpg\" \/>\n\t<meta property=\"og:image:width\" content=\"800\" \/>\n\t<meta property=\"og:image:height\" content=\"533\" \/>\n\t<meta property=\"og:image:type\" content=\"image\/jpeg\" \/>\n<meta name=\"author\" content=\"Giovanna Oliveira\" \/>\n<meta name=\"twitter:card\" content=\"summary_large_image\" \/>\n<meta name=\"twitter:creator\" content=\"@sunoresearch\" \/>\n<meta name=\"twitter:site\" content=\"@sunoresearch\" \/>\n<meta name=\"twitter:label1\" content=\"Escrito por\" \/>\n\t<meta name=\"twitter:data1\" content=\"Giovanna Oliveira\" \/>\n\t<meta name=\"twitter:label2\" content=\"Est. tempo de leitura\" \/>\n\t<meta name=\"twitter:data2\" content=\"2 minutos\" \/>\n<script type=\"application\/ld+json\" class=\"yoast-schema-graph\">{\"@context\":\"https:\/\/schema.org\",\"@graph\":[{\"@type\":\"NewsArticle\",\"@id\":\"https:\/\/www.suno.com.br\/noticias\/carrefour-vende-participacao\/#article\",\"isPartOf\":{\"@id\":\"https:\/\/www.suno.com.br\/noticias\/carrefour-vende-participacao\/\"},\"author\":{\"name\":\"Giovanna Oliveira\",\"@id\":\"https:\/\/www.suno.com.br\/noticias\/#\/schema\/person\/4e19e3d2575736e5283d58eb3199d120\"},\"headline\":\"Carrefour vende participa\u00e7\u00e3o de 32% em empresa imobili\u00e1ria\",\"datePublished\":\"2019-07-10T21:56:45+00:00\",\"dateModified\":\"2019-07-10T22:20:45+00:00\",\"mainEntityOfPage\":{\"@id\":\"https:\/\/www.suno.com.br\/noticias\/carrefour-vende-participacao\/\"},\"wordCount\":418,\"publisher\":{\"@id\":\"https:\/\/www.suno.com.br\/noticias\/#organization\"},\"image\":{\"@id\":\"https:\/\/www.suno.com.br\/noticias\/carrefour-vende-participacao\/#primaryimage\"},\"thumbnailUrl\":\"https:\/\/files.sunoresearch.com.br\/n\/uploads\/2019\/07\/b3b843e3-carrefour-jpg.webp\",\"keywords\":[\"Carrefour (CRFB3)\"],\"articleSection\":[\"Neg\u00f3cios\"],\"inLanguage\":\"pt-BR\"},{\"@type\":\"WebPage\",\"@id\":\"https:\/\/www.suno.com.br\/noticias\/carrefour-vende-participacao\/\",\"url\":\"https:\/\/www.suno.com.br\/noticias\/carrefour-vende-participacao\/\",\"name\":\"Carrefour vende participa\u00e7\u00e3o de 32% em empresa imobili\u00e1ria\",\"isPartOf\":{\"@id\":\"https:\/\/www.suno.com.br\/noticias\/#website\"},\"primaryImageOfPage\":{\"@id\":\"https:\/\/www.suno.com.br\/noticias\/carrefour-vende-participacao\/#primaryimage\"},\"image\":{\"@id\":\"https:\/\/www.suno.com.br\/noticias\/carrefour-vende-participacao\/#primaryimage\"},\"thumbnailUrl\":\"https:\/\/files.sunoresearch.com.br\/n\/uploads\/2019\/07\/b3b843e3-carrefour-jpg.webp\",\"datePublished\":\"2019-07-10T21:56:45+00:00\",\"dateModified\":\"2019-07-10T22:20:45+00:00\",\"description\":\"O Carrefour anunciou que vender\u00e1 sua participa\u00e7\u00e3o na empresa imobili\u00e1ria Cargo\u00a0Property Assets ao grupo Argan. Clique para saber mais.\",\"breadcrumb\":{\"@id\":\"https:\/\/www.suno.com.br\/noticias\/carrefour-vende-participacao\/#breadcrumb\"},\"inLanguage\":\"pt-BR\",\"potentialAction\":[{\"@type\":\"ReadAction\",\"target\":[\"https:\/\/www.suno.com.br\/noticias\/carrefour-vende-participacao\/\"]}]},{\"@type\":\"ImageObject\",\"inLanguage\":\"pt-BR\",\"@id\":\"https:\/\/www.suno.com.br\/noticias\/carrefour-vende-participacao\/#primaryimage\",\"url\":\"https:\/\/files.sunoresearch.com.br\/n\/uploads\/2019\/07\/b3b843e3-carrefour-jpg.webp\",\"contentUrl\":\"https:\/\/files.sunoresearch.com.br\/n\/uploads\/2019\/07\/b3b843e3-carrefour-jpg.webp\",\"width\":800,\"height\":533,\"caption\":\"Carrefour (CRFB3) esclarece \u00e0 CVM oscila\u00e7\u00f5es at\u00edpicas de a\u00e7\u00f5es\"},{\"@type\":\"BreadcrumbList\",\"@id\":\"https:\/\/www.suno.com.br\/noticias\/carrefour-vende-participacao\/#breadcrumb\",\"itemListElement\":[{\"@type\":\"ListItem\",\"position\":1,\"name\":\"Not\u00edcias\",\"item\":\"https:\/\/www.suno.com.br\/noticias\/\"},{\"@type\":\"ListItem\",\"position\":2,\"name\":\"Neg\u00f3cios\",\"item\":\"https:\/\/www.suno.com.br\/noticias\/negocios\/\"},{\"@type\":\"ListItem\",\"position\":3,\"name\":\"Carrefour vende participa\u00e7\u00e3o de 32% em empresa imobili\u00e1ria\"}]},{\"@type\":\"WebSite\",\"@id\":\"https:\/\/www.suno.com.br\/noticias\/#website\",\"url\":\"https:\/\/www.suno.com.br\/noticias\/\",\"name\":\"Suno Not\u00edcias\",\"description\":\"Seu portal de informa\u00e7\u00e3o sobre o mundo dos investimentos\",\"publisher\":{\"@id\":\"https:\/\/www.suno.com.br\/noticias\/#organization\"},\"potentialAction\":[{\"@type\":\"SearchAction\",\"target\":{\"@type\":\"EntryPoint\",\"urlTemplate\":\"https:\/\/www.suno.com.br\/noticias\/?s={search_term_string}\"},\"query-input\":{\"@type\":\"PropertyValueSpecification\",\"valueRequired\":true,\"valueName\":\"search_term_string\"}}],\"inLanguage\":\"pt-BR\"},{\"@type\":\"Organization\",\"@id\":\"https:\/\/www.suno.com.br\/noticias\/#organization\",\"name\":\"Suno Not\u00edcias\",\"url\":\"https:\/\/www.suno.com.br\/noticias\/\",\"logo\":{\"@type\":\"ImageObject\",\"inLanguage\":\"pt-BR\",\"@id\":\"https:\/\/www.suno.com.br\/noticias\/#\/schema\/logo\/image\/\",\"url\":\"https:\/\/files.sunoresearch.com.br\/n\/uploads\/2021\/09\/suno-logo.png\",\"contentUrl\":\"https:\/\/files.sunoresearch.com.br\/n\/uploads\/2021\/09\/suno-logo.png\",\"width\":180,\"height\":180,\"caption\":\"Suno Not\u00edcias\"},\"image\":{\"@id\":\"https:\/\/www.suno.com.br\/noticias\/#\/schema\/logo\/image\/\"},\"sameAs\":[\"https:\/\/facebook.com\/sunoresearch\",\"https:\/\/x.com\/sunoresearch\",\"https:\/\/www.instagram.com\/suno\",\"https:\/\/www.linkedin.com\/company\/suno-research\/\",\"https:\/\/www.youtube.com\/c\/sunoresearch\"]},{\"@type\":\"Person\",\"@id\":\"https:\/\/www.suno.com.br\/noticias\/#\/schema\/person\/4e19e3d2575736e5283d58eb3199d120\",\"name\":\"Giovanna Oliveira\",\"image\":{\"@type\":\"ImageObject\",\"inLanguage\":\"pt-BR\",\"@id\":\"https:\/\/www.suno.com.br\/noticias\/#\/schema\/person\/image\/\",\"url\":\"https:\/\/secure.gravatar.com\/avatar\/9a37b3ae208962ac568992d0ffdbc2eb?s=96&r=g\",\"contentUrl\":\"https:\/\/secure.gravatar.com\/avatar\/9a37b3ae208962ac568992d0ffdbc2eb?s=96&r=g\",\"caption\":\"Giovanna Oliveira\"},\"description\":\"Giovanna Oliveira escreve sobre economia e pol\u00edtica. Foi rep\u00f3rter do portal de jornalismo da ESPM-SP e produziu conte\u00fado para a Corinthians TV. \u00c9 estudante da ESPM.\",\"url\":\"https:\/\/www.suno.com.br\/noticias\/author\/giovanna\/\"}]}<\/script>\n<!-- \/ Yoast SEO plugin. -->","yoast_head_json":{"title":"Carrefour vende participa\u00e7\u00e3o de 32% em empresa imobili\u00e1ria","description":"O Carrefour anunciou que vender\u00e1 sua participa\u00e7\u00e3o na empresa imobili\u00e1ria Cargo\u00a0Property Assets ao grupo Argan. Clique para saber mais.","robots":{"index":"index","follow":"follow","max-snippet":"max-snippet:-1","max-image-preview":"max-image-preview:large","max-video-preview":"max-video-preview:-1"},"canonical":"https:\/\/www.suno.com.br\/noticias\/carrefour-vende-participacao\/","og_locale":"pt_BR","og_type":"article","og_title":"Carrefour vende participa\u00e7\u00e3o de 32% em empresa imobili\u00e1ria","og_description":"O Carrefour anunciou que vender\u00e1 sua participa\u00e7\u00e3o na empresa imobili\u00e1ria Cargo\u00a0Property Assets ao grupo Argan. Clique para saber mais.","og_url":"https:\/\/www.suno.com.br\/noticias\/carrefour-vende-participacao\/","og_site_name":"Suno Not\u00edcias","article_publisher":"https:\/\/facebook.com\/sunoresearch","og_image":[{"width":800,"height":533,"url":"https:\/\/files.sunoresearch.com.br\/n\/uploads\/2019\/07\/b3b843e3-carrefour.jpg","type":"image\/jpeg"}],"author":"Giovanna Oliveira","twitter_card":"summary_large_image","twitter_creator":"@sunoresearch","twitter_site":"@sunoresearch","twitter_misc":{"Escrito por":"Giovanna Oliveira","Est. tempo de leitura":"2 minutos"},"schema":{"@context":"https:\/\/schema.org","@graph":[{"@type":"NewsArticle","@id":"https:\/\/www.suno.com.br\/noticias\/carrefour-vende-participacao\/#article","isPartOf":{"@id":"https:\/\/www.suno.com.br\/noticias\/carrefour-vende-participacao\/"},"author":{"name":"Giovanna Oliveira","@id":"https:\/\/www.suno.com.br\/noticias\/#\/schema\/person\/4e19e3d2575736e5283d58eb3199d120"},"headline":"Carrefour vende participa\u00e7\u00e3o de 32% em empresa imobili\u00e1ria","datePublished":"2019-07-10T21:56:45+00:00","dateModified":"2019-07-10T22:20:45+00:00","mainEntityOfPage":{"@id":"https:\/\/www.suno.com.br\/noticias\/carrefour-vende-participacao\/"},"wordCount":418,"publisher":{"@id":"https:\/\/www.suno.com.br\/noticias\/#organization"},"image":{"@id":"https:\/\/www.suno.com.br\/noticias\/carrefour-vende-participacao\/#primaryimage"},"thumbnailUrl":"https:\/\/files.sunoresearch.com.br\/n\/uploads\/2019\/07\/b3b843e3-carrefour-jpg.webp","keywords":["Carrefour (CRFB3)"],"articleSection":["Neg\u00f3cios"],"inLanguage":"pt-BR"},{"@type":"WebPage","@id":"https:\/\/www.suno.com.br\/noticias\/carrefour-vende-participacao\/","url":"https:\/\/www.suno.com.br\/noticias\/carrefour-vende-participacao\/","name":"Carrefour vende participa\u00e7\u00e3o de 32% em empresa imobili\u00e1ria","isPartOf":{"@id":"https:\/\/www.suno.com.br\/noticias\/#website"},"primaryImageOfPage":{"@id":"https:\/\/www.suno.com.br\/noticias\/carrefour-vende-participacao\/#primaryimage"},"image":{"@id":"https:\/\/www.suno.com.br\/noticias\/carrefour-vende-participacao\/#primaryimage"},"thumbnailUrl":"https:\/\/files.sunoresearch.com.br\/n\/uploads\/2019\/07\/b3b843e3-carrefour-jpg.webp","datePublished":"2019-07-10T21:56:45+00:00","dateModified":"2019-07-10T22:20:45+00:00","description":"O Carrefour anunciou que vender\u00e1 sua participa\u00e7\u00e3o na empresa imobili\u00e1ria Cargo\u00a0Property Assets ao grupo Argan. Clique para saber mais.","breadcrumb":{"@id":"https:\/\/www.suno.com.br\/noticias\/carrefour-vende-participacao\/#breadcrumb"},"inLanguage":"pt-BR","potentialAction":[{"@type":"ReadAction","target":["https:\/\/www.suno.com.br\/noticias\/carrefour-vende-participacao\/"]}]},{"@type":"ImageObject","inLanguage":"pt-BR","@id":"https:\/\/www.suno.com.br\/noticias\/carrefour-vende-participacao\/#primaryimage","url":"https:\/\/files.sunoresearch.com.br\/n\/uploads\/2019\/07\/b3b843e3-carrefour-jpg.webp","contentUrl":"https:\/\/files.sunoresearch.com.br\/n\/uploads\/2019\/07\/b3b843e3-carrefour-jpg.webp","width":800,"height":533,"caption":"Carrefour (CRFB3) esclarece \u00e0 CVM oscila\u00e7\u00f5es at\u00edpicas de a\u00e7\u00f5es"},{"@type":"BreadcrumbList","@id":"https:\/\/www.suno.com.br\/noticias\/carrefour-vende-participacao\/#breadcrumb","itemListElement":[{"@type":"ListItem","position":1,"name":"Not\u00edcias","item":"https:\/\/www.suno.com.br\/noticias\/"},{"@type":"ListItem","position":2,"name":"Neg\u00f3cios","item":"https:\/\/www.suno.com.br\/noticias\/negocios\/"},{"@type":"ListItem","position":3,"name":"Carrefour vende participa\u00e7\u00e3o de 32% em empresa imobili\u00e1ria"}]},{"@type":"WebSite","@id":"https:\/\/www.suno.com.br\/noticias\/#website","url":"https:\/\/www.suno.com.br\/noticias\/","name":"Suno Not\u00edcias","description":"Seu portal de informa\u00e7\u00e3o sobre o mundo dos investimentos","publisher":{"@id":"https:\/\/www.suno.com.br\/noticias\/#organization"},"potentialAction":[{"@type":"SearchAction","target":{"@type":"EntryPoint","urlTemplate":"https:\/\/www.suno.com.br\/noticias\/?s={search_term_string}"},"query-input":{"@type":"PropertyValueSpecification","valueRequired":true,"valueName":"search_term_string"}}],"inLanguage":"pt-BR"},{"@type":"Organization","@id":"https:\/\/www.suno.com.br\/noticias\/#organization","name":"Suno Not\u00edcias","url":"https:\/\/www.suno.com.br\/noticias\/","logo":{"@type":"ImageObject","inLanguage":"pt-BR","@id":"https:\/\/www.suno.com.br\/noticias\/#\/schema\/logo\/image\/","url":"https:\/\/files.sunoresearch.com.br\/n\/uploads\/2021\/09\/suno-logo.png","contentUrl":"https:\/\/files.sunoresearch.com.br\/n\/uploads\/2021\/09\/suno-logo.png","width":180,"height":180,"caption":"Suno Not\u00edcias"},"image":{"@id":"https:\/\/www.suno.com.br\/noticias\/#\/schema\/logo\/image\/"},"sameAs":["https:\/\/facebook.com\/sunoresearch","https:\/\/x.com\/sunoresearch","https:\/\/www.instagram.com\/suno","https:\/\/www.linkedin.com\/company\/suno-research\/","https:\/\/www.youtube.com\/c\/sunoresearch"]},{"@type":"Person","@id":"https:\/\/www.suno.com.br\/noticias\/#\/schema\/person\/4e19e3d2575736e5283d58eb3199d120","name":"Giovanna Oliveira","image":{"@type":"ImageObject","inLanguage":"pt-BR","@id":"https:\/\/www.suno.com.br\/noticias\/#\/schema\/person\/image\/","url":"https:\/\/secure.gravatar.com\/avatar\/9a37b3ae208962ac568992d0ffdbc2eb?s=96&r=g","contentUrl":"https:\/\/secure.gravatar.com\/avatar\/9a37b3ae208962ac568992d0ffdbc2eb?s=96&r=g","caption":"Giovanna Oliveira"},"description":"Giovanna Oliveira escreve sobre economia e pol\u00edtica. Foi rep\u00f3rter do portal de jornalismo da ESPM-SP e produziu conte\u00fado para a Corinthians TV. \u00c9 estudante da ESPM.","url":"https:\/\/www.suno.com.br\/noticias\/author\/giovanna\/"}]}},"default_loop_html":"<div class=\"cardsPage__listCard__boxs\"><div class=\"cardsPage__listCard__boxs__img\"><a href=\"https:\/\/www.suno.com.br\/noticias\/carrefour-vende-participacao\/\"><img class=\"mask\" src=\"https:\/\/www.suno.com.br\/noticias\/wp-content\/themes\/suno\/resources\/images\/spotlight\/spotlight1img\/bg-mask.png\" alt=\"Image Mask\"\/><img src=\"https:\/\/files.sunoresearch.com.br\/n\/uploads\/2019\/07\/b3b843e3-carrefour-400x200.webp\" alt=\"Carrefour vende participa\u00e7\u00e3o de 32% em empresa imobili\u00e1ria\"\/><\/a><span class=\"spotlightCategory\"><a href=\"https:\/\/www.suno.com.br\/noticias\/negocios\/\">Neg\u00f3cios<\/a><\/span><\/div><div class=\"cardsPage__listCard__boxs__content\"><a href=\"https:\/\/www.suno.com.br\/noticias\/carrefour-vende-participacao\/\"><h2 class=\"content__title\">Carrefour vende participa\u00e7\u00e3o de 32% em empresa imobili\u00e1ria<\/h2><\/a><div class=\"newsContent__article__meta\"><div class=\"newsContent__article__meta__authorBox\"><a href=\"https:\/\/www.suno.com.br\/noticias\/author\/giovanna\/\" class=\"authorBox__avatar noMobi\"><img src=\"https:\/\/files.sunoresearch.com.br\/n\/uploads\/2019\/06\/952a89ca-screenshot_20190608-171507-150x150.webp\" alt=\"Giovanna Oliveira\"><\/a><div class=\"authorBox__name\"><span>por\n\t\t\t<a href=\"https:\/\/www.suno.com.br\/noticias\/author\/giovanna\/\"><span itemprop=\"author\">Giovanna Oliveira<\/span><\/a><\/span><time datetime=\"2019-07-10T18:56:45-03:00\" itemprop=\"datePublished\">10\/07\/2019 18:56<\/time><\/div><\/div><\/div><\/div><\/div>","single_layout":"posts","amp_enabled":true,"_links":{"self":[{"href":"https:\/\/www.suno.com.br\/noticias\/wp-json\/wp\/v2\/posts\/30645"}],"collection":[{"href":"https:\/\/www.suno.com.br\/noticias\/wp-json\/wp\/v2\/posts"}],"about":[{"href":"https:\/\/www.suno.com.br\/noticias\/wp-json\/wp\/v2\/types\/post"}],"author":[{"embeddable":true,"href":"https:\/\/www.suno.com.br\/noticias\/wp-json\/wp\/v2\/users\/18"}],"replies":[{"embeddable":true,"href":"https:\/\/www.suno.com.br\/noticias\/wp-json\/wp\/v2\/comments?post=30645"}],"version-history":[{"count":0,"href":"https:\/\/www.suno.com.br\/noticias\/wp-json\/wp\/v2\/posts\/30645\/revisions"}],"wp:featuredmedia":[{"embeddable":true,"href":"https:\/\/www.suno.com.br\/noticias\/wp-json\/wp\/v2\/media\/30660"}],"wp:attachment":[{"href":"https:\/\/www.suno.com.br\/noticias\/wp-json\/wp\/v2\/media?parent=30645"}],"wp:term":[{"taxonomy":"category","embeddable":true,"href":"https:\/\/www.suno.com.br\/noticias\/wp-json\/wp\/v2\/categories?post=30645"},{"taxonomy":"post_tag","embeddable":true,"href":"https:\/\/www.suno.com.br\/noticias\/wp-json\/wp\/v2\/tags?post=30645"},{"taxonomy":"suno_strategy","embeddable":true,"href":"https:\/\/www.suno.com.br\/noticias\/wp-json\/wp\/v2\/suno_strategy?post=30645"}],"curies":[{"name":"wp","href":"https:\/\/api.w.org\/{rel}","templated":true}]}}