{"id":30633,"date":"2019-07-10T20:09:44","date_gmt":"2019-07-10T23:09:44","guid":{"rendered":"https:\/\/www.suno.com.br\/noticias\/?p=30633"},"modified":"2019-07-10T20:38:05","modified_gmt":"2019-07-10T23:38:05","slug":"reforma-previdencia-aprovada-camara","status":"publish","type":"post","link":"https:\/\/www.suno.com.br\/noticias\/reforma-previdencia-aprovada-camara\/","title":{"rendered":"Reforma da Previd\u00eancia \u00e9 aprovada no plen\u00e1rio da C\u00e2mara"},"content":{"rendered":"<p>A reforma da Previd\u00eancia foi aprovada no plen\u00e1rio da <strong>C\u00e2mara dos Deputados<\/strong> nesta quarta-feira (10). A vota\u00e7\u00e3o foi conclu\u00edda com 379 votos favor\u00e1veis contra 131 votos contr\u00e1rios.<\/p>\t<div class=\"wrapper-featured-image\">\n\t\t<figure class=\"spotlightImg\">\n\n\t\t\t<picture>\n\t\t\t\t<source media=\"(max-width: 768px)\" srcset=\"https:\/\/files.sunoresearch.com.br\/n\/uploads\/2019\/04\/63c1db04-c\u00e2mara-dos-deputados-400x200.webp\">\n\t\t\t\t<img loading=\"lazy\" decoding=\"async\" class=\"newsContent__article__imgCapa lazyloadDisabled newsContent__article__imgCapa--noCaption\" src=\"https:\/\/files.sunoresearch.com.br\/n\/uploads\/2019\/04\/63c1db04-c\u00e2mara-dos-deputados-800x450.webp\" width=\"800\" height=\"450\" alt=\"Reforma da Previd\u00eancia \u00e9 aprovada no plen\u00e1rio da C\u00e2mara\" fetchpriority=high \/>\n\t\t\t<\/picture>\n\n\t\t\t<figcaption class=\"wp-caption-text wp-caption-text--hide\">C\u00e2mara dos Deputados (foto: divulga\u00e7\u00e3o)<\/figcaption>\n\t\t<\/figure>\n\t<\/div>\n\n\n<p>Com a aprova\u00e7\u00e3o da <strong>reforma da Previd\u00eancia<\/strong> no plen\u00e1rio, o texto agora passar\u00e1 por mais uma vota\u00e7\u00e3o na C\u00e2mara e por duas vota\u00e7\u00f5es no Senado.\u00a0O texto da\u00a0reforma prop\u00f5e novas regras relacionadas \u00e0 aposentadoria para os brasileiros.<\/p>\n<p>A vota\u00e7\u00e3o da reforma contou com um qu\u00f3rum quase m\u00e1ximo. Assim, dos 513 deputados, 510 registraram presen\u00e7a no plen\u00e1rio da C\u00e2mara nesta quarta-feira. A aprova\u00e7\u00e3o da reforma dependia de um qu\u00f3rum m\u00ednimo de\u00a0308 votos a favor.<\/p>\n<p>Os parlamentares come\u00e7aram a votar por volta das 19h30, com a autoriza\u00e7\u00e3o do presidente da C\u00e2mara, Rodrigo Maia (DEM-RJ), ap\u00f3s mais de oito horas de debates.<\/p>\n\t<p>\n\t\t<a href=\"https:\/\/lp.suno.com.br\/ao\/cadastro-whatsapp\/\" target=\"_blank\" data-element=\"shortcode-suno-banner\" title=\"Banner SUNO, clique e saiba mais\">\n\t\t\t<picture>\n\t\t\t\t<source media=\"(max-width: 500px)\" srcset=\"https:\/\/files.sunoresearch.com.br\/n\/uploads\/2024\/02\/400x300-Mobile-Artigos-7.png\">\n\t\t\t\t<img class=\"newsContent__article__imgCapa newsContent__article__imgCapa--banner\"\n\t\t\t\t\tsrc=\"https:\/\/files.sunoresearch.com.br\/n\/uploads\/2024\/01\/1420x240-Banner-Artigos-1-_-Banner-Materias-8.png\"\n\t\t\t\t\tdata-promo-id=\"517344\"\t\t\t\t\t\t\t\t\t\twidth='1420' height='240'\t\t\t\t\talt=\"https:\/\/files.sunoresearch.com.br\/n\/uploads\/2024\/01\/1420x240-Banner-Artigos-1-_-Banner-Materias-8.png\"\n\t\t\t\t>\n\t\t\t<\/picture>\n\t\t<\/a>\n\t<\/p>\n\n\n<p>O texto aprovado hoje ainda pode sofrer altera\u00e7\u00f5es por conta dos destaques (solicita\u00e7\u00f5es feitas pelos deputados) que ser\u00e3o votados. Com isso, s\u00e3o necess\u00e1rios 308 votos para que os pedidos sejam aceitos e a reforma sofra altera\u00e7\u00f5es.<\/p>\n<p>Na \u00faltima quinta-feira (04), a\u00a0Comiss\u00e3o especial da C\u00e2mara dos Deputados aprovou a reforma da Previd\u00eancia por\u00a036 votos a favor e 13 contra.\u00a0A Proposta de Emenda Constitucional (PEC) foi apresentada no relat\u00f3rio do deputado Samuel Moreira (PSDB-SP).<\/p>\n<h2>Segundo turno da vota\u00e7\u00e3o<\/h2>\n<p>Segundo o presidente da C\u00e2mara dos Deputados, Rodrigo Maia, o segundo turno da vota\u00e7\u00e3o ocorrer\u00e1 antes do recesso parlamentar. Portanto, como o recesso tem in\u00edcio no dia 18 de julho, a vota\u00e7\u00e3o deve ocorrer at\u00e9 o fim desta semana.<\/p>\n<p>A l\u00edder do governo no Congresso,\u00a0Joice Hasselmann (PSL-SP), refor\u00e7ou a fala de Maia de que a aprova\u00e7\u00e3o acontecer\u00e1 ainda nesta semana. Segundo ela, a reforma ser\u00e1 aprovada\u00a0no plen\u00e1rio da C\u00e2mara dos Deputados at\u00e9 a pr\u00f3xima sexta-feira.<\/p>\n<p>Ap\u00f3s a aprova\u00e7\u00e3o na C\u00e2mara, o texto ir\u00e1 ao Senado. Entretanto, isso s\u00f3 ocorrer\u00e1 ap\u00f3s o recesso parlamentar. No senado, o texto pode ser aprovado de forma diferente. Se isso acontecer, a reforma dever\u00e1 retornar para a C\u00e2mara.<\/p>\n<h2>Regras brandas para os policiais<\/h2>\n<p>As regras de aposentadoria para policiais foram alteradas na reforma. L\u00edderes do centr\u00e3o conseguiram estabelecer um acordo para favorecer o setor policial na reforma da Previd\u00eancia. Entre as categorias beneficiadas est\u00e3o:<\/p>\n<ul>\n<li style=\"list-style-type: none;\">\n<ul>\n<li>policiais federais<\/li>\n<li>policiais rodovi\u00e1rios<\/li>\n<li>seguran\u00e7as do Congresso<\/li>\n<li>agentes penitenci\u00e1rios<\/li>\n<\/ul>\n<\/li>\n<\/ul>\n\t<p>\n\t\t<a href=\"https:\/\/lp.suno.com.br\/ebook-como-analisar-uma-acao\/\" target=\"_blank\" data-element=\"shortcode-suno-banner\" title=\"Banner SUNO, clique e saiba mais\">\n\t\t\t<picture>\n\t\t\t\t<source media=\"(max-width: 500px)\" srcset=\"https:\/\/files.sunoresearch.com.br\/n\/uploads\/2023\/03\/Ebook-Acoes-Mobile.jpg\">\n\t\t\t\t<img class=\"newsContent__article__imgCapa newsContent__article__imgCapa--banner\"\n\t\t\t\t\tsrc=\"https:\/\/files.sunoresearch.com.br\/n\/uploads\/2023\/03\/Ebook-Acoes-Desktop.jpg\"\n\t\t\t\t\tdata-promo-id=\"378302\"\t\t\t\t\t\t\t\t\t\twidth='1420' height='286'\t\t\t\t\talt=\"https:\/\/files.sunoresearch.com.br\/n\/uploads\/2023\/03\/Ebook-Acoes-Desktop.jpg\"\n\t\t\t\t>\n\t\t\t<\/picture>\n\t\t<\/a>\n\t<\/p>\n\n\n<p>O tema foi um dos grandes empecilhos para a vota\u00e7\u00e3o da reforma. At\u00e9 mesmo alguns parlamentares do PSL indicaram votar a favor dos policiais. Portanto, iriam contra as orienta\u00e7\u00f5es do governo de Jair Bolsonaro.<\/p>\n<h2>Principais medidas da reforma da Previd\u00eancia<\/h2>\n<p>Em fevereiro deste ano, o presidente Jair Bolsonaro enviou ao Congresso a proposta de reforma da Previd\u00eancia. O objetivo era a reformula\u00e7\u00e3o do sistema de aposentadoria e pens\u00f5es dos trabalhadores brasileiros, tanto da iniciativa privada quanto aos servidores p\u00fablicos.<\/p>\n<p><a href=\"https:\/\/www.suno.com.br\/noticias\/policiais-normas-moderadas-reforma-previdencia\/\">Saiba mais:\u00a0Policiais ter\u00e3o normas mais moderadas com a reforma da Previd\u00eancia<\/a><\/p>\n<p>Assim,\u00a0objetivo inicial da equipe econ\u00f4mica federal era economizar cerca de R$ 1,2 trilh\u00e3o em dez anos. Contudo, por conta das mudan\u00e7as inclu\u00eddas no texto aprovado, a poupan\u00e7a ser\u00e1 de cerca de R$ 1 trilh\u00e3o.<\/p>\n<p>Entre os pontos principais, a reforma permitir\u00e1 que os trabalhadores j\u00e1 no mercado de trabalho utilizem regras mais suaves, atrav\u00e9s do mecanismo de transi\u00e7\u00e3o.<\/p>\n<p>Al\u00e9m disso, a<strong> reforma da Previd\u00eancia<\/strong> contar\u00e1 com quatro modelos de transi\u00e7\u00e3o estar\u00e3o dispon\u00edveis aos trabalhadores da iniciativa privada. No entanto, os servidores p\u00fablicos contar\u00e3o com apenas duas modalidades. Dessa forma, os trabalhadores poder\u00e3o escolher a mais vantajosa.<\/p>\n","protected":false},"excerpt":{"rendered":"<p>A reforma da Previd\u00eancia foi aprovada no plen\u00e1rio da C\u00e2mara dos Deputados nesta quarta-feira (10). A vota\u00e7\u00e3o foi conclu\u00edda com 379 votos favor\u00e1veis contra 131 votos contr\u00e1rios. C\u00e2mara dos Deputados (foto: divulga\u00e7\u00e3o) Com a aprova\u00e7\u00e3o da reforma da Previd\u00eancia no plen\u00e1rio, o texto agora passar\u00e1 por mais uma vota\u00e7\u00e3o na C\u00e2mara e por duas vota\u00e7\u00f5es [&hellip;]<\/p>\n","protected":false},"author":18,"featured_media":20943,"comment_status":"closed","ping_status":"closed","sticky":false,"template":"","format":"standard","meta":[],"categories":[62],"tags":[938,940],"suno_strategy":[],"class_list":["post-30633","post","type-post","status-publish","format-standard","has-post-thumbnail","hentry","category-economia","tag-camara-dos-deputados","tag-reforma-da-previdencia"],"yoast_head":"<!-- This site is optimized with the Yoast SEO plugin v24.4 - https:\/\/yoast.com\/wordpress\/plugins\/seo\/ -->\n<title>Reforma da Previd\u00eancia \u00e9 aprovada no plen\u00e1rio da C\u00e2mara<\/title>\n<meta name=\"description\" content=\"A reforma da Previd\u00eancia foi aprovada no plen\u00e1rio da C\u00e2mara dos Deputados nesta quarta-feira (10). Clique para saber mais.\" \/>\n<meta name=\"robots\" content=\"index, follow, max-snippet:-1, max-image-preview:large, max-video-preview:-1\" \/>\n<link rel=\"canonical\" href=\"https:\/\/www.suno.com.br\/noticias\/reforma-previdencia-aprovada-camara\/\" \/>\n<meta property=\"og:locale\" content=\"pt_BR\" \/>\n<meta property=\"og:type\" content=\"article\" \/>\n<meta property=\"og:title\" content=\"Reforma da Previd\u00eancia \u00e9 aprovada no plen\u00e1rio da C\u00e2mara\" \/>\n<meta property=\"og:description\" content=\"A reforma da Previd\u00eancia foi aprovada no plen\u00e1rio da C\u00e2mara dos Deputados nesta quarta-feira (10). Clique para saber mais.\" \/>\n<meta property=\"og:url\" content=\"https:\/\/www.suno.com.br\/noticias\/reforma-previdencia-aprovada-camara\/\" \/>\n<meta property=\"og:site_name\" content=\"Suno Not\u00edcias\" \/>\n<meta property=\"article:publisher\" content=\"https:\/\/facebook.com\/sunoresearch\" \/>\n<meta property=\"og:image\" content=\"https:\/\/files.sunoresearch.com.br\/n\/uploads\/2019\/04\/63c1db04-c\u00e2mara-dos-deputados.jpg\" \/>\n\t<meta property=\"og:image:width\" content=\"2760\" \/>\n\t<meta property=\"og:image:height\" content=\"1837\" \/>\n\t<meta property=\"og:image:type\" content=\"image\/jpeg\" \/>\n<meta name=\"author\" content=\"Giovanna Oliveira\" \/>\n<meta name=\"twitter:card\" content=\"summary_large_image\" \/>\n<meta name=\"twitter:creator\" content=\"@sunoresearch\" \/>\n<meta name=\"twitter:site\" content=\"@sunoresearch\" \/>\n<meta name=\"twitter:label1\" content=\"Escrito por\" \/>\n\t<meta name=\"twitter:data1\" content=\"Giovanna Oliveira\" \/>\n\t<meta name=\"twitter:label2\" content=\"Est. tempo de leitura\" \/>\n\t<meta name=\"twitter:data2\" content=\"3 minutos\" \/>\n<script type=\"application\/ld+json\" class=\"yoast-schema-graph\">{\"@context\":\"https:\/\/schema.org\",\"@graph\":[{\"@type\":\"NewsArticle\",\"@id\":\"https:\/\/www.suno.com.br\/noticias\/reforma-previdencia-aprovada-camara\/#article\",\"isPartOf\":{\"@id\":\"https:\/\/www.suno.com.br\/noticias\/reforma-previdencia-aprovada-camara\/\"},\"author\":{\"name\":\"Giovanna Oliveira\",\"@id\":\"https:\/\/www.suno.com.br\/noticias\/#\/schema\/person\/4e19e3d2575736e5283d58eb3199d120\"},\"headline\":\"Reforma da Previd\u00eancia \u00e9 aprovada no plen\u00e1rio da C\u00e2mara\",\"datePublished\":\"2019-07-10T23:09:44+00:00\",\"dateModified\":\"2019-07-10T23:38:05+00:00\",\"mainEntityOfPage\":{\"@id\":\"https:\/\/www.suno.com.br\/noticias\/reforma-previdencia-aprovada-camara\/\"},\"wordCount\":643,\"publisher\":{\"@id\":\"https:\/\/www.suno.com.br\/noticias\/#organization\"},\"image\":{\"@id\":\"https:\/\/www.suno.com.br\/noticias\/reforma-previdencia-aprovada-camara\/#primaryimage\"},\"thumbnailUrl\":\"https:\/\/files.sunoresearch.com.br\/n\/uploads\/2019\/04\/63c1db04-c\u00e2mara-dos-deputados-scaled.webp\",\"keywords\":[\"C\u00e2mara dos Deputados\",\"Reforma da Previd\u00eancia\"],\"articleSection\":[\"Economia\"],\"inLanguage\":\"pt-BR\"},{\"@type\":\"WebPage\",\"@id\":\"https:\/\/www.suno.com.br\/noticias\/reforma-previdencia-aprovada-camara\/\",\"url\":\"https:\/\/www.suno.com.br\/noticias\/reforma-previdencia-aprovada-camara\/\",\"name\":\"Reforma da Previd\u00eancia \u00e9 aprovada no plen\u00e1rio da C\u00e2mara\",\"isPartOf\":{\"@id\":\"https:\/\/www.suno.com.br\/noticias\/#website\"},\"primaryImageOfPage\":{\"@id\":\"https:\/\/www.suno.com.br\/noticias\/reforma-previdencia-aprovada-camara\/#primaryimage\"},\"image\":{\"@id\":\"https:\/\/www.suno.com.br\/noticias\/reforma-previdencia-aprovada-camara\/#primaryimage\"},\"thumbnailUrl\":\"https:\/\/files.sunoresearch.com.br\/n\/uploads\/2019\/04\/63c1db04-c\u00e2mara-dos-deputados-scaled.webp\",\"datePublished\":\"2019-07-10T23:09:44+00:00\",\"dateModified\":\"2019-07-10T23:38:05+00:00\",\"description\":\"A reforma da Previd\u00eancia foi aprovada no plen\u00e1rio da C\u00e2mara dos Deputados nesta quarta-feira (10). Clique para saber mais.\",\"breadcrumb\":{\"@id\":\"https:\/\/www.suno.com.br\/noticias\/reforma-previdencia-aprovada-camara\/#breadcrumb\"},\"inLanguage\":\"pt-BR\",\"potentialAction\":[{\"@type\":\"ReadAction\",\"target\":[\"https:\/\/www.suno.com.br\/noticias\/reforma-previdencia-aprovada-camara\/\"]}]},{\"@type\":\"ImageObject\",\"inLanguage\":\"pt-BR\",\"@id\":\"https:\/\/www.suno.com.br\/noticias\/reforma-previdencia-aprovada-camara\/#primaryimage\",\"url\":\"https:\/\/files.sunoresearch.com.br\/n\/uploads\/2019\/04\/63c1db04-c\u00e2mara-dos-deputados-scaled.webp\",\"contentUrl\":\"https:\/\/files.sunoresearch.com.br\/n\/uploads\/2019\/04\/63c1db04-c\u00e2mara-dos-deputados-scaled.webp\",\"width\":2560,\"height\":1704,\"caption\":\"C\u00e2mara dos Deputados (foto: divulga\u00e7\u00e3o)\"},{\"@type\":\"BreadcrumbList\",\"@id\":\"https:\/\/www.suno.com.br\/noticias\/reforma-previdencia-aprovada-camara\/#breadcrumb\",\"itemListElement\":[{\"@type\":\"ListItem\",\"position\":1,\"name\":\"Not\u00edcias\",\"item\":\"https:\/\/www.suno.com.br\/noticias\/\"},{\"@type\":\"ListItem\",\"position\":2,\"name\":\"Economia\",\"item\":\"https:\/\/www.suno.com.br\/noticias\/economia\/\"},{\"@type\":\"ListItem\",\"position\":3,\"name\":\"Reforma da Previd\u00eancia \u00e9 aprovada no plen\u00e1rio da C\u00e2mara\"}]},{\"@type\":\"WebSite\",\"@id\":\"https:\/\/www.suno.com.br\/noticias\/#website\",\"url\":\"https:\/\/www.suno.com.br\/noticias\/\",\"name\":\"Suno Not\u00edcias\",\"description\":\"Seu portal de informa\u00e7\u00e3o sobre o mundo dos investimentos\",\"publisher\":{\"@id\":\"https:\/\/www.suno.com.br\/noticias\/#organization\"},\"potentialAction\":[{\"@type\":\"SearchAction\",\"target\":{\"@type\":\"EntryPoint\",\"urlTemplate\":\"https:\/\/www.suno.com.br\/noticias\/?s={search_term_string}\"},\"query-input\":{\"@type\":\"PropertyValueSpecification\",\"valueRequired\":true,\"valueName\":\"search_term_string\"}}],\"inLanguage\":\"pt-BR\"},{\"@type\":\"Organization\",\"@id\":\"https:\/\/www.suno.com.br\/noticias\/#organization\",\"name\":\"Suno Not\u00edcias\",\"url\":\"https:\/\/www.suno.com.br\/noticias\/\",\"logo\":{\"@type\":\"ImageObject\",\"inLanguage\":\"pt-BR\",\"@id\":\"https:\/\/www.suno.com.br\/noticias\/#\/schema\/logo\/image\/\",\"url\":\"https:\/\/files.sunoresearch.com.br\/n\/uploads\/2021\/09\/suno-logo.png\",\"contentUrl\":\"https:\/\/files.sunoresearch.com.br\/n\/uploads\/2021\/09\/suno-logo.png\",\"width\":180,\"height\":180,\"caption\":\"Suno Not\u00edcias\"},\"image\":{\"@id\":\"https:\/\/www.suno.com.br\/noticias\/#\/schema\/logo\/image\/\"},\"sameAs\":[\"https:\/\/facebook.com\/sunoresearch\",\"https:\/\/x.com\/sunoresearch\",\"https:\/\/www.instagram.com\/suno\",\"https:\/\/www.linkedin.com\/company\/suno-research\/\",\"https:\/\/www.youtube.com\/c\/sunoresearch\"]},{\"@type\":\"Person\",\"@id\":\"https:\/\/www.suno.com.br\/noticias\/#\/schema\/person\/4e19e3d2575736e5283d58eb3199d120\",\"name\":\"Giovanna Oliveira\",\"image\":{\"@type\":\"ImageObject\",\"inLanguage\":\"pt-BR\",\"@id\":\"https:\/\/www.suno.com.br\/noticias\/#\/schema\/person\/image\/\",\"url\":\"https:\/\/secure.gravatar.com\/avatar\/9a37b3ae208962ac568992d0ffdbc2eb?s=96&r=g\",\"contentUrl\":\"https:\/\/secure.gravatar.com\/avatar\/9a37b3ae208962ac568992d0ffdbc2eb?s=96&r=g\",\"caption\":\"Giovanna Oliveira\"},\"description\":\"Giovanna Oliveira escreve sobre economia e pol\u00edtica. Foi rep\u00f3rter do portal de jornalismo da ESPM-SP e produziu conte\u00fado para a Corinthians TV. \u00c9 estudante da ESPM.\",\"url\":\"https:\/\/www.suno.com.br\/noticias\/author\/giovanna\/\"}]}<\/script>\n<!-- \/ Yoast SEO plugin. -->","yoast_head_json":{"title":"Reforma da Previd\u00eancia \u00e9 aprovada no plen\u00e1rio da C\u00e2mara","description":"A reforma da Previd\u00eancia foi aprovada no plen\u00e1rio da C\u00e2mara dos Deputados nesta quarta-feira (10). Clique para saber mais.","robots":{"index":"index","follow":"follow","max-snippet":"max-snippet:-1","max-image-preview":"max-image-preview:large","max-video-preview":"max-video-preview:-1"},"canonical":"https:\/\/www.suno.com.br\/noticias\/reforma-previdencia-aprovada-camara\/","og_locale":"pt_BR","og_type":"article","og_title":"Reforma da Previd\u00eancia \u00e9 aprovada no plen\u00e1rio da C\u00e2mara","og_description":"A reforma da Previd\u00eancia foi aprovada no plen\u00e1rio da C\u00e2mara dos Deputados nesta quarta-feira (10). Clique para saber mais.","og_url":"https:\/\/www.suno.com.br\/noticias\/reforma-previdencia-aprovada-camara\/","og_site_name":"Suno Not\u00edcias","article_publisher":"https:\/\/facebook.com\/sunoresearch","og_image":[{"width":2760,"height":1837,"url":"https:\/\/files.sunoresearch.com.br\/n\/uploads\/2019\/04\/63c1db04-c\u00e2mara-dos-deputados.jpg","type":"image\/jpeg"}],"author":"Giovanna Oliveira","twitter_card":"summary_large_image","twitter_creator":"@sunoresearch","twitter_site":"@sunoresearch","twitter_misc":{"Escrito por":"Giovanna Oliveira","Est. tempo de leitura":"3 minutos"},"schema":{"@context":"https:\/\/schema.org","@graph":[{"@type":"NewsArticle","@id":"https:\/\/www.suno.com.br\/noticias\/reforma-previdencia-aprovada-camara\/#article","isPartOf":{"@id":"https:\/\/www.suno.com.br\/noticias\/reforma-previdencia-aprovada-camara\/"},"author":{"name":"Giovanna Oliveira","@id":"https:\/\/www.suno.com.br\/noticias\/#\/schema\/person\/4e19e3d2575736e5283d58eb3199d120"},"headline":"Reforma da Previd\u00eancia \u00e9 aprovada no plen\u00e1rio da C\u00e2mara","datePublished":"2019-07-10T23:09:44+00:00","dateModified":"2019-07-10T23:38:05+00:00","mainEntityOfPage":{"@id":"https:\/\/www.suno.com.br\/noticias\/reforma-previdencia-aprovada-camara\/"},"wordCount":643,"publisher":{"@id":"https:\/\/www.suno.com.br\/noticias\/#organization"},"image":{"@id":"https:\/\/www.suno.com.br\/noticias\/reforma-previdencia-aprovada-camara\/#primaryimage"},"thumbnailUrl":"https:\/\/files.sunoresearch.com.br\/n\/uploads\/2019\/04\/63c1db04-c\u00e2mara-dos-deputados-scaled.webp","keywords":["C\u00e2mara dos Deputados","Reforma da Previd\u00eancia"],"articleSection":["Economia"],"inLanguage":"pt-BR"},{"@type":"WebPage","@id":"https:\/\/www.suno.com.br\/noticias\/reforma-previdencia-aprovada-camara\/","url":"https:\/\/www.suno.com.br\/noticias\/reforma-previdencia-aprovada-camara\/","name":"Reforma da Previd\u00eancia \u00e9 aprovada no plen\u00e1rio da C\u00e2mara","isPartOf":{"@id":"https:\/\/www.suno.com.br\/noticias\/#website"},"primaryImageOfPage":{"@id":"https:\/\/www.suno.com.br\/noticias\/reforma-previdencia-aprovada-camara\/#primaryimage"},"image":{"@id":"https:\/\/www.suno.com.br\/noticias\/reforma-previdencia-aprovada-camara\/#primaryimage"},"thumbnailUrl":"https:\/\/files.sunoresearch.com.br\/n\/uploads\/2019\/04\/63c1db04-c\u00e2mara-dos-deputados-scaled.webp","datePublished":"2019-07-10T23:09:44+00:00","dateModified":"2019-07-10T23:38:05+00:00","description":"A reforma da Previd\u00eancia foi aprovada no plen\u00e1rio da C\u00e2mara dos Deputados nesta quarta-feira (10). Clique para saber mais.","breadcrumb":{"@id":"https:\/\/www.suno.com.br\/noticias\/reforma-previdencia-aprovada-camara\/#breadcrumb"},"inLanguage":"pt-BR","potentialAction":[{"@type":"ReadAction","target":["https:\/\/www.suno.com.br\/noticias\/reforma-previdencia-aprovada-camara\/"]}]},{"@type":"ImageObject","inLanguage":"pt-BR","@id":"https:\/\/www.suno.com.br\/noticias\/reforma-previdencia-aprovada-camara\/#primaryimage","url":"https:\/\/files.sunoresearch.com.br\/n\/uploads\/2019\/04\/63c1db04-c\u00e2mara-dos-deputados-scaled.webp","contentUrl":"https:\/\/files.sunoresearch.com.br\/n\/uploads\/2019\/04\/63c1db04-c\u00e2mara-dos-deputados-scaled.webp","width":2560,"height":1704,"caption":"C\u00e2mara dos Deputados (foto: divulga\u00e7\u00e3o)"},{"@type":"BreadcrumbList","@id":"https:\/\/www.suno.com.br\/noticias\/reforma-previdencia-aprovada-camara\/#breadcrumb","itemListElement":[{"@type":"ListItem","position":1,"name":"Not\u00edcias","item":"https:\/\/www.suno.com.br\/noticias\/"},{"@type":"ListItem","position":2,"name":"Economia","item":"https:\/\/www.suno.com.br\/noticias\/economia\/"},{"@type":"ListItem","position":3,"name":"Reforma da Previd\u00eancia \u00e9 aprovada no plen\u00e1rio da C\u00e2mara"}]},{"@type":"WebSite","@id":"https:\/\/www.suno.com.br\/noticias\/#website","url":"https:\/\/www.suno.com.br\/noticias\/","name":"Suno Not\u00edcias","description":"Seu portal de informa\u00e7\u00e3o sobre o mundo dos investimentos","publisher":{"@id":"https:\/\/www.suno.com.br\/noticias\/#organization"},"potentialAction":[{"@type":"SearchAction","target":{"@type":"EntryPoint","urlTemplate":"https:\/\/www.suno.com.br\/noticias\/?s={search_term_string}"},"query-input":{"@type":"PropertyValueSpecification","valueRequired":true,"valueName":"search_term_string"}}],"inLanguage":"pt-BR"},{"@type":"Organization","@id":"https:\/\/www.suno.com.br\/noticias\/#organization","name":"Suno Not\u00edcias","url":"https:\/\/www.suno.com.br\/noticias\/","logo":{"@type":"ImageObject","inLanguage":"pt-BR","@id":"https:\/\/www.suno.com.br\/noticias\/#\/schema\/logo\/image\/","url":"https:\/\/files.sunoresearch.com.br\/n\/uploads\/2021\/09\/suno-logo.png","contentUrl":"https:\/\/files.sunoresearch.com.br\/n\/uploads\/2021\/09\/suno-logo.png","width":180,"height":180,"caption":"Suno Not\u00edcias"},"image":{"@id":"https:\/\/www.suno.com.br\/noticias\/#\/schema\/logo\/image\/"},"sameAs":["https:\/\/facebook.com\/sunoresearch","https:\/\/x.com\/sunoresearch","https:\/\/www.instagram.com\/suno","https:\/\/www.linkedin.com\/company\/suno-research\/","https:\/\/www.youtube.com\/c\/sunoresearch"]},{"@type":"Person","@id":"https:\/\/www.suno.com.br\/noticias\/#\/schema\/person\/4e19e3d2575736e5283d58eb3199d120","name":"Giovanna Oliveira","image":{"@type":"ImageObject","inLanguage":"pt-BR","@id":"https:\/\/www.suno.com.br\/noticias\/#\/schema\/person\/image\/","url":"https:\/\/secure.gravatar.com\/avatar\/9a37b3ae208962ac568992d0ffdbc2eb?s=96&r=g","contentUrl":"https:\/\/secure.gravatar.com\/avatar\/9a37b3ae208962ac568992d0ffdbc2eb?s=96&r=g","caption":"Giovanna Oliveira"},"description":"Giovanna Oliveira escreve sobre economia e pol\u00edtica. Foi rep\u00f3rter do portal de jornalismo da ESPM-SP e produziu conte\u00fado para a Corinthians TV. \u00c9 estudante da ESPM.","url":"https:\/\/www.suno.com.br\/noticias\/author\/giovanna\/"}]}},"default_loop_html":"<div class=\"cardsPage__listCard__boxs\"><div class=\"cardsPage__listCard__boxs__img\"><a href=\"https:\/\/www.suno.com.br\/noticias\/reforma-previdencia-aprovada-camara\/\"><img class=\"mask\" src=\"https:\/\/www.suno.com.br\/noticias\/wp-content\/themes\/suno\/resources\/images\/spotlight\/spotlight1img\/bg-mask.png\" alt=\"Image Mask\"\/><img src=\"https:\/\/files.sunoresearch.com.br\/n\/uploads\/2019\/04\/63c1db04-c\u00e2mara-dos-deputados-400x200.webp\" alt=\"Reforma da Previd\u00eancia \u00e9 aprovada no plen\u00e1rio da C\u00e2mara\"\/><\/a><span class=\"spotlightCategory\"><a href=\"https:\/\/www.suno.com.br\/noticias\/economia\/\">Economia<\/a><\/span><\/div><div class=\"cardsPage__listCard__boxs__content\"><a href=\"https:\/\/www.suno.com.br\/noticias\/reforma-previdencia-aprovada-camara\/\"><h2 class=\"content__title\">Reforma da Previd\u00eancia \u00e9 aprovada no plen\u00e1rio da C\u00e2mara<\/h2><\/a><div class=\"newsContent__article__meta\"><div class=\"newsContent__article__meta__authorBox\"><a href=\"https:\/\/www.suno.com.br\/noticias\/author\/giovanna\/\" class=\"authorBox__avatar noMobi\"><img src=\"https:\/\/files.sunoresearch.com.br\/n\/uploads\/2019\/06\/952a89ca-screenshot_20190608-171507-150x150.webp\" alt=\"Giovanna Oliveira\"><\/a><div class=\"authorBox__name\"><span>por\n\t\t\t<a href=\"https:\/\/www.suno.com.br\/noticias\/author\/giovanna\/\"><span itemprop=\"author\">Giovanna Oliveira<\/span><\/a><\/span><time datetime=\"2019-07-10T20:09:44-03:00\" itemprop=\"datePublished\">10\/07\/2019 20:09<\/time><\/div><\/div><\/div><\/div><\/div>","single_layout":"posts","amp_enabled":true,"_links":{"self":[{"href":"https:\/\/www.suno.com.br\/noticias\/wp-json\/wp\/v2\/posts\/30633"}],"collection":[{"href":"https:\/\/www.suno.com.br\/noticias\/wp-json\/wp\/v2\/posts"}],"about":[{"href":"https:\/\/www.suno.com.br\/noticias\/wp-json\/wp\/v2\/types\/post"}],"author":[{"embeddable":true,"href":"https:\/\/www.suno.com.br\/noticias\/wp-json\/wp\/v2\/users\/18"}],"replies":[{"embeddable":true,"href":"https:\/\/www.suno.com.br\/noticias\/wp-json\/wp\/v2\/comments?post=30633"}],"version-history":[{"count":0,"href":"https:\/\/www.suno.com.br\/noticias\/wp-json\/wp\/v2\/posts\/30633\/revisions"}],"wp:featuredmedia":[{"embeddable":true,"href":"https:\/\/www.suno.com.br\/noticias\/wp-json\/wp\/v2\/media\/20943"}],"wp:attachment":[{"href":"https:\/\/www.suno.com.br\/noticias\/wp-json\/wp\/v2\/media?parent=30633"}],"wp:term":[{"taxonomy":"category","embeddable":true,"href":"https:\/\/www.suno.com.br\/noticias\/wp-json\/wp\/v2\/categories?post=30633"},{"taxonomy":"post_tag","embeddable":true,"href":"https:\/\/www.suno.com.br\/noticias\/wp-json\/wp\/v2\/tags?post=30633"},{"taxonomy":"suno_strategy","embeddable":true,"href":"https:\/\/www.suno.com.br\/noticias\/wp-json\/wp\/v2\/suno_strategy?post=30633"}],"curies":[{"name":"wp","href":"https:\/\/api.w.org\/{rel}","templated":true}]}}