{"id":306202,"date":"2022-10-07T07:56:37","date_gmt":"2022-10-07T10:56:37","guid":{"rendered":"https:\/\/www.suno.com.br\/noticias\/?p=306202"},"modified":"2022-10-07T07:56:37","modified_gmt":"2022-10-07T10:56:37","slug":"elon-musk-julgamento-postergado-compra-twitter-twtr34","status":"publish","type":"post","link":"https:\/\/www.suno.com.br\/noticias\/elon-musk-julgamento-postergado-compra-twitter-twtr34\/","title":{"rendered":"Elon Musk: Julgamento \u00e9 &#8216;atrasado&#8217; e compra do Twitter (TWTR34) ser\u00e1 decidida at\u00e9 o fim de outubro"},"content":{"rendered":"<p>O julgamento de <strong><a class=\"suno-keyword\" href=\"https:\/\/www.suno.com.br\/tudo-sobre\/elon-musk\/\" target=\"_blank\" rel=\"noopener\" data-force=\"no\" data-priority=\"2\">Elon Musk<\/a><\/strong>, CEO da Tesla (<a class=\"suno-keyword\" href=\"https:\/\/www.suno.com.br\/bdrs\/tsla34\/\" target=\"_blank\" rel=\"noopener\" data-force=\"yes\" data-priority=\"2\">TSLA34<\/a>), foi adiado por uma ju\u00edza de Delaware que presidiu o confronto em empres\u00e1rio e o Twitter (<a class=\"suno-keyword\" href=\"https:\/\/www.suno.com.br\/bdrs\/twtr34\/\" target=\"_blank\" rel=\"noopener\" data-force=\"yes\" data-priority=\"2\">TWTR34<\/a>). A disputa sobre a compra da rede social por US$ 44 bilh\u00f5es ganhou novos cap\u00edtulos ainda nessa semana, quando o empres\u00e1rio manifestou que talvez volte ao acordo inicial.<\/p><div class=\"videoFull \">\n\t\t\t<div class=\"videoWrapper yt-lazyload center\"\n\t\t\t\tdata-width=\"960\"\n\t\t\t\tdata-height=\"540\"\n\t\t\t\tdata-id=\"H5xWrPJj7CA\"\n\t\t\t\tdata-alt=\"V\u00eddeo do YouTube - clique para reproduzir\"\n\t\t\t\tdata-logo=\"3\"\n\t\t\t\tdata-imagequality=\"maxres\">\n\t\t\t<\/div>\n\t\t<\/div><script type=\"application\/ld+json\">{\"@context\":\"https:\/\/schema.org\",\"@type\":\"VideoObject\",\"name\":\"Elon Musk volta atr\u00e1s e aceita comprar Twitter #TWTR34 pelo pre\u00e7o original\",\"description\":\"#Not\u00edciasdoDia #Not\u00edcias \ud835\udc08\ud835\udc0d\ud835\udc12\ud835\udc02\ud835\udc11\ud835\udc04\ud835\udc15\ud835\udc00-\ud835\udc12\ud835\udc04 \ud835\udc0d\ud835\udc0e \ud835\udc02\ud835\udc00\ud835\udc0d\ud835\udc00\ud835\udc0b \ud835\udc04 \ud835\udc00\ud835\udc13\ud835\udc08\ud835\udc15\ud835\udc04 \ud835\udc0e \ud835\udc12\ud835\udc08\ud835\udc0d\ud835\udc0e \ud83d\udc47 https:\/\/bit.ly\/INSCREVA-SEATIVEOSINO \ud83d\udcda \ud83d\udcb8\ud835\udc02\ud835\udc28\ud835\udc27\ud835\udc2c\ud835\udc2d\ud835\udc2b\ud835\udc2e\ud835\udc1a \ud835\udc2e\ud835\udc26\ud835\udc1a \ud835\udc1c\ud835\udc1a\ud835\udc2b\ud835\udc2d\ud835\udc1e\ud835\udc22\ud835\udc2b\ud835\udc1a \ud835\udc1c\ud835\udc1a\ud835\udc26\ud835\udc29\ud835\udc1e\u00e3 \ud835\udc2e\ud835\udc2c\ud835\udc1a\ud835\udc27\ud835\udc1d\ud835\udc28 \ud835\udc1a\ud835\udc2c \ud835\udc2d\u00e1\ud835\udc2d\ud835\udc22\ud835\udc1c\ud835\udc1a\ud835\udc2c \ud835\udc1d\ud835\udc1a \ud835\udc12\ud835\udc2e\ud835\udc27\ud835\udc28 \ud835\udc1e \ud835\udc2d\ud835\udc1e\ud835\udc27\ud835\udc21\ud835\udc1a \ud835\udc2b\ud835\udc1e\ud835\udc2c\ud835\udc2e\ud835\udc25\ud835\udc2d\ud835\udc1a\ud835\udc1d\ud835\udc28\ud835\udc2c \ud835\udc1a\ud835\udc1c\ud835\udc22\ud835\udc26\ud835\udc1a \ud835\udc1d\ud835\udc1a \ud835\udc26\u00e9\ud835\udc1d\ud835\udc22\ud835\udc1a. \ud835\udc00 \ud835\udc01\ud835\udc25\ud835\udc1a\ud835\udc1c\ud835\udc24 \ud835\udc05\ud835\udc2b\ud835\udc22\ud835\udc1d\ud835\udc1a\ud835\udc32 \ud835\udc1e\ud835\udc2c\ud835\udc2d\u00e1 \ud835\udc1c\ud835\udc21\ud835\udc1e\ud835\udc20\ud835\udc1a\ud835\udc27\ud835\udc1d\ud835\udc28 \ud835\udc1e \ud835\udc2f\ud835\udc28\ud835\udc1c\u00ea \ud835\udc29\ud835\udc2b\ud835\udc1e\ud835\udc1c\ud835\udc22\ud835\udc2c\ud835\udc1a \ud835\udc1e\ud835\udc2c\ud835\udc2d\ud835\udc1a\ud835\udc2b \ud835\udc29\ud835\udc2b\ud835\udc1e\ud835\udc29\ud835\udc1a\ud835\udc2b\ud835\udc1a\ud835\udc1d\ud835\udc28 \ud835\udc29\ud835\udc1a\ud835\udc2b\ud835\udc1a \ud835\udc1a\ud835\udc29\ud835\udc2b\ud835\udc28\ud835\udc2f\ud835\udc1e\ud835\udc22\ud835\udc2d\ud835\udc1a\ud835\udc2b \ud835\udc1a\ud835\udc2c \ud835\udc26\ud835\udc1e\ud835\udc25\ud835\udc21\ud835\udc28\ud835\udc2b\ud835\udc1e\ud835\udc2c \ud835\udc28\ud835\udc1f\ud835\udc1e\ud835\udc2b\ud835\udc2d\ud835\udc1a\ud835\udc2c \ud835\udc1d\ud835\udc1a \ud835\udc12\ud835\udc2e\ud835\udc27\ud835\udc28 \ud835\udc27\ud835\udc28 \ud835\udc1a\ud835\udc27\ud835\udc28. \ud835\udc02\ud835\udc25\ud835\udc22\ud835\udc2a\ud835\udc2e\ud835\udc1e \ud835\udc27\ud835\udc28 \ud835\udc25\ud835\udc22\ud835\udc27\ud835\udc24 https:\/\/bit.ly\/3SHe5k6 As a\u00e7\u00f5es do Twitter #TWTR34\u2026\",\"duration\":\"PT1M57S\",\"embedUrl\":\"https:\/\/www.youtube.com\/embed\/H5xWrPJj7CA\",\"regionsAllowed\":\"pt-BR\",\"interactionStatistic\":{\"@type\":\"InteractionCounter\",\"interactionType\":{\"@type\":\"WatchAction\"},\"userInteractionCount\":217},\"thumbnailUrl\":\"https:\/\/i.ytimg.com\/vi\/H5xWrPJj7CA\/default.jpg\",\"uploadDate\":\"2022-10-05T19:00:05Z\"}<\/script>\n\n\t<p>\n\t\t<a href=\"\" target=\"_blank\" data-element=\"shortcode-suno-banner\" title=\"Banner SUNO, clique e saiba mais\">\n\t\t\t<picture>\n\t\t\t\t<source media=\"(max-width: 500px)\" srcset=\"\">\n\t\t\t\t<img class=\"newsContent__article__imgCapa newsContent__article__imgCapa--banner\"\n\t\t\t\t\tsrc=\"\"\n\t\t\t\t\tdata-promo-id=\"240038\"\t\t\t\t\t\t\t\t\t\t\t\t\t\t\talt=\"\"\n\t\t\t\t>\n\t\t\t<\/picture>\n\t\t<\/a>\n\t<\/p>\n\n\n<p>Agora Elon Musk tem at\u00e9 o dia 28 de outubro para fechar um acordo sobre a\u00a0<a href=\"https:\/\/www.suno.com.br\/noticias\/elon-musk-app-tudo-compra-twitter\/\"><strong>compra do Twitter<\/strong> <\/a>&#8211; o que evitaria o embate judicial. Essa posterga\u00e7\u00e3o veio ap\u00f3s um pedido judicial do empres\u00e1rio.<\/p>\n<p><a href=\"https:\/\/courts.delaware.gov\/\">A <strong>ju\u00edza<\/strong>, Kathaleen McCormick<\/a>, disse que se o acordo n\u00e3o for fechado at\u00e9 essa data, as partes devem entrar em contato com ela para agendar um julgamento em novembro.<\/p>\n<p>Ela j\u00e1 havia negado tentativas de Musk de <a href=\"https:\/\/www.suno.com.br\/noticias\/elon-musk-twitter-twtr34-julgamento-rapido\/\">adiar o julgamento<\/a> e o acelerou a pedido do Twitter.<\/p>\n<p>\u00c0 medida que a data do julgamento de 17 de outubro se aproximava, Musk deu in\u00edcio \u00e0s negocia\u00e7\u00f5es no in\u00edcio desta semana com sua proposta surpresa de fechar o acordo pelo pre\u00e7o original, depois de tentar por meses sair dele.<\/p>\n<p>As negocia\u00e7\u00f5es, que se seguiram a um esfor\u00e7o anterior de Musk para negociar um pre\u00e7o mais baixo, foram focadas nas condi\u00e7\u00f5es para suspender o lit\u00edgio sobre o acordo at\u00e9 que ele possa ser fechado e em garantir que o financiamento da d\u00edvida de Musk permane\u00e7a em vigor. Musk havia acrescentado o pedido de que o acordo dependesse do recebimento de US$ 13 bilh\u00f5es em financiamento de d\u00edvida que ele alinhou para ajudar a financi\u00e1-lo.<\/p>\n<p>Na quinta-feira, a disputa se tornou p\u00fablica com a apresenta\u00e7\u00e3o de Musk, que dizia que ele esperava ter o financiamento para fechar o acordo por volta de 28 de outubro.<\/p>\n<p>O Twitter respondeu chamando seu pedido de &#8220;convite para mais travessuras e atrasos&#8221;.<\/p>\n<p>Musk em seu arquivamento disse que os bancos financiadores est\u00e3o trabalhando para financiar o acordo para que ele possa ser fechado. Ele argumentou que prosseguir com o lit\u00edgio por enquanto, como o Twitter prefere, poderia manter o acordo no limbo por mais tempo.<\/p>\n<p><a href=\"https:\/\/www.suno.com.br\/noticias\/twitter-twtr34-dispara-apos-reviravolta-negociacao-musk\/\">&#8220;O Twitter n\u00e3o aceitar\u00e1 um sim como resposta&#8221;, dizia o documento<\/a>.<\/p>\n<p>&#8220;Surpreendentemente, eles insistiram em prosseguir com este lit\u00edgio, imprudentemente colocando o neg\u00f3cio em risco e jogando com os interesses de seus acionistas&#8221;.<\/p>\n\t<p>\n\t\t<a href=\"\" target=\"_blank\" data-element=\"shortcode-suno-banner\" title=\"Banner SUNO, clique e saiba mais\">\n\t\t\t<picture>\n\t\t\t\t<source media=\"(max-width: 500px)\" srcset=\"\">\n\t\t\t\t<img class=\"newsContent__article__imgCapa newsContent__article__imgCapa--banner\"\n\t\t\t\t\tsrc=\"\"\n\t\t\t\t\tdata-promo-id=\"274968\"\t\t\t\t\t\t\t\t\t\t\t\t\t\t\talt=\"\"\n\t\t\t\t>\n\t\t\t<\/picture>\n\t\t<\/a>\n\t<\/p>\n\n\n<h2>Twitter espera fechar acordo com Elon Musk<\/h2>\n<p>O Twitter respondeu prontamente em seu pr\u00f3prio arquivo, argumentando que o lado de Musk est\u00e1 se recusando a aceitar suas obriga\u00e7\u00f5es contratuais.<\/p>\n<p>Advogados de ambos os lados vinham tentando chegar a um acordo nos pr\u00f3ximos dias que interrompesse o julgamento e evitaria um depoimento de Musk. A ideia era colocar o lit\u00edgio em espera at\u00e9 o fechamento do neg\u00f3cio, momento em que seria descartado. A decis\u00e3o da ju\u00edza nega a necessidade de tal acordo.<\/p>\n<p>O Twitter disse em resposta \u00e0 decis\u00e3o que espera fechar a transa\u00e7\u00e3o com <strong>Elon Musk <\/strong>no valor originalmente acordado de US$ 54,20 por a\u00e7\u00e3o at\u00e9 28 de outubro.<\/p>\n<p class=\"newsProviderSignature\">Com Estad\u00e3o Conte\u00fado<\/p>\n\t<p>\n\t\t<a href=\"https:\/\/lp.suno.com.br\/planilha-controle-gastos\/\" target=\"_blank\" data-element=\"shortcode-suno-banner\" title=\"Banner SUNO, clique e saiba mais\">\n\t\t\t<picture>\n\t\t\t\t<source media=\"(max-width: 500px)\" srcset=\"https:\/\/files.sunoresearch.com.br\/n\/uploads\/2023\/03\/400x300-Planilha-controle-de-gastos.png\">\n\t\t\t\t<img class=\"newsContent__article__imgCapa newsContent__article__imgCapa--banner\"\n\t\t\t\t\tsrc=\"https:\/\/files.sunoresearch.com.br\/n\/uploads\/2023\/03\/1420x240-Planilha-controle-de-gastos.png\"\n\t\t\t\t\tdata-promo-id=\"101751\"\t\t\t\t\t\t\t\t\t\twidth='1420' height='240'\t\t\t\t\talt=\"https:\/\/files.sunoresearch.com.br\/n\/uploads\/2023\/03\/1420x240-Planilha-controle-de-gastos.png\"\n\t\t\t\t>\n\t\t\t<\/picture>\n\t\t<\/a>\n\t<\/p>\n\n\n","protected":false},"excerpt":{"rendered":"<p>O julgamento de Elon Musk, CEO da Tesla (TSLA34), foi adiado por uma ju\u00edza de Delaware que presidiu o confronto em empres\u00e1rio e o Twitter (TWTR34). A disputa sobre a compra da rede social por US$ 44 bilh\u00f5es ganhou novos cap\u00edtulos ainda nessa semana, quando o empres\u00e1rio manifestou que talvez volte ao acordo inicial. Agora [&hellip;]<\/p>\n","protected":false},"author":73,"featured_media":78959,"comment_status":"closed","ping_status":"closed","sticky":false,"template":"","format":"standard","meta":[],"categories":[63],"tags":[106444,726,1110],"suno_strategy":[],"class_list":["post-306202","post","type-post","status-publish","format-standard","has-post-thumbnail","hentry","category-internacional","tag-agencias","tag-elon-musk","tag-twitter-twtr34"],"yoast_head":"<!-- This site is optimized with the Yoast SEO plugin v24.4 - https:\/\/yoast.com\/wordpress\/plugins\/seo\/ -->\n<title>Elon Musk e Twitter (TWTR34) far\u00e3o acordo em 20 dias ap\u00f3s &#039;atraso&#039; de julgamento<\/title>\n<meta name=\"description\" content=\"A ju\u00edza de Delaware postergou a data final do julgamento a fim de dar f\u00f4lego \u00e0 negocia\u00e7\u00e3o entre Elon Musk e o Twitter. Confira!\" \/>\n<meta name=\"robots\" content=\"index, follow, max-snippet:-1, max-image-preview:large, max-video-preview:-1\" \/>\n<link rel=\"canonical\" href=\"https:\/\/www.suno.com.br\/noticias\/elon-musk-julgamento-postergado-compra-twitter-twtr34\/\" \/>\n<meta property=\"og:locale\" content=\"pt_BR\" \/>\n<meta property=\"og:type\" content=\"article\" \/>\n<meta property=\"og:title\" content=\"Elon Musk e Twitter (TWTR34) far\u00e3o acordo em 20 dias ap\u00f3s &#039;atraso&#039; de julgamento\" \/>\n<meta property=\"og:description\" content=\"A ju\u00edza de Delaware postergou a data final do julgamento a fim de dar f\u00f4lego \u00e0 negocia\u00e7\u00e3o entre Elon Musk e o Twitter. Confira!\" \/>\n<meta property=\"og:url\" content=\"https:\/\/www.suno.com.br\/noticias\/elon-musk-julgamento-postergado-compra-twitter-twtr34\/\" \/>\n<meta property=\"og:site_name\" content=\"Suno Not\u00edcias\" \/>\n<meta property=\"article:publisher\" content=\"https:\/\/facebook.com\/sunoresearch\" \/>\n<meta property=\"og:image\" content=\"https:\/\/files.sunoresearch.com.br\/n\/uploads\/2020\/08\/b60eb581-musk.jpg\" \/>\n\t<meta property=\"og:image:width\" content=\"1920\" \/>\n\t<meta property=\"og:image:height\" content=\"1080\" \/>\n\t<meta property=\"og:image:type\" content=\"image\/jpeg\" \/>\n<meta name=\"author\" content=\"Eduardo Vargas\" \/>\n<meta name=\"twitter:card\" content=\"summary_large_image\" \/>\n<meta name=\"twitter:creator\" content=\"@sunoresearch\" \/>\n<meta name=\"twitter:site\" content=\"@sunoresearch\" \/>\n<meta name=\"twitter:label1\" content=\"Escrito por\" \/>\n\t<meta name=\"twitter:data1\" content=\"Eduardo Vargas\" \/>\n\t<meta name=\"twitter:label2\" content=\"Est. tempo de leitura\" \/>\n\t<meta name=\"twitter:data2\" content=\"3 minutos\" \/>\n<script type=\"application\/ld+json\" class=\"yoast-schema-graph\">{\"@context\":\"https:\/\/schema.org\",\"@graph\":[{\"@type\":\"NewsArticle\",\"@id\":\"https:\/\/www.suno.com.br\/noticias\/elon-musk-julgamento-postergado-compra-twitter-twtr34\/#article\",\"isPartOf\":{\"@id\":\"https:\/\/www.suno.com.br\/noticias\/elon-musk-julgamento-postergado-compra-twitter-twtr34\/\"},\"author\":{\"name\":\"Eduardo Vargas\",\"@id\":\"https:\/\/www.suno.com.br\/noticias\/#\/schema\/person\/7f4d362bf3518e76090143ae77bb49a5\"},\"headline\":\"Elon Musk: Julgamento \u00e9 &#8216;atrasado&#8217; e compra do Twitter (TWTR34) ser\u00e1 decidida at\u00e9 o fim de outubro\",\"datePublished\":\"2022-10-07T10:56:37+00:00\",\"mainEntityOfPage\":{\"@id\":\"https:\/\/www.suno.com.br\/noticias\/elon-musk-julgamento-postergado-compra-twitter-twtr34\/\"},\"wordCount\":540,\"publisher\":{\"@id\":\"https:\/\/www.suno.com.br\/noticias\/#organization\"},\"image\":{\"@id\":\"https:\/\/www.suno.com.br\/noticias\/elon-musk-julgamento-postergado-compra-twitter-twtr34\/#primaryimage\"},\"thumbnailUrl\":\"https:\/\/files.sunoresearch.com.br\/n\/uploads\/2020\/08\/b60eb581-musk.jpg\",\"keywords\":[\"Ag\u00eancias\",\"Elon Musk\",\"Twitter (TWTR34)\"],\"articleSection\":[\"Internacional\"],\"inLanguage\":\"pt-BR\"},{\"@type\":\"WebPage\",\"@id\":\"https:\/\/www.suno.com.br\/noticias\/elon-musk-julgamento-postergado-compra-twitter-twtr34\/\",\"url\":\"https:\/\/www.suno.com.br\/noticias\/elon-musk-julgamento-postergado-compra-twitter-twtr34\/\",\"name\":\"Elon Musk e Twitter (TWTR34) far\u00e3o acordo em 20 dias ap\u00f3s 'atraso' de julgamento\",\"isPartOf\":{\"@id\":\"https:\/\/www.suno.com.br\/noticias\/#website\"},\"primaryImageOfPage\":{\"@id\":\"https:\/\/www.suno.com.br\/noticias\/elon-musk-julgamento-postergado-compra-twitter-twtr34\/#primaryimage\"},\"image\":{\"@id\":\"https:\/\/www.suno.com.br\/noticias\/elon-musk-julgamento-postergado-compra-twitter-twtr34\/#primaryimage\"},\"thumbnailUrl\":\"https:\/\/files.sunoresearch.com.br\/n\/uploads\/2020\/08\/b60eb581-musk.jpg\",\"datePublished\":\"2022-10-07T10:56:37+00:00\",\"description\":\"A ju\u00edza de Delaware postergou a data final do julgamento a fim de dar f\u00f4lego \u00e0 negocia\u00e7\u00e3o entre Elon Musk e o Twitter. Confira!\",\"breadcrumb\":{\"@id\":\"https:\/\/www.suno.com.br\/noticias\/elon-musk-julgamento-postergado-compra-twitter-twtr34\/#breadcrumb\"},\"inLanguage\":\"pt-BR\",\"potentialAction\":[{\"@type\":\"ReadAction\",\"target\":[\"https:\/\/www.suno.com.br\/noticias\/elon-musk-julgamento-postergado-compra-twitter-twtr34\/\"]}]},{\"@type\":\"ImageObject\",\"inLanguage\":\"pt-BR\",\"@id\":\"https:\/\/www.suno.com.br\/noticias\/elon-musk-julgamento-postergado-compra-twitter-twtr34\/#primaryimage\",\"url\":\"https:\/\/files.sunoresearch.com.br\/n\/uploads\/2020\/08\/b60eb581-musk.jpg\",\"contentUrl\":\"https:\/\/files.sunoresearch.com.br\/n\/uploads\/2020\/08\/b60eb581-musk.jpg\",\"width\":1920,\"height\":1080,\"caption\":\"Grok: nova IA de Elon Musk quer derrubar o ChatGPT. Foto: Pexels.\"},{\"@type\":\"BreadcrumbList\",\"@id\":\"https:\/\/www.suno.com.br\/noticias\/elon-musk-julgamento-postergado-compra-twitter-twtr34\/#breadcrumb\",\"itemListElement\":[{\"@type\":\"ListItem\",\"position\":1,\"name\":\"Not\u00edcias\",\"item\":\"https:\/\/www.suno.com.br\/noticias\/\"},{\"@type\":\"ListItem\",\"position\":2,\"name\":\"Internacional\",\"item\":\"https:\/\/www.suno.com.br\/noticias\/internacional\/\"},{\"@type\":\"ListItem\",\"position\":3,\"name\":\"Elon Musk: Julgamento \u00e9 &#8216;atrasado&#8217; e compra do Twitter (TWTR34) ser\u00e1 decidida at\u00e9 o fim de outubro\"}]},{\"@type\":\"WebSite\",\"@id\":\"https:\/\/www.suno.com.br\/noticias\/#website\",\"url\":\"https:\/\/www.suno.com.br\/noticias\/\",\"name\":\"Suno Not\u00edcias\",\"description\":\"Seu portal de informa\u00e7\u00e3o sobre o mundo dos investimentos\",\"publisher\":{\"@id\":\"https:\/\/www.suno.com.br\/noticias\/#organization\"},\"potentialAction\":[{\"@type\":\"SearchAction\",\"target\":{\"@type\":\"EntryPoint\",\"urlTemplate\":\"https:\/\/www.suno.com.br\/noticias\/?s={search_term_string}\"},\"query-input\":{\"@type\":\"PropertyValueSpecification\",\"valueRequired\":true,\"valueName\":\"search_term_string\"}}],\"inLanguage\":\"pt-BR\"},{\"@type\":\"Organization\",\"@id\":\"https:\/\/www.suno.com.br\/noticias\/#organization\",\"name\":\"Suno Not\u00edcias\",\"url\":\"https:\/\/www.suno.com.br\/noticias\/\",\"logo\":{\"@type\":\"ImageObject\",\"inLanguage\":\"pt-BR\",\"@id\":\"https:\/\/www.suno.com.br\/noticias\/#\/schema\/logo\/image\/\",\"url\":\"https:\/\/files.sunoresearch.com.br\/n\/uploads\/2021\/09\/suno-logo.png\",\"contentUrl\":\"https:\/\/files.sunoresearch.com.br\/n\/uploads\/2021\/09\/suno-logo.png\",\"width\":180,\"height\":180,\"caption\":\"Suno Not\u00edcias\"},\"image\":{\"@id\":\"https:\/\/www.suno.com.br\/noticias\/#\/schema\/logo\/image\/\"},\"sameAs\":[\"https:\/\/facebook.com\/sunoresearch\",\"https:\/\/x.com\/sunoresearch\",\"https:\/\/www.instagram.com\/suno\",\"https:\/\/www.linkedin.com\/company\/suno-research\/\",\"https:\/\/www.youtube.com\/c\/sunoresearch\"]},{\"@type\":\"Person\",\"@id\":\"https:\/\/www.suno.com.br\/noticias\/#\/schema\/person\/7f4d362bf3518e76090143ae77bb49a5\",\"name\":\"Eduardo Vargas\",\"image\":{\"@type\":\"ImageObject\",\"inLanguage\":\"pt-BR\",\"@id\":\"https:\/\/www.suno.com.br\/noticias\/#\/schema\/person\/image\/\",\"url\":\"https:\/\/secure.gravatar.com\/avatar\/dac340933427a22924c9f99d1eb2e3f2?s=96&r=g\",\"contentUrl\":\"https:\/\/secure.gravatar.com\/avatar\/dac340933427a22924c9f99d1eb2e3f2?s=96&r=g\",\"caption\":\"Eduardo Vargas\"},\"description\":\"Jornalista formado pela UFSC, cobre macroeconomia, neg\u00f3cios e startups para o Suno Not\u00edcias, escrevendo principalmente not\u00edcias sobre o mercado financeiro e a bolsa de valores. No YouTube e no Instagram, \u00e9 respons\u00e1vel pela produ\u00e7\u00e3o de Reels e Shorts do Suno Not\u00edcias. Anteriormente, trabalhou cobrindo economia e cotidiano no ND+ e para o ND, maior jornal impresso de Santa Catarina. Cursou um semestre letivo de Estudos de M\u00eddia na Universidad de Buenos Aires.\",\"url\":\"https:\/\/www.suno.com.br\/noticias\/author\/eduardo-vargas\/\"}]}<\/script>\n<!-- \/ Yoast SEO plugin. -->","yoast_head_json":{"title":"Elon Musk e Twitter (TWTR34) far\u00e3o acordo em 20 dias ap\u00f3s 'atraso' de julgamento","description":"A ju\u00edza de Delaware postergou a data final do julgamento a fim de dar f\u00f4lego \u00e0 negocia\u00e7\u00e3o entre Elon Musk e o Twitter. Confira!","robots":{"index":"index","follow":"follow","max-snippet":"max-snippet:-1","max-image-preview":"max-image-preview:large","max-video-preview":"max-video-preview:-1"},"canonical":"https:\/\/www.suno.com.br\/noticias\/elon-musk-julgamento-postergado-compra-twitter-twtr34\/","og_locale":"pt_BR","og_type":"article","og_title":"Elon Musk e Twitter (TWTR34) far\u00e3o acordo em 20 dias ap\u00f3s 'atraso' de julgamento","og_description":"A ju\u00edza de Delaware postergou a data final do julgamento a fim de dar f\u00f4lego \u00e0 negocia\u00e7\u00e3o entre Elon Musk e o Twitter. Confira!","og_url":"https:\/\/www.suno.com.br\/noticias\/elon-musk-julgamento-postergado-compra-twitter-twtr34\/","og_site_name":"Suno Not\u00edcias","article_publisher":"https:\/\/facebook.com\/sunoresearch","og_image":[{"width":1920,"height":1080,"url":"https:\/\/files.sunoresearch.com.br\/n\/uploads\/2020\/08\/b60eb581-musk.jpg","type":"image\/jpeg"}],"author":"Eduardo Vargas","twitter_card":"summary_large_image","twitter_creator":"@sunoresearch","twitter_site":"@sunoresearch","twitter_misc":{"Escrito por":"Eduardo Vargas","Est. tempo de leitura":"3 minutos"},"schema":{"@context":"https:\/\/schema.org","@graph":[{"@type":"NewsArticle","@id":"https:\/\/www.suno.com.br\/noticias\/elon-musk-julgamento-postergado-compra-twitter-twtr34\/#article","isPartOf":{"@id":"https:\/\/www.suno.com.br\/noticias\/elon-musk-julgamento-postergado-compra-twitter-twtr34\/"},"author":{"name":"Eduardo Vargas","@id":"https:\/\/www.suno.com.br\/noticias\/#\/schema\/person\/7f4d362bf3518e76090143ae77bb49a5"},"headline":"Elon Musk: Julgamento \u00e9 &#8216;atrasado&#8217; e compra do Twitter (TWTR34) ser\u00e1 decidida at\u00e9 o fim de outubro","datePublished":"2022-10-07T10:56:37+00:00","mainEntityOfPage":{"@id":"https:\/\/www.suno.com.br\/noticias\/elon-musk-julgamento-postergado-compra-twitter-twtr34\/"},"wordCount":540,"publisher":{"@id":"https:\/\/www.suno.com.br\/noticias\/#organization"},"image":{"@id":"https:\/\/www.suno.com.br\/noticias\/elon-musk-julgamento-postergado-compra-twitter-twtr34\/#primaryimage"},"thumbnailUrl":"https:\/\/files.sunoresearch.com.br\/n\/uploads\/2020\/08\/b60eb581-musk.jpg","keywords":["Ag\u00eancias","Elon Musk","Twitter (TWTR34)"],"articleSection":["Internacional"],"inLanguage":"pt-BR"},{"@type":"WebPage","@id":"https:\/\/www.suno.com.br\/noticias\/elon-musk-julgamento-postergado-compra-twitter-twtr34\/","url":"https:\/\/www.suno.com.br\/noticias\/elon-musk-julgamento-postergado-compra-twitter-twtr34\/","name":"Elon Musk e Twitter (TWTR34) far\u00e3o acordo em 20 dias ap\u00f3s 'atraso' de julgamento","isPartOf":{"@id":"https:\/\/www.suno.com.br\/noticias\/#website"},"primaryImageOfPage":{"@id":"https:\/\/www.suno.com.br\/noticias\/elon-musk-julgamento-postergado-compra-twitter-twtr34\/#primaryimage"},"image":{"@id":"https:\/\/www.suno.com.br\/noticias\/elon-musk-julgamento-postergado-compra-twitter-twtr34\/#primaryimage"},"thumbnailUrl":"https:\/\/files.sunoresearch.com.br\/n\/uploads\/2020\/08\/b60eb581-musk.jpg","datePublished":"2022-10-07T10:56:37+00:00","description":"A ju\u00edza de Delaware postergou a data final do julgamento a fim de dar f\u00f4lego \u00e0 negocia\u00e7\u00e3o entre Elon Musk e o Twitter. Confira!","breadcrumb":{"@id":"https:\/\/www.suno.com.br\/noticias\/elon-musk-julgamento-postergado-compra-twitter-twtr34\/#breadcrumb"},"inLanguage":"pt-BR","potentialAction":[{"@type":"ReadAction","target":["https:\/\/www.suno.com.br\/noticias\/elon-musk-julgamento-postergado-compra-twitter-twtr34\/"]}]},{"@type":"ImageObject","inLanguage":"pt-BR","@id":"https:\/\/www.suno.com.br\/noticias\/elon-musk-julgamento-postergado-compra-twitter-twtr34\/#primaryimage","url":"https:\/\/files.sunoresearch.com.br\/n\/uploads\/2020\/08\/b60eb581-musk.jpg","contentUrl":"https:\/\/files.sunoresearch.com.br\/n\/uploads\/2020\/08\/b60eb581-musk.jpg","width":1920,"height":1080,"caption":"Grok: nova IA de Elon Musk quer derrubar o ChatGPT. Foto: Pexels."},{"@type":"BreadcrumbList","@id":"https:\/\/www.suno.com.br\/noticias\/elon-musk-julgamento-postergado-compra-twitter-twtr34\/#breadcrumb","itemListElement":[{"@type":"ListItem","position":1,"name":"Not\u00edcias","item":"https:\/\/www.suno.com.br\/noticias\/"},{"@type":"ListItem","position":2,"name":"Internacional","item":"https:\/\/www.suno.com.br\/noticias\/internacional\/"},{"@type":"ListItem","position":3,"name":"Elon Musk: Julgamento \u00e9 &#8216;atrasado&#8217; e compra do Twitter (TWTR34) ser\u00e1 decidida at\u00e9 o fim de outubro"}]},{"@type":"WebSite","@id":"https:\/\/www.suno.com.br\/noticias\/#website","url":"https:\/\/www.suno.com.br\/noticias\/","name":"Suno Not\u00edcias","description":"Seu portal de informa\u00e7\u00e3o sobre o mundo dos investimentos","publisher":{"@id":"https:\/\/www.suno.com.br\/noticias\/#organization"},"potentialAction":[{"@type":"SearchAction","target":{"@type":"EntryPoint","urlTemplate":"https:\/\/www.suno.com.br\/noticias\/?s={search_term_string}"},"query-input":{"@type":"PropertyValueSpecification","valueRequired":true,"valueName":"search_term_string"}}],"inLanguage":"pt-BR"},{"@type":"Organization","@id":"https:\/\/www.suno.com.br\/noticias\/#organization","name":"Suno Not\u00edcias","url":"https:\/\/www.suno.com.br\/noticias\/","logo":{"@type":"ImageObject","inLanguage":"pt-BR","@id":"https:\/\/www.suno.com.br\/noticias\/#\/schema\/logo\/image\/","url":"https:\/\/files.sunoresearch.com.br\/n\/uploads\/2021\/09\/suno-logo.png","contentUrl":"https:\/\/files.sunoresearch.com.br\/n\/uploads\/2021\/09\/suno-logo.png","width":180,"height":180,"caption":"Suno Not\u00edcias"},"image":{"@id":"https:\/\/www.suno.com.br\/noticias\/#\/schema\/logo\/image\/"},"sameAs":["https:\/\/facebook.com\/sunoresearch","https:\/\/x.com\/sunoresearch","https:\/\/www.instagram.com\/suno","https:\/\/www.linkedin.com\/company\/suno-research\/","https:\/\/www.youtube.com\/c\/sunoresearch"]},{"@type":"Person","@id":"https:\/\/www.suno.com.br\/noticias\/#\/schema\/person\/7f4d362bf3518e76090143ae77bb49a5","name":"Eduardo Vargas","image":{"@type":"ImageObject","inLanguage":"pt-BR","@id":"https:\/\/www.suno.com.br\/noticias\/#\/schema\/person\/image\/","url":"https:\/\/secure.gravatar.com\/avatar\/dac340933427a22924c9f99d1eb2e3f2?s=96&r=g","contentUrl":"https:\/\/secure.gravatar.com\/avatar\/dac340933427a22924c9f99d1eb2e3f2?s=96&r=g","caption":"Eduardo Vargas"},"description":"Jornalista formado pela UFSC, cobre macroeconomia, neg\u00f3cios e startups para o Suno Not\u00edcias, escrevendo principalmente not\u00edcias sobre o mercado financeiro e a bolsa de valores. No YouTube e no Instagram, \u00e9 respons\u00e1vel pela produ\u00e7\u00e3o de Reels e Shorts do Suno Not\u00edcias. Anteriormente, trabalhou cobrindo economia e cotidiano no ND+ e para o ND, maior jornal impresso de Santa Catarina. Cursou um semestre letivo de Estudos de M\u00eddia na Universidad de Buenos Aires.","url":"https:\/\/www.suno.com.br\/noticias\/author\/eduardo-vargas\/"}]}},"default_loop_html":"<div class=\"cardsPage__listCard__boxs\"><div class=\"cardsPage__listCard__boxs__img\"><a href=\"https:\/\/www.suno.com.br\/noticias\/elon-musk-julgamento-postergado-compra-twitter-twtr34\/\"><img class=\"mask\" src=\"https:\/\/www.suno.com.br\/noticias\/wp-content\/themes\/suno\/resources\/images\/spotlight\/spotlight1img\/bg-mask.png\" alt=\"Image Mask\"\/><img src=\"https:\/\/files.sunoresearch.com.br\/n\/uploads\/2020\/08\/b60eb581-musk-400x200.webp\" alt=\"Elon Musk: Julgamento \u00e9 &#8216;atrasado&#8217; e compra do Twitter (TWTR34) ser\u00e1 decidida at\u00e9 o fim de outubro\"\/><\/a><span class=\"spotlightCategory\"><a href=\"https:\/\/www.suno.com.br\/noticias\/internacional\/\">Internacional<\/a><\/span><\/div><div class=\"cardsPage__listCard__boxs__content\"><a href=\"https:\/\/www.suno.com.br\/noticias\/elon-musk-julgamento-postergado-compra-twitter-twtr34\/\"><h2 class=\"content__title\">Elon Musk: Julgamento \u00e9 &#8216;atrasado&#8217; e compra do Twitter (TWTR34) ser\u00e1 decidida at\u00e9 o fim de outubro<\/h2><\/a><div class=\"newsContent__article__meta\"><div class=\"newsContent__article__meta__authorBox\"><a href=\"https:\/\/www.suno.com.br\/noticias\/author\/eduardo-vargas\/\" class=\"authorBox__avatar noMobi\"><img src=\"https:\/\/secure.gravatar.com\/avatar\/dac340933427a22924c9f99d1eb2e3f2?s=96&#038;r=g\" alt=\"Eduardo Vargas\"><\/a><div class=\"authorBox__name\"><span>por\n\t\t\t<a href=\"https:\/\/www.suno.com.br\/noticias\/author\/eduardo-vargas\/\"><span itemprop=\"author\">Eduardo Vargas<\/span><\/a><\/span><time datetime=\"2022-10-07T07:56:37-03:00\" itemprop=\"datePublished\">07\/10\/2022 07:56<\/time><\/div><\/div><\/div><\/div><\/div>","single_layout":"posts","amp_enabled":true,"_links":{"self":[{"href":"https:\/\/www.suno.com.br\/noticias\/wp-json\/wp\/v2\/posts\/306202"}],"collection":[{"href":"https:\/\/www.suno.com.br\/noticias\/wp-json\/wp\/v2\/posts"}],"about":[{"href":"https:\/\/www.suno.com.br\/noticias\/wp-json\/wp\/v2\/types\/post"}],"author":[{"embeddable":true,"href":"https:\/\/www.suno.com.br\/noticias\/wp-json\/wp\/v2\/users\/73"}],"replies":[{"embeddable":true,"href":"https:\/\/www.suno.com.br\/noticias\/wp-json\/wp\/v2\/comments?post=306202"}],"version-history":[{"count":2,"href":"https:\/\/www.suno.com.br\/noticias\/wp-json\/wp\/v2\/posts\/306202\/revisions"}],"predecessor-version":[{"id":306233,"href":"https:\/\/www.suno.com.br\/noticias\/wp-json\/wp\/v2\/posts\/306202\/revisions\/306233"}],"wp:featuredmedia":[{"embeddable":true,"href":"https:\/\/www.suno.com.br\/noticias\/wp-json\/wp\/v2\/media\/78959"}],"wp:attachment":[{"href":"https:\/\/www.suno.com.br\/noticias\/wp-json\/wp\/v2\/media?parent=306202"}],"wp:term":[{"taxonomy":"category","embeddable":true,"href":"https:\/\/www.suno.com.br\/noticias\/wp-json\/wp\/v2\/categories?post=306202"},{"taxonomy":"post_tag","embeddable":true,"href":"https:\/\/www.suno.com.br\/noticias\/wp-json\/wp\/v2\/tags?post=306202"},{"taxonomy":"suno_strategy","embeddable":true,"href":"https:\/\/www.suno.com.br\/noticias\/wp-json\/wp\/v2\/suno_strategy?post=306202"}],"curies":[{"name":"wp","href":"https:\/\/api.w.org\/{rel}","templated":true}]}}