{"id":30598,"date":"2019-07-10T13:54:18","date_gmt":"2019-07-10T16:54:18","guid":{"rendered":"https:\/\/www.suno.com.br\/noticias\/?p=30598"},"modified":"2021-05-30T16:04:33","modified_gmt":"2021-05-30T19:04:33","slug":"via-varejo-alta-superior-40","status":"publish","type":"post","link":"https:\/\/www.suno.com.br\/noticias\/via-varejo-alta-superior-40\/","title":{"rendered":"Via Varejo j\u00e1 valorizou 43% em julho; entenda as principais causas"},"content":{"rendered":"<p>As<strong> <a href=\"https:\/\/www.suno.com.br\/artigos\/acoes-ordinarias\/\">a\u00e7\u00f5es ordin\u00e1rias<\/a> <\/strong>(ON) da Via Varejo (VVAR3) continuam a operar em alta nesta quarta-feira (10). Por volta das 13h04, a ascens\u00e3o era de 7,85% com cota\u00e7\u00e3o a R$ 7,28.<\/p>\t<div class=\"wrapper-featured-image\">\n\t\t<figure class=\"spotlightImg\">\n\n\t\t\t<picture>\n\t\t\t\t<source media=\"(max-width: 768px)\" srcset=\"https:\/\/files.sunoresearch.com.br\/n\/uploads\/2019\/02\/828c4c15-via-varejo-400x200.webp\">\n\t\t\t\t<img loading=\"lazy\" decoding=\"async\" class=\"newsContent__article__imgCapa lazyloadDisabled newsContent__article__imgCapa--noCaption\" src=\"https:\/\/files.sunoresearch.com.br\/n\/uploads\/2019\/02\/828c4c15-via-varejo-png.webp\" width=\"800\" height=\"450\" alt=\"Via Varejo j\u00e1 valorizou 43% em julho; entenda as principais causas\" fetchpriority=high \/>\n\t\t\t<\/picture>\n\n\t\t\t<figcaption class=\"wp-caption-text wp-caption-text--hide\">Via Varejo<\/figcaption>\n\t\t<\/figure>\n\t<\/div>\n\n\n<p>No \u00faltimo preg\u00e3o de junho, que ocorreu dia 28, a <strong>Via Varejo<\/strong> encerrou em valoriza\u00e7\u00e3o de 2,01% a R$ 5,07. Considerando-se tais valores, a alta em julho da varejista j\u00e1 atingiu 43,58%.<\/p>\n\t<p>\n\t\t<a href=\"https:\/\/lp2.suno.com.br\/pv\/eu-invisto-2026\/?utm_source=suno-noticias&#038;utm_medium=banner&#038;utm_campaign=_SNC4CCF8112_\" target=\"_blank\" data-element=\"shortcode-suno-banner\" title=\"Banner SUNO, clique e saiba mais\">\n\t\t\t<picture>\n\t\t\t\t<source media=\"(max-width: 500px)\" srcset=\"https:\/\/files.sunoresearch.com.br\/n\/uploads\/2025\/12\/Banner-Materias-01-Mbl_-400x300-1-png.webp\">\n\t\t\t\t<img class=\"newsContent__article__imgCapa newsContent__article__imgCapa--banner\"\n\t\t\t\t\tsrc=\"https:\/\/files.sunoresearch.com.br\/n\/uploads\/2025\/12\/Banner-Materias-01-Dkp_-1420x240-1-png.webp\"\n\t\t\t\t\tdata-promo-id=\"635514\"\t\t\t\t\t\t\t\t\t\twidth='1420' height='240'\t\t\t\t\talt=\"https:\/\/files.sunoresearch.com.br\/n\/uploads\/2025\/12\/Banner-Materias-01-Dkp_-1420x240-1-png.webp\"\n\t\t\t\t>\n\t\t\t<\/picture>\n\t\t<\/a>\n\t<\/p>\n\n\n<p>A valoriza\u00e7\u00e3o da empresa deve-se a dois fatores principais. O primeiro \u00e9 a troca do comando da empresa, que era controlada pelo <strong>Grupo P\u00e3o de A\u00e7\u00facar<\/strong> (GPA\/PCAR4).<\/p>\n<p>No dia 14 de junho, o GPA realizou um leil\u00e3o e vendeu sua participa\u00e7\u00e3o na varejista. Quem assumiu o controle da companhia foi o empres\u00e1rio <strong><a href=\"https:\/\/www.suno.com.br\/tudo-sobre\/michael-klein\/\">Michael Klein<\/a><\/strong>.<\/p>\n<p><iframe loading=\"lazy\" title=\"?Reforma da previd\u00eancia \u00e9 votada na C\u00e2mara e Ibovespa bate recorde\" width=\"200\" height=\"113\" src=\"https:\/\/www.youtube.com\/embed\/2HpX403n8nA?feature=oembed\" frameborder=\"0\" allow=\"accelerometer; autoplay; encrypted-media; gyroscope; picture-in-picture\" allowfullscreen><\/iframe><\/p>\n<p>Al\u00e9m disso, a fintech da varejista recebeu aporte milion\u00e1rio e fechou parceria com gigantes como Cielo e Mastercard. O segmento segue aquecido em 2019. Veja mais abaixo.<\/p>\n<h2>Nova gest\u00e3o da Via Varejo<\/h2>\n<p>No in\u00edcio deste m\u00eas, a <strong>Via Varejo<\/strong>, que controla a Casas Bahia e o Pontofrio, anunciou a demiss\u00e3o de 12 executivos, dentre os quais:<\/p>\n<ul>\n<li>Rubens Domene, diretor compras de eletrodom\u00e9sticos da linha branca;<\/li>\n<li>Sandro Gon\u00e7alves e Silva, diretor comercial.<\/li>\n<\/ul>\n<p>Al\u00e9m disso, a Via Varejo elegeu como\u00a0novo presidente do conselho administrativo, <strong>Michael Klein<\/strong>. O pai de Michael, Samuel Klein, fundou a Casas Bahia em 1952.<\/p>\n<p>Dentre os novos nomes da gest\u00e3o da varejista tamb\u00e9m est\u00e3o inclusos:<\/p>\n<ul>\n<li>Roberto Fulcherberguer \u00e9 o novo CEO;<\/li>\n<li>Abel Ornelas \u00e9 o novo COO;<\/li>\n<li>Orivaldo Padilha \u00e9 o novo CFO;<\/li>\n<li>Sergio Leme \u00e9 o novo vice-presidente administrativo;<\/li>\n<li>Felipe Negr\u00e3o, que permanece como diretor.<\/li>\n<\/ul>\n<p><a href=\"https:\/\/www.suno.com.br\/noticias\/via-varejo-magazine-luiza-diretora\/\">Saiba mais &#8211;\u00a0Via Varejo anuncia ex-diretora do Magalu como nova integrante da equipe<\/a><\/p>\n<p>Retorna \u00e0 companhia\u00a0Henrique Vendramini,\u00a0que at\u00e9 ent\u00e3o estava trabalhando no Carrefour (CRFB3). Vendramini atuou na\u00a0diretoria comercial da varejista entre 2004 e 2018.<\/p>\n<p>Por sua vez,\u00a0Ricardo Saluti assumir\u00e1 a diretoria de e-commerce. No curr\u00edculo, Saluti tem passagem de cinco anos na opera\u00e7\u00e3o digital do Walmart.<\/p>\n<p>O \u00faltimo nome anunciado da nova diretoria \u00e9 Ilca Serra, ex-diretora respons\u00e1vel pelo marketing multicanais da <strong>Magazine Luiza<\/strong> (MGLU3). Serra tamb\u00e9m passou pelo P\u00e3o de A\u00e7ucar, Pernambucanas e Fox. Na Via Varejo a ex-MagaLu dever\u00e1 atuar como diretora de marketing multicanal e comunica\u00e7\u00e3o.<\/p>\n<p><a href=\"https:\/\/www.suno.com.br\/noticias\/banqi-parcerias-cielo-mastercard-zurich\/\">Saiba mais &#8211;\u00a0BanQi, da ViaVarejo, faz parcerias com Cielo, Mastercard e Zurich<\/a><\/p>\n<h2>BanQi recebe aporte de R$ 300 milh\u00f5es<\/h2>\n<p>A Via Varejo divulgou no \u00faltimo dia 3 que seu banco digital em parceria com a Airfox, o <strong>BanQi<\/strong>, recebeu aporte de R$ 300 milh\u00f5es. Os recursos teriam sido captados por meio de parcerias com as empresas:<\/p>\n<ul>\n<li><strong>Cielo<\/strong> (CIEL3), de meios de pagamento;<\/li>\n<li><strong> Mastercard<\/strong> (MSCD34), de cart\u00f5es de cr\u00e9dito;<\/li>\n<li>e <strong>Zurich<\/strong>, de seguros.<\/li>\n<\/ul>\n<p>As parcerias tamb\u00e9m incluem novos servi\u00e7os em conjunto com a<strong> <a href=\"https:\/\/www.suno.com.br\/artigos\/fintechs\/\">fintech<\/a><\/strong> da varejista.<\/p>\n<p>\u201cUnimos expertise da <strong>Via Varejo<\/strong> em servi\u00e7os financeiros com a da Airfox em tecnologia para oferecer aos clientes ainda mais facilidade e comodidade, al\u00e9m de trazer produtos que v\u00e3o agregar valores e melhorar ainda mais sua experi\u00eancia com o <strong>BanQi<\/strong>\u201d, afirmou o diretor executivo da Via Varejo, Felipe Negr\u00e3o.<\/p>\n","protected":false},"excerpt":{"rendered":"<p>As a\u00e7\u00f5es ordin\u00e1rias (ON) da Via Varejo (VVAR3) continuam a operar em alta nesta quarta-feira (10). Por volta das 13h04, a ascens\u00e3o era de 7,85% com cota\u00e7\u00e3o a R$ 7,28. Via Varejo No \u00faltimo preg\u00e3o de junho, que ocorreu dia 28, a Via Varejo encerrou em valoriza\u00e7\u00e3o de 2,01% a R$ 5,07. Considerando-se tais valores, [&hellip;]<\/p>\n","protected":false},"author":12,"featured_media":16175,"comment_status":"closed","ping_status":"closed","sticky":false,"template":"","format":"standard","meta":[],"categories":[64],"tags":[1629,106935],"suno_strategy":[],"class_list":["post-30598","post","type-post","status-publish","format-standard","has-post-thumbnail","hentry","category-negocios","tag-fintechs","tag-via-viia3"],"yoast_head":"<!-- This site is optimized with the Yoast SEO plugin v24.4 - https:\/\/yoast.com\/wordpress\/plugins\/seo\/ -->\n<title>Via Varejo j\u00e1 valorizou 43% em julho; entenda as principais causas<\/title>\n<meta name=\"description\" content=\"Via Varejo j\u00e1 tem valoriza\u00e7\u00e3o de 43% em julho com mudan\u00e7as na gest\u00e3o da empresa e novos aportes no banQi. Clique para saber mais.\" \/>\n<meta name=\"robots\" content=\"index, follow, max-snippet:-1, max-image-preview:large, max-video-preview:-1\" \/>\n<link rel=\"canonical\" href=\"https:\/\/www.suno.com.br\/noticias\/via-varejo-alta-superior-40\/\" \/>\n<meta property=\"og:locale\" content=\"pt_BR\" \/>\n<meta property=\"og:type\" content=\"article\" \/>\n<meta property=\"og:title\" content=\"Via Varejo j\u00e1 valorizou 43% em julho; entenda as principais causas\" \/>\n<meta property=\"og:description\" content=\"Via Varejo j\u00e1 tem valoriza\u00e7\u00e3o de 43% em julho com mudan\u00e7as na gest\u00e3o da empresa e novos aportes no banQi. Clique para saber mais.\" \/>\n<meta property=\"og:url\" content=\"https:\/\/www.suno.com.br\/noticias\/via-varejo-alta-superior-40\/\" \/>\n<meta property=\"og:site_name\" content=\"Suno Not\u00edcias\" \/>\n<meta property=\"article:publisher\" content=\"https:\/\/facebook.com\/sunoresearch\" \/>\n<meta property=\"og:image\" content=\"https:\/\/files.sunoresearch.com.br\/n\/uploads\/2019\/02\/828c4c15-via-varejo.png\" \/>\n\t<meta property=\"og:image:width\" content=\"646\" \/>\n\t<meta property=\"og:image:height\" content=\"220\" \/>\n\t<meta property=\"og:image:type\" content=\"image\/png\" \/>\n<meta name=\"author\" content=\"Amanda Gushiken\" \/>\n<meta name=\"twitter:card\" content=\"summary_large_image\" \/>\n<meta name=\"twitter:creator\" content=\"@sunoresearch\" \/>\n<meta name=\"twitter:site\" content=\"@sunoresearch\" \/>\n<meta name=\"twitter:label1\" content=\"Escrito por\" \/>\n\t<meta name=\"twitter:data1\" content=\"Amanda Gushiken\" \/>\n\t<meta name=\"twitter:label2\" content=\"Est. tempo de leitura\" \/>\n\t<meta name=\"twitter:data2\" content=\"3 minutos\" \/>\n<script type=\"application\/ld+json\" class=\"yoast-schema-graph\">{\"@context\":\"https:\/\/schema.org\",\"@graph\":[{\"@type\":\"NewsArticle\",\"@id\":\"https:\/\/www.suno.com.br\/noticias\/via-varejo-alta-superior-40\/#article\",\"isPartOf\":{\"@id\":\"https:\/\/www.suno.com.br\/noticias\/via-varejo-alta-superior-40\/\"},\"author\":{\"name\":\"Amanda Gushiken\",\"@id\":\"https:\/\/www.suno.com.br\/noticias\/#\/schema\/person\/a5b06fa4e879d8e8e119c6ed3cd630d1\"},\"headline\":\"Via Varejo j\u00e1 valorizou 43% em julho; entenda as principais causas\",\"datePublished\":\"2019-07-10T16:54:18+00:00\",\"dateModified\":\"2021-05-30T19:04:33+00:00\",\"mainEntityOfPage\":{\"@id\":\"https:\/\/www.suno.com.br\/noticias\/via-varejo-alta-superior-40\/\"},\"wordCount\":541,\"publisher\":{\"@id\":\"https:\/\/www.suno.com.br\/noticias\/#organization\"},\"image\":{\"@id\":\"https:\/\/www.suno.com.br\/noticias\/via-varejo-alta-superior-40\/#primaryimage\"},\"thumbnailUrl\":\"https:\/\/files.sunoresearch.com.br\/n\/uploads\/2019\/02\/828c4c15-via-varejo-png.webp\",\"keywords\":[\"fintechs\",\"Via (VIIA3)\"],\"articleSection\":[\"Neg\u00f3cios\"],\"inLanguage\":\"pt-BR\"},{\"@type\":\"WebPage\",\"@id\":\"https:\/\/www.suno.com.br\/noticias\/via-varejo-alta-superior-40\/\",\"url\":\"https:\/\/www.suno.com.br\/noticias\/via-varejo-alta-superior-40\/\",\"name\":\"Via Varejo j\u00e1 valorizou 43% em julho; entenda as principais causas\",\"isPartOf\":{\"@id\":\"https:\/\/www.suno.com.br\/noticias\/#website\"},\"primaryImageOfPage\":{\"@id\":\"https:\/\/www.suno.com.br\/noticias\/via-varejo-alta-superior-40\/#primaryimage\"},\"image\":{\"@id\":\"https:\/\/www.suno.com.br\/noticias\/via-varejo-alta-superior-40\/#primaryimage\"},\"thumbnailUrl\":\"https:\/\/files.sunoresearch.com.br\/n\/uploads\/2019\/02\/828c4c15-via-varejo-png.webp\",\"datePublished\":\"2019-07-10T16:54:18+00:00\",\"dateModified\":\"2021-05-30T19:04:33+00:00\",\"description\":\"Via Varejo j\u00e1 tem valoriza\u00e7\u00e3o de 43% em julho com mudan\u00e7as na gest\u00e3o da empresa e novos aportes no banQi. Clique para saber mais.\",\"breadcrumb\":{\"@id\":\"https:\/\/www.suno.com.br\/noticias\/via-varejo-alta-superior-40\/#breadcrumb\"},\"inLanguage\":\"pt-BR\",\"potentialAction\":[{\"@type\":\"ReadAction\",\"target\":[\"https:\/\/www.suno.com.br\/noticias\/via-varejo-alta-superior-40\/\"]}]},{\"@type\":\"ImageObject\",\"inLanguage\":\"pt-BR\",\"@id\":\"https:\/\/www.suno.com.br\/noticias\/via-varejo-alta-superior-40\/#primaryimage\",\"url\":\"https:\/\/files.sunoresearch.com.br\/n\/uploads\/2019\/02\/828c4c15-via-varejo-png.webp\",\"contentUrl\":\"https:\/\/files.sunoresearch.com.br\/n\/uploads\/2019\/02\/828c4c15-via-varejo-png.webp\",\"width\":646,\"height\":220,\"caption\":\"Via Varejo\"},{\"@type\":\"BreadcrumbList\",\"@id\":\"https:\/\/www.suno.com.br\/noticias\/via-varejo-alta-superior-40\/#breadcrumb\",\"itemListElement\":[{\"@type\":\"ListItem\",\"position\":1,\"name\":\"Not\u00edcias\",\"item\":\"https:\/\/www.suno.com.br\/noticias\/\"},{\"@type\":\"ListItem\",\"position\":2,\"name\":\"Neg\u00f3cios\",\"item\":\"https:\/\/www.suno.com.br\/noticias\/negocios\/\"},{\"@type\":\"ListItem\",\"position\":3,\"name\":\"Via Varejo j\u00e1 valorizou 43% em julho; entenda as principais causas\"}]},{\"@type\":\"WebSite\",\"@id\":\"https:\/\/www.suno.com.br\/noticias\/#website\",\"url\":\"https:\/\/www.suno.com.br\/noticias\/\",\"name\":\"Suno Not\u00edcias\",\"description\":\"Seu portal de informa\u00e7\u00e3o sobre o mundo dos investimentos\",\"publisher\":{\"@id\":\"https:\/\/www.suno.com.br\/noticias\/#organization\"},\"potentialAction\":[{\"@type\":\"SearchAction\",\"target\":{\"@type\":\"EntryPoint\",\"urlTemplate\":\"https:\/\/www.suno.com.br\/noticias\/?s={search_term_string}\"},\"query-input\":{\"@type\":\"PropertyValueSpecification\",\"valueRequired\":true,\"valueName\":\"search_term_string\"}}],\"inLanguage\":\"pt-BR\"},{\"@type\":\"Organization\",\"@id\":\"https:\/\/www.suno.com.br\/noticias\/#organization\",\"name\":\"Suno Not\u00edcias\",\"url\":\"https:\/\/www.suno.com.br\/noticias\/\",\"logo\":{\"@type\":\"ImageObject\",\"inLanguage\":\"pt-BR\",\"@id\":\"https:\/\/www.suno.com.br\/noticias\/#\/schema\/logo\/image\/\",\"url\":\"https:\/\/files.sunoresearch.com.br\/n\/uploads\/2021\/09\/suno-logo.png\",\"contentUrl\":\"https:\/\/files.sunoresearch.com.br\/n\/uploads\/2021\/09\/suno-logo.png\",\"width\":180,\"height\":180,\"caption\":\"Suno Not\u00edcias\"},\"image\":{\"@id\":\"https:\/\/www.suno.com.br\/noticias\/#\/schema\/logo\/image\/\"},\"sameAs\":[\"https:\/\/facebook.com\/sunoresearch\",\"https:\/\/x.com\/sunoresearch\",\"https:\/\/www.instagram.com\/suno\",\"https:\/\/www.linkedin.com\/company\/suno-research\/\",\"https:\/\/www.youtube.com\/c\/sunoresearch\"]},{\"@type\":\"Person\",\"@id\":\"https:\/\/www.suno.com.br\/noticias\/#\/schema\/person\/a5b06fa4e879d8e8e119c6ed3cd630d1\",\"name\":\"Amanda Gushiken\",\"image\":{\"@type\":\"ImageObject\",\"inLanguage\":\"pt-BR\",\"@id\":\"https:\/\/www.suno.com.br\/noticias\/#\/schema\/person\/image\/\",\"url\":\"https:\/\/secure.gravatar.com\/avatar\/ecd84705e6b65e3685ae80d725501fbe?s=96&r=g\",\"contentUrl\":\"https:\/\/secure.gravatar.com\/avatar\/ecd84705e6b65e3685ae80d725501fbe?s=96&r=g\",\"caption\":\"Amanda Gushiken\"},\"description\":\"Amanda Sayuri Gushiken escreve sobre finan\u00e7as e neg\u00f3cios para o portal Suno Not\u00edcias. Antes, trabalhou selecionando not\u00edcias da imprensa para clientes do mercado financeiro. Tamb\u00e9m desenvolveu pesquisa acad\u00eamica pela Universidade Anhembi Morumbi na \u00e1rea de Teorias da Comunica\u00e7\u00e3o e \u00e9 fot\u00f3grafa nas horas vagas.\",\"url\":\"https:\/\/www.suno.com.br\/noticias\/author\/amanda\/\"}]}<\/script>\n<!-- \/ Yoast SEO plugin. -->","yoast_head_json":{"title":"Via Varejo j\u00e1 valorizou 43% em julho; entenda as principais causas","description":"Via Varejo j\u00e1 tem valoriza\u00e7\u00e3o de 43% em julho com mudan\u00e7as na gest\u00e3o da empresa e novos aportes no banQi. Clique para saber mais.","robots":{"index":"index","follow":"follow","max-snippet":"max-snippet:-1","max-image-preview":"max-image-preview:large","max-video-preview":"max-video-preview:-1"},"canonical":"https:\/\/www.suno.com.br\/noticias\/via-varejo-alta-superior-40\/","og_locale":"pt_BR","og_type":"article","og_title":"Via Varejo j\u00e1 valorizou 43% em julho; entenda as principais causas","og_description":"Via Varejo j\u00e1 tem valoriza\u00e7\u00e3o de 43% em julho com mudan\u00e7as na gest\u00e3o da empresa e novos aportes no banQi. Clique para saber mais.","og_url":"https:\/\/www.suno.com.br\/noticias\/via-varejo-alta-superior-40\/","og_site_name":"Suno Not\u00edcias","article_publisher":"https:\/\/facebook.com\/sunoresearch","og_image":[{"width":646,"height":220,"url":"https:\/\/files.sunoresearch.com.br\/n\/uploads\/2019\/02\/828c4c15-via-varejo.png","type":"image\/png"}],"author":"Amanda Gushiken","twitter_card":"summary_large_image","twitter_creator":"@sunoresearch","twitter_site":"@sunoresearch","twitter_misc":{"Escrito por":"Amanda Gushiken","Est. tempo de leitura":"3 minutos"},"schema":{"@context":"https:\/\/schema.org","@graph":[{"@type":"NewsArticle","@id":"https:\/\/www.suno.com.br\/noticias\/via-varejo-alta-superior-40\/#article","isPartOf":{"@id":"https:\/\/www.suno.com.br\/noticias\/via-varejo-alta-superior-40\/"},"author":{"name":"Amanda Gushiken","@id":"https:\/\/www.suno.com.br\/noticias\/#\/schema\/person\/a5b06fa4e879d8e8e119c6ed3cd630d1"},"headline":"Via Varejo j\u00e1 valorizou 43% em julho; entenda as principais causas","datePublished":"2019-07-10T16:54:18+00:00","dateModified":"2021-05-30T19:04:33+00:00","mainEntityOfPage":{"@id":"https:\/\/www.suno.com.br\/noticias\/via-varejo-alta-superior-40\/"},"wordCount":541,"publisher":{"@id":"https:\/\/www.suno.com.br\/noticias\/#organization"},"image":{"@id":"https:\/\/www.suno.com.br\/noticias\/via-varejo-alta-superior-40\/#primaryimage"},"thumbnailUrl":"https:\/\/files.sunoresearch.com.br\/n\/uploads\/2019\/02\/828c4c15-via-varejo-png.webp","keywords":["fintechs","Via (VIIA3)"],"articleSection":["Neg\u00f3cios"],"inLanguage":"pt-BR"},{"@type":"WebPage","@id":"https:\/\/www.suno.com.br\/noticias\/via-varejo-alta-superior-40\/","url":"https:\/\/www.suno.com.br\/noticias\/via-varejo-alta-superior-40\/","name":"Via Varejo j\u00e1 valorizou 43% em julho; entenda as principais causas","isPartOf":{"@id":"https:\/\/www.suno.com.br\/noticias\/#website"},"primaryImageOfPage":{"@id":"https:\/\/www.suno.com.br\/noticias\/via-varejo-alta-superior-40\/#primaryimage"},"image":{"@id":"https:\/\/www.suno.com.br\/noticias\/via-varejo-alta-superior-40\/#primaryimage"},"thumbnailUrl":"https:\/\/files.sunoresearch.com.br\/n\/uploads\/2019\/02\/828c4c15-via-varejo-png.webp","datePublished":"2019-07-10T16:54:18+00:00","dateModified":"2021-05-30T19:04:33+00:00","description":"Via Varejo j\u00e1 tem valoriza\u00e7\u00e3o de 43% em julho com mudan\u00e7as na gest\u00e3o da empresa e novos aportes no banQi. Clique para saber mais.","breadcrumb":{"@id":"https:\/\/www.suno.com.br\/noticias\/via-varejo-alta-superior-40\/#breadcrumb"},"inLanguage":"pt-BR","potentialAction":[{"@type":"ReadAction","target":["https:\/\/www.suno.com.br\/noticias\/via-varejo-alta-superior-40\/"]}]},{"@type":"ImageObject","inLanguage":"pt-BR","@id":"https:\/\/www.suno.com.br\/noticias\/via-varejo-alta-superior-40\/#primaryimage","url":"https:\/\/files.sunoresearch.com.br\/n\/uploads\/2019\/02\/828c4c15-via-varejo-png.webp","contentUrl":"https:\/\/files.sunoresearch.com.br\/n\/uploads\/2019\/02\/828c4c15-via-varejo-png.webp","width":646,"height":220,"caption":"Via Varejo"},{"@type":"BreadcrumbList","@id":"https:\/\/www.suno.com.br\/noticias\/via-varejo-alta-superior-40\/#breadcrumb","itemListElement":[{"@type":"ListItem","position":1,"name":"Not\u00edcias","item":"https:\/\/www.suno.com.br\/noticias\/"},{"@type":"ListItem","position":2,"name":"Neg\u00f3cios","item":"https:\/\/www.suno.com.br\/noticias\/negocios\/"},{"@type":"ListItem","position":3,"name":"Via Varejo j\u00e1 valorizou 43% em julho; entenda as principais causas"}]},{"@type":"WebSite","@id":"https:\/\/www.suno.com.br\/noticias\/#website","url":"https:\/\/www.suno.com.br\/noticias\/","name":"Suno Not\u00edcias","description":"Seu portal de informa\u00e7\u00e3o sobre o mundo dos investimentos","publisher":{"@id":"https:\/\/www.suno.com.br\/noticias\/#organization"},"potentialAction":[{"@type":"SearchAction","target":{"@type":"EntryPoint","urlTemplate":"https:\/\/www.suno.com.br\/noticias\/?s={search_term_string}"},"query-input":{"@type":"PropertyValueSpecification","valueRequired":true,"valueName":"search_term_string"}}],"inLanguage":"pt-BR"},{"@type":"Organization","@id":"https:\/\/www.suno.com.br\/noticias\/#organization","name":"Suno Not\u00edcias","url":"https:\/\/www.suno.com.br\/noticias\/","logo":{"@type":"ImageObject","inLanguage":"pt-BR","@id":"https:\/\/www.suno.com.br\/noticias\/#\/schema\/logo\/image\/","url":"https:\/\/files.sunoresearch.com.br\/n\/uploads\/2021\/09\/suno-logo.png","contentUrl":"https:\/\/files.sunoresearch.com.br\/n\/uploads\/2021\/09\/suno-logo.png","width":180,"height":180,"caption":"Suno Not\u00edcias"},"image":{"@id":"https:\/\/www.suno.com.br\/noticias\/#\/schema\/logo\/image\/"},"sameAs":["https:\/\/facebook.com\/sunoresearch","https:\/\/x.com\/sunoresearch","https:\/\/www.instagram.com\/suno","https:\/\/www.linkedin.com\/company\/suno-research\/","https:\/\/www.youtube.com\/c\/sunoresearch"]},{"@type":"Person","@id":"https:\/\/www.suno.com.br\/noticias\/#\/schema\/person\/a5b06fa4e879d8e8e119c6ed3cd630d1","name":"Amanda Gushiken","image":{"@type":"ImageObject","inLanguage":"pt-BR","@id":"https:\/\/www.suno.com.br\/noticias\/#\/schema\/person\/image\/","url":"https:\/\/secure.gravatar.com\/avatar\/ecd84705e6b65e3685ae80d725501fbe?s=96&r=g","contentUrl":"https:\/\/secure.gravatar.com\/avatar\/ecd84705e6b65e3685ae80d725501fbe?s=96&r=g","caption":"Amanda Gushiken"},"description":"Amanda Sayuri Gushiken escreve sobre finan\u00e7as e neg\u00f3cios para o portal Suno Not\u00edcias. Antes, trabalhou selecionando not\u00edcias da imprensa para clientes do mercado financeiro. Tamb\u00e9m desenvolveu pesquisa acad\u00eamica pela Universidade Anhembi Morumbi na \u00e1rea de Teorias da Comunica\u00e7\u00e3o e \u00e9 fot\u00f3grafa nas horas vagas.","url":"https:\/\/www.suno.com.br\/noticias\/author\/amanda\/"}]}},"default_loop_html":"<div class=\"cardsPage__listCard__boxs\"><div class=\"cardsPage__listCard__boxs__img\"><a href=\"https:\/\/www.suno.com.br\/noticias\/via-varejo-alta-superior-40\/\"><img class=\"mask\" src=\"https:\/\/www.suno.com.br\/noticias\/wp-content\/themes\/suno\/resources\/images\/spotlight\/spotlight1img\/bg-mask.png\" alt=\"Image Mask\"\/><img src=\"https:\/\/files.sunoresearch.com.br\/n\/uploads\/2019\/02\/828c4c15-via-varejo-400x200.webp\" alt=\"Via Varejo j\u00e1 valorizou 43% em julho; entenda as principais causas\"\/><\/a><span class=\"spotlightCategory\"><a href=\"https:\/\/www.suno.com.br\/noticias\/negocios\/\">Neg\u00f3cios<\/a><\/span><\/div><div class=\"cardsPage__listCard__boxs__content\"><a href=\"https:\/\/www.suno.com.br\/noticias\/via-varejo-alta-superior-40\/\"><h2 class=\"content__title\">Via Varejo j\u00e1 valorizou 43% em julho; entenda as principais causas<\/h2><\/a><div class=\"newsContent__article__meta\"><div class=\"newsContent__article__meta__authorBox\"><a href=\"https:\/\/www.suno.com.br\/noticias\/author\/amanda\/\" class=\"authorBox__avatar noMobi\"><img src=\"https:\/\/files.sunoresearch.com.br\/n\/uploads\/2018\/11\/c6ad30be-amanda-150x150.webp\" alt=\"Amanda Gushiken\"><\/a><div class=\"authorBox__name\"><span>por\n\t\t\t<a href=\"https:\/\/www.suno.com.br\/noticias\/author\/amanda\/\"><span itemprop=\"author\">Amanda Gushiken<\/span><\/a><\/span><time datetime=\"2019-07-10T13:54:18-03:00\" itemprop=\"datePublished\">10\/07\/2019 13:54<\/time><\/div><\/div><\/div><\/div><\/div>","single_layout":"posts","amp_enabled":true,"_links":{"self":[{"href":"https:\/\/www.suno.com.br\/noticias\/wp-json\/wp\/v2\/posts\/30598"}],"collection":[{"href":"https:\/\/www.suno.com.br\/noticias\/wp-json\/wp\/v2\/posts"}],"about":[{"href":"https:\/\/www.suno.com.br\/noticias\/wp-json\/wp\/v2\/types\/post"}],"author":[{"embeddable":true,"href":"https:\/\/www.suno.com.br\/noticias\/wp-json\/wp\/v2\/users\/12"}],"replies":[{"embeddable":true,"href":"https:\/\/www.suno.com.br\/noticias\/wp-json\/wp\/v2\/comments?post=30598"}],"version-history":[{"count":1,"href":"https:\/\/www.suno.com.br\/noticias\/wp-json\/wp\/v2\/posts\/30598\/revisions"}],"predecessor-version":[{"id":146830,"href":"https:\/\/www.suno.com.br\/noticias\/wp-json\/wp\/v2\/posts\/30598\/revisions\/146830"}],"wp:featuredmedia":[{"embeddable":true,"href":"https:\/\/www.suno.com.br\/noticias\/wp-json\/wp\/v2\/media\/16175"}],"wp:attachment":[{"href":"https:\/\/www.suno.com.br\/noticias\/wp-json\/wp\/v2\/media?parent=30598"}],"wp:term":[{"taxonomy":"category","embeddable":true,"href":"https:\/\/www.suno.com.br\/noticias\/wp-json\/wp\/v2\/categories?post=30598"},{"taxonomy":"post_tag","embeddable":true,"href":"https:\/\/www.suno.com.br\/noticias\/wp-json\/wp\/v2\/tags?post=30598"},{"taxonomy":"suno_strategy","embeddable":true,"href":"https:\/\/www.suno.com.br\/noticias\/wp-json\/wp\/v2\/suno_strategy?post=30598"}],"curies":[{"name":"wp","href":"https:\/\/api.w.org\/{rel}","templated":true}]}}