{"id":305630,"date":"2022-10-05T17:04:52","date_gmt":"2022-10-05T20:04:52","guid":{"rendered":"https:\/\/www.suno.com.br\/noticias\/?p=305630"},"modified":"2022-10-05T17:04:52","modified_gmt":"2022-10-05T20:04:52","slug":"rodrigo-maia-demissao-apos-garcia-apoiar-bolsonaro","status":"publish","type":"post","link":"https:\/\/www.suno.com.br\/noticias\/rodrigo-maia-demissao-apos-garcia-apoiar-bolsonaro\/","title":{"rendered":"Rodrigo Maia e outros secret\u00e1rios em SP pedem demiss\u00e3o ap\u00f3s Garcia apoiar Bolsonaro"},"content":{"rendered":"<p>O ex-presidente da C\u00e2mara dos Deputados <strong>Rodrigo Maia<\/strong> pediu demiss\u00e3o de seu cargo na Secretaria de A\u00e7\u00f5es do Governo de S\u00e3o Paulo ap\u00f3s o governador do estado, Rodrigo Garcia (PSDB), declarar apoio \u00e0 reelei\u00e7\u00e3o de Jair Bolsonaro (PL).<\/p>\t<div class=\"wrapper-featured-image\">\n\t\t<figure class=\"spotlightImg\">\n\n\t\t\t<picture>\n\t\t\t\t<source media=\"(max-width: 768px)\" srcset=\"https:\/\/files.sunoresearch.com.br\/n\/uploads\/2021\/03\/4ba5f32b-rodrigo-maia-foto-najara-araujo-camara-dos-deputados-400x200.webp\">\n\t\t\t\t<img loading=\"lazy\" decoding=\"async\" class=\"newsContent__article__imgCapa lazyloadDisabled \" src=\"https:\/\/files.sunoresearch.com.br\/n\/uploads\/2021\/03\/4ba5f32b-rodrigo-maia-foto-najara-araujo-camara-dos-deputados-800x450.webp\" width=\"800\" height=\"450\" alt=\"Rodrigo Maia e outros secret\u00e1rios em SP pedem demiss\u00e3o ap\u00f3s Garcia apoiar Bolsonaro\" fetchpriority=high \/>\n\t\t\t<\/picture>\n\n\t\t\t<figcaption class=\"wp-caption-text wp-caption-text--show\">Rodrigo Maia. Foto: Najara Araujo C\u00e2mara dos Deputados<\/figcaption>\n\t\t<\/figure>\n\t<\/div>\n\n\n\t<p>\n\t\t<a href=\"\" target=\"_blank\" data-element=\"shortcode-suno-banner\" title=\"Banner SUNO, clique e saiba mais\">\n\t\t\t<picture>\n\t\t\t\t<source media=\"(max-width: 500px)\" srcset=\"\">\n\t\t\t\t<img class=\"newsContent__article__imgCapa newsContent__article__imgCapa--banner\"\n\t\t\t\t\tsrc=\"\"\n\t\t\t\t\tdata-promo-id=\"240038\"\t\t\t\t\t\t\t\t\t\t\t\t\t\t\talt=\"\"\n\t\t\t\t>\n\t\t\t<\/picture>\n\t\t<\/a>\n\t<\/p>\n\n\n<p>As economistas <a class=\"suno-keyword\" href=\"https:\/\/www.suno.com.br\/tudo-sobre\/zeina-latif\/\" target=\"_blank\" rel=\"noopener\" data-force=\"no\" data-priority=\"2\">Zeina Latif<\/a> e Laura Muller Machado acompanharam <strong>Maia<\/strong> no movimento.<\/p>\n<p>Al\u00e9m de Bolsonaro,<strong> Garcia tamb\u00e9m apoia Tarc\u00edsio<\/strong> de Freitas (Republicanos) pelo governo do estado. \u00c9 a primeira vez em trinta anos que o PSDB fica de fora do <strong>segundo turno<\/strong> das elei\u00e7\u00f5es paulistas.<\/p>\n<p>Rodrigo Maia foi sucinto em sua mensagem, na qual agradeceu ao ex-governador Jo\u00e3o Doria, respons\u00e1vel por escal\u00e1-lo pelo cargo, e ao atual governador.<\/p>\n<p>\u201cInformo que na data de hoje deixo a Secretaria de Projetos e A\u00e7\u00f5es Estrat\u00e9gicas do governo de S\u00e3o Paulo. Agrade\u00e7o aos governadores Jo\u00e3o Doria e Rodrigo Garcia pela oportunidade\u201d, escreveu.<\/p>\n<p>Felipe Salto, secret\u00e1rio da Fazenda, declarou voto no ex-presidente Luiz In\u00e1cio Lula da Silva (PT) e chamou Bolsonaro de \u201cdem\u00f4nio-mor, desumano, que tira sarro de pessoas morrendo de falta de ar\u201d. Ele deve continuar na gest\u00e3o do estado.<\/p>\n\t<p>\n\t\t<a href=\"https:\/\/lp.suno.com.br\/planilha-controle-gastos\/\" target=\"_blank\" data-element=\"shortcode-suno-banner\" title=\"Banner SUNO, clique e saiba mais\">\n\t\t\t<picture>\n\t\t\t\t<source media=\"(max-width: 500px)\" srcset=\"https:\/\/files.sunoresearch.com.br\/n\/uploads\/2023\/03\/400x300-Planilha-controle-de-gastos.png\">\n\t\t\t\t<img class=\"newsContent__article__imgCapa newsContent__article__imgCapa--banner\"\n\t\t\t\t\tsrc=\"https:\/\/files.sunoresearch.com.br\/n\/uploads\/2023\/03\/1420x240-Planilha-controle-de-gastos.png\"\n\t\t\t\t\tdata-promo-id=\"101751\"\t\t\t\t\t\t\t\t\t\twidth='1420' height='240'\t\t\t\t\talt=\"https:\/\/files.sunoresearch.com.br\/n\/uploads\/2023\/03\/1420x240-Planilha-controle-de-gastos.png\"\n\t\t\t\t>\n\t\t\t<\/picture>\n\t\t<\/a>\n\t<\/p>\n\n\n<h2>Garcia anuncia substituto de Maia<\/h2>\n<p>Garcia disse nesta quarta-feira, por meio de nota, que quer \u201cgarantir que o interesse p\u00fablico esteja acima de qualquer corrente pol\u00edtico\/partid\u00e1ria\u201d.<\/p>\n<p>\u201cPortanto, o interesse dos paulistas n\u00e3o pode ser ref\u00e9m de qualquer tipo de proselitismo pol\u00edtico\u201d, afirmou o governador. \u201cUm governo \u00e9 feito por pessoas, ideias e cren\u00e7as diferentes. Na pr\u00e1tica, Rodrigo Garcia sempre pautou a sua vida p\u00fablica por atuar ao lado de pessoas que nem sempre pensam como ele\u201d.<\/p>\n<p>O governador anunciou\u00a0 que\u00a0C\u00e9lia Le\u00e3o, que j\u00e1 foi vereadora e deputada estadual pelo PSDB, ser\u00e1 a nova secret\u00e1ria de Desenvolvimento Social, no lugar de Laura Muller Machado.<\/p>\n<p>Zeina Latif ser\u00e1 substitu\u00edda por Bruno Caetano na secretaria de <a class=\"suno-keyword\" href=\"https:\/\/www.suno.com.br\/artigos\/desenvolvimento-economico\/\" target=\"_blank\" rel=\"noopener\" data-force=\"no\" data-priority=\"1\">Desenvolvimento Econ\u00f4mico<\/a>. O novo secret\u00e1rio j\u00e1 trabalhou em gest\u00f5es do PSDB na prefeitura e no governo do Estado.<\/p>\n<p>O presidente do Desenvolve SP, banco de fomento do governo de S\u00e3o Paulo, Sergio Suchodolski, tamb\u00e9m entregou sua carta de demiss\u00e3o na manh\u00e3 de hoje, conforme informa\u00e7\u00f5es da coluna Painel, do jornal Folha de S\u00e3o Paulo.<\/p>\n<p>A secretaria de Projetos e A\u00e7\u00f5es Estrat\u00e9gicas, at\u00e9 ent\u00e3o comandada por <strong>Maia<\/strong>, ser\u00e1 repassada a Tarcila Reis Jord\u00e3o, at\u00e9 ent\u00e3o subsecret\u00e1ria na pasta.<\/p>\n\t<p>\n\t\t<a href=\"https:\/\/lp.suno.com.br\/planilha-da-vida-financeira\/\" target=\"_blank\" data-element=\"shortcode-suno-banner\" title=\"Banner SUNO, clique e saiba mais\">\n\t\t\t<picture>\n\t\t\t\t<source media=\"(max-width: 500px)\" srcset=\"https:\/\/files.sunoresearch.com.br\/n\/uploads\/2023\/04\/400x300-Planilha-vida-financeira-true.png\">\n\t\t\t\t<img class=\"newsContent__article__imgCapa newsContent__article__imgCapa--banner\"\n\t\t\t\t\tsrc=\"https:\/\/files.sunoresearch.com.br\/n\/uploads\/2023\/04\/1420x240-Planilha-vida-financeira-true.png\"\n\t\t\t\t\tdata-promo-id=\"106682\"\t\t\t\t\t\t\t\t\t\twidth='1420' height='240'\t\t\t\t\talt=\"https:\/\/files.sunoresearch.com.br\/n\/uploads\/2023\/04\/1420x240-Planilha-vida-financeira-true.png\"\n\t\t\t\t>\n\t\t\t<\/picture>\n\t\t<\/a>\n\t<\/p>\n\n\n","protected":false},"excerpt":{"rendered":"<p>O ex-presidente da C\u00e2mara dos Deputados Rodrigo Maia pediu demiss\u00e3o de seu cargo na Secretaria de A\u00e7\u00f5es do Governo de S\u00e3o Paulo ap\u00f3s o governador do estado, Rodrigo Garcia (PSDB), declarar apoio \u00e0 reelei\u00e7\u00e3o de Jair Bolsonaro (PL). Rodrigo Maia. Foto: Najara Araujo C\u00e2mara dos Deputados As economistas Zeina Latif e Laura Muller Machado acompanharam [&hellip;]<\/p>\n","protected":false},"author":192,"featured_media":130436,"comment_status":"closed","ping_status":"closed","sticky":false,"template":"","format":"standard","meta":[],"categories":[61],"tags":[697,719,842],"suno_strategy":[],"class_list":["post-305630","post","type-post","status-publish","format-standard","has-post-thumbnail","hentry","category-politica","tag-eleicoes","tag-jair-bolsonaro","tag-joao-doria"],"yoast_head":"<!-- This site is optimized with the Yoast SEO plugin v24.4 - https:\/\/yoast.com\/wordpress\/plugins\/seo\/ -->\n<title>Maia e secret\u00e1rios em SP pedem demiss\u00e3o ap\u00f3s Garcia apoiar Bolsonaro<\/title>\n<meta name=\"description\" content=\"As economistas Zeina Latif e Laura Muller Machado acompanharam Maia no movimento, enquanto Felipe Salto fica na gest\u00e3o. Veja mais.\" \/>\n<meta name=\"robots\" content=\"index, follow, max-snippet:-1, max-image-preview:large, max-video-preview:-1\" \/>\n<link rel=\"canonical\" href=\"https:\/\/www.suno.com.br\/noticias\/rodrigo-maia-demissao-apos-garcia-apoiar-bolsonaro\/\" \/>\n<meta property=\"og:locale\" content=\"pt_BR\" \/>\n<meta property=\"og:type\" content=\"article\" \/>\n<meta property=\"og:title\" content=\"Maia e secret\u00e1rios em SP pedem demiss\u00e3o ap\u00f3s Garcia apoiar Bolsonaro\" \/>\n<meta property=\"og:description\" content=\"As economistas Zeina Latif e Laura Muller Machado acompanharam Maia no movimento, enquanto Felipe Salto fica na gest\u00e3o. Veja mais.\" \/>\n<meta property=\"og:url\" content=\"https:\/\/www.suno.com.br\/noticias\/rodrigo-maia-demissao-apos-garcia-apoiar-bolsonaro\/\" \/>\n<meta property=\"og:site_name\" content=\"Suno Not\u00edcias\" \/>\n<meta property=\"article:publisher\" content=\"https:\/\/facebook.com\/sunoresearch\" \/>\n<meta property=\"og:image\" content=\"https:\/\/files.sunoresearch.com.br\/n\/uploads\/2021\/03\/4ba5f32b-rodrigo-maia-foto-najara-araujo-camara-dos-deputados.jpg\" \/>\n\t<meta property=\"og:image:width\" content=\"1200\" \/>\n\t<meta property=\"og:image:height\" content=\"800\" \/>\n\t<meta property=\"og:image:type\" content=\"image\/jpeg\" \/>\n<meta name=\"author\" content=\"Laura Intrieri\" \/>\n<meta name=\"twitter:card\" content=\"summary_large_image\" \/>\n<meta name=\"twitter:creator\" content=\"@sunoresearch\" \/>\n<meta name=\"twitter:site\" content=\"@sunoresearch\" \/>\n<meta name=\"twitter:label1\" content=\"Escrito por\" \/>\n\t<meta name=\"twitter:data1\" content=\"Laura Intrieri\" \/>\n\t<meta name=\"twitter:label2\" content=\"Est. tempo de leitura\" \/>\n\t<meta name=\"twitter:data2\" content=\"3 minutos\" \/>\n<script type=\"application\/ld+json\" class=\"yoast-schema-graph\">{\"@context\":\"https:\/\/schema.org\",\"@graph\":[{\"@type\":\"NewsArticle\",\"@id\":\"https:\/\/www.suno.com.br\/noticias\/rodrigo-maia-demissao-apos-garcia-apoiar-bolsonaro\/#article\",\"isPartOf\":{\"@id\":\"https:\/\/www.suno.com.br\/noticias\/rodrigo-maia-demissao-apos-garcia-apoiar-bolsonaro\/\"},\"author\":{\"name\":\"Laura Intrieri\",\"@id\":\"https:\/\/www.suno.com.br\/noticias\/#\/schema\/person\/653a8428016d45b19031651c57b94f82\"},\"headline\":\"Rodrigo Maia e outros secret\u00e1rios em SP pedem demiss\u00e3o ap\u00f3s Garcia apoiar Bolsonaro\",\"datePublished\":\"2022-10-05T20:04:52+00:00\",\"mainEntityOfPage\":{\"@id\":\"https:\/\/www.suno.com.br\/noticias\/rodrigo-maia-demissao-apos-garcia-apoiar-bolsonaro\/\"},\"wordCount\":437,\"publisher\":{\"@id\":\"https:\/\/www.suno.com.br\/noticias\/#organization\"},\"image\":{\"@id\":\"https:\/\/www.suno.com.br\/noticias\/rodrigo-maia-demissao-apos-garcia-apoiar-bolsonaro\/#primaryimage\"},\"thumbnailUrl\":\"https:\/\/files.sunoresearch.com.br\/n\/uploads\/2021\/03\/4ba5f32b-rodrigo-maia-foto-najara-araujo-camara-dos-deputados-jpg.webp\",\"keywords\":[\"Elei\u00e7\u00f5es\",\"Jair Bolsonaro\",\"Jo\u00e3o Doria\"],\"articleSection\":[\"Pol\u00edtica\"],\"inLanguage\":\"pt-BR\"},{\"@type\":\"WebPage\",\"@id\":\"https:\/\/www.suno.com.br\/noticias\/rodrigo-maia-demissao-apos-garcia-apoiar-bolsonaro\/\",\"url\":\"https:\/\/www.suno.com.br\/noticias\/rodrigo-maia-demissao-apos-garcia-apoiar-bolsonaro\/\",\"name\":\"Maia e secret\u00e1rios em SP pedem demiss\u00e3o ap\u00f3s Garcia apoiar Bolsonaro\",\"isPartOf\":{\"@id\":\"https:\/\/www.suno.com.br\/noticias\/#website\"},\"primaryImageOfPage\":{\"@id\":\"https:\/\/www.suno.com.br\/noticias\/rodrigo-maia-demissao-apos-garcia-apoiar-bolsonaro\/#primaryimage\"},\"image\":{\"@id\":\"https:\/\/www.suno.com.br\/noticias\/rodrigo-maia-demissao-apos-garcia-apoiar-bolsonaro\/#primaryimage\"},\"thumbnailUrl\":\"https:\/\/files.sunoresearch.com.br\/n\/uploads\/2021\/03\/4ba5f32b-rodrigo-maia-foto-najara-araujo-camara-dos-deputados-jpg.webp\",\"datePublished\":\"2022-10-05T20:04:52+00:00\",\"description\":\"As economistas Zeina Latif e Laura Muller Machado acompanharam Maia no movimento, enquanto Felipe Salto fica na gest\u00e3o. Veja mais.\",\"breadcrumb\":{\"@id\":\"https:\/\/www.suno.com.br\/noticias\/rodrigo-maia-demissao-apos-garcia-apoiar-bolsonaro\/#breadcrumb\"},\"inLanguage\":\"pt-BR\",\"potentialAction\":[{\"@type\":\"ReadAction\",\"target\":[\"https:\/\/www.suno.com.br\/noticias\/rodrigo-maia-demissao-apos-garcia-apoiar-bolsonaro\/\"]}]},{\"@type\":\"ImageObject\",\"inLanguage\":\"pt-BR\",\"@id\":\"https:\/\/www.suno.com.br\/noticias\/rodrigo-maia-demissao-apos-garcia-apoiar-bolsonaro\/#primaryimage\",\"url\":\"https:\/\/files.sunoresearch.com.br\/n\/uploads\/2021\/03\/4ba5f32b-rodrigo-maia-foto-najara-araujo-camara-dos-deputados-jpg.webp\",\"contentUrl\":\"https:\/\/files.sunoresearch.com.br\/n\/uploads\/2021\/03\/4ba5f32b-rodrigo-maia-foto-najara-araujo-camara-dos-deputados-jpg.webp\",\"width\":1200,\"height\":800,\"caption\":\"Rodrigo Maia. Foto: Najara Araujo C\u00e2mara dos Deputados\"},{\"@type\":\"BreadcrumbList\",\"@id\":\"https:\/\/www.suno.com.br\/noticias\/rodrigo-maia-demissao-apos-garcia-apoiar-bolsonaro\/#breadcrumb\",\"itemListElement\":[{\"@type\":\"ListItem\",\"position\":1,\"name\":\"Not\u00edcias\",\"item\":\"https:\/\/www.suno.com.br\/noticias\/\"},{\"@type\":\"ListItem\",\"position\":2,\"name\":\"Pol\u00edtica\",\"item\":\"https:\/\/www.suno.com.br\/noticias\/politica\/\"},{\"@type\":\"ListItem\",\"position\":3,\"name\":\"Rodrigo Maia e outros secret\u00e1rios em SP pedem demiss\u00e3o ap\u00f3s Garcia apoiar Bolsonaro\"}]},{\"@type\":\"WebSite\",\"@id\":\"https:\/\/www.suno.com.br\/noticias\/#website\",\"url\":\"https:\/\/www.suno.com.br\/noticias\/\",\"name\":\"Suno Not\u00edcias\",\"description\":\"Seu portal de informa\u00e7\u00e3o sobre o mundo dos investimentos\",\"publisher\":{\"@id\":\"https:\/\/www.suno.com.br\/noticias\/#organization\"},\"potentialAction\":[{\"@type\":\"SearchAction\",\"target\":{\"@type\":\"EntryPoint\",\"urlTemplate\":\"https:\/\/www.suno.com.br\/noticias\/?s={search_term_string}\"},\"query-input\":{\"@type\":\"PropertyValueSpecification\",\"valueRequired\":true,\"valueName\":\"search_term_string\"}}],\"inLanguage\":\"pt-BR\"},{\"@type\":\"Organization\",\"@id\":\"https:\/\/www.suno.com.br\/noticias\/#organization\",\"name\":\"Suno Not\u00edcias\",\"url\":\"https:\/\/www.suno.com.br\/noticias\/\",\"logo\":{\"@type\":\"ImageObject\",\"inLanguage\":\"pt-BR\",\"@id\":\"https:\/\/www.suno.com.br\/noticias\/#\/schema\/logo\/image\/\",\"url\":\"https:\/\/files.sunoresearch.com.br\/n\/uploads\/2021\/09\/suno-logo.png\",\"contentUrl\":\"https:\/\/files.sunoresearch.com.br\/n\/uploads\/2021\/09\/suno-logo.png\",\"width\":180,\"height\":180,\"caption\":\"Suno Not\u00edcias\"},\"image\":{\"@id\":\"https:\/\/www.suno.com.br\/noticias\/#\/schema\/logo\/image\/\"},\"sameAs\":[\"https:\/\/facebook.com\/sunoresearch\",\"https:\/\/x.com\/sunoresearch\",\"https:\/\/www.instagram.com\/suno\",\"https:\/\/www.linkedin.com\/company\/suno-research\/\",\"https:\/\/www.youtube.com\/c\/sunoresearch\"]},{\"@type\":\"Person\",\"@id\":\"https:\/\/www.suno.com.br\/noticias\/#\/schema\/person\/653a8428016d45b19031651c57b94f82\",\"name\":\"Laura Intrieri\",\"image\":{\"@type\":\"ImageObject\",\"inLanguage\":\"pt-BR\",\"@id\":\"https:\/\/www.suno.com.br\/noticias\/#\/schema\/person\/image\/\",\"url\":\"https:\/\/secure.gravatar.com\/avatar\/27e3058d15d09a0a778c3d387c062d71?s=96&r=g\",\"contentUrl\":\"https:\/\/secure.gravatar.com\/avatar\/27e3058d15d09a0a778c3d387c062d71?s=96&r=g\",\"caption\":\"Laura Intrieri\"},\"description\":\"Rep\u00f3rter no Suno Not\u00edcias, cobre mercados, pol\u00edtica e economia. Escreve sobre Bolsa de Valores. Formada em Administra\u00e7\u00e3o P\u00fablica pela Funda\u00e7\u00e3o Get\u00falio Vargas, j\u00e1 passou pelo portal Money Times, escrevendo sobre pol\u00edtica e economia para a editoria \\\"Brasil\\\". Tamb\u00e9m j\u00e1 contribuiu para Ag\u00eancia Estado, cobrindo balan\u00e7os trimestrais e relat\u00f3rios de casas de an\u00e1lise. J\u00e1 produziu podcasts educativos e corporativos para a FGV EAESP. Durante a gradua\u00e7\u00e3o, desempenhou atividades acad\u00eamicas com enfoque em Finan\u00e7as P\u00fablicas.\",\"url\":\"https:\/\/www.suno.com.br\/noticias\/author\/laura-intrieri\/\"}]}<\/script>\n<!-- \/ Yoast SEO plugin. -->","yoast_head_json":{"title":"Maia e secret\u00e1rios em SP pedem demiss\u00e3o ap\u00f3s Garcia apoiar Bolsonaro","description":"As economistas Zeina Latif e Laura Muller Machado acompanharam Maia no movimento, enquanto Felipe Salto fica na gest\u00e3o. Veja mais.","robots":{"index":"index","follow":"follow","max-snippet":"max-snippet:-1","max-image-preview":"max-image-preview:large","max-video-preview":"max-video-preview:-1"},"canonical":"https:\/\/www.suno.com.br\/noticias\/rodrigo-maia-demissao-apos-garcia-apoiar-bolsonaro\/","og_locale":"pt_BR","og_type":"article","og_title":"Maia e secret\u00e1rios em SP pedem demiss\u00e3o ap\u00f3s Garcia apoiar Bolsonaro","og_description":"As economistas Zeina Latif e Laura Muller Machado acompanharam Maia no movimento, enquanto Felipe Salto fica na gest\u00e3o. Veja mais.","og_url":"https:\/\/www.suno.com.br\/noticias\/rodrigo-maia-demissao-apos-garcia-apoiar-bolsonaro\/","og_site_name":"Suno Not\u00edcias","article_publisher":"https:\/\/facebook.com\/sunoresearch","og_image":[{"width":1200,"height":800,"url":"https:\/\/files.sunoresearch.com.br\/n\/uploads\/2021\/03\/4ba5f32b-rodrigo-maia-foto-najara-araujo-camara-dos-deputados.jpg","type":"image\/jpeg"}],"author":"Laura Intrieri","twitter_card":"summary_large_image","twitter_creator":"@sunoresearch","twitter_site":"@sunoresearch","twitter_misc":{"Escrito por":"Laura Intrieri","Est. tempo de leitura":"3 minutos"},"schema":{"@context":"https:\/\/schema.org","@graph":[{"@type":"NewsArticle","@id":"https:\/\/www.suno.com.br\/noticias\/rodrigo-maia-demissao-apos-garcia-apoiar-bolsonaro\/#article","isPartOf":{"@id":"https:\/\/www.suno.com.br\/noticias\/rodrigo-maia-demissao-apos-garcia-apoiar-bolsonaro\/"},"author":{"name":"Laura Intrieri","@id":"https:\/\/www.suno.com.br\/noticias\/#\/schema\/person\/653a8428016d45b19031651c57b94f82"},"headline":"Rodrigo Maia e outros secret\u00e1rios em SP pedem demiss\u00e3o ap\u00f3s Garcia apoiar Bolsonaro","datePublished":"2022-10-05T20:04:52+00:00","mainEntityOfPage":{"@id":"https:\/\/www.suno.com.br\/noticias\/rodrigo-maia-demissao-apos-garcia-apoiar-bolsonaro\/"},"wordCount":437,"publisher":{"@id":"https:\/\/www.suno.com.br\/noticias\/#organization"},"image":{"@id":"https:\/\/www.suno.com.br\/noticias\/rodrigo-maia-demissao-apos-garcia-apoiar-bolsonaro\/#primaryimage"},"thumbnailUrl":"https:\/\/files.sunoresearch.com.br\/n\/uploads\/2021\/03\/4ba5f32b-rodrigo-maia-foto-najara-araujo-camara-dos-deputados-jpg.webp","keywords":["Elei\u00e7\u00f5es","Jair Bolsonaro","Jo\u00e3o Doria"],"articleSection":["Pol\u00edtica"],"inLanguage":"pt-BR"},{"@type":"WebPage","@id":"https:\/\/www.suno.com.br\/noticias\/rodrigo-maia-demissao-apos-garcia-apoiar-bolsonaro\/","url":"https:\/\/www.suno.com.br\/noticias\/rodrigo-maia-demissao-apos-garcia-apoiar-bolsonaro\/","name":"Maia e secret\u00e1rios em SP pedem demiss\u00e3o ap\u00f3s Garcia apoiar Bolsonaro","isPartOf":{"@id":"https:\/\/www.suno.com.br\/noticias\/#website"},"primaryImageOfPage":{"@id":"https:\/\/www.suno.com.br\/noticias\/rodrigo-maia-demissao-apos-garcia-apoiar-bolsonaro\/#primaryimage"},"image":{"@id":"https:\/\/www.suno.com.br\/noticias\/rodrigo-maia-demissao-apos-garcia-apoiar-bolsonaro\/#primaryimage"},"thumbnailUrl":"https:\/\/files.sunoresearch.com.br\/n\/uploads\/2021\/03\/4ba5f32b-rodrigo-maia-foto-najara-araujo-camara-dos-deputados-jpg.webp","datePublished":"2022-10-05T20:04:52+00:00","description":"As economistas Zeina Latif e Laura Muller Machado acompanharam Maia no movimento, enquanto Felipe Salto fica na gest\u00e3o. Veja mais.","breadcrumb":{"@id":"https:\/\/www.suno.com.br\/noticias\/rodrigo-maia-demissao-apos-garcia-apoiar-bolsonaro\/#breadcrumb"},"inLanguage":"pt-BR","potentialAction":[{"@type":"ReadAction","target":["https:\/\/www.suno.com.br\/noticias\/rodrigo-maia-demissao-apos-garcia-apoiar-bolsonaro\/"]}]},{"@type":"ImageObject","inLanguage":"pt-BR","@id":"https:\/\/www.suno.com.br\/noticias\/rodrigo-maia-demissao-apos-garcia-apoiar-bolsonaro\/#primaryimage","url":"https:\/\/files.sunoresearch.com.br\/n\/uploads\/2021\/03\/4ba5f32b-rodrigo-maia-foto-najara-araujo-camara-dos-deputados-jpg.webp","contentUrl":"https:\/\/files.sunoresearch.com.br\/n\/uploads\/2021\/03\/4ba5f32b-rodrigo-maia-foto-najara-araujo-camara-dos-deputados-jpg.webp","width":1200,"height":800,"caption":"Rodrigo Maia. Foto: Najara Araujo C\u00e2mara dos Deputados"},{"@type":"BreadcrumbList","@id":"https:\/\/www.suno.com.br\/noticias\/rodrigo-maia-demissao-apos-garcia-apoiar-bolsonaro\/#breadcrumb","itemListElement":[{"@type":"ListItem","position":1,"name":"Not\u00edcias","item":"https:\/\/www.suno.com.br\/noticias\/"},{"@type":"ListItem","position":2,"name":"Pol\u00edtica","item":"https:\/\/www.suno.com.br\/noticias\/politica\/"},{"@type":"ListItem","position":3,"name":"Rodrigo Maia e outros secret\u00e1rios em SP pedem demiss\u00e3o ap\u00f3s Garcia apoiar Bolsonaro"}]},{"@type":"WebSite","@id":"https:\/\/www.suno.com.br\/noticias\/#website","url":"https:\/\/www.suno.com.br\/noticias\/","name":"Suno Not\u00edcias","description":"Seu portal de informa\u00e7\u00e3o sobre o mundo dos investimentos","publisher":{"@id":"https:\/\/www.suno.com.br\/noticias\/#organization"},"potentialAction":[{"@type":"SearchAction","target":{"@type":"EntryPoint","urlTemplate":"https:\/\/www.suno.com.br\/noticias\/?s={search_term_string}"},"query-input":{"@type":"PropertyValueSpecification","valueRequired":true,"valueName":"search_term_string"}}],"inLanguage":"pt-BR"},{"@type":"Organization","@id":"https:\/\/www.suno.com.br\/noticias\/#organization","name":"Suno Not\u00edcias","url":"https:\/\/www.suno.com.br\/noticias\/","logo":{"@type":"ImageObject","inLanguage":"pt-BR","@id":"https:\/\/www.suno.com.br\/noticias\/#\/schema\/logo\/image\/","url":"https:\/\/files.sunoresearch.com.br\/n\/uploads\/2021\/09\/suno-logo.png","contentUrl":"https:\/\/files.sunoresearch.com.br\/n\/uploads\/2021\/09\/suno-logo.png","width":180,"height":180,"caption":"Suno Not\u00edcias"},"image":{"@id":"https:\/\/www.suno.com.br\/noticias\/#\/schema\/logo\/image\/"},"sameAs":["https:\/\/facebook.com\/sunoresearch","https:\/\/x.com\/sunoresearch","https:\/\/www.instagram.com\/suno","https:\/\/www.linkedin.com\/company\/suno-research\/","https:\/\/www.youtube.com\/c\/sunoresearch"]},{"@type":"Person","@id":"https:\/\/www.suno.com.br\/noticias\/#\/schema\/person\/653a8428016d45b19031651c57b94f82","name":"Laura Intrieri","image":{"@type":"ImageObject","inLanguage":"pt-BR","@id":"https:\/\/www.suno.com.br\/noticias\/#\/schema\/person\/image\/","url":"https:\/\/secure.gravatar.com\/avatar\/27e3058d15d09a0a778c3d387c062d71?s=96&r=g","contentUrl":"https:\/\/secure.gravatar.com\/avatar\/27e3058d15d09a0a778c3d387c062d71?s=96&r=g","caption":"Laura Intrieri"},"description":"Rep\u00f3rter no Suno Not\u00edcias, cobre mercados, pol\u00edtica e economia. Escreve sobre Bolsa de Valores. Formada em Administra\u00e7\u00e3o P\u00fablica pela Funda\u00e7\u00e3o Get\u00falio Vargas, j\u00e1 passou pelo portal Money Times, escrevendo sobre pol\u00edtica e economia para a editoria \"Brasil\". Tamb\u00e9m j\u00e1 contribuiu para Ag\u00eancia Estado, cobrindo balan\u00e7os trimestrais e relat\u00f3rios de casas de an\u00e1lise. J\u00e1 produziu podcasts educativos e corporativos para a FGV EAESP. Durante a gradua\u00e7\u00e3o, desempenhou atividades acad\u00eamicas com enfoque em Finan\u00e7as P\u00fablicas.","url":"https:\/\/www.suno.com.br\/noticias\/author\/laura-intrieri\/"}]}},"default_loop_html":"<div class=\"cardsPage__listCard__boxs\"><div class=\"cardsPage__listCard__boxs__img\"><a href=\"https:\/\/www.suno.com.br\/noticias\/rodrigo-maia-demissao-apos-garcia-apoiar-bolsonaro\/\"><img class=\"mask\" src=\"https:\/\/www.suno.com.br\/noticias\/wp-content\/themes\/suno\/resources\/images\/spotlight\/spotlight1img\/bg-mask.png\" alt=\"Image Mask\"\/><img src=\"https:\/\/files.sunoresearch.com.br\/n\/uploads\/2021\/03\/4ba5f32b-rodrigo-maia-foto-najara-araujo-camara-dos-deputados-400x200.webp\" alt=\"Rodrigo Maia e outros secret\u00e1rios em SP pedem demiss\u00e3o ap\u00f3s Garcia apoiar Bolsonaro\"\/><\/a><span class=\"spotlightCategory\"><a href=\"https:\/\/www.suno.com.br\/noticias\/politica\/\">Pol\u00edtica<\/a><\/span><\/div><div class=\"cardsPage__listCard__boxs__content\"><a href=\"https:\/\/www.suno.com.br\/noticias\/rodrigo-maia-demissao-apos-garcia-apoiar-bolsonaro\/\"><h2 class=\"content__title\">Rodrigo Maia e outros secret\u00e1rios em SP pedem demiss\u00e3o ap\u00f3s Garcia apoiar Bolsonaro<\/h2><\/a><div class=\"newsContent__article__meta\"><div class=\"newsContent__article__meta__authorBox\"><a href=\"https:\/\/www.suno.com.br\/noticias\/author\/laura-intrieri\/\" class=\"authorBox__avatar noMobi\"><img src=\"https:\/\/files.sunoresearch.com.br\/n\/uploads\/2022\/10\/WhatsApp-Image-2022-10-05-at-17.31.14-150x150.jpeg\" alt=\"Laura Intrieri\"><\/a><div class=\"authorBox__name\"><span>por\n\t\t\t<a href=\"https:\/\/www.suno.com.br\/noticias\/author\/laura-intrieri\/\"><span itemprop=\"author\">Laura Intrieri<\/span><\/a><\/span><time datetime=\"2022-10-05T17:04:52-03:00\" itemprop=\"datePublished\">05\/10\/2022 17:04<\/time><\/div><\/div><\/div><\/div><\/div>","single_layout":"posts","amp_enabled":true,"_links":{"self":[{"href":"https:\/\/www.suno.com.br\/noticias\/wp-json\/wp\/v2\/posts\/305630"}],"collection":[{"href":"https:\/\/www.suno.com.br\/noticias\/wp-json\/wp\/v2\/posts"}],"about":[{"href":"https:\/\/www.suno.com.br\/noticias\/wp-json\/wp\/v2\/types\/post"}],"author":[{"embeddable":true,"href":"https:\/\/www.suno.com.br\/noticias\/wp-json\/wp\/v2\/users\/192"}],"replies":[{"embeddable":true,"href":"https:\/\/www.suno.com.br\/noticias\/wp-json\/wp\/v2\/comments?post=305630"}],"version-history":[{"count":3,"href":"https:\/\/www.suno.com.br\/noticias\/wp-json\/wp\/v2\/posts\/305630\/revisions"}],"predecessor-version":[{"id":305660,"href":"https:\/\/www.suno.com.br\/noticias\/wp-json\/wp\/v2\/posts\/305630\/revisions\/305660"}],"wp:featuredmedia":[{"embeddable":true,"href":"https:\/\/www.suno.com.br\/noticias\/wp-json\/wp\/v2\/media\/130436"}],"wp:attachment":[{"href":"https:\/\/www.suno.com.br\/noticias\/wp-json\/wp\/v2\/media?parent=305630"}],"wp:term":[{"taxonomy":"category","embeddable":true,"href":"https:\/\/www.suno.com.br\/noticias\/wp-json\/wp\/v2\/categories?post=305630"},{"taxonomy":"post_tag","embeddable":true,"href":"https:\/\/www.suno.com.br\/noticias\/wp-json\/wp\/v2\/tags?post=305630"},{"taxonomy":"suno_strategy","embeddable":true,"href":"https:\/\/www.suno.com.br\/noticias\/wp-json\/wp\/v2\/suno_strategy?post=305630"}],"curies":[{"name":"wp","href":"https:\/\/api.w.org\/{rel}","templated":true}]}}