{"id":304843,"date":"2022-10-04T08:36:31","date_gmt":"2022-10-04T11:36:31","guid":{"rendered":"https:\/\/www.suno.com.br\/noticias\/?p=304843"},"modified":"2022-10-04T08:36:31","modified_gmt":"2022-10-04T11:36:31","slug":"bolsonaro-antecipa-auxilio-brasil-2o-turno","status":"publish","type":"post","link":"https:\/\/www.suno.com.br\/noticias\/bolsonaro-antecipa-auxilio-brasil-2o-turno\/","title":{"rendered":"Bolsonaro antecipa Aux\u00edlio Brasil e conclui pagamentos antes do 2\u00ba turno"},"content":{"rendered":"<p>O governo federal anunciou na sexta-feira (3) a antecipa\u00e7\u00e3o do calend\u00e1rio do <strong>Aux\u00edlio Brasil<\/strong> do m\u00eas de outubro.<\/p>\t<div class=\"wrapper-featured-image\">\n\t\t<figure class=\"spotlightImg\">\n\n\t\t\t<picture>\n\t\t\t\t<source media=\"(max-width: 768px)\" srcset=\"https:\/\/files.sunoresearch.com.br\/n\/uploads\/2021\/10\/Auxilio-Emergencial-400x200.jpg\">\n\t\t\t\t<img loading=\"lazy\" decoding=\"async\" class=\"newsContent__article__imgCapa lazyloadDisabled \" src=\"https:\/\/files.sunoresearch.com.br\/n\/uploads\/2021\/10\/Auxilio-Emergencial-800x450.jpg\" width=\"800\" height=\"450\" alt=\"Bolsonaro antecipa Aux\u00edlio Brasil e conclui pagamentos antes do 2\u00ba turno\" fetchpriority=high \/>\n\t\t\t<\/picture>\n\n\t\t\t<figcaption class=\"wp-caption-text wp-caption-text--show\">Aux\u00edlio Brasil. Foto: Ag\u00eancia Brasil - reprodu\u00e7\u00e3o <\/figcaption>\n\t\t<\/figure>\n\t<\/div>\n\n\n\t<p>\n\t\t<a href=\"\" target=\"_blank\" data-element=\"shortcode-suno-banner\" title=\"Banner SUNO, clique e saiba mais\">\n\t\t\t<picture>\n\t\t\t\t<source media=\"(max-width: 500px)\" srcset=\"\">\n\t\t\t\t<img class=\"newsContent__article__imgCapa newsContent__article__imgCapa--banner\"\n\t\t\t\t\tsrc=\"\"\n\t\t\t\t\tdata-promo-id=\"138420\"\t\t\t\t\t\t\t\t\t\t\t\t\t\t\talt=\"\"\n\t\t\t\t>\n\t\t\t<\/picture>\n\t\t<\/a>\n\t<\/p>\n\n\n<p>Com a mudan\u00e7a, o Aux\u00edlio Brasil ser\u00e1 pago entre os dias 11 e 25. Os repasses s\u00e3o feitos por meio da Caixa Econ\u00f4mica Federal.<\/p>\n<p>A antecipa\u00e7\u00e3o foi anunciada por Jair Bolsonaro, candidato \u00e0 reelei\u00e7\u00e3o, um dia ap\u00f3s o primeiro turno das elei\u00e7\u00f5es presidenciais.<\/p>\n<p>Com a medida, os pagamentos de R$ 600 ser\u00e3o conclu\u00eddos antes do segundo turno, que ocorrer\u00e1 no dia 30 de outubro, \u00faltimo domingo do m\u00eas.<\/p>\n<p>No calend\u00e1rio original, os dep\u00f3sitos seriam realizados entre os dias 18 e 31 de outubro.<\/p>\n<p>Na segunda-feira, o presidente tamb\u00e9m divulgou em suas redes sociais que o governo federal vai anunciar o pagamento do 13\u00ba do<strong> Aux\u00edlio Brasil para as mulheres<\/strong>.<\/p>\n<p>Neste m\u00eas, tamb\u00e9m ser\u00e1 pago o <strong>Aux\u00edlio G\u00e1s<\/strong>, benef\u00edcio que contempla 5,6 milh\u00f5es de fam\u00edlias. O pagamento \u00e9 bimestral e feito nas mesmas datas que o Aux\u00edlio Brasil.<\/p>\n\t<p>\n\t\t<a href=\"https:\/\/lp.suno.com.br\/planilha-controle-gastos\/\" target=\"_blank\" data-element=\"shortcode-suno-banner\" title=\"Banner SUNO, clique e saiba mais\">\n\t\t\t<picture>\n\t\t\t\t<source media=\"(max-width: 500px)\" srcset=\"https:\/\/files.sunoresearch.com.br\/n\/uploads\/2023\/03\/400x300-Planilha-controle-de-gastos.png\">\n\t\t\t\t<img class=\"newsContent__article__imgCapa newsContent__article__imgCapa--banner\"\n\t\t\t\t\tsrc=\"https:\/\/files.sunoresearch.com.br\/n\/uploads\/2023\/03\/1420x240-Planilha-controle-de-gastos.png\"\n\t\t\t\t\tdata-promo-id=\"101751\"\t\t\t\t\t\t\t\t\t\twidth='1420' height='240'\t\t\t\t\talt=\"https:\/\/files.sunoresearch.com.br\/n\/uploads\/2023\/03\/1420x240-Planilha-controle-de-gastos.png\"\n\t\t\t\t>\n\t\t\t<\/picture>\n\t\t<\/a>\n\t<\/p>\n\n\n<h2>Veja o calend\u00e1rio do Aux\u00edlio Brasil<\/h2>\n<p>Os dep\u00f3sitos ocorrem conforme o final do N\u00famero de Identifica\u00e7\u00e3o Social (NIS). Veja datas:<\/p>\n<table dir=\"ltr\" style=\"height: 432px;\" border=\"1\" width=\"398\" cellspacing=\"0\" cellpadding=\"0\">\n<colgroup>\n<col width=\"100\" \/>\n<col width=\"100\" \/><\/colgroup>\n<tbody>\n<tr>\n<td data-sheets-value=\"{&quot;1&quot;:2,&quot;2&quot;:&quot;N\u00famero final do cart\u00e3o de benef\u00edcio (NIS)&quot;}\">N\u00famero final do cart\u00e3o de benef\u00edcio (NIS)<\/td>\n<td data-sheets-value=\"{&quot;1&quot;:2,&quot;2&quot;:&quot;Data de libera\u00e7\u00e3o do benef\u00edcio de R$ 600&quot;}\">\n<div>\n<div>Data de libera\u00e7\u00e3o do benef\u00edcio de R$ 600<\/div>\n<\/div>\n<\/td>\n<\/tr>\n<tr>\n<td data-sheets-value=\"{&quot;1&quot;:3,&quot;3&quot;:1}\">1<\/td>\n<td data-sheets-value=\"{&quot;1&quot;:2,&quot;2&quot;:&quot;11 de outubro&quot;}\">11 de outubro<\/td>\n<\/tr>\n<tr>\n<td data-sheets-value=\"{&quot;1&quot;:3,&quot;3&quot;:2}\">2<\/td>\n<td data-sheets-value=\"{&quot;1&quot;:2,&quot;2&quot;:&quot;13 de outubro&quot;}\">13 de outubro<\/td>\n<\/tr>\n<tr>\n<td data-sheets-value=\"{&quot;1&quot;:3,&quot;3&quot;:3}\">3<\/td>\n<td data-sheets-value=\"{&quot;1&quot;:2,&quot;2&quot;:&quot;14 de outubro&quot;}\">14 de outubro<\/td>\n<\/tr>\n<tr>\n<td data-sheets-value=\"{&quot;1&quot;:3,&quot;3&quot;:4}\">4<\/td>\n<td data-sheets-value=\"{&quot;1&quot;:2,&quot;2&quot;:&quot;17 de outubro&quot;}\">17 de outubro<\/td>\n<\/tr>\n<tr>\n<td data-sheets-value=\"{&quot;1&quot;:3,&quot;3&quot;:5}\">5<\/td>\n<td data-sheets-value=\"{&quot;1&quot;:2,&quot;2&quot;:&quot;18 de outubro&quot;}\">18 de outubro<\/td>\n<\/tr>\n<tr>\n<td data-sheets-value=\"{&quot;1&quot;:3,&quot;3&quot;:6}\">6<\/td>\n<td data-sheets-value=\"{&quot;1&quot;:2,&quot;2&quot;:&quot;19 de outubro&quot;}\">19 de outubro<\/td>\n<\/tr>\n<tr>\n<td data-sheets-value=\"{&quot;1&quot;:3,&quot;3&quot;:7}\">7<\/td>\n<td data-sheets-value=\"{&quot;1&quot;:2,&quot;2&quot;:&quot;20 de outubro&quot;}\">20 de outubro<\/td>\n<\/tr>\n<tr>\n<td data-sheets-value=\"{&quot;1&quot;:3,&quot;3&quot;:8}\">8<\/td>\n<td data-sheets-value=\"{&quot;1&quot;:2,&quot;2&quot;:&quot;21 de outubro&quot;}\">21 de outubro<\/td>\n<\/tr>\n<tr>\n<td data-sheets-value=\"{&quot;1&quot;:3,&quot;3&quot;:9}\">9<\/td>\n<td data-sheets-value=\"{&quot;1&quot;:2,&quot;2&quot;:&quot;24 de outubro&quot;}\">24 de outubro<\/td>\n<\/tr>\n<tr>\n<td data-sheets-value=\"{&quot;1&quot;:3,&quot;3&quot;:0}\">0<\/td>\n<td data-sheets-value=\"{&quot;1&quot;:2,&quot;2&quot;:&quot;25 de outubro&quot;}\">25 de outubro<\/td>\n<\/tr>\n<\/tbody>\n<\/table>\n\t<p>\n\t\t<a href=\"https:\/\/lp.suno.com.br\/planilha-da-vida-financeira\/\" target=\"_blank\" data-element=\"shortcode-suno-banner\" title=\"Banner SUNO, clique e saiba mais\">\n\t\t\t<picture>\n\t\t\t\t<source media=\"(max-width: 500px)\" srcset=\"https:\/\/files.sunoresearch.com.br\/n\/uploads\/2023\/04\/400x300-Planilha-vida-financeira-true.png\">\n\t\t\t\t<img class=\"newsContent__article__imgCapa newsContent__article__imgCapa--banner\"\n\t\t\t\t\tsrc=\"https:\/\/files.sunoresearch.com.br\/n\/uploads\/2023\/04\/1420x240-Planilha-vida-financeira-true.png\"\n\t\t\t\t\tdata-promo-id=\"106682\"\t\t\t\t\t\t\t\t\t\twidth='1420' height='240'\t\t\t\t\talt=\"https:\/\/files.sunoresearch.com.br\/n\/uploads\/2023\/04\/1420x240-Planilha-vida-financeira-true.png\"\n\t\t\t\t>\n\t\t\t<\/picture>\n\t\t<\/a>\n\t<\/p>\n\n\n<h2>Quem tem direito ao Aux\u00edlio Brasil?<\/h2>\n<p>Para receber o Aux\u00edlio Brasil, \u00e9 preciso estar inscrito no Cad\u00danico (Cadastro \u00danico).<\/p>\n<p>A inscri\u00e7\u00e3o pode ser feita no site do governo ou no aplicativo e, depois, a confirma\u00e7\u00e3o deve ser feita no Cras (Centro de Refer\u00eancia da Assist\u00eancia Social) ou nas prefeituras.<\/p>\n<p>Veja <strong>quem tem direito ao Aux\u00edlio Brasil<\/strong>:<\/p>\n<ul>\n<li>cidad\u00e3os que fazem parte de fam\u00edlias em extrema pobreza, com renda de at\u00e9 R$ 105 por pessoa da fam\u00edlia;<\/li>\n<li>pessoas em situa\u00e7\u00e3o de pobreza, com renda entre R$ 105,01 e R$ 210 por pessoa da fam\u00edlia;<\/li>\n<li>indiv\u00edduos em regra de emancipa\u00e7\u00e3o, que \u00e9 quando o benefici\u00e1rio conquista um emprego formal, mas segue com direito ao benef\u00edcio se a renda por pessoa da fam\u00edlia for de at\u00e9 R$ 525.<\/li>\n<\/ul>\n<p>Para as fam\u00edlias que estavam na fila para come\u00e7ar a receber o Aux\u00edlio, o status de cada cidad\u00e3o pode ser consultado no aplicativo Aux\u00edlio Brasil GovBr ou no aplicativo Caixa Tem.<\/p>\n<h2>O que \u00e9 preciso para continuar recebendo?<\/h2>\n<p>Como ocorria no Bolsa Fam\u00edlia, programa precursor do <strong>Aux\u00edlio Brasil<\/strong>, alguns requisitos devem ser cumpridos para que as fam\u00edlias continuem recebendo o benef\u00edcio. S\u00e3o eles:<\/p>\n<ul>\n<li>Realiza\u00e7\u00e3o do pr\u00e9-natal;<\/li>\n<li>Acompanhamento do calend\u00e1rio nacional de vacina\u00e7\u00e3o;<\/li>\n<li>Acompanhamento do estado nutricional;<\/li>\n<li>Frequ\u00eancia escolar m\u00ednima definida em regulamento;<\/li>\n<li>Matr\u00edcula em estabelecimento de ensino regular para jovens entre 18 a 21 anos.<\/li>\n<\/ul>\n\t<p>\n\t\t<a href=\"https:\/\/lp.suno.com.br\/ebook-como-analisar-uma-acao\/\" target=\"_blank\" data-element=\"shortcode-suno-banner\" title=\"Banner SUNO, clique e saiba mais\">\n\t\t\t<picture>\n\t\t\t\t<source media=\"(max-width: 500px)\" srcset=\"https:\/\/files.sunoresearch.com.br\/n\/uploads\/2023\/03\/Ebook-Acoes-Mobile-1.jpg\">\n\t\t\t\t<img class=\"newsContent__article__imgCapa newsContent__article__imgCapa--banner\"\n\t\t\t\t\tsrc=\"https:\/\/files.sunoresearch.com.br\/n\/uploads\/2023\/03\/Ebook-Acoes-Desktop-1.jpg\"\n\t\t\t\t\tdata-promo-id=\"171998\"\t\t\t\t\t\t\t\t\t\twidth='1420' height='286'\t\t\t\t\talt=\"https:\/\/files.sunoresearch.com.br\/n\/uploads\/2023\/03\/Ebook-Acoes-Desktop-1.jpg\"\n\t\t\t\t>\n\t\t\t<\/picture>\n\t\t<\/a>\n\t<\/p>\n\n\n","protected":false},"excerpt":{"rendered":"<p>O governo federal anunciou na sexta-feira (3) a antecipa\u00e7\u00e3o do calend\u00e1rio do Aux\u00edlio Brasil do m\u00eas de outubro. Aux\u00edlio Brasil. Foto: Ag\u00eancia Brasil &#8211; reprodu\u00e7\u00e3o Com a mudan\u00e7a, o Aux\u00edlio Brasil ser\u00e1 pago entre os dias 11 e 25. Os repasses s\u00e3o feitos por meio da Caixa Econ\u00f4mica Federal. A antecipa\u00e7\u00e3o foi anunciada por Jair [&hellip;]<\/p>\n","protected":false},"author":192,"featured_media":195013,"comment_status":"closed","ping_status":"closed","sticky":false,"template":"","format":"standard","meta":[],"categories":[61],"tags":[17139,697,719],"suno_strategy":[],"class_list":["post-304843","post","type-post","status-publish","format-standard","has-post-thumbnail","hentry","category-politica","tag-auxilio-emergencial","tag-eleicoes","tag-jair-bolsonaro"],"yoast_head":"<!-- This site is optimized with the Yoast SEO plugin v24.4 - https:\/\/yoast.com\/wordpress\/plugins\/seo\/ -->\n<title>Bolsonaro antecipa Aux\u00edlio Brasil e conclui pagamentos antes do 2\u00ba turno<\/title>\n<meta name=\"description\" content=\"O presidente Jair Bolsonaro (PL) antecipou o calend\u00e1rio de pagamentos do Aux\u00edlio Brasil. Clique e veja novas datas.\" \/>\n<meta name=\"robots\" content=\"index, follow, max-snippet:-1, max-image-preview:large, max-video-preview:-1\" \/>\n<link rel=\"canonical\" href=\"https:\/\/www.suno.com.br\/noticias\/bolsonaro-antecipa-auxilio-brasil-2o-turno\/\" \/>\n<meta property=\"og:locale\" content=\"pt_BR\" \/>\n<meta property=\"og:type\" content=\"article\" \/>\n<meta property=\"og:title\" content=\"Bolsonaro antecipa Aux\u00edlio Brasil e conclui pagamentos antes do 2\u00ba turno\" \/>\n<meta property=\"og:description\" content=\"O presidente Jair Bolsonaro (PL) antecipou o calend\u00e1rio de pagamentos do Aux\u00edlio Brasil. Clique e veja novas datas.\" \/>\n<meta property=\"og:url\" content=\"https:\/\/www.suno.com.br\/noticias\/bolsonaro-antecipa-auxilio-brasil-2o-turno\/\" \/>\n<meta property=\"og:site_name\" content=\"Suno Not\u00edcias\" \/>\n<meta property=\"article:publisher\" content=\"https:\/\/facebook.com\/sunoresearch\" \/>\n<meta property=\"og:image\" content=\"https:\/\/files.sunoresearch.com.br\/n\/uploads\/2021\/10\/Auxilio-Emergencial.jpg\" \/>\n\t<meta property=\"og:image:width\" content=\"2276\" \/>\n\t<meta property=\"og:image:height\" content=\"1280\" \/>\n\t<meta property=\"og:image:type\" content=\"image\/jpeg\" \/>\n<meta name=\"author\" content=\"Laura Intrieri\" \/>\n<meta name=\"twitter:card\" content=\"summary_large_image\" \/>\n<meta name=\"twitter:creator\" content=\"@sunoresearch\" \/>\n<meta name=\"twitter:site\" content=\"@sunoresearch\" \/>\n<meta name=\"twitter:label1\" content=\"Escrito por\" \/>\n\t<meta name=\"twitter:data1\" content=\"Laura Intrieri\" \/>\n\t<meta name=\"twitter:label2\" content=\"Est. tempo de leitura\" \/>\n\t<meta name=\"twitter:data2\" content=\"3 minutos\" \/>\n<script type=\"application\/ld+json\" class=\"yoast-schema-graph\">{\"@context\":\"https:\/\/schema.org\",\"@graph\":[{\"@type\":\"NewsArticle\",\"@id\":\"https:\/\/www.suno.com.br\/noticias\/bolsonaro-antecipa-auxilio-brasil-2o-turno\/#article\",\"isPartOf\":{\"@id\":\"https:\/\/www.suno.com.br\/noticias\/bolsonaro-antecipa-auxilio-brasil-2o-turno\/\"},\"author\":{\"name\":\"Laura Intrieri\",\"@id\":\"https:\/\/www.suno.com.br\/noticias\/#\/schema\/person\/653a8428016d45b19031651c57b94f82\"},\"headline\":\"Bolsonaro antecipa Aux\u00edlio Brasil e conclui pagamentos antes do 2\u00ba turno\",\"datePublished\":\"2022-10-04T11:36:31+00:00\",\"mainEntityOfPage\":{\"@id\":\"https:\/\/www.suno.com.br\/noticias\/bolsonaro-antecipa-auxilio-brasil-2o-turno\/\"},\"wordCount\":503,\"publisher\":{\"@id\":\"https:\/\/www.suno.com.br\/noticias\/#organization\"},\"image\":{\"@id\":\"https:\/\/www.suno.com.br\/noticias\/bolsonaro-antecipa-auxilio-brasil-2o-turno\/#primaryimage\"},\"thumbnailUrl\":\"https:\/\/files.sunoresearch.com.br\/n\/uploads\/2021\/10\/Auxilio-Emergencial.jpg\",\"keywords\":[\"aux\u00edlio emergencial\",\"Elei\u00e7\u00f5es\",\"Jair Bolsonaro\"],\"articleSection\":[\"Pol\u00edtica\"],\"inLanguage\":\"pt-BR\"},{\"@type\":\"WebPage\",\"@id\":\"https:\/\/www.suno.com.br\/noticias\/bolsonaro-antecipa-auxilio-brasil-2o-turno\/\",\"url\":\"https:\/\/www.suno.com.br\/noticias\/bolsonaro-antecipa-auxilio-brasil-2o-turno\/\",\"name\":\"Bolsonaro antecipa Aux\u00edlio Brasil e conclui pagamentos antes do 2\u00ba turno\",\"isPartOf\":{\"@id\":\"https:\/\/www.suno.com.br\/noticias\/#website\"},\"primaryImageOfPage\":{\"@id\":\"https:\/\/www.suno.com.br\/noticias\/bolsonaro-antecipa-auxilio-brasil-2o-turno\/#primaryimage\"},\"image\":{\"@id\":\"https:\/\/www.suno.com.br\/noticias\/bolsonaro-antecipa-auxilio-brasil-2o-turno\/#primaryimage\"},\"thumbnailUrl\":\"https:\/\/files.sunoresearch.com.br\/n\/uploads\/2021\/10\/Auxilio-Emergencial.jpg\",\"datePublished\":\"2022-10-04T11:36:31+00:00\",\"description\":\"O presidente Jair Bolsonaro (PL) antecipou o calend\u00e1rio de pagamentos do Aux\u00edlio Brasil. Clique e veja novas datas.\",\"breadcrumb\":{\"@id\":\"https:\/\/www.suno.com.br\/noticias\/bolsonaro-antecipa-auxilio-brasil-2o-turno\/#breadcrumb\"},\"inLanguage\":\"pt-BR\",\"potentialAction\":[{\"@type\":\"ReadAction\",\"target\":[\"https:\/\/www.suno.com.br\/noticias\/bolsonaro-antecipa-auxilio-brasil-2o-turno\/\"]}]},{\"@type\":\"ImageObject\",\"inLanguage\":\"pt-BR\",\"@id\":\"https:\/\/www.suno.com.br\/noticias\/bolsonaro-antecipa-auxilio-brasil-2o-turno\/#primaryimage\",\"url\":\"https:\/\/files.sunoresearch.com.br\/n\/uploads\/2021\/10\/Auxilio-Emergencial.jpg\",\"contentUrl\":\"https:\/\/files.sunoresearch.com.br\/n\/uploads\/2021\/10\/Auxilio-Emergencial.jpg\",\"width\":2276,\"height\":1280,\"caption\":\"Aux\u00edlio Brasil. Foto: Ag\u00eancia Brasil - reprodu\u00e7\u00e3o\"},{\"@type\":\"BreadcrumbList\",\"@id\":\"https:\/\/www.suno.com.br\/noticias\/bolsonaro-antecipa-auxilio-brasil-2o-turno\/#breadcrumb\",\"itemListElement\":[{\"@type\":\"ListItem\",\"position\":1,\"name\":\"Not\u00edcias\",\"item\":\"https:\/\/www.suno.com.br\/noticias\/\"},{\"@type\":\"ListItem\",\"position\":2,\"name\":\"Pol\u00edtica\",\"item\":\"https:\/\/www.suno.com.br\/noticias\/politica\/\"},{\"@type\":\"ListItem\",\"position\":3,\"name\":\"Bolsonaro antecipa Aux\u00edlio Brasil e conclui pagamentos antes do 2\u00ba turno\"}]},{\"@type\":\"WebSite\",\"@id\":\"https:\/\/www.suno.com.br\/noticias\/#website\",\"url\":\"https:\/\/www.suno.com.br\/noticias\/\",\"name\":\"Suno Not\u00edcias\",\"description\":\"Seu portal de informa\u00e7\u00e3o sobre o mundo dos investimentos\",\"publisher\":{\"@id\":\"https:\/\/www.suno.com.br\/noticias\/#organization\"},\"potentialAction\":[{\"@type\":\"SearchAction\",\"target\":{\"@type\":\"EntryPoint\",\"urlTemplate\":\"https:\/\/www.suno.com.br\/noticias\/?s={search_term_string}\"},\"query-input\":{\"@type\":\"PropertyValueSpecification\",\"valueRequired\":true,\"valueName\":\"search_term_string\"}}],\"inLanguage\":\"pt-BR\"},{\"@type\":\"Organization\",\"@id\":\"https:\/\/www.suno.com.br\/noticias\/#organization\",\"name\":\"Suno Not\u00edcias\",\"url\":\"https:\/\/www.suno.com.br\/noticias\/\",\"logo\":{\"@type\":\"ImageObject\",\"inLanguage\":\"pt-BR\",\"@id\":\"https:\/\/www.suno.com.br\/noticias\/#\/schema\/logo\/image\/\",\"url\":\"https:\/\/files.sunoresearch.com.br\/n\/uploads\/2021\/09\/suno-logo.png\",\"contentUrl\":\"https:\/\/files.sunoresearch.com.br\/n\/uploads\/2021\/09\/suno-logo.png\",\"width\":180,\"height\":180,\"caption\":\"Suno Not\u00edcias\"},\"image\":{\"@id\":\"https:\/\/www.suno.com.br\/noticias\/#\/schema\/logo\/image\/\"},\"sameAs\":[\"https:\/\/facebook.com\/sunoresearch\",\"https:\/\/x.com\/sunoresearch\",\"https:\/\/www.instagram.com\/suno\",\"https:\/\/www.linkedin.com\/company\/suno-research\/\",\"https:\/\/www.youtube.com\/c\/sunoresearch\"]},{\"@type\":\"Person\",\"@id\":\"https:\/\/www.suno.com.br\/noticias\/#\/schema\/person\/653a8428016d45b19031651c57b94f82\",\"name\":\"Laura Intrieri\",\"image\":{\"@type\":\"ImageObject\",\"inLanguage\":\"pt-BR\",\"@id\":\"https:\/\/www.suno.com.br\/noticias\/#\/schema\/person\/image\/\",\"url\":\"https:\/\/secure.gravatar.com\/avatar\/27e3058d15d09a0a778c3d387c062d71?s=96&r=g\",\"contentUrl\":\"https:\/\/secure.gravatar.com\/avatar\/27e3058d15d09a0a778c3d387c062d71?s=96&r=g\",\"caption\":\"Laura Intrieri\"},\"description\":\"Rep\u00f3rter no Suno Not\u00edcias, cobre mercados, pol\u00edtica e economia. Escreve sobre Bolsa de Valores. Formada em Administra\u00e7\u00e3o P\u00fablica pela Funda\u00e7\u00e3o Get\u00falio Vargas, j\u00e1 passou pelo portal Money Times, escrevendo sobre pol\u00edtica e economia para a editoria \\\"Brasil\\\". Tamb\u00e9m j\u00e1 contribuiu para Ag\u00eancia Estado, cobrindo balan\u00e7os trimestrais e relat\u00f3rios de casas de an\u00e1lise. J\u00e1 produziu podcasts educativos e corporativos para a FGV EAESP. Durante a gradua\u00e7\u00e3o, desempenhou atividades acad\u00eamicas com enfoque em Finan\u00e7as P\u00fablicas.\",\"url\":\"https:\/\/www.suno.com.br\/noticias\/author\/laura-intrieri\/\"}]}<\/script>\n<!-- \/ Yoast SEO plugin. -->","yoast_head_json":{"title":"Bolsonaro antecipa Aux\u00edlio Brasil e conclui pagamentos antes do 2\u00ba turno","description":"O presidente Jair Bolsonaro (PL) antecipou o calend\u00e1rio de pagamentos do Aux\u00edlio Brasil. Clique e veja novas datas.","robots":{"index":"index","follow":"follow","max-snippet":"max-snippet:-1","max-image-preview":"max-image-preview:large","max-video-preview":"max-video-preview:-1"},"canonical":"https:\/\/www.suno.com.br\/noticias\/bolsonaro-antecipa-auxilio-brasil-2o-turno\/","og_locale":"pt_BR","og_type":"article","og_title":"Bolsonaro antecipa Aux\u00edlio Brasil e conclui pagamentos antes do 2\u00ba turno","og_description":"O presidente Jair Bolsonaro (PL) antecipou o calend\u00e1rio de pagamentos do Aux\u00edlio Brasil. Clique e veja novas datas.","og_url":"https:\/\/www.suno.com.br\/noticias\/bolsonaro-antecipa-auxilio-brasil-2o-turno\/","og_site_name":"Suno Not\u00edcias","article_publisher":"https:\/\/facebook.com\/sunoresearch","og_image":[{"width":2276,"height":1280,"url":"https:\/\/files.sunoresearch.com.br\/n\/uploads\/2021\/10\/Auxilio-Emergencial.jpg","type":"image\/jpeg"}],"author":"Laura Intrieri","twitter_card":"summary_large_image","twitter_creator":"@sunoresearch","twitter_site":"@sunoresearch","twitter_misc":{"Escrito por":"Laura Intrieri","Est. tempo de leitura":"3 minutos"},"schema":{"@context":"https:\/\/schema.org","@graph":[{"@type":"NewsArticle","@id":"https:\/\/www.suno.com.br\/noticias\/bolsonaro-antecipa-auxilio-brasil-2o-turno\/#article","isPartOf":{"@id":"https:\/\/www.suno.com.br\/noticias\/bolsonaro-antecipa-auxilio-brasil-2o-turno\/"},"author":{"name":"Laura Intrieri","@id":"https:\/\/www.suno.com.br\/noticias\/#\/schema\/person\/653a8428016d45b19031651c57b94f82"},"headline":"Bolsonaro antecipa Aux\u00edlio Brasil e conclui pagamentos antes do 2\u00ba turno","datePublished":"2022-10-04T11:36:31+00:00","mainEntityOfPage":{"@id":"https:\/\/www.suno.com.br\/noticias\/bolsonaro-antecipa-auxilio-brasil-2o-turno\/"},"wordCount":503,"publisher":{"@id":"https:\/\/www.suno.com.br\/noticias\/#organization"},"image":{"@id":"https:\/\/www.suno.com.br\/noticias\/bolsonaro-antecipa-auxilio-brasil-2o-turno\/#primaryimage"},"thumbnailUrl":"https:\/\/files.sunoresearch.com.br\/n\/uploads\/2021\/10\/Auxilio-Emergencial.jpg","keywords":["aux\u00edlio emergencial","Elei\u00e7\u00f5es","Jair Bolsonaro"],"articleSection":["Pol\u00edtica"],"inLanguage":"pt-BR"},{"@type":"WebPage","@id":"https:\/\/www.suno.com.br\/noticias\/bolsonaro-antecipa-auxilio-brasil-2o-turno\/","url":"https:\/\/www.suno.com.br\/noticias\/bolsonaro-antecipa-auxilio-brasil-2o-turno\/","name":"Bolsonaro antecipa Aux\u00edlio Brasil e conclui pagamentos antes do 2\u00ba turno","isPartOf":{"@id":"https:\/\/www.suno.com.br\/noticias\/#website"},"primaryImageOfPage":{"@id":"https:\/\/www.suno.com.br\/noticias\/bolsonaro-antecipa-auxilio-brasil-2o-turno\/#primaryimage"},"image":{"@id":"https:\/\/www.suno.com.br\/noticias\/bolsonaro-antecipa-auxilio-brasil-2o-turno\/#primaryimage"},"thumbnailUrl":"https:\/\/files.sunoresearch.com.br\/n\/uploads\/2021\/10\/Auxilio-Emergencial.jpg","datePublished":"2022-10-04T11:36:31+00:00","description":"O presidente Jair Bolsonaro (PL) antecipou o calend\u00e1rio de pagamentos do Aux\u00edlio Brasil. Clique e veja novas datas.","breadcrumb":{"@id":"https:\/\/www.suno.com.br\/noticias\/bolsonaro-antecipa-auxilio-brasil-2o-turno\/#breadcrumb"},"inLanguage":"pt-BR","potentialAction":[{"@type":"ReadAction","target":["https:\/\/www.suno.com.br\/noticias\/bolsonaro-antecipa-auxilio-brasil-2o-turno\/"]}]},{"@type":"ImageObject","inLanguage":"pt-BR","@id":"https:\/\/www.suno.com.br\/noticias\/bolsonaro-antecipa-auxilio-brasil-2o-turno\/#primaryimage","url":"https:\/\/files.sunoresearch.com.br\/n\/uploads\/2021\/10\/Auxilio-Emergencial.jpg","contentUrl":"https:\/\/files.sunoresearch.com.br\/n\/uploads\/2021\/10\/Auxilio-Emergencial.jpg","width":2276,"height":1280,"caption":"Aux\u00edlio Brasil. Foto: Ag\u00eancia Brasil - reprodu\u00e7\u00e3o"},{"@type":"BreadcrumbList","@id":"https:\/\/www.suno.com.br\/noticias\/bolsonaro-antecipa-auxilio-brasil-2o-turno\/#breadcrumb","itemListElement":[{"@type":"ListItem","position":1,"name":"Not\u00edcias","item":"https:\/\/www.suno.com.br\/noticias\/"},{"@type":"ListItem","position":2,"name":"Pol\u00edtica","item":"https:\/\/www.suno.com.br\/noticias\/politica\/"},{"@type":"ListItem","position":3,"name":"Bolsonaro antecipa Aux\u00edlio Brasil e conclui pagamentos antes do 2\u00ba turno"}]},{"@type":"WebSite","@id":"https:\/\/www.suno.com.br\/noticias\/#website","url":"https:\/\/www.suno.com.br\/noticias\/","name":"Suno Not\u00edcias","description":"Seu portal de informa\u00e7\u00e3o sobre o mundo dos investimentos","publisher":{"@id":"https:\/\/www.suno.com.br\/noticias\/#organization"},"potentialAction":[{"@type":"SearchAction","target":{"@type":"EntryPoint","urlTemplate":"https:\/\/www.suno.com.br\/noticias\/?s={search_term_string}"},"query-input":{"@type":"PropertyValueSpecification","valueRequired":true,"valueName":"search_term_string"}}],"inLanguage":"pt-BR"},{"@type":"Organization","@id":"https:\/\/www.suno.com.br\/noticias\/#organization","name":"Suno Not\u00edcias","url":"https:\/\/www.suno.com.br\/noticias\/","logo":{"@type":"ImageObject","inLanguage":"pt-BR","@id":"https:\/\/www.suno.com.br\/noticias\/#\/schema\/logo\/image\/","url":"https:\/\/files.sunoresearch.com.br\/n\/uploads\/2021\/09\/suno-logo.png","contentUrl":"https:\/\/files.sunoresearch.com.br\/n\/uploads\/2021\/09\/suno-logo.png","width":180,"height":180,"caption":"Suno Not\u00edcias"},"image":{"@id":"https:\/\/www.suno.com.br\/noticias\/#\/schema\/logo\/image\/"},"sameAs":["https:\/\/facebook.com\/sunoresearch","https:\/\/x.com\/sunoresearch","https:\/\/www.instagram.com\/suno","https:\/\/www.linkedin.com\/company\/suno-research\/","https:\/\/www.youtube.com\/c\/sunoresearch"]},{"@type":"Person","@id":"https:\/\/www.suno.com.br\/noticias\/#\/schema\/person\/653a8428016d45b19031651c57b94f82","name":"Laura Intrieri","image":{"@type":"ImageObject","inLanguage":"pt-BR","@id":"https:\/\/www.suno.com.br\/noticias\/#\/schema\/person\/image\/","url":"https:\/\/secure.gravatar.com\/avatar\/27e3058d15d09a0a778c3d387c062d71?s=96&r=g","contentUrl":"https:\/\/secure.gravatar.com\/avatar\/27e3058d15d09a0a778c3d387c062d71?s=96&r=g","caption":"Laura Intrieri"},"description":"Rep\u00f3rter no Suno Not\u00edcias, cobre mercados, pol\u00edtica e economia. Escreve sobre Bolsa de Valores. Formada em Administra\u00e7\u00e3o P\u00fablica pela Funda\u00e7\u00e3o Get\u00falio Vargas, j\u00e1 passou pelo portal Money Times, escrevendo sobre pol\u00edtica e economia para a editoria \"Brasil\". Tamb\u00e9m j\u00e1 contribuiu para Ag\u00eancia Estado, cobrindo balan\u00e7os trimestrais e relat\u00f3rios de casas de an\u00e1lise. J\u00e1 produziu podcasts educativos e corporativos para a FGV EAESP. Durante a gradua\u00e7\u00e3o, desempenhou atividades acad\u00eamicas com enfoque em Finan\u00e7as P\u00fablicas.","url":"https:\/\/www.suno.com.br\/noticias\/author\/laura-intrieri\/"}]}},"default_loop_html":"<div class=\"cardsPage__listCard__boxs\"><div class=\"cardsPage__listCard__boxs__img\"><a href=\"https:\/\/www.suno.com.br\/noticias\/bolsonaro-antecipa-auxilio-brasil-2o-turno\/\"><img class=\"mask\" src=\"https:\/\/www.suno.com.br\/noticias\/wp-content\/themes\/suno\/resources\/images\/spotlight\/spotlight1img\/bg-mask.png\" alt=\"Image Mask\"\/><img src=\"https:\/\/files.sunoresearch.com.br\/n\/uploads\/2021\/10\/Auxilio-Emergencial-400x200.jpg\" alt=\"Bolsonaro antecipa Aux\u00edlio Brasil e conclui pagamentos antes do 2\u00ba turno\"\/><\/a><span class=\"spotlightCategory\"><a href=\"https:\/\/www.suno.com.br\/noticias\/politica\/\">Pol\u00edtica<\/a><\/span><\/div><div class=\"cardsPage__listCard__boxs__content\"><a href=\"https:\/\/www.suno.com.br\/noticias\/bolsonaro-antecipa-auxilio-brasil-2o-turno\/\"><h2 class=\"content__title\">Bolsonaro antecipa Aux\u00edlio Brasil e conclui pagamentos antes do 2\u00ba turno<\/h2><\/a><div class=\"newsContent__article__meta\"><div class=\"newsContent__article__meta__authorBox\"><a href=\"https:\/\/www.suno.com.br\/noticias\/author\/laura-intrieri\/\" class=\"authorBox__avatar noMobi\"><img src=\"https:\/\/files.sunoresearch.com.br\/n\/uploads\/2022\/10\/WhatsApp-Image-2022-10-05-at-17.31.14-150x150.jpeg\" alt=\"Laura Intrieri\"><\/a><div class=\"authorBox__name\"><span>por\n\t\t\t<a href=\"https:\/\/www.suno.com.br\/noticias\/author\/laura-intrieri\/\"><span itemprop=\"author\">Laura Intrieri<\/span><\/a><\/span><time datetime=\"2022-10-04T08:36:31-03:00\" itemprop=\"datePublished\">04\/10\/2022 08:36<\/time><\/div><\/div><\/div><\/div><\/div>","single_layout":"posts","amp_enabled":true,"_links":{"self":[{"href":"https:\/\/www.suno.com.br\/noticias\/wp-json\/wp\/v2\/posts\/304843"}],"collection":[{"href":"https:\/\/www.suno.com.br\/noticias\/wp-json\/wp\/v2\/posts"}],"about":[{"href":"https:\/\/www.suno.com.br\/noticias\/wp-json\/wp\/v2\/types\/post"}],"author":[{"embeddable":true,"href":"https:\/\/www.suno.com.br\/noticias\/wp-json\/wp\/v2\/users\/192"}],"replies":[{"embeddable":true,"href":"https:\/\/www.suno.com.br\/noticias\/wp-json\/wp\/v2\/comments?post=304843"}],"version-history":[{"count":2,"href":"https:\/\/www.suno.com.br\/noticias\/wp-json\/wp\/v2\/posts\/304843\/revisions"}],"predecessor-version":[{"id":304846,"href":"https:\/\/www.suno.com.br\/noticias\/wp-json\/wp\/v2\/posts\/304843\/revisions\/304846"}],"wp:featuredmedia":[{"embeddable":true,"href":"https:\/\/www.suno.com.br\/noticias\/wp-json\/wp\/v2\/media\/195013"}],"wp:attachment":[{"href":"https:\/\/www.suno.com.br\/noticias\/wp-json\/wp\/v2\/media?parent=304843"}],"wp:term":[{"taxonomy":"category","embeddable":true,"href":"https:\/\/www.suno.com.br\/noticias\/wp-json\/wp\/v2\/categories?post=304843"},{"taxonomy":"post_tag","embeddable":true,"href":"https:\/\/www.suno.com.br\/noticias\/wp-json\/wp\/v2\/tags?post=304843"},{"taxonomy":"suno_strategy","embeddable":true,"href":"https:\/\/www.suno.com.br\/noticias\/wp-json\/wp\/v2\/suno_strategy?post=304843"}],"curies":[{"name":"wp","href":"https:\/\/api.w.org\/{rel}","templated":true}]}}