{"id":30459,"date":"2019-07-08T17:38:22","date_gmt":"2019-07-08T20:38:22","guid":{"rendered":"https:\/\/www.suno.com.br\/noticias\/?p=30459"},"modified":"2021-05-30T21:15:13","modified_gmt":"2021-05-31T00:15:13","slug":"ibovespa-fechamento-08072019","status":"publish","type":"post","link":"https:\/\/www.suno.com.br\/noticias\/ibovespa-fechamento-08072019\/","title":{"rendered":"Ibovespa mant\u00e9m alta com expectativa de Previd\u00eancia em plen\u00e1rio"},"content":{"rendered":"<p>Em v\u00e9spera de feriado, o Ibovespa encerrou em leve alta de 0,42%, mantendo-se acima dos 104 mil pontos, com 104.530,22 pontos nesta segunda-feira (8).<\/p>\t<div class=\"wrapper-featured-image\">\n\t\t<figure class=\"spotlightImg\">\n\n\t\t\t<picture>\n\t\t\t\t<source media=\"(max-width: 768px)\" srcset=\"https:\/\/files.sunoresearch.com.br\/n\/uploads\/2018\/12\/ab21ee1f-ibovespa2-400x200.webp\">\n\t\t\t\t<img loading=\"lazy\" decoding=\"async\" class=\"newsContent__article__imgCapa lazyloadDisabled newsContent__article__imgCapa--noCaption\" src=\"https:\/\/files.sunoresearch.com.br\/n\/uploads\/2018\/12\/ab21ee1f-ibovespa2-800x450.webp\" width=\"800\" height=\"450\" alt=\"Ibovespa mant\u00e9m alta com expectativa de Previd\u00eancia em plen\u00e1rio\" fetchpriority=high \/>\n\t\t\t<\/picture>\n\n\t\t\t<figcaption class=\"wp-caption-text wp-caption-text--hide\">Na \u00faltima sess\u00e3o, ter\u00e7a-feira (11), o Ibovespa encerrou em queda de 1,23%, a 102.174,398 pontos.\u00a0<\/figcaption>\n\t\t<\/figure>\n\t<\/div>\n\n\n<p>Os investidores persistem confiantes com a tramita\u00e7\u00e3o da <strong>reforma da Previd\u00eancia<\/strong>, especialmente ap\u00f3s o presidente da C\u00e2mara Rodrigo Maia (DEM-RJ) afirmar que dever\u00e1 iniciar os trabalhos da vota\u00e7\u00e3o em plen\u00e1rio na pr\u00f3xima ter\u00e7a-feira (9). Deste modo, o <strong>Ibovespa<\/strong> mant\u00e9m-se pr\u00f3ximo de sua mais alta marca hist\u00f3rica.<\/p>\n<p>Al\u00e9m disso, o ministro-chefe da Casa Civil, Onyx Lorenzoni, disse \u00e0 Imprensa que acredita que o mesmo texto que passou na comiss\u00e3o especial dever\u00e1 ser aprovado pelo plen\u00e1rio.<\/p>\n<p>Dentre as empresas que se destacaram positivamente est\u00e3o a <strong>Via Varejo<\/strong> (VVAR3), a <strong>Kroton<\/strong> (KROT3) e a <strong>Est\u00e1cio<\/strong> (ESTC3). A pontua\u00e7\u00e3o m\u00ednima do Ibovespa foi de 103.987,99 pontos e a m\u00e1xima de 104.679,30 pontos.<\/p>\n\t<p>\n\t\t<a href=\"https:\/\/lp.suno.com.br\/ao\/sessao-estrategica-consultoria-c\/?utm_source=suno-noticias&#038;utm_medium=banner&#038;utm_campaing=dividendos-taxacao-pl\" target=\"_blank\" data-element=\"shortcode-suno-banner\" title=\"Banner SUNO, clique e saiba mais\">\n\t\t\t<picture>\n\t\t\t\t<source media=\"(max-width: 500px)\" srcset=\"https:\/\/files.sunoresearch.com.br\/n\/uploads\/2025\/09\/300x400.webp\">\n\t\t\t\t<img class=\"newsContent__article__imgCapa newsContent__article__imgCapa--banner\"\n\t\t\t\t\tsrc=\"https:\/\/files.sunoresearch.com.br\/n\/uploads\/2025\/09\/SN-DT-1420x240-1.webp\"\n\t\t\t\t\tdata-promo-id=\"628283\"\t\t\t\t\t\t\t\t\t\twidth='1420' height='240'\t\t\t\t\talt=\"https:\/\/files.sunoresearch.com.br\/n\/uploads\/2025\/09\/SN-DT-1420x240-1.webp\"\n\t\t\t\t>\n\t\t\t<\/picture>\n\t\t<\/a>\n\t<\/p>\n\n\n<h2>Reforma da Previd\u00eancia deve ser aprovada com mesmo texto, diz Onyx<\/h2>\n<p>O texto da <strong>reforma da Previd\u00eancia<\/strong> que ser\u00e1 votado pelo plen\u00e1rio da C\u00e2mara dos Deputados deve ser igual ao aprovado na comiss\u00e3o especial da Casa na \u00faltima semana, afirmou o ministro da Casa Civil, <strong>Onyx Lorenzoni<\/strong>, ao \u201cG1\u201d.<\/p>\n<p>O ministro declarou que a \u201ctend\u00eancia hoje \u00e9 esta, o que tinha espa\u00e7o para ser modificado, perdeu o timing\u201d. No entanto, Onyx brincou afirmando que mesmo com o cen\u00e1rio atual, qualquer modifica\u00e7\u00e3o no texto da reforma da Previd\u00eancia n\u00e3o ser\u00e1 surpresa.<\/p>\n<p>\u201cMas, Bras\u00edlia, \u00e9 aquela hist\u00f3ria: \u00e9 como nuvem, quando voc\u00ea olha est\u00e1 de um jeito. Olha de novo, mudou\u201d.<\/p>\n<p>Na v\u00e9spera, <strong>Onyx<\/strong> tamb\u00e9m havia estimado que 330 deputados votar\u00e3o a favor da reforma da Previd\u00eancia na C\u00e2mara dos Deputados.<\/p>\n<p><a href=\"https:\/\/www.suno.com.br\/noticias\/reforma-da-previdencia-camara-comissao\/\">Saiba mais &#8211; Reforma da Previd\u00eancia deve ir \u00e0 C\u00e2mara como saiu da comiss\u00e3o especial, diz Onyx<\/a><\/p>\n<h2>Vota\u00e7\u00e3o da reforma da Previd\u00eancia em plen\u00e1rio<\/h2>\n<p>A vota\u00e7\u00e3o da Proposta de Emenda Constitucional (PEC) no <strong>plen\u00e1rio<\/strong> da C\u00e2mara deve ocorrer antes do recesso parlamentar, que se inicia em 18 de julho, segundo o ministro da Economia, <a href=\"https:\/\/www.suno.com.br\/tudo-sobre\/paulo-guedes\/\">Paulo Guedes<\/a>. Possivelmente ainda nesta semana, conforme o presidente da C\u00e2mara, <strong>Rodrigo Maia<\/strong> (DEM-RJ).<\/p>\n<p>O deputado afirmou na manh\u00e3 desta data que tentar\u00e1 iniciar o processo de <strong>vota\u00e7\u00e3o<\/strong> na ter\u00e7a-feira (9). Contudo, a previs\u00e3o de parlamentares \u00e9 que caso os di\u00e1logos de fato se iniciem amanh\u00e3, a vota\u00e7\u00e3o fique para quarta-feira (10).<\/p>\n<h2>Via Varejo lidera ganhos do Ibovespa mais uma vez<\/h2>\n<p>A <strong>Via Varejo<\/strong> (VVAR3) ainda se beneficia do otimismo do mercado sobre a mudan\u00e7a de gest\u00e3o da companhia. Em 14 de julho, <a href=\"https:\/\/www.suno.com.br\/tudo-sobre\/michael-klein\/\">Michael Klein<\/a> tornou-se o controlador da varejista, com o Grupo P\u00e3o de A\u00e7\u00facar (GPA\/PCAR4) vendendo sua participa\u00e7\u00e3o em leil\u00e3o.<\/p>\n<p>Enquanto em 27 de junho, Klein foi anunciado como o novo presidente do Conselho Administrativo da Via Varejo, controladora da <strong>Casas Bahia<\/strong> e do <strong>Pontofrio<\/strong>. A Casas Bahia foi fundada pelo pai de Michael, Samuel Klein em 1952.<\/p>\n<p>Outros nomes da nova gest\u00e3o foram divulgados desde ent\u00e3o, incluindo a ex-diretora de Marketing Multicanais da Magazine Luiza (MGLU3), Ilca Sierra.<\/p>\n<p><a href=\"https:\/\/www.suno.com.br\/noticias\/via-varejo-magazine-luiza-diretora\/\">Saiba mais &#8211; Via Varejo anuncia ex-diretora do Magalu como nova integrante da equipe<\/a><\/p>\n<h2>Est\u00e1cio e Kroton sobem com Bradesco BBI<\/h2>\n<p>O <strong>Bradesco BBI<\/strong> divulgou um relat\u00f3rio nesta segunda-feira indicando um aquecimento no setor da educa\u00e7\u00e3o. A recomenda\u00e7\u00e3o dos analistas foi a <strong>Est\u00e1cio<\/strong> (ESTC3), mas a <strong>Kroton<\/strong> (KROT3) tamb\u00e9m se tornou destaque do preg\u00e3o.<\/p>\n\t<p>\n\t\t<a href=\"https:\/\/lp.suno.com.br\/planilha-da-vida-financeira\/\" target=\"_blank\" data-element=\"shortcode-suno-banner\" title=\"Banner SUNO, clique e saiba mais\">\n\t\t\t<picture>\n\t\t\t\t<source media=\"(max-width: 500px)\" srcset=\"https:\/\/files.sunoresearch.com.br\/n\/uploads\/2023\/04\/400x300-Planilha-vida-financeira-true.png\">\n\t\t\t\t<img class=\"newsContent__article__imgCapa newsContent__article__imgCapa--banner\"\n\t\t\t\t\tsrc=\"https:\/\/files.sunoresearch.com.br\/n\/uploads\/2023\/04\/1420x240-Planilha-vida-financeira-true.png\"\n\t\t\t\t\tdata-promo-id=\"383123\"\t\t\t\t\t\t\t\t\t\twidth='1420' height='240'\t\t\t\t\talt=\"https:\/\/files.sunoresearch.com.br\/n\/uploads\/2023\/04\/1420x240-Planilha-vida-financeira-true.png\"\n\t\t\t\t>\n\t\t\t<\/picture>\n\t\t<\/a>\n\t<\/p>\n\n\n<h2>Bolsas internacionais<\/h2>\n<ul>\n<li>Nasdaq (Estados Unidos): queda de 0,78%<\/li>\n<li>FTSE 100 (Reino Unido): queda de 0,05%<\/li>\n<li>Nikkei (Jap\u00e3o): queda de 0,98%<\/li>\n<li>CAC40 (Fran\u00e7a): queda de 0,08%<\/li>\n<\/ul>\n<h2>Maiores altas do Ibovespa<\/h2>\n<ul>\n<li>VVAR3 alta de 6,3% (R$ 6,75)<\/li>\n<li>KROT3 alta\u00a0de 5,47% (R$ 12,34)<\/li>\n<li>ESTC3 alta\u00a0de 4,76% (R$ 31,68)<\/li>\n<li>IGTA3 alta\u00a0de 3,35% (R$ 49,11)<\/li>\n<li>CSNA3 alta\u00a0de 2,99% (R$ 17,20)<\/li>\n<\/ul>\n<h2>Maiores quedas do Ibovespa<\/h2>\n<ul>\n<li>IRBR3 queda de 1,79% (R$ 95,00)<\/li>\n<li>NATU3 queda de 1,65% (R$ 56,66)<\/li>\n<li>SMLS3 queda de 1,63% (R$ 40,97)<\/li>\n<li>SANB11 queda de 1,4% (R$ 46,52)<\/li>\n<li>KLBN11 queda de 1,37% (R$ 16,58)<\/li>\n<\/ul>\n","protected":false},"excerpt":{"rendered":"<p>Em v\u00e9spera de feriado, o Ibovespa encerrou em leve alta de 0,42%, mantendo-se acima dos 104 mil pontos, com 104.530,22 pontos nesta segunda-feira (8). Na \u00faltima sess\u00e3o, ter\u00e7a-feira (11), o Ibovespa encerrou em queda de 1,23%, a 102.174,398 pontos.\u00a0 Os investidores persistem confiantes com a tramita\u00e7\u00e3o da reforma da Previd\u00eancia, especialmente ap\u00f3s o presidente da [&hellip;]<\/p>\n","protected":false},"author":12,"featured_media":8123,"comment_status":"closed","ping_status":"closed","sticky":false,"template":"","format":"standard","meta":[],"categories":[60],"tags":[721,530,939,796,940,106935,2363],"suno_strategy":[],"class_list":["post-30459","post","type-post","status-publish","format-standard","has-post-thumbnail","hentry","category-mercado","tag-ibovespa","tag-kroton","tag-onyx-lorenzoni","tag-paulo-guedes","tag-reforma-da-previdencia","tag-via-viia3","tag-yduqs-yduq3"],"yoast_head":"<!-- This site is optimized with the Yoast SEO plugin v24.4 - https:\/\/yoast.com\/wordpress\/plugins\/seo\/ -->\n<title>Ibovespa mant\u00e9m alta com expectativa de Previd\u00eancia em plen\u00e1rio<\/title>\n<meta name=\"description\" content=\"O Ibovespa encerrou em leve alta com a vota\u00e7\u00e3o da reforma da Previd\u00eancia no plen\u00e1rio da C\u00e2mara no radar desta semana. Clique para saber mais.\" \/>\n<meta name=\"robots\" content=\"index, follow, max-snippet:-1, max-image-preview:large, max-video-preview:-1\" \/>\n<link rel=\"canonical\" href=\"https:\/\/www.suno.com.br\/noticias\/ibovespa-fechamento-08072019\/\" \/>\n<meta property=\"og:locale\" content=\"pt_BR\" \/>\n<meta property=\"og:type\" content=\"article\" \/>\n<meta property=\"og:title\" content=\"Ibovespa mant\u00e9m alta com expectativa de Previd\u00eancia em plen\u00e1rio\" \/>\n<meta property=\"og:description\" content=\"O Ibovespa encerrou em leve alta com a vota\u00e7\u00e3o da reforma da Previd\u00eancia no plen\u00e1rio da C\u00e2mara no radar desta semana. Clique para saber mais.\" \/>\n<meta property=\"og:url\" content=\"https:\/\/www.suno.com.br\/noticias\/ibovespa-fechamento-08072019\/\" \/>\n<meta property=\"og:site_name\" content=\"Suno Not\u00edcias\" \/>\n<meta property=\"article:publisher\" content=\"https:\/\/facebook.com\/sunoresearch\" \/>\n<meta property=\"og:image\" content=\"https:\/\/files.sunoresearch.com.br\/n\/uploads\/2018\/12\/ab21ee1f-ibovespa2.jpg\" \/>\n\t<meta property=\"og:image:width\" content=\"1909\" \/>\n\t<meta property=\"og:image:height\" content=\"1250\" \/>\n\t<meta property=\"og:image:type\" content=\"image\/jpeg\" \/>\n<meta name=\"author\" content=\"Amanda Gushiken\" \/>\n<meta name=\"twitter:card\" content=\"summary_large_image\" \/>\n<meta name=\"twitter:creator\" content=\"@sunoresearch\" \/>\n<meta name=\"twitter:site\" content=\"@sunoresearch\" \/>\n<meta name=\"twitter:label1\" content=\"Escrito por\" \/>\n\t<meta name=\"twitter:data1\" content=\"Amanda Gushiken\" \/>\n\t<meta name=\"twitter:label2\" content=\"Est. tempo de leitura\" \/>\n\t<meta name=\"twitter:data2\" content=\"3 minutos\" \/>\n<script type=\"application\/ld+json\" class=\"yoast-schema-graph\">{\"@context\":\"https:\/\/schema.org\",\"@graph\":[{\"@type\":\"NewsArticle\",\"@id\":\"https:\/\/www.suno.com.br\/noticias\/ibovespa-fechamento-08072019\/#article\",\"isPartOf\":{\"@id\":\"https:\/\/www.suno.com.br\/noticias\/ibovespa-fechamento-08072019\/\"},\"author\":{\"name\":\"Amanda Gushiken\",\"@id\":\"https:\/\/www.suno.com.br\/noticias\/#\/schema\/person\/a5b06fa4e879d8e8e119c6ed3cd630d1\"},\"headline\":\"Ibovespa mant\u00e9m alta com expectativa de Previd\u00eancia em plen\u00e1rio\",\"datePublished\":\"2019-07-08T20:38:22+00:00\",\"dateModified\":\"2021-05-31T00:15:13+00:00\",\"mainEntityOfPage\":{\"@id\":\"https:\/\/www.suno.com.br\/noticias\/ibovespa-fechamento-08072019\/\"},\"wordCount\":667,\"publisher\":{\"@id\":\"https:\/\/www.suno.com.br\/noticias\/#organization\"},\"image\":{\"@id\":\"https:\/\/www.suno.com.br\/noticias\/ibovespa-fechamento-08072019\/#primaryimage\"},\"thumbnailUrl\":\"https:\/\/files.sunoresearch.com.br\/n\/uploads\/2018\/12\/ab21ee1f-ibovespa2-jpg.webp\",\"keywords\":[\"Ibovespa\",\"Kroton\",\"Onyx Lorenzoni\",\"Paulo Guedes\",\"Reforma da Previd\u00eancia\",\"Via (VIIA3)\",\"Yduqs (YDUQ3)\"],\"articleSection\":[\"Mercado\"],\"inLanguage\":\"pt-BR\"},{\"@type\":\"WebPage\",\"@id\":\"https:\/\/www.suno.com.br\/noticias\/ibovespa-fechamento-08072019\/\",\"url\":\"https:\/\/www.suno.com.br\/noticias\/ibovespa-fechamento-08072019\/\",\"name\":\"Ibovespa mant\u00e9m alta com expectativa de Previd\u00eancia em plen\u00e1rio\",\"isPartOf\":{\"@id\":\"https:\/\/www.suno.com.br\/noticias\/#website\"},\"primaryImageOfPage\":{\"@id\":\"https:\/\/www.suno.com.br\/noticias\/ibovespa-fechamento-08072019\/#primaryimage\"},\"image\":{\"@id\":\"https:\/\/www.suno.com.br\/noticias\/ibovespa-fechamento-08072019\/#primaryimage\"},\"thumbnailUrl\":\"https:\/\/files.sunoresearch.com.br\/n\/uploads\/2018\/12\/ab21ee1f-ibovespa2-jpg.webp\",\"datePublished\":\"2019-07-08T20:38:22+00:00\",\"dateModified\":\"2021-05-31T00:15:13+00:00\",\"description\":\"O Ibovespa encerrou em leve alta com a vota\u00e7\u00e3o da reforma da Previd\u00eancia no plen\u00e1rio da C\u00e2mara no radar desta semana. Clique para saber mais.\",\"breadcrumb\":{\"@id\":\"https:\/\/www.suno.com.br\/noticias\/ibovespa-fechamento-08072019\/#breadcrumb\"},\"inLanguage\":\"pt-BR\",\"potentialAction\":[{\"@type\":\"ReadAction\",\"target\":[\"https:\/\/www.suno.com.br\/noticias\/ibovespa-fechamento-08072019\/\"]}]},{\"@type\":\"ImageObject\",\"inLanguage\":\"pt-BR\",\"@id\":\"https:\/\/www.suno.com.br\/noticias\/ibovespa-fechamento-08072019\/#primaryimage\",\"url\":\"https:\/\/files.sunoresearch.com.br\/n\/uploads\/2018\/12\/ab21ee1f-ibovespa2-jpg.webp\",\"contentUrl\":\"https:\/\/files.sunoresearch.com.br\/n\/uploads\/2018\/12\/ab21ee1f-ibovespa2-jpg.webp\",\"width\":1909,\"height\":1250,\"caption\":\"Na \u00faltima sess\u00e3o, ter\u00e7a-feira (11), o Ibovespa encerrou em queda de 1,23%, a 102.174,398 pontos.\u00a0\"},{\"@type\":\"BreadcrumbList\",\"@id\":\"https:\/\/www.suno.com.br\/noticias\/ibovespa-fechamento-08072019\/#breadcrumb\",\"itemListElement\":[{\"@type\":\"ListItem\",\"position\":1,\"name\":\"Not\u00edcias\",\"item\":\"https:\/\/www.suno.com.br\/noticias\/\"},{\"@type\":\"ListItem\",\"position\":2,\"name\":\"Mercado\",\"item\":\"https:\/\/www.suno.com.br\/noticias\/mercado\/\"},{\"@type\":\"ListItem\",\"position\":3,\"name\":\"Ibovespa mant\u00e9m alta com expectativa de Previd\u00eancia em plen\u00e1rio\"}]},{\"@type\":\"WebSite\",\"@id\":\"https:\/\/www.suno.com.br\/noticias\/#website\",\"url\":\"https:\/\/www.suno.com.br\/noticias\/\",\"name\":\"Suno Not\u00edcias\",\"description\":\"Seu portal de informa\u00e7\u00e3o sobre o mundo dos investimentos\",\"publisher\":{\"@id\":\"https:\/\/www.suno.com.br\/noticias\/#organization\"},\"potentialAction\":[{\"@type\":\"SearchAction\",\"target\":{\"@type\":\"EntryPoint\",\"urlTemplate\":\"https:\/\/www.suno.com.br\/noticias\/?s={search_term_string}\"},\"query-input\":{\"@type\":\"PropertyValueSpecification\",\"valueRequired\":true,\"valueName\":\"search_term_string\"}}],\"inLanguage\":\"pt-BR\"},{\"@type\":\"Organization\",\"@id\":\"https:\/\/www.suno.com.br\/noticias\/#organization\",\"name\":\"Suno Not\u00edcias\",\"url\":\"https:\/\/www.suno.com.br\/noticias\/\",\"logo\":{\"@type\":\"ImageObject\",\"inLanguage\":\"pt-BR\",\"@id\":\"https:\/\/www.suno.com.br\/noticias\/#\/schema\/logo\/image\/\",\"url\":\"https:\/\/files.sunoresearch.com.br\/n\/uploads\/2021\/09\/suno-logo.png\",\"contentUrl\":\"https:\/\/files.sunoresearch.com.br\/n\/uploads\/2021\/09\/suno-logo.png\",\"width\":180,\"height\":180,\"caption\":\"Suno Not\u00edcias\"},\"image\":{\"@id\":\"https:\/\/www.suno.com.br\/noticias\/#\/schema\/logo\/image\/\"},\"sameAs\":[\"https:\/\/facebook.com\/sunoresearch\",\"https:\/\/x.com\/sunoresearch\",\"https:\/\/www.instagram.com\/suno\",\"https:\/\/www.linkedin.com\/company\/suno-research\/\",\"https:\/\/www.youtube.com\/c\/sunoresearch\"]},{\"@type\":\"Person\",\"@id\":\"https:\/\/www.suno.com.br\/noticias\/#\/schema\/person\/a5b06fa4e879d8e8e119c6ed3cd630d1\",\"name\":\"Amanda Gushiken\",\"image\":{\"@type\":\"ImageObject\",\"inLanguage\":\"pt-BR\",\"@id\":\"https:\/\/www.suno.com.br\/noticias\/#\/schema\/person\/image\/\",\"url\":\"https:\/\/secure.gravatar.com\/avatar\/ecd84705e6b65e3685ae80d725501fbe?s=96&r=g\",\"contentUrl\":\"https:\/\/secure.gravatar.com\/avatar\/ecd84705e6b65e3685ae80d725501fbe?s=96&r=g\",\"caption\":\"Amanda Gushiken\"},\"description\":\"Amanda Sayuri Gushiken escreve sobre finan\u00e7as e neg\u00f3cios para o portal Suno Not\u00edcias. Antes, trabalhou selecionando not\u00edcias da imprensa para clientes do mercado financeiro. Tamb\u00e9m desenvolveu pesquisa acad\u00eamica pela Universidade Anhembi Morumbi na \u00e1rea de Teorias da Comunica\u00e7\u00e3o e \u00e9 fot\u00f3grafa nas horas vagas.\",\"url\":\"https:\/\/www.suno.com.br\/noticias\/author\/amanda\/\"}]}<\/script>\n<!-- \/ Yoast SEO plugin. -->","yoast_head_json":{"title":"Ibovespa mant\u00e9m alta com expectativa de Previd\u00eancia em plen\u00e1rio","description":"O Ibovespa encerrou em leve alta com a vota\u00e7\u00e3o da reforma da Previd\u00eancia no plen\u00e1rio da C\u00e2mara no radar desta semana. Clique para saber mais.","robots":{"index":"index","follow":"follow","max-snippet":"max-snippet:-1","max-image-preview":"max-image-preview:large","max-video-preview":"max-video-preview:-1"},"canonical":"https:\/\/www.suno.com.br\/noticias\/ibovespa-fechamento-08072019\/","og_locale":"pt_BR","og_type":"article","og_title":"Ibovespa mant\u00e9m alta com expectativa de Previd\u00eancia em plen\u00e1rio","og_description":"O Ibovespa encerrou em leve alta com a vota\u00e7\u00e3o da reforma da Previd\u00eancia no plen\u00e1rio da C\u00e2mara no radar desta semana. Clique para saber mais.","og_url":"https:\/\/www.suno.com.br\/noticias\/ibovespa-fechamento-08072019\/","og_site_name":"Suno Not\u00edcias","article_publisher":"https:\/\/facebook.com\/sunoresearch","og_image":[{"width":1909,"height":1250,"url":"https:\/\/files.sunoresearch.com.br\/n\/uploads\/2018\/12\/ab21ee1f-ibovespa2.jpg","type":"image\/jpeg"}],"author":"Amanda Gushiken","twitter_card":"summary_large_image","twitter_creator":"@sunoresearch","twitter_site":"@sunoresearch","twitter_misc":{"Escrito por":"Amanda Gushiken","Est. tempo de leitura":"3 minutos"},"schema":{"@context":"https:\/\/schema.org","@graph":[{"@type":"NewsArticle","@id":"https:\/\/www.suno.com.br\/noticias\/ibovespa-fechamento-08072019\/#article","isPartOf":{"@id":"https:\/\/www.suno.com.br\/noticias\/ibovespa-fechamento-08072019\/"},"author":{"name":"Amanda Gushiken","@id":"https:\/\/www.suno.com.br\/noticias\/#\/schema\/person\/a5b06fa4e879d8e8e119c6ed3cd630d1"},"headline":"Ibovespa mant\u00e9m alta com expectativa de Previd\u00eancia em plen\u00e1rio","datePublished":"2019-07-08T20:38:22+00:00","dateModified":"2021-05-31T00:15:13+00:00","mainEntityOfPage":{"@id":"https:\/\/www.suno.com.br\/noticias\/ibovespa-fechamento-08072019\/"},"wordCount":667,"publisher":{"@id":"https:\/\/www.suno.com.br\/noticias\/#organization"},"image":{"@id":"https:\/\/www.suno.com.br\/noticias\/ibovespa-fechamento-08072019\/#primaryimage"},"thumbnailUrl":"https:\/\/files.sunoresearch.com.br\/n\/uploads\/2018\/12\/ab21ee1f-ibovespa2-jpg.webp","keywords":["Ibovespa","Kroton","Onyx Lorenzoni","Paulo Guedes","Reforma da Previd\u00eancia","Via (VIIA3)","Yduqs (YDUQ3)"],"articleSection":["Mercado"],"inLanguage":"pt-BR"},{"@type":"WebPage","@id":"https:\/\/www.suno.com.br\/noticias\/ibovespa-fechamento-08072019\/","url":"https:\/\/www.suno.com.br\/noticias\/ibovespa-fechamento-08072019\/","name":"Ibovespa mant\u00e9m alta com expectativa de Previd\u00eancia em plen\u00e1rio","isPartOf":{"@id":"https:\/\/www.suno.com.br\/noticias\/#website"},"primaryImageOfPage":{"@id":"https:\/\/www.suno.com.br\/noticias\/ibovespa-fechamento-08072019\/#primaryimage"},"image":{"@id":"https:\/\/www.suno.com.br\/noticias\/ibovespa-fechamento-08072019\/#primaryimage"},"thumbnailUrl":"https:\/\/files.sunoresearch.com.br\/n\/uploads\/2018\/12\/ab21ee1f-ibovespa2-jpg.webp","datePublished":"2019-07-08T20:38:22+00:00","dateModified":"2021-05-31T00:15:13+00:00","description":"O Ibovespa encerrou em leve alta com a vota\u00e7\u00e3o da reforma da Previd\u00eancia no plen\u00e1rio da C\u00e2mara no radar desta semana. Clique para saber mais.","breadcrumb":{"@id":"https:\/\/www.suno.com.br\/noticias\/ibovespa-fechamento-08072019\/#breadcrumb"},"inLanguage":"pt-BR","potentialAction":[{"@type":"ReadAction","target":["https:\/\/www.suno.com.br\/noticias\/ibovespa-fechamento-08072019\/"]}]},{"@type":"ImageObject","inLanguage":"pt-BR","@id":"https:\/\/www.suno.com.br\/noticias\/ibovespa-fechamento-08072019\/#primaryimage","url":"https:\/\/files.sunoresearch.com.br\/n\/uploads\/2018\/12\/ab21ee1f-ibovespa2-jpg.webp","contentUrl":"https:\/\/files.sunoresearch.com.br\/n\/uploads\/2018\/12\/ab21ee1f-ibovespa2-jpg.webp","width":1909,"height":1250,"caption":"Na \u00faltima sess\u00e3o, ter\u00e7a-feira (11), o Ibovespa encerrou em queda de 1,23%, a 102.174,398 pontos.\u00a0"},{"@type":"BreadcrumbList","@id":"https:\/\/www.suno.com.br\/noticias\/ibovespa-fechamento-08072019\/#breadcrumb","itemListElement":[{"@type":"ListItem","position":1,"name":"Not\u00edcias","item":"https:\/\/www.suno.com.br\/noticias\/"},{"@type":"ListItem","position":2,"name":"Mercado","item":"https:\/\/www.suno.com.br\/noticias\/mercado\/"},{"@type":"ListItem","position":3,"name":"Ibovespa mant\u00e9m alta com expectativa de Previd\u00eancia em plen\u00e1rio"}]},{"@type":"WebSite","@id":"https:\/\/www.suno.com.br\/noticias\/#website","url":"https:\/\/www.suno.com.br\/noticias\/","name":"Suno Not\u00edcias","description":"Seu portal de informa\u00e7\u00e3o sobre o mundo dos investimentos","publisher":{"@id":"https:\/\/www.suno.com.br\/noticias\/#organization"},"potentialAction":[{"@type":"SearchAction","target":{"@type":"EntryPoint","urlTemplate":"https:\/\/www.suno.com.br\/noticias\/?s={search_term_string}"},"query-input":{"@type":"PropertyValueSpecification","valueRequired":true,"valueName":"search_term_string"}}],"inLanguage":"pt-BR"},{"@type":"Organization","@id":"https:\/\/www.suno.com.br\/noticias\/#organization","name":"Suno Not\u00edcias","url":"https:\/\/www.suno.com.br\/noticias\/","logo":{"@type":"ImageObject","inLanguage":"pt-BR","@id":"https:\/\/www.suno.com.br\/noticias\/#\/schema\/logo\/image\/","url":"https:\/\/files.sunoresearch.com.br\/n\/uploads\/2021\/09\/suno-logo.png","contentUrl":"https:\/\/files.sunoresearch.com.br\/n\/uploads\/2021\/09\/suno-logo.png","width":180,"height":180,"caption":"Suno Not\u00edcias"},"image":{"@id":"https:\/\/www.suno.com.br\/noticias\/#\/schema\/logo\/image\/"},"sameAs":["https:\/\/facebook.com\/sunoresearch","https:\/\/x.com\/sunoresearch","https:\/\/www.instagram.com\/suno","https:\/\/www.linkedin.com\/company\/suno-research\/","https:\/\/www.youtube.com\/c\/sunoresearch"]},{"@type":"Person","@id":"https:\/\/www.suno.com.br\/noticias\/#\/schema\/person\/a5b06fa4e879d8e8e119c6ed3cd630d1","name":"Amanda Gushiken","image":{"@type":"ImageObject","inLanguage":"pt-BR","@id":"https:\/\/www.suno.com.br\/noticias\/#\/schema\/person\/image\/","url":"https:\/\/secure.gravatar.com\/avatar\/ecd84705e6b65e3685ae80d725501fbe?s=96&r=g","contentUrl":"https:\/\/secure.gravatar.com\/avatar\/ecd84705e6b65e3685ae80d725501fbe?s=96&r=g","caption":"Amanda Gushiken"},"description":"Amanda Sayuri Gushiken escreve sobre finan\u00e7as e neg\u00f3cios para o portal Suno Not\u00edcias. Antes, trabalhou selecionando not\u00edcias da imprensa para clientes do mercado financeiro. Tamb\u00e9m desenvolveu pesquisa acad\u00eamica pela Universidade Anhembi Morumbi na \u00e1rea de Teorias da Comunica\u00e7\u00e3o e \u00e9 fot\u00f3grafa nas horas vagas.","url":"https:\/\/www.suno.com.br\/noticias\/author\/amanda\/"}]}},"default_loop_html":"<div class=\"cardsPage__listCard__boxs\"><div class=\"cardsPage__listCard__boxs__img\"><a href=\"https:\/\/www.suno.com.br\/noticias\/ibovespa-fechamento-08072019\/\"><img class=\"mask\" src=\"https:\/\/www.suno.com.br\/noticias\/wp-content\/themes\/suno\/resources\/images\/spotlight\/spotlight1img\/bg-mask.png\" alt=\"Image Mask\"\/><img src=\"https:\/\/files.sunoresearch.com.br\/n\/uploads\/2018\/12\/ab21ee1f-ibovespa2-400x200.webp\" alt=\"Ibovespa mant\u00e9m alta com expectativa de Previd\u00eancia em plen\u00e1rio\"\/><\/a><span class=\"spotlightCategory\"><a href=\"https:\/\/www.suno.com.br\/noticias\/mercado\/\">Mercado<\/a><\/span><\/div><div class=\"cardsPage__listCard__boxs__content\"><a href=\"https:\/\/www.suno.com.br\/noticias\/ibovespa-fechamento-08072019\/\"><h2 class=\"content__title\">Ibovespa mant\u00e9m alta com expectativa de Previd\u00eancia em plen\u00e1rio<\/h2><\/a><div class=\"newsContent__article__meta\"><div class=\"newsContent__article__meta__authorBox\"><a href=\"https:\/\/www.suno.com.br\/noticias\/author\/amanda\/\" class=\"authorBox__avatar noMobi\"><img src=\"https:\/\/files.sunoresearch.com.br\/n\/uploads\/2018\/11\/c6ad30be-amanda-150x150.webp\" alt=\"Amanda Gushiken\"><\/a><div class=\"authorBox__name\"><span>por\n\t\t\t<a href=\"https:\/\/www.suno.com.br\/noticias\/author\/amanda\/\"><span itemprop=\"author\">Amanda Gushiken<\/span><\/a><\/span><time datetime=\"2019-07-08T17:38:22-03:00\" itemprop=\"datePublished\">08\/07\/2019 17:38<\/time><\/div><\/div><\/div><\/div><\/div>","single_layout":"posts","amp_enabled":true,"_links":{"self":[{"href":"https:\/\/www.suno.com.br\/noticias\/wp-json\/wp\/v2\/posts\/30459"}],"collection":[{"href":"https:\/\/www.suno.com.br\/noticias\/wp-json\/wp\/v2\/posts"}],"about":[{"href":"https:\/\/www.suno.com.br\/noticias\/wp-json\/wp\/v2\/types\/post"}],"author":[{"embeddable":true,"href":"https:\/\/www.suno.com.br\/noticias\/wp-json\/wp\/v2\/users\/12"}],"replies":[{"embeddable":true,"href":"https:\/\/www.suno.com.br\/noticias\/wp-json\/wp\/v2\/comments?post=30459"}],"version-history":[{"count":1,"href":"https:\/\/www.suno.com.br\/noticias\/wp-json\/wp\/v2\/posts\/30459\/revisions"}],"predecessor-version":[{"id":152633,"href":"https:\/\/www.suno.com.br\/noticias\/wp-json\/wp\/v2\/posts\/30459\/revisions\/152633"}],"wp:featuredmedia":[{"embeddable":true,"href":"https:\/\/www.suno.com.br\/noticias\/wp-json\/wp\/v2\/media\/8123"}],"wp:attachment":[{"href":"https:\/\/www.suno.com.br\/noticias\/wp-json\/wp\/v2\/media?parent=30459"}],"wp:term":[{"taxonomy":"category","embeddable":true,"href":"https:\/\/www.suno.com.br\/noticias\/wp-json\/wp\/v2\/categories?post=30459"},{"taxonomy":"post_tag","embeddable":true,"href":"https:\/\/www.suno.com.br\/noticias\/wp-json\/wp\/v2\/tags?post=30459"},{"taxonomy":"suno_strategy","embeddable":true,"href":"https:\/\/www.suno.com.br\/noticias\/wp-json\/wp\/v2\/suno_strategy?post=30459"}],"curies":[{"name":"wp","href":"https:\/\/api.w.org\/{rel}","templated":true}]}}