{"id":304582,"date":"2022-10-03T21:23:31","date_gmt":"2022-10-04T00:23:31","guid":{"rendered":"https:\/\/www.suno.com.br\/noticias\/?p=304582"},"modified":"2022-10-03T21:23:31","modified_gmt":"2022-10-04T00:23:31","slug":"engie-egie3-implementar-projeto-eolico-bahia","status":"publish","type":"post","link":"https:\/\/www.suno.com.br\/noticias\/engie-egie3-implementar-projeto-eolico-bahia\/","title":{"rendered":"Engie (EGIE3) assina acordo para implementar projeto e\u00f3lico na Bahia"},"content":{"rendered":"<p>A <a class=\"suno-keyword\" href=\"https:\/\/www.suno.com.br\/acoes\/EGIE3\/\" target=\"_blank\" rel=\"noopener\" data-force=\"yes\" data-priority=\"2\"><strong>Engie<\/strong> (EGIE3)<\/a> informou nesta segunda-feira (3) que assinou um acordo com a Vestas para implementar o parque e\u00f3lico Serra de Assuru\u00e1 em Gentio do Ouro, centro-oeste da Bahia.<\/p>\t<div class=\"wrapper-featured-image\">\n\t\t<figure class=\"spotlightImg\">\n\n\t\t\t<picture>\n\t\t\t\t<source media=\"(max-width: 768px)\" srcset=\"https:\/\/files.sunoresearch.com.br\/n\/uploads\/2022\/10\/engie1-400x200.jpg\">\n\t\t\t\t<img loading=\"lazy\" decoding=\"async\" class=\"newsContent__article__imgCapa lazyloadDisabled \" src=\"https:\/\/files.sunoresearch.com.br\/n\/uploads\/2022\/10\/engie1-800x450.jpg\" width=\"800\" height=\"450\" alt=\"Engie (EGIE3) assina acordo para implementar projeto e\u00f3lico na Bahia\" fetchpriority=high \/>\n\t\t\t<\/picture>\n\n\t\t\t<figcaption class=\"wp-caption-text wp-caption-text--show\">Engie (EGIE3). Cr\u00e9ditos: Divulga\u00e7\u00e3o<\/figcaption>\n\t\t<\/figure>\n\t<\/div>\n\n\n\t<p>\n\t\t<a href=\"\" target=\"_blank\" data-element=\"shortcode-suno-banner\" title=\"Banner SUNO, clique e saiba mais\">\n\t\t\t<picture>\n\t\t\t\t<source media=\"(max-width: 500px)\" srcset=\"\">\n\t\t\t\t<img class=\"newsContent__article__imgCapa newsContent__article__imgCapa--banner\"\n\t\t\t\t\tsrc=\"\"\n\t\t\t\t\tdata-promo-id=\"138420\"\t\t\t\t\t\t\t\t\t\t\t\t\t\t\talt=\"\"\n\t\t\t\t>\n\t\t\t<\/picture>\n\t\t<\/a>\n\t<\/p>\n\n\n<p>O projeto tem uma capacidade total de 846 MW assim que for totalmente instalado, se tornando &#8220;o maior <strong>projeto e\u00f3lico<\/strong> da Am\u00e9rica Latina&#8221;.<\/p>\n<p>O pedido inclui o fornecimento inicial, instala\u00e7\u00e3o, opera\u00e7\u00e3o e manuten\u00e7\u00e3o de 120 V150-4,5 MW de turbinas para a primeira fase de 540 MW da Serra de Assuru\u00e1.<\/p>\n<p>O contrato inclui a op\u00e7\u00e3o para a Engie adquirir outras 68 unidades at\u00e9 o final de 2022 para a fase 2 do <strong>parque e\u00f3lico<\/strong>. A Vestas tamb\u00e9m pretende entregar um contrato de servi\u00e7o de 25 anos do Active Output Management 5000 (AOM 5000).<\/p>\n<p>O acordo tem a inten\u00e7\u00e3o de otimizar a <strong>produ\u00e7\u00e3o de energia<\/strong>, ao mesmo tempo em que oferecer\u00e1 seguran\u00e7a a <a class=\"suno-keyword\" href=\"https:\/\/www.suno.com.br\/artigos\/longo-prazo\/\" target=\"_blank\" rel=\"noopener\" data-force=\"no\" data-priority=\"1\">longo prazo<\/a>.<\/p>\n<p>A estimativa da entrega, assim como in\u00edcio gradual da opera\u00e7\u00e3o comercial do Serra do Assuru\u00e1, ser\u00e1 a partir do segundo semestre de 2024.<\/p>\n<p>Com este projeto, a Vestas supera o marco de 8 GW de recep\u00e7\u00e3o de pedidos no Brasil para turbinas e\u00f3licas com plataforma de 4 MW desde 2018, consolidando-se como a plataforma de turbinas e\u00f3licas mais vendida de todos os tempos no Brasil. Desde que a plataforma foi introduzida em 2010, a Vestas j\u00e1 instalou mais de 59 GW de turbinas e\u00f3licas de plataforma de 4 MW em todo o mundo.<\/p>\n<p>A Vestas \u00e9 uma empresa de energia sustent\u00e1vel, com projetos, fabrica\u00e7\u00e3o, instala\u00e7\u00e3o e manuten\u00e7\u00e3o de turbinas e\u00f3licas onshore e offshore globalmente, com mais de 157 GW de turbinas e\u00f3licas em 88 pa\u00edses.<\/p>\n\t<p>\n\t\t<a href=\"https:\/\/lp.suno.com.br\/planilha-controle-gastos\/\" target=\"_blank\" data-element=\"shortcode-suno-banner\" title=\"Banner SUNO, clique e saiba mais\">\n\t\t\t<picture>\n\t\t\t\t<source media=\"(max-width: 500px)\" srcset=\"https:\/\/files.sunoresearch.com.br\/n\/uploads\/2023\/03\/400x300-Planilha-controle-de-gastos.png\">\n\t\t\t\t<img class=\"newsContent__article__imgCapa newsContent__article__imgCapa--banner\"\n\t\t\t\t\tsrc=\"https:\/\/files.sunoresearch.com.br\/n\/uploads\/2023\/03\/1420x240-Planilha-controle-de-gastos.png\"\n\t\t\t\t\tdata-promo-id=\"101751\"\t\t\t\t\t\t\t\t\t\twidth='1420' height='240'\t\t\t\t\talt=\"https:\/\/files.sunoresearch.com.br\/n\/uploads\/2023\/03\/1420x240-Planilha-controle-de-gastos.png\"\n\t\t\t\t>\n\t\t\t<\/picture>\n\t\t<\/a>\n\t<\/p>\n\n\n<h2>Engie vence leil\u00e3o de PPP de ilumina\u00e7\u00e3o p\u00fablica; des\u00e1gio foi de 71%<\/h2>\n<p>Em um leil\u00e3o com sete concorrentes, realizado na\u00a0<a class=\"suno-keyword\" href=\"https:\/\/www.suno.com.br\/acoes\/B3SA3\/\" target=\"_blank\" rel=\"noopener\" data-force=\"yes\" data-priority=\"2\">B3 (B3SA3)<\/a>, em S\u00e3o Paulo, a subsidi\u00e1ria da\u00a0<a class=\"suno-keyword\" href=\"https:\/\/www.suno.com.br\/acoes\/EGIE3\/\" target=\"_blank\" rel=\"noopener\" data-force=\"yes\" data-priority=\"2\"><strong>Engie<\/strong>\u00a0(EGIE3)<\/a>, a Engie Solu\u00e7\u00f5es venceu nesta quarta-feira (28) a concorr\u00eancia da Parceria P\u00fablico-Privada (PPP) de Ilumina\u00e7\u00e3o P\u00fablica de Curitiba (PR).<\/p>\n<p>O projeto foi arrematado pelo valor de contrapresta\u00e7\u00e3o mensal m\u00e1xima de R$ 1,1 milh\u00e3o, que representa um des\u00e1gio de 71,32%. O valor de refer\u00eancia para as propostas foi R$ 3,8 milh\u00f5es.<\/p>\n<p>O leil\u00e3o, que concede \u00e0\u00a0<a class=\"suno-keyword\" href=\"https:\/\/www.suno.com.br\/artigos\/iniciativa-privada\/\" target=\"_blank\" rel=\"noopener\" data-force=\"no\" data-priority=\"1\">iniciativa privada<\/a>\u00a0ativos da prefeitura de Curitiba, foi conduzido em parceria com Banco Nacional de\u00a0<a class=\"suno-keyword\" href=\"https:\/\/www.suno.com.br\/artigos\/desenvolvimento-economico\/\" target=\"_blank\" rel=\"noopener\" data-force=\"no\" data-priority=\"1\">Desenvolvimento Econ\u00f4mico<\/a>\u00a0e Social (BNDES). O diretor de Concess\u00f5es e Privatiza\u00e7\u00f5es do banco, F\u00e1bio Abrah\u00e3o, apontou que este \u00e9 o maior leil\u00e3o de ilumina\u00e7\u00e3o p\u00fablica do ano e que o\u00a0ativo se insere na carteira de Transforma\u00e7\u00e3o da Vida das Cidades.<\/p>\n<p>\u201cUma transforma\u00e7\u00e3o grande que come\u00e7a atrav\u00e9s de Curitiba. \u00c9 um pensamento integrado de mobilidade urbana, de autoridade metropolitana, planejamento conjunto, ent\u00e3o, transformar a vida das cidades \u00e9 transformar o pa\u00eds, \u00e9 atrair investimento e melhorar a qualidade de vida\u201d, declarou.<\/p>\n<h2>Cota\u00e7\u00e3o<\/h2>\n<p>As a\u00e7\u00f5es da\u00a0<strong>Engie <\/strong>fecharam esta segunda em alta de 5,4%, a R$ 40,59.<\/p>\n\t<p>\n\t\t<a href=\"https:\/\/lp.suno.com.br\/planilha-da-vida-financeira\/\" target=\"_blank\" data-element=\"shortcode-suno-banner\" title=\"Banner SUNO, clique e saiba mais\">\n\t\t\t<picture>\n\t\t\t\t<source media=\"(max-width: 500px)\" srcset=\"https:\/\/files.sunoresearch.com.br\/n\/uploads\/2023\/04\/400x300-Planilha-vida-financeira-true.png\">\n\t\t\t\t<img class=\"newsContent__article__imgCapa newsContent__article__imgCapa--banner\"\n\t\t\t\t\tsrc=\"https:\/\/files.sunoresearch.com.br\/n\/uploads\/2023\/04\/1420x240-Planilha-vida-financeira-true.png\"\n\t\t\t\t\tdata-promo-id=\"106682\"\t\t\t\t\t\t\t\t\t\twidth='1420' height='240'\t\t\t\t\talt=\"https:\/\/files.sunoresearch.com.br\/n\/uploads\/2023\/04\/1420x240-Planilha-vida-financeira-true.png\"\n\t\t\t\t>\n\t\t\t<\/picture>\n\t\t<\/a>\n\t<\/p>\n\n\n","protected":false},"excerpt":{"rendered":"<p>A Engie (EGIE3) informou nesta segunda-feira (3) que assinou um acordo com a Vestas para implementar o parque e\u00f3lico Serra de Assuru\u00e1 em Gentio do Ouro, centro-oeste da Bahia. Engie (EGIE3). Cr\u00e9ditos: Divulga\u00e7\u00e3o O projeto tem uma capacidade total de 846 MW assim que for totalmente instalado, se tornando &#8220;o maior projeto e\u00f3lico da Am\u00e9rica [&hellip;]<\/p>\n","protected":false},"author":146,"featured_media":304584,"comment_status":"closed","ping_status":"closed","sticky":false,"template":"","format":"standard","meta":[],"categories":[64],"tags":[465],"suno_strategy":[],"class_list":["post-304582","post","type-post","status-publish","format-standard","has-post-thumbnail","hentry","category-negocios","tag-engie-egie3"],"yoast_head":"<!-- This site is optimized with the Yoast SEO plugin v24.4 - https:\/\/yoast.com\/wordpress\/plugins\/seo\/ -->\n<title>Engie (EGIE3) assina acordo para implementar projeto e\u00f3lico na Bahia<\/title>\n<meta name=\"description\" content=\"A Engie (EGIE3) anunciou nesta segunda (3) que, em parceria com a Vestas, vai implementar o &quot;maior projeto e\u00f3lico da Am\u00e9rica Latina&quot;.\" \/>\n<meta name=\"robots\" content=\"index, follow, max-snippet:-1, max-image-preview:large, max-video-preview:-1\" \/>\n<link rel=\"canonical\" href=\"https:\/\/www.suno.com.br\/noticias\/engie-egie3-implementar-projeto-eolico-bahia\/\" \/>\n<meta property=\"og:locale\" content=\"pt_BR\" \/>\n<meta property=\"og:type\" content=\"article\" \/>\n<meta property=\"og:title\" content=\"Engie (EGIE3) assina acordo para implementar projeto e\u00f3lico na Bahia\" \/>\n<meta property=\"og:description\" content=\"A Engie (EGIE3) anunciou nesta segunda (3) que, em parceria com a Vestas, vai implementar o &quot;maior projeto e\u00f3lico da Am\u00e9rica Latina&quot;.\" \/>\n<meta property=\"og:url\" content=\"https:\/\/www.suno.com.br\/noticias\/engie-egie3-implementar-projeto-eolico-bahia\/\" \/>\n<meta property=\"og:site_name\" content=\"Suno Not\u00edcias\" \/>\n<meta property=\"article:publisher\" content=\"https:\/\/facebook.com\/sunoresearch\" \/>\n<meta property=\"og:image\" content=\"https:\/\/files.sunoresearch.com.br\/n\/uploads\/2022\/10\/engie1.jpg\" \/>\n\t<meta property=\"og:image:width\" content=\"1200\" \/>\n\t<meta property=\"og:image:height\" content=\"675\" \/>\n\t<meta property=\"og:image:type\" content=\"image\/jpeg\" \/>\n<meta name=\"author\" content=\"Vict\u00f3ria Anhesini\" \/>\n<meta name=\"twitter:card\" content=\"summary_large_image\" \/>\n<meta name=\"twitter:creator\" content=\"@sunoresearch\" \/>\n<meta name=\"twitter:site\" content=\"@sunoresearch\" \/>\n<meta name=\"twitter:label1\" content=\"Escrito por\" \/>\n\t<meta name=\"twitter:data1\" content=\"Vict\u00f3ria Anhesini\" \/>\n\t<meta name=\"twitter:label2\" content=\"Est. tempo de leitura\" \/>\n\t<meta name=\"twitter:data2\" content=\"3 minutos\" \/>\n<script type=\"application\/ld+json\" class=\"yoast-schema-graph\">{\"@context\":\"https:\/\/schema.org\",\"@graph\":[{\"@type\":\"NewsArticle\",\"@id\":\"https:\/\/www.suno.com.br\/noticias\/engie-egie3-implementar-projeto-eolico-bahia\/#article\",\"isPartOf\":{\"@id\":\"https:\/\/www.suno.com.br\/noticias\/engie-egie3-implementar-projeto-eolico-bahia\/\"},\"author\":{\"name\":\"Vict\u00f3ria Anhesini\",\"@id\":\"https:\/\/www.suno.com.br\/noticias\/#\/schema\/person\/46d847cb19ad53fde0857adca989c23f\"},\"headline\":\"Engie (EGIE3) assina acordo para implementar projeto e\u00f3lico na Bahia\",\"datePublished\":\"2022-10-04T00:23:31+00:00\",\"mainEntityOfPage\":{\"@id\":\"https:\/\/www.suno.com.br\/noticias\/engie-egie3-implementar-projeto-eolico-bahia\/\"},\"wordCount\":515,\"publisher\":{\"@id\":\"https:\/\/www.suno.com.br\/noticias\/#organization\"},\"image\":{\"@id\":\"https:\/\/www.suno.com.br\/noticias\/engie-egie3-implementar-projeto-eolico-bahia\/#primaryimage\"},\"thumbnailUrl\":\"https:\/\/files.sunoresearch.com.br\/n\/uploads\/2022\/10\/engie1.jpg\",\"keywords\":[\"Engie (EGIE3)\"],\"articleSection\":[\"Neg\u00f3cios\"],\"inLanguage\":\"pt-BR\"},{\"@type\":\"WebPage\",\"@id\":\"https:\/\/www.suno.com.br\/noticias\/engie-egie3-implementar-projeto-eolico-bahia\/\",\"url\":\"https:\/\/www.suno.com.br\/noticias\/engie-egie3-implementar-projeto-eolico-bahia\/\",\"name\":\"Engie (EGIE3) assina acordo para implementar projeto e\u00f3lico na Bahia\",\"isPartOf\":{\"@id\":\"https:\/\/www.suno.com.br\/noticias\/#website\"},\"primaryImageOfPage\":{\"@id\":\"https:\/\/www.suno.com.br\/noticias\/engie-egie3-implementar-projeto-eolico-bahia\/#primaryimage\"},\"image\":{\"@id\":\"https:\/\/www.suno.com.br\/noticias\/engie-egie3-implementar-projeto-eolico-bahia\/#primaryimage\"},\"thumbnailUrl\":\"https:\/\/files.sunoresearch.com.br\/n\/uploads\/2022\/10\/engie1.jpg\",\"datePublished\":\"2022-10-04T00:23:31+00:00\",\"description\":\"A Engie (EGIE3) anunciou nesta segunda (3) que, em parceria com a Vestas, vai implementar o \\\"maior projeto e\u00f3lico da Am\u00e9rica Latina\\\".\",\"breadcrumb\":{\"@id\":\"https:\/\/www.suno.com.br\/noticias\/engie-egie3-implementar-projeto-eolico-bahia\/#breadcrumb\"},\"inLanguage\":\"pt-BR\",\"potentialAction\":[{\"@type\":\"ReadAction\",\"target\":[\"https:\/\/www.suno.com.br\/noticias\/engie-egie3-implementar-projeto-eolico-bahia\/\"]}]},{\"@type\":\"ImageObject\",\"inLanguage\":\"pt-BR\",\"@id\":\"https:\/\/www.suno.com.br\/noticias\/engie-egie3-implementar-projeto-eolico-bahia\/#primaryimage\",\"url\":\"https:\/\/files.sunoresearch.com.br\/n\/uploads\/2022\/10\/engie1.jpg\",\"contentUrl\":\"https:\/\/files.sunoresearch.com.br\/n\/uploads\/2022\/10\/engie1.jpg\",\"width\":1200,\"height\":675,\"caption\":\"Engie (EGIE3). Cr\u00e9ditos: Divulga\u00e7\u00e3o\"},{\"@type\":\"BreadcrumbList\",\"@id\":\"https:\/\/www.suno.com.br\/noticias\/engie-egie3-implementar-projeto-eolico-bahia\/#breadcrumb\",\"itemListElement\":[{\"@type\":\"ListItem\",\"position\":1,\"name\":\"Not\u00edcias\",\"item\":\"https:\/\/www.suno.com.br\/noticias\/\"},{\"@type\":\"ListItem\",\"position\":2,\"name\":\"Neg\u00f3cios\",\"item\":\"https:\/\/www.suno.com.br\/noticias\/negocios\/\"},{\"@type\":\"ListItem\",\"position\":3,\"name\":\"Engie (EGIE3) assina acordo para implementar projeto e\u00f3lico na Bahia\"}]},{\"@type\":\"WebSite\",\"@id\":\"https:\/\/www.suno.com.br\/noticias\/#website\",\"url\":\"https:\/\/www.suno.com.br\/noticias\/\",\"name\":\"Suno Not\u00edcias\",\"description\":\"Seu portal de informa\u00e7\u00e3o sobre o mundo dos investimentos\",\"publisher\":{\"@id\":\"https:\/\/www.suno.com.br\/noticias\/#organization\"},\"potentialAction\":[{\"@type\":\"SearchAction\",\"target\":{\"@type\":\"EntryPoint\",\"urlTemplate\":\"https:\/\/www.suno.com.br\/noticias\/?s={search_term_string}\"},\"query-input\":{\"@type\":\"PropertyValueSpecification\",\"valueRequired\":true,\"valueName\":\"search_term_string\"}}],\"inLanguage\":\"pt-BR\"},{\"@type\":\"Organization\",\"@id\":\"https:\/\/www.suno.com.br\/noticias\/#organization\",\"name\":\"Suno Not\u00edcias\",\"url\":\"https:\/\/www.suno.com.br\/noticias\/\",\"logo\":{\"@type\":\"ImageObject\",\"inLanguage\":\"pt-BR\",\"@id\":\"https:\/\/www.suno.com.br\/noticias\/#\/schema\/logo\/image\/\",\"url\":\"https:\/\/files.sunoresearch.com.br\/n\/uploads\/2021\/09\/suno-logo.png\",\"contentUrl\":\"https:\/\/files.sunoresearch.com.br\/n\/uploads\/2021\/09\/suno-logo.png\",\"width\":180,\"height\":180,\"caption\":\"Suno Not\u00edcias\"},\"image\":{\"@id\":\"https:\/\/www.suno.com.br\/noticias\/#\/schema\/logo\/image\/\"},\"sameAs\":[\"https:\/\/facebook.com\/sunoresearch\",\"https:\/\/x.com\/sunoresearch\",\"https:\/\/www.instagram.com\/suno\",\"https:\/\/www.linkedin.com\/company\/suno-research\/\",\"https:\/\/www.youtube.com\/c\/sunoresearch\"]},{\"@type\":\"Person\",\"@id\":\"https:\/\/www.suno.com.br\/noticias\/#\/schema\/person\/46d847cb19ad53fde0857adca989c23f\",\"name\":\"Vict\u00f3ria Anhesini\",\"image\":{\"@type\":\"ImageObject\",\"inLanguage\":\"pt-BR\",\"@id\":\"https:\/\/www.suno.com.br\/noticias\/#\/schema\/person\/image\/\",\"url\":\"https:\/\/secure.gravatar.com\/avatar\/0172bdfcd9129dd9dd68794804304e6e?s=96&r=g\",\"contentUrl\":\"https:\/\/secure.gravatar.com\/avatar\/0172bdfcd9129dd9dd68794804304e6e?s=96&r=g\",\"caption\":\"Vict\u00f3ria Anhesini\"},\"description\":\"Rep\u00f3rter no Suno Not\u00edcias, cobre mercados, neg\u00f3cios e economia, escrevendo majoritariamente sobre movimentos das empresas, cobertura de balan\u00e7os trimestrais e Bolsa de Valores. Formada em jornalismo pela Universidade Presbiteriana Mackenzie em 2019, passou pelo portal de economia e finan\u00e7as EuQueroInvestir como rep\u00f3rter e anteriormente, trabalhou na assessoria de imprensa PinePR, onde liderou com startups de inova\u00e7\u00e3o, tecnologia e finan\u00e7as. Em seu tempo livre, fala sobre m\u00fasica para ambos os sites do selo ForMusic, Wikimetal e Mad Sound, e faz trabalho volunt\u00e1rio no programa Escreve Cartas do Poupatempo.\",\"sameAs\":[\"https:\/\/www.linkedin.com\/in\/victoria-anhesini\/\"],\"url\":\"https:\/\/www.suno.com.br\/noticias\/author\/victoria\/\"}]}<\/script>\n<!-- \/ Yoast SEO plugin. -->","yoast_head_json":{"title":"Engie (EGIE3) assina acordo para implementar projeto e\u00f3lico na Bahia","description":"A Engie (EGIE3) anunciou nesta segunda (3) que, em parceria com a Vestas, vai implementar o \"maior projeto e\u00f3lico da Am\u00e9rica Latina\".","robots":{"index":"index","follow":"follow","max-snippet":"max-snippet:-1","max-image-preview":"max-image-preview:large","max-video-preview":"max-video-preview:-1"},"canonical":"https:\/\/www.suno.com.br\/noticias\/engie-egie3-implementar-projeto-eolico-bahia\/","og_locale":"pt_BR","og_type":"article","og_title":"Engie (EGIE3) assina acordo para implementar projeto e\u00f3lico na Bahia","og_description":"A Engie (EGIE3) anunciou nesta segunda (3) que, em parceria com a Vestas, vai implementar o \"maior projeto e\u00f3lico da Am\u00e9rica Latina\".","og_url":"https:\/\/www.suno.com.br\/noticias\/engie-egie3-implementar-projeto-eolico-bahia\/","og_site_name":"Suno Not\u00edcias","article_publisher":"https:\/\/facebook.com\/sunoresearch","og_image":[{"width":1200,"height":675,"url":"https:\/\/files.sunoresearch.com.br\/n\/uploads\/2022\/10\/engie1.jpg","type":"image\/jpeg"}],"author":"Vict\u00f3ria Anhesini","twitter_card":"summary_large_image","twitter_creator":"@sunoresearch","twitter_site":"@sunoresearch","twitter_misc":{"Escrito por":"Vict\u00f3ria Anhesini","Est. tempo de leitura":"3 minutos"},"schema":{"@context":"https:\/\/schema.org","@graph":[{"@type":"NewsArticle","@id":"https:\/\/www.suno.com.br\/noticias\/engie-egie3-implementar-projeto-eolico-bahia\/#article","isPartOf":{"@id":"https:\/\/www.suno.com.br\/noticias\/engie-egie3-implementar-projeto-eolico-bahia\/"},"author":{"name":"Vict\u00f3ria Anhesini","@id":"https:\/\/www.suno.com.br\/noticias\/#\/schema\/person\/46d847cb19ad53fde0857adca989c23f"},"headline":"Engie (EGIE3) assina acordo para implementar projeto e\u00f3lico na Bahia","datePublished":"2022-10-04T00:23:31+00:00","mainEntityOfPage":{"@id":"https:\/\/www.suno.com.br\/noticias\/engie-egie3-implementar-projeto-eolico-bahia\/"},"wordCount":515,"publisher":{"@id":"https:\/\/www.suno.com.br\/noticias\/#organization"},"image":{"@id":"https:\/\/www.suno.com.br\/noticias\/engie-egie3-implementar-projeto-eolico-bahia\/#primaryimage"},"thumbnailUrl":"https:\/\/files.sunoresearch.com.br\/n\/uploads\/2022\/10\/engie1.jpg","keywords":["Engie (EGIE3)"],"articleSection":["Neg\u00f3cios"],"inLanguage":"pt-BR"},{"@type":"WebPage","@id":"https:\/\/www.suno.com.br\/noticias\/engie-egie3-implementar-projeto-eolico-bahia\/","url":"https:\/\/www.suno.com.br\/noticias\/engie-egie3-implementar-projeto-eolico-bahia\/","name":"Engie (EGIE3) assina acordo para implementar projeto e\u00f3lico na Bahia","isPartOf":{"@id":"https:\/\/www.suno.com.br\/noticias\/#website"},"primaryImageOfPage":{"@id":"https:\/\/www.suno.com.br\/noticias\/engie-egie3-implementar-projeto-eolico-bahia\/#primaryimage"},"image":{"@id":"https:\/\/www.suno.com.br\/noticias\/engie-egie3-implementar-projeto-eolico-bahia\/#primaryimage"},"thumbnailUrl":"https:\/\/files.sunoresearch.com.br\/n\/uploads\/2022\/10\/engie1.jpg","datePublished":"2022-10-04T00:23:31+00:00","description":"A Engie (EGIE3) anunciou nesta segunda (3) que, em parceria com a Vestas, vai implementar o \"maior projeto e\u00f3lico da Am\u00e9rica Latina\".","breadcrumb":{"@id":"https:\/\/www.suno.com.br\/noticias\/engie-egie3-implementar-projeto-eolico-bahia\/#breadcrumb"},"inLanguage":"pt-BR","potentialAction":[{"@type":"ReadAction","target":["https:\/\/www.suno.com.br\/noticias\/engie-egie3-implementar-projeto-eolico-bahia\/"]}]},{"@type":"ImageObject","inLanguage":"pt-BR","@id":"https:\/\/www.suno.com.br\/noticias\/engie-egie3-implementar-projeto-eolico-bahia\/#primaryimage","url":"https:\/\/files.sunoresearch.com.br\/n\/uploads\/2022\/10\/engie1.jpg","contentUrl":"https:\/\/files.sunoresearch.com.br\/n\/uploads\/2022\/10\/engie1.jpg","width":1200,"height":675,"caption":"Engie (EGIE3). Cr\u00e9ditos: Divulga\u00e7\u00e3o"},{"@type":"BreadcrumbList","@id":"https:\/\/www.suno.com.br\/noticias\/engie-egie3-implementar-projeto-eolico-bahia\/#breadcrumb","itemListElement":[{"@type":"ListItem","position":1,"name":"Not\u00edcias","item":"https:\/\/www.suno.com.br\/noticias\/"},{"@type":"ListItem","position":2,"name":"Neg\u00f3cios","item":"https:\/\/www.suno.com.br\/noticias\/negocios\/"},{"@type":"ListItem","position":3,"name":"Engie (EGIE3) assina acordo para implementar projeto e\u00f3lico na Bahia"}]},{"@type":"WebSite","@id":"https:\/\/www.suno.com.br\/noticias\/#website","url":"https:\/\/www.suno.com.br\/noticias\/","name":"Suno Not\u00edcias","description":"Seu portal de informa\u00e7\u00e3o sobre o mundo dos investimentos","publisher":{"@id":"https:\/\/www.suno.com.br\/noticias\/#organization"},"potentialAction":[{"@type":"SearchAction","target":{"@type":"EntryPoint","urlTemplate":"https:\/\/www.suno.com.br\/noticias\/?s={search_term_string}"},"query-input":{"@type":"PropertyValueSpecification","valueRequired":true,"valueName":"search_term_string"}}],"inLanguage":"pt-BR"},{"@type":"Organization","@id":"https:\/\/www.suno.com.br\/noticias\/#organization","name":"Suno Not\u00edcias","url":"https:\/\/www.suno.com.br\/noticias\/","logo":{"@type":"ImageObject","inLanguage":"pt-BR","@id":"https:\/\/www.suno.com.br\/noticias\/#\/schema\/logo\/image\/","url":"https:\/\/files.sunoresearch.com.br\/n\/uploads\/2021\/09\/suno-logo.png","contentUrl":"https:\/\/files.sunoresearch.com.br\/n\/uploads\/2021\/09\/suno-logo.png","width":180,"height":180,"caption":"Suno Not\u00edcias"},"image":{"@id":"https:\/\/www.suno.com.br\/noticias\/#\/schema\/logo\/image\/"},"sameAs":["https:\/\/facebook.com\/sunoresearch","https:\/\/x.com\/sunoresearch","https:\/\/www.instagram.com\/suno","https:\/\/www.linkedin.com\/company\/suno-research\/","https:\/\/www.youtube.com\/c\/sunoresearch"]},{"@type":"Person","@id":"https:\/\/www.suno.com.br\/noticias\/#\/schema\/person\/46d847cb19ad53fde0857adca989c23f","name":"Vict\u00f3ria Anhesini","image":{"@type":"ImageObject","inLanguage":"pt-BR","@id":"https:\/\/www.suno.com.br\/noticias\/#\/schema\/person\/image\/","url":"https:\/\/secure.gravatar.com\/avatar\/0172bdfcd9129dd9dd68794804304e6e?s=96&r=g","contentUrl":"https:\/\/secure.gravatar.com\/avatar\/0172bdfcd9129dd9dd68794804304e6e?s=96&r=g","caption":"Vict\u00f3ria Anhesini"},"description":"Rep\u00f3rter no Suno Not\u00edcias, cobre mercados, neg\u00f3cios e economia, escrevendo majoritariamente sobre movimentos das empresas, cobertura de balan\u00e7os trimestrais e Bolsa de Valores. Formada em jornalismo pela Universidade Presbiteriana Mackenzie em 2019, passou pelo portal de economia e finan\u00e7as EuQueroInvestir como rep\u00f3rter e anteriormente, trabalhou na assessoria de imprensa PinePR, onde liderou com startups de inova\u00e7\u00e3o, tecnologia e finan\u00e7as. Em seu tempo livre, fala sobre m\u00fasica para ambos os sites do selo ForMusic, Wikimetal e Mad Sound, e faz trabalho volunt\u00e1rio no programa Escreve Cartas do Poupatempo.","sameAs":["https:\/\/www.linkedin.com\/in\/victoria-anhesini\/"],"url":"https:\/\/www.suno.com.br\/noticias\/author\/victoria\/"}]}},"default_loop_html":"<div class=\"cardsPage__listCard__boxs\"><div class=\"cardsPage__listCard__boxs__img\"><a href=\"https:\/\/www.suno.com.br\/noticias\/engie-egie3-implementar-projeto-eolico-bahia\/\"><img class=\"mask\" src=\"https:\/\/www.suno.com.br\/noticias\/wp-content\/themes\/suno\/resources\/images\/spotlight\/spotlight1img\/bg-mask.png\" alt=\"Image Mask\"\/><img src=\"https:\/\/files.sunoresearch.com.br\/n\/uploads\/2022\/10\/engie1-400x200.jpg\" alt=\"Engie (EGIE3) assina acordo para implementar projeto e\u00f3lico na Bahia\"\/><\/a><span class=\"spotlightCategory\"><a href=\"https:\/\/www.suno.com.br\/noticias\/negocios\/\">Neg\u00f3cios<\/a><\/span><\/div><div class=\"cardsPage__listCard__boxs__content\"><a href=\"https:\/\/www.suno.com.br\/noticias\/engie-egie3-implementar-projeto-eolico-bahia\/\"><h2 class=\"content__title\">Engie (EGIE3) assina acordo para implementar projeto e\u00f3lico na Bahia<\/h2><\/a><div class=\"newsContent__article__meta\"><div class=\"newsContent__article__meta__authorBox\"><a href=\"https:\/\/www.suno.com.br\/noticias\/author\/victoria\/\" class=\"authorBox__avatar noMobi\"><img src=\"https:\/\/files.sunoresearch.com.br\/n\/uploads\/2021\/12\/20190129VickyPINEAPPLE01-1-150x150.jpg\" alt=\"Vict\u00f3ria Anhesini\"><\/a><div class=\"authorBox__name\"><span>por\n\t\t\t<a href=\"https:\/\/www.suno.com.br\/noticias\/author\/victoria\/\"><span itemprop=\"author\">Vict\u00f3ria Anhesini<\/span><\/a><\/span><time datetime=\"2022-10-03T21:23:31-03:00\" itemprop=\"datePublished\">03\/10\/2022 21:23<\/time><\/div><\/div><\/div><\/div><\/div>","single_layout":"posts","amp_enabled":true,"_links":{"self":[{"href":"https:\/\/www.suno.com.br\/noticias\/wp-json\/wp\/v2\/posts\/304582"}],"collection":[{"href":"https:\/\/www.suno.com.br\/noticias\/wp-json\/wp\/v2\/posts"}],"about":[{"href":"https:\/\/www.suno.com.br\/noticias\/wp-json\/wp\/v2\/types\/post"}],"author":[{"embeddable":true,"href":"https:\/\/www.suno.com.br\/noticias\/wp-json\/wp\/v2\/users\/146"}],"replies":[{"embeddable":true,"href":"https:\/\/www.suno.com.br\/noticias\/wp-json\/wp\/v2\/comments?post=304582"}],"version-history":[{"count":3,"href":"https:\/\/www.suno.com.br\/noticias\/wp-json\/wp\/v2\/posts\/304582\/revisions"}],"predecessor-version":[{"id":304815,"href":"https:\/\/www.suno.com.br\/noticias\/wp-json\/wp\/v2\/posts\/304582\/revisions\/304815"}],"wp:featuredmedia":[{"embeddable":true,"href":"https:\/\/www.suno.com.br\/noticias\/wp-json\/wp\/v2\/media\/304584"}],"wp:attachment":[{"href":"https:\/\/www.suno.com.br\/noticias\/wp-json\/wp\/v2\/media?parent=304582"}],"wp:term":[{"taxonomy":"category","embeddable":true,"href":"https:\/\/www.suno.com.br\/noticias\/wp-json\/wp\/v2\/categories?post=304582"},{"taxonomy":"post_tag","embeddable":true,"href":"https:\/\/www.suno.com.br\/noticias\/wp-json\/wp\/v2\/tags?post=304582"},{"taxonomy":"suno_strategy","embeddable":true,"href":"https:\/\/www.suno.com.br\/noticias\/wp-json\/wp\/v2\/suno_strategy?post=304582"}],"curies":[{"name":"wp","href":"https:\/\/api.w.org\/{rel}","templated":true}]}}