{"id":304092,"date":"2022-10-02T11:51:23","date_gmt":"2022-10-02T14:51:23","guid":{"rendered":"https:\/\/www.suno.com.br\/noticias\/?p=304092"},"modified":"2022-10-02T11:51:23","modified_gmt":"2022-10-02T14:51:23","slug":"eleicoes-2022-brasileiros-deverao-escolher-entre-11-candidatos-a-presidente","status":"publish","type":"post","link":"https:\/\/www.suno.com.br\/noticias\/eleicoes-2022-brasileiros-deverao-escolher-entre-11-candidatos-a-presidente\/","title":{"rendered":"Elei\u00e7\u00f5es 2022: brasileiros dever\u00e3o escolher entre 11 candidatos a presidente"},"content":{"rendered":"<p>Os brasileiros que v\u00e3o \u00e0s urnas hoje (2) para o primeiro turno das <strong>elei\u00e7\u00f5es<\/strong> t\u00eam 11 op\u00e7\u00f5es de candidatos ao posto mais alto do pa\u00eds. Caso algum postulante \u00e0 Presid\u00eancia da Rep\u00fablica obtenha mais de 50% dos votos v\u00e1lidos, ser\u00e1 considerado vencedor do pleito. Do contr\u00e1rio, os dois que obtiverem mais votos disputar\u00e3o o segundo turno.<img decoding=\"async\" style=\"width: 1px; height: 1px;\" src=\"https:\/\/agenciabrasil.ebc.com.br\/ebc.png?id=1485422&amp;o=rss\" \/><img decoding=\"async\" style=\"width: 1px; height: 1px;\" src=\"https:\/\/agenciabrasil.ebc.com.br\/ebc.gif?id=1485422&amp;o=rss\" \/><\/p>\t<div class=\"wrapper-featured-image\">\n\t\t<figure class=\"spotlightImg\">\n\n\t\t\t<picture>\n\t\t\t\t<source media=\"(max-width: 768px)\" srcset=\"https:\/\/files.sunoresearch.com.br\/n\/uploads\/2021\/09\/50429036346_a9271a4327_o-400x200.jpg\">\n\t\t\t\t<img loading=\"lazy\" decoding=\"async\" class=\"newsContent__article__imgCapa lazyloadDisabled \" src=\"https:\/\/files.sunoresearch.com.br\/n\/uploads\/2021\/09\/50429036346_a9271a4327_o-800x450.jpg\" width=\"800\" height=\"450\" alt=\"Elei\u00e7\u00f5es 2022: brasileiros dever\u00e3o escolher entre 11 candidatos a presidente\" fetchpriority=high \/>\n\t\t\t<\/picture>\n\n\t\t\t<figcaption class=\"wp-caption-text wp-caption-text--show\">Urna eletr\u00f4nica. Foto: Antonio Augusto\/Ascom\/TSE<\/figcaption>\n\t\t<\/figure>\n\t<\/div>\n\n\n\t<p>\n\t\t<a href=\"\" target=\"_blank\" data-element=\"shortcode-suno-banner\" title=\"Banner SUNO, clique e saiba mais\">\n\t\t\t<picture>\n\t\t\t\t<source media=\"(max-width: 500px)\" srcset=\"\">\n\t\t\t\t<img class=\"newsContent__article__imgCapa newsContent__article__imgCapa--banner\"\n\t\t\t\t\tsrc=\"\"\n\t\t\t\t\tdata-promo-id=\"240038\"\t\t\t\t\t\t\t\t\t\t\t\t\t\t\talt=\"\"\n\t\t\t\t>\n\t\t\t<\/picture>\n\t\t<\/a>\n\t<\/p>\n\n\n<p>Os partidos tiveram at\u00e9 o dia 15 de agosto para apresentar os pedidos de candidatura \u00e0s Elei\u00e7\u00f5es. Coube ao Tribunal Superior Eleitoral (<strong>TSE<\/strong>) confirmar os registros\u00a0e dois nomes foram afastados do p\u00e1reo. Pablo Mar\u00e7al, que travava uma disputa pelo comando do Partido Republicano da Ordem Social (Pros), foi impedido de concorrer \u00e0 Presid\u00eancia. Al\u00e9m disso, Roberto Jefferson (PTB) foi enquadrado\u00a0na Lei da Ficha Limpa e considerado ineleg\u00edvel. A legenda substituiu sua candidatura, lan\u00e7ando Padre Kelmon, at\u00e9 ent\u00e3o vice na chapa.<\/p>\n<h2>Elei\u00e7\u00f5es: veja todos os candidatos a presidente<\/h2>\n<h3>Ciro Gomes (PDT)<\/h3>\n<div class=\"dnd-widget-wrapper context-grande_6colunas type-image atom-align-left\">\n<div class=\"dnd-atom-rendered\">\n<p><!-- scald=301745:grande_6colunas {\"additionalClasses\":\"\"} --><\/p>\n<div class=\"shadow overflow-hidden rounded-lg d-block zoom-on-hover-sm shadow-hover w-100\">\n<img decoding=\"async\" class=\"flex-fill img-cover\" title=\"Keiny Andrade\/Divulga\u00e7\u00e3o\" src=\"https:\/\/imagens.ebc.com.br\/i2RUpV2F_xQxcjzbbMdTw05et9Q=\/463x0\/smart\/https:\/\/agenciabrasil.ebc.com.br\/sites\/default\/files\/thumbnails\/image\/ciro_gomes_2.jpg?itok=rbfymzFD\" alt=\"Ciro l\u00ea manifesto \u00e0 na\u00e7\u00e3o, em S\u00e3o Paulo\" \/><\/div>\n<p><!-- END scald=301745 --><\/p>\n<\/div>\n<div class=\"dnd-caption-wrapper\">\n<h6 class=\"meta\"><!--copyright=301745-->Ciro Gomes \u00a0foi professor universit\u00e1rio\u00a0 &#8211; <strong>Keiny Andrade\/Divulga\u00e7\u00e3o<\/strong><!--END copyright=301745--><\/h6>\n<\/div>\n<\/div>\n<p>Nascido em Pindamonhangaba (SP), Ciro Gomes iniciou sua carreira pol\u00edtica no Cear\u00e1, onde foi prefeito da capital Fortaleza entre 1989 e 1990 e governador do estado entre 1991 e 1994. Ele \u00e9 filho do cearense Jos\u00e9 Euclides Ferreira Gomes J\u00fanior, natural de Sobral (CE) e prefeito da cidade entre 1977 e 1983. Ciro tem outros dois irm\u00e3os que se embrenharam pela pol\u00edtica: o senador Cid Gomes e o atual prefeito de Sobral, Ivo Gomes.<\/p>\n\t<p>\n\t\t<a href=\"https:\/\/lp.suno.com.br\/ebook-como-analisar-uma-acao\/\" target=\"_blank\" data-element=\"shortcode-suno-banner\" title=\"Banner SUNO, clique e saiba mais\">\n\t\t\t<picture>\n\t\t\t\t<source media=\"(max-width: 500px)\" srcset=\"https:\/\/files.sunoresearch.com.br\/n\/uploads\/2023\/03\/Ebook-Acoes-Mobile-1.jpg\">\n\t\t\t\t<img class=\"newsContent__article__imgCapa newsContent__article__imgCapa--banner\"\n\t\t\t\t\tsrc=\"https:\/\/files.sunoresearch.com.br\/n\/uploads\/2023\/03\/Ebook-Acoes-Desktop-1.jpg\"\n\t\t\t\t\tdata-promo-id=\"171998\"\t\t\t\t\t\t\t\t\t\twidth='1420' height='286'\t\t\t\t\talt=\"https:\/\/files.sunoresearch.com.br\/n\/uploads\/2023\/03\/Ebook-Acoes-Desktop-1.jpg\"\n\t\t\t\t>\n\t\t\t<\/picture>\n\t\t<\/a>\n\t<\/p>\n\n\n<p>Nascido em Pindamonhangaba (SP), Ciro Gomes iniciou sua carreira pol\u00edtica no Cear\u00e1, onde foi prefeito da capital Fortaleza entre 1989 e 1990 e governador do estado entre 1991 e 1994. Ele \u00e9 filho do cearense Jos\u00e9 Euclides Ferreira Gomes J\u00fanior, natural de Sobral (CE) e prefeito da cidade entre 1977 e 1983. Ciro tem outros dois irm\u00e3os que se embrenharam pela pol\u00edtica: o senador Cid Gomes e o atual prefeito de Sobral, Ivo Gomes.<\/p>\n<p>Ciro Gomes \u00e9 formado em direito e foi professor de direito tribut\u00e1rio na Universidade de Fortaleza (Unifor). Ele tamb\u00e9m desenvolveu estudos na Universidade de Harvard, nos Estados Unidos, onde foi aprovado em processo seletivo para pesquisador visitante (<em>visiting scholar<\/em>).<\/p>\n<p>Aos 64 anos, ele disputa as elei\u00e7\u00f5es para Presid\u00eancia da Rep\u00fablica pela quarta vez: foi o terceiro mais votado nos pleitos de 1998 e 2018 e o quarto na disputa de 2002. Filiado ao PDT desde 2015, Ciro tem um hist\u00f3rico de trocas partid\u00e1rias j\u00e1 tendo pertencido aos quadros de outras seis legendas, algumas j\u00e1 extintas ou renomeadas: PDS, PMDB, PSDB, PPS, PSB e PROS.<\/p>\n<p>A candidata a vice-presidente na chapa \u00e9 Ana Paula Matos (PDT), vice-prefeita de Salvador, eleita em 2020 na chapa encabe\u00e7ada por Bruno Reis (Uni\u00e3o Brasil). Aos 44 anos, a soteropolitana \u00e9 servidora concursada da Petrobras, advogada, professora, p\u00f3s-graduada em finan\u00e7as e com mestrado em administra\u00e7\u00e3o.<\/p>\n<h3>Constituinte Eymael (DC)<\/h3>\n<div class=\"dnd-widget-wrapper context-grande_6colunas type-image atom-align-right\">\n<div class=\"dnd-atom-rendered\">\n<p><!-- scald=122712:grande_6colunas {\"additionalClasses\":\"\"} --><\/p>\n<div class=\"shadow overflow-hidden rounded-lg d-block zoom-on-hover-sm shadow-hover w-100\">\n<img decoding=\"async\" class=\"flex-fill img-cover\" title=\"Marcello Casal jr\/Ag\u00eancia Brasil\" src=\"https:\/\/imagens.ebc.com.br\/hTrDnk28lQY18SycBcJwN1L9ryY=\/463x0\/smart\/https:\/\/agenciabrasil.ebc.com.br\/sites\/default\/files\/thumbnails\/image\/mca_abr_1309184864.jpg?itok=hzoo-4m4\" alt=\"A Empresa Brasil de Comunica\u00e7\u00e3o (EBC) entrevista o candidato \u00e0 Presid\u00eancia da Rep\u00fablica pelo DC, Jos\u00e9 Maria Eymael. Ele \u00e9 o oitavo a participar da s\u00e9rie de entrevistas da EBC com presidenci\u00e1veis.\" \/><\/div>\n<p><!-- END scald=122712 --><\/p>\n<\/div>\n<div class=\"dnd-caption-wrapper\">\n<h6 class=\"meta\"><!--copyright=122712-->Constituinte Eymael \u00e9 advogado\u00a0&#8211; <strong>Marcello Casal jr\/Ag\u00eancia Brasil<\/strong><!--END copyright=122712--><\/h6>\n<\/div>\n<\/div>\n<p>Natural de Porto Alegre, Jos\u00e9 Maria Eymael cursou filosofia e direito na Pontif\u00edcia Universidade Cat\u00f3lica do Rio Grande do Sul (PUC-RS). \u00c9 advogado com especializa\u00e7\u00e3o em direito tribut\u00e1rio e atua como empres\u00e1rio h\u00e1 50 anos nas \u00e1reas de marketing, comunica\u00e7\u00e3o e inform\u00e1tica.<\/p>\n<p>Como l\u00edder universit\u00e1rio, Eymael presidiu o Centro Acad\u00eamico S\u00e3o Tom\u00e1s de Aquino da Faculdade de Filosofia da PUC-RS e a Federa\u00e7\u00e3o dos Estudantes de Universidades Particulares do Rio Grande do Sul. Nessas fun\u00e7\u00f5es, coordenou campanhas nacionais e regionais como a do barateamento do livro did\u00e1tico.<\/p>\n<p>Em 1962, ingressou no Partido Democrata Crist\u00e3o (PDC) em Porto Alegre, passando a atuar na Juventude Democrata Crist\u00e3. A legenda, no entanto, foi extinta pelo regime militar implantado em 1964. Eymael refundaria a sigla em 1985.<\/p>\n<p>Eymael foi deputado na Assembleia Constituinte que aprovou a Constitui\u00e7\u00e3o de 1988. Nestas elei\u00e7\u00f5es, ele se registrou como Constituinte Eymael, nome que constar\u00e1 nas urnas.<\/p>\n<p>Aos 83 anos, \u00e9 a sexta vez em que se candidata \u00e0 <strong>Presid\u00eancia da Rep\u00fablica<\/strong>. Ele disputou os pleitos de 1998, 2006, 2010, 2014 e 2018. O vice na chapa \u00e9 o economista Jo\u00e3o Barbosa Bravo, de 75 anos, natural de S\u00e3o Gon\u00e7alo (RJ), registrado como Professor Bravo.<\/p>\n<h3>Felipe D&#8217;Avila (Novo)<\/h3>\n<div class=\"dnd-widget-wrapper context-grande_6colunas type-image atom-align-left\">\n<div class=\"dnd-atom-rendered\">\n<p><!-- scald=300779:grande_6colunas {\"additionalClasses\":\"\"} --><\/p>\n<div class=\"shadow overflow-hidden rounded-lg d-block zoom-on-hover-sm shadow-hover w-100\">\n<figure style=\"width: 463px\" class=\"wp-caption alignnone\"><img loading=\"lazy\" decoding=\"async\" class=\"flex-fill img-cover\" title=\"Duda Portella\/Direitos reservados\" src=\"https:\/\/imagens.ebc.com.br\/AwbZG8qF3iATeBxM0lfBrB0q9J0=\/463x0\/smart\/https:\/\/agenciabrasil.ebc.com.br\/sites\/default\/files\/thumbnails\/image\/felipe_davilla.jpg?itok=Optz1MsN\" alt=\"Felipe D'Avilla faz campanha no Paran\u00e1\" width=\"463\" height=\"309\" \/><figcaption class=\"wp-caption-text\">Felipe D&#8217;Avilla \u00e9 cientista pol\u00edtico\u00a0&#8211; Duda Portella\/Direitos reservados<\/figcaption><\/figure>\n<\/div>\n<p><!-- END scald=300779 --><\/p>\n<\/div>\n<div class=\"dnd-caption-wrapper\">\n<div class=\"meta\">\n<!--END copyright=300779--><\/div>\n<\/div>\n<\/div>\n<p>Felipe D&#8217;Avila, nascido em S\u00e3o Paulo, \u00e9 cientista pol\u00edtico, mestre em administra\u00e7\u00e3o p\u00fablica pela Universidade de Harvard e coordenador do movimento Unidos Pelo Brasil. Tamb\u00e9m \u00e9 autor de livros de hist\u00f3ria e pol\u00edtica.<\/p>\n<p>Essa \u00e9 a primeira vez em que ele se candidata ao cargo de presidente da Rep\u00fablica. Mas o envolvimento com a pol\u00edtica n\u00e3o \u00e9 algo novo na tradi\u00e7\u00e3o familiar.<\/p>\n<p>D&#8217;Avila \u00e9 neto de Jo\u00e3o Pacheco e Chaves, que presidiu o extinto Instituto Brasileiro do Caf\u00e9 (IBC), foi secret\u00e1rio da Agricultura e Abastecimento do Estado de S\u00e3o Paulo e exerceu sete mandatos de deputado federal. Seu trisav\u00f4 Elias Ant\u00f4nio Pacheco e Chaves foi um cafeicultor que tamb\u00e9m ocupou postos pol\u00edticos relevantes na Rep\u00fablica Velha, no s\u00e9culo 19.<\/p>\n<p>Em 2008, Felipe D&#8217;Avila fundou o Centro de Lideran\u00e7a P\u00fablica. Trata-se de uma organiza\u00e7\u00e3o sem fins lucrativos dedicada \u00e0 forma\u00e7\u00e3o de l\u00edderes pol\u00edticos.<\/p>\n<p>O candidato a vice-presidente na chapa \u00e9 o deputado federal Tiago Mitraud (Novo-MG). Nascido em Bras\u00edlia e formado em administra\u00e7\u00e3o, ele tem uma trajet\u00f3ria marcante no Movimento Empresa J\u00fanior, chegando \u00e0 Presid\u00eancia da Brasil J\u00fanior, a Confedera\u00e7\u00e3o Brasileira de Empresas Juniores.<\/p>\n<h3>Jair Bolsonaro (PL)<\/h3>\n<div class=\"dnd-widget-wrapper context-grande_6colunas type-image atom-align-right\">\n<div class=\"dnd-atom-rendered\">\n<p><!-- scald=301640:grande_6colunas {\"additionalClasses\":\"\"} --><\/p>\n<div class=\"shadow overflow-hidden rounded-lg d-block zoom-on-hover-sm shadow-hover w-100\">\n<img decoding=\"async\" class=\"flex-fill img-cover\" title=\"Reprodu\u00e7\u00e3o YouTube\/Partido Liberal\" src=\"https:\/\/imagens.ebc.com.br\/aHapACULVnTYN1LI2gT4G8PqAs4=\/463x0\/smart\/https:\/\/agenciabrasil.ebc.com.br\/sites\/default\/files\/thumbnails\/image\/02_jair_bolsonaro_divinopolis.jpg?itok=aZonyZRm\" alt=\"Com\u00edcio do Presidente Jair Bolsonaro em Divin\u00f3polis Minas Gerais\" \/><\/div>\n<p><!-- END scald=301640 --><\/p>\n<\/div>\n<div class=\"dnd-caption-wrapper\">\n<h6 class=\"meta\">Jair Bolsonaro \u00e9 militar reformado e atual presidente da Rep\u00fablica\u00a0&#8211; <strong>Reprodu\u00e7\u00e3o YouTube\/Partido Liberal<\/strong><!--END copyright=301640--><\/h6>\n<\/div>\n<\/div>\n<p>Nascido em 1955 no munic\u00edpio de Glic\u00e9rio (SP) e registrado na cidade paulista de Campinas, Jair Messias Bolsonaro formou-se em 1977 na Academia Militar das Agulhas Negras, em Resende (RJ). Posteriormente, serviu nos grupos de artilharia de campanha e paraquedismo do Ex\u00e9rcito. Militar reformado, tendo chegado a capit\u00e3o do Ex\u00e9rcito, ele \u00e9 atualmente o 38\u00ba presidente do Brasil, cargo que assumiu em 1\u00ba de janeiro de 2019.<\/p>\n<p>Bolsonaro exerceu sete mandatos de deputado federal pelo Rio de Janeiro entre 1991 e 2018. Antes foi tamb\u00e9m vereador na capital carioca entre 1989 e 1991.<\/p>\n<p>Tr\u00eas de seus cinco filhos tamb\u00e9m se embrenharam pela pol\u00edtica. Carlos Bolsonaro \u00e9 vereador na capital carioca, Eduardo Bolsonaro \u00e9 deputado federal por S\u00e3o Paulo e Fl\u00e1vio Bolsonaro senador pelo Rio de Janeiro.<\/p>\n<p>Ao longo de sua trajet\u00f3ria pol\u00edtica, Bolsonaro integrou os quadros de nove partidos. Passou por PDC, PPR, PPB, PTB, PFL, PP e PSC. Em 2018, foi eleito presidente da Rep\u00fablica pelo Partido Social Liberal (PSL). Neste ano, candidatou-se \u00e0 reelei\u00e7\u00e3o pelo PL.<\/p>\n<p>O candidato a vice-presidente na chapa \u00e9 Walter Braga Netto. Tendo alcan\u00e7ado o posto de general do Ex\u00e9rcito, ele atualmente \u00e9 militar da reserva. Natural de Belo Horizonte em 1957, Braga Netto chefiou entre fevereiro de 2018 a janeiro de 2019, a interven\u00e7\u00e3o federal na seguran\u00e7a p\u00fablica do Rio de Janeiro. Na \u00e9poca, ele era comandante Militar do Leste, posto que ocupou at\u00e9 fevereiro de 2019, quando assumiu a chefia do Estado-Maior do Ex\u00e9rcito. Como integrante do governo comandado por Bolsonaro, ele foi ministro-chefe da Casa Civil e \u00e9 atualmente ministro da Defesa.<\/p>\n<h3>Leo Pericles (UP)<\/h3>\n<div class=\"dnd-widget-wrapper context-grande_6colunas type-image atom-align-left\">\n<div class=\"dnd-atom-rendered\">\n<p><!-- scald=300949:grande_6colunas {\"additionalClasses\":\"\"} --><\/p>\n<div class=\"shadow overflow-hidden rounded-lg d-block zoom-on-hover-sm shadow-hover w-100\">\n<img decoding=\"async\" class=\"flex-fill img-cover\" title=\"Reprodu\u00e7\u00e3o Instagram\" src=\"https:\/\/imagens.ebc.com.br\/WLHfmlZDjnDTkTUYLvhxb6u7Soo=\/463x0\/smart\/https:\/\/agenciabrasil.ebc.com.br\/sites\/default\/files\/thumbnails\/image\/screenshot_2022-09-15_at_23-02-17_leonardo_pericles_vieira_leonardopericles.oficial_fotos_e_videos_do_instagram.png?itok=kAOKU3Ow\" alt=\"Leo Pericles faz campanha em Porto Alegre\" \/><\/div>\n<p><!-- END scald=300949 --><\/p>\n<\/div>\n<div class=\"dnd-caption-wrapper\">\n<h6 class=\"meta\"><!--copyright=300949-->Leo Pericles faz parte do\u00a0Movimento de Luta nos Bairros, Vilas e Favelas\u00a0&#8211; <strong>Reprodu\u00e7\u00e3o Instagram<\/strong><!--END copyright=300949--><\/h6>\n<\/div>\n<\/div>\n<p>Leonardo P\u00e9ricles \u00e9 natural de Belo Horizonte e tem forma\u00e7\u00e3o de t\u00e9cnico em eletr\u00f4nica e mec\u00e2nico de manuten\u00e7\u00e3o de m\u00e1quinas pelo Col\u00e9gio Padre Eust\u00e1quio, onde estudou como bolsista durante o ensino m\u00e9dio. Desde 2011, faz parte do Movimento de Luta nos Bairros, Vilas e Favelas (MLB), organiza\u00e7\u00e3o que atua na defesa da reforma urbana. H\u00e1 10 anos, ela mora na comunidade Eliana Silva.<\/p>\n<p>O presidenci\u00e1vel se aproximou da pol\u00edtica no movimento estudantil no in\u00edcio dos anos 2000. Foi diretor da Uni\u00e3o Nacional dos Estudantes (UNE) entre 2009 e 2010, quando estudava Biblioteconomia na Universidade Federal de Minas Gerais (UFMG), curso que n\u00e3o chegou a concluir. Antes de ingressar no ensino superior, tamb\u00e9m foi diretor da Uni\u00e3o Brasileira dos Estudantes Secundaristas (Ubes).<\/p>\n<p>Em 2016, ele esteve \u00e0 frente da funda\u00e7\u00e3o da Unidade Popular (UP), o mais novo partido do sistema pol\u00edtico brasileiro. O registro que regularizou a legenda foi obtido junto ao TSE em dezembro de 2019, ap\u00f3s uma campanha que recolheu 1,2 milh\u00e3o de assinaturas, superando o exigido pela legisla\u00e7\u00e3o.<\/p>\n<p>Nas elei\u00e7\u00f5es municipais de Belo Horizonte em 2008, Leo Pericles foi candidato a vereador pelo Partido Democr\u00e1tico Trabalhista (PDT). Em 2020, concorreu como vice-prefeito na chapa liderada por \u00c1urea Carolina (PSOL), e terminou o pleito em quarto lugar com 8,33% dos votos.<\/p>\n<p>Em busca do cargo de presidente da Rep\u00fablica, Leo Pericles tem como vice em sua chapa a dentista Samara Martins, que tamb\u00e9m \u00e9 da UP e de Belo Horizonte. A conterr\u00e2nea e correligion\u00e1ria mora atualmente na periferia de Natal e trabalha no Sistema \u00danico de Sa\u00fade. Sua trajet\u00f3ria pol\u00edtica tamb\u00e9m est\u00e1 atrelada \u00e0 milit\u00e2ncia no movimento estudantil. Ela foi diretora de mulheres da UNE.<\/p>\n<h3>Lula (PT)<\/h3>\n<div class=\"dnd-widget-wrapper context-grande_6colunas type-image atom-align-right\">\n<div class=\"dnd-atom-rendered\">\n<p><!-- scald=301572:grande_6colunas {\"additionalClasses\":\"\"} --><\/p>\n<div class=\"shadow overflow-hidden rounded-lg d-block zoom-on-hover-sm shadow-hover w-100\">\n<img decoding=\"async\" class=\"flex-fill img-cover\" title=\"Reprodu\u00e7\u00e3o Youtube\" src=\"https:\/\/imagens.ebc.com.br\/TG-hIKirKza_qGu0X6w5GCOyjAQ=\/463x0\/smart\/https:\/\/agenciabrasil.ebc.com.br\/sites\/default\/files\/thumbnails\/image\/lula_3.jpg?itok=OI5qslWX\" alt=\"Lula tem encontro com aposentados 22\/09\/2022\" \/><\/div>\n<p><!-- END scald=301572 --><\/p>\n<\/div>\n<div class=\"dnd-caption-wrapper\">\n<h6 class=\"meta\"><!--copyright=301572-->Lula \u00e9 metal\u00fargico e ex-presidente da Re\u00fablica &#8211; <strong>Reprodu\u00e7\u00e3o Youtube<\/strong><!--END copyright=301572--><\/h6>\n<\/div>\n<\/div>\n<p>Nascido em Garanhuns (PE), Luiz In\u00e1cio Lula da Silva se mudou ainda crian\u00e7a para o estado de S\u00e3o Paulo. Durante a adolesc\u00eancia, completou um curso de torneiro mec\u00e2nico em uma unidade do Servi\u00e7o Nacional de Aprendizagem Industrial (Senai) e, posteriormente, passou a trabalhar como metal\u00fargico na cidade de S\u00e3o Bernardo do Campo, quando tamb\u00e9m come\u00e7ou a se envolver com a atividade sindical.<\/p>\n<p>No final dos anos 1970 e 1980, Lula liderou grandes greves de metal\u00fargicos da regi\u00e3o do ABC paulista. Junto a outros sindicalistas, intelectuais e militantes de movimentos sociais, fundou o Partido dos Trabalhadores (PT).<\/p>\n<p>Pela legenda, se tornou deputado da Assembleia Constituinte que aprovou a Constitui\u00e7\u00e3o de 1988 e foi derrotado nas elei\u00e7\u00f5es presidenciais de 1989, de 1994 e de 1998. Foi eleito para o posto mais alto do pa\u00eds em 2002, tendo sido reeleito em 2006. Deixou a Presid\u00eancia em 2010, sendo sucedido por sua ent\u00e3o ministra da Casa Civil, Dilma Rousseff, que venceu as elei\u00e7\u00f5es com o seu apoio.<\/p>\n<p>Em 2017, Lula foi condenado a nove anos e seis meses de pris\u00e3o por corrup\u00e7\u00e3o e lavagem de dinheiro. Em 2018, teve a pris\u00e3o decretada pelo ent\u00e3o juiz Sergio Moro. As condena\u00e7\u00f5es foram anuladas em 2021 pelo Supremo Tribunal Federal (STF), que considerou que a 13\u00aa Vara Federal em Curitiba n\u00e3o tinha compet\u00eancia legal para julgar as acusa\u00e7\u00f5es. O STF tamb\u00e9m considerou posteriormente que Moro agiu sem a devida imparcialidade no processo.<\/p>\n<p>Aos 76 anos, Luiz In\u00e1cio Lula da Silva busca seu terceiro mandato como presidente. O candidato a vice em sua chapa \u00e9 Geraldo Alckmin (PSB) que foi seu advers\u00e1rio na disputa de 2006. Nascido em Pindamonhangaba (SP), ele tem 68 anos, \u00e9 m\u00e9dico e professor. Alckmin foi um dos fundadores do Partido da Social Democracia Brasileira (PSDB) e ocupou os quadros do partido entre 1988 e 2021. Ele tamb\u00e9m foi constituinte e governou S\u00e3o Paulo em duas ocasi\u00f5es: de 2001 a 2006 e de 2011 a 2018.<\/p>\n<h3>Padre Kelmon (PTB)<\/h3>\n<div class=\"dnd-widget-wrapper context-grande_6colunas type-image atom-align-left\">\n<div class=\"dnd-atom-rendered\">\n<p><!-- scald=301814:grande_6colunas {\"additionalClasses\":\"\"} --><\/p>\n<div class=\"shadow overflow-hidden rounded-lg d-block zoom-on-hover-sm shadow-hover w-100\">\n<img decoding=\"async\" class=\"flex-fill img-cover\" title=\"Divulga\u00e7\u00e3o de Campanha\/ Padre Kelmon\" src=\"https:\/\/imagens.ebc.com.br\/Se9yZuYjM6CT6w_Qy-7FQCUvsEk=\/463x0\/smart\/https:\/\/agenciabrasil.ebc.com.br\/sites\/default\/files\/thumbnails\/image\/whatsapp_image_2022-09-26_at_17.45.29.jpeg?itok=Atza4Zzc\" alt=\"Padre Kelmon em Juiz de Fora\" \/><\/div>\n<p><!-- END scald=301814 --><\/p>\n<\/div>\n<div class=\"dnd-caption-wrapper\">\n<h6 class=\"meta\"><!--copyright=301814-->Padre Kelmon \u00e9 padre ortodoxo\u00a0&#8211; <strong>Divulga\u00e7\u00e3o de Campanha\/ Padre Kelmon<\/strong><!--END copyright=301814--><\/h6>\n<\/div>\n<\/div>\n<p>Nascido em Acajutiba (BA), Kelmon Lu\u00eds da Silva Souza fundou e coordena o Movimento Crist\u00e3o Conservador Latino-Americano. Ele tamb\u00e9m integra o Movimento Crist\u00e3o Conservador do Partido Trabalhista Brasileiro (PTB).<\/p>\n<p>Kelmon se intitula padre ortodoxo, embora a Igreja Sirian Ortodoxa de Antioquia no Brasil tenha emitido notas afirmando que ele n\u00e3o \u00e9 membro em nenhuma das suas par\u00f3quias, nunca foi seminarista nem integrou o clero. Em resposta, o candidato tem sustentado que pertence \u00e0 Igreja Cat\u00f3lica Apost\u00f3lica Ortodoxa do Peru e \u00e9 p\u00e1roco na Ilha de Mar\u00e9, em Salvador.<\/p>\n<p>O nome de Padre Kelmon foi lan\u00e7ado pelo PTB em substitui\u00e7\u00e3o ao de Roberto Jefferson, que era o candidato original e foi enquadrado pelo TSE na Lei da Ficha Limpa. Aos 45 anos, ele disputa sua primeira elei\u00e7\u00e3o e encampou na \u00edntegra o plano de governo que j\u00e1 havia sido produzido.<\/p>\n<p>No PTB desde 2020, Kelmon foi filiado ao PT na juventude. Ele \u00e9 bastante ativo nas redes sociais, onde divulga para seus seguidores conte\u00fado com assuntos religiosos e pol\u00edticos.<\/p>\n<p>O vice em sua chapa \u00e9 o Pastor Gamonal, tamb\u00e9m do Movimento Crist\u00e3o Conservador do PTB. Ele \u00e9 natural de S\u00e3o Jo\u00e3o de Meriti (RJ) e tem 50 anos.<\/p>\n<h3>Simone Tebet (MDB)<\/h3>\n<div class=\"dnd-widget-wrapper context-grande_6colunas type-image atom-align-right\">\n<div class=\"dnd-atom-rendered\">\n<p><!-- scald=301948:grande_6colunas {\"additionalClasses\":\"\"} --><\/p>\n<div class=\"shadow overflow-hidden rounded-lg d-block zoom-on-hover-sm shadow-hover w-100\">\n<img decoding=\"async\" class=\"flex-fill img-cover\" title=\"Divulga\u00e7\u00e3o campanha Simone Tebet\" src=\"https:\/\/imagens.ebc.com.br\/WuXisw1ScwhkoyKNS5MUurpDetY=\/463x0\/smart\/https:\/\/agenciabrasil.ebc.com.br\/sites\/default\/files\/thumbnails\/image\/52389237258_88acaca925_k.jpg?itok=KO7FIT5B\" alt=\"Simone Tebet faz campanha em S\u00e3o Bernardo do Campo 27\/09\/2022\" \/><\/div>\n<p><!-- END scald=301948 --><\/p>\n<\/div>\n<div class=\"dnd-caption-wrapper\">\n<h6 class=\"meta\"><!--copyright=301948-->Simone Tebet \u00e9 professora universit\u00e1ria\u00a0&#8211; <strong>Divulga\u00e7\u00e3o campanha Simone Tebet<\/strong><!--END copyright=301948--><\/h6>\n<\/div>\n<\/div>\n<p>Nascida em Tr\u00eas Lagoas (MS), Simone Tebet formou-se em direito na Universidade Federal do Rio de Janeiro (UFRJ). Completou seu mestrado em direito do Estado na Pontif\u00edcia Universidade Cat\u00f3lica de S\u00e3o Paulo (PUC-SP) e lecionou em universidades p\u00fablicas e privadas de Mato Grosso do Sul nos anos 1990.<\/p>\n<p>Ela se lan\u00e7ou na carreira pol\u00edtica h\u00e1 cerca de 20 anos, seguindo os passos do pai. Ela \u00e9 filha de Ramez Tebet, falecido em 2006. Pol\u00edtico de larga trajet\u00f3ria, ele foi governador de Mato Grosso do Sul, ministro da Integra\u00e7\u00e3o Nacional nomeado pelo ent\u00e3o presidente Fernando Henrique Cardoso e senador, tendo presidido a Casa de 2001 a 2003.<\/p>\n<p>Simone Tebet foi eleita deputada da assembleia sul-mato-grossense em 2002 e prefeita de sua cidade natal em 2004. Reeleita em 2008, deixou o comando do executivo municipal em 2010 para ser vice-governadora de Mato Grosso do Sul. Em 2014, tornou-se senadora pelo MDB.<\/p>\n<p>O nome de Tebet ganhou proje\u00e7\u00e3o nacional no ano passado ap\u00f3s sua atua\u00e7\u00e3o na Comiss\u00e3o Parlamentar de Inqu\u00e9rito (CPI) criada pelo Senado durante a pandemia de covid-19.<\/p>\n<p>A candidata a vice-presidente na chapa \u00e9 a tamb\u00e9m senadora Mara Gabrilli (PSDB), de 53 anos. Tetrapl\u00e9gica em decorr\u00eancia de um acidente de carro em 1994, ela tem forma\u00e7\u00e3o como publicit\u00e1ria e como psic\u00f3loga. Mara foi vereadora da capital paulista de 2007 a 2010, ap\u00f3s ter sido secret\u00e1ria municipal da Pessoa com Defici\u00eancia, de 2005 a 2007. Exerceu tamb\u00e9m dois mandatos como deputada federal, entre 2011 e 2019.<\/p>\n<h3>Sofia Manzano (PCB)<\/h3>\n<div class=\"dnd-widget-wrapper context-grande_6colunas type-image atom-align-left\">\n<div class=\"dnd-atom-rendered\">\n<p><!-- scald=297667:grande_6colunas {\"additionalClasses\":\"\"} --><\/p>\n<div class=\"shadow overflow-hidden rounded-lg d-block zoom-on-hover-sm shadow-hover w-100\">\n<img decoding=\"async\" class=\"flex-fill img-cover\" title=\"Sofia Manzano \/Redes Sociais\" src=\"https:\/\/imagens.ebc.com.br\/H9BoF5TRXYhFxpsuHdFHuBuKIb4=\/463x0\/smart\/https:\/\/agenciabrasil.ebc.com.br\/sites\/default\/files\/thumbnails\/image\/sofia1.jpg?itok=Aekl38El\" alt=\"Sofia Manzano\" \/><\/div>\n<p><!-- END scald=297667 --><\/p>\n<\/div>\n<div class=\"dnd-caption-wrapper\">\n<h6 class=\"meta\">Sofia Manzano\u00a0 \u00e9 a professora e economista \/<strong>Redes Sociais<\/strong><br \/>\n<!--END copyright=297667--><\/h6>\n<\/div>\n<\/div>\n<p>A candidata \u00e0 Presid\u00eancia do Partido Comunista Brasileiro (PCB) \u00e9 a professora e economista Sofia Manzano, nascida em 1971 na cidade de S\u00e3o Paulo. Graduada em ci\u00eancias econ\u00f4micas pela PUC-SP, \u00e9 mestra em desenvolvimento econ\u00f4mico pelo Instituto de Economia da Universidade Estadual de Campinas (Unicamp) e doutora em hist\u00f3ria econ\u00f4mica pela Universidade de S\u00e3o Paulo (USP).<\/p>\n<p>Assumiu o cargo de professora do curso de economia da Universidade Estadual do Sudoeste da Bahia (UESB) em 2013, mudando-se para Vit\u00f3ria da Conquista. Nos \u00faltimos anos, vem se dedicando a pesquisas sobre mercado de trabalho e desigualdade social no capitalismo.<\/p>\n<p>Sua milit\u00e2ncia no PCB teve in\u00edcio durante a campanha presidencial de 1989. Nas elei\u00e7\u00f5es de 2014, ela foi candidata \u00e0 Vice-Presid\u00eancia na chapa liderada pelo correligion\u00e1rio Mauro Iasi.<\/p>\n<p>Participando ativamente do movimento estudantil, Sofia Manzano foi dirigente do Centro Acad\u00eamico Le\u00e3o XIII, na PUC-SP, e participou em v\u00e1rios congressos da UNE. Posteriormente, Sofia integrou alguns sindicatos de professores, chegando a ser eleita vice-presidente da Associa\u00e7\u00e3o de Docentes da UESB entre 2015 e 2016.<\/p>\n<p>Sua chapa tem como candidato a vice-presidente Ant\u00f4nio Alves, de 42 anos, jornalista natural do Recife filiado ao PCB desde 1999. Ele fez parte de movimentos pol\u00edticos culturais engajados na busca de solu\u00e7\u00e3o para os problemas da comunidade. Militou no N\u00facleo Malcolm X (c\u00e9lula do Movimento Negro Unificado em Paulista) e organizou a Posse Resist\u00eancia Hip Hop \u2013 Paulista Zona Norte, grupo de jovens perif\u00e9ricos que trabalhavam diversos temas de luta, recupera\u00e7\u00e3o da autoestima e valoriza\u00e7\u00e3o cultural.<\/p>\n<h3>Soraya Thronicke (Uni\u00e3o Brasil)<\/h3>\n<div class=\"dnd-widget-wrapper context-grande_6colunas type-image atom-align-right\">\n<div class=\"dnd-atom-rendered\">\n<p><!-- scald=301400:grande_6colunas {\"additionalClasses\":\"\"} --><\/p>\n<div class=\"shadow overflow-hidden rounded-lg d-block zoom-on-hover-sm shadow-hover w-100\">\n<img decoding=\"async\" class=\"flex-fill img-cover\" title=\"Carla Fiamini | Assessoria de Imprensa\" src=\"https:\/\/imagens.ebc.com.br\/vvGpkQcryYff4nE63bzaWKUudwE=\/463x0\/smart\/https:\/\/agenciabrasil.ebc.com.br\/sites\/default\/files\/thumbnails\/image\/whatsapp_image_2022-09-21_at_10.40.09.jpeg?itok=bpaY6GFv\" alt=\"soraya thronicke\" \/><\/div>\n<p><!-- END scald=301400 --><\/p>\n<\/div>\n<div class=\"dnd-caption-wrapper\">\n<h6 class=\"meta\">Soraya Thronicke \u00e9 advogada\/<strong>Assessoria de Imprensa<\/strong><!--END copyright=301400--><\/h6>\n<\/div>\n<\/div>\n<p>Natural de Dourados (MS), Soraya Thronicke tem 49 anos e \u00e9 advogada. Ela estreou na pol\u00edtica nas elei\u00e7\u00f5es de 2018, quando foi eleita senadora pelo seu estado concorrendo pelo PSL. No ano passado, a legenda se fundiu com o Democratas (DEM), dando origem ao Uni\u00e3o Brasil.<\/p>\n<p>Soraya formou-se em direito na Universidade Anhanguera Educacional (UNAES), em Campo Grande, onde foi aluna de Simone Tebet. Realizou cursos de p\u00f3s gradua\u00e7\u00e3o em direito tribut\u00e1rio e em direito de fam\u00edlia e passou a atuar nessas \u00e1reas.<\/p>\n<p>Junto com seu marido, ela tamb\u00e9m comanda uma rede de mot\u00e9is na capital de Mato Grosso do Sul.<\/p>\n<p>Cinco anos depois, foi eleita senadora pelo PL. \u00a0No Congresso, ela \u00e9 atualmente coordenadora pol\u00edtica da Frente Parlamentar da Agropecu\u00e1ria (FPA) e tamb\u00e9m \u00e9 membro de de oito comiss\u00f5es.<\/p>\n<p>O candidato \u00e0 Vice-Presid\u00eancia na sua chapa \u00e9 Marcos Cintra, tamb\u00e9m do Uni\u00e3o Brasil. Aos 76 anos, ele \u00e9 vice-presidente da Funda\u00e7\u00e3o Getulio Vargas (FGV). Formado em economia, ele tem especializa\u00e7\u00e3o em planejamento econ\u00f4mico pela Unicamp. Foi deputado federal entre 1999 e 2003, quando participou das comiss\u00f5es de Finan\u00e7as e Tributa\u00e7\u00e3o e de Reforma Tribut\u00e1ria e presidiu a Comiss\u00e3o de Economia, Ind\u00fastria e Com\u00e9rcio. Em 2019, ocupou o cargo de secret\u00e1rio especial da Receita Federal.<\/p>\n<h3>Vera (PSTU)<\/h3>\n<div class=\"dnd-widget-wrapper context-grande_6colunas type-image atom-align-left\">\n<div class=\"dnd-atom-rendered\">\n<p><!-- scald=297261:grande_6colunas {\"additionalClasses\":\"\"} --><\/p>\n<div class=\"shadow overflow-hidden rounded-lg d-block zoom-on-hover-sm shadow-hover w-100\">\n<img decoding=\"async\" class=\"flex-fill img-cover\" title=\"Romerito Pontes\/Divulga\u00e7\u00e3o\" src=\"https:\/\/imagens.ebc.com.br\/4TkoQR7FpXR4FntDHkssbgsCK8s=\/463x0\/smart\/https:\/\/agenciabrasil.ebc.com.br\/sites\/default\/files\/thumbnails\/image\/52255906354_c7882843e9_5k.jpg?itok=77FnjCaX\" alt=\"Convenc\u0327a\u0303o Vera\" \/><\/div>\n<p><!-- END scald=297261 --><\/p>\n<\/div>\n<div class=\"dnd-caption-wrapper\">\n<h6 class=\"meta\">Vera \u00e9 cientista social\/<strong>Reprodu\u00e7\u00e3o Twitter<\/strong><!--END copyright=297261--><\/h6>\n<\/div>\n<\/div>\n<p>Vera L\u00facia \u00e9 natural de Inaj\u00e1 (PE), mas se mudou ainda crian\u00e7a com a fam\u00edlia para Aracaju. Atualmente, aos 54 anos, mora em S\u00e3o Paulo.<\/p>\n<p>Ela come\u00e7ou a trabalhar aos 14 anos, alternando fun\u00e7\u00f5es de gar\u00e7onete, faxineira e datil\u00f3grafa. Iniciou sua milit\u00e2ncia quando trabalhava em uma f\u00e1brica de cal\u00e7ados, aos 19 anos.<\/p>\n<p>Filiada ao PT por um curto per\u00edodo, Vera L\u00facia participou da funda\u00e7\u00e3o do PSTU em 1994, figurando nos quadros da sigla desde ent\u00e3o. Com atua\u00e7\u00e3o no movimento sindical, Vera tamb\u00e9m tem forma\u00e7\u00e3o em ci\u00eancias sociais pela Universidade Federal de Sergipe (UFS).<\/p>\n<p>J\u00e1 foi candidata uma vez ao governo de Sergipe, quatro vezes \u00e0 prefeitura de Aracaju, uma vez \u00e0 prefeitura de S\u00e3o Paulo e duas vezes \u00e0 C\u00e2mara dos Deputados, mas nunca conseguiu se eleger. Em 2018, disputou pela primeira vez a Presid\u00eancia da Rep\u00fablica, conquistando 0,05% dos votos.<\/p>\n<p>Sua chapa tem como candidata \u00e0 Vice-Presid\u00eancia a ind\u00edgena Kun\u00e3 Ypor\u00e3 (Raquel Trememb\u00e9). Da etnia Trememb\u00e9, Kun\u00e3 tem 39 anos e \u00e9 pedagoga. Ela integra a Associa\u00e7\u00e3o de Mulheres Ind\u00edgenas Guerreiras da Ancestralidade (Anmiga) e \u00e9 membro da Secretaria Executiva Nacional da Central Sindical e Popular Conlutas.<\/p>\n<p class=\"newsProviderSignature\"><em>Com Ag\u00eancia Brasil<\/em><\/p>\n\t<p>\n\t\t<a href=\"https:\/\/lp.suno.com.br\/planilha-de-controle-de-investimentos\/\" target=\"_blank\" data-element=\"shortcode-suno-banner\" title=\"Banner SUNO, clique e saiba mais\">\n\t\t\t<picture>\n\t\t\t\t<source media=\"(max-width: 500px)\" srcset=\"https:\/\/files.sunoresearch.com.br\/n\/uploads\/2023\/03\/400x300-Controle-de-Investimentos.png\">\n\t\t\t\t<img class=\"newsContent__article__imgCapa newsContent__article__imgCapa--banner\"\n\t\t\t\t\tsrc=\"https:\/\/files.sunoresearch.com.br\/n\/uploads\/2023\/03\/1420x240-Controle-de-Investimentos.png\"\n\t\t\t\t\tdata-promo-id=\"75934\"\t\t\t\t\t\t\t\t\t\twidth='1420' height='240'\t\t\t\t\talt=\"https:\/\/files.sunoresearch.com.br\/n\/uploads\/2023\/03\/1420x240-Controle-de-Investimentos.png\"\n\t\t\t\t>\n\t\t\t<\/picture>\n\t\t<\/a>\n\t<\/p>\n\n\n","protected":false},"excerpt":{"rendered":"<p>Os brasileiros que v\u00e3o \u00e0s urnas hoje (2) para o primeiro turno das elei\u00e7\u00f5es t\u00eam 11 op\u00e7\u00f5es de candidatos ao posto mais alto do pa\u00eds. Caso algum postulante \u00e0 Presid\u00eancia da Rep\u00fablica obtenha mais de 50% dos votos v\u00e1lidos, ser\u00e1 considerado vencedor do pleito. Do contr\u00e1rio, os dois que obtiverem mais votos disputar\u00e3o o segundo [&hellip;]<\/p>\n","protected":false},"author":43,"featured_media":183004,"comment_status":"closed","ping_status":"closed","sticky":false,"template":"","format":"standard","meta":[],"categories":[61],"tags":[697],"suno_strategy":[],"class_list":["post-304092","post","type-post","status-publish","format-standard","has-post-thumbnail","hentry","category-politica","tag-eleicoes"],"yoast_head":"<!-- This site is optimized with the Yoast SEO plugin v24.4 - https:\/\/yoast.com\/wordpress\/plugins\/seo\/ -->\n<title>Elei\u00e7\u00f5es: Brasileiros dever\u00e3o escolher entre 11 candidatos a presidente<\/title>\n<meta name=\"description\" content=\"Os brasileiros que v\u00e3o \u00e0s urnas hoje (2) para o primeiro turno das elei\u00e7\u00f5es t\u00eam 11 op\u00e7\u00f5es de candidatos ao posto mais alto do pa\u00eds\" \/>\n<meta name=\"robots\" content=\"index, follow, max-snippet:-1, max-image-preview:large, max-video-preview:-1\" \/>\n<link rel=\"canonical\" href=\"https:\/\/www.suno.com.br\/noticias\/eleicoes-2022-brasileiros-deverao-escolher-entre-11-candidatos-a-presidente\/\" \/>\n<meta property=\"og:locale\" content=\"pt_BR\" \/>\n<meta property=\"og:type\" content=\"article\" \/>\n<meta property=\"og:title\" content=\"Elei\u00e7\u00f5es: Brasileiros dever\u00e3o escolher entre 11 candidatos a presidente\" \/>\n<meta property=\"og:description\" content=\"Os brasileiros que v\u00e3o \u00e0s urnas hoje (2) para o primeiro turno das elei\u00e7\u00f5es t\u00eam 11 op\u00e7\u00f5es de candidatos ao posto mais alto do pa\u00eds\" \/>\n<meta property=\"og:url\" content=\"https:\/\/www.suno.com.br\/noticias\/eleicoes-2022-brasileiros-deverao-escolher-entre-11-candidatos-a-presidente\/\" \/>\n<meta property=\"og:site_name\" content=\"Suno Not\u00edcias\" \/>\n<meta property=\"article:publisher\" content=\"https:\/\/facebook.com\/sunoresearch\" \/>\n<meta property=\"article:author\" content=\"https:\/\/www.facebook.com\/sunonoticias\/\" \/>\n<meta property=\"og:image\" content=\"https:\/\/files.sunoresearch.com.br\/n\/uploads\/2021\/09\/50429036346_a9271a4327_o-scaled.jpg\" \/>\n\t<meta property=\"og:image:width\" content=\"2560\" \/>\n\t<meta property=\"og:image:height\" content=\"1707\" \/>\n\t<meta property=\"og:image:type\" content=\"image\/jpeg\" \/>\n<meta name=\"author\" content=\"Reda\u00e7\u00e3o Suno Not\u00edcias\" \/>\n<meta name=\"twitter:card\" content=\"summary_large_image\" \/>\n<meta name=\"twitter:creator\" content=\"@https:\/\/twitter.com\/sunoresearch\" \/>\n<meta name=\"twitter:site\" content=\"@sunoresearch\" \/>\n<meta name=\"twitter:label1\" content=\"Escrito por\" \/>\n\t<meta name=\"twitter:data1\" content=\"Reda\u00e7\u00e3o Suno Not\u00edcias\" \/>\n\t<meta name=\"twitter:label2\" content=\"Est. tempo de leitura\" \/>\n\t<meta name=\"twitter:data2\" content=\"19 minutos\" \/>\n<script type=\"application\/ld+json\" class=\"yoast-schema-graph\">{\"@context\":\"https:\/\/schema.org\",\"@graph\":[{\"@type\":\"NewsArticle\",\"@id\":\"https:\/\/www.suno.com.br\/noticias\/eleicoes-2022-brasileiros-deverao-escolher-entre-11-candidatos-a-presidente\/#article\",\"isPartOf\":{\"@id\":\"https:\/\/www.suno.com.br\/noticias\/eleicoes-2022-brasileiros-deverao-escolher-entre-11-candidatos-a-presidente\/\"},\"author\":{\"name\":\"Reda\u00e7\u00e3o Suno Not\u00edcias\",\"@id\":\"https:\/\/www.suno.com.br\/noticias\/#\/schema\/person\/c1b1bd3727fa852bd045e9dbff3673ea\"},\"headline\":\"Elei\u00e7\u00f5es 2022: brasileiros dever\u00e3o escolher entre 11 candidatos a presidente\",\"datePublished\":\"2022-10-02T14:51:23+00:00\",\"mainEntityOfPage\":{\"@id\":\"https:\/\/www.suno.com.br\/noticias\/eleicoes-2022-brasileiros-deverao-escolher-entre-11-candidatos-a-presidente\/\"},\"wordCount\":3069,\"publisher\":{\"@id\":\"https:\/\/www.suno.com.br\/noticias\/#organization\"},\"image\":{\"@id\":\"https:\/\/www.suno.com.br\/noticias\/eleicoes-2022-brasileiros-deverao-escolher-entre-11-candidatos-a-presidente\/#primaryimage\"},\"thumbnailUrl\":\"https:\/\/files.sunoresearch.com.br\/n\/uploads\/2021\/09\/50429036346_a9271a4327_o-scaled.jpg\",\"keywords\":[\"Elei\u00e7\u00f5es\"],\"articleSection\":[\"Pol\u00edtica\"],\"inLanguage\":\"pt-BR\"},{\"@type\":\"WebPage\",\"@id\":\"https:\/\/www.suno.com.br\/noticias\/eleicoes-2022-brasileiros-deverao-escolher-entre-11-candidatos-a-presidente\/\",\"url\":\"https:\/\/www.suno.com.br\/noticias\/eleicoes-2022-brasileiros-deverao-escolher-entre-11-candidatos-a-presidente\/\",\"name\":\"Elei\u00e7\u00f5es: Brasileiros dever\u00e3o escolher entre 11 candidatos a presidente\",\"isPartOf\":{\"@id\":\"https:\/\/www.suno.com.br\/noticias\/#website\"},\"primaryImageOfPage\":{\"@id\":\"https:\/\/www.suno.com.br\/noticias\/eleicoes-2022-brasileiros-deverao-escolher-entre-11-candidatos-a-presidente\/#primaryimage\"},\"image\":{\"@id\":\"https:\/\/www.suno.com.br\/noticias\/eleicoes-2022-brasileiros-deverao-escolher-entre-11-candidatos-a-presidente\/#primaryimage\"},\"thumbnailUrl\":\"https:\/\/files.sunoresearch.com.br\/n\/uploads\/2021\/09\/50429036346_a9271a4327_o-scaled.jpg\",\"datePublished\":\"2022-10-02T14:51:23+00:00\",\"description\":\"Os brasileiros que v\u00e3o \u00e0s urnas hoje (2) para o primeiro turno das elei\u00e7\u00f5es t\u00eam 11 op\u00e7\u00f5es de candidatos ao posto mais alto do pa\u00eds\",\"breadcrumb\":{\"@id\":\"https:\/\/www.suno.com.br\/noticias\/eleicoes-2022-brasileiros-deverao-escolher-entre-11-candidatos-a-presidente\/#breadcrumb\"},\"inLanguage\":\"pt-BR\",\"potentialAction\":[{\"@type\":\"ReadAction\",\"target\":[\"https:\/\/www.suno.com.br\/noticias\/eleicoes-2022-brasileiros-deverao-escolher-entre-11-candidatos-a-presidente\/\"]}]},{\"@type\":\"ImageObject\",\"inLanguage\":\"pt-BR\",\"@id\":\"https:\/\/www.suno.com.br\/noticias\/eleicoes-2022-brasileiros-deverao-escolher-entre-11-candidatos-a-presidente\/#primaryimage\",\"url\":\"https:\/\/files.sunoresearch.com.br\/n\/uploads\/2021\/09\/50429036346_a9271a4327_o-scaled.jpg\",\"contentUrl\":\"https:\/\/files.sunoresearch.com.br\/n\/uploads\/2021\/09\/50429036346_a9271a4327_o-scaled.jpg\",\"width\":2560,\"height\":1707,\"caption\":\"Urna eletr\u00f4nica. Foto: Antonio Augusto\/Ascom\/TSE\"},{\"@type\":\"BreadcrumbList\",\"@id\":\"https:\/\/www.suno.com.br\/noticias\/eleicoes-2022-brasileiros-deverao-escolher-entre-11-candidatos-a-presidente\/#breadcrumb\",\"itemListElement\":[{\"@type\":\"ListItem\",\"position\":1,\"name\":\"Not\u00edcias\",\"item\":\"https:\/\/www.suno.com.br\/noticias\/\"},{\"@type\":\"ListItem\",\"position\":2,\"name\":\"Pol\u00edtica\",\"item\":\"https:\/\/www.suno.com.br\/noticias\/politica\/\"},{\"@type\":\"ListItem\",\"position\":3,\"name\":\"Elei\u00e7\u00f5es 2022: brasileiros dever\u00e3o escolher entre 11 candidatos a presidente\"}]},{\"@type\":\"WebSite\",\"@id\":\"https:\/\/www.suno.com.br\/noticias\/#website\",\"url\":\"https:\/\/www.suno.com.br\/noticias\/\",\"name\":\"Suno Not\u00edcias\",\"description\":\"Seu portal de informa\u00e7\u00e3o sobre o mundo dos investimentos\",\"publisher\":{\"@id\":\"https:\/\/www.suno.com.br\/noticias\/#organization\"},\"potentialAction\":[{\"@type\":\"SearchAction\",\"target\":{\"@type\":\"EntryPoint\",\"urlTemplate\":\"https:\/\/www.suno.com.br\/noticias\/?s={search_term_string}\"},\"query-input\":{\"@type\":\"PropertyValueSpecification\",\"valueRequired\":true,\"valueName\":\"search_term_string\"}}],\"inLanguage\":\"pt-BR\"},{\"@type\":\"Organization\",\"@id\":\"https:\/\/www.suno.com.br\/noticias\/#organization\",\"name\":\"Suno Not\u00edcias\",\"url\":\"https:\/\/www.suno.com.br\/noticias\/\",\"logo\":{\"@type\":\"ImageObject\",\"inLanguage\":\"pt-BR\",\"@id\":\"https:\/\/www.suno.com.br\/noticias\/#\/schema\/logo\/image\/\",\"url\":\"https:\/\/files.sunoresearch.com.br\/n\/uploads\/2021\/09\/suno-logo.png\",\"contentUrl\":\"https:\/\/files.sunoresearch.com.br\/n\/uploads\/2021\/09\/suno-logo.png\",\"width\":180,\"height\":180,\"caption\":\"Suno Not\u00edcias\"},\"image\":{\"@id\":\"https:\/\/www.suno.com.br\/noticias\/#\/schema\/logo\/image\/\"},\"sameAs\":[\"https:\/\/facebook.com\/sunoresearch\",\"https:\/\/x.com\/sunoresearch\",\"https:\/\/www.instagram.com\/suno\",\"https:\/\/www.linkedin.com\/company\/suno-research\/\",\"https:\/\/www.youtube.com\/c\/sunoresearch\"]},{\"@type\":\"Person\",\"@id\":\"https:\/\/www.suno.com.br\/noticias\/#\/schema\/person\/c1b1bd3727fa852bd045e9dbff3673ea\",\"name\":\"Reda\u00e7\u00e3o Suno Not\u00edcias\",\"image\":{\"@type\":\"ImageObject\",\"inLanguage\":\"pt-BR\",\"@id\":\"https:\/\/www.suno.com.br\/noticias\/#\/schema\/person\/image\/\",\"url\":\"https:\/\/secure.gravatar.com\/avatar\/b8104b9b5a71985d5238ee59fbe418af?s=96&r=g\",\"contentUrl\":\"https:\/\/secure.gravatar.com\/avatar\/b8104b9b5a71985d5238ee59fbe418af?s=96&r=g\",\"caption\":\"Reda\u00e7\u00e3o Suno Not\u00edcias\"},\"description\":\"O Suno Not\u00edcias \u00e9 um portal de informa\u00e7\u00f5es sobre Mercado Financeiro, Pol\u00edtica, Neg\u00f3cios, Economia e Finan\u00e7as Pessoais.\",\"sameAs\":[\"https:\/\/www.suno.com.br\/noticias\",\"https:\/\/www.facebook.com\/sunonoticias\/\",\"https:\/\/www.instagram.com\/sunonoticias\/\",\"https:\/\/x.com\/https:\/\/twitter.com\/sunoresearch\",\"https:\/\/www.youtube.com\/sunonoticias\"],\"url\":\"https:\/\/www.suno.com.br\/noticias\/author\/redacao-suno\/\"}]}<\/script>\n<!-- \/ Yoast SEO plugin. -->","yoast_head_json":{"title":"Elei\u00e7\u00f5es: Brasileiros dever\u00e3o escolher entre 11 candidatos a presidente","description":"Os brasileiros que v\u00e3o \u00e0s urnas hoje (2) para o primeiro turno das elei\u00e7\u00f5es t\u00eam 11 op\u00e7\u00f5es de candidatos ao posto mais alto do pa\u00eds","robots":{"index":"index","follow":"follow","max-snippet":"max-snippet:-1","max-image-preview":"max-image-preview:large","max-video-preview":"max-video-preview:-1"},"canonical":"https:\/\/www.suno.com.br\/noticias\/eleicoes-2022-brasileiros-deverao-escolher-entre-11-candidatos-a-presidente\/","og_locale":"pt_BR","og_type":"article","og_title":"Elei\u00e7\u00f5es: Brasileiros dever\u00e3o escolher entre 11 candidatos a presidente","og_description":"Os brasileiros que v\u00e3o \u00e0s urnas hoje (2) para o primeiro turno das elei\u00e7\u00f5es t\u00eam 11 op\u00e7\u00f5es de candidatos ao posto mais alto do pa\u00eds","og_url":"https:\/\/www.suno.com.br\/noticias\/eleicoes-2022-brasileiros-deverao-escolher-entre-11-candidatos-a-presidente\/","og_site_name":"Suno Not\u00edcias","article_publisher":"https:\/\/facebook.com\/sunoresearch","article_author":"https:\/\/www.facebook.com\/sunonoticias\/","og_image":[{"width":2560,"height":1707,"url":"https:\/\/files.sunoresearch.com.br\/n\/uploads\/2021\/09\/50429036346_a9271a4327_o-scaled.jpg","type":"image\/jpeg"}],"author":"Reda\u00e7\u00e3o Suno Not\u00edcias","twitter_card":"summary_large_image","twitter_creator":"@https:\/\/twitter.com\/sunoresearch","twitter_site":"@sunoresearch","twitter_misc":{"Escrito por":"Reda\u00e7\u00e3o Suno Not\u00edcias","Est. tempo de leitura":"19 minutos"},"schema":{"@context":"https:\/\/schema.org","@graph":[{"@type":"NewsArticle","@id":"https:\/\/www.suno.com.br\/noticias\/eleicoes-2022-brasileiros-deverao-escolher-entre-11-candidatos-a-presidente\/#article","isPartOf":{"@id":"https:\/\/www.suno.com.br\/noticias\/eleicoes-2022-brasileiros-deverao-escolher-entre-11-candidatos-a-presidente\/"},"author":{"name":"Reda\u00e7\u00e3o Suno Not\u00edcias","@id":"https:\/\/www.suno.com.br\/noticias\/#\/schema\/person\/c1b1bd3727fa852bd045e9dbff3673ea"},"headline":"Elei\u00e7\u00f5es 2022: brasileiros dever\u00e3o escolher entre 11 candidatos a presidente","datePublished":"2022-10-02T14:51:23+00:00","mainEntityOfPage":{"@id":"https:\/\/www.suno.com.br\/noticias\/eleicoes-2022-brasileiros-deverao-escolher-entre-11-candidatos-a-presidente\/"},"wordCount":3069,"publisher":{"@id":"https:\/\/www.suno.com.br\/noticias\/#organization"},"image":{"@id":"https:\/\/www.suno.com.br\/noticias\/eleicoes-2022-brasileiros-deverao-escolher-entre-11-candidatos-a-presidente\/#primaryimage"},"thumbnailUrl":"https:\/\/files.sunoresearch.com.br\/n\/uploads\/2021\/09\/50429036346_a9271a4327_o-scaled.jpg","keywords":["Elei\u00e7\u00f5es"],"articleSection":["Pol\u00edtica"],"inLanguage":"pt-BR"},{"@type":"WebPage","@id":"https:\/\/www.suno.com.br\/noticias\/eleicoes-2022-brasileiros-deverao-escolher-entre-11-candidatos-a-presidente\/","url":"https:\/\/www.suno.com.br\/noticias\/eleicoes-2022-brasileiros-deverao-escolher-entre-11-candidatos-a-presidente\/","name":"Elei\u00e7\u00f5es: Brasileiros dever\u00e3o escolher entre 11 candidatos a presidente","isPartOf":{"@id":"https:\/\/www.suno.com.br\/noticias\/#website"},"primaryImageOfPage":{"@id":"https:\/\/www.suno.com.br\/noticias\/eleicoes-2022-brasileiros-deverao-escolher-entre-11-candidatos-a-presidente\/#primaryimage"},"image":{"@id":"https:\/\/www.suno.com.br\/noticias\/eleicoes-2022-brasileiros-deverao-escolher-entre-11-candidatos-a-presidente\/#primaryimage"},"thumbnailUrl":"https:\/\/files.sunoresearch.com.br\/n\/uploads\/2021\/09\/50429036346_a9271a4327_o-scaled.jpg","datePublished":"2022-10-02T14:51:23+00:00","description":"Os brasileiros que v\u00e3o \u00e0s urnas hoje (2) para o primeiro turno das elei\u00e7\u00f5es t\u00eam 11 op\u00e7\u00f5es de candidatos ao posto mais alto do pa\u00eds","breadcrumb":{"@id":"https:\/\/www.suno.com.br\/noticias\/eleicoes-2022-brasileiros-deverao-escolher-entre-11-candidatos-a-presidente\/#breadcrumb"},"inLanguage":"pt-BR","potentialAction":[{"@type":"ReadAction","target":["https:\/\/www.suno.com.br\/noticias\/eleicoes-2022-brasileiros-deverao-escolher-entre-11-candidatos-a-presidente\/"]}]},{"@type":"ImageObject","inLanguage":"pt-BR","@id":"https:\/\/www.suno.com.br\/noticias\/eleicoes-2022-brasileiros-deverao-escolher-entre-11-candidatos-a-presidente\/#primaryimage","url":"https:\/\/files.sunoresearch.com.br\/n\/uploads\/2021\/09\/50429036346_a9271a4327_o-scaled.jpg","contentUrl":"https:\/\/files.sunoresearch.com.br\/n\/uploads\/2021\/09\/50429036346_a9271a4327_o-scaled.jpg","width":2560,"height":1707,"caption":"Urna eletr\u00f4nica. Foto: Antonio Augusto\/Ascom\/TSE"},{"@type":"BreadcrumbList","@id":"https:\/\/www.suno.com.br\/noticias\/eleicoes-2022-brasileiros-deverao-escolher-entre-11-candidatos-a-presidente\/#breadcrumb","itemListElement":[{"@type":"ListItem","position":1,"name":"Not\u00edcias","item":"https:\/\/www.suno.com.br\/noticias\/"},{"@type":"ListItem","position":2,"name":"Pol\u00edtica","item":"https:\/\/www.suno.com.br\/noticias\/politica\/"},{"@type":"ListItem","position":3,"name":"Elei\u00e7\u00f5es 2022: brasileiros dever\u00e3o escolher entre 11 candidatos a presidente"}]},{"@type":"WebSite","@id":"https:\/\/www.suno.com.br\/noticias\/#website","url":"https:\/\/www.suno.com.br\/noticias\/","name":"Suno Not\u00edcias","description":"Seu portal de informa\u00e7\u00e3o sobre o mundo dos investimentos","publisher":{"@id":"https:\/\/www.suno.com.br\/noticias\/#organization"},"potentialAction":[{"@type":"SearchAction","target":{"@type":"EntryPoint","urlTemplate":"https:\/\/www.suno.com.br\/noticias\/?s={search_term_string}"},"query-input":{"@type":"PropertyValueSpecification","valueRequired":true,"valueName":"search_term_string"}}],"inLanguage":"pt-BR"},{"@type":"Organization","@id":"https:\/\/www.suno.com.br\/noticias\/#organization","name":"Suno Not\u00edcias","url":"https:\/\/www.suno.com.br\/noticias\/","logo":{"@type":"ImageObject","inLanguage":"pt-BR","@id":"https:\/\/www.suno.com.br\/noticias\/#\/schema\/logo\/image\/","url":"https:\/\/files.sunoresearch.com.br\/n\/uploads\/2021\/09\/suno-logo.png","contentUrl":"https:\/\/files.sunoresearch.com.br\/n\/uploads\/2021\/09\/suno-logo.png","width":180,"height":180,"caption":"Suno Not\u00edcias"},"image":{"@id":"https:\/\/www.suno.com.br\/noticias\/#\/schema\/logo\/image\/"},"sameAs":["https:\/\/facebook.com\/sunoresearch","https:\/\/x.com\/sunoresearch","https:\/\/www.instagram.com\/suno","https:\/\/www.linkedin.com\/company\/suno-research\/","https:\/\/www.youtube.com\/c\/sunoresearch"]},{"@type":"Person","@id":"https:\/\/www.suno.com.br\/noticias\/#\/schema\/person\/c1b1bd3727fa852bd045e9dbff3673ea","name":"Reda\u00e7\u00e3o Suno Not\u00edcias","image":{"@type":"ImageObject","inLanguage":"pt-BR","@id":"https:\/\/www.suno.com.br\/noticias\/#\/schema\/person\/image\/","url":"https:\/\/secure.gravatar.com\/avatar\/b8104b9b5a71985d5238ee59fbe418af?s=96&r=g","contentUrl":"https:\/\/secure.gravatar.com\/avatar\/b8104b9b5a71985d5238ee59fbe418af?s=96&r=g","caption":"Reda\u00e7\u00e3o Suno Not\u00edcias"},"description":"O Suno Not\u00edcias \u00e9 um portal de informa\u00e7\u00f5es sobre Mercado Financeiro, Pol\u00edtica, Neg\u00f3cios, Economia e Finan\u00e7as Pessoais.","sameAs":["https:\/\/www.suno.com.br\/noticias","https:\/\/www.facebook.com\/sunonoticias\/","https:\/\/www.instagram.com\/sunonoticias\/","https:\/\/x.com\/https:\/\/twitter.com\/sunoresearch","https:\/\/www.youtube.com\/sunonoticias"],"url":"https:\/\/www.suno.com.br\/noticias\/author\/redacao-suno\/"}]}},"default_loop_html":"<div class=\"cardsPage__listCard__boxs\"><div class=\"cardsPage__listCard__boxs__img\"><a href=\"https:\/\/www.suno.com.br\/noticias\/eleicoes-2022-brasileiros-deverao-escolher-entre-11-candidatos-a-presidente\/\"><img class=\"mask\" src=\"https:\/\/www.suno.com.br\/noticias\/wp-content\/themes\/suno\/resources\/images\/spotlight\/spotlight1img\/bg-mask.png\" alt=\"Image Mask\"\/><img src=\"https:\/\/files.sunoresearch.com.br\/n\/uploads\/2021\/09\/50429036346_a9271a4327_o-400x200.jpg\" alt=\"Elei\u00e7\u00f5es 2022: brasileiros dever\u00e3o escolher entre 11 candidatos a presidente\"\/><\/a><span class=\"spotlightCategory\"><a href=\"https:\/\/www.suno.com.br\/noticias\/politica\/\">Pol\u00edtica<\/a><\/span><\/div><div class=\"cardsPage__listCard__boxs__content\"><a href=\"https:\/\/www.suno.com.br\/noticias\/eleicoes-2022-brasileiros-deverao-escolher-entre-11-candidatos-a-presidente\/\"><h2 class=\"content__title\">Elei\u00e7\u00f5es 2022: brasileiros dever\u00e3o escolher entre 11 candidatos a presidente<\/h2><\/a><div class=\"newsContent__article__meta\"><div class=\"newsContent__article__meta__authorBox\"><a href=\"https:\/\/www.suno.com.br\/noticias\/author\/redacao-suno\/\" class=\"authorBox__avatar noMobi\"><img src=\"https:\/\/files.sunoresearch.com.br\/n\/uploads\/2020\/08\/0ace682d-redacao-1-150x150.webp\" alt=\"Reda\u00e7\u00e3o Suno Not\u00edcias\"><\/a><div class=\"authorBox__name\"><span>por\n\t\t\t<a href=\"https:\/\/www.suno.com.br\/noticias\/author\/redacao-suno\/\"><span itemprop=\"author\">Reda\u00e7\u00e3o Suno Not\u00edcias<\/span><\/a><\/span><time datetime=\"2022-10-02T11:51:23-03:00\" itemprop=\"datePublished\">02\/10\/2022 11:51<\/time><\/div><\/div><\/div><\/div><\/div>","single_layout":"posts","amp_enabled":true,"_links":{"self":[{"href":"https:\/\/www.suno.com.br\/noticias\/wp-json\/wp\/v2\/posts\/304092"}],"collection":[{"href":"https:\/\/www.suno.com.br\/noticias\/wp-json\/wp\/v2\/posts"}],"about":[{"href":"https:\/\/www.suno.com.br\/noticias\/wp-json\/wp\/v2\/types\/post"}],"author":[{"embeddable":true,"href":"https:\/\/www.suno.com.br\/noticias\/wp-json\/wp\/v2\/users\/43"}],"replies":[{"embeddable":true,"href":"https:\/\/www.suno.com.br\/noticias\/wp-json\/wp\/v2\/comments?post=304092"}],"version-history":[{"count":2,"href":"https:\/\/www.suno.com.br\/noticias\/wp-json\/wp\/v2\/posts\/304092\/revisions"}],"predecessor-version":[{"id":304130,"href":"https:\/\/www.suno.com.br\/noticias\/wp-json\/wp\/v2\/posts\/304092\/revisions\/304130"}],"wp:featuredmedia":[{"embeddable":true,"href":"https:\/\/www.suno.com.br\/noticias\/wp-json\/wp\/v2\/media\/183004"}],"wp:attachment":[{"href":"https:\/\/www.suno.com.br\/noticias\/wp-json\/wp\/v2\/media?parent=304092"}],"wp:term":[{"taxonomy":"category","embeddable":true,"href":"https:\/\/www.suno.com.br\/noticias\/wp-json\/wp\/v2\/categories?post=304092"},{"taxonomy":"post_tag","embeddable":true,"href":"https:\/\/www.suno.com.br\/noticias\/wp-json\/wp\/v2\/tags?post=304092"},{"taxonomy":"suno_strategy","embeddable":true,"href":"https:\/\/www.suno.com.br\/noticias\/wp-json\/wp\/v2\/suno_strategy?post=304092"}],"curies":[{"name":"wp","href":"https:\/\/api.w.org\/{rel}","templated":true}]}}