{"id":304070,"date":"2022-10-01T15:34:25","date_gmt":"2022-10-01T18:34:25","guid":{"rendered":"https:\/\/www.suno.com.br\/noticias\/?p=304070"},"modified":"2022-10-02T02:42:32","modified_gmt":"2022-10-02T05:42:32","slug":"petrobras-fase-vinculante-venda-direitos-minerarios","status":"publish","type":"post","link":"https:\/\/www.suno.com.br\/noticias\/petrobras-fase-vinculante-venda-direitos-minerarios\/","title":{"rendered":"Petrobras (PETR4) inicia fase vinculante para venda de direitos miner\u00e1rios"},"content":{"rendered":"<p>A <strong>Petrobras<\/strong> (PETR4) iniciou a fase vinculante da venda de direitos miner\u00e1rios para pesquisa e lavra de sais de pot\u00e1ssio na Bacia do Amazonas, segundo comunicado divulgado ao mercado na sexta-feira (30).<\/p>\t<div class=\"wrapper-featured-image\">\n\t\t<figure class=\"spotlightImg\">\n\n\t\t\t<picture>\n\t\t\t\t<source media=\"(max-width: 768px)\" srcset=\"https:\/\/files.sunoresearch.com.br\/n\/uploads\/2022\/01\/Petrobras-400x200.jpg\">\n\t\t\t\t<img loading=\"lazy\" decoding=\"async\" class=\"newsContent__article__imgCapa lazyloadDisabled \" src=\"https:\/\/files.sunoresearch.com.br\/n\/uploads\/2022\/01\/Petrobras-800x450.jpg\" width=\"800\" height=\"450\" alt=\"Petrobras (PETR4) inicia fase vinculante para venda de direitos miner\u00e1rios\" fetchpriority=high \/>\n\t\t\t<\/picture>\n\n\t\t\t<figcaption class=\"wp-caption-text wp-caption-text--show\">Petrobras (PETR4). Foto: Marcello Casal Jr\/ Ag\u00eancia Brasil<\/figcaption>\n\t\t<\/figure>\n\t<\/div>\n\n\n\t<p>\n\t\t<a href=\"\" target=\"_blank\" data-element=\"shortcode-suno-banner\" title=\"Banner SUNO, clique e saiba mais\">\n\t\t\t<picture>\n\t\t\t\t<source media=\"(max-width: 500px)\" srcset=\"\">\n\t\t\t\t<img class=\"newsContent__article__imgCapa newsContent__article__imgCapa--banner\"\n\t\t\t\t\tsrc=\"\"\n\t\t\t\t\tdata-promo-id=\"254218\"\t\t\t\t\t\t\t\t\t\t\t\t\t\t\talt=\"\"\n\t\t\t\t>\n\t\t\t<\/picture>\n\t\t<\/a>\n\t<\/p>\n\n\n<p>A companhia estatal afirmou que os potenciais compradores habilitados receber\u00e3o carta-convite com instru\u00e7\u00f5es detalhadas sobre o processo. Nas diretrizes da Petrobras, haver\u00e1 orienta\u00e7\u00e3o para a realiza\u00e7\u00e3o de <em><a class=\"suno-keyword\" href=\"https:\/\/www.suno.com.br\/artigos\/due-diligence\/\" target=\"_blank\" rel=\"noopener\" data-force=\"no\" data-priority=\"2\">due diligence<\/a><\/em> &#8211; para compreens\u00e3o de n\u00fameros, riscos, potencialidades &#8211; e para o envio das propostas vinculantes.<\/p>\n<p>Segundo a empresa, a opera\u00e7\u00e3o est\u00e1 alinhada \u00e0 estrat\u00e9gia de otimiza\u00e7\u00e3o do portf\u00f3lio e \u00e0 melhora de aloca\u00e7\u00e3o do capital da companhia, visando\u00a0maximiza\u00e7\u00e3o de valor e maior retorno \u00e0 sociedade.<\/p>\n<p>O ativo da Petrobras \u00e9 composto por <strong>34 t\u00edtulos outorgados pela Ag\u00eancia Nacional de Minera\u00e7\u00e3o<\/strong> (ANM), dos quais 8 s\u00e3o concess\u00f5es de lavra, 4 s\u00e3o requerimentos e 22 est\u00e3o em processo de autoriza\u00e7\u00e3o de pesquisa.<\/p>\n\t<p>\n\t\t<a href=\"https:\/\/lp.suno.com.br\/planilha-controle-gastos\/\" target=\"_blank\" data-element=\"shortcode-suno-banner\" title=\"Banner SUNO, clique e saiba mais\">\n\t\t\t<picture>\n\t\t\t\t<source media=\"(max-width: 500px)\" srcset=\"https:\/\/files.sunoresearch.com.br\/n\/uploads\/2023\/03\/400x300-Planilha-controle-de-gastos.png\">\n\t\t\t\t<img class=\"newsContent__article__imgCapa newsContent__article__imgCapa--banner\"\n\t\t\t\t\tsrc=\"https:\/\/files.sunoresearch.com.br\/n\/uploads\/2023\/03\/1420x240-Planilha-controle-de-gastos.png\"\n\t\t\t\t\tdata-promo-id=\"101751\"\t\t\t\t\t\t\t\t\t\twidth='1420' height='240'\t\t\t\t\talt=\"https:\/\/files.sunoresearch.com.br\/n\/uploads\/2023\/03\/1420x240-Planilha-controle-de-gastos.png\"\n\t\t\t\t>\n\t\t\t<\/picture>\n\t\t<\/a>\n\t<\/p>\n\n\n<h2>Petrobras inicia divulga\u00e7\u00e3o de venda da rede de fibra \u00f3ptica onshore<\/h2>\n<p>A estatal comunicou h\u00e1 pouco que iniciou a etapa de divulga\u00e7\u00e3o da oportunidade (teaser) para venda de sua rede de fibra \u00f3ptica onshore. As informa\u00e7\u00f5es s\u00e3o do jornal Estad\u00e3o.<\/p>\n<p>As principais informa\u00e7\u00f5es sobre o processo e os crit\u00e9rios de elegibilidade dos potenciais participantes est\u00e3o dispon\u00edveis no <strong>site de <a class=\"suno-keyword\" href=\"https:\/\/www.suno.com.br\/artigos\/relacoes-com-investidores\/\" target=\"_blank\" rel=\"noopener\" data-force=\"no\" data-priority=\"1\">rela\u00e7\u00f5es com investidores<\/a> da Petrobras<\/strong>.<\/p>\n<p>A rede de fibra \u00f3ptica onshore da <strong>Petrobras<\/strong> possui aproximadamente oito mil quil\u00f4metros de extens\u00e3o, abrange todas as regi\u00f5es do pa\u00eds, conecta diversas capitais e regi\u00f5es metropolitanas. A rede \u00e9 composta por cabos enterrados que possuem, em sua grande maioria, capacidade de 36 fibras \u00f3pticas cada, acondicionados em tubos de polietileno de alta densidade PEAD (bi tubo), que garantem mais prote\u00e7\u00e3o e versatilidade de manuten\u00e7\u00e3o, segundo a empresa informou no comunicado ao mercado.<\/p>\n<p class=\"newsProviderSignature\">\t<p>\n\t\t<a href=\"https:\/\/lp.suno.com.br\/ebook-como-analisar-uma-acao\/\" target=\"_blank\" data-element=\"shortcode-suno-banner\" title=\"Banner SUNO, clique e saiba mais\">\n\t\t\t<picture>\n\t\t\t\t<source media=\"(max-width: 500px)\" srcset=\"https:\/\/files.sunoresearch.com.br\/n\/uploads\/2023\/03\/Ebook-Acoes-Mobile-1.jpg\">\n\t\t\t\t<img class=\"newsContent__article__imgCapa newsContent__article__imgCapa--banner\"\n\t\t\t\t\tsrc=\"https:\/\/files.sunoresearch.com.br\/n\/uploads\/2023\/03\/Ebook-Acoes-Desktop-1.jpg\"\n\t\t\t\t\tdata-promo-id=\"171998\"\t\t\t\t\t\t\t\t\t\twidth='1420' height='286'\t\t\t\t\talt=\"https:\/\/files.sunoresearch.com.br\/n\/uploads\/2023\/03\/Ebook-Acoes-Desktop-1.jpg\"\n\t\t\t\t>\n\t\t\t<\/picture>\n\t\t<\/a>\n\t<\/p>\n\n<\/p>\n","protected":false},"excerpt":{"rendered":"<p>A Petrobras (PETR4) iniciou a fase vinculante da venda de direitos miner\u00e1rios para pesquisa e lavra de sais de pot\u00e1ssio na Bacia do Amazonas, segundo comunicado divulgado ao mercado na sexta-feira (30). Petrobras (PETR4). Foto: Marcello Casal Jr\/ Ag\u00eancia Brasil A companhia estatal afirmou que os potenciais compradores habilitados receber\u00e3o carta-convite com instru\u00e7\u00f5es detalhadas sobre [&hellip;]<\/p>\n","protected":false},"author":70,"featured_media":227173,"comment_status":"closed","ping_status":"closed","sticky":false,"template":"","format":"standard","meta":[],"categories":[64],"tags":[104763,2426,595],"suno_strategy":[],"class_list":["post-304070","post","type-post","status-publish","format-standard","has-post-thumbnail","hentry","category-negocios","tag-fibra-otica","tag-petr3","tag-petrobras-petr4"],"yoast_head":"<!-- This site is optimized with the Yoast SEO plugin v24.4 - https:\/\/yoast.com\/wordpress\/plugins\/seo\/ -->\n<title>Petrobras inicia fase vinculante para venda de direitos miner\u00e1rios<\/title>\n<meta name=\"description\" content=\"Segundo a Petrobras, a opera\u00e7\u00e3o est\u00e1 alinhada \u00e0 estrat\u00e9gia de otimiza\u00e7\u00e3o do portf\u00f3lio e \u00e0 melhora de aloca\u00e7\u00e3o do capital. Entenda.\" \/>\n<meta name=\"robots\" content=\"index, follow, max-snippet:-1, max-image-preview:large, max-video-preview:-1\" \/>\n<link rel=\"canonical\" href=\"https:\/\/www.suno.com.br\/noticias\/petrobras-fase-vinculante-venda-direitos-minerarios\/\" \/>\n<meta property=\"og:locale\" content=\"pt_BR\" \/>\n<meta property=\"og:type\" content=\"article\" \/>\n<meta property=\"og:title\" content=\"Petrobras inicia fase vinculante para venda de direitos miner\u00e1rios\" \/>\n<meta property=\"og:description\" content=\"Segundo a Petrobras, a opera\u00e7\u00e3o est\u00e1 alinhada \u00e0 estrat\u00e9gia de otimiza\u00e7\u00e3o do portf\u00f3lio e \u00e0 melhora de aloca\u00e7\u00e3o do capital. Entenda.\" \/>\n<meta property=\"og:url\" content=\"https:\/\/www.suno.com.br\/noticias\/petrobras-fase-vinculante-venda-direitos-minerarios\/\" \/>\n<meta property=\"og:site_name\" content=\"Suno Not\u00edcias\" \/>\n<meta property=\"article:publisher\" content=\"https:\/\/facebook.com\/sunoresearch\" \/>\n<meta property=\"og:image\" content=\"https:\/\/files.sunoresearch.com.br\/n\/uploads\/2022\/01\/Petrobras-scaled.jpg\" \/>\n\t<meta property=\"og:image:width\" content=\"2560\" \/>\n\t<meta property=\"og:image:height\" content=\"1707\" \/>\n\t<meta property=\"og:image:type\" content=\"image\/jpeg\" \/>\n<meta name=\"author\" content=\"Beatriz Boyadjian\" \/>\n<meta name=\"twitter:card\" content=\"summary_large_image\" \/>\n<meta name=\"twitter:creator\" content=\"@sunoresearch\" \/>\n<meta name=\"twitter:site\" content=\"@sunoresearch\" \/>\n<meta name=\"twitter:label1\" content=\"Escrito por\" \/>\n\t<meta name=\"twitter:data1\" content=\"Beatriz Boyadjian\" \/>\n\t<meta name=\"twitter:label2\" content=\"Est. tempo de leitura\" \/>\n\t<meta name=\"twitter:data2\" content=\"2 minutos\" \/>\n<script type=\"application\/ld+json\" class=\"yoast-schema-graph\">{\"@context\":\"https:\/\/schema.org\",\"@graph\":[{\"@type\":\"NewsArticle\",\"@id\":\"https:\/\/www.suno.com.br\/noticias\/petrobras-fase-vinculante-venda-direitos-minerarios\/#article\",\"isPartOf\":{\"@id\":\"https:\/\/www.suno.com.br\/noticias\/petrobras-fase-vinculante-venda-direitos-minerarios\/\"},\"author\":{\"name\":\"Beatriz Boyadjian\",\"@id\":\"https:\/\/www.suno.com.br\/noticias\/#\/schema\/person\/c9d40f227e4ffee8114b1299c28902b0\"},\"headline\":\"Petrobras (PETR4) inicia fase vinculante para venda de direitos miner\u00e1rios\",\"datePublished\":\"2022-10-01T18:34:25+00:00\",\"dateModified\":\"2022-10-02T05:42:32+00:00\",\"mainEntityOfPage\":{\"@id\":\"https:\/\/www.suno.com.br\/noticias\/petrobras-fase-vinculante-venda-direitos-minerarios\/\"},\"wordCount\":327,\"publisher\":{\"@id\":\"https:\/\/www.suno.com.br\/noticias\/#organization\"},\"image\":{\"@id\":\"https:\/\/www.suno.com.br\/noticias\/petrobras-fase-vinculante-venda-direitos-minerarios\/#primaryimage\"},\"thumbnailUrl\":\"https:\/\/files.sunoresearch.com.br\/n\/uploads\/2022\/01\/Petrobras-scaled.jpg\",\"keywords\":[\"fibra \u00f3tica\",\"PETR3\",\"Petrobras (PETR4)\"],\"articleSection\":[\"Neg\u00f3cios\"],\"inLanguage\":\"pt-BR\"},{\"@type\":\"WebPage\",\"@id\":\"https:\/\/www.suno.com.br\/noticias\/petrobras-fase-vinculante-venda-direitos-minerarios\/\",\"url\":\"https:\/\/www.suno.com.br\/noticias\/petrobras-fase-vinculante-venda-direitos-minerarios\/\",\"name\":\"Petrobras inicia fase vinculante para venda de direitos miner\u00e1rios\",\"isPartOf\":{\"@id\":\"https:\/\/www.suno.com.br\/noticias\/#website\"},\"primaryImageOfPage\":{\"@id\":\"https:\/\/www.suno.com.br\/noticias\/petrobras-fase-vinculante-venda-direitos-minerarios\/#primaryimage\"},\"image\":{\"@id\":\"https:\/\/www.suno.com.br\/noticias\/petrobras-fase-vinculante-venda-direitos-minerarios\/#primaryimage\"},\"thumbnailUrl\":\"https:\/\/files.sunoresearch.com.br\/n\/uploads\/2022\/01\/Petrobras-scaled.jpg\",\"datePublished\":\"2022-10-01T18:34:25+00:00\",\"dateModified\":\"2022-10-02T05:42:32+00:00\",\"description\":\"Segundo a Petrobras, a opera\u00e7\u00e3o est\u00e1 alinhada \u00e0 estrat\u00e9gia de otimiza\u00e7\u00e3o do portf\u00f3lio e \u00e0 melhora de aloca\u00e7\u00e3o do capital. Entenda.\",\"breadcrumb\":{\"@id\":\"https:\/\/www.suno.com.br\/noticias\/petrobras-fase-vinculante-venda-direitos-minerarios\/#breadcrumb\"},\"inLanguage\":\"pt-BR\",\"potentialAction\":[{\"@type\":\"ReadAction\",\"target\":[\"https:\/\/www.suno.com.br\/noticias\/petrobras-fase-vinculante-venda-direitos-minerarios\/\"]}]},{\"@type\":\"ImageObject\",\"inLanguage\":\"pt-BR\",\"@id\":\"https:\/\/www.suno.com.br\/noticias\/petrobras-fase-vinculante-venda-direitos-minerarios\/#primaryimage\",\"url\":\"https:\/\/files.sunoresearch.com.br\/n\/uploads\/2022\/01\/Petrobras-scaled.jpg\",\"contentUrl\":\"https:\/\/files.sunoresearch.com.br\/n\/uploads\/2022\/01\/Petrobras-scaled.jpg\",\"width\":2560,\"height\":1707,\"caption\":\"Petrobras (PETR4). Foto: Marcello Casal Jr\/ Ag\u00eancia Brasil\"},{\"@type\":\"BreadcrumbList\",\"@id\":\"https:\/\/www.suno.com.br\/noticias\/petrobras-fase-vinculante-venda-direitos-minerarios\/#breadcrumb\",\"itemListElement\":[{\"@type\":\"ListItem\",\"position\":1,\"name\":\"Not\u00edcias\",\"item\":\"https:\/\/www.suno.com.br\/noticias\/\"},{\"@type\":\"ListItem\",\"position\":2,\"name\":\"Neg\u00f3cios\",\"item\":\"https:\/\/www.suno.com.br\/noticias\/negocios\/\"},{\"@type\":\"ListItem\",\"position\":3,\"name\":\"Petrobras (PETR4) inicia fase vinculante para venda de direitos miner\u00e1rios\"}]},{\"@type\":\"WebSite\",\"@id\":\"https:\/\/www.suno.com.br\/noticias\/#website\",\"url\":\"https:\/\/www.suno.com.br\/noticias\/\",\"name\":\"Suno Not\u00edcias\",\"description\":\"Seu portal de informa\u00e7\u00e3o sobre o mundo dos investimentos\",\"publisher\":{\"@id\":\"https:\/\/www.suno.com.br\/noticias\/#organization\"},\"potentialAction\":[{\"@type\":\"SearchAction\",\"target\":{\"@type\":\"EntryPoint\",\"urlTemplate\":\"https:\/\/www.suno.com.br\/noticias\/?s={search_term_string}\"},\"query-input\":{\"@type\":\"PropertyValueSpecification\",\"valueRequired\":true,\"valueName\":\"search_term_string\"}}],\"inLanguage\":\"pt-BR\"},{\"@type\":\"Organization\",\"@id\":\"https:\/\/www.suno.com.br\/noticias\/#organization\",\"name\":\"Suno Not\u00edcias\",\"url\":\"https:\/\/www.suno.com.br\/noticias\/\",\"logo\":{\"@type\":\"ImageObject\",\"inLanguage\":\"pt-BR\",\"@id\":\"https:\/\/www.suno.com.br\/noticias\/#\/schema\/logo\/image\/\",\"url\":\"https:\/\/files.sunoresearch.com.br\/n\/uploads\/2021\/09\/suno-logo.png\",\"contentUrl\":\"https:\/\/files.sunoresearch.com.br\/n\/uploads\/2021\/09\/suno-logo.png\",\"width\":180,\"height\":180,\"caption\":\"Suno Not\u00edcias\"},\"image\":{\"@id\":\"https:\/\/www.suno.com.br\/noticias\/#\/schema\/logo\/image\/\"},\"sameAs\":[\"https:\/\/facebook.com\/sunoresearch\",\"https:\/\/x.com\/sunoresearch\",\"https:\/\/www.instagram.com\/suno\",\"https:\/\/www.linkedin.com\/company\/suno-research\/\",\"https:\/\/www.youtube.com\/c\/sunoresearch\"]},{\"@type\":\"Person\",\"@id\":\"https:\/\/www.suno.com.br\/noticias\/#\/schema\/person\/c9d40f227e4ffee8114b1299c28902b0\",\"name\":\"Beatriz Boyadjian\",\"image\":{\"@type\":\"ImageObject\",\"inLanguage\":\"pt-BR\",\"@id\":\"https:\/\/www.suno.com.br\/noticias\/#\/schema\/person\/image\/\",\"url\":\"https:\/\/secure.gravatar.com\/avatar\/4c3c59f4030e268f950437c4f36e38b7?s=96&r=g\",\"contentUrl\":\"https:\/\/secure.gravatar.com\/avatar\/4c3c59f4030e268f950437c4f36e38b7?s=96&r=g\",\"caption\":\"Beatriz Boyadjian\"},\"description\":\"Rep\u00f3rter multim\u00eddia no Suno Not\u00edcias. Jornalista formada pela Faculdade C\u00e1sper L\u00edbero, foi rep\u00f3rter da Forbes Brasil e atuou na cobertura de hard news, economia, neg\u00f3cios e lifestyle. Gerenciou as redes sociais da edi\u00e7\u00e3o brasileira da tradicional revista de neg\u00f3cios. Na M\u00e1quina Cohn&amp;Wolfe, atuou como rela\u00e7\u00f5es p\u00fablicas de clientes do N\u00facleo de Sa\u00fade da empresa. Produziu releases, notas, relat\u00f3rios, entre outros, para empresas como Biomm, Hypera, FIDI. Anteriormente, respons\u00e1vel pelas redes sociais do Suno Not\u00edcias.\",\"sameAs\":[\"https:\/\/www.linkedin.com\/in\/beatriz-boyadjian\/\"],\"url\":\"https:\/\/www.suno.com.br\/noticias\/author\/beatriz-boyadjian\/\"}]}<\/script>\n<!-- \/ Yoast SEO plugin. -->","yoast_head_json":{"title":"Petrobras inicia fase vinculante para venda de direitos miner\u00e1rios","description":"Segundo a Petrobras, a opera\u00e7\u00e3o est\u00e1 alinhada \u00e0 estrat\u00e9gia de otimiza\u00e7\u00e3o do portf\u00f3lio e \u00e0 melhora de aloca\u00e7\u00e3o do capital. Entenda.","robots":{"index":"index","follow":"follow","max-snippet":"max-snippet:-1","max-image-preview":"max-image-preview:large","max-video-preview":"max-video-preview:-1"},"canonical":"https:\/\/www.suno.com.br\/noticias\/petrobras-fase-vinculante-venda-direitos-minerarios\/","og_locale":"pt_BR","og_type":"article","og_title":"Petrobras inicia fase vinculante para venda de direitos miner\u00e1rios","og_description":"Segundo a Petrobras, a opera\u00e7\u00e3o est\u00e1 alinhada \u00e0 estrat\u00e9gia de otimiza\u00e7\u00e3o do portf\u00f3lio e \u00e0 melhora de aloca\u00e7\u00e3o do capital. Entenda.","og_url":"https:\/\/www.suno.com.br\/noticias\/petrobras-fase-vinculante-venda-direitos-minerarios\/","og_site_name":"Suno Not\u00edcias","article_publisher":"https:\/\/facebook.com\/sunoresearch","og_image":[{"width":2560,"height":1707,"url":"https:\/\/files.sunoresearch.com.br\/n\/uploads\/2022\/01\/Petrobras-scaled.jpg","type":"image\/jpeg"}],"author":"Beatriz Boyadjian","twitter_card":"summary_large_image","twitter_creator":"@sunoresearch","twitter_site":"@sunoresearch","twitter_misc":{"Escrito por":"Beatriz Boyadjian","Est. tempo de leitura":"2 minutos"},"schema":{"@context":"https:\/\/schema.org","@graph":[{"@type":"NewsArticle","@id":"https:\/\/www.suno.com.br\/noticias\/petrobras-fase-vinculante-venda-direitos-minerarios\/#article","isPartOf":{"@id":"https:\/\/www.suno.com.br\/noticias\/petrobras-fase-vinculante-venda-direitos-minerarios\/"},"author":{"name":"Beatriz Boyadjian","@id":"https:\/\/www.suno.com.br\/noticias\/#\/schema\/person\/c9d40f227e4ffee8114b1299c28902b0"},"headline":"Petrobras (PETR4) inicia fase vinculante para venda de direitos miner\u00e1rios","datePublished":"2022-10-01T18:34:25+00:00","dateModified":"2022-10-02T05:42:32+00:00","mainEntityOfPage":{"@id":"https:\/\/www.suno.com.br\/noticias\/petrobras-fase-vinculante-venda-direitos-minerarios\/"},"wordCount":327,"publisher":{"@id":"https:\/\/www.suno.com.br\/noticias\/#organization"},"image":{"@id":"https:\/\/www.suno.com.br\/noticias\/petrobras-fase-vinculante-venda-direitos-minerarios\/#primaryimage"},"thumbnailUrl":"https:\/\/files.sunoresearch.com.br\/n\/uploads\/2022\/01\/Petrobras-scaled.jpg","keywords":["fibra \u00f3tica","PETR3","Petrobras (PETR4)"],"articleSection":["Neg\u00f3cios"],"inLanguage":"pt-BR"},{"@type":"WebPage","@id":"https:\/\/www.suno.com.br\/noticias\/petrobras-fase-vinculante-venda-direitos-minerarios\/","url":"https:\/\/www.suno.com.br\/noticias\/petrobras-fase-vinculante-venda-direitos-minerarios\/","name":"Petrobras inicia fase vinculante para venda de direitos miner\u00e1rios","isPartOf":{"@id":"https:\/\/www.suno.com.br\/noticias\/#website"},"primaryImageOfPage":{"@id":"https:\/\/www.suno.com.br\/noticias\/petrobras-fase-vinculante-venda-direitos-minerarios\/#primaryimage"},"image":{"@id":"https:\/\/www.suno.com.br\/noticias\/petrobras-fase-vinculante-venda-direitos-minerarios\/#primaryimage"},"thumbnailUrl":"https:\/\/files.sunoresearch.com.br\/n\/uploads\/2022\/01\/Petrobras-scaled.jpg","datePublished":"2022-10-01T18:34:25+00:00","dateModified":"2022-10-02T05:42:32+00:00","description":"Segundo a Petrobras, a opera\u00e7\u00e3o est\u00e1 alinhada \u00e0 estrat\u00e9gia de otimiza\u00e7\u00e3o do portf\u00f3lio e \u00e0 melhora de aloca\u00e7\u00e3o do capital. Entenda.","breadcrumb":{"@id":"https:\/\/www.suno.com.br\/noticias\/petrobras-fase-vinculante-venda-direitos-minerarios\/#breadcrumb"},"inLanguage":"pt-BR","potentialAction":[{"@type":"ReadAction","target":["https:\/\/www.suno.com.br\/noticias\/petrobras-fase-vinculante-venda-direitos-minerarios\/"]}]},{"@type":"ImageObject","inLanguage":"pt-BR","@id":"https:\/\/www.suno.com.br\/noticias\/petrobras-fase-vinculante-venda-direitos-minerarios\/#primaryimage","url":"https:\/\/files.sunoresearch.com.br\/n\/uploads\/2022\/01\/Petrobras-scaled.jpg","contentUrl":"https:\/\/files.sunoresearch.com.br\/n\/uploads\/2022\/01\/Petrobras-scaled.jpg","width":2560,"height":1707,"caption":"Petrobras (PETR4). Foto: Marcello Casal Jr\/ Ag\u00eancia Brasil"},{"@type":"BreadcrumbList","@id":"https:\/\/www.suno.com.br\/noticias\/petrobras-fase-vinculante-venda-direitos-minerarios\/#breadcrumb","itemListElement":[{"@type":"ListItem","position":1,"name":"Not\u00edcias","item":"https:\/\/www.suno.com.br\/noticias\/"},{"@type":"ListItem","position":2,"name":"Neg\u00f3cios","item":"https:\/\/www.suno.com.br\/noticias\/negocios\/"},{"@type":"ListItem","position":3,"name":"Petrobras (PETR4) inicia fase vinculante para venda de direitos miner\u00e1rios"}]},{"@type":"WebSite","@id":"https:\/\/www.suno.com.br\/noticias\/#website","url":"https:\/\/www.suno.com.br\/noticias\/","name":"Suno Not\u00edcias","description":"Seu portal de informa\u00e7\u00e3o sobre o mundo dos investimentos","publisher":{"@id":"https:\/\/www.suno.com.br\/noticias\/#organization"},"potentialAction":[{"@type":"SearchAction","target":{"@type":"EntryPoint","urlTemplate":"https:\/\/www.suno.com.br\/noticias\/?s={search_term_string}"},"query-input":{"@type":"PropertyValueSpecification","valueRequired":true,"valueName":"search_term_string"}}],"inLanguage":"pt-BR"},{"@type":"Organization","@id":"https:\/\/www.suno.com.br\/noticias\/#organization","name":"Suno Not\u00edcias","url":"https:\/\/www.suno.com.br\/noticias\/","logo":{"@type":"ImageObject","inLanguage":"pt-BR","@id":"https:\/\/www.suno.com.br\/noticias\/#\/schema\/logo\/image\/","url":"https:\/\/files.sunoresearch.com.br\/n\/uploads\/2021\/09\/suno-logo.png","contentUrl":"https:\/\/files.sunoresearch.com.br\/n\/uploads\/2021\/09\/suno-logo.png","width":180,"height":180,"caption":"Suno Not\u00edcias"},"image":{"@id":"https:\/\/www.suno.com.br\/noticias\/#\/schema\/logo\/image\/"},"sameAs":["https:\/\/facebook.com\/sunoresearch","https:\/\/x.com\/sunoresearch","https:\/\/www.instagram.com\/suno","https:\/\/www.linkedin.com\/company\/suno-research\/","https:\/\/www.youtube.com\/c\/sunoresearch"]},{"@type":"Person","@id":"https:\/\/www.suno.com.br\/noticias\/#\/schema\/person\/c9d40f227e4ffee8114b1299c28902b0","name":"Beatriz Boyadjian","image":{"@type":"ImageObject","inLanguage":"pt-BR","@id":"https:\/\/www.suno.com.br\/noticias\/#\/schema\/person\/image\/","url":"https:\/\/secure.gravatar.com\/avatar\/4c3c59f4030e268f950437c4f36e38b7?s=96&r=g","contentUrl":"https:\/\/secure.gravatar.com\/avatar\/4c3c59f4030e268f950437c4f36e38b7?s=96&r=g","caption":"Beatriz Boyadjian"},"description":"Rep\u00f3rter multim\u00eddia no Suno Not\u00edcias. Jornalista formada pela Faculdade C\u00e1sper L\u00edbero, foi rep\u00f3rter da Forbes Brasil e atuou na cobertura de hard news, economia, neg\u00f3cios e lifestyle. Gerenciou as redes sociais da edi\u00e7\u00e3o brasileira da tradicional revista de neg\u00f3cios. Na M\u00e1quina Cohn&amp;Wolfe, atuou como rela\u00e7\u00f5es p\u00fablicas de clientes do N\u00facleo de Sa\u00fade da empresa. Produziu releases, notas, relat\u00f3rios, entre outros, para empresas como Biomm, Hypera, FIDI. Anteriormente, respons\u00e1vel pelas redes sociais do Suno Not\u00edcias.","sameAs":["https:\/\/www.linkedin.com\/in\/beatriz-boyadjian\/"],"url":"https:\/\/www.suno.com.br\/noticias\/author\/beatriz-boyadjian\/"}]}},"default_loop_html":"<div class=\"cardsPage__listCard__boxs\"><div class=\"cardsPage__listCard__boxs__img\"><a href=\"https:\/\/www.suno.com.br\/noticias\/petrobras-fase-vinculante-venda-direitos-minerarios\/\"><img class=\"mask\" src=\"https:\/\/www.suno.com.br\/noticias\/wp-content\/themes\/suno\/resources\/images\/spotlight\/spotlight1img\/bg-mask.png\" alt=\"Image Mask\"\/><img src=\"https:\/\/files.sunoresearch.com.br\/n\/uploads\/2022\/01\/Petrobras-400x200.jpg\" alt=\"Petrobras (PETR4) inicia fase vinculante para venda de direitos miner\u00e1rios\"\/><\/a><span class=\"spotlightCategory\"><a href=\"https:\/\/www.suno.com.br\/noticias\/negocios\/\">Neg\u00f3cios<\/a><\/span><\/div><div class=\"cardsPage__listCard__boxs__content\"><a href=\"https:\/\/www.suno.com.br\/noticias\/petrobras-fase-vinculante-venda-direitos-minerarios\/\"><h2 class=\"content__title\">Petrobras (PETR4) inicia fase vinculante para venda de direitos miner\u00e1rios<\/h2><\/a><div class=\"newsContent__article__meta\"><div class=\"newsContent__article__meta__authorBox\"><a href=\"https:\/\/www.suno.com.br\/noticias\/author\/beatriz-boyadjian\/\" class=\"authorBox__avatar noMobi\"><img src=\"https:\/\/secure.gravatar.com\/avatar\/4c3c59f4030e268f950437c4f36e38b7?s=96&#038;r=g\" alt=\"Beatriz Boyadjian\"><\/a><div class=\"authorBox__name\"><span>por\n\t\t\t<a href=\"https:\/\/www.suno.com.br\/noticias\/author\/beatriz-boyadjian\/\"><span itemprop=\"author\">Beatriz Boyadjian<\/span><\/a><\/span><time datetime=\"2022-10-01T15:34:25-03:00\" itemprop=\"datePublished\">01\/10\/2022 15:34<\/time><\/div><\/div><\/div><\/div><\/div>","single_layout":"posts","amp_enabled":true,"_links":{"self":[{"href":"https:\/\/www.suno.com.br\/noticias\/wp-json\/wp\/v2\/posts\/304070"}],"collection":[{"href":"https:\/\/www.suno.com.br\/noticias\/wp-json\/wp\/v2\/posts"}],"about":[{"href":"https:\/\/www.suno.com.br\/noticias\/wp-json\/wp\/v2\/types\/post"}],"author":[{"embeddable":true,"href":"https:\/\/www.suno.com.br\/noticias\/wp-json\/wp\/v2\/users\/70"}],"replies":[{"embeddable":true,"href":"https:\/\/www.suno.com.br\/noticias\/wp-json\/wp\/v2\/comments?post=304070"}],"version-history":[{"count":3,"href":"https:\/\/www.suno.com.br\/noticias\/wp-json\/wp\/v2\/posts\/304070\/revisions"}],"predecessor-version":[{"id":304088,"href":"https:\/\/www.suno.com.br\/noticias\/wp-json\/wp\/v2\/posts\/304070\/revisions\/304088"}],"wp:featuredmedia":[{"embeddable":true,"href":"https:\/\/www.suno.com.br\/noticias\/wp-json\/wp\/v2\/media\/227173"}],"wp:attachment":[{"href":"https:\/\/www.suno.com.br\/noticias\/wp-json\/wp\/v2\/media?parent=304070"}],"wp:term":[{"taxonomy":"category","embeddable":true,"href":"https:\/\/www.suno.com.br\/noticias\/wp-json\/wp\/v2\/categories?post=304070"},{"taxonomy":"post_tag","embeddable":true,"href":"https:\/\/www.suno.com.br\/noticias\/wp-json\/wp\/v2\/tags?post=304070"},{"taxonomy":"suno_strategy","embeddable":true,"href":"https:\/\/www.suno.com.br\/noticias\/wp-json\/wp\/v2\/suno_strategy?post=304070"}],"curies":[{"name":"wp","href":"https:\/\/api.w.org\/{rel}","templated":true}]}}