{"id":304039,"date":"2022-10-01T14:35:16","date_gmt":"2022-10-01T17:35:16","guid":{"rendered":"https:\/\/www.suno.com.br\/noticias\/?p=304039"},"modified":"2022-10-01T15:18:27","modified_gmt":"2022-10-01T18:18:27","slug":"eleicoes-dez-capitais-passe-livre-transporte-publico","status":"publish","type":"post","link":"https:\/\/www.suno.com.br\/noticias\/eleicoes-dez-capitais-passe-livre-transporte-publico\/","title":{"rendered":"Elei\u00e7\u00f5es: Pelo menos dez capitais ter\u00e3o passe livre no transporte p\u00fablico"},"content":{"rendered":"<p>Pelo menos dez capitais ter\u00e3o gratuidade no <strong>transporte p\u00fablico<\/strong> coletivo neste domingo (2) para permitir o deslocamento de eleitores no dia da vota\u00e7\u00e3o do primeiro turno das <strong>elei\u00e7\u00f5es<\/strong>. A catraca estar\u00e1 liberada para quem mora em Boa Vista (RR), Campo Grande (MS), Curitiba (PR), Fortaleza (CE), Macei\u00f3 (AL), Manaus (AM), Porto Alegre (RS), Rio de Janeiro (RJ), Salvador (BA) e S\u00e3o Lu\u00eds (MA).<\/p>\t<div class=\"wrapper-featured-image\">\n\t\t<figure class=\"spotlightImg\">\n\n\t\t\t<picture>\n\t\t\t\t<source media=\"(max-width: 768px)\" srcset=\"https:\/\/files.sunoresearch.com.br\/n\/uploads\/2018\/10\/cbc85a40-lei-eleitoral-400x200.webp\">\n\t\t\t\t<img loading=\"lazy\" decoding=\"async\" class=\"newsContent__article__imgCapa lazyloadDisabled \" src=\"https:\/\/files.sunoresearch.com.br\/n\/uploads\/2018\/10\/cbc85a40-lei-eleitoral-800x450.webp\" width=\"800\" height=\"450\" alt=\"Elei\u00e7\u00f5es: Pelo menos dez capitais ter\u00e3o passe livre no transporte p\u00fablico\" fetchpriority=high \/>\n\t\t\t<\/picture>\n\n\t\t\t<figcaption class=\"wp-caption-text wp-caption-text--show\">Urna eletr\u00f4nica. Foto: Ag\u00eancia Brasil.<\/figcaption>\n\t\t<\/figure>\n\t<\/div>\n\n\n\t<p>\n\t\t<a href=\"\" target=\"_blank\" data-element=\"shortcode-suno-banner\" title=\"Banner SUNO, clique e saiba mais\">\n\t\t\t<picture>\n\t\t\t\t<source media=\"(max-width: 500px)\" srcset=\"\">\n\t\t\t\t<img class=\"newsContent__article__imgCapa newsContent__article__imgCapa--banner\"\n\t\t\t\t\tsrc=\"\"\n\t\t\t\t\tdata-promo-id=\"264348\"\t\t\t\t\t\t\t\t\t\t\t\t\t\t\talt=\"\"\n\t\t\t\t>\n\t\t\t<\/picture>\n\t\t<\/a>\n\t<\/p>\n\n\n<p>Em Natal (RN), os eleitores ter\u00e3o o benef\u00edcio de uma tarifa social e, em Rio Branco (AC), o passe livre est\u00e1 garantido no retorno com a apresenta\u00e7\u00e3o do comprovante de vota\u00e7\u00e3o.<img decoding=\"async\" style=\"width: 1px; height: 1px;\" src=\"https:\/\/agenciabrasil.ebc.com.br\/ebc.png?id=1485383&amp;o=rss\" \/><img decoding=\"async\" style=\"width: 1px; height: 1px;\" src=\"https:\/\/agenciabrasil.ebc.com.br\/ebc.gif?id=1485383&amp;o=rss\" \/><\/p>\n<p>Em Porto Alegre, a prefeitura havia publicado um decreto no ano passado cancelando a gratuidade no dia de elei\u00e7\u00e3o, uma medida que era adotada desde 1995. A altera\u00e7\u00e3o, segundo a Secretaria de Mobilidade Urbana, ocorreu porque as pessoas j\u00e1 moram perto do lugar de vota\u00e7\u00e3o.<\/p>\n<p>Ap\u00f3s o caso ganhar repercuss\u00e3o, o munic\u00edpio assinou um termo de ajustamento de conduta com o Minist\u00e9rio P\u00fablico do Rio Grande do Sul para garantir o direito a quem n\u00e3o tem condi\u00e7\u00f5es de pagar a passagem, das 7h \u00e0s 19h. A pessoa deve apresentar um documento com foto, informar que est\u00e1 indo votar e que n\u00e3o pode arcar com os custos da tarifa.<\/p>\n\t<div data-element=\"shortcode-read-more\" class=\"knowMore\">\n\t\t\t\t<span class=\"knowMore__title\">Leia mais<\/span>\n\t\t\t\t<a class=\"knowMore__link\" href=\"https:\/\/www.suno.com.br\/noticias\/eleicoes-2022-saiba-o-que-preciso-levar-votar\/\">\n\t\t\tElei\u00e7\u00f5es 2022: saiba o que \u00e9 preciso levar para votar neste domingo\t\t<\/a>\n\t<\/div>\n\n\n\t<p>\n\t\t<a href=\"\" target=\"_blank\" data-element=\"shortcode-suno-banner\" title=\"Banner SUNO, clique e saiba mais\">\n\t\t\t<picture>\n\t\t\t\t<source media=\"(max-width: 500px)\" srcset=\"\">\n\t\t\t\t<img class=\"newsContent__article__imgCapa newsContent__article__imgCapa--banner\"\n\t\t\t\t\tsrc=\"\"\n\t\t\t\t\tdata-promo-id=\"77035\"\t\t\t\t\t\t\t\t\t\t\t\t\t\t\talt=\"\"\n\t\t\t\t>\n\t\t\t<\/picture>\n\t\t<\/a>\n\t<\/p>\n\n\n<h2>Elei\u00e7\u00f5es 2022: como fica o transporte p\u00fablico em S\u00e3o Paulo<\/h2>\n<p>Na capital paulista, a <strong>frota de \u00f4nibus ser\u00e1 refor\u00e7ada no dia das elei\u00e7\u00f5es<\/strong>, com cerca de 2 mil ve\u00edculos e capacidade equivalente \u00e0 dos s\u00e1bados. As cinco linhas operadas pela Companhia Paulista de Trens Metropolitanos (CPTM) funcionar\u00e3o com intervalos m\u00e9dios de dez minutos, mas poder\u00e3o ser refor\u00e7ados de acordo com a demanda.<\/p>\n<p>O mesmo ocorre com a opera\u00e7\u00e3o das Linhas 4-Quatro, 5-Lil\u00e1s, 8-Diamante e 9-Esmeralda, controladas pela ViaMobilidade e ViaQuatro. <strong>No Metr\u00f4, as linhas funcionar\u00e3o normalmente <\/strong>no domingo de elei\u00e7\u00f5es, das 4h40 \u00e0 meia-noite. As frotas programadas para atender os passageiros ser\u00e3o as mesmas utilizadas aos s\u00e1bados e domingos comuns, com trens reservas podendo entrar em opera\u00e7\u00e3o.<\/p>\n<p>As demais capitais n\u00e3o responderam a solicita\u00e7\u00e3o de informa\u00e7\u00e3o da Ag\u00eancia Brasil sobre o <strong>transporte p\u00fablico nas<\/strong> <strong>elei\u00e7\u00f5es.<\/strong><\/p>\n<p class=\"newsProviderSignature\">Com Ag\u00eancia Brasil<\/p>\n\t<p>\n\t\t<a href=\"https:\/\/lp.suno.com.br\/ebook-como-analisar-uma-acao\/\" target=\"_blank\" data-element=\"shortcode-suno-banner\" title=\"Banner SUNO, clique e saiba mais\">\n\t\t\t<picture>\n\t\t\t\t<source media=\"(max-width: 500px)\" srcset=\"https:\/\/files.sunoresearch.com.br\/n\/uploads\/2023\/03\/Ebook-Acoes-Mobile-1.jpg\">\n\t\t\t\t<img class=\"newsContent__article__imgCapa newsContent__article__imgCapa--banner\"\n\t\t\t\t\tsrc=\"https:\/\/files.sunoresearch.com.br\/n\/uploads\/2023\/03\/Ebook-Acoes-Desktop-1.jpg\"\n\t\t\t\t\tdata-promo-id=\"171998\"\t\t\t\t\t\t\t\t\t\twidth='1420' height='286'\t\t\t\t\talt=\"https:\/\/files.sunoresearch.com.br\/n\/uploads\/2023\/03\/Ebook-Acoes-Desktop-1.jpg\"\n\t\t\t\t>\n\t\t\t<\/picture>\n\t\t<\/a>\n\t<\/p>\n\n\n","protected":false},"excerpt":{"rendered":"<p>Pelo menos dez capitais ter\u00e3o gratuidade no transporte p\u00fablico coletivo neste domingo (2) para permitir o deslocamento de eleitores no dia da vota\u00e7\u00e3o do primeiro turno das elei\u00e7\u00f5es. A catraca estar\u00e1 liberada para quem mora em Boa Vista (RR), Campo Grande (MS), Curitiba (PR), Fortaleza (CE), Macei\u00f3 (AL), Manaus (AM), Porto Alegre (RS), Rio de [&hellip;]<\/p>\n","protected":false},"author":70,"featured_media":4926,"comment_status":"closed","ping_status":"closed","sticky":false,"template":"","format":"standard","meta":[],"categories":[61],"tags":[697],"suno_strategy":[],"class_list":["post-304039","post","type-post","status-publish","format-standard","has-post-thumbnail","hentry","category-politica","tag-eleicoes"],"yoast_head":"<!-- This site is optimized with the Yoast SEO plugin v24.4 - https:\/\/yoast.com\/wordpress\/plugins\/seo\/ -->\n<title>Elei\u00e7\u00f5es: Pelo menos dez capitais ter\u00e3o passe livre no transporte p\u00fablico<\/title>\n<meta name=\"description\" content=\"Pelo menos 10 capitais ter\u00e3o transporte p\u00fablico gratuito para permitir o deslocamento de eleitores no dia do primeiro turno das elei\u00e7\u00f5es.\" \/>\n<meta name=\"robots\" content=\"index, follow, max-snippet:-1, max-image-preview:large, max-video-preview:-1\" \/>\n<link rel=\"canonical\" href=\"https:\/\/www.suno.com.br\/noticias\/eleicoes-dez-capitais-passe-livre-transporte-publico\/\" \/>\n<meta property=\"og:locale\" content=\"pt_BR\" \/>\n<meta property=\"og:type\" content=\"article\" \/>\n<meta property=\"og:title\" content=\"Elei\u00e7\u00f5es: Pelo menos dez capitais ter\u00e3o passe livre no transporte p\u00fablico\" \/>\n<meta property=\"og:description\" content=\"Pelo menos 10 capitais ter\u00e3o transporte p\u00fablico gratuito para permitir o deslocamento de eleitores no dia do primeiro turno das elei\u00e7\u00f5es.\" \/>\n<meta property=\"og:url\" content=\"https:\/\/www.suno.com.br\/noticias\/eleicoes-dez-capitais-passe-livre-transporte-publico\/\" \/>\n<meta property=\"og:site_name\" content=\"Suno Not\u00edcias\" \/>\n<meta property=\"article:publisher\" content=\"https:\/\/facebook.com\/sunoresearch\" \/>\n<meta property=\"og:image\" content=\"https:\/\/files.sunoresearch.com.br\/n\/uploads\/2018\/10\/cbc85a40-lei-eleitoral.jpg\" \/>\n\t<meta property=\"og:image:width\" content=\"3888\" \/>\n\t<meta property=\"og:image:height\" content=\"2592\" \/>\n\t<meta property=\"og:image:type\" content=\"image\/jpeg\" \/>\n<meta name=\"author\" content=\"Beatriz Boyadjian\" \/>\n<meta name=\"twitter:card\" content=\"summary_large_image\" \/>\n<meta name=\"twitter:creator\" content=\"@sunoresearch\" \/>\n<meta name=\"twitter:site\" content=\"@sunoresearch\" \/>\n<meta name=\"twitter:label1\" content=\"Escrito por\" \/>\n\t<meta name=\"twitter:data1\" content=\"Beatriz Boyadjian\" \/>\n\t<meta name=\"twitter:label2\" content=\"Est. tempo de leitura\" \/>\n\t<meta name=\"twitter:data2\" content=\"3 minutos\" \/>\n<script type=\"application\/ld+json\" class=\"yoast-schema-graph\">{\"@context\":\"https:\/\/schema.org\",\"@graph\":[{\"@type\":\"NewsArticle\",\"@id\":\"https:\/\/www.suno.com.br\/noticias\/eleicoes-dez-capitais-passe-livre-transporte-publico\/#article\",\"isPartOf\":{\"@id\":\"https:\/\/www.suno.com.br\/noticias\/eleicoes-dez-capitais-passe-livre-transporte-publico\/\"},\"author\":{\"name\":\"Beatriz Boyadjian\",\"@id\":\"https:\/\/www.suno.com.br\/noticias\/#\/schema\/person\/c9d40f227e4ffee8114b1299c28902b0\"},\"headline\":\"Elei\u00e7\u00f5es: Pelo menos dez capitais ter\u00e3o passe livre no transporte p\u00fablico\",\"datePublished\":\"2022-10-01T17:35:16+00:00\",\"dateModified\":\"2022-10-01T18:18:27+00:00\",\"mainEntityOfPage\":{\"@id\":\"https:\/\/www.suno.com.br\/noticias\/eleicoes-dez-capitais-passe-livre-transporte-publico\/\"},\"wordCount\":410,\"publisher\":{\"@id\":\"https:\/\/www.suno.com.br\/noticias\/#organization\"},\"image\":{\"@id\":\"https:\/\/www.suno.com.br\/noticias\/eleicoes-dez-capitais-passe-livre-transporte-publico\/#primaryimage\"},\"thumbnailUrl\":\"https:\/\/files.sunoresearch.com.br\/n\/uploads\/2018\/10\/cbc85a40-lei-eleitoral-scaled.webp\",\"keywords\":[\"Elei\u00e7\u00f5es\"],\"articleSection\":[\"Pol\u00edtica\"],\"inLanguage\":\"pt-BR\"},{\"@type\":\"WebPage\",\"@id\":\"https:\/\/www.suno.com.br\/noticias\/eleicoes-dez-capitais-passe-livre-transporte-publico\/\",\"url\":\"https:\/\/www.suno.com.br\/noticias\/eleicoes-dez-capitais-passe-livre-transporte-publico\/\",\"name\":\"Elei\u00e7\u00f5es: Pelo menos dez capitais ter\u00e3o passe livre no transporte p\u00fablico\",\"isPartOf\":{\"@id\":\"https:\/\/www.suno.com.br\/noticias\/#website\"},\"primaryImageOfPage\":{\"@id\":\"https:\/\/www.suno.com.br\/noticias\/eleicoes-dez-capitais-passe-livre-transporte-publico\/#primaryimage\"},\"image\":{\"@id\":\"https:\/\/www.suno.com.br\/noticias\/eleicoes-dez-capitais-passe-livre-transporte-publico\/#primaryimage\"},\"thumbnailUrl\":\"https:\/\/files.sunoresearch.com.br\/n\/uploads\/2018\/10\/cbc85a40-lei-eleitoral-scaled.webp\",\"datePublished\":\"2022-10-01T17:35:16+00:00\",\"dateModified\":\"2022-10-01T18:18:27+00:00\",\"description\":\"Pelo menos 10 capitais ter\u00e3o transporte p\u00fablico gratuito para permitir o deslocamento de eleitores no dia do primeiro turno das elei\u00e7\u00f5es.\",\"breadcrumb\":{\"@id\":\"https:\/\/www.suno.com.br\/noticias\/eleicoes-dez-capitais-passe-livre-transporte-publico\/#breadcrumb\"},\"inLanguage\":\"pt-BR\",\"potentialAction\":[{\"@type\":\"ReadAction\",\"target\":[\"https:\/\/www.suno.com.br\/noticias\/eleicoes-dez-capitais-passe-livre-transporte-publico\/\"]}]},{\"@type\":\"ImageObject\",\"inLanguage\":\"pt-BR\",\"@id\":\"https:\/\/www.suno.com.br\/noticias\/eleicoes-dez-capitais-passe-livre-transporte-publico\/#primaryimage\",\"url\":\"https:\/\/files.sunoresearch.com.br\/n\/uploads\/2018\/10\/cbc85a40-lei-eleitoral-scaled.webp\",\"contentUrl\":\"https:\/\/files.sunoresearch.com.br\/n\/uploads\/2018\/10\/cbc85a40-lei-eleitoral-scaled.webp\",\"width\":2560,\"height\":1707,\"caption\":\"Urna eletr\u00f4nica. Foto: Ag\u00eancia Brasil.\"},{\"@type\":\"BreadcrumbList\",\"@id\":\"https:\/\/www.suno.com.br\/noticias\/eleicoes-dez-capitais-passe-livre-transporte-publico\/#breadcrumb\",\"itemListElement\":[{\"@type\":\"ListItem\",\"position\":1,\"name\":\"Not\u00edcias\",\"item\":\"https:\/\/www.suno.com.br\/noticias\/\"},{\"@type\":\"ListItem\",\"position\":2,\"name\":\"Pol\u00edtica\",\"item\":\"https:\/\/www.suno.com.br\/noticias\/politica\/\"},{\"@type\":\"ListItem\",\"position\":3,\"name\":\"Elei\u00e7\u00f5es: Pelo menos dez capitais ter\u00e3o passe livre no transporte p\u00fablico\"}]},{\"@type\":\"WebSite\",\"@id\":\"https:\/\/www.suno.com.br\/noticias\/#website\",\"url\":\"https:\/\/www.suno.com.br\/noticias\/\",\"name\":\"Suno Not\u00edcias\",\"description\":\"Seu portal de informa\u00e7\u00e3o sobre o mundo dos investimentos\",\"publisher\":{\"@id\":\"https:\/\/www.suno.com.br\/noticias\/#organization\"},\"potentialAction\":[{\"@type\":\"SearchAction\",\"target\":{\"@type\":\"EntryPoint\",\"urlTemplate\":\"https:\/\/www.suno.com.br\/noticias\/?s={search_term_string}\"},\"query-input\":{\"@type\":\"PropertyValueSpecification\",\"valueRequired\":true,\"valueName\":\"search_term_string\"}}],\"inLanguage\":\"pt-BR\"},{\"@type\":\"Organization\",\"@id\":\"https:\/\/www.suno.com.br\/noticias\/#organization\",\"name\":\"Suno Not\u00edcias\",\"url\":\"https:\/\/www.suno.com.br\/noticias\/\",\"logo\":{\"@type\":\"ImageObject\",\"inLanguage\":\"pt-BR\",\"@id\":\"https:\/\/www.suno.com.br\/noticias\/#\/schema\/logo\/image\/\",\"url\":\"https:\/\/files.sunoresearch.com.br\/n\/uploads\/2021\/09\/suno-logo.png\",\"contentUrl\":\"https:\/\/files.sunoresearch.com.br\/n\/uploads\/2021\/09\/suno-logo.png\",\"width\":180,\"height\":180,\"caption\":\"Suno Not\u00edcias\"},\"image\":{\"@id\":\"https:\/\/www.suno.com.br\/noticias\/#\/schema\/logo\/image\/\"},\"sameAs\":[\"https:\/\/facebook.com\/sunoresearch\",\"https:\/\/x.com\/sunoresearch\",\"https:\/\/www.instagram.com\/suno\",\"https:\/\/www.linkedin.com\/company\/suno-research\/\",\"https:\/\/www.youtube.com\/c\/sunoresearch\"]},{\"@type\":\"Person\",\"@id\":\"https:\/\/www.suno.com.br\/noticias\/#\/schema\/person\/c9d40f227e4ffee8114b1299c28902b0\",\"name\":\"Beatriz Boyadjian\",\"image\":{\"@type\":\"ImageObject\",\"inLanguage\":\"pt-BR\",\"@id\":\"https:\/\/www.suno.com.br\/noticias\/#\/schema\/person\/image\/\",\"url\":\"https:\/\/secure.gravatar.com\/avatar\/4c3c59f4030e268f950437c4f36e38b7?s=96&r=g\",\"contentUrl\":\"https:\/\/secure.gravatar.com\/avatar\/4c3c59f4030e268f950437c4f36e38b7?s=96&r=g\",\"caption\":\"Beatriz Boyadjian\"},\"description\":\"Rep\u00f3rter multim\u00eddia no Suno Not\u00edcias. Jornalista formada pela Faculdade C\u00e1sper L\u00edbero, foi rep\u00f3rter da Forbes Brasil e atuou na cobertura de hard news, economia, neg\u00f3cios e lifestyle. Gerenciou as redes sociais da edi\u00e7\u00e3o brasileira da tradicional revista de neg\u00f3cios. Na M\u00e1quina Cohn&amp;Wolfe, atuou como rela\u00e7\u00f5es p\u00fablicas de clientes do N\u00facleo de Sa\u00fade da empresa. Produziu releases, notas, relat\u00f3rios, entre outros, para empresas como Biomm, Hypera, FIDI. Anteriormente, respons\u00e1vel pelas redes sociais do Suno Not\u00edcias.\",\"sameAs\":[\"https:\/\/www.linkedin.com\/in\/beatriz-boyadjian\/\"],\"url\":\"https:\/\/www.suno.com.br\/noticias\/author\/beatriz-boyadjian\/\"}]}<\/script>\n<!-- \/ Yoast SEO plugin. -->","yoast_head_json":{"title":"Elei\u00e7\u00f5es: Pelo menos dez capitais ter\u00e3o passe livre no transporte p\u00fablico","description":"Pelo menos 10 capitais ter\u00e3o transporte p\u00fablico gratuito para permitir o deslocamento de eleitores no dia do primeiro turno das elei\u00e7\u00f5es.","robots":{"index":"index","follow":"follow","max-snippet":"max-snippet:-1","max-image-preview":"max-image-preview:large","max-video-preview":"max-video-preview:-1"},"canonical":"https:\/\/www.suno.com.br\/noticias\/eleicoes-dez-capitais-passe-livre-transporte-publico\/","og_locale":"pt_BR","og_type":"article","og_title":"Elei\u00e7\u00f5es: Pelo menos dez capitais ter\u00e3o passe livre no transporte p\u00fablico","og_description":"Pelo menos 10 capitais ter\u00e3o transporte p\u00fablico gratuito para permitir o deslocamento de eleitores no dia do primeiro turno das elei\u00e7\u00f5es.","og_url":"https:\/\/www.suno.com.br\/noticias\/eleicoes-dez-capitais-passe-livre-transporte-publico\/","og_site_name":"Suno Not\u00edcias","article_publisher":"https:\/\/facebook.com\/sunoresearch","og_image":[{"width":3888,"height":2592,"url":"https:\/\/files.sunoresearch.com.br\/n\/uploads\/2018\/10\/cbc85a40-lei-eleitoral.jpg","type":"image\/jpeg"}],"author":"Beatriz Boyadjian","twitter_card":"summary_large_image","twitter_creator":"@sunoresearch","twitter_site":"@sunoresearch","twitter_misc":{"Escrito por":"Beatriz Boyadjian","Est. tempo de leitura":"3 minutos"},"schema":{"@context":"https:\/\/schema.org","@graph":[{"@type":"NewsArticle","@id":"https:\/\/www.suno.com.br\/noticias\/eleicoes-dez-capitais-passe-livre-transporte-publico\/#article","isPartOf":{"@id":"https:\/\/www.suno.com.br\/noticias\/eleicoes-dez-capitais-passe-livre-transporte-publico\/"},"author":{"name":"Beatriz Boyadjian","@id":"https:\/\/www.suno.com.br\/noticias\/#\/schema\/person\/c9d40f227e4ffee8114b1299c28902b0"},"headline":"Elei\u00e7\u00f5es: Pelo menos dez capitais ter\u00e3o passe livre no transporte p\u00fablico","datePublished":"2022-10-01T17:35:16+00:00","dateModified":"2022-10-01T18:18:27+00:00","mainEntityOfPage":{"@id":"https:\/\/www.suno.com.br\/noticias\/eleicoes-dez-capitais-passe-livre-transporte-publico\/"},"wordCount":410,"publisher":{"@id":"https:\/\/www.suno.com.br\/noticias\/#organization"},"image":{"@id":"https:\/\/www.suno.com.br\/noticias\/eleicoes-dez-capitais-passe-livre-transporte-publico\/#primaryimage"},"thumbnailUrl":"https:\/\/files.sunoresearch.com.br\/n\/uploads\/2018\/10\/cbc85a40-lei-eleitoral-scaled.webp","keywords":["Elei\u00e7\u00f5es"],"articleSection":["Pol\u00edtica"],"inLanguage":"pt-BR"},{"@type":"WebPage","@id":"https:\/\/www.suno.com.br\/noticias\/eleicoes-dez-capitais-passe-livre-transporte-publico\/","url":"https:\/\/www.suno.com.br\/noticias\/eleicoes-dez-capitais-passe-livre-transporte-publico\/","name":"Elei\u00e7\u00f5es: Pelo menos dez capitais ter\u00e3o passe livre no transporte p\u00fablico","isPartOf":{"@id":"https:\/\/www.suno.com.br\/noticias\/#website"},"primaryImageOfPage":{"@id":"https:\/\/www.suno.com.br\/noticias\/eleicoes-dez-capitais-passe-livre-transporte-publico\/#primaryimage"},"image":{"@id":"https:\/\/www.suno.com.br\/noticias\/eleicoes-dez-capitais-passe-livre-transporte-publico\/#primaryimage"},"thumbnailUrl":"https:\/\/files.sunoresearch.com.br\/n\/uploads\/2018\/10\/cbc85a40-lei-eleitoral-scaled.webp","datePublished":"2022-10-01T17:35:16+00:00","dateModified":"2022-10-01T18:18:27+00:00","description":"Pelo menos 10 capitais ter\u00e3o transporte p\u00fablico gratuito para permitir o deslocamento de eleitores no dia do primeiro turno das elei\u00e7\u00f5es.","breadcrumb":{"@id":"https:\/\/www.suno.com.br\/noticias\/eleicoes-dez-capitais-passe-livre-transporte-publico\/#breadcrumb"},"inLanguage":"pt-BR","potentialAction":[{"@type":"ReadAction","target":["https:\/\/www.suno.com.br\/noticias\/eleicoes-dez-capitais-passe-livre-transporte-publico\/"]}]},{"@type":"ImageObject","inLanguage":"pt-BR","@id":"https:\/\/www.suno.com.br\/noticias\/eleicoes-dez-capitais-passe-livre-transporte-publico\/#primaryimage","url":"https:\/\/files.sunoresearch.com.br\/n\/uploads\/2018\/10\/cbc85a40-lei-eleitoral-scaled.webp","contentUrl":"https:\/\/files.sunoresearch.com.br\/n\/uploads\/2018\/10\/cbc85a40-lei-eleitoral-scaled.webp","width":2560,"height":1707,"caption":"Urna eletr\u00f4nica. Foto: Ag\u00eancia Brasil."},{"@type":"BreadcrumbList","@id":"https:\/\/www.suno.com.br\/noticias\/eleicoes-dez-capitais-passe-livre-transporte-publico\/#breadcrumb","itemListElement":[{"@type":"ListItem","position":1,"name":"Not\u00edcias","item":"https:\/\/www.suno.com.br\/noticias\/"},{"@type":"ListItem","position":2,"name":"Pol\u00edtica","item":"https:\/\/www.suno.com.br\/noticias\/politica\/"},{"@type":"ListItem","position":3,"name":"Elei\u00e7\u00f5es: Pelo menos dez capitais ter\u00e3o passe livre no transporte p\u00fablico"}]},{"@type":"WebSite","@id":"https:\/\/www.suno.com.br\/noticias\/#website","url":"https:\/\/www.suno.com.br\/noticias\/","name":"Suno Not\u00edcias","description":"Seu portal de informa\u00e7\u00e3o sobre o mundo dos investimentos","publisher":{"@id":"https:\/\/www.suno.com.br\/noticias\/#organization"},"potentialAction":[{"@type":"SearchAction","target":{"@type":"EntryPoint","urlTemplate":"https:\/\/www.suno.com.br\/noticias\/?s={search_term_string}"},"query-input":{"@type":"PropertyValueSpecification","valueRequired":true,"valueName":"search_term_string"}}],"inLanguage":"pt-BR"},{"@type":"Organization","@id":"https:\/\/www.suno.com.br\/noticias\/#organization","name":"Suno Not\u00edcias","url":"https:\/\/www.suno.com.br\/noticias\/","logo":{"@type":"ImageObject","inLanguage":"pt-BR","@id":"https:\/\/www.suno.com.br\/noticias\/#\/schema\/logo\/image\/","url":"https:\/\/files.sunoresearch.com.br\/n\/uploads\/2021\/09\/suno-logo.png","contentUrl":"https:\/\/files.sunoresearch.com.br\/n\/uploads\/2021\/09\/suno-logo.png","width":180,"height":180,"caption":"Suno Not\u00edcias"},"image":{"@id":"https:\/\/www.suno.com.br\/noticias\/#\/schema\/logo\/image\/"},"sameAs":["https:\/\/facebook.com\/sunoresearch","https:\/\/x.com\/sunoresearch","https:\/\/www.instagram.com\/suno","https:\/\/www.linkedin.com\/company\/suno-research\/","https:\/\/www.youtube.com\/c\/sunoresearch"]},{"@type":"Person","@id":"https:\/\/www.suno.com.br\/noticias\/#\/schema\/person\/c9d40f227e4ffee8114b1299c28902b0","name":"Beatriz Boyadjian","image":{"@type":"ImageObject","inLanguage":"pt-BR","@id":"https:\/\/www.suno.com.br\/noticias\/#\/schema\/person\/image\/","url":"https:\/\/secure.gravatar.com\/avatar\/4c3c59f4030e268f950437c4f36e38b7?s=96&r=g","contentUrl":"https:\/\/secure.gravatar.com\/avatar\/4c3c59f4030e268f950437c4f36e38b7?s=96&r=g","caption":"Beatriz Boyadjian"},"description":"Rep\u00f3rter multim\u00eddia no Suno Not\u00edcias. Jornalista formada pela Faculdade C\u00e1sper L\u00edbero, foi rep\u00f3rter da Forbes Brasil e atuou na cobertura de hard news, economia, neg\u00f3cios e lifestyle. Gerenciou as redes sociais da edi\u00e7\u00e3o brasileira da tradicional revista de neg\u00f3cios. Na M\u00e1quina Cohn&amp;Wolfe, atuou como rela\u00e7\u00f5es p\u00fablicas de clientes do N\u00facleo de Sa\u00fade da empresa. Produziu releases, notas, relat\u00f3rios, entre outros, para empresas como Biomm, Hypera, FIDI. Anteriormente, respons\u00e1vel pelas redes sociais do Suno Not\u00edcias.","sameAs":["https:\/\/www.linkedin.com\/in\/beatriz-boyadjian\/"],"url":"https:\/\/www.suno.com.br\/noticias\/author\/beatriz-boyadjian\/"}]}},"default_loop_html":"<div class=\"cardsPage__listCard__boxs\"><div class=\"cardsPage__listCard__boxs__img\"><a href=\"https:\/\/www.suno.com.br\/noticias\/eleicoes-dez-capitais-passe-livre-transporte-publico\/\"><img class=\"mask\" src=\"https:\/\/www.suno.com.br\/noticias\/wp-content\/themes\/suno\/resources\/images\/spotlight\/spotlight1img\/bg-mask.png\" alt=\"Image Mask\"\/><img src=\"https:\/\/files.sunoresearch.com.br\/n\/uploads\/2018\/10\/cbc85a40-lei-eleitoral-400x200.webp\" alt=\"Elei\u00e7\u00f5es: Pelo menos dez capitais ter\u00e3o passe livre no transporte p\u00fablico\"\/><\/a><span class=\"spotlightCategory\"><a href=\"https:\/\/www.suno.com.br\/noticias\/politica\/\">Pol\u00edtica<\/a><\/span><\/div><div class=\"cardsPage__listCard__boxs__content\"><a href=\"https:\/\/www.suno.com.br\/noticias\/eleicoes-dez-capitais-passe-livre-transporte-publico\/\"><h2 class=\"content__title\">Elei\u00e7\u00f5es: Pelo menos dez capitais ter\u00e3o passe livre no transporte p\u00fablico<\/h2><\/a><div class=\"newsContent__article__meta\"><div class=\"newsContent__article__meta__authorBox\"><a href=\"https:\/\/www.suno.com.br\/noticias\/author\/beatriz-boyadjian\/\" class=\"authorBox__avatar noMobi\"><img src=\"https:\/\/secure.gravatar.com\/avatar\/4c3c59f4030e268f950437c4f36e38b7?s=96&#038;r=g\" alt=\"Beatriz Boyadjian\"><\/a><div class=\"authorBox__name\"><span>por\n\t\t\t<a href=\"https:\/\/www.suno.com.br\/noticias\/author\/beatriz-boyadjian\/\"><span itemprop=\"author\">Beatriz Boyadjian<\/span><\/a><\/span><time datetime=\"2022-10-01T14:35:16-03:00\" itemprop=\"datePublished\">01\/10\/2022 14:35<\/time><\/div><\/div><\/div><\/div><\/div>","single_layout":"posts","amp_enabled":true,"_links":{"self":[{"href":"https:\/\/www.suno.com.br\/noticias\/wp-json\/wp\/v2\/posts\/304039"}],"collection":[{"href":"https:\/\/www.suno.com.br\/noticias\/wp-json\/wp\/v2\/posts"}],"about":[{"href":"https:\/\/www.suno.com.br\/noticias\/wp-json\/wp\/v2\/types\/post"}],"author":[{"embeddable":true,"href":"https:\/\/www.suno.com.br\/noticias\/wp-json\/wp\/v2\/users\/70"}],"replies":[{"embeddable":true,"href":"https:\/\/www.suno.com.br\/noticias\/wp-json\/wp\/v2\/comments?post=304039"}],"version-history":[{"count":2,"href":"https:\/\/www.suno.com.br\/noticias\/wp-json\/wp\/v2\/posts\/304039\/revisions"}],"predecessor-version":[{"id":304058,"href":"https:\/\/www.suno.com.br\/noticias\/wp-json\/wp\/v2\/posts\/304039\/revisions\/304058"}],"wp:featuredmedia":[{"embeddable":true,"href":"https:\/\/www.suno.com.br\/noticias\/wp-json\/wp\/v2\/media\/4926"}],"wp:attachment":[{"href":"https:\/\/www.suno.com.br\/noticias\/wp-json\/wp\/v2\/media?parent=304039"}],"wp:term":[{"taxonomy":"category","embeddable":true,"href":"https:\/\/www.suno.com.br\/noticias\/wp-json\/wp\/v2\/categories?post=304039"},{"taxonomy":"post_tag","embeddable":true,"href":"https:\/\/www.suno.com.br\/noticias\/wp-json\/wp\/v2\/tags?post=304039"},{"taxonomy":"suno_strategy","embeddable":true,"href":"https:\/\/www.suno.com.br\/noticias\/wp-json\/wp\/v2\/suno_strategy?post=304039"}],"curies":[{"name":"wp","href":"https:\/\/api.w.org\/{rel}","templated":true}]}}