{"id":303930,"date":"2022-10-01T13:41:49","date_gmt":"2022-10-01T16:41:49","guid":{"rendered":"https:\/\/www.suno.com.br\/noticias\/?p=303930"},"modified":"2022-10-01T18:17:13","modified_gmt":"2022-10-01T21:17:13","slug":"eike-batista-concentrar-processo-falencia-mmx-rio","status":"publish","type":"post","link":"https:\/\/www.suno.com.br\/noticias\/eike-batista-concentrar-processo-falencia-mmx-rio\/","title":{"rendered":"Eike Batista quer concentrar o processo de fal\u00eancia da MMX no Rio"},"content":{"rendered":"<p>Na novela do processo de fal\u00eancia da MMX, mineradora de <strong><a class=\"suno-keyword\" href=\"https:\/\/www.suno.com.br\/tudo-sobre\/eike-batista\/\" target=\"_blank\" rel=\"noopener\" data-force=\"no\" data-priority=\"2\">Eike Batista<\/a><\/strong>, a disputa de interesses \u00e9 uma sucess\u00e3o de alinhamentos e realinhamentos. No in\u00edcio do m\u00eas, antes de uma decis\u00e3o do Superior Tribunal de Justi\u00e7a (STJ) congelar tudo, Batista e os credores estavam do mesmo lado. Agora, divergem. As informa\u00e7\u00f5es s\u00e3o do jornal O Estado de S. Paulo.<\/p>\t<div class=\"wrapper-featured-image\">\n\t\t<figure class=\"spotlightImg\">\n\n\t\t\t<picture>\n\t\t\t\t<source media=\"(max-width: 768px)\" srcset=\"https:\/\/files.sunoresearch.com.br\/n\/uploads\/2022\/08\/Eike-Batista-400x200.jpg\">\n\t\t\t\t<img loading=\"lazy\" decoding=\"async\" class=\"newsContent__article__imgCapa lazyloadDisabled \" src=\"https:\/\/files.sunoresearch.com.br\/n\/uploads\/2022\/08\/Eike-Batista-800x450.jpg\" width=\"800\" height=\"450\" alt=\"Eike Batista quer concentrar o processo de fal\u00eancia da MMX no Rio\" fetchpriority=high \/>\n\t\t\t<\/picture>\n\n\t\t\t<figcaption class=\"wp-caption-text wp-caption-text--show\">Eike Batista. Foto: Vin\u00edcius Loures\/C\u00e2mara dos Deputados<\/figcaption>\n\t\t<\/figure>\n\t<\/div>\n\n\n\t<p>\n\t\t<a href=\"\" target=\"_blank\" data-element=\"shortcode-suno-banner\" title=\"Banner SUNO, clique e saiba mais\">\n\t\t\t<picture>\n\t\t\t\t<source media=\"(max-width: 500px)\" srcset=\"\">\n\t\t\t\t<img class=\"newsContent__article__imgCapa newsContent__article__imgCapa--banner\"\n\t\t\t\t\tsrc=\"\"\n\t\t\t\t\tdata-promo-id=\"89005\"\t\t\t\t\t\t\t\t\t\t\t\t\t\t\talt=\"\"\n\t\t\t\t>\n\t\t\t<\/picture>\n\t\t<\/a>\n\t<\/p>\n\n\n<p>Credores e o administrador judicial do <strong>processo de fal\u00eancia da MMX<\/strong> que corre no Tribunal de Justi\u00e7a de Minas Gerais (TJ-MG) defendem a perman\u00eancia do caso na comarca mineira. J\u00e1 Eike Batista e seu filho Thor Batista, envolvido no processo, preferem o Tribunal de Justi\u00e7a do Rio (TJ-RJ). Em conversa que teve com o administrador judicial de Minas Bernardo Bicalho, Thor afirma que no Rio poderia ser revertida a decis\u00e3o de bloquear os bens pessoais dele e de seu pai.<\/p>\n<p>Antes da decis\u00e3o do STJ, Eike e os credores ficaram do mesmo lado, contra os termos definidos pelo administrador judicial e o TJ-MG para mais uma tentativa de<strong> vender os t\u00edtulos de d\u00edvida<\/strong> da mineradora Anglo American. Os pap\u00e9is &#8211; que pertencem a Eike e, em 2021, foram inclu\u00eddos na massa falida do caso do TJ-MG &#8211; s\u00e3o um dos \u00faltimos ativos de maior valor do ex-bilion\u00e1rio, na casa de centenas de milh\u00f5es. O TJ-MG j\u00e1 fez quatro tentativas de venda, todas frustradas.<\/p>\n<p>No \u00faltimo dia 14, o STJ suspendeu os<strong> processos da MMX<\/strong>, a pedido dos advogados de Eike Batista, enquanto a Corte decide sobre manter os casos separados ou concentrar tudo num dos dois Estados.<\/p>\n\t<p>\n\t\t<a href=\"https:\/\/lp.suno.com.br\/planilha-controle-gastos\/\" target=\"_blank\" data-element=\"shortcode-suno-banner\" title=\"Banner SUNO, clique e saiba mais\">\n\t\t\t<picture>\n\t\t\t\t<source media=\"(max-width: 500px)\" srcset=\"https:\/\/files.sunoresearch.com.br\/n\/uploads\/2023\/03\/400x300-Planilha-controle-de-gastos.png\">\n\t\t\t\t<img class=\"newsContent__article__imgCapa newsContent__article__imgCapa--banner\"\n\t\t\t\t\tsrc=\"https:\/\/files.sunoresearch.com.br\/n\/uploads\/2023\/03\/1420x240-Planilha-controle-de-gastos.png\"\n\t\t\t\t\tdata-promo-id=\"101751\"\t\t\t\t\t\t\t\t\t\twidth='1420' height='240'\t\t\t\t\talt=\"https:\/\/files.sunoresearch.com.br\/n\/uploads\/2023\/03\/1420x240-Planilha-controle-de-gastos.png\"\n\t\t\t\t>\n\t\t\t<\/picture>\n\t\t<\/a>\n\t<\/p>\n\n\n<h2><b>Credoras da MMX, de Eike Batista, entram com pedidos\u00a0<\/b><\/h2>\n<p>Em recurso apresentado na semana passada ao STJ, o administrador judicial de Minas defendeu a perman\u00eancia do caso na comarca mineira. Seria a melhor forma, segundo ele, de garantir os interesses dos credores, dando continuidade \u00e0 venda dos ativos remanescentes. Procurado, Bicalho disse que se manifestar\u00e1 apenas nos autos.<\/p>\n<p>A posi\u00e7\u00e3o \u00e9 a mesma dos principais credores. Na ter\u00e7a-feira, oito empresas credoras da massa falida da mineradora ingressaram no STJ com tr\u00eas pedidos: ingressar como &#8220;terceiros interessados&#8221; no caso, acessar as partes sigilosas dos autos e sustentar que os processos do TJ-MG e do TJ-RJ devem seguir separados.<\/p>\n<p>Eike tem posi\u00e7\u00e3o contr\u00e1ria. Seus advogados questionaram, no STJ, a manuten\u00e7\u00e3o de dois processos separados, defendendo a concentra\u00e7\u00e3o no Rio.<\/p>\n\t<p>\n\t\t<a href=\"https:\/\/lp.suno.com.br\/planilha-da-vida-financeira\/\" target=\"_blank\" data-element=\"shortcode-suno-banner\" title=\"Banner SUNO, clique e saiba mais\">\n\t\t\t<picture>\n\t\t\t\t<source media=\"(max-width: 500px)\" srcset=\"https:\/\/files.sunoresearch.com.br\/n\/uploads\/2023\/04\/400x300-Planilha-vida-financeira-true.png\">\n\t\t\t\t<img class=\"newsContent__article__imgCapa newsContent__article__imgCapa--banner\"\n\t\t\t\t\tsrc=\"https:\/\/files.sunoresearch.com.br\/n\/uploads\/2023\/04\/1420x240-Planilha-vida-financeira-true.png\"\n\t\t\t\t\tdata-promo-id=\"106682\"\t\t\t\t\t\t\t\t\t\twidth='1420' height='240'\t\t\t\t\talt=\"https:\/\/files.sunoresearch.com.br\/n\/uploads\/2023\/04\/1420x240-Planilha-vida-financeira-true.png\"\n\t\t\t\t>\n\t\t\t<\/picture>\n\t\t<\/a>\n\t<\/p>\n\n\n<h2><b>Envolvido, filho de Eike Batista busca desbloquear bens<\/b><\/h2>\n<p>Numa conversa por mensagens com o administrador Bicalho, Thor Batista sinaliza que poder\u00e1 apostar na concentra\u00e7\u00e3o da fal\u00eancia no Rio. O<strong> filho mais velho de Eike<\/strong> acabou inclu\u00eddo nos processos da MMX e teve bens bloqueados. As conversas foram divulgadas pelo pr\u00f3prio administrador judicial, que as registrou em ata notarial no 9.\u00ba Of\u00edcio de Notas de Belo Horizonte &#8211; o documento, conforme apurou o Estad\u00e3o, foi inclu\u00eddo no processo no STJ.<\/p>\n<p>No \u00faltimo dia 15, quando j\u00e1 havia sido tomada a decis\u00e3o do STJ de suspender todos os processos de fal\u00eancia, Thor e Bicalho trataram da manuten\u00e7\u00e3o da coopera\u00e7\u00e3o, da qual o primog\u00eanito participou, ao lado do pai. Nos di\u00e1logos, Thor parece preocupado em<strong> liberar bens bloqueados por decis\u00f5es judiciais<\/strong>. &#8220;Havendo demora, a\u00ed faz mais sentido eu esperar, porque, pelo visto, vai migrar tudo para o Rio e, aqui, o juiz (do processo de fal\u00eancia no TJ-RJ) e o administrador judicial s\u00e3o contra a exist\u00eancia do IDPJ&#8221;, escreve Thor.<\/p>\n<p>O &#8220;IDPJ&#8221; \u00e9 o Incidente de Desconsidera\u00e7\u00e3o de Personalidade Jur\u00eddica, mecanismo previsto na <a class=\"suno-keyword\" href=\"https:\/\/www.suno.com.br\/artigos\/lei-de-falencias\/\" target=\"_blank\" rel=\"noopener\" data-force=\"no\" data-priority=\"2\">Lei de Fal\u00eancias<\/a> e Recupera\u00e7\u00e3o Judicial, usado para levar ativos do <a class=\"suno-keyword\" href=\"https:\/\/www.suno.com.br\/artigos\/patrimonio-pessoal\/\" target=\"_blank\" rel=\"noopener\" data-force=\"no\" data-priority=\"1\">patrim\u00f4nio pessoal<\/a> dos s\u00f3cios para os processos de empresas em dificuldade. No caso da MMX, o IDPJ contra Eike e Thor foi autorizado pelo TJ-MG em 2021.<\/p>\n<p>Em nota, a defesa de Eike criticou o registro dos di\u00e1logos pelo administrador judicial. &#8220;Este \u00e9 mais um indicativo do despreparo do administrador judicial, que se comporta como se fosse parte interessada e n\u00e3o representante do Estado.&#8221;<\/p>\n<p class=\"newsProviderSignature\">Com Estad\u00e3o Conte\u00fado<\/p>\n\t<p>\n\t\t<a href=\"https:\/\/lp.suno.com.br\/planilha-de-controle-de-investimentos\/\" target=\"_blank\" data-element=\"shortcode-suno-banner\" title=\"Banner SUNO, clique e saiba mais\">\n\t\t\t<picture>\n\t\t\t\t<source media=\"(max-width: 500px)\" srcset=\"https:\/\/files.sunoresearch.com.br\/n\/uploads\/2023\/03\/400x300-Controle-de-Investimentos.png\">\n\t\t\t\t<img class=\"newsContent__article__imgCapa newsContent__article__imgCapa--banner\"\n\t\t\t\t\tsrc=\"https:\/\/files.sunoresearch.com.br\/n\/uploads\/2023\/03\/1420x240-Controle-de-Investimentos.png\"\n\t\t\t\t\tdata-promo-id=\"75934\"\t\t\t\t\t\t\t\t\t\twidth='1420' height='240'\t\t\t\t\talt=\"https:\/\/files.sunoresearch.com.br\/n\/uploads\/2023\/03\/1420x240-Controle-de-Investimentos.png\"\n\t\t\t\t>\n\t\t\t<\/picture>\n\t\t<\/a>\n\t<\/p>\n\n\n","protected":false},"excerpt":{"rendered":"<p>Na novela do processo de fal\u00eancia da MMX, mineradora de Eike Batista, a disputa de interesses \u00e9 uma sucess\u00e3o de alinhamentos e realinhamentos. No in\u00edcio do m\u00eas, antes de uma decis\u00e3o do Superior Tribunal de Justi\u00e7a (STJ) congelar tudo, Batista e os credores estavam do mesmo lado. Agora, divergem. As informa\u00e7\u00f5es s\u00e3o do jornal O [&hellip;]<\/p>\n","protected":false},"author":70,"featured_media":285558,"comment_status":"closed","ping_status":"closed","sticky":false,"template":"","format":"standard","meta":[],"categories":[64],"tags":[1415,565],"suno_strategy":[],"class_list":["post-303930","post","type-post","status-publish","format-standard","has-post-thumbnail","hentry","category-negocios","tag-eike-batista","tag-mmx-mmxm11-mmxm3"],"yoast_head":"<!-- This site is optimized with the Yoast SEO plugin v24.4 - https:\/\/yoast.com\/wordpress\/plugins\/seo\/ -->\n<title>Eike Batista quer concentrar o processo de fal\u00eancia da MMX no Rio<\/title>\n<meta name=\"description\" content=\"Na novela do processo de fal\u00eancia da MMX, mineradora do ex-bilion\u00e1rio Eike Batista, a disputa toma novos rumos. Veja!\" \/>\n<meta name=\"robots\" content=\"index, follow, max-snippet:-1, max-image-preview:large, max-video-preview:-1\" \/>\n<link rel=\"canonical\" href=\"https:\/\/www.suno.com.br\/noticias\/eike-batista-concentrar-processo-falencia-mmx-rio\/\" \/>\n<meta property=\"og:locale\" content=\"pt_BR\" \/>\n<meta property=\"og:type\" content=\"article\" \/>\n<meta property=\"og:title\" content=\"Eike Batista quer concentrar o processo de fal\u00eancia da MMX no Rio\" \/>\n<meta property=\"og:description\" content=\"Na novela do processo de fal\u00eancia da MMX, mineradora do ex-bilion\u00e1rio Eike Batista, a disputa toma novos rumos. Veja!\" \/>\n<meta property=\"og:url\" content=\"https:\/\/www.suno.com.br\/noticias\/eike-batista-concentrar-processo-falencia-mmx-rio\/\" \/>\n<meta property=\"og:site_name\" content=\"Suno Not\u00edcias\" \/>\n<meta property=\"article:publisher\" content=\"https:\/\/facebook.com\/sunoresearch\" \/>\n<meta property=\"og:image\" content=\"https:\/\/files.sunoresearch.com.br\/n\/uploads\/2022\/08\/Eike-Batista.jpg\" \/>\n\t<meta property=\"og:image:width\" content=\"1200\" \/>\n\t<meta property=\"og:image:height\" content=\"800\" \/>\n\t<meta property=\"og:image:type\" content=\"image\/jpeg\" \/>\n<meta name=\"author\" content=\"Beatriz Boyadjian\" \/>\n<meta name=\"twitter:card\" content=\"summary_large_image\" \/>\n<meta name=\"twitter:creator\" content=\"@sunoresearch\" \/>\n<meta name=\"twitter:site\" content=\"@sunoresearch\" \/>\n<meta name=\"twitter:label1\" content=\"Escrito por\" \/>\n\t<meta name=\"twitter:data1\" content=\"Beatriz Boyadjian\" \/>\n\t<meta name=\"twitter:label2\" content=\"Est. tempo de leitura\" \/>\n\t<meta name=\"twitter:data2\" content=\"3 minutos\" \/>\n<script type=\"application\/ld+json\" class=\"yoast-schema-graph\">{\"@context\":\"https:\/\/schema.org\",\"@graph\":[{\"@type\":\"NewsArticle\",\"@id\":\"https:\/\/www.suno.com.br\/noticias\/eike-batista-concentrar-processo-falencia-mmx-rio\/#article\",\"isPartOf\":{\"@id\":\"https:\/\/www.suno.com.br\/noticias\/eike-batista-concentrar-processo-falencia-mmx-rio\/\"},\"author\":{\"name\":\"Beatriz Boyadjian\",\"@id\":\"https:\/\/www.suno.com.br\/noticias\/#\/schema\/person\/c9d40f227e4ffee8114b1299c28902b0\"},\"headline\":\"Eike Batista quer concentrar o processo de fal\u00eancia da MMX no Rio\",\"datePublished\":\"2022-10-01T16:41:49+00:00\",\"dateModified\":\"2022-10-01T21:17:13+00:00\",\"mainEntityOfPage\":{\"@id\":\"https:\/\/www.suno.com.br\/noticias\/eike-batista-concentrar-processo-falencia-mmx-rio\/\"},\"wordCount\":712,\"publisher\":{\"@id\":\"https:\/\/www.suno.com.br\/noticias\/#organization\"},\"image\":{\"@id\":\"https:\/\/www.suno.com.br\/noticias\/eike-batista-concentrar-processo-falencia-mmx-rio\/#primaryimage\"},\"thumbnailUrl\":\"https:\/\/files.sunoresearch.com.br\/n\/uploads\/2022\/08\/Eike-Batista.jpg\",\"keywords\":[\"Eike Batista\",\"MMX (MMXM11\/MMXM3)\"],\"articleSection\":[\"Neg\u00f3cios\"],\"inLanguage\":\"pt-BR\"},{\"@type\":\"WebPage\",\"@id\":\"https:\/\/www.suno.com.br\/noticias\/eike-batista-concentrar-processo-falencia-mmx-rio\/\",\"url\":\"https:\/\/www.suno.com.br\/noticias\/eike-batista-concentrar-processo-falencia-mmx-rio\/\",\"name\":\"Eike Batista quer concentrar o processo de fal\u00eancia da MMX no Rio\",\"isPartOf\":{\"@id\":\"https:\/\/www.suno.com.br\/noticias\/#website\"},\"primaryImageOfPage\":{\"@id\":\"https:\/\/www.suno.com.br\/noticias\/eike-batista-concentrar-processo-falencia-mmx-rio\/#primaryimage\"},\"image\":{\"@id\":\"https:\/\/www.suno.com.br\/noticias\/eike-batista-concentrar-processo-falencia-mmx-rio\/#primaryimage\"},\"thumbnailUrl\":\"https:\/\/files.sunoresearch.com.br\/n\/uploads\/2022\/08\/Eike-Batista.jpg\",\"datePublished\":\"2022-10-01T16:41:49+00:00\",\"dateModified\":\"2022-10-01T21:17:13+00:00\",\"description\":\"Na novela do processo de fal\u00eancia da MMX, mineradora do ex-bilion\u00e1rio Eike Batista, a disputa toma novos rumos. Veja!\",\"breadcrumb\":{\"@id\":\"https:\/\/www.suno.com.br\/noticias\/eike-batista-concentrar-processo-falencia-mmx-rio\/#breadcrumb\"},\"inLanguage\":\"pt-BR\",\"potentialAction\":[{\"@type\":\"ReadAction\",\"target\":[\"https:\/\/www.suno.com.br\/noticias\/eike-batista-concentrar-processo-falencia-mmx-rio\/\"]}]},{\"@type\":\"ImageObject\",\"inLanguage\":\"pt-BR\",\"@id\":\"https:\/\/www.suno.com.br\/noticias\/eike-batista-concentrar-processo-falencia-mmx-rio\/#primaryimage\",\"url\":\"https:\/\/files.sunoresearch.com.br\/n\/uploads\/2022\/08\/Eike-Batista.jpg\",\"contentUrl\":\"https:\/\/files.sunoresearch.com.br\/n\/uploads\/2022\/08\/Eike-Batista.jpg\",\"width\":1200,\"height\":800,\"caption\":\"Eike Batista. Foto: Vin\u00edcius Loures\/C\u00e2mara dos Deputados\"},{\"@type\":\"BreadcrumbList\",\"@id\":\"https:\/\/www.suno.com.br\/noticias\/eike-batista-concentrar-processo-falencia-mmx-rio\/#breadcrumb\",\"itemListElement\":[{\"@type\":\"ListItem\",\"position\":1,\"name\":\"Not\u00edcias\",\"item\":\"https:\/\/www.suno.com.br\/noticias\/\"},{\"@type\":\"ListItem\",\"position\":2,\"name\":\"Neg\u00f3cios\",\"item\":\"https:\/\/www.suno.com.br\/noticias\/negocios\/\"},{\"@type\":\"ListItem\",\"position\":3,\"name\":\"Eike Batista quer concentrar o processo de fal\u00eancia da MMX no Rio\"}]},{\"@type\":\"WebSite\",\"@id\":\"https:\/\/www.suno.com.br\/noticias\/#website\",\"url\":\"https:\/\/www.suno.com.br\/noticias\/\",\"name\":\"Suno Not\u00edcias\",\"description\":\"Seu portal de informa\u00e7\u00e3o sobre o mundo dos investimentos\",\"publisher\":{\"@id\":\"https:\/\/www.suno.com.br\/noticias\/#organization\"},\"potentialAction\":[{\"@type\":\"SearchAction\",\"target\":{\"@type\":\"EntryPoint\",\"urlTemplate\":\"https:\/\/www.suno.com.br\/noticias\/?s={search_term_string}\"},\"query-input\":{\"@type\":\"PropertyValueSpecification\",\"valueRequired\":true,\"valueName\":\"search_term_string\"}}],\"inLanguage\":\"pt-BR\"},{\"@type\":\"Organization\",\"@id\":\"https:\/\/www.suno.com.br\/noticias\/#organization\",\"name\":\"Suno Not\u00edcias\",\"url\":\"https:\/\/www.suno.com.br\/noticias\/\",\"logo\":{\"@type\":\"ImageObject\",\"inLanguage\":\"pt-BR\",\"@id\":\"https:\/\/www.suno.com.br\/noticias\/#\/schema\/logo\/image\/\",\"url\":\"https:\/\/files.sunoresearch.com.br\/n\/uploads\/2021\/09\/suno-logo.png\",\"contentUrl\":\"https:\/\/files.sunoresearch.com.br\/n\/uploads\/2021\/09\/suno-logo.png\",\"width\":180,\"height\":180,\"caption\":\"Suno Not\u00edcias\"},\"image\":{\"@id\":\"https:\/\/www.suno.com.br\/noticias\/#\/schema\/logo\/image\/\"},\"sameAs\":[\"https:\/\/facebook.com\/sunoresearch\",\"https:\/\/x.com\/sunoresearch\",\"https:\/\/www.instagram.com\/suno\",\"https:\/\/www.linkedin.com\/company\/suno-research\/\",\"https:\/\/www.youtube.com\/c\/sunoresearch\"]},{\"@type\":\"Person\",\"@id\":\"https:\/\/www.suno.com.br\/noticias\/#\/schema\/person\/c9d40f227e4ffee8114b1299c28902b0\",\"name\":\"Beatriz Boyadjian\",\"image\":{\"@type\":\"ImageObject\",\"inLanguage\":\"pt-BR\",\"@id\":\"https:\/\/www.suno.com.br\/noticias\/#\/schema\/person\/image\/\",\"url\":\"https:\/\/secure.gravatar.com\/avatar\/4c3c59f4030e268f950437c4f36e38b7?s=96&r=g\",\"contentUrl\":\"https:\/\/secure.gravatar.com\/avatar\/4c3c59f4030e268f950437c4f36e38b7?s=96&r=g\",\"caption\":\"Beatriz Boyadjian\"},\"description\":\"Rep\u00f3rter multim\u00eddia no Suno Not\u00edcias. Jornalista formada pela Faculdade C\u00e1sper L\u00edbero, foi rep\u00f3rter da Forbes Brasil e atuou na cobertura de hard news, economia, neg\u00f3cios e lifestyle. Gerenciou as redes sociais da edi\u00e7\u00e3o brasileira da tradicional revista de neg\u00f3cios. Na M\u00e1quina Cohn&amp;Wolfe, atuou como rela\u00e7\u00f5es p\u00fablicas de clientes do N\u00facleo de Sa\u00fade da empresa. Produziu releases, notas, relat\u00f3rios, entre outros, para empresas como Biomm, Hypera, FIDI. Anteriormente, respons\u00e1vel pelas redes sociais do Suno Not\u00edcias.\",\"sameAs\":[\"https:\/\/www.linkedin.com\/in\/beatriz-boyadjian\/\"],\"url\":\"https:\/\/www.suno.com.br\/noticias\/author\/beatriz-boyadjian\/\"}]}<\/script>\n<!-- \/ Yoast SEO plugin. -->","yoast_head_json":{"title":"Eike Batista quer concentrar o processo de fal\u00eancia da MMX no Rio","description":"Na novela do processo de fal\u00eancia da MMX, mineradora do ex-bilion\u00e1rio Eike Batista, a disputa toma novos rumos. Veja!","robots":{"index":"index","follow":"follow","max-snippet":"max-snippet:-1","max-image-preview":"max-image-preview:large","max-video-preview":"max-video-preview:-1"},"canonical":"https:\/\/www.suno.com.br\/noticias\/eike-batista-concentrar-processo-falencia-mmx-rio\/","og_locale":"pt_BR","og_type":"article","og_title":"Eike Batista quer concentrar o processo de fal\u00eancia da MMX no Rio","og_description":"Na novela do processo de fal\u00eancia da MMX, mineradora do ex-bilion\u00e1rio Eike Batista, a disputa toma novos rumos. Veja!","og_url":"https:\/\/www.suno.com.br\/noticias\/eike-batista-concentrar-processo-falencia-mmx-rio\/","og_site_name":"Suno Not\u00edcias","article_publisher":"https:\/\/facebook.com\/sunoresearch","og_image":[{"width":1200,"height":800,"url":"https:\/\/files.sunoresearch.com.br\/n\/uploads\/2022\/08\/Eike-Batista.jpg","type":"image\/jpeg"}],"author":"Beatriz Boyadjian","twitter_card":"summary_large_image","twitter_creator":"@sunoresearch","twitter_site":"@sunoresearch","twitter_misc":{"Escrito por":"Beatriz Boyadjian","Est. tempo de leitura":"3 minutos"},"schema":{"@context":"https:\/\/schema.org","@graph":[{"@type":"NewsArticle","@id":"https:\/\/www.suno.com.br\/noticias\/eike-batista-concentrar-processo-falencia-mmx-rio\/#article","isPartOf":{"@id":"https:\/\/www.suno.com.br\/noticias\/eike-batista-concentrar-processo-falencia-mmx-rio\/"},"author":{"name":"Beatriz Boyadjian","@id":"https:\/\/www.suno.com.br\/noticias\/#\/schema\/person\/c9d40f227e4ffee8114b1299c28902b0"},"headline":"Eike Batista quer concentrar o processo de fal\u00eancia da MMX no Rio","datePublished":"2022-10-01T16:41:49+00:00","dateModified":"2022-10-01T21:17:13+00:00","mainEntityOfPage":{"@id":"https:\/\/www.suno.com.br\/noticias\/eike-batista-concentrar-processo-falencia-mmx-rio\/"},"wordCount":712,"publisher":{"@id":"https:\/\/www.suno.com.br\/noticias\/#organization"},"image":{"@id":"https:\/\/www.suno.com.br\/noticias\/eike-batista-concentrar-processo-falencia-mmx-rio\/#primaryimage"},"thumbnailUrl":"https:\/\/files.sunoresearch.com.br\/n\/uploads\/2022\/08\/Eike-Batista.jpg","keywords":["Eike Batista","MMX (MMXM11\/MMXM3)"],"articleSection":["Neg\u00f3cios"],"inLanguage":"pt-BR"},{"@type":"WebPage","@id":"https:\/\/www.suno.com.br\/noticias\/eike-batista-concentrar-processo-falencia-mmx-rio\/","url":"https:\/\/www.suno.com.br\/noticias\/eike-batista-concentrar-processo-falencia-mmx-rio\/","name":"Eike Batista quer concentrar o processo de fal\u00eancia da MMX no Rio","isPartOf":{"@id":"https:\/\/www.suno.com.br\/noticias\/#website"},"primaryImageOfPage":{"@id":"https:\/\/www.suno.com.br\/noticias\/eike-batista-concentrar-processo-falencia-mmx-rio\/#primaryimage"},"image":{"@id":"https:\/\/www.suno.com.br\/noticias\/eike-batista-concentrar-processo-falencia-mmx-rio\/#primaryimage"},"thumbnailUrl":"https:\/\/files.sunoresearch.com.br\/n\/uploads\/2022\/08\/Eike-Batista.jpg","datePublished":"2022-10-01T16:41:49+00:00","dateModified":"2022-10-01T21:17:13+00:00","description":"Na novela do processo de fal\u00eancia da MMX, mineradora do ex-bilion\u00e1rio Eike Batista, a disputa toma novos rumos. Veja!","breadcrumb":{"@id":"https:\/\/www.suno.com.br\/noticias\/eike-batista-concentrar-processo-falencia-mmx-rio\/#breadcrumb"},"inLanguage":"pt-BR","potentialAction":[{"@type":"ReadAction","target":["https:\/\/www.suno.com.br\/noticias\/eike-batista-concentrar-processo-falencia-mmx-rio\/"]}]},{"@type":"ImageObject","inLanguage":"pt-BR","@id":"https:\/\/www.suno.com.br\/noticias\/eike-batista-concentrar-processo-falencia-mmx-rio\/#primaryimage","url":"https:\/\/files.sunoresearch.com.br\/n\/uploads\/2022\/08\/Eike-Batista.jpg","contentUrl":"https:\/\/files.sunoresearch.com.br\/n\/uploads\/2022\/08\/Eike-Batista.jpg","width":1200,"height":800,"caption":"Eike Batista. Foto: Vin\u00edcius Loures\/C\u00e2mara dos Deputados"},{"@type":"BreadcrumbList","@id":"https:\/\/www.suno.com.br\/noticias\/eike-batista-concentrar-processo-falencia-mmx-rio\/#breadcrumb","itemListElement":[{"@type":"ListItem","position":1,"name":"Not\u00edcias","item":"https:\/\/www.suno.com.br\/noticias\/"},{"@type":"ListItem","position":2,"name":"Neg\u00f3cios","item":"https:\/\/www.suno.com.br\/noticias\/negocios\/"},{"@type":"ListItem","position":3,"name":"Eike Batista quer concentrar o processo de fal\u00eancia da MMX no Rio"}]},{"@type":"WebSite","@id":"https:\/\/www.suno.com.br\/noticias\/#website","url":"https:\/\/www.suno.com.br\/noticias\/","name":"Suno Not\u00edcias","description":"Seu portal de informa\u00e7\u00e3o sobre o mundo dos investimentos","publisher":{"@id":"https:\/\/www.suno.com.br\/noticias\/#organization"},"potentialAction":[{"@type":"SearchAction","target":{"@type":"EntryPoint","urlTemplate":"https:\/\/www.suno.com.br\/noticias\/?s={search_term_string}"},"query-input":{"@type":"PropertyValueSpecification","valueRequired":true,"valueName":"search_term_string"}}],"inLanguage":"pt-BR"},{"@type":"Organization","@id":"https:\/\/www.suno.com.br\/noticias\/#organization","name":"Suno Not\u00edcias","url":"https:\/\/www.suno.com.br\/noticias\/","logo":{"@type":"ImageObject","inLanguage":"pt-BR","@id":"https:\/\/www.suno.com.br\/noticias\/#\/schema\/logo\/image\/","url":"https:\/\/files.sunoresearch.com.br\/n\/uploads\/2021\/09\/suno-logo.png","contentUrl":"https:\/\/files.sunoresearch.com.br\/n\/uploads\/2021\/09\/suno-logo.png","width":180,"height":180,"caption":"Suno Not\u00edcias"},"image":{"@id":"https:\/\/www.suno.com.br\/noticias\/#\/schema\/logo\/image\/"},"sameAs":["https:\/\/facebook.com\/sunoresearch","https:\/\/x.com\/sunoresearch","https:\/\/www.instagram.com\/suno","https:\/\/www.linkedin.com\/company\/suno-research\/","https:\/\/www.youtube.com\/c\/sunoresearch"]},{"@type":"Person","@id":"https:\/\/www.suno.com.br\/noticias\/#\/schema\/person\/c9d40f227e4ffee8114b1299c28902b0","name":"Beatriz Boyadjian","image":{"@type":"ImageObject","inLanguage":"pt-BR","@id":"https:\/\/www.suno.com.br\/noticias\/#\/schema\/person\/image\/","url":"https:\/\/secure.gravatar.com\/avatar\/4c3c59f4030e268f950437c4f36e38b7?s=96&r=g","contentUrl":"https:\/\/secure.gravatar.com\/avatar\/4c3c59f4030e268f950437c4f36e38b7?s=96&r=g","caption":"Beatriz Boyadjian"},"description":"Rep\u00f3rter multim\u00eddia no Suno Not\u00edcias. Jornalista formada pela Faculdade C\u00e1sper L\u00edbero, foi rep\u00f3rter da Forbes Brasil e atuou na cobertura de hard news, economia, neg\u00f3cios e lifestyle. Gerenciou as redes sociais da edi\u00e7\u00e3o brasileira da tradicional revista de neg\u00f3cios. Na M\u00e1quina Cohn&amp;Wolfe, atuou como rela\u00e7\u00f5es p\u00fablicas de clientes do N\u00facleo de Sa\u00fade da empresa. Produziu releases, notas, relat\u00f3rios, entre outros, para empresas como Biomm, Hypera, FIDI. Anteriormente, respons\u00e1vel pelas redes sociais do Suno Not\u00edcias.","sameAs":["https:\/\/www.linkedin.com\/in\/beatriz-boyadjian\/"],"url":"https:\/\/www.suno.com.br\/noticias\/author\/beatriz-boyadjian\/"}]}},"default_loop_html":"<div class=\"cardsPage__listCard__boxs\"><div class=\"cardsPage__listCard__boxs__img\"><a href=\"https:\/\/www.suno.com.br\/noticias\/eike-batista-concentrar-processo-falencia-mmx-rio\/\"><img class=\"mask\" src=\"https:\/\/www.suno.com.br\/noticias\/wp-content\/themes\/suno\/resources\/images\/spotlight\/spotlight1img\/bg-mask.png\" alt=\"Image Mask\"\/><img src=\"https:\/\/files.sunoresearch.com.br\/n\/uploads\/2022\/08\/Eike-Batista-400x200.jpg\" alt=\"Eike Batista quer concentrar o processo de fal\u00eancia da MMX no Rio\"\/><\/a><span class=\"spotlightCategory\"><a href=\"https:\/\/www.suno.com.br\/noticias\/negocios\/\">Neg\u00f3cios<\/a><\/span><\/div><div class=\"cardsPage__listCard__boxs__content\"><a href=\"https:\/\/www.suno.com.br\/noticias\/eike-batista-concentrar-processo-falencia-mmx-rio\/\"><h2 class=\"content__title\">Eike Batista quer concentrar o processo de fal\u00eancia da MMX no Rio<\/h2><\/a><div class=\"newsContent__article__meta\"><div class=\"newsContent__article__meta__authorBox\"><a href=\"https:\/\/www.suno.com.br\/noticias\/author\/beatriz-boyadjian\/\" class=\"authorBox__avatar noMobi\"><img src=\"https:\/\/secure.gravatar.com\/avatar\/4c3c59f4030e268f950437c4f36e38b7?s=96&#038;r=g\" alt=\"Beatriz Boyadjian\"><\/a><div class=\"authorBox__name\"><span>por\n\t\t\t<a href=\"https:\/\/www.suno.com.br\/noticias\/author\/beatriz-boyadjian\/\"><span itemprop=\"author\">Beatriz Boyadjian<\/span><\/a><\/span><time datetime=\"2022-10-01T13:41:49-03:00\" itemprop=\"datePublished\">01\/10\/2022 13:41<\/time><\/div><\/div><\/div><\/div><\/div>","single_layout":"posts","amp_enabled":true,"_links":{"self":[{"href":"https:\/\/www.suno.com.br\/noticias\/wp-json\/wp\/v2\/posts\/303930"}],"collection":[{"href":"https:\/\/www.suno.com.br\/noticias\/wp-json\/wp\/v2\/posts"}],"about":[{"href":"https:\/\/www.suno.com.br\/noticias\/wp-json\/wp\/v2\/types\/post"}],"author":[{"embeddable":true,"href":"https:\/\/www.suno.com.br\/noticias\/wp-json\/wp\/v2\/users\/70"}],"replies":[{"embeddable":true,"href":"https:\/\/www.suno.com.br\/noticias\/wp-json\/wp\/v2\/comments?post=303930"}],"version-history":[{"count":2,"href":"https:\/\/www.suno.com.br\/noticias\/wp-json\/wp\/v2\/posts\/303930\/revisions"}],"predecessor-version":[{"id":304056,"href":"https:\/\/www.suno.com.br\/noticias\/wp-json\/wp\/v2\/posts\/303930\/revisions\/304056"}],"wp:featuredmedia":[{"embeddable":true,"href":"https:\/\/www.suno.com.br\/noticias\/wp-json\/wp\/v2\/media\/285558"}],"wp:attachment":[{"href":"https:\/\/www.suno.com.br\/noticias\/wp-json\/wp\/v2\/media?parent=303930"}],"wp:term":[{"taxonomy":"category","embeddable":true,"href":"https:\/\/www.suno.com.br\/noticias\/wp-json\/wp\/v2\/categories?post=303930"},{"taxonomy":"post_tag","embeddable":true,"href":"https:\/\/www.suno.com.br\/noticias\/wp-json\/wp\/v2\/tags?post=303930"},{"taxonomy":"suno_strategy","embeddable":true,"href":"https:\/\/www.suno.com.br\/noticias\/wp-json\/wp\/v2\/suno_strategy?post=303930"}],"curies":[{"name":"wp","href":"https:\/\/api.w.org\/{rel}","templated":true}]}}