{"id":303929,"date":"2022-10-01T10:34:55","date_gmt":"2022-10-01T13:34:55","guid":{"rendered":"https:\/\/www.suno.com.br\/noticias\/?p=303929"},"modified":"2022-10-01T13:43:26","modified_gmt":"2022-10-01T16:43:26","slug":"eleicoes-2022-saiba-o-que-preciso-levar-votar","status":"publish","type":"post","link":"https:\/\/www.suno.com.br\/noticias\/eleicoes-2022-saiba-o-que-preciso-levar-votar\/","title":{"rendered":"Elei\u00e7\u00f5es 2022: saiba o que \u00e9 preciso levar para votar neste domingo"},"content":{"rendered":"<p>O primeiro turno das <strong>elei\u00e7\u00f5es<\/strong>\u00a0\u00e9 neste domingo (2). Muitos eleitores ainda t\u00eam d\u00favidas sobre o que levar para poder votar. O eleitor poder\u00e1 exercer seu direito de voto com apenas um documento oficial com foto. Pode ser carteira de identidade, carteira de motorista, passaporte, certificado de reservista, identidade funcional emitida por \u00f3rg\u00e3o de classe e at\u00e9 carteira de trabalho.<img decoding=\"async\" style=\"width: 1px; height: 1px;\" src=\"https:\/\/agenciabrasil.ebc.com.br\/ebc.png?id=1484657&amp;o=rss\" \/><img decoding=\"async\" style=\"width: 1px; height: 1px;\" src=\"https:\/\/agenciabrasil.ebc.com.br\/ebc.gif?id=1484657&amp;o=rss\" \/><\/p>\t<div class=\"wrapper-featured-image\">\n\t\t<figure class=\"spotlightImg\">\n\n\t\t\t<picture>\n\t\t\t\t<source media=\"(max-width: 768px)\" srcset=\"https:\/\/files.sunoresearch.com.br\/n\/uploads\/2021\/09\/50429036346_a9271a4327_o-400x200.jpg\">\n\t\t\t\t<img loading=\"lazy\" decoding=\"async\" class=\"newsContent__article__imgCapa lazyloadDisabled \" src=\"https:\/\/files.sunoresearch.com.br\/n\/uploads\/2021\/09\/50429036346_a9271a4327_o-800x450.jpg\" width=\"800\" height=\"450\" alt=\"Elei\u00e7\u00f5es 2022: saiba o que \u00e9 preciso levar para votar neste domingo\" fetchpriority=high \/>\n\t\t\t<\/picture>\n\n\t\t\t<figcaption class=\"wp-caption-text wp-caption-text--show\">Urna eletr\u00f4nica. Foto: Antonio Augusto\/Ascom\/TSE<\/figcaption>\n\t\t<\/figure>\n\t<\/div>\n\n\n\t<p>\n\t\t<a href=\"\" target=\"_blank\" data-element=\"shortcode-suno-banner\" title=\"Banner SUNO, clique e saiba mais\">\n\t\t\t<picture>\n\t\t\t\t<source media=\"(max-width: 500px)\" srcset=\"\">\n\t\t\t\t<img class=\"newsContent__article__imgCapa newsContent__article__imgCapa--banner\"\n\t\t\t\t\tsrc=\"\"\n\t\t\t\t\tdata-promo-id=\"138420\"\t\t\t\t\t\t\t\t\t\t\t\t\t\t\talt=\"\"\n\t\t\t\t>\n\t\t\t<\/picture>\n\t\t<\/a>\n\t<\/p>\n\n\n<p>Segundo o Tribunal Superior Eleitoral (TSE), esses <strong>documentos com foto poder\u00e3o ser usados<\/strong> ainda que a data de validade esteja vencida. As certid\u00f5es de nascimento ou de casamento, por outro lado, n\u00e3o valem como prova de identidade na hora de votar nas elei\u00e7\u00f5es. <strong>N\u00e3o h\u00e1 obrigatoriedade de levar o t\u00edtulo de eleitor<\/strong>, que muitas vezes a pessoa nem consegue localizar em casa no dia da elei\u00e7\u00e3o, por ser um documento pouco usado no cotidiano.<\/p>\n\t<div data-element=\"shortcode-read-more\" class=\"knowMore\">\n\t\t\t\t<span class=\"knowMore__title\">LEIA MAIS<\/span>\n\t\t\t\t<a class=\"knowMore__link\" href=\"https:\/\/www.suno.com.br\/noticias\/eleicoes-2022-investimentos-lula-bolsonaro-candidatos\/\">\n\t\t\tElei\u00e7\u00f5es 2022: em que investem Lula, Bolsonaro e os outros candidatos?\t\t<\/a>\n\t<\/div>\n\n\n<p>O eleitor tamb\u00e9m tem a <strong>op\u00e7\u00e3o de votar apresentando o e-T\u00edtulo<\/strong>, aplicativo da Justi\u00e7a Eleitoral em que \u00e9 poss\u00edvel consultar e baixar o pr\u00f3prio t\u00edtulo de eleitor, em vers\u00e3o digital, e acessar servi\u00e7os como emiss\u00e3o de certid\u00f5es de quita\u00e7\u00e3o eleitoral, consulta de local de vota\u00e7\u00e3o e at\u00e9 fazer a justificativa para a aus\u00eancia, caso n\u00e3o possa votar. O aplicativo pode ser baixado em celulares ou tablets.<\/p>\n<p>Se a pessoa j\u00e1 tiver feito o<strong> cadastramento biom\u00e9trico<\/strong>\u00a0<strong>na Justi\u00e7a Eleitoral<\/strong>, o perfil no e-T\u00edtulo vir\u00e1 acompanhado de uma foto. Nesse caso, n\u00e3o \u00e9 preciso nem apresentar um documento oficial com foto, pois o mes\u00e1rio poder\u00e1 atestar a identifica\u00e7\u00e3o no momento do voto. Caso a fotografia n\u00e3o apare\u00e7a, ser\u00e1 necess\u00e1rio levar tamb\u00e9m um documento oficial com foto na hora de votar.<\/p>\n\t<p>\n\t\t<a href=\"https:\/\/lp.suno.com.br\/planilha-controle-gastos\/\" target=\"_blank\" data-element=\"shortcode-suno-banner\" title=\"Banner SUNO, clique e saiba mais\">\n\t\t\t<picture>\n\t\t\t\t<source media=\"(max-width: 500px)\" srcset=\"https:\/\/files.sunoresearch.com.br\/n\/uploads\/2023\/03\/400x300-Planilha-controle-de-gastos.png\">\n\t\t\t\t<img class=\"newsContent__article__imgCapa newsContent__article__imgCapa--banner\"\n\t\t\t\t\tsrc=\"https:\/\/files.sunoresearch.com.br\/n\/uploads\/2023\/03\/1420x240-Planilha-controle-de-gastos.png\"\n\t\t\t\t\tdata-promo-id=\"101751\"\t\t\t\t\t\t\t\t\t\twidth='1420' height='240'\t\t\t\t\talt=\"https:\/\/files.sunoresearch.com.br\/n\/uploads\/2023\/03\/1420x240-Planilha-controle-de-gastos.png\"\n\t\t\t\t>\n\t\t\t<\/picture>\n\t\t<\/a>\n\t<\/p>\n\n\n<p>Vale lembrar que o<strong> TSE proibiu que o eleitor ingresse na cabine de vota\u00e7\u00e3o portando celular<\/strong>, m\u00e1quina fotogr\u00e1fica, filmadora ou similar neste ano. Ent\u00e3o, mesmo que apresente documenta\u00e7\u00e3o digital no celular, como e-T\u00edtulo ou outro documento de identifica\u00e7\u00e3o v\u00e1lido, ap\u00f3s a confirma\u00e7\u00e3o da identidade, o aparelho ficar\u00e1 com o mes\u00e1rio enquanto o eleitor procede a vota\u00e7\u00e3o.<\/p>\n<p>Pelas regras vigentes das <strong>elei\u00e7\u00f5es <\/strong>2022, os mes\u00e1rios devem perguntar ao eleitor, antes de votar, se est\u00e1 portando algum dos aparelhos em quest\u00e3o, que podem interferir no sigilo do voto. Se a resposta for afirmativa, o objeto deve ser entregue at\u00e9 a conclus\u00e3o do processo de vota\u00e7\u00e3o. Caso contr\u00e1rio, a mesa receptora deve impedir que a pessoa vote, registrar em ata os detalhes da situa\u00e7\u00e3o e acionar a for\u00e7a policial e o juiz eleitoral. Os tribunais regionais eleitorais t\u00eam autonomia para usar detectores de metal port\u00e1teis para impedir o uso de equipamentos eletr\u00f4nicos na cabine de vota\u00e7\u00e3o.<\/p>\n<p class=\"newsProviderSignature\">Com Ag\u00eancia Brasil<\/p>\n\t<p>\n\t\t<a href=\"https:\/\/lp.suno.com.br\/planilha-da-vida-financeira\/\" target=\"_blank\" data-element=\"shortcode-suno-banner\" title=\"Banner SUNO, clique e saiba mais\">\n\t\t\t<picture>\n\t\t\t\t<source media=\"(max-width: 500px)\" srcset=\"https:\/\/files.sunoresearch.com.br\/n\/uploads\/2023\/04\/400x300-Planilha-vida-financeira-true.png\">\n\t\t\t\t<img class=\"newsContent__article__imgCapa newsContent__article__imgCapa--banner\"\n\t\t\t\t\tsrc=\"https:\/\/files.sunoresearch.com.br\/n\/uploads\/2023\/04\/1420x240-Planilha-vida-financeira-true.png\"\n\t\t\t\t\tdata-promo-id=\"106682\"\t\t\t\t\t\t\t\t\t\twidth='1420' height='240'\t\t\t\t\talt=\"https:\/\/files.sunoresearch.com.br\/n\/uploads\/2023\/04\/1420x240-Planilha-vida-financeira-true.png\"\n\t\t\t\t>\n\t\t\t<\/picture>\n\t\t<\/a>\n\t<\/p>\n\n\n","protected":false},"excerpt":{"rendered":"<p>O primeiro turno das elei\u00e7\u00f5es\u00a0\u00e9 neste domingo (2). Muitos eleitores ainda t\u00eam d\u00favidas sobre o que levar para poder votar. O eleitor poder\u00e1 exercer seu direito de voto com apenas um documento oficial com foto. Pode ser carteira de identidade, carteira de motorista, passaporte, certificado de reservista, identidade funcional emitida por \u00f3rg\u00e3o de classe e [&hellip;]<\/p>\n","protected":false},"author":70,"featured_media":183004,"comment_status":"closed","ping_status":"closed","sticky":false,"template":"","format":"standard","meta":[],"categories":[61],"tags":[697],"suno_strategy":[],"class_list":["post-303929","post","type-post","status-publish","format-standard","has-post-thumbnail","hentry","category-politica","tag-eleicoes"],"yoast_head":"<!-- This site is optimized with the Yoast SEO plugin v24.4 - https:\/\/yoast.com\/wordpress\/plugins\/seo\/ -->\n<title>Elei\u00e7\u00f5es 2022: saiba o que \u00e9 preciso levar para votar neste domingo<\/title>\n<meta name=\"description\" content=\"O primeiro turno das elei\u00e7\u00f5es\u00a0\u00e9 neste domingo (2). Muitos eleitores ainda t\u00eam d\u00favidas sobre o que levar para poder votar. Veja mais!\" \/>\n<meta name=\"robots\" content=\"index, follow, max-snippet:-1, max-image-preview:large, max-video-preview:-1\" \/>\n<link rel=\"canonical\" href=\"https:\/\/www.suno.com.br\/noticias\/eleicoes-2022-saiba-o-que-preciso-levar-votar\/\" \/>\n<meta property=\"og:locale\" content=\"pt_BR\" \/>\n<meta property=\"og:type\" content=\"article\" \/>\n<meta property=\"og:title\" content=\"Elei\u00e7\u00f5es 2022: saiba o que \u00e9 preciso levar para votar neste domingo\" \/>\n<meta property=\"og:description\" content=\"O primeiro turno das elei\u00e7\u00f5es\u00a0\u00e9 neste domingo (2). Muitos eleitores ainda t\u00eam d\u00favidas sobre o que levar para poder votar. Veja mais!\" \/>\n<meta property=\"og:url\" content=\"https:\/\/www.suno.com.br\/noticias\/eleicoes-2022-saiba-o-que-preciso-levar-votar\/\" \/>\n<meta property=\"og:site_name\" content=\"Suno Not\u00edcias\" \/>\n<meta property=\"article:publisher\" content=\"https:\/\/facebook.com\/sunoresearch\" \/>\n<meta property=\"og:image\" content=\"https:\/\/files.sunoresearch.com.br\/n\/uploads\/2021\/09\/50429036346_a9271a4327_o-scaled.jpg\" \/>\n\t<meta property=\"og:image:width\" content=\"2560\" \/>\n\t<meta property=\"og:image:height\" content=\"1707\" \/>\n\t<meta property=\"og:image:type\" content=\"image\/jpeg\" \/>\n<meta name=\"author\" content=\"Beatriz Boyadjian\" \/>\n<meta name=\"twitter:card\" content=\"summary_large_image\" \/>\n<meta name=\"twitter:creator\" content=\"@sunoresearch\" \/>\n<meta name=\"twitter:site\" content=\"@sunoresearch\" \/>\n<meta name=\"twitter:label1\" content=\"Escrito por\" \/>\n\t<meta name=\"twitter:data1\" content=\"Beatriz Boyadjian\" \/>\n\t<meta name=\"twitter:label2\" content=\"Est. tempo de leitura\" \/>\n\t<meta name=\"twitter:data2\" content=\"3 minutos\" \/>\n<script type=\"application\/ld+json\" class=\"yoast-schema-graph\">{\"@context\":\"https:\/\/schema.org\",\"@graph\":[{\"@type\":\"NewsArticle\",\"@id\":\"https:\/\/www.suno.com.br\/noticias\/eleicoes-2022-saiba-o-que-preciso-levar-votar\/#article\",\"isPartOf\":{\"@id\":\"https:\/\/www.suno.com.br\/noticias\/eleicoes-2022-saiba-o-que-preciso-levar-votar\/\"},\"author\":{\"name\":\"Beatriz Boyadjian\",\"@id\":\"https:\/\/www.suno.com.br\/noticias\/#\/schema\/person\/c9d40f227e4ffee8114b1299c28902b0\"},\"headline\":\"Elei\u00e7\u00f5es 2022: saiba o que \u00e9 preciso levar para votar neste domingo\",\"datePublished\":\"2022-10-01T13:34:55+00:00\",\"dateModified\":\"2022-10-01T16:43:26+00:00\",\"mainEntityOfPage\":{\"@id\":\"https:\/\/www.suno.com.br\/noticias\/eleicoes-2022-saiba-o-que-preciso-levar-votar\/\"},\"wordCount\":501,\"publisher\":{\"@id\":\"https:\/\/www.suno.com.br\/noticias\/#organization\"},\"image\":{\"@id\":\"https:\/\/www.suno.com.br\/noticias\/eleicoes-2022-saiba-o-que-preciso-levar-votar\/#primaryimage\"},\"thumbnailUrl\":\"https:\/\/files.sunoresearch.com.br\/n\/uploads\/2021\/09\/50429036346_a9271a4327_o-scaled.jpg\",\"keywords\":[\"Elei\u00e7\u00f5es\"],\"articleSection\":[\"Pol\u00edtica\"],\"inLanguage\":\"pt-BR\"},{\"@type\":\"WebPage\",\"@id\":\"https:\/\/www.suno.com.br\/noticias\/eleicoes-2022-saiba-o-que-preciso-levar-votar\/\",\"url\":\"https:\/\/www.suno.com.br\/noticias\/eleicoes-2022-saiba-o-que-preciso-levar-votar\/\",\"name\":\"Elei\u00e7\u00f5es 2022: saiba o que \u00e9 preciso levar para votar neste domingo\",\"isPartOf\":{\"@id\":\"https:\/\/www.suno.com.br\/noticias\/#website\"},\"primaryImageOfPage\":{\"@id\":\"https:\/\/www.suno.com.br\/noticias\/eleicoes-2022-saiba-o-que-preciso-levar-votar\/#primaryimage\"},\"image\":{\"@id\":\"https:\/\/www.suno.com.br\/noticias\/eleicoes-2022-saiba-o-que-preciso-levar-votar\/#primaryimage\"},\"thumbnailUrl\":\"https:\/\/files.sunoresearch.com.br\/n\/uploads\/2021\/09\/50429036346_a9271a4327_o-scaled.jpg\",\"datePublished\":\"2022-10-01T13:34:55+00:00\",\"dateModified\":\"2022-10-01T16:43:26+00:00\",\"description\":\"O primeiro turno das elei\u00e7\u00f5es\u00a0\u00e9 neste domingo (2). Muitos eleitores ainda t\u00eam d\u00favidas sobre o que levar para poder votar. Veja mais!\",\"breadcrumb\":{\"@id\":\"https:\/\/www.suno.com.br\/noticias\/eleicoes-2022-saiba-o-que-preciso-levar-votar\/#breadcrumb\"},\"inLanguage\":\"pt-BR\",\"potentialAction\":[{\"@type\":\"ReadAction\",\"target\":[\"https:\/\/www.suno.com.br\/noticias\/eleicoes-2022-saiba-o-que-preciso-levar-votar\/\"]}]},{\"@type\":\"ImageObject\",\"inLanguage\":\"pt-BR\",\"@id\":\"https:\/\/www.suno.com.br\/noticias\/eleicoes-2022-saiba-o-que-preciso-levar-votar\/#primaryimage\",\"url\":\"https:\/\/files.sunoresearch.com.br\/n\/uploads\/2021\/09\/50429036346_a9271a4327_o-scaled.jpg\",\"contentUrl\":\"https:\/\/files.sunoresearch.com.br\/n\/uploads\/2021\/09\/50429036346_a9271a4327_o-scaled.jpg\",\"width\":2560,\"height\":1707,\"caption\":\"Urna eletr\u00f4nica. Foto: Antonio Augusto\/Ascom\/TSE\"},{\"@type\":\"BreadcrumbList\",\"@id\":\"https:\/\/www.suno.com.br\/noticias\/eleicoes-2022-saiba-o-que-preciso-levar-votar\/#breadcrumb\",\"itemListElement\":[{\"@type\":\"ListItem\",\"position\":1,\"name\":\"Not\u00edcias\",\"item\":\"https:\/\/www.suno.com.br\/noticias\/\"},{\"@type\":\"ListItem\",\"position\":2,\"name\":\"Pol\u00edtica\",\"item\":\"https:\/\/www.suno.com.br\/noticias\/politica\/\"},{\"@type\":\"ListItem\",\"position\":3,\"name\":\"Elei\u00e7\u00f5es 2022: saiba o que \u00e9 preciso levar para votar neste domingo\"}]},{\"@type\":\"WebSite\",\"@id\":\"https:\/\/www.suno.com.br\/noticias\/#website\",\"url\":\"https:\/\/www.suno.com.br\/noticias\/\",\"name\":\"Suno Not\u00edcias\",\"description\":\"Seu portal de informa\u00e7\u00e3o sobre o mundo dos investimentos\",\"publisher\":{\"@id\":\"https:\/\/www.suno.com.br\/noticias\/#organization\"},\"potentialAction\":[{\"@type\":\"SearchAction\",\"target\":{\"@type\":\"EntryPoint\",\"urlTemplate\":\"https:\/\/www.suno.com.br\/noticias\/?s={search_term_string}\"},\"query-input\":{\"@type\":\"PropertyValueSpecification\",\"valueRequired\":true,\"valueName\":\"search_term_string\"}}],\"inLanguage\":\"pt-BR\"},{\"@type\":\"Organization\",\"@id\":\"https:\/\/www.suno.com.br\/noticias\/#organization\",\"name\":\"Suno Not\u00edcias\",\"url\":\"https:\/\/www.suno.com.br\/noticias\/\",\"logo\":{\"@type\":\"ImageObject\",\"inLanguage\":\"pt-BR\",\"@id\":\"https:\/\/www.suno.com.br\/noticias\/#\/schema\/logo\/image\/\",\"url\":\"https:\/\/files.sunoresearch.com.br\/n\/uploads\/2021\/09\/suno-logo.png\",\"contentUrl\":\"https:\/\/files.sunoresearch.com.br\/n\/uploads\/2021\/09\/suno-logo.png\",\"width\":180,\"height\":180,\"caption\":\"Suno Not\u00edcias\"},\"image\":{\"@id\":\"https:\/\/www.suno.com.br\/noticias\/#\/schema\/logo\/image\/\"},\"sameAs\":[\"https:\/\/facebook.com\/sunoresearch\",\"https:\/\/x.com\/sunoresearch\",\"https:\/\/www.instagram.com\/suno\",\"https:\/\/www.linkedin.com\/company\/suno-research\/\",\"https:\/\/www.youtube.com\/c\/sunoresearch\"]},{\"@type\":\"Person\",\"@id\":\"https:\/\/www.suno.com.br\/noticias\/#\/schema\/person\/c9d40f227e4ffee8114b1299c28902b0\",\"name\":\"Beatriz Boyadjian\",\"image\":{\"@type\":\"ImageObject\",\"inLanguage\":\"pt-BR\",\"@id\":\"https:\/\/www.suno.com.br\/noticias\/#\/schema\/person\/image\/\",\"url\":\"https:\/\/secure.gravatar.com\/avatar\/4c3c59f4030e268f950437c4f36e38b7?s=96&r=g\",\"contentUrl\":\"https:\/\/secure.gravatar.com\/avatar\/4c3c59f4030e268f950437c4f36e38b7?s=96&r=g\",\"caption\":\"Beatriz Boyadjian\"},\"description\":\"Rep\u00f3rter multim\u00eddia no Suno Not\u00edcias. Jornalista formada pela Faculdade C\u00e1sper L\u00edbero, foi rep\u00f3rter da Forbes Brasil e atuou na cobertura de hard news, economia, neg\u00f3cios e lifestyle. Gerenciou as redes sociais da edi\u00e7\u00e3o brasileira da tradicional revista de neg\u00f3cios. Na M\u00e1quina Cohn&amp;Wolfe, atuou como rela\u00e7\u00f5es p\u00fablicas de clientes do N\u00facleo de Sa\u00fade da empresa. Produziu releases, notas, relat\u00f3rios, entre outros, para empresas como Biomm, Hypera, FIDI. Anteriormente, respons\u00e1vel pelas redes sociais do Suno Not\u00edcias.\",\"sameAs\":[\"https:\/\/www.linkedin.com\/in\/beatriz-boyadjian\/\"],\"url\":\"https:\/\/www.suno.com.br\/noticias\/author\/beatriz-boyadjian\/\"}]}<\/script>\n<!-- \/ Yoast SEO plugin. -->","yoast_head_json":{"title":"Elei\u00e7\u00f5es 2022: saiba o que \u00e9 preciso levar para votar neste domingo","description":"O primeiro turno das elei\u00e7\u00f5es\u00a0\u00e9 neste domingo (2). Muitos eleitores ainda t\u00eam d\u00favidas sobre o que levar para poder votar. Veja mais!","robots":{"index":"index","follow":"follow","max-snippet":"max-snippet:-1","max-image-preview":"max-image-preview:large","max-video-preview":"max-video-preview:-1"},"canonical":"https:\/\/www.suno.com.br\/noticias\/eleicoes-2022-saiba-o-que-preciso-levar-votar\/","og_locale":"pt_BR","og_type":"article","og_title":"Elei\u00e7\u00f5es 2022: saiba o que \u00e9 preciso levar para votar neste domingo","og_description":"O primeiro turno das elei\u00e7\u00f5es\u00a0\u00e9 neste domingo (2). Muitos eleitores ainda t\u00eam d\u00favidas sobre o que levar para poder votar. Veja mais!","og_url":"https:\/\/www.suno.com.br\/noticias\/eleicoes-2022-saiba-o-que-preciso-levar-votar\/","og_site_name":"Suno Not\u00edcias","article_publisher":"https:\/\/facebook.com\/sunoresearch","og_image":[{"width":2560,"height":1707,"url":"https:\/\/files.sunoresearch.com.br\/n\/uploads\/2021\/09\/50429036346_a9271a4327_o-scaled.jpg","type":"image\/jpeg"}],"author":"Beatriz Boyadjian","twitter_card":"summary_large_image","twitter_creator":"@sunoresearch","twitter_site":"@sunoresearch","twitter_misc":{"Escrito por":"Beatriz Boyadjian","Est. tempo de leitura":"3 minutos"},"schema":{"@context":"https:\/\/schema.org","@graph":[{"@type":"NewsArticle","@id":"https:\/\/www.suno.com.br\/noticias\/eleicoes-2022-saiba-o-que-preciso-levar-votar\/#article","isPartOf":{"@id":"https:\/\/www.suno.com.br\/noticias\/eleicoes-2022-saiba-o-que-preciso-levar-votar\/"},"author":{"name":"Beatriz Boyadjian","@id":"https:\/\/www.suno.com.br\/noticias\/#\/schema\/person\/c9d40f227e4ffee8114b1299c28902b0"},"headline":"Elei\u00e7\u00f5es 2022: saiba o que \u00e9 preciso levar para votar neste domingo","datePublished":"2022-10-01T13:34:55+00:00","dateModified":"2022-10-01T16:43:26+00:00","mainEntityOfPage":{"@id":"https:\/\/www.suno.com.br\/noticias\/eleicoes-2022-saiba-o-que-preciso-levar-votar\/"},"wordCount":501,"publisher":{"@id":"https:\/\/www.suno.com.br\/noticias\/#organization"},"image":{"@id":"https:\/\/www.suno.com.br\/noticias\/eleicoes-2022-saiba-o-que-preciso-levar-votar\/#primaryimage"},"thumbnailUrl":"https:\/\/files.sunoresearch.com.br\/n\/uploads\/2021\/09\/50429036346_a9271a4327_o-scaled.jpg","keywords":["Elei\u00e7\u00f5es"],"articleSection":["Pol\u00edtica"],"inLanguage":"pt-BR"},{"@type":"WebPage","@id":"https:\/\/www.suno.com.br\/noticias\/eleicoes-2022-saiba-o-que-preciso-levar-votar\/","url":"https:\/\/www.suno.com.br\/noticias\/eleicoes-2022-saiba-o-que-preciso-levar-votar\/","name":"Elei\u00e7\u00f5es 2022: saiba o que \u00e9 preciso levar para votar neste domingo","isPartOf":{"@id":"https:\/\/www.suno.com.br\/noticias\/#website"},"primaryImageOfPage":{"@id":"https:\/\/www.suno.com.br\/noticias\/eleicoes-2022-saiba-o-que-preciso-levar-votar\/#primaryimage"},"image":{"@id":"https:\/\/www.suno.com.br\/noticias\/eleicoes-2022-saiba-o-que-preciso-levar-votar\/#primaryimage"},"thumbnailUrl":"https:\/\/files.sunoresearch.com.br\/n\/uploads\/2021\/09\/50429036346_a9271a4327_o-scaled.jpg","datePublished":"2022-10-01T13:34:55+00:00","dateModified":"2022-10-01T16:43:26+00:00","description":"O primeiro turno das elei\u00e7\u00f5es\u00a0\u00e9 neste domingo (2). Muitos eleitores ainda t\u00eam d\u00favidas sobre o que levar para poder votar. Veja mais!","breadcrumb":{"@id":"https:\/\/www.suno.com.br\/noticias\/eleicoes-2022-saiba-o-que-preciso-levar-votar\/#breadcrumb"},"inLanguage":"pt-BR","potentialAction":[{"@type":"ReadAction","target":["https:\/\/www.suno.com.br\/noticias\/eleicoes-2022-saiba-o-que-preciso-levar-votar\/"]}]},{"@type":"ImageObject","inLanguage":"pt-BR","@id":"https:\/\/www.suno.com.br\/noticias\/eleicoes-2022-saiba-o-que-preciso-levar-votar\/#primaryimage","url":"https:\/\/files.sunoresearch.com.br\/n\/uploads\/2021\/09\/50429036346_a9271a4327_o-scaled.jpg","contentUrl":"https:\/\/files.sunoresearch.com.br\/n\/uploads\/2021\/09\/50429036346_a9271a4327_o-scaled.jpg","width":2560,"height":1707,"caption":"Urna eletr\u00f4nica. Foto: Antonio Augusto\/Ascom\/TSE"},{"@type":"BreadcrumbList","@id":"https:\/\/www.suno.com.br\/noticias\/eleicoes-2022-saiba-o-que-preciso-levar-votar\/#breadcrumb","itemListElement":[{"@type":"ListItem","position":1,"name":"Not\u00edcias","item":"https:\/\/www.suno.com.br\/noticias\/"},{"@type":"ListItem","position":2,"name":"Pol\u00edtica","item":"https:\/\/www.suno.com.br\/noticias\/politica\/"},{"@type":"ListItem","position":3,"name":"Elei\u00e7\u00f5es 2022: saiba o que \u00e9 preciso levar para votar neste domingo"}]},{"@type":"WebSite","@id":"https:\/\/www.suno.com.br\/noticias\/#website","url":"https:\/\/www.suno.com.br\/noticias\/","name":"Suno Not\u00edcias","description":"Seu portal de informa\u00e7\u00e3o sobre o mundo dos investimentos","publisher":{"@id":"https:\/\/www.suno.com.br\/noticias\/#organization"},"potentialAction":[{"@type":"SearchAction","target":{"@type":"EntryPoint","urlTemplate":"https:\/\/www.suno.com.br\/noticias\/?s={search_term_string}"},"query-input":{"@type":"PropertyValueSpecification","valueRequired":true,"valueName":"search_term_string"}}],"inLanguage":"pt-BR"},{"@type":"Organization","@id":"https:\/\/www.suno.com.br\/noticias\/#organization","name":"Suno Not\u00edcias","url":"https:\/\/www.suno.com.br\/noticias\/","logo":{"@type":"ImageObject","inLanguage":"pt-BR","@id":"https:\/\/www.suno.com.br\/noticias\/#\/schema\/logo\/image\/","url":"https:\/\/files.sunoresearch.com.br\/n\/uploads\/2021\/09\/suno-logo.png","contentUrl":"https:\/\/files.sunoresearch.com.br\/n\/uploads\/2021\/09\/suno-logo.png","width":180,"height":180,"caption":"Suno Not\u00edcias"},"image":{"@id":"https:\/\/www.suno.com.br\/noticias\/#\/schema\/logo\/image\/"},"sameAs":["https:\/\/facebook.com\/sunoresearch","https:\/\/x.com\/sunoresearch","https:\/\/www.instagram.com\/suno","https:\/\/www.linkedin.com\/company\/suno-research\/","https:\/\/www.youtube.com\/c\/sunoresearch"]},{"@type":"Person","@id":"https:\/\/www.suno.com.br\/noticias\/#\/schema\/person\/c9d40f227e4ffee8114b1299c28902b0","name":"Beatriz Boyadjian","image":{"@type":"ImageObject","inLanguage":"pt-BR","@id":"https:\/\/www.suno.com.br\/noticias\/#\/schema\/person\/image\/","url":"https:\/\/secure.gravatar.com\/avatar\/4c3c59f4030e268f950437c4f36e38b7?s=96&r=g","contentUrl":"https:\/\/secure.gravatar.com\/avatar\/4c3c59f4030e268f950437c4f36e38b7?s=96&r=g","caption":"Beatriz Boyadjian"},"description":"Rep\u00f3rter multim\u00eddia no Suno Not\u00edcias. Jornalista formada pela Faculdade C\u00e1sper L\u00edbero, foi rep\u00f3rter da Forbes Brasil e atuou na cobertura de hard news, economia, neg\u00f3cios e lifestyle. Gerenciou as redes sociais da edi\u00e7\u00e3o brasileira da tradicional revista de neg\u00f3cios. Na M\u00e1quina Cohn&amp;Wolfe, atuou como rela\u00e7\u00f5es p\u00fablicas de clientes do N\u00facleo de Sa\u00fade da empresa. Produziu releases, notas, relat\u00f3rios, entre outros, para empresas como Biomm, Hypera, FIDI. Anteriormente, respons\u00e1vel pelas redes sociais do Suno Not\u00edcias.","sameAs":["https:\/\/www.linkedin.com\/in\/beatriz-boyadjian\/"],"url":"https:\/\/www.suno.com.br\/noticias\/author\/beatriz-boyadjian\/"}]}},"default_loop_html":"<div class=\"cardsPage__listCard__boxs\"><div class=\"cardsPage__listCard__boxs__img\"><a href=\"https:\/\/www.suno.com.br\/noticias\/eleicoes-2022-saiba-o-que-preciso-levar-votar\/\"><img class=\"mask\" src=\"https:\/\/www.suno.com.br\/noticias\/wp-content\/themes\/suno\/resources\/images\/spotlight\/spotlight1img\/bg-mask.png\" alt=\"Image Mask\"\/><img src=\"https:\/\/files.sunoresearch.com.br\/n\/uploads\/2021\/09\/50429036346_a9271a4327_o-400x200.jpg\" alt=\"Elei\u00e7\u00f5es 2022: saiba o que \u00e9 preciso levar para votar neste domingo\"\/><\/a><span class=\"spotlightCategory\"><a href=\"https:\/\/www.suno.com.br\/noticias\/politica\/\">Pol\u00edtica<\/a><\/span><\/div><div class=\"cardsPage__listCard__boxs__content\"><a href=\"https:\/\/www.suno.com.br\/noticias\/eleicoes-2022-saiba-o-que-preciso-levar-votar\/\"><h2 class=\"content__title\">Elei\u00e7\u00f5es 2022: saiba o que \u00e9 preciso levar para votar neste domingo<\/h2><\/a><div class=\"newsContent__article__meta\"><div class=\"newsContent__article__meta__authorBox\"><a href=\"https:\/\/www.suno.com.br\/noticias\/author\/beatriz-boyadjian\/\" class=\"authorBox__avatar noMobi\"><img src=\"https:\/\/secure.gravatar.com\/avatar\/4c3c59f4030e268f950437c4f36e38b7?s=96&#038;r=g\" alt=\"Beatriz Boyadjian\"><\/a><div class=\"authorBox__name\"><span>por\n\t\t\t<a href=\"https:\/\/www.suno.com.br\/noticias\/author\/beatriz-boyadjian\/\"><span itemprop=\"author\">Beatriz Boyadjian<\/span><\/a><\/span><time datetime=\"2022-10-01T10:34:55-03:00\" itemprop=\"datePublished\">01\/10\/2022 10:34<\/time><\/div><\/div><\/div><\/div><\/div>","single_layout":"posts","amp_enabled":true,"_links":{"self":[{"href":"https:\/\/www.suno.com.br\/noticias\/wp-json\/wp\/v2\/posts\/303929"}],"collection":[{"href":"https:\/\/www.suno.com.br\/noticias\/wp-json\/wp\/v2\/posts"}],"about":[{"href":"https:\/\/www.suno.com.br\/noticias\/wp-json\/wp\/v2\/types\/post"}],"author":[{"embeddable":true,"href":"https:\/\/www.suno.com.br\/noticias\/wp-json\/wp\/v2\/users\/70"}],"replies":[{"embeddable":true,"href":"https:\/\/www.suno.com.br\/noticias\/wp-json\/wp\/v2\/comments?post=303929"}],"version-history":[{"count":3,"href":"https:\/\/www.suno.com.br\/noticias\/wp-json\/wp\/v2\/posts\/303929\/revisions"}],"predecessor-version":[{"id":303959,"href":"https:\/\/www.suno.com.br\/noticias\/wp-json\/wp\/v2\/posts\/303929\/revisions\/303959"}],"wp:featuredmedia":[{"embeddable":true,"href":"https:\/\/www.suno.com.br\/noticias\/wp-json\/wp\/v2\/media\/183004"}],"wp:attachment":[{"href":"https:\/\/www.suno.com.br\/noticias\/wp-json\/wp\/v2\/media?parent=303929"}],"wp:term":[{"taxonomy":"category","embeddable":true,"href":"https:\/\/www.suno.com.br\/noticias\/wp-json\/wp\/v2\/categories?post=303929"},{"taxonomy":"post_tag","embeddable":true,"href":"https:\/\/www.suno.com.br\/noticias\/wp-json\/wp\/v2\/tags?post=303929"},{"taxonomy":"suno_strategy","embeddable":true,"href":"https:\/\/www.suno.com.br\/noticias\/wp-json\/wp\/v2\/suno_strategy?post=303929"}],"curies":[{"name":"wp","href":"https:\/\/api.w.org\/{rel}","templated":true}]}}