{"id":30382,"date":"2019-07-08T12:06:38","date_gmt":"2019-07-08T15:06:38","guid":{"rendered":"https:\/\/www.suno.com.br\/noticias\/?p=30382"},"modified":"2021-06-13T23:42:54","modified_gmt":"2021-06-14T02:42:54","slug":"ira-estados-unidos-uranio","status":"publish","type":"post","link":"https:\/\/www.suno.com.br\/noticias\/ira-estados-unidos-uranio\/","title":{"rendered":"Ir\u00e3 amea\u00e7a aumentar enriquecimento de ur\u00e2nio em 20%"},"content":{"rendered":"<p>O governo do Ir\u00e3 amea\u00e7a aumentar o <strong>enriquecimento<\/strong> de <strong>ur\u00e2nio<\/strong> em 20% se os pa\u00edses n\u00e3o contornarem as san\u00e7\u00f5es econ\u00f4micas impostas pelos <strong>Estados Unidos<\/strong>. Dessa forma, a medida tem como impacto a viola\u00e7\u00e3o do acordo nuclear firmado em 2015.<\/p>\t<div class=\"wrapper-featured-image\">\n\t\t<figure class=\"spotlightImg\">\n\n\t\t\t<picture>\n\t\t\t\t<source media=\"(max-width: 768px)\" srcset=\"https:\/\/files.sunoresearch.com.br\/n\/uploads\/2019\/07\/78cf0d63-ira-amea\u00e7a-aumenta-uranio-enriquecido-400x200.webp\">\n\t\t\t\t<img loading=\"lazy\" decoding=\"async\" class=\"newsContent__article__imgCapa lazyloadDisabled newsContent__article__imgCapa--noCaption\" src=\"https:\/\/files.sunoresearch.com.br\/n\/uploads\/2019\/07\/78cf0d63-ira-amea\u00e7a-aumenta-uranio-enriquecido-800x450.webp\" width=\"800\" height=\"450\" alt=\"Ir\u00e3 amea\u00e7a aumentar enriquecimento de ur\u00e2nio em 20%\" fetchpriority=high \/>\n\t\t\t<\/picture>\n\n\t\t\t<figcaption class=\"wp-caption-text wp-caption-text--hide\">Como as san\u00e7\u00f5es econ\u00f4micas podem impactar na rela\u00e7\u00e3o comercial Brasil-Ir\u00e3 <\/figcaption>\n\t\t<\/figure>\n\t<\/div>\n\n\n<p>O aquecimento do ur\u00e2nio em 20% continua distante do necess\u00e1rio para produ\u00e7\u00e3o de bomba at\u00f4mica, de 90%. A amea\u00e7a foi feita nesta segunda-feira (8), pelo porta-voz da Organiza\u00e7\u00e3o do<strong> Ir\u00e3<\/strong> para Energia At\u00f4mica, Behrouz Kamalvadi.<\/p>\n\t<p>\n\t\t<a href=\"https:\/\/lp.suno.com.br\/asset\/fundos\/suno-fic-fia\/\" target=\"_blank\" data-element=\"shortcode-suno-banner\" title=\"Banner SUNO, clique e saiba mais\">\n\t\t\t<picture>\n\t\t\t\t<source media=\"(max-width: 500px)\" srcset=\"https:\/\/files.sunoresearch.com.br\/n\/uploads\/2023\/10\/SUNO-FIC-FIA-400x300-Mobile-Artigos-5-v3.png\">\n\t\t\t\t<img class=\"newsContent__article__imgCapa newsContent__article__imgCapa--banner\"\n\t\t\t\t\tsrc=\"https:\/\/files.sunoresearch.com.br\/n\/uploads\/2023\/10\/SUNO-FIC-FIA-1420x240-Banner-Artigos-1-_-Banner-Materias-4-v3-png.webp\"\n\t\t\t\t\tdata-promo-id=\"478744\"\t\t\t\t\t\t\t\t\t\twidth='2560' height='433'\t\t\t\t\talt=\"https:\/\/files.sunoresearch.com.br\/n\/uploads\/2023\/10\/SUNO-FIC-FIA-1420x240-Banner-Artigos-1-_-Banner-Materias-4-v3-png.webp\"\n\t\t\t\t>\n\t\t\t<\/picture>\n\t\t<\/a>\n\t<\/p>\n\n\n<p>&#8220;A press\u00e3o m\u00e1xima dos Estados Unidos sobre o Ir\u00e3 \u00e9 a fonte da crise nuclear iraniana. Os fatos demonstram que a intimida\u00e7\u00e3o unilateral se torna cada dia mais perigosos e crises ainda mais importante&#8221;, disse o porta-voz do minist\u00e9rio chin\u00eas das Rela\u00e7\u00f5es Exteriores, Geng Shuang.<\/p>\n<p>Por sua vez, o representante da Comiss\u00e3o Europeia disse que a Europa est\u00e1 preocupada. &#8220;Estamos extremamente preocupados pelos an\u00fancios de que o Ir\u00e3 enriquecer\u00e1 ur\u00e2nio al\u00e9m do limite previsto no acordo nuclear&#8221;, disse o porta-voz.<\/p>\n<p>O acordo nuclear \u00e9 feito pela:<\/p>\n<ul>\n<li>Uni\u00e3o Europeia;<\/li>\n<li>China;<\/li>\n<li>Fran\u00e7a<\/li>\n<li>Reino Unido;<\/li>\n<li>e R\u00fassia.<\/li>\n<\/ul>\n<p>Os Estados Unidos fazia parte, no entanto, no ano passado decidiram deixar o acordo.<\/p>\n<h2>Ir\u00e3 x Estados Unidos<\/h2>\n<p>A disputa entre o Ir\u00e3 e os EUA tiveram inicio ap\u00f3s o pa\u00eds norte-americano acusar o pa\u00eds persa de atacar navios petroleiros no golfo de Om\u00e3.<\/p>\n<p>Ap\u00f3s esse epis\u00f3dio, o Ir\u00e3 derrubou um drone de vigil\u00e2ncia dos EUA. O pa\u00eds do Oriente M\u00e9dio, afirma que a aeronave havia violado o espa\u00e7o a\u00e9reo iraniano. Por sua vez, o pa\u00eds ameriano diz que n\u00e3o violou.<\/p>\n<p><a href=\"\/\/www.suno.com.br\/noticias\/donald-trump-sancoes-economicas-ira\/\">Saiba Mais:\u00a0Donald Trump aplica novas san\u00e7\u00f5es econ\u00f4micas ao Ir\u00e3<\/a><\/p>\n<p>Dessa forma, os EUA iriam atacar militarmente ao pa\u00eds do Oriente M\u00e9dio. No entanto, desistiram por acreditar que as consequ\u00eancias seriam desproporcionais. Por\u00e9m, o pa\u00eds americano atacou ciberneticamente os computadores militares iranianos . Dessa forma, os computadores foram derrubados.<\/p>\n<p>No dia 24 de junho, o presidente <a href=\"http:\/\/www.donaldjtrump.com\/\">Donald Trump<\/a> oficializou as novas san\u00e7\u00f5es ao <strong>Ir\u00e3<\/strong>. O presidente afirmou que n\u00e3o permitir\u00e1 que o pa\u00eds persa tenha acesso a armas nucleares.<\/p>\n","protected":false},"excerpt":{"rendered":"<p>O governo do Ir\u00e3 amea\u00e7a aumentar o enriquecimento de ur\u00e2nio em 20% se os pa\u00edses n\u00e3o contornarem as san\u00e7\u00f5es econ\u00f4micas impostas pelos Estados Unidos. Dessa forma, a medida tem como impacto a viola\u00e7\u00e3o do acordo nuclear firmado em 2015. Como as san\u00e7\u00f5es econ\u00f4micas podem impactar na rela\u00e7\u00e3o comercial Brasil-Ir\u00e3 O aquecimento do ur\u00e2nio em 20% [&hellip;]<\/p>\n","protected":false},"author":15,"featured_media":30392,"comment_status":"closed","ping_status":"closed","sticky":false,"template":"","format":"standard","meta":[],"categories":[63],"tags":[793,1458],"suno_strategy":[],"class_list":["post-30382","post","type-post","status-publish","format-standard","has-post-thumbnail","hentry","category-internacional","tag-estados-unidos-eua","tag-ira"],"yoast_head":"<!-- This site is optimized with the Yoast SEO plugin v24.4 - https:\/\/yoast.com\/wordpress\/plugins\/seo\/ -->\n<title>Ir\u00e3 amea\u00e7a aumentar enriquecimento de ur\u00e2nio em 20%<\/title>\n<meta name=\"description\" content=\"O Ir\u00e3 amea\u00e7a aumentar o aquecimento de ur\u00e2nio em 20% se os pa\u00edses n\u00e3o contornarem as san\u00e7\u00f5es econ\u00f4micas impostas pelos EUA. Clique aqui\" \/>\n<meta name=\"robots\" content=\"index, follow, max-snippet:-1, max-image-preview:large, max-video-preview:-1\" \/>\n<link rel=\"canonical\" href=\"https:\/\/www.suno.com.br\/noticias\/ira-estados-unidos-uranio\/\" \/>\n<meta property=\"og:locale\" content=\"pt_BR\" \/>\n<meta property=\"og:type\" content=\"article\" \/>\n<meta property=\"og:title\" content=\"Ir\u00e3 amea\u00e7a aumentar enriquecimento de ur\u00e2nio em 20%\" \/>\n<meta property=\"og:description\" content=\"O Ir\u00e3 amea\u00e7a aumentar o aquecimento de ur\u00e2nio em 20% se os pa\u00edses n\u00e3o contornarem as san\u00e7\u00f5es econ\u00f4micas impostas pelos EUA. Clique aqui\" \/>\n<meta property=\"og:url\" content=\"https:\/\/www.suno.com.br\/noticias\/ira-estados-unidos-uranio\/\" \/>\n<meta property=\"og:site_name\" content=\"Suno Not\u00edcias\" \/>\n<meta property=\"article:publisher\" content=\"https:\/\/facebook.com\/sunoresearch\" \/>\n<meta property=\"og:image\" content=\"https:\/\/files.sunoresearch.com.br\/n\/uploads\/2019\/07\/78cf0d63-ira-amea\u00e7a-aumenta-uranio-enriquecido.jpg\" \/>\n\t<meta property=\"og:image:width\" content=\"1000\" \/>\n\t<meta property=\"og:image:height\" content=\"541\" \/>\n\t<meta property=\"og:image:type\" content=\"image\/jpeg\" \/>\n<meta name=\"author\" content=\"Poliana Santos\" \/>\n<meta name=\"twitter:card\" content=\"summary_large_image\" \/>\n<meta name=\"twitter:creator\" content=\"@sunoresearch\" \/>\n<meta name=\"twitter:site\" content=\"@sunoresearch\" \/>\n<meta name=\"twitter:label1\" content=\"Escrito por\" \/>\n\t<meta name=\"twitter:data1\" content=\"Poliana Santos\" \/>\n\t<meta name=\"twitter:label2\" content=\"Est. tempo de leitura\" \/>\n\t<meta name=\"twitter:data2\" content=\"2 minutos\" \/>\n<script type=\"application\/ld+json\" class=\"yoast-schema-graph\">{\"@context\":\"https:\/\/schema.org\",\"@graph\":[{\"@type\":\"NewsArticle\",\"@id\":\"https:\/\/www.suno.com.br\/noticias\/ira-estados-unidos-uranio\/#article\",\"isPartOf\":{\"@id\":\"https:\/\/www.suno.com.br\/noticias\/ira-estados-unidos-uranio\/\"},\"author\":{\"name\":\"Poliana Santos\",\"@id\":\"https:\/\/www.suno.com.br\/noticias\/#\/schema\/person\/02ec1f752758247878a2bf4abee1aeda\"},\"headline\":\"Ir\u00e3 amea\u00e7a aumentar enriquecimento de ur\u00e2nio em 20%\",\"datePublished\":\"2019-07-08T15:06:38+00:00\",\"dateModified\":\"2021-06-14T02:42:54+00:00\",\"mainEntityOfPage\":{\"@id\":\"https:\/\/www.suno.com.br\/noticias\/ira-estados-unidos-uranio\/\"},\"wordCount\":380,\"publisher\":{\"@id\":\"https:\/\/www.suno.com.br\/noticias\/#organization\"},\"image\":{\"@id\":\"https:\/\/www.suno.com.br\/noticias\/ira-estados-unidos-uranio\/#primaryimage\"},\"thumbnailUrl\":\"https:\/\/files.sunoresearch.com.br\/n\/uploads\/2019\/07\/78cf0d63-ira-amea\u00e7a-aumenta-uranio-enriquecido-jpg.webp\",\"keywords\":[\"Estados Unidos (EUA)\",\"Ir\u00e3\"],\"articleSection\":[\"Internacional\"],\"inLanguage\":\"pt-BR\"},{\"@type\":\"WebPage\",\"@id\":\"https:\/\/www.suno.com.br\/noticias\/ira-estados-unidos-uranio\/\",\"url\":\"https:\/\/www.suno.com.br\/noticias\/ira-estados-unidos-uranio\/\",\"name\":\"Ir\u00e3 amea\u00e7a aumentar enriquecimento de ur\u00e2nio em 20%\",\"isPartOf\":{\"@id\":\"https:\/\/www.suno.com.br\/noticias\/#website\"},\"primaryImageOfPage\":{\"@id\":\"https:\/\/www.suno.com.br\/noticias\/ira-estados-unidos-uranio\/#primaryimage\"},\"image\":{\"@id\":\"https:\/\/www.suno.com.br\/noticias\/ira-estados-unidos-uranio\/#primaryimage\"},\"thumbnailUrl\":\"https:\/\/files.sunoresearch.com.br\/n\/uploads\/2019\/07\/78cf0d63-ira-amea\u00e7a-aumenta-uranio-enriquecido-jpg.webp\",\"datePublished\":\"2019-07-08T15:06:38+00:00\",\"dateModified\":\"2021-06-14T02:42:54+00:00\",\"description\":\"O Ir\u00e3 amea\u00e7a aumentar o aquecimento de ur\u00e2nio em 20% se os pa\u00edses n\u00e3o contornarem as san\u00e7\u00f5es econ\u00f4micas impostas pelos EUA. Clique aqui\",\"breadcrumb\":{\"@id\":\"https:\/\/www.suno.com.br\/noticias\/ira-estados-unidos-uranio\/#breadcrumb\"},\"inLanguage\":\"pt-BR\",\"potentialAction\":[{\"@type\":\"ReadAction\",\"target\":[\"https:\/\/www.suno.com.br\/noticias\/ira-estados-unidos-uranio\/\"]}]},{\"@type\":\"ImageObject\",\"inLanguage\":\"pt-BR\",\"@id\":\"https:\/\/www.suno.com.br\/noticias\/ira-estados-unidos-uranio\/#primaryimage\",\"url\":\"https:\/\/files.sunoresearch.com.br\/n\/uploads\/2019\/07\/78cf0d63-ira-amea\u00e7a-aumenta-uranio-enriquecido-jpg.webp\",\"contentUrl\":\"https:\/\/files.sunoresearch.com.br\/n\/uploads\/2019\/07\/78cf0d63-ira-amea\u00e7a-aumenta-uranio-enriquecido-jpg.webp\",\"width\":1000,\"height\":541,\"caption\":\"Como as san\u00e7\u00f5es econ\u00f4micas podem impactar na rela\u00e7\u00e3o comercial Brasil-Ir\u00e3\"},{\"@type\":\"BreadcrumbList\",\"@id\":\"https:\/\/www.suno.com.br\/noticias\/ira-estados-unidos-uranio\/#breadcrumb\",\"itemListElement\":[{\"@type\":\"ListItem\",\"position\":1,\"name\":\"Not\u00edcias\",\"item\":\"https:\/\/www.suno.com.br\/noticias\/\"},{\"@type\":\"ListItem\",\"position\":2,\"name\":\"Internacional\",\"item\":\"https:\/\/www.suno.com.br\/noticias\/internacional\/\"},{\"@type\":\"ListItem\",\"position\":3,\"name\":\"Ir\u00e3 amea\u00e7a aumentar enriquecimento de ur\u00e2nio em 20%\"}]},{\"@type\":\"WebSite\",\"@id\":\"https:\/\/www.suno.com.br\/noticias\/#website\",\"url\":\"https:\/\/www.suno.com.br\/noticias\/\",\"name\":\"Suno Not\u00edcias\",\"description\":\"Seu portal de informa\u00e7\u00e3o sobre o mundo dos investimentos\",\"publisher\":{\"@id\":\"https:\/\/www.suno.com.br\/noticias\/#organization\"},\"potentialAction\":[{\"@type\":\"SearchAction\",\"target\":{\"@type\":\"EntryPoint\",\"urlTemplate\":\"https:\/\/www.suno.com.br\/noticias\/?s={search_term_string}\"},\"query-input\":{\"@type\":\"PropertyValueSpecification\",\"valueRequired\":true,\"valueName\":\"search_term_string\"}}],\"inLanguage\":\"pt-BR\"},{\"@type\":\"Organization\",\"@id\":\"https:\/\/www.suno.com.br\/noticias\/#organization\",\"name\":\"Suno Not\u00edcias\",\"url\":\"https:\/\/www.suno.com.br\/noticias\/\",\"logo\":{\"@type\":\"ImageObject\",\"inLanguage\":\"pt-BR\",\"@id\":\"https:\/\/www.suno.com.br\/noticias\/#\/schema\/logo\/image\/\",\"url\":\"https:\/\/files.sunoresearch.com.br\/n\/uploads\/2021\/09\/suno-logo.png\",\"contentUrl\":\"https:\/\/files.sunoresearch.com.br\/n\/uploads\/2021\/09\/suno-logo.png\",\"width\":180,\"height\":180,\"caption\":\"Suno Not\u00edcias\"},\"image\":{\"@id\":\"https:\/\/www.suno.com.br\/noticias\/#\/schema\/logo\/image\/\"},\"sameAs\":[\"https:\/\/facebook.com\/sunoresearch\",\"https:\/\/x.com\/sunoresearch\",\"https:\/\/www.instagram.com\/suno\",\"https:\/\/www.linkedin.com\/company\/suno-research\/\",\"https:\/\/www.youtube.com\/c\/sunoresearch\"]},{\"@type\":\"Person\",\"@id\":\"https:\/\/www.suno.com.br\/noticias\/#\/schema\/person\/02ec1f752758247878a2bf4abee1aeda\",\"name\":\"Poliana Santos\",\"image\":{\"@type\":\"ImageObject\",\"inLanguage\":\"pt-BR\",\"@id\":\"https:\/\/www.suno.com.br\/noticias\/#\/schema\/person\/image\/\",\"url\":\"https:\/\/secure.gravatar.com\/avatar\/0645bd32f23d87b2130f2b2dff1d3f8d?s=96&r=g\",\"contentUrl\":\"https:\/\/secure.gravatar.com\/avatar\/0645bd32f23d87b2130f2b2dff1d3f8d?s=96&r=g\",\"caption\":\"Poliana Santos\"},\"description\":\"Rep\u00f3rter no Suno Not\u00edcias, com cobertura em mercado financeiro, economia, finan\u00e7as pessoais, renda fixa e varejo. Jornalista formada pela Faculdade C\u00e1sper L\u00edbero e possui passagem na R\u00e1dio Gazeta AM com a produ\u00e7\u00e3o de conte\u00fado sobre economia, pol\u00edtica, sa\u00fade, moda e m\u00fasica. Possui certificado de conclus\u00e3o do curso de An\u00e1lise de Balan\u00e7os pela Funda\u00e7\u00e3o Bradesco, Agenda Brasil pela FAAP, Educa\u00e7\u00e3o Pol\u00edtica por Alexandre Garcia e do Tesouro Direto e Mercado de A\u00e7\u00f5es pela B3.\",\"url\":\"https:\/\/www.suno.com.br\/noticias\/author\/poliana-santos\/\"}]}<\/script>\n<!-- \/ Yoast SEO plugin. -->","yoast_head_json":{"title":"Ir\u00e3 amea\u00e7a aumentar enriquecimento de ur\u00e2nio em 20%","description":"O Ir\u00e3 amea\u00e7a aumentar o aquecimento de ur\u00e2nio em 20% se os pa\u00edses n\u00e3o contornarem as san\u00e7\u00f5es econ\u00f4micas impostas pelos EUA. Clique aqui","robots":{"index":"index","follow":"follow","max-snippet":"max-snippet:-1","max-image-preview":"max-image-preview:large","max-video-preview":"max-video-preview:-1"},"canonical":"https:\/\/www.suno.com.br\/noticias\/ira-estados-unidos-uranio\/","og_locale":"pt_BR","og_type":"article","og_title":"Ir\u00e3 amea\u00e7a aumentar enriquecimento de ur\u00e2nio em 20%","og_description":"O Ir\u00e3 amea\u00e7a aumentar o aquecimento de ur\u00e2nio em 20% se os pa\u00edses n\u00e3o contornarem as san\u00e7\u00f5es econ\u00f4micas impostas pelos EUA. Clique aqui","og_url":"https:\/\/www.suno.com.br\/noticias\/ira-estados-unidos-uranio\/","og_site_name":"Suno Not\u00edcias","article_publisher":"https:\/\/facebook.com\/sunoresearch","og_image":[{"width":1000,"height":541,"url":"https:\/\/files.sunoresearch.com.br\/n\/uploads\/2019\/07\/78cf0d63-ira-amea\u00e7a-aumenta-uranio-enriquecido.jpg","type":"image\/jpeg"}],"author":"Poliana Santos","twitter_card":"summary_large_image","twitter_creator":"@sunoresearch","twitter_site":"@sunoresearch","twitter_misc":{"Escrito por":"Poliana Santos","Est. tempo de leitura":"2 minutos"},"schema":{"@context":"https:\/\/schema.org","@graph":[{"@type":"NewsArticle","@id":"https:\/\/www.suno.com.br\/noticias\/ira-estados-unidos-uranio\/#article","isPartOf":{"@id":"https:\/\/www.suno.com.br\/noticias\/ira-estados-unidos-uranio\/"},"author":{"name":"Poliana Santos","@id":"https:\/\/www.suno.com.br\/noticias\/#\/schema\/person\/02ec1f752758247878a2bf4abee1aeda"},"headline":"Ir\u00e3 amea\u00e7a aumentar enriquecimento de ur\u00e2nio em 20%","datePublished":"2019-07-08T15:06:38+00:00","dateModified":"2021-06-14T02:42:54+00:00","mainEntityOfPage":{"@id":"https:\/\/www.suno.com.br\/noticias\/ira-estados-unidos-uranio\/"},"wordCount":380,"publisher":{"@id":"https:\/\/www.suno.com.br\/noticias\/#organization"},"image":{"@id":"https:\/\/www.suno.com.br\/noticias\/ira-estados-unidos-uranio\/#primaryimage"},"thumbnailUrl":"https:\/\/files.sunoresearch.com.br\/n\/uploads\/2019\/07\/78cf0d63-ira-amea\u00e7a-aumenta-uranio-enriquecido-jpg.webp","keywords":["Estados Unidos (EUA)","Ir\u00e3"],"articleSection":["Internacional"],"inLanguage":"pt-BR"},{"@type":"WebPage","@id":"https:\/\/www.suno.com.br\/noticias\/ira-estados-unidos-uranio\/","url":"https:\/\/www.suno.com.br\/noticias\/ira-estados-unidos-uranio\/","name":"Ir\u00e3 amea\u00e7a aumentar enriquecimento de ur\u00e2nio em 20%","isPartOf":{"@id":"https:\/\/www.suno.com.br\/noticias\/#website"},"primaryImageOfPage":{"@id":"https:\/\/www.suno.com.br\/noticias\/ira-estados-unidos-uranio\/#primaryimage"},"image":{"@id":"https:\/\/www.suno.com.br\/noticias\/ira-estados-unidos-uranio\/#primaryimage"},"thumbnailUrl":"https:\/\/files.sunoresearch.com.br\/n\/uploads\/2019\/07\/78cf0d63-ira-amea\u00e7a-aumenta-uranio-enriquecido-jpg.webp","datePublished":"2019-07-08T15:06:38+00:00","dateModified":"2021-06-14T02:42:54+00:00","description":"O Ir\u00e3 amea\u00e7a aumentar o aquecimento de ur\u00e2nio em 20% se os pa\u00edses n\u00e3o contornarem as san\u00e7\u00f5es econ\u00f4micas impostas pelos EUA. Clique aqui","breadcrumb":{"@id":"https:\/\/www.suno.com.br\/noticias\/ira-estados-unidos-uranio\/#breadcrumb"},"inLanguage":"pt-BR","potentialAction":[{"@type":"ReadAction","target":["https:\/\/www.suno.com.br\/noticias\/ira-estados-unidos-uranio\/"]}]},{"@type":"ImageObject","inLanguage":"pt-BR","@id":"https:\/\/www.suno.com.br\/noticias\/ira-estados-unidos-uranio\/#primaryimage","url":"https:\/\/files.sunoresearch.com.br\/n\/uploads\/2019\/07\/78cf0d63-ira-amea\u00e7a-aumenta-uranio-enriquecido-jpg.webp","contentUrl":"https:\/\/files.sunoresearch.com.br\/n\/uploads\/2019\/07\/78cf0d63-ira-amea\u00e7a-aumenta-uranio-enriquecido-jpg.webp","width":1000,"height":541,"caption":"Como as san\u00e7\u00f5es econ\u00f4micas podem impactar na rela\u00e7\u00e3o comercial Brasil-Ir\u00e3"},{"@type":"BreadcrumbList","@id":"https:\/\/www.suno.com.br\/noticias\/ira-estados-unidos-uranio\/#breadcrumb","itemListElement":[{"@type":"ListItem","position":1,"name":"Not\u00edcias","item":"https:\/\/www.suno.com.br\/noticias\/"},{"@type":"ListItem","position":2,"name":"Internacional","item":"https:\/\/www.suno.com.br\/noticias\/internacional\/"},{"@type":"ListItem","position":3,"name":"Ir\u00e3 amea\u00e7a aumentar enriquecimento de ur\u00e2nio em 20%"}]},{"@type":"WebSite","@id":"https:\/\/www.suno.com.br\/noticias\/#website","url":"https:\/\/www.suno.com.br\/noticias\/","name":"Suno Not\u00edcias","description":"Seu portal de informa\u00e7\u00e3o sobre o mundo dos investimentos","publisher":{"@id":"https:\/\/www.suno.com.br\/noticias\/#organization"},"potentialAction":[{"@type":"SearchAction","target":{"@type":"EntryPoint","urlTemplate":"https:\/\/www.suno.com.br\/noticias\/?s={search_term_string}"},"query-input":{"@type":"PropertyValueSpecification","valueRequired":true,"valueName":"search_term_string"}}],"inLanguage":"pt-BR"},{"@type":"Organization","@id":"https:\/\/www.suno.com.br\/noticias\/#organization","name":"Suno Not\u00edcias","url":"https:\/\/www.suno.com.br\/noticias\/","logo":{"@type":"ImageObject","inLanguage":"pt-BR","@id":"https:\/\/www.suno.com.br\/noticias\/#\/schema\/logo\/image\/","url":"https:\/\/files.sunoresearch.com.br\/n\/uploads\/2021\/09\/suno-logo.png","contentUrl":"https:\/\/files.sunoresearch.com.br\/n\/uploads\/2021\/09\/suno-logo.png","width":180,"height":180,"caption":"Suno Not\u00edcias"},"image":{"@id":"https:\/\/www.suno.com.br\/noticias\/#\/schema\/logo\/image\/"},"sameAs":["https:\/\/facebook.com\/sunoresearch","https:\/\/x.com\/sunoresearch","https:\/\/www.instagram.com\/suno","https:\/\/www.linkedin.com\/company\/suno-research\/","https:\/\/www.youtube.com\/c\/sunoresearch"]},{"@type":"Person","@id":"https:\/\/www.suno.com.br\/noticias\/#\/schema\/person\/02ec1f752758247878a2bf4abee1aeda","name":"Poliana Santos","image":{"@type":"ImageObject","inLanguage":"pt-BR","@id":"https:\/\/www.suno.com.br\/noticias\/#\/schema\/person\/image\/","url":"https:\/\/secure.gravatar.com\/avatar\/0645bd32f23d87b2130f2b2dff1d3f8d?s=96&r=g","contentUrl":"https:\/\/secure.gravatar.com\/avatar\/0645bd32f23d87b2130f2b2dff1d3f8d?s=96&r=g","caption":"Poliana Santos"},"description":"Rep\u00f3rter no Suno Not\u00edcias, com cobertura em mercado financeiro, economia, finan\u00e7as pessoais, renda fixa e varejo. Jornalista formada pela Faculdade C\u00e1sper L\u00edbero e possui passagem na R\u00e1dio Gazeta AM com a produ\u00e7\u00e3o de conte\u00fado sobre economia, pol\u00edtica, sa\u00fade, moda e m\u00fasica. Possui certificado de conclus\u00e3o do curso de An\u00e1lise de Balan\u00e7os pela Funda\u00e7\u00e3o Bradesco, Agenda Brasil pela FAAP, Educa\u00e7\u00e3o Pol\u00edtica por Alexandre Garcia e do Tesouro Direto e Mercado de A\u00e7\u00f5es pela B3.","url":"https:\/\/www.suno.com.br\/noticias\/author\/poliana-santos\/"}]}},"default_loop_html":"<div class=\"cardsPage__listCard__boxs\"><div class=\"cardsPage__listCard__boxs__img\"><a href=\"https:\/\/www.suno.com.br\/noticias\/ira-estados-unidos-uranio\/\"><img class=\"mask\" src=\"https:\/\/www.suno.com.br\/noticias\/wp-content\/themes\/suno\/resources\/images\/spotlight\/spotlight1img\/bg-mask.png\" alt=\"Image Mask\"\/><img src=\"https:\/\/files.sunoresearch.com.br\/n\/uploads\/2019\/07\/78cf0d63-ira-amea\u00e7a-aumenta-uranio-enriquecido-400x200.webp\" alt=\"Ir\u00e3 amea\u00e7a aumentar enriquecimento de ur\u00e2nio em 20%\"\/><\/a><span class=\"spotlightCategory\"><a href=\"https:\/\/www.suno.com.br\/noticias\/internacional\/\">Internacional<\/a><\/span><\/div><div class=\"cardsPage__listCard__boxs__content\"><a href=\"https:\/\/www.suno.com.br\/noticias\/ira-estados-unidos-uranio\/\"><h2 class=\"content__title\">Ir\u00e3 amea\u00e7a aumentar enriquecimento de ur\u00e2nio em 20%<\/h2><\/a><div class=\"newsContent__article__meta\"><div class=\"newsContent__article__meta__authorBox\"><a href=\"https:\/\/www.suno.com.br\/noticias\/author\/poliana-santos\/\" class=\"authorBox__avatar noMobi\"><img src=\"https:\/\/files.sunoresearch.com.br\/n\/uploads\/2020\/08\/7ef34026-whatsapp-image-2020-08-03-at-12.37.57-150x150.webp\" alt=\"Poliana Santos\"><\/a><div class=\"authorBox__name\"><span>por\n\t\t\t<a href=\"https:\/\/www.suno.com.br\/noticias\/author\/poliana-santos\/\"><span itemprop=\"author\">Poliana Santos<\/span><\/a><\/span><time datetime=\"2019-07-08T12:06:38-03:00\" itemprop=\"datePublished\">08\/07\/2019 12:06<\/time><\/div><\/div><\/div><\/div><\/div>","single_layout":"posts","amp_enabled":true,"_links":{"self":[{"href":"https:\/\/www.suno.com.br\/noticias\/wp-json\/wp\/v2\/posts\/30382"}],"collection":[{"href":"https:\/\/www.suno.com.br\/noticias\/wp-json\/wp\/v2\/posts"}],"about":[{"href":"https:\/\/www.suno.com.br\/noticias\/wp-json\/wp\/v2\/types\/post"}],"author":[{"embeddable":true,"href":"https:\/\/www.suno.com.br\/noticias\/wp-json\/wp\/v2\/users\/15"}],"replies":[{"embeddable":true,"href":"https:\/\/www.suno.com.br\/noticias\/wp-json\/wp\/v2\/comments?post=30382"}],"version-history":[{"count":1,"href":"https:\/\/www.suno.com.br\/noticias\/wp-json\/wp\/v2\/posts\/30382\/revisions"}],"predecessor-version":[{"id":157310,"href":"https:\/\/www.suno.com.br\/noticias\/wp-json\/wp\/v2\/posts\/30382\/revisions\/157310"}],"wp:featuredmedia":[{"embeddable":true,"href":"https:\/\/www.suno.com.br\/noticias\/wp-json\/wp\/v2\/media\/30392"}],"wp:attachment":[{"href":"https:\/\/www.suno.com.br\/noticias\/wp-json\/wp\/v2\/media?parent=30382"}],"wp:term":[{"taxonomy":"category","embeddable":true,"href":"https:\/\/www.suno.com.br\/noticias\/wp-json\/wp\/v2\/categories?post=30382"},{"taxonomy":"post_tag","embeddable":true,"href":"https:\/\/www.suno.com.br\/noticias\/wp-json\/wp\/v2\/tags?post=30382"},{"taxonomy":"suno_strategy","embeddable":true,"href":"https:\/\/www.suno.com.br\/noticias\/wp-json\/wp\/v2\/suno_strategy?post=30382"}],"curies":[{"name":"wp","href":"https:\/\/api.w.org\/{rel}","templated":true}]}}