{"id":30367,"date":"2019-07-08T11:12:21","date_gmt":"2019-07-08T14:12:21","guid":{"rendered":"https:\/\/www.suno.com.br\/noticias\/?p=30367"},"modified":"2021-06-13T23:42:56","modified_gmt":"2021-06-14T02:42:56","slug":"uniao-europeia-brasil-eua-agrotoxico","status":"publish","type":"post","link":"https:\/\/www.suno.com.br\/noticias\/uniao-europeia-brasil-eua-agrotoxico\/","title":{"rendered":"Brasil e outros pa\u00edses pediram \u00e0 Uni\u00e3o Europeia que reavalie regras sobre pesticidas"},"content":{"rendered":"<p>Os<strong> Estados Unidos<\/strong> e outros 15 pa\u00edses, incluindo o <strong>Brasil<\/strong>, enviaram um comunicado \u00e0 <a href=\"https:\/\/www.suno.com.br\/artigos\/omc-organizacao-mundial-do-comercio\/\">Organiza\u00e7\u00e3o Mundial do Com\u00e9rcio<\/a> (OMC), afirmando que as regras da<strong> Uni\u00e3o Europeia<\/strong>\u00a0sobre <strong>pesticidas<\/strong> prejudica a subsist\u00eancia em todo o mundo.<\/p>\t<div class=\"wrapper-featured-image\">\n\t\t<figure class=\"spotlightImg\">\n\n\t\t\t<picture>\n\t\t\t\t<source media=\"(max-width: 768px)\" srcset=\"https:\/\/files.sunoresearch.com.br\/n\/uploads\/2019\/06\/79bc6bfa-acordo-comercial-400x200.webp\">\n\t\t\t\t<img loading=\"lazy\" decoding=\"async\" class=\"newsContent__article__imgCapa lazyloadDisabled newsContent__article__imgCapa--noCaption\" src=\"https:\/\/files.sunoresearch.com.br\/n\/uploads\/2019\/06\/79bc6bfa-acordo-comercial-jpg.webp\" width=\"800\" height=\"450\" alt=\"Brasil e outros pa\u00edses pediram \u00e0 Uni\u00e3o Europeia que reavalie regras sobre pesticidas\" fetchpriority=high \/>\n\t\t\t<\/picture>\n\n\t\t\t<figcaption class=\"wp-caption-text wp-caption-text--hide\">A UE se juntou aos EUA, Jap\u00e3o, Austr\u00e1lia e outros pa\u00edses na cobra\u00e7a ao governo da China sobre o coronav\u00edrus. Clique aqui para saber mais. <\/figcaption>\n\t\t<\/figure>\n\t<\/div>\n\n\n<p>&#8220;Ao implementar essas medidas, parece que a <strong><a href=\"https:\/\/www.suno.com.br\/artigos\/uniao-europeia\/\">Uni\u00e3o Europeia<\/a><\/strong> est\u00e1 tentando unilateralmente impor suas pr\u00f3pria abordagens regulat\u00f3rias dom\u00e9stica para seus parceiros comercias&#8221;, disseram os pa\u00edses.<\/p>\n\t<p>\n\t\t<a href=\"https:\/\/lp.suno.com.br\/ebook-10-livros\/\" target=\"_blank\" data-element=\"shortcode-suno-banner\" title=\"Banner SUNO, clique e saiba mais\">\n\t\t\t<picture>\n\t\t\t\t<source media=\"(max-width: 500px)\" srcset=\"https:\/\/files.sunoresearch.com.br\/n\/uploads\/2023\/03\/400x300-10-livros.png\">\n\t\t\t\t<img class=\"newsContent__article__imgCapa newsContent__article__imgCapa--banner\"\n\t\t\t\t\tsrc=\"https:\/\/files.sunoresearch.com.br\/n\/uploads\/2023\/03\/1420x240-10-livros.png\"\n\t\t\t\t\tdata-promo-id=\"383159\"\t\t\t\t\t\t\t\t\t\twidth='1420' height='240'\t\t\t\t\talt=\"https:\/\/files.sunoresearch.com.br\/n\/uploads\/2023\/03\/1420x240-10-livros.png\"\n\t\t\t\t>\n\t\t\t<\/picture>\n\t\t<\/a>\n\t<\/p>\n\n\n<h2>M\u00e9todos internacionais<\/h2>\n<p>Dessa forma, os pa\u00edses que apoiaram a declara\u00e7\u00e3o enviada ao OMC pediram que a UE revise sua avalia\u00e7\u00e3o sobre produtos. Al\u00e9m disso, os pa\u00edses desejam que o bloco europeu estabele\u00e7a m\u00e9todos internacionais de toler\u00e2ncia a alguns ingredientes.<\/p>\n<p>Os pa\u00edses que apoiaram o comunicado foram:<\/p>\n<ul>\n<li>Brasil;<\/li>\n<li>Canad\u00e1;<\/li>\n<li>Col\u00f4mbia;<\/li>\n<li>Costa Rica;<\/li>\n<li>Equador;<\/li>\n<li>Estados Unidos;<\/li>\n<li>Guatemala;<\/li>\n<li>Honduras;<\/li>\n<li>Mal\u00e1sia;<\/li>\n<li>Nicar\u00e1gua;<\/li>\n<li>Panam\u00e1;<\/li>\n<li>Paraguai;<\/li>\n<li>Peru;<\/li>\n<li>Rep\u00fablica Dominicana;<\/li>\n<li>e Uruguai.<\/li>\n<\/ul>\n<p>&#8220;A escolha de ferramentas seguras por nossos agricultores \u00e9 amplamente minada por barreiras regulat\u00f3rias que n\u00e3o s\u00e3o baseadas em princ\u00edpios de an\u00e1lise de risco concordados internacionalmente e n\u00e3o levam em conta abordagens alternativas para que os objetivos sejam atendidos&#8221;, diz a declara\u00e7\u00e3o.<\/p>\n<p>Al\u00e9m disso, os pa\u00edses afirmam que nos \u00faltimos quatro anos fizeram diversos pedidos de explica\u00e7\u00e3o na OMC sobre o n\u00edvel de seguran\u00e7a esperado pela UE. No entanto, at\u00e9 o momento, o bloco europeu n\u00e3o respondeu, e ignorou coment\u00e1rios a respeito de projetos de regulamenta\u00e7\u00e3o.<\/p>\n<p>A UE\u00a0 j\u00e1 sugeriu aos agricultores que encontrem &#8220;alternativas&#8221; para atender a demanda imposta pelo bloco. No entanto, os pa\u00edses alegam que muitos produtores n\u00e3o possui condi\u00e7\u00f5es econ\u00f4micas vi\u00e1veis.<\/p>\n<h2>Acordo entre Mercosul e Uni\u00e3o Europeia amea\u00e7a setor agr\u00edcola<\/h2>\n<p>O acordo de com\u00e9rcio livre entre o <a href=\"https:\/\/www.suno.com.br\/artigos\/mercosul\/\">Mercosul<\/a> e a Uni\u00e3o Europeia ter\u00e1 pa\u00edses exportadores agr\u00edcolas. Desse modo, agricultores e ambientalistas franceses por respeitarem as regras sanit\u00e1rias do bloco europeu acreditam que os pa\u00edses, que possuem suas pr\u00f3prias regras, apresentar\u00e3o concorr\u00eancia desleal, principalmente o Brasil.<\/p>\n<p><a href=\"\/\/www.suno.com.br\/noticias\/brasil-acordo-ue-mercosul\/\">Saiba Mais:\u00a0Franceses afirmam concorr\u00eancia desleal com Brasil no acordo entre Mercosul e UE<\/a><\/p>\n<p>&#8220;Nos p\u00f5em em concorr\u00eancia desleal com um pa\u00eds que n\u00e3o tem regra nenhuma. O Brasil n\u00e3o tem os mesmos padr\u00f5es europeus. Tudo o que \u00e9 proibido na Europa \u00e9 autorizado no pa\u00eds&#8221;, disse o secret\u00e1rio do sindicato agr\u00edcola da Fran\u00e7a, Patrick B\u00e9n\u00e9zit.<\/p>\n<p>Conforme o secret\u00e1rio, os brasileiros n\u00e3o cumprem com as exig\u00eancias sanit\u00e1rias, ambientais e trabalhistas impostas pela<strong> Uni\u00e3o Europeia<\/strong>. De acordo com B\u00e9n\u00e9zit, 74% dos pesticidas que o Brasil utiliza em suas planta\u00e7\u00f5es s\u00e3o proibidos. No entanto, o <a href=\"https:\/\/www.greenpeace.org\/brasil\/\">Greenpeace<\/a> afirma que 30% dos 239 agrot\u00f3xicos do Brasil s\u00e3o vetados no continente.<\/p>\n","protected":false},"excerpt":{"rendered":"<p>Os Estados Unidos e outros 15 pa\u00edses, incluindo o Brasil, enviaram um comunicado \u00e0 Organiza\u00e7\u00e3o Mundial do Com\u00e9rcio (OMC), afirmando que as regras da Uni\u00e3o Europeia\u00a0sobre pesticidas prejudica a subsist\u00eancia em todo o mundo. A UE se juntou aos EUA, Jap\u00e3o, Austr\u00e1lia e outros pa\u00edses na cobra\u00e7a ao governo da China sobre o coronav\u00edrus. Clique [&hellip;]<\/p>\n","protected":false},"author":15,"featured_media":28777,"comment_status":"closed","ping_status":"closed","sticky":false,"template":"","format":"standard","meta":[],"categories":[63],"tags":[793,731],"suno_strategy":[],"class_list":["post-30367","post","type-post","status-publish","format-standard","has-post-thumbnail","hentry","category-internacional","tag-estados-unidos-eua","tag-uniao-europeia"],"yoast_head":"<!-- This site is optimized with the Yoast SEO plugin v24.4 - https:\/\/yoast.com\/wordpress\/plugins\/seo\/ -->\n<title>Brasil pede \u00e0 Uni\u00e3o Europeia que reavalie regras sobre pesticidas<\/title>\n<meta name=\"description\" content=\"Os EUA, Brasil e outros 15 pa\u00edses enviaram um comunicado \u00e0 OMC afirmando que as regras da Uni\u00e3o Europeia s\u00e3o prejudiciais. Clique aqui\" \/>\n<meta name=\"robots\" content=\"index, follow, max-snippet:-1, max-image-preview:large, max-video-preview:-1\" \/>\n<link rel=\"canonical\" href=\"https:\/\/www.suno.com.br\/noticias\/uniao-europeia-brasil-eua-agrotoxico\/\" \/>\n<meta property=\"og:locale\" content=\"pt_BR\" \/>\n<meta property=\"og:type\" content=\"article\" \/>\n<meta property=\"og:title\" content=\"Brasil pede \u00e0 Uni\u00e3o Europeia que reavalie regras sobre pesticidas\" \/>\n<meta property=\"og:description\" content=\"Os EUA, Brasil e outros 15 pa\u00edses enviaram um comunicado \u00e0 OMC afirmando que as regras da Uni\u00e3o Europeia s\u00e3o prejudiciais. Clique aqui\" \/>\n<meta property=\"og:url\" content=\"https:\/\/www.suno.com.br\/noticias\/uniao-europeia-brasil-eua-agrotoxico\/\" \/>\n<meta property=\"og:site_name\" content=\"Suno Not\u00edcias\" \/>\n<meta property=\"article:publisher\" content=\"https:\/\/facebook.com\/sunoresearch\" \/>\n<meta property=\"og:image\" content=\"https:\/\/files.sunoresearch.com.br\/n\/uploads\/2019\/06\/79bc6bfa-acordo-comercial.jpg\" \/>\n\t<meta property=\"og:image:width\" content=\"633\" \/>\n\t<meta property=\"og:image:height\" content=\"475\" \/>\n\t<meta property=\"og:image:type\" content=\"image\/jpeg\" \/>\n<meta name=\"author\" content=\"Poliana Santos\" \/>\n<meta name=\"twitter:card\" content=\"summary_large_image\" \/>\n<meta name=\"twitter:creator\" content=\"@sunoresearch\" \/>\n<meta name=\"twitter:site\" content=\"@sunoresearch\" \/>\n<meta name=\"twitter:label1\" content=\"Escrito por\" \/>\n\t<meta name=\"twitter:data1\" content=\"Poliana Santos\" \/>\n\t<meta name=\"twitter:label2\" content=\"Est. tempo de leitura\" \/>\n\t<meta name=\"twitter:data2\" content=\"2 minutos\" \/>\n<script type=\"application\/ld+json\" class=\"yoast-schema-graph\">{\"@context\":\"https:\/\/schema.org\",\"@graph\":[{\"@type\":\"NewsArticle\",\"@id\":\"https:\/\/www.suno.com.br\/noticias\/uniao-europeia-brasil-eua-agrotoxico\/#article\",\"isPartOf\":{\"@id\":\"https:\/\/www.suno.com.br\/noticias\/uniao-europeia-brasil-eua-agrotoxico\/\"},\"author\":{\"name\":\"Poliana Santos\",\"@id\":\"https:\/\/www.suno.com.br\/noticias\/#\/schema\/person\/02ec1f752758247878a2bf4abee1aeda\"},\"headline\":\"Brasil e outros pa\u00edses pediram \u00e0 Uni\u00e3o Europeia que reavalie regras sobre pesticidas\",\"datePublished\":\"2019-07-08T14:12:21+00:00\",\"dateModified\":\"2021-06-14T02:42:56+00:00\",\"mainEntityOfPage\":{\"@id\":\"https:\/\/www.suno.com.br\/noticias\/uniao-europeia-brasil-eua-agrotoxico\/\"},\"wordCount\":489,\"publisher\":{\"@id\":\"https:\/\/www.suno.com.br\/noticias\/#organization\"},\"image\":{\"@id\":\"https:\/\/www.suno.com.br\/noticias\/uniao-europeia-brasil-eua-agrotoxico\/#primaryimage\"},\"thumbnailUrl\":\"https:\/\/files.sunoresearch.com.br\/n\/uploads\/2019\/06\/79bc6bfa-acordo-comercial-jpg.webp\",\"keywords\":[\"Estados Unidos (EUA)\",\"Uni\u00e3o Europeia\"],\"articleSection\":[\"Internacional\"],\"inLanguage\":\"pt-BR\"},{\"@type\":\"WebPage\",\"@id\":\"https:\/\/www.suno.com.br\/noticias\/uniao-europeia-brasil-eua-agrotoxico\/\",\"url\":\"https:\/\/www.suno.com.br\/noticias\/uniao-europeia-brasil-eua-agrotoxico\/\",\"name\":\"Brasil pede \u00e0 Uni\u00e3o Europeia que reavalie regras sobre pesticidas\",\"isPartOf\":{\"@id\":\"https:\/\/www.suno.com.br\/noticias\/#website\"},\"primaryImageOfPage\":{\"@id\":\"https:\/\/www.suno.com.br\/noticias\/uniao-europeia-brasil-eua-agrotoxico\/#primaryimage\"},\"image\":{\"@id\":\"https:\/\/www.suno.com.br\/noticias\/uniao-europeia-brasil-eua-agrotoxico\/#primaryimage\"},\"thumbnailUrl\":\"https:\/\/files.sunoresearch.com.br\/n\/uploads\/2019\/06\/79bc6bfa-acordo-comercial-jpg.webp\",\"datePublished\":\"2019-07-08T14:12:21+00:00\",\"dateModified\":\"2021-06-14T02:42:56+00:00\",\"description\":\"Os EUA, Brasil e outros 15 pa\u00edses enviaram um comunicado \u00e0 OMC afirmando que as regras da Uni\u00e3o Europeia s\u00e3o prejudiciais. Clique aqui\",\"breadcrumb\":{\"@id\":\"https:\/\/www.suno.com.br\/noticias\/uniao-europeia-brasil-eua-agrotoxico\/#breadcrumb\"},\"inLanguage\":\"pt-BR\",\"potentialAction\":[{\"@type\":\"ReadAction\",\"target\":[\"https:\/\/www.suno.com.br\/noticias\/uniao-europeia-brasil-eua-agrotoxico\/\"]}]},{\"@type\":\"ImageObject\",\"inLanguage\":\"pt-BR\",\"@id\":\"https:\/\/www.suno.com.br\/noticias\/uniao-europeia-brasil-eua-agrotoxico\/#primaryimage\",\"url\":\"https:\/\/files.sunoresearch.com.br\/n\/uploads\/2019\/06\/79bc6bfa-acordo-comercial-jpg.webp\",\"contentUrl\":\"https:\/\/files.sunoresearch.com.br\/n\/uploads\/2019\/06\/79bc6bfa-acordo-comercial-jpg.webp\",\"width\":633,\"height\":475,\"caption\":\"A UE se juntou aos EUA, Jap\u00e3o, Austr\u00e1lia e outros pa\u00edses na cobra\u00e7a ao governo da China sobre o coronav\u00edrus. Clique aqui para saber mais.\"},{\"@type\":\"BreadcrumbList\",\"@id\":\"https:\/\/www.suno.com.br\/noticias\/uniao-europeia-brasil-eua-agrotoxico\/#breadcrumb\",\"itemListElement\":[{\"@type\":\"ListItem\",\"position\":1,\"name\":\"Not\u00edcias\",\"item\":\"https:\/\/www.suno.com.br\/noticias\/\"},{\"@type\":\"ListItem\",\"position\":2,\"name\":\"Internacional\",\"item\":\"https:\/\/www.suno.com.br\/noticias\/internacional\/\"},{\"@type\":\"ListItem\",\"position\":3,\"name\":\"Brasil e outros pa\u00edses pediram \u00e0 Uni\u00e3o Europeia que reavalie regras sobre pesticidas\"}]},{\"@type\":\"WebSite\",\"@id\":\"https:\/\/www.suno.com.br\/noticias\/#website\",\"url\":\"https:\/\/www.suno.com.br\/noticias\/\",\"name\":\"Suno Not\u00edcias\",\"description\":\"Seu portal de informa\u00e7\u00e3o sobre o mundo dos investimentos\",\"publisher\":{\"@id\":\"https:\/\/www.suno.com.br\/noticias\/#organization\"},\"potentialAction\":[{\"@type\":\"SearchAction\",\"target\":{\"@type\":\"EntryPoint\",\"urlTemplate\":\"https:\/\/www.suno.com.br\/noticias\/?s={search_term_string}\"},\"query-input\":{\"@type\":\"PropertyValueSpecification\",\"valueRequired\":true,\"valueName\":\"search_term_string\"}}],\"inLanguage\":\"pt-BR\"},{\"@type\":\"Organization\",\"@id\":\"https:\/\/www.suno.com.br\/noticias\/#organization\",\"name\":\"Suno Not\u00edcias\",\"url\":\"https:\/\/www.suno.com.br\/noticias\/\",\"logo\":{\"@type\":\"ImageObject\",\"inLanguage\":\"pt-BR\",\"@id\":\"https:\/\/www.suno.com.br\/noticias\/#\/schema\/logo\/image\/\",\"url\":\"https:\/\/files.sunoresearch.com.br\/n\/uploads\/2021\/09\/suno-logo.png\",\"contentUrl\":\"https:\/\/files.sunoresearch.com.br\/n\/uploads\/2021\/09\/suno-logo.png\",\"width\":180,\"height\":180,\"caption\":\"Suno Not\u00edcias\"},\"image\":{\"@id\":\"https:\/\/www.suno.com.br\/noticias\/#\/schema\/logo\/image\/\"},\"sameAs\":[\"https:\/\/facebook.com\/sunoresearch\",\"https:\/\/x.com\/sunoresearch\",\"https:\/\/www.instagram.com\/suno\",\"https:\/\/www.linkedin.com\/company\/suno-research\/\",\"https:\/\/www.youtube.com\/c\/sunoresearch\"]},{\"@type\":\"Person\",\"@id\":\"https:\/\/www.suno.com.br\/noticias\/#\/schema\/person\/02ec1f752758247878a2bf4abee1aeda\",\"name\":\"Poliana Santos\",\"image\":{\"@type\":\"ImageObject\",\"inLanguage\":\"pt-BR\",\"@id\":\"https:\/\/www.suno.com.br\/noticias\/#\/schema\/person\/image\/\",\"url\":\"https:\/\/secure.gravatar.com\/avatar\/0645bd32f23d87b2130f2b2dff1d3f8d?s=96&r=g\",\"contentUrl\":\"https:\/\/secure.gravatar.com\/avatar\/0645bd32f23d87b2130f2b2dff1d3f8d?s=96&r=g\",\"caption\":\"Poliana Santos\"},\"description\":\"Rep\u00f3rter no Suno Not\u00edcias, com cobertura em mercado financeiro, economia, finan\u00e7as pessoais, renda fixa e varejo. Jornalista formada pela Faculdade C\u00e1sper L\u00edbero e possui passagem na R\u00e1dio Gazeta AM com a produ\u00e7\u00e3o de conte\u00fado sobre economia, pol\u00edtica, sa\u00fade, moda e m\u00fasica. Possui certificado de conclus\u00e3o do curso de An\u00e1lise de Balan\u00e7os pela Funda\u00e7\u00e3o Bradesco, Agenda Brasil pela FAAP, Educa\u00e7\u00e3o Pol\u00edtica por Alexandre Garcia e do Tesouro Direto e Mercado de A\u00e7\u00f5es pela B3.\",\"url\":\"https:\/\/www.suno.com.br\/noticias\/author\/poliana-santos\/\"}]}<\/script>\n<!-- \/ Yoast SEO plugin. -->","yoast_head_json":{"title":"Brasil pede \u00e0 Uni\u00e3o Europeia que reavalie regras sobre pesticidas","description":"Os EUA, Brasil e outros 15 pa\u00edses enviaram um comunicado \u00e0 OMC afirmando que as regras da Uni\u00e3o Europeia s\u00e3o prejudiciais. Clique aqui","robots":{"index":"index","follow":"follow","max-snippet":"max-snippet:-1","max-image-preview":"max-image-preview:large","max-video-preview":"max-video-preview:-1"},"canonical":"https:\/\/www.suno.com.br\/noticias\/uniao-europeia-brasil-eua-agrotoxico\/","og_locale":"pt_BR","og_type":"article","og_title":"Brasil pede \u00e0 Uni\u00e3o Europeia que reavalie regras sobre pesticidas","og_description":"Os EUA, Brasil e outros 15 pa\u00edses enviaram um comunicado \u00e0 OMC afirmando que as regras da Uni\u00e3o Europeia s\u00e3o prejudiciais. Clique aqui","og_url":"https:\/\/www.suno.com.br\/noticias\/uniao-europeia-brasil-eua-agrotoxico\/","og_site_name":"Suno Not\u00edcias","article_publisher":"https:\/\/facebook.com\/sunoresearch","og_image":[{"width":633,"height":475,"url":"https:\/\/files.sunoresearch.com.br\/n\/uploads\/2019\/06\/79bc6bfa-acordo-comercial.jpg","type":"image\/jpeg"}],"author":"Poliana Santos","twitter_card":"summary_large_image","twitter_creator":"@sunoresearch","twitter_site":"@sunoresearch","twitter_misc":{"Escrito por":"Poliana Santos","Est. tempo de leitura":"2 minutos"},"schema":{"@context":"https:\/\/schema.org","@graph":[{"@type":"NewsArticle","@id":"https:\/\/www.suno.com.br\/noticias\/uniao-europeia-brasil-eua-agrotoxico\/#article","isPartOf":{"@id":"https:\/\/www.suno.com.br\/noticias\/uniao-europeia-brasil-eua-agrotoxico\/"},"author":{"name":"Poliana Santos","@id":"https:\/\/www.suno.com.br\/noticias\/#\/schema\/person\/02ec1f752758247878a2bf4abee1aeda"},"headline":"Brasil e outros pa\u00edses pediram \u00e0 Uni\u00e3o Europeia que reavalie regras sobre pesticidas","datePublished":"2019-07-08T14:12:21+00:00","dateModified":"2021-06-14T02:42:56+00:00","mainEntityOfPage":{"@id":"https:\/\/www.suno.com.br\/noticias\/uniao-europeia-brasil-eua-agrotoxico\/"},"wordCount":489,"publisher":{"@id":"https:\/\/www.suno.com.br\/noticias\/#organization"},"image":{"@id":"https:\/\/www.suno.com.br\/noticias\/uniao-europeia-brasil-eua-agrotoxico\/#primaryimage"},"thumbnailUrl":"https:\/\/files.sunoresearch.com.br\/n\/uploads\/2019\/06\/79bc6bfa-acordo-comercial-jpg.webp","keywords":["Estados Unidos (EUA)","Uni\u00e3o Europeia"],"articleSection":["Internacional"],"inLanguage":"pt-BR"},{"@type":"WebPage","@id":"https:\/\/www.suno.com.br\/noticias\/uniao-europeia-brasil-eua-agrotoxico\/","url":"https:\/\/www.suno.com.br\/noticias\/uniao-europeia-brasil-eua-agrotoxico\/","name":"Brasil pede \u00e0 Uni\u00e3o Europeia que reavalie regras sobre pesticidas","isPartOf":{"@id":"https:\/\/www.suno.com.br\/noticias\/#website"},"primaryImageOfPage":{"@id":"https:\/\/www.suno.com.br\/noticias\/uniao-europeia-brasil-eua-agrotoxico\/#primaryimage"},"image":{"@id":"https:\/\/www.suno.com.br\/noticias\/uniao-europeia-brasil-eua-agrotoxico\/#primaryimage"},"thumbnailUrl":"https:\/\/files.sunoresearch.com.br\/n\/uploads\/2019\/06\/79bc6bfa-acordo-comercial-jpg.webp","datePublished":"2019-07-08T14:12:21+00:00","dateModified":"2021-06-14T02:42:56+00:00","description":"Os EUA, Brasil e outros 15 pa\u00edses enviaram um comunicado \u00e0 OMC afirmando que as regras da Uni\u00e3o Europeia s\u00e3o prejudiciais. Clique aqui","breadcrumb":{"@id":"https:\/\/www.suno.com.br\/noticias\/uniao-europeia-brasil-eua-agrotoxico\/#breadcrumb"},"inLanguage":"pt-BR","potentialAction":[{"@type":"ReadAction","target":["https:\/\/www.suno.com.br\/noticias\/uniao-europeia-brasil-eua-agrotoxico\/"]}]},{"@type":"ImageObject","inLanguage":"pt-BR","@id":"https:\/\/www.suno.com.br\/noticias\/uniao-europeia-brasil-eua-agrotoxico\/#primaryimage","url":"https:\/\/files.sunoresearch.com.br\/n\/uploads\/2019\/06\/79bc6bfa-acordo-comercial-jpg.webp","contentUrl":"https:\/\/files.sunoresearch.com.br\/n\/uploads\/2019\/06\/79bc6bfa-acordo-comercial-jpg.webp","width":633,"height":475,"caption":"A UE se juntou aos EUA, Jap\u00e3o, Austr\u00e1lia e outros pa\u00edses na cobra\u00e7a ao governo da China sobre o coronav\u00edrus. Clique aqui para saber mais."},{"@type":"BreadcrumbList","@id":"https:\/\/www.suno.com.br\/noticias\/uniao-europeia-brasil-eua-agrotoxico\/#breadcrumb","itemListElement":[{"@type":"ListItem","position":1,"name":"Not\u00edcias","item":"https:\/\/www.suno.com.br\/noticias\/"},{"@type":"ListItem","position":2,"name":"Internacional","item":"https:\/\/www.suno.com.br\/noticias\/internacional\/"},{"@type":"ListItem","position":3,"name":"Brasil e outros pa\u00edses pediram \u00e0 Uni\u00e3o Europeia que reavalie regras sobre pesticidas"}]},{"@type":"WebSite","@id":"https:\/\/www.suno.com.br\/noticias\/#website","url":"https:\/\/www.suno.com.br\/noticias\/","name":"Suno Not\u00edcias","description":"Seu portal de informa\u00e7\u00e3o sobre o mundo dos investimentos","publisher":{"@id":"https:\/\/www.suno.com.br\/noticias\/#organization"},"potentialAction":[{"@type":"SearchAction","target":{"@type":"EntryPoint","urlTemplate":"https:\/\/www.suno.com.br\/noticias\/?s={search_term_string}"},"query-input":{"@type":"PropertyValueSpecification","valueRequired":true,"valueName":"search_term_string"}}],"inLanguage":"pt-BR"},{"@type":"Organization","@id":"https:\/\/www.suno.com.br\/noticias\/#organization","name":"Suno Not\u00edcias","url":"https:\/\/www.suno.com.br\/noticias\/","logo":{"@type":"ImageObject","inLanguage":"pt-BR","@id":"https:\/\/www.suno.com.br\/noticias\/#\/schema\/logo\/image\/","url":"https:\/\/files.sunoresearch.com.br\/n\/uploads\/2021\/09\/suno-logo.png","contentUrl":"https:\/\/files.sunoresearch.com.br\/n\/uploads\/2021\/09\/suno-logo.png","width":180,"height":180,"caption":"Suno Not\u00edcias"},"image":{"@id":"https:\/\/www.suno.com.br\/noticias\/#\/schema\/logo\/image\/"},"sameAs":["https:\/\/facebook.com\/sunoresearch","https:\/\/x.com\/sunoresearch","https:\/\/www.instagram.com\/suno","https:\/\/www.linkedin.com\/company\/suno-research\/","https:\/\/www.youtube.com\/c\/sunoresearch"]},{"@type":"Person","@id":"https:\/\/www.suno.com.br\/noticias\/#\/schema\/person\/02ec1f752758247878a2bf4abee1aeda","name":"Poliana Santos","image":{"@type":"ImageObject","inLanguage":"pt-BR","@id":"https:\/\/www.suno.com.br\/noticias\/#\/schema\/person\/image\/","url":"https:\/\/secure.gravatar.com\/avatar\/0645bd32f23d87b2130f2b2dff1d3f8d?s=96&r=g","contentUrl":"https:\/\/secure.gravatar.com\/avatar\/0645bd32f23d87b2130f2b2dff1d3f8d?s=96&r=g","caption":"Poliana Santos"},"description":"Rep\u00f3rter no Suno Not\u00edcias, com cobertura em mercado financeiro, economia, finan\u00e7as pessoais, renda fixa e varejo. Jornalista formada pela Faculdade C\u00e1sper L\u00edbero e possui passagem na R\u00e1dio Gazeta AM com a produ\u00e7\u00e3o de conte\u00fado sobre economia, pol\u00edtica, sa\u00fade, moda e m\u00fasica. Possui certificado de conclus\u00e3o do curso de An\u00e1lise de Balan\u00e7os pela Funda\u00e7\u00e3o Bradesco, Agenda Brasil pela FAAP, Educa\u00e7\u00e3o Pol\u00edtica por Alexandre Garcia e do Tesouro Direto e Mercado de A\u00e7\u00f5es pela B3.","url":"https:\/\/www.suno.com.br\/noticias\/author\/poliana-santos\/"}]}},"default_loop_html":"<div class=\"cardsPage__listCard__boxs\"><div class=\"cardsPage__listCard__boxs__img\"><a href=\"https:\/\/www.suno.com.br\/noticias\/uniao-europeia-brasil-eua-agrotoxico\/\"><img class=\"mask\" src=\"https:\/\/www.suno.com.br\/noticias\/wp-content\/themes\/suno\/resources\/images\/spotlight\/spotlight1img\/bg-mask.png\" alt=\"Image Mask\"\/><img src=\"https:\/\/files.sunoresearch.com.br\/n\/uploads\/2019\/06\/79bc6bfa-acordo-comercial-400x200.webp\" alt=\"Brasil e outros pa\u00edses pediram \u00e0 Uni\u00e3o Europeia que reavalie regras sobre pesticidas\"\/><\/a><span class=\"spotlightCategory\"><a href=\"https:\/\/www.suno.com.br\/noticias\/internacional\/\">Internacional<\/a><\/span><\/div><div class=\"cardsPage__listCard__boxs__content\"><a href=\"https:\/\/www.suno.com.br\/noticias\/uniao-europeia-brasil-eua-agrotoxico\/\"><h2 class=\"content__title\">Brasil e outros pa\u00edses pediram \u00e0 Uni\u00e3o Europeia que reavalie regras sobre pesticidas<\/h2><\/a><div class=\"newsContent__article__meta\"><div class=\"newsContent__article__meta__authorBox\"><a href=\"https:\/\/www.suno.com.br\/noticias\/author\/poliana-santos\/\" class=\"authorBox__avatar noMobi\"><img src=\"https:\/\/files.sunoresearch.com.br\/n\/uploads\/2020\/08\/7ef34026-whatsapp-image-2020-08-03-at-12.37.57-150x150.webp\" alt=\"Poliana Santos\"><\/a><div class=\"authorBox__name\"><span>por\n\t\t\t<a href=\"https:\/\/www.suno.com.br\/noticias\/author\/poliana-santos\/\"><span itemprop=\"author\">Poliana Santos<\/span><\/a><\/span><time datetime=\"2019-07-08T11:12:21-03:00\" itemprop=\"datePublished\">08\/07\/2019 11:12<\/time><\/div><\/div><\/div><\/div><\/div>","single_layout":"posts","amp_enabled":true,"_links":{"self":[{"href":"https:\/\/www.suno.com.br\/noticias\/wp-json\/wp\/v2\/posts\/30367"}],"collection":[{"href":"https:\/\/www.suno.com.br\/noticias\/wp-json\/wp\/v2\/posts"}],"about":[{"href":"https:\/\/www.suno.com.br\/noticias\/wp-json\/wp\/v2\/types\/post"}],"author":[{"embeddable":true,"href":"https:\/\/www.suno.com.br\/noticias\/wp-json\/wp\/v2\/users\/15"}],"replies":[{"embeddable":true,"href":"https:\/\/www.suno.com.br\/noticias\/wp-json\/wp\/v2\/comments?post=30367"}],"version-history":[{"count":1,"href":"https:\/\/www.suno.com.br\/noticias\/wp-json\/wp\/v2\/posts\/30367\/revisions"}],"predecessor-version":[{"id":157311,"href":"https:\/\/www.suno.com.br\/noticias\/wp-json\/wp\/v2\/posts\/30367\/revisions\/157311"}],"wp:featuredmedia":[{"embeddable":true,"href":"https:\/\/www.suno.com.br\/noticias\/wp-json\/wp\/v2\/media\/28777"}],"wp:attachment":[{"href":"https:\/\/www.suno.com.br\/noticias\/wp-json\/wp\/v2\/media?parent=30367"}],"wp:term":[{"taxonomy":"category","embeddable":true,"href":"https:\/\/www.suno.com.br\/noticias\/wp-json\/wp\/v2\/categories?post=30367"},{"taxonomy":"post_tag","embeddable":true,"href":"https:\/\/www.suno.com.br\/noticias\/wp-json\/wp\/v2\/tags?post=30367"},{"taxonomy":"suno_strategy","embeddable":true,"href":"https:\/\/www.suno.com.br\/noticias\/wp-json\/wp\/v2\/suno_strategy?post=30367"}],"curies":[{"name":"wp","href":"https:\/\/api.w.org\/{rel}","templated":true}]}}