{"id":303485,"date":"2022-09-30T10:38:25","date_gmt":"2022-09-30T13:38:25","guid":{"rendered":"https:\/\/www.suno.com.br\/noticias\/?p=303485"},"modified":"2022-09-30T10:38:25","modified_gmt":"2022-09-30T13:38:25","slug":"ibovespa-hoje-cotacao-weg-wege3-natura-ntco3","status":"publish","type":"post","link":"https:\/\/www.suno.com.br\/noticias\/ibovespa-hoje-cotacao-weg-wege3-natura-ntco3\/","title":{"rendered":"Ibovespa cai aos 107 mil pontos; a\u00e7\u00f5es da WEG (WEGE3) sobem, Natura (NTCO3) recua"},"content":{"rendered":"<p>O <strong>Ibovespa<\/strong> opera em baixa de 0,12% nesta sexta-feira (30), \u00faltimo preg\u00e3o de setembro, aos 107.536 pontos, por volta das 10h20. O principal \u00edndice do <a class=\"suno-keyword\" href=\"https:\/\/www.suno.com.br\/artigos\/mercado-de-acoes\/\" target=\"_blank\" rel=\"noopener\" data-force=\"no\" data-priority=\"2\">mercado de a\u00e7\u00f5es<\/a> brasileiro segue em linha com a performance das bolsas norte-americanas, com o S&amp;P 500 caindo 2,11%, e a Nasdaq recuando 2,84%.<\/p><div class=\"videoFull videoFull--noRadius\">\n\t\t\t<div class=\"videoWrapper yt-lazyload center\"\n\t\t\t\tdata-width=\"960\"\n\t\t\t\tdata-height=\"540\"\n\t\t\t\tdata-id=\"Otup3CXIcMQ\"\n\t\t\t\tdata-alt=\"Vale (VALE3) reestrutura opera\u00e7\u00f5es no Brasil; Saiba mais!\"\n\t\t\t\tdata-logo=\"3\"\n\t\t\t\tdata-imagequality=\"maxres\">\n\t\t\t<\/div>\n\t\t<\/div><span class=\"videoFull__caption videoFull__caption--show\">Vale (VALE3) reestrutura opera\u00e7\u00f5es no Brasil; Saiba mais!<p><\/p><\/span><script type=\"application\/ld+json\">{\"@context\":\"https:\/\/schema.org\",\"@type\":\"VideoObject\",\"name\":\"MERCADO AGUARDA ELEI\u00c7\u00d5ES | Bolsas ensaiam recupera\u00e7\u00e3o | Vale (VALE3) reestrutura opera\u00e7\u00f5es no Brasil\",\"description\":\"No \u00faltimo dia \u00fatil da semana os \u00edndices futuros de Nova York e as bolsas da Europa avan\u00e7am positivamente, recuperando parte das perdas dos \u00faltimos dias durante a manh\u00e3 desta sexta-feira (30). A pr\u00f3xima decis\u00e3o de aperto monet\u00e1rio do Fed e o seu impacto no mercado continuam sendo uma grande preocupa\u00e7\u00e3o para os investidores. Diversos\u2026\",\"duration\":\"PT28M58S\",\"embedUrl\":\"https:\/\/www.youtube.com\/embed\/Otup3CXIcMQ\",\"regionsAllowed\":\"pt-BR\",\"interactionStatistic\":{\"@type\":\"InteractionCounter\",\"interactionType\":{\"@type\":\"WatchAction\"},\"userInteractionCount\":2083},\"thumbnailUrl\":\"https:\/\/i.ytimg.com\/vi\/Otup3CXIcMQ\/default.jpg\",\"uploadDate\":\"2022-09-30T12:33:44Z\"}<\/script>\n\n\t<p>\n\t\t<a href=\"\" target=\"_blank\" data-element=\"shortcode-suno-banner\" title=\"Banner SUNO, clique e saiba mais\">\n\t\t\t<picture>\n\t\t\t\t<source media=\"(max-width: 500px)\" srcset=\"\">\n\t\t\t\t<img class=\"newsContent__article__imgCapa newsContent__article__imgCapa--banner\"\n\t\t\t\t\tsrc=\"\"\n\t\t\t\t\tdata-promo-id=\"138420\"\t\t\t\t\t\t\t\t\t\t\t\t\t\t\talt=\"\"\n\t\t\t\t>\n\t\t\t<\/picture>\n\t\t<\/a>\n\t<\/p>\n\n\n<p>Entre os destaques positivos do <strong>Ibovespa hoje<\/strong> est\u00e1 <a class=\"suno-keyword\" href=\"https:\/\/www.suno.com.br\/acoes\/ENEV3\/\" target=\"_blank\" rel=\"noopener\" data-force=\"yes\" data-priority=\"2\">Eneva (ENEV3)<\/a>, com uma alta de +5,74%, e a <a class=\"suno-keyword\" href=\"https:\/\/www.suno.com.br\/acoes\/SBSP3\/\" target=\"_blank\" rel=\"noopener\" data-force=\"yes\" data-priority=\"2\">Sabesp (SBSP3)<\/a>, que varia +3,51%. Al\u00e9m disso, as a\u00e7\u00f5es da <a class=\"suno-keyword\" href=\"https:\/\/www.suno.com.br\/acoes\/WEGE3\/\" target=\"_blank\" rel=\"noopener\" data-force=\"yes\" data-priority=\"2\">WEG (WEGE3)<\/a> t\u00eam uma valoriza\u00e7\u00e3o de 2,95%, enquanto a <a class=\"suno-keyword\" href=\"https:\/\/www.suno.com.br\/acoes\/CMIG4\/\" target=\"_blank\" rel=\"noopener\" data-force=\"yes\" data-priority=\"2\">Cemig (CMIG4)<\/a> sobe 1,42%. Enquanto isso, o pre\u00e7o dos pap\u00e9is da <a class=\"suno-keyword\" href=\"https:\/\/www.suno.com.br\/acoes\/TAEE11\/\" target=\"_blank\" rel=\"noopener\" data-force=\"yes\" data-priority=\"2\">Taesa (TAEE11)<\/a> avan\u00e7am 1,09%.<\/p>\n<p>Nos destaques negativos do <strong>\u00cdndice Bovespa<\/strong> est\u00e1 a <a class=\"suno-keyword\" href=\"https:\/\/www.suno.com.br\/acoes\/MRVE3\/\" target=\"_blank\" rel=\"noopener\" data-force=\"yes\" data-priority=\"2\">MRV (MRVE3)<\/a>, com uma baixa de 2,82%, enquanto a <a class=\"suno-keyword\" href=\"https:\/\/www.suno.com.br\/acoes\/BEEF3\/\" target=\"_blank\" rel=\"noopener\" data-force=\"yes\" data-priority=\"2\">Minerva (BEEF3)<\/a> cai 2,42%. J\u00e1 a <a class=\"suno-keyword\" href=\"https:\/\/www.suno.com.br\/acoes\/EMBR3\/\" target=\"_blank\" rel=\"noopener\" data-force=\"yes\" data-priority=\"2\">Embraer (EMBR3)<\/a> recua 2,18%, e as a\u00e7\u00f5es da <a class=\"suno-keyword\" href=\"https:\/\/www.suno.com.br\/acoes\/FLRY3\/\" target=\"_blank\" rel=\"noopener\" data-force=\"yes\" data-priority=\"2\">Fleury (FLRY3)<\/a> se desvalorizam 2,02%. Fechando a lista, temos a queda dos pap\u00e9is da <a class=\"suno-keyword\" href=\"https:\/\/www.suno.com.br\/acoes\/NTCO3\/\" target=\"_blank\" rel=\"noopener\" data-force=\"yes\" data-priority=\"2\">Natura (NTCO3)<\/a>, que cedem 1,95%.<\/p>\n\t<div data-element=\"shortcode-read-more\" class=\"knowMore\">\n\t\t\t\t<span class=\"knowMore__title\">Leia mais:<\/span>\n\t\t\t\t<a class=\"knowMore__link\" href=\"https:\/\/www.suno.com.br\/noticias\/fleury-flyr3-embraer-embr3-edp-enbr3-destaques\/\">\n\t\t\tFleury (FLYR3), Embraer (EMBR3) e EDP (ENBR3) s\u00e3o destaques do mercado financeiro\t\t<\/a>\n\t<\/div>\n\n\n<h2>Not\u00edcias que movimentam o Ibovespa hoje<\/h2>\n<ul>\n<li>Conselho de administra\u00e7\u00e3o da Vale aprova reestrutura\u00e7\u00e3o de opera\u00e7\u00f5es de cobre e n\u00edquel no Brasil<\/li>\n<li>Contratos futuros do min\u00e9rio de ferro tem segunda queda trimestral em Dalian e Cingapura<\/li>\n<li>Petr\u00f3leo sobe com enfraquecimento do d\u00f3lar, mas recua posteriormente<\/li>\n<\/ul>\n<h2>Conselho de administra\u00e7\u00e3o da Vale aprova reestrutura\u00e7\u00e3o de opera\u00e7\u00f5es de cobre e n\u00edquel no Brasil<\/h2>\n<p>O <strong><a href=\"https:\/\/www.suno.com.br\/artigos\/conselho-administracao\/\" target=\"_blank\" rel=\"noopener\">conselho de administra\u00e7\u00e3o<\/a> da Vale<\/strong> aprovou a reorganiza\u00e7\u00e3o das opera\u00e7\u00f5es de metais b\u00e1sicos detidas pela companhia no Brasil.<\/p>\n<p>A aprova\u00e7\u00e3o da reorganiza\u00e7\u00e3o das opera\u00e7\u00f5es da Vale prev\u00ea a transfer\u00eancia dos ativos de cobre para a Salobo Metais, assim como a transfer\u00eancia dos ativos de n\u00edquel para uma nova sociedade que ser\u00e1 constitu\u00edda pela mineradora no Brasil.<\/p>\n<p>Os ativos de n\u00edquel e cobre v\u00e3o continuar a ser consolidados e detidos de forma integral pela Vale. A reorganiza\u00e7\u00e3o tem o objetivo de centralizar as opera\u00e7\u00f5es de metais b\u00e1sicos no Brasil em duas sociedades, trazendo uma maior efici\u00eancia nos processos e tamb\u00e9m na gest\u00e3o.<\/p>\n<p>A Vale esclarece que n\u00e3o existe nenhuma delibera\u00e7\u00e3o no momento atual referente \u00e0s novas transa\u00e7\u00f5es que envolvem o neg\u00f3cio de metais b\u00e1sicos. Al\u00e9m disso, tamb\u00e9m disse que vai manter o mercado informado sobre quaisquer atualiza\u00e7\u00f5es que forem relevantes.<\/p>\n<p>Outro an\u00fancio da Vale, uma das empresas mais relevantes na composi\u00e7\u00e3o do Ibovespa, foi a conclus\u00e3o das obras de descaracteriza\u00e7\u00e3o de mais tr\u00eas estruturas, o que inclui:<\/p>\n<ol>\n<li>Dique Auxiliar da Barragem 5, na Mina \u00c1guas Claras, em Nova Lima (MG);<\/li>\n<li>Dique 3 do Sistema Pontal, na Mina Cau\u00ea;<\/li>\n<li>Barragem Ipoema, na Mina do Meio, ambos em Itabira (MG).<\/li>\n<\/ol>\n<p>Nesse caso, a Vale eliminou 40% das estruturas previstas no programa de descaracteriza\u00e7\u00e3o. No total, a empresa eliminou 12 estruturas desde o ano de 2019, sendo cinco delas em 2022.<\/p>\n<h2>Contratos futuros do min\u00e9rio de ferro tem segunda queda trimestral em Dalian e Cingapura<\/h2>\n<p>Os contratos futuros de min\u00e9rio de ferro tiveram a segunda queda trimestral no 2T22 nas bolsas de Dalian e Cingapura, mesmo com algumas altas nesta sexta-feira (30), estando esse desempenho da commodity no radar dos investidores do Ibovespa.<\/p>\n<p>A<strong> cota\u00e7\u00e3o do min\u00e9rio de ferro<\/strong> \u00e9 impactada pela domina\u00e7\u00e3o dos mercados pelas preocupa\u00e7\u00f5es da pol\u00edtica de zero Covid na China, assim como os receios no setor imobili\u00e1rio do pa\u00eds, que \u00e9 a maior produtora de a\u00e7o do mundo.<\/p>\n<p>No entanto, as esperan\u00e7as de manuten\u00e7\u00e3o de pol\u00edticas de apoio \u00e0 economia chinesa em dificuldades e o aumento da demanda por a\u00e7o relacionada \u00e0 constru\u00e7\u00e3o deram alguma sustenta\u00e7\u00e3o ao ingrediente sider\u00fargico.<\/p>\n<p>O <strong>pre\u00e7o do min\u00e9rio de ferro<\/strong> na Dalian Commodity Exchange chinesa terminou com uma leve valoriza\u00e7\u00e3o de 0,1%, cotado a 721,50 iuanes, correspondente a 101,66 d\u00f3lares a tonelada, n\u00famero inferior \u00e0 m\u00e1xima di\u00e1ria de 730,50 iuanes. Na Bolsa de Cingapura, o valor do min\u00e9rio de ferro para outubro teve alta de 0,6%, a 96 d\u00f3lares a tonelada.<\/p>\n\t<p>\n\t\t<a href=\"https:\/\/lp.suno.com.br\/planilha-controle-gastos\/\" target=\"_blank\" data-element=\"shortcode-suno-banner\" title=\"Banner SUNO, clique e saiba mais\">\n\t\t\t<picture>\n\t\t\t\t<source media=\"(max-width: 500px)\" srcset=\"https:\/\/files.sunoresearch.com.br\/n\/uploads\/2023\/03\/400x300-Planilha-controle-de-gastos.png\">\n\t\t\t\t<img class=\"newsContent__article__imgCapa newsContent__article__imgCapa--banner\"\n\t\t\t\t\tsrc=\"https:\/\/files.sunoresearch.com.br\/n\/uploads\/2023\/03\/1420x240-Planilha-controle-de-gastos.png\"\n\t\t\t\t\tdata-promo-id=\"101751\"\t\t\t\t\t\t\t\t\t\twidth='1420' height='240'\t\t\t\t\talt=\"https:\/\/files.sunoresearch.com.br\/n\/uploads\/2023\/03\/1420x240-Planilha-controle-de-gastos.png\"\n\t\t\t\t>\n\t\t\t<\/picture>\n\t\t<\/a>\n\t<\/p>\n\n\n<h2>Petr\u00f3leo sobe com enfraquecimento do d\u00f3lar, mas recua posteriormente<\/h2>\n<p>Os <strong>pre\u00e7os do petr\u00f3leo<\/strong> operavam em alta mais cedo, em meio ao enfraquecimento do d\u00f3lar, e com o apoio do mercado ap\u00f3s a divulga\u00e7\u00e3o de relat\u00f3rios que apontam que a OPEP e seus aliados v\u00e3o diminuir a produ\u00e7\u00e3o em sua reuni\u00e3o, que est\u00e1 prevista para acontecer na semana que vem. Vale destacar que a cota\u00e7\u00e3o da commodity \u00e9 um dos temas relevantes aos investidores do Ibovespa hoje.<\/p>\n<p>Al\u00e9m disso, os Ministros de Energia da UE fizeram uma nova reuni\u00e3o com o objetivo de discutir formas de \u201csuavizar\u201d uma poss\u00edvel crise de energia. No dia anterior, a Alemanha afirmou que vai realizar um empr\u00e9stimo de at\u00e9 200 bilh\u00f5es de euros, a fim de diminuir o impacto do pre\u00e7o da energia em sua economia.<\/p>\n<p>Apesar disso, a commodity virou para queda. Por volta das 9h45, os contratos futuros do petr\u00f3leo Brent tinham baixa de 0,60%, cotado a US$ 86,66 barril, enquanto o <a class=\"suno-keyword\" href=\"https:\/\/www.suno.com.br\/artigos\/wti\/\" target=\"_blank\" rel=\"noopener\" data-force=\"no\" data-priority=\"1\">petr\u00f3leo WTI<\/a> variava -0,55%, a US$ 80,78 o barril, embora tenha conseguido se manter acima dos US$ 80.<\/p>\n<h2>Maiores altas do Ibovespa<\/h2>\n<p>Por volta das 10h20, as 5 maiores altas do Ibovespa eram:<\/p>\n<ul>\n<li>ENEV3: +5,74%<\/li>\n<li>SBSP3: +3,51%<\/li>\n<li>WEGE3: +2,95%<\/li>\n<li>CMIG4: +1,42%<\/li>\n<li>TAEE11: +1,09%<\/li>\n<\/ul>\n<h2>Maiores baixas do Ibovespa<\/h2>\n<p>Por volta das 10h20, as maiores baixas do Ibovespa eram:<\/p>\n<ul>\n<li>MRVE3: -2,82%<\/li>\n<li>BEEF3: -2,42%<\/li>\n<li>EMBR3: -2,18%<\/li>\n<li>FLRY3: -2,02%<\/li>\n<li>NTCO3: -1,95%<\/li>\n<\/ul>\n<h2>\u00daltima cota\u00e7\u00e3o do Ibovespa<\/h2>\n<p>O<strong> Ibovespa<\/strong> terminou a sess\u00e3o desta quinta-feira (29) em baixa de 0,73%, aos 107.664 pontos.<\/p>\n\t<p>\n\t\t<a href=\"https:\/\/lp.suno.com.br\/planilha-da-vida-financeira\/\" target=\"_blank\" data-element=\"shortcode-suno-banner\" title=\"Banner SUNO, clique e saiba mais\">\n\t\t\t<picture>\n\t\t\t\t<source media=\"(max-width: 500px)\" srcset=\"https:\/\/files.sunoresearch.com.br\/n\/uploads\/2023\/04\/400x300-Planilha-vida-financeira-true.png\">\n\t\t\t\t<img class=\"newsContent__article__imgCapa newsContent__article__imgCapa--banner\"\n\t\t\t\t\tsrc=\"https:\/\/files.sunoresearch.com.br\/n\/uploads\/2023\/04\/1420x240-Planilha-vida-financeira-true.png\"\n\t\t\t\t\tdata-promo-id=\"106682\"\t\t\t\t\t\t\t\t\t\twidth='1420' height='240'\t\t\t\t\talt=\"https:\/\/files.sunoresearch.com.br\/n\/uploads\/2023\/04\/1420x240-Planilha-vida-financeira-true.png\"\n\t\t\t\t>\n\t\t\t<\/picture>\n\t\t<\/a>\n\t<\/p>\n\n\n","protected":false},"excerpt":{"rendered":"<p>O Ibovespa opera em baixa de 0,12% nesta sexta-feira (30), \u00faltimo preg\u00e3o de setembro, aos 107.536 pontos, por volta das 10h20. O principal \u00edndice do mercado de a\u00e7\u00f5es brasileiro segue em linha com a performance das bolsas norte-americanas, com o S&amp;P 500 caindo 2,11%, e a Nasdaq recuando 2,84%. Vale (VALE3) reestrutura opera\u00e7\u00f5es no Brasil; [&hellip;]<\/p>\n","protected":false},"author":173,"featured_media":303495,"comment_status":"closed","ping_status":"closed","sticky":false,"template":"","format":"standard","meta":[],"categories":[64],"tags":[420,460,464,479,721,825,563,2054,574,766,106765,649,676,681],"suno_strategy":[],"class_list":["post-303485","post","type-post","status-publish","format-standard","has-post-thumbnail","hentry","category-negocios","tag-cemig-cmig3-cmig4","tag-embraer-embr3","tag-eneva-enev3","tag-fleury-flry3","tag-ibovespa","tag-minerio-de-ferro","tag-minerva-beef11-beef3","tag-mrv-mrve3","tag-natura-ntco3","tag-petroleo","tag-sabesp-sbsp3","tag-taesa-taee11-taee3-taee4","tag-vale-vale3","tag-weg-wege3"],"yoast_head":"<!-- This site is optimized with the Yoast SEO plugin v24.4 - https:\/\/yoast.com\/wordpress\/plugins\/seo\/ -->\n<title>Ibovespa cai; a\u00e7\u00f5es da WEG (WEGE3) sobem, Natura (NTCO3) recua<\/title>\n<meta name=\"description\" content=\"O Ibovespa opera em queda aos 107 mil pontos, com as a\u00e7\u00f5es da WEG (WEGE3) subindo. Saiba mais sobre a cota\u00e7\u00e3o do Ibovespa hoje (30).\" \/>\n<meta name=\"robots\" content=\"index, follow, max-snippet:-1, max-image-preview:large, max-video-preview:-1\" \/>\n<link rel=\"canonical\" href=\"https:\/\/www.suno.com.br\/noticias\/ibovespa-hoje-cotacao-weg-wege3-natura-ntco3\/\" \/>\n<meta property=\"og:locale\" content=\"pt_BR\" \/>\n<meta property=\"og:type\" content=\"article\" \/>\n<meta property=\"og:title\" content=\"Ibovespa cai; a\u00e7\u00f5es da WEG (WEGE3) sobem, Natura (NTCO3) recua\" \/>\n<meta property=\"og:description\" content=\"O Ibovespa opera em queda aos 107 mil pontos, com as a\u00e7\u00f5es da WEG (WEGE3) subindo. Saiba mais sobre a cota\u00e7\u00e3o do Ibovespa hoje (30).\" \/>\n<meta property=\"og:url\" content=\"https:\/\/www.suno.com.br\/noticias\/ibovespa-hoje-cotacao-weg-wege3-natura-ntco3\/\" \/>\n<meta property=\"og:site_name\" content=\"Suno Not\u00edcias\" \/>\n<meta property=\"article:publisher\" content=\"https:\/\/facebook.com\/sunoresearch\" \/>\n<meta property=\"og:image\" content=\"https:\/\/files.sunoresearch.com.br\/n\/uploads\/2022\/09\/Ibovespa-scaled.jpg\" \/>\n\t<meta property=\"og:image:width\" content=\"2560\" \/>\n\t<meta property=\"og:image:height\" content=\"1707\" \/>\n\t<meta property=\"og:image:type\" content=\"image\/jpeg\" \/>\n<meta name=\"author\" content=\"Jo\u00e3o Vitor\" \/>\n<meta name=\"twitter:card\" content=\"summary_large_image\" \/>\n<meta name=\"twitter:creator\" content=\"@sunoresearch\" \/>\n<meta name=\"twitter:site\" content=\"@sunoresearch\" \/>\n<meta name=\"twitter:label1\" content=\"Escrito por\" \/>\n\t<meta name=\"twitter:data1\" content=\"Jo\u00e3o Vitor\" \/>\n\t<meta name=\"twitter:label2\" content=\"Est. tempo de leitura\" \/>\n\t<meta name=\"twitter:data2\" content=\"5 minutos\" \/>\n<script type=\"application\/ld+json\" class=\"yoast-schema-graph\">{\"@context\":\"https:\/\/schema.org\",\"@graph\":[{\"@type\":\"NewsArticle\",\"@id\":\"https:\/\/www.suno.com.br\/noticias\/ibovespa-hoje-cotacao-weg-wege3-natura-ntco3\/#article\",\"isPartOf\":{\"@id\":\"https:\/\/www.suno.com.br\/noticias\/ibovespa-hoje-cotacao-weg-wege3-natura-ntco3\/\"},\"author\":{\"name\":\"Jo\u00e3o Vitor\",\"@id\":\"https:\/\/www.suno.com.br\/noticias\/#\/schema\/person\/87fc6973867c52dd884811905c43afba\"},\"headline\":\"Ibovespa cai aos 107 mil pontos; a\u00e7\u00f5es da WEG (WEGE3) sobem, Natura (NTCO3) recua\",\"datePublished\":\"2022-09-30T13:38:25+00:00\",\"mainEntityOfPage\":{\"@id\":\"https:\/\/www.suno.com.br\/noticias\/ibovespa-hoje-cotacao-weg-wege3-natura-ntco3\/\"},\"wordCount\":948,\"publisher\":{\"@id\":\"https:\/\/www.suno.com.br\/noticias\/#organization\"},\"image\":{\"@id\":\"https:\/\/www.suno.com.br\/noticias\/ibovespa-hoje-cotacao-weg-wege3-natura-ntco3\/#primaryimage\"},\"thumbnailUrl\":\"https:\/\/files.sunoresearch.com.br\/n\/uploads\/2022\/09\/Ibovespa-scaled.jpg\",\"keywords\":[\"Cemig (CMIG3\/CMIG4)\",\"Embraer (EMBR3)\",\"Eneva (ENEV3)\",\"Fleury (FLRY3)\",\"Ibovespa\",\"min\u00e9rio de ferro\",\"Minerva (BEEF11\/BEEF3)\",\"MRV (MRVE3)\",\"Natura (NTCO3)\",\"Petr\u00f3leo\",\"Sabesp (SBSP3)\",\"Taesa (TAEE11\/TAEE3\/TAEE4)\",\"Vale (VALE3)\",\"Weg (WEGE3)\"],\"articleSection\":[\"Neg\u00f3cios\"],\"inLanguage\":\"pt-BR\"},{\"@type\":\"WebPage\",\"@id\":\"https:\/\/www.suno.com.br\/noticias\/ibovespa-hoje-cotacao-weg-wege3-natura-ntco3\/\",\"url\":\"https:\/\/www.suno.com.br\/noticias\/ibovespa-hoje-cotacao-weg-wege3-natura-ntco3\/\",\"name\":\"Ibovespa cai; a\u00e7\u00f5es da WEG (WEGE3) sobem, Natura (NTCO3) recua\",\"isPartOf\":{\"@id\":\"https:\/\/www.suno.com.br\/noticias\/#website\"},\"primaryImageOfPage\":{\"@id\":\"https:\/\/www.suno.com.br\/noticias\/ibovespa-hoje-cotacao-weg-wege3-natura-ntco3\/#primaryimage\"},\"image\":{\"@id\":\"https:\/\/www.suno.com.br\/noticias\/ibovespa-hoje-cotacao-weg-wege3-natura-ntco3\/#primaryimage\"},\"thumbnailUrl\":\"https:\/\/files.sunoresearch.com.br\/n\/uploads\/2022\/09\/Ibovespa-scaled.jpg\",\"datePublished\":\"2022-09-30T13:38:25+00:00\",\"description\":\"O Ibovespa opera em queda aos 107 mil pontos, com as a\u00e7\u00f5es da WEG (WEGE3) subindo. Saiba mais sobre a cota\u00e7\u00e3o do Ibovespa hoje (30).\",\"breadcrumb\":{\"@id\":\"https:\/\/www.suno.com.br\/noticias\/ibovespa-hoje-cotacao-weg-wege3-natura-ntco3\/#breadcrumb\"},\"inLanguage\":\"pt-BR\",\"potentialAction\":[{\"@type\":\"ReadAction\",\"target\":[\"https:\/\/www.suno.com.br\/noticias\/ibovespa-hoje-cotacao-weg-wege3-natura-ntco3\/\"]}]},{\"@type\":\"ImageObject\",\"inLanguage\":\"pt-BR\",\"@id\":\"https:\/\/www.suno.com.br\/noticias\/ibovespa-hoje-cotacao-weg-wege3-natura-ntco3\/#primaryimage\",\"url\":\"https:\/\/files.sunoresearch.com.br\/n\/uploads\/2022\/09\/Ibovespa-scaled.jpg\",\"contentUrl\":\"https:\/\/files.sunoresearch.com.br\/n\/uploads\/2022\/09\/Ibovespa-scaled.jpg\",\"width\":2560,\"height\":1707,\"caption\":\"Ibovespa cai pela 13\u00aa vez e tem maior sequ\u00eancia de quedas da hist\u00f3ria; Via (VIIA3) e Magazine Luiza (MGLU3) despencam na Bolsa. Foto: Pixabay\"},{\"@type\":\"BreadcrumbList\",\"@id\":\"https:\/\/www.suno.com.br\/noticias\/ibovespa-hoje-cotacao-weg-wege3-natura-ntco3\/#breadcrumb\",\"itemListElement\":[{\"@type\":\"ListItem\",\"position\":1,\"name\":\"Not\u00edcias\",\"item\":\"https:\/\/www.suno.com.br\/noticias\/\"},{\"@type\":\"ListItem\",\"position\":2,\"name\":\"Neg\u00f3cios\",\"item\":\"https:\/\/www.suno.com.br\/noticias\/negocios\/\"},{\"@type\":\"ListItem\",\"position\":3,\"name\":\"Ibovespa cai aos 107 mil pontos; a\u00e7\u00f5es da WEG (WEGE3) sobem, Natura (NTCO3) recua\"}]},{\"@type\":\"WebSite\",\"@id\":\"https:\/\/www.suno.com.br\/noticias\/#website\",\"url\":\"https:\/\/www.suno.com.br\/noticias\/\",\"name\":\"Suno Not\u00edcias\",\"description\":\"Seu portal de informa\u00e7\u00e3o sobre o mundo dos investimentos\",\"publisher\":{\"@id\":\"https:\/\/www.suno.com.br\/noticias\/#organization\"},\"potentialAction\":[{\"@type\":\"SearchAction\",\"target\":{\"@type\":\"EntryPoint\",\"urlTemplate\":\"https:\/\/www.suno.com.br\/noticias\/?s={search_term_string}\"},\"query-input\":{\"@type\":\"PropertyValueSpecification\",\"valueRequired\":true,\"valueName\":\"search_term_string\"}}],\"inLanguage\":\"pt-BR\"},{\"@type\":\"Organization\",\"@id\":\"https:\/\/www.suno.com.br\/noticias\/#organization\",\"name\":\"Suno Not\u00edcias\",\"url\":\"https:\/\/www.suno.com.br\/noticias\/\",\"logo\":{\"@type\":\"ImageObject\",\"inLanguage\":\"pt-BR\",\"@id\":\"https:\/\/www.suno.com.br\/noticias\/#\/schema\/logo\/image\/\",\"url\":\"https:\/\/files.sunoresearch.com.br\/n\/uploads\/2021\/09\/suno-logo.png\",\"contentUrl\":\"https:\/\/files.sunoresearch.com.br\/n\/uploads\/2021\/09\/suno-logo.png\",\"width\":180,\"height\":180,\"caption\":\"Suno Not\u00edcias\"},\"image\":{\"@id\":\"https:\/\/www.suno.com.br\/noticias\/#\/schema\/logo\/image\/\"},\"sameAs\":[\"https:\/\/facebook.com\/sunoresearch\",\"https:\/\/x.com\/sunoresearch\",\"https:\/\/www.instagram.com\/suno\",\"https:\/\/www.linkedin.com\/company\/suno-research\/\",\"https:\/\/www.youtube.com\/c\/sunoresearch\"]},{\"@type\":\"Person\",\"@id\":\"https:\/\/www.suno.com.br\/noticias\/#\/schema\/person\/87fc6973867c52dd884811905c43afba\",\"name\":\"Jo\u00e3o Vitor\",\"image\":{\"@type\":\"ImageObject\",\"inLanguage\":\"pt-BR\",\"@id\":\"https:\/\/www.suno.com.br\/noticias\/#\/schema\/person\/image\/\",\"url\":\"https:\/\/secure.gravatar.com\/avatar\/2843227ca03ccf8cc7ccca45204c127e?s=96&r=g\",\"contentUrl\":\"https:\/\/secure.gravatar.com\/avatar\/2843227ca03ccf8cc7ccca45204c127e?s=96&r=g\",\"caption\":\"Jo\u00e3o Vitor\"},\"description\":\"Redator profissional, com atua\u00e7\u00e3o no mercado editorial na produ\u00e7\u00e3o de not\u00edcias e conte\u00fados sobre o mercado de a\u00e7\u00f5es, fundos imobili\u00e1rios e economia popular. Graduando em Engenharia Qu\u00edmica pela Unesp, tamb\u00e9m j\u00e1 atuou como consultor financeiro.\",\"url\":\"https:\/\/www.suno.com.br\/noticias\/author\/joao-vitor-jacintho\/\"}]}<\/script>\n<!-- \/ Yoast SEO plugin. -->","yoast_head_json":{"title":"Ibovespa cai; a\u00e7\u00f5es da WEG (WEGE3) sobem, Natura (NTCO3) recua","description":"O Ibovespa opera em queda aos 107 mil pontos, com as a\u00e7\u00f5es da WEG (WEGE3) subindo. Saiba mais sobre a cota\u00e7\u00e3o do Ibovespa hoje (30).","robots":{"index":"index","follow":"follow","max-snippet":"max-snippet:-1","max-image-preview":"max-image-preview:large","max-video-preview":"max-video-preview:-1"},"canonical":"https:\/\/www.suno.com.br\/noticias\/ibovespa-hoje-cotacao-weg-wege3-natura-ntco3\/","og_locale":"pt_BR","og_type":"article","og_title":"Ibovespa cai; a\u00e7\u00f5es da WEG (WEGE3) sobem, Natura (NTCO3) recua","og_description":"O Ibovespa opera em queda aos 107 mil pontos, com as a\u00e7\u00f5es da WEG (WEGE3) subindo. Saiba mais sobre a cota\u00e7\u00e3o do Ibovespa hoje (30).","og_url":"https:\/\/www.suno.com.br\/noticias\/ibovespa-hoje-cotacao-weg-wege3-natura-ntco3\/","og_site_name":"Suno Not\u00edcias","article_publisher":"https:\/\/facebook.com\/sunoresearch","og_image":[{"width":2560,"height":1707,"url":"https:\/\/files.sunoresearch.com.br\/n\/uploads\/2022\/09\/Ibovespa-scaled.jpg","type":"image\/jpeg"}],"author":"Jo\u00e3o Vitor","twitter_card":"summary_large_image","twitter_creator":"@sunoresearch","twitter_site":"@sunoresearch","twitter_misc":{"Escrito por":"Jo\u00e3o Vitor","Est. tempo de leitura":"5 minutos"},"schema":{"@context":"https:\/\/schema.org","@graph":[{"@type":"NewsArticle","@id":"https:\/\/www.suno.com.br\/noticias\/ibovespa-hoje-cotacao-weg-wege3-natura-ntco3\/#article","isPartOf":{"@id":"https:\/\/www.suno.com.br\/noticias\/ibovespa-hoje-cotacao-weg-wege3-natura-ntco3\/"},"author":{"name":"Jo\u00e3o Vitor","@id":"https:\/\/www.suno.com.br\/noticias\/#\/schema\/person\/87fc6973867c52dd884811905c43afba"},"headline":"Ibovespa cai aos 107 mil pontos; a\u00e7\u00f5es da WEG (WEGE3) sobem, Natura (NTCO3) recua","datePublished":"2022-09-30T13:38:25+00:00","mainEntityOfPage":{"@id":"https:\/\/www.suno.com.br\/noticias\/ibovespa-hoje-cotacao-weg-wege3-natura-ntco3\/"},"wordCount":948,"publisher":{"@id":"https:\/\/www.suno.com.br\/noticias\/#organization"},"image":{"@id":"https:\/\/www.suno.com.br\/noticias\/ibovespa-hoje-cotacao-weg-wege3-natura-ntco3\/#primaryimage"},"thumbnailUrl":"https:\/\/files.sunoresearch.com.br\/n\/uploads\/2022\/09\/Ibovespa-scaled.jpg","keywords":["Cemig (CMIG3\/CMIG4)","Embraer (EMBR3)","Eneva (ENEV3)","Fleury (FLRY3)","Ibovespa","min\u00e9rio de ferro","Minerva (BEEF11\/BEEF3)","MRV (MRVE3)","Natura (NTCO3)","Petr\u00f3leo","Sabesp (SBSP3)","Taesa (TAEE11\/TAEE3\/TAEE4)","Vale (VALE3)","Weg (WEGE3)"],"articleSection":["Neg\u00f3cios"],"inLanguage":"pt-BR"},{"@type":"WebPage","@id":"https:\/\/www.suno.com.br\/noticias\/ibovespa-hoje-cotacao-weg-wege3-natura-ntco3\/","url":"https:\/\/www.suno.com.br\/noticias\/ibovespa-hoje-cotacao-weg-wege3-natura-ntco3\/","name":"Ibovespa cai; a\u00e7\u00f5es da WEG (WEGE3) sobem, Natura (NTCO3) recua","isPartOf":{"@id":"https:\/\/www.suno.com.br\/noticias\/#website"},"primaryImageOfPage":{"@id":"https:\/\/www.suno.com.br\/noticias\/ibovespa-hoje-cotacao-weg-wege3-natura-ntco3\/#primaryimage"},"image":{"@id":"https:\/\/www.suno.com.br\/noticias\/ibovespa-hoje-cotacao-weg-wege3-natura-ntco3\/#primaryimage"},"thumbnailUrl":"https:\/\/files.sunoresearch.com.br\/n\/uploads\/2022\/09\/Ibovespa-scaled.jpg","datePublished":"2022-09-30T13:38:25+00:00","description":"O Ibovespa opera em queda aos 107 mil pontos, com as a\u00e7\u00f5es da WEG (WEGE3) subindo. Saiba mais sobre a cota\u00e7\u00e3o do Ibovespa hoje (30).","breadcrumb":{"@id":"https:\/\/www.suno.com.br\/noticias\/ibovespa-hoje-cotacao-weg-wege3-natura-ntco3\/#breadcrumb"},"inLanguage":"pt-BR","potentialAction":[{"@type":"ReadAction","target":["https:\/\/www.suno.com.br\/noticias\/ibovespa-hoje-cotacao-weg-wege3-natura-ntco3\/"]}]},{"@type":"ImageObject","inLanguage":"pt-BR","@id":"https:\/\/www.suno.com.br\/noticias\/ibovespa-hoje-cotacao-weg-wege3-natura-ntco3\/#primaryimage","url":"https:\/\/files.sunoresearch.com.br\/n\/uploads\/2022\/09\/Ibovespa-scaled.jpg","contentUrl":"https:\/\/files.sunoresearch.com.br\/n\/uploads\/2022\/09\/Ibovespa-scaled.jpg","width":2560,"height":1707,"caption":"Ibovespa cai pela 13\u00aa vez e tem maior sequ\u00eancia de quedas da hist\u00f3ria; Via (VIIA3) e Magazine Luiza (MGLU3) despencam na Bolsa. Foto: Pixabay"},{"@type":"BreadcrumbList","@id":"https:\/\/www.suno.com.br\/noticias\/ibovespa-hoje-cotacao-weg-wege3-natura-ntco3\/#breadcrumb","itemListElement":[{"@type":"ListItem","position":1,"name":"Not\u00edcias","item":"https:\/\/www.suno.com.br\/noticias\/"},{"@type":"ListItem","position":2,"name":"Neg\u00f3cios","item":"https:\/\/www.suno.com.br\/noticias\/negocios\/"},{"@type":"ListItem","position":3,"name":"Ibovespa cai aos 107 mil pontos; a\u00e7\u00f5es da WEG (WEGE3) sobem, Natura (NTCO3) recua"}]},{"@type":"WebSite","@id":"https:\/\/www.suno.com.br\/noticias\/#website","url":"https:\/\/www.suno.com.br\/noticias\/","name":"Suno Not\u00edcias","description":"Seu portal de informa\u00e7\u00e3o sobre o mundo dos investimentos","publisher":{"@id":"https:\/\/www.suno.com.br\/noticias\/#organization"},"potentialAction":[{"@type":"SearchAction","target":{"@type":"EntryPoint","urlTemplate":"https:\/\/www.suno.com.br\/noticias\/?s={search_term_string}"},"query-input":{"@type":"PropertyValueSpecification","valueRequired":true,"valueName":"search_term_string"}}],"inLanguage":"pt-BR"},{"@type":"Organization","@id":"https:\/\/www.suno.com.br\/noticias\/#organization","name":"Suno Not\u00edcias","url":"https:\/\/www.suno.com.br\/noticias\/","logo":{"@type":"ImageObject","inLanguage":"pt-BR","@id":"https:\/\/www.suno.com.br\/noticias\/#\/schema\/logo\/image\/","url":"https:\/\/files.sunoresearch.com.br\/n\/uploads\/2021\/09\/suno-logo.png","contentUrl":"https:\/\/files.sunoresearch.com.br\/n\/uploads\/2021\/09\/suno-logo.png","width":180,"height":180,"caption":"Suno Not\u00edcias"},"image":{"@id":"https:\/\/www.suno.com.br\/noticias\/#\/schema\/logo\/image\/"},"sameAs":["https:\/\/facebook.com\/sunoresearch","https:\/\/x.com\/sunoresearch","https:\/\/www.instagram.com\/suno","https:\/\/www.linkedin.com\/company\/suno-research\/","https:\/\/www.youtube.com\/c\/sunoresearch"]},{"@type":"Person","@id":"https:\/\/www.suno.com.br\/noticias\/#\/schema\/person\/87fc6973867c52dd884811905c43afba","name":"Jo\u00e3o Vitor","image":{"@type":"ImageObject","inLanguage":"pt-BR","@id":"https:\/\/www.suno.com.br\/noticias\/#\/schema\/person\/image\/","url":"https:\/\/secure.gravatar.com\/avatar\/2843227ca03ccf8cc7ccca45204c127e?s=96&r=g","contentUrl":"https:\/\/secure.gravatar.com\/avatar\/2843227ca03ccf8cc7ccca45204c127e?s=96&r=g","caption":"Jo\u00e3o Vitor"},"description":"Redator profissional, com atua\u00e7\u00e3o no mercado editorial na produ\u00e7\u00e3o de not\u00edcias e conte\u00fados sobre o mercado de a\u00e7\u00f5es, fundos imobili\u00e1rios e economia popular. Graduando em Engenharia Qu\u00edmica pela Unesp, tamb\u00e9m j\u00e1 atuou como consultor financeiro.","url":"https:\/\/www.suno.com.br\/noticias\/author\/joao-vitor-jacintho\/"}]}},"default_loop_html":"<div class=\"cardsPage__listCard__boxs\"><div class=\"cardsPage__listCard__boxs__img\"><a href=\"https:\/\/www.suno.com.br\/noticias\/ibovespa-hoje-cotacao-weg-wege3-natura-ntco3\/\"><img class=\"mask\" src=\"https:\/\/www.suno.com.br\/noticias\/wp-content\/themes\/suno\/resources\/images\/spotlight\/spotlight1img\/bg-mask.png\" alt=\"Image Mask\"\/><img src=\"https:\/\/files.sunoresearch.com.br\/n\/uploads\/2022\/09\/Ibovespa-400x200.jpg\" alt=\"Ibovespa cai aos 107 mil pontos; a\u00e7\u00f5es da WEG (WEGE3) sobem, Natura (NTCO3) recua\"\/><\/a><span class=\"spotlightCategory\"><a href=\"https:\/\/www.suno.com.br\/noticias\/negocios\/\">Neg\u00f3cios<\/a><\/span><\/div><div class=\"cardsPage__listCard__boxs__content\"><a href=\"https:\/\/www.suno.com.br\/noticias\/ibovespa-hoje-cotacao-weg-wege3-natura-ntco3\/\"><h2 class=\"content__title\">Ibovespa cai aos 107 mil pontos; a\u00e7\u00f5es da WEG (WEGE3) sobem, Natura (NTCO3) recua<\/h2><\/a><div class=\"newsContent__article__meta\"><div class=\"newsContent__article__meta__authorBox\"><a href=\"https:\/\/www.suno.com.br\/noticias\/author\/joao-vitor-jacintho\/\" class=\"authorBox__avatar noMobi\"><img src=\"https:\/\/secure.gravatar.com\/avatar\/2843227ca03ccf8cc7ccca45204c127e?s=96&#038;r=g\" alt=\"Jo\u00e3o Vitor Jacintho\"><\/a><div class=\"authorBox__name\"><span>por\n\t\t\t<a href=\"https:\/\/www.suno.com.br\/noticias\/author\/joao-vitor-jacintho\/\"><span itemprop=\"author\">Jo\u00e3o Vitor Jacintho<\/span><\/a><\/span><time datetime=\"2022-09-30T10:38:25-03:00\" itemprop=\"datePublished\">30\/09\/2022 10:38<\/time><\/div><\/div><\/div><\/div><\/div>","single_layout":"posts","amp_enabled":true,"_links":{"self":[{"href":"https:\/\/www.suno.com.br\/noticias\/wp-json\/wp\/v2\/posts\/303485"}],"collection":[{"href":"https:\/\/www.suno.com.br\/noticias\/wp-json\/wp\/v2\/posts"}],"about":[{"href":"https:\/\/www.suno.com.br\/noticias\/wp-json\/wp\/v2\/types\/post"}],"author":[{"embeddable":true,"href":"https:\/\/www.suno.com.br\/noticias\/wp-json\/wp\/v2\/users\/173"}],"replies":[{"embeddable":true,"href":"https:\/\/www.suno.com.br\/noticias\/wp-json\/wp\/v2\/comments?post=303485"}],"version-history":[{"count":2,"href":"https:\/\/www.suno.com.br\/noticias\/wp-json\/wp\/v2\/posts\/303485\/revisions"}],"predecessor-version":[{"id":303498,"href":"https:\/\/www.suno.com.br\/noticias\/wp-json\/wp\/v2\/posts\/303485\/revisions\/303498"}],"wp:featuredmedia":[{"embeddable":true,"href":"https:\/\/www.suno.com.br\/noticias\/wp-json\/wp\/v2\/media\/303495"}],"wp:attachment":[{"href":"https:\/\/www.suno.com.br\/noticias\/wp-json\/wp\/v2\/media?parent=303485"}],"wp:term":[{"taxonomy":"category","embeddable":true,"href":"https:\/\/www.suno.com.br\/noticias\/wp-json\/wp\/v2\/categories?post=303485"},{"taxonomy":"post_tag","embeddable":true,"href":"https:\/\/www.suno.com.br\/noticias\/wp-json\/wp\/v2\/tags?post=303485"},{"taxonomy":"suno_strategy","embeddable":true,"href":"https:\/\/www.suno.com.br\/noticias\/wp-json\/wp\/v2\/suno_strategy?post=303485"}],"curies":[{"name":"wp","href":"https:\/\/api.w.org\/{rel}","templated":true}]}}