{"id":303482,"date":"2022-09-30T09:35:56","date_gmt":"2022-09-30T12:35:56","guid":{"rendered":"https:\/\/www.suno.com.br\/noticias\/?p=303482"},"modified":"2022-09-30T09:35:56","modified_gmt":"2022-09-30T12:35:56","slug":"fleury-flyr3-embraer-embr3-edp-enbr3-destaques","status":"publish","type":"post","link":"https:\/\/www.suno.com.br\/noticias\/fleury-flyr3-embraer-embr3-edp-enbr3-destaques\/","title":{"rendered":"Fleury (FLYR3), Embraer (EMBR3) e EDP (ENBR3) s\u00e3o destaques do mercado financeiro"},"content":{"rendered":"<p>Entre os principais <strong>destaques do <a class=\"suno-keyword\" href=\"https:\/\/www.suno.com.br\/guias\/mercado-financeiro\/\" target=\"_blank\" rel=\"noopener\" data-force=\"no\" data-priority=\"2\">mercado financeiro<\/a><\/strong> de hoje (30) est\u00e1 a <strong>Fleury<\/strong> (FLYR3), que adquiriu uma cl\u00ednica oftalmol\u00f3gica em S\u00e3o Paulo.<\/p><div class=\"videoFull videoFull--noRadius\">\n\t\t\t<div class=\"videoWrapper yt-lazyload center\"\n\t\t\t\tdata-width=\"960\"\n\t\t\t\tdata-height=\"540\"\n\t\t\t\tdata-id=\"Otup3CXIcMQ\"\n\t\t\t\tdata-alt=\"Bolsas ensaiam recupera\u00e7\u00e3o; Saiba mais!\"\n\t\t\t\tdata-logo=\"3\"\n\t\t\t\tdata-imagequality=\"maxres\">\n\t\t\t<\/div>\n\t\t<\/div><span class=\"videoFull__caption videoFull__caption--show\">Bolsas ensaiam recupera\u00e7\u00e3o; Saiba mais!<p><\/p><\/span><script type=\"application\/ld+json\">{\"@context\":\"https:\/\/schema.org\",\"@type\":\"VideoObject\",\"name\":\"MERCADO AGUARDA ELEI\u00c7\u00d5ES | Bolsas ensaiam recupera\u00e7\u00e3o | Vale (VALE3) reestrutura opera\u00e7\u00f5es no Brasil\",\"description\":\"No \u00faltimo dia \u00fatil da semana os \u00edndices futuros de Nova York e as bolsas da Europa avan\u00e7am positivamente, recuperando parte das perdas dos \u00faltimos dias durante a manh\u00e3 desta sexta-feira (30). A pr\u00f3xima decis\u00e3o de aperto monet\u00e1rio do Fed e o seu impacto no mercado continuam sendo uma grande preocupa\u00e7\u00e3o para os investidores. Diversos\u2026\",\"duration\":\"PT28M58S\",\"embedUrl\":\"https:\/\/www.youtube.com\/embed\/Otup3CXIcMQ\",\"regionsAllowed\":\"pt-BR\",\"interactionStatistic\":{\"@type\":\"InteractionCounter\",\"interactionType\":{\"@type\":\"WatchAction\"},\"userInteractionCount\":2083},\"thumbnailUrl\":\"https:\/\/i.ytimg.com\/vi\/Otup3CXIcMQ\/default.jpg\",\"uploadDate\":\"2022-09-30T12:33:44Z\"}<\/script>\n\n\t<p>\n\t\t<a href=\"\" target=\"_blank\" data-element=\"shortcode-suno-banner\" title=\"Banner SUNO, clique e saiba mais\">\n\t\t\t<picture>\n\t\t\t\t<source media=\"(max-width: 500px)\" srcset=\"\">\n\t\t\t\t<img class=\"newsContent__article__imgCapa newsContent__article__imgCapa--banner\"\n\t\t\t\t\tsrc=\"\"\n\t\t\t\t\tdata-promo-id=\"138420\"\t\t\t\t\t\t\t\t\t\t\t\t\t\t\talt=\"\"\n\t\t\t\t>\n\t\t\t<\/picture>\n\t\t<\/a>\n\t<\/p>\n\n\n<p>Assim como a Fleury, outra companhia que est\u00e1 no radar dos investidores \u00e9 a <strong><a class=\"suno-keyword\" href=\"https:\/\/www.suno.com.br\/acoes\/EMBR3\/\" target=\"_blank\" rel=\"noopener\" data-force=\"yes\" data-priority=\"2\">Embraer (EMBR3)<\/a><\/strong>. A gestora estadunidense Blackrock realizou uma nova <a class=\"suno-keyword\" href=\"https:\/\/www.suno.com.br\/artigos\/compra-de-acoes\/\" target=\"_blank\" rel=\"noopener\" data-force=\"no\" data-priority=\"1\">compra de a\u00e7\u00f5es<\/a> da companhia.<\/p>\n<p>Outra empresa que se destaca hoje \u00e9 a <strong><a class=\"suno-keyword\" href=\"https:\/\/www.suno.com.br\/acoes\/enbr3\/\" target=\"_blank\" rel=\"noopener\" data-force=\"yes\" data-priority=\"2\">EDP (ENBR3)<\/a><\/strong>, j\u00e1 que sua subsidi\u00e1ria realizou a emiss\u00e3o de notas comerciais no valor de R$ 1,5 bilh\u00e3o.<\/p>\n\t<div data-element=\"shortcode-read-more\" class=\"knowMore\">\n\t\t\t\t<span class=\"knowMore__title\">Leia mais:<\/span>\n\t\t\t\t<a class=\"knowMore__link\" href=\"https:\/\/www.suno.com.br\/noticias\/eletrobras-elet3-plano-de-demissao-voluntaria-20\/\">\n\t\t\tEletrobras (ELET3) prepara plano de demiss\u00e3o volunt\u00e1ria para 20% do quadro\t\t<\/a>\n\t<\/div>\n\n\n<p>Veja os destaques do mercado financeiro de hoje (30).<\/p>\n<h2>Fleury adquire cl\u00ednica oftalmol\u00f3gica em SP<\/h2>\n<p>O <a class=\"suno-keyword\" href=\"https:\/\/www.suno.com.br\/artigos\/conselho-administracao\/\" target=\"_blank\" rel=\"noopener\" data-force=\"no\" data-priority=\"1\">conselho de administra\u00e7\u00e3o<\/a> da Fleury aprovou a aquisi\u00e7\u00e3o de 100% das cotas representativas do capital social da Cl\u00ednica Oftalmol\u00f3gica S\u00e3o Lucas, por meio de sua controlada Fleury Centro de Procedimentos M\u00e9dicos Avan\u00e7ados.<\/p>\n<p>Dessa forma, o <strong>conselho da Fleury<\/strong> autorizou a diretoria da empresa e da Fleury CPMA a praticar \u201ctodos os atos que se fa\u00e7am necess\u00e1rios para o cumprimento da mat\u00e9ria aprovada, incluindo a assinatura do contrato de compra e venda de cotas e outras aven\u00e7as da opera\u00e7\u00e3o\u201d.<\/p>\n<p>O pre\u00e7o total da aquisi\u00e7\u00e3o e o <a class=\"suno-keyword\" href=\"https:\/\/www.suno.com.br\/artigos\/preco-medio\/\" target=\"_blank\" rel=\"noopener\" data-force=\"no\" data-priority=\"1\">pre\u00e7o m\u00e9dio<\/a> de cada cota da sociedade adquirida n\u00e3o se enquadram nas hip\u00f3teses do art. 256 da Lei n\u00ba 6.404\/76. Sendo assim, a opera\u00e7\u00e3o n\u00e3o est\u00e1 sujeita \u00e0 aprova\u00e7\u00e3o dos <strong>acionistas da Fleury<\/strong>.<\/p>\n<h2>BlackRock realiza nova compra de a\u00e7\u00f5es da Embraer<\/h2>\n<p>A <strong>BlackRock<\/strong> comprou <a class=\"suno-keyword\" href=\"https:\/\/www.suno.com.br\/artigos\/o-que-sao-acoes-ordinarias-preferenciais-e-units\/\" target=\"_blank\" rel=\"noopener\" data-force=\"no\" data-priority=\"1\">a\u00e7\u00f5es ordin\u00e1rias<\/a> da Embraer. Assim, passou a deter 31.561.067 a\u00e7\u00f5es ordin\u00e1rias e 1.459.069 American Depositary Receipts (ADRs) da companhia, representando 5.836.276 a\u00e7\u00f5es ordin\u00e1rias. Com isso, det\u00e9m 37.397.343 a\u00e7\u00f5es ordin\u00e1rias, o que corresponde a cerca de 5,050% do total de a\u00e7\u00f5es desse tipo emitidas pela companhia.<\/p>\n<p>A gestora tamb\u00e9m possui 3.338.869 <a class=\"suno-keyword\" href=\"https:\/\/www.suno.com.br\/artigos\/instrumentos-financeiros\/\" target=\"_blank\" rel=\"noopener\" data-force=\"no\" data-priority=\"1\">instrumentos financeiros<\/a> derivativos referenciados em a\u00e7\u00f5es ordin\u00e1rias, ou seja, cerca de 0,450% do total de a\u00e7\u00f5es da categoria emitidas pela companhia de medicina e sa\u00fade.<\/p>\n<p>Al\u00e9m disso, a Eve, <strong>controlada da Embraer<\/strong>, anunciou que dever\u00e1 refazer e republicar suas <a class=\"suno-keyword\" href=\"https:\/\/www.suno.com.br\/artigos\/demonstracoes-financeiras\/\" target=\"_blank\" rel=\"noopener\" data-force=\"no\" data-priority=\"1\">demonstra\u00e7\u00f5es financeiras<\/a> trimestrais do per\u00edodo encerrado em 30 de junho de 2022, referente ao 2\u00ba trimestre de 2022.<\/p>\n<p>Sendo assim, as demonstra\u00e7\u00f5es financeiras da controlada da Embraer devem ser preparadas conforme os <a class=\"suno-keyword\" href=\"https:\/\/www.suno.com.br\/artigos\/principios-contabeis\/\" target=\"_blank\" rel=\"noopener\" data-force=\"no\" data-priority=\"1\">princ\u00edpios cont\u00e1beis<\/a> dos Estados Unidos.<\/p>\n\t<p>\n\t\t<a href=\"https:\/\/lp.suno.com.br\/planilha-controle-gastos\/\" target=\"_blank\" data-element=\"shortcode-suno-banner\" title=\"Banner SUNO, clique e saiba mais\">\n\t\t\t<picture>\n\t\t\t\t<source media=\"(max-width: 500px)\" srcset=\"https:\/\/files.sunoresearch.com.br\/n\/uploads\/2023\/03\/400x300-Planilha-controle-de-gastos.png\">\n\t\t\t\t<img class=\"newsContent__article__imgCapa newsContent__article__imgCapa--banner\"\n\t\t\t\t\tsrc=\"https:\/\/files.sunoresearch.com.br\/n\/uploads\/2023\/03\/1420x240-Planilha-controle-de-gastos.png\"\n\t\t\t\t\tdata-promo-id=\"101751\"\t\t\t\t\t\t\t\t\t\twidth='1420' height='240'\t\t\t\t\talt=\"https:\/\/files.sunoresearch.com.br\/n\/uploads\/2023\/03\/1420x240-Planilha-controle-de-gastos.png\"\n\t\t\t\t>\n\t\t\t<\/picture>\n\t\t<\/a>\n\t<\/p>\n\n\n<p>Tal feito \u00e9 uma determina\u00e7\u00e3o do comit\u00ea de auditoria da Eve Holding, j\u00e1 que se concluiu que a contabiliza\u00e7\u00e3o de determinados <a class=\"suno-keyword\" href=\"https:\/\/www.suno.com.br\/artigos\/bonus-de-subscricao\/\" target=\"_blank\" rel=\"noopener\" data-force=\"no\" data-priority=\"1\">b\u00f4nus de subscri\u00e7\u00e3o<\/a> emitidos pela Eve Holding deveria ser ajustada e que os investidores n\u00e3o devem considerar as demonstra\u00e7\u00f5es financeiras da companhia do 2\u00ba Trimestre de 2022.<\/p>\n<h2>Subsidi\u00e1ria da EDP Brasil realiza emiss\u00e3o de notas comerciais no valor de R$ 1,5 bilh\u00e3o<\/h2>\n<p>A subsidi\u00e1ria da EDP Brasil, Porto do Pec\u00e9m Gera\u00e7\u00e3o de Energia, realizou a 1\u00aa emiss\u00e3o de notas comerciais escriturais pela ICVM 476. Sendo assim, al\u00e9m da Fleury e Embraer, a EDP tamb\u00e9m \u00e9 uma das empresas de destaque no mercado financeiro hoje.<\/p>\n<p>A emiss\u00e3o de notas comerciais ocorre sem garantia da EDP, no valor de R$ 1,5 bilh\u00e3o, e deve ser paga todo m\u00eas at\u00e9 julho de 2027 com recursos vindos do ativo.<\/p>\n<p>O objetivo da emiss\u00e3o da <strong>subsidi\u00e1ria da EDP Brasil<\/strong> \u00e9 realizar o pr\u00e9-pagamento da d\u00edvida com o Banco Nacional de <a class=\"suno-keyword\" href=\"https:\/\/www.suno.com.br\/artigos\/desenvolvimento-economico\/\" target=\"_blank\" rel=\"noopener\" data-force=\"no\" data-priority=\"1\">Desenvolvimento Econ\u00f4mico<\/a> e Social (BNDE), no valor de cerca de R$ 470 milh\u00f5es.<\/p>\n<p>O restante do valor deve ser distribu\u00eddo ao acionista da EDP Brasil, para investimentos em projetos que tragam promo\u00e7\u00e3o e impulsionamento da transi\u00e7\u00e3o energ\u00e9tica.<\/p>\n<p>A Pec\u00e9m, conforme destacado em comunicado da EDP Brasil, \u00e9 uma usina t\u00e9rmica movida a carv\u00e3o mineral, cuja <a class=\"suno-keyword\" href=\"https:\/\/www.suno.com.br\/artigos\/capacidade-instalada\/\" target=\"_blank\" rel=\"noopener\" data-force=\"no\" data-priority=\"1\">capacidade instalada<\/a> \u00e9 de 720 MW, possuindo contratos de energia\u00a0 vigentes at\u00e9 julho de 2027, assim como contrato de autoriza\u00e7\u00e3o at\u00e9 janeiro de 2044.<\/p>\n<p>Desse modo, <strong>Fleury<\/strong>, Embraer e EDP Brasil est\u00e3o entre os principais destaques do mercado financeiro do SUNO Not\u00edcias, que informa todos os dias os acontecimentos mais relevantes do dia das empresas listadas na bolsa de valores brasileira (B3).<\/p>\n\t<p>\n\t\t<a href=\"https:\/\/lp.suno.com.br\/planilha-da-vida-financeira\/\" target=\"_blank\" data-element=\"shortcode-suno-banner\" title=\"Banner SUNO, clique e saiba mais\">\n\t\t\t<picture>\n\t\t\t\t<source media=\"(max-width: 500px)\" srcset=\"https:\/\/files.sunoresearch.com.br\/n\/uploads\/2023\/04\/400x300-Planilha-vida-financeira-true.png\">\n\t\t\t\t<img class=\"newsContent__article__imgCapa newsContent__article__imgCapa--banner\"\n\t\t\t\t\tsrc=\"https:\/\/files.sunoresearch.com.br\/n\/uploads\/2023\/04\/1420x240-Planilha-vida-financeira-true.png\"\n\t\t\t\t\tdata-promo-id=\"106682\"\t\t\t\t\t\t\t\t\t\twidth='1420' height='240'\t\t\t\t\talt=\"https:\/\/files.sunoresearch.com.br\/n\/uploads\/2023\/04\/1420x240-Planilha-vida-financeira-true.png\"\n\t\t\t\t>\n\t\t\t<\/picture>\n\t\t<\/a>\n\t<\/p>\n\n\n","protected":false},"excerpt":{"rendered":"<p>Entre os principais destaques do mercado financeiro de hoje (30) est\u00e1 a Fleury (FLYR3), que adquiriu uma cl\u00ednica oftalmol\u00f3gica em S\u00e3o Paulo. Bolsas ensaiam recupera\u00e7\u00e3o; Saiba mais! Assim como a Fleury, outra companhia que est\u00e1 no radar dos investidores \u00e9 a Embraer (EMBR3). A gestora estadunidense Blackrock realizou uma nova compra de a\u00e7\u00f5es da companhia. [&hellip;]<\/p>\n","protected":false},"author":173,"featured_media":47175,"comment_status":"closed","ping_status":"closed","sticky":false,"template":"","format":"standard","meta":[],"categories":[60],"tags":[104831,1207,460,479],"suno_strategy":[],"class_list":["post-303482","post","type-post","status-publish","format-standard","has-post-thumbnail","hentry","category-mercado","tag-destaques-de-empresas","tag-edp-brasil-enbr3","tag-embraer-embr3","tag-fleury-flry3"],"yoast_head":"<!-- This site is optimized with the Yoast SEO plugin v24.4 - https:\/\/yoast.com\/wordpress\/plugins\/seo\/ -->\n<title>Fleury (FLYR3) e Embraer (EMBR3) s\u00e3o destaques do mercado financeiro<\/title>\n<meta name=\"description\" content=\"Fleury (FLYR3), Embraer (EMBR3) e EDP (ENBR3) s\u00e3o destaques do mercado financeiro hoje (30). Veja os acontecimentos mais relevantes do dia.\" \/>\n<meta name=\"robots\" content=\"index, follow, max-snippet:-1, max-image-preview:large, max-video-preview:-1\" \/>\n<link rel=\"canonical\" href=\"https:\/\/www.suno.com.br\/noticias\/fleury-flyr3-embraer-embr3-edp-enbr3-destaques\/\" \/>\n<meta property=\"og:locale\" content=\"pt_BR\" \/>\n<meta property=\"og:type\" content=\"article\" \/>\n<meta property=\"og:title\" content=\"Fleury (FLYR3) e Embraer (EMBR3) s\u00e3o destaques do mercado financeiro\" \/>\n<meta property=\"og:description\" content=\"Fleury (FLYR3), Embraer (EMBR3) e EDP (ENBR3) s\u00e3o destaques do mercado financeiro hoje (30). Veja os acontecimentos mais relevantes do dia.\" \/>\n<meta property=\"og:url\" content=\"https:\/\/www.suno.com.br\/noticias\/fleury-flyr3-embraer-embr3-edp-enbr3-destaques\/\" \/>\n<meta property=\"og:site_name\" content=\"Suno Not\u00edcias\" \/>\n<meta property=\"article:publisher\" content=\"https:\/\/facebook.com\/sunoresearch\" \/>\n<meta property=\"og:image\" content=\"https:\/\/files.sunoresearch.com.br\/n\/uploads\/2019\/12\/1251511f-fleury-1024x663.jpg\" \/>\n\t<meta property=\"og:image:width\" content=\"1024\" \/>\n\t<meta property=\"og:image:height\" content=\"663\" \/>\n\t<meta property=\"og:image:type\" content=\"image\/jpeg\" \/>\n<meta name=\"author\" content=\"Jo\u00e3o Vitor\" \/>\n<meta name=\"twitter:card\" content=\"summary_large_image\" \/>\n<meta name=\"twitter:creator\" content=\"@sunoresearch\" \/>\n<meta name=\"twitter:site\" content=\"@sunoresearch\" \/>\n<meta name=\"twitter:label1\" content=\"Escrito por\" \/>\n\t<meta name=\"twitter:data1\" content=\"Jo\u00e3o Vitor\" \/>\n\t<meta name=\"twitter:label2\" content=\"Est. tempo de leitura\" \/>\n\t<meta name=\"twitter:data2\" content=\"3 minutos\" \/>\n<script type=\"application\/ld+json\" class=\"yoast-schema-graph\">{\"@context\":\"https:\/\/schema.org\",\"@graph\":[{\"@type\":\"NewsArticle\",\"@id\":\"https:\/\/www.suno.com.br\/noticias\/fleury-flyr3-embraer-embr3-edp-enbr3-destaques\/#article\",\"isPartOf\":{\"@id\":\"https:\/\/www.suno.com.br\/noticias\/fleury-flyr3-embraer-embr3-edp-enbr3-destaques\/\"},\"author\":{\"name\":\"Jo\u00e3o Vitor\",\"@id\":\"https:\/\/www.suno.com.br\/noticias\/#\/schema\/person\/87fc6973867c52dd884811905c43afba\"},\"headline\":\"Fleury (FLYR3), Embraer (EMBR3) e EDP (ENBR3) s\u00e3o destaques do mercado financeiro\",\"datePublished\":\"2022-09-30T12:35:56+00:00\",\"mainEntityOfPage\":{\"@id\":\"https:\/\/www.suno.com.br\/noticias\/fleury-flyr3-embraer-embr3-edp-enbr3-destaques\/\"},\"wordCount\":699,\"publisher\":{\"@id\":\"https:\/\/www.suno.com.br\/noticias\/#organization\"},\"image\":{\"@id\":\"https:\/\/www.suno.com.br\/noticias\/fleury-flyr3-embraer-embr3-edp-enbr3-destaques\/#primaryimage\"},\"thumbnailUrl\":\"https:\/\/files.sunoresearch.com.br\/n\/uploads\/2019\/12\/1251511f-fleury-scaled.webp\",\"keywords\":[\"destaques de empresas\",\"EDP Brasil (ENBR3)\",\"Embraer (EMBR3)\",\"Fleury (FLRY3)\"],\"articleSection\":[\"Mercado\"],\"inLanguage\":\"pt-BR\"},{\"@type\":\"WebPage\",\"@id\":\"https:\/\/www.suno.com.br\/noticias\/fleury-flyr3-embraer-embr3-edp-enbr3-destaques\/\",\"url\":\"https:\/\/www.suno.com.br\/noticias\/fleury-flyr3-embraer-embr3-edp-enbr3-destaques\/\",\"name\":\"Fleury (FLYR3) e Embraer (EMBR3) s\u00e3o destaques do mercado financeiro\",\"isPartOf\":{\"@id\":\"https:\/\/www.suno.com.br\/noticias\/#website\"},\"primaryImageOfPage\":{\"@id\":\"https:\/\/www.suno.com.br\/noticias\/fleury-flyr3-embraer-embr3-edp-enbr3-destaques\/#primaryimage\"},\"image\":{\"@id\":\"https:\/\/www.suno.com.br\/noticias\/fleury-flyr3-embraer-embr3-edp-enbr3-destaques\/#primaryimage\"},\"thumbnailUrl\":\"https:\/\/files.sunoresearch.com.br\/n\/uploads\/2019\/12\/1251511f-fleury-scaled.webp\",\"datePublished\":\"2022-09-30T12:35:56+00:00\",\"description\":\"Fleury (FLYR3), Embraer (EMBR3) e EDP (ENBR3) s\u00e3o destaques do mercado financeiro hoje (30). Veja os acontecimentos mais relevantes do dia.\",\"breadcrumb\":{\"@id\":\"https:\/\/www.suno.com.br\/noticias\/fleury-flyr3-embraer-embr3-edp-enbr3-destaques\/#breadcrumb\"},\"inLanguage\":\"pt-BR\",\"potentialAction\":[{\"@type\":\"ReadAction\",\"target\":[\"https:\/\/www.suno.com.br\/noticias\/fleury-flyr3-embraer-embr3-edp-enbr3-destaques\/\"]}]},{\"@type\":\"ImageObject\",\"inLanguage\":\"pt-BR\",\"@id\":\"https:\/\/www.suno.com.br\/noticias\/fleury-flyr3-embraer-embr3-edp-enbr3-destaques\/#primaryimage\",\"url\":\"https:\/\/files.sunoresearch.com.br\/n\/uploads\/2019\/12\/1251511f-fleury-scaled.webp\",\"contentUrl\":\"https:\/\/files.sunoresearch.com.br\/n\/uploads\/2019\/12\/1251511f-fleury-scaled.webp\",\"width\":2560,\"height\":1658,\"caption\":\"Fleury (FLYR3) Foto: Divulga\u00e7\u00e3o\"},{\"@type\":\"BreadcrumbList\",\"@id\":\"https:\/\/www.suno.com.br\/noticias\/fleury-flyr3-embraer-embr3-edp-enbr3-destaques\/#breadcrumb\",\"itemListElement\":[{\"@type\":\"ListItem\",\"position\":1,\"name\":\"Not\u00edcias\",\"item\":\"https:\/\/www.suno.com.br\/noticias\/\"},{\"@type\":\"ListItem\",\"position\":2,\"name\":\"Mercado\",\"item\":\"https:\/\/www.suno.com.br\/noticias\/mercado\/\"},{\"@type\":\"ListItem\",\"position\":3,\"name\":\"Fleury (FLYR3), Embraer (EMBR3) e EDP (ENBR3) s\u00e3o destaques do mercado financeiro\"}]},{\"@type\":\"WebSite\",\"@id\":\"https:\/\/www.suno.com.br\/noticias\/#website\",\"url\":\"https:\/\/www.suno.com.br\/noticias\/\",\"name\":\"Suno Not\u00edcias\",\"description\":\"Seu portal de informa\u00e7\u00e3o sobre o mundo dos investimentos\",\"publisher\":{\"@id\":\"https:\/\/www.suno.com.br\/noticias\/#organization\"},\"potentialAction\":[{\"@type\":\"SearchAction\",\"target\":{\"@type\":\"EntryPoint\",\"urlTemplate\":\"https:\/\/www.suno.com.br\/noticias\/?s={search_term_string}\"},\"query-input\":{\"@type\":\"PropertyValueSpecification\",\"valueRequired\":true,\"valueName\":\"search_term_string\"}}],\"inLanguage\":\"pt-BR\"},{\"@type\":\"Organization\",\"@id\":\"https:\/\/www.suno.com.br\/noticias\/#organization\",\"name\":\"Suno Not\u00edcias\",\"url\":\"https:\/\/www.suno.com.br\/noticias\/\",\"logo\":{\"@type\":\"ImageObject\",\"inLanguage\":\"pt-BR\",\"@id\":\"https:\/\/www.suno.com.br\/noticias\/#\/schema\/logo\/image\/\",\"url\":\"https:\/\/files.sunoresearch.com.br\/n\/uploads\/2021\/09\/suno-logo.png\",\"contentUrl\":\"https:\/\/files.sunoresearch.com.br\/n\/uploads\/2021\/09\/suno-logo.png\",\"width\":180,\"height\":180,\"caption\":\"Suno Not\u00edcias\"},\"image\":{\"@id\":\"https:\/\/www.suno.com.br\/noticias\/#\/schema\/logo\/image\/\"},\"sameAs\":[\"https:\/\/facebook.com\/sunoresearch\",\"https:\/\/x.com\/sunoresearch\",\"https:\/\/www.instagram.com\/suno\",\"https:\/\/www.linkedin.com\/company\/suno-research\/\",\"https:\/\/www.youtube.com\/c\/sunoresearch\"]},{\"@type\":\"Person\",\"@id\":\"https:\/\/www.suno.com.br\/noticias\/#\/schema\/person\/87fc6973867c52dd884811905c43afba\",\"name\":\"Jo\u00e3o Vitor\",\"image\":{\"@type\":\"ImageObject\",\"inLanguage\":\"pt-BR\",\"@id\":\"https:\/\/www.suno.com.br\/noticias\/#\/schema\/person\/image\/\",\"url\":\"https:\/\/secure.gravatar.com\/avatar\/2843227ca03ccf8cc7ccca45204c127e?s=96&r=g\",\"contentUrl\":\"https:\/\/secure.gravatar.com\/avatar\/2843227ca03ccf8cc7ccca45204c127e?s=96&r=g\",\"caption\":\"Jo\u00e3o Vitor\"},\"description\":\"Redator profissional, com atua\u00e7\u00e3o no mercado editorial na produ\u00e7\u00e3o de not\u00edcias e conte\u00fados sobre o mercado de a\u00e7\u00f5es, fundos imobili\u00e1rios e economia popular. Graduando em Engenharia Qu\u00edmica pela Unesp, tamb\u00e9m j\u00e1 atuou como consultor financeiro.\",\"url\":\"https:\/\/www.suno.com.br\/noticias\/author\/joao-vitor-jacintho\/\"}]}<\/script>\n<!-- \/ Yoast SEO plugin. -->","yoast_head_json":{"title":"Fleury (FLYR3) e Embraer (EMBR3) s\u00e3o destaques do mercado financeiro","description":"Fleury (FLYR3), Embraer (EMBR3) e EDP (ENBR3) s\u00e3o destaques do mercado financeiro hoje (30). Veja os acontecimentos mais relevantes do dia.","robots":{"index":"index","follow":"follow","max-snippet":"max-snippet:-1","max-image-preview":"max-image-preview:large","max-video-preview":"max-video-preview:-1"},"canonical":"https:\/\/www.suno.com.br\/noticias\/fleury-flyr3-embraer-embr3-edp-enbr3-destaques\/","og_locale":"pt_BR","og_type":"article","og_title":"Fleury (FLYR3) e Embraer (EMBR3) s\u00e3o destaques do mercado financeiro","og_description":"Fleury (FLYR3), Embraer (EMBR3) e EDP (ENBR3) s\u00e3o destaques do mercado financeiro hoje (30). Veja os acontecimentos mais relevantes do dia.","og_url":"https:\/\/www.suno.com.br\/noticias\/fleury-flyr3-embraer-embr3-edp-enbr3-destaques\/","og_site_name":"Suno Not\u00edcias","article_publisher":"https:\/\/facebook.com\/sunoresearch","og_image":[{"width":1024,"height":663,"url":"https:\/\/files.sunoresearch.com.br\/n\/uploads\/2019\/12\/1251511f-fleury-1024x663.jpg","type":"image\/jpeg"}],"author":"Jo\u00e3o Vitor","twitter_card":"summary_large_image","twitter_creator":"@sunoresearch","twitter_site":"@sunoresearch","twitter_misc":{"Escrito por":"Jo\u00e3o Vitor","Est. tempo de leitura":"3 minutos"},"schema":{"@context":"https:\/\/schema.org","@graph":[{"@type":"NewsArticle","@id":"https:\/\/www.suno.com.br\/noticias\/fleury-flyr3-embraer-embr3-edp-enbr3-destaques\/#article","isPartOf":{"@id":"https:\/\/www.suno.com.br\/noticias\/fleury-flyr3-embraer-embr3-edp-enbr3-destaques\/"},"author":{"name":"Jo\u00e3o Vitor","@id":"https:\/\/www.suno.com.br\/noticias\/#\/schema\/person\/87fc6973867c52dd884811905c43afba"},"headline":"Fleury (FLYR3), Embraer (EMBR3) e EDP (ENBR3) s\u00e3o destaques do mercado financeiro","datePublished":"2022-09-30T12:35:56+00:00","mainEntityOfPage":{"@id":"https:\/\/www.suno.com.br\/noticias\/fleury-flyr3-embraer-embr3-edp-enbr3-destaques\/"},"wordCount":699,"publisher":{"@id":"https:\/\/www.suno.com.br\/noticias\/#organization"},"image":{"@id":"https:\/\/www.suno.com.br\/noticias\/fleury-flyr3-embraer-embr3-edp-enbr3-destaques\/#primaryimage"},"thumbnailUrl":"https:\/\/files.sunoresearch.com.br\/n\/uploads\/2019\/12\/1251511f-fleury-scaled.webp","keywords":["destaques de empresas","EDP Brasil (ENBR3)","Embraer (EMBR3)","Fleury (FLRY3)"],"articleSection":["Mercado"],"inLanguage":"pt-BR"},{"@type":"WebPage","@id":"https:\/\/www.suno.com.br\/noticias\/fleury-flyr3-embraer-embr3-edp-enbr3-destaques\/","url":"https:\/\/www.suno.com.br\/noticias\/fleury-flyr3-embraer-embr3-edp-enbr3-destaques\/","name":"Fleury (FLYR3) e Embraer (EMBR3) s\u00e3o destaques do mercado financeiro","isPartOf":{"@id":"https:\/\/www.suno.com.br\/noticias\/#website"},"primaryImageOfPage":{"@id":"https:\/\/www.suno.com.br\/noticias\/fleury-flyr3-embraer-embr3-edp-enbr3-destaques\/#primaryimage"},"image":{"@id":"https:\/\/www.suno.com.br\/noticias\/fleury-flyr3-embraer-embr3-edp-enbr3-destaques\/#primaryimage"},"thumbnailUrl":"https:\/\/files.sunoresearch.com.br\/n\/uploads\/2019\/12\/1251511f-fleury-scaled.webp","datePublished":"2022-09-30T12:35:56+00:00","description":"Fleury (FLYR3), Embraer (EMBR3) e EDP (ENBR3) s\u00e3o destaques do mercado financeiro hoje (30). Veja os acontecimentos mais relevantes do dia.","breadcrumb":{"@id":"https:\/\/www.suno.com.br\/noticias\/fleury-flyr3-embraer-embr3-edp-enbr3-destaques\/#breadcrumb"},"inLanguage":"pt-BR","potentialAction":[{"@type":"ReadAction","target":["https:\/\/www.suno.com.br\/noticias\/fleury-flyr3-embraer-embr3-edp-enbr3-destaques\/"]}]},{"@type":"ImageObject","inLanguage":"pt-BR","@id":"https:\/\/www.suno.com.br\/noticias\/fleury-flyr3-embraer-embr3-edp-enbr3-destaques\/#primaryimage","url":"https:\/\/files.sunoresearch.com.br\/n\/uploads\/2019\/12\/1251511f-fleury-scaled.webp","contentUrl":"https:\/\/files.sunoresearch.com.br\/n\/uploads\/2019\/12\/1251511f-fleury-scaled.webp","width":2560,"height":1658,"caption":"Fleury (FLYR3) Foto: Divulga\u00e7\u00e3o"},{"@type":"BreadcrumbList","@id":"https:\/\/www.suno.com.br\/noticias\/fleury-flyr3-embraer-embr3-edp-enbr3-destaques\/#breadcrumb","itemListElement":[{"@type":"ListItem","position":1,"name":"Not\u00edcias","item":"https:\/\/www.suno.com.br\/noticias\/"},{"@type":"ListItem","position":2,"name":"Mercado","item":"https:\/\/www.suno.com.br\/noticias\/mercado\/"},{"@type":"ListItem","position":3,"name":"Fleury (FLYR3), Embraer (EMBR3) e EDP (ENBR3) s\u00e3o destaques do mercado financeiro"}]},{"@type":"WebSite","@id":"https:\/\/www.suno.com.br\/noticias\/#website","url":"https:\/\/www.suno.com.br\/noticias\/","name":"Suno Not\u00edcias","description":"Seu portal de informa\u00e7\u00e3o sobre o mundo dos investimentos","publisher":{"@id":"https:\/\/www.suno.com.br\/noticias\/#organization"},"potentialAction":[{"@type":"SearchAction","target":{"@type":"EntryPoint","urlTemplate":"https:\/\/www.suno.com.br\/noticias\/?s={search_term_string}"},"query-input":{"@type":"PropertyValueSpecification","valueRequired":true,"valueName":"search_term_string"}}],"inLanguage":"pt-BR"},{"@type":"Organization","@id":"https:\/\/www.suno.com.br\/noticias\/#organization","name":"Suno Not\u00edcias","url":"https:\/\/www.suno.com.br\/noticias\/","logo":{"@type":"ImageObject","inLanguage":"pt-BR","@id":"https:\/\/www.suno.com.br\/noticias\/#\/schema\/logo\/image\/","url":"https:\/\/files.sunoresearch.com.br\/n\/uploads\/2021\/09\/suno-logo.png","contentUrl":"https:\/\/files.sunoresearch.com.br\/n\/uploads\/2021\/09\/suno-logo.png","width":180,"height":180,"caption":"Suno Not\u00edcias"},"image":{"@id":"https:\/\/www.suno.com.br\/noticias\/#\/schema\/logo\/image\/"},"sameAs":["https:\/\/facebook.com\/sunoresearch","https:\/\/x.com\/sunoresearch","https:\/\/www.instagram.com\/suno","https:\/\/www.linkedin.com\/company\/suno-research\/","https:\/\/www.youtube.com\/c\/sunoresearch"]},{"@type":"Person","@id":"https:\/\/www.suno.com.br\/noticias\/#\/schema\/person\/87fc6973867c52dd884811905c43afba","name":"Jo\u00e3o Vitor","image":{"@type":"ImageObject","inLanguage":"pt-BR","@id":"https:\/\/www.suno.com.br\/noticias\/#\/schema\/person\/image\/","url":"https:\/\/secure.gravatar.com\/avatar\/2843227ca03ccf8cc7ccca45204c127e?s=96&r=g","contentUrl":"https:\/\/secure.gravatar.com\/avatar\/2843227ca03ccf8cc7ccca45204c127e?s=96&r=g","caption":"Jo\u00e3o Vitor"},"description":"Redator profissional, com atua\u00e7\u00e3o no mercado editorial na produ\u00e7\u00e3o de not\u00edcias e conte\u00fados sobre o mercado de a\u00e7\u00f5es, fundos imobili\u00e1rios e economia popular. Graduando em Engenharia Qu\u00edmica pela Unesp, tamb\u00e9m j\u00e1 atuou como consultor financeiro.","url":"https:\/\/www.suno.com.br\/noticias\/author\/joao-vitor-jacintho\/"}]}},"default_loop_html":"<div class=\"cardsPage__listCard__boxs\"><div class=\"cardsPage__listCard__boxs__img\"><a href=\"https:\/\/www.suno.com.br\/noticias\/fleury-flyr3-embraer-embr3-edp-enbr3-destaques\/\"><img class=\"mask\" src=\"https:\/\/www.suno.com.br\/noticias\/wp-content\/themes\/suno\/resources\/images\/spotlight\/spotlight1img\/bg-mask.png\" alt=\"Image Mask\"\/><img src=\"https:\/\/files.sunoresearch.com.br\/n\/uploads\/2019\/12\/1251511f-fleury-400x200.webp\" alt=\"Fleury (FLYR3), Embraer (EMBR3) e EDP (ENBR3) s\u00e3o destaques do mercado financeiro\"\/><\/a><span class=\"spotlightCategory\"><a href=\"https:\/\/www.suno.com.br\/noticias\/mercado\/\">Mercado<\/a><\/span><\/div><div class=\"cardsPage__listCard__boxs__content\"><a href=\"https:\/\/www.suno.com.br\/noticias\/fleury-flyr3-embraer-embr3-edp-enbr3-destaques\/\"><h2 class=\"content__title\">Fleury (FLYR3), Embraer (EMBR3) e EDP (ENBR3) s\u00e3o destaques do mercado financeiro<\/h2><\/a><div class=\"newsContent__article__meta\"><div class=\"newsContent__article__meta__authorBox\"><a href=\"https:\/\/www.suno.com.br\/noticias\/author\/joao-vitor-jacintho\/\" class=\"authorBox__avatar noMobi\"><img src=\"https:\/\/secure.gravatar.com\/avatar\/2843227ca03ccf8cc7ccca45204c127e?s=96&#038;r=g\" alt=\"Jo\u00e3o Vitor Jacintho\"><\/a><div class=\"authorBox__name\"><span>por\n\t\t\t<a href=\"https:\/\/www.suno.com.br\/noticias\/author\/joao-vitor-jacintho\/\"><span itemprop=\"author\">Jo\u00e3o Vitor Jacintho<\/span><\/a><\/span><time datetime=\"2022-09-30T09:35:56-03:00\" itemprop=\"datePublished\">30\/09\/2022 09:35<\/time><\/div><\/div><\/div><\/div><\/div>","single_layout":"posts","amp_enabled":true,"_links":{"self":[{"href":"https:\/\/www.suno.com.br\/noticias\/wp-json\/wp\/v2\/posts\/303482"}],"collection":[{"href":"https:\/\/www.suno.com.br\/noticias\/wp-json\/wp\/v2\/posts"}],"about":[{"href":"https:\/\/www.suno.com.br\/noticias\/wp-json\/wp\/v2\/types\/post"}],"author":[{"embeddable":true,"href":"https:\/\/www.suno.com.br\/noticias\/wp-json\/wp\/v2\/users\/173"}],"replies":[{"embeddable":true,"href":"https:\/\/www.suno.com.br\/noticias\/wp-json\/wp\/v2\/comments?post=303482"}],"version-history":[{"count":1,"href":"https:\/\/www.suno.com.br\/noticias\/wp-json\/wp\/v2\/posts\/303482\/revisions"}],"predecessor-version":[{"id":303483,"href":"https:\/\/www.suno.com.br\/noticias\/wp-json\/wp\/v2\/posts\/303482\/revisions\/303483"}],"wp:featuredmedia":[{"embeddable":true,"href":"https:\/\/www.suno.com.br\/noticias\/wp-json\/wp\/v2\/media\/47175"}],"wp:attachment":[{"href":"https:\/\/www.suno.com.br\/noticias\/wp-json\/wp\/v2\/media?parent=303482"}],"wp:term":[{"taxonomy":"category","embeddable":true,"href":"https:\/\/www.suno.com.br\/noticias\/wp-json\/wp\/v2\/categories?post=303482"},{"taxonomy":"post_tag","embeddable":true,"href":"https:\/\/www.suno.com.br\/noticias\/wp-json\/wp\/v2\/tags?post=303482"},{"taxonomy":"suno_strategy","embeddable":true,"href":"https:\/\/www.suno.com.br\/noticias\/wp-json\/wp\/v2\/suno_strategy?post=303482"}],"curies":[{"name":"wp","href":"https:\/\/api.w.org\/{rel}","templated":true}]}}