{"id":303469,"date":"2022-09-30T09:15:37","date_gmt":"2022-09-30T12:15:37","guid":{"rendered":"https:\/\/www.suno.com.br\/noticias\/?p=303469"},"modified":"2022-09-30T09:15:37","modified_gmt":"2022-09-30T12:15:37","slug":"porsche-capta-r-50-bi-frankfurt-maior-ipo-europa-2011","status":"publish","type":"post","link":"https:\/\/www.suno.com.br\/noticias\/porsche-capta-r-50-bi-frankfurt-maior-ipo-europa-2011\/","title":{"rendered":"Porsche capta R$ 50 bi em Frankfurt, maior IPO na Europa desde 2011"},"content":{"rendered":"<p>A fabricante de carros de luxo <strong>Porsche<\/strong> driblou o mau humor do <a class=\"suno-keyword\" href=\"https:\/\/www.suno.com.br\/artigos\/mercado-de-acoes\/\" target=\"_blank\" rel=\"noopener\" data-force=\"no\" data-priority=\"2\">mercado de a\u00e7\u00f5es<\/a> mundial e emplacou na noite de quarta-feira, 28, a maior oferta p\u00fablica inicial de a\u00e7\u00f5es (IPO, na sigla em ingl\u00eas) desde 2011 na Europa e uma das maiores do mundo este ano.<\/p>\t<div class=\"wrapper-featured-image\">\n\t\t<figure class=\"spotlightImg\">\n\n\t\t\t<picture>\n\t\t\t\t<source media=\"(max-width: 768px)\" srcset=\"https:\/\/files.sunoresearch.com.br\/n\/uploads\/2022\/02\/PORSCHE-718-CAYMAN-GT4-RS-5-400x200.jpg\">\n\t\t\t\t<img loading=\"lazy\" decoding=\"async\" class=\"newsContent__article__imgCapa lazyloadDisabled \" src=\"https:\/\/files.sunoresearch.com.br\/n\/uploads\/2022\/02\/PORSCHE-718-CAYMAN-GT4-RS-5-800x450.jpg\" width=\"800\" height=\"450\" alt=\"Porsche capta R$ 50 bi em Frankfurt, maior IPO na Europa desde 2011\" fetchpriority=high \/>\n\t\t\t<\/picture>\n\n\t\t\t<figcaption class=\"wp-caption-text wp-caption-text--show\">IPO da Porsche foi um dos maiores do mundo.<\/figcaption>\n\t\t<\/figure>\n\t<\/div>\n\n\n\t<p>\n\t\t<a href=\"\" target=\"_blank\" data-element=\"shortcode-suno-banner\" title=\"Banner SUNO, clique e saiba mais\">\n\t\t\t<picture>\n\t\t\t\t<source media=\"(max-width: 500px)\" srcset=\"\">\n\t\t\t\t<img class=\"newsContent__article__imgCapa newsContent__article__imgCapa--banner\"\n\t\t\t\t\tsrc=\"\"\n\t\t\t\t\tdata-promo-id=\"240038\"\t\t\t\t\t\t\t\t\t\t\t\t\t\t\talt=\"\"\n\t\t\t\t>\n\t\t\t<\/picture>\n\t\t<\/a>\n\t<\/p>\n\n\n<p>Com capta\u00e7\u00e3o de \u20ac 9,4 bilh\u00f5es (cerca de R$ 50 bilh\u00f5es) e avaliada em \u20ac 75 bilh\u00f5es (cerca de R$ 400 bilh\u00f5es), a <strong>Porsche<\/strong> atraiu tanto interesse que metade dos investidores que reservaram a\u00e7\u00f5es n\u00e3o conseguiu comprar os pap\u00e9is, isso na mesma semana em que a libra despencou em Londres.<\/p>\n<p>Ontem, dia de queda da Bolsa de Frankfurt, o papel da Porsche, montadora que pertence \u00e0 gigante alem\u00e3 Volkswagen, chegou a subir mais de 3%, para fechar est\u00e1vel.<\/p>\n<p>O mercado de <strong>IPOs<\/strong> passa por uma escassez de ofertas, no Brasil e no mundo, em decorr\u00eancia do aumento dos juros pelos bancos centrais para conter a disparada da infla\u00e7\u00e3o e das incertezas geopol\u00edticas com a guerra na Ucr\u00e2nia.<\/p>\n<p>Na Europa e nos Estados Unidos, maior palco de IPOs do mundo, este vem sendo o pior ano para capta\u00e7\u00f5es via a\u00e7\u00f5es desde a <a class=\"suno-keyword\" href=\"https:\/\/www.suno.com.br\/artigos\/crise-financeira\/\" target=\"_blank\" rel=\"noopener\" data-force=\"no\" data-priority=\"1\">crise financeira<\/a> global ocorrida em 2008.<\/p>\n<p>Enquanto a atividade de IPOs atingiu seu n\u00edvel mais baixo em 20 anos nas Am\u00e9ricas, a \u00c1sia sediou cinco dos dez principais IPOs globais neste ano.<\/p>\n<p>Mesmo nesse ambiente adverso, o<strong> IPO da Porsche<\/strong> alcan\u00e7ou\u00a0 o topo da faixa sinalizada aos investidores, com a a\u00e7\u00e3o saindo a \u20ac 82,50 (cerca de R$ 435).<\/p>\n<p>&#8220;A Porsche ter\u00e1 um <a class=\"suno-keyword\" href=\"https:\/\/www.suno.com.br\/artigos\/valor-de-mercado\/\" target=\"_blank\" rel=\"noopener\" data-force=\"no\" data-priority=\"1\">valor de mercado<\/a> na faixa de \u20ac 75 bilh\u00f5es ap\u00f3s o seu IPO. Isso quase iguala o valor de mercado da Volkswagen, de cerca de \u20ac 83 bilh\u00f5es (R$ 438 bilh\u00f5es)&#8221;, diz a Swissquote Research, em coment\u00e1rio a clientes.<\/p>\n<p>O maior IPO na Europa nos \u00faltimos anos foi o da su\u00ed\u00e7a Glencore, que em 2011 levantou US$ 10 bilh\u00f5es (R$ 54 bilh\u00f5es).<\/p>\n<p>A oferta, coordenada por Bank of America, Citigroup, Goldman Sachs e JPMorgan, atraiu interesse de grandes investidores como os fundos soberanos do Catar e da Noruega.<\/p>\n<p>Foi a segunda maior listagem da hist\u00f3ria da Alemanha, s\u00f3 perdendo para a Deutsche Telekom, em 1996.<\/p>\n<p>A Swissquote Research destaca que a Porsche conseguiu emplacar seu IPO mesmo em meio a um mercado sem brilho para ofertas de a\u00e7\u00f5es, citando como justificativas para o interesse dos investidores o pr\u00eamio pago pela companhia, de 7,5% em rela\u00e7\u00e3o ao pre\u00e7o preferencial do IPO, bem como sua estrutura de d\u00edvida.<\/p>\n\t<p>\n\t\t<a href=\"\" target=\"_blank\" data-element=\"shortcode-suno-banner\" title=\"Banner SUNO, clique e saiba mais\">\n\t\t\t<picture>\n\t\t\t\t<source media=\"(max-width: 500px)\" srcset=\"\">\n\t\t\t\t<img class=\"newsContent__article__imgCapa newsContent__article__imgCapa--banner\"\n\t\t\t\t\tsrc=\"\"\n\t\t\t\t\tdata-promo-id=\"274968\"\t\t\t\t\t\t\t\t\t\t\t\t\t\t\talt=\"\"\n\t\t\t\t>\n\t\t\t<\/picture>\n\t\t<\/a>\n\t<\/p>\n\n\n<h2><b>Dividendo especial<\/b><\/h2>\n<p>Com o sucesso do IPO da Porsche, a Volkswagen anunciou o pagamento futuro de um <strong>dividendo<\/strong> especial de 49% de sua <a class=\"suno-keyword\" href=\"https:\/\/www.suno.com.br\/artigos\/o-que-receita-bruta\/\" target=\"_blank\" rel=\"noopener\" data-force=\"no\" data-priority=\"1\">receita bruta<\/a>.<\/p>\n<p>A recompensa aos acionistas \u00e9 positiva, segundo a Morningstar, uma das grandes casas de an\u00e1lises dos EUA.<\/p>\n<p>Tamb\u00e9m \u00e9 visto como positivo o destino do restante dos recursos do IPO da <strong>Porsche<\/strong>, que ser\u00e1 aportado na transi\u00e7\u00e3o para ve\u00edculos el\u00e9tricos a bateria, nos quais a empresa planeja investir mais de \u20ac 50 bilh\u00f5es (R$ 265 bilh\u00f5es) em cinco anos.<\/p>\n<p>As informa\u00e7\u00f5es s\u00e3o do jornal <b>O Estado de S. Paulo. <\/b>Com Estad\u00e3o Conte\u00fado.<\/p>\n\t<p>\n\t\t<a href=\"https:\/\/lp.suno.com.br\/planilha-controle-gastos\/\" target=\"_blank\" data-element=\"shortcode-suno-banner\" title=\"Banner SUNO, clique e saiba mais\">\n\t\t\t<picture>\n\t\t\t\t<source media=\"(max-width: 500px)\" srcset=\"https:\/\/files.sunoresearch.com.br\/n\/uploads\/2023\/03\/400x300-Planilha-controle-de-gastos.png\">\n\t\t\t\t<img class=\"newsContent__article__imgCapa newsContent__article__imgCapa--banner\"\n\t\t\t\t\tsrc=\"https:\/\/files.sunoresearch.com.br\/n\/uploads\/2023\/03\/1420x240-Planilha-controle-de-gastos.png\"\n\t\t\t\t\tdata-promo-id=\"101751\"\t\t\t\t\t\t\t\t\t\twidth='1420' height='240'\t\t\t\t\talt=\"https:\/\/files.sunoresearch.com.br\/n\/uploads\/2023\/03\/1420x240-Planilha-controle-de-gastos.png\"\n\t\t\t\t>\n\t\t\t<\/picture>\n\t\t<\/a>\n\t<\/p>\n\n\n","protected":false},"excerpt":{"rendered":"<p>A fabricante de carros de luxo Porsche driblou o mau humor do mercado de a\u00e7\u00f5es mundial e emplacou na noite de quarta-feira, 28, a maior oferta p\u00fablica inicial de a\u00e7\u00f5es (IPO, na sigla em ingl\u00eas) desde 2011 na Europa e uma das maiores do mundo este ano. IPO da Porsche foi um dos maiores do [&hellip;]<\/p>\n","protected":false},"author":192,"featured_media":233287,"comment_status":"closed","ping_status":"closed","sticky":false,"template":"","format":"standard","meta":[],"categories":[63],"tags":[710,319],"suno_strategy":[],"class_list":["post-303469","post","type-post","status-publish","format-standard","has-post-thumbnail","hentry","category-internacional","tag-europa","tag-ipo-oferta-inicial-de-acoes"],"yoast_head":"<!-- This site is optimized with the Yoast SEO plugin v24.4 - https:\/\/yoast.com\/wordpress\/plugins\/seo\/ -->\n<title>Porsche capta R$ 50 bi em Frankfurt, maior IPO na Europa desde 2011<\/title>\n<meta name=\"description\" content=\"A Porsche atraiu tanto interesse que metade dos investidores que reservaram a\u00e7\u00f5es n\u00e3o conseguiu comprar os pap\u00e9is. Veja mais.\" \/>\n<meta name=\"robots\" content=\"index, follow, max-snippet:-1, max-image-preview:large, max-video-preview:-1\" \/>\n<link rel=\"canonical\" href=\"https:\/\/www.suno.com.br\/noticias\/porsche-capta-r-50-bi-frankfurt-maior-ipo-europa-2011\/\" \/>\n<meta property=\"og:locale\" content=\"pt_BR\" \/>\n<meta property=\"og:type\" content=\"article\" \/>\n<meta property=\"og:title\" content=\"Porsche capta R$ 50 bi em Frankfurt, maior IPO na Europa desde 2011\" \/>\n<meta property=\"og:description\" content=\"A Porsche atraiu tanto interesse que metade dos investidores que reservaram a\u00e7\u00f5es n\u00e3o conseguiu comprar os pap\u00e9is. Veja mais.\" \/>\n<meta property=\"og:url\" content=\"https:\/\/www.suno.com.br\/noticias\/porsche-capta-r-50-bi-frankfurt-maior-ipo-europa-2011\/\" \/>\n<meta property=\"og:site_name\" content=\"Suno Not\u00edcias\" \/>\n<meta property=\"article:publisher\" content=\"https:\/\/facebook.com\/sunoresearch\" \/>\n<meta property=\"og:image\" content=\"https:\/\/files.sunoresearch.com.br\/n\/uploads\/2022\/02\/PORSCHE-718-CAYMAN-GT4-RS-5.jpg\" \/>\n\t<meta property=\"og:image:width\" content=\"1815\" \/>\n\t<meta property=\"og:image:height\" content=\"1210\" \/>\n\t<meta property=\"og:image:type\" content=\"image\/jpeg\" \/>\n<meta name=\"author\" content=\"Laura Intrieri\" \/>\n<meta name=\"twitter:card\" content=\"summary_large_image\" \/>\n<meta name=\"twitter:creator\" content=\"@sunoresearch\" \/>\n<meta name=\"twitter:site\" content=\"@sunoresearch\" \/>\n<meta name=\"twitter:label1\" content=\"Escrito por\" \/>\n\t<meta name=\"twitter:data1\" content=\"Laura Intrieri\" \/>\n\t<meta name=\"twitter:label2\" content=\"Est. tempo de leitura\" \/>\n\t<meta name=\"twitter:data2\" content=\"3 minutos\" \/>\n<script type=\"application\/ld+json\" class=\"yoast-schema-graph\">{\"@context\":\"https:\/\/schema.org\",\"@graph\":[{\"@type\":\"NewsArticle\",\"@id\":\"https:\/\/www.suno.com.br\/noticias\/porsche-capta-r-50-bi-frankfurt-maior-ipo-europa-2011\/#article\",\"isPartOf\":{\"@id\":\"https:\/\/www.suno.com.br\/noticias\/porsche-capta-r-50-bi-frankfurt-maior-ipo-europa-2011\/\"},\"author\":{\"name\":\"Laura Intrieri\",\"@id\":\"https:\/\/www.suno.com.br\/noticias\/#\/schema\/person\/653a8428016d45b19031651c57b94f82\"},\"headline\":\"Porsche capta R$ 50 bi em Frankfurt, maior IPO na Europa desde 2011\",\"datePublished\":\"2022-09-30T12:15:37+00:00\",\"mainEntityOfPage\":{\"@id\":\"https:\/\/www.suno.com.br\/noticias\/porsche-capta-r-50-bi-frankfurt-maior-ipo-europa-2011\/\"},\"wordCount\":541,\"publisher\":{\"@id\":\"https:\/\/www.suno.com.br\/noticias\/#organization\"},\"image\":{\"@id\":\"https:\/\/www.suno.com.br\/noticias\/porsche-capta-r-50-bi-frankfurt-maior-ipo-europa-2011\/#primaryimage\"},\"thumbnailUrl\":\"https:\/\/files.sunoresearch.com.br\/n\/uploads\/2022\/02\/PORSCHE-718-CAYMAN-GT4-RS-5.jpg\",\"keywords\":[\"Europa\",\"IPO (Oferta Inicial de A\u00e7\u00f5es)\"],\"articleSection\":[\"Internacional\"],\"inLanguage\":\"pt-BR\"},{\"@type\":\"WebPage\",\"@id\":\"https:\/\/www.suno.com.br\/noticias\/porsche-capta-r-50-bi-frankfurt-maior-ipo-europa-2011\/\",\"url\":\"https:\/\/www.suno.com.br\/noticias\/porsche-capta-r-50-bi-frankfurt-maior-ipo-europa-2011\/\",\"name\":\"Porsche capta R$ 50 bi em Frankfurt, maior IPO na Europa desde 2011\",\"isPartOf\":{\"@id\":\"https:\/\/www.suno.com.br\/noticias\/#website\"},\"primaryImageOfPage\":{\"@id\":\"https:\/\/www.suno.com.br\/noticias\/porsche-capta-r-50-bi-frankfurt-maior-ipo-europa-2011\/#primaryimage\"},\"image\":{\"@id\":\"https:\/\/www.suno.com.br\/noticias\/porsche-capta-r-50-bi-frankfurt-maior-ipo-europa-2011\/#primaryimage\"},\"thumbnailUrl\":\"https:\/\/files.sunoresearch.com.br\/n\/uploads\/2022\/02\/PORSCHE-718-CAYMAN-GT4-RS-5.jpg\",\"datePublished\":\"2022-09-30T12:15:37+00:00\",\"description\":\"A Porsche atraiu tanto interesse que metade dos investidores que reservaram a\u00e7\u00f5es n\u00e3o conseguiu comprar os pap\u00e9is. Veja mais.\",\"breadcrumb\":{\"@id\":\"https:\/\/www.suno.com.br\/noticias\/porsche-capta-r-50-bi-frankfurt-maior-ipo-europa-2011\/#breadcrumb\"},\"inLanguage\":\"pt-BR\",\"potentialAction\":[{\"@type\":\"ReadAction\",\"target\":[\"https:\/\/www.suno.com.br\/noticias\/porsche-capta-r-50-bi-frankfurt-maior-ipo-europa-2011\/\"]}]},{\"@type\":\"ImageObject\",\"inLanguage\":\"pt-BR\",\"@id\":\"https:\/\/www.suno.com.br\/noticias\/porsche-capta-r-50-bi-frankfurt-maior-ipo-europa-2011\/#primaryimage\",\"url\":\"https:\/\/files.sunoresearch.com.br\/n\/uploads\/2022\/02\/PORSCHE-718-CAYMAN-GT4-RS-5.jpg\",\"contentUrl\":\"https:\/\/files.sunoresearch.com.br\/n\/uploads\/2022\/02\/PORSCHE-718-CAYMAN-GT4-RS-5.jpg\",\"width\":1815,\"height\":1210,\"caption\":\"IPO da Porsche foi um dos maiores do mundo.\"},{\"@type\":\"BreadcrumbList\",\"@id\":\"https:\/\/www.suno.com.br\/noticias\/porsche-capta-r-50-bi-frankfurt-maior-ipo-europa-2011\/#breadcrumb\",\"itemListElement\":[{\"@type\":\"ListItem\",\"position\":1,\"name\":\"Not\u00edcias\",\"item\":\"https:\/\/www.suno.com.br\/noticias\/\"},{\"@type\":\"ListItem\",\"position\":2,\"name\":\"Internacional\",\"item\":\"https:\/\/www.suno.com.br\/noticias\/internacional\/\"},{\"@type\":\"ListItem\",\"position\":3,\"name\":\"Porsche capta R$ 50 bi em Frankfurt, maior IPO na Europa desde 2011\"}]},{\"@type\":\"WebSite\",\"@id\":\"https:\/\/www.suno.com.br\/noticias\/#website\",\"url\":\"https:\/\/www.suno.com.br\/noticias\/\",\"name\":\"Suno Not\u00edcias\",\"description\":\"Seu portal de informa\u00e7\u00e3o sobre o mundo dos investimentos\",\"publisher\":{\"@id\":\"https:\/\/www.suno.com.br\/noticias\/#organization\"},\"potentialAction\":[{\"@type\":\"SearchAction\",\"target\":{\"@type\":\"EntryPoint\",\"urlTemplate\":\"https:\/\/www.suno.com.br\/noticias\/?s={search_term_string}\"},\"query-input\":{\"@type\":\"PropertyValueSpecification\",\"valueRequired\":true,\"valueName\":\"search_term_string\"}}],\"inLanguage\":\"pt-BR\"},{\"@type\":\"Organization\",\"@id\":\"https:\/\/www.suno.com.br\/noticias\/#organization\",\"name\":\"Suno Not\u00edcias\",\"url\":\"https:\/\/www.suno.com.br\/noticias\/\",\"logo\":{\"@type\":\"ImageObject\",\"inLanguage\":\"pt-BR\",\"@id\":\"https:\/\/www.suno.com.br\/noticias\/#\/schema\/logo\/image\/\",\"url\":\"https:\/\/files.sunoresearch.com.br\/n\/uploads\/2021\/09\/suno-logo.png\",\"contentUrl\":\"https:\/\/files.sunoresearch.com.br\/n\/uploads\/2021\/09\/suno-logo.png\",\"width\":180,\"height\":180,\"caption\":\"Suno Not\u00edcias\"},\"image\":{\"@id\":\"https:\/\/www.suno.com.br\/noticias\/#\/schema\/logo\/image\/\"},\"sameAs\":[\"https:\/\/facebook.com\/sunoresearch\",\"https:\/\/x.com\/sunoresearch\",\"https:\/\/www.instagram.com\/suno\",\"https:\/\/www.linkedin.com\/company\/suno-research\/\",\"https:\/\/www.youtube.com\/c\/sunoresearch\"]},{\"@type\":\"Person\",\"@id\":\"https:\/\/www.suno.com.br\/noticias\/#\/schema\/person\/653a8428016d45b19031651c57b94f82\",\"name\":\"Laura Intrieri\",\"image\":{\"@type\":\"ImageObject\",\"inLanguage\":\"pt-BR\",\"@id\":\"https:\/\/www.suno.com.br\/noticias\/#\/schema\/person\/image\/\",\"url\":\"https:\/\/secure.gravatar.com\/avatar\/27e3058d15d09a0a778c3d387c062d71?s=96&r=g\",\"contentUrl\":\"https:\/\/secure.gravatar.com\/avatar\/27e3058d15d09a0a778c3d387c062d71?s=96&r=g\",\"caption\":\"Laura Intrieri\"},\"description\":\"Rep\u00f3rter no Suno Not\u00edcias, cobre mercados, pol\u00edtica e economia. Escreve sobre Bolsa de Valores. Formada em Administra\u00e7\u00e3o P\u00fablica pela Funda\u00e7\u00e3o Get\u00falio Vargas, j\u00e1 passou pelo portal Money Times, escrevendo sobre pol\u00edtica e economia para a editoria \\\"Brasil\\\". Tamb\u00e9m j\u00e1 contribuiu para Ag\u00eancia Estado, cobrindo balan\u00e7os trimestrais e relat\u00f3rios de casas de an\u00e1lise. J\u00e1 produziu podcasts educativos e corporativos para a FGV EAESP. Durante a gradua\u00e7\u00e3o, desempenhou atividades acad\u00eamicas com enfoque em Finan\u00e7as P\u00fablicas.\",\"url\":\"https:\/\/www.suno.com.br\/noticias\/author\/laura-intrieri\/\"}]}<\/script>\n<!-- \/ Yoast SEO plugin. -->","yoast_head_json":{"title":"Porsche capta R$ 50 bi em Frankfurt, maior IPO na Europa desde 2011","description":"A Porsche atraiu tanto interesse que metade dos investidores que reservaram a\u00e7\u00f5es n\u00e3o conseguiu comprar os pap\u00e9is. Veja mais.","robots":{"index":"index","follow":"follow","max-snippet":"max-snippet:-1","max-image-preview":"max-image-preview:large","max-video-preview":"max-video-preview:-1"},"canonical":"https:\/\/www.suno.com.br\/noticias\/porsche-capta-r-50-bi-frankfurt-maior-ipo-europa-2011\/","og_locale":"pt_BR","og_type":"article","og_title":"Porsche capta R$ 50 bi em Frankfurt, maior IPO na Europa desde 2011","og_description":"A Porsche atraiu tanto interesse que metade dos investidores que reservaram a\u00e7\u00f5es n\u00e3o conseguiu comprar os pap\u00e9is. Veja mais.","og_url":"https:\/\/www.suno.com.br\/noticias\/porsche-capta-r-50-bi-frankfurt-maior-ipo-europa-2011\/","og_site_name":"Suno Not\u00edcias","article_publisher":"https:\/\/facebook.com\/sunoresearch","og_image":[{"width":1815,"height":1210,"url":"https:\/\/files.sunoresearch.com.br\/n\/uploads\/2022\/02\/PORSCHE-718-CAYMAN-GT4-RS-5.jpg","type":"image\/jpeg"}],"author":"Laura Intrieri","twitter_card":"summary_large_image","twitter_creator":"@sunoresearch","twitter_site":"@sunoresearch","twitter_misc":{"Escrito por":"Laura Intrieri","Est. tempo de leitura":"3 minutos"},"schema":{"@context":"https:\/\/schema.org","@graph":[{"@type":"NewsArticle","@id":"https:\/\/www.suno.com.br\/noticias\/porsche-capta-r-50-bi-frankfurt-maior-ipo-europa-2011\/#article","isPartOf":{"@id":"https:\/\/www.suno.com.br\/noticias\/porsche-capta-r-50-bi-frankfurt-maior-ipo-europa-2011\/"},"author":{"name":"Laura Intrieri","@id":"https:\/\/www.suno.com.br\/noticias\/#\/schema\/person\/653a8428016d45b19031651c57b94f82"},"headline":"Porsche capta R$ 50 bi em Frankfurt, maior IPO na Europa desde 2011","datePublished":"2022-09-30T12:15:37+00:00","mainEntityOfPage":{"@id":"https:\/\/www.suno.com.br\/noticias\/porsche-capta-r-50-bi-frankfurt-maior-ipo-europa-2011\/"},"wordCount":541,"publisher":{"@id":"https:\/\/www.suno.com.br\/noticias\/#organization"},"image":{"@id":"https:\/\/www.suno.com.br\/noticias\/porsche-capta-r-50-bi-frankfurt-maior-ipo-europa-2011\/#primaryimage"},"thumbnailUrl":"https:\/\/files.sunoresearch.com.br\/n\/uploads\/2022\/02\/PORSCHE-718-CAYMAN-GT4-RS-5.jpg","keywords":["Europa","IPO (Oferta Inicial de A\u00e7\u00f5es)"],"articleSection":["Internacional"],"inLanguage":"pt-BR"},{"@type":"WebPage","@id":"https:\/\/www.suno.com.br\/noticias\/porsche-capta-r-50-bi-frankfurt-maior-ipo-europa-2011\/","url":"https:\/\/www.suno.com.br\/noticias\/porsche-capta-r-50-bi-frankfurt-maior-ipo-europa-2011\/","name":"Porsche capta R$ 50 bi em Frankfurt, maior IPO na Europa desde 2011","isPartOf":{"@id":"https:\/\/www.suno.com.br\/noticias\/#website"},"primaryImageOfPage":{"@id":"https:\/\/www.suno.com.br\/noticias\/porsche-capta-r-50-bi-frankfurt-maior-ipo-europa-2011\/#primaryimage"},"image":{"@id":"https:\/\/www.suno.com.br\/noticias\/porsche-capta-r-50-bi-frankfurt-maior-ipo-europa-2011\/#primaryimage"},"thumbnailUrl":"https:\/\/files.sunoresearch.com.br\/n\/uploads\/2022\/02\/PORSCHE-718-CAYMAN-GT4-RS-5.jpg","datePublished":"2022-09-30T12:15:37+00:00","description":"A Porsche atraiu tanto interesse que metade dos investidores que reservaram a\u00e7\u00f5es n\u00e3o conseguiu comprar os pap\u00e9is. Veja mais.","breadcrumb":{"@id":"https:\/\/www.suno.com.br\/noticias\/porsche-capta-r-50-bi-frankfurt-maior-ipo-europa-2011\/#breadcrumb"},"inLanguage":"pt-BR","potentialAction":[{"@type":"ReadAction","target":["https:\/\/www.suno.com.br\/noticias\/porsche-capta-r-50-bi-frankfurt-maior-ipo-europa-2011\/"]}]},{"@type":"ImageObject","inLanguage":"pt-BR","@id":"https:\/\/www.suno.com.br\/noticias\/porsche-capta-r-50-bi-frankfurt-maior-ipo-europa-2011\/#primaryimage","url":"https:\/\/files.sunoresearch.com.br\/n\/uploads\/2022\/02\/PORSCHE-718-CAYMAN-GT4-RS-5.jpg","contentUrl":"https:\/\/files.sunoresearch.com.br\/n\/uploads\/2022\/02\/PORSCHE-718-CAYMAN-GT4-RS-5.jpg","width":1815,"height":1210,"caption":"IPO da Porsche foi um dos maiores do mundo."},{"@type":"BreadcrumbList","@id":"https:\/\/www.suno.com.br\/noticias\/porsche-capta-r-50-bi-frankfurt-maior-ipo-europa-2011\/#breadcrumb","itemListElement":[{"@type":"ListItem","position":1,"name":"Not\u00edcias","item":"https:\/\/www.suno.com.br\/noticias\/"},{"@type":"ListItem","position":2,"name":"Internacional","item":"https:\/\/www.suno.com.br\/noticias\/internacional\/"},{"@type":"ListItem","position":3,"name":"Porsche capta R$ 50 bi em Frankfurt, maior IPO na Europa desde 2011"}]},{"@type":"WebSite","@id":"https:\/\/www.suno.com.br\/noticias\/#website","url":"https:\/\/www.suno.com.br\/noticias\/","name":"Suno Not\u00edcias","description":"Seu portal de informa\u00e7\u00e3o sobre o mundo dos investimentos","publisher":{"@id":"https:\/\/www.suno.com.br\/noticias\/#organization"},"potentialAction":[{"@type":"SearchAction","target":{"@type":"EntryPoint","urlTemplate":"https:\/\/www.suno.com.br\/noticias\/?s={search_term_string}"},"query-input":{"@type":"PropertyValueSpecification","valueRequired":true,"valueName":"search_term_string"}}],"inLanguage":"pt-BR"},{"@type":"Organization","@id":"https:\/\/www.suno.com.br\/noticias\/#organization","name":"Suno Not\u00edcias","url":"https:\/\/www.suno.com.br\/noticias\/","logo":{"@type":"ImageObject","inLanguage":"pt-BR","@id":"https:\/\/www.suno.com.br\/noticias\/#\/schema\/logo\/image\/","url":"https:\/\/files.sunoresearch.com.br\/n\/uploads\/2021\/09\/suno-logo.png","contentUrl":"https:\/\/files.sunoresearch.com.br\/n\/uploads\/2021\/09\/suno-logo.png","width":180,"height":180,"caption":"Suno Not\u00edcias"},"image":{"@id":"https:\/\/www.suno.com.br\/noticias\/#\/schema\/logo\/image\/"},"sameAs":["https:\/\/facebook.com\/sunoresearch","https:\/\/x.com\/sunoresearch","https:\/\/www.instagram.com\/suno","https:\/\/www.linkedin.com\/company\/suno-research\/","https:\/\/www.youtube.com\/c\/sunoresearch"]},{"@type":"Person","@id":"https:\/\/www.suno.com.br\/noticias\/#\/schema\/person\/653a8428016d45b19031651c57b94f82","name":"Laura Intrieri","image":{"@type":"ImageObject","inLanguage":"pt-BR","@id":"https:\/\/www.suno.com.br\/noticias\/#\/schema\/person\/image\/","url":"https:\/\/secure.gravatar.com\/avatar\/27e3058d15d09a0a778c3d387c062d71?s=96&r=g","contentUrl":"https:\/\/secure.gravatar.com\/avatar\/27e3058d15d09a0a778c3d387c062d71?s=96&r=g","caption":"Laura Intrieri"},"description":"Rep\u00f3rter no Suno Not\u00edcias, cobre mercados, pol\u00edtica e economia. Escreve sobre Bolsa de Valores. Formada em Administra\u00e7\u00e3o P\u00fablica pela Funda\u00e7\u00e3o Get\u00falio Vargas, j\u00e1 passou pelo portal Money Times, escrevendo sobre pol\u00edtica e economia para a editoria \"Brasil\". Tamb\u00e9m j\u00e1 contribuiu para Ag\u00eancia Estado, cobrindo balan\u00e7os trimestrais e relat\u00f3rios de casas de an\u00e1lise. J\u00e1 produziu podcasts educativos e corporativos para a FGV EAESP. Durante a gradua\u00e7\u00e3o, desempenhou atividades acad\u00eamicas com enfoque em Finan\u00e7as P\u00fablicas.","url":"https:\/\/www.suno.com.br\/noticias\/author\/laura-intrieri\/"}]}},"default_loop_html":"<div class=\"cardsPage__listCard__boxs\"><div class=\"cardsPage__listCard__boxs__img\"><a href=\"https:\/\/www.suno.com.br\/noticias\/porsche-capta-r-50-bi-frankfurt-maior-ipo-europa-2011\/\"><img class=\"mask\" src=\"https:\/\/www.suno.com.br\/noticias\/wp-content\/themes\/suno\/resources\/images\/spotlight\/spotlight1img\/bg-mask.png\" alt=\"Image Mask\"\/><img src=\"https:\/\/files.sunoresearch.com.br\/n\/uploads\/2022\/02\/PORSCHE-718-CAYMAN-GT4-RS-5-400x200.jpg\" alt=\"Porsche capta R$ 50 bi em Frankfurt, maior IPO na Europa desde 2011\"\/><\/a><span class=\"spotlightCategory\"><a href=\"https:\/\/www.suno.com.br\/noticias\/internacional\/\">Internacional<\/a><\/span><\/div><div class=\"cardsPage__listCard__boxs__content\"><a href=\"https:\/\/www.suno.com.br\/noticias\/porsche-capta-r-50-bi-frankfurt-maior-ipo-europa-2011\/\"><h2 class=\"content__title\">Porsche capta R$ 50 bi em Frankfurt, maior IPO na Europa desde 2011<\/h2><\/a><div class=\"newsContent__article__meta\"><div class=\"newsContent__article__meta__authorBox\"><a href=\"https:\/\/www.suno.com.br\/noticias\/author\/laura-intrieri\/\" class=\"authorBox__avatar noMobi\"><img src=\"https:\/\/files.sunoresearch.com.br\/n\/uploads\/2022\/10\/WhatsApp-Image-2022-10-05-at-17.31.14-150x150.jpeg\" alt=\"Laura Intrieri\"><\/a><div class=\"authorBox__name\"><span>por\n\t\t\t<a href=\"https:\/\/www.suno.com.br\/noticias\/author\/laura-intrieri\/\"><span itemprop=\"author\">Laura Intrieri<\/span><\/a><\/span><time datetime=\"2022-09-30T09:15:37-03:00\" itemprop=\"datePublished\">30\/09\/2022 09:15<\/time><\/div><\/div><\/div><\/div><\/div>","single_layout":"posts","amp_enabled":true,"_links":{"self":[{"href":"https:\/\/www.suno.com.br\/noticias\/wp-json\/wp\/v2\/posts\/303469"}],"collection":[{"href":"https:\/\/www.suno.com.br\/noticias\/wp-json\/wp\/v2\/posts"}],"about":[{"href":"https:\/\/www.suno.com.br\/noticias\/wp-json\/wp\/v2\/types\/post"}],"author":[{"embeddable":true,"href":"https:\/\/www.suno.com.br\/noticias\/wp-json\/wp\/v2\/users\/192"}],"replies":[{"embeddable":true,"href":"https:\/\/www.suno.com.br\/noticias\/wp-json\/wp\/v2\/comments?post=303469"}],"version-history":[{"count":2,"href":"https:\/\/www.suno.com.br\/noticias\/wp-json\/wp\/v2\/posts\/303469\/revisions"}],"predecessor-version":[{"id":303477,"href":"https:\/\/www.suno.com.br\/noticias\/wp-json\/wp\/v2\/posts\/303469\/revisions\/303477"}],"wp:featuredmedia":[{"embeddable":true,"href":"https:\/\/www.suno.com.br\/noticias\/wp-json\/wp\/v2\/media\/233287"}],"wp:attachment":[{"href":"https:\/\/www.suno.com.br\/noticias\/wp-json\/wp\/v2\/media?parent=303469"}],"wp:term":[{"taxonomy":"category","embeddable":true,"href":"https:\/\/www.suno.com.br\/noticias\/wp-json\/wp\/v2\/categories?post=303469"},{"taxonomy":"post_tag","embeddable":true,"href":"https:\/\/www.suno.com.br\/noticias\/wp-json\/wp\/v2\/tags?post=303469"},{"taxonomy":"suno_strategy","embeddable":true,"href":"https:\/\/www.suno.com.br\/noticias\/wp-json\/wp\/v2\/suno_strategy?post=303469"}],"curies":[{"name":"wp","href":"https:\/\/api.w.org\/{rel}","templated":true}]}}