{"id":30342,"date":"2019-07-08T08:45:31","date_gmt":"2019-07-08T11:45:31","guid":{"rendered":"https:\/\/www.suno.com.br\/noticias\/?p=30342"},"modified":"2019-07-08T10:03:24","modified_gmt":"2019-07-08T13:03:24","slug":"boletim-focus-08072019","status":"publish","type":"post","link":"https:\/\/www.suno.com.br\/noticias\/boletim-focus-08072019\/","title":{"rendered":"Boletim Focus: PIB tem 19\u00aa redu\u00e7\u00e3o; Previs\u00e3o \u00e9 de 0,82% de crescimento"},"content":{"rendered":"<p>Os economistas entrevistados pelo <strong>Banco Central<\/strong> (BC) no\u00a0<a href=\"https:\/\/www.suno.com.br\/artigos\/relatorio-focus\/\">Boletim Focus<\/a>\u00a0reduziram pela 19\u00aa vez seguida a previs\u00e3o de crescimento do <a href=\"https:\/\/www.suno.com.br\/artigos\/pib-produto-interno-bruto\/\"><strong>Produto Interno Bruto (PIB)<\/strong><\/a>\u00a0em 2019. Segundo o Boletim divulgado nesta segunda-feira (8), a economia brasileira dever\u00e1 crescer apenas 0,82% esse ano.<\/p>\t<div class=\"wrapper-featured-image\">\n\t\t<figure class=\"spotlightImg\">\n\n\t\t\t<picture>\n\t\t\t\t<source media=\"(max-width: 768px)\" srcset=\"https:\/\/files.sunoresearch.com.br\/n\/uploads\/2019\/06\/5efe8120-boletim-focus-400x200.webp\">\n\t\t\t\t<img loading=\"lazy\" decoding=\"async\" class=\"newsContent__article__imgCapa lazyloadDisabled newsContent__article__imgCapa--noCaption\" src=\"https:\/\/files.sunoresearch.com.br\/n\/uploads\/2019\/06\/5efe8120-boletim-focus-jpg.webp\" width=\"800\" height=\"450\" alt=\"Boletim Focus: PIB tem 19\u00aa redu\u00e7\u00e3o; Previs\u00e3o \u00e9 de 0,82% de crescimento\" fetchpriority=high \/>\n\t\t\t<\/picture>\n\n\t\t\t<figcaption class=\"wp-caption-text wp-caption-text--hide\">Boletim Focus<\/figcaption>\n\t\t<\/figure>\n\t<\/div>\n\n\n<p>A previs\u00e3o do <strong>Boletim Focus<\/strong> da \u00faltima segunda-feira (1) indicava um crescimento do <strong>PIB<\/strong> de 0,85% em 2019. No come\u00e7o do ano, os analistas indicavam um crescimento 2,6% para este ano.<\/p>\n\t<p>\n\t\t<a href=\"https:\/\/lp.suno.com.br\/planilha-controle-gastos\/\" target=\"_blank\" data-element=\"shortcode-suno-banner\" title=\"Banner SUNO, clique e saiba mais\">\n\t\t\t<picture>\n\t\t\t\t<source media=\"(max-width: 500px)\" srcset=\"https:\/\/files.sunoresearch.com.br\/n\/uploads\/2023\/03\/400x300-Planilha-controle-de-gastos.png\">\n\t\t\t\t<img class=\"newsContent__article__imgCapa newsContent__article__imgCapa--banner\"\n\t\t\t\t\tsrc=\"https:\/\/files.sunoresearch.com.br\/n\/uploads\/2023\/03\/1420x240-Planilha-controle-de-gastos.png\"\n\t\t\t\t\tdata-promo-id=\"311945\"\t\t\t\t\t\t\t\t\t\twidth='1420' height='240'\t\t\t\t\talt=\"https:\/\/files.sunoresearch.com.br\/n\/uploads\/2023\/03\/1420x240-Planilha-controle-de-gastos.png\"\n\t\t\t\t>\n\t\t\t<\/picture>\n\t\t<\/a>\n\t<\/p>\n\n\n<p>As previs\u00f5es de <strong>crescimento<\/strong> para 2020 foram mantidas em 2,20%. Assim como foi mantida a previs\u00e3o de expans\u00e3o do\u00a0<strong>PIB<\/strong> de 2021 e de 2022 em 2,5%.<\/p>\n<p><a href=\"https:\/\/www.suno.com.br\/noticias\/boletim-focus-crescimento-pib-reduzido\/\">Boletim Focus:\u00a0previs\u00e3o de crescimento do PIB \u00e9 reduzida para 1,13%<\/a><\/p>\n<p>Esse novo corte nas previs\u00f5es continua seguindo a tend\u00eancia iniciada ap\u00f3s a divulga\u00e7\u00e3o dos dados de 2018.\u00a0<a href=\"https:\/\/www.suno.com.br\/noticias\/ibge-pib-do-brasil-cresce-2018\/\">No dia 1\u00ba de mar\u00e7o<\/a>, o <strong>Instituto Brasileiro de Geografia e Estat\u00edstica (IBGE)<\/strong> informou que o <strong>crescimento<\/strong> do <strong>PIB<\/strong> em 2018 foi de 1,1%. Desse forma, o resultado\u00a0 repetiu o fraco <strong>desempenho<\/strong> de 2017.<\/p>\n<p>Al\u00e9m disso, no dia 30 de maio, o <strong>IBGE<\/strong> divulgou que o <strong>PIB<\/strong> brasileiro sofreu uma retra\u00e7\u00e3o de 0,2% no primeiro trimestre deste ano.\u00a0Dessa forma, a expans\u00e3o modesta acabou reduzindo as expectativas para este ano por causa do carregamento estat\u00edstico.<\/p>\n<p><a href=\"https:\/\/www.suno.com.br\/noticias\/fitch-pib-brasil-eua-china\/\">Saiba mais: Fitch reduz previs\u00e3o de expans\u00e3o do PIB global e do Brasil para 2019\u00a0<\/a><\/p>\n<p>No final de maio, o\u00a0<strong>Minist\u00e9rio da Economia<\/strong> chegou a reduziu a proje\u00e7\u00e3o de crescimento da economia brasileira. De acordo com a pasta, o <strong>PIB<\/strong> em 2019 crescer\u00e1 de apenas 1,6%, e n\u00e3o mais de 2,2% como previsto anteriormente.<\/p>\n<h2>Infla\u00e7\u00e3o reduzida<\/h2>\n<p>A previs\u00e3o para o\u00a0<strong>\u00cdndice de Pre\u00e7os ao Consumidor Amplo (IPCA)<\/strong>\u00a0se manteve em 3,8%.<\/p>\n<p>O resultado continua abaixo da meta de <strong>infla\u00e7\u00e3o<\/strong> fixada para pelo <strong><a href=\"https:\/\/www.suno.com.br\/artigos\/cmn-conselho-monetario-nacional\/\">Conselho Monet\u00e1rio Nacional<\/a> (CMN)<\/strong> para este ano, de 4,25%. A meta tem uma toler\u00e2ncia de 1,5 ponto percentual, podendo ir de 2,75% at\u00e9 5,75%.<\/p>\n<p><a href=\"https:\/\/www.suno.com.br\/noticias\/pib-recuou-abril-segundo-fgv\/\">Saiba mais: Economia brasileira recuou 0,1% em abril, segundo o Monitor do PIB da FGV\u00a0<\/a><\/p>\n<p>Para 2020, a previs\u00e3o do mercado financeiro para o <strong>IPCA\u00a0<\/strong>tamb\u00e9m foi mantida igual a da \u00faltima semana, ficando em 3,91%. Um resultado pouco abaixo da meta fixada pelo <strong>BC<\/strong>, tamb\u00e9m de 4%.<\/p>\n\t<p>\n\t\t<a href=\"https:\/\/www.seculus.com.br\/blackfriday\" target=\"_blank\" data-element=\"shortcode-suno-banner\" title=\"Banner SUNO, clique e saiba mais\">\n\t\t\t<picture>\n\t\t\t\t<source media=\"(max-width: 500px)\" srcset=\"https:\/\/files.sunoresearch.com.br\/n\/uploads\/2023\/11\/seculus_suno_mobile_3.jpg\">\n\t\t\t\t<img class=\"newsContent__article__imgCapa newsContent__article__imgCapa--banner\"\n\t\t\t\t\tsrc=\"https:\/\/files.sunoresearch.com.br\/n\/uploads\/2023\/11\/seculus_suno_desktop_3.jpg\"\n\t\t\t\t\tdata-promo-id=\"474124\"\t\t\t\t\t\t\t\t\t\twidth='1420' height='240'\t\t\t\t\talt=\"https:\/\/files.sunoresearch.com.br\/n\/uploads\/2023\/11\/seculus_suno_desktop_3.jpg\"\n\t\t\t\t>\n\t\t\t<\/picture>\n\t\t<\/a>\n\t<\/p>\n\n\n<p>O <strong>IPCA<\/strong> \u00e9 o indicador oficial da <strong>infla\u00e7\u00e3o<\/strong> no <strong>Brasil<\/strong>, e \u00e9 divulgado pelo <strong>Instituto Brasileiro de Geografia e Estat\u00edstica (IBGE)<\/strong> mensalmente. H\u00e1 ainda o <strong>IPCA-15<\/strong>, a pr\u00e9via mensal do indicador.<\/p>\n<h2>Taxa de juros em 2019<\/h2>\n<p>Os analistas indicaram no\u00a0<strong>Boletim Focus<\/strong>\u00a0que a taxa de juros <strong>(Selic)<\/strong> ser\u00e1 reduzida pelo <strong><a href=\"https:\/\/www.suno.com.br\/artigos\/bacen\/\">Banco Central<\/a><\/strong> para 5,50% em 2019. Atualmente, a taxa b\u00e1sica de juros do Brasil est\u00e1 em 6,5%. Para 2020, os analistas reduziram a taxa de 6,5% ao ano para 6% ao ano em 2020.<\/p>\n<p>Confira as previs\u00f5es do <strong>mercado financeiro<\/strong> para os indicadores de 2019 e 2020:<\/p>\n<h2>2019<\/h2>\n<ul>\n<li><strong><a href=\"https:\/\/www.suno.com.br\/artigos\/pib-produto-interno-bruto\/\">Produto Interno Bruto<\/a> (PIB):<\/strong>\u00a0previs\u00e3o de crescimento reduzida de 0,85% para 0,82%.<\/li>\n<li><strong><a href=\"https:\/\/www.suno.com.br\/artigos\/ipca\/\">\u00cdndice Nacional de Pre\u00e7os ao Consumidor Amplo<\/a> (IPCA)<\/strong>: a previs\u00e3o estabilizou nos 3,8%. A meta central para 2019 ser\u00e1 de 4,25%, com intervalo de toler\u00e2ncia entre 2,75% e 5,75%.<\/li>\n<li><strong><a href=\"https:\/\/www.suno.com.br\/artigos\/taxa-selic\/\">Taxa Selic<\/a>:<\/strong>\u00a0mercado manteve a previs\u00e3o de 5,5%.<\/li>\n<li><strong><a href=\"https:\/\/www.suno.com.br\/artigos\/dolar\/\">D\u00f3lar<\/a>:<\/strong>\u00a0a previs\u00e3o se manteve em R$ 3,80.<\/li>\n<li><strong><a href=\"https:\/\/www.suno.com.br\/artigos\/balanca-comercial\/\">Balan\u00e7a Comercial<\/a>:<\/strong> o mercado aumentou a previs\u00e3o de\u00a0<a href=\"https:\/\/www.suno.com.br\/artigos\/superavit-comercial\/\">super\u00e1vit\u00a0<\/a> de US$ 50,80 bilh\u00f5es para US$ 51,50 bilh\u00f5es.<\/li>\n<li><strong>Investimento estrangeiro direto:\u00a0<\/strong>as expectativas seguiram estabilizadas em US$ 85 bilh\u00f5es.<\/li>\n<\/ul>\n<h2>2020<\/h2>\n<ul>\n<li><strong>PIB:<\/strong> proje\u00e7\u00e3o para o PIB foi confirmada em 2,20%.<\/li>\n<li><strong>IPCA: <\/strong>o\u00a0mercado manteve a proje\u00e7\u00e3o de 3,91% da \u00faltima semana. A meta central para 2020 ser\u00e1 de 4%, com intervalo de toler\u00e2ncia entre 2,5% e 5,5%.<\/li>\n<li><strong>Taxa Selic:<\/strong>\u00a0previs\u00e3o reduzida para 6%.<\/li>\n<li><strong>D\u00f3lar:<\/strong>\u00a0investidores mantiveram a previs\u00e3o de c\u00e2mbio em R$ 3,80.<\/li>\n<li><strong>Balan\u00e7a Comercial:<\/strong> a expectativa para o super\u00e1vit se manteve em US$ 46,4 bilh\u00f5es.<\/li>\n<li><strong>Investimento estrangeiro direto:\u00a0<\/strong>economistas mudaram a proje\u00e7\u00e3o dos investimentos de US$ 84,36 bilh\u00f5es para US$ 84,68 bilh\u00f5es.<\/li>\n<\/ul>\n\t<p>\n\t\t<a href=\"https:\/\/lp.suno.com.br\/plataforma-de-controle-de-investimentos\/\" target=\"_blank\" data-element=\"shortcode-suno-banner\" title=\"Banner SUNO, clique e saiba mais\">\n\t\t\t<picture>\n\t\t\t\t<source media=\"(max-width: 500px)\" srcset=\"https:\/\/files.sunoresearch.com.br\/n\/uploads\/2023\/03\/400x300-Controle-de-Investimentos.png\">\n\t\t\t\t<img class=\"newsContent__article__imgCapa newsContent__article__imgCapa--banner\"\n\t\t\t\t\tsrc=\"https:\/\/files.sunoresearch.com.br\/n\/uploads\/2023\/03\/1420x240-Controle-de-Investimentos.png\"\n\t\t\t\t\tdata-promo-id=\"383162\"\t\t\t\t\t\t\t\t\t\twidth='1420' height='240'\t\t\t\t\talt=\"https:\/\/files.sunoresearch.com.br\/n\/uploads\/2023\/03\/1420x240-Controle-de-Investimentos.png\"\n\t\t\t\t>\n\t\t\t<\/picture>\n\t\t<\/a>\n\t<\/p>\n\n\n<p>O <strong>Boletim Focus<\/strong> \u00e9 elaborado semanalmente pelo <a href=\"https:\/\/www.bcb.gov.br\/\"><strong>Banco Central<\/strong><\/a> na base das previs\u00f5es dos analistas de\u00a0mais de 100 institui\u00e7\u00f5es financeiras.<\/p>\n","protected":false},"excerpt":{"rendered":"<p>Os economistas entrevistados pelo Banco Central (BC) no\u00a0Boletim Focus\u00a0reduziram pela 19\u00aa vez seguida a previs\u00e3o de crescimento do Produto Interno Bruto (PIB)\u00a0em 2019. Segundo o Boletim divulgado nesta segunda-feira (8), a economia brasileira dever\u00e1 crescer apenas 0,82% esse ano. Boletim Focus A previs\u00e3o do Boletim Focus da \u00faltima segunda-feira (1) indicava um crescimento do PIB [&hellip;]<\/p>\n","protected":false},"author":11,"featured_media":28320,"comment_status":"closed","ping_status":"closed","sticky":false,"template":"","format":"standard","meta":[],"categories":[60],"tags":[834],"suno_strategy":[],"class_list":["post-30342","post","type-post","status-publish","format-standard","has-post-thumbnail","hentry","category-mercado","tag-boletim-focus"],"yoast_head":"<!-- This site is optimized with the Yoast SEO plugin v24.4 - https:\/\/yoast.com\/wordpress\/plugins\/seo\/ -->\n<title>Boletim Focus: PIB tem 19\u00aa redu\u00e7\u00e3o; Previs\u00e3o \u00e9 de 0,82% de crescimento<\/title>\n<meta name=\"description\" content=\"O Boletim Focus \u00e9 elaborado semanalmente pelo BC com base em analistas de\u00a0mais de 100 institui\u00e7\u00f5es financeiras. Clique e saiba mais.\" \/>\n<meta name=\"robots\" content=\"index, follow, max-snippet:-1, max-image-preview:large, max-video-preview:-1\" \/>\n<link rel=\"canonical\" href=\"https:\/\/www.suno.com.br\/noticias\/boletim-focus-08072019\/\" \/>\n<meta property=\"og:locale\" content=\"pt_BR\" \/>\n<meta property=\"og:type\" content=\"article\" \/>\n<meta property=\"og:title\" content=\"Boletim Focus: PIB tem 19\u00aa redu\u00e7\u00e3o; Previs\u00e3o \u00e9 de 0,82% de crescimento\" \/>\n<meta property=\"og:description\" content=\"O Boletim Focus \u00e9 elaborado semanalmente pelo BC com base em analistas de\u00a0mais de 100 institui\u00e7\u00f5es financeiras. Clique e saiba mais.\" \/>\n<meta property=\"og:url\" content=\"https:\/\/www.suno.com.br\/noticias\/boletim-focus-08072019\/\" \/>\n<meta property=\"og:site_name\" content=\"Suno Not\u00edcias\" \/>\n<meta property=\"article:publisher\" content=\"https:\/\/facebook.com\/sunoresearch\" \/>\n<meta property=\"og:image\" content=\"https:\/\/files.sunoresearch.com.br\/n\/uploads\/2019\/06\/5efe8120-boletim-focus.jpg\" \/>\n\t<meta property=\"og:image:width\" content=\"713\" \/>\n\t<meta property=\"og:image:height\" content=\"475\" \/>\n\t<meta property=\"og:image:type\" content=\"image\/jpeg\" \/>\n<meta name=\"author\" content=\"Renan Bandeira\" \/>\n<meta name=\"twitter:card\" content=\"summary_large_image\" \/>\n<meta name=\"twitter:creator\" content=\"@sunoresearch\" \/>\n<meta name=\"twitter:site\" content=\"@sunoresearch\" \/>\n<meta name=\"twitter:label1\" content=\"Escrito por\" \/>\n\t<meta name=\"twitter:data1\" content=\"Renan Bandeira\" \/>\n\t<meta name=\"twitter:label2\" content=\"Est. tempo de leitura\" \/>\n\t<meta name=\"twitter:data2\" content=\"3 minutos\" \/>\n<script type=\"application\/ld+json\" class=\"yoast-schema-graph\">{\"@context\":\"https:\/\/schema.org\",\"@graph\":[{\"@type\":\"NewsArticle\",\"@id\":\"https:\/\/www.suno.com.br\/noticias\/boletim-focus-08072019\/#article\",\"isPartOf\":{\"@id\":\"https:\/\/www.suno.com.br\/noticias\/boletim-focus-08072019\/\"},\"author\":{\"name\":\"Renan Bandeira\",\"@id\":\"https:\/\/www.suno.com.br\/noticias\/#\/schema\/person\/fc144a1c6108bd1dcd43784e88a3c138\"},\"headline\":\"Boletim Focus: PIB tem 19\u00aa redu\u00e7\u00e3o; Previs\u00e3o \u00e9 de 0,82% de crescimento\",\"datePublished\":\"2019-07-08T11:45:31+00:00\",\"dateModified\":\"2019-07-08T13:03:24+00:00\",\"mainEntityOfPage\":{\"@id\":\"https:\/\/www.suno.com.br\/noticias\/boletim-focus-08072019\/\"},\"wordCount\":655,\"publisher\":{\"@id\":\"https:\/\/www.suno.com.br\/noticias\/#organization\"},\"image\":{\"@id\":\"https:\/\/www.suno.com.br\/noticias\/boletim-focus-08072019\/#primaryimage\"},\"thumbnailUrl\":\"https:\/\/files.sunoresearch.com.br\/n\/uploads\/2019\/06\/5efe8120-boletim-focus-jpg.webp\",\"keywords\":[\"Boletim Focus\"],\"articleSection\":[\"Mercado\"],\"inLanguage\":\"pt-BR\"},{\"@type\":\"WebPage\",\"@id\":\"https:\/\/www.suno.com.br\/noticias\/boletim-focus-08072019\/\",\"url\":\"https:\/\/www.suno.com.br\/noticias\/boletim-focus-08072019\/\",\"name\":\"Boletim Focus: PIB tem 19\u00aa redu\u00e7\u00e3o; Previs\u00e3o \u00e9 de 0,82% de crescimento\",\"isPartOf\":{\"@id\":\"https:\/\/www.suno.com.br\/noticias\/#website\"},\"primaryImageOfPage\":{\"@id\":\"https:\/\/www.suno.com.br\/noticias\/boletim-focus-08072019\/#primaryimage\"},\"image\":{\"@id\":\"https:\/\/www.suno.com.br\/noticias\/boletim-focus-08072019\/#primaryimage\"},\"thumbnailUrl\":\"https:\/\/files.sunoresearch.com.br\/n\/uploads\/2019\/06\/5efe8120-boletim-focus-jpg.webp\",\"datePublished\":\"2019-07-08T11:45:31+00:00\",\"dateModified\":\"2019-07-08T13:03:24+00:00\",\"description\":\"O Boletim Focus \u00e9 elaborado semanalmente pelo BC com base em analistas de\u00a0mais de 100 institui\u00e7\u00f5es financeiras. Clique e saiba mais.\",\"breadcrumb\":{\"@id\":\"https:\/\/www.suno.com.br\/noticias\/boletim-focus-08072019\/#breadcrumb\"},\"inLanguage\":\"pt-BR\",\"potentialAction\":[{\"@type\":\"ReadAction\",\"target\":[\"https:\/\/www.suno.com.br\/noticias\/boletim-focus-08072019\/\"]}]},{\"@type\":\"ImageObject\",\"inLanguage\":\"pt-BR\",\"@id\":\"https:\/\/www.suno.com.br\/noticias\/boletim-focus-08072019\/#primaryimage\",\"url\":\"https:\/\/files.sunoresearch.com.br\/n\/uploads\/2019\/06\/5efe8120-boletim-focus-jpg.webp\",\"contentUrl\":\"https:\/\/files.sunoresearch.com.br\/n\/uploads\/2019\/06\/5efe8120-boletim-focus-jpg.webp\",\"width\":713,\"height\":475,\"caption\":\"Boletim Focus\"},{\"@type\":\"BreadcrumbList\",\"@id\":\"https:\/\/www.suno.com.br\/noticias\/boletim-focus-08072019\/#breadcrumb\",\"itemListElement\":[{\"@type\":\"ListItem\",\"position\":1,\"name\":\"Not\u00edcias\",\"item\":\"https:\/\/www.suno.com.br\/noticias\/\"},{\"@type\":\"ListItem\",\"position\":2,\"name\":\"Mercado\",\"item\":\"https:\/\/www.suno.com.br\/noticias\/mercado\/\"},{\"@type\":\"ListItem\",\"position\":3,\"name\":\"Boletim Focus: PIB tem 19\u00aa redu\u00e7\u00e3o; Previs\u00e3o \u00e9 de 0,82% de crescimento\"}]},{\"@type\":\"WebSite\",\"@id\":\"https:\/\/www.suno.com.br\/noticias\/#website\",\"url\":\"https:\/\/www.suno.com.br\/noticias\/\",\"name\":\"Suno Not\u00edcias\",\"description\":\"Seu portal de informa\u00e7\u00e3o sobre o mundo dos investimentos\",\"publisher\":{\"@id\":\"https:\/\/www.suno.com.br\/noticias\/#organization\"},\"potentialAction\":[{\"@type\":\"SearchAction\",\"target\":{\"@type\":\"EntryPoint\",\"urlTemplate\":\"https:\/\/www.suno.com.br\/noticias\/?s={search_term_string}\"},\"query-input\":{\"@type\":\"PropertyValueSpecification\",\"valueRequired\":true,\"valueName\":\"search_term_string\"}}],\"inLanguage\":\"pt-BR\"},{\"@type\":\"Organization\",\"@id\":\"https:\/\/www.suno.com.br\/noticias\/#organization\",\"name\":\"Suno Not\u00edcias\",\"url\":\"https:\/\/www.suno.com.br\/noticias\/\",\"logo\":{\"@type\":\"ImageObject\",\"inLanguage\":\"pt-BR\",\"@id\":\"https:\/\/www.suno.com.br\/noticias\/#\/schema\/logo\/image\/\",\"url\":\"https:\/\/files.sunoresearch.com.br\/n\/uploads\/2021\/09\/suno-logo.png\",\"contentUrl\":\"https:\/\/files.sunoresearch.com.br\/n\/uploads\/2021\/09\/suno-logo.png\",\"width\":180,\"height\":180,\"caption\":\"Suno Not\u00edcias\"},\"image\":{\"@id\":\"https:\/\/www.suno.com.br\/noticias\/#\/schema\/logo\/image\/\"},\"sameAs\":[\"https:\/\/facebook.com\/sunoresearch\",\"https:\/\/x.com\/sunoresearch\",\"https:\/\/www.instagram.com\/suno\",\"https:\/\/www.linkedin.com\/company\/suno-research\/\",\"https:\/\/www.youtube.com\/c\/sunoresearch\"]},{\"@type\":\"Person\",\"@id\":\"https:\/\/www.suno.com.br\/noticias\/#\/schema\/person\/fc144a1c6108bd1dcd43784e88a3c138\",\"name\":\"Renan Bandeira\",\"image\":{\"@type\":\"ImageObject\",\"inLanguage\":\"pt-BR\",\"@id\":\"https:\/\/www.suno.com.br\/noticias\/#\/schema\/person\/image\/\",\"url\":\"https:\/\/secure.gravatar.com\/avatar\/68359cdb608f14f11bbefcb78f3fc747?s=96&r=g\",\"contentUrl\":\"https:\/\/secure.gravatar.com\/avatar\/68359cdb608f14f11bbefcb78f3fc747?s=96&r=g\",\"caption\":\"Renan Bandeira\"},\"description\":\"Renan Bandeira escreve sobre pol\u00edtica e economia para o portal da Suno Research. Antes da Suno, trabalhou em uma rede de televis\u00e3o, onde fazia reportagens sobre os mesmos temas. Estuda na Universidade Metodista de S\u00e3o Paulo.\",\"url\":\"https:\/\/www.suno.com.br\/noticias\/author\/renan-bandeira\/\"}]}<\/script>\n<!-- \/ Yoast SEO plugin. -->","yoast_head_json":{"title":"Boletim Focus: PIB tem 19\u00aa redu\u00e7\u00e3o; Previs\u00e3o \u00e9 de 0,82% de crescimento","description":"O Boletim Focus \u00e9 elaborado semanalmente pelo BC com base em analistas de\u00a0mais de 100 institui\u00e7\u00f5es financeiras. Clique e saiba mais.","robots":{"index":"index","follow":"follow","max-snippet":"max-snippet:-1","max-image-preview":"max-image-preview:large","max-video-preview":"max-video-preview:-1"},"canonical":"https:\/\/www.suno.com.br\/noticias\/boletim-focus-08072019\/","og_locale":"pt_BR","og_type":"article","og_title":"Boletim Focus: PIB tem 19\u00aa redu\u00e7\u00e3o; Previs\u00e3o \u00e9 de 0,82% de crescimento","og_description":"O Boletim Focus \u00e9 elaborado semanalmente pelo BC com base em analistas de\u00a0mais de 100 institui\u00e7\u00f5es financeiras. Clique e saiba mais.","og_url":"https:\/\/www.suno.com.br\/noticias\/boletim-focus-08072019\/","og_site_name":"Suno Not\u00edcias","article_publisher":"https:\/\/facebook.com\/sunoresearch","og_image":[{"width":713,"height":475,"url":"https:\/\/files.sunoresearch.com.br\/n\/uploads\/2019\/06\/5efe8120-boletim-focus.jpg","type":"image\/jpeg"}],"author":"Renan Bandeira","twitter_card":"summary_large_image","twitter_creator":"@sunoresearch","twitter_site":"@sunoresearch","twitter_misc":{"Escrito por":"Renan Bandeira","Est. tempo de leitura":"3 minutos"},"schema":{"@context":"https:\/\/schema.org","@graph":[{"@type":"NewsArticle","@id":"https:\/\/www.suno.com.br\/noticias\/boletim-focus-08072019\/#article","isPartOf":{"@id":"https:\/\/www.suno.com.br\/noticias\/boletim-focus-08072019\/"},"author":{"name":"Renan Bandeira","@id":"https:\/\/www.suno.com.br\/noticias\/#\/schema\/person\/fc144a1c6108bd1dcd43784e88a3c138"},"headline":"Boletim Focus: PIB tem 19\u00aa redu\u00e7\u00e3o; Previs\u00e3o \u00e9 de 0,82% de crescimento","datePublished":"2019-07-08T11:45:31+00:00","dateModified":"2019-07-08T13:03:24+00:00","mainEntityOfPage":{"@id":"https:\/\/www.suno.com.br\/noticias\/boletim-focus-08072019\/"},"wordCount":655,"publisher":{"@id":"https:\/\/www.suno.com.br\/noticias\/#organization"},"image":{"@id":"https:\/\/www.suno.com.br\/noticias\/boletim-focus-08072019\/#primaryimage"},"thumbnailUrl":"https:\/\/files.sunoresearch.com.br\/n\/uploads\/2019\/06\/5efe8120-boletim-focus-jpg.webp","keywords":["Boletim Focus"],"articleSection":["Mercado"],"inLanguage":"pt-BR"},{"@type":"WebPage","@id":"https:\/\/www.suno.com.br\/noticias\/boletim-focus-08072019\/","url":"https:\/\/www.suno.com.br\/noticias\/boletim-focus-08072019\/","name":"Boletim Focus: PIB tem 19\u00aa redu\u00e7\u00e3o; Previs\u00e3o \u00e9 de 0,82% de crescimento","isPartOf":{"@id":"https:\/\/www.suno.com.br\/noticias\/#website"},"primaryImageOfPage":{"@id":"https:\/\/www.suno.com.br\/noticias\/boletim-focus-08072019\/#primaryimage"},"image":{"@id":"https:\/\/www.suno.com.br\/noticias\/boletim-focus-08072019\/#primaryimage"},"thumbnailUrl":"https:\/\/files.sunoresearch.com.br\/n\/uploads\/2019\/06\/5efe8120-boletim-focus-jpg.webp","datePublished":"2019-07-08T11:45:31+00:00","dateModified":"2019-07-08T13:03:24+00:00","description":"O Boletim Focus \u00e9 elaborado semanalmente pelo BC com base em analistas de\u00a0mais de 100 institui\u00e7\u00f5es financeiras. Clique e saiba mais.","breadcrumb":{"@id":"https:\/\/www.suno.com.br\/noticias\/boletim-focus-08072019\/#breadcrumb"},"inLanguage":"pt-BR","potentialAction":[{"@type":"ReadAction","target":["https:\/\/www.suno.com.br\/noticias\/boletim-focus-08072019\/"]}]},{"@type":"ImageObject","inLanguage":"pt-BR","@id":"https:\/\/www.suno.com.br\/noticias\/boletim-focus-08072019\/#primaryimage","url":"https:\/\/files.sunoresearch.com.br\/n\/uploads\/2019\/06\/5efe8120-boletim-focus-jpg.webp","contentUrl":"https:\/\/files.sunoresearch.com.br\/n\/uploads\/2019\/06\/5efe8120-boletim-focus-jpg.webp","width":713,"height":475,"caption":"Boletim Focus"},{"@type":"BreadcrumbList","@id":"https:\/\/www.suno.com.br\/noticias\/boletim-focus-08072019\/#breadcrumb","itemListElement":[{"@type":"ListItem","position":1,"name":"Not\u00edcias","item":"https:\/\/www.suno.com.br\/noticias\/"},{"@type":"ListItem","position":2,"name":"Mercado","item":"https:\/\/www.suno.com.br\/noticias\/mercado\/"},{"@type":"ListItem","position":3,"name":"Boletim Focus: PIB tem 19\u00aa redu\u00e7\u00e3o; Previs\u00e3o \u00e9 de 0,82% de crescimento"}]},{"@type":"WebSite","@id":"https:\/\/www.suno.com.br\/noticias\/#website","url":"https:\/\/www.suno.com.br\/noticias\/","name":"Suno Not\u00edcias","description":"Seu portal de informa\u00e7\u00e3o sobre o mundo dos investimentos","publisher":{"@id":"https:\/\/www.suno.com.br\/noticias\/#organization"},"potentialAction":[{"@type":"SearchAction","target":{"@type":"EntryPoint","urlTemplate":"https:\/\/www.suno.com.br\/noticias\/?s={search_term_string}"},"query-input":{"@type":"PropertyValueSpecification","valueRequired":true,"valueName":"search_term_string"}}],"inLanguage":"pt-BR"},{"@type":"Organization","@id":"https:\/\/www.suno.com.br\/noticias\/#organization","name":"Suno Not\u00edcias","url":"https:\/\/www.suno.com.br\/noticias\/","logo":{"@type":"ImageObject","inLanguage":"pt-BR","@id":"https:\/\/www.suno.com.br\/noticias\/#\/schema\/logo\/image\/","url":"https:\/\/files.sunoresearch.com.br\/n\/uploads\/2021\/09\/suno-logo.png","contentUrl":"https:\/\/files.sunoresearch.com.br\/n\/uploads\/2021\/09\/suno-logo.png","width":180,"height":180,"caption":"Suno Not\u00edcias"},"image":{"@id":"https:\/\/www.suno.com.br\/noticias\/#\/schema\/logo\/image\/"},"sameAs":["https:\/\/facebook.com\/sunoresearch","https:\/\/x.com\/sunoresearch","https:\/\/www.instagram.com\/suno","https:\/\/www.linkedin.com\/company\/suno-research\/","https:\/\/www.youtube.com\/c\/sunoresearch"]},{"@type":"Person","@id":"https:\/\/www.suno.com.br\/noticias\/#\/schema\/person\/fc144a1c6108bd1dcd43784e88a3c138","name":"Renan Bandeira","image":{"@type":"ImageObject","inLanguage":"pt-BR","@id":"https:\/\/www.suno.com.br\/noticias\/#\/schema\/person\/image\/","url":"https:\/\/secure.gravatar.com\/avatar\/68359cdb608f14f11bbefcb78f3fc747?s=96&r=g","contentUrl":"https:\/\/secure.gravatar.com\/avatar\/68359cdb608f14f11bbefcb78f3fc747?s=96&r=g","caption":"Renan Bandeira"},"description":"Renan Bandeira escreve sobre pol\u00edtica e economia para o portal da Suno Research. Antes da Suno, trabalhou em uma rede de televis\u00e3o, onde fazia reportagens sobre os mesmos temas. Estuda na Universidade Metodista de S\u00e3o Paulo.","url":"https:\/\/www.suno.com.br\/noticias\/author\/renan-bandeira\/"}]}},"default_loop_html":"<div class=\"cardsPage__listCard__boxs\"><div class=\"cardsPage__listCard__boxs__img\"><a href=\"https:\/\/www.suno.com.br\/noticias\/boletim-focus-08072019\/\"><img class=\"mask\" src=\"https:\/\/www.suno.com.br\/noticias\/wp-content\/themes\/suno\/resources\/images\/spotlight\/spotlight1img\/bg-mask.png\" alt=\"Image Mask\"\/><img src=\"https:\/\/files.sunoresearch.com.br\/n\/uploads\/2019\/06\/5efe8120-boletim-focus-400x200.webp\" alt=\"Boletim Focus: PIB tem 19\u00aa redu\u00e7\u00e3o; Previs\u00e3o \u00e9 de 0,82% de crescimento\"\/><\/a><span class=\"spotlightCategory\"><a href=\"https:\/\/www.suno.com.br\/noticias\/mercado\/\">Mercado<\/a><\/span><\/div><div class=\"cardsPage__listCard__boxs__content\"><a href=\"https:\/\/www.suno.com.br\/noticias\/boletim-focus-08072019\/\"><h2 class=\"content__title\">Boletim Focus: PIB tem 19\u00aa redu\u00e7\u00e3o; Previs\u00e3o \u00e9 de 0,82% de crescimento<\/h2><\/a><div class=\"newsContent__article__meta\"><div class=\"newsContent__article__meta__authorBox\"><a href=\"https:\/\/www.suno.com.br\/noticias\/author\/renan-bandeira\/\" class=\"authorBox__avatar noMobi\"><img src=\"https:\/\/secure.gravatar.com\/avatar\/68359cdb608f14f11bbefcb78f3fc747?s=96&#038;r=g\" alt=\"Renan Bandeira\"><\/a><div class=\"authorBox__name\"><span>por\n\t\t\t<a href=\"https:\/\/www.suno.com.br\/noticias\/author\/renan-bandeira\/\"><span itemprop=\"author\">Renan Bandeira<\/span><\/a><\/span><time datetime=\"2019-07-08T08:45:31-03:00\" itemprop=\"datePublished\">08\/07\/2019 08:45<\/time><\/div><\/div><\/div><\/div><\/div>","single_layout":"posts","amp_enabled":true,"_links":{"self":[{"href":"https:\/\/www.suno.com.br\/noticias\/wp-json\/wp\/v2\/posts\/30342"}],"collection":[{"href":"https:\/\/www.suno.com.br\/noticias\/wp-json\/wp\/v2\/posts"}],"about":[{"href":"https:\/\/www.suno.com.br\/noticias\/wp-json\/wp\/v2\/types\/post"}],"author":[{"embeddable":true,"href":"https:\/\/www.suno.com.br\/noticias\/wp-json\/wp\/v2\/users\/11"}],"replies":[{"embeddable":true,"href":"https:\/\/www.suno.com.br\/noticias\/wp-json\/wp\/v2\/comments?post=30342"}],"version-history":[{"count":0,"href":"https:\/\/www.suno.com.br\/noticias\/wp-json\/wp\/v2\/posts\/30342\/revisions"}],"wp:featuredmedia":[{"embeddable":true,"href":"https:\/\/www.suno.com.br\/noticias\/wp-json\/wp\/v2\/media\/28320"}],"wp:attachment":[{"href":"https:\/\/www.suno.com.br\/noticias\/wp-json\/wp\/v2\/media?parent=30342"}],"wp:term":[{"taxonomy":"category","embeddable":true,"href":"https:\/\/www.suno.com.br\/noticias\/wp-json\/wp\/v2\/categories?post=30342"},{"taxonomy":"post_tag","embeddable":true,"href":"https:\/\/www.suno.com.br\/noticias\/wp-json\/wp\/v2\/tags?post=30342"},{"taxonomy":"suno_strategy","embeddable":true,"href":"https:\/\/www.suno.com.br\/noticias\/wp-json\/wp\/v2\/suno_strategy?post=30342"}],"curies":[{"name":"wp","href":"https:\/\/api.w.org\/{rel}","templated":true}]}}