{"id":30334,"date":"2019-07-08T09:42:10","date_gmt":"2019-07-08T12:42:10","guid":{"rendered":"https:\/\/www.suno.com.br\/noticias\/?p=30334"},"modified":"2019-07-08T09:44:42","modified_gmt":"2019-07-08T12:44:42","slug":"servicos-bancos-subiram-dobro-inflacao","status":"publish","type":"post","link":"https:\/\/www.suno.com.br\/noticias\/servicos-bancos-subiram-dobro-inflacao\/","title":{"rendered":"Servi\u00e7os dos bancos subiram o dobro da infla\u00e7\u00e3o em dois anos, diz Idec"},"content":{"rendered":"<p>As tarifas dos servi\u00e7os dos bancos aumentaram quase o dobro da infla\u00e7\u00e3o nos \u00faltimos dois anos, segundo levantamento feito pelo Instituto Brasileiro de Defesa do Consumidor (Idec).<\/p>\t<div class=\"wrapper-featured-image\">\n\t\t<figure class=\"spotlightImg\">\n\n\t\t\t<picture>\n\t\t\t\t<source media=\"(max-width: 768px)\" srcset=\"https:\/\/files.sunoresearch.com.br\/n\/uploads\/2019\/07\/ee05c774-bancos-400x200.webp\">\n\t\t\t\t<img loading=\"lazy\" decoding=\"async\" class=\"newsContent__article__imgCapa lazyloadDisabled newsContent__article__imgCapa--noCaption\" src=\"https:\/\/files.sunoresearch.com.br\/n\/uploads\/2019\/07\/ee05c774-bancos-800x450.webp\" width=\"800\" height=\"450\" alt=\"Servi\u00e7os dos bancos subiram o dobro da infla\u00e7\u00e3o em dois anos, diz Idec\" fetchpriority=high \/>\n\t\t\t<\/picture>\n\n\t\t\t<figcaption class=\"wp-caption-text wp-caption-text--hide\">Servi\u00e7os dos bancos subiram o dobro da infla\u00e7\u00e3o em dois anos, diz Idec<\/figcaption>\n\t\t<\/figure>\n\t<\/div>\n\n\n<p>O estudo foi feito com base nos servi\u00e7os oferecidos pelos principais <strong>bancos<\/strong> do Brasil, sendo eles:<\/p>\n<ul>\n<li><strong>Banco do Brasil;<\/strong><\/li>\n<li><strong>Bradesco;<\/strong><\/li>\n<li><strong>Caixa Econ\u00f4mica Federal;<\/strong><\/li>\n<li><strong>Ita\u00fa Unibanco;<\/strong><\/li>\n<li><strong>Santander.<\/strong><\/li>\n<\/ul>\n\t<p>\n\t\t<a href=\"https:\/\/lp.suno.com.br\/ebook-10-livros\/\" target=\"_blank\" data-element=\"shortcode-suno-banner\" title=\"Banner SUNO, clique e saiba mais\">\n\t\t\t<picture>\n\t\t\t\t<source media=\"(max-width: 500px)\" srcset=\"https:\/\/files.sunoresearch.com.br\/n\/uploads\/2023\/03\/400x300-10-livros.png\">\n\t\t\t\t<img class=\"newsContent__article__imgCapa newsContent__article__imgCapa--banner\"\n\t\t\t\t\tsrc=\"https:\/\/files.sunoresearch.com.br\/n\/uploads\/2023\/03\/1420x240-10-livros.png\"\n\t\t\t\t\tdata-promo-id=\"383159\"\t\t\t\t\t\t\t\t\t\twidth='1420' height='240'\t\t\t\t\talt=\"https:\/\/files.sunoresearch.com.br\/n\/uploads\/2023\/03\/1420x240-10-livros.png\"\n\t\t\t\t>\n\t\t\t<\/picture>\n\t\t<\/a>\n\t<\/p>\n\n\n<p>O Instituto analisou 20 servi\u00e7os disponibilizados pelos bancos e seus valores cobrados. Al\u00e9m disso, foram analisados outros 70 pacotes de servi\u00e7os com taxa fixa mensal.<\/p>\n<p>De acordo com o estudo, entre abril de 2017 e maio de 2019, o reajuste m\u00e9dio das tarifas de servi\u00e7os foi de 12% e dos pacotes de 14%. Enquanto isso, segundo o <strong>\u00cdndice de Pre\u00e7os ao Consumidor Amplo (IPCA)<\/strong>, a infla\u00e7\u00e3o subiu 7,4% no mesmo per\u00edodo.<\/p>\n<p>Os servi\u00e7os b\u00e1sicos analisados pelo Idec possuem 50 tipos de tarifas diferentes, onde o reajuste mais baixo foi de 10% e o mais alto de 89%.<\/p>\n<p>A economista do Idec, Ione Amorim, afirmou que atualmente &#8220;vivemos um momento em que h\u00e1 v\u00e1rios concorrentes novos entrando no mercado, com os bancos digitais e as fintechs, que oferecem diversos servi\u00e7os gratuitos&#8221;, ela ainda conclui dizendo que &#8220;nada disso parece ter contribu\u00eddo para que os grandes bancos praticassem uma pol\u00edtica de pre\u00e7os mais competitiva&#8221;.<\/p>\n<p><img loading=\"lazy\" decoding=\"async\" class=\"aligncenter wp-image-30339 size-full\" src=\"https:\/\/storage.googleapis.com\/wp-noticias\/2019\/07\/ca039a1c-tabela-1.jpg\" alt=\"Servi\u00e7os dos bancos subiram o dobro da infla\u00e7\u00e3o em dois anos, diz Idec\" width=\"534\" height=\"244\" \/><\/p>\n<p><img loading=\"lazy\" decoding=\"async\" class=\"aligncenter size-large wp-image-30359\" src=\"https:\/\/storage.googleapis.com\/wp-noticias\/2019\/07\/78749bfc-tabela-2.jpg\" alt=\"\" width=\"567\" height=\"218\" \/><\/p>\n<h2>Tarifas de bancos digitais<\/h2>\n<p>O estudo do Idec ainda fez apontamentos sobre as tarifas de bancos digitais. O objetivo era mostrar as cobran\u00e7as que s\u00e3o mal divulgadas e podem ser caras, daquelas institui\u00e7\u00f5es que prometem uma s\u00e9rie de gratuidades.<\/p>\n<p>Segundo a economista do instituto, houve dificuldade &#8220;em localizar informa\u00e7\u00f5es sobre quais servi\u00e7os s\u00e3o gratuitos e quais pagos, al\u00e9m de alguns dizerem que n\u00e3o cobram tarifas, mas, na pr\u00e1tica, s\u00f3 oferecem a gratuidade se o consumidor tiver um consumo m\u00ednimo por m\u00eas&#8221;.<\/p>\n<p><a href=\"https:\/\/www.suno.com.br\/noticias\/juros-cartao-credito-taxa\/\">Confira:\u00a0Juros de cart\u00e3o de cr\u00e9dito alcan\u00e7am 299,8% ao ano em maio, diz BC<\/a><\/p>\n<p>Entre os servi\u00e7os cobrados est\u00e3o:<\/p>\n<p><img loading=\"lazy\" decoding=\"async\" class=\"aligncenter wp-image-30353 size-full\" src=\"https:\/\/storage.googleapis.com\/wp-noticias\/2019\/07\/e6a971e0-tabela-3.png\" alt=\"Servi\u00e7os dos bancos subiram o dobro da infla\u00e7\u00e3o em dois anos, diz Idec\" width=\"568\" height=\"354\" \/><\/p>\n<p><img loading=\"lazy\" decoding=\"async\" class=\"aligncenter wp-image-30354 size-full\" src=\"https:\/\/storage.googleapis.com\/wp-noticias\/2019\/07\/95c6c5ca-tabela-4.jpg\" alt=\"Servi\u00e7os dos bancos subiram o dobro da infla\u00e7\u00e3o em dois anos, diz Idec\" width=\"561\" height=\"425\" \/><\/p>\n<h2>Direito a gratuidade<\/h2>\n<p>A <strong>Federa\u00e7\u00e3o Brasileira de Bancos (Febraban)<\/strong> disse que &#8220;os bancos seguem estritamente as regulamenta\u00e7\u00f5es do Banco Central no que se refere \u00e0s cobran\u00e7as que podem ou n\u00e3o ser feitas\u201d. \u201cDentro das normas estabelecidas, cada institui\u00e7\u00e3o financeira determina os pre\u00e7os de seus produtos de acordo com sua estrat\u00e9gia comercial&#8221;.<\/p>\n<p>Al\u00e9m disso, afirmou que existe uma ferramenta que \u00e9 disponibilizada ao consumidor para que seja consultada todas as tarifas cobradas pela institui\u00e7\u00e3o. A ferramenta \u00e9 o Sistema de Divulga\u00e7\u00e3o e Tarifas e Servi\u00e7os Financeiros (STAR) e \u00e9 mantida tamb\u00e9m pelos bancos.<\/p>\n\t<p>\n\t\t<a href=\"https:\/\/lp.suno.com.br\/cl\/impacto-tarifas-trump\/?utm_source=sunoresearch&#038;utm_medium=banner.noticias&#038;utm_campaign=_SNC903E88AA_\" target=\"_blank\" data-element=\"shortcode-suno-banner\" title=\"Banner SUNO, clique e saiba mais\">\n\t\t\t<picture>\n\t\t\t\t<source media=\"(max-width: 500px)\" srcset=\"https:\/\/files.sunoresearch.com.br\/n\/uploads\/2025\/07\/trump-mobile.webp\">\n\t\t\t\t<img class=\"newsContent__article__imgCapa newsContent__article__imgCapa--banner\"\n\t\t\t\t\tsrc=\"https:\/\/files.sunoresearch.com.br\/n\/uploads\/2025\/07\/trump-banner-desktop.webp\"\n\t\t\t\t\tdata-promo-id=\"613126\"\t\t\t\t\t\t\t\t\t\twidth='1000' height='325'\t\t\t\t\talt=\"https:\/\/files.sunoresearch.com.br\/n\/uploads\/2025\/07\/trump-banner-desktop.webp\"\n\t\t\t\t>\n\t\t\t<\/picture>\n\t\t<\/a>\n\t<\/p>\n\n\n<p>A <strong>Febraban<\/strong> lembra que &#8220;todos os clientes banc\u00e1rios t\u00eam direito ao pacote de Servi\u00e7os Essenciais, que \u00e9 isento da cobran\u00e7a de tarifas&#8221;. De acordo com o Banco Central, os <strong>bancos<\/strong> devem disponibilizar um pacote sem custos com ao menos os seguintes servi\u00e7os:<\/p>\n<ul>\n<li>Fornecimento de cart\u00e3o de d\u00e9bito;<\/li>\n<li>Quatro saques;<\/li>\n<li>Duas transfer\u00eancias para contas do mesmo banco no m\u00eas.<\/li>\n<\/ul>\n","protected":false},"excerpt":{"rendered":"<p>As tarifas dos servi\u00e7os dos bancos aumentaram quase o dobro da infla\u00e7\u00e3o nos \u00faltimos dois anos, segundo levantamento feito pelo Instituto Brasileiro de Defesa do Consumidor (Idec). Servi\u00e7os dos bancos subiram o dobro da infla\u00e7\u00e3o em dois anos, diz Idec O estudo foi feito com base nos servi\u00e7os oferecidos pelos principais bancos do Brasil, sendo [&hellip;]<\/p>\n","protected":false},"author":11,"featured_media":30361,"comment_status":"closed","ping_status":"closed","sticky":false,"template":"","format":"standard","meta":[],"categories":[65],"tags":[289],"suno_strategy":[],"class_list":["post-30334","post","type-post","status-publish","format-standard","has-post-thumbnail","hentry","category-financas-pessoais","tag-bancos"],"yoast_head":"<!-- This site is optimized with the Yoast SEO plugin v24.4 - https:\/\/yoast.com\/wordpress\/plugins\/seo\/ -->\n<title>Servi\u00e7os dos bancos subiram o dobro da infla\u00e7\u00e3o em dois anos, diz Idec<\/title>\n<meta name=\"description\" content=\"O estudo foi feito com base nos servi\u00e7os oferecidos pelos principais bancos do Brasil tanto f\u00edsicos quanto digitais. Clique e saiba mais.\" \/>\n<meta name=\"robots\" content=\"index, follow, max-snippet:-1, max-image-preview:large, max-video-preview:-1\" \/>\n<link rel=\"canonical\" href=\"https:\/\/www.suno.com.br\/noticias\/servicos-bancos-subiram-dobro-inflacao\/\" \/>\n<meta property=\"og:locale\" content=\"pt_BR\" \/>\n<meta property=\"og:type\" content=\"article\" \/>\n<meta property=\"og:title\" content=\"Servi\u00e7os dos bancos subiram o dobro da infla\u00e7\u00e3o em dois anos, diz Idec\" \/>\n<meta property=\"og:description\" content=\"O estudo foi feito com base nos servi\u00e7os oferecidos pelos principais bancos do Brasil tanto f\u00edsicos quanto digitais. Clique e saiba mais.\" \/>\n<meta property=\"og:url\" content=\"https:\/\/www.suno.com.br\/noticias\/servicos-bancos-subiram-dobro-inflacao\/\" \/>\n<meta property=\"og:site_name\" content=\"Suno Not\u00edcias\" \/>\n<meta property=\"article:publisher\" content=\"https:\/\/facebook.com\/sunoresearch\" \/>\n<meta property=\"og:image\" content=\"https:\/\/files.sunoresearch.com.br\/n\/uploads\/2019\/07\/ee05c774-bancos.jpg\" \/>\n\t<meta property=\"og:image:width\" content=\"1140\" \/>\n\t<meta property=\"og:image:height\" content=\"760\" \/>\n\t<meta property=\"og:image:type\" content=\"image\/jpeg\" \/>\n<meta name=\"author\" content=\"Renan Bandeira\" \/>\n<meta name=\"twitter:card\" content=\"summary_large_image\" \/>\n<meta name=\"twitter:creator\" content=\"@sunoresearch\" \/>\n<meta name=\"twitter:site\" content=\"@sunoresearch\" \/>\n<meta name=\"twitter:label1\" content=\"Escrito por\" \/>\n\t<meta name=\"twitter:data1\" content=\"Renan Bandeira\" \/>\n\t<meta name=\"twitter:label2\" content=\"Est. tempo de leitura\" \/>\n\t<meta name=\"twitter:data2\" content=\"3 minutos\" \/>\n<script type=\"application\/ld+json\" class=\"yoast-schema-graph\">{\"@context\":\"https:\/\/schema.org\",\"@graph\":[{\"@type\":\"NewsArticle\",\"@id\":\"https:\/\/www.suno.com.br\/noticias\/servicos-bancos-subiram-dobro-inflacao\/#article\",\"isPartOf\":{\"@id\":\"https:\/\/www.suno.com.br\/noticias\/servicos-bancos-subiram-dobro-inflacao\/\"},\"author\":{\"name\":\"Renan Bandeira\",\"@id\":\"https:\/\/www.suno.com.br\/noticias\/#\/schema\/person\/fc144a1c6108bd1dcd43784e88a3c138\"},\"headline\":\"Servi\u00e7os dos bancos subiram o dobro da infla\u00e7\u00e3o em dois anos, diz Idec\",\"datePublished\":\"2019-07-08T12:42:10+00:00\",\"dateModified\":\"2019-07-08T12:44:42+00:00\",\"mainEntityOfPage\":{\"@id\":\"https:\/\/www.suno.com.br\/noticias\/servicos-bancos-subiram-dobro-inflacao\/\"},\"wordCount\":518,\"publisher\":{\"@id\":\"https:\/\/www.suno.com.br\/noticias\/#organization\"},\"image\":{\"@id\":\"https:\/\/www.suno.com.br\/noticias\/servicos-bancos-subiram-dobro-inflacao\/#primaryimage\"},\"thumbnailUrl\":\"https:\/\/files.sunoresearch.com.br\/n\/uploads\/2019\/07\/ee05c774-bancos-jpg.webp\",\"keywords\":[\"bancos\"],\"articleSection\":[\"Finan\u00e7as Pessoais\"],\"inLanguage\":\"pt-BR\"},{\"@type\":\"WebPage\",\"@id\":\"https:\/\/www.suno.com.br\/noticias\/servicos-bancos-subiram-dobro-inflacao\/\",\"url\":\"https:\/\/www.suno.com.br\/noticias\/servicos-bancos-subiram-dobro-inflacao\/\",\"name\":\"Servi\u00e7os dos bancos subiram o dobro da infla\u00e7\u00e3o em dois anos, diz Idec\",\"isPartOf\":{\"@id\":\"https:\/\/www.suno.com.br\/noticias\/#website\"},\"primaryImageOfPage\":{\"@id\":\"https:\/\/www.suno.com.br\/noticias\/servicos-bancos-subiram-dobro-inflacao\/#primaryimage\"},\"image\":{\"@id\":\"https:\/\/www.suno.com.br\/noticias\/servicos-bancos-subiram-dobro-inflacao\/#primaryimage\"},\"thumbnailUrl\":\"https:\/\/files.sunoresearch.com.br\/n\/uploads\/2019\/07\/ee05c774-bancos-jpg.webp\",\"datePublished\":\"2019-07-08T12:42:10+00:00\",\"dateModified\":\"2019-07-08T12:44:42+00:00\",\"description\":\"O estudo foi feito com base nos servi\u00e7os oferecidos pelos principais bancos do Brasil tanto f\u00edsicos quanto digitais. Clique e saiba mais.\",\"breadcrumb\":{\"@id\":\"https:\/\/www.suno.com.br\/noticias\/servicos-bancos-subiram-dobro-inflacao\/#breadcrumb\"},\"inLanguage\":\"pt-BR\",\"potentialAction\":[{\"@type\":\"ReadAction\",\"target\":[\"https:\/\/www.suno.com.br\/noticias\/servicos-bancos-subiram-dobro-inflacao\/\"]}]},{\"@type\":\"ImageObject\",\"inLanguage\":\"pt-BR\",\"@id\":\"https:\/\/www.suno.com.br\/noticias\/servicos-bancos-subiram-dobro-inflacao\/#primaryimage\",\"url\":\"https:\/\/files.sunoresearch.com.br\/n\/uploads\/2019\/07\/ee05c774-bancos-jpg.webp\",\"contentUrl\":\"https:\/\/files.sunoresearch.com.br\/n\/uploads\/2019\/07\/ee05c774-bancos-jpg.webp\",\"width\":1140,\"height\":760,\"caption\":\"Servi\u00e7os dos bancos subiram o dobro da infla\u00e7\u00e3o em dois anos, diz Idec\"},{\"@type\":\"BreadcrumbList\",\"@id\":\"https:\/\/www.suno.com.br\/noticias\/servicos-bancos-subiram-dobro-inflacao\/#breadcrumb\",\"itemListElement\":[{\"@type\":\"ListItem\",\"position\":1,\"name\":\"Not\u00edcias\",\"item\":\"https:\/\/www.suno.com.br\/noticias\/\"},{\"@type\":\"ListItem\",\"position\":2,\"name\":\"Finan\u00e7as Pessoais\",\"item\":\"https:\/\/www.suno.com.br\/noticias\/financas-pessoais\/\"},{\"@type\":\"ListItem\",\"position\":3,\"name\":\"Servi\u00e7os dos bancos subiram o dobro da infla\u00e7\u00e3o em dois anos, diz Idec\"}]},{\"@type\":\"WebSite\",\"@id\":\"https:\/\/www.suno.com.br\/noticias\/#website\",\"url\":\"https:\/\/www.suno.com.br\/noticias\/\",\"name\":\"Suno Not\u00edcias\",\"description\":\"Seu portal de informa\u00e7\u00e3o sobre o mundo dos investimentos\",\"publisher\":{\"@id\":\"https:\/\/www.suno.com.br\/noticias\/#organization\"},\"potentialAction\":[{\"@type\":\"SearchAction\",\"target\":{\"@type\":\"EntryPoint\",\"urlTemplate\":\"https:\/\/www.suno.com.br\/noticias\/?s={search_term_string}\"},\"query-input\":{\"@type\":\"PropertyValueSpecification\",\"valueRequired\":true,\"valueName\":\"search_term_string\"}}],\"inLanguage\":\"pt-BR\"},{\"@type\":\"Organization\",\"@id\":\"https:\/\/www.suno.com.br\/noticias\/#organization\",\"name\":\"Suno Not\u00edcias\",\"url\":\"https:\/\/www.suno.com.br\/noticias\/\",\"logo\":{\"@type\":\"ImageObject\",\"inLanguage\":\"pt-BR\",\"@id\":\"https:\/\/www.suno.com.br\/noticias\/#\/schema\/logo\/image\/\",\"url\":\"https:\/\/files.sunoresearch.com.br\/n\/uploads\/2021\/09\/suno-logo.png\",\"contentUrl\":\"https:\/\/files.sunoresearch.com.br\/n\/uploads\/2021\/09\/suno-logo.png\",\"width\":180,\"height\":180,\"caption\":\"Suno Not\u00edcias\"},\"image\":{\"@id\":\"https:\/\/www.suno.com.br\/noticias\/#\/schema\/logo\/image\/\"},\"sameAs\":[\"https:\/\/facebook.com\/sunoresearch\",\"https:\/\/x.com\/sunoresearch\",\"https:\/\/www.instagram.com\/suno\",\"https:\/\/www.linkedin.com\/company\/suno-research\/\",\"https:\/\/www.youtube.com\/c\/sunoresearch\"]},{\"@type\":\"Person\",\"@id\":\"https:\/\/www.suno.com.br\/noticias\/#\/schema\/person\/fc144a1c6108bd1dcd43784e88a3c138\",\"name\":\"Renan Bandeira\",\"image\":{\"@type\":\"ImageObject\",\"inLanguage\":\"pt-BR\",\"@id\":\"https:\/\/www.suno.com.br\/noticias\/#\/schema\/person\/image\/\",\"url\":\"https:\/\/secure.gravatar.com\/avatar\/68359cdb608f14f11bbefcb78f3fc747?s=96&r=g\",\"contentUrl\":\"https:\/\/secure.gravatar.com\/avatar\/68359cdb608f14f11bbefcb78f3fc747?s=96&r=g\",\"caption\":\"Renan Bandeira\"},\"description\":\"Renan Bandeira escreve sobre pol\u00edtica e economia para o portal da Suno Research. Antes da Suno, trabalhou em uma rede de televis\u00e3o, onde fazia reportagens sobre os mesmos temas. Estuda na Universidade Metodista de S\u00e3o Paulo.\",\"url\":\"https:\/\/www.suno.com.br\/noticias\/author\/renan-bandeira\/\"}]}<\/script>\n<!-- \/ Yoast SEO plugin. -->","yoast_head_json":{"title":"Servi\u00e7os dos bancos subiram o dobro da infla\u00e7\u00e3o em dois anos, diz Idec","description":"O estudo foi feito com base nos servi\u00e7os oferecidos pelos principais bancos do Brasil tanto f\u00edsicos quanto digitais. Clique e saiba mais.","robots":{"index":"index","follow":"follow","max-snippet":"max-snippet:-1","max-image-preview":"max-image-preview:large","max-video-preview":"max-video-preview:-1"},"canonical":"https:\/\/www.suno.com.br\/noticias\/servicos-bancos-subiram-dobro-inflacao\/","og_locale":"pt_BR","og_type":"article","og_title":"Servi\u00e7os dos bancos subiram o dobro da infla\u00e7\u00e3o em dois anos, diz Idec","og_description":"O estudo foi feito com base nos servi\u00e7os oferecidos pelos principais bancos do Brasil tanto f\u00edsicos quanto digitais. Clique e saiba mais.","og_url":"https:\/\/www.suno.com.br\/noticias\/servicos-bancos-subiram-dobro-inflacao\/","og_site_name":"Suno Not\u00edcias","article_publisher":"https:\/\/facebook.com\/sunoresearch","og_image":[{"width":1140,"height":760,"url":"https:\/\/files.sunoresearch.com.br\/n\/uploads\/2019\/07\/ee05c774-bancos.jpg","type":"image\/jpeg"}],"author":"Renan Bandeira","twitter_card":"summary_large_image","twitter_creator":"@sunoresearch","twitter_site":"@sunoresearch","twitter_misc":{"Escrito por":"Renan Bandeira","Est. tempo de leitura":"3 minutos"},"schema":{"@context":"https:\/\/schema.org","@graph":[{"@type":"NewsArticle","@id":"https:\/\/www.suno.com.br\/noticias\/servicos-bancos-subiram-dobro-inflacao\/#article","isPartOf":{"@id":"https:\/\/www.suno.com.br\/noticias\/servicos-bancos-subiram-dobro-inflacao\/"},"author":{"name":"Renan Bandeira","@id":"https:\/\/www.suno.com.br\/noticias\/#\/schema\/person\/fc144a1c6108bd1dcd43784e88a3c138"},"headline":"Servi\u00e7os dos bancos subiram o dobro da infla\u00e7\u00e3o em dois anos, diz Idec","datePublished":"2019-07-08T12:42:10+00:00","dateModified":"2019-07-08T12:44:42+00:00","mainEntityOfPage":{"@id":"https:\/\/www.suno.com.br\/noticias\/servicos-bancos-subiram-dobro-inflacao\/"},"wordCount":518,"publisher":{"@id":"https:\/\/www.suno.com.br\/noticias\/#organization"},"image":{"@id":"https:\/\/www.suno.com.br\/noticias\/servicos-bancos-subiram-dobro-inflacao\/#primaryimage"},"thumbnailUrl":"https:\/\/files.sunoresearch.com.br\/n\/uploads\/2019\/07\/ee05c774-bancos-jpg.webp","keywords":["bancos"],"articleSection":["Finan\u00e7as Pessoais"],"inLanguage":"pt-BR"},{"@type":"WebPage","@id":"https:\/\/www.suno.com.br\/noticias\/servicos-bancos-subiram-dobro-inflacao\/","url":"https:\/\/www.suno.com.br\/noticias\/servicos-bancos-subiram-dobro-inflacao\/","name":"Servi\u00e7os dos bancos subiram o dobro da infla\u00e7\u00e3o em dois anos, diz Idec","isPartOf":{"@id":"https:\/\/www.suno.com.br\/noticias\/#website"},"primaryImageOfPage":{"@id":"https:\/\/www.suno.com.br\/noticias\/servicos-bancos-subiram-dobro-inflacao\/#primaryimage"},"image":{"@id":"https:\/\/www.suno.com.br\/noticias\/servicos-bancos-subiram-dobro-inflacao\/#primaryimage"},"thumbnailUrl":"https:\/\/files.sunoresearch.com.br\/n\/uploads\/2019\/07\/ee05c774-bancos-jpg.webp","datePublished":"2019-07-08T12:42:10+00:00","dateModified":"2019-07-08T12:44:42+00:00","description":"O estudo foi feito com base nos servi\u00e7os oferecidos pelos principais bancos do Brasil tanto f\u00edsicos quanto digitais. Clique e saiba mais.","breadcrumb":{"@id":"https:\/\/www.suno.com.br\/noticias\/servicos-bancos-subiram-dobro-inflacao\/#breadcrumb"},"inLanguage":"pt-BR","potentialAction":[{"@type":"ReadAction","target":["https:\/\/www.suno.com.br\/noticias\/servicos-bancos-subiram-dobro-inflacao\/"]}]},{"@type":"ImageObject","inLanguage":"pt-BR","@id":"https:\/\/www.suno.com.br\/noticias\/servicos-bancos-subiram-dobro-inflacao\/#primaryimage","url":"https:\/\/files.sunoresearch.com.br\/n\/uploads\/2019\/07\/ee05c774-bancos-jpg.webp","contentUrl":"https:\/\/files.sunoresearch.com.br\/n\/uploads\/2019\/07\/ee05c774-bancos-jpg.webp","width":1140,"height":760,"caption":"Servi\u00e7os dos bancos subiram o dobro da infla\u00e7\u00e3o em dois anos, diz Idec"},{"@type":"BreadcrumbList","@id":"https:\/\/www.suno.com.br\/noticias\/servicos-bancos-subiram-dobro-inflacao\/#breadcrumb","itemListElement":[{"@type":"ListItem","position":1,"name":"Not\u00edcias","item":"https:\/\/www.suno.com.br\/noticias\/"},{"@type":"ListItem","position":2,"name":"Finan\u00e7as Pessoais","item":"https:\/\/www.suno.com.br\/noticias\/financas-pessoais\/"},{"@type":"ListItem","position":3,"name":"Servi\u00e7os dos bancos subiram o dobro da infla\u00e7\u00e3o em dois anos, diz Idec"}]},{"@type":"WebSite","@id":"https:\/\/www.suno.com.br\/noticias\/#website","url":"https:\/\/www.suno.com.br\/noticias\/","name":"Suno Not\u00edcias","description":"Seu portal de informa\u00e7\u00e3o sobre o mundo dos investimentos","publisher":{"@id":"https:\/\/www.suno.com.br\/noticias\/#organization"},"potentialAction":[{"@type":"SearchAction","target":{"@type":"EntryPoint","urlTemplate":"https:\/\/www.suno.com.br\/noticias\/?s={search_term_string}"},"query-input":{"@type":"PropertyValueSpecification","valueRequired":true,"valueName":"search_term_string"}}],"inLanguage":"pt-BR"},{"@type":"Organization","@id":"https:\/\/www.suno.com.br\/noticias\/#organization","name":"Suno Not\u00edcias","url":"https:\/\/www.suno.com.br\/noticias\/","logo":{"@type":"ImageObject","inLanguage":"pt-BR","@id":"https:\/\/www.suno.com.br\/noticias\/#\/schema\/logo\/image\/","url":"https:\/\/files.sunoresearch.com.br\/n\/uploads\/2021\/09\/suno-logo.png","contentUrl":"https:\/\/files.sunoresearch.com.br\/n\/uploads\/2021\/09\/suno-logo.png","width":180,"height":180,"caption":"Suno Not\u00edcias"},"image":{"@id":"https:\/\/www.suno.com.br\/noticias\/#\/schema\/logo\/image\/"},"sameAs":["https:\/\/facebook.com\/sunoresearch","https:\/\/x.com\/sunoresearch","https:\/\/www.instagram.com\/suno","https:\/\/www.linkedin.com\/company\/suno-research\/","https:\/\/www.youtube.com\/c\/sunoresearch"]},{"@type":"Person","@id":"https:\/\/www.suno.com.br\/noticias\/#\/schema\/person\/fc144a1c6108bd1dcd43784e88a3c138","name":"Renan Bandeira","image":{"@type":"ImageObject","inLanguage":"pt-BR","@id":"https:\/\/www.suno.com.br\/noticias\/#\/schema\/person\/image\/","url":"https:\/\/secure.gravatar.com\/avatar\/68359cdb608f14f11bbefcb78f3fc747?s=96&r=g","contentUrl":"https:\/\/secure.gravatar.com\/avatar\/68359cdb608f14f11bbefcb78f3fc747?s=96&r=g","caption":"Renan Bandeira"},"description":"Renan Bandeira escreve sobre pol\u00edtica e economia para o portal da Suno Research. Antes da Suno, trabalhou em uma rede de televis\u00e3o, onde fazia reportagens sobre os mesmos temas. Estuda na Universidade Metodista de S\u00e3o Paulo.","url":"https:\/\/www.suno.com.br\/noticias\/author\/renan-bandeira\/"}]}},"default_loop_html":"<div class=\"cardsPage__listCard__boxs\"><div class=\"cardsPage__listCard__boxs__img\"><a href=\"https:\/\/www.suno.com.br\/noticias\/servicos-bancos-subiram-dobro-inflacao\/\"><img class=\"mask\" src=\"https:\/\/www.suno.com.br\/noticias\/wp-content\/themes\/suno\/resources\/images\/spotlight\/spotlight1img\/bg-mask.png\" alt=\"Image Mask\"\/><img src=\"https:\/\/files.sunoresearch.com.br\/n\/uploads\/2019\/07\/ee05c774-bancos-400x200.webp\" alt=\"Servi\u00e7os dos bancos subiram o dobro da infla\u00e7\u00e3o em dois anos, diz Idec\"\/><\/a><span class=\"spotlightCategory\"><a href=\"https:\/\/www.suno.com.br\/noticias\/financas-pessoais\/\">Finan\u00e7as Pessoais<\/a><\/span><\/div><div class=\"cardsPage__listCard__boxs__content\"><a href=\"https:\/\/www.suno.com.br\/noticias\/servicos-bancos-subiram-dobro-inflacao\/\"><h2 class=\"content__title\">Servi\u00e7os dos bancos subiram o dobro da infla\u00e7\u00e3o em dois anos, diz Idec<\/h2><\/a><div class=\"newsContent__article__meta\"><div class=\"newsContent__article__meta__authorBox\"><a href=\"https:\/\/www.suno.com.br\/noticias\/author\/renan-bandeira\/\" class=\"authorBox__avatar noMobi\"><img src=\"https:\/\/secure.gravatar.com\/avatar\/68359cdb608f14f11bbefcb78f3fc747?s=96&#038;r=g\" alt=\"Renan Bandeira\"><\/a><div class=\"authorBox__name\"><span>por\n\t\t\t<a href=\"https:\/\/www.suno.com.br\/noticias\/author\/renan-bandeira\/\"><span itemprop=\"author\">Renan Bandeira<\/span><\/a><\/span><time datetime=\"2019-07-08T09:42:10-03:00\" itemprop=\"datePublished\">08\/07\/2019 09:42<\/time><\/div><\/div><\/div><\/div><\/div>","single_layout":"posts","amp_enabled":true,"_links":{"self":[{"href":"https:\/\/www.suno.com.br\/noticias\/wp-json\/wp\/v2\/posts\/30334"}],"collection":[{"href":"https:\/\/www.suno.com.br\/noticias\/wp-json\/wp\/v2\/posts"}],"about":[{"href":"https:\/\/www.suno.com.br\/noticias\/wp-json\/wp\/v2\/types\/post"}],"author":[{"embeddable":true,"href":"https:\/\/www.suno.com.br\/noticias\/wp-json\/wp\/v2\/users\/11"}],"replies":[{"embeddable":true,"href":"https:\/\/www.suno.com.br\/noticias\/wp-json\/wp\/v2\/comments?post=30334"}],"version-history":[{"count":0,"href":"https:\/\/www.suno.com.br\/noticias\/wp-json\/wp\/v2\/posts\/30334\/revisions"}],"wp:featuredmedia":[{"embeddable":true,"href":"https:\/\/www.suno.com.br\/noticias\/wp-json\/wp\/v2\/media\/30361"}],"wp:attachment":[{"href":"https:\/\/www.suno.com.br\/noticias\/wp-json\/wp\/v2\/media?parent=30334"}],"wp:term":[{"taxonomy":"category","embeddable":true,"href":"https:\/\/www.suno.com.br\/noticias\/wp-json\/wp\/v2\/categories?post=30334"},{"taxonomy":"post_tag","embeddable":true,"href":"https:\/\/www.suno.com.br\/noticias\/wp-json\/wp\/v2\/tags?post=30334"},{"taxonomy":"suno_strategy","embeddable":true,"href":"https:\/\/www.suno.com.br\/noticias\/wp-json\/wp\/v2\/suno_strategy?post=30334"}],"curies":[{"name":"wp","href":"https:\/\/api.w.org\/{rel}","templated":true}]}}