{"id":30325,"date":"2019-07-07T15:20:47","date_gmt":"2019-07-07T18:20:47","guid":{"rendered":"https:\/\/www.suno.com.br\/noticias\/?p=30325"},"modified":"2019-07-07T15:20:47","modified_gmt":"2019-07-07T18:20:47","slug":"governo-preve-330-votos-reforma-previdencia","status":"publish","type":"post","link":"https:\/\/www.suno.com.br\/noticias\/governo-preve-330-votos-reforma-previdencia\/","title":{"rendered":"Governo prev\u00ea 330 votos na C\u00e2mara para reforma da Previd\u00eancia"},"content":{"rendered":"<p>O governo prev\u00ea que cerca de 330 deputados votar\u00e3o a favor da reforma da Previd\u00eancia na <strong>C\u00e2mara dos Deputados.<\/strong> A estimativa foi feita neste domingo (7) pelo\u00a0<strong>ministro da Casa Civil, Onyx Lorenzoni.<\/strong><\/p>\t<div class=\"wrapper-featured-image\">\n\t\t<figure class=\"spotlightImg\">\n\n\t\t\t<picture>\n\t\t\t\t<source media=\"(max-width: 768px)\" srcset=\"https:\/\/files.sunoresearch.com.br\/n\/uploads\/2019\/01\/8eca80b5-onyx-lorenzoni-400x200.webp\">\n\t\t\t\t<img loading=\"lazy\" decoding=\"async\" class=\"newsContent__article__imgCapa lazyloadDisabled newsContent__article__imgCapa--noCaption\" src=\"https:\/\/files.sunoresearch.com.br\/n\/uploads\/2019\/01\/8eca80b5-onyx-lorenzoni-800x450.webp\" width=\"800\" height=\"450\" alt=\"Governo prev\u00ea 330 votos na C\u00e2mara para reforma da Previd\u00eancia\" fetchpriority=high \/>\n\t\t\t<\/picture>\n\n\t\t\t<figcaption class=\"wp-caption-text wp-caption-text--hide\">Coronavoucher: pedidos feitos at\u00e9 o dia 26 ser\u00e3o avaliados at\u00e9 hoje<\/figcaption>\n\t\t<\/figure>\n\t<\/div>\n\n\n<p>Segundo o ministro, o governo considera que a <strong>reforma da Previd\u00eancia<\/strong> deve ser aprovada em primeiro turno no plen\u00e1rio. A <strong>proposta de emenda \u00e0 Constitui\u00e7\u00e3o<\/strong> <strong>(PEC)<\/strong> precisa obter, no m\u00ednimo, 308 votos, em dois turnos de vota\u00e7\u00e3o. Esse n\u00famero corresponde a 60% dos 513 parlamentares da <strong>C\u00e2mara.<\/strong><\/p>\n<p><a href=\"https:\/\/www.suno.com.br\/noticias\/comissao-especial-aprova-reforma-previdencia\/\">Saiba mais: Comiss\u00e3o especial da C\u00e2mara aprova reforma da Previd\u00eancia\u00a0<\/a><\/p>\n<p>&#8220;A gente tem um c\u00e1lculo assim, vamos dizer, realista, com p\u00e9 bem no ch\u00e3o, e a gente caminha para ter algo em torno de 330 [votos], que poder\u00e1 ser at\u00e9 mais do que isso. \u00c9 uma margem que a gente acredita ser poss\u00edvel&#8221;, declarou Onyx.<\/p>\n\t<p>\n\t\t<a href=\"https:\/\/lp.suno.com.br\/ao\/sessao-estrategica-consultoria-c\/?utm_source=suno-noticias&#038;utm_medium=banner&#038;utm_campaing=banco-master-cdbs\" target=\"_blank\" data-element=\"shortcode-suno-banner\" title=\"Banner SUNO, clique e saiba mais\">\n\t\t\t<picture>\n\t\t\t\t<source media=\"(max-width: 500px)\" srcset=\"https:\/\/files.sunoresearch.com.br\/n\/uploads\/2025\/09\/300x400.webp\">\n\t\t\t\t<img class=\"newsContent__article__imgCapa newsContent__article__imgCapa--banner\"\n\t\t\t\t\tsrc=\"https:\/\/files.sunoresearch.com.br\/n\/uploads\/2025\/09\/SN-DT-1420x240-1.webp\"\n\t\t\t\t\tdata-promo-id=\"624064\"\t\t\t\t\t\t\t\t\t\twidth='1420' height='240'\t\t\t\t\talt=\"https:\/\/files.sunoresearch.com.br\/n\/uploads\/2025\/09\/SN-DT-1420x240-1.webp\"\n\t\t\t\t>\n\t\t\t<\/picture>\n\t\t<\/a>\n\t<\/p>\n\n\n<p>Segundo Onyx, o <strong>Pal\u00e2cio do Planalto<\/strong> prev\u00ea uma margem de seguran\u00e7a para que o texto passe para o segundo turno. O <strong>ministro da Casa Civil<\/strong> foi na manh\u00e3 deste domingo \u00e0 resid\u00eancia oficial do presidente da <strong>C\u00e2mara, Rodrigo Maia<\/strong> (DEM-RJ). Os dois se reuniram para elaborar uma estrat\u00e9gia comum e colocar em vota\u00e7\u00e3o a <strong>PEC<\/strong> j\u00e1 nesta semana. Tamb\u00e9m participaram da reuni\u00e3o o presidente do Senado, <strong>Davi Alcolumbre<\/strong> (DEM-AP), e o secret\u00e1rio especial de Previd\u00eancia e Trabalho do Minist\u00e9rio da Economia, <strong>Rog\u00e9rio Marinho.<\/strong><\/p>\n<h2>Aprova\u00e7\u00e3o nesta semana<\/h2>\n<p>Segundo <strong>Maia,<\/strong> o parecer do deputado <strong>Samuel Moreira<\/strong> (PSDB-SP) deveria come\u00e7ar a ser analisado pelos deputados a partir desta ter\u00e7a (9). Uma opini\u00e3o compartilhada pelo governo, j\u00e1 que o documento foi aprovado\u00a0na \u00faltima semana pela comiss\u00e3o especial.<\/p>\n<p>No \u00faltimo s\u00e1bado (6), o presidente da <strong>C\u00e2mara<\/strong> tinha demonstrado otimismo sobre a aprova\u00e7\u00e3o da <strong>PEC<\/strong> com uma &#8220;boa margem&#8221; de votos. Entretanto, Maia preferiu n\u00e3o indicar um n\u00famero de votos que a reforma conseguiria no plen\u00e1rio.\u00a0O presidente da C\u00e2mara levou adiante um intenso trabalho de articula\u00e7\u00e3o, se encontrando com l\u00edderes do Centr\u00e3o em sua resid\u00eancia oficial.<\/p>\n\t<p>\n\t\t<a href=\"https:\/\/lp.suno.com.br\/ebook-investindo-em-fiis\/\" target=\"_blank\" data-element=\"shortcode-suno-banner\" title=\"Banner SUNO, clique e saiba mais\">\n\t\t\t<picture>\n\t\t\t\t<source media=\"(max-width: 500px)\" srcset=\"https:\/\/files.sunoresearch.com.br\/n\/uploads\/2023\/07\/Ebook-Fundos-Imobiliarios-Mobile.jpg\">\n\t\t\t\t<img class=\"newsContent__article__imgCapa newsContent__article__imgCapa--banner\"\n\t\t\t\t\tsrc=\"https:\/\/files.sunoresearch.com.br\/n\/uploads\/2023\/07\/Ebook-Fundos-Imobiliarios-Desktop.jpg\"\n\t\t\t\t\tdata-promo-id=\"378301\"\t\t\t\t\t\t\t\t\t\twidth='1420' height='286'\t\t\t\t\talt=\"https:\/\/files.sunoresearch.com.br\/n\/uploads\/2023\/07\/Ebook-Fundos-Imobiliarios-Desktop.jpg\"\n\t\t\t\t>\n\t\t\t<\/picture>\n\t\t<\/a>\n\t<\/p>\n\n\n<p>Segundo <strong>Onyx,<\/strong> na manh\u00e3 da pr\u00f3xima ter\u00e7a-feira haver\u00e1 uma nova reuni\u00e3o com governadores. O objetivo do governo \u00e9 negociar uma eventual inclus\u00e3o de estados e munic\u00edpios no texto antes da vota\u00e7\u00e3o no plen\u00e1rio. Moreira deixou de fora da <strong>reforma<\/strong> <strong>da Previd\u00eancia<\/strong> os servidores estaduais e municipais por causa da press\u00e3o dos l\u00edderes do centr\u00e3o.<\/p>\n<p>Sobre eventuais mudan\u00e7as no texto aprovado pela comiss\u00e3o especial na semana passada, o ministro da <strong>Casa Civil<\/strong> salientou que &#8220;quanto menor o n\u00famero de altera\u00e7\u00f5es, melhor&#8221;. Entretanto, segundo ele, poderiam ocorrer altera\u00e7\u00f5es pontuais durante a aprecia\u00e7\u00e3o da proposta no plen\u00e1rio.<\/p>\n<p><a href=\"https:\/\/www.suno.com.br\/noticias\/previdencia-votada-proxima-semana\/\">Saiba mais: Reforma da Previd\u00eancia ser\u00e1 votada na pr\u00f3xima semana, diz Maia\u00a0<\/a><\/p>\n<p>Na \u00faltima sexta-feira (5), o presidente <strong>Jair Bolsonaro<\/strong> afirmou que o texto da <strong>reforma da Previd\u00eancia<\/strong> que ser\u00e1 votado pela <strong>C\u00e2mara<\/strong> contem equ\u00edvocos. Segundo o mandat\u00e1rio, poderiam ocorrer altera\u00e7\u00f5es ainda durante a discuss\u00e3o no plen\u00e1rio, antes do voto.<\/p>\n","protected":false},"excerpt":{"rendered":"<p>O governo prev\u00ea que cerca de 330 deputados votar\u00e3o a favor da reforma da Previd\u00eancia na C\u00e2mara dos Deputados. A estimativa foi feita neste domingo (7) pelo\u00a0ministro da Casa Civil, Onyx Lorenzoni. Coronavoucher: pedidos feitos at\u00e9 o dia 26 ser\u00e3o avaliados at\u00e9 hoje Segundo o ministro, o governo considera que a reforma da Previd\u00eancia deve [&hellip;]<\/p>\n","protected":false},"author":9,"featured_media":10703,"comment_status":"closed","ping_status":"closed","sticky":false,"template":"","format":"standard","meta":[],"categories":[61],"tags":[938,322,940],"suno_strategy":[],"class_list":["post-30325","post","type-post","status-publish","format-standard","has-post-thumbnail","hentry","category-politica","tag-camara-dos-deputados","tag-previdencia-social","tag-reforma-da-previdencia"],"yoast_head":"<!-- This site is optimized with the Yoast SEO plugin v24.4 - https:\/\/yoast.com\/wordpress\/plugins\/seo\/ -->\n<title>Governo prev\u00ea 330 votos na C\u00e2mara para reforma da Previd\u00eancia<\/title>\n<meta name=\"description\" content=\"O governo prev\u00ea que cerca de 330 deputados votar\u00e3o a favor da reforma da Previd\u00eancia na C\u00e2mara dos Deputados. Clique aqui para saber mais.\" \/>\n<meta name=\"robots\" content=\"index, follow, max-snippet:-1, max-image-preview:large, max-video-preview:-1\" \/>\n<link rel=\"canonical\" href=\"https:\/\/www.suno.com.br\/noticias\/governo-preve-330-votos-reforma-previdencia\/\" \/>\n<meta property=\"og:locale\" content=\"pt_BR\" \/>\n<meta property=\"og:type\" content=\"article\" \/>\n<meta property=\"og:title\" content=\"Governo prev\u00ea 330 votos na C\u00e2mara para reforma da Previd\u00eancia\" \/>\n<meta property=\"og:description\" content=\"O governo prev\u00ea que cerca de 330 deputados votar\u00e3o a favor da reforma da Previd\u00eancia na C\u00e2mara dos Deputados. Clique aqui para saber mais.\" \/>\n<meta property=\"og:url\" content=\"https:\/\/www.suno.com.br\/noticias\/governo-preve-330-votos-reforma-previdencia\/\" \/>\n<meta property=\"og:site_name\" content=\"Suno Not\u00edcias\" \/>\n<meta property=\"article:publisher\" content=\"https:\/\/facebook.com\/sunoresearch\" \/>\n<meta property=\"og:image\" content=\"https:\/\/files.sunoresearch.com.br\/n\/uploads\/2019\/01\/8eca80b5-onyx-lorenzoni.jpg\" \/>\n\t<meta property=\"og:image:width\" content=\"1140\" \/>\n\t<meta property=\"og:image:height\" content=\"760\" \/>\n\t<meta property=\"og:image:type\" content=\"image\/jpeg\" \/>\n<meta name=\"author\" content=\"Carlo Cauti\" \/>\n<meta name=\"twitter:card\" content=\"summary_large_image\" \/>\n<meta name=\"twitter:creator\" content=\"@sunoresearch\" \/>\n<meta name=\"twitter:site\" content=\"@sunoresearch\" \/>\n<meta name=\"twitter:label1\" content=\"Escrito por\" \/>\n\t<meta name=\"twitter:data1\" content=\"Carlo Cauti\" \/>\n\t<meta name=\"twitter:label2\" content=\"Est. tempo de leitura\" \/>\n\t<meta name=\"twitter:data2\" content=\"3 minutos\" \/>\n<script type=\"application\/ld+json\" class=\"yoast-schema-graph\">{\"@context\":\"https:\/\/schema.org\",\"@graph\":[{\"@type\":\"NewsArticle\",\"@id\":\"https:\/\/www.suno.com.br\/noticias\/governo-preve-330-votos-reforma-previdencia\/#article\",\"isPartOf\":{\"@id\":\"https:\/\/www.suno.com.br\/noticias\/governo-preve-330-votos-reforma-previdencia\/\"},\"author\":{\"name\":\"Carlo Cauti\",\"@id\":\"https:\/\/www.suno.com.br\/noticias\/#\/schema\/person\/e6e0f723cc177805027f4566c1d5e0c8\"},\"headline\":\"Governo prev\u00ea 330 votos na C\u00e2mara para reforma da Previd\u00eancia\",\"datePublished\":\"2019-07-07T18:20:47+00:00\",\"mainEntityOfPage\":{\"@id\":\"https:\/\/www.suno.com.br\/noticias\/governo-preve-330-votos-reforma-previdencia\/\"},\"wordCount\":536,\"publisher\":{\"@id\":\"https:\/\/www.suno.com.br\/noticias\/#organization\"},\"image\":{\"@id\":\"https:\/\/www.suno.com.br\/noticias\/governo-preve-330-votos-reforma-previdencia\/#primaryimage\"},\"thumbnailUrl\":\"https:\/\/files.sunoresearch.com.br\/n\/uploads\/2019\/01\/8eca80b5-onyx-lorenzoni-jpg.webp\",\"keywords\":[\"C\u00e2mara dos Deputados\",\"Previd\u00eancia Social\",\"Reforma da Previd\u00eancia\"],\"articleSection\":[\"Pol\u00edtica\"],\"inLanguage\":\"pt-BR\"},{\"@type\":\"WebPage\",\"@id\":\"https:\/\/www.suno.com.br\/noticias\/governo-preve-330-votos-reforma-previdencia\/\",\"url\":\"https:\/\/www.suno.com.br\/noticias\/governo-preve-330-votos-reforma-previdencia\/\",\"name\":\"Governo prev\u00ea 330 votos na C\u00e2mara para reforma da Previd\u00eancia\",\"isPartOf\":{\"@id\":\"https:\/\/www.suno.com.br\/noticias\/#website\"},\"primaryImageOfPage\":{\"@id\":\"https:\/\/www.suno.com.br\/noticias\/governo-preve-330-votos-reforma-previdencia\/#primaryimage\"},\"image\":{\"@id\":\"https:\/\/www.suno.com.br\/noticias\/governo-preve-330-votos-reforma-previdencia\/#primaryimage\"},\"thumbnailUrl\":\"https:\/\/files.sunoresearch.com.br\/n\/uploads\/2019\/01\/8eca80b5-onyx-lorenzoni-jpg.webp\",\"datePublished\":\"2019-07-07T18:20:47+00:00\",\"description\":\"O governo prev\u00ea que cerca de 330 deputados votar\u00e3o a favor da reforma da Previd\u00eancia na C\u00e2mara dos Deputados. Clique aqui para saber mais.\",\"breadcrumb\":{\"@id\":\"https:\/\/www.suno.com.br\/noticias\/governo-preve-330-votos-reforma-previdencia\/#breadcrumb\"},\"inLanguage\":\"pt-BR\",\"potentialAction\":[{\"@type\":\"ReadAction\",\"target\":[\"https:\/\/www.suno.com.br\/noticias\/governo-preve-330-votos-reforma-previdencia\/\"]}]},{\"@type\":\"ImageObject\",\"inLanguage\":\"pt-BR\",\"@id\":\"https:\/\/www.suno.com.br\/noticias\/governo-preve-330-votos-reforma-previdencia\/#primaryimage\",\"url\":\"https:\/\/files.sunoresearch.com.br\/n\/uploads\/2019\/01\/8eca80b5-onyx-lorenzoni-jpg.webp\",\"contentUrl\":\"https:\/\/files.sunoresearch.com.br\/n\/uploads\/2019\/01\/8eca80b5-onyx-lorenzoni-jpg.webp\",\"width\":1140,\"height\":760,\"caption\":\"Coronavoucher: pedidos feitos at\u00e9 o dia 26 ser\u00e3o avaliados at\u00e9 hoje\"},{\"@type\":\"BreadcrumbList\",\"@id\":\"https:\/\/www.suno.com.br\/noticias\/governo-preve-330-votos-reforma-previdencia\/#breadcrumb\",\"itemListElement\":[{\"@type\":\"ListItem\",\"position\":1,\"name\":\"Not\u00edcias\",\"item\":\"https:\/\/www.suno.com.br\/noticias\/\"},{\"@type\":\"ListItem\",\"position\":2,\"name\":\"Pol\u00edtica\",\"item\":\"https:\/\/www.suno.com.br\/noticias\/politica\/\"},{\"@type\":\"ListItem\",\"position\":3,\"name\":\"Governo prev\u00ea 330 votos na C\u00e2mara para reforma da Previd\u00eancia\"}]},{\"@type\":\"WebSite\",\"@id\":\"https:\/\/www.suno.com.br\/noticias\/#website\",\"url\":\"https:\/\/www.suno.com.br\/noticias\/\",\"name\":\"Suno Not\u00edcias\",\"description\":\"Seu portal de informa\u00e7\u00e3o sobre o mundo dos investimentos\",\"publisher\":{\"@id\":\"https:\/\/www.suno.com.br\/noticias\/#organization\"},\"potentialAction\":[{\"@type\":\"SearchAction\",\"target\":{\"@type\":\"EntryPoint\",\"urlTemplate\":\"https:\/\/www.suno.com.br\/noticias\/?s={search_term_string}\"},\"query-input\":{\"@type\":\"PropertyValueSpecification\",\"valueRequired\":true,\"valueName\":\"search_term_string\"}}],\"inLanguage\":\"pt-BR\"},{\"@type\":\"Organization\",\"@id\":\"https:\/\/www.suno.com.br\/noticias\/#organization\",\"name\":\"Suno Not\u00edcias\",\"url\":\"https:\/\/www.suno.com.br\/noticias\/\",\"logo\":{\"@type\":\"ImageObject\",\"inLanguage\":\"pt-BR\",\"@id\":\"https:\/\/www.suno.com.br\/noticias\/#\/schema\/logo\/image\/\",\"url\":\"https:\/\/files.sunoresearch.com.br\/n\/uploads\/2021\/09\/suno-logo.png\",\"contentUrl\":\"https:\/\/files.sunoresearch.com.br\/n\/uploads\/2021\/09\/suno-logo.png\",\"width\":180,\"height\":180,\"caption\":\"Suno Not\u00edcias\"},\"image\":{\"@id\":\"https:\/\/www.suno.com.br\/noticias\/#\/schema\/logo\/image\/\"},\"sameAs\":[\"https:\/\/facebook.com\/sunoresearch\",\"https:\/\/x.com\/sunoresearch\",\"https:\/\/www.instagram.com\/suno\",\"https:\/\/www.linkedin.com\/company\/suno-research\/\",\"https:\/\/www.youtube.com\/c\/sunoresearch\"]},{\"@type\":\"Person\",\"@id\":\"https:\/\/www.suno.com.br\/noticias\/#\/schema\/person\/e6e0f723cc177805027f4566c1d5e0c8\",\"name\":\"Carlo Cauti\",\"image\":{\"@type\":\"ImageObject\",\"inLanguage\":\"pt-BR\",\"@id\":\"https:\/\/www.suno.com.br\/noticias\/#\/schema\/person\/image\/\",\"url\":\"https:\/\/secure.gravatar.com\/avatar\/3ada9e0bd164c23abd4792a9606d583c?s=96&r=g\",\"contentUrl\":\"https:\/\/secure.gravatar.com\/avatar\/3ada9e0bd164c23abd4792a9606d583c?s=96&r=g\",\"caption\":\"Carlo Cauti\"},\"description\":\"Editor multim\u00eddia do SUNO Not\u00edcias. Italiano, formado em Ci\u00eancias Pol\u00edticas pela universidade LUISS G. Carli de Roma e mestre cum laude em Rela\u00e7\u00f5es Internacionais, Jornalismo Internacional e de Guerra e em Economia Internacional. Concluiu tamb\u00e9m um MBA em Finan\u00e7as na B3. No Brasil, teve passagem por ve\u00edculos como Estad\u00e3o, Globo, Veja e EXAME. e nas ag\u00eancias de not\u00edcias italianas ANSA e NOVA.\",\"url\":\"https:\/\/www.suno.com.br\/noticias\/author\/carlo-cauti\/\"}]}<\/script>\n<!-- \/ Yoast SEO plugin. -->","yoast_head_json":{"title":"Governo prev\u00ea 330 votos na C\u00e2mara para reforma da Previd\u00eancia","description":"O governo prev\u00ea que cerca de 330 deputados votar\u00e3o a favor da reforma da Previd\u00eancia na C\u00e2mara dos Deputados. Clique aqui para saber mais.","robots":{"index":"index","follow":"follow","max-snippet":"max-snippet:-1","max-image-preview":"max-image-preview:large","max-video-preview":"max-video-preview:-1"},"canonical":"https:\/\/www.suno.com.br\/noticias\/governo-preve-330-votos-reforma-previdencia\/","og_locale":"pt_BR","og_type":"article","og_title":"Governo prev\u00ea 330 votos na C\u00e2mara para reforma da Previd\u00eancia","og_description":"O governo prev\u00ea que cerca de 330 deputados votar\u00e3o a favor da reforma da Previd\u00eancia na C\u00e2mara dos Deputados. Clique aqui para saber mais.","og_url":"https:\/\/www.suno.com.br\/noticias\/governo-preve-330-votos-reforma-previdencia\/","og_site_name":"Suno Not\u00edcias","article_publisher":"https:\/\/facebook.com\/sunoresearch","og_image":[{"width":1140,"height":760,"url":"https:\/\/files.sunoresearch.com.br\/n\/uploads\/2019\/01\/8eca80b5-onyx-lorenzoni.jpg","type":"image\/jpeg"}],"author":"Carlo Cauti","twitter_card":"summary_large_image","twitter_creator":"@sunoresearch","twitter_site":"@sunoresearch","twitter_misc":{"Escrito por":"Carlo Cauti","Est. tempo de leitura":"3 minutos"},"schema":{"@context":"https:\/\/schema.org","@graph":[{"@type":"NewsArticle","@id":"https:\/\/www.suno.com.br\/noticias\/governo-preve-330-votos-reforma-previdencia\/#article","isPartOf":{"@id":"https:\/\/www.suno.com.br\/noticias\/governo-preve-330-votos-reforma-previdencia\/"},"author":{"name":"Carlo Cauti","@id":"https:\/\/www.suno.com.br\/noticias\/#\/schema\/person\/e6e0f723cc177805027f4566c1d5e0c8"},"headline":"Governo prev\u00ea 330 votos na C\u00e2mara para reforma da Previd\u00eancia","datePublished":"2019-07-07T18:20:47+00:00","mainEntityOfPage":{"@id":"https:\/\/www.suno.com.br\/noticias\/governo-preve-330-votos-reforma-previdencia\/"},"wordCount":536,"publisher":{"@id":"https:\/\/www.suno.com.br\/noticias\/#organization"},"image":{"@id":"https:\/\/www.suno.com.br\/noticias\/governo-preve-330-votos-reforma-previdencia\/#primaryimage"},"thumbnailUrl":"https:\/\/files.sunoresearch.com.br\/n\/uploads\/2019\/01\/8eca80b5-onyx-lorenzoni-jpg.webp","keywords":["C\u00e2mara dos Deputados","Previd\u00eancia Social","Reforma da Previd\u00eancia"],"articleSection":["Pol\u00edtica"],"inLanguage":"pt-BR"},{"@type":"WebPage","@id":"https:\/\/www.suno.com.br\/noticias\/governo-preve-330-votos-reforma-previdencia\/","url":"https:\/\/www.suno.com.br\/noticias\/governo-preve-330-votos-reforma-previdencia\/","name":"Governo prev\u00ea 330 votos na C\u00e2mara para reforma da Previd\u00eancia","isPartOf":{"@id":"https:\/\/www.suno.com.br\/noticias\/#website"},"primaryImageOfPage":{"@id":"https:\/\/www.suno.com.br\/noticias\/governo-preve-330-votos-reforma-previdencia\/#primaryimage"},"image":{"@id":"https:\/\/www.suno.com.br\/noticias\/governo-preve-330-votos-reforma-previdencia\/#primaryimage"},"thumbnailUrl":"https:\/\/files.sunoresearch.com.br\/n\/uploads\/2019\/01\/8eca80b5-onyx-lorenzoni-jpg.webp","datePublished":"2019-07-07T18:20:47+00:00","description":"O governo prev\u00ea que cerca de 330 deputados votar\u00e3o a favor da reforma da Previd\u00eancia na C\u00e2mara dos Deputados. Clique aqui para saber mais.","breadcrumb":{"@id":"https:\/\/www.suno.com.br\/noticias\/governo-preve-330-votos-reforma-previdencia\/#breadcrumb"},"inLanguage":"pt-BR","potentialAction":[{"@type":"ReadAction","target":["https:\/\/www.suno.com.br\/noticias\/governo-preve-330-votos-reforma-previdencia\/"]}]},{"@type":"ImageObject","inLanguage":"pt-BR","@id":"https:\/\/www.suno.com.br\/noticias\/governo-preve-330-votos-reforma-previdencia\/#primaryimage","url":"https:\/\/files.sunoresearch.com.br\/n\/uploads\/2019\/01\/8eca80b5-onyx-lorenzoni-jpg.webp","contentUrl":"https:\/\/files.sunoresearch.com.br\/n\/uploads\/2019\/01\/8eca80b5-onyx-lorenzoni-jpg.webp","width":1140,"height":760,"caption":"Coronavoucher: pedidos feitos at\u00e9 o dia 26 ser\u00e3o avaliados at\u00e9 hoje"},{"@type":"BreadcrumbList","@id":"https:\/\/www.suno.com.br\/noticias\/governo-preve-330-votos-reforma-previdencia\/#breadcrumb","itemListElement":[{"@type":"ListItem","position":1,"name":"Not\u00edcias","item":"https:\/\/www.suno.com.br\/noticias\/"},{"@type":"ListItem","position":2,"name":"Pol\u00edtica","item":"https:\/\/www.suno.com.br\/noticias\/politica\/"},{"@type":"ListItem","position":3,"name":"Governo prev\u00ea 330 votos na C\u00e2mara para reforma da Previd\u00eancia"}]},{"@type":"WebSite","@id":"https:\/\/www.suno.com.br\/noticias\/#website","url":"https:\/\/www.suno.com.br\/noticias\/","name":"Suno Not\u00edcias","description":"Seu portal de informa\u00e7\u00e3o sobre o mundo dos investimentos","publisher":{"@id":"https:\/\/www.suno.com.br\/noticias\/#organization"},"potentialAction":[{"@type":"SearchAction","target":{"@type":"EntryPoint","urlTemplate":"https:\/\/www.suno.com.br\/noticias\/?s={search_term_string}"},"query-input":{"@type":"PropertyValueSpecification","valueRequired":true,"valueName":"search_term_string"}}],"inLanguage":"pt-BR"},{"@type":"Organization","@id":"https:\/\/www.suno.com.br\/noticias\/#organization","name":"Suno Not\u00edcias","url":"https:\/\/www.suno.com.br\/noticias\/","logo":{"@type":"ImageObject","inLanguage":"pt-BR","@id":"https:\/\/www.suno.com.br\/noticias\/#\/schema\/logo\/image\/","url":"https:\/\/files.sunoresearch.com.br\/n\/uploads\/2021\/09\/suno-logo.png","contentUrl":"https:\/\/files.sunoresearch.com.br\/n\/uploads\/2021\/09\/suno-logo.png","width":180,"height":180,"caption":"Suno Not\u00edcias"},"image":{"@id":"https:\/\/www.suno.com.br\/noticias\/#\/schema\/logo\/image\/"},"sameAs":["https:\/\/facebook.com\/sunoresearch","https:\/\/x.com\/sunoresearch","https:\/\/www.instagram.com\/suno","https:\/\/www.linkedin.com\/company\/suno-research\/","https:\/\/www.youtube.com\/c\/sunoresearch"]},{"@type":"Person","@id":"https:\/\/www.suno.com.br\/noticias\/#\/schema\/person\/e6e0f723cc177805027f4566c1d5e0c8","name":"Carlo Cauti","image":{"@type":"ImageObject","inLanguage":"pt-BR","@id":"https:\/\/www.suno.com.br\/noticias\/#\/schema\/person\/image\/","url":"https:\/\/secure.gravatar.com\/avatar\/3ada9e0bd164c23abd4792a9606d583c?s=96&r=g","contentUrl":"https:\/\/secure.gravatar.com\/avatar\/3ada9e0bd164c23abd4792a9606d583c?s=96&r=g","caption":"Carlo Cauti"},"description":"Editor multim\u00eddia do SUNO Not\u00edcias. Italiano, formado em Ci\u00eancias Pol\u00edticas pela universidade LUISS G. Carli de Roma e mestre cum laude em Rela\u00e7\u00f5es Internacionais, Jornalismo Internacional e de Guerra e em Economia Internacional. Concluiu tamb\u00e9m um MBA em Finan\u00e7as na B3. No Brasil, teve passagem por ve\u00edculos como Estad\u00e3o, Globo, Veja e EXAME. e nas ag\u00eancias de not\u00edcias italianas ANSA e NOVA.","url":"https:\/\/www.suno.com.br\/noticias\/author\/carlo-cauti\/"}]}},"default_loop_html":"<div class=\"cardsPage__listCard__boxs\"><div class=\"cardsPage__listCard__boxs__img\"><a href=\"https:\/\/www.suno.com.br\/noticias\/governo-preve-330-votos-reforma-previdencia\/\"><img class=\"mask\" src=\"https:\/\/www.suno.com.br\/noticias\/wp-content\/themes\/suno\/resources\/images\/spotlight\/spotlight1img\/bg-mask.png\" alt=\"Image Mask\"\/><img src=\"https:\/\/files.sunoresearch.com.br\/n\/uploads\/2019\/01\/8eca80b5-onyx-lorenzoni-400x200.webp\" alt=\"Governo prev\u00ea 330 votos na C\u00e2mara para reforma da Previd\u00eancia\"\/><\/a><span class=\"spotlightCategory\"><a href=\"https:\/\/www.suno.com.br\/noticias\/politica\/\">Pol\u00edtica<\/a><\/span><\/div><div class=\"cardsPage__listCard__boxs__content\"><a href=\"https:\/\/www.suno.com.br\/noticias\/governo-preve-330-votos-reforma-previdencia\/\"><h2 class=\"content__title\">Governo prev\u00ea 330 votos na C\u00e2mara para reforma da Previd\u00eancia<\/h2><\/a><div class=\"newsContent__article__meta\"><div class=\"newsContent__article__meta__authorBox\"><a href=\"https:\/\/www.suno.com.br\/noticias\/author\/carlo-cauti\/\" class=\"authorBox__avatar noMobi\"><img src=\"https:\/\/files.sunoresearch.com.br\/n\/uploads\/2020\/08\/e3745f9a-perfil-carlo-cauti-150x150.webp\" alt=\"Carlo Cauti\"><\/a><div class=\"authorBox__name\"><span>por\n\t\t\t<a href=\"https:\/\/www.suno.com.br\/noticias\/author\/carlo-cauti\/\"><span itemprop=\"author\">Carlo Cauti<\/span><\/a><\/span><time datetime=\"2019-07-07T15:20:47-03:00\" itemprop=\"datePublished\">07\/07\/2019 15:20<\/time><\/div><\/div><\/div><\/div><\/div>","single_layout":"posts","amp_enabled":true,"_links":{"self":[{"href":"https:\/\/www.suno.com.br\/noticias\/wp-json\/wp\/v2\/posts\/30325"}],"collection":[{"href":"https:\/\/www.suno.com.br\/noticias\/wp-json\/wp\/v2\/posts"}],"about":[{"href":"https:\/\/www.suno.com.br\/noticias\/wp-json\/wp\/v2\/types\/post"}],"author":[{"embeddable":true,"href":"https:\/\/www.suno.com.br\/noticias\/wp-json\/wp\/v2\/users\/9"}],"replies":[{"embeddable":true,"href":"https:\/\/www.suno.com.br\/noticias\/wp-json\/wp\/v2\/comments?post=30325"}],"version-history":[{"count":0,"href":"https:\/\/www.suno.com.br\/noticias\/wp-json\/wp\/v2\/posts\/30325\/revisions"}],"wp:featuredmedia":[{"embeddable":true,"href":"https:\/\/www.suno.com.br\/noticias\/wp-json\/wp\/v2\/media\/10703"}],"wp:attachment":[{"href":"https:\/\/www.suno.com.br\/noticias\/wp-json\/wp\/v2\/media?parent=30325"}],"wp:term":[{"taxonomy":"category","embeddable":true,"href":"https:\/\/www.suno.com.br\/noticias\/wp-json\/wp\/v2\/categories?post=30325"},{"taxonomy":"post_tag","embeddable":true,"href":"https:\/\/www.suno.com.br\/noticias\/wp-json\/wp\/v2\/tags?post=30325"},{"taxonomy":"suno_strategy","embeddable":true,"href":"https:\/\/www.suno.com.br\/noticias\/wp-json\/wp\/v2\/suno_strategy?post=30325"}],"curies":[{"name":"wp","href":"https:\/\/api.w.org\/{rel}","templated":true}]}}