{"id":303012,"date":"2022-09-29T11:49:32","date_gmt":"2022-09-29T14:49:32","guid":{"rendered":"https:\/\/www.suno.com.br\/noticias\/?p=303012"},"modified":"2022-09-29T11:49:32","modified_gmt":"2022-09-29T14:49:32","slug":"banco-inter-inbr31-deflacao-prejuizo","status":"publish","type":"post","link":"https:\/\/www.suno.com.br\/noticias\/banco-inter-inbr31-deflacao-prejuizo\/","title":{"rendered":"Banco Inter (INBR31) ter\u00e1 preju\u00edzo milion\u00e1rio com defla\u00e7\u00e3o, diz JPMorgan"},"content":{"rendered":"<p>Em revis\u00e3o de cen\u00e1rio sobre o <strong>Banco Inter<\/strong> (<a href=\"https:\/\/www.suno.com.br\/bdrs\/inbr31\/\">INBR31<\/a>) e por conta da defla\u00e7\u00e3o recente, os analistas do JPMorgan esperam um preju\u00edzo de R$ 30 milh\u00f5es no acumulado do terceiro trimestre deste ano. Antes, a proje\u00e7\u00e3o era de um lucro de R$ 55 milh\u00f5es.<\/p>\t<div class=\"wrapper-featured-image\">\n\t\t<figure class=\"spotlightImg\">\n\n\t\t\t<picture>\n\t\t\t\t<source media=\"(max-width: 768px)\" srcset=\"https:\/\/files.sunoresearch.com.br\/n\/uploads\/2022\/09\/cartoes-banco-inter-400x200.jpg\">\n\t\t\t\t<img loading=\"lazy\" decoding=\"async\" class=\"newsContent__article__imgCapa lazyloadDisabled \" src=\"https:\/\/files.sunoresearch.com.br\/n\/uploads\/2022\/09\/cartoes-banco-inter-800x450.jpg\" width=\"800\" height=\"450\" alt=\"Banco Inter (INBR31) ter\u00e1 preju\u00edzo milion\u00e1rio com defla\u00e7\u00e3o, diz JPMorgan\" fetchpriority=high \/>\n\t\t\t<\/picture>\n\n\t\t\t<figcaption class=\"wp-caption-text wp-caption-text--show\">Inter (INBR32). Foto: Divulga\u00e7\u00e3o<\/figcaption>\n\t\t<\/figure>\n\t<\/div>\n\n\n\t<p>\n\t\t<a href=\"\" target=\"_blank\" data-element=\"shortcode-suno-banner\" title=\"Banner SUNO, clique e saiba mais\">\n\t\t\t<picture>\n\t\t\t\t<source media=\"(max-width: 500px)\" srcset=\"\">\n\t\t\t\t<img class=\"newsContent__article__imgCapa newsContent__article__imgCapa--banner\"\n\t\t\t\t\tsrc=\"\"\n\t\t\t\t\tdata-promo-id=\"240038\"\t\t\t\t\t\t\t\t\t\t\t\t\t\t\talt=\"\"\n\t\t\t\t>\n\t\t\t<\/picture>\n\t\t<\/a>\n\t<\/p>\n\n\n<p>Com isso, o pre\u00e7o-alvo para os <strong><a class=\"suno-keyword\" href=\"https:\/\/www.suno.com.br\/bdrs\/\" target=\"_blank\" rel=\"noopener\" data-force=\"yes\" data-priority=\"2\">BDRs<\/a> do Banco Inter<\/strong> \u00e9 de R$ 41, R$ 3 a menos do que no \u00faltimo parecer da casa. Vale lembrar, contudo, que s\u00e3o mais de 110% a mais do que a cota\u00e7\u00e3o atual dos pap\u00e9is na B3.<\/p>\n<p><strong>Segundo o JPMorgan<\/strong> o Inter deve ser <a href=\"https:\/\/www.suno.com.br\/noticias\/colunas\/van-moorsel\/como-a-deflacao-impacta-a-renda-fixa\/\">desfavorecido pela defla\u00e7\u00e3o<\/a> j\u00e1 que tinha uma carteira de aplica\u00e7\u00f5es com R$ 12,7 bilh\u00f5es, dos quais cerca de R$ 4,3 bilh\u00f5es est\u00e3o em t\u00edtulos de\u00a0<strong>Renda Fixa<\/strong> do tesouro nacional.<\/p>\n<p>Com isso, a estimativa \u00e9 que o banco sofra um impacto de R$ 150 milh\u00f5es na sua \u00faltima linha do balan\u00e7o. As estimativas s\u00e3o de 33% da carteira em <a class=\"suno-keyword\" href=\"https:\/\/www.suno.com.br\/artigos\/titulos-publicos\/\" target=\"_blank\" rel=\"noopener\" data-force=\"no\" data-priority=\"1\">t\u00edtulos p\u00fablicos<\/a> e 10% diretamente atrelados \u00e0 infla\u00e7\u00e3o.<\/p>\n<p>\u201cAssumindo que o Inter n\u00e3o ter\u00e1 nenhum benef\u00edcio de hedge, poder\u00edamos ver um vento contr\u00e1rio de R$ 150 milh\u00f5es (com os ganhos de R$ 90 milh\u00f5es do segundo trimestre com a alta de 2,2% do IPCA passando para uma perda de R$ 60 milh\u00f5es por conta da defla\u00e7\u00e3o de 1,4%)&#8221;, diz o banco.<\/p>\n<p>Mesmo assim, a recomenda\u00e7\u00e3o de compra foi mantida para os pap\u00e9is <strong>INBR31<\/strong>.<\/p>\n<p>&#8220;N\u00f3s mantemos nossa recomenda\u00e7\u00e3o de compra, apesar de estarmos desapontados com mais um potencial atraso na monetiza\u00e7\u00e3o. Em teoria, a infla\u00e7\u00e3o mais baixa deveria ser positiva para nomes de crescimento, mas este pode n\u00e3o ser o caso, dado o ALM [asset liability management, o gerenciamento de ativos e passivos da empresa]&#8221;, diz relat\u00f3rio do banco.<\/p>\n<p>Segundo um levantamento do Banco Central, o Inter tamb\u00e9m somava R$ 1,7 bilh\u00e3o em empr\u00e9stimos <a href=\"https:\/\/www.suno.com.br\/guias\/ipca\/\"><strong>atrelados ao IPCA<\/strong><\/a> no fim de 2021 &#8211; carteira que saltou 10% nos primeiros seis meses de 2022.<\/p>\n<p>\u201cAssumindo um ritmo de crescimento similar, a exposi\u00e7\u00e3o atual poderia estar em torno de R$ 1,85 bilh\u00e3o. Isso significa cerca de 10% dos empr\u00e9stimos do Inter, bem acima da m\u00e9dia da ind\u00fastria de 1,5%,\u201d diz o JPMorgan.<\/p>\n\t<p>\n\t\t<a href=\"\" target=\"_blank\" data-element=\"shortcode-suno-banner\" title=\"Banner SUNO, clique e saiba mais\">\n\t\t\t<picture>\n\t\t\t\t<source media=\"(max-width: 500px)\" srcset=\"\">\n\t\t\t\t<img class=\"newsContent__article__imgCapa newsContent__article__imgCapa--banner\"\n\t\t\t\t\tsrc=\"\"\n\t\t\t\t\tdata-promo-id=\"274968\"\t\t\t\t\t\t\t\t\t\t\t\t\t\t\talt=\"\"\n\t\t\t\t>\n\t\t\t<\/picture>\n\t\t<\/a>\n\t<\/p>\n\n\n<h2>Selic mais alta deve beneficiar Banco Inter<\/h2>\n<p>Contudo, os analistas destacaram que, do lado positivo, a <a href=\"https:\/\/www.suno.com.br\/artigos\/taxa-selic\">Selic mais alta deve beneficiar o banco<\/a>.<\/p>\n<p>Com a reprecifica\u00e7\u00e3o dos cart\u00f5es de cr\u00e9dito, o pr\u00f3ximo\u00a0<strong>resultado trimestral do Banco Inter<\/strong> pode mostrar um impacto positivo de cerca de R$ 100 milh\u00f5es.<\/p>\n<p>Os analistas, neste cen\u00e1rio, estimam de uma queda de 11% no NII \u2014 o <a class=\"suno-keyword\" href=\"https:\/\/www.suno.com.br\/artigos\/spread\/\" target=\"_blank\" rel=\"noopener\" data-force=\"no\" data-priority=\"1\">spread banc\u00e1rio<\/a>.<\/p>\n<p>\u201cContinuamos otimistas com o <strong>Banco Inter<\/strong>, ainda que estejamos desapontados com outro potencial adiamento na monetiza\u00e7\u00e3o&#8221;.<\/p>\n\t<p>\n\t\t<a href=\"https:\/\/lp.suno.com.br\/planilha-controle-gastos\/\" target=\"_blank\" data-element=\"shortcode-suno-banner\" title=\"Banner SUNO, clique e saiba mais\">\n\t\t\t<picture>\n\t\t\t\t<source media=\"(max-width: 500px)\" srcset=\"https:\/\/files.sunoresearch.com.br\/n\/uploads\/2023\/03\/400x300-Planilha-controle-de-gastos.png\">\n\t\t\t\t<img class=\"newsContent__article__imgCapa newsContent__article__imgCapa--banner\"\n\t\t\t\t\tsrc=\"https:\/\/files.sunoresearch.com.br\/n\/uploads\/2023\/03\/1420x240-Planilha-controle-de-gastos.png\"\n\t\t\t\t\tdata-promo-id=\"101751\"\t\t\t\t\t\t\t\t\t\twidth='1420' height='240'\t\t\t\t\talt=\"https:\/\/files.sunoresearch.com.br\/n\/uploads\/2023\/03\/1420x240-Planilha-controle-de-gastos.png\"\n\t\t\t\t>\n\t\t\t<\/picture>\n\t\t<\/a>\n\t<\/p>\n\n\n","protected":false},"excerpt":{"rendered":"<p>Em revis\u00e3o de cen\u00e1rio sobre o Banco Inter (INBR31) e por conta da defla\u00e7\u00e3o recente, os analistas do JPMorgan esperam um preju\u00edzo de R$ 30 milh\u00f5es no acumulado do terceiro trimestre deste ano. Antes, a proje\u00e7\u00e3o era de um lucro de R$ 55 milh\u00f5es. Inter (INBR32). Foto: Divulga\u00e7\u00e3o Com isso, o pre\u00e7o-alvo para os BDRs [&hellip;]<\/p>\n","protected":false},"author":73,"featured_media":301181,"comment_status":"closed","ping_status":"closed","sticky":false,"template":"","format":"standard","meta":[],"categories":[64],"tags":[106764,369,106187],"suno_strategy":[],"class_list":["post-303012","post","type-post","status-publish","format-standard","has-post-thumbnail","hentry","category-negocios","tag-banco-inter-bidi11","tag-banco-inter-bidi11-bidi4-bidi3","tag-jp-morgan"],"yoast_head":"<!-- This site is optimized with the Yoast SEO plugin v24.4 - https:\/\/yoast.com\/wordpress\/plugins\/seo\/ -->\n<title>Banco Inter (INBR31) ter\u00e1 preju\u00edzo milion\u00e1rio com defla\u00e7\u00e3o, diz JPMorgan<\/title>\n<meta name=\"description\" content=\"Segundo analistas do JPMorgan, carteira do Banco Inter que est\u00e1 atrelada ao IPCA impactar\u00e1 pr\u00f3ximo resultado financeiro. Clique e confira!\" \/>\n<meta name=\"robots\" content=\"index, follow, max-snippet:-1, max-image-preview:large, max-video-preview:-1\" \/>\n<link rel=\"canonical\" href=\"https:\/\/www.suno.com.br\/noticias\/banco-inter-inbr31-deflacao-prejuizo\/\" \/>\n<meta property=\"og:locale\" content=\"pt_BR\" \/>\n<meta property=\"og:type\" content=\"article\" \/>\n<meta property=\"og:title\" content=\"Banco Inter (INBR31) ter\u00e1 preju\u00edzo milion\u00e1rio com defla\u00e7\u00e3o, diz JPMorgan\" \/>\n<meta property=\"og:description\" content=\"Segundo analistas do JPMorgan, carteira do Banco Inter que est\u00e1 atrelada ao IPCA impactar\u00e1 pr\u00f3ximo resultado financeiro. Clique e confira!\" \/>\n<meta property=\"og:url\" content=\"https:\/\/www.suno.com.br\/noticias\/banco-inter-inbr31-deflacao-prejuizo\/\" \/>\n<meta property=\"og:site_name\" content=\"Suno Not\u00edcias\" \/>\n<meta property=\"article:publisher\" content=\"https:\/\/facebook.com\/sunoresearch\" \/>\n<meta property=\"og:image\" content=\"https:\/\/files.sunoresearch.com.br\/n\/uploads\/2022\/09\/cartoes-banco-inter.jpg\" \/>\n\t<meta property=\"og:image:width\" content=\"1280\" \/>\n\t<meta property=\"og:image:height\" content=\"720\" \/>\n\t<meta property=\"og:image:type\" content=\"image\/jpeg\" \/>\n<meta name=\"author\" content=\"Eduardo Vargas\" \/>\n<meta name=\"twitter:card\" content=\"summary_large_image\" \/>\n<meta name=\"twitter:creator\" content=\"@sunoresearch\" \/>\n<meta name=\"twitter:site\" content=\"@sunoresearch\" \/>\n<meta name=\"twitter:label1\" content=\"Escrito por\" \/>\n\t<meta name=\"twitter:data1\" content=\"Eduardo Vargas\" \/>\n\t<meta name=\"twitter:label2\" content=\"Est. tempo de leitura\" \/>\n\t<meta name=\"twitter:data2\" content=\"3 minutos\" \/>\n<script type=\"application\/ld+json\" class=\"yoast-schema-graph\">{\"@context\":\"https:\/\/schema.org\",\"@graph\":[{\"@type\":\"NewsArticle\",\"@id\":\"https:\/\/www.suno.com.br\/noticias\/banco-inter-inbr31-deflacao-prejuizo\/#article\",\"isPartOf\":{\"@id\":\"https:\/\/www.suno.com.br\/noticias\/banco-inter-inbr31-deflacao-prejuizo\/\"},\"author\":{\"name\":\"Eduardo Vargas\",\"@id\":\"https:\/\/www.suno.com.br\/noticias\/#\/schema\/person\/7f4d362bf3518e76090143ae77bb49a5\"},\"headline\":\"Banco Inter (INBR31) ter\u00e1 preju\u00edzo milion\u00e1rio com defla\u00e7\u00e3o, diz JPMorgan\",\"datePublished\":\"2022-09-29T14:49:32+00:00\",\"mainEntityOfPage\":{\"@id\":\"https:\/\/www.suno.com.br\/noticias\/banco-inter-inbr31-deflacao-prejuizo\/\"},\"wordCount\":481,\"publisher\":{\"@id\":\"https:\/\/www.suno.com.br\/noticias\/#organization\"},\"image\":{\"@id\":\"https:\/\/www.suno.com.br\/noticias\/banco-inter-inbr31-deflacao-prejuizo\/#primaryimage\"},\"thumbnailUrl\":\"https:\/\/files.sunoresearch.com.br\/n\/uploads\/2022\/09\/cartoes-banco-inter.jpg\",\"keywords\":[\"Banco Inter (BIDI11)\",\"Banco Inter (BIDI11\/BIDI4\/BIDI3)\",\"JP Morgan\"],\"articleSection\":[\"Neg\u00f3cios\"],\"inLanguage\":\"pt-BR\"},{\"@type\":\"WebPage\",\"@id\":\"https:\/\/www.suno.com.br\/noticias\/banco-inter-inbr31-deflacao-prejuizo\/\",\"url\":\"https:\/\/www.suno.com.br\/noticias\/banco-inter-inbr31-deflacao-prejuizo\/\",\"name\":\"Banco Inter (INBR31) ter\u00e1 preju\u00edzo milion\u00e1rio com defla\u00e7\u00e3o, diz JPMorgan\",\"isPartOf\":{\"@id\":\"https:\/\/www.suno.com.br\/noticias\/#website\"},\"primaryImageOfPage\":{\"@id\":\"https:\/\/www.suno.com.br\/noticias\/banco-inter-inbr31-deflacao-prejuizo\/#primaryimage\"},\"image\":{\"@id\":\"https:\/\/www.suno.com.br\/noticias\/banco-inter-inbr31-deflacao-prejuizo\/#primaryimage\"},\"thumbnailUrl\":\"https:\/\/files.sunoresearch.com.br\/n\/uploads\/2022\/09\/cartoes-banco-inter.jpg\",\"datePublished\":\"2022-09-29T14:49:32+00:00\",\"description\":\"Segundo analistas do JPMorgan, carteira do Banco Inter que est\u00e1 atrelada ao IPCA impactar\u00e1 pr\u00f3ximo resultado financeiro. Clique e confira!\",\"breadcrumb\":{\"@id\":\"https:\/\/www.suno.com.br\/noticias\/banco-inter-inbr31-deflacao-prejuizo\/#breadcrumb\"},\"inLanguage\":\"pt-BR\",\"potentialAction\":[{\"@type\":\"ReadAction\",\"target\":[\"https:\/\/www.suno.com.br\/noticias\/banco-inter-inbr31-deflacao-prejuizo\/\"]}]},{\"@type\":\"ImageObject\",\"inLanguage\":\"pt-BR\",\"@id\":\"https:\/\/www.suno.com.br\/noticias\/banco-inter-inbr31-deflacao-prejuizo\/#primaryimage\",\"url\":\"https:\/\/files.sunoresearch.com.br\/n\/uploads\/2022\/09\/cartoes-banco-inter.jpg\",\"contentUrl\":\"https:\/\/files.sunoresearch.com.br\/n\/uploads\/2022\/09\/cartoes-banco-inter.jpg\",\"width\":1280,\"height\":720,\"caption\":\"Inter (INBR32). Foto: Divulga\u00e7\u00e3o\"},{\"@type\":\"BreadcrumbList\",\"@id\":\"https:\/\/www.suno.com.br\/noticias\/banco-inter-inbr31-deflacao-prejuizo\/#breadcrumb\",\"itemListElement\":[{\"@type\":\"ListItem\",\"position\":1,\"name\":\"Not\u00edcias\",\"item\":\"https:\/\/www.suno.com.br\/noticias\/\"},{\"@type\":\"ListItem\",\"position\":2,\"name\":\"Neg\u00f3cios\",\"item\":\"https:\/\/www.suno.com.br\/noticias\/negocios\/\"},{\"@type\":\"ListItem\",\"position\":3,\"name\":\"Banco Inter (INBR31) ter\u00e1 preju\u00edzo milion\u00e1rio com defla\u00e7\u00e3o, diz JPMorgan\"}]},{\"@type\":\"WebSite\",\"@id\":\"https:\/\/www.suno.com.br\/noticias\/#website\",\"url\":\"https:\/\/www.suno.com.br\/noticias\/\",\"name\":\"Suno Not\u00edcias\",\"description\":\"Seu portal de informa\u00e7\u00e3o sobre o mundo dos investimentos\",\"publisher\":{\"@id\":\"https:\/\/www.suno.com.br\/noticias\/#organization\"},\"potentialAction\":[{\"@type\":\"SearchAction\",\"target\":{\"@type\":\"EntryPoint\",\"urlTemplate\":\"https:\/\/www.suno.com.br\/noticias\/?s={search_term_string}\"},\"query-input\":{\"@type\":\"PropertyValueSpecification\",\"valueRequired\":true,\"valueName\":\"search_term_string\"}}],\"inLanguage\":\"pt-BR\"},{\"@type\":\"Organization\",\"@id\":\"https:\/\/www.suno.com.br\/noticias\/#organization\",\"name\":\"Suno Not\u00edcias\",\"url\":\"https:\/\/www.suno.com.br\/noticias\/\",\"logo\":{\"@type\":\"ImageObject\",\"inLanguage\":\"pt-BR\",\"@id\":\"https:\/\/www.suno.com.br\/noticias\/#\/schema\/logo\/image\/\",\"url\":\"https:\/\/files.sunoresearch.com.br\/n\/uploads\/2021\/09\/suno-logo.png\",\"contentUrl\":\"https:\/\/files.sunoresearch.com.br\/n\/uploads\/2021\/09\/suno-logo.png\",\"width\":180,\"height\":180,\"caption\":\"Suno Not\u00edcias\"},\"image\":{\"@id\":\"https:\/\/www.suno.com.br\/noticias\/#\/schema\/logo\/image\/\"},\"sameAs\":[\"https:\/\/facebook.com\/sunoresearch\",\"https:\/\/x.com\/sunoresearch\",\"https:\/\/www.instagram.com\/suno\",\"https:\/\/www.linkedin.com\/company\/suno-research\/\",\"https:\/\/www.youtube.com\/c\/sunoresearch\"]},{\"@type\":\"Person\",\"@id\":\"https:\/\/www.suno.com.br\/noticias\/#\/schema\/person\/7f4d362bf3518e76090143ae77bb49a5\",\"name\":\"Eduardo Vargas\",\"image\":{\"@type\":\"ImageObject\",\"inLanguage\":\"pt-BR\",\"@id\":\"https:\/\/www.suno.com.br\/noticias\/#\/schema\/person\/image\/\",\"url\":\"https:\/\/secure.gravatar.com\/avatar\/dac340933427a22924c9f99d1eb2e3f2?s=96&r=g\",\"contentUrl\":\"https:\/\/secure.gravatar.com\/avatar\/dac340933427a22924c9f99d1eb2e3f2?s=96&r=g\",\"caption\":\"Eduardo Vargas\"},\"description\":\"Jornalista formado pela UFSC, cobre macroeconomia, neg\u00f3cios e startups para o Suno Not\u00edcias, escrevendo principalmente not\u00edcias sobre o mercado financeiro e a bolsa de valores. No YouTube e no Instagram, \u00e9 respons\u00e1vel pela produ\u00e7\u00e3o de Reels e Shorts do Suno Not\u00edcias. Anteriormente, trabalhou cobrindo economia e cotidiano no ND+ e para o ND, maior jornal impresso de Santa Catarina. Cursou um semestre letivo de Estudos de M\u00eddia na Universidad de Buenos Aires.\",\"url\":\"https:\/\/www.suno.com.br\/noticias\/author\/eduardo-vargas\/\"}]}<\/script>\n<!-- \/ Yoast SEO plugin. -->","yoast_head_json":{"title":"Banco Inter (INBR31) ter\u00e1 preju\u00edzo milion\u00e1rio com defla\u00e7\u00e3o, diz JPMorgan","description":"Segundo analistas do JPMorgan, carteira do Banco Inter que est\u00e1 atrelada ao IPCA impactar\u00e1 pr\u00f3ximo resultado financeiro. Clique e confira!","robots":{"index":"index","follow":"follow","max-snippet":"max-snippet:-1","max-image-preview":"max-image-preview:large","max-video-preview":"max-video-preview:-1"},"canonical":"https:\/\/www.suno.com.br\/noticias\/banco-inter-inbr31-deflacao-prejuizo\/","og_locale":"pt_BR","og_type":"article","og_title":"Banco Inter (INBR31) ter\u00e1 preju\u00edzo milion\u00e1rio com defla\u00e7\u00e3o, diz JPMorgan","og_description":"Segundo analistas do JPMorgan, carteira do Banco Inter que est\u00e1 atrelada ao IPCA impactar\u00e1 pr\u00f3ximo resultado financeiro. Clique e confira!","og_url":"https:\/\/www.suno.com.br\/noticias\/banco-inter-inbr31-deflacao-prejuizo\/","og_site_name":"Suno Not\u00edcias","article_publisher":"https:\/\/facebook.com\/sunoresearch","og_image":[{"width":1280,"height":720,"url":"https:\/\/files.sunoresearch.com.br\/n\/uploads\/2022\/09\/cartoes-banco-inter.jpg","type":"image\/jpeg"}],"author":"Eduardo Vargas","twitter_card":"summary_large_image","twitter_creator":"@sunoresearch","twitter_site":"@sunoresearch","twitter_misc":{"Escrito por":"Eduardo Vargas","Est. tempo de leitura":"3 minutos"},"schema":{"@context":"https:\/\/schema.org","@graph":[{"@type":"NewsArticle","@id":"https:\/\/www.suno.com.br\/noticias\/banco-inter-inbr31-deflacao-prejuizo\/#article","isPartOf":{"@id":"https:\/\/www.suno.com.br\/noticias\/banco-inter-inbr31-deflacao-prejuizo\/"},"author":{"name":"Eduardo Vargas","@id":"https:\/\/www.suno.com.br\/noticias\/#\/schema\/person\/7f4d362bf3518e76090143ae77bb49a5"},"headline":"Banco Inter (INBR31) ter\u00e1 preju\u00edzo milion\u00e1rio com defla\u00e7\u00e3o, diz JPMorgan","datePublished":"2022-09-29T14:49:32+00:00","mainEntityOfPage":{"@id":"https:\/\/www.suno.com.br\/noticias\/banco-inter-inbr31-deflacao-prejuizo\/"},"wordCount":481,"publisher":{"@id":"https:\/\/www.suno.com.br\/noticias\/#organization"},"image":{"@id":"https:\/\/www.suno.com.br\/noticias\/banco-inter-inbr31-deflacao-prejuizo\/#primaryimage"},"thumbnailUrl":"https:\/\/files.sunoresearch.com.br\/n\/uploads\/2022\/09\/cartoes-banco-inter.jpg","keywords":["Banco Inter (BIDI11)","Banco Inter (BIDI11\/BIDI4\/BIDI3)","JP Morgan"],"articleSection":["Neg\u00f3cios"],"inLanguage":"pt-BR"},{"@type":"WebPage","@id":"https:\/\/www.suno.com.br\/noticias\/banco-inter-inbr31-deflacao-prejuizo\/","url":"https:\/\/www.suno.com.br\/noticias\/banco-inter-inbr31-deflacao-prejuizo\/","name":"Banco Inter (INBR31) ter\u00e1 preju\u00edzo milion\u00e1rio com defla\u00e7\u00e3o, diz JPMorgan","isPartOf":{"@id":"https:\/\/www.suno.com.br\/noticias\/#website"},"primaryImageOfPage":{"@id":"https:\/\/www.suno.com.br\/noticias\/banco-inter-inbr31-deflacao-prejuizo\/#primaryimage"},"image":{"@id":"https:\/\/www.suno.com.br\/noticias\/banco-inter-inbr31-deflacao-prejuizo\/#primaryimage"},"thumbnailUrl":"https:\/\/files.sunoresearch.com.br\/n\/uploads\/2022\/09\/cartoes-banco-inter.jpg","datePublished":"2022-09-29T14:49:32+00:00","description":"Segundo analistas do JPMorgan, carteira do Banco Inter que est\u00e1 atrelada ao IPCA impactar\u00e1 pr\u00f3ximo resultado financeiro. Clique e confira!","breadcrumb":{"@id":"https:\/\/www.suno.com.br\/noticias\/banco-inter-inbr31-deflacao-prejuizo\/#breadcrumb"},"inLanguage":"pt-BR","potentialAction":[{"@type":"ReadAction","target":["https:\/\/www.suno.com.br\/noticias\/banco-inter-inbr31-deflacao-prejuizo\/"]}]},{"@type":"ImageObject","inLanguage":"pt-BR","@id":"https:\/\/www.suno.com.br\/noticias\/banco-inter-inbr31-deflacao-prejuizo\/#primaryimage","url":"https:\/\/files.sunoresearch.com.br\/n\/uploads\/2022\/09\/cartoes-banco-inter.jpg","contentUrl":"https:\/\/files.sunoresearch.com.br\/n\/uploads\/2022\/09\/cartoes-banco-inter.jpg","width":1280,"height":720,"caption":"Inter (INBR32). Foto: Divulga\u00e7\u00e3o"},{"@type":"BreadcrumbList","@id":"https:\/\/www.suno.com.br\/noticias\/banco-inter-inbr31-deflacao-prejuizo\/#breadcrumb","itemListElement":[{"@type":"ListItem","position":1,"name":"Not\u00edcias","item":"https:\/\/www.suno.com.br\/noticias\/"},{"@type":"ListItem","position":2,"name":"Neg\u00f3cios","item":"https:\/\/www.suno.com.br\/noticias\/negocios\/"},{"@type":"ListItem","position":3,"name":"Banco Inter (INBR31) ter\u00e1 preju\u00edzo milion\u00e1rio com defla\u00e7\u00e3o, diz JPMorgan"}]},{"@type":"WebSite","@id":"https:\/\/www.suno.com.br\/noticias\/#website","url":"https:\/\/www.suno.com.br\/noticias\/","name":"Suno Not\u00edcias","description":"Seu portal de informa\u00e7\u00e3o sobre o mundo dos investimentos","publisher":{"@id":"https:\/\/www.suno.com.br\/noticias\/#organization"},"potentialAction":[{"@type":"SearchAction","target":{"@type":"EntryPoint","urlTemplate":"https:\/\/www.suno.com.br\/noticias\/?s={search_term_string}"},"query-input":{"@type":"PropertyValueSpecification","valueRequired":true,"valueName":"search_term_string"}}],"inLanguage":"pt-BR"},{"@type":"Organization","@id":"https:\/\/www.suno.com.br\/noticias\/#organization","name":"Suno Not\u00edcias","url":"https:\/\/www.suno.com.br\/noticias\/","logo":{"@type":"ImageObject","inLanguage":"pt-BR","@id":"https:\/\/www.suno.com.br\/noticias\/#\/schema\/logo\/image\/","url":"https:\/\/files.sunoresearch.com.br\/n\/uploads\/2021\/09\/suno-logo.png","contentUrl":"https:\/\/files.sunoresearch.com.br\/n\/uploads\/2021\/09\/suno-logo.png","width":180,"height":180,"caption":"Suno Not\u00edcias"},"image":{"@id":"https:\/\/www.suno.com.br\/noticias\/#\/schema\/logo\/image\/"},"sameAs":["https:\/\/facebook.com\/sunoresearch","https:\/\/x.com\/sunoresearch","https:\/\/www.instagram.com\/suno","https:\/\/www.linkedin.com\/company\/suno-research\/","https:\/\/www.youtube.com\/c\/sunoresearch"]},{"@type":"Person","@id":"https:\/\/www.suno.com.br\/noticias\/#\/schema\/person\/7f4d362bf3518e76090143ae77bb49a5","name":"Eduardo Vargas","image":{"@type":"ImageObject","inLanguage":"pt-BR","@id":"https:\/\/www.suno.com.br\/noticias\/#\/schema\/person\/image\/","url":"https:\/\/secure.gravatar.com\/avatar\/dac340933427a22924c9f99d1eb2e3f2?s=96&r=g","contentUrl":"https:\/\/secure.gravatar.com\/avatar\/dac340933427a22924c9f99d1eb2e3f2?s=96&r=g","caption":"Eduardo Vargas"},"description":"Jornalista formado pela UFSC, cobre macroeconomia, neg\u00f3cios e startups para o Suno Not\u00edcias, escrevendo principalmente not\u00edcias sobre o mercado financeiro e a bolsa de valores. No YouTube e no Instagram, \u00e9 respons\u00e1vel pela produ\u00e7\u00e3o de Reels e Shorts do Suno Not\u00edcias. Anteriormente, trabalhou cobrindo economia e cotidiano no ND+ e para o ND, maior jornal impresso de Santa Catarina. Cursou um semestre letivo de Estudos de M\u00eddia na Universidad de Buenos Aires.","url":"https:\/\/www.suno.com.br\/noticias\/author\/eduardo-vargas\/"}]}},"default_loop_html":"<div class=\"cardsPage__listCard__boxs\"><div class=\"cardsPage__listCard__boxs__img\"><a href=\"https:\/\/www.suno.com.br\/noticias\/banco-inter-inbr31-deflacao-prejuizo\/\"><img class=\"mask\" src=\"https:\/\/www.suno.com.br\/noticias\/wp-content\/themes\/suno\/resources\/images\/spotlight\/spotlight1img\/bg-mask.png\" alt=\"Image Mask\"\/><img src=\"https:\/\/files.sunoresearch.com.br\/n\/uploads\/2022\/09\/cartoes-banco-inter-400x200.jpg\" alt=\"Banco Inter (INBR31) ter\u00e1 preju\u00edzo milion\u00e1rio com defla\u00e7\u00e3o, diz JPMorgan\"\/><\/a><span class=\"spotlightCategory\"><a href=\"https:\/\/www.suno.com.br\/noticias\/negocios\/\">Neg\u00f3cios<\/a><\/span><\/div><div class=\"cardsPage__listCard__boxs__content\"><a href=\"https:\/\/www.suno.com.br\/noticias\/banco-inter-inbr31-deflacao-prejuizo\/\"><h2 class=\"content__title\">Banco Inter (INBR31) ter\u00e1 preju\u00edzo milion\u00e1rio com defla\u00e7\u00e3o, diz JPMorgan<\/h2><\/a><div class=\"newsContent__article__meta\"><div class=\"newsContent__article__meta__authorBox\"><a href=\"https:\/\/www.suno.com.br\/noticias\/author\/eduardo-vargas\/\" class=\"authorBox__avatar noMobi\"><img src=\"https:\/\/secure.gravatar.com\/avatar\/dac340933427a22924c9f99d1eb2e3f2?s=96&#038;r=g\" alt=\"Eduardo Vargas\"><\/a><div class=\"authorBox__name\"><span>por\n\t\t\t<a href=\"https:\/\/www.suno.com.br\/noticias\/author\/eduardo-vargas\/\"><span itemprop=\"author\">Eduardo Vargas<\/span><\/a><\/span><time datetime=\"2022-09-29T11:49:32-03:00\" itemprop=\"datePublished\">29\/09\/2022 11:49<\/time><\/div><\/div><\/div><\/div><\/div>","single_layout":"posts","amp_enabled":true,"_links":{"self":[{"href":"https:\/\/www.suno.com.br\/noticias\/wp-json\/wp\/v2\/posts\/303012"}],"collection":[{"href":"https:\/\/www.suno.com.br\/noticias\/wp-json\/wp\/v2\/posts"}],"about":[{"href":"https:\/\/www.suno.com.br\/noticias\/wp-json\/wp\/v2\/types\/post"}],"author":[{"embeddable":true,"href":"https:\/\/www.suno.com.br\/noticias\/wp-json\/wp\/v2\/users\/73"}],"replies":[{"embeddable":true,"href":"https:\/\/www.suno.com.br\/noticias\/wp-json\/wp\/v2\/comments?post=303012"}],"version-history":[{"count":3,"href":"https:\/\/www.suno.com.br\/noticias\/wp-json\/wp\/v2\/posts\/303012\/revisions"}],"predecessor-version":[{"id":310965,"href":"https:\/\/www.suno.com.br\/noticias\/wp-json\/wp\/v2\/posts\/303012\/revisions\/310965"}],"wp:featuredmedia":[{"embeddable":true,"href":"https:\/\/www.suno.com.br\/noticias\/wp-json\/wp\/v2\/media\/301181"}],"wp:attachment":[{"href":"https:\/\/www.suno.com.br\/noticias\/wp-json\/wp\/v2\/media?parent=303012"}],"wp:term":[{"taxonomy":"category","embeddable":true,"href":"https:\/\/www.suno.com.br\/noticias\/wp-json\/wp\/v2\/categories?post=303012"},{"taxonomy":"post_tag","embeddable":true,"href":"https:\/\/www.suno.com.br\/noticias\/wp-json\/wp\/v2\/tags?post=303012"},{"taxonomy":"suno_strategy","embeddable":true,"href":"https:\/\/www.suno.com.br\/noticias\/wp-json\/wp\/v2\/suno_strategy?post=303012"}],"curies":[{"name":"wp","href":"https:\/\/api.w.org\/{rel}","templated":true}]}}