{"id":302763,"date":"2022-09-29T08:00:31","date_gmt":"2022-09-29T11:00:31","guid":{"rendered":"https:\/\/www.suno.com.br\/noticias\/?p=302763"},"modified":"2022-09-28T20:28:33","modified_gmt":"2022-09-28T23:28:33","slug":"eleicoes-ibovespa-acoes-lula-bolsonaro","status":"publish","type":"post","link":"https:\/\/www.suno.com.br\/noticias\/eleicoes-ibovespa-acoes-lula-bolsonaro\/","title":{"rendered":"Elei\u00e7\u00f5es 2022: Veja quais a\u00e7\u00f5es sobem ou caem com Lula e Bolsonaro"},"content":{"rendered":"<p>Com <strong>elei\u00e7\u00f5es<\/strong> batendo \u00e0 porta, analistas divergem sobre o risco de comprar e vender a\u00e7\u00f5es em meio \u00e0 volatilidade do per\u00edodo. Contudo, h\u00e1 d\u00favidas sobre quais setores saem ganhando com a elei\u00e7\u00e3o de <a href=\"https:\/\/www.suno.com.br\/noticias\/agro-apos-eleicoes-candidatos-propostas\/\">algum dos candidatos<\/a>.<\/p><div class=\"videoFull \">\n\t\t\t<div class=\"videoWrapper yt-lazyload center\"\n\t\t\t\tdata-width=\"960\"\n\t\t\t\tdata-height=\"540\"\n\t\t\t\tdata-id=\"61GdNIXGXfI\"\n\t\t\t\tdata-alt=\"V\u00eddeo do YouTube - clique para reproduzir\"\n\t\t\t\tdata-logo=\"3\"\n\t\t\t\tdata-imagequality=\"maxres\">\n\t\t\t<\/div>\n\t\t<\/div><script type=\"application\/ld+json\">{\"@context\":\"https:\/\/schema.org\",\"@type\":\"VideoObject\",\"name\":\"Por que o Ibovespa demorou a cair em rela\u00e7\u00e3o \u00e0s bolsas mundiais?\u00a0Entenda.\",\"description\":\"#Not\u00edciasdoDia #Not\u00edcias INSCREVA-SE NO CANAL E ATIVE O SINO \ud83d\udc47 https:\/\/bit.ly\/INSCREVA-SEATIVEOSINO \ud83e\udd29Quer ter a receita da Suno para ter sucesso a investir? \ud83d\ude80O curso No Alvo \u00e9 para voc\u00ea! S\u00e3o nove m\u00f3dulos para te levar ao sucesso. \ud83d\udea8Quem aproveitar a oferta ir\u00e1 ganhar 1 ano da SUNO PREMIUM, a assinatura mais vendida. ADQUIRA J\u00c1! \ud83d\udc49\u2026\",\"duration\":\"PT3M13S\",\"embedUrl\":\"https:\/\/www.youtube.com\/embed\/61GdNIXGXfI\",\"regionsAllowed\":\"pt-BR\",\"interactionStatistic\":{\"@type\":\"InteractionCounter\",\"interactionType\":{\"@type\":\"WatchAction\"},\"userInteractionCount\":996},\"thumbnailUrl\":\"https:\/\/i.ytimg.com\/vi\/61GdNIXGXfI\/default.jpg\",\"uploadDate\":\"2022-09-27T18:00:12Z\"}<\/script>\n\n\t<p>\n\t\t<a href=\"\" target=\"_blank\" data-element=\"shortcode-suno-banner\" title=\"Banner SUNO, clique e saiba mais\">\n\t\t\t<picture>\n\t\t\t\t<source media=\"(max-width: 500px)\" srcset=\"\">\n\t\t\t\t<img class=\"newsContent__article__imgCapa newsContent__article__imgCapa--banner\"\n\t\t\t\t\tsrc=\"\"\n\t\t\t\t\tdata-promo-id=\"250678\"\t\t\t\t\t\t\t\t\t\t\t\t\t\t\talt=\"\"\n\t\t\t\t>\n\t\t\t<\/picture>\n\t\t<\/a>\n\t<\/p>\n\n\n<p>Com uma bolsa em m\u00e1xima hist\u00f3rica em <a href=\"https:\/\/www.suno.com.br\/artigos\/ibovespa\/\">2021 por causa da alta do Ibovespa<\/a>, h\u00e1 expectativa de que, caso <a href=\"https:\/\/www.suno.com.br\/noticias\/bolsonaro-sanciona-fim-rol-taxativo-ans\/\"><strong>Bolsonaro<\/strong> (PL)<\/a> ven\u00e7a as elei\u00e7\u00f5es, bancos e commodities sigam em desempenho significantemente positivo.<\/p>\n<p>J\u00e1 para um eventual mandato de <a href=\"https:\/\/www.suno.com.br\/noticias\/web-stories\/12-acoes-caso-lula-venca-eleicoes\/\"><strong>Lula<\/strong> (PT)<\/a>, h\u00e1 expectativa de que a\u00e7\u00f5es vinculadas ao varejo possam desempenhar melhor com uma agenda de maiores gastos com est\u00edmulo ao consumo &#8211; apesar de os planos do candidato ainda serem nebulosos.<\/p>\n<p>Segundo Leonardo Piovesan, <a href=\"https:\/\/www.suno.com.br\/artigos\/cnpi\/\">CNPI<\/a> e analista fundamentalista da Quantzed, independente do cen\u00e1rio, o mais vi\u00e1vel \u00e9 manter uma fatia do portf\u00f3lio dolarizado e ter caixa. Al\u00e9m disso, o especialista afirma que a pontua\u00e7\u00e3o do <strong>Ibovespa<\/strong> ainda n\u00e3o precificou o risco eleitoral.<\/p>\n<p>&#8220;O momento \u00e9 de ter caixa e de ter empresas com receita dolarizada, <a href=\"https:\/\/www.suno.com.br\/artigos\/volatilidade\/\">suportando a volatilidade<\/a> e ver como ficar\u00e1 o endere\u00e7amento da agenda fiscal. Acho que o mercado ainda n\u00e3o precificou as elei\u00e7\u00f5es, principalmente por conta das incertezas fiscais&#8221;, comenta.<\/p>\n<p>Segundo o especialista, em um cen\u00e1rio com Lula eleito, juros seriam maiores e o d\u00f3lar poderia disparar, sendo favor\u00e1vel a exportadoras e possivelmente a algumas empresas de commodities com empresas dolarizadas. &#8220;De uma forma geral, empresas sem tanta exposi\u00e7\u00e3o ao mercado interno&#8221;, afirma.<\/p>\n<p>J\u00e1 para o mandato fiscal, ele estima uma poss\u00edvel &#8220;volta do fiscalismo&#8221;, favorecendo a constru\u00e7\u00e3o, o agroneg\u00f3cio e empresas mais resilientes ao cen\u00e1rio eleitoral de um modo geral.<\/p>\n<p>Alguns especialistas apontam uma alta em qualquer um dos dois cen\u00e1rios, mas com algumas diferen\u00e7as. Claudio Delbrueck, da s\u00f3cio-fundador da Solana Capital, disse em evento recente que &#8216;<strong>estatais e bancos se beneficiam<\/strong>&#8216; de uma continuidade do governo atual.<\/p>\n<p>\u201cObviamente essa potencial alta vai depender muito do <a class=\"suno-keyword\" href=\"https:\/\/www.suno.com.br\/artigos\/mercado-externo\/\" target=\"_blank\" rel=\"noopener\" data-force=\"no\" data-priority=\"1\">mercado externo<\/a>. Mas, olhando no mercado dom\u00e9stico, apesar de acreditarmos que a Bolsa v\u00e1 subir nos dois cen\u00e1rios [com Lula ou Bolsonaro], a din\u00e2mica dessa alta vai ser bem diferente. Se o Bolsonaro for eleito, vai ser uma continuidade da pol\u00edtica atual&#8221;, comenta.<\/p>\n\n\t<div data-element=\"shortcode-read-more\" class=\"readToo\">\n\t\t\t\t<span class=\"readToo__title\">Leia mais<\/span>\n\t\t\t\t<ul class=\"readToo__list\">\n\t\t\t<li><a href=\"https:\/\/www.suno.com.br\/noticias\/petrobras-petr4-petroleo-cade\/\">Petrobras (PETR4) \u00e9 alvo de inqu\u00e9rito do Cade por &#8216;tirar vantagem&#8217; de refinarias privadas<\/a><\/li><li><a href=\"https:\/\/www.suno.com.br\/noticias\/fundo-quant-quantitiativo-rio-bravo\/\">&#8216;Independente da crise, nosso fundo nunca caiu mais do que 4%&#8217;, diz gestor de fundo quantitativo da Rio Bravo<\/a><\/li><li><a href=\"https:\/\/www.suno.com.br\/noticias\/knri11-nova-emissao-fala-gestor\/\">KNRI11 far\u00e1 uma nova emiss\u00e3o? Gestor responde; assista \u00e0 entrevista<\/a><\/li><li><a href=\"https:\/\/www.suno.com.br\/noticias\/selic-juros-forpus-bolsa-entrevista\/\">&#8216;N\u00e3o acho necess\u00e1rio nem correto subir mais a Selic&#8217;, diz gestor da Forpus<\/a><\/li>\t\t<\/ul>\n\t<\/div>\n\n\n<p>No entanto, Delbrueck destaca que, com Lula e uma eventual pol\u00edtica de Estado como indutor do crescimento, o <a class=\"suno-keyword\" href=\"https:\/\/www.suno.com.br\/acoes\/BBAS3\/\" target=\"_blank\" rel=\"noopener\" data-force=\"yes\" data-priority=\"2\">Banco do Brasil (BBAS3)<\/a> pode ser utilizado para financiamento de opera\u00e7\u00f5es, assim prejudicando a concorr\u00eancia e o setor de um modo geral.<\/p>\n<p>&#8220;Se lembrar do governo do PT e mesmo se olhar o programa do partido, o Estado \u00e9 o indutor do crescimento &#8211; eles falam abertamente sobre isso. Se o Estado \u00e9 o indutor do crescimento, principalmente na parte de cr\u00e9dito, v\u00e3o usar Banco do Brasil, BNDES e Caixa Econ\u00f4mica Federal, para oferecer mais cr\u00e9dito. Isso acaba sendo muitas vezes uma competi\u00e7\u00e3o desleal com os bancos privados. Num governo do PT, o cen\u00e1rio para os bancos n\u00e3o \u00e9 t\u00e3o positivo quanto numa renova\u00e7\u00e3o do governo Bolsonaro\u201d, acrescenta Delbrueck.<\/p>\n<h2>Banco do Brasil est\u00e1 &#8216;blindado&#8217; das elei\u00e7\u00f5es<\/h2>\n<p>Apesar do temor de uma eventual interfer\u00eancia nas estatais, \u00e0 revelia das normativas aprovadas antes do governo Bolsonaro, a Genial Investimentos diz que as <strong>a\u00e7\u00f5es do Banco do Brasil<\/strong> seguem com uma <a class=\"suno-keyword\" href=\"https:\/\/www.suno.com.br\/artigos\/saude-financeira\/\" target=\"_blank\" rel=\"noopener\" data-force=\"no\" data-priority=\"1\">sa\u00fade financeira<\/a> positiva.<\/p>\n<p>&#8220;Por muitos anos, o banco rodou com uma rentabilidade bem abaixo de seus rivais incumbentes de quase 10 pp de diferen\u00e7a. Hoje, o banco est\u00e1 mais capitalizado, com menor inadimpl\u00eancia e mais provisionado (alto \u00edndice de cobertura) que a m\u00e9dia de seus rivais&#8221;, dizem os analistas.<\/p>\n<p>&#8220;ROE de 20% veio para ficar&#8221;, concluem.<\/p>\n<p>A XP, da mesma forma, mant\u00e9m recomenda\u00e7\u00e3o de compra para os pap\u00e9is, citando o risco eleitoral, mas destacando os m\u00faltiplos atratvios e projetando\u00a0<strong>alta de <a class=\"suno-keyword\" href=\"https:\/\/www.suno.com.br\/guias\/dividendos\/\" target=\"_blank\" rel=\"noopener\" data-force=\"no\" data-priority=\"1\">dividendos<\/a><\/strong>.<\/p>\n<p>\u201cO primeiro semestre de 2022 foi bastante positivo para os bancos, culminando com uma s\u00e9rie de revis\u00f5es para cima dos guidances. Para 2023, mantemos vis\u00e3o positiva, apesar de vermos aumento das preocupa\u00e7\u00f5es com os n\u00edveis de inadimpl\u00eancia. Seguimos monitorando eventuais interven\u00e7\u00f5es regulat\u00f3rias, assim como a possibilidade de acirramento da competi\u00e7\u00e3o no setor. Entretanto, n\u00e3o esperamos que estes aspectos afetem a din\u00e2mica positiva de\u00a0<a class=\"suno-keyword\" href=\"https:\/\/www.suno.com.br\/artigos\/curto-prazo\/\" target=\"_blank\" rel=\"noopener\" data-force=\"no\" data-priority=\"1\">curto prazo<\/a>\u00a0em curso no mercado de cr\u00e9dito\u201d, diz a\u00a0<strong>XP sobre o Banco do Brasil<\/strong>.<\/p>\n\t<p>\n\t\t<a href=\"https:\/\/lp.suno.com.br\/planilha-controle-gastos\/\" target=\"_blank\" data-element=\"shortcode-suno-banner\" title=\"Banner SUNO, clique e saiba mais\">\n\t\t\t<picture>\n\t\t\t\t<source media=\"(max-width: 500px)\" srcset=\"https:\/\/files.sunoresearch.com.br\/n\/uploads\/2023\/03\/400x300-Planilha-controle-de-gastos.png\">\n\t\t\t\t<img class=\"newsContent__article__imgCapa newsContent__article__imgCapa--banner\"\n\t\t\t\t\tsrc=\"https:\/\/files.sunoresearch.com.br\/n\/uploads\/2023\/03\/1420x240-Planilha-controle-de-gastos.png\"\n\t\t\t\t\tdata-promo-id=\"101751\"\t\t\t\t\t\t\t\t\t\twidth='1420' height='240'\t\t\t\t\talt=\"https:\/\/files.sunoresearch.com.br\/n\/uploads\/2023\/03\/1420x240-Planilha-controle-de-gastos.png\"\n\t\t\t\t>\n\t\t\t<\/picture>\n\t\t<\/a>\n\t<\/p>\n\n\n<p>Os analistas da Genial, por sua vez, recomendam a compra dos pap\u00e9is mais fortemente em um cen\u00e1rio da\u00a0<strong>vit\u00f3ria de Bolsonaro<\/strong> nas elei\u00e7\u00f5es.<\/p>\n<p>\u201cO BB vem consistentemente melhorando sua rentabilidade nos \u00faltimos anos. Isso significa um Retorno sobre Patrim\u00f4nio (ROE) no patamar de 20% e crescimento de lucro acima de 10% na compara\u00e7\u00e3o anual. Depois de muitos anos rodando com um ROE e capital bem abaixo de seus pares, a melhora operacional finalmente o colocou na mesma liga dos bancos privados em n\u00edveis de rentabilidade\u201d, dizem os analistas.<\/p>\n<h2>Petrobras: especialistas temem interfer\u00eancia de Lula<\/h2>\n<p>Da mesma forma, analistas da genial recomendam a petroleira mais fortemente em um caso da manuten\u00e7\u00e3o do governo atual, dada a melhora da sa\u00fade financeira da empresa durante a gest\u00e3o atual.<\/p>\n<p>\u201cNosso vi\u00e9s positivo em rela\u00e7\u00e3o \u00e0 Petrobr\u00e1s em caso de reelei\u00e7\u00e3o do atual governo diz respeito \u00e0 manuten\u00e7\u00e3o da atual estrat\u00e9gia corporativa da empresa (foco no pr\u00e9-sal, produtividade e desinvestimento de ativos n\u00e3o-estrat\u00e9gicos), que deveria remunerar o acionista de maneira expressiva via dividendos\u201d, avaliam.<\/p>\n<p>Outras empresas recomendadas pela casa em um eventual segundo mandato de Bolsonaro s\u00e3o a <a class=\"suno-keyword\" href=\"https:\/\/www.suno.com.br\/acoes\/MULT3\/\" target=\"_blank\" rel=\"noopener\" data-force=\"yes\" data-priority=\"2\">Multiplan (MULT3)<\/a> e as Lojas Americanas (AMER3).<\/p>\n<p>J\u00e1 em um eventual <strong>governo Lula<\/strong>, recomendam:<\/p>\n<ul>\n<li><a class=\"suno-keyword\" href=\"https:\/\/www.suno.com.br\/acoes\/MRVE3\/\" target=\"_blank\" rel=\"noopener\" data-force=\"yes\" data-priority=\"2\">MRV (MRVE3)<\/a><\/li>\n<li><a class=\"suno-keyword\" href=\"https:\/\/www.suno.com.br\/acoes\/BBDC4\/\" target=\"_blank\" rel=\"noopener\" data-force=\"yes\" data-priority=\"2\">Bradesco (BBDC4)<\/a><\/li>\n<li><a class=\"suno-keyword\" href=\"https:\/\/www.suno.com.br\/acoes\/ELET3\/\" target=\"_blank\" rel=\"noopener\" data-force=\"yes\" data-priority=\"2\">Eletrobras (ELET3)<\/a><\/li>\n<li><a class=\"suno-keyword\" href=\"https:\/\/www.suno.com.br\/acoes\/PRIO3\/\" target=\"_blank\" rel=\"noopener\" data-force=\"yes\" data-priority=\"2\">PetroRio (PRIO3)<\/a><\/li>\n<li><a class=\"suno-keyword\" href=\"https:\/\/www.suno.com.br\/acoes\/yduq3\/\" target=\"_blank\" rel=\"noopener\" data-force=\"yes\" data-priority=\"2\">Yduqs (YDUQ3)<\/a><\/li>\n<\/ul>\n<p>Vale lembrar que, no caso de Lula, alguns especialistas ainda temem uma <strong>interfer\u00eancia direta na Petrobras<\/strong>, com maior endividamento e investimentos pesados em refino &#8211; diametralmente o oposto da condu\u00e7\u00e3o atual.<\/p>\n<p>&#8220;N\u00e3o temos na carteira hoje. Achamos que ficou muito &#8216;bin\u00e1rio&#8217; o caso.<a href=\"https:\/\/www.suno.com.br\/noticias\/lula-petrobras-petr4-refinarias-dividendos\/\"> O Lula tem tido como porta-voz para falar sobre a<\/a> Petrobras o [Jos\u00e9 S\u00e9rgio] Gabrielli, que \u00e9 ex-presidente da companhia. Os mais antigos, como eu, sabem que [a gest\u00e3o de Gabrielli] traumatizou muita gente do mercado. E agora ele tem coragem de vir com o mesmo discurso. A quest\u00e3o \u00e9 a aloca\u00e7\u00e3o de capital. A Petrobras alocou muito mal o capital durante a sua hist\u00f3ria&#8221;, disse recentemente o gestor Luiz Guerra, que \u00e9 respons\u00e1vel pelos fundos da Logos Capital, ao <a href=\"https:\/\/www.youtube.com\/c\/SunoNot%C3%ADcias\/videos\">Almo\u00e7o com Gestor, quadro semanal do YouTube do Suno Not\u00edcias<\/a>.<\/p>\n<p>&#8220;O discurso de Lula \u00e9 de investir mais em refino. As refinarias investidas pelo governo do PT [Partido dos Trabalhadores] foram investimentos absolutamente horrorosos. Abreu e Lima foi a maior delas, com bilh\u00f5es de d\u00f3lares desperdi\u00e7ados, sendo inclusive uma parceria com o governo venezuelano&#8221;, acrescentou, sobre o <strong>impacto das elei\u00e7\u00f5es no cen\u00e1rio de a\u00e7\u00f5es<\/strong>.<\/p>\n<p>Na vis\u00e3o do especialista, a manuten\u00e7\u00e3o do governo atual faria melhor \u00e0 estatal, aumentando eventuais chances de privatiza\u00e7\u00e3o.<\/p>\n<p>&#8220;O Bolsonaro tem falado em privatizar. Esse tem sido visto como o caminho mais correto por n\u00f3s e pelo mercado. A possibilidade, na verdade, \u00e9 ingrata e \u00e9 dif\u00edcil, porque a empresa \u00e9 uma gigante do setor. Se voc\u00ea fatiar a empresa, estruturar, acho que consegue [realizar a <strong>privatiza\u00e7\u00e3o da Petrobras<\/strong>]. Se voc\u00ea vender refino, inclusive, acaba com a interfer\u00eancia pol\u00edtica&#8221;, disse.<\/p>\n<h2>Veja a\u00e7\u00f5es com maiores retornos sob Lula e Bolsonaro<\/h2>\n<p>Durante os quatro anos do <strong>governo Bolsonaro<\/strong>, petroleiras, bancos e empresas do segmento el\u00e9trico e agr\u00edcola est\u00e3o dentre as que tiveram maior retorno.<\/p>\n<p>J\u00e1 nos mandatos de Lula, mineradoras, varejistas e empresas de telecomunica\u00e7\u00f5es aparecem dentre as que tiveram maiores retornos, segundo levantamento do TradeMap.<\/p>\n<h3>Maiores retornos durante o governo Bolsonaro:<\/h3>\n<ul>\n<li>PetroRio (PRIO3): 1.313%<\/li>\n<li><a class=\"suno-keyword\" href=\"https:\/\/www.suno.com.br\/acoes\/POSI3\/\" target=\"_blank\" rel=\"noopener\" data-force=\"yes\" data-priority=\"2\">Positivo (POSI3)<\/a>: 467%<\/li>\n<li><a class=\"suno-keyword\" href=\"https:\/\/www.suno.com.br\/acoes\/BPAC11\/\" target=\"_blank\" rel=\"noopener\" data-force=\"yes\" data-priority=\"2\">BTG Pactual (BPAC11)<\/a>: 387%<\/li>\n<li><a class=\"suno-keyword\" href=\"https:\/\/www.suno.com.br\/acoes\/BPAN4\/\" target=\"_blank\" rel=\"noopener\" data-force=\"yes\" data-priority=\"2\">Banco Pan (BPAN4)<\/a>: 345%<\/li>\n<li><a class=\"suno-keyword\" href=\"https:\/\/www.suno.com.br\/acoes\/ENEV3\/\" target=\"_blank\" rel=\"noopener\" data-force=\"yes\" data-priority=\"2\">Eneva (ENEV3)<\/a>: 296%<\/li>\n<li><a class=\"suno-keyword\" href=\"https:\/\/www.suno.com.br\/acoes\/WEGE3\/\" target=\"_blank\" rel=\"noopener\" data-force=\"yes\" data-priority=\"2\">Weg (WEGE3)<\/a>: 264%<\/li>\n<li><a class=\"suno-keyword\" href=\"https:\/\/www.suno.com.br\/acoes\/BEEF3\/\" target=\"_blank\" rel=\"noopener\" data-force=\"yes\" data-priority=\"2\">Minerva (BEEF3)<\/a>: 239%<\/li>\n<li><a class=\"suno-keyword\" href=\"https:\/\/www.suno.com.br\/acoes\/TOTS3\/\" target=\"_blank\" rel=\"noopener\" data-force=\"yes\" data-priority=\"2\">Totvs (TOTS3)<\/a>: 233%<\/li>\n<li><a class=\"suno-keyword\" href=\"https:\/\/www.suno.com.br\/acoes\/CPLE6\/\" target=\"_blank\" rel=\"noopener\" data-force=\"yes\" data-priority=\"2\">Copel (CPLE6)<\/a>: 219%<\/li>\n<li><a class=\"suno-keyword\" href=\"https:\/\/www.suno.com.br\/acoes\/SLCE3\/\" target=\"_blank\" rel=\"noopener\" data-force=\"yes\" data-priority=\"2\">SLC Agr\u00edcola (SLCE3)<\/a>: 198%<\/li>\n<\/ul>\n<h3>Maiores retornos durante o primeiro mandato de Lula:<\/h3>\n<ul>\n<li><a class=\"suno-keyword\" href=\"https:\/\/www.suno.com.br\/acoes\/CCRO3\/\" target=\"_blank\" rel=\"noopener\" data-force=\"yes\" data-priority=\"2\">CCR (CCRO3)<\/a>: 1.806%<\/li>\n<li><a class=\"suno-keyword\" href=\"https:\/\/www.suno.com.br\/acoes\/USIM5\/\" target=\"_blank\" rel=\"noopener\" data-force=\"yes\" data-priority=\"2\">Usiminas (USIM5)<\/a>: 1.519%<\/li>\n<li><a class=\"suno-keyword\" href=\"https:\/\/www.suno.com.br\/acoes\/GOAU4\/\" target=\"_blank\" rel=\"noopener\" data-force=\"yes\" data-priority=\"2\">Gerdau Metal\u00fargica (GOAU4)<\/a>: 886%<\/li>\n<li><a class=\"suno-keyword\" href=\"https:\/\/www.suno.com.br\/acoes\/CSNA3\/\" target=\"_blank\" rel=\"noopener\" data-force=\"yes\" data-priority=\"2\">CSN (CSNA3)<\/a>: 756%<\/li>\n<li>Banco do Brasil (BBAS3): 740%<\/li>\n<li><a class=\"suno-keyword\" href=\"https:\/\/www.suno.com.br\/acoes\/GGBR4\/\" target=\"_blank\" rel=\"noopener\" data-force=\"yes\" data-priority=\"2\">Gerdau (GGBR4)<\/a>: 673%<\/li>\n<li><a class=\"suno-keyword\" href=\"https:\/\/www.suno.com.br\/acoes\/BRAP4\/\" target=\"_blank\" rel=\"noopener\" data-force=\"yes\" data-priority=\"2\">Bradespar (BRAP4)<\/a>: 661%<\/li>\n<li><a class=\"suno-keyword\" href=\"https:\/\/www.suno.com.br\/acoes\/TIMS3\/\" target=\"_blank\" rel=\"noopener\" data-force=\"yes\" data-priority=\"2\">Tim (TIMS3)<\/a>: 627%<\/li>\n<li><a class=\"suno-keyword\" href=\"https:\/\/www.suno.com.br\/acoes\/ITSA4\/\" target=\"_blank\" rel=\"noopener\" data-force=\"yes\" data-priority=\"2\">Ita\u00fasa (ITSA4)<\/a>: 620%<\/li>\n<li>Am Inox BR: 603%<\/li>\n<\/ul>\n<h3>Maiores retornos durante o segundo mandato de Lula:<\/h3>\n<ul>\n<li>Souza Cruz: 223%<\/li>\n<li>CSN (CSNA3): 198%<\/li>\n<li><a class=\"suno-keyword\" href=\"https:\/\/www.suno.com.br\/acoes\/TRPL4\/\" target=\"_blank\" rel=\"noopener\" data-force=\"yes\" data-priority=\"2\">Transmiss\u00e3o Paulista (TRPL4)<\/a>: 387%<\/li>\n<li>MMX: 181%<\/li>\n<li><a class=\"suno-keyword\" href=\"https:\/\/www.suno.com.br\/acoes\/ABEV3\/\" target=\"_blank\" rel=\"noopener\" data-force=\"yes\" data-priority=\"2\">Ambev (ABEV3)<\/a>: 181%<\/li>\n<li><a class=\"suno-keyword\" href=\"https:\/\/www.suno.com.br\/acoes\/UGPA3\/\" target=\"_blank\" rel=\"noopener\" data-force=\"yes\" data-priority=\"2\">Ultrapar (UGPA3)<\/a>: 141%<\/li>\n<li>Eletropaulo: 134%<\/li>\n<li><a class=\"suno-keyword\" href=\"https:\/\/www.suno.com.br\/acoes\/LREN3\/\" target=\"_blank\" rel=\"noopener\" data-force=\"yes\" data-priority=\"2\">Lojas Renner (LREN3)<\/a>: 103%<\/li>\n<li><a class=\"suno-keyword\" href=\"https:\/\/www.suno.com.br\/acoes\/VALE3\/\" target=\"_blank\" rel=\"noopener\" data-force=\"yes\" data-priority=\"2\">Vale (VALE3)<\/a>: 98%<\/li>\n<li>CCR (CCRO3): 97%<\/li>\n<\/ul>\n<p>Os dados compilados pelo TradeMap consideram as a\u00e7\u00f5es que faziam parte do Ibovespa ao final de cada governo, e desconsideram o per\u00edodo das\u00a0<strong>elei\u00e7\u00f5es<\/strong>, trazendo um recorte exato dos quatro anos de mandato.<\/p>\n\t<p>\n\t\t<a href=\"https:\/\/lp.suno.com.br\/ebook-como-analisar-uma-acao\/\" target=\"_blank\" data-element=\"shortcode-suno-banner\" title=\"Banner SUNO, clique e saiba mais\">\n\t\t\t<picture>\n\t\t\t\t<source media=\"(max-width: 500px)\" srcset=\"https:\/\/files.sunoresearch.com.br\/n\/uploads\/2023\/03\/Ebook-Acoes-Mobile-1.jpg\">\n\t\t\t\t<img class=\"newsContent__article__imgCapa newsContent__article__imgCapa--banner\"\n\t\t\t\t\tsrc=\"https:\/\/files.sunoresearch.com.br\/n\/uploads\/2023\/03\/Ebook-Acoes-Desktop-1.jpg\"\n\t\t\t\t\tdata-promo-id=\"171998\"\t\t\t\t\t\t\t\t\t\twidth='1420' height='286'\t\t\t\t\talt=\"https:\/\/files.sunoresearch.com.br\/n\/uploads\/2023\/03\/Ebook-Acoes-Desktop-1.jpg\"\n\t\t\t\t>\n\t\t\t<\/picture>\n\t\t<\/a>\n\t<\/p>\n\n\n","protected":false},"excerpt":{"rendered":"<p>Com elei\u00e7\u00f5es batendo \u00e0 porta, analistas divergem sobre o risco de comprar e vender a\u00e7\u00f5es em meio \u00e0 volatilidade do per\u00edodo. Contudo, h\u00e1 d\u00favidas sobre quais setores saem ganhando com a elei\u00e7\u00e3o de algum dos candidatos. Com uma bolsa em m\u00e1xima hist\u00f3rica em 2021 por causa da alta do Ibovespa, h\u00e1 expectativa de que, caso [&hellip;]<\/p>\n","protected":false},"author":73,"featured_media":290468,"comment_status":"closed","ping_status":"closed","sticky":false,"template":"","format":"standard","meta":[],"categories":[60],"tags":[697,105815,721],"suno_strategy":[],"class_list":["post-302763","post","type-post","status-publish","format-standard","has-post-thumbnail","hentry","category-mercado","tag-eleicoes","tag-especial","tag-ibovespa"],"yoast_head":"<!-- This site is optimized with the Yoast SEO plugin v24.4 - https:\/\/yoast.com\/wordpress\/plugins\/seo\/ -->\n<title>Elei\u00e7\u00f5es 2022: Veja quais a\u00e7\u00f5es sobem ou caem com Lula e Bolsonaro<\/title>\n<meta name=\"description\" content=\"Segundo analistas, bolsa subir\u00e1 em qualquer cen\u00e1rio p\u00f3s elei\u00e7\u00f5es, mas pode haver disparidade de setores por conta de juros e c\u00e2mbio. Confira!\" \/>\n<meta name=\"robots\" content=\"index, follow, max-snippet:-1, max-image-preview:large, max-video-preview:-1\" \/>\n<link rel=\"canonical\" href=\"https:\/\/www.suno.com.br\/noticias\/eleicoes-ibovespa-acoes-lula-bolsonaro\/\" \/>\n<meta property=\"og:locale\" content=\"pt_BR\" \/>\n<meta property=\"og:type\" content=\"article\" \/>\n<meta property=\"og:title\" content=\"Elei\u00e7\u00f5es 2022: Veja quais a\u00e7\u00f5es sobem ou caem com Lula e Bolsonaro\" \/>\n<meta property=\"og:description\" content=\"Segundo analistas, bolsa subir\u00e1 em qualquer cen\u00e1rio p\u00f3s elei\u00e7\u00f5es, mas pode haver disparidade de setores por conta de juros e c\u00e2mbio. Confira!\" \/>\n<meta property=\"og:url\" content=\"https:\/\/www.suno.com.br\/noticias\/eleicoes-ibovespa-acoes-lula-bolsonaro\/\" \/>\n<meta property=\"og:site_name\" content=\"Suno Not\u00edcias\" \/>\n<meta property=\"article:publisher\" content=\"https:\/\/facebook.com\/sunoresearch\" \/>\n<meta property=\"og:image\" content=\"https:\/\/files.sunoresearch.com.br\/n\/uploads\/2022\/08\/lula-e-bolsonaro.jpg\" \/>\n\t<meta property=\"og:image:width\" content=\"1500\" \/>\n\t<meta property=\"og:image:height\" content=\"1000\" \/>\n\t<meta property=\"og:image:type\" content=\"image\/jpeg\" \/>\n<meta name=\"author\" content=\"Eduardo Vargas\" \/>\n<meta name=\"twitter:card\" content=\"summary_large_image\" \/>\n<meta name=\"twitter:creator\" content=\"@sunoresearch\" \/>\n<meta name=\"twitter:site\" content=\"@sunoresearch\" \/>\n<meta name=\"twitter:label1\" content=\"Escrito por\" \/>\n\t<meta name=\"twitter:data1\" content=\"Eduardo Vargas\" \/>\n\t<meta name=\"twitter:label2\" content=\"Est. tempo de leitura\" \/>\n\t<meta name=\"twitter:data2\" content=\"8 minutos\" \/>\n<script type=\"application\/ld+json\" class=\"yoast-schema-graph\">{\"@context\":\"https:\/\/schema.org\",\"@graph\":[{\"@type\":\"NewsArticle\",\"@id\":\"https:\/\/www.suno.com.br\/noticias\/eleicoes-ibovespa-acoes-lula-bolsonaro\/#article\",\"isPartOf\":{\"@id\":\"https:\/\/www.suno.com.br\/noticias\/eleicoes-ibovespa-acoes-lula-bolsonaro\/\"},\"author\":{\"name\":\"Eduardo Vargas\",\"@id\":\"https:\/\/www.suno.com.br\/noticias\/#\/schema\/person\/7f4d362bf3518e76090143ae77bb49a5\"},\"headline\":\"Elei\u00e7\u00f5es 2022: Veja quais a\u00e7\u00f5es sobem ou caem com Lula e Bolsonaro\",\"datePublished\":\"2022-09-29T11:00:31+00:00\",\"mainEntityOfPage\":{\"@id\":\"https:\/\/www.suno.com.br\/noticias\/eleicoes-ibovespa-acoes-lula-bolsonaro\/\"},\"wordCount\":1459,\"publisher\":{\"@id\":\"https:\/\/www.suno.com.br\/noticias\/#organization\"},\"image\":{\"@id\":\"https:\/\/www.suno.com.br\/noticias\/eleicoes-ibovespa-acoes-lula-bolsonaro\/#primaryimage\"},\"thumbnailUrl\":\"https:\/\/files.sunoresearch.com.br\/n\/uploads\/2022\/08\/lula-e-bolsonaro.jpg\",\"keywords\":[\"Elei\u00e7\u00f5es\",\"Especiais\",\"Ibovespa\"],\"articleSection\":[\"Mercado\"],\"inLanguage\":\"pt-BR\"},{\"@type\":\"WebPage\",\"@id\":\"https:\/\/www.suno.com.br\/noticias\/eleicoes-ibovespa-acoes-lula-bolsonaro\/\",\"url\":\"https:\/\/www.suno.com.br\/noticias\/eleicoes-ibovespa-acoes-lula-bolsonaro\/\",\"name\":\"Elei\u00e7\u00f5es 2022: Veja quais a\u00e7\u00f5es sobem ou caem com Lula e Bolsonaro\",\"isPartOf\":{\"@id\":\"https:\/\/www.suno.com.br\/noticias\/#website\"},\"primaryImageOfPage\":{\"@id\":\"https:\/\/www.suno.com.br\/noticias\/eleicoes-ibovespa-acoes-lula-bolsonaro\/#primaryimage\"},\"image\":{\"@id\":\"https:\/\/www.suno.com.br\/noticias\/eleicoes-ibovespa-acoes-lula-bolsonaro\/#primaryimage\"},\"thumbnailUrl\":\"https:\/\/files.sunoresearch.com.br\/n\/uploads\/2022\/08\/lula-e-bolsonaro.jpg\",\"datePublished\":\"2022-09-29T11:00:31+00:00\",\"description\":\"Segundo analistas, bolsa subir\u00e1 em qualquer cen\u00e1rio p\u00f3s elei\u00e7\u00f5es, mas pode haver disparidade de setores por conta de juros e c\u00e2mbio. Confira!\",\"breadcrumb\":{\"@id\":\"https:\/\/www.suno.com.br\/noticias\/eleicoes-ibovespa-acoes-lula-bolsonaro\/#breadcrumb\"},\"inLanguage\":\"pt-BR\",\"potentialAction\":[{\"@type\":\"ReadAction\",\"target\":[\"https:\/\/www.suno.com.br\/noticias\/eleicoes-ibovespa-acoes-lula-bolsonaro\/\"]}]},{\"@type\":\"ImageObject\",\"inLanguage\":\"pt-BR\",\"@id\":\"https:\/\/www.suno.com.br\/noticias\/eleicoes-ibovespa-acoes-lula-bolsonaro\/#primaryimage\",\"url\":\"https:\/\/files.sunoresearch.com.br\/n\/uploads\/2022\/08\/lula-e-bolsonaro.jpg\",\"contentUrl\":\"https:\/\/files.sunoresearch.com.br\/n\/uploads\/2022\/08\/lula-e-bolsonaro.jpg\",\"width\":1500,\"height\":1000,\"caption\":\"Foto: Divulga\u00e7\u00e3o\/Ricardo Stuckert\/Alan Santos\"},{\"@type\":\"BreadcrumbList\",\"@id\":\"https:\/\/www.suno.com.br\/noticias\/eleicoes-ibovespa-acoes-lula-bolsonaro\/#breadcrumb\",\"itemListElement\":[{\"@type\":\"ListItem\",\"position\":1,\"name\":\"Not\u00edcias\",\"item\":\"https:\/\/www.suno.com.br\/noticias\/\"},{\"@type\":\"ListItem\",\"position\":2,\"name\":\"Mercado\",\"item\":\"https:\/\/www.suno.com.br\/noticias\/mercado\/\"},{\"@type\":\"ListItem\",\"position\":3,\"name\":\"Elei\u00e7\u00f5es 2022: Veja quais a\u00e7\u00f5es sobem ou caem com Lula e Bolsonaro\"}]},{\"@type\":\"WebSite\",\"@id\":\"https:\/\/www.suno.com.br\/noticias\/#website\",\"url\":\"https:\/\/www.suno.com.br\/noticias\/\",\"name\":\"Suno Not\u00edcias\",\"description\":\"Seu portal de informa\u00e7\u00e3o sobre o mundo dos investimentos\",\"publisher\":{\"@id\":\"https:\/\/www.suno.com.br\/noticias\/#organization\"},\"potentialAction\":[{\"@type\":\"SearchAction\",\"target\":{\"@type\":\"EntryPoint\",\"urlTemplate\":\"https:\/\/www.suno.com.br\/noticias\/?s={search_term_string}\"},\"query-input\":{\"@type\":\"PropertyValueSpecification\",\"valueRequired\":true,\"valueName\":\"search_term_string\"}}],\"inLanguage\":\"pt-BR\"},{\"@type\":\"Organization\",\"@id\":\"https:\/\/www.suno.com.br\/noticias\/#organization\",\"name\":\"Suno Not\u00edcias\",\"url\":\"https:\/\/www.suno.com.br\/noticias\/\",\"logo\":{\"@type\":\"ImageObject\",\"inLanguage\":\"pt-BR\",\"@id\":\"https:\/\/www.suno.com.br\/noticias\/#\/schema\/logo\/image\/\",\"url\":\"https:\/\/files.sunoresearch.com.br\/n\/uploads\/2021\/09\/suno-logo.png\",\"contentUrl\":\"https:\/\/files.sunoresearch.com.br\/n\/uploads\/2021\/09\/suno-logo.png\",\"width\":180,\"height\":180,\"caption\":\"Suno Not\u00edcias\"},\"image\":{\"@id\":\"https:\/\/www.suno.com.br\/noticias\/#\/schema\/logo\/image\/\"},\"sameAs\":[\"https:\/\/facebook.com\/sunoresearch\",\"https:\/\/x.com\/sunoresearch\",\"https:\/\/www.instagram.com\/suno\",\"https:\/\/www.linkedin.com\/company\/suno-research\/\",\"https:\/\/www.youtube.com\/c\/sunoresearch\"]},{\"@type\":\"Person\",\"@id\":\"https:\/\/www.suno.com.br\/noticias\/#\/schema\/person\/7f4d362bf3518e76090143ae77bb49a5\",\"name\":\"Eduardo Vargas\",\"image\":{\"@type\":\"ImageObject\",\"inLanguage\":\"pt-BR\",\"@id\":\"https:\/\/www.suno.com.br\/noticias\/#\/schema\/person\/image\/\",\"url\":\"https:\/\/secure.gravatar.com\/avatar\/dac340933427a22924c9f99d1eb2e3f2?s=96&r=g\",\"contentUrl\":\"https:\/\/secure.gravatar.com\/avatar\/dac340933427a22924c9f99d1eb2e3f2?s=96&r=g\",\"caption\":\"Eduardo Vargas\"},\"description\":\"Jornalista formado pela UFSC, cobre macroeconomia, neg\u00f3cios e startups para o Suno Not\u00edcias, escrevendo principalmente not\u00edcias sobre o mercado financeiro e a bolsa de valores. No YouTube e no Instagram, \u00e9 respons\u00e1vel pela produ\u00e7\u00e3o de Reels e Shorts do Suno Not\u00edcias. Anteriormente, trabalhou cobrindo economia e cotidiano no ND+ e para o ND, maior jornal impresso de Santa Catarina. Cursou um semestre letivo de Estudos de M\u00eddia na Universidad de Buenos Aires.\",\"url\":\"https:\/\/www.suno.com.br\/noticias\/author\/eduardo-vargas\/\"}]}<\/script>\n<!-- \/ Yoast SEO plugin. -->","yoast_head_json":{"title":"Elei\u00e7\u00f5es 2022: Veja quais a\u00e7\u00f5es sobem ou caem com Lula e Bolsonaro","description":"Segundo analistas, bolsa subir\u00e1 em qualquer cen\u00e1rio p\u00f3s elei\u00e7\u00f5es, mas pode haver disparidade de setores por conta de juros e c\u00e2mbio. Confira!","robots":{"index":"index","follow":"follow","max-snippet":"max-snippet:-1","max-image-preview":"max-image-preview:large","max-video-preview":"max-video-preview:-1"},"canonical":"https:\/\/www.suno.com.br\/noticias\/eleicoes-ibovespa-acoes-lula-bolsonaro\/","og_locale":"pt_BR","og_type":"article","og_title":"Elei\u00e7\u00f5es 2022: Veja quais a\u00e7\u00f5es sobem ou caem com Lula e Bolsonaro","og_description":"Segundo analistas, bolsa subir\u00e1 em qualquer cen\u00e1rio p\u00f3s elei\u00e7\u00f5es, mas pode haver disparidade de setores por conta de juros e c\u00e2mbio. Confira!","og_url":"https:\/\/www.suno.com.br\/noticias\/eleicoes-ibovespa-acoes-lula-bolsonaro\/","og_site_name":"Suno Not\u00edcias","article_publisher":"https:\/\/facebook.com\/sunoresearch","og_image":[{"width":1500,"height":1000,"url":"https:\/\/files.sunoresearch.com.br\/n\/uploads\/2022\/08\/lula-e-bolsonaro.jpg","type":"image\/jpeg"}],"author":"Eduardo Vargas","twitter_card":"summary_large_image","twitter_creator":"@sunoresearch","twitter_site":"@sunoresearch","twitter_misc":{"Escrito por":"Eduardo Vargas","Est. tempo de leitura":"8 minutos"},"schema":{"@context":"https:\/\/schema.org","@graph":[{"@type":"NewsArticle","@id":"https:\/\/www.suno.com.br\/noticias\/eleicoes-ibovespa-acoes-lula-bolsonaro\/#article","isPartOf":{"@id":"https:\/\/www.suno.com.br\/noticias\/eleicoes-ibovespa-acoes-lula-bolsonaro\/"},"author":{"name":"Eduardo Vargas","@id":"https:\/\/www.suno.com.br\/noticias\/#\/schema\/person\/7f4d362bf3518e76090143ae77bb49a5"},"headline":"Elei\u00e7\u00f5es 2022: Veja quais a\u00e7\u00f5es sobem ou caem com Lula e Bolsonaro","datePublished":"2022-09-29T11:00:31+00:00","mainEntityOfPage":{"@id":"https:\/\/www.suno.com.br\/noticias\/eleicoes-ibovespa-acoes-lula-bolsonaro\/"},"wordCount":1459,"publisher":{"@id":"https:\/\/www.suno.com.br\/noticias\/#organization"},"image":{"@id":"https:\/\/www.suno.com.br\/noticias\/eleicoes-ibovespa-acoes-lula-bolsonaro\/#primaryimage"},"thumbnailUrl":"https:\/\/files.sunoresearch.com.br\/n\/uploads\/2022\/08\/lula-e-bolsonaro.jpg","keywords":["Elei\u00e7\u00f5es","Especiais","Ibovespa"],"articleSection":["Mercado"],"inLanguage":"pt-BR"},{"@type":"WebPage","@id":"https:\/\/www.suno.com.br\/noticias\/eleicoes-ibovespa-acoes-lula-bolsonaro\/","url":"https:\/\/www.suno.com.br\/noticias\/eleicoes-ibovespa-acoes-lula-bolsonaro\/","name":"Elei\u00e7\u00f5es 2022: Veja quais a\u00e7\u00f5es sobem ou caem com Lula e Bolsonaro","isPartOf":{"@id":"https:\/\/www.suno.com.br\/noticias\/#website"},"primaryImageOfPage":{"@id":"https:\/\/www.suno.com.br\/noticias\/eleicoes-ibovespa-acoes-lula-bolsonaro\/#primaryimage"},"image":{"@id":"https:\/\/www.suno.com.br\/noticias\/eleicoes-ibovespa-acoes-lula-bolsonaro\/#primaryimage"},"thumbnailUrl":"https:\/\/files.sunoresearch.com.br\/n\/uploads\/2022\/08\/lula-e-bolsonaro.jpg","datePublished":"2022-09-29T11:00:31+00:00","description":"Segundo analistas, bolsa subir\u00e1 em qualquer cen\u00e1rio p\u00f3s elei\u00e7\u00f5es, mas pode haver disparidade de setores por conta de juros e c\u00e2mbio. Confira!","breadcrumb":{"@id":"https:\/\/www.suno.com.br\/noticias\/eleicoes-ibovespa-acoes-lula-bolsonaro\/#breadcrumb"},"inLanguage":"pt-BR","potentialAction":[{"@type":"ReadAction","target":["https:\/\/www.suno.com.br\/noticias\/eleicoes-ibovespa-acoes-lula-bolsonaro\/"]}]},{"@type":"ImageObject","inLanguage":"pt-BR","@id":"https:\/\/www.suno.com.br\/noticias\/eleicoes-ibovespa-acoes-lula-bolsonaro\/#primaryimage","url":"https:\/\/files.sunoresearch.com.br\/n\/uploads\/2022\/08\/lula-e-bolsonaro.jpg","contentUrl":"https:\/\/files.sunoresearch.com.br\/n\/uploads\/2022\/08\/lula-e-bolsonaro.jpg","width":1500,"height":1000,"caption":"Foto: Divulga\u00e7\u00e3o\/Ricardo Stuckert\/Alan Santos"},{"@type":"BreadcrumbList","@id":"https:\/\/www.suno.com.br\/noticias\/eleicoes-ibovespa-acoes-lula-bolsonaro\/#breadcrumb","itemListElement":[{"@type":"ListItem","position":1,"name":"Not\u00edcias","item":"https:\/\/www.suno.com.br\/noticias\/"},{"@type":"ListItem","position":2,"name":"Mercado","item":"https:\/\/www.suno.com.br\/noticias\/mercado\/"},{"@type":"ListItem","position":3,"name":"Elei\u00e7\u00f5es 2022: Veja quais a\u00e7\u00f5es sobem ou caem com Lula e Bolsonaro"}]},{"@type":"WebSite","@id":"https:\/\/www.suno.com.br\/noticias\/#website","url":"https:\/\/www.suno.com.br\/noticias\/","name":"Suno Not\u00edcias","description":"Seu portal de informa\u00e7\u00e3o sobre o mundo dos investimentos","publisher":{"@id":"https:\/\/www.suno.com.br\/noticias\/#organization"},"potentialAction":[{"@type":"SearchAction","target":{"@type":"EntryPoint","urlTemplate":"https:\/\/www.suno.com.br\/noticias\/?s={search_term_string}"},"query-input":{"@type":"PropertyValueSpecification","valueRequired":true,"valueName":"search_term_string"}}],"inLanguage":"pt-BR"},{"@type":"Organization","@id":"https:\/\/www.suno.com.br\/noticias\/#organization","name":"Suno Not\u00edcias","url":"https:\/\/www.suno.com.br\/noticias\/","logo":{"@type":"ImageObject","inLanguage":"pt-BR","@id":"https:\/\/www.suno.com.br\/noticias\/#\/schema\/logo\/image\/","url":"https:\/\/files.sunoresearch.com.br\/n\/uploads\/2021\/09\/suno-logo.png","contentUrl":"https:\/\/files.sunoresearch.com.br\/n\/uploads\/2021\/09\/suno-logo.png","width":180,"height":180,"caption":"Suno Not\u00edcias"},"image":{"@id":"https:\/\/www.suno.com.br\/noticias\/#\/schema\/logo\/image\/"},"sameAs":["https:\/\/facebook.com\/sunoresearch","https:\/\/x.com\/sunoresearch","https:\/\/www.instagram.com\/suno","https:\/\/www.linkedin.com\/company\/suno-research\/","https:\/\/www.youtube.com\/c\/sunoresearch"]},{"@type":"Person","@id":"https:\/\/www.suno.com.br\/noticias\/#\/schema\/person\/7f4d362bf3518e76090143ae77bb49a5","name":"Eduardo Vargas","image":{"@type":"ImageObject","inLanguage":"pt-BR","@id":"https:\/\/www.suno.com.br\/noticias\/#\/schema\/person\/image\/","url":"https:\/\/secure.gravatar.com\/avatar\/dac340933427a22924c9f99d1eb2e3f2?s=96&r=g","contentUrl":"https:\/\/secure.gravatar.com\/avatar\/dac340933427a22924c9f99d1eb2e3f2?s=96&r=g","caption":"Eduardo Vargas"},"description":"Jornalista formado pela UFSC, cobre macroeconomia, neg\u00f3cios e startups para o Suno Not\u00edcias, escrevendo principalmente not\u00edcias sobre o mercado financeiro e a bolsa de valores. No YouTube e no Instagram, \u00e9 respons\u00e1vel pela produ\u00e7\u00e3o de Reels e Shorts do Suno Not\u00edcias. Anteriormente, trabalhou cobrindo economia e cotidiano no ND+ e para o ND, maior jornal impresso de Santa Catarina. Cursou um semestre letivo de Estudos de M\u00eddia na Universidad de Buenos Aires.","url":"https:\/\/www.suno.com.br\/noticias\/author\/eduardo-vargas\/"}]}},"default_loop_html":"<div class=\"cardsPage__listCard__boxs\"><div class=\"cardsPage__listCard__boxs__img\"><a href=\"https:\/\/www.suno.com.br\/noticias\/selic-juros-forpus-bolsa-entrevista\/\"><img class=\"mask\" src=\"https:\/\/www.suno.com.br\/noticias\/wp-content\/themes\/suno\/resources\/images\/spotlight\/spotlight1img\/bg-mask.png\" alt=\"Image Mask\"\/><img src=\"https:\/\/files.sunoresearch.com.br\/n\/uploads\/2022\/08\/forpus-400x200.jpg\" alt=\"&#8216;N\u00e3o acho necess\u00e1rio nem correto subir mais a Selic&#8217;, diz gestor da Forpus\"\/><\/a><span class=\"spotlightCategory\"><a href=\"https:\/\/www.suno.com.br\/noticias\/mercado\/\">Mercado<\/a><\/span><\/div><div class=\"cardsPage__listCard__boxs__content\"><a href=\"https:\/\/www.suno.com.br\/noticias\/selic-juros-forpus-bolsa-entrevista\/\"><h2 class=\"content__title\">&#8216;N\u00e3o acho necess\u00e1rio nem correto subir mais a Selic&#8217;, diz gestor da Forpus<\/h2><\/a><div class=\"newsContent__article__meta\"><div class=\"newsContent__article__meta__authorBox\"><a href=\"https:\/\/www.suno.com.br\/noticias\/author\/eduardo-vargas\/\" class=\"authorBox__avatar noMobi\"><img src=\"https:\/\/secure.gravatar.com\/avatar\/dac340933427a22924c9f99d1eb2e3f2?s=96&#038;r=g\" alt=\"Eduardo Vargas\"><\/a><div class=\"authorBox__name\"><span>por\n\t\t\t<a href=\"https:\/\/www.suno.com.br\/noticias\/author\/eduardo-vargas\/\"><span itemprop=\"author\">Eduardo Vargas<\/span><\/a><\/span><time datetime=\"2022-08-17T12:59:59-03:00\" itemprop=\"datePublished\">17\/08\/2022 12:59<\/time><\/div><\/div><\/div><\/div><\/div>","single_layout":"posts","amp_enabled":true,"_links":{"self":[{"href":"https:\/\/www.suno.com.br\/noticias\/wp-json\/wp\/v2\/posts\/302763"}],"collection":[{"href":"https:\/\/www.suno.com.br\/noticias\/wp-json\/wp\/v2\/posts"}],"about":[{"href":"https:\/\/www.suno.com.br\/noticias\/wp-json\/wp\/v2\/types\/post"}],"author":[{"embeddable":true,"href":"https:\/\/www.suno.com.br\/noticias\/wp-json\/wp\/v2\/users\/73"}],"replies":[{"embeddable":true,"href":"https:\/\/www.suno.com.br\/noticias\/wp-json\/wp\/v2\/comments?post=302763"}],"version-history":[{"count":3,"href":"https:\/\/www.suno.com.br\/noticias\/wp-json\/wp\/v2\/posts\/302763\/revisions"}],"predecessor-version":[{"id":302951,"href":"https:\/\/www.suno.com.br\/noticias\/wp-json\/wp\/v2\/posts\/302763\/revisions\/302951"}],"wp:featuredmedia":[{"embeddable":true,"href":"https:\/\/www.suno.com.br\/noticias\/wp-json\/wp\/v2\/media\/290468"}],"wp:attachment":[{"href":"https:\/\/www.suno.com.br\/noticias\/wp-json\/wp\/v2\/media?parent=302763"}],"wp:term":[{"taxonomy":"category","embeddable":true,"href":"https:\/\/www.suno.com.br\/noticias\/wp-json\/wp\/v2\/categories?post=302763"},{"taxonomy":"post_tag","embeddable":true,"href":"https:\/\/www.suno.com.br\/noticias\/wp-json\/wp\/v2\/tags?post=302763"},{"taxonomy":"suno_strategy","embeddable":true,"href":"https:\/\/www.suno.com.br\/noticias\/wp-json\/wp\/v2\/suno_strategy?post=302763"}],"curies":[{"name":"wp","href":"https:\/\/api.w.org\/{rel}","templated":true}]}}