{"id":302614,"date":"2022-09-28T11:44:14","date_gmt":"2022-09-28T14:44:14","guid":{"rendered":"https:\/\/www.suno.com.br\/noticias\/?p=302614"},"modified":"2022-09-28T11:44:14","modified_gmt":"2022-09-28T14:44:14","slug":"petrobras-contrato-plataforma-campo-buzios","status":"publish","type":"post","link":"https:\/\/www.suno.com.br\/noticias\/petrobras-contrato-plataforma-campo-buzios\/","title":{"rendered":"Petrobras (PETR4) assina contrato para constru\u00e7\u00e3o de plataforma em B\u00fazios"},"content":{"rendered":"<p>A <a class=\"suno-keyword\" href=\"https:\/\/www.suno.com.br\/acoes\/PETR4\/\" target=\"_blank\" rel=\"noopener\" data-force=\"yes\" data-priority=\"2\"><strong>Petrobras<\/strong> (PETR4)<\/a> informa que assinou nesta quarta-feira, 28, contrato com a empresa Keppel Shipyard Limited para a constru\u00e7\u00e3o da plataforma P-83, como resultado do avan\u00e7o do projeto de desenvolvimento do campo de B\u00fazios, no pr\u00e9-sal da Bacia de Santos.<\/p>\t<div class=\"wrapper-featured-image\">\n\t\t<figure class=\"spotlightImg\">\n\n\t\t\t<picture>\n\t\t\t\t<source media=\"(max-width: 768px)\" srcset=\"https:\/\/files.sunoresearch.com.br\/n\/uploads\/2021\/07\/7dfa4d8e-zachary-theodore-guadzpf9pdi-unsplash-400x200.jpg\">\n\t\t\t\t<img loading=\"lazy\" decoding=\"async\" class=\"newsContent__article__imgCapa lazyloadDisabled \" src=\"https:\/\/files.sunoresearch.com.br\/n\/uploads\/2021\/07\/7dfa4d8e-zachary-theodore-guadzpf9pdi-unsplash-800x450.jpg\" width=\"800\" height=\"450\" alt=\"Petrobras (PETR4) assina contrato para constru\u00e7\u00e3o de plataforma em B\u00fazios\" fetchpriority=high \/>\n\t\t\t<\/picture>\n\n\t\t\t<figcaption class=\"wp-caption-text wp-caption-text--show\">Petrobras (PETR4) assina novo contrato de constru\u00e7\u00e3o. Foto: Unsplash<\/figcaption>\n\t\t<\/figure>\n\t<\/div>\n\n\n\t<p>\n\t\t<a href=\"\" target=\"_blank\" data-element=\"shortcode-suno-banner\" title=\"Banner SUNO, clique e saiba mais\">\n\t\t\t<picture>\n\t\t\t\t<source media=\"(max-width: 500px)\" srcset=\"\">\n\t\t\t\t<img class=\"newsContent__article__imgCapa newsContent__article__imgCapa--banner\"\n\t\t\t\t\tsrc=\"\"\n\t\t\t\t\tdata-promo-id=\"254218\"\t\t\t\t\t\t\t\t\t\t\t\t\t\t\talt=\"\"\n\t\t\t\t>\n\t\t\t<\/picture>\n\t\t<\/a>\n\t<\/p>\n\n\n<p>A P-83 ter\u00e1 capacidade para produzir at\u00e9 225 mil barris de \u00f3leo por dia, processar at\u00e9 12 milh\u00f5es de m\u00b3 de g\u00e1s por dia e estocar mais de 1,6 milh\u00e3o de barris, informa a companhia \u00e0 Comiss\u00e3o de Valores Mobili\u00e1rios (CVM).<\/p>\n<p>O projeto prev\u00ea a interliga\u00e7\u00e3o de 15 po\u00e7os, sendo 8 produtores de \u00f3leo e 7 injetores. A plataforma ser\u00e1 a d\u00e9cima primeira unidade a ser instalada no <strong>Campo de B\u00fazios.<\/strong><\/p>\n<p>A Petrobras \u00e9 a operadora desse campo com 92,6% de participa\u00e7\u00e3o, tendo como parceiras a CNOOC e a CNODC, com 3,7% cada.<\/p>\n<p>A constru\u00e7\u00e3o da P-83 ser\u00e1 realizada por estaleiros em Cingapura, China e Brasil, e atingir\u00e1 o porcentual de conte\u00fado local de 25%.<\/p>\n<p>A plataforma iniciar\u00e1 a sua produ\u00e7\u00e3o em 2027 e contribuir\u00e1 para ampliar a <a class=\"suno-keyword\" href=\"https:\/\/www.suno.com.br\/artigos\/capacidade-instalada\/\" target=\"_blank\" rel=\"noopener\" data-force=\"no\" data-priority=\"1\">capacidade instalada<\/a> do campo, dos atuais 600 mil bpd para 2 milh\u00f5es bpd.<\/p>\n<p>&#8220;A P-83 faz parte da nova gera\u00e7\u00e3o de plataformas da companhia, com alta capacidade de produ\u00e7\u00e3o e tecnologias para redu\u00e7\u00e3o de emiss\u00e3o de carbono.<\/p>\n<p>A plataforma utilizar\u00e1 a tecnologia de flare fechado, que aumenta o aproveitamento do g\u00e1s e impede que ele seja queimado para a atmosfera, de forma segura e sustent\u00e1vel&#8221;, diz a empresa.<\/p>\n<p>&#8220;Outra inova\u00e7\u00e3o ser\u00e1 o sistema de detec\u00e7\u00e3o de g\u00e1s metano, capaz de atuar na preven\u00e7\u00e3o ou mitiga\u00e7\u00e3o de riscos de vazamentos desse composto&#8221;, completa.<\/p>\n<p>A <strong>nova plataforma da Petrobras <\/strong>(PETR4) ser\u00e1 equipada com a tecnologia CCUS &#8211; Captura, Uso e Armazenamento geol\u00f3gico de CO2.<\/p>\n<p>&#8220;A <strong>Petrobras<\/strong> \u00e9 pioneira na utiliza\u00e7\u00e3o dessa tecnologia, que permite aliar aumento da produtividade com redu\u00e7\u00e3o de emiss\u00f5es de carbono. A P-83 tamb\u00e9m ser\u00e1 dotada da tecnologia de &#8216;digital twins&#8217; que consiste na reprodu\u00e7\u00e3o virtual da plataforma, permitindo diversas simula\u00e7\u00f5es remotas e testes operacionais, garantindo seguran\u00e7a e confiabilidade&#8221;, afirma.<\/p>\n<p class=\"newsProviderSignature\">Com Estad\u00e3o Conte\u00fado<\/p>\n\t<p>\n\t\t<a href=\"https:\/\/lp.suno.com.br\/planilha-controle-gastos\/\" target=\"_blank\" data-element=\"shortcode-suno-banner\" title=\"Banner SUNO, clique e saiba mais\">\n\t\t\t<picture>\n\t\t\t\t<source media=\"(max-width: 500px)\" srcset=\"https:\/\/files.sunoresearch.com.br\/n\/uploads\/2023\/03\/400x300-Planilha-controle-de-gastos.png\">\n\t\t\t\t<img class=\"newsContent__article__imgCapa newsContent__article__imgCapa--banner\"\n\t\t\t\t\tsrc=\"https:\/\/files.sunoresearch.com.br\/n\/uploads\/2023\/03\/1420x240-Planilha-controle-de-gastos.png\"\n\t\t\t\t\tdata-promo-id=\"101751\"\t\t\t\t\t\t\t\t\t\twidth='1420' height='240'\t\t\t\t\talt=\"https:\/\/files.sunoresearch.com.br\/n\/uploads\/2023\/03\/1420x240-Planilha-controle-de-gastos.png\"\n\t\t\t\t>\n\t\t\t<\/picture>\n\t\t<\/a>\n\t<\/p>\n\n\n","protected":false},"excerpt":{"rendered":"<p>A Petrobras (PETR4) informa que assinou nesta quarta-feira, 28, contrato com a empresa Keppel Shipyard Limited para a constru\u00e7\u00e3o da plataforma P-83, como resultado do avan\u00e7o do projeto de desenvolvimento do campo de B\u00fazios, no pr\u00e9-sal da Bacia de Santos. Petrobras (PETR4) assina novo contrato de constru\u00e7\u00e3o. Foto: Unsplash A P-83 ter\u00e1 capacidade para produzir [&hellip;]<\/p>\n","protected":false},"author":192,"featured_media":164504,"comment_status":"closed","ping_status":"closed","sticky":false,"template":"","format":"standard","meta":[],"categories":[64],"tags":[1039,595],"suno_strategy":[],"class_list":["post-302614","post","type-post","status-publish","format-standard","has-post-thumbnail","hentry","category-negocios","tag-agu","tag-petrobras-petr4"],"yoast_head":"<!-- This site is optimized with the Yoast SEO plugin v24.4 - https:\/\/yoast.com\/wordpress\/plugins\/seo\/ -->\n<title>Petrobras (PETR4) assina contrato para constru\u00e7\u00e3o de plataforma em B\u00fazios<\/title>\n<meta name=\"description\" content=\"A Petrobras (PETR4) informou ao mercado que assinou o contrato para a constru\u00e7\u00e3o de uma nova plataforma no Campo de B\u00fazios. Veja mais.\" \/>\n<meta name=\"robots\" content=\"index, follow, max-snippet:-1, max-image-preview:large, max-video-preview:-1\" \/>\n<link rel=\"canonical\" href=\"https:\/\/www.suno.com.br\/noticias\/petrobras-contrato-plataforma-campo-buzios\/\" \/>\n<meta property=\"og:locale\" content=\"pt_BR\" \/>\n<meta property=\"og:type\" content=\"article\" \/>\n<meta property=\"og:title\" content=\"Petrobras (PETR4) assina contrato para constru\u00e7\u00e3o de plataforma em B\u00fazios\" \/>\n<meta property=\"og:description\" content=\"A Petrobras (PETR4) informou ao mercado que assinou o contrato para a constru\u00e7\u00e3o de uma nova plataforma no Campo de B\u00fazios. Veja mais.\" \/>\n<meta property=\"og:url\" content=\"https:\/\/www.suno.com.br\/noticias\/petrobras-contrato-plataforma-campo-buzios\/\" \/>\n<meta property=\"og:site_name\" content=\"Suno Not\u00edcias\" \/>\n<meta property=\"article:publisher\" content=\"https:\/\/facebook.com\/sunoresearch\" \/>\n<meta property=\"og:image\" content=\"https:\/\/files.sunoresearch.com.br\/n\/uploads\/2021\/07\/7dfa4d8e-zachary-theodore-guadzpf9pdi-unsplash.jpg\" \/>\n\t<meta property=\"og:image:width\" content=\"2400\" \/>\n\t<meta property=\"og:image:height\" content=\"1600\" \/>\n\t<meta property=\"og:image:type\" content=\"image\/jpeg\" \/>\n<meta name=\"author\" content=\"Laura Intrieri\" \/>\n<meta name=\"twitter:card\" content=\"summary_large_image\" \/>\n<meta name=\"twitter:creator\" content=\"@sunoresearch\" \/>\n<meta name=\"twitter:site\" content=\"@sunoresearch\" \/>\n<meta name=\"twitter:label1\" content=\"Escrito por\" \/>\n\t<meta name=\"twitter:data1\" content=\"Laura Intrieri\" \/>\n\t<meta name=\"twitter:label2\" content=\"Est. tempo de leitura\" \/>\n\t<meta name=\"twitter:data2\" content=\"2 minutos\" \/>\n<script type=\"application\/ld+json\" class=\"yoast-schema-graph\">{\"@context\":\"https:\/\/schema.org\",\"@graph\":[{\"@type\":\"NewsArticle\",\"@id\":\"https:\/\/www.suno.com.br\/noticias\/petrobras-contrato-plataforma-campo-buzios\/#article\",\"isPartOf\":{\"@id\":\"https:\/\/www.suno.com.br\/noticias\/petrobras-contrato-plataforma-campo-buzios\/\"},\"author\":{\"name\":\"Laura Intrieri\",\"@id\":\"https:\/\/www.suno.com.br\/noticias\/#\/schema\/person\/653a8428016d45b19031651c57b94f82\"},\"headline\":\"Petrobras (PETR4) assina contrato para constru\u00e7\u00e3o de plataforma em B\u00fazios\",\"datePublished\":\"2022-09-28T14:44:14+00:00\",\"mainEntityOfPage\":{\"@id\":\"https:\/\/www.suno.com.br\/noticias\/petrobras-contrato-plataforma-campo-buzios\/\"},\"wordCount\":373,\"publisher\":{\"@id\":\"https:\/\/www.suno.com.br\/noticias\/#organization\"},\"image\":{\"@id\":\"https:\/\/www.suno.com.br\/noticias\/petrobras-contrato-plataforma-campo-buzios\/#primaryimage\"},\"thumbnailUrl\":\"https:\/\/files.sunoresearch.com.br\/n\/uploads\/2021\/07\/7dfa4d8e-zachary-theodore-guadzpf9pdi-unsplash.jpg\",\"keywords\":[\"AGU\",\"Petrobras (PETR4)\"],\"articleSection\":[\"Neg\u00f3cios\"],\"inLanguage\":\"pt-BR\"},{\"@type\":\"WebPage\",\"@id\":\"https:\/\/www.suno.com.br\/noticias\/petrobras-contrato-plataforma-campo-buzios\/\",\"url\":\"https:\/\/www.suno.com.br\/noticias\/petrobras-contrato-plataforma-campo-buzios\/\",\"name\":\"Petrobras (PETR4) assina contrato para constru\u00e7\u00e3o de plataforma em B\u00fazios\",\"isPartOf\":{\"@id\":\"https:\/\/www.suno.com.br\/noticias\/#website\"},\"primaryImageOfPage\":{\"@id\":\"https:\/\/www.suno.com.br\/noticias\/petrobras-contrato-plataforma-campo-buzios\/#primaryimage\"},\"image\":{\"@id\":\"https:\/\/www.suno.com.br\/noticias\/petrobras-contrato-plataforma-campo-buzios\/#primaryimage\"},\"thumbnailUrl\":\"https:\/\/files.sunoresearch.com.br\/n\/uploads\/2021\/07\/7dfa4d8e-zachary-theodore-guadzpf9pdi-unsplash.jpg\",\"datePublished\":\"2022-09-28T14:44:14+00:00\",\"description\":\"A Petrobras (PETR4) informou ao mercado que assinou o contrato para a constru\u00e7\u00e3o de uma nova plataforma no Campo de B\u00fazios. Veja mais.\",\"breadcrumb\":{\"@id\":\"https:\/\/www.suno.com.br\/noticias\/petrobras-contrato-plataforma-campo-buzios\/#breadcrumb\"},\"inLanguage\":\"pt-BR\",\"potentialAction\":[{\"@type\":\"ReadAction\",\"target\":[\"https:\/\/www.suno.com.br\/noticias\/petrobras-contrato-plataforma-campo-buzios\/\"]}]},{\"@type\":\"ImageObject\",\"inLanguage\":\"pt-BR\",\"@id\":\"https:\/\/www.suno.com.br\/noticias\/petrobras-contrato-plataforma-campo-buzios\/#primaryimage\",\"url\":\"https:\/\/files.sunoresearch.com.br\/n\/uploads\/2021\/07\/7dfa4d8e-zachary-theodore-guadzpf9pdi-unsplash.jpg\",\"contentUrl\":\"https:\/\/files.sunoresearch.com.br\/n\/uploads\/2021\/07\/7dfa4d8e-zachary-theodore-guadzpf9pdi-unsplash.jpg\",\"width\":2400,\"height\":1600,\"caption\":\"Petrobras (PETR4) assina novo contrato de constru\u00e7\u00e3o. Foto: Unsplash\"},{\"@type\":\"BreadcrumbList\",\"@id\":\"https:\/\/www.suno.com.br\/noticias\/petrobras-contrato-plataforma-campo-buzios\/#breadcrumb\",\"itemListElement\":[{\"@type\":\"ListItem\",\"position\":1,\"name\":\"Not\u00edcias\",\"item\":\"https:\/\/www.suno.com.br\/noticias\/\"},{\"@type\":\"ListItem\",\"position\":2,\"name\":\"Neg\u00f3cios\",\"item\":\"https:\/\/www.suno.com.br\/noticias\/negocios\/\"},{\"@type\":\"ListItem\",\"position\":3,\"name\":\"Petrobras (PETR4) assina contrato para constru\u00e7\u00e3o de plataforma em B\u00fazios\"}]},{\"@type\":\"WebSite\",\"@id\":\"https:\/\/www.suno.com.br\/noticias\/#website\",\"url\":\"https:\/\/www.suno.com.br\/noticias\/\",\"name\":\"Suno Not\u00edcias\",\"description\":\"Seu portal de informa\u00e7\u00e3o sobre o mundo dos investimentos\",\"publisher\":{\"@id\":\"https:\/\/www.suno.com.br\/noticias\/#organization\"},\"potentialAction\":[{\"@type\":\"SearchAction\",\"target\":{\"@type\":\"EntryPoint\",\"urlTemplate\":\"https:\/\/www.suno.com.br\/noticias\/?s={search_term_string}\"},\"query-input\":{\"@type\":\"PropertyValueSpecification\",\"valueRequired\":true,\"valueName\":\"search_term_string\"}}],\"inLanguage\":\"pt-BR\"},{\"@type\":\"Organization\",\"@id\":\"https:\/\/www.suno.com.br\/noticias\/#organization\",\"name\":\"Suno Not\u00edcias\",\"url\":\"https:\/\/www.suno.com.br\/noticias\/\",\"logo\":{\"@type\":\"ImageObject\",\"inLanguage\":\"pt-BR\",\"@id\":\"https:\/\/www.suno.com.br\/noticias\/#\/schema\/logo\/image\/\",\"url\":\"https:\/\/files.sunoresearch.com.br\/n\/uploads\/2021\/09\/suno-logo.png\",\"contentUrl\":\"https:\/\/files.sunoresearch.com.br\/n\/uploads\/2021\/09\/suno-logo.png\",\"width\":180,\"height\":180,\"caption\":\"Suno Not\u00edcias\"},\"image\":{\"@id\":\"https:\/\/www.suno.com.br\/noticias\/#\/schema\/logo\/image\/\"},\"sameAs\":[\"https:\/\/facebook.com\/sunoresearch\",\"https:\/\/x.com\/sunoresearch\",\"https:\/\/www.instagram.com\/suno\",\"https:\/\/www.linkedin.com\/company\/suno-research\/\",\"https:\/\/www.youtube.com\/c\/sunoresearch\"]},{\"@type\":\"Person\",\"@id\":\"https:\/\/www.suno.com.br\/noticias\/#\/schema\/person\/653a8428016d45b19031651c57b94f82\",\"name\":\"Laura Intrieri\",\"image\":{\"@type\":\"ImageObject\",\"inLanguage\":\"pt-BR\",\"@id\":\"https:\/\/www.suno.com.br\/noticias\/#\/schema\/person\/image\/\",\"url\":\"https:\/\/secure.gravatar.com\/avatar\/27e3058d15d09a0a778c3d387c062d71?s=96&r=g\",\"contentUrl\":\"https:\/\/secure.gravatar.com\/avatar\/27e3058d15d09a0a778c3d387c062d71?s=96&r=g\",\"caption\":\"Laura Intrieri\"},\"description\":\"Rep\u00f3rter no Suno Not\u00edcias, cobre mercados, pol\u00edtica e economia. Escreve sobre Bolsa de Valores. Formada em Administra\u00e7\u00e3o P\u00fablica pela Funda\u00e7\u00e3o Get\u00falio Vargas, j\u00e1 passou pelo portal Money Times, escrevendo sobre pol\u00edtica e economia para a editoria \\\"Brasil\\\". Tamb\u00e9m j\u00e1 contribuiu para Ag\u00eancia Estado, cobrindo balan\u00e7os trimestrais e relat\u00f3rios de casas de an\u00e1lise. J\u00e1 produziu podcasts educativos e corporativos para a FGV EAESP. Durante a gradua\u00e7\u00e3o, desempenhou atividades acad\u00eamicas com enfoque em Finan\u00e7as P\u00fablicas.\",\"url\":\"https:\/\/www.suno.com.br\/noticias\/author\/laura-intrieri\/\"}]}<\/script>\n<!-- \/ Yoast SEO plugin. -->","yoast_head_json":{"title":"Petrobras (PETR4) assina contrato para constru\u00e7\u00e3o de plataforma em B\u00fazios","description":"A Petrobras (PETR4) informou ao mercado que assinou o contrato para a constru\u00e7\u00e3o de uma nova plataforma no Campo de B\u00fazios. Veja mais.","robots":{"index":"index","follow":"follow","max-snippet":"max-snippet:-1","max-image-preview":"max-image-preview:large","max-video-preview":"max-video-preview:-1"},"canonical":"https:\/\/www.suno.com.br\/noticias\/petrobras-contrato-plataforma-campo-buzios\/","og_locale":"pt_BR","og_type":"article","og_title":"Petrobras (PETR4) assina contrato para constru\u00e7\u00e3o de plataforma em B\u00fazios","og_description":"A Petrobras (PETR4) informou ao mercado que assinou o contrato para a constru\u00e7\u00e3o de uma nova plataforma no Campo de B\u00fazios. Veja mais.","og_url":"https:\/\/www.suno.com.br\/noticias\/petrobras-contrato-plataforma-campo-buzios\/","og_site_name":"Suno Not\u00edcias","article_publisher":"https:\/\/facebook.com\/sunoresearch","og_image":[{"width":2400,"height":1600,"url":"https:\/\/files.sunoresearch.com.br\/n\/uploads\/2021\/07\/7dfa4d8e-zachary-theodore-guadzpf9pdi-unsplash.jpg","type":"image\/jpeg"}],"author":"Laura Intrieri","twitter_card":"summary_large_image","twitter_creator":"@sunoresearch","twitter_site":"@sunoresearch","twitter_misc":{"Escrito por":"Laura Intrieri","Est. tempo de leitura":"2 minutos"},"schema":{"@context":"https:\/\/schema.org","@graph":[{"@type":"NewsArticle","@id":"https:\/\/www.suno.com.br\/noticias\/petrobras-contrato-plataforma-campo-buzios\/#article","isPartOf":{"@id":"https:\/\/www.suno.com.br\/noticias\/petrobras-contrato-plataforma-campo-buzios\/"},"author":{"name":"Laura Intrieri","@id":"https:\/\/www.suno.com.br\/noticias\/#\/schema\/person\/653a8428016d45b19031651c57b94f82"},"headline":"Petrobras (PETR4) assina contrato para constru\u00e7\u00e3o de plataforma em B\u00fazios","datePublished":"2022-09-28T14:44:14+00:00","mainEntityOfPage":{"@id":"https:\/\/www.suno.com.br\/noticias\/petrobras-contrato-plataforma-campo-buzios\/"},"wordCount":373,"publisher":{"@id":"https:\/\/www.suno.com.br\/noticias\/#organization"},"image":{"@id":"https:\/\/www.suno.com.br\/noticias\/petrobras-contrato-plataforma-campo-buzios\/#primaryimage"},"thumbnailUrl":"https:\/\/files.sunoresearch.com.br\/n\/uploads\/2021\/07\/7dfa4d8e-zachary-theodore-guadzpf9pdi-unsplash.jpg","keywords":["AGU","Petrobras (PETR4)"],"articleSection":["Neg\u00f3cios"],"inLanguage":"pt-BR"},{"@type":"WebPage","@id":"https:\/\/www.suno.com.br\/noticias\/petrobras-contrato-plataforma-campo-buzios\/","url":"https:\/\/www.suno.com.br\/noticias\/petrobras-contrato-plataforma-campo-buzios\/","name":"Petrobras (PETR4) assina contrato para constru\u00e7\u00e3o de plataforma em B\u00fazios","isPartOf":{"@id":"https:\/\/www.suno.com.br\/noticias\/#website"},"primaryImageOfPage":{"@id":"https:\/\/www.suno.com.br\/noticias\/petrobras-contrato-plataforma-campo-buzios\/#primaryimage"},"image":{"@id":"https:\/\/www.suno.com.br\/noticias\/petrobras-contrato-plataforma-campo-buzios\/#primaryimage"},"thumbnailUrl":"https:\/\/files.sunoresearch.com.br\/n\/uploads\/2021\/07\/7dfa4d8e-zachary-theodore-guadzpf9pdi-unsplash.jpg","datePublished":"2022-09-28T14:44:14+00:00","description":"A Petrobras (PETR4) informou ao mercado que assinou o contrato para a constru\u00e7\u00e3o de uma nova plataforma no Campo de B\u00fazios. Veja mais.","breadcrumb":{"@id":"https:\/\/www.suno.com.br\/noticias\/petrobras-contrato-plataforma-campo-buzios\/#breadcrumb"},"inLanguage":"pt-BR","potentialAction":[{"@type":"ReadAction","target":["https:\/\/www.suno.com.br\/noticias\/petrobras-contrato-plataforma-campo-buzios\/"]}]},{"@type":"ImageObject","inLanguage":"pt-BR","@id":"https:\/\/www.suno.com.br\/noticias\/petrobras-contrato-plataforma-campo-buzios\/#primaryimage","url":"https:\/\/files.sunoresearch.com.br\/n\/uploads\/2021\/07\/7dfa4d8e-zachary-theodore-guadzpf9pdi-unsplash.jpg","contentUrl":"https:\/\/files.sunoresearch.com.br\/n\/uploads\/2021\/07\/7dfa4d8e-zachary-theodore-guadzpf9pdi-unsplash.jpg","width":2400,"height":1600,"caption":"Petrobras (PETR4) assina novo contrato de constru\u00e7\u00e3o. Foto: Unsplash"},{"@type":"BreadcrumbList","@id":"https:\/\/www.suno.com.br\/noticias\/petrobras-contrato-plataforma-campo-buzios\/#breadcrumb","itemListElement":[{"@type":"ListItem","position":1,"name":"Not\u00edcias","item":"https:\/\/www.suno.com.br\/noticias\/"},{"@type":"ListItem","position":2,"name":"Neg\u00f3cios","item":"https:\/\/www.suno.com.br\/noticias\/negocios\/"},{"@type":"ListItem","position":3,"name":"Petrobras (PETR4) assina contrato para constru\u00e7\u00e3o de plataforma em B\u00fazios"}]},{"@type":"WebSite","@id":"https:\/\/www.suno.com.br\/noticias\/#website","url":"https:\/\/www.suno.com.br\/noticias\/","name":"Suno Not\u00edcias","description":"Seu portal de informa\u00e7\u00e3o sobre o mundo dos investimentos","publisher":{"@id":"https:\/\/www.suno.com.br\/noticias\/#organization"},"potentialAction":[{"@type":"SearchAction","target":{"@type":"EntryPoint","urlTemplate":"https:\/\/www.suno.com.br\/noticias\/?s={search_term_string}"},"query-input":{"@type":"PropertyValueSpecification","valueRequired":true,"valueName":"search_term_string"}}],"inLanguage":"pt-BR"},{"@type":"Organization","@id":"https:\/\/www.suno.com.br\/noticias\/#organization","name":"Suno Not\u00edcias","url":"https:\/\/www.suno.com.br\/noticias\/","logo":{"@type":"ImageObject","inLanguage":"pt-BR","@id":"https:\/\/www.suno.com.br\/noticias\/#\/schema\/logo\/image\/","url":"https:\/\/files.sunoresearch.com.br\/n\/uploads\/2021\/09\/suno-logo.png","contentUrl":"https:\/\/files.sunoresearch.com.br\/n\/uploads\/2021\/09\/suno-logo.png","width":180,"height":180,"caption":"Suno Not\u00edcias"},"image":{"@id":"https:\/\/www.suno.com.br\/noticias\/#\/schema\/logo\/image\/"},"sameAs":["https:\/\/facebook.com\/sunoresearch","https:\/\/x.com\/sunoresearch","https:\/\/www.instagram.com\/suno","https:\/\/www.linkedin.com\/company\/suno-research\/","https:\/\/www.youtube.com\/c\/sunoresearch"]},{"@type":"Person","@id":"https:\/\/www.suno.com.br\/noticias\/#\/schema\/person\/653a8428016d45b19031651c57b94f82","name":"Laura Intrieri","image":{"@type":"ImageObject","inLanguage":"pt-BR","@id":"https:\/\/www.suno.com.br\/noticias\/#\/schema\/person\/image\/","url":"https:\/\/secure.gravatar.com\/avatar\/27e3058d15d09a0a778c3d387c062d71?s=96&r=g","contentUrl":"https:\/\/secure.gravatar.com\/avatar\/27e3058d15d09a0a778c3d387c062d71?s=96&r=g","caption":"Laura Intrieri"},"description":"Rep\u00f3rter no Suno Not\u00edcias, cobre mercados, pol\u00edtica e economia. Escreve sobre Bolsa de Valores. Formada em Administra\u00e7\u00e3o P\u00fablica pela Funda\u00e7\u00e3o Get\u00falio Vargas, j\u00e1 passou pelo portal Money Times, escrevendo sobre pol\u00edtica e economia para a editoria \"Brasil\". Tamb\u00e9m j\u00e1 contribuiu para Ag\u00eancia Estado, cobrindo balan\u00e7os trimestrais e relat\u00f3rios de casas de an\u00e1lise. J\u00e1 produziu podcasts educativos e corporativos para a FGV EAESP. Durante a gradua\u00e7\u00e3o, desempenhou atividades acad\u00eamicas com enfoque em Finan\u00e7as P\u00fablicas.","url":"https:\/\/www.suno.com.br\/noticias\/author\/laura-intrieri\/"}]}},"default_loop_html":"<div class=\"cardsPage__listCard__boxs\"><div class=\"cardsPage__listCard__boxs__img\"><a href=\"https:\/\/www.suno.com.br\/noticias\/petrobras-contrato-plataforma-campo-buzios\/\"><img class=\"mask\" src=\"https:\/\/www.suno.com.br\/noticias\/wp-content\/themes\/suno\/resources\/images\/spotlight\/spotlight1img\/bg-mask.png\" alt=\"Image Mask\"\/><img src=\"https:\/\/files.sunoresearch.com.br\/n\/uploads\/2021\/07\/7dfa4d8e-zachary-theodore-guadzpf9pdi-unsplash-400x200.jpg\" alt=\"Petrobras (PETR4) assina contrato para constru\u00e7\u00e3o de plataforma em B\u00fazios\"\/><\/a><span class=\"spotlightCategory\"><a href=\"https:\/\/www.suno.com.br\/noticias\/negocios\/\">Neg\u00f3cios<\/a><\/span><\/div><div class=\"cardsPage__listCard__boxs__content\"><a href=\"https:\/\/www.suno.com.br\/noticias\/petrobras-contrato-plataforma-campo-buzios\/\"><h2 class=\"content__title\">Petrobras (PETR4) assina contrato para constru\u00e7\u00e3o de plataforma em B\u00fazios<\/h2><\/a><div class=\"newsContent__article__meta\"><div class=\"newsContent__article__meta__authorBox\"><a href=\"https:\/\/www.suno.com.br\/noticias\/author\/laura-intrieri\/\" class=\"authorBox__avatar noMobi\"><img src=\"https:\/\/files.sunoresearch.com.br\/n\/uploads\/2022\/10\/WhatsApp-Image-2022-10-05-at-17.31.14-150x150.jpeg\" alt=\"Laura Intrieri\"><\/a><div class=\"authorBox__name\"><span>por\n\t\t\t<a href=\"https:\/\/www.suno.com.br\/noticias\/author\/laura-intrieri\/\"><span itemprop=\"author\">Laura Intrieri<\/span><\/a><\/span><time datetime=\"2022-09-28T11:44:14-03:00\" itemprop=\"datePublished\">28\/09\/2022 11:44<\/time><\/div><\/div><\/div><\/div><\/div>","single_layout":"posts","amp_enabled":true,"_links":{"self":[{"href":"https:\/\/www.suno.com.br\/noticias\/wp-json\/wp\/v2\/posts\/302614"}],"collection":[{"href":"https:\/\/www.suno.com.br\/noticias\/wp-json\/wp\/v2\/posts"}],"about":[{"href":"https:\/\/www.suno.com.br\/noticias\/wp-json\/wp\/v2\/types\/post"}],"author":[{"embeddable":true,"href":"https:\/\/www.suno.com.br\/noticias\/wp-json\/wp\/v2\/users\/192"}],"replies":[{"embeddable":true,"href":"https:\/\/www.suno.com.br\/noticias\/wp-json\/wp\/v2\/comments?post=302614"}],"version-history":[{"count":2,"href":"https:\/\/www.suno.com.br\/noticias\/wp-json\/wp\/v2\/posts\/302614\/revisions"}],"predecessor-version":[{"id":302633,"href":"https:\/\/www.suno.com.br\/noticias\/wp-json\/wp\/v2\/posts\/302614\/revisions\/302633"}],"wp:featuredmedia":[{"embeddable":true,"href":"https:\/\/www.suno.com.br\/noticias\/wp-json\/wp\/v2\/media\/164504"}],"wp:attachment":[{"href":"https:\/\/www.suno.com.br\/noticias\/wp-json\/wp\/v2\/media?parent=302614"}],"wp:term":[{"taxonomy":"category","embeddable":true,"href":"https:\/\/www.suno.com.br\/noticias\/wp-json\/wp\/v2\/categories?post=302614"},{"taxonomy":"post_tag","embeddable":true,"href":"https:\/\/www.suno.com.br\/noticias\/wp-json\/wp\/v2\/tags?post=302614"},{"taxonomy":"suno_strategy","embeddable":true,"href":"https:\/\/www.suno.com.br\/noticias\/wp-json\/wp\/v2\/suno_strategy?post=302614"}],"curies":[{"name":"wp","href":"https:\/\/api.w.org\/{rel}","templated":true}]}}