{"id":30261,"date":"2019-07-05T17:30:31","date_gmt":"2019-07-05T20:30:31","guid":{"rendered":"https:\/\/www.suno.com.br\/noticias\/?p=30261"},"modified":"2019-07-05T17:30:31","modified_gmt":"2019-07-05T20:30:31","slug":"ibovespa-fechamento-05072019","status":"publish","type":"post","link":"https:\/\/www.suno.com.br\/noticias\/ibovespa-fechamento-05072019\/","title":{"rendered":"Ibovespa tem leve alta com Previd\u00eancia seguindo para o plen\u00e1rio"},"content":{"rendered":"<p>Ap\u00f3s a aprova\u00e7\u00e3o da <strong>reforma da Previd\u00eancia<\/strong> na \u00faltima quinta-feira (4) na comiss\u00e3o especial da C\u00e2mara, e o recorde superior a 103 mil pontos, o Ibovespa encerra esta sexta-feira (5) com leve alta de\u00a00,44% e um novo marco hist\u00f3rico:\u00a0104.089,47 pontos.<\/p>\t<div class=\"wrapper-featured-image\">\n\t\t<figure class=\"spotlightImg\">\n\n\t\t\t<picture>\n\t\t\t\t<source media=\"(max-width: 768px)\" srcset=\"https:\/\/files.sunoresearch.com.br\/n\/uploads\/2018\/10\/0ccfc4a8-ibovespa-400x200.webp\">\n\t\t\t\t<img loading=\"lazy\" decoding=\"async\" class=\"newsContent__article__imgCapa lazyloadDisabled newsContent__article__imgCapa--noCaption\" src=\"https:\/\/files.sunoresearch.com.br\/n\/uploads\/2018\/10\/0ccfc4a8-ibovespa-800x450.webp\" width=\"800\" height=\"450\" alt=\"Ibovespa tem leve alta com Previd\u00eancia seguindo para o plen\u00e1rio\" fetchpriority=high \/>\n\t\t\t<\/picture>\n\n\t\t\t<figcaption class=\"wp-caption-text wp-caption-text--hide\">O Ibovespa abriu em queda nesta quarta-feira (17), ap\u00f3s o feriado de Carnaval, seguindo as bolsas mundiais. <\/figcaption>\n\t\t<\/figure>\n\t<\/div>\n\n\n<p>O texto agora segue para o plen\u00e1rio da C\u00e2mara, a \u00faltima etapa da Casa, antes de chegar no Senado Federal. Ser\u00e3o necess\u00e1rios 308 votos para aprova\u00e7\u00e3o, do total de 513 deputados. O <strong>Ibovespa<\/strong> desfruta do otimismo do mercado financeiro, que espera que a vota\u00e7\u00e3o em plen\u00e1rio ocorra antes do recesso parlamentar, cujo in\u00edcio \u00e9 em 18 de julho.<\/p>\n<p>Ainda no radar do \u00edndice acion\u00e1rio, o destaque positivo do preg\u00e3o fica com a <strong>Gol<\/strong>. Na contram\u00e3o, a <strong>Vale<\/strong> e a <strong>CSN<\/strong> tiveram um mau desempenho.<\/p>\n<p>A pontua\u00e7\u00e3o m\u00ednima do <strong>Ibovespa<\/strong> foi de\u00a0102.621,70 pontos e a m\u00e1xima de\u00a0104.175,90 pontos.<\/p>\n\t<p>\n\t\t<a href=\"https:\/\/lp.suno.com.br\/cl\/impacto-tarifas-trump\/?utm_source=sunoresearch&#038;utm_medium=banner.noticias&#038;utm_campaign=_SNC903E88AA_\" target=\"_blank\" data-element=\"shortcode-suno-banner\" title=\"Banner SUNO, clique e saiba mais\">\n\t\t\t<picture>\n\t\t\t\t<source media=\"(max-width: 500px)\" srcset=\"https:\/\/files.sunoresearch.com.br\/n\/uploads\/2025\/07\/trump-mobile.webp\">\n\t\t\t\t<img class=\"newsContent__article__imgCapa newsContent__article__imgCapa--banner\"\n\t\t\t\t\tsrc=\"https:\/\/files.sunoresearch.com.br\/n\/uploads\/2025\/07\/trump-banner-desktop.webp\"\n\t\t\t\t\tdata-promo-id=\"613126\"\t\t\t\t\t\t\t\t\t\twidth='1000' height='325'\t\t\t\t\talt=\"https:\/\/files.sunoresearch.com.br\/n\/uploads\/2025\/07\/trump-banner-desktop.webp\"\n\t\t\t\t>\n\t\t\t<\/picture>\n\t\t<\/a>\n\t<\/p>\n\n\n<h2>Reforma da Previd\u00eancia segue para plen\u00e1rio da C\u00e2mara<\/h2>\n<p>Ap\u00f3s mais de 16 horas de reuni\u00e3o, a comiss\u00e3o especial da C\u00e2mara dos Deputados finalizou a sess\u00e3o de vota\u00e7\u00e3o da <strong>reforma da Previd\u00eancia<\/strong> durante a madrugada desta sexta-feira.<\/p>\n<p>O parecer do relator Samuel Moreira (PSDB-SP) foi aprovado na tarde da v\u00e9spera com 36 votos a favor e 13 contra a aprova\u00e7\u00e3o. Posteriormente teve in\u00edcio a vota\u00e7\u00e3o dos 140 destaques, que s\u00e3o sugest\u00f5es feitas por parlamentares para serem inclusas no texto. Agora, a pauta segue para vota\u00e7\u00e3o em <strong>plen\u00e1rio<\/strong>.<\/p>\n<p>Na \u00faltima quinta-feira (4), o ministro da Economia, <strong><a href=\"https:\/\/www.suno.com.br\/tudo-sobre\/paulo-guedes\/\">Paulo Guedes<\/a><\/strong>, afirmou que acredita que a \u201cC\u00e2mara\u00a0vai aprovar antes das f\u00e9rias. Eu confio no trabalho do Congresso brasileiro. Acho que na semana que vem teremos isso aprovado\u201d.<\/p>\n<p>Assim, a reforma da Previd\u00eancia deve ser votada no plen\u00e1rio antes de 18 de julho, data em que come\u00e7a o recesso parlamentar.<\/p>\n<p><a href=\"https:\/\/www.suno.com.br\/noticias\/comissao-retira-policiais-e-bombeiros-reforma-previdencia\/?\">Saiba mais &#8211;\u00a0Comiss\u00e3o retira policiais militares e bombeiros da reforma da Previd\u00eancia<\/a><\/p>\n<h2>Gol lidera ganhos do Ibovespa pelo segundo dia consecutivo<\/h2>\n<p>A Gol (GOLL4) obteve alta de 6,5% na <a href=\"https:\/\/www.suno.com.br\/artigos\/oferta-demanda\/\">demanda<\/a> de seus voos no mercado brasileiro em junho deste ano, na compara\u00e7\u00e3o com o mesmo per\u00edodo do ano passado. A oferta manteve-se est\u00e1vel, conforme dados preliminares obtidos pela ag\u00eancia &#8220;Reuters&#8221; nesta sexta-feira (5).<\/p>\n<p>Os dados tornaram a <strong>Gol<\/strong> a l\u00edder dos ganhos do <strong>Ibovespa<\/strong> pela segunda vez em seguida.<\/p>\n<p><a href=\"https:\/\/www.suno.com.br\/noticias\/gol-desempenho-junho-acao-sobe\/\">Saiba mais &#8211;\u00a0A\u00e7\u00e3o da Gol sobe 6% com desempenho da companhia em junho<\/a><\/p>\n<h2>Queda do min\u00e9rio de ferro puxa Vale, Bradespar e CSN para baixo<\/h2>\n<p>Os <a href=\"https:\/\/www.suno.com.br\/artigos\/mercado-futuro\/\">contratos futuros<\/a> de min\u00e9rio de ferro negociados na Bolsa de Valores de Dalian, na China, com vencimento para setembro de 2019, encerraram em queda de 5,85% a\u00a0829,50 iuanes por tonelada.<\/p>\n<p>Como consequ\u00eancia, as produtoras de min\u00e9rio de ferro no Brasil tamb\u00e9m lideravam as quedas no Ibovespa durante a tarde: a <strong>Vale<\/strong> (VALE3), a <strong>Companhia Sider\u00fargica Nacional<\/strong> (CSNA3), e a <a href=\"https:\/\/www.suno.com.br\/artigos\/holding\/\">holding<\/a> do Bradesco, a <strong>Bradespar<\/strong> que t\u00eam capital significativo investido na Vale.<\/p>\n<p><a href=\"https:\/\/www.suno.com.br\/noticias\/minerio-ferro-csn-vale-bradespar\/\">Saiba mais &#8211;\u00a0Vale, Bradespar e CSN t\u00eam desvaloriza\u00e7\u00e3o com baixa do min\u00e9rio de ferro<\/a><\/p>\n<h2>Bolsas internacionais<\/h2>\n<ul>\n<li>Nasdaq (Estados Unidos): queda de 0,10%<\/li>\n<li>FTSE 100 (Reino Unido): queda de 0,66%<\/li>\n<li>Nikkei (Jap\u00e3o): alta de 0,20%<\/li>\n<li>CAC40 (Fran\u00e7a): queda de 0,48%<\/li>\n<\/ul>\n<h2>Maiores altas do Ibovespa<\/h2>\n<ul>\n<li>GOLL4 alta de 6,23% (R$ 40,40)<\/li>\n<li>BTOW3 alta\u00a0de 4,38% (R$ 35,78)<\/li>\n<li>AZUL4 alta\u00a0de 3,64% (R$ 48,45)<\/li>\n<li>JBSS3 alta\u00a0de 3,45% (R$ 24,29)<\/li>\n<li>FLRY3 alta\u00a0de 3,27% (R$ 22,72)<\/li>\n<\/ul>\n<h2>Maiores quedas do Ibovespa<\/h2>\n<ul>\n<li>BRAP4 queda de 2,74% (R$ 31,54)<\/li>\n<li>VALE3 queda de 2,54% (R$ 50,36)<\/li>\n<li>CIEL3 queda de 1,86% (R$ 6,87)<\/li>\n<li>NATU3 queda de 1,52% (R$ 57,61)<\/li>\n<li>CSNA3 queda de 1,3% (R$ 16,70)<\/li>\n<\/ul>\n","protected":false},"excerpt":{"rendered":"<p>Ap\u00f3s a aprova\u00e7\u00e3o da reforma da Previd\u00eancia na \u00faltima quinta-feira (4) na comiss\u00e3o especial da C\u00e2mara, e o recorde superior a 103 mil pontos, o Ibovespa encerra esta sexta-feira (5) com leve alta de\u00a00,44% e um novo marco hist\u00f3rico:\u00a0104.089,47 pontos. O Ibovespa abriu em queda nesta quarta-feira (17), ap\u00f3s o feriado de Carnaval, seguindo as [&hellip;]<\/p>\n","protected":false},"author":12,"featured_media":4617,"comment_status":"closed","ping_status":"closed","sticky":false,"template":"","format":"standard","meta":[],"categories":[60],"tags":[286,393,938,1388,489,721,940,676],"suno_strategy":[],"class_list":["post-30261","post","type-post","status-publish","format-standard","has-post-thumbnail","hentry","category-mercado","tag-acoes","tag-bradespar-brap3-brap4","tag-camara-dos-deputados","tag-csn-csna3","tag-gol-linhas-aereas-goll11-goll4","tag-ibovespa","tag-reforma-da-previdencia","tag-vale-vale3"],"yoast_head":"<!-- This site is optimized with the Yoast SEO plugin v24.4 - https:\/\/yoast.com\/wordpress\/plugins\/seo\/ -->\n<title>Ibovespa tem leve alta com Previd\u00eancia seguindo para o plen\u00e1rio<\/title>\n<meta name=\"description\" content=\"O Ibovespa encerrou em leve alta nesta sexta-feira (5) com a reforma da Previd\u00eancia seguindo para o plen\u00e1rio da C\u00e2mara. Clique para saber mais\" \/>\n<meta name=\"robots\" content=\"index, follow, max-snippet:-1, max-image-preview:large, max-video-preview:-1\" \/>\n<link rel=\"canonical\" href=\"https:\/\/www.suno.com.br\/noticias\/ibovespa-fechamento-05072019\/\" \/>\n<meta property=\"og:locale\" content=\"pt_BR\" \/>\n<meta property=\"og:type\" content=\"article\" \/>\n<meta property=\"og:title\" content=\"Ibovespa tem leve alta com Previd\u00eancia seguindo para o plen\u00e1rio\" \/>\n<meta property=\"og:description\" content=\"O Ibovespa encerrou em leve alta nesta sexta-feira (5) com a reforma da Previd\u00eancia seguindo para o plen\u00e1rio da C\u00e2mara. Clique para saber mais\" \/>\n<meta property=\"og:url\" content=\"https:\/\/www.suno.com.br\/noticias\/ibovespa-fechamento-05072019\/\" \/>\n<meta property=\"og:site_name\" content=\"Suno Not\u00edcias\" \/>\n<meta property=\"article:publisher\" content=\"https:\/\/facebook.com\/sunoresearch\" \/>\n<meta property=\"og:image\" content=\"https:\/\/files.sunoresearch.com.br\/n\/uploads\/2018\/10\/0ccfc4a8-ibovespa.jpg\" \/>\n\t<meta property=\"og:image:width\" content=\"1920\" \/>\n\t<meta property=\"og:image:height\" content=\"1440\" \/>\n\t<meta property=\"og:image:type\" content=\"image\/jpeg\" \/>\n<meta name=\"author\" content=\"Amanda Gushiken\" \/>\n<meta name=\"twitter:card\" content=\"summary_large_image\" \/>\n<meta name=\"twitter:creator\" content=\"@sunoresearch\" \/>\n<meta name=\"twitter:site\" content=\"@sunoresearch\" \/>\n<meta name=\"twitter:label1\" content=\"Escrito por\" \/>\n\t<meta name=\"twitter:data1\" content=\"Amanda Gushiken\" \/>\n\t<meta name=\"twitter:label2\" content=\"Est. tempo de leitura\" \/>\n\t<meta name=\"twitter:data2\" content=\"3 minutos\" \/>\n<script type=\"application\/ld+json\" class=\"yoast-schema-graph\">{\"@context\":\"https:\/\/schema.org\",\"@graph\":[{\"@type\":\"NewsArticle\",\"@id\":\"https:\/\/www.suno.com.br\/noticias\/ibovespa-fechamento-05072019\/#article\",\"isPartOf\":{\"@id\":\"https:\/\/www.suno.com.br\/noticias\/ibovespa-fechamento-05072019\/\"},\"author\":{\"name\":\"Amanda Gushiken\",\"@id\":\"https:\/\/www.suno.com.br\/noticias\/#\/schema\/person\/a5b06fa4e879d8e8e119c6ed3cd630d1\"},\"headline\":\"Ibovespa tem leve alta com Previd\u00eancia seguindo para o plen\u00e1rio\",\"datePublished\":\"2019-07-05T20:30:31+00:00\",\"mainEntityOfPage\":{\"@id\":\"https:\/\/www.suno.com.br\/noticias\/ibovespa-fechamento-05072019\/\"},\"wordCount\":603,\"publisher\":{\"@id\":\"https:\/\/www.suno.com.br\/noticias\/#organization\"},\"image\":{\"@id\":\"https:\/\/www.suno.com.br\/noticias\/ibovespa-fechamento-05072019\/#primaryimage\"},\"thumbnailUrl\":\"https:\/\/files.sunoresearch.com.br\/n\/uploads\/2018\/10\/0ccfc4a8-ibovespa-jpg.webp\",\"keywords\":[\"A\u00e7\u00f5es\",\"Bradespar (BRAP3\/BRAP4)\",\"C\u00e2mara dos Deputados\",\"CSN (CSNA3)\",\"Gol Linhas A\u00e9reas (GOLL11\/GOLL4)\",\"Ibovespa\",\"Reforma da Previd\u00eancia\",\"Vale (VALE3)\"],\"articleSection\":[\"Mercado\"],\"inLanguage\":\"pt-BR\"},{\"@type\":\"WebPage\",\"@id\":\"https:\/\/www.suno.com.br\/noticias\/ibovespa-fechamento-05072019\/\",\"url\":\"https:\/\/www.suno.com.br\/noticias\/ibovespa-fechamento-05072019\/\",\"name\":\"Ibovespa tem leve alta com Previd\u00eancia seguindo para o plen\u00e1rio\",\"isPartOf\":{\"@id\":\"https:\/\/www.suno.com.br\/noticias\/#website\"},\"primaryImageOfPage\":{\"@id\":\"https:\/\/www.suno.com.br\/noticias\/ibovespa-fechamento-05072019\/#primaryimage\"},\"image\":{\"@id\":\"https:\/\/www.suno.com.br\/noticias\/ibovespa-fechamento-05072019\/#primaryimage\"},\"thumbnailUrl\":\"https:\/\/files.sunoresearch.com.br\/n\/uploads\/2018\/10\/0ccfc4a8-ibovespa-jpg.webp\",\"datePublished\":\"2019-07-05T20:30:31+00:00\",\"description\":\"O Ibovespa encerrou em leve alta nesta sexta-feira (5) com a reforma da Previd\u00eancia seguindo para o plen\u00e1rio da C\u00e2mara. Clique para saber mais\",\"breadcrumb\":{\"@id\":\"https:\/\/www.suno.com.br\/noticias\/ibovespa-fechamento-05072019\/#breadcrumb\"},\"inLanguage\":\"pt-BR\",\"potentialAction\":[{\"@type\":\"ReadAction\",\"target\":[\"https:\/\/www.suno.com.br\/noticias\/ibovespa-fechamento-05072019\/\"]}]},{\"@type\":\"ImageObject\",\"inLanguage\":\"pt-BR\",\"@id\":\"https:\/\/www.suno.com.br\/noticias\/ibovespa-fechamento-05072019\/#primaryimage\",\"url\":\"https:\/\/files.sunoresearch.com.br\/n\/uploads\/2018\/10\/0ccfc4a8-ibovespa-jpg.webp\",\"contentUrl\":\"https:\/\/files.sunoresearch.com.br\/n\/uploads\/2018\/10\/0ccfc4a8-ibovespa-jpg.webp\",\"width\":1920,\"height\":1440,\"caption\":\"O Ibovespa abriu em queda nesta quarta-feira (17), ap\u00f3s o feriado de Carnaval, seguindo as bolsas mundiais.\"},{\"@type\":\"BreadcrumbList\",\"@id\":\"https:\/\/www.suno.com.br\/noticias\/ibovespa-fechamento-05072019\/#breadcrumb\",\"itemListElement\":[{\"@type\":\"ListItem\",\"position\":1,\"name\":\"Not\u00edcias\",\"item\":\"https:\/\/www.suno.com.br\/noticias\/\"},{\"@type\":\"ListItem\",\"position\":2,\"name\":\"Mercado\",\"item\":\"https:\/\/www.suno.com.br\/noticias\/mercado\/\"},{\"@type\":\"ListItem\",\"position\":3,\"name\":\"Ibovespa tem leve alta com Previd\u00eancia seguindo para o plen\u00e1rio\"}]},{\"@type\":\"WebSite\",\"@id\":\"https:\/\/www.suno.com.br\/noticias\/#website\",\"url\":\"https:\/\/www.suno.com.br\/noticias\/\",\"name\":\"Suno Not\u00edcias\",\"description\":\"Seu portal de informa\u00e7\u00e3o sobre o mundo dos investimentos\",\"publisher\":{\"@id\":\"https:\/\/www.suno.com.br\/noticias\/#organization\"},\"potentialAction\":[{\"@type\":\"SearchAction\",\"target\":{\"@type\":\"EntryPoint\",\"urlTemplate\":\"https:\/\/www.suno.com.br\/noticias\/?s={search_term_string}\"},\"query-input\":{\"@type\":\"PropertyValueSpecification\",\"valueRequired\":true,\"valueName\":\"search_term_string\"}}],\"inLanguage\":\"pt-BR\"},{\"@type\":\"Organization\",\"@id\":\"https:\/\/www.suno.com.br\/noticias\/#organization\",\"name\":\"Suno Not\u00edcias\",\"url\":\"https:\/\/www.suno.com.br\/noticias\/\",\"logo\":{\"@type\":\"ImageObject\",\"inLanguage\":\"pt-BR\",\"@id\":\"https:\/\/www.suno.com.br\/noticias\/#\/schema\/logo\/image\/\",\"url\":\"https:\/\/files.sunoresearch.com.br\/n\/uploads\/2021\/09\/suno-logo.png\",\"contentUrl\":\"https:\/\/files.sunoresearch.com.br\/n\/uploads\/2021\/09\/suno-logo.png\",\"width\":180,\"height\":180,\"caption\":\"Suno Not\u00edcias\"},\"image\":{\"@id\":\"https:\/\/www.suno.com.br\/noticias\/#\/schema\/logo\/image\/\"},\"sameAs\":[\"https:\/\/facebook.com\/sunoresearch\",\"https:\/\/x.com\/sunoresearch\",\"https:\/\/www.instagram.com\/suno\",\"https:\/\/www.linkedin.com\/company\/suno-research\/\",\"https:\/\/www.youtube.com\/c\/sunoresearch\"]},{\"@type\":\"Person\",\"@id\":\"https:\/\/www.suno.com.br\/noticias\/#\/schema\/person\/a5b06fa4e879d8e8e119c6ed3cd630d1\",\"name\":\"Amanda Gushiken\",\"image\":{\"@type\":\"ImageObject\",\"inLanguage\":\"pt-BR\",\"@id\":\"https:\/\/www.suno.com.br\/noticias\/#\/schema\/person\/image\/\",\"url\":\"https:\/\/secure.gravatar.com\/avatar\/ecd84705e6b65e3685ae80d725501fbe?s=96&r=g\",\"contentUrl\":\"https:\/\/secure.gravatar.com\/avatar\/ecd84705e6b65e3685ae80d725501fbe?s=96&r=g\",\"caption\":\"Amanda Gushiken\"},\"description\":\"Amanda Sayuri Gushiken escreve sobre finan\u00e7as e neg\u00f3cios para o portal Suno Not\u00edcias. Antes, trabalhou selecionando not\u00edcias da imprensa para clientes do mercado financeiro. Tamb\u00e9m desenvolveu pesquisa acad\u00eamica pela Universidade Anhembi Morumbi na \u00e1rea de Teorias da Comunica\u00e7\u00e3o e \u00e9 fot\u00f3grafa nas horas vagas.\",\"url\":\"https:\/\/www.suno.com.br\/noticias\/author\/amanda\/\"}]}<\/script>\n<!-- \/ Yoast SEO plugin. -->","yoast_head_json":{"title":"Ibovespa tem leve alta com Previd\u00eancia seguindo para o plen\u00e1rio","description":"O Ibovespa encerrou em leve alta nesta sexta-feira (5) com a reforma da Previd\u00eancia seguindo para o plen\u00e1rio da C\u00e2mara. Clique para saber mais","robots":{"index":"index","follow":"follow","max-snippet":"max-snippet:-1","max-image-preview":"max-image-preview:large","max-video-preview":"max-video-preview:-1"},"canonical":"https:\/\/www.suno.com.br\/noticias\/ibovespa-fechamento-05072019\/","og_locale":"pt_BR","og_type":"article","og_title":"Ibovespa tem leve alta com Previd\u00eancia seguindo para o plen\u00e1rio","og_description":"O Ibovespa encerrou em leve alta nesta sexta-feira (5) com a reforma da Previd\u00eancia seguindo para o plen\u00e1rio da C\u00e2mara. Clique para saber mais","og_url":"https:\/\/www.suno.com.br\/noticias\/ibovespa-fechamento-05072019\/","og_site_name":"Suno Not\u00edcias","article_publisher":"https:\/\/facebook.com\/sunoresearch","og_image":[{"width":1920,"height":1440,"url":"https:\/\/files.sunoresearch.com.br\/n\/uploads\/2018\/10\/0ccfc4a8-ibovespa.jpg","type":"image\/jpeg"}],"author":"Amanda Gushiken","twitter_card":"summary_large_image","twitter_creator":"@sunoresearch","twitter_site":"@sunoresearch","twitter_misc":{"Escrito por":"Amanda Gushiken","Est. tempo de leitura":"3 minutos"},"schema":{"@context":"https:\/\/schema.org","@graph":[{"@type":"NewsArticle","@id":"https:\/\/www.suno.com.br\/noticias\/ibovespa-fechamento-05072019\/#article","isPartOf":{"@id":"https:\/\/www.suno.com.br\/noticias\/ibovespa-fechamento-05072019\/"},"author":{"name":"Amanda Gushiken","@id":"https:\/\/www.suno.com.br\/noticias\/#\/schema\/person\/a5b06fa4e879d8e8e119c6ed3cd630d1"},"headline":"Ibovespa tem leve alta com Previd\u00eancia seguindo para o plen\u00e1rio","datePublished":"2019-07-05T20:30:31+00:00","mainEntityOfPage":{"@id":"https:\/\/www.suno.com.br\/noticias\/ibovespa-fechamento-05072019\/"},"wordCount":603,"publisher":{"@id":"https:\/\/www.suno.com.br\/noticias\/#organization"},"image":{"@id":"https:\/\/www.suno.com.br\/noticias\/ibovespa-fechamento-05072019\/#primaryimage"},"thumbnailUrl":"https:\/\/files.sunoresearch.com.br\/n\/uploads\/2018\/10\/0ccfc4a8-ibovespa-jpg.webp","keywords":["A\u00e7\u00f5es","Bradespar (BRAP3\/BRAP4)","C\u00e2mara dos Deputados","CSN (CSNA3)","Gol Linhas A\u00e9reas (GOLL11\/GOLL4)","Ibovespa","Reforma da Previd\u00eancia","Vale (VALE3)"],"articleSection":["Mercado"],"inLanguage":"pt-BR"},{"@type":"WebPage","@id":"https:\/\/www.suno.com.br\/noticias\/ibovespa-fechamento-05072019\/","url":"https:\/\/www.suno.com.br\/noticias\/ibovespa-fechamento-05072019\/","name":"Ibovespa tem leve alta com Previd\u00eancia seguindo para o plen\u00e1rio","isPartOf":{"@id":"https:\/\/www.suno.com.br\/noticias\/#website"},"primaryImageOfPage":{"@id":"https:\/\/www.suno.com.br\/noticias\/ibovespa-fechamento-05072019\/#primaryimage"},"image":{"@id":"https:\/\/www.suno.com.br\/noticias\/ibovespa-fechamento-05072019\/#primaryimage"},"thumbnailUrl":"https:\/\/files.sunoresearch.com.br\/n\/uploads\/2018\/10\/0ccfc4a8-ibovespa-jpg.webp","datePublished":"2019-07-05T20:30:31+00:00","description":"O Ibovespa encerrou em leve alta nesta sexta-feira (5) com a reforma da Previd\u00eancia seguindo para o plen\u00e1rio da C\u00e2mara. Clique para saber mais","breadcrumb":{"@id":"https:\/\/www.suno.com.br\/noticias\/ibovespa-fechamento-05072019\/#breadcrumb"},"inLanguage":"pt-BR","potentialAction":[{"@type":"ReadAction","target":["https:\/\/www.suno.com.br\/noticias\/ibovespa-fechamento-05072019\/"]}]},{"@type":"ImageObject","inLanguage":"pt-BR","@id":"https:\/\/www.suno.com.br\/noticias\/ibovespa-fechamento-05072019\/#primaryimage","url":"https:\/\/files.sunoresearch.com.br\/n\/uploads\/2018\/10\/0ccfc4a8-ibovespa-jpg.webp","contentUrl":"https:\/\/files.sunoresearch.com.br\/n\/uploads\/2018\/10\/0ccfc4a8-ibovespa-jpg.webp","width":1920,"height":1440,"caption":"O Ibovespa abriu em queda nesta quarta-feira (17), ap\u00f3s o feriado de Carnaval, seguindo as bolsas mundiais."},{"@type":"BreadcrumbList","@id":"https:\/\/www.suno.com.br\/noticias\/ibovespa-fechamento-05072019\/#breadcrumb","itemListElement":[{"@type":"ListItem","position":1,"name":"Not\u00edcias","item":"https:\/\/www.suno.com.br\/noticias\/"},{"@type":"ListItem","position":2,"name":"Mercado","item":"https:\/\/www.suno.com.br\/noticias\/mercado\/"},{"@type":"ListItem","position":3,"name":"Ibovespa tem leve alta com Previd\u00eancia seguindo para o plen\u00e1rio"}]},{"@type":"WebSite","@id":"https:\/\/www.suno.com.br\/noticias\/#website","url":"https:\/\/www.suno.com.br\/noticias\/","name":"Suno Not\u00edcias","description":"Seu portal de informa\u00e7\u00e3o sobre o mundo dos investimentos","publisher":{"@id":"https:\/\/www.suno.com.br\/noticias\/#organization"},"potentialAction":[{"@type":"SearchAction","target":{"@type":"EntryPoint","urlTemplate":"https:\/\/www.suno.com.br\/noticias\/?s={search_term_string}"},"query-input":{"@type":"PropertyValueSpecification","valueRequired":true,"valueName":"search_term_string"}}],"inLanguage":"pt-BR"},{"@type":"Organization","@id":"https:\/\/www.suno.com.br\/noticias\/#organization","name":"Suno Not\u00edcias","url":"https:\/\/www.suno.com.br\/noticias\/","logo":{"@type":"ImageObject","inLanguage":"pt-BR","@id":"https:\/\/www.suno.com.br\/noticias\/#\/schema\/logo\/image\/","url":"https:\/\/files.sunoresearch.com.br\/n\/uploads\/2021\/09\/suno-logo.png","contentUrl":"https:\/\/files.sunoresearch.com.br\/n\/uploads\/2021\/09\/suno-logo.png","width":180,"height":180,"caption":"Suno Not\u00edcias"},"image":{"@id":"https:\/\/www.suno.com.br\/noticias\/#\/schema\/logo\/image\/"},"sameAs":["https:\/\/facebook.com\/sunoresearch","https:\/\/x.com\/sunoresearch","https:\/\/www.instagram.com\/suno","https:\/\/www.linkedin.com\/company\/suno-research\/","https:\/\/www.youtube.com\/c\/sunoresearch"]},{"@type":"Person","@id":"https:\/\/www.suno.com.br\/noticias\/#\/schema\/person\/a5b06fa4e879d8e8e119c6ed3cd630d1","name":"Amanda Gushiken","image":{"@type":"ImageObject","inLanguage":"pt-BR","@id":"https:\/\/www.suno.com.br\/noticias\/#\/schema\/person\/image\/","url":"https:\/\/secure.gravatar.com\/avatar\/ecd84705e6b65e3685ae80d725501fbe?s=96&r=g","contentUrl":"https:\/\/secure.gravatar.com\/avatar\/ecd84705e6b65e3685ae80d725501fbe?s=96&r=g","caption":"Amanda Gushiken"},"description":"Amanda Sayuri Gushiken escreve sobre finan\u00e7as e neg\u00f3cios para o portal Suno Not\u00edcias. Antes, trabalhou selecionando not\u00edcias da imprensa para clientes do mercado financeiro. Tamb\u00e9m desenvolveu pesquisa acad\u00eamica pela Universidade Anhembi Morumbi na \u00e1rea de Teorias da Comunica\u00e7\u00e3o e \u00e9 fot\u00f3grafa nas horas vagas.","url":"https:\/\/www.suno.com.br\/noticias\/author\/amanda\/"}]}},"default_loop_html":"<div class=\"cardsPage__listCard__boxs\"><div class=\"cardsPage__listCard__boxs__img\"><a href=\"https:\/\/www.suno.com.br\/noticias\/ibovespa-fechamento-05072019\/\"><img class=\"mask\" src=\"https:\/\/www.suno.com.br\/noticias\/wp-content\/themes\/suno\/resources\/images\/spotlight\/spotlight1img\/bg-mask.png\" alt=\"Image Mask\"\/><img src=\"https:\/\/files.sunoresearch.com.br\/n\/uploads\/2018\/10\/0ccfc4a8-ibovespa-400x200.webp\" alt=\"Ibovespa tem leve alta com Previd\u00eancia seguindo para o plen\u00e1rio\"\/><\/a><span class=\"spotlightCategory\"><a href=\"https:\/\/www.suno.com.br\/noticias\/mercado\/\">Mercado<\/a><\/span><\/div><div class=\"cardsPage__listCard__boxs__content\"><a href=\"https:\/\/www.suno.com.br\/noticias\/ibovespa-fechamento-05072019\/\"><h2 class=\"content__title\">Ibovespa tem leve alta com Previd\u00eancia seguindo para o plen\u00e1rio<\/h2><\/a><div class=\"newsContent__article__meta\"><div class=\"newsContent__article__meta__authorBox\"><a href=\"https:\/\/www.suno.com.br\/noticias\/author\/amanda\/\" class=\"authorBox__avatar noMobi\"><img src=\"https:\/\/files.sunoresearch.com.br\/n\/uploads\/2018\/11\/c6ad30be-amanda-150x150.webp\" alt=\"Amanda Gushiken\"><\/a><div class=\"authorBox__name\"><span>por\n\t\t\t<a href=\"https:\/\/www.suno.com.br\/noticias\/author\/amanda\/\"><span itemprop=\"author\">Amanda Gushiken<\/span><\/a><\/span><time datetime=\"2019-07-05T17:30:31-03:00\" itemprop=\"datePublished\">05\/07\/2019 17:30<\/time><\/div><\/div><\/div><\/div><\/div>","single_layout":"posts","amp_enabled":true,"_links":{"self":[{"href":"https:\/\/www.suno.com.br\/noticias\/wp-json\/wp\/v2\/posts\/30261"}],"collection":[{"href":"https:\/\/www.suno.com.br\/noticias\/wp-json\/wp\/v2\/posts"}],"about":[{"href":"https:\/\/www.suno.com.br\/noticias\/wp-json\/wp\/v2\/types\/post"}],"author":[{"embeddable":true,"href":"https:\/\/www.suno.com.br\/noticias\/wp-json\/wp\/v2\/users\/12"}],"replies":[{"embeddable":true,"href":"https:\/\/www.suno.com.br\/noticias\/wp-json\/wp\/v2\/comments?post=30261"}],"version-history":[{"count":0,"href":"https:\/\/www.suno.com.br\/noticias\/wp-json\/wp\/v2\/posts\/30261\/revisions"}],"wp:featuredmedia":[{"embeddable":true,"href":"https:\/\/www.suno.com.br\/noticias\/wp-json\/wp\/v2\/media\/4617"}],"wp:attachment":[{"href":"https:\/\/www.suno.com.br\/noticias\/wp-json\/wp\/v2\/media?parent=30261"}],"wp:term":[{"taxonomy":"category","embeddable":true,"href":"https:\/\/www.suno.com.br\/noticias\/wp-json\/wp\/v2\/categories?post=30261"},{"taxonomy":"post_tag","embeddable":true,"href":"https:\/\/www.suno.com.br\/noticias\/wp-json\/wp\/v2\/tags?post=30261"},{"taxonomy":"suno_strategy","embeddable":true,"href":"https:\/\/www.suno.com.br\/noticias\/wp-json\/wp\/v2\/suno_strategy?post=30261"}],"curies":[{"name":"wp","href":"https:\/\/api.w.org\/{rel}","templated":true}]}}