{"id":30240,"date":"2019-07-05T15:06:17","date_gmt":"2019-07-05T18:06:17","guid":{"rendered":"https:\/\/www.suno.com.br\/noticias\/?p=30240"},"modified":"2019-07-05T18:52:13","modified_gmt":"2019-07-05T21:52:13","slug":"gol-desempenho-junho-acao-sobe","status":"publish","type":"post","link":"https:\/\/www.suno.com.br\/noticias\/gol-desempenho-junho-acao-sobe\/","title":{"rendered":"A\u00e7\u00f5es da Gol sobem 6% com desempenho da companhia em junho"},"content":{"rendered":"<p>A Gol (GOLL4) obteve alta de 6,5% na <strong><a href=\"https:\/\/www.suno.com.br\/artigos\/oferta-demanda\/\">demanda<\/a><\/strong> de seus voos no mercado brasileiro em junho deste ano, na compara\u00e7\u00e3o com o mesmo per\u00edodo do ano passado. A oferta manteve-se est\u00e1vel, conforme dados preliminares obtidos pela ag\u00eancia &#8220;Reuters&#8221; nesta sexta-feira (5).<\/p>\t<div class=\"wrapper-featured-image\">\n\t\t<figure class=\"spotlightImg\">\n\n\t\t\t<picture>\n\t\t\t\t<source media=\"(max-width: 768px)\" srcset=\"https:\/\/files.sunoresearch.com.br\/n\/uploads\/2019\/03\/b18cf601-gol-400x200.webp\">\n\t\t\t\t<img loading=\"lazy\" decoding=\"async\" class=\"newsContent__article__imgCapa lazyloadDisabled newsContent__article__imgCapa--noCaption\" src=\"https:\/\/files.sunoresearch.com.br\/n\/uploads\/2019\/03\/b18cf601-gol-800x450.webp\" width=\"800\" height=\"450\" alt=\"A\u00e7\u00f5es da Gol sobem 6% com desempenho da companhia em junho\" fetchpriority=high \/>\n\t\t\t<\/picture>\n\n\t\t\t<figcaption class=\"wp-caption-text wp-caption-text--hide\">Avi\u00e3o da Gol (foto: divulga\u00e7\u00e3o)<\/figcaption>\n\t\t<\/figure>\n\t<\/div>\n\n\n<p>Os dados provocaram o otimismo dos investidores, e as a\u00e7\u00f5es da <strong>Gol<\/strong> subiam 6,23% no fechamento da sess\u00e3o, sendo cotadas a R$ 40,40.<\/p>\n<p>No acumulado desta semana, at\u00e9 o mesmo hor\u00e1rio, a companhia a\u00e9rea apresentava alta de 23,92%, considerando a cota\u00e7\u00e3o do fechamento da \u00faltima sexta-feira (28) de R$ 32,60.<\/p>\n\t<p>\n\t\t<a href=\"https:\/\/lp.suno.com.br\/asset\/fundos\/suno-fic-fia\/\" target=\"_blank\" data-element=\"shortcode-suno-banner\" title=\"Banner SUNO, clique e saiba mais\">\n\t\t\t<picture>\n\t\t\t\t<source media=\"(max-width: 500px)\" srcset=\"https:\/\/files.sunoresearch.com.br\/n\/uploads\/2023\/10\/SUNO-FIC-FIA-400x300-Mobile-Artigos-5.png\">\n\t\t\t\t<img class=\"newsContent__article__imgCapa newsContent__article__imgCapa--banner\"\n\t\t\t\t\tsrc=\"https:\/\/files.sunoresearch.com.br\/n\/uploads\/2023\/10\/SUNO-FIC-FIA-1420x240-Banner-Artigos-1-_-Banner-Materias-4.png\"\n\t\t\t\t\tdata-promo-id=\"478742\"\t\t\t\t\t\t\t\t\t\twidth='2840' height='480'\t\t\t\t\talt=\"https:\/\/files.sunoresearch.com.br\/n\/uploads\/2023\/10\/SUNO-FIC-FIA-1420x240-Banner-Artigos-1-_-Banner-Materias-4.png\"\n\t\t\t\t>\n\t\t\t<\/picture>\n\t\t<\/a>\n\t<\/p>\n\n\n<p>Confira abaixo tr\u00eas motivos que auxiliaram os ganhos da Gol nesta semana:<\/p>\n<ul>\n<li>desempenho da <strong>companhia a\u00e9rea<\/strong> em junho;<\/li>\n<li>dados da Iata referentes ao tr\u00e1fego a\u00e9reo;<\/li>\n<li>e recomenda\u00e7\u00e3o do Goldman Sachs.<\/li>\n<\/ul>\n<h2>Desempenho da Gol em junho<\/h2>\n<p>A taxa de ocupa\u00e7\u00e3o dos voos dom\u00e9sticos da <strong>Gol<\/strong> subiu 5,2 pontos percentuais no m\u00eas passado, passando a 84,3%. Enquanto nos voos internacionais, a taxa de ocupa\u00e7\u00e3o foi de 75,5%, com alta de 13,4 p.p.<\/p>\n<p>Ainda nos voos internacionais, a <strong>demanda<\/strong> registrou crescimento de 116,4%, enquanto a <strong>oferta<\/strong> aumentou 78,1%.<\/p>\n<p><a href=\"https:\/\/www.suno.com.br\/noticias\/gol-smiles-reajuste-precos-passagens\/\">Saiba mais &#8211;\u00a0Gol notifica Smiles sobre reajuste de pre\u00e7os de passagens e milhas<\/a><\/p>\n<p>Deste modo, considerando-se os voos dom\u00e9sticos e internacionais, em junho a Gol:<\/p>\n<ul>\n<li>obteve demanda total 14,4% maior;<\/li>\n<li>obteve oferta total 7% maior;<\/li>\n<li>obteve <strong>taxa de ocupa\u00e7\u00e3o<\/strong> de 83%, com eleva\u00e7\u00e3o de 5,4 p.p.<\/li>\n<\/ul>\n<h2>Am\u00e9rica Latina lidera alta do tr\u00e1fego a\u00e9reo<\/h2>\n<p>A segunda causa que acelerou os ganhos da Gol no <a href=\"https:\/\/www.suno.com.br\/artigos\/ibovespa\/\">Ibovespa<\/a> foi a divulga\u00e7\u00e3o dos dados de tr\u00e1fego a\u00e9reo mundial na \u00faltima quinta-feira (4).<\/p>\n<p>De acordo com a <strong>Associa\u00e7\u00e3o Internacional de Transporte A\u00e9reo<\/strong> (Iata), o tr\u00e1fego a\u00e9reo mundial aumentou 4,5% em maio, ante o mesmo m\u00eas de 2018.<\/p>\n<p>A Iata inclui as 290 maiores companhias de a\u00e9reas do mundo. Segundo a associa\u00e7\u00e3o, a Am\u00e9rica Latina registrou aumento de 6,5% do tr\u00e1fego a\u00e9reo. Assim, a regi\u00e3o foi a que apresentou maior crescimento. O Brasil sozinho registrou alta de 1,3%.<\/p>\n<p><a href=\"https:\/\/www.suno.com.br\/noticias\/trafego-aereo-sobe\/\">Saiba mais &#8211;\u00a0Tr\u00e1fego a\u00e9reo mundial sobe 4,5% em maio; Am\u00e9rica Latina lidera aumento<\/a><\/p>\n<h2>Goldman Sachs recomenda compra das a\u00e7\u00f5es da companhia a\u00e9rea<\/h2>\n<p>Outro motivo que estimulou a valoriza\u00e7\u00e3o da <strong>Gol<\/strong> na <a href=\"https:\/\/www.suno.com.br\/artigos\/b3\/\">B3<\/a> (Brasil, Bolsa, Balc\u00e3o) foi a\u00a0recomenda\u00e7\u00e3o dos papeis da Gol para &#8220;compra&#8221; feita pelo\u00a0banco Goldman Sachs.<\/p>\n","protected":false},"excerpt":{"rendered":"<p>A Gol (GOLL4) obteve alta de 6,5% na demanda de seus voos no mercado brasileiro em junho deste ano, na compara\u00e7\u00e3o com o mesmo per\u00edodo do ano passado. A oferta manteve-se est\u00e1vel, conforme dados preliminares obtidos pela ag\u00eancia &#8220;Reuters&#8221; nesta sexta-feira (5). Avi\u00e3o da Gol (foto: divulga\u00e7\u00e3o) Os dados provocaram o otimismo dos investidores, e [&hellip;]<\/p>\n","protected":false},"author":12,"featured_media":17608,"comment_status":"closed","ping_status":"closed","sticky":false,"template":"","format":"standard","meta":[],"categories":[60],"tags":[286,367,489,721],"suno_strategy":[],"class_list":["post-30240","post","type-post","status-publish","format-standard","has-post-thumbnail","hentry","category-mercado","tag-acoes","tag-b3-b3sa3","tag-gol-linhas-aereas-goll11-goll4","tag-ibovespa"],"yoast_head":"<!-- This site is optimized with the Yoast SEO plugin v24.4 - https:\/\/yoast.com\/wordpress\/plugins\/seo\/ -->\n<title>A\u00e7\u00e3o da Gol sobe 6% com desempenho da companhia em junho<\/title>\n<meta name=\"description\" content=\"A a\u00e7\u00e3o da Gol apresenta valoriza\u00e7\u00e3o de 6% nesta sexta-feira (5); na semana, alta acumulada \u00e9 de 23%. Clique para saber mais.\" \/>\n<meta name=\"robots\" content=\"index, follow, max-snippet:-1, max-image-preview:large, max-video-preview:-1\" \/>\n<link rel=\"canonical\" href=\"https:\/\/www.suno.com.br\/noticias\/gol-desempenho-junho-acao-sobe\/\" \/>\n<meta property=\"og:locale\" content=\"pt_BR\" \/>\n<meta property=\"og:type\" content=\"article\" \/>\n<meta property=\"og:title\" content=\"A\u00e7\u00e3o da Gol sobe 6% com desempenho da companhia em junho\" \/>\n<meta property=\"og:description\" content=\"A a\u00e7\u00e3o da Gol apresenta valoriza\u00e7\u00e3o de 6% nesta sexta-feira (5); na semana, alta acumulada \u00e9 de 23%. Clique para saber mais.\" \/>\n<meta property=\"og:url\" content=\"https:\/\/www.suno.com.br\/noticias\/gol-desempenho-junho-acao-sobe\/\" \/>\n<meta property=\"og:site_name\" content=\"Suno Not\u00edcias\" \/>\n<meta property=\"article:publisher\" content=\"https:\/\/facebook.com\/sunoresearch\" \/>\n<meta property=\"og:image\" content=\"https:\/\/files.sunoresearch.com.br\/n\/uploads\/2019\/03\/b18cf601-gol.jpg\" \/>\n\t<meta property=\"og:image:width\" content=\"1024\" \/>\n\t<meta property=\"og:image:height\" content=\"683\" \/>\n\t<meta property=\"og:image:type\" content=\"image\/jpeg\" \/>\n<meta name=\"author\" content=\"Amanda Gushiken\" \/>\n<meta name=\"twitter:card\" content=\"summary_large_image\" \/>\n<meta name=\"twitter:creator\" content=\"@sunoresearch\" \/>\n<meta name=\"twitter:site\" content=\"@sunoresearch\" \/>\n<meta name=\"twitter:label1\" content=\"Escrito por\" \/>\n\t<meta name=\"twitter:data1\" content=\"Amanda Gushiken\" \/>\n\t<meta name=\"twitter:label2\" content=\"Est. tempo de leitura\" \/>\n\t<meta name=\"twitter:data2\" content=\"2 minutos\" \/>\n<script type=\"application\/ld+json\" class=\"yoast-schema-graph\">{\"@context\":\"https:\/\/schema.org\",\"@graph\":[{\"@type\":\"NewsArticle\",\"@id\":\"https:\/\/www.suno.com.br\/noticias\/gol-desempenho-junho-acao-sobe\/#article\",\"isPartOf\":{\"@id\":\"https:\/\/www.suno.com.br\/noticias\/gol-desempenho-junho-acao-sobe\/\"},\"author\":{\"name\":\"Amanda Gushiken\",\"@id\":\"https:\/\/www.suno.com.br\/noticias\/#\/schema\/person\/a5b06fa4e879d8e8e119c6ed3cd630d1\"},\"headline\":\"A\u00e7\u00f5es da Gol sobem 6% com desempenho da companhia em junho\",\"datePublished\":\"2019-07-05T18:06:17+00:00\",\"dateModified\":\"2019-07-05T21:52:13+00:00\",\"mainEntityOfPage\":{\"@id\":\"https:\/\/www.suno.com.br\/noticias\/gol-desempenho-junho-acao-sobe\/\"},\"wordCount\":408,\"publisher\":{\"@id\":\"https:\/\/www.suno.com.br\/noticias\/#organization\"},\"image\":{\"@id\":\"https:\/\/www.suno.com.br\/noticias\/gol-desempenho-junho-acao-sobe\/#primaryimage\"},\"thumbnailUrl\":\"https:\/\/files.sunoresearch.com.br\/n\/uploads\/2019\/03\/b18cf601-gol-jpg.webp\",\"keywords\":[\"A\u00e7\u00f5es\",\"B3 (B3SA3)\",\"Gol Linhas A\u00e9reas (GOLL11\/GOLL4)\",\"Ibovespa\"],\"articleSection\":[\"Mercado\"],\"inLanguage\":\"pt-BR\"},{\"@type\":\"WebPage\",\"@id\":\"https:\/\/www.suno.com.br\/noticias\/gol-desempenho-junho-acao-sobe\/\",\"url\":\"https:\/\/www.suno.com.br\/noticias\/gol-desempenho-junho-acao-sobe\/\",\"name\":\"A\u00e7\u00e3o da Gol sobe 6% com desempenho da companhia em junho\",\"isPartOf\":{\"@id\":\"https:\/\/www.suno.com.br\/noticias\/#website\"},\"primaryImageOfPage\":{\"@id\":\"https:\/\/www.suno.com.br\/noticias\/gol-desempenho-junho-acao-sobe\/#primaryimage\"},\"image\":{\"@id\":\"https:\/\/www.suno.com.br\/noticias\/gol-desempenho-junho-acao-sobe\/#primaryimage\"},\"thumbnailUrl\":\"https:\/\/files.sunoresearch.com.br\/n\/uploads\/2019\/03\/b18cf601-gol-jpg.webp\",\"datePublished\":\"2019-07-05T18:06:17+00:00\",\"dateModified\":\"2019-07-05T21:52:13+00:00\",\"description\":\"A a\u00e7\u00e3o da Gol apresenta valoriza\u00e7\u00e3o de 6% nesta sexta-feira (5); na semana, alta acumulada \u00e9 de 23%. Clique para saber mais.\",\"breadcrumb\":{\"@id\":\"https:\/\/www.suno.com.br\/noticias\/gol-desempenho-junho-acao-sobe\/#breadcrumb\"},\"inLanguage\":\"pt-BR\",\"potentialAction\":[{\"@type\":\"ReadAction\",\"target\":[\"https:\/\/www.suno.com.br\/noticias\/gol-desempenho-junho-acao-sobe\/\"]}]},{\"@type\":\"ImageObject\",\"inLanguage\":\"pt-BR\",\"@id\":\"https:\/\/www.suno.com.br\/noticias\/gol-desempenho-junho-acao-sobe\/#primaryimage\",\"url\":\"https:\/\/files.sunoresearch.com.br\/n\/uploads\/2019\/03\/b18cf601-gol-jpg.webp\",\"contentUrl\":\"https:\/\/files.sunoresearch.com.br\/n\/uploads\/2019\/03\/b18cf601-gol-jpg.webp\",\"width\":1024,\"height\":683,\"caption\":\"Avi\u00e3o da Gol (foto: divulga\u00e7\u00e3o)\"},{\"@type\":\"BreadcrumbList\",\"@id\":\"https:\/\/www.suno.com.br\/noticias\/gol-desempenho-junho-acao-sobe\/#breadcrumb\",\"itemListElement\":[{\"@type\":\"ListItem\",\"position\":1,\"name\":\"Not\u00edcias\",\"item\":\"https:\/\/www.suno.com.br\/noticias\/\"},{\"@type\":\"ListItem\",\"position\":2,\"name\":\"Mercado\",\"item\":\"https:\/\/www.suno.com.br\/noticias\/mercado\/\"},{\"@type\":\"ListItem\",\"position\":3,\"name\":\"A\u00e7\u00f5es da Gol sobem 6% com desempenho da companhia em junho\"}]},{\"@type\":\"WebSite\",\"@id\":\"https:\/\/www.suno.com.br\/noticias\/#website\",\"url\":\"https:\/\/www.suno.com.br\/noticias\/\",\"name\":\"Suno Not\u00edcias\",\"description\":\"Seu portal de informa\u00e7\u00e3o sobre o mundo dos investimentos\",\"publisher\":{\"@id\":\"https:\/\/www.suno.com.br\/noticias\/#organization\"},\"potentialAction\":[{\"@type\":\"SearchAction\",\"target\":{\"@type\":\"EntryPoint\",\"urlTemplate\":\"https:\/\/www.suno.com.br\/noticias\/?s={search_term_string}\"},\"query-input\":{\"@type\":\"PropertyValueSpecification\",\"valueRequired\":true,\"valueName\":\"search_term_string\"}}],\"inLanguage\":\"pt-BR\"},{\"@type\":\"Organization\",\"@id\":\"https:\/\/www.suno.com.br\/noticias\/#organization\",\"name\":\"Suno Not\u00edcias\",\"url\":\"https:\/\/www.suno.com.br\/noticias\/\",\"logo\":{\"@type\":\"ImageObject\",\"inLanguage\":\"pt-BR\",\"@id\":\"https:\/\/www.suno.com.br\/noticias\/#\/schema\/logo\/image\/\",\"url\":\"https:\/\/files.sunoresearch.com.br\/n\/uploads\/2021\/09\/suno-logo.png\",\"contentUrl\":\"https:\/\/files.sunoresearch.com.br\/n\/uploads\/2021\/09\/suno-logo.png\",\"width\":180,\"height\":180,\"caption\":\"Suno Not\u00edcias\"},\"image\":{\"@id\":\"https:\/\/www.suno.com.br\/noticias\/#\/schema\/logo\/image\/\"},\"sameAs\":[\"https:\/\/facebook.com\/sunoresearch\",\"https:\/\/x.com\/sunoresearch\",\"https:\/\/www.instagram.com\/suno\",\"https:\/\/www.linkedin.com\/company\/suno-research\/\",\"https:\/\/www.youtube.com\/c\/sunoresearch\"]},{\"@type\":\"Person\",\"@id\":\"https:\/\/www.suno.com.br\/noticias\/#\/schema\/person\/a5b06fa4e879d8e8e119c6ed3cd630d1\",\"name\":\"Amanda Gushiken\",\"image\":{\"@type\":\"ImageObject\",\"inLanguage\":\"pt-BR\",\"@id\":\"https:\/\/www.suno.com.br\/noticias\/#\/schema\/person\/image\/\",\"url\":\"https:\/\/secure.gravatar.com\/avatar\/ecd84705e6b65e3685ae80d725501fbe?s=96&r=g\",\"contentUrl\":\"https:\/\/secure.gravatar.com\/avatar\/ecd84705e6b65e3685ae80d725501fbe?s=96&r=g\",\"caption\":\"Amanda Gushiken\"},\"description\":\"Amanda Sayuri Gushiken escreve sobre finan\u00e7as e neg\u00f3cios para o portal Suno Not\u00edcias. Antes, trabalhou selecionando not\u00edcias da imprensa para clientes do mercado financeiro. Tamb\u00e9m desenvolveu pesquisa acad\u00eamica pela Universidade Anhembi Morumbi na \u00e1rea de Teorias da Comunica\u00e7\u00e3o e \u00e9 fot\u00f3grafa nas horas vagas.\",\"url\":\"https:\/\/www.suno.com.br\/noticias\/author\/amanda\/\"}]}<\/script>\n<!-- \/ Yoast SEO plugin. -->","yoast_head_json":{"title":"A\u00e7\u00e3o da Gol sobe 6% com desempenho da companhia em junho","description":"A a\u00e7\u00e3o da Gol apresenta valoriza\u00e7\u00e3o de 6% nesta sexta-feira (5); na semana, alta acumulada \u00e9 de 23%. Clique para saber mais.","robots":{"index":"index","follow":"follow","max-snippet":"max-snippet:-1","max-image-preview":"max-image-preview:large","max-video-preview":"max-video-preview:-1"},"canonical":"https:\/\/www.suno.com.br\/noticias\/gol-desempenho-junho-acao-sobe\/","og_locale":"pt_BR","og_type":"article","og_title":"A\u00e7\u00e3o da Gol sobe 6% com desempenho da companhia em junho","og_description":"A a\u00e7\u00e3o da Gol apresenta valoriza\u00e7\u00e3o de 6% nesta sexta-feira (5); na semana, alta acumulada \u00e9 de 23%. Clique para saber mais.","og_url":"https:\/\/www.suno.com.br\/noticias\/gol-desempenho-junho-acao-sobe\/","og_site_name":"Suno Not\u00edcias","article_publisher":"https:\/\/facebook.com\/sunoresearch","og_image":[{"width":1024,"height":683,"url":"https:\/\/files.sunoresearch.com.br\/n\/uploads\/2019\/03\/b18cf601-gol.jpg","type":"image\/jpeg"}],"author":"Amanda Gushiken","twitter_card":"summary_large_image","twitter_creator":"@sunoresearch","twitter_site":"@sunoresearch","twitter_misc":{"Escrito por":"Amanda Gushiken","Est. tempo de leitura":"2 minutos"},"schema":{"@context":"https:\/\/schema.org","@graph":[{"@type":"NewsArticle","@id":"https:\/\/www.suno.com.br\/noticias\/gol-desempenho-junho-acao-sobe\/#article","isPartOf":{"@id":"https:\/\/www.suno.com.br\/noticias\/gol-desempenho-junho-acao-sobe\/"},"author":{"name":"Amanda Gushiken","@id":"https:\/\/www.suno.com.br\/noticias\/#\/schema\/person\/a5b06fa4e879d8e8e119c6ed3cd630d1"},"headline":"A\u00e7\u00f5es da Gol sobem 6% com desempenho da companhia em junho","datePublished":"2019-07-05T18:06:17+00:00","dateModified":"2019-07-05T21:52:13+00:00","mainEntityOfPage":{"@id":"https:\/\/www.suno.com.br\/noticias\/gol-desempenho-junho-acao-sobe\/"},"wordCount":408,"publisher":{"@id":"https:\/\/www.suno.com.br\/noticias\/#organization"},"image":{"@id":"https:\/\/www.suno.com.br\/noticias\/gol-desempenho-junho-acao-sobe\/#primaryimage"},"thumbnailUrl":"https:\/\/files.sunoresearch.com.br\/n\/uploads\/2019\/03\/b18cf601-gol-jpg.webp","keywords":["A\u00e7\u00f5es","B3 (B3SA3)","Gol Linhas A\u00e9reas (GOLL11\/GOLL4)","Ibovespa"],"articleSection":["Mercado"],"inLanguage":"pt-BR"},{"@type":"WebPage","@id":"https:\/\/www.suno.com.br\/noticias\/gol-desempenho-junho-acao-sobe\/","url":"https:\/\/www.suno.com.br\/noticias\/gol-desempenho-junho-acao-sobe\/","name":"A\u00e7\u00e3o da Gol sobe 6% com desempenho da companhia em junho","isPartOf":{"@id":"https:\/\/www.suno.com.br\/noticias\/#website"},"primaryImageOfPage":{"@id":"https:\/\/www.suno.com.br\/noticias\/gol-desempenho-junho-acao-sobe\/#primaryimage"},"image":{"@id":"https:\/\/www.suno.com.br\/noticias\/gol-desempenho-junho-acao-sobe\/#primaryimage"},"thumbnailUrl":"https:\/\/files.sunoresearch.com.br\/n\/uploads\/2019\/03\/b18cf601-gol-jpg.webp","datePublished":"2019-07-05T18:06:17+00:00","dateModified":"2019-07-05T21:52:13+00:00","description":"A a\u00e7\u00e3o da Gol apresenta valoriza\u00e7\u00e3o de 6% nesta sexta-feira (5); na semana, alta acumulada \u00e9 de 23%. Clique para saber mais.","breadcrumb":{"@id":"https:\/\/www.suno.com.br\/noticias\/gol-desempenho-junho-acao-sobe\/#breadcrumb"},"inLanguage":"pt-BR","potentialAction":[{"@type":"ReadAction","target":["https:\/\/www.suno.com.br\/noticias\/gol-desempenho-junho-acao-sobe\/"]}]},{"@type":"ImageObject","inLanguage":"pt-BR","@id":"https:\/\/www.suno.com.br\/noticias\/gol-desempenho-junho-acao-sobe\/#primaryimage","url":"https:\/\/files.sunoresearch.com.br\/n\/uploads\/2019\/03\/b18cf601-gol-jpg.webp","contentUrl":"https:\/\/files.sunoresearch.com.br\/n\/uploads\/2019\/03\/b18cf601-gol-jpg.webp","width":1024,"height":683,"caption":"Avi\u00e3o da Gol (foto: divulga\u00e7\u00e3o)"},{"@type":"BreadcrumbList","@id":"https:\/\/www.suno.com.br\/noticias\/gol-desempenho-junho-acao-sobe\/#breadcrumb","itemListElement":[{"@type":"ListItem","position":1,"name":"Not\u00edcias","item":"https:\/\/www.suno.com.br\/noticias\/"},{"@type":"ListItem","position":2,"name":"Mercado","item":"https:\/\/www.suno.com.br\/noticias\/mercado\/"},{"@type":"ListItem","position":3,"name":"A\u00e7\u00f5es da Gol sobem 6% com desempenho da companhia em junho"}]},{"@type":"WebSite","@id":"https:\/\/www.suno.com.br\/noticias\/#website","url":"https:\/\/www.suno.com.br\/noticias\/","name":"Suno Not\u00edcias","description":"Seu portal de informa\u00e7\u00e3o sobre o mundo dos investimentos","publisher":{"@id":"https:\/\/www.suno.com.br\/noticias\/#organization"},"potentialAction":[{"@type":"SearchAction","target":{"@type":"EntryPoint","urlTemplate":"https:\/\/www.suno.com.br\/noticias\/?s={search_term_string}"},"query-input":{"@type":"PropertyValueSpecification","valueRequired":true,"valueName":"search_term_string"}}],"inLanguage":"pt-BR"},{"@type":"Organization","@id":"https:\/\/www.suno.com.br\/noticias\/#organization","name":"Suno Not\u00edcias","url":"https:\/\/www.suno.com.br\/noticias\/","logo":{"@type":"ImageObject","inLanguage":"pt-BR","@id":"https:\/\/www.suno.com.br\/noticias\/#\/schema\/logo\/image\/","url":"https:\/\/files.sunoresearch.com.br\/n\/uploads\/2021\/09\/suno-logo.png","contentUrl":"https:\/\/files.sunoresearch.com.br\/n\/uploads\/2021\/09\/suno-logo.png","width":180,"height":180,"caption":"Suno Not\u00edcias"},"image":{"@id":"https:\/\/www.suno.com.br\/noticias\/#\/schema\/logo\/image\/"},"sameAs":["https:\/\/facebook.com\/sunoresearch","https:\/\/x.com\/sunoresearch","https:\/\/www.instagram.com\/suno","https:\/\/www.linkedin.com\/company\/suno-research\/","https:\/\/www.youtube.com\/c\/sunoresearch"]},{"@type":"Person","@id":"https:\/\/www.suno.com.br\/noticias\/#\/schema\/person\/a5b06fa4e879d8e8e119c6ed3cd630d1","name":"Amanda Gushiken","image":{"@type":"ImageObject","inLanguage":"pt-BR","@id":"https:\/\/www.suno.com.br\/noticias\/#\/schema\/person\/image\/","url":"https:\/\/secure.gravatar.com\/avatar\/ecd84705e6b65e3685ae80d725501fbe?s=96&r=g","contentUrl":"https:\/\/secure.gravatar.com\/avatar\/ecd84705e6b65e3685ae80d725501fbe?s=96&r=g","caption":"Amanda Gushiken"},"description":"Amanda Sayuri Gushiken escreve sobre finan\u00e7as e neg\u00f3cios para o portal Suno Not\u00edcias. Antes, trabalhou selecionando not\u00edcias da imprensa para clientes do mercado financeiro. Tamb\u00e9m desenvolveu pesquisa acad\u00eamica pela Universidade Anhembi Morumbi na \u00e1rea de Teorias da Comunica\u00e7\u00e3o e \u00e9 fot\u00f3grafa nas horas vagas.","url":"https:\/\/www.suno.com.br\/noticias\/author\/amanda\/"}]}},"default_loop_html":"<div class=\"cardsPage__listCard__boxs\"><div class=\"cardsPage__listCard__boxs__img\"><a href=\"https:\/\/www.suno.com.br\/noticias\/gol-desempenho-junho-acao-sobe\/\"><img class=\"mask\" src=\"https:\/\/www.suno.com.br\/noticias\/wp-content\/themes\/suno\/resources\/images\/spotlight\/spotlight1img\/bg-mask.png\" alt=\"Image Mask\"\/><img src=\"https:\/\/files.sunoresearch.com.br\/n\/uploads\/2019\/03\/b18cf601-gol-400x200.webp\" alt=\"A\u00e7\u00f5es da Gol sobem 6% com desempenho da companhia em junho\"\/><\/a><span class=\"spotlightCategory\"><a href=\"https:\/\/www.suno.com.br\/noticias\/mercado\/\">Mercado<\/a><\/span><\/div><div class=\"cardsPage__listCard__boxs__content\"><a href=\"https:\/\/www.suno.com.br\/noticias\/gol-desempenho-junho-acao-sobe\/\"><h2 class=\"content__title\">A\u00e7\u00f5es da Gol sobem 6% com desempenho da companhia em junho<\/h2><\/a><div class=\"newsContent__article__meta\"><div class=\"newsContent__article__meta__authorBox\"><a href=\"https:\/\/www.suno.com.br\/noticias\/author\/amanda\/\" class=\"authorBox__avatar noMobi\"><img src=\"https:\/\/files.sunoresearch.com.br\/n\/uploads\/2018\/11\/c6ad30be-amanda-150x150.webp\" alt=\"Amanda Gushiken\"><\/a><div class=\"authorBox__name\"><span>por\n\t\t\t<a href=\"https:\/\/www.suno.com.br\/noticias\/author\/amanda\/\"><span itemprop=\"author\">Amanda Gushiken<\/span><\/a><\/span><time datetime=\"2019-07-05T15:06:17-03:00\" itemprop=\"datePublished\">05\/07\/2019 15:06<\/time><\/div><\/div><\/div><\/div><\/div>","single_layout":"posts","amp_enabled":true,"_links":{"self":[{"href":"https:\/\/www.suno.com.br\/noticias\/wp-json\/wp\/v2\/posts\/30240"}],"collection":[{"href":"https:\/\/www.suno.com.br\/noticias\/wp-json\/wp\/v2\/posts"}],"about":[{"href":"https:\/\/www.suno.com.br\/noticias\/wp-json\/wp\/v2\/types\/post"}],"author":[{"embeddable":true,"href":"https:\/\/www.suno.com.br\/noticias\/wp-json\/wp\/v2\/users\/12"}],"replies":[{"embeddable":true,"href":"https:\/\/www.suno.com.br\/noticias\/wp-json\/wp\/v2\/comments?post=30240"}],"version-history":[{"count":0,"href":"https:\/\/www.suno.com.br\/noticias\/wp-json\/wp\/v2\/posts\/30240\/revisions"}],"wp:featuredmedia":[{"embeddable":true,"href":"https:\/\/www.suno.com.br\/noticias\/wp-json\/wp\/v2\/media\/17608"}],"wp:attachment":[{"href":"https:\/\/www.suno.com.br\/noticias\/wp-json\/wp\/v2\/media?parent=30240"}],"wp:term":[{"taxonomy":"category","embeddable":true,"href":"https:\/\/www.suno.com.br\/noticias\/wp-json\/wp\/v2\/categories?post=30240"},{"taxonomy":"post_tag","embeddable":true,"href":"https:\/\/www.suno.com.br\/noticias\/wp-json\/wp\/v2\/tags?post=30240"},{"taxonomy":"suno_strategy","embeddable":true,"href":"https:\/\/www.suno.com.br\/noticias\/wp-json\/wp\/v2\/suno_strategy?post=30240"}],"curies":[{"name":"wp","href":"https:\/\/api.w.org\/{rel}","templated":true}]}}