{"id":30230,"date":"2019-07-05T14:22:27","date_gmt":"2019-07-05T17:22:27","guid":{"rendered":"https:\/\/www.suno.com.br\/noticias\/?p=30230"},"modified":"2021-02-17T18:57:46","modified_gmt":"2021-02-17T21:57:46","slug":"banco-inter-oferta-acoes","status":"publish","type":"post","link":"https:\/\/www.suno.com.br\/noticias\/banco-inter-oferta-acoes\/","title":{"rendered":"Banco Inter contrata bancos para coordenar follow on e sobe 13%"},"content":{"rendered":"<p>O Banco Inter (BIDI4) teria contratado <strong><a href=\"https:\/\/www.suno.com.br\/artigos\/bancos-de-investimento\/\">bancos de investimento<\/a><\/strong> para coordenar uma oferta de R$ 1 bilh\u00e3o em a\u00e7\u00f5es. A apura\u00e7\u00e3o \u00e9 da ag\u00eancia &#8220;Reuters&#8221;.<\/p>\t<div class=\"wrapper-featured-image\">\n\t\t<figure class=\"spotlightImg\">\n\n\t\t\t<picture>\n\t\t\t\t<source media=\"(max-width: 768px)\" srcset=\"https:\/\/files.sunoresearch.com.br\/n\/uploads\/2019\/06\/a8dd008a-banco-inter-400x200.webp\">\n\t\t\t\t<img loading=\"lazy\" decoding=\"async\" class=\"newsContent__article__imgCapa lazyloadDisabled newsContent__article__imgCapa--noCaption\" src=\"https:\/\/files.sunoresearch.com.br\/n\/uploads\/2019\/06\/a8dd008a-banco-inter-800x450.webp\" width=\"800\" height=\"450\" alt=\"Banco Inter contrata bancos para coordenar follow on e sobe 13%\" fetchpriority=high \/>\n\t\t\t<\/picture>\n\n\t\t\t<figcaption class=\"wp-caption-text wp-caption-text--hide\">Diversos bancos apresentaram instabilidade nessa segunda, em meio ao in\u00edcio do cadastro de chaves no PIX. <\/figcaption>\n\t\t<\/figure>\n\t<\/div>\n\n\n<p>A possibilidade de um <a href=\"https:\/\/www.suno.com.br\/artigos\/follow-on\/\">follow-on<\/a> de a\u00e7\u00f5es do <strong>Banco Inter<\/strong> j\u00e1 chamou a aten\u00e7\u00e3o dos investidores. Nesta sexta-feira (5), as a\u00e7\u00f5es da empresa subiam 13,24% com cota\u00e7\u00e3o a R$ 13,43, por volta das 14h10. No fechamento do preg\u00e3o, a alta foi contida a 9,44% com cota\u00e7\u00e3o a R$ 12,98.<\/p>\n<p>As a\u00e7\u00f5es ser\u00e3o precificadas ainda em julho, de acordo com fonte da ag\u00eancia. Dentre os bancos de investimento contratados<strong>\u00a0<\/strong>para coordenar o follow-on, segundo o &#8220;Estado de S. Paulo&#8221;, est\u00e3o:<\/p>\n<ul>\n<li>J.P. Morgan<\/li>\n<li>Banco BTG Pactual (BPAC11)<\/li>\n<li>Bradesco BBI<\/li>\n<li>Goldman Sachs<\/li>\n<li>Banco Santander (SANB3)<\/li>\n<\/ul>\n\t<p>\n\t\t<a href=\"https:\/\/lps.suno.com.br\/asset\/newsletter\/\" target=\"_blank\" data-element=\"shortcode-suno-banner\" title=\"Banner SUNO, clique e saiba mais\">\n\t\t\t<picture>\n\t\t\t\t<source media=\"(max-width: 500px)\" srcset=\"https:\/\/files.sunoresearch.com.br\/n\/uploads\/2023\/04\/400x300-Mobile-Artigos-4.jpg\">\n\t\t\t\t<img class=\"newsContent__article__imgCapa newsContent__article__imgCapa--banner\"\n\t\t\t\t\tsrc=\"https:\/\/files.sunoresearch.com.br\/n\/uploads\/2023\/04\/1420x240-Banner-Artigos-1-_-Banner-Materias-1.jpg\"\n\t\t\t\t\tdata-promo-id=\"386700\"\t\t\t\t\t\t\t\t\t\twidth='1420' height='240'\t\t\t\t\talt=\"https:\/\/files.sunoresearch.com.br\/n\/uploads\/2023\/04\/1420x240-Banner-Artigos-1-_-Banner-Materias-1.jpg\"\n\t\t\t\t>\n\t\t\t<\/picture>\n\t\t<\/a>\n\t<\/p>\n\n\n<p>Ainda conforme a &#8220;Reuters&#8221;, o Banco Inter busca levantar entre R$ 800 milh\u00f5es e R$ 1 bilh\u00e3o para o <strong><a href=\"https:\/\/www.suno.com.br\/artigos\/aumento-capital\/\">aumento de capital<\/a><\/strong> da empresa. Assim, os recursos seriam utilizados para financiar iniciativas de crescimento do neg\u00f3cio.<\/p>\n<p>Al\u00e9m disso, tamb\u00e9m est\u00e1 nos planos do banco o lan\u00e7amento de um &#8220;<strong>super aplicativo<\/strong>&#8220;, com servi\u00e7os que v\u00e3o al\u00e9m dos banc\u00e1rios. O novo aplicativo do banco tamb\u00e9m forneceria servi\u00e7os de viagens, entrega de alimentos, sa\u00fade e entretenimento.<\/p>\n<p><a href=\"https:\/\/www.suno.com.br\/noticias\/banco-inter-units-acoes\/\">Saiba mais &#8211;\u00a0Banco Inter anuncia per\u00edodo de convers\u00e3o de a\u00e7\u00f5es para forma\u00e7\u00e3o de units<\/a><\/p>\n<h2>Banco Inter aprova programa de units<\/h2>\n<p>O Banco Inter anunciou na v\u00e9spera que o per\u00edodo do dia 8 a 15 de julho ser\u00e1 destinado a convers\u00e3o de <strong>a\u00e7\u00f5es<\/strong> do banco para a forma\u00e7\u00e3o de\u00a0<a href=\"https:\/\/www.suno.com.br\/artigos\/o-que-sao-acoes-ordinarias-preferenciais-e-units\/\"><strong>units<\/strong><\/a>. A aprova\u00e7\u00e3o do programa de convers\u00e3o pelo Conselho de Administra\u00e7\u00e3o foi feita na \u00faltima quarta-feira (3).<\/p>\n<p>&#8220;Para viabilizar a efetiva\u00e7\u00e3o do programa de units, ser\u00e1 facultado aos acionistas a convers\u00e3o volunt\u00e1ria de suas a\u00e7\u00f5es ordin\u00e1rias em a\u00e7\u00f5es preferenciais\/e ou a\u00e7\u00f5es preferenciais em a\u00e7\u00f5es ordin\u00e1rias, nas quantidades estritamente necess\u00e1rias para viabilizar a forma\u00e7\u00e3o das units&#8221;, informou a empresa em comunicado.<\/p>\n\t<p>\n\t\t<a href=\"https:\/\/lp.suno.com.br\/asset\/fundos\/suno-fic-fia\/\" target=\"_blank\" data-element=\"shortcode-suno-banner\" title=\"Banner SUNO, clique e saiba mais\">\n\t\t\t<picture>\n\t\t\t\t<source media=\"(max-width: 500px)\" srcset=\"https:\/\/files.sunoresearch.com.br\/n\/uploads\/2023\/10\/SUNO-FIC-FIA-400x300-Mobile-Artigos-5-v2.png\">\n\t\t\t\t<img class=\"newsContent__article__imgCapa newsContent__article__imgCapa--banner\"\n\t\t\t\t\tsrc=\"https:\/\/files.sunoresearch.com.br\/n\/uploads\/2023\/10\/SUNO-FIC-FIA-1420x240-Banner-Artigos-1-_-Banner-Materias-4-v2-png.webp\"\n\t\t\t\t\tdata-promo-id=\"478743\"\t\t\t\t\t\t\t\t\t\twidth='2560' height='433'\t\t\t\t\talt=\"https:\/\/files.sunoresearch.com.br\/n\/uploads\/2023\/10\/SUNO-FIC-FIA-1420x240-Banner-Artigos-1-_-Banner-Materias-4-v2-png.webp\"\n\t\t\t\t>\n\t\t\t<\/picture>\n\t\t<\/a>\n\t<\/p>\n\n\n<p>Unit \u00e9 reconhecido tamb\u00e9m como certificado de dep\u00f3sito de a\u00e7\u00f5es. Conforme o economista da\u00a0<a href=\"https:\/\/www.suno.com.br\/\">Suno Research<\/a>, Tiago Reis, &#8220;n\u00e3o \u00e9 uma a\u00e7\u00e3o, mas sim um &#8216;pacote&#8217; de classes de ativos, que pode ser formado por a\u00e7\u00f5es ordin\u00e1rias, preferenciais e b\u00f4nus de subscri\u00e7\u00e3o&#8221;.<\/p>\n<p>Com a novidade, as a\u00e7\u00f5es do <strong>Banco Inter<\/strong> encerraram com alta de\u00a010,33% sendo cotadas a R$\u00a011,86\u00a0no fechamento do preg\u00e3o da \u00faltima quinta-feira (4).<\/p>\n","protected":false},"excerpt":{"rendered":"<p>O Banco Inter (BIDI4) teria contratado bancos de investimento para coordenar uma oferta de R$ 1 bilh\u00e3o em a\u00e7\u00f5es. A apura\u00e7\u00e3o \u00e9 da ag\u00eancia &#8220;Reuters&#8221;. Diversos bancos apresentaram instabilidade nessa segunda, em meio ao in\u00edcio do cadastro de chaves no PIX. A possibilidade de um follow-on de a\u00e7\u00f5es do Banco Inter j\u00e1 chamou a aten\u00e7\u00e3o [&hellip;]<\/p>\n","protected":false},"author":12,"featured_media":28646,"comment_status":"closed","ping_status":"closed","sticky":false,"template":"","format":"standard","meta":[],"categories":[64],"tags":[286,369,1500,399,1436,775,1168],"suno_strategy":[],"class_list":["post-30230","post","type-post","status-publish","format-standard","has-post-thumbnail","hentry","category-negocios","tag-acoes","tag-banco-inter-bidi11-bidi4-bidi3","tag-bradesco-bbi","tag-btg-pactual-bpac11-bpac3-bpac5","tag-follow-on-oferta-subsequente-de-acoes","tag-goldman-sachs-gsgi34","tag-jp-morgan-jpmc34"],"yoast_head":"<!-- This site is optimized with the Yoast SEO plugin v24.4 - https:\/\/yoast.com\/wordpress\/plugins\/seo\/ -->\n<title>Banco Inter contrata bancos para coordenar oferta de a\u00e7\u00f5es e sobe 13%<\/title>\n<meta name=\"description\" content=\"O Banco Inter (BIDI4) tem nova alta de 13% nesta sexta-feira (5), com a possibilidade de um follow-on de a\u00e7\u00f5es. Clique para saber mais.\" \/>\n<meta name=\"robots\" content=\"index, follow, max-snippet:-1, max-image-preview:large, max-video-preview:-1\" \/>\n<link rel=\"canonical\" href=\"https:\/\/www.suno.com.br\/noticias\/banco-inter-oferta-acoes\/\" \/>\n<meta property=\"og:locale\" content=\"pt_BR\" \/>\n<meta property=\"og:type\" content=\"article\" \/>\n<meta property=\"og:title\" content=\"Banco Inter contrata bancos para coordenar oferta de a\u00e7\u00f5es e sobe 13%\" \/>\n<meta property=\"og:description\" content=\"O Banco Inter (BIDI4) tem nova alta de 13% nesta sexta-feira (5), com a possibilidade de um follow-on de a\u00e7\u00f5es. Clique para saber mais.\" \/>\n<meta property=\"og:url\" content=\"https:\/\/www.suno.com.br\/noticias\/banco-inter-oferta-acoes\/\" \/>\n<meta property=\"og:site_name\" content=\"Suno Not\u00edcias\" \/>\n<meta property=\"article:publisher\" content=\"https:\/\/facebook.com\/sunoresearch\" \/>\n<meta property=\"og:image\" content=\"https:\/\/files.sunoresearch.com.br\/n\/uploads\/2019\/06\/a8dd008a-banco-inter.jpg\" \/>\n\t<meta property=\"og:image:width\" content=\"984\" \/>\n\t<meta property=\"og:image:height\" content=\"740\" \/>\n\t<meta property=\"og:image:type\" content=\"image\/jpeg\" \/>\n<meta name=\"author\" content=\"Amanda Gushiken\" \/>\n<meta name=\"twitter:card\" content=\"summary_large_image\" \/>\n<meta name=\"twitter:creator\" content=\"@sunoresearch\" \/>\n<meta name=\"twitter:site\" content=\"@sunoresearch\" \/>\n<meta name=\"twitter:label1\" content=\"Escrito por\" \/>\n\t<meta name=\"twitter:data1\" content=\"Amanda Gushiken\" \/>\n\t<meta name=\"twitter:label2\" content=\"Est. tempo de leitura\" \/>\n\t<meta name=\"twitter:data2\" content=\"2 minutos\" \/>\n<script type=\"application\/ld+json\" class=\"yoast-schema-graph\">{\"@context\":\"https:\/\/schema.org\",\"@graph\":[{\"@type\":\"NewsArticle\",\"@id\":\"https:\/\/www.suno.com.br\/noticias\/banco-inter-oferta-acoes\/#article\",\"isPartOf\":{\"@id\":\"https:\/\/www.suno.com.br\/noticias\/banco-inter-oferta-acoes\/\"},\"author\":{\"name\":\"Amanda Gushiken\",\"@id\":\"https:\/\/www.suno.com.br\/noticias\/#\/schema\/person\/a5b06fa4e879d8e8e119c6ed3cd630d1\"},\"headline\":\"Banco Inter contrata bancos para coordenar follow on e sobe 13%\",\"datePublished\":\"2019-07-05T17:22:27+00:00\",\"dateModified\":\"2021-02-17T21:57:46+00:00\",\"mainEntityOfPage\":{\"@id\":\"https:\/\/www.suno.com.br\/noticias\/banco-inter-oferta-acoes\/\"},\"wordCount\":429,\"publisher\":{\"@id\":\"https:\/\/www.suno.com.br\/noticias\/#organization\"},\"image\":{\"@id\":\"https:\/\/www.suno.com.br\/noticias\/banco-inter-oferta-acoes\/#primaryimage\"},\"thumbnailUrl\":\"https:\/\/files.sunoresearch.com.br\/n\/uploads\/2019\/06\/a8dd008a-banco-inter-jpg.webp\",\"keywords\":[\"A\u00e7\u00f5es\",\"Banco Inter (BIDI11\/BIDI4\/BIDI3)\",\"Bradesco BBI\",\"BTG Pactual (BPAC11\/BPAC3\/BPAC5)\",\"Follow-on (Oferta Subsequente de A\u00e7\u00f5es)\",\"Goldman Sachs (GSGI34)\",\"J.P. Morgan (JPMC34)\"],\"articleSection\":[\"Neg\u00f3cios\"],\"inLanguage\":\"pt-BR\"},{\"@type\":\"WebPage\",\"@id\":\"https:\/\/www.suno.com.br\/noticias\/banco-inter-oferta-acoes\/\",\"url\":\"https:\/\/www.suno.com.br\/noticias\/banco-inter-oferta-acoes\/\",\"name\":\"Banco Inter contrata bancos para coordenar oferta de a\u00e7\u00f5es e sobe 13%\",\"isPartOf\":{\"@id\":\"https:\/\/www.suno.com.br\/noticias\/#website\"},\"primaryImageOfPage\":{\"@id\":\"https:\/\/www.suno.com.br\/noticias\/banco-inter-oferta-acoes\/#primaryimage\"},\"image\":{\"@id\":\"https:\/\/www.suno.com.br\/noticias\/banco-inter-oferta-acoes\/#primaryimage\"},\"thumbnailUrl\":\"https:\/\/files.sunoresearch.com.br\/n\/uploads\/2019\/06\/a8dd008a-banco-inter-jpg.webp\",\"datePublished\":\"2019-07-05T17:22:27+00:00\",\"dateModified\":\"2021-02-17T21:57:46+00:00\",\"description\":\"O Banco Inter (BIDI4) tem nova alta de 13% nesta sexta-feira (5), com a possibilidade de um follow-on de a\u00e7\u00f5es. Clique para saber mais.\",\"breadcrumb\":{\"@id\":\"https:\/\/www.suno.com.br\/noticias\/banco-inter-oferta-acoes\/#breadcrumb\"},\"inLanguage\":\"pt-BR\",\"potentialAction\":[{\"@type\":\"ReadAction\",\"target\":[\"https:\/\/www.suno.com.br\/noticias\/banco-inter-oferta-acoes\/\"]}]},{\"@type\":\"ImageObject\",\"inLanguage\":\"pt-BR\",\"@id\":\"https:\/\/www.suno.com.br\/noticias\/banco-inter-oferta-acoes\/#primaryimage\",\"url\":\"https:\/\/files.sunoresearch.com.br\/n\/uploads\/2019\/06\/a8dd008a-banco-inter-jpg.webp\",\"contentUrl\":\"https:\/\/files.sunoresearch.com.br\/n\/uploads\/2019\/06\/a8dd008a-banco-inter-jpg.webp\",\"width\":984,\"height\":740,\"caption\":\"Diversos bancos apresentaram instabilidade nessa segunda, em meio ao in\u00edcio do cadastro de chaves no PIX.\"},{\"@type\":\"BreadcrumbList\",\"@id\":\"https:\/\/www.suno.com.br\/noticias\/banco-inter-oferta-acoes\/#breadcrumb\",\"itemListElement\":[{\"@type\":\"ListItem\",\"position\":1,\"name\":\"Not\u00edcias\",\"item\":\"https:\/\/www.suno.com.br\/noticias\/\"},{\"@type\":\"ListItem\",\"position\":2,\"name\":\"Neg\u00f3cios\",\"item\":\"https:\/\/www.suno.com.br\/noticias\/negocios\/\"},{\"@type\":\"ListItem\",\"position\":3,\"name\":\"Banco Inter contrata bancos para coordenar follow on e sobe 13%\"}]},{\"@type\":\"WebSite\",\"@id\":\"https:\/\/www.suno.com.br\/noticias\/#website\",\"url\":\"https:\/\/www.suno.com.br\/noticias\/\",\"name\":\"Suno Not\u00edcias\",\"description\":\"Seu portal de informa\u00e7\u00e3o sobre o mundo dos investimentos\",\"publisher\":{\"@id\":\"https:\/\/www.suno.com.br\/noticias\/#organization\"},\"potentialAction\":[{\"@type\":\"SearchAction\",\"target\":{\"@type\":\"EntryPoint\",\"urlTemplate\":\"https:\/\/www.suno.com.br\/noticias\/?s={search_term_string}\"},\"query-input\":{\"@type\":\"PropertyValueSpecification\",\"valueRequired\":true,\"valueName\":\"search_term_string\"}}],\"inLanguage\":\"pt-BR\"},{\"@type\":\"Organization\",\"@id\":\"https:\/\/www.suno.com.br\/noticias\/#organization\",\"name\":\"Suno Not\u00edcias\",\"url\":\"https:\/\/www.suno.com.br\/noticias\/\",\"logo\":{\"@type\":\"ImageObject\",\"inLanguage\":\"pt-BR\",\"@id\":\"https:\/\/www.suno.com.br\/noticias\/#\/schema\/logo\/image\/\",\"url\":\"https:\/\/files.sunoresearch.com.br\/n\/uploads\/2021\/09\/suno-logo.png\",\"contentUrl\":\"https:\/\/files.sunoresearch.com.br\/n\/uploads\/2021\/09\/suno-logo.png\",\"width\":180,\"height\":180,\"caption\":\"Suno Not\u00edcias\"},\"image\":{\"@id\":\"https:\/\/www.suno.com.br\/noticias\/#\/schema\/logo\/image\/\"},\"sameAs\":[\"https:\/\/facebook.com\/sunoresearch\",\"https:\/\/x.com\/sunoresearch\",\"https:\/\/www.instagram.com\/suno\",\"https:\/\/www.linkedin.com\/company\/suno-research\/\",\"https:\/\/www.youtube.com\/c\/sunoresearch\"]},{\"@type\":\"Person\",\"@id\":\"https:\/\/www.suno.com.br\/noticias\/#\/schema\/person\/a5b06fa4e879d8e8e119c6ed3cd630d1\",\"name\":\"Amanda Gushiken\",\"image\":{\"@type\":\"ImageObject\",\"inLanguage\":\"pt-BR\",\"@id\":\"https:\/\/www.suno.com.br\/noticias\/#\/schema\/person\/image\/\",\"url\":\"https:\/\/secure.gravatar.com\/avatar\/ecd84705e6b65e3685ae80d725501fbe?s=96&r=g\",\"contentUrl\":\"https:\/\/secure.gravatar.com\/avatar\/ecd84705e6b65e3685ae80d725501fbe?s=96&r=g\",\"caption\":\"Amanda Gushiken\"},\"description\":\"Amanda Sayuri Gushiken escreve sobre finan\u00e7as e neg\u00f3cios para o portal Suno Not\u00edcias. Antes, trabalhou selecionando not\u00edcias da imprensa para clientes do mercado financeiro. Tamb\u00e9m desenvolveu pesquisa acad\u00eamica pela Universidade Anhembi Morumbi na \u00e1rea de Teorias da Comunica\u00e7\u00e3o e \u00e9 fot\u00f3grafa nas horas vagas.\",\"url\":\"https:\/\/www.suno.com.br\/noticias\/author\/amanda\/\"}]}<\/script>\n<!-- \/ Yoast SEO plugin. -->","yoast_head_json":{"title":"Banco Inter contrata bancos para coordenar oferta de a\u00e7\u00f5es e sobe 13%","description":"O Banco Inter (BIDI4) tem nova alta de 13% nesta sexta-feira (5), com a possibilidade de um follow-on de a\u00e7\u00f5es. Clique para saber mais.","robots":{"index":"index","follow":"follow","max-snippet":"max-snippet:-1","max-image-preview":"max-image-preview:large","max-video-preview":"max-video-preview:-1"},"canonical":"https:\/\/www.suno.com.br\/noticias\/banco-inter-oferta-acoes\/","og_locale":"pt_BR","og_type":"article","og_title":"Banco Inter contrata bancos para coordenar oferta de a\u00e7\u00f5es e sobe 13%","og_description":"O Banco Inter (BIDI4) tem nova alta de 13% nesta sexta-feira (5), com a possibilidade de um follow-on de a\u00e7\u00f5es. Clique para saber mais.","og_url":"https:\/\/www.suno.com.br\/noticias\/banco-inter-oferta-acoes\/","og_site_name":"Suno Not\u00edcias","article_publisher":"https:\/\/facebook.com\/sunoresearch","og_image":[{"width":984,"height":740,"url":"https:\/\/files.sunoresearch.com.br\/n\/uploads\/2019\/06\/a8dd008a-banco-inter.jpg","type":"image\/jpeg"}],"author":"Amanda Gushiken","twitter_card":"summary_large_image","twitter_creator":"@sunoresearch","twitter_site":"@sunoresearch","twitter_misc":{"Escrito por":"Amanda Gushiken","Est. tempo de leitura":"2 minutos"},"schema":{"@context":"https:\/\/schema.org","@graph":[{"@type":"NewsArticle","@id":"https:\/\/www.suno.com.br\/noticias\/banco-inter-oferta-acoes\/#article","isPartOf":{"@id":"https:\/\/www.suno.com.br\/noticias\/banco-inter-oferta-acoes\/"},"author":{"name":"Amanda Gushiken","@id":"https:\/\/www.suno.com.br\/noticias\/#\/schema\/person\/a5b06fa4e879d8e8e119c6ed3cd630d1"},"headline":"Banco Inter contrata bancos para coordenar follow on e sobe 13%","datePublished":"2019-07-05T17:22:27+00:00","dateModified":"2021-02-17T21:57:46+00:00","mainEntityOfPage":{"@id":"https:\/\/www.suno.com.br\/noticias\/banco-inter-oferta-acoes\/"},"wordCount":429,"publisher":{"@id":"https:\/\/www.suno.com.br\/noticias\/#organization"},"image":{"@id":"https:\/\/www.suno.com.br\/noticias\/banco-inter-oferta-acoes\/#primaryimage"},"thumbnailUrl":"https:\/\/files.sunoresearch.com.br\/n\/uploads\/2019\/06\/a8dd008a-banco-inter-jpg.webp","keywords":["A\u00e7\u00f5es","Banco Inter (BIDI11\/BIDI4\/BIDI3)","Bradesco BBI","BTG Pactual (BPAC11\/BPAC3\/BPAC5)","Follow-on (Oferta Subsequente de A\u00e7\u00f5es)","Goldman Sachs (GSGI34)","J.P. Morgan (JPMC34)"],"articleSection":["Neg\u00f3cios"],"inLanguage":"pt-BR"},{"@type":"WebPage","@id":"https:\/\/www.suno.com.br\/noticias\/banco-inter-oferta-acoes\/","url":"https:\/\/www.suno.com.br\/noticias\/banco-inter-oferta-acoes\/","name":"Banco Inter contrata bancos para coordenar oferta de a\u00e7\u00f5es e sobe 13%","isPartOf":{"@id":"https:\/\/www.suno.com.br\/noticias\/#website"},"primaryImageOfPage":{"@id":"https:\/\/www.suno.com.br\/noticias\/banco-inter-oferta-acoes\/#primaryimage"},"image":{"@id":"https:\/\/www.suno.com.br\/noticias\/banco-inter-oferta-acoes\/#primaryimage"},"thumbnailUrl":"https:\/\/files.sunoresearch.com.br\/n\/uploads\/2019\/06\/a8dd008a-banco-inter-jpg.webp","datePublished":"2019-07-05T17:22:27+00:00","dateModified":"2021-02-17T21:57:46+00:00","description":"O Banco Inter (BIDI4) tem nova alta de 13% nesta sexta-feira (5), com a possibilidade de um follow-on de a\u00e7\u00f5es. Clique para saber mais.","breadcrumb":{"@id":"https:\/\/www.suno.com.br\/noticias\/banco-inter-oferta-acoes\/#breadcrumb"},"inLanguage":"pt-BR","potentialAction":[{"@type":"ReadAction","target":["https:\/\/www.suno.com.br\/noticias\/banco-inter-oferta-acoes\/"]}]},{"@type":"ImageObject","inLanguage":"pt-BR","@id":"https:\/\/www.suno.com.br\/noticias\/banco-inter-oferta-acoes\/#primaryimage","url":"https:\/\/files.sunoresearch.com.br\/n\/uploads\/2019\/06\/a8dd008a-banco-inter-jpg.webp","contentUrl":"https:\/\/files.sunoresearch.com.br\/n\/uploads\/2019\/06\/a8dd008a-banco-inter-jpg.webp","width":984,"height":740,"caption":"Diversos bancos apresentaram instabilidade nessa segunda, em meio ao in\u00edcio do cadastro de chaves no PIX."},{"@type":"BreadcrumbList","@id":"https:\/\/www.suno.com.br\/noticias\/banco-inter-oferta-acoes\/#breadcrumb","itemListElement":[{"@type":"ListItem","position":1,"name":"Not\u00edcias","item":"https:\/\/www.suno.com.br\/noticias\/"},{"@type":"ListItem","position":2,"name":"Neg\u00f3cios","item":"https:\/\/www.suno.com.br\/noticias\/negocios\/"},{"@type":"ListItem","position":3,"name":"Banco Inter contrata bancos para coordenar follow on e sobe 13%"}]},{"@type":"WebSite","@id":"https:\/\/www.suno.com.br\/noticias\/#website","url":"https:\/\/www.suno.com.br\/noticias\/","name":"Suno Not\u00edcias","description":"Seu portal de informa\u00e7\u00e3o sobre o mundo dos investimentos","publisher":{"@id":"https:\/\/www.suno.com.br\/noticias\/#organization"},"potentialAction":[{"@type":"SearchAction","target":{"@type":"EntryPoint","urlTemplate":"https:\/\/www.suno.com.br\/noticias\/?s={search_term_string}"},"query-input":{"@type":"PropertyValueSpecification","valueRequired":true,"valueName":"search_term_string"}}],"inLanguage":"pt-BR"},{"@type":"Organization","@id":"https:\/\/www.suno.com.br\/noticias\/#organization","name":"Suno Not\u00edcias","url":"https:\/\/www.suno.com.br\/noticias\/","logo":{"@type":"ImageObject","inLanguage":"pt-BR","@id":"https:\/\/www.suno.com.br\/noticias\/#\/schema\/logo\/image\/","url":"https:\/\/files.sunoresearch.com.br\/n\/uploads\/2021\/09\/suno-logo.png","contentUrl":"https:\/\/files.sunoresearch.com.br\/n\/uploads\/2021\/09\/suno-logo.png","width":180,"height":180,"caption":"Suno Not\u00edcias"},"image":{"@id":"https:\/\/www.suno.com.br\/noticias\/#\/schema\/logo\/image\/"},"sameAs":["https:\/\/facebook.com\/sunoresearch","https:\/\/x.com\/sunoresearch","https:\/\/www.instagram.com\/suno","https:\/\/www.linkedin.com\/company\/suno-research\/","https:\/\/www.youtube.com\/c\/sunoresearch"]},{"@type":"Person","@id":"https:\/\/www.suno.com.br\/noticias\/#\/schema\/person\/a5b06fa4e879d8e8e119c6ed3cd630d1","name":"Amanda Gushiken","image":{"@type":"ImageObject","inLanguage":"pt-BR","@id":"https:\/\/www.suno.com.br\/noticias\/#\/schema\/person\/image\/","url":"https:\/\/secure.gravatar.com\/avatar\/ecd84705e6b65e3685ae80d725501fbe?s=96&r=g","contentUrl":"https:\/\/secure.gravatar.com\/avatar\/ecd84705e6b65e3685ae80d725501fbe?s=96&r=g","caption":"Amanda Gushiken"},"description":"Amanda Sayuri Gushiken escreve sobre finan\u00e7as e neg\u00f3cios para o portal Suno Not\u00edcias. Antes, trabalhou selecionando not\u00edcias da imprensa para clientes do mercado financeiro. Tamb\u00e9m desenvolveu pesquisa acad\u00eamica pela Universidade Anhembi Morumbi na \u00e1rea de Teorias da Comunica\u00e7\u00e3o e \u00e9 fot\u00f3grafa nas horas vagas.","url":"https:\/\/www.suno.com.br\/noticias\/author\/amanda\/"}]}},"default_loop_html":"<div class=\"cardsPage__listCard__boxs\"><div class=\"cardsPage__listCard__boxs__img\"><a href=\"https:\/\/www.suno.com.br\/noticias\/banco-inter-oferta-acoes\/\"><img class=\"mask\" src=\"https:\/\/www.suno.com.br\/noticias\/wp-content\/themes\/suno\/resources\/images\/spotlight\/spotlight1img\/bg-mask.png\" alt=\"Image Mask\"\/><img src=\"https:\/\/files.sunoresearch.com.br\/n\/uploads\/2019\/06\/a8dd008a-banco-inter-400x200.webp\" alt=\"Banco Inter contrata bancos para coordenar follow on e sobe 13%\"\/><\/a><span class=\"spotlightCategory\"><a href=\"https:\/\/www.suno.com.br\/noticias\/negocios\/\">Neg\u00f3cios<\/a><\/span><\/div><div class=\"cardsPage__listCard__boxs__content\"><a href=\"https:\/\/www.suno.com.br\/noticias\/banco-inter-oferta-acoes\/\"><h2 class=\"content__title\">Banco Inter contrata bancos para coordenar follow on e sobe 13%<\/h2><\/a><div class=\"newsContent__article__meta\"><div class=\"newsContent__article__meta__authorBox\"><a href=\"https:\/\/www.suno.com.br\/noticias\/author\/amanda\/\" class=\"authorBox__avatar noMobi\"><img src=\"https:\/\/files.sunoresearch.com.br\/n\/uploads\/2018\/11\/c6ad30be-amanda-150x150.webp\" alt=\"Amanda Gushiken\"><\/a><div class=\"authorBox__name\"><span>por\n\t\t\t<a href=\"https:\/\/www.suno.com.br\/noticias\/author\/amanda\/\"><span itemprop=\"author\">Amanda Gushiken<\/span><\/a><\/span><time datetime=\"2019-07-05T14:22:27-03:00\" itemprop=\"datePublished\">05\/07\/2019 14:22<\/time><\/div><\/div><\/div><\/div><\/div>","single_layout":"posts","amp_enabled":true,"_links":{"self":[{"href":"https:\/\/www.suno.com.br\/noticias\/wp-json\/wp\/v2\/posts\/30230"}],"collection":[{"href":"https:\/\/www.suno.com.br\/noticias\/wp-json\/wp\/v2\/posts"}],"about":[{"href":"https:\/\/www.suno.com.br\/noticias\/wp-json\/wp\/v2\/types\/post"}],"author":[{"embeddable":true,"href":"https:\/\/www.suno.com.br\/noticias\/wp-json\/wp\/v2\/users\/12"}],"replies":[{"embeddable":true,"href":"https:\/\/www.suno.com.br\/noticias\/wp-json\/wp\/v2\/comments?post=30230"}],"version-history":[{"count":0,"href":"https:\/\/www.suno.com.br\/noticias\/wp-json\/wp\/v2\/posts\/30230\/revisions"}],"wp:featuredmedia":[{"embeddable":true,"href":"https:\/\/www.suno.com.br\/noticias\/wp-json\/wp\/v2\/media\/28646"}],"wp:attachment":[{"href":"https:\/\/www.suno.com.br\/noticias\/wp-json\/wp\/v2\/media?parent=30230"}],"wp:term":[{"taxonomy":"category","embeddable":true,"href":"https:\/\/www.suno.com.br\/noticias\/wp-json\/wp\/v2\/categories?post=30230"},{"taxonomy":"post_tag","embeddable":true,"href":"https:\/\/www.suno.com.br\/noticias\/wp-json\/wp\/v2\/tags?post=30230"},{"taxonomy":"suno_strategy","embeddable":true,"href":"https:\/\/www.suno.com.br\/noticias\/wp-json\/wp\/v2\/suno_strategy?post=30230"}],"curies":[{"name":"wp","href":"https:\/\/api.w.org\/{rel}","templated":true}]}}