{"id":302065,"date":"2022-09-27T09:11:06","date_gmt":"2022-09-27T12:11:06","guid":{"rendered":"https:\/\/www.suno.com.br\/noticias\/?p=302065"},"modified":"2022-09-27T09:11:06","modified_gmt":"2022-09-27T12:11:06","slug":"eike-batista-coach-negocios","status":"publish","type":"post","link":"https:\/\/www.suno.com.br\/noticias\/eike-batista-coach-negocios\/","title":{"rendered":"Eike Batista aposta em retorno como &#8216;coach de neg\u00f3cios&#8217;"},"content":{"rendered":"<p><strong><a class=\"suno-keyword\" href=\"https:\/\/www.suno.com.br\/tudo-sobre\/eike-batista\/\" target=\"_blank\" rel=\"noopener\" data-force=\"no\" data-priority=\"2\">Eike Batista<\/a><\/strong> agora est\u00e1 de volta ao mercado de consultoria empresarial, o qual j\u00e1 fez parte em meados de 2018 e 2019 &#8211; antes de sua pris\u00e3o.<\/p><div class=\"videoFull videoFull--noRadius\">\n\t\t\t<div class=\"videoWrapper yt-lazyload center\"\n\t\t\t\tdata-width=\"960\"\n\t\t\t\tdata-height=\"540\"\n\t\t\t\tdata-id=\"Gh-bOMjbGmU\"\n\t\t\t\tdata-alt=\"Veja o resumo de mercado desta segunda-feira (26)\"\n\t\t\t\tdata-logo=\"3\"\n\t\t\t\tdata-imagequality=\"maxres\">\n\t\t\t<\/div>\n\t\t<\/div><span class=\"videoFull__caption videoFull__caption--show\">Veja o resumo de mercado desta segunda-feira (26)<p><\/p><\/span><script type=\"application\/ld+json\">{\"@context\":\"https:\/\/schema.org\",\"@type\":\"VideoObject\",\"name\":\"IBOVESPA TOMBA 2,3% EM DIA DE 'PERDA QUASE TOTAL': O QUE EST\u00c1 ACONTECENDO? | D\u00f3lar dispara a R$ 5,38\",\"description\":\"#livedas19h #ibovespa #d\u00f3lar #libra #crise #bolsadevalores O Ibovespa hoje encerrou a segunda-feira (26) em queda de 2,33%, em 109.114,16 pontos, ap\u00f3s oscilar entre 109.021,62 e 111.712,70 pontos. O giro foi a R$ 31,2 bilh\u00f5es na sess\u00e3o. No m\u00eas, o \u00edndice zera o avan\u00e7o de setembro, cedendo agora 0,37% no intervalo e limitando o ganho do\u2026\",\"duration\":\"PT35M36S\",\"embedUrl\":\"https:\/\/www.youtube.com\/embed\/Gh-bOMjbGmU\",\"regionsAllowed\":\"pt-BR\",\"interactionStatistic\":{\"@type\":\"InteractionCounter\",\"interactionType\":{\"@type\":\"WatchAction\"},\"userInteractionCount\":4292},\"thumbnailUrl\":\"https:\/\/i.ytimg.com\/vi\/Gh-bOMjbGmU\/default.jpg\",\"uploadDate\":\"2022-09-26T22:40:05Z\"}<\/script>\n\n\t<p>\n\t\t<a href=\"\" target=\"_blank\" data-element=\"shortcode-suno-banner\" title=\"Banner SUNO, clique e saiba mais\">\n\t\t\t<picture>\n\t\t\t\t<source media=\"(max-width: 500px)\" srcset=\"\">\n\t\t\t\t<img class=\"newsContent__article__imgCapa newsContent__article__imgCapa--banner\"\n\t\t\t\t\tsrc=\"\"\n\t\t\t\t\tdata-promo-id=\"138420\"\t\t\t\t\t\t\t\t\t\t\t\t\t\t\talt=\"\"\n\t\t\t\t>\n\t\t\t<\/picture>\n\t\t<\/a>\n\t<\/p>\n\n\n<p>Agora, Eike Batista aposta nos servi\u00e7os em meio \u00e0s negocia\u00e7\u00f5es envolvendo o processo de <strong><a href=\"https:\/\/www.suno.com.br\/noticias\/mmx-stj-falencia-eike-batista\/\">fal\u00eancia da MMX<\/a><\/strong>, a mineradora de seu antigo imp\u00e9rio empresarial, e tamb\u00e9m com sua biografia n\u00e3o autorizada sendo exibida em salas de cinema.<\/p>\n<p>A ideia \u00e9 voltar a oferecer &#8220;<strong>mentorias<\/strong>&#8220;, como s\u00e3o chamadas as consultorias personalizadas para neg\u00f3cios nascentes. Nelas, geralmente, empres\u00e1rios mais experientes atuam como &#8220;mentores&#8221; de iniciantes.<\/p>\n<p>O an\u00fancio do novo neg\u00f3cio foi feito no \u00faltimo domingo (25) nas redes sociais de Eike.<\/p>\n<p>Desde 2019, o <strong>empres\u00e1rio<\/strong> tem se mantido afastado dos holofotes, dedicado a negocia\u00e7\u00f5es envolvendo a <a href=\"https:\/\/www.suno.com.br\/noticias\/eike-batista-oferta-btg-pactual-bpac11\/\">fal\u00eancia da MMX<\/a>. Na publica\u00e7\u00e3o de domingo, feita no Stories de sua conta no Instagram &#8211; postagem que n\u00e3o fica registrada e tem dura\u00e7\u00e3o tempor\u00e1ria -, o empres\u00e1rio diz que o retorno se d\u00e1 &#8220;ap\u00f3s muitos pedidos no nosso perfil&#8221;.<\/p>\n<p>A publica\u00e7\u00e3o come\u00e7a com o an\u00fancio do retorno \u00e0s consultorias.<\/p>\n\n\t<div data-element=\"shortcode-read-more\" class=\"readToo\">\n\t\t\t\t<span class=\"readToo__title\">Leia mais<\/span>\n\t\t\t\t<ul class=\"readToo__list\">\n\t\t\t<li><a href=\"https:\/\/www.suno.com.br\/noticias\/eike-batista-justica-mg-leilao\/\">Eike Batista enfrenta nova proibi\u00e7\u00e3o de venda de ativos pela Justi\u00e7a de MG; entenda<\/a><\/li><li><a href=\"https:\/\/www.suno.com.br\/noticias\/eike-batista-oferta-btg-pactual-bpac11\/\">Eike Batista e credores se desagradam com oferta do BTG Pactual (BPAC11) por d\u00edvida da MMX<\/a><\/li><li><a href=\"https:\/\/www.suno.com.br\/noticias\/eike-batista-divida-mmx-leilao\/\">Eike Batista: Leil\u00e3o de d\u00edvida bilion\u00e1ria da MMX ocorrer\u00e1 na pr\u00f3xima semana<\/a><\/li>\t\t<\/ul>\n\t<\/div>\n\n\n<p>O texto informa que o empres\u00e1rio Lu\u00eds Fernando C\u00e2mara, dono da rede de escolas de orat\u00f3ria Vox2You, &#8220;estar\u00e1 organizando novas &#8216;mentorias&#8217; com Eike Batista, onde o mesmo continua sempre com o papel de incentivar empreendedores a fazer um Brasil melhor com projetos transformacionais&#8221;.<\/p>\n<p>O texto do an\u00fancio \u00e9 assinado &#8220;by Equipe do Eike&#8221;.<\/p>\n<p>Em seguida, a publica\u00e7\u00e3o traz um v\u00eddeo institucional de propaganda dos <strong>servi\u00e7os de consultoria e &#8220;mentoria&#8221;<\/strong>.<\/p>\n<p>Nas imagens, Eike Batista aparece fazendo uma apresenta\u00e7\u00e3o para um grupo de menos de dez pessoas, numa sala de reuni\u00f5es. Pelo v\u00eddeo, n\u00e3o \u00e9 poss\u00edvel identificar a data da apresenta\u00e7\u00e3o.<\/p>\n<p>Al\u00e9m disso, o v\u00eddeo traz depoimentos de seis homens, aparentemente ex-clientes ou ex-participantes de cursos. Nenhum deles se identifica no v\u00eddeo.<\/p>\n<p>&#8220;Pensar grande, fazer diferente, impactar. A partir de hoje, vi que isso \u00e9 pr\u00f3ximo, n\u00e3o \u00e9 dif\u00edcil&#8221;, diz um deles.<\/p>\n\t<p>\n\t\t<a href=\"https:\/\/lp.suno.com.br\/planilha-controle-gastos\/\" target=\"_blank\" data-element=\"shortcode-suno-banner\" title=\"Banner SUNO, clique e saiba mais\">\n\t\t\t<picture>\n\t\t\t\t<source media=\"(max-width: 500px)\" srcset=\"https:\/\/files.sunoresearch.com.br\/n\/uploads\/2023\/03\/400x300-Planilha-controle-de-gastos.png\">\n\t\t\t\t<img class=\"newsContent__article__imgCapa newsContent__article__imgCapa--banner\"\n\t\t\t\t\tsrc=\"https:\/\/files.sunoresearch.com.br\/n\/uploads\/2023\/03\/1420x240-Planilha-controle-de-gastos.png\"\n\t\t\t\t\tdata-promo-id=\"101751\"\t\t\t\t\t\t\t\t\t\twidth='1420' height='240'\t\t\t\t\talt=\"https:\/\/files.sunoresearch.com.br\/n\/uploads\/2023\/03\/1420x240-Planilha-controle-de-gastos.png\"\n\t\t\t\t>\n\t\t\t<\/picture>\n\t\t<\/a>\n\t<\/p>\n\n\n<h2>Eike Batista leva ex-executivos para curso de orat\u00f3rio<\/h2>\n<p>Outro depoimento ressalta a &#8220;vis\u00e3o 360 graus&#8221; apresentada na consultoria, enquanto outro destaca que Eike &#8220;pensa no macro, em neg\u00f3cios grandiosos&#8221;.<\/p>\n<p>&#8220;Poder ficar o dia inteiro com a gente ensinando isso, transmitindo isso, ouvindo o nosso neg\u00f3cio, tentando entender o que a gente est\u00e1 fazendo, tentando botar a gente no caminho certo. Deu para ver que ele faz de cora\u00e7\u00e3o&#8221;, diz outro depoimento no v\u00eddeo de divulga\u00e7\u00e3o.<\/p>\n<p>C\u00e2mara, empres\u00e1rio que organiza as novas &#8220;mentorias&#8221;, conhece Eike desde 2009, como disse em 2016. Em fevereiro daquele ano, o <a href=\"https:\/\/www.suno.com.br\/noticias\/web-stories\/bilionario-odeia-riqueza-anda-carro-velho\/\">ex-bilion\u00e1rio<\/a> comprou 20% da Vox2You.<\/p>\n<p>Segundo reportagem do site Brazil Journal, antes de investir no neg\u00f3cio como <strong>coach de neg\u00f3cios<\/strong>, Eike levou executivos de seu grupo empresarial, em 2015, para fazer cursos de orat\u00f3ria na rede.<\/p>\n<p>A Vox2You terminou 2016 com duas unidades no interior de S\u00e3o Paulo. Atualmente, \u00e9 &#8220;a maior rede de escolas de orat\u00f3ria da Am\u00e9rica Latina&#8221;.<\/p>\n<p>Al\u00e9m de Eike como investidor, a rede teve como cliente o empres\u00e1rio <strong><a class=\"suno-keyword\" href=\"https:\/\/www.suno.com.br\/tudo-sobre\/jorge-paulo-lemann\/\" target=\"_blank\" rel=\"noopener\" data-force=\"no\" data-priority=\"2\">Jorge Paulo Lemann<\/a>, da <a class=\"suno-keyword\" href=\"https:\/\/www.suno.com.br\/artigos\/3g-capital\/\" target=\"_blank\" rel=\"noopener\" data-force=\"no\" data-priority=\"1\">3G Capital<\/a><\/strong>, empresa de investimentos que mant\u00e9m participa\u00e7\u00e3o em multinacionais como a fabricante de bebidas AB InBev &#8211; Lemann \u00e9 o <strong>homem mais rico do Brasil<\/strong>, segundo \u00edndice calculado diariamente pela ag\u00eancia Bloomberg, que contabilizava para o brasileiro uma fortuna de US$ 18,8 bilh\u00f5es.<\/p>\n<p>C\u00e2mara seguiu pr\u00f3ximo de Eike mesmo ap\u00f3s a <a href=\"https:\/\/www.suno.com.br\/noticias\/eike-batista-justica-mg-leilao\/\">derrocada do imp\u00e9rio empresarial do ex-bilion\u00e1rio<\/a> e seus problemas com a Justi\u00e7a.<\/p>\n<p>Em agosto de 2018, quando Eike j\u00e1 tinha voltado para casa ap\u00f3s passar 90 dias preso, o dono da Vox2You gravou um depoimento para uma reportagem do Conex\u00e3o Rep\u00f3rter, do SBT, que tratou da saga do <a href=\"https:\/\/www.suno.com.br\/noticias\/zuckerberg-perde-r-71-bilhoes-bilionarios\/\">ex-bilion\u00e1rio<\/a>.<\/p>\n<p>Num trecho do programa, o jornalista Roberto Cabrini pergunta a C\u00e2mara se ele entregaria seus investimentos a <strong>Eike Batista<\/strong>, no que o empreendedor responde: &#8220;Entrego, acredito muito nele. Ele \u00e9 um soldado do Brasil&#8221;.<\/p>\n<p class=\"newsProviderSignature\">Com informa\u00e7\u00f5es do Estad\u00e3o Conte\u00fado<\/p>\n\t<p>\n\t\t<a href=\"https:\/\/lp.suno.com.br\/planilha-da-vida-financeira\/\" target=\"_blank\" data-element=\"shortcode-suno-banner\" title=\"Banner SUNO, clique e saiba mais\">\n\t\t\t<picture>\n\t\t\t\t<source media=\"(max-width: 500px)\" srcset=\"https:\/\/files.sunoresearch.com.br\/n\/uploads\/2023\/04\/400x300-Planilha-vida-financeira-true.png\">\n\t\t\t\t<img class=\"newsContent__article__imgCapa newsContent__article__imgCapa--banner\"\n\t\t\t\t\tsrc=\"https:\/\/files.sunoresearch.com.br\/n\/uploads\/2023\/04\/1420x240-Planilha-vida-financeira-true.png\"\n\t\t\t\t\tdata-promo-id=\"106682\"\t\t\t\t\t\t\t\t\t\twidth='1420' height='240'\t\t\t\t\talt=\"https:\/\/files.sunoresearch.com.br\/n\/uploads\/2023\/04\/1420x240-Planilha-vida-financeira-true.png\"\n\t\t\t\t>\n\t\t\t<\/picture>\n\t\t<\/a>\n\t<\/p>\n\n\n","protected":false},"excerpt":{"rendered":"<p>Eike Batista agora est\u00e1 de volta ao mercado de consultoria empresarial, o qual j\u00e1 fez parte em meados de 2018 e 2019 &#8211; antes de sua pris\u00e3o. Agora, Eike Batista aposta nos servi\u00e7os em meio \u00e0s negocia\u00e7\u00f5es envolvendo o processo de fal\u00eancia da MMX, a mineradora de seu antigo imp\u00e9rio empresarial, e tamb\u00e9m com sua [&hellip;]<\/p>\n","protected":false},"author":73,"featured_media":286077,"comment_status":"closed","ping_status":"closed","sticky":false,"template":"","format":"standard","meta":[],"categories":[64],"tags":[106444,1415],"suno_strategy":[],"class_list":["post-302065","post","type-post","status-publish","format-standard","has-post-thumbnail","hentry","category-negocios","tag-agencias","tag-eike-batista"],"yoast_head":"<!-- This site is optimized with the Yoast SEO plugin v24.4 - https:\/\/yoast.com\/wordpress\/plugins\/seo\/ -->\n<title>Eike Batista aposta em retorno como &#039;coach de neg\u00f3cios&#039;<\/title>\n<meta name=\"description\" content=\"A ideia de Eike Batista \u00e9 oferecer mentorias para neg\u00f3cios nascentes, um mercado que o empres\u00e1rio j\u00e1 integrou em 2019. Clique e saiba mais!\" \/>\n<meta name=\"robots\" content=\"index, follow, max-snippet:-1, max-image-preview:large, max-video-preview:-1\" \/>\n<link rel=\"canonical\" href=\"https:\/\/www.suno.com.br\/noticias\/eike-batista-coach-negocios\/\" \/>\n<meta property=\"og:locale\" content=\"pt_BR\" \/>\n<meta property=\"og:type\" content=\"article\" \/>\n<meta property=\"og:title\" content=\"Eike Batista aposta em retorno como &#039;coach de neg\u00f3cios&#039;\" \/>\n<meta property=\"og:description\" content=\"A ideia de Eike Batista \u00e9 oferecer mentorias para neg\u00f3cios nascentes, um mercado que o empres\u00e1rio j\u00e1 integrou em 2019. Clique e saiba mais!\" \/>\n<meta property=\"og:url\" content=\"https:\/\/www.suno.com.br\/noticias\/eike-batista-coach-negocios\/\" \/>\n<meta property=\"og:site_name\" content=\"Suno Not\u00edcias\" \/>\n<meta property=\"article:publisher\" content=\"https:\/\/facebook.com\/sunoresearch\" \/>\n<meta property=\"og:image\" content=\"https:\/\/files.sunoresearch.com.br\/n\/uploads\/2022\/08\/Eike-Batista-1.jpg\" \/>\n\t<meta property=\"og:image:width\" content=\"1200\" \/>\n\t<meta property=\"og:image:height\" content=\"675\" \/>\n\t<meta property=\"og:image:type\" content=\"image\/jpeg\" \/>\n<meta name=\"author\" content=\"Eduardo Vargas\" \/>\n<meta name=\"twitter:card\" content=\"summary_large_image\" \/>\n<meta name=\"twitter:creator\" content=\"@sunoresearch\" \/>\n<meta name=\"twitter:site\" content=\"@sunoresearch\" \/>\n<meta name=\"twitter:label1\" content=\"Escrito por\" \/>\n\t<meta name=\"twitter:data1\" content=\"Eduardo Vargas\" \/>\n\t<meta name=\"twitter:label2\" content=\"Est. tempo de leitura\" \/>\n\t<meta name=\"twitter:data2\" content=\"4 minutos\" \/>\n<script type=\"application\/ld+json\" class=\"yoast-schema-graph\">{\"@context\":\"https:\/\/schema.org\",\"@graph\":[{\"@type\":\"NewsArticle\",\"@id\":\"https:\/\/www.suno.com.br\/noticias\/eike-batista-coach-negocios\/#article\",\"isPartOf\":{\"@id\":\"https:\/\/www.suno.com.br\/noticias\/eike-batista-coach-negocios\/\"},\"author\":{\"name\":\"Eduardo Vargas\",\"@id\":\"https:\/\/www.suno.com.br\/noticias\/#\/schema\/person\/7f4d362bf3518e76090143ae77bb49a5\"},\"headline\":\"Eike Batista aposta em retorno como &#8216;coach de neg\u00f3cios&#8217;\",\"datePublished\":\"2022-09-27T12:11:06+00:00\",\"mainEntityOfPage\":{\"@id\":\"https:\/\/www.suno.com.br\/noticias\/eike-batista-coach-negocios\/\"},\"wordCount\":711,\"publisher\":{\"@id\":\"https:\/\/www.suno.com.br\/noticias\/#organization\"},\"image\":{\"@id\":\"https:\/\/www.suno.com.br\/noticias\/eike-batista-coach-negocios\/#primaryimage\"},\"thumbnailUrl\":\"https:\/\/files.sunoresearch.com.br\/n\/uploads\/2022\/08\/Eike-Batista-1.jpg\",\"keywords\":[\"Ag\u00eancias\",\"Eike Batista\"],\"articleSection\":[\"Neg\u00f3cios\"],\"inLanguage\":\"pt-BR\"},{\"@type\":\"WebPage\",\"@id\":\"https:\/\/www.suno.com.br\/noticias\/eike-batista-coach-negocios\/\",\"url\":\"https:\/\/www.suno.com.br\/noticias\/eike-batista-coach-negocios\/\",\"name\":\"Eike Batista aposta em retorno como 'coach de neg\u00f3cios'\",\"isPartOf\":{\"@id\":\"https:\/\/www.suno.com.br\/noticias\/#website\"},\"primaryImageOfPage\":{\"@id\":\"https:\/\/www.suno.com.br\/noticias\/eike-batista-coach-negocios\/#primaryimage\"},\"image\":{\"@id\":\"https:\/\/www.suno.com.br\/noticias\/eike-batista-coach-negocios\/#primaryimage\"},\"thumbnailUrl\":\"https:\/\/files.sunoresearch.com.br\/n\/uploads\/2022\/08\/Eike-Batista-1.jpg\",\"datePublished\":\"2022-09-27T12:11:06+00:00\",\"description\":\"A ideia de Eike Batista \u00e9 oferecer mentorias para neg\u00f3cios nascentes, um mercado que o empres\u00e1rio j\u00e1 integrou em 2019. Clique e saiba mais!\",\"breadcrumb\":{\"@id\":\"https:\/\/www.suno.com.br\/noticias\/eike-batista-coach-negocios\/#breadcrumb\"},\"inLanguage\":\"pt-BR\",\"potentialAction\":[{\"@type\":\"ReadAction\",\"target\":[\"https:\/\/www.suno.com.br\/noticias\/eike-batista-coach-negocios\/\"]}]},{\"@type\":\"ImageObject\",\"inLanguage\":\"pt-BR\",\"@id\":\"https:\/\/www.suno.com.br\/noticias\/eike-batista-coach-negocios\/#primaryimage\",\"url\":\"https:\/\/files.sunoresearch.com.br\/n\/uploads\/2022\/08\/Eike-Batista-1.jpg\",\"contentUrl\":\"https:\/\/files.sunoresearch.com.br\/n\/uploads\/2022\/08\/Eike-Batista-1.jpg\",\"width\":1200,\"height\":675,\"caption\":\"Eike Batista. Foto: Ag\u00eancia Brasil\"},{\"@type\":\"BreadcrumbList\",\"@id\":\"https:\/\/www.suno.com.br\/noticias\/eike-batista-coach-negocios\/#breadcrumb\",\"itemListElement\":[{\"@type\":\"ListItem\",\"position\":1,\"name\":\"Not\u00edcias\",\"item\":\"https:\/\/www.suno.com.br\/noticias\/\"},{\"@type\":\"ListItem\",\"position\":2,\"name\":\"Neg\u00f3cios\",\"item\":\"https:\/\/www.suno.com.br\/noticias\/negocios\/\"},{\"@type\":\"ListItem\",\"position\":3,\"name\":\"Eike Batista aposta em retorno como &#8216;coach de neg\u00f3cios&#8217;\"}]},{\"@type\":\"WebSite\",\"@id\":\"https:\/\/www.suno.com.br\/noticias\/#website\",\"url\":\"https:\/\/www.suno.com.br\/noticias\/\",\"name\":\"Suno Not\u00edcias\",\"description\":\"Seu portal de informa\u00e7\u00e3o sobre o mundo dos investimentos\",\"publisher\":{\"@id\":\"https:\/\/www.suno.com.br\/noticias\/#organization\"},\"potentialAction\":[{\"@type\":\"SearchAction\",\"target\":{\"@type\":\"EntryPoint\",\"urlTemplate\":\"https:\/\/www.suno.com.br\/noticias\/?s={search_term_string}\"},\"query-input\":{\"@type\":\"PropertyValueSpecification\",\"valueRequired\":true,\"valueName\":\"search_term_string\"}}],\"inLanguage\":\"pt-BR\"},{\"@type\":\"Organization\",\"@id\":\"https:\/\/www.suno.com.br\/noticias\/#organization\",\"name\":\"Suno Not\u00edcias\",\"url\":\"https:\/\/www.suno.com.br\/noticias\/\",\"logo\":{\"@type\":\"ImageObject\",\"inLanguage\":\"pt-BR\",\"@id\":\"https:\/\/www.suno.com.br\/noticias\/#\/schema\/logo\/image\/\",\"url\":\"https:\/\/files.sunoresearch.com.br\/n\/uploads\/2021\/09\/suno-logo.png\",\"contentUrl\":\"https:\/\/files.sunoresearch.com.br\/n\/uploads\/2021\/09\/suno-logo.png\",\"width\":180,\"height\":180,\"caption\":\"Suno Not\u00edcias\"},\"image\":{\"@id\":\"https:\/\/www.suno.com.br\/noticias\/#\/schema\/logo\/image\/\"},\"sameAs\":[\"https:\/\/facebook.com\/sunoresearch\",\"https:\/\/x.com\/sunoresearch\",\"https:\/\/www.instagram.com\/suno\",\"https:\/\/www.linkedin.com\/company\/suno-research\/\",\"https:\/\/www.youtube.com\/c\/sunoresearch\"]},{\"@type\":\"Person\",\"@id\":\"https:\/\/www.suno.com.br\/noticias\/#\/schema\/person\/7f4d362bf3518e76090143ae77bb49a5\",\"name\":\"Eduardo Vargas\",\"image\":{\"@type\":\"ImageObject\",\"inLanguage\":\"pt-BR\",\"@id\":\"https:\/\/www.suno.com.br\/noticias\/#\/schema\/person\/image\/\",\"url\":\"https:\/\/secure.gravatar.com\/avatar\/dac340933427a22924c9f99d1eb2e3f2?s=96&r=g\",\"contentUrl\":\"https:\/\/secure.gravatar.com\/avatar\/dac340933427a22924c9f99d1eb2e3f2?s=96&r=g\",\"caption\":\"Eduardo Vargas\"},\"description\":\"Jornalista formado pela UFSC, cobre macroeconomia, neg\u00f3cios e startups para o Suno Not\u00edcias, escrevendo principalmente not\u00edcias sobre o mercado financeiro e a bolsa de valores. No YouTube e no Instagram, \u00e9 respons\u00e1vel pela produ\u00e7\u00e3o de Reels e Shorts do Suno Not\u00edcias. Anteriormente, trabalhou cobrindo economia e cotidiano no ND+ e para o ND, maior jornal impresso de Santa Catarina. Cursou um semestre letivo de Estudos de M\u00eddia na Universidad de Buenos Aires.\",\"url\":\"https:\/\/www.suno.com.br\/noticias\/author\/eduardo-vargas\/\"}]}<\/script>\n<!-- \/ Yoast SEO plugin. -->","yoast_head_json":{"title":"Eike Batista aposta em retorno como 'coach de neg\u00f3cios'","description":"A ideia de Eike Batista \u00e9 oferecer mentorias para neg\u00f3cios nascentes, um mercado que o empres\u00e1rio j\u00e1 integrou em 2019. Clique e saiba mais!","robots":{"index":"index","follow":"follow","max-snippet":"max-snippet:-1","max-image-preview":"max-image-preview:large","max-video-preview":"max-video-preview:-1"},"canonical":"https:\/\/www.suno.com.br\/noticias\/eike-batista-coach-negocios\/","og_locale":"pt_BR","og_type":"article","og_title":"Eike Batista aposta em retorno como 'coach de neg\u00f3cios'","og_description":"A ideia de Eike Batista \u00e9 oferecer mentorias para neg\u00f3cios nascentes, um mercado que o empres\u00e1rio j\u00e1 integrou em 2019. Clique e saiba mais!","og_url":"https:\/\/www.suno.com.br\/noticias\/eike-batista-coach-negocios\/","og_site_name":"Suno Not\u00edcias","article_publisher":"https:\/\/facebook.com\/sunoresearch","og_image":[{"width":1200,"height":675,"url":"https:\/\/files.sunoresearch.com.br\/n\/uploads\/2022\/08\/Eike-Batista-1.jpg","type":"image\/jpeg"}],"author":"Eduardo Vargas","twitter_card":"summary_large_image","twitter_creator":"@sunoresearch","twitter_site":"@sunoresearch","twitter_misc":{"Escrito por":"Eduardo Vargas","Est. tempo de leitura":"4 minutos"},"schema":{"@context":"https:\/\/schema.org","@graph":[{"@type":"NewsArticle","@id":"https:\/\/www.suno.com.br\/noticias\/eike-batista-coach-negocios\/#article","isPartOf":{"@id":"https:\/\/www.suno.com.br\/noticias\/eike-batista-coach-negocios\/"},"author":{"name":"Eduardo Vargas","@id":"https:\/\/www.suno.com.br\/noticias\/#\/schema\/person\/7f4d362bf3518e76090143ae77bb49a5"},"headline":"Eike Batista aposta em retorno como &#8216;coach de neg\u00f3cios&#8217;","datePublished":"2022-09-27T12:11:06+00:00","mainEntityOfPage":{"@id":"https:\/\/www.suno.com.br\/noticias\/eike-batista-coach-negocios\/"},"wordCount":711,"publisher":{"@id":"https:\/\/www.suno.com.br\/noticias\/#organization"},"image":{"@id":"https:\/\/www.suno.com.br\/noticias\/eike-batista-coach-negocios\/#primaryimage"},"thumbnailUrl":"https:\/\/files.sunoresearch.com.br\/n\/uploads\/2022\/08\/Eike-Batista-1.jpg","keywords":["Ag\u00eancias","Eike Batista"],"articleSection":["Neg\u00f3cios"],"inLanguage":"pt-BR"},{"@type":"WebPage","@id":"https:\/\/www.suno.com.br\/noticias\/eike-batista-coach-negocios\/","url":"https:\/\/www.suno.com.br\/noticias\/eike-batista-coach-negocios\/","name":"Eike Batista aposta em retorno como 'coach de neg\u00f3cios'","isPartOf":{"@id":"https:\/\/www.suno.com.br\/noticias\/#website"},"primaryImageOfPage":{"@id":"https:\/\/www.suno.com.br\/noticias\/eike-batista-coach-negocios\/#primaryimage"},"image":{"@id":"https:\/\/www.suno.com.br\/noticias\/eike-batista-coach-negocios\/#primaryimage"},"thumbnailUrl":"https:\/\/files.sunoresearch.com.br\/n\/uploads\/2022\/08\/Eike-Batista-1.jpg","datePublished":"2022-09-27T12:11:06+00:00","description":"A ideia de Eike Batista \u00e9 oferecer mentorias para neg\u00f3cios nascentes, um mercado que o empres\u00e1rio j\u00e1 integrou em 2019. Clique e saiba mais!","breadcrumb":{"@id":"https:\/\/www.suno.com.br\/noticias\/eike-batista-coach-negocios\/#breadcrumb"},"inLanguage":"pt-BR","potentialAction":[{"@type":"ReadAction","target":["https:\/\/www.suno.com.br\/noticias\/eike-batista-coach-negocios\/"]}]},{"@type":"ImageObject","inLanguage":"pt-BR","@id":"https:\/\/www.suno.com.br\/noticias\/eike-batista-coach-negocios\/#primaryimage","url":"https:\/\/files.sunoresearch.com.br\/n\/uploads\/2022\/08\/Eike-Batista-1.jpg","contentUrl":"https:\/\/files.sunoresearch.com.br\/n\/uploads\/2022\/08\/Eike-Batista-1.jpg","width":1200,"height":675,"caption":"Eike Batista. Foto: Ag\u00eancia Brasil"},{"@type":"BreadcrumbList","@id":"https:\/\/www.suno.com.br\/noticias\/eike-batista-coach-negocios\/#breadcrumb","itemListElement":[{"@type":"ListItem","position":1,"name":"Not\u00edcias","item":"https:\/\/www.suno.com.br\/noticias\/"},{"@type":"ListItem","position":2,"name":"Neg\u00f3cios","item":"https:\/\/www.suno.com.br\/noticias\/negocios\/"},{"@type":"ListItem","position":3,"name":"Eike Batista aposta em retorno como &#8216;coach de neg\u00f3cios&#8217;"}]},{"@type":"WebSite","@id":"https:\/\/www.suno.com.br\/noticias\/#website","url":"https:\/\/www.suno.com.br\/noticias\/","name":"Suno Not\u00edcias","description":"Seu portal de informa\u00e7\u00e3o sobre o mundo dos investimentos","publisher":{"@id":"https:\/\/www.suno.com.br\/noticias\/#organization"},"potentialAction":[{"@type":"SearchAction","target":{"@type":"EntryPoint","urlTemplate":"https:\/\/www.suno.com.br\/noticias\/?s={search_term_string}"},"query-input":{"@type":"PropertyValueSpecification","valueRequired":true,"valueName":"search_term_string"}}],"inLanguage":"pt-BR"},{"@type":"Organization","@id":"https:\/\/www.suno.com.br\/noticias\/#organization","name":"Suno Not\u00edcias","url":"https:\/\/www.suno.com.br\/noticias\/","logo":{"@type":"ImageObject","inLanguage":"pt-BR","@id":"https:\/\/www.suno.com.br\/noticias\/#\/schema\/logo\/image\/","url":"https:\/\/files.sunoresearch.com.br\/n\/uploads\/2021\/09\/suno-logo.png","contentUrl":"https:\/\/files.sunoresearch.com.br\/n\/uploads\/2021\/09\/suno-logo.png","width":180,"height":180,"caption":"Suno Not\u00edcias"},"image":{"@id":"https:\/\/www.suno.com.br\/noticias\/#\/schema\/logo\/image\/"},"sameAs":["https:\/\/facebook.com\/sunoresearch","https:\/\/x.com\/sunoresearch","https:\/\/www.instagram.com\/suno","https:\/\/www.linkedin.com\/company\/suno-research\/","https:\/\/www.youtube.com\/c\/sunoresearch"]},{"@type":"Person","@id":"https:\/\/www.suno.com.br\/noticias\/#\/schema\/person\/7f4d362bf3518e76090143ae77bb49a5","name":"Eduardo Vargas","image":{"@type":"ImageObject","inLanguage":"pt-BR","@id":"https:\/\/www.suno.com.br\/noticias\/#\/schema\/person\/image\/","url":"https:\/\/secure.gravatar.com\/avatar\/dac340933427a22924c9f99d1eb2e3f2?s=96&r=g","contentUrl":"https:\/\/secure.gravatar.com\/avatar\/dac340933427a22924c9f99d1eb2e3f2?s=96&r=g","caption":"Eduardo Vargas"},"description":"Jornalista formado pela UFSC, cobre macroeconomia, neg\u00f3cios e startups para o Suno Not\u00edcias, escrevendo principalmente not\u00edcias sobre o mercado financeiro e a bolsa de valores. No YouTube e no Instagram, \u00e9 respons\u00e1vel pela produ\u00e7\u00e3o de Reels e Shorts do Suno Not\u00edcias. Anteriormente, trabalhou cobrindo economia e cotidiano no ND+ e para o ND, maior jornal impresso de Santa Catarina. Cursou um semestre letivo de Estudos de M\u00eddia na Universidad de Buenos Aires.","url":"https:\/\/www.suno.com.br\/noticias\/author\/eduardo-vargas\/"}]}},"default_loop_html":"<div class=\"cardsPage__listCard__boxs\"><div class=\"cardsPage__listCard__boxs__img\"><a href=\"https:\/\/www.suno.com.br\/noticias\/eike-batista-divida-mmx-leilao\/\"><img class=\"mask\" src=\"https:\/\/www.suno.com.br\/noticias\/wp-content\/themes\/suno\/resources\/images\/spotlight\/spotlight1img\/bg-mask.png\" alt=\"Image Mask\"\/><img src=\"https:\/\/files.sunoresearch.com.br\/n\/uploads\/2021\/07\/45dfd9a4-1099562-wdoli_abr_112920175803_1-400x200.jpg\" alt=\"Eike Batista: Leil\u00e3o de d\u00edvida bilion\u00e1ria da MMX ocorrer\u00e1 na pr\u00f3xima semana\"\/><\/a><span class=\"spotlightCategory\"><a href=\"https:\/\/www.suno.com.br\/noticias\/negocios\/\">Neg\u00f3cios<\/a><\/span><\/div><div class=\"cardsPage__listCard__boxs__content\"><a href=\"https:\/\/www.suno.com.br\/noticias\/eike-batista-divida-mmx-leilao\/\"><h2 class=\"content__title\">Eike Batista: Leil\u00e3o de d\u00edvida bilion\u00e1ria da MMX ocorrer\u00e1 na pr\u00f3xima semana<\/h2><\/a><div class=\"newsContent__article__meta\"><div class=\"newsContent__article__meta__authorBox\"><a href=\"https:\/\/www.suno.com.br\/noticias\/author\/eduardo-vargas\/\" class=\"authorBox__avatar noMobi\"><img src=\"https:\/\/secure.gravatar.com\/avatar\/dac340933427a22924c9f99d1eb2e3f2?s=96&#038;r=g\" alt=\"Eduardo Vargas\"><\/a><div class=\"authorBox__name\"><span>por\n\t\t\t<a href=\"https:\/\/www.suno.com.br\/noticias\/author\/eduardo-vargas\/\"><span itemprop=\"author\">Eduardo Vargas<\/span><\/a><\/span><time datetime=\"2022-09-08T08:19:39-03:00\" itemprop=\"datePublished\">08\/09\/2022 08:19<\/time><\/div><\/div><\/div><\/div><\/div>","single_layout":"posts","amp_enabled":true,"_links":{"self":[{"href":"https:\/\/www.suno.com.br\/noticias\/wp-json\/wp\/v2\/posts\/302065"}],"collection":[{"href":"https:\/\/www.suno.com.br\/noticias\/wp-json\/wp\/v2\/posts"}],"about":[{"href":"https:\/\/www.suno.com.br\/noticias\/wp-json\/wp\/v2\/types\/post"}],"author":[{"embeddable":true,"href":"https:\/\/www.suno.com.br\/noticias\/wp-json\/wp\/v2\/users\/73"}],"replies":[{"embeddable":true,"href":"https:\/\/www.suno.com.br\/noticias\/wp-json\/wp\/v2\/comments?post=302065"}],"version-history":[{"count":2,"href":"https:\/\/www.suno.com.br\/noticias\/wp-json\/wp\/v2\/posts\/302065\/revisions"}],"predecessor-version":[{"id":302092,"href":"https:\/\/www.suno.com.br\/noticias\/wp-json\/wp\/v2\/posts\/302065\/revisions\/302092"}],"wp:featuredmedia":[{"embeddable":true,"href":"https:\/\/www.suno.com.br\/noticias\/wp-json\/wp\/v2\/media\/286077"}],"wp:attachment":[{"href":"https:\/\/www.suno.com.br\/noticias\/wp-json\/wp\/v2\/media?parent=302065"}],"wp:term":[{"taxonomy":"category","embeddable":true,"href":"https:\/\/www.suno.com.br\/noticias\/wp-json\/wp\/v2\/categories?post=302065"},{"taxonomy":"post_tag","embeddable":true,"href":"https:\/\/www.suno.com.br\/noticias\/wp-json\/wp\/v2\/tags?post=302065"},{"taxonomy":"suno_strategy","embeddable":true,"href":"https:\/\/www.suno.com.br\/noticias\/wp-json\/wp\/v2\/suno_strategy?post=302065"}],"curies":[{"name":"wp","href":"https:\/\/api.w.org\/{rel}","templated":true}]}}