{"id":301990,"date":"2022-09-26T19:20:18","date_gmt":"2022-09-26T22:20:18","guid":{"rendered":"https:\/\/www.suno.com.br\/noticias\/?p=301990"},"modified":"2022-09-26T19:20:18","modified_gmt":"2022-09-26T22:20:18","slug":"pesquisas-eleitorais-presidente-governadores-semana-4","status":"publish","type":"post","link":"https:\/\/www.suno.com.br\/noticias\/pesquisas-eleitorais-presidente-governadores-semana-4\/","title":{"rendered":"Veja as pesquisas eleitorais para presidente e governadores da semana"},"content":{"rendered":"<p>Nesta semana, entre os dias 26 a 30 de setembro, devem ser divulgados os resultados de pelo menos 172 <strong>pesquisas eleitorais<\/strong> registradas no TSE (Tribunal Superior Eleitoral). Os estudos apontam as inten\u00e7\u00f5es de voto nas disputas para presidente, governos estaduais, C\u00e2mara dos Deputados, Senado e C\u00e2maras Distritais.<\/p>\t<div class=\"wrapper-featured-image\">\n\t\t<figure class=\"spotlightImg\">\n\n\t\t\t<picture>\n\t\t\t\t<source media=\"(max-width: 768px)\" srcset=\"https:\/\/files.sunoresearch.com.br\/n\/uploads\/2022\/08\/pesquisas-eleitorais-2-400x200.jpg\">\n\t\t\t\t<img loading=\"lazy\" decoding=\"async\" class=\"newsContent__article__imgCapa lazyloadDisabled \" src=\"https:\/\/files.sunoresearch.com.br\/n\/uploads\/2022\/08\/pesquisas-eleitorais-2-800x450.jpg\" width=\"800\" height=\"450\" alt=\"Veja as pesquisas eleitorais para presidente e governadores da semana\" fetchpriority=high \/>\n\t\t\t<\/picture>\n\n\t\t\t<figcaption class=\"wp-caption-text wp-caption-text--show\">Brazilian Regional Markets ter\u00e1 pesquisa exclusiva da Futura.Foto: Pixabay<\/figcaption>\n\t\t<\/figure>\n\t<\/div>\n\n\n\t<p>\n\t\t<a href=\"\" target=\"_blank\" data-element=\"shortcode-suno-banner\" title=\"Banner SUNO, clique e saiba mais\">\n\t\t\t<picture>\n\t\t\t\t<source media=\"(max-width: 500px)\" srcset=\"\">\n\t\t\t\t<img class=\"newsContent__article__imgCapa newsContent__article__imgCapa--banner\"\n\t\t\t\t\tsrc=\"\"\n\t\t\t\t\tdata-promo-id=\"264348\"\t\t\t\t\t\t\t\t\t\t\t\t\t\t\talt=\"\"\n\t\t\t\t>\n\t\t\t<\/picture>\n\t\t<\/a>\n\t<\/p>\n\n\n<p>Para esta segunda-feira (26), estavam previstas 32 pesquisas eleitorais de inten\u00e7\u00e3o de voto, sendo duas delas associadas \u00e0 disputa presidencial, em todo o Brasil. Essas seriam realizadas pelas empresas Ipec e FSB. Veja a seguir alguns dos levantamentos que devem sair nesta segunda:<\/p>\n<ul>\n<li>Ipec &#8211; para governador, senador e presidente no estado do Rio Grande do Sul;<\/li>\n<li>Quaest &#8211; para presidente no estado do Rio de Janeiro;<\/li>\n<li>Quaest &#8211; para presidente, governador e senador no estado de S\u00e3o Paulo;<\/li>\n<li>Paran\u00e1 Pesquisas &#8211; para presidente, governador e senador no estado do Rio Grande do Sul;<\/li>\n<li>Paran\u00e1 Pesquisas &#8211; para governador e senador no estado do Piau\u00ed;<\/li>\n<li>Destak &#8211; para governador no estado do Par\u00e1;<\/li>\n<li>Ibrape &#8211; para presidente, governador e senador no estado de Alagoas;<\/li>\n<li>Instituto Ideia &#8211; para presidente, governador, senador e deputados no estado do Maranh\u00e3o;<\/li>\n<li>Pontual Pesquisas &#8211; para governador e senador no estado de Amazonas;<\/li>\n<li>Opini\u00e3o &#8211; para governador, senador e deputados no Distrito Federal;<\/li>\n<li>Doxa &#8211; para governador, senador e deputados no estado do Par\u00e1;<\/li>\n<li>IAD &#8211; para governador e senador no estado do Maranh\u00e3o.<\/li>\n<\/ul>\n\t<div data-element=\"shortcode-read-more\" class=\"knowMore\">\n\t\t\t\t<span class=\"knowMore__title\">Leia mais:<\/span>\n\t\t\t\t<a class=\"knowMore__link\" href=\"https:\/\/www.suno.com.br\/noticias\/petrorio-prio3-cogna-cogn3-cosan-csan3-destaques\/\">\n\t\t\tPetroRio (PRIO3), Cogna (COGN3) e Cosan (CSAN3) chamam a aten\u00e7\u00e3o do mercado financeiro\t\t<\/a>\n\t<\/div>\n\n\n<p>Al\u00e9m dessas, a empresa Verit\u00e1 ir\u00e1 apresentar quatro pesquisas de inten\u00e7\u00e3o de voto em quatro estados diferentes. Tr\u00eas s\u00e3o sobre a <strong>inten\u00e7\u00e3o de voto para presidente<\/strong>, governador e senador no Distrito Federal, Esp\u00edrito Santo e Para\u00edba. A \u00faltima \u00e9 sobre as <strong>inten\u00e7\u00f5es de voto para governador<\/strong> e senador no estado de Pernambuco.<\/p>\n<h2>Pesquisas eleitorais para esta ter\u00e7a e quarta-feira<\/h2>\n<p>Para esta ter\u00e7a-feira (27), est\u00e3o previstas 26 pesquisas eleitorais, sendo apenas uma voltada para a <strong>inten\u00e7\u00e3o de voto presidencial<\/strong> em todo Brasil, realizada pela empresa Nervera. Veja a seguir algumas pesquisas eleitorais que devem ser divulgadas nesta ter\u00e7a:<\/p>\n<ul>\n<li>Ipec &#8211; para presidente, governador e senador no estado de Pernambuco;<\/li>\n<li>Dados Pesquisa &#8211; para governador, senador e deputados no estado do Mato Grosso;<\/li>\n<li>Instituto Ranking Brasil &#8211; para presidente, governador, senador e deputados no estado do Mato Grosso;<\/li>\n<li>DataMax &#8211; para presidente, governador, senador e deputados no estado do Piau\u00ed;<\/li>\n<li>Ipespe &#8211; para presidente, governador e senador no estado de Pernambuco;<\/li>\n<li>Voga Brasil Instituto &#8211; para presidente, governador, senador e deputados no estado de Goi\u00e1s;<\/li>\n<li>Real Time Big Data &#8211; para governador e senador no estado do Mato Grosso do Sul;<\/li>\n<li>Tend\u00eancia Pesquisa &#8211; para governador, senador e deputados no estado de Santa Catarina;<\/li>\n<li>Trilhas do Cerrado &#8211; para governador, senador e deputados no estado de Goi\u00e1s;<\/li>\n<li>Direct Pesquisas &#8211; para governador, senador e deputados no estado de Goi\u00e1s;<\/li>\n<li>Vox Pesquisas &#8211; para governador, senador e deputados no estado de Sergipe.<\/li>\n<\/ul>\n<p>Ainda nesta ter\u00e7a, est\u00e3o previstas cinco pesquisas sobre as <strong>inten\u00e7\u00f5es de voto para senador<\/strong>, governador e deputados no estado de Minas Gerais. Essas ser\u00e3o realizadas pela empresa Prom\u00eddia Pesquisas e ser\u00e1 aplicada nas cidades de Divin\u00f3polis, Campos das Vertentes, Tr\u00eas Marias, Itapecerica e Divin\u00f3polis.<\/p>\n\t<p>\n\t\t<a href=\"\" target=\"_blank\" data-element=\"shortcode-suno-banner\" title=\"Banner SUNO, clique e saiba mais\">\n\t\t\t<picture>\n\t\t\t\t<source media=\"(max-width: 500px)\" srcset=\"\">\n\t\t\t\t<img class=\"newsContent__article__imgCapa newsContent__article__imgCapa--banner\"\n\t\t\t\t\tsrc=\"\"\n\t\t\t\t\tdata-promo-id=\"77035\"\t\t\t\t\t\t\t\t\t\t\t\t\t\t\talt=\"\"\n\t\t\t\t>\n\t\t\t<\/picture>\n\t\t<\/a>\n\t<\/p>\n\n\n<p>Para esta quarta-feira (28), est\u00e3o previstas 35 pesquisas de inten\u00e7\u00e3o de voto. Dentre elas, tr\u00eas s\u00e3o voltadas para a disputa presidencial em todo o pa\u00eds, essa ser\u00e1 realizada pelas empresas PoderData, Multi Mercado e Quaest. Veja a seguir quais pesquisas devem sair nesta quarta:<\/p>\n<ul>\n<li>Paran\u00e1 Pesquisas &#8211; para presidente, governador e senador no estado de Goi\u00e1s;<\/li>\n<li>Intelligence Pesquisa &#8211; para governador e senador no estado de S\u00e3o Paulo;<\/li>\n<li>Intelligence Pesquisa &#8211; para governador, senador e deputados no estado do Rio de Janeiro;<\/li>\n<li>Intituto Franca &#8211; para presidente no estado de Sergipe;<\/li>\n<li>Dividados &#8211; para governador, senador e deputados no estado de Minas Gerais;<\/li>\n<li>Enfoque &#8211; para presidente, governador, senador e deputados no estado de S\u00e3o Paulo;<\/li>\n<li>Prefab Future &#8211; para governador e senador no estado do Rio de Janeiro;<\/li>\n<li>Quaest &#8211; para presidente, governador e senador no estado do Amap\u00e1;<\/li>\n<li>Segmenta Dados &#8211; para deputado estadual no estado do Mato Grosso;<\/li>\n<li>Real Time Big Data &#8211; para governador e senador no estado do Amazonas;<\/li>\n<li>Percent Pesquisa &#8211; para governador no estado do Maranh\u00e3o;<\/li>\n<li>Instituto Credibilidade &#8211; para governador, senador e deputado no estado do Piau\u00ed;<\/li>\n<li>Novo Ibrape &#8211; para presidente, governador e senador no estado do Mato Grosso do Sul;<\/li>\n<li>Real Time Big Data &#8211; para governador e senador no estado de Sergipe.<\/li>\n<\/ul>\n<p>Nesta quarta, tamb\u00e9m est\u00e3o previstas tr\u00eas pesquisas do Nervera, sobre as <strong>inten\u00e7\u00f5es de voto para presidente<\/strong>, governador e senador. Essas s\u00e3o referentes aos estados de Minas Gerais, Rio de Janeiro e S\u00e3o Paulo.<\/p>\n<h2>Pesquisas para quinta e sexta-feira<\/h2>\n<p>Para esta quinta, est\u00e3o previstas 36 pesquisas eleitorais. Dentre elas, a empresa Ipec ir\u00e1 divulgar atrav\u00e9s da Rede Amaz\u00f4nica R\u00e1dio e TV, os resultados da pesquisa para presidente, governador e senador nos estados do Amap\u00e1 e Roraima. A empresa tamb\u00e9m informar\u00e1 sobre as<strong> inten\u00e7\u00f5es de voto para senadores<\/strong> e governador no estado do Amazonas. Veja a seguir outras pesquisas que devem sair nesta quinta:<\/p>\n<ul>\n<li>Exatus &#8211; para presidente, governador, senador e deputados no estado do Rio Grande do Norte;<\/li>\n<li>Quaest &#8211; para presidente no estado do Amazonas;<\/li>\n<li>Paran\u00e1 Pesquisas &#8211; para governador e senador no estado do Mato Grosso do Sul;<\/li>\n<li>Econometrica &#8211; para governador e senador no estado do Maranh\u00e3o;<\/li>\n<li>Instituto Methodus &#8211; para governador no estado do Tocantins;<\/li>\n<li>Result Estrat\u00e9gia &#8211; para governador e senador no estado de Alagoas;<\/li>\n<li>Cepphor &#8211; para deputados distrital e federal no Distrito Federal;<\/li>\n<li>Verit\u00e1 &#8211; para governador e senador no estado da Bahia;<\/li>\n<li>Intituto Datailha &#8211; para presidente, governador e senador no estado do Maranh\u00e3o;<\/li>\n<li>Trilhas do Cerrado &#8211; para governador, senador e deputados no estado de Goi\u00e1s;<\/li>\n<\/ul>\n<p>A empresa Nervera tamb\u00e9m ir\u00e1 apresentar quatro resultados sobre a inten\u00e7\u00e3o de voto presidencial, governador e senador. Estes ser\u00e3o para os estados de Cear\u00e1, Pernambuco, Bahia e Rio Grande do Sul.<\/p>\n<p>Para esta sexta-feira (30), est\u00e3o previstas 21 pesquisas de inten\u00e7\u00e3o de voto, sendo duas voltadas para a disputa presidencial em todo o Brasil. Essas ser\u00e3o realizadas pelas empresas Nervera e Verit\u00e1.\u00a0 Veja a seguir algumas das pesquisas eleitorais para esta sexta-feira:<\/p>\n<ul>\n<li>Premier Pesquisas &#8211; para governador e senador no estado do Maranh\u00e3o;<\/li>\n<li>DataQualy &#8211; para governador no estado da Bahia;<\/li>\n<li>Instituto Aferir &#8211; para governador, senador e deputado para o estado do Maranh\u00e3o;<\/li>\n<li>DataMax &#8211; para presidente, governador, senador e deputados no estado do Piau\u00ed;<\/li>\n<li>Badra Comunica\u00e7\u00e3o &#8211; para presidente, governador e senador no estado do Acre;<\/li>\n<li>Mapa &#8211; para presidente, governador e senador do estado de Santa Catarina;<\/li>\n<li>Instituto Skala &#8211; para governador no estado do Par\u00e1;<\/li>\n<li>Brasmarket &#8211; para governador e senador no estado do Tocantins;<\/li>\n<li>CTAS Tecnologia &#8211; para governador, senador e deputados no estado de Sergipe;<\/li>\n<li>Ipespe &#8211; para presidente, governador e senador no estado de S\u00e3o Paulo;<\/li>\n<li>Real Time Big Data &#8211; para governador e senador no estado do Tocantins.<\/li>\n<\/ul>\n<p>A empresa Ipopbras ir\u00e1 apresentar tr\u00eas <strong>pesquisas eleitorais<\/strong> para o estado do Maranh\u00e3o. Duas delas ser\u00e3o sobre a <strong>inten\u00e7\u00e3o de voto para governador<\/strong> e senador, e uma apenas para governador, realizadas dos dias 25 a 29 de setembro.<\/p>\n\t<p>\n\t\t<a href=\"https:\/\/lp.suno.com.br\/planilha-controle-gastos\/\" target=\"_blank\" data-element=\"shortcode-suno-banner\" title=\"Banner SUNO, clique e saiba mais\">\n\t\t\t<picture>\n\t\t\t\t<source media=\"(max-width: 500px)\" srcset=\"https:\/\/files.sunoresearch.com.br\/n\/uploads\/2023\/03\/400x300-Planilha-controle-de-gastos.png\">\n\t\t\t\t<img class=\"newsContent__article__imgCapa newsContent__article__imgCapa--banner\"\n\t\t\t\t\tsrc=\"https:\/\/files.sunoresearch.com.br\/n\/uploads\/2023\/03\/1420x240-Planilha-controle-de-gastos.png\"\n\t\t\t\t\tdata-promo-id=\"101751\"\t\t\t\t\t\t\t\t\t\twidth='1420' height='240'\t\t\t\t\talt=\"https:\/\/files.sunoresearch.com.br\/n\/uploads\/2023\/03\/1420x240-Planilha-controle-de-gastos.png\"\n\t\t\t\t>\n\t\t\t<\/picture>\n\t\t<\/a>\n\t<\/p>\n\n\n","protected":false},"excerpt":{"rendered":"<p>Nesta semana, entre os dias 26 a 30 de setembro, devem ser divulgados os resultados de pelo menos 172 pesquisas eleitorais registradas no TSE (Tribunal Superior Eleitoral). Os estudos apontam as inten\u00e7\u00f5es de voto nas disputas para presidente, governos estaduais, C\u00e2mara dos Deputados, Senado e C\u00e2maras Distritais. Brazilian Regional Markets ter\u00e1 pesquisa exclusiva da Futura.Foto: [&hellip;]<\/p>\n","protected":false},"author":173,"featured_media":285258,"comment_status":"closed","ping_status":"closed","sticky":false,"template":"","format":"standard","meta":[],"categories":[60],"tags":[106154],"suno_strategy":[],"class_list":["post-301990","post","type-post","status-publish","format-standard","has-post-thumbnail","hentry","category-mercado","tag-pesquisas"],"yoast_head":"<!-- This site is optimized with the Yoast SEO plugin v24.4 - https:\/\/yoast.com\/wordpress\/plugins\/seo\/ -->\n<title>Veja as pesquisas eleitorais para presidente e governadores da semana<\/title>\n<meta name=\"description\" content=\"As elei\u00e7\u00f5es 2022 tamb\u00e9m \u00e9 um tema que est\u00e1 no radar dos investidores. Veja as pesquisas eleitorais para presidente e governadores da semana.\" \/>\n<meta name=\"robots\" content=\"index, follow, max-snippet:-1, max-image-preview:large, max-video-preview:-1\" \/>\n<link rel=\"canonical\" href=\"https:\/\/www.suno.com.br\/noticias\/pesquisas-eleitorais-presidente-governadores-semana-4\/\" \/>\n<meta property=\"og:locale\" content=\"pt_BR\" \/>\n<meta property=\"og:type\" content=\"article\" \/>\n<meta property=\"og:title\" content=\"Veja as pesquisas eleitorais para presidente e governadores da semana\" \/>\n<meta property=\"og:description\" content=\"As elei\u00e7\u00f5es 2022 tamb\u00e9m \u00e9 um tema que est\u00e1 no radar dos investidores. Veja as pesquisas eleitorais para presidente e governadores da semana.\" \/>\n<meta property=\"og:url\" content=\"https:\/\/www.suno.com.br\/noticias\/pesquisas-eleitorais-presidente-governadores-semana-4\/\" \/>\n<meta property=\"og:site_name\" content=\"Suno Not\u00edcias\" \/>\n<meta property=\"article:publisher\" content=\"https:\/\/facebook.com\/sunoresearch\" \/>\n<meta property=\"og:image\" content=\"https:\/\/files.sunoresearch.com.br\/n\/uploads\/2022\/08\/pesquisas-eleitorais-2.jpg\" \/>\n\t<meta property=\"og:image:width\" content=\"1920\" \/>\n\t<meta property=\"og:image:height\" content=\"1279\" \/>\n\t<meta property=\"og:image:type\" content=\"image\/jpeg\" \/>\n<meta name=\"author\" content=\"Jo\u00e3o Vitor\" \/>\n<meta name=\"twitter:card\" content=\"summary_large_image\" \/>\n<meta name=\"twitter:creator\" content=\"@sunoresearch\" \/>\n<meta name=\"twitter:site\" content=\"@sunoresearch\" \/>\n<meta name=\"twitter:label1\" content=\"Escrito por\" \/>\n\t<meta name=\"twitter:data1\" content=\"Jo\u00e3o Vitor\" \/>\n\t<meta name=\"twitter:label2\" content=\"Est. tempo de leitura\" \/>\n\t<meta name=\"twitter:data2\" content=\"7 minutos\" \/>\n<script type=\"application\/ld+json\" class=\"yoast-schema-graph\">{\"@context\":\"https:\/\/schema.org\",\"@graph\":[{\"@type\":\"NewsArticle\",\"@id\":\"https:\/\/www.suno.com.br\/noticias\/pesquisas-eleitorais-presidente-governadores-semana-4\/#article\",\"isPartOf\":{\"@id\":\"https:\/\/www.suno.com.br\/noticias\/pesquisas-eleitorais-presidente-governadores-semana-4\/\"},\"author\":{\"name\":\"Jo\u00e3o Vitor\",\"@id\":\"https:\/\/www.suno.com.br\/noticias\/#\/schema\/person\/87fc6973867c52dd884811905c43afba\"},\"headline\":\"Veja as pesquisas eleitorais para presidente e governadores da semana\",\"datePublished\":\"2022-09-26T22:20:18+00:00\",\"mainEntityOfPage\":{\"@id\":\"https:\/\/www.suno.com.br\/noticias\/pesquisas-eleitorais-presidente-governadores-semana-4\/\"},\"wordCount\":1252,\"publisher\":{\"@id\":\"https:\/\/www.suno.com.br\/noticias\/#organization\"},\"image\":{\"@id\":\"https:\/\/www.suno.com.br\/noticias\/pesquisas-eleitorais-presidente-governadores-semana-4\/#primaryimage\"},\"thumbnailUrl\":\"https:\/\/files.sunoresearch.com.br\/n\/uploads\/2022\/08\/pesquisas-eleitorais-2.jpg\",\"keywords\":[\"Pesquisas\"],\"articleSection\":[\"Mercado\"],\"inLanguage\":\"pt-BR\"},{\"@type\":\"WebPage\",\"@id\":\"https:\/\/www.suno.com.br\/noticias\/pesquisas-eleitorais-presidente-governadores-semana-4\/\",\"url\":\"https:\/\/www.suno.com.br\/noticias\/pesquisas-eleitorais-presidente-governadores-semana-4\/\",\"name\":\"Veja as pesquisas eleitorais para presidente e governadores da semana\",\"isPartOf\":{\"@id\":\"https:\/\/www.suno.com.br\/noticias\/#website\"},\"primaryImageOfPage\":{\"@id\":\"https:\/\/www.suno.com.br\/noticias\/pesquisas-eleitorais-presidente-governadores-semana-4\/#primaryimage\"},\"image\":{\"@id\":\"https:\/\/www.suno.com.br\/noticias\/pesquisas-eleitorais-presidente-governadores-semana-4\/#primaryimage\"},\"thumbnailUrl\":\"https:\/\/files.sunoresearch.com.br\/n\/uploads\/2022\/08\/pesquisas-eleitorais-2.jpg\",\"datePublished\":\"2022-09-26T22:20:18+00:00\",\"description\":\"As elei\u00e7\u00f5es 2022 tamb\u00e9m \u00e9 um tema que est\u00e1 no radar dos investidores. Veja as pesquisas eleitorais para presidente e governadores da semana.\",\"breadcrumb\":{\"@id\":\"https:\/\/www.suno.com.br\/noticias\/pesquisas-eleitorais-presidente-governadores-semana-4\/#breadcrumb\"},\"inLanguage\":\"pt-BR\",\"potentialAction\":[{\"@type\":\"ReadAction\",\"target\":[\"https:\/\/www.suno.com.br\/noticias\/pesquisas-eleitorais-presidente-governadores-semana-4\/\"]}]},{\"@type\":\"ImageObject\",\"inLanguage\":\"pt-BR\",\"@id\":\"https:\/\/www.suno.com.br\/noticias\/pesquisas-eleitorais-presidente-governadores-semana-4\/#primaryimage\",\"url\":\"https:\/\/files.sunoresearch.com.br\/n\/uploads\/2022\/08\/pesquisas-eleitorais-2.jpg\",\"contentUrl\":\"https:\/\/files.sunoresearch.com.br\/n\/uploads\/2022\/08\/pesquisas-eleitorais-2.jpg\",\"width\":1920,\"height\":1279,\"caption\":\"Brazilian Regional Markets ter\u00e1 pesquisa exclusiva da Futura.Foto: Pixabay\"},{\"@type\":\"BreadcrumbList\",\"@id\":\"https:\/\/www.suno.com.br\/noticias\/pesquisas-eleitorais-presidente-governadores-semana-4\/#breadcrumb\",\"itemListElement\":[{\"@type\":\"ListItem\",\"position\":1,\"name\":\"Not\u00edcias\",\"item\":\"https:\/\/www.suno.com.br\/noticias\/\"},{\"@type\":\"ListItem\",\"position\":2,\"name\":\"Mercado\",\"item\":\"https:\/\/www.suno.com.br\/noticias\/mercado\/\"},{\"@type\":\"ListItem\",\"position\":3,\"name\":\"Veja as pesquisas eleitorais para presidente e governadores da semana\"}]},{\"@type\":\"WebSite\",\"@id\":\"https:\/\/www.suno.com.br\/noticias\/#website\",\"url\":\"https:\/\/www.suno.com.br\/noticias\/\",\"name\":\"Suno Not\u00edcias\",\"description\":\"Seu portal de informa\u00e7\u00e3o sobre o mundo dos investimentos\",\"publisher\":{\"@id\":\"https:\/\/www.suno.com.br\/noticias\/#organization\"},\"potentialAction\":[{\"@type\":\"SearchAction\",\"target\":{\"@type\":\"EntryPoint\",\"urlTemplate\":\"https:\/\/www.suno.com.br\/noticias\/?s={search_term_string}\"},\"query-input\":{\"@type\":\"PropertyValueSpecification\",\"valueRequired\":true,\"valueName\":\"search_term_string\"}}],\"inLanguage\":\"pt-BR\"},{\"@type\":\"Organization\",\"@id\":\"https:\/\/www.suno.com.br\/noticias\/#organization\",\"name\":\"Suno Not\u00edcias\",\"url\":\"https:\/\/www.suno.com.br\/noticias\/\",\"logo\":{\"@type\":\"ImageObject\",\"inLanguage\":\"pt-BR\",\"@id\":\"https:\/\/www.suno.com.br\/noticias\/#\/schema\/logo\/image\/\",\"url\":\"https:\/\/files.sunoresearch.com.br\/n\/uploads\/2021\/09\/suno-logo.png\",\"contentUrl\":\"https:\/\/files.sunoresearch.com.br\/n\/uploads\/2021\/09\/suno-logo.png\",\"width\":180,\"height\":180,\"caption\":\"Suno Not\u00edcias\"},\"image\":{\"@id\":\"https:\/\/www.suno.com.br\/noticias\/#\/schema\/logo\/image\/\"},\"sameAs\":[\"https:\/\/facebook.com\/sunoresearch\",\"https:\/\/x.com\/sunoresearch\",\"https:\/\/www.instagram.com\/suno\",\"https:\/\/www.linkedin.com\/company\/suno-research\/\",\"https:\/\/www.youtube.com\/c\/sunoresearch\"]},{\"@type\":\"Person\",\"@id\":\"https:\/\/www.suno.com.br\/noticias\/#\/schema\/person\/87fc6973867c52dd884811905c43afba\",\"name\":\"Jo\u00e3o Vitor\",\"image\":{\"@type\":\"ImageObject\",\"inLanguage\":\"pt-BR\",\"@id\":\"https:\/\/www.suno.com.br\/noticias\/#\/schema\/person\/image\/\",\"url\":\"https:\/\/secure.gravatar.com\/avatar\/2843227ca03ccf8cc7ccca45204c127e?s=96&r=g\",\"contentUrl\":\"https:\/\/secure.gravatar.com\/avatar\/2843227ca03ccf8cc7ccca45204c127e?s=96&r=g\",\"caption\":\"Jo\u00e3o Vitor\"},\"description\":\"Redator profissional, com atua\u00e7\u00e3o no mercado editorial na produ\u00e7\u00e3o de not\u00edcias e conte\u00fados sobre o mercado de a\u00e7\u00f5es, fundos imobili\u00e1rios e economia popular. Graduando em Engenharia Qu\u00edmica pela Unesp, tamb\u00e9m j\u00e1 atuou como consultor financeiro.\",\"url\":\"https:\/\/www.suno.com.br\/noticias\/author\/joao-vitor-jacintho\/\"}]}<\/script>\n<!-- \/ Yoast SEO plugin. -->","yoast_head_json":{"title":"Veja as pesquisas eleitorais para presidente e governadores da semana","description":"As elei\u00e7\u00f5es 2022 tamb\u00e9m \u00e9 um tema que est\u00e1 no radar dos investidores. Veja as pesquisas eleitorais para presidente e governadores da semana.","robots":{"index":"index","follow":"follow","max-snippet":"max-snippet:-1","max-image-preview":"max-image-preview:large","max-video-preview":"max-video-preview:-1"},"canonical":"https:\/\/www.suno.com.br\/noticias\/pesquisas-eleitorais-presidente-governadores-semana-4\/","og_locale":"pt_BR","og_type":"article","og_title":"Veja as pesquisas eleitorais para presidente e governadores da semana","og_description":"As elei\u00e7\u00f5es 2022 tamb\u00e9m \u00e9 um tema que est\u00e1 no radar dos investidores. Veja as pesquisas eleitorais para presidente e governadores da semana.","og_url":"https:\/\/www.suno.com.br\/noticias\/pesquisas-eleitorais-presidente-governadores-semana-4\/","og_site_name":"Suno Not\u00edcias","article_publisher":"https:\/\/facebook.com\/sunoresearch","og_image":[{"width":1920,"height":1279,"url":"https:\/\/files.sunoresearch.com.br\/n\/uploads\/2022\/08\/pesquisas-eleitorais-2.jpg","type":"image\/jpeg"}],"author":"Jo\u00e3o Vitor","twitter_card":"summary_large_image","twitter_creator":"@sunoresearch","twitter_site":"@sunoresearch","twitter_misc":{"Escrito por":"Jo\u00e3o Vitor","Est. tempo de leitura":"7 minutos"},"schema":{"@context":"https:\/\/schema.org","@graph":[{"@type":"NewsArticle","@id":"https:\/\/www.suno.com.br\/noticias\/pesquisas-eleitorais-presidente-governadores-semana-4\/#article","isPartOf":{"@id":"https:\/\/www.suno.com.br\/noticias\/pesquisas-eleitorais-presidente-governadores-semana-4\/"},"author":{"name":"Jo\u00e3o Vitor","@id":"https:\/\/www.suno.com.br\/noticias\/#\/schema\/person\/87fc6973867c52dd884811905c43afba"},"headline":"Veja as pesquisas eleitorais para presidente e governadores da semana","datePublished":"2022-09-26T22:20:18+00:00","mainEntityOfPage":{"@id":"https:\/\/www.suno.com.br\/noticias\/pesquisas-eleitorais-presidente-governadores-semana-4\/"},"wordCount":1252,"publisher":{"@id":"https:\/\/www.suno.com.br\/noticias\/#organization"},"image":{"@id":"https:\/\/www.suno.com.br\/noticias\/pesquisas-eleitorais-presidente-governadores-semana-4\/#primaryimage"},"thumbnailUrl":"https:\/\/files.sunoresearch.com.br\/n\/uploads\/2022\/08\/pesquisas-eleitorais-2.jpg","keywords":["Pesquisas"],"articleSection":["Mercado"],"inLanguage":"pt-BR"},{"@type":"WebPage","@id":"https:\/\/www.suno.com.br\/noticias\/pesquisas-eleitorais-presidente-governadores-semana-4\/","url":"https:\/\/www.suno.com.br\/noticias\/pesquisas-eleitorais-presidente-governadores-semana-4\/","name":"Veja as pesquisas eleitorais para presidente e governadores da semana","isPartOf":{"@id":"https:\/\/www.suno.com.br\/noticias\/#website"},"primaryImageOfPage":{"@id":"https:\/\/www.suno.com.br\/noticias\/pesquisas-eleitorais-presidente-governadores-semana-4\/#primaryimage"},"image":{"@id":"https:\/\/www.suno.com.br\/noticias\/pesquisas-eleitorais-presidente-governadores-semana-4\/#primaryimage"},"thumbnailUrl":"https:\/\/files.sunoresearch.com.br\/n\/uploads\/2022\/08\/pesquisas-eleitorais-2.jpg","datePublished":"2022-09-26T22:20:18+00:00","description":"As elei\u00e7\u00f5es 2022 tamb\u00e9m \u00e9 um tema que est\u00e1 no radar dos investidores. Veja as pesquisas eleitorais para presidente e governadores da semana.","breadcrumb":{"@id":"https:\/\/www.suno.com.br\/noticias\/pesquisas-eleitorais-presidente-governadores-semana-4\/#breadcrumb"},"inLanguage":"pt-BR","potentialAction":[{"@type":"ReadAction","target":["https:\/\/www.suno.com.br\/noticias\/pesquisas-eleitorais-presidente-governadores-semana-4\/"]}]},{"@type":"ImageObject","inLanguage":"pt-BR","@id":"https:\/\/www.suno.com.br\/noticias\/pesquisas-eleitorais-presidente-governadores-semana-4\/#primaryimage","url":"https:\/\/files.sunoresearch.com.br\/n\/uploads\/2022\/08\/pesquisas-eleitorais-2.jpg","contentUrl":"https:\/\/files.sunoresearch.com.br\/n\/uploads\/2022\/08\/pesquisas-eleitorais-2.jpg","width":1920,"height":1279,"caption":"Brazilian Regional Markets ter\u00e1 pesquisa exclusiva da Futura.Foto: Pixabay"},{"@type":"BreadcrumbList","@id":"https:\/\/www.suno.com.br\/noticias\/pesquisas-eleitorais-presidente-governadores-semana-4\/#breadcrumb","itemListElement":[{"@type":"ListItem","position":1,"name":"Not\u00edcias","item":"https:\/\/www.suno.com.br\/noticias\/"},{"@type":"ListItem","position":2,"name":"Mercado","item":"https:\/\/www.suno.com.br\/noticias\/mercado\/"},{"@type":"ListItem","position":3,"name":"Veja as pesquisas eleitorais para presidente e governadores da semana"}]},{"@type":"WebSite","@id":"https:\/\/www.suno.com.br\/noticias\/#website","url":"https:\/\/www.suno.com.br\/noticias\/","name":"Suno Not\u00edcias","description":"Seu portal de informa\u00e7\u00e3o sobre o mundo dos investimentos","publisher":{"@id":"https:\/\/www.suno.com.br\/noticias\/#organization"},"potentialAction":[{"@type":"SearchAction","target":{"@type":"EntryPoint","urlTemplate":"https:\/\/www.suno.com.br\/noticias\/?s={search_term_string}"},"query-input":{"@type":"PropertyValueSpecification","valueRequired":true,"valueName":"search_term_string"}}],"inLanguage":"pt-BR"},{"@type":"Organization","@id":"https:\/\/www.suno.com.br\/noticias\/#organization","name":"Suno Not\u00edcias","url":"https:\/\/www.suno.com.br\/noticias\/","logo":{"@type":"ImageObject","inLanguage":"pt-BR","@id":"https:\/\/www.suno.com.br\/noticias\/#\/schema\/logo\/image\/","url":"https:\/\/files.sunoresearch.com.br\/n\/uploads\/2021\/09\/suno-logo.png","contentUrl":"https:\/\/files.sunoresearch.com.br\/n\/uploads\/2021\/09\/suno-logo.png","width":180,"height":180,"caption":"Suno Not\u00edcias"},"image":{"@id":"https:\/\/www.suno.com.br\/noticias\/#\/schema\/logo\/image\/"},"sameAs":["https:\/\/facebook.com\/sunoresearch","https:\/\/x.com\/sunoresearch","https:\/\/www.instagram.com\/suno","https:\/\/www.linkedin.com\/company\/suno-research\/","https:\/\/www.youtube.com\/c\/sunoresearch"]},{"@type":"Person","@id":"https:\/\/www.suno.com.br\/noticias\/#\/schema\/person\/87fc6973867c52dd884811905c43afba","name":"Jo\u00e3o Vitor","image":{"@type":"ImageObject","inLanguage":"pt-BR","@id":"https:\/\/www.suno.com.br\/noticias\/#\/schema\/person\/image\/","url":"https:\/\/secure.gravatar.com\/avatar\/2843227ca03ccf8cc7ccca45204c127e?s=96&r=g","contentUrl":"https:\/\/secure.gravatar.com\/avatar\/2843227ca03ccf8cc7ccca45204c127e?s=96&r=g","caption":"Jo\u00e3o Vitor"},"description":"Redator profissional, com atua\u00e7\u00e3o no mercado editorial na produ\u00e7\u00e3o de not\u00edcias e conte\u00fados sobre o mercado de a\u00e7\u00f5es, fundos imobili\u00e1rios e economia popular. Graduando em Engenharia Qu\u00edmica pela Unesp, tamb\u00e9m j\u00e1 atuou como consultor financeiro.","url":"https:\/\/www.suno.com.br\/noticias\/author\/joao-vitor-jacintho\/"}]}},"default_loop_html":"<div class=\"cardsPage__listCard__boxs\"><div class=\"cardsPage__listCard__boxs__img\"><a href=\"https:\/\/www.suno.com.br\/noticias\/pesquisas-eleitorais-presidente-governadores-semana-4\/\"><img class=\"mask\" src=\"https:\/\/www.suno.com.br\/noticias\/wp-content\/themes\/suno\/resources\/images\/spotlight\/spotlight1img\/bg-mask.png\" alt=\"Image Mask\"\/><img src=\"https:\/\/files.sunoresearch.com.br\/n\/uploads\/2022\/08\/pesquisas-eleitorais-2-400x200.jpg\" alt=\"Veja as pesquisas eleitorais para presidente e governadores da semana\"\/><\/a><span class=\"spotlightCategory\"><a href=\"https:\/\/www.suno.com.br\/noticias\/mercado\/\">Mercado<\/a><\/span><\/div><div class=\"cardsPage__listCard__boxs__content\"><a href=\"https:\/\/www.suno.com.br\/noticias\/pesquisas-eleitorais-presidente-governadores-semana-4\/\"><h2 class=\"content__title\">Veja as pesquisas eleitorais para presidente e governadores da semana<\/h2><\/a><div class=\"newsContent__article__meta\"><div class=\"newsContent__article__meta__authorBox\"><a href=\"https:\/\/www.suno.com.br\/noticias\/author\/joao-vitor-jacintho\/\" class=\"authorBox__avatar noMobi\"><img src=\"https:\/\/secure.gravatar.com\/avatar\/2843227ca03ccf8cc7ccca45204c127e?s=96&#038;r=g\" alt=\"Jo\u00e3o Vitor Jacintho\"><\/a><div class=\"authorBox__name\"><span>por\n\t\t\t<a href=\"https:\/\/www.suno.com.br\/noticias\/author\/joao-vitor-jacintho\/\"><span itemprop=\"author\">Jo\u00e3o Vitor Jacintho<\/span><\/a><\/span><time datetime=\"2022-09-26T19:20:18-03:00\" itemprop=\"datePublished\">26\/09\/2022 19:20<\/time><\/div><\/div><\/div><\/div><\/div>","single_layout":"posts","amp_enabled":true,"_links":{"self":[{"href":"https:\/\/www.suno.com.br\/noticias\/wp-json\/wp\/v2\/posts\/301990"}],"collection":[{"href":"https:\/\/www.suno.com.br\/noticias\/wp-json\/wp\/v2\/posts"}],"about":[{"href":"https:\/\/www.suno.com.br\/noticias\/wp-json\/wp\/v2\/types\/post"}],"author":[{"embeddable":true,"href":"https:\/\/www.suno.com.br\/noticias\/wp-json\/wp\/v2\/users\/173"}],"replies":[{"embeddable":true,"href":"https:\/\/www.suno.com.br\/noticias\/wp-json\/wp\/v2\/comments?post=301990"}],"version-history":[{"count":1,"href":"https:\/\/www.suno.com.br\/noticias\/wp-json\/wp\/v2\/posts\/301990\/revisions"}],"predecessor-version":[{"id":301994,"href":"https:\/\/www.suno.com.br\/noticias\/wp-json\/wp\/v2\/posts\/301990\/revisions\/301994"}],"wp:featuredmedia":[{"embeddable":true,"href":"https:\/\/www.suno.com.br\/noticias\/wp-json\/wp\/v2\/media\/285258"}],"wp:attachment":[{"href":"https:\/\/www.suno.com.br\/noticias\/wp-json\/wp\/v2\/media?parent=301990"}],"wp:term":[{"taxonomy":"category","embeddable":true,"href":"https:\/\/www.suno.com.br\/noticias\/wp-json\/wp\/v2\/categories?post=301990"},{"taxonomy":"post_tag","embeddable":true,"href":"https:\/\/www.suno.com.br\/noticias\/wp-json\/wp\/v2\/tags?post=301990"},{"taxonomy":"suno_strategy","embeddable":true,"href":"https:\/\/www.suno.com.br\/noticias\/wp-json\/wp\/v2\/suno_strategy?post=301990"}],"curies":[{"name":"wp","href":"https:\/\/api.w.org\/{rel}","templated":true}]}}