{"id":3019,"date":"2018-08-30T13:26:34","date_gmt":"2018-08-30T16:26:34","guid":{"rendered":"https:\/\/www.suno.com.br\/noticias\/?p=3019"},"modified":"2018-08-30T13:26:34","modified_gmt":"2018-08-30T16:26:34","slug":"ibge-anuncia-queda-do-desemprego-mas-numero-de-desalentados-bate-recorde","status":"publish","type":"post","link":"https:\/\/www.suno.com.br\/noticias\/ibge-anuncia-queda-do-desemprego-mas-numero-de-desalentados-bate-recorde\/","title":{"rendered":"IBGE anuncia queda do desemprego, mas n\u00famero de desalentados bate recorde"},"content":{"rendered":"<p>Pela quarta vez seguida, o Brasil inicia o terceiro trimestre com queda na taxa de desemprego. No entanto, o n\u00famero de desalentados, ou seja, aqueles que desistiram de buscar emprego, bate um novo recorde. Os dados s\u00e3o do Instituto Brasileiro de Geografia e Estat\u00edstica (IBGE), divulgados hoje.<\/p>\t<div class=\"wrapper-featured-image\">\n\t\t<figure class=\"spotlightImg\">\n\n\t\t\t<picture>\n\t\t\t\t<source media=\"(max-width: 768px)\" srcset=\"https:\/\/files.sunoresearch.com.br\/n\/uploads\/2018\/08\/5cc7e101-desemprego-400x200.webp\">\n\t\t\t\t<img loading=\"lazy\" decoding=\"async\" class=\"newsContent__article__imgCapa lazyloadDisabled newsContent__article__imgCapa--noCaption\" src=\"https:\/\/files.sunoresearch.com.br\/n\/uploads\/2018\/08\/5cc7e101-desemprego-800x450.webp\" width=\"800\" height=\"450\" alt=\"IBGE anuncia queda do desemprego, mas n\u00famero de desalentados bate recorde\" fetchpriority=high \/>\n\t\t\t<\/picture>\n\n\t\t\t<figcaption class=\"wp-caption-text wp-caption-text--hide\"><\/figcaption>\n\t\t<\/figure>\n\t<\/div>\n\n\n<p>A taxa de emprego caiu 0,01 ponto percentual, atingindo 12,3% entre abril e julho, contra 12,4% no trimestre anterior. A queda \u00e9 a quarta seguida. No segundo trimestre do ano passado, o desemprego estava em 12,8%.<\/p>\n<p>A pesquisa do IBGE mostra que no trimestre at\u00e9 julho o Brasil tinha 12,868 milh\u00f5es de desmpregados. No mesmo per\u00edodo do ano passado, eram 13,326 milh\u00f5es.<\/p>\n<p>No entanto, existe uma quantia consider\u00e1vel de pessoas que desistiram de procurar emprego, os desalentados. H\u00e1 4,818 milh\u00f5es de trabalhadores nessa situa\u00e7\u00e3o, um recorde desde que a pesquisa come\u00e7ou em 2012.<\/p>\n<p>&#8220;O desemprego vem caindo no Brasil por conta do desalento, principalmente neste ano de 2018&#8221;, segundo o coordenador do IBGE, Cimar Azeredo.<\/p>\n<p>Na m\u00e9trica de empregos formais, houve queda. Em rela\u00e7\u00e3o ao ano anterior, temos hoje 1,1% menos trabalhadores com carteira assinada no setor privado brasileiro, um total de 32,981 milh\u00f5es. O emprego informal, sem carteira assinada, subiu 3,4%, para um total de 11,094 milh\u00f5es.<\/p>\n<p>O IBGE informou tamb\u00e9m que o rendimento m\u00e9dio do trabalhador foir de 2.205 reais no trimestre, contra 2.213 no trimestre anterior e 2.188 no mesmo per\u00edodo do ano pasasdo.<\/p>\n<p>O Minist\u00e9rio do Trabalho informou a cria\u00e7\u00e3o l\u00edquida de 47.319 vagas formais em julho, principalmente na agropecu\u00e1ria. Ainda assim, o mercado mostra-se lento e incerto em sua recupera\u00e7\u00e3o.<\/p>\n","protected":false},"excerpt":{"rendered":"<p>Pela quarta vez seguida, o Brasil inicia o terceiro trimestre com queda na taxa de desemprego. No entanto, o n\u00famero de desalentados, ou seja, aqueles que desistiram de buscar emprego, bate um novo recorde. Os dados s\u00e3o do Instituto Brasileiro de Geografia e Estat\u00edstica (IBGE), divulgados hoje. A taxa de emprego caiu 0,01 ponto percentual, [&hellip;]<\/p>\n","protected":false},"author":5,"featured_media":3020,"comment_status":"open","ping_status":"open","sticky":false,"template":"","format":"standard","meta":[],"categories":[62],"tags":[],"suno_strategy":[],"class_list":["post-3019","post","type-post","status-publish","format-standard","has-post-thumbnail","hentry","category-economia"],"yoast_head":"<!-- This site is optimized with the Yoast SEO plugin v24.4 - https:\/\/yoast.com\/wordpress\/plugins\/seo\/ -->\n<title>IBGE anuncia queda do desemprego, mas n\u00famero de desalentados bate recorde<\/title>\n<meta name=\"description\" content=\"Queda no desemprego se deve principalmente ao n\u00famero de desist\u00eancias, segundo o coordenador do instituto. Clique para saber mais.\" \/>\n<meta name=\"robots\" content=\"index, follow, max-snippet:-1, max-image-preview:large, max-video-preview:-1\" \/>\n<link rel=\"canonical\" href=\"https:\/\/www.suno.com.br\/noticias\/ibge-anuncia-queda-do-desemprego-mas-numero-de-desalentados-bate-recorde\/\" \/>\n<meta property=\"og:locale\" content=\"pt_BR\" \/>\n<meta property=\"og:type\" content=\"article\" \/>\n<meta property=\"og:title\" content=\"IBGE anuncia queda do desemprego, mas n\u00famero de desalentados bate recorde\" \/>\n<meta property=\"og:description\" content=\"Queda no desemprego se deve principalmente ao n\u00famero de desist\u00eancias, segundo o coordenador do instituto. Clique para saber mais.\" \/>\n<meta property=\"og:url\" content=\"https:\/\/www.suno.com.br\/noticias\/ibge-anuncia-queda-do-desemprego-mas-numero-de-desalentados-bate-recorde\/\" \/>\n<meta property=\"og:site_name\" content=\"Suno Not\u00edcias\" \/>\n<meta property=\"article:publisher\" content=\"https:\/\/facebook.com\/sunoresearch\" \/>\n<meta property=\"article:author\" content=\"https:\/\/www.linkedin.com\/in\/daniel-quandt-a49985110\/\" \/>\n<meta property=\"og:image\" content=\"https:\/\/files.sunoresearch.com.br\/n\/uploads\/2018\/08\/5cc7e101-desemprego.jpg\" \/>\n\t<meta property=\"og:image:width\" content=\"1500\" \/>\n\t<meta property=\"og:image:height\" content=\"994\" \/>\n\t<meta property=\"og:image:type\" content=\"image\/jpeg\" \/>\n<meta name=\"author\" content=\"Daniel Quandt\" \/>\n<meta name=\"twitter:card\" content=\"summary_large_image\" \/>\n<meta name=\"twitter:creator\" content=\"@sunoresearch\" \/>\n<meta name=\"twitter:site\" content=\"@sunoresearch\" \/>\n<meta name=\"twitter:label1\" content=\"Escrito por\" \/>\n\t<meta name=\"twitter:data1\" content=\"Daniel Quandt\" \/>\n\t<meta name=\"twitter:label2\" content=\"Est. tempo de leitura\" \/>\n\t<meta name=\"twitter:data2\" content=\"1 minuto\" \/>\n<script type=\"application\/ld+json\" class=\"yoast-schema-graph\">{\"@context\":\"https:\/\/schema.org\",\"@graph\":[{\"@type\":\"NewsArticle\",\"@id\":\"https:\/\/www.suno.com.br\/noticias\/ibge-anuncia-queda-do-desemprego-mas-numero-de-desalentados-bate-recorde\/#article\",\"isPartOf\":{\"@id\":\"https:\/\/www.suno.com.br\/noticias\/ibge-anuncia-queda-do-desemprego-mas-numero-de-desalentados-bate-recorde\/\"},\"author\":{\"name\":\"Daniel Quandt\",\"@id\":\"https:\/\/www.suno.com.br\/noticias\/#\/schema\/person\/eca2bab82984722db00d1e6facd8bb26\"},\"headline\":\"IBGE anuncia queda do desemprego, mas n\u00famero de desalentados bate recorde\",\"datePublished\":\"2018-08-30T16:26:34+00:00\",\"mainEntityOfPage\":{\"@id\":\"https:\/\/www.suno.com.br\/noticias\/ibge-anuncia-queda-do-desemprego-mas-numero-de-desalentados-bate-recorde\/\"},\"wordCount\":278,\"commentCount\":0,\"publisher\":{\"@id\":\"https:\/\/www.suno.com.br\/noticias\/#organization\"},\"image\":{\"@id\":\"https:\/\/www.suno.com.br\/noticias\/ibge-anuncia-queda-do-desemprego-mas-numero-de-desalentados-bate-recorde\/#primaryimage\"},\"thumbnailUrl\":\"https:\/\/files.sunoresearch.com.br\/n\/uploads\/2018\/08\/5cc7e101-desemprego-jpg.webp\",\"articleSection\":[\"Economia\"],\"inLanguage\":\"pt-BR\",\"potentialAction\":[{\"@type\":\"CommentAction\",\"name\":\"Comment\",\"target\":[\"https:\/\/www.suno.com.br\/noticias\/ibge-anuncia-queda-do-desemprego-mas-numero-de-desalentados-bate-recorde\/#respond\"]}]},{\"@type\":\"WebPage\",\"@id\":\"https:\/\/www.suno.com.br\/noticias\/ibge-anuncia-queda-do-desemprego-mas-numero-de-desalentados-bate-recorde\/\",\"url\":\"https:\/\/www.suno.com.br\/noticias\/ibge-anuncia-queda-do-desemprego-mas-numero-de-desalentados-bate-recorde\/\",\"name\":\"IBGE anuncia queda do desemprego, mas n\u00famero de desalentados bate recorde\",\"isPartOf\":{\"@id\":\"https:\/\/www.suno.com.br\/noticias\/#website\"},\"primaryImageOfPage\":{\"@id\":\"https:\/\/www.suno.com.br\/noticias\/ibge-anuncia-queda-do-desemprego-mas-numero-de-desalentados-bate-recorde\/#primaryimage\"},\"image\":{\"@id\":\"https:\/\/www.suno.com.br\/noticias\/ibge-anuncia-queda-do-desemprego-mas-numero-de-desalentados-bate-recorde\/#primaryimage\"},\"thumbnailUrl\":\"https:\/\/files.sunoresearch.com.br\/n\/uploads\/2018\/08\/5cc7e101-desemprego-jpg.webp\",\"datePublished\":\"2018-08-30T16:26:34+00:00\",\"description\":\"Queda no desemprego se deve principalmente ao n\u00famero de desist\u00eancias, segundo o coordenador do instituto. Clique para saber mais.\",\"breadcrumb\":{\"@id\":\"https:\/\/www.suno.com.br\/noticias\/ibge-anuncia-queda-do-desemprego-mas-numero-de-desalentados-bate-recorde\/#breadcrumb\"},\"inLanguage\":\"pt-BR\",\"potentialAction\":[{\"@type\":\"ReadAction\",\"target\":[\"https:\/\/www.suno.com.br\/noticias\/ibge-anuncia-queda-do-desemprego-mas-numero-de-desalentados-bate-recorde\/\"]}]},{\"@type\":\"ImageObject\",\"inLanguage\":\"pt-BR\",\"@id\":\"https:\/\/www.suno.com.br\/noticias\/ibge-anuncia-queda-do-desemprego-mas-numero-de-desalentados-bate-recorde\/#primaryimage\",\"url\":\"https:\/\/files.sunoresearch.com.br\/n\/uploads\/2018\/08\/5cc7e101-desemprego-jpg.webp\",\"contentUrl\":\"https:\/\/files.sunoresearch.com.br\/n\/uploads\/2018\/08\/5cc7e101-desemprego-jpg.webp\",\"width\":1500,\"height\":994},{\"@type\":\"BreadcrumbList\",\"@id\":\"https:\/\/www.suno.com.br\/noticias\/ibge-anuncia-queda-do-desemprego-mas-numero-de-desalentados-bate-recorde\/#breadcrumb\",\"itemListElement\":[{\"@type\":\"ListItem\",\"position\":1,\"name\":\"Not\u00edcias\",\"item\":\"https:\/\/www.suno.com.br\/noticias\/\"},{\"@type\":\"ListItem\",\"position\":2,\"name\":\"Economia\",\"item\":\"https:\/\/www.suno.com.br\/noticias\/economia\/\"},{\"@type\":\"ListItem\",\"position\":3,\"name\":\"IBGE anuncia queda do desemprego, mas n\u00famero de desalentados bate recorde\"}]},{\"@type\":\"WebSite\",\"@id\":\"https:\/\/www.suno.com.br\/noticias\/#website\",\"url\":\"https:\/\/www.suno.com.br\/noticias\/\",\"name\":\"Suno Not\u00edcias\",\"description\":\"Seu portal de informa\u00e7\u00e3o sobre o mundo dos investimentos\",\"publisher\":{\"@id\":\"https:\/\/www.suno.com.br\/noticias\/#organization\"},\"potentialAction\":[{\"@type\":\"SearchAction\",\"target\":{\"@type\":\"EntryPoint\",\"urlTemplate\":\"https:\/\/www.suno.com.br\/noticias\/?s={search_term_string}\"},\"query-input\":{\"@type\":\"PropertyValueSpecification\",\"valueRequired\":true,\"valueName\":\"search_term_string\"}}],\"inLanguage\":\"pt-BR\"},{\"@type\":\"Organization\",\"@id\":\"https:\/\/www.suno.com.br\/noticias\/#organization\",\"name\":\"Suno Not\u00edcias\",\"url\":\"https:\/\/www.suno.com.br\/noticias\/\",\"logo\":{\"@type\":\"ImageObject\",\"inLanguage\":\"pt-BR\",\"@id\":\"https:\/\/www.suno.com.br\/noticias\/#\/schema\/logo\/image\/\",\"url\":\"https:\/\/files.sunoresearch.com.br\/n\/uploads\/2021\/09\/suno-logo.png\",\"contentUrl\":\"https:\/\/files.sunoresearch.com.br\/n\/uploads\/2021\/09\/suno-logo.png\",\"width\":180,\"height\":180,\"caption\":\"Suno Not\u00edcias\"},\"image\":{\"@id\":\"https:\/\/www.suno.com.br\/noticias\/#\/schema\/logo\/image\/\"},\"sameAs\":[\"https:\/\/facebook.com\/sunoresearch\",\"https:\/\/x.com\/sunoresearch\",\"https:\/\/www.instagram.com\/suno\",\"https:\/\/www.linkedin.com\/company\/suno-research\/\",\"https:\/\/www.youtube.com\/c\/sunoresearch\"]},{\"@type\":\"Person\",\"@id\":\"https:\/\/www.suno.com.br\/noticias\/#\/schema\/person\/eca2bab82984722db00d1e6facd8bb26\",\"name\":\"Daniel Quandt\",\"image\":{\"@type\":\"ImageObject\",\"inLanguage\":\"pt-BR\",\"@id\":\"https:\/\/www.suno.com.br\/noticias\/#\/schema\/person\/image\/\",\"url\":\"https:\/\/secure.gravatar.com\/avatar\/5faf4378f9fbf4557a5836a88d66f99a?s=96&r=g\",\"contentUrl\":\"https:\/\/secure.gravatar.com\/avatar\/5faf4378f9fbf4557a5836a88d66f99a?s=96&r=g\",\"caption\":\"Daniel Quandt\"},\"description\":\"Aluno da Universidade de S\u00e3o Paulo, Daniel Quandt escreve sobre economia, mercado financeiro e pol\u00edtica no portal da Suno Research. J\u00e1 passou pela Ag\u00eancia USP de Inova\u00e7\u00e3o e pela startup de v\u00eddeo em blockchain Paratii, desenvolvendo seu conhecimento da aplica\u00e7\u00e3o de tecnologia de ponta ao mercado.\",\"sameAs\":[\"https:\/\/www.suno.com.br\/\",\"https:\/\/www.linkedin.com\/in\/daniel-quandt-a49985110\/\"],\"url\":\"https:\/\/www.suno.com.br\/noticias\/author\/daniel-quandt\/\"}]}<\/script>\n<!-- \/ Yoast SEO plugin. -->","yoast_head_json":{"title":"IBGE anuncia queda do desemprego, mas n\u00famero de desalentados bate recorde","description":"Queda no desemprego se deve principalmente ao n\u00famero de desist\u00eancias, segundo o coordenador do instituto. Clique para saber mais.","robots":{"index":"index","follow":"follow","max-snippet":"max-snippet:-1","max-image-preview":"max-image-preview:large","max-video-preview":"max-video-preview:-1"},"canonical":"https:\/\/www.suno.com.br\/noticias\/ibge-anuncia-queda-do-desemprego-mas-numero-de-desalentados-bate-recorde\/","og_locale":"pt_BR","og_type":"article","og_title":"IBGE anuncia queda do desemprego, mas n\u00famero de desalentados bate recorde","og_description":"Queda no desemprego se deve principalmente ao n\u00famero de desist\u00eancias, segundo o coordenador do instituto. Clique para saber mais.","og_url":"https:\/\/www.suno.com.br\/noticias\/ibge-anuncia-queda-do-desemprego-mas-numero-de-desalentados-bate-recorde\/","og_site_name":"Suno Not\u00edcias","article_publisher":"https:\/\/facebook.com\/sunoresearch","article_author":"https:\/\/www.linkedin.com\/in\/daniel-quandt-a49985110\/","og_image":[{"width":1500,"height":994,"url":"https:\/\/files.sunoresearch.com.br\/n\/uploads\/2018\/08\/5cc7e101-desemprego.jpg","type":"image\/jpeg"}],"author":"Daniel Quandt","twitter_card":"summary_large_image","twitter_creator":"@sunoresearch","twitter_site":"@sunoresearch","twitter_misc":{"Escrito por":"Daniel Quandt","Est. tempo de leitura":"1 minuto"},"schema":{"@context":"https:\/\/schema.org","@graph":[{"@type":"NewsArticle","@id":"https:\/\/www.suno.com.br\/noticias\/ibge-anuncia-queda-do-desemprego-mas-numero-de-desalentados-bate-recorde\/#article","isPartOf":{"@id":"https:\/\/www.suno.com.br\/noticias\/ibge-anuncia-queda-do-desemprego-mas-numero-de-desalentados-bate-recorde\/"},"author":{"name":"Daniel Quandt","@id":"https:\/\/www.suno.com.br\/noticias\/#\/schema\/person\/eca2bab82984722db00d1e6facd8bb26"},"headline":"IBGE anuncia queda do desemprego, mas n\u00famero de desalentados bate recorde","datePublished":"2018-08-30T16:26:34+00:00","mainEntityOfPage":{"@id":"https:\/\/www.suno.com.br\/noticias\/ibge-anuncia-queda-do-desemprego-mas-numero-de-desalentados-bate-recorde\/"},"wordCount":278,"commentCount":0,"publisher":{"@id":"https:\/\/www.suno.com.br\/noticias\/#organization"},"image":{"@id":"https:\/\/www.suno.com.br\/noticias\/ibge-anuncia-queda-do-desemprego-mas-numero-de-desalentados-bate-recorde\/#primaryimage"},"thumbnailUrl":"https:\/\/files.sunoresearch.com.br\/n\/uploads\/2018\/08\/5cc7e101-desemprego-jpg.webp","articleSection":["Economia"],"inLanguage":"pt-BR","potentialAction":[{"@type":"CommentAction","name":"Comment","target":["https:\/\/www.suno.com.br\/noticias\/ibge-anuncia-queda-do-desemprego-mas-numero-de-desalentados-bate-recorde\/#respond"]}]},{"@type":"WebPage","@id":"https:\/\/www.suno.com.br\/noticias\/ibge-anuncia-queda-do-desemprego-mas-numero-de-desalentados-bate-recorde\/","url":"https:\/\/www.suno.com.br\/noticias\/ibge-anuncia-queda-do-desemprego-mas-numero-de-desalentados-bate-recorde\/","name":"IBGE anuncia queda do desemprego, mas n\u00famero de desalentados bate recorde","isPartOf":{"@id":"https:\/\/www.suno.com.br\/noticias\/#website"},"primaryImageOfPage":{"@id":"https:\/\/www.suno.com.br\/noticias\/ibge-anuncia-queda-do-desemprego-mas-numero-de-desalentados-bate-recorde\/#primaryimage"},"image":{"@id":"https:\/\/www.suno.com.br\/noticias\/ibge-anuncia-queda-do-desemprego-mas-numero-de-desalentados-bate-recorde\/#primaryimage"},"thumbnailUrl":"https:\/\/files.sunoresearch.com.br\/n\/uploads\/2018\/08\/5cc7e101-desemprego-jpg.webp","datePublished":"2018-08-30T16:26:34+00:00","description":"Queda no desemprego se deve principalmente ao n\u00famero de desist\u00eancias, segundo o coordenador do instituto. Clique para saber mais.","breadcrumb":{"@id":"https:\/\/www.suno.com.br\/noticias\/ibge-anuncia-queda-do-desemprego-mas-numero-de-desalentados-bate-recorde\/#breadcrumb"},"inLanguage":"pt-BR","potentialAction":[{"@type":"ReadAction","target":["https:\/\/www.suno.com.br\/noticias\/ibge-anuncia-queda-do-desemprego-mas-numero-de-desalentados-bate-recorde\/"]}]},{"@type":"ImageObject","inLanguage":"pt-BR","@id":"https:\/\/www.suno.com.br\/noticias\/ibge-anuncia-queda-do-desemprego-mas-numero-de-desalentados-bate-recorde\/#primaryimage","url":"https:\/\/files.sunoresearch.com.br\/n\/uploads\/2018\/08\/5cc7e101-desemprego-jpg.webp","contentUrl":"https:\/\/files.sunoresearch.com.br\/n\/uploads\/2018\/08\/5cc7e101-desemprego-jpg.webp","width":1500,"height":994},{"@type":"BreadcrumbList","@id":"https:\/\/www.suno.com.br\/noticias\/ibge-anuncia-queda-do-desemprego-mas-numero-de-desalentados-bate-recorde\/#breadcrumb","itemListElement":[{"@type":"ListItem","position":1,"name":"Not\u00edcias","item":"https:\/\/www.suno.com.br\/noticias\/"},{"@type":"ListItem","position":2,"name":"Economia","item":"https:\/\/www.suno.com.br\/noticias\/economia\/"},{"@type":"ListItem","position":3,"name":"IBGE anuncia queda do desemprego, mas n\u00famero de desalentados bate recorde"}]},{"@type":"WebSite","@id":"https:\/\/www.suno.com.br\/noticias\/#website","url":"https:\/\/www.suno.com.br\/noticias\/","name":"Suno Not\u00edcias","description":"Seu portal de informa\u00e7\u00e3o sobre o mundo dos investimentos","publisher":{"@id":"https:\/\/www.suno.com.br\/noticias\/#organization"},"potentialAction":[{"@type":"SearchAction","target":{"@type":"EntryPoint","urlTemplate":"https:\/\/www.suno.com.br\/noticias\/?s={search_term_string}"},"query-input":{"@type":"PropertyValueSpecification","valueRequired":true,"valueName":"search_term_string"}}],"inLanguage":"pt-BR"},{"@type":"Organization","@id":"https:\/\/www.suno.com.br\/noticias\/#organization","name":"Suno Not\u00edcias","url":"https:\/\/www.suno.com.br\/noticias\/","logo":{"@type":"ImageObject","inLanguage":"pt-BR","@id":"https:\/\/www.suno.com.br\/noticias\/#\/schema\/logo\/image\/","url":"https:\/\/files.sunoresearch.com.br\/n\/uploads\/2021\/09\/suno-logo.png","contentUrl":"https:\/\/files.sunoresearch.com.br\/n\/uploads\/2021\/09\/suno-logo.png","width":180,"height":180,"caption":"Suno Not\u00edcias"},"image":{"@id":"https:\/\/www.suno.com.br\/noticias\/#\/schema\/logo\/image\/"},"sameAs":["https:\/\/facebook.com\/sunoresearch","https:\/\/x.com\/sunoresearch","https:\/\/www.instagram.com\/suno","https:\/\/www.linkedin.com\/company\/suno-research\/","https:\/\/www.youtube.com\/c\/sunoresearch"]},{"@type":"Person","@id":"https:\/\/www.suno.com.br\/noticias\/#\/schema\/person\/eca2bab82984722db00d1e6facd8bb26","name":"Daniel Quandt","image":{"@type":"ImageObject","inLanguage":"pt-BR","@id":"https:\/\/www.suno.com.br\/noticias\/#\/schema\/person\/image\/","url":"https:\/\/secure.gravatar.com\/avatar\/5faf4378f9fbf4557a5836a88d66f99a?s=96&r=g","contentUrl":"https:\/\/secure.gravatar.com\/avatar\/5faf4378f9fbf4557a5836a88d66f99a?s=96&r=g","caption":"Daniel Quandt"},"description":"Aluno da Universidade de S\u00e3o Paulo, Daniel Quandt escreve sobre economia, mercado financeiro e pol\u00edtica no portal da Suno Research. J\u00e1 passou pela Ag\u00eancia USP de Inova\u00e7\u00e3o e pela startup de v\u00eddeo em blockchain Paratii, desenvolvendo seu conhecimento da aplica\u00e7\u00e3o de tecnologia de ponta ao mercado.","sameAs":["https:\/\/www.suno.com.br\/","https:\/\/www.linkedin.com\/in\/daniel-quandt-a49985110\/"],"url":"https:\/\/www.suno.com.br\/noticias\/author\/daniel-quandt\/"}]}},"default_loop_html":"<div class=\"cardsPage__listCard__boxs\"><div class=\"cardsPage__listCard__boxs__img\"><a href=\"https:\/\/www.suno.com.br\/noticias\/ibge-anuncia-queda-do-desemprego-mas-numero-de-desalentados-bate-recorde\/\"><img class=\"mask\" src=\"https:\/\/www.suno.com.br\/noticias\/wp-content\/themes\/suno\/resources\/images\/spotlight\/spotlight1img\/bg-mask.png\" alt=\"Image Mask\"\/><img src=\"https:\/\/files.sunoresearch.com.br\/n\/uploads\/2018\/08\/5cc7e101-desemprego-400x200.webp\" alt=\"IBGE anuncia queda do desemprego, mas n\u00famero de desalentados bate recorde\"\/><\/a><span class=\"spotlightCategory\"><a href=\"https:\/\/www.suno.com.br\/noticias\/economia\/\">Economia<\/a><\/span><\/div><div class=\"cardsPage__listCard__boxs__content\"><a href=\"https:\/\/www.suno.com.br\/noticias\/ibge-anuncia-queda-do-desemprego-mas-numero-de-desalentados-bate-recorde\/\"><h2 class=\"content__title\">IBGE anuncia queda do desemprego, mas n\u00famero de desalentados bate recorde<\/h2><\/a><div class=\"newsContent__article__meta\"><div class=\"newsContent__article__meta__authorBox\"><a href=\"https:\/\/www.suno.com.br\/noticias\/author\/daniel-quandt\/\" class=\"authorBox__avatar noMobi\"><img src=\"https:\/\/secure.gravatar.com\/avatar\/5faf4378f9fbf4557a5836a88d66f99a?s=96&#038;r=g\" alt=\"Daniel Quandt\"><\/a><div class=\"authorBox__name\"><span>por\n\t\t\t<a href=\"https:\/\/www.suno.com.br\/noticias\/author\/daniel-quandt\/\"><span itemprop=\"author\">Daniel Quandt<\/span><\/a><\/span><time datetime=\"2018-08-30T13:26:34-03:00\" itemprop=\"datePublished\">30\/08\/2018 13:26<\/time><\/div><\/div><\/div><\/div><\/div>","single_layout":"posts","amp_enabled":true,"_links":{"self":[{"href":"https:\/\/www.suno.com.br\/noticias\/wp-json\/wp\/v2\/posts\/3019"}],"collection":[{"href":"https:\/\/www.suno.com.br\/noticias\/wp-json\/wp\/v2\/posts"}],"about":[{"href":"https:\/\/www.suno.com.br\/noticias\/wp-json\/wp\/v2\/types\/post"}],"author":[{"embeddable":true,"href":"https:\/\/www.suno.com.br\/noticias\/wp-json\/wp\/v2\/users\/5"}],"replies":[{"embeddable":true,"href":"https:\/\/www.suno.com.br\/noticias\/wp-json\/wp\/v2\/comments?post=3019"}],"version-history":[{"count":0,"href":"https:\/\/www.suno.com.br\/noticias\/wp-json\/wp\/v2\/posts\/3019\/revisions"}],"wp:featuredmedia":[{"embeddable":true,"href":"https:\/\/www.suno.com.br\/noticias\/wp-json\/wp\/v2\/media\/3020"}],"wp:attachment":[{"href":"https:\/\/www.suno.com.br\/noticias\/wp-json\/wp\/v2\/media?parent=3019"}],"wp:term":[{"taxonomy":"category","embeddable":true,"href":"https:\/\/www.suno.com.br\/noticias\/wp-json\/wp\/v2\/categories?post=3019"},{"taxonomy":"post_tag","embeddable":true,"href":"https:\/\/www.suno.com.br\/noticias\/wp-json\/wp\/v2\/tags?post=3019"},{"taxonomy":"suno_strategy","embeddable":true,"href":"https:\/\/www.suno.com.br\/noticias\/wp-json\/wp\/v2\/suno_strategy?post=3019"}],"curies":[{"name":"wp","href":"https:\/\/api.w.org\/{rel}","templated":true}]}}