{"id":30170,"date":"2019-07-05T09:16:55","date_gmt":"2019-07-05T12:16:55","guid":{"rendered":"https:\/\/www.suno.com.br\/noticias\/?p=30170"},"modified":"2019-07-05T09:23:58","modified_gmt":"2019-07-05T12:23:58","slug":"dolar-05072019","status":"publish","type":"post","link":"https:\/\/www.suno.com.br\/noticias\/dolar-05072019\/","title":{"rendered":"D\u00f3lar sobe; Mercado monitora novo texto da reforma da Previd\u00eancia"},"content":{"rendered":"<p>O d\u00f3lar inicia a manh\u00e3 desta sexta-feira (5) em alta. Por volta das 9h10, a moeda norte-americana subia +0,282% sendo negociada a R$ 3,81 na venda.<\/p>\t<div class=\"wrapper-featured-image\">\n\t\t<figure class=\"spotlightImg\">\n\n\t\t\t<picture>\n\t\t\t\t<source media=\"(max-width: 768px)\" srcset=\"https:\/\/files.sunoresearch.com.br\/n\/uploads\/2019\/01\/1e328bf6-d\u00f3lar-400x200.webp\">\n\t\t\t\t<img loading=\"lazy\" decoding=\"async\" class=\"newsContent__article__imgCapa lazyloadDisabled newsContent__article__imgCapa--noCaption\" src=\"https:\/\/files.sunoresearch.com.br\/n\/uploads\/2019\/01\/1e328bf6-d\u00f3lar.jpg\" width=\"800\" height=\"450\" alt=\"D\u00f3lar sobe; Mercado monitora novo texto da reforma da Previd\u00eancia\" fetchpriority=high \/>\n\t\t\t<\/picture>\n\n\t\t\t<figcaption class=\"wp-caption-text wp-caption-text--hide\">O d\u00f3lar encerrou nesta sexta-feira em alta de 1,14%, negociado a R$ 5,326 na venda, batendo um novo record. Clique aqui para saber mais<\/figcaption>\n\t\t<\/figure>\n\t<\/div>\n\n\n<p>A aprova\u00e7\u00e3o da <strong>reforma<\/strong> <strong>da<\/strong> <strong>Previd\u00eancia<\/strong> \u00e9 o principal influenciador do <strong>d\u00f3lar<\/strong> desde a \u00faltima quinta-feira (4). Embora o texto tenha sa\u00eddo da C\u00e2mara dos Deputados com algumas modifica\u00e7\u00f5es, gera otimismo no mercado que espera por um retomada econ\u00f4mica do Brasil.<\/p>\n\t<p>\n\t\t<a href=\"https:\/\/lp.statusinvest.com.br\/cl\/carteira-automatizada\/\" target=\"_blank\" data-element=\"shortcode-suno-banner\" title=\"Banner SUNO, clique e saiba mais\">\n\t\t\t<picture>\n\t\t\t\t<source media=\"(max-width: 500px)\" srcset=\"https:\/\/files.sunoresearch.com.br\/n\/uploads\/2024\/02\/400x300-Mobile.png\">\n\t\t\t\t<img class=\"newsContent__article__imgCapa newsContent__article__imgCapa--banner\"\n\t\t\t\t\tsrc=\"https:\/\/files.sunoresearch.com.br\/n\/uploads\/2024\/02\/1420x240-Desktop.png\"\n\t\t\t\t\tdata-promo-id=\"518879\"\t\t\t\t\t\t\t\t\t\twidth='1420' height='240'\t\t\t\t\talt=\"https:\/\/files.sunoresearch.com.br\/n\/uploads\/2024\/02\/1420x240-Desktop.png\"\n\t\t\t\t>\n\t\t\t<\/picture>\n\t\t<\/a>\n\t<\/p>\n\n\n<h2>Reforma da Previd\u00eancia<\/h2>\n<p>A vota\u00e7\u00e3o do parecer do relator Samuel Moreira sobre a <strong>reforma da Previd\u00eancia<\/strong> foi conclu\u00edda na madrugada desta sexta-feira (5).<\/p>\n<p>A reuni\u00e3o durou 16 horas e a maior parte dos destaques apresentados pelas bancadas partid\u00e1rias com o objetivo de mudar o texto do relator foram derrubadas. Al\u00e9m disso, outros 99 destaques individuais foram rejeitados.<\/p>\n<p>Ap\u00f3s a aprova\u00e7\u00e3o da reforma na<strong> comiss\u00e3o especial<\/strong>, ela volta para o plen\u00e1rio da C\u00e2mara onde ser\u00e1 por dois turno de vota\u00e7\u00e3o. Nessa fase da tramita\u00e7\u00e3o, a proposta precisa de ao menos 308 dos 513 votos dos parlamentares para que siga ao Senado.<\/p>\n<h2>Mercosul e Uni\u00e3o Europeia<\/h2>\n<p>O presidente da Argentina, Mauricio Macri, anunciou nesta quinta-feira estar juntamente com o presidente do Brasil, Jair Bolsonaro, negociando um acordo de livre com\u00e9rcio com os Estados Unidos.<\/p>\n<p><a href=\"https:\/\/www.suno.com.br\/noticias\/macri-brasil-eua-comercio-livre\/\">Saiba mais: Macri afirma estar conversando com Brasil sobre com\u00e9rcio livre com os EUA<\/a><\/p>\n<p>&#8220;O ministro das Rela\u00e7\u00f5es Exteriores me disse que estamos falando com o Brasil para termos um acordo de livre com\u00e9rcio com os Estados Unidos. O mundo se interessa por se relacionar conosco&#8221;, afirmou\u00a0Macri.<\/p>\n<p>Al\u00e9m disso, durante evento Macri comentou sobre o acordo entre a <a href=\"https:\/\/europa.eu\/european-union\/index_pt\">Uni\u00e3o Europeia<\/a> e <a href=\"http:\/\/www.mercosul.gov.br\/\">Mercosul<\/a>. Segundo o presidente, o acordo \u00e9 uma oportunidade hist\u00f3rica.<\/p>\n<h3>\u00a0Acordo para Lula<\/h3>\n<p>O ex-presidente Luiz In\u00e1cio Lula da Silva (PT) criticou o acordo comercial entre a <a href=\"https:\/\/www.suno.com.br\/artigos\/uniao-europeia\/\"><strong>Uni\u00e3o Europeia<\/strong><\/a> e o <a href=\"https:\/\/www.suno.com.br\/artigos\/mercosul\/\"><strong>Mercosul<\/strong><\/a>.<\/p>\n<p>De acordo com o ex-ministro da Defesa, Celso Amorim, que acompanhou o encontro entre os dois pol\u00edticos,\u00a0<strong>Lula\u00a0<\/strong>afirmou a alian\u00e7a entre os blocos pode representar uma desindustrializa\u00e7\u00e3o dos pa\u00edses latinos.<\/p>\n<p><a href=\"https:\/\/www.suno.com.br\/noticias\/acordo-comercial-entre-mercosul-e-ue-ameaca-paises-latinos-diz-lula\/\">Saiba mais:\u00a0Acordo comercial entre Mercosul e UE amea\u00e7a pa\u00edses latinos, diz Lula<\/a><\/p>\n<p>&#8220;Vamos exportar mat\u00e9rias-primas e prim\u00e1rios, em troca de produtos manufaturados europeus&#8221;, explicou.<\/p>\n<h2>\u00daltima cota\u00e7\u00e3o<\/h2>\n<p>Na \u00faltima sess\u00e3o, na quinta-feira (4), o <strong>d\u00f3lar<\/strong> registrou um recuo de -0,708% sendo negociado a R$ 3,7993.<\/p>\n","protected":false},"excerpt":{"rendered":"<p>O d\u00f3lar inicia a manh\u00e3 desta sexta-feira (5) em alta. Por volta das 9h10, a moeda norte-americana subia +0,282% sendo negociada a R$ 3,81 na venda. O d\u00f3lar encerrou nesta sexta-feira em alta de 1,14%, negociado a R$ 5,326 na venda, batendo um novo record. Clique aqui para saber mais A aprova\u00e7\u00e3o da reforma da [&hellip;]<\/p>\n","protected":false},"author":11,"featured_media":12723,"comment_status":"closed","ping_status":"closed","sticky":false,"template":"","format":"standard","meta":[],"categories":[60],"tags":[326],"suno_strategy":[],"class_list":["post-30170","post","type-post","status-publish","format-standard","has-post-thumbnail","hentry","category-mercado","tag-dolar"],"yoast_head":"<!-- This site is optimized with the Yoast SEO plugin v24.4 - https:\/\/yoast.com\/wordpress\/plugins\/seo\/ -->\n<title>D\u00f3lar sobe; Mercado monitora novo texto da reforma da Previd\u00eancia<\/title>\n<meta name=\"description\" content=\"Por volta das 9h10, o d\u00f3lar subia +0,282% sendo negociada a R$ 3,81 na venda. Reforma da Previd\u00eancia movimenta moeda. Clique e saiba mais.\" \/>\n<meta name=\"robots\" content=\"index, follow, max-snippet:-1, max-image-preview:large, max-video-preview:-1\" \/>\n<link rel=\"canonical\" href=\"https:\/\/www.suno.com.br\/noticias\/dolar-05072019\/\" \/>\n<meta property=\"og:locale\" content=\"pt_BR\" \/>\n<meta property=\"og:type\" content=\"article\" \/>\n<meta property=\"og:title\" content=\"D\u00f3lar sobe; Mercado monitora novo texto da reforma da Previd\u00eancia\" \/>\n<meta property=\"og:description\" content=\"Por volta das 9h10, o d\u00f3lar subia +0,282% sendo negociada a R$ 3,81 na venda. Reforma da Previd\u00eancia movimenta moeda. Clique e saiba mais.\" \/>\n<meta property=\"og:url\" content=\"https:\/\/www.suno.com.br\/noticias\/dolar-05072019\/\" \/>\n<meta property=\"og:site_name\" content=\"Suno Not\u00edcias\" \/>\n<meta property=\"article:publisher\" content=\"https:\/\/facebook.com\/sunoresearch\" \/>\n<meta property=\"og:image\" content=\"https:\/\/files.sunoresearch.com.br\/n\/uploads\/2019\/01\/1e328bf6-d\u00f3lar.jpg\" \/>\n\t<meta property=\"og:image:width\" content=\"450\" \/>\n\t<meta property=\"og:image:height\" content=\"251\" \/>\n\t<meta property=\"og:image:type\" content=\"image\/jpeg\" \/>\n<meta name=\"author\" content=\"Renan Bandeira\" \/>\n<meta name=\"twitter:card\" content=\"summary_large_image\" \/>\n<meta name=\"twitter:creator\" content=\"@sunoresearch\" \/>\n<meta name=\"twitter:site\" content=\"@sunoresearch\" \/>\n<meta name=\"twitter:label1\" content=\"Escrito por\" \/>\n\t<meta name=\"twitter:data1\" content=\"Renan Bandeira\" \/>\n\t<meta name=\"twitter:label2\" content=\"Est. tempo de leitura\" \/>\n\t<meta name=\"twitter:data2\" content=\"2 minutos\" \/>\n<script type=\"application\/ld+json\" class=\"yoast-schema-graph\">{\"@context\":\"https:\/\/schema.org\",\"@graph\":[{\"@type\":\"NewsArticle\",\"@id\":\"https:\/\/www.suno.com.br\/noticias\/dolar-05072019\/#article\",\"isPartOf\":{\"@id\":\"https:\/\/www.suno.com.br\/noticias\/dolar-05072019\/\"},\"author\":{\"name\":\"Renan Bandeira\",\"@id\":\"https:\/\/www.suno.com.br\/noticias\/#\/schema\/person\/fc144a1c6108bd1dcd43784e88a3c138\"},\"headline\":\"D\u00f3lar sobe; Mercado monitora novo texto da reforma da Previd\u00eancia\",\"datePublished\":\"2019-07-05T12:16:55+00:00\",\"dateModified\":\"2019-07-05T12:23:58+00:00\",\"mainEntityOfPage\":{\"@id\":\"https:\/\/www.suno.com.br\/noticias\/dolar-05072019\/\"},\"wordCount\":414,\"publisher\":{\"@id\":\"https:\/\/www.suno.com.br\/noticias\/#organization\"},\"image\":{\"@id\":\"https:\/\/www.suno.com.br\/noticias\/dolar-05072019\/#primaryimage\"},\"thumbnailUrl\":\"https:\/\/files.sunoresearch.com.br\/n\/uploads\/2019\/01\/1e328bf6-d\u00f3lar.jpg\",\"keywords\":[\"d\u00f3lar\"],\"articleSection\":[\"Mercado\"],\"inLanguage\":\"pt-BR\"},{\"@type\":\"WebPage\",\"@id\":\"https:\/\/www.suno.com.br\/noticias\/dolar-05072019\/\",\"url\":\"https:\/\/www.suno.com.br\/noticias\/dolar-05072019\/\",\"name\":\"D\u00f3lar sobe; Mercado monitora novo texto da reforma da Previd\u00eancia\",\"isPartOf\":{\"@id\":\"https:\/\/www.suno.com.br\/noticias\/#website\"},\"primaryImageOfPage\":{\"@id\":\"https:\/\/www.suno.com.br\/noticias\/dolar-05072019\/#primaryimage\"},\"image\":{\"@id\":\"https:\/\/www.suno.com.br\/noticias\/dolar-05072019\/#primaryimage\"},\"thumbnailUrl\":\"https:\/\/files.sunoresearch.com.br\/n\/uploads\/2019\/01\/1e328bf6-d\u00f3lar.jpg\",\"datePublished\":\"2019-07-05T12:16:55+00:00\",\"dateModified\":\"2019-07-05T12:23:58+00:00\",\"description\":\"Por volta das 9h10, o d\u00f3lar subia +0,282% sendo negociada a R$ 3,81 na venda. Reforma da Previd\u00eancia movimenta moeda. Clique e saiba mais.\",\"breadcrumb\":{\"@id\":\"https:\/\/www.suno.com.br\/noticias\/dolar-05072019\/#breadcrumb\"},\"inLanguage\":\"pt-BR\",\"potentialAction\":[{\"@type\":\"ReadAction\",\"target\":[\"https:\/\/www.suno.com.br\/noticias\/dolar-05072019\/\"]}]},{\"@type\":\"ImageObject\",\"inLanguage\":\"pt-BR\",\"@id\":\"https:\/\/www.suno.com.br\/noticias\/dolar-05072019\/#primaryimage\",\"url\":\"https:\/\/files.sunoresearch.com.br\/n\/uploads\/2019\/01\/1e328bf6-d\u00f3lar.jpg\",\"contentUrl\":\"https:\/\/files.sunoresearch.com.br\/n\/uploads\/2019\/01\/1e328bf6-d\u00f3lar.jpg\",\"width\":450,\"height\":251,\"caption\":\"O d\u00f3lar encerrou nesta sexta-feira em alta de 1,14%, negociado a R$ 5,326 na venda, batendo um novo record. Clique aqui para saber mais\"},{\"@type\":\"BreadcrumbList\",\"@id\":\"https:\/\/www.suno.com.br\/noticias\/dolar-05072019\/#breadcrumb\",\"itemListElement\":[{\"@type\":\"ListItem\",\"position\":1,\"name\":\"Not\u00edcias\",\"item\":\"https:\/\/www.suno.com.br\/noticias\/\"},{\"@type\":\"ListItem\",\"position\":2,\"name\":\"Mercado\",\"item\":\"https:\/\/www.suno.com.br\/noticias\/mercado\/\"},{\"@type\":\"ListItem\",\"position\":3,\"name\":\"D\u00f3lar sobe; Mercado monitora novo texto da reforma da Previd\u00eancia\"}]},{\"@type\":\"WebSite\",\"@id\":\"https:\/\/www.suno.com.br\/noticias\/#website\",\"url\":\"https:\/\/www.suno.com.br\/noticias\/\",\"name\":\"Suno Not\u00edcias\",\"description\":\"Seu portal de informa\u00e7\u00e3o sobre o mundo dos investimentos\",\"publisher\":{\"@id\":\"https:\/\/www.suno.com.br\/noticias\/#organization\"},\"potentialAction\":[{\"@type\":\"SearchAction\",\"target\":{\"@type\":\"EntryPoint\",\"urlTemplate\":\"https:\/\/www.suno.com.br\/noticias\/?s={search_term_string}\"},\"query-input\":{\"@type\":\"PropertyValueSpecification\",\"valueRequired\":true,\"valueName\":\"search_term_string\"}}],\"inLanguage\":\"pt-BR\"},{\"@type\":\"Organization\",\"@id\":\"https:\/\/www.suno.com.br\/noticias\/#organization\",\"name\":\"Suno Not\u00edcias\",\"url\":\"https:\/\/www.suno.com.br\/noticias\/\",\"logo\":{\"@type\":\"ImageObject\",\"inLanguage\":\"pt-BR\",\"@id\":\"https:\/\/www.suno.com.br\/noticias\/#\/schema\/logo\/image\/\",\"url\":\"https:\/\/files.sunoresearch.com.br\/n\/uploads\/2021\/09\/suno-logo.png\",\"contentUrl\":\"https:\/\/files.sunoresearch.com.br\/n\/uploads\/2021\/09\/suno-logo.png\",\"width\":180,\"height\":180,\"caption\":\"Suno Not\u00edcias\"},\"image\":{\"@id\":\"https:\/\/www.suno.com.br\/noticias\/#\/schema\/logo\/image\/\"},\"sameAs\":[\"https:\/\/facebook.com\/sunoresearch\",\"https:\/\/x.com\/sunoresearch\",\"https:\/\/www.instagram.com\/suno\",\"https:\/\/www.linkedin.com\/company\/suno-research\/\",\"https:\/\/www.youtube.com\/c\/sunoresearch\"]},{\"@type\":\"Person\",\"@id\":\"https:\/\/www.suno.com.br\/noticias\/#\/schema\/person\/fc144a1c6108bd1dcd43784e88a3c138\",\"name\":\"Renan Bandeira\",\"image\":{\"@type\":\"ImageObject\",\"inLanguage\":\"pt-BR\",\"@id\":\"https:\/\/www.suno.com.br\/noticias\/#\/schema\/person\/image\/\",\"url\":\"https:\/\/secure.gravatar.com\/avatar\/68359cdb608f14f11bbefcb78f3fc747?s=96&r=g\",\"contentUrl\":\"https:\/\/secure.gravatar.com\/avatar\/68359cdb608f14f11bbefcb78f3fc747?s=96&r=g\",\"caption\":\"Renan Bandeira\"},\"description\":\"Renan Bandeira escreve sobre pol\u00edtica e economia para o portal da Suno Research. Antes da Suno, trabalhou em uma rede de televis\u00e3o, onde fazia reportagens sobre os mesmos temas. Estuda na Universidade Metodista de S\u00e3o Paulo.\",\"url\":\"https:\/\/www.suno.com.br\/noticias\/author\/renan-bandeira\/\"}]}<\/script>\n<!-- \/ Yoast SEO plugin. -->","yoast_head_json":{"title":"D\u00f3lar sobe; Mercado monitora novo texto da reforma da Previd\u00eancia","description":"Por volta das 9h10, o d\u00f3lar subia +0,282% sendo negociada a R$ 3,81 na venda. Reforma da Previd\u00eancia movimenta moeda. Clique e saiba mais.","robots":{"index":"index","follow":"follow","max-snippet":"max-snippet:-1","max-image-preview":"max-image-preview:large","max-video-preview":"max-video-preview:-1"},"canonical":"https:\/\/www.suno.com.br\/noticias\/dolar-05072019\/","og_locale":"pt_BR","og_type":"article","og_title":"D\u00f3lar sobe; Mercado monitora novo texto da reforma da Previd\u00eancia","og_description":"Por volta das 9h10, o d\u00f3lar subia +0,282% sendo negociada a R$ 3,81 na venda. Reforma da Previd\u00eancia movimenta moeda. Clique e saiba mais.","og_url":"https:\/\/www.suno.com.br\/noticias\/dolar-05072019\/","og_site_name":"Suno Not\u00edcias","article_publisher":"https:\/\/facebook.com\/sunoresearch","og_image":[{"width":450,"height":251,"url":"https:\/\/files.sunoresearch.com.br\/n\/uploads\/2019\/01\/1e328bf6-d\u00f3lar.jpg","type":"image\/jpeg"}],"author":"Renan Bandeira","twitter_card":"summary_large_image","twitter_creator":"@sunoresearch","twitter_site":"@sunoresearch","twitter_misc":{"Escrito por":"Renan Bandeira","Est. tempo de leitura":"2 minutos"},"schema":{"@context":"https:\/\/schema.org","@graph":[{"@type":"NewsArticle","@id":"https:\/\/www.suno.com.br\/noticias\/dolar-05072019\/#article","isPartOf":{"@id":"https:\/\/www.suno.com.br\/noticias\/dolar-05072019\/"},"author":{"name":"Renan Bandeira","@id":"https:\/\/www.suno.com.br\/noticias\/#\/schema\/person\/fc144a1c6108bd1dcd43784e88a3c138"},"headline":"D\u00f3lar sobe; Mercado monitora novo texto da reforma da Previd\u00eancia","datePublished":"2019-07-05T12:16:55+00:00","dateModified":"2019-07-05T12:23:58+00:00","mainEntityOfPage":{"@id":"https:\/\/www.suno.com.br\/noticias\/dolar-05072019\/"},"wordCount":414,"publisher":{"@id":"https:\/\/www.suno.com.br\/noticias\/#organization"},"image":{"@id":"https:\/\/www.suno.com.br\/noticias\/dolar-05072019\/#primaryimage"},"thumbnailUrl":"https:\/\/files.sunoresearch.com.br\/n\/uploads\/2019\/01\/1e328bf6-d\u00f3lar.jpg","keywords":["d\u00f3lar"],"articleSection":["Mercado"],"inLanguage":"pt-BR"},{"@type":"WebPage","@id":"https:\/\/www.suno.com.br\/noticias\/dolar-05072019\/","url":"https:\/\/www.suno.com.br\/noticias\/dolar-05072019\/","name":"D\u00f3lar sobe; Mercado monitora novo texto da reforma da Previd\u00eancia","isPartOf":{"@id":"https:\/\/www.suno.com.br\/noticias\/#website"},"primaryImageOfPage":{"@id":"https:\/\/www.suno.com.br\/noticias\/dolar-05072019\/#primaryimage"},"image":{"@id":"https:\/\/www.suno.com.br\/noticias\/dolar-05072019\/#primaryimage"},"thumbnailUrl":"https:\/\/files.sunoresearch.com.br\/n\/uploads\/2019\/01\/1e328bf6-d\u00f3lar.jpg","datePublished":"2019-07-05T12:16:55+00:00","dateModified":"2019-07-05T12:23:58+00:00","description":"Por volta das 9h10, o d\u00f3lar subia +0,282% sendo negociada a R$ 3,81 na venda. Reforma da Previd\u00eancia movimenta moeda. Clique e saiba mais.","breadcrumb":{"@id":"https:\/\/www.suno.com.br\/noticias\/dolar-05072019\/#breadcrumb"},"inLanguage":"pt-BR","potentialAction":[{"@type":"ReadAction","target":["https:\/\/www.suno.com.br\/noticias\/dolar-05072019\/"]}]},{"@type":"ImageObject","inLanguage":"pt-BR","@id":"https:\/\/www.suno.com.br\/noticias\/dolar-05072019\/#primaryimage","url":"https:\/\/files.sunoresearch.com.br\/n\/uploads\/2019\/01\/1e328bf6-d\u00f3lar.jpg","contentUrl":"https:\/\/files.sunoresearch.com.br\/n\/uploads\/2019\/01\/1e328bf6-d\u00f3lar.jpg","width":450,"height":251,"caption":"O d\u00f3lar encerrou nesta sexta-feira em alta de 1,14%, negociado a R$ 5,326 na venda, batendo um novo record. Clique aqui para saber mais"},{"@type":"BreadcrumbList","@id":"https:\/\/www.suno.com.br\/noticias\/dolar-05072019\/#breadcrumb","itemListElement":[{"@type":"ListItem","position":1,"name":"Not\u00edcias","item":"https:\/\/www.suno.com.br\/noticias\/"},{"@type":"ListItem","position":2,"name":"Mercado","item":"https:\/\/www.suno.com.br\/noticias\/mercado\/"},{"@type":"ListItem","position":3,"name":"D\u00f3lar sobe; Mercado monitora novo texto da reforma da Previd\u00eancia"}]},{"@type":"WebSite","@id":"https:\/\/www.suno.com.br\/noticias\/#website","url":"https:\/\/www.suno.com.br\/noticias\/","name":"Suno Not\u00edcias","description":"Seu portal de informa\u00e7\u00e3o sobre o mundo dos investimentos","publisher":{"@id":"https:\/\/www.suno.com.br\/noticias\/#organization"},"potentialAction":[{"@type":"SearchAction","target":{"@type":"EntryPoint","urlTemplate":"https:\/\/www.suno.com.br\/noticias\/?s={search_term_string}"},"query-input":{"@type":"PropertyValueSpecification","valueRequired":true,"valueName":"search_term_string"}}],"inLanguage":"pt-BR"},{"@type":"Organization","@id":"https:\/\/www.suno.com.br\/noticias\/#organization","name":"Suno Not\u00edcias","url":"https:\/\/www.suno.com.br\/noticias\/","logo":{"@type":"ImageObject","inLanguage":"pt-BR","@id":"https:\/\/www.suno.com.br\/noticias\/#\/schema\/logo\/image\/","url":"https:\/\/files.sunoresearch.com.br\/n\/uploads\/2021\/09\/suno-logo.png","contentUrl":"https:\/\/files.sunoresearch.com.br\/n\/uploads\/2021\/09\/suno-logo.png","width":180,"height":180,"caption":"Suno Not\u00edcias"},"image":{"@id":"https:\/\/www.suno.com.br\/noticias\/#\/schema\/logo\/image\/"},"sameAs":["https:\/\/facebook.com\/sunoresearch","https:\/\/x.com\/sunoresearch","https:\/\/www.instagram.com\/suno","https:\/\/www.linkedin.com\/company\/suno-research\/","https:\/\/www.youtube.com\/c\/sunoresearch"]},{"@type":"Person","@id":"https:\/\/www.suno.com.br\/noticias\/#\/schema\/person\/fc144a1c6108bd1dcd43784e88a3c138","name":"Renan Bandeira","image":{"@type":"ImageObject","inLanguage":"pt-BR","@id":"https:\/\/www.suno.com.br\/noticias\/#\/schema\/person\/image\/","url":"https:\/\/secure.gravatar.com\/avatar\/68359cdb608f14f11bbefcb78f3fc747?s=96&r=g","contentUrl":"https:\/\/secure.gravatar.com\/avatar\/68359cdb608f14f11bbefcb78f3fc747?s=96&r=g","caption":"Renan Bandeira"},"description":"Renan Bandeira escreve sobre pol\u00edtica e economia para o portal da Suno Research. Antes da Suno, trabalhou em uma rede de televis\u00e3o, onde fazia reportagens sobre os mesmos temas. Estuda na Universidade Metodista de S\u00e3o Paulo.","url":"https:\/\/www.suno.com.br\/noticias\/author\/renan-bandeira\/"}]}},"default_loop_html":"<div class=\"cardsPage__listCard__boxs\"><div class=\"cardsPage__listCard__boxs__img\"><a href=\"https:\/\/www.suno.com.br\/noticias\/dolar-05072019\/\"><img class=\"mask\" src=\"https:\/\/www.suno.com.br\/noticias\/wp-content\/themes\/suno\/resources\/images\/spotlight\/spotlight1img\/bg-mask.png\" alt=\"Image Mask\"\/><img src=\"https:\/\/files.sunoresearch.com.br\/n\/uploads\/2019\/01\/1e328bf6-d\u00f3lar-400x200.webp\" alt=\"D\u00f3lar sobe; Mercado monitora novo texto da reforma da Previd\u00eancia\"\/><\/a><span class=\"spotlightCategory\"><a href=\"https:\/\/www.suno.com.br\/noticias\/mercado\/\">Mercado<\/a><\/span><\/div><div class=\"cardsPage__listCard__boxs__content\"><a href=\"https:\/\/www.suno.com.br\/noticias\/dolar-05072019\/\"><h2 class=\"content__title\">D\u00f3lar sobe; Mercado monitora novo texto da reforma da Previd\u00eancia<\/h2><\/a><div class=\"newsContent__article__meta\"><div class=\"newsContent__article__meta__authorBox\"><a href=\"https:\/\/www.suno.com.br\/noticias\/author\/renan-bandeira\/\" class=\"authorBox__avatar noMobi\"><img src=\"https:\/\/secure.gravatar.com\/avatar\/68359cdb608f14f11bbefcb78f3fc747?s=96&#038;r=g\" alt=\"Renan Bandeira\"><\/a><div class=\"authorBox__name\"><span>por\n\t\t\t<a href=\"https:\/\/www.suno.com.br\/noticias\/author\/renan-bandeira\/\"><span itemprop=\"author\">Renan Bandeira<\/span><\/a><\/span><time datetime=\"2019-07-05T09:16:55-03:00\" itemprop=\"datePublished\">05\/07\/2019 09:16<\/time><\/div><\/div><\/div><\/div><\/div>","single_layout":"posts","amp_enabled":true,"_links":{"self":[{"href":"https:\/\/www.suno.com.br\/noticias\/wp-json\/wp\/v2\/posts\/30170"}],"collection":[{"href":"https:\/\/www.suno.com.br\/noticias\/wp-json\/wp\/v2\/posts"}],"about":[{"href":"https:\/\/www.suno.com.br\/noticias\/wp-json\/wp\/v2\/types\/post"}],"author":[{"embeddable":true,"href":"https:\/\/www.suno.com.br\/noticias\/wp-json\/wp\/v2\/users\/11"}],"replies":[{"embeddable":true,"href":"https:\/\/www.suno.com.br\/noticias\/wp-json\/wp\/v2\/comments?post=30170"}],"version-history":[{"count":0,"href":"https:\/\/www.suno.com.br\/noticias\/wp-json\/wp\/v2\/posts\/30170\/revisions"}],"wp:featuredmedia":[{"embeddable":true,"href":"https:\/\/www.suno.com.br\/noticias\/wp-json\/wp\/v2\/media\/12723"}],"wp:attachment":[{"href":"https:\/\/www.suno.com.br\/noticias\/wp-json\/wp\/v2\/media?parent=30170"}],"wp:term":[{"taxonomy":"category","embeddable":true,"href":"https:\/\/www.suno.com.br\/noticias\/wp-json\/wp\/v2\/categories?post=30170"},{"taxonomy":"post_tag","embeddable":true,"href":"https:\/\/www.suno.com.br\/noticias\/wp-json\/wp\/v2\/tags?post=30170"},{"taxonomy":"suno_strategy","embeddable":true,"href":"https:\/\/www.suno.com.br\/noticias\/wp-json\/wp\/v2\/suno_strategy?post=30170"}],"curies":[{"name":"wp","href":"https:\/\/api.w.org\/{rel}","templated":true}]}}