{"id":30165,"date":"2019-07-04T20:53:50","date_gmt":"2019-07-04T23:53:50","guid":{"rendered":"https:\/\/www.suno.com.br\/noticias\/?p=30165"},"modified":"2019-07-05T07:28:21","modified_gmt":"2019-07-05T10:28:21","slug":"acordo-comercial-entre-mercosul-e-ue-ameaca-paises-latinos-diz-lula","status":"publish","type":"post","link":"https:\/\/www.suno.com.br\/noticias\/acordo-comercial-entre-mercosul-e-ue-ameaca-paises-latinos-diz-lula\/","title":{"rendered":"Acordo comercial entre Mercosul e UE amea\u00e7a pa\u00edses latinos, diz Lula"},"content":{"rendered":"<p>O ex-presidente Luiz In\u00e1cio Lula da Silva (PT) criticou o acordo comercial entre a <a href=\"https:\/\/www.suno.com.br\/artigos\/uniao-europeia\/\"><strong>Uni\u00e3o Europeia<\/strong><\/a> e o <a href=\"https:\/\/www.suno.com.br\/artigos\/mercosul\/\"><strong>Mercosul<\/strong><\/a>. A declara\u00e7\u00e3o ocorreu nesta quinta-feira (04) durante um encontro com o\u00a0candidato \u00e0 presid\u00eancia da Argentina, Alberto Fern\u00e1ndez.<\/p>\t<div class=\"wrapper-featured-image\">\n\t\t<figure class=\"spotlightImg\">\n\n\t\t\t<picture>\n\t\t\t\t<source media=\"(max-width: 768px)\" srcset=\"https:\/\/files.sunoresearch.com.br\/n\/uploads\/2019\/05\/ad373886-lula-400x200.webp\">\n\t\t\t\t<img loading=\"lazy\" decoding=\"async\" class=\"newsContent__article__imgCapa lazyloadDisabled newsContent__article__imgCapa--noCaption\" src=\"https:\/\/files.sunoresearch.com.br\/n\/uploads\/2019\/05\/ad373886-lula-800x450.webp\" width=\"800\" height=\"450\" alt=\"Acordo comercial entre Mercosul e UE amea\u00e7a pa\u00edses latinos, diz Lula\" fetchpriority=high \/>\n\t\t\t<\/picture>\n\n\t\t\t<figcaption class=\"wp-caption-text wp-caption-text--hide\">Juiz aceita pedido de defesa e Lula sair\u00e1 da pris\u00e3o ap\u00f3s decis\u00e3o do STF<\/figcaption>\n\t\t<\/figure>\n\t<\/div>\n\n\n<p>Conforme divulgado pelo ex-ministro da Defesa, Celso Amorim, que acompanhou o encontro entre os dois pol\u00edticos,\u00a0<strong>Lula\u00a0<\/strong>afirmou a alian\u00e7a entre os blocos pode representar uma desindustrializa\u00e7\u00e3o dos pa\u00edses latinos.<\/p>\n<p>\u201cVamos exportar mat\u00e9rias-primas e prim\u00e1rios, em troca de produtos manufaturados europeus\u201d, explicou.<\/p>\n<p>O candidato \u00e0 presid\u00eancia argentina ressaltou que a Fran\u00e7a parece n\u00e3o aderir ao acordo econ\u00f4mico. Desse modo, ele afirmou que os detalhes do pacto ainda n\u00e3o foram apresentados, portanto, ainda existem d\u00favidas.<\/p>\n<p><a href=\"https:\/\/www.suno.com.br\/noticias\/franca-nao-esta-preparada-acordo-mercosul-ue-segundo-porta-voz\/\">Saiba mais: Fran\u00e7a n\u00e3o est\u00e1 preparada para acordo Mercosul-UE, segundo porta-voz<\/a><\/p>\n<p>Fernand\u00e9z visitou o ex-presidente do Brasil sede da Superintend\u00eancia da Pol\u00edcia Federal de Curitiba, onde ele est\u00e1 preso desde abril do ano passado. Segundo os relatos de Amorim, Lula ressaltou que a primeira miss\u00e3o do candidato \u00e9 vencer as elei\u00e7\u00f5es presidenciais da Argentina.<\/p>\n<p>&#8220;Foi uma imensa alegria. Os argentinos t\u00eam um grande reconhecimento e um carinho enorme pelo Lula. O Brasil est\u00e1 criando uma m\u00e1cula em seu governo, ao ter detido um homem como ele, que tem todo direito de estar em liberdade para se defender\u201d, disse Fernand\u00e9z ap\u00f3s a visita.<\/p>\n\t<p>\n\t\t<a href=\"https:\/\/lp2.suno.com.br\/pv\/bolsa-para-iniciantes?utm_campaign=_SNC757A2733_rs.mpr26---meu-primeiro-rendimento---venda---not\u00edcias&#038;utm_source=suno-not\u00edcias&#038;utm_medium=banner.noticias\" target=\"_blank\" data-element=\"shortcode-suno-banner\" title=\"Banner SUNO, clique e saiba mais\">\n\t\t\t<picture>\n\t\t\t\t<source media=\"(max-width: 500px)\" srcset=\"https:\/\/files.sunoresearch.com.br\/n\/uploads\/2026\/04\/400x300-Banner-Materias-01-png.webp\">\n\t\t\t\t<img class=\"newsContent__article__imgCapa newsContent__article__imgCapa--banner\"\n\t\t\t\t\tsrc=\"https:\/\/files.sunoresearch.com.br\/n\/uploads\/2026\/04\/1420x240-Banner-Materias-01-png.webp\"\n\t\t\t\t\tdata-promo-id=\"647482\"\t\t\t\t\t\t\t\t\t\twidth='1420' height='240'\t\t\t\t\talt=\"https:\/\/files.sunoresearch.com.br\/n\/uploads\/2026\/04\/1420x240-Banner-Materias-01-png.webp\"\n\t\t\t\t>\n\t\t\t<\/picture>\n\t\t<\/a>\n\t<\/p>\n\n\n<p>Embora possuam posicionamentos pol\u00edticos divergentes, o pol\u00edtico argentino afirmou que, caso ven\u00e7a as elei\u00e7\u00f5es, continuar\u00e1 mantendo as rela\u00e7\u00f5es pol\u00edticas com o governo do presidente Jair Bolsonaro.<\/p>\n<h2>Acordo de livre-com\u00e9rcio<\/h2>\n<p>O atual presidente da Argentina,\u00a0Mauricio Macri, anunciou estar juntamente com o presidente do Brasil,\u00a0Jair Bolsonaro, negociando um acordo de livre-com\u00e9rcio com os Estados Unidos.<\/p>\n<p>&#8220;O ministro das Rela\u00e7\u00f5es Exteriores me disse que estamos falando com o Brasil para termos um acordo de livre-com\u00e9rcio com os Estados Unidos. O mundo se interessa por se relacionar conosco&#8221;, disse Macri.<\/p>\n<p>Al\u00e9m disso, durante evento Macri comentou sobre o acordo entre a Uni\u00e3o Europeia e Mercosul. Conforme dito pelo atual presidente, o acordo \u00e9 uma oportunidade hist\u00f3rica.<\/p>\n\t<p>\n\t\t<a href=\"https:\/\/lp.suno.com.br\/planilha-controle-gastos\/\" target=\"_blank\" data-element=\"shortcode-suno-banner\" title=\"Banner SUNO, clique e saiba mais\">\n\t\t\t<picture>\n\t\t\t\t<source media=\"(max-width: 500px)\" srcset=\"https:\/\/files.sunoresearch.com.br\/n\/uploads\/2023\/03\/400x300-Planilha-controle-de-gastos.png\">\n\t\t\t\t<img class=\"newsContent__article__imgCapa newsContent__article__imgCapa--banner\"\n\t\t\t\t\tsrc=\"https:\/\/files.sunoresearch.com.br\/n\/uploads\/2023\/03\/1420x240-Planilha-controle-de-gastos.png\"\n\t\t\t\t\tdata-promo-id=\"102417\"\t\t\t\t\t\t\t\t\t\twidth='1420' height='240'\t\t\t\t\talt=\"https:\/\/files.sunoresearch.com.br\/n\/uploads\/2023\/03\/1420x240-Planilha-controle-de-gastos.png\"\n\t\t\t\t>\n\t\t\t<\/picture>\n\t\t<\/a>\n\t<\/p>\n\n\n<p>No entanto, o concorrente de Macri nas elei\u00e7\u00f5es,\u00a0Alberto Fern\u00e1ndez, sup\u00f4s durante o encontro com\u00a0<strong>Lula<\/strong> que o acordo foi divulgado para beneficiar o atual presidente argentino na pr\u00f3xima corrida eleitoral.<\/p>\n","protected":false},"excerpt":{"rendered":"<p>O ex-presidente Luiz In\u00e1cio Lula da Silva (PT) criticou o acordo comercial entre a Uni\u00e3o Europeia e o Mercosul. A declara\u00e7\u00e3o ocorreu nesta quinta-feira (04) durante um encontro com o\u00a0candidato \u00e0 presid\u00eancia da Argentina, Alberto Fern\u00e1ndez. Juiz aceita pedido de defesa e Lula sair\u00e1 da pris\u00e3o ap\u00f3s decis\u00e3o do STF Conforme divulgado pelo ex-ministro da [&hellip;]<\/p>\n","protected":false},"author":18,"featured_media":24228,"comment_status":"closed","ping_status":"closed","sticky":false,"template":"","format":"standard","meta":[],"categories":[61],"tags":[709,868,731],"suno_strategy":[],"class_list":["post-30165","post","type-post","status-publish","format-standard","has-post-thumbnail","hentry","category-politica","tag-lula","tag-mercosul","tag-uniao-europeia"],"yoast_head":"<!-- This site is optimized with the Yoast SEO plugin v24.4 - https:\/\/yoast.com\/wordpress\/plugins\/seo\/ -->\n<title>Acordo comercial entre Mercosul e UE amea\u00e7a pa\u00edses latinos, diz Lula<\/title>\n<meta name=\"description\" content=\"O ex-presidente Luiz In\u00e1cio Lula da Silva (PT) criticou o acordo comercial entre a Uni\u00e3o Europeia e o Mercosul. Clique para saber mais.\" \/>\n<meta name=\"robots\" content=\"index, follow, max-snippet:-1, max-image-preview:large, max-video-preview:-1\" \/>\n<link rel=\"canonical\" href=\"https:\/\/www.suno.com.br\/noticias\/acordo-comercial-entre-mercosul-e-ue-ameaca-paises-latinos-diz-lula\/\" \/>\n<meta property=\"og:locale\" content=\"pt_BR\" \/>\n<meta property=\"og:type\" content=\"article\" \/>\n<meta property=\"og:title\" content=\"Acordo comercial entre Mercosul e UE amea\u00e7a pa\u00edses latinos, diz Lula\" \/>\n<meta property=\"og:description\" content=\"O ex-presidente Luiz In\u00e1cio Lula da Silva (PT) criticou o acordo comercial entre a Uni\u00e3o Europeia e o Mercosul. Clique para saber mais.\" \/>\n<meta property=\"og:url\" content=\"https:\/\/www.suno.com.br\/noticias\/acordo-comercial-entre-mercosul-e-ue-ameaca-paises-latinos-diz-lula\/\" \/>\n<meta property=\"og:site_name\" content=\"Suno Not\u00edcias\" \/>\n<meta property=\"article:publisher\" content=\"https:\/\/facebook.com\/sunoresearch\" \/>\n<meta property=\"og:image\" content=\"https:\/\/files.sunoresearch.com.br\/n\/uploads\/2019\/05\/ad373886-lula-1024x664.jpg\" \/>\n\t<meta property=\"og:image:width\" content=\"1024\" \/>\n\t<meta property=\"og:image:height\" content=\"664\" \/>\n\t<meta property=\"og:image:type\" content=\"image\/jpeg\" \/>\n<meta name=\"author\" content=\"Giovanna Oliveira\" \/>\n<meta name=\"twitter:card\" content=\"summary_large_image\" \/>\n<meta name=\"twitter:creator\" content=\"@sunoresearch\" \/>\n<meta name=\"twitter:site\" content=\"@sunoresearch\" \/>\n<meta name=\"twitter:label1\" content=\"Escrito por\" \/>\n\t<meta name=\"twitter:data1\" content=\"Giovanna Oliveira\" \/>\n\t<meta name=\"twitter:label2\" content=\"Est. tempo de leitura\" \/>\n\t<meta name=\"twitter:data2\" content=\"2 minutos\" \/>\n<script type=\"application\/ld+json\" class=\"yoast-schema-graph\">{\"@context\":\"https:\/\/schema.org\",\"@graph\":[{\"@type\":\"NewsArticle\",\"@id\":\"https:\/\/www.suno.com.br\/noticias\/acordo-comercial-entre-mercosul-e-ue-ameaca-paises-latinos-diz-lula\/#article\",\"isPartOf\":{\"@id\":\"https:\/\/www.suno.com.br\/noticias\/acordo-comercial-entre-mercosul-e-ue-ameaca-paises-latinos-diz-lula\/\"},\"author\":{\"name\":\"Giovanna Oliveira\",\"@id\":\"https:\/\/www.suno.com.br\/noticias\/#\/schema\/person\/4e19e3d2575736e5283d58eb3199d120\"},\"headline\":\"Acordo comercial entre Mercosul e UE amea\u00e7a pa\u00edses latinos, diz Lula\",\"datePublished\":\"2019-07-04T23:53:50+00:00\",\"dateModified\":\"2019-07-05T10:28:21+00:00\",\"mainEntityOfPage\":{\"@id\":\"https:\/\/www.suno.com.br\/noticias\/acordo-comercial-entre-mercosul-e-ue-ameaca-paises-latinos-diz-lula\/\"},\"wordCount\":417,\"publisher\":{\"@id\":\"https:\/\/www.suno.com.br\/noticias\/#organization\"},\"image\":{\"@id\":\"https:\/\/www.suno.com.br\/noticias\/acordo-comercial-entre-mercosul-e-ue-ameaca-paises-latinos-diz-lula\/#primaryimage\"},\"thumbnailUrl\":\"https:\/\/files.sunoresearch.com.br\/n\/uploads\/2019\/05\/ad373886-lula-jpg.webp\",\"keywords\":[\"Lula\",\"Mercosul\",\"Uni\u00e3o Europeia\"],\"articleSection\":[\"Pol\u00edtica\"],\"inLanguage\":\"pt-BR\"},{\"@type\":\"WebPage\",\"@id\":\"https:\/\/www.suno.com.br\/noticias\/acordo-comercial-entre-mercosul-e-ue-ameaca-paises-latinos-diz-lula\/\",\"url\":\"https:\/\/www.suno.com.br\/noticias\/acordo-comercial-entre-mercosul-e-ue-ameaca-paises-latinos-diz-lula\/\",\"name\":\"Acordo comercial entre Mercosul e UE amea\u00e7a pa\u00edses latinos, diz Lula\",\"isPartOf\":{\"@id\":\"https:\/\/www.suno.com.br\/noticias\/#website\"},\"primaryImageOfPage\":{\"@id\":\"https:\/\/www.suno.com.br\/noticias\/acordo-comercial-entre-mercosul-e-ue-ameaca-paises-latinos-diz-lula\/#primaryimage\"},\"image\":{\"@id\":\"https:\/\/www.suno.com.br\/noticias\/acordo-comercial-entre-mercosul-e-ue-ameaca-paises-latinos-diz-lula\/#primaryimage\"},\"thumbnailUrl\":\"https:\/\/files.sunoresearch.com.br\/n\/uploads\/2019\/05\/ad373886-lula-jpg.webp\",\"datePublished\":\"2019-07-04T23:53:50+00:00\",\"dateModified\":\"2019-07-05T10:28:21+00:00\",\"description\":\"O ex-presidente Luiz In\u00e1cio Lula da Silva (PT) criticou o acordo comercial entre a Uni\u00e3o Europeia e o Mercosul. Clique para saber mais.\",\"breadcrumb\":{\"@id\":\"https:\/\/www.suno.com.br\/noticias\/acordo-comercial-entre-mercosul-e-ue-ameaca-paises-latinos-diz-lula\/#breadcrumb\"},\"inLanguage\":\"pt-BR\",\"potentialAction\":[{\"@type\":\"ReadAction\",\"target\":[\"https:\/\/www.suno.com.br\/noticias\/acordo-comercial-entre-mercosul-e-ue-ameaca-paises-latinos-diz-lula\/\"]}]},{\"@type\":\"ImageObject\",\"inLanguage\":\"pt-BR\",\"@id\":\"https:\/\/www.suno.com.br\/noticias\/acordo-comercial-entre-mercosul-e-ue-ameaca-paises-latinos-diz-lula\/#primaryimage\",\"url\":\"https:\/\/files.sunoresearch.com.br\/n\/uploads\/2019\/05\/ad373886-lula-jpg.webp\",\"contentUrl\":\"https:\/\/files.sunoresearch.com.br\/n\/uploads\/2019\/05\/ad373886-lula-jpg.webp\",\"width\":2446,\"height\":1586,\"caption\":\"Juiz aceita pedido de defesa e Lula sair\u00e1 da pris\u00e3o ap\u00f3s decis\u00e3o do STF\"},{\"@type\":\"BreadcrumbList\",\"@id\":\"https:\/\/www.suno.com.br\/noticias\/acordo-comercial-entre-mercosul-e-ue-ameaca-paises-latinos-diz-lula\/#breadcrumb\",\"itemListElement\":[{\"@type\":\"ListItem\",\"position\":1,\"name\":\"Not\u00edcias\",\"item\":\"https:\/\/www.suno.com.br\/noticias\/\"},{\"@type\":\"ListItem\",\"position\":2,\"name\":\"Pol\u00edtica\",\"item\":\"https:\/\/www.suno.com.br\/noticias\/politica\/\"},{\"@type\":\"ListItem\",\"position\":3,\"name\":\"Acordo comercial entre Mercosul e UE amea\u00e7a pa\u00edses latinos, diz Lula\"}]},{\"@type\":\"WebSite\",\"@id\":\"https:\/\/www.suno.com.br\/noticias\/#website\",\"url\":\"https:\/\/www.suno.com.br\/noticias\/\",\"name\":\"Suno Not\u00edcias\",\"description\":\"Seu portal de informa\u00e7\u00e3o sobre o mundo dos investimentos\",\"publisher\":{\"@id\":\"https:\/\/www.suno.com.br\/noticias\/#organization\"},\"potentialAction\":[{\"@type\":\"SearchAction\",\"target\":{\"@type\":\"EntryPoint\",\"urlTemplate\":\"https:\/\/www.suno.com.br\/noticias\/?s={search_term_string}\"},\"query-input\":{\"@type\":\"PropertyValueSpecification\",\"valueRequired\":true,\"valueName\":\"search_term_string\"}}],\"inLanguage\":\"pt-BR\"},{\"@type\":\"Organization\",\"@id\":\"https:\/\/www.suno.com.br\/noticias\/#organization\",\"name\":\"Suno Not\u00edcias\",\"url\":\"https:\/\/www.suno.com.br\/noticias\/\",\"logo\":{\"@type\":\"ImageObject\",\"inLanguage\":\"pt-BR\",\"@id\":\"https:\/\/www.suno.com.br\/noticias\/#\/schema\/logo\/image\/\",\"url\":\"https:\/\/files.sunoresearch.com.br\/n\/uploads\/2021\/09\/suno-logo.png\",\"contentUrl\":\"https:\/\/files.sunoresearch.com.br\/n\/uploads\/2021\/09\/suno-logo.png\",\"width\":180,\"height\":180,\"caption\":\"Suno Not\u00edcias\"},\"image\":{\"@id\":\"https:\/\/www.suno.com.br\/noticias\/#\/schema\/logo\/image\/\"},\"sameAs\":[\"https:\/\/facebook.com\/sunoresearch\",\"https:\/\/x.com\/sunoresearch\",\"https:\/\/www.instagram.com\/suno\",\"https:\/\/www.linkedin.com\/company\/suno-research\/\",\"https:\/\/www.youtube.com\/c\/sunoresearch\"]},{\"@type\":\"Person\",\"@id\":\"https:\/\/www.suno.com.br\/noticias\/#\/schema\/person\/4e19e3d2575736e5283d58eb3199d120\",\"name\":\"Giovanna Oliveira\",\"image\":{\"@type\":\"ImageObject\",\"inLanguage\":\"pt-BR\",\"@id\":\"https:\/\/www.suno.com.br\/noticias\/#\/schema\/person\/image\/\",\"url\":\"https:\/\/secure.gravatar.com\/avatar\/9a37b3ae208962ac568992d0ffdbc2eb?s=96&r=g\",\"contentUrl\":\"https:\/\/secure.gravatar.com\/avatar\/9a37b3ae208962ac568992d0ffdbc2eb?s=96&r=g\",\"caption\":\"Giovanna Oliveira\"},\"description\":\"Giovanna Oliveira escreve sobre economia e pol\u00edtica. Foi rep\u00f3rter do portal de jornalismo da ESPM-SP e produziu conte\u00fado para a Corinthians TV. \u00c9 estudante da ESPM.\",\"url\":\"https:\/\/www.suno.com.br\/noticias\/author\/giovanna\/\"}]}<\/script>\n<!-- \/ Yoast SEO plugin. -->","yoast_head_json":{"title":"Acordo comercial entre Mercosul e UE amea\u00e7a pa\u00edses latinos, diz Lula","description":"O ex-presidente Luiz In\u00e1cio Lula da Silva (PT) criticou o acordo comercial entre a Uni\u00e3o Europeia e o Mercosul. Clique para saber mais.","robots":{"index":"index","follow":"follow","max-snippet":"max-snippet:-1","max-image-preview":"max-image-preview:large","max-video-preview":"max-video-preview:-1"},"canonical":"https:\/\/www.suno.com.br\/noticias\/acordo-comercial-entre-mercosul-e-ue-ameaca-paises-latinos-diz-lula\/","og_locale":"pt_BR","og_type":"article","og_title":"Acordo comercial entre Mercosul e UE amea\u00e7a pa\u00edses latinos, diz Lula","og_description":"O ex-presidente Luiz In\u00e1cio Lula da Silva (PT) criticou o acordo comercial entre a Uni\u00e3o Europeia e o Mercosul. Clique para saber mais.","og_url":"https:\/\/www.suno.com.br\/noticias\/acordo-comercial-entre-mercosul-e-ue-ameaca-paises-latinos-diz-lula\/","og_site_name":"Suno Not\u00edcias","article_publisher":"https:\/\/facebook.com\/sunoresearch","og_image":[{"width":1024,"height":664,"url":"https:\/\/files.sunoresearch.com.br\/n\/uploads\/2019\/05\/ad373886-lula-1024x664.jpg","type":"image\/jpeg"}],"author":"Giovanna Oliveira","twitter_card":"summary_large_image","twitter_creator":"@sunoresearch","twitter_site":"@sunoresearch","twitter_misc":{"Escrito por":"Giovanna Oliveira","Est. tempo de leitura":"2 minutos"},"schema":{"@context":"https:\/\/schema.org","@graph":[{"@type":"NewsArticle","@id":"https:\/\/www.suno.com.br\/noticias\/acordo-comercial-entre-mercosul-e-ue-ameaca-paises-latinos-diz-lula\/#article","isPartOf":{"@id":"https:\/\/www.suno.com.br\/noticias\/acordo-comercial-entre-mercosul-e-ue-ameaca-paises-latinos-diz-lula\/"},"author":{"name":"Giovanna Oliveira","@id":"https:\/\/www.suno.com.br\/noticias\/#\/schema\/person\/4e19e3d2575736e5283d58eb3199d120"},"headline":"Acordo comercial entre Mercosul e UE amea\u00e7a pa\u00edses latinos, diz Lula","datePublished":"2019-07-04T23:53:50+00:00","dateModified":"2019-07-05T10:28:21+00:00","mainEntityOfPage":{"@id":"https:\/\/www.suno.com.br\/noticias\/acordo-comercial-entre-mercosul-e-ue-ameaca-paises-latinos-diz-lula\/"},"wordCount":417,"publisher":{"@id":"https:\/\/www.suno.com.br\/noticias\/#organization"},"image":{"@id":"https:\/\/www.suno.com.br\/noticias\/acordo-comercial-entre-mercosul-e-ue-ameaca-paises-latinos-diz-lula\/#primaryimage"},"thumbnailUrl":"https:\/\/files.sunoresearch.com.br\/n\/uploads\/2019\/05\/ad373886-lula-jpg.webp","keywords":["Lula","Mercosul","Uni\u00e3o Europeia"],"articleSection":["Pol\u00edtica"],"inLanguage":"pt-BR"},{"@type":"WebPage","@id":"https:\/\/www.suno.com.br\/noticias\/acordo-comercial-entre-mercosul-e-ue-ameaca-paises-latinos-diz-lula\/","url":"https:\/\/www.suno.com.br\/noticias\/acordo-comercial-entre-mercosul-e-ue-ameaca-paises-latinos-diz-lula\/","name":"Acordo comercial entre Mercosul e UE amea\u00e7a pa\u00edses latinos, diz Lula","isPartOf":{"@id":"https:\/\/www.suno.com.br\/noticias\/#website"},"primaryImageOfPage":{"@id":"https:\/\/www.suno.com.br\/noticias\/acordo-comercial-entre-mercosul-e-ue-ameaca-paises-latinos-diz-lula\/#primaryimage"},"image":{"@id":"https:\/\/www.suno.com.br\/noticias\/acordo-comercial-entre-mercosul-e-ue-ameaca-paises-latinos-diz-lula\/#primaryimage"},"thumbnailUrl":"https:\/\/files.sunoresearch.com.br\/n\/uploads\/2019\/05\/ad373886-lula-jpg.webp","datePublished":"2019-07-04T23:53:50+00:00","dateModified":"2019-07-05T10:28:21+00:00","description":"O ex-presidente Luiz In\u00e1cio Lula da Silva (PT) criticou o acordo comercial entre a Uni\u00e3o Europeia e o Mercosul. Clique para saber mais.","breadcrumb":{"@id":"https:\/\/www.suno.com.br\/noticias\/acordo-comercial-entre-mercosul-e-ue-ameaca-paises-latinos-diz-lula\/#breadcrumb"},"inLanguage":"pt-BR","potentialAction":[{"@type":"ReadAction","target":["https:\/\/www.suno.com.br\/noticias\/acordo-comercial-entre-mercosul-e-ue-ameaca-paises-latinos-diz-lula\/"]}]},{"@type":"ImageObject","inLanguage":"pt-BR","@id":"https:\/\/www.suno.com.br\/noticias\/acordo-comercial-entre-mercosul-e-ue-ameaca-paises-latinos-diz-lula\/#primaryimage","url":"https:\/\/files.sunoresearch.com.br\/n\/uploads\/2019\/05\/ad373886-lula-jpg.webp","contentUrl":"https:\/\/files.sunoresearch.com.br\/n\/uploads\/2019\/05\/ad373886-lula-jpg.webp","width":2446,"height":1586,"caption":"Juiz aceita pedido de defesa e Lula sair\u00e1 da pris\u00e3o ap\u00f3s decis\u00e3o do STF"},{"@type":"BreadcrumbList","@id":"https:\/\/www.suno.com.br\/noticias\/acordo-comercial-entre-mercosul-e-ue-ameaca-paises-latinos-diz-lula\/#breadcrumb","itemListElement":[{"@type":"ListItem","position":1,"name":"Not\u00edcias","item":"https:\/\/www.suno.com.br\/noticias\/"},{"@type":"ListItem","position":2,"name":"Pol\u00edtica","item":"https:\/\/www.suno.com.br\/noticias\/politica\/"},{"@type":"ListItem","position":3,"name":"Acordo comercial entre Mercosul e UE amea\u00e7a pa\u00edses latinos, diz Lula"}]},{"@type":"WebSite","@id":"https:\/\/www.suno.com.br\/noticias\/#website","url":"https:\/\/www.suno.com.br\/noticias\/","name":"Suno Not\u00edcias","description":"Seu portal de informa\u00e7\u00e3o sobre o mundo dos investimentos","publisher":{"@id":"https:\/\/www.suno.com.br\/noticias\/#organization"},"potentialAction":[{"@type":"SearchAction","target":{"@type":"EntryPoint","urlTemplate":"https:\/\/www.suno.com.br\/noticias\/?s={search_term_string}"},"query-input":{"@type":"PropertyValueSpecification","valueRequired":true,"valueName":"search_term_string"}}],"inLanguage":"pt-BR"},{"@type":"Organization","@id":"https:\/\/www.suno.com.br\/noticias\/#organization","name":"Suno Not\u00edcias","url":"https:\/\/www.suno.com.br\/noticias\/","logo":{"@type":"ImageObject","inLanguage":"pt-BR","@id":"https:\/\/www.suno.com.br\/noticias\/#\/schema\/logo\/image\/","url":"https:\/\/files.sunoresearch.com.br\/n\/uploads\/2021\/09\/suno-logo.png","contentUrl":"https:\/\/files.sunoresearch.com.br\/n\/uploads\/2021\/09\/suno-logo.png","width":180,"height":180,"caption":"Suno Not\u00edcias"},"image":{"@id":"https:\/\/www.suno.com.br\/noticias\/#\/schema\/logo\/image\/"},"sameAs":["https:\/\/facebook.com\/sunoresearch","https:\/\/x.com\/sunoresearch","https:\/\/www.instagram.com\/suno","https:\/\/www.linkedin.com\/company\/suno-research\/","https:\/\/www.youtube.com\/c\/sunoresearch"]},{"@type":"Person","@id":"https:\/\/www.suno.com.br\/noticias\/#\/schema\/person\/4e19e3d2575736e5283d58eb3199d120","name":"Giovanna Oliveira","image":{"@type":"ImageObject","inLanguage":"pt-BR","@id":"https:\/\/www.suno.com.br\/noticias\/#\/schema\/person\/image\/","url":"https:\/\/secure.gravatar.com\/avatar\/9a37b3ae208962ac568992d0ffdbc2eb?s=96&r=g","contentUrl":"https:\/\/secure.gravatar.com\/avatar\/9a37b3ae208962ac568992d0ffdbc2eb?s=96&r=g","caption":"Giovanna Oliveira"},"description":"Giovanna Oliveira escreve sobre economia e pol\u00edtica. Foi rep\u00f3rter do portal de jornalismo da ESPM-SP e produziu conte\u00fado para a Corinthians TV. \u00c9 estudante da ESPM.","url":"https:\/\/www.suno.com.br\/noticias\/author\/giovanna\/"}]}},"default_loop_html":"<div class=\"cardsPage__listCard__boxs\"><div class=\"cardsPage__listCard__boxs__img\"><a href=\"https:\/\/www.suno.com.br\/noticias\/acordo-comercial-entre-mercosul-e-ue-ameaca-paises-latinos-diz-lula\/\"><img class=\"mask\" src=\"https:\/\/www.suno.com.br\/noticias\/wp-content\/themes\/suno\/resources\/images\/spotlight\/spotlight1img\/bg-mask.png\" alt=\"Image Mask\"\/><img src=\"https:\/\/files.sunoresearch.com.br\/n\/uploads\/2019\/05\/ad373886-lula-400x200.webp\" alt=\"Acordo comercial entre Mercosul e UE amea\u00e7a pa\u00edses latinos, diz Lula\"\/><\/a><span class=\"spotlightCategory\"><a href=\"https:\/\/www.suno.com.br\/noticias\/politica\/\">Pol\u00edtica<\/a><\/span><\/div><div class=\"cardsPage__listCard__boxs__content\"><a href=\"https:\/\/www.suno.com.br\/noticias\/acordo-comercial-entre-mercosul-e-ue-ameaca-paises-latinos-diz-lula\/\"><h2 class=\"content__title\">Acordo comercial entre Mercosul e UE amea\u00e7a pa\u00edses latinos, diz Lula<\/h2><\/a><div class=\"newsContent__article__meta\"><div class=\"newsContent__article__meta__authorBox\"><a href=\"https:\/\/www.suno.com.br\/noticias\/author\/giovanna\/\" class=\"authorBox__avatar noMobi\"><img src=\"https:\/\/files.sunoresearch.com.br\/n\/uploads\/2019\/06\/952a89ca-screenshot_20190608-171507-150x150.webp\" alt=\"Giovanna Oliveira\"><\/a><div class=\"authorBox__name\"><span>por\n\t\t\t<a href=\"https:\/\/www.suno.com.br\/noticias\/author\/giovanna\/\"><span itemprop=\"author\">Giovanna Oliveira<\/span><\/a><\/span><time datetime=\"2019-07-04T20:53:50-03:00\" itemprop=\"datePublished\">04\/07\/2019 20:53<\/time><\/div><\/div><\/div><\/div><\/div>","single_layout":"posts","amp_enabled":true,"_links":{"self":[{"href":"https:\/\/www.suno.com.br\/noticias\/wp-json\/wp\/v2\/posts\/30165"}],"collection":[{"href":"https:\/\/www.suno.com.br\/noticias\/wp-json\/wp\/v2\/posts"}],"about":[{"href":"https:\/\/www.suno.com.br\/noticias\/wp-json\/wp\/v2\/types\/post"}],"author":[{"embeddable":true,"href":"https:\/\/www.suno.com.br\/noticias\/wp-json\/wp\/v2\/users\/18"}],"replies":[{"embeddable":true,"href":"https:\/\/www.suno.com.br\/noticias\/wp-json\/wp\/v2\/comments?post=30165"}],"version-history":[{"count":0,"href":"https:\/\/www.suno.com.br\/noticias\/wp-json\/wp\/v2\/posts\/30165\/revisions"}],"wp:featuredmedia":[{"embeddable":true,"href":"https:\/\/www.suno.com.br\/noticias\/wp-json\/wp\/v2\/media\/24228"}],"wp:attachment":[{"href":"https:\/\/www.suno.com.br\/noticias\/wp-json\/wp\/v2\/media?parent=30165"}],"wp:term":[{"taxonomy":"category","embeddable":true,"href":"https:\/\/www.suno.com.br\/noticias\/wp-json\/wp\/v2\/categories?post=30165"},{"taxonomy":"post_tag","embeddable":true,"href":"https:\/\/www.suno.com.br\/noticias\/wp-json\/wp\/v2\/tags?post=30165"},{"taxonomy":"suno_strategy","embeddable":true,"href":"https:\/\/www.suno.com.br\/noticias\/wp-json\/wp\/v2\/suno_strategy?post=30165"}],"curies":[{"name":"wp","href":"https:\/\/api.w.org\/{rel}","templated":true}]}}