{"id":301400,"date":"2022-09-24T11:33:13","date_gmt":"2022-09-24T14:33:13","guid":{"rendered":"https:\/\/www.suno.com.br\/noticias\/?p=301400"},"modified":"2022-09-24T11:33:37","modified_gmt":"2022-09-24T14:33:37","slug":"copa-do-mundo-2022-tv-brasileiro-samsung","status":"publish","type":"post","link":"https:\/\/www.suno.com.br\/noticias\/copa-do-mundo-2022-tv-brasileiro-samsung\/","title":{"rendered":"&#8216;Para ver a Copa do Mundo, brasileiro vai querer TV de 65 polegadas&#8217;, diz executivo da Samsung"},"content":{"rendered":"<p>A <a href=\"https:\/\/www.suno.com.br\/noticias\/funcionamento-b3-b3sa3-pregao-brasil-copa\/\"><strong>Copa do Mundo<\/strong><\/a> deve ser um catalisador de consumo de TVs e outros eletroeletr\u00f4nicos e, com uma concorr\u00eancia maior no varejo, a Samsung quer &#8216;persuadir ainda mais o consumidor&#8217;.<\/p>\t<div class=\"wrapper-featured-image\">\n\t\t<figure class=\"spotlightImg\">\n\n\t\t\t<picture>\n\t\t\t\t<source media=\"(max-width: 768px)\" srcset=\"https:\/\/files.sunoresearch.com.br\/n\/uploads\/2022\/09\/copa-do-mundo-unsplash-400x200.jpg\">\n\t\t\t\t<img loading=\"lazy\" decoding=\"async\" class=\"newsContent__article__imgCapa lazyloadDisabled \" src=\"https:\/\/files.sunoresearch.com.br\/n\/uploads\/2022\/09\/copa-do-mundo-unsplash-800x450.jpg\" width=\"800\" height=\"450\" alt=\"&#8216;Para ver a Copa do Mundo, brasileiro vai querer TV de 65 polegadas&#8217;, diz executivo da Samsung\" fetchpriority=high \/>\n\t\t\t<\/picture>\n\n\t\t\t<figcaption class=\"wp-caption-text wp-caption-text--show\">TIM fez melhorias na rede para Copa do Mundo 2022. Foto: Unsplash<\/figcaption>\n\t\t<\/figure>\n\t<\/div>\n\n\n<p>&#8220;Queremos que o consumidor chegue \u00e0 loja sabendo qual TV comprar&#8221;, disse ao Estad\u00e3o o vice-presidente da divis\u00e3o de eletr\u00f4nicos de consumo da Samsung no Brasil, Gustavo Assun\u00e7\u00e3o. A proje\u00e7\u00e3o \u00e9 de que as\u00a0<a href=\"https:\/\/www.suno.com.br\/noticias\/vendas-varejo-julho\/\"><strong>vendas de televis\u00f5es<\/strong><\/a> devem aumentar at\u00e9 a Copa do Mundo.<\/p>\n<p>Segundo dados da consultoria Statista, a <strong>Samsung<\/strong> tem uma fatia de 43% do mercado (<a href=\"https:\/\/www.suno.com.br\/artigos\/market-share\/\">market share<\/a>).<\/p>\n<p>A sul-coreana espera que as <strong>TVs mais vendidas<\/strong> devem ser os aparelhos de 65 polegadas ou mais e tamb\u00e9m de modelos top de linha.<\/p>\n<p>Leia, abaixo, os principais trechos da entrevista.<\/p>\n<h4>O consumidor brasileiro ainda usa a Copa do Mundo como um marco temporal para trocar de TV?<\/h4>\n<p>Sem d\u00favida. Para a <strong>Copa de 2022<\/strong>, temos o objetivo de consolidar a venda de telas de 65 a 85 polegadas, e vender produtos mais sofisticados, como os televisores Qled e Neo Qled, tanto 4k quanto 8k.<\/p>\n<h4>Como a empresa trabalha com as varejistas para aumentar as vendas de televisores para a Copa do Mundo?<\/h4>\n<p>H\u00e1 um planejamento de <a href=\"https:\/\/www.suno.com.br\/artigos\/demanda-agregada\/\">demanda<\/a> e entrega para evitar gargalos de distribui\u00e7\u00e3o. Isso acontece n\u00e3o s\u00f3 com os grandes, mas tamb\u00e9m com os varejistas regionais.<\/p>\n<p>Queremos convencer o consumidor no momento da pesquisa para que ele chegue \u00e0 loja sabendo qual TV comprar. Como fazemos em todos os anos, apoiaremos nossos parceiros comerciais, com treinamento, bons conte\u00fados, e, naturalmente, boas ofertas e campanhas dedicadas para a data.<\/p>\n<h4>Por que a Samsung mant\u00e9m tanto uma loja virtual pr\u00f3pria quanto parcerias com varejistas no Pa\u00eds?<\/h4>\n<p>Nem sempre conseguimos oferecer todos os nossos produtos por meio dos parceiros comerciais. <strong>Nossa loja \u00e9 complementar<\/strong>, ela oferece todo o portf\u00f3lio.<\/p>\n<p>O objetivo n\u00e3o \u00e9 ser o principal canal de vendas, mas um local para eliminar d\u00favidas. Na nossa loja online, por exemplo, estamos lan\u00e7ando uma plataforma que sugere a TV ideal a cada consumidor a partir de um question\u00e1rio de cinco perguntas.<\/p>\n<h4>Como a empresa v\u00ea a chegada de concorrentes brasileiros, como <a href=\"https:\/\/statusinvest.com.br\/acoes\/mlas3\">Multilaser<\/a>, e multinacionais, como TCL?<\/h4>\n<p>A chegada de novos concorrentes n\u00e3o nos surpreende, mas n\u00e3o vamos abrir m\u00e3o do protagonismo. Seguiremos com o objetivo de oferecer produtos inovadores, mas que tamb\u00e9m s\u00e3o sustent\u00e1veis. As caixas dos televisores s\u00e3o ecol\u00f3gicas e nosso controle remoto dispensa o uso de pilhas.<\/p>\n<h4>O segundo semestre \u00e9 marcado pela <a href=\"https:\/\/www.suno.com.br\/noticias\/tags\/black-friday\/\">Black Friday<\/a> e pelo Natal. Qual \u00e9 a expectativa para este ano?<\/h4>\n<p>A locomotiva de crescimento para o segundo semestre ser\u00e3o as <strong>telas grandes e as TVs premium<\/strong>, que esperamos um aumento de vendas de 46% e 93% em receita, respectivamente.<\/p>\n<h4>A retra\u00e7\u00e3o das vendas no varejo em 2022 afetou o com\u00e9rcio de televisores?<\/h4>\n<p>As vendas ainda est\u00e3o em patamar inferior ao per\u00edodo pr\u00e9-covid, mas j\u00e1 observamos uma melhora neste semestre. O consumidor est\u00e1 menos confiante, mas entende quando h\u00e1 uma boa oferta. Por isso, buscamos eliminar barreiras de compra.<\/p>\n<h4>Como o cen\u00e1rio macroecon\u00f4mico, de alta de juros e infla\u00e7\u00e3o, afeta a demanda por TVs no Brasil?<\/h4>\n<p>Esse momento desafiador \u00e9 global e afeta outros segmentos. Estudamos os segmentos afetados e<strong> trabalhamos junto aos varejistas<\/strong> para resolver isso. Confiamos muito no nosso portf\u00f3lio. Vamos trabalhar fortemente em comunica\u00e7\u00e3o e com o varejo. Acredito que o Brasil vencer\u00e1 nos campos e tamb\u00e9m nas vendas de TVs.<\/p>\n<h4>A m\u00e9dio e <a class=\"suno-keyword\" href=\"https:\/\/www.suno.com.br\/artigos\/longo-prazo\/\" target=\"_blank\" rel=\"noopener\" data-force=\"no\" data-priority=\"1\">longo prazo<\/a>, qual \u00e9 o plano para n\u00e3o perder a lideran\u00e7a de vendas de TVs no Pa\u00eds?<\/h4>\n<p>Somos l\u00edderes globais h\u00e1 16 anos consecutivos no mercado de TVs. Nenhuma fabricante chega a essa marca sem oferecer os melhores produtos e servi\u00e7os. <strong>Temos TVs para p\u00fablico jovem e de estilo de vida<\/strong>, al\u00e9m de produtos tecnol\u00f3gicos. Buscamos ter sempre a melhor oferta no momento e lugar certo para o consumidor.<\/p>\n<h4>O mercado corporativo \u00e9 relevante nas vendas de televisores no Brasil?<\/h4>\n<p>As vendas do varejo s\u00e3o em maior volume, mas temos uma quantia relevante de vendas para grandes e pequenas empresas. Cada vez mais, as telas servir\u00e3o como principal equipamento para exibir informa\u00e7\u00f5es em todos os tipos de ambiente, desde salas de aula at\u00e9 grandes pavilh\u00f5es de eventos.<\/p>\n<h4>Segundo a CNI, a ind\u00fastria teve retra\u00e7\u00e3o de 3,7% no primeiro semestre. A Samsung vai continuar a produzir televisores localmente?<\/h4>\n<p>Estamos no Pa\u00eds h\u00e1 35 anos.<strong> O Brasil \u00e9 um mercado priorit\u00e1rio<\/strong> e relevante na opera\u00e7\u00e3o global.<\/p>\n<p>Em grande parte, isso veio de ter uma f\u00e1brica local, o que mostra o compromisso com o mercado e nos d\u00e1 chances de aprender com os gostos dos brasileiros.<\/p>\n<p>N\u00e3o s\u00f3 temos inten\u00e7\u00e3o de manter a f\u00e1brica, como trabalhamos todos os anos para moderniz\u00e1-la. Todos os produtos avan\u00e7ados s\u00e3o fabricados no Brasil, como a Neo Qled 8K. Ter a f\u00e1brica \u00e9 uma condi\u00e7\u00e3o estrat\u00e9gica para a opera\u00e7\u00e3o. Acreditamos no mercado brasileiro.<\/p>\n<p>As informa\u00e7\u00f5es da entrevista sobre o mercado de televis\u00f5es e a Copa do Mundo s\u00e3o do jornal O Estado de S. Paulo.<\/p>\n","protected":false},"excerpt":{"rendered":"<p>A Copa do Mundo deve ser um catalisador de consumo de TVs e outros eletroeletr\u00f4nicos e, com uma concorr\u00eancia maior no varejo, a Samsung quer &#8216;persuadir ainda mais o consumidor&#8217;. TIM fez melhorias na rede para Copa do Mundo 2022. Foto: Unsplash &#8220;Queremos que o consumidor chegue \u00e0 loja sabendo qual TV comprar&#8221;, disse ao [&hellip;]<\/p>\n","protected":false},"author":73,"featured_media":301437,"comment_status":"closed","ping_status":"closed","sticky":false,"template":"","format":"standard","meta":[],"categories":[60],"tags":[106444,106936,944,803],"suno_strategy":[],"class_list":["post-301400","post","type-post","status-publish","format-standard","has-post-thumbnail","hentry","category-mercado","tag-agencias","tag-copa-do-mundo-2022","tag-samsung","tag-varejo"],"yoast_head":"<!-- This site is optimized with the Yoast SEO plugin v24.4 - https:\/\/yoast.com\/wordpress\/plugins\/seo\/ -->\n<title>&#039;Para ver a Copa do Mundo, brasileiro vai querer TV de 65 polegadas&#039;<\/title>\n<meta name=\"description\" content=\"Em fala recente, executivo da Samsung projetou aumento de demanda por TVs por conta da Copa do Mundo. Clique e confira!\" \/>\n<meta name=\"robots\" content=\"index, follow, max-snippet:-1, max-image-preview:large, max-video-preview:-1\" \/>\n<link rel=\"canonical\" href=\"https:\/\/www.suno.com.br\/noticias\/copa-do-mundo-2022-tv-brasileiro-samsung\/\" \/>\n<meta property=\"og:locale\" content=\"pt_BR\" \/>\n<meta property=\"og:type\" content=\"article\" \/>\n<meta property=\"og:title\" content=\"&#039;Para ver a Copa do Mundo, brasileiro vai querer TV de 65 polegadas&#039;\" \/>\n<meta property=\"og:description\" content=\"Em fala recente, executivo da Samsung projetou aumento de demanda por TVs por conta da Copa do Mundo. Clique e confira!\" \/>\n<meta property=\"og:url\" content=\"https:\/\/www.suno.com.br\/noticias\/copa-do-mundo-2022-tv-brasileiro-samsung\/\" \/>\n<meta property=\"og:site_name\" content=\"Suno Not\u00edcias\" \/>\n<meta property=\"article:publisher\" content=\"https:\/\/facebook.com\/sunoresearch\" \/>\n<meta property=\"og:image\" content=\"https:\/\/files.sunoresearch.com.br\/n\/uploads\/2022\/09\/copa-do-mundo-unsplash.jpg\" \/>\n\t<meta property=\"og:image:width\" content=\"1203\" \/>\n\t<meta property=\"og:image:height\" content=\"675\" \/>\n\t<meta property=\"og:image:type\" content=\"image\/jpeg\" \/>\n<meta name=\"author\" content=\"Eduardo Vargas\" \/>\n<meta name=\"twitter:card\" content=\"summary_large_image\" \/>\n<meta name=\"twitter:creator\" content=\"@sunoresearch\" \/>\n<meta name=\"twitter:site\" content=\"@sunoresearch\" \/>\n<meta name=\"twitter:label1\" content=\"Escrito por\" \/>\n\t<meta name=\"twitter:data1\" content=\"Eduardo Vargas\" \/>\n\t<meta name=\"twitter:label2\" content=\"Est. tempo de leitura\" \/>\n\t<meta name=\"twitter:data2\" content=\"5 minutos\" \/>\n<script type=\"application\/ld+json\" class=\"yoast-schema-graph\">{\"@context\":\"https:\/\/schema.org\",\"@graph\":[{\"@type\":\"NewsArticle\",\"@id\":\"https:\/\/www.suno.com.br\/noticias\/copa-do-mundo-2022-tv-brasileiro-samsung\/#article\",\"isPartOf\":{\"@id\":\"https:\/\/www.suno.com.br\/noticias\/copa-do-mundo-2022-tv-brasileiro-samsung\/\"},\"author\":{\"name\":\"Eduardo Vargas\",\"@id\":\"https:\/\/www.suno.com.br\/noticias\/#\/schema\/person\/7f4d362bf3518e76090143ae77bb49a5\"},\"headline\":\"&#8216;Para ver a Copa do Mundo, brasileiro vai querer TV de 65 polegadas&#8217;, diz executivo da Samsung\",\"datePublished\":\"2022-09-24T14:33:13+00:00\",\"dateModified\":\"2022-09-24T14:33:37+00:00\",\"mainEntityOfPage\":{\"@id\":\"https:\/\/www.suno.com.br\/noticias\/copa-do-mundo-2022-tv-brasileiro-samsung\/\"},\"wordCount\":886,\"publisher\":{\"@id\":\"https:\/\/www.suno.com.br\/noticias\/#organization\"},\"image\":{\"@id\":\"https:\/\/www.suno.com.br\/noticias\/copa-do-mundo-2022-tv-brasileiro-samsung\/#primaryimage\"},\"thumbnailUrl\":\"https:\/\/files.sunoresearch.com.br\/n\/uploads\/2022\/09\/copa-do-mundo-unsplash.jpg\",\"keywords\":[\"Ag\u00eancias\",\"Copa do Mundo 2022\",\"Samsung\",\"varejo\"],\"articleSection\":[\"Mercado\"],\"inLanguage\":\"pt-BR\"},{\"@type\":\"WebPage\",\"@id\":\"https:\/\/www.suno.com.br\/noticias\/copa-do-mundo-2022-tv-brasileiro-samsung\/\",\"url\":\"https:\/\/www.suno.com.br\/noticias\/copa-do-mundo-2022-tv-brasileiro-samsung\/\",\"name\":\"'Para ver a Copa do Mundo, brasileiro vai querer TV de 65 polegadas'\",\"isPartOf\":{\"@id\":\"https:\/\/www.suno.com.br\/noticias\/#website\"},\"primaryImageOfPage\":{\"@id\":\"https:\/\/www.suno.com.br\/noticias\/copa-do-mundo-2022-tv-brasileiro-samsung\/#primaryimage\"},\"image\":{\"@id\":\"https:\/\/www.suno.com.br\/noticias\/copa-do-mundo-2022-tv-brasileiro-samsung\/#primaryimage\"},\"thumbnailUrl\":\"https:\/\/files.sunoresearch.com.br\/n\/uploads\/2022\/09\/copa-do-mundo-unsplash.jpg\",\"datePublished\":\"2022-09-24T14:33:13+00:00\",\"dateModified\":\"2022-09-24T14:33:37+00:00\",\"description\":\"Em fala recente, executivo da Samsung projetou aumento de demanda por TVs por conta da Copa do Mundo. Clique e confira!\",\"breadcrumb\":{\"@id\":\"https:\/\/www.suno.com.br\/noticias\/copa-do-mundo-2022-tv-brasileiro-samsung\/#breadcrumb\"},\"inLanguage\":\"pt-BR\",\"potentialAction\":[{\"@type\":\"ReadAction\",\"target\":[\"https:\/\/www.suno.com.br\/noticias\/copa-do-mundo-2022-tv-brasileiro-samsung\/\"]}]},{\"@type\":\"ImageObject\",\"inLanguage\":\"pt-BR\",\"@id\":\"https:\/\/www.suno.com.br\/noticias\/copa-do-mundo-2022-tv-brasileiro-samsung\/#primaryimage\",\"url\":\"https:\/\/files.sunoresearch.com.br\/n\/uploads\/2022\/09\/copa-do-mundo-unsplash.jpg\",\"contentUrl\":\"https:\/\/files.sunoresearch.com.br\/n\/uploads\/2022\/09\/copa-do-mundo-unsplash.jpg\",\"width\":1203,\"height\":675,\"caption\":\"TIM fez melhorias na rede para Copa do Mundo 2022. Foto: Unsplash\"},{\"@type\":\"BreadcrumbList\",\"@id\":\"https:\/\/www.suno.com.br\/noticias\/copa-do-mundo-2022-tv-brasileiro-samsung\/#breadcrumb\",\"itemListElement\":[{\"@type\":\"ListItem\",\"position\":1,\"name\":\"Not\u00edcias\",\"item\":\"https:\/\/www.suno.com.br\/noticias\/\"},{\"@type\":\"ListItem\",\"position\":2,\"name\":\"Mercado\",\"item\":\"https:\/\/www.suno.com.br\/noticias\/mercado\/\"},{\"@type\":\"ListItem\",\"position\":3,\"name\":\"&#8216;Para ver a Copa do Mundo, brasileiro vai querer TV de 65 polegadas&#8217;, diz executivo da Samsung\"}]},{\"@type\":\"WebSite\",\"@id\":\"https:\/\/www.suno.com.br\/noticias\/#website\",\"url\":\"https:\/\/www.suno.com.br\/noticias\/\",\"name\":\"Suno Not\u00edcias\",\"description\":\"Seu portal de informa\u00e7\u00e3o sobre o mundo dos investimentos\",\"publisher\":{\"@id\":\"https:\/\/www.suno.com.br\/noticias\/#organization\"},\"potentialAction\":[{\"@type\":\"SearchAction\",\"target\":{\"@type\":\"EntryPoint\",\"urlTemplate\":\"https:\/\/www.suno.com.br\/noticias\/?s={search_term_string}\"},\"query-input\":{\"@type\":\"PropertyValueSpecification\",\"valueRequired\":true,\"valueName\":\"search_term_string\"}}],\"inLanguage\":\"pt-BR\"},{\"@type\":\"Organization\",\"@id\":\"https:\/\/www.suno.com.br\/noticias\/#organization\",\"name\":\"Suno Not\u00edcias\",\"url\":\"https:\/\/www.suno.com.br\/noticias\/\",\"logo\":{\"@type\":\"ImageObject\",\"inLanguage\":\"pt-BR\",\"@id\":\"https:\/\/www.suno.com.br\/noticias\/#\/schema\/logo\/image\/\",\"url\":\"https:\/\/files.sunoresearch.com.br\/n\/uploads\/2021\/09\/suno-logo.png\",\"contentUrl\":\"https:\/\/files.sunoresearch.com.br\/n\/uploads\/2021\/09\/suno-logo.png\",\"width\":180,\"height\":180,\"caption\":\"Suno Not\u00edcias\"},\"image\":{\"@id\":\"https:\/\/www.suno.com.br\/noticias\/#\/schema\/logo\/image\/\"},\"sameAs\":[\"https:\/\/facebook.com\/sunoresearch\",\"https:\/\/x.com\/sunoresearch\",\"https:\/\/www.instagram.com\/suno\",\"https:\/\/www.linkedin.com\/company\/suno-research\/\",\"https:\/\/www.youtube.com\/c\/sunoresearch\"]},{\"@type\":\"Person\",\"@id\":\"https:\/\/www.suno.com.br\/noticias\/#\/schema\/person\/7f4d362bf3518e76090143ae77bb49a5\",\"name\":\"Eduardo Vargas\",\"image\":{\"@type\":\"ImageObject\",\"inLanguage\":\"pt-BR\",\"@id\":\"https:\/\/www.suno.com.br\/noticias\/#\/schema\/person\/image\/\",\"url\":\"https:\/\/secure.gravatar.com\/avatar\/dac340933427a22924c9f99d1eb2e3f2?s=96&r=g\",\"contentUrl\":\"https:\/\/secure.gravatar.com\/avatar\/dac340933427a22924c9f99d1eb2e3f2?s=96&r=g\",\"caption\":\"Eduardo Vargas\"},\"description\":\"Jornalista formado pela UFSC, cobre macroeconomia, neg\u00f3cios e startups para o Suno Not\u00edcias, escrevendo principalmente not\u00edcias sobre o mercado financeiro e a bolsa de valores. No YouTube e no Instagram, \u00e9 respons\u00e1vel pela produ\u00e7\u00e3o de Reels e Shorts do Suno Not\u00edcias. Anteriormente, trabalhou cobrindo economia e cotidiano no ND+ e para o ND, maior jornal impresso de Santa Catarina. Cursou um semestre letivo de Estudos de M\u00eddia na Universidad de Buenos Aires.\",\"url\":\"https:\/\/www.suno.com.br\/noticias\/author\/eduardo-vargas\/\"}]}<\/script>\n<!-- \/ Yoast SEO plugin. -->","yoast_head_json":{"title":"'Para ver a Copa do Mundo, brasileiro vai querer TV de 65 polegadas'","description":"Em fala recente, executivo da Samsung projetou aumento de demanda por TVs por conta da Copa do Mundo. Clique e confira!","robots":{"index":"index","follow":"follow","max-snippet":"max-snippet:-1","max-image-preview":"max-image-preview:large","max-video-preview":"max-video-preview:-1"},"canonical":"https:\/\/www.suno.com.br\/noticias\/copa-do-mundo-2022-tv-brasileiro-samsung\/","og_locale":"pt_BR","og_type":"article","og_title":"'Para ver a Copa do Mundo, brasileiro vai querer TV de 65 polegadas'","og_description":"Em fala recente, executivo da Samsung projetou aumento de demanda por TVs por conta da Copa do Mundo. Clique e confira!","og_url":"https:\/\/www.suno.com.br\/noticias\/copa-do-mundo-2022-tv-brasileiro-samsung\/","og_site_name":"Suno Not\u00edcias","article_publisher":"https:\/\/facebook.com\/sunoresearch","og_image":[{"width":1203,"height":675,"url":"https:\/\/files.sunoresearch.com.br\/n\/uploads\/2022\/09\/copa-do-mundo-unsplash.jpg","type":"image\/jpeg"}],"author":"Eduardo Vargas","twitter_card":"summary_large_image","twitter_creator":"@sunoresearch","twitter_site":"@sunoresearch","twitter_misc":{"Escrito por":"Eduardo Vargas","Est. tempo de leitura":"5 minutos"},"schema":{"@context":"https:\/\/schema.org","@graph":[{"@type":"NewsArticle","@id":"https:\/\/www.suno.com.br\/noticias\/copa-do-mundo-2022-tv-brasileiro-samsung\/#article","isPartOf":{"@id":"https:\/\/www.suno.com.br\/noticias\/copa-do-mundo-2022-tv-brasileiro-samsung\/"},"author":{"name":"Eduardo Vargas","@id":"https:\/\/www.suno.com.br\/noticias\/#\/schema\/person\/7f4d362bf3518e76090143ae77bb49a5"},"headline":"&#8216;Para ver a Copa do Mundo, brasileiro vai querer TV de 65 polegadas&#8217;, diz executivo da Samsung","datePublished":"2022-09-24T14:33:13+00:00","dateModified":"2022-09-24T14:33:37+00:00","mainEntityOfPage":{"@id":"https:\/\/www.suno.com.br\/noticias\/copa-do-mundo-2022-tv-brasileiro-samsung\/"},"wordCount":886,"publisher":{"@id":"https:\/\/www.suno.com.br\/noticias\/#organization"},"image":{"@id":"https:\/\/www.suno.com.br\/noticias\/copa-do-mundo-2022-tv-brasileiro-samsung\/#primaryimage"},"thumbnailUrl":"https:\/\/files.sunoresearch.com.br\/n\/uploads\/2022\/09\/copa-do-mundo-unsplash.jpg","keywords":["Ag\u00eancias","Copa do Mundo 2022","Samsung","varejo"],"articleSection":["Mercado"],"inLanguage":"pt-BR"},{"@type":"WebPage","@id":"https:\/\/www.suno.com.br\/noticias\/copa-do-mundo-2022-tv-brasileiro-samsung\/","url":"https:\/\/www.suno.com.br\/noticias\/copa-do-mundo-2022-tv-brasileiro-samsung\/","name":"'Para ver a Copa do Mundo, brasileiro vai querer TV de 65 polegadas'","isPartOf":{"@id":"https:\/\/www.suno.com.br\/noticias\/#website"},"primaryImageOfPage":{"@id":"https:\/\/www.suno.com.br\/noticias\/copa-do-mundo-2022-tv-brasileiro-samsung\/#primaryimage"},"image":{"@id":"https:\/\/www.suno.com.br\/noticias\/copa-do-mundo-2022-tv-brasileiro-samsung\/#primaryimage"},"thumbnailUrl":"https:\/\/files.sunoresearch.com.br\/n\/uploads\/2022\/09\/copa-do-mundo-unsplash.jpg","datePublished":"2022-09-24T14:33:13+00:00","dateModified":"2022-09-24T14:33:37+00:00","description":"Em fala recente, executivo da Samsung projetou aumento de demanda por TVs por conta da Copa do Mundo. Clique e confira!","breadcrumb":{"@id":"https:\/\/www.suno.com.br\/noticias\/copa-do-mundo-2022-tv-brasileiro-samsung\/#breadcrumb"},"inLanguage":"pt-BR","potentialAction":[{"@type":"ReadAction","target":["https:\/\/www.suno.com.br\/noticias\/copa-do-mundo-2022-tv-brasileiro-samsung\/"]}]},{"@type":"ImageObject","inLanguage":"pt-BR","@id":"https:\/\/www.suno.com.br\/noticias\/copa-do-mundo-2022-tv-brasileiro-samsung\/#primaryimage","url":"https:\/\/files.sunoresearch.com.br\/n\/uploads\/2022\/09\/copa-do-mundo-unsplash.jpg","contentUrl":"https:\/\/files.sunoresearch.com.br\/n\/uploads\/2022\/09\/copa-do-mundo-unsplash.jpg","width":1203,"height":675,"caption":"TIM fez melhorias na rede para Copa do Mundo 2022. Foto: Unsplash"},{"@type":"BreadcrumbList","@id":"https:\/\/www.suno.com.br\/noticias\/copa-do-mundo-2022-tv-brasileiro-samsung\/#breadcrumb","itemListElement":[{"@type":"ListItem","position":1,"name":"Not\u00edcias","item":"https:\/\/www.suno.com.br\/noticias\/"},{"@type":"ListItem","position":2,"name":"Mercado","item":"https:\/\/www.suno.com.br\/noticias\/mercado\/"},{"@type":"ListItem","position":3,"name":"&#8216;Para ver a Copa do Mundo, brasileiro vai querer TV de 65 polegadas&#8217;, diz executivo da Samsung"}]},{"@type":"WebSite","@id":"https:\/\/www.suno.com.br\/noticias\/#website","url":"https:\/\/www.suno.com.br\/noticias\/","name":"Suno Not\u00edcias","description":"Seu portal de informa\u00e7\u00e3o sobre o mundo dos investimentos","publisher":{"@id":"https:\/\/www.suno.com.br\/noticias\/#organization"},"potentialAction":[{"@type":"SearchAction","target":{"@type":"EntryPoint","urlTemplate":"https:\/\/www.suno.com.br\/noticias\/?s={search_term_string}"},"query-input":{"@type":"PropertyValueSpecification","valueRequired":true,"valueName":"search_term_string"}}],"inLanguage":"pt-BR"},{"@type":"Organization","@id":"https:\/\/www.suno.com.br\/noticias\/#organization","name":"Suno Not\u00edcias","url":"https:\/\/www.suno.com.br\/noticias\/","logo":{"@type":"ImageObject","inLanguage":"pt-BR","@id":"https:\/\/www.suno.com.br\/noticias\/#\/schema\/logo\/image\/","url":"https:\/\/files.sunoresearch.com.br\/n\/uploads\/2021\/09\/suno-logo.png","contentUrl":"https:\/\/files.sunoresearch.com.br\/n\/uploads\/2021\/09\/suno-logo.png","width":180,"height":180,"caption":"Suno Not\u00edcias"},"image":{"@id":"https:\/\/www.suno.com.br\/noticias\/#\/schema\/logo\/image\/"},"sameAs":["https:\/\/facebook.com\/sunoresearch","https:\/\/x.com\/sunoresearch","https:\/\/www.instagram.com\/suno","https:\/\/www.linkedin.com\/company\/suno-research\/","https:\/\/www.youtube.com\/c\/sunoresearch"]},{"@type":"Person","@id":"https:\/\/www.suno.com.br\/noticias\/#\/schema\/person\/7f4d362bf3518e76090143ae77bb49a5","name":"Eduardo Vargas","image":{"@type":"ImageObject","inLanguage":"pt-BR","@id":"https:\/\/www.suno.com.br\/noticias\/#\/schema\/person\/image\/","url":"https:\/\/secure.gravatar.com\/avatar\/dac340933427a22924c9f99d1eb2e3f2?s=96&r=g","contentUrl":"https:\/\/secure.gravatar.com\/avatar\/dac340933427a22924c9f99d1eb2e3f2?s=96&r=g","caption":"Eduardo Vargas"},"description":"Jornalista formado pela UFSC, cobre macroeconomia, neg\u00f3cios e startups para o Suno Not\u00edcias, escrevendo principalmente not\u00edcias sobre o mercado financeiro e a bolsa de valores. No YouTube e no Instagram, \u00e9 respons\u00e1vel pela produ\u00e7\u00e3o de Reels e Shorts do Suno Not\u00edcias. Anteriormente, trabalhou cobrindo economia e cotidiano no ND+ e para o ND, maior jornal impresso de Santa Catarina. Cursou um semestre letivo de Estudos de M\u00eddia na Universidad de Buenos Aires.","url":"https:\/\/www.suno.com.br\/noticias\/author\/eduardo-vargas\/"}]}},"default_loop_html":"<div class=\"cardsPage__listCard__boxs\"><div class=\"cardsPage__listCard__boxs__img\"><a href=\"https:\/\/www.suno.com.br\/noticias\/copa-do-mundo-2022-tv-brasileiro-samsung\/\"><img class=\"mask\" src=\"https:\/\/www.suno.com.br\/noticias\/wp-content\/themes\/suno\/resources\/images\/spotlight\/spotlight1img\/bg-mask.png\" alt=\"Image Mask\"\/><img src=\"https:\/\/files.sunoresearch.com.br\/n\/uploads\/2022\/09\/copa-do-mundo-unsplash-400x200.jpg\" alt=\"&#8216;Para ver a Copa do Mundo, brasileiro vai querer TV de 65 polegadas&#8217;, diz executivo da Samsung\"\/><\/a><span class=\"spotlightCategory\"><a href=\"https:\/\/www.suno.com.br\/noticias\/mercado\/\">Mercado<\/a><\/span><\/div><div class=\"cardsPage__listCard__boxs__content\"><a href=\"https:\/\/www.suno.com.br\/noticias\/copa-do-mundo-2022-tv-brasileiro-samsung\/\"><h2 class=\"content__title\">&#8216;Para ver a Copa do Mundo, brasileiro vai querer TV de 65 polegadas&#8217;, diz executivo da Samsung<\/h2><\/a><div class=\"newsContent__article__meta\"><div class=\"newsContent__article__meta__authorBox\"><a href=\"https:\/\/www.suno.com.br\/noticias\/author\/eduardo-vargas\/\" class=\"authorBox__avatar noMobi\"><img src=\"https:\/\/secure.gravatar.com\/avatar\/dac340933427a22924c9f99d1eb2e3f2?s=96&#038;r=g\" alt=\"Eduardo Vargas\"><\/a><div class=\"authorBox__name\"><span>por\n\t\t\t<a href=\"https:\/\/www.suno.com.br\/noticias\/author\/eduardo-vargas\/\"><span itemprop=\"author\">Eduardo Vargas<\/span><\/a><\/span><time datetime=\"2022-09-24T11:33:13-03:00\" itemprop=\"datePublished\">24\/09\/2022 11:33<\/time><\/div><\/div><\/div><\/div><\/div>","single_layout":"posts","amp_enabled":true,"_links":{"self":[{"href":"https:\/\/www.suno.com.br\/noticias\/wp-json\/wp\/v2\/posts\/301400"}],"collection":[{"href":"https:\/\/www.suno.com.br\/noticias\/wp-json\/wp\/v2\/posts"}],"about":[{"href":"https:\/\/www.suno.com.br\/noticias\/wp-json\/wp\/v2\/types\/post"}],"author":[{"embeddable":true,"href":"https:\/\/www.suno.com.br\/noticias\/wp-json\/wp\/v2\/users\/73"}],"replies":[{"embeddable":true,"href":"https:\/\/www.suno.com.br\/noticias\/wp-json\/wp\/v2\/comments?post=301400"}],"version-history":[{"count":3,"href":"https:\/\/www.suno.com.br\/noticias\/wp-json\/wp\/v2\/posts\/301400\/revisions"}],"predecessor-version":[{"id":301443,"href":"https:\/\/www.suno.com.br\/noticias\/wp-json\/wp\/v2\/posts\/301400\/revisions\/301443"}],"wp:featuredmedia":[{"embeddable":true,"href":"https:\/\/www.suno.com.br\/noticias\/wp-json\/wp\/v2\/media\/301437"}],"wp:attachment":[{"href":"https:\/\/www.suno.com.br\/noticias\/wp-json\/wp\/v2\/media?parent=301400"}],"wp:term":[{"taxonomy":"category","embeddable":true,"href":"https:\/\/www.suno.com.br\/noticias\/wp-json\/wp\/v2\/categories?post=301400"},{"taxonomy":"post_tag","embeddable":true,"href":"https:\/\/www.suno.com.br\/noticias\/wp-json\/wp\/v2\/tags?post=301400"},{"taxonomy":"suno_strategy","embeddable":true,"href":"https:\/\/www.suno.com.br\/noticias\/wp-json\/wp\/v2\/suno_strategy?post=301400"}],"curies":[{"name":"wp","href":"https:\/\/api.w.org\/{rel}","templated":true}]}}