{"id":30129,"date":"2019-07-04T18:03:48","date_gmt":"2019-07-04T21:03:48","guid":{"rendered":"https:\/\/www.suno.com.br\/noticias\/?p=30129"},"modified":"2019-07-04T18:04:55","modified_gmt":"2019-07-04T21:04:55","slug":"ibovespa-fechamento-04072019","status":"publish","type":"post","link":"https:\/\/www.suno.com.br\/noticias\/ibovespa-fechamento-04072019\/","title":{"rendered":"Ibovespa chega a 103 mil pontos com aprova\u00e7\u00e3o da Previd\u00eancia"},"content":{"rendered":"<p>A aprova\u00e7\u00e3o da <strong>reforma da Previd\u00eancia<\/strong> na comiss\u00e3o especial da C\u00e2mara aumentou a confian\u00e7a dos investidores, e fez o Ibovespa tocar os 103 mil pontos nesta quinta-feira (4). O \u00edndice acion\u00e1rio subiu\u00a01,56% a\u00a0103.636,17 pontos.<\/p>\t<div class=\"wrapper-featured-image\">\n\t\t<figure class=\"spotlightImg\">\n\n\t\t\t<picture>\n\t\t\t\t<source media=\"(max-width: 768px)\" srcset=\"https:\/\/files.sunoresearch.com.br\/n\/uploads\/2018\/12\/ac258f73-ibovespa-400x200.webp\">\n\t\t\t\t<img loading=\"lazy\" decoding=\"async\" class=\"newsContent__article__imgCapa lazyloadDisabled newsContent__article__imgCapa--noCaption\" src=\"https:\/\/files.sunoresearch.com.br\/n\/uploads\/2018\/12\/ac258f73-ibovespa-800x450.webp\" width=\"800\" height=\"450\" alt=\"Ibovespa chega a 103 mil pontos com aprova\u00e7\u00e3o da Previd\u00eancia\" fetchpriority=high \/>\n\t\t\t<\/picture>\n\n\t\t\t<figcaption class=\"wp-caption-text wp-caption-text--hide\">Ibovespa fecha em queda de 0,56%, a 80.742,35 pontos<\/figcaption>\n\t\t<\/figure>\n\t<\/div>\n\n\n<p>Dentre as empresas do <strong>Ibovespa<\/strong>, o setor a\u00e9reo recebeu destaque ap\u00f3s a divulga\u00e7\u00e3o dos dados de <strong>tr\u00e1fego a\u00e9reo<\/strong> mundial. A Am\u00e9rica Latina foi a regi\u00e3o l\u00edder de crescimento de circula\u00e7\u00e3o de aeronaves.<\/p>\n<p>A pontua\u00e7\u00e3o m\u00ednima do <strong>Ibovespa<\/strong> foi de\u00a0102.046,55 e a m\u00e1xima de\u00a0104.021,60 pontos.<\/p>\n\t<p>\n\t\t<a href=\"https:\/\/lp.suno.com.br\/asset\/fundos\/suno-fic-fia\/\" target=\"_blank\" data-element=\"shortcode-suno-banner\" title=\"Banner SUNO, clique e saiba mais\">\n\t\t\t<picture>\n\t\t\t\t<source media=\"(max-width: 500px)\" srcset=\"https:\/\/files.sunoresearch.com.br\/n\/uploads\/2023\/10\/SUNO-FIC-FIA-400x300-Mobile-Artigos-5-v3.png\">\n\t\t\t\t<img class=\"newsContent__article__imgCapa newsContent__article__imgCapa--banner\"\n\t\t\t\t\tsrc=\"https:\/\/files.sunoresearch.com.br\/n\/uploads\/2023\/10\/SUNO-FIC-FIA-1420x240-Banner-Artigos-1-_-Banner-Materias-4-v3-png.webp\"\n\t\t\t\t\tdata-promo-id=\"478744\"\t\t\t\t\t\t\t\t\t\twidth='2560' height='433'\t\t\t\t\talt=\"https:\/\/files.sunoresearch.com.br\/n\/uploads\/2023\/10\/SUNO-FIC-FIA-1420x240-Banner-Artigos-1-_-Banner-Materias-4-v3-png.webp\"\n\t\t\t\t>\n\t\t\t<\/picture>\n\t\t<\/a>\n\t<\/p>\n\n\n<h2>Comiss\u00e3o especial da C\u00e2mara aprova reforma da Previd\u00eancia<\/h2>\n<p>A <strong>comiss\u00e3o especial<\/strong> da C\u00e2mara dos Deputados aprovou por 36 votos a favor e 13 contra a reforma da Previd\u00eancia. A Proposta de Emenda Constitucional (PEC) foi apresentada no relat\u00f3rio do deputado Samuel Moreira (PSDB-SP).<\/p>\n<p>O relat\u00f3rio da <strong>reforma da Previd\u00eancia<\/strong> mant\u00e9m parte das proposta do texto original. Entre eles, a idade m\u00ednima de 65 anos para os homens e 62 para as mulheres Entretanto, foram inclu\u00eddas v\u00e1rias mudan\u00e7as em rela\u00e7\u00e3o a proposta original encaminhada pelo governo.<\/p>\n<p>A mais relevante delas, at\u00e9 sob um perfil das contas p\u00fablicas, \u00e9 a exclus\u00e3o de <strong>estados e munic\u00edpios<\/strong> das novas regras sobre as\u00a0aposentadorias. Algumas categorias, como os professores, tamb\u00e9m tiveram regras mais brandas.<\/p>\n<p>E foi previsto um aumento da tributa\u00e7\u00e3o da <a href=\"https:\/\/www.suno.com.br\/artigos\/csll\/\">Contribui\u00e7\u00e3o Social Sobre Lucro L\u00edquido<\/a> (CSLL)\u00a0somente sobre os bancos. Excluiu-se a <a href=\"https:\/\/www.suno.com.br\/artigos\/b3\/\">B3<\/a> (Brasil, Bolsa, Balc\u00e3o) da alta da al\u00edquota.<\/p>\n<p>Ap\u00f3s a aprova\u00e7\u00e3o do texto, iniciou-se a <strong>vota\u00e7\u00e3o<\/strong> dos destaques, ou seja,\u00a0as 140 altera\u00e7\u00f5es propostas.<\/p>\n<p><a href=\"https:\/\/www.suno.com.br\/noticias\/comissao-especial-aprova-reforma-previdencia\/\">Saiba mais &#8211; Comiss\u00e3o especial da C\u00e2mara aprova reforma da Previd\u00eancia<\/a><\/p>\n<h2>Argentina e Brasil est\u00e3o negociando livre-com\u00e9rcio com EUA<\/h2>\n<p>O presidente da<strong> Argentina<\/strong>, Mauricio Macri anunciou estar juntamente com o presidente do <strong>Brasil<\/strong> Jair Bolsonaro (PSL) negociando um acordo de livre-com\u00e9rcio com os <strong>Estados Unidos<\/strong>. O an\u00fancio foi feito durante um evento de pequenas empresas.<\/p>\n<p><a href=\"https:\/\/www.suno.com.br\/noticias\/macri-brasil-eua-comercio-livre\/\">Saiba mais &#8211;\u00a0Macri afirma estar conversando com Brasil sobre com\u00e9rcio livre com os EUA<\/a><\/p>\n<h2>Am\u00e9rica Latina lidera alta do tr\u00e1fego a\u00e9reo e companhias a\u00e9reas sobem no Ibovespa<\/h2>\n<p>A Associa\u00e7\u00e3o Internacional de Transporte A\u00e9reo (Iata) informou nesta que o tr\u00e1fego a\u00e9reo mundial aumentou 4,5% em maio ao comparar com o mesmo m\u00eas do ano passado. AAm\u00e9rica Latina foi a regi\u00e3o que apresentou maior crescimento: 6,5%.<\/p>\n<p>Deste modo, beneficiaram-se dos dados da Iata as companhias a\u00e9reas <strong>Gol<\/strong> (GOLL4) e a <strong>Azul<\/strong> (AZUL4). Ambas foram destaques positivos do <strong>Ibovespa<\/strong> na sess\u00e3o desta data.<\/p>\n\t<p>\n\t\t<a href=\"https:\/\/lp.suno.com.br\/ebook-gratuito-investindo-no-exterior\/\" target=\"_blank\" data-element=\"shortcode-suno-banner\" title=\"Banner SUNO, clique e saiba mais\">\n\t\t\t<picture>\n\t\t\t\t<source media=\"(max-width: 500px)\" srcset=\"https:\/\/files.sunoresearch.com.br\/n\/uploads\/2023\/03\/400x300-Investindo-no-exterior.png\">\n\t\t\t\t<img class=\"newsContent__article__imgCapa newsContent__article__imgCapa--banner\"\n\t\t\t\t\tsrc=\"https:\/\/files.sunoresearch.com.br\/n\/uploads\/2023\/03\/1420x240-Investindo-no-exterior.png\"\n\t\t\t\t\tdata-promo-id=\"383161\"\t\t\t\t\t\t\t\t\t\twidth='1420' height='240'\t\t\t\t\talt=\"https:\/\/files.sunoresearch.com.br\/n\/uploads\/2023\/03\/1420x240-Investindo-no-exterior.png\"\n\t\t\t\t>\n\t\t\t<\/picture>\n\t\t<\/a>\n\t<\/p>\n\n\n<h2>Bolsas internacionais<\/h2>\n<ul>\n<li>Nasdaq (Estados Unidos): alta de 0,75%<\/li>\n<li>FTSE 100 (Reino Unido): queda de 0,08%<\/li>\n<li>Nikkei (Jap\u00e3o): alta de 0,30%<\/li>\n<li>CAC40 (Fran\u00e7a): alta de 0,03%<\/li>\n<\/ul>\n<h2>Maiores altas do Ibovespa<\/h2>\n<ul>\n<li>GOLL4 alta de 7,31% (R$ 38,03)<\/li>\n<li>BTOW3 alta\u00a0de 6,1% (R$ 34,28)<\/li>\n<li>AZUL4 alta\u00a0de 5,87% (R$ 46,75)<\/li>\n<li>VVAR3 alta\u00a0de 5,23% (R$ 6,24)<\/li>\n<li>ECOR3 alta\u00a0de 4,91% (R$ 10,90)<\/li>\n<\/ul>\n<h2>Maiores quedas do Ibovespa<\/h2>\n<ul>\n<li>CVCB3 queda de 1,11% (R$ 48,20)<\/li>\n<li>BRAP4 queda de 0,37% (R$ 32,43)<\/li>\n<li>IRBR3 queda de 0,21% (R$ 96,04)<\/li>\n<\/ul>\n","protected":false},"excerpt":{"rendered":"<p>A aprova\u00e7\u00e3o da reforma da Previd\u00eancia na comiss\u00e3o especial da C\u00e2mara aumentou a confian\u00e7a dos investidores, e fez o Ibovespa tocar os 103 mil pontos nesta quinta-feira (4). O \u00edndice acion\u00e1rio subiu\u00a01,56% a\u00a0103.636,17 pontos. Ibovespa fecha em queda de 0,56%, a 80.742,35 pontos Dentre as empresas do Ibovespa, o setor a\u00e9reo recebeu destaque ap\u00f3s a [&hellip;]<\/p>\n","protected":false},"author":12,"featured_media":9207,"comment_status":"closed","ping_status":"closed","sticky":false,"template":"","format":"standard","meta":[],"categories":[60],"tags":[286,699,106932,367,938,489,721,719,987,940],"suno_strategy":[],"class_list":["post-30129","post","type-post","status-publish","format-standard","has-post-thumbnail","hentry","category-mercado","tag-acoes","tag-argentina","tag-azul-azul4","tag-b3-b3sa3","tag-camara-dos-deputados","tag-gol-linhas-aereas-goll11-goll4","tag-ibovespa","tag-jair-bolsonaro","tag-mauricio-macri","tag-reforma-da-previdencia"],"yoast_head":"<!-- This site is optimized with the Yoast SEO plugin v24.4 - https:\/\/yoast.com\/wordpress\/plugins\/seo\/ -->\n<title>Ibovespa chega a 103 mil pontos com aprova\u00e7\u00e3o da Previd\u00eancia<\/title>\n<meta name=\"description\" content=\"O Ibovespa atingiu 103 mil pontos nesta quinta-feira (4) ap\u00f3s a aprova\u00e7\u00e3o da Previd\u00eancia na comiss\u00e3o especial. Clique para saber mais.\" \/>\n<meta name=\"robots\" content=\"index, follow, max-snippet:-1, max-image-preview:large, max-video-preview:-1\" \/>\n<link rel=\"canonical\" href=\"https:\/\/www.suno.com.br\/noticias\/ibovespa-fechamento-04072019\/\" \/>\n<meta property=\"og:locale\" content=\"pt_BR\" \/>\n<meta property=\"og:type\" content=\"article\" \/>\n<meta property=\"og:title\" content=\"Ibovespa chega a 103 mil pontos com aprova\u00e7\u00e3o da Previd\u00eancia\" \/>\n<meta property=\"og:description\" content=\"O Ibovespa atingiu 103 mil pontos nesta quinta-feira (4) ap\u00f3s a aprova\u00e7\u00e3o da Previd\u00eancia na comiss\u00e3o especial. Clique para saber mais.\" \/>\n<meta property=\"og:url\" content=\"https:\/\/www.suno.com.br\/noticias\/ibovespa-fechamento-04072019\/\" \/>\n<meta property=\"og:site_name\" content=\"Suno Not\u00edcias\" \/>\n<meta property=\"article:publisher\" content=\"https:\/\/facebook.com\/sunoresearch\" \/>\n<meta property=\"og:image\" content=\"https:\/\/files.sunoresearch.com.br\/n\/uploads\/2018\/12\/ac258f73-ibovespa.jpg\" \/>\n\t<meta property=\"og:image:width\" content=\"1024\" \/>\n\t<meta property=\"og:image:height\" content=\"575\" \/>\n\t<meta property=\"og:image:type\" content=\"image\/jpeg\" \/>\n<meta name=\"author\" content=\"Amanda Gushiken\" \/>\n<meta name=\"twitter:card\" content=\"summary_large_image\" \/>\n<meta name=\"twitter:creator\" content=\"@sunoresearch\" \/>\n<meta name=\"twitter:site\" content=\"@sunoresearch\" \/>\n<meta name=\"twitter:label1\" content=\"Escrito por\" \/>\n\t<meta name=\"twitter:data1\" content=\"Amanda Gushiken\" \/>\n\t<meta name=\"twitter:label2\" content=\"Est. tempo de leitura\" \/>\n\t<meta name=\"twitter:data2\" content=\"3 minutos\" \/>\n<script type=\"application\/ld+json\" class=\"yoast-schema-graph\">{\"@context\":\"https:\/\/schema.org\",\"@graph\":[{\"@type\":\"NewsArticle\",\"@id\":\"https:\/\/www.suno.com.br\/noticias\/ibovespa-fechamento-04072019\/#article\",\"isPartOf\":{\"@id\":\"https:\/\/www.suno.com.br\/noticias\/ibovespa-fechamento-04072019\/\"},\"author\":{\"name\":\"Amanda Gushiken\",\"@id\":\"https:\/\/www.suno.com.br\/noticias\/#\/schema\/person\/a5b06fa4e879d8e8e119c6ed3cd630d1\"},\"headline\":\"Ibovespa chega a 103 mil pontos com aprova\u00e7\u00e3o da Previd\u00eancia\",\"datePublished\":\"2019-07-04T21:03:48+00:00\",\"dateModified\":\"2019-07-04T21:04:55+00:00\",\"mainEntityOfPage\":{\"@id\":\"https:\/\/www.suno.com.br\/noticias\/ibovespa-fechamento-04072019\/\"},\"wordCount\":523,\"publisher\":{\"@id\":\"https:\/\/www.suno.com.br\/noticias\/#organization\"},\"image\":{\"@id\":\"https:\/\/www.suno.com.br\/noticias\/ibovespa-fechamento-04072019\/#primaryimage\"},\"thumbnailUrl\":\"https:\/\/files.sunoresearch.com.br\/n\/uploads\/2018\/12\/ac258f73-ibovespa-jpg.webp\",\"keywords\":[\"A\u00e7\u00f5es\",\"Argentina\",\"Azul (AZUL4)\",\"B3 (B3SA3)\",\"C\u00e2mara dos Deputados\",\"Gol Linhas A\u00e9reas (GOLL11\/GOLL4)\",\"Ibovespa\",\"Jair Bolsonaro\",\"Mauricio Macri\",\"Reforma da Previd\u00eancia\"],\"articleSection\":[\"Mercado\"],\"inLanguage\":\"pt-BR\"},{\"@type\":\"WebPage\",\"@id\":\"https:\/\/www.suno.com.br\/noticias\/ibovespa-fechamento-04072019\/\",\"url\":\"https:\/\/www.suno.com.br\/noticias\/ibovespa-fechamento-04072019\/\",\"name\":\"Ibovespa chega a 103 mil pontos com aprova\u00e7\u00e3o da Previd\u00eancia\",\"isPartOf\":{\"@id\":\"https:\/\/www.suno.com.br\/noticias\/#website\"},\"primaryImageOfPage\":{\"@id\":\"https:\/\/www.suno.com.br\/noticias\/ibovespa-fechamento-04072019\/#primaryimage\"},\"image\":{\"@id\":\"https:\/\/www.suno.com.br\/noticias\/ibovespa-fechamento-04072019\/#primaryimage\"},\"thumbnailUrl\":\"https:\/\/files.sunoresearch.com.br\/n\/uploads\/2018\/12\/ac258f73-ibovespa-jpg.webp\",\"datePublished\":\"2019-07-04T21:03:48+00:00\",\"dateModified\":\"2019-07-04T21:04:55+00:00\",\"description\":\"O Ibovespa atingiu 103 mil pontos nesta quinta-feira (4) ap\u00f3s a aprova\u00e7\u00e3o da Previd\u00eancia na comiss\u00e3o especial. Clique para saber mais.\",\"breadcrumb\":{\"@id\":\"https:\/\/www.suno.com.br\/noticias\/ibovespa-fechamento-04072019\/#breadcrumb\"},\"inLanguage\":\"pt-BR\",\"potentialAction\":[{\"@type\":\"ReadAction\",\"target\":[\"https:\/\/www.suno.com.br\/noticias\/ibovespa-fechamento-04072019\/\"]}]},{\"@type\":\"ImageObject\",\"inLanguage\":\"pt-BR\",\"@id\":\"https:\/\/www.suno.com.br\/noticias\/ibovespa-fechamento-04072019\/#primaryimage\",\"url\":\"https:\/\/files.sunoresearch.com.br\/n\/uploads\/2018\/12\/ac258f73-ibovespa-jpg.webp\",\"contentUrl\":\"https:\/\/files.sunoresearch.com.br\/n\/uploads\/2018\/12\/ac258f73-ibovespa-jpg.webp\",\"width\":1024,\"height\":575,\"caption\":\"Ibovespa fecha em queda de 0,56%, a 80.742,35 pontos\"},{\"@type\":\"BreadcrumbList\",\"@id\":\"https:\/\/www.suno.com.br\/noticias\/ibovespa-fechamento-04072019\/#breadcrumb\",\"itemListElement\":[{\"@type\":\"ListItem\",\"position\":1,\"name\":\"Not\u00edcias\",\"item\":\"https:\/\/www.suno.com.br\/noticias\/\"},{\"@type\":\"ListItem\",\"position\":2,\"name\":\"Mercado\",\"item\":\"https:\/\/www.suno.com.br\/noticias\/mercado\/\"},{\"@type\":\"ListItem\",\"position\":3,\"name\":\"Ibovespa chega a 103 mil pontos com aprova\u00e7\u00e3o da Previd\u00eancia\"}]},{\"@type\":\"WebSite\",\"@id\":\"https:\/\/www.suno.com.br\/noticias\/#website\",\"url\":\"https:\/\/www.suno.com.br\/noticias\/\",\"name\":\"Suno Not\u00edcias\",\"description\":\"Seu portal de informa\u00e7\u00e3o sobre o mundo dos investimentos\",\"publisher\":{\"@id\":\"https:\/\/www.suno.com.br\/noticias\/#organization\"},\"potentialAction\":[{\"@type\":\"SearchAction\",\"target\":{\"@type\":\"EntryPoint\",\"urlTemplate\":\"https:\/\/www.suno.com.br\/noticias\/?s={search_term_string}\"},\"query-input\":{\"@type\":\"PropertyValueSpecification\",\"valueRequired\":true,\"valueName\":\"search_term_string\"}}],\"inLanguage\":\"pt-BR\"},{\"@type\":\"Organization\",\"@id\":\"https:\/\/www.suno.com.br\/noticias\/#organization\",\"name\":\"Suno Not\u00edcias\",\"url\":\"https:\/\/www.suno.com.br\/noticias\/\",\"logo\":{\"@type\":\"ImageObject\",\"inLanguage\":\"pt-BR\",\"@id\":\"https:\/\/www.suno.com.br\/noticias\/#\/schema\/logo\/image\/\",\"url\":\"https:\/\/files.sunoresearch.com.br\/n\/uploads\/2021\/09\/suno-logo.png\",\"contentUrl\":\"https:\/\/files.sunoresearch.com.br\/n\/uploads\/2021\/09\/suno-logo.png\",\"width\":180,\"height\":180,\"caption\":\"Suno Not\u00edcias\"},\"image\":{\"@id\":\"https:\/\/www.suno.com.br\/noticias\/#\/schema\/logo\/image\/\"},\"sameAs\":[\"https:\/\/facebook.com\/sunoresearch\",\"https:\/\/x.com\/sunoresearch\",\"https:\/\/www.instagram.com\/suno\",\"https:\/\/www.linkedin.com\/company\/suno-research\/\",\"https:\/\/www.youtube.com\/c\/sunoresearch\"]},{\"@type\":\"Person\",\"@id\":\"https:\/\/www.suno.com.br\/noticias\/#\/schema\/person\/a5b06fa4e879d8e8e119c6ed3cd630d1\",\"name\":\"Amanda Gushiken\",\"image\":{\"@type\":\"ImageObject\",\"inLanguage\":\"pt-BR\",\"@id\":\"https:\/\/www.suno.com.br\/noticias\/#\/schema\/person\/image\/\",\"url\":\"https:\/\/secure.gravatar.com\/avatar\/ecd84705e6b65e3685ae80d725501fbe?s=96&r=g\",\"contentUrl\":\"https:\/\/secure.gravatar.com\/avatar\/ecd84705e6b65e3685ae80d725501fbe?s=96&r=g\",\"caption\":\"Amanda Gushiken\"},\"description\":\"Amanda Sayuri Gushiken escreve sobre finan\u00e7as e neg\u00f3cios para o portal Suno Not\u00edcias. Antes, trabalhou selecionando not\u00edcias da imprensa para clientes do mercado financeiro. Tamb\u00e9m desenvolveu pesquisa acad\u00eamica pela Universidade Anhembi Morumbi na \u00e1rea de Teorias da Comunica\u00e7\u00e3o e \u00e9 fot\u00f3grafa nas horas vagas.\",\"url\":\"https:\/\/www.suno.com.br\/noticias\/author\/amanda\/\"}]}<\/script>\n<!-- \/ Yoast SEO plugin. -->","yoast_head_json":{"title":"Ibovespa chega a 103 mil pontos com aprova\u00e7\u00e3o da Previd\u00eancia","description":"O Ibovespa atingiu 103 mil pontos nesta quinta-feira (4) ap\u00f3s a aprova\u00e7\u00e3o da Previd\u00eancia na comiss\u00e3o especial. Clique para saber mais.","robots":{"index":"index","follow":"follow","max-snippet":"max-snippet:-1","max-image-preview":"max-image-preview:large","max-video-preview":"max-video-preview:-1"},"canonical":"https:\/\/www.suno.com.br\/noticias\/ibovespa-fechamento-04072019\/","og_locale":"pt_BR","og_type":"article","og_title":"Ibovespa chega a 103 mil pontos com aprova\u00e7\u00e3o da Previd\u00eancia","og_description":"O Ibovespa atingiu 103 mil pontos nesta quinta-feira (4) ap\u00f3s a aprova\u00e7\u00e3o da Previd\u00eancia na comiss\u00e3o especial. Clique para saber mais.","og_url":"https:\/\/www.suno.com.br\/noticias\/ibovespa-fechamento-04072019\/","og_site_name":"Suno Not\u00edcias","article_publisher":"https:\/\/facebook.com\/sunoresearch","og_image":[{"width":1024,"height":575,"url":"https:\/\/files.sunoresearch.com.br\/n\/uploads\/2018\/12\/ac258f73-ibovespa.jpg","type":"image\/jpeg"}],"author":"Amanda Gushiken","twitter_card":"summary_large_image","twitter_creator":"@sunoresearch","twitter_site":"@sunoresearch","twitter_misc":{"Escrito por":"Amanda Gushiken","Est. tempo de leitura":"3 minutos"},"schema":{"@context":"https:\/\/schema.org","@graph":[{"@type":"NewsArticle","@id":"https:\/\/www.suno.com.br\/noticias\/ibovespa-fechamento-04072019\/#article","isPartOf":{"@id":"https:\/\/www.suno.com.br\/noticias\/ibovespa-fechamento-04072019\/"},"author":{"name":"Amanda Gushiken","@id":"https:\/\/www.suno.com.br\/noticias\/#\/schema\/person\/a5b06fa4e879d8e8e119c6ed3cd630d1"},"headline":"Ibovespa chega a 103 mil pontos com aprova\u00e7\u00e3o da Previd\u00eancia","datePublished":"2019-07-04T21:03:48+00:00","dateModified":"2019-07-04T21:04:55+00:00","mainEntityOfPage":{"@id":"https:\/\/www.suno.com.br\/noticias\/ibovespa-fechamento-04072019\/"},"wordCount":523,"publisher":{"@id":"https:\/\/www.suno.com.br\/noticias\/#organization"},"image":{"@id":"https:\/\/www.suno.com.br\/noticias\/ibovespa-fechamento-04072019\/#primaryimage"},"thumbnailUrl":"https:\/\/files.sunoresearch.com.br\/n\/uploads\/2018\/12\/ac258f73-ibovespa-jpg.webp","keywords":["A\u00e7\u00f5es","Argentina","Azul (AZUL4)","B3 (B3SA3)","C\u00e2mara dos Deputados","Gol Linhas A\u00e9reas (GOLL11\/GOLL4)","Ibovespa","Jair Bolsonaro","Mauricio Macri","Reforma da Previd\u00eancia"],"articleSection":["Mercado"],"inLanguage":"pt-BR"},{"@type":"WebPage","@id":"https:\/\/www.suno.com.br\/noticias\/ibovespa-fechamento-04072019\/","url":"https:\/\/www.suno.com.br\/noticias\/ibovespa-fechamento-04072019\/","name":"Ibovespa chega a 103 mil pontos com aprova\u00e7\u00e3o da Previd\u00eancia","isPartOf":{"@id":"https:\/\/www.suno.com.br\/noticias\/#website"},"primaryImageOfPage":{"@id":"https:\/\/www.suno.com.br\/noticias\/ibovespa-fechamento-04072019\/#primaryimage"},"image":{"@id":"https:\/\/www.suno.com.br\/noticias\/ibovespa-fechamento-04072019\/#primaryimage"},"thumbnailUrl":"https:\/\/files.sunoresearch.com.br\/n\/uploads\/2018\/12\/ac258f73-ibovespa-jpg.webp","datePublished":"2019-07-04T21:03:48+00:00","dateModified":"2019-07-04T21:04:55+00:00","description":"O Ibovespa atingiu 103 mil pontos nesta quinta-feira (4) ap\u00f3s a aprova\u00e7\u00e3o da Previd\u00eancia na comiss\u00e3o especial. Clique para saber mais.","breadcrumb":{"@id":"https:\/\/www.suno.com.br\/noticias\/ibovespa-fechamento-04072019\/#breadcrumb"},"inLanguage":"pt-BR","potentialAction":[{"@type":"ReadAction","target":["https:\/\/www.suno.com.br\/noticias\/ibovespa-fechamento-04072019\/"]}]},{"@type":"ImageObject","inLanguage":"pt-BR","@id":"https:\/\/www.suno.com.br\/noticias\/ibovespa-fechamento-04072019\/#primaryimage","url":"https:\/\/files.sunoresearch.com.br\/n\/uploads\/2018\/12\/ac258f73-ibovespa-jpg.webp","contentUrl":"https:\/\/files.sunoresearch.com.br\/n\/uploads\/2018\/12\/ac258f73-ibovespa-jpg.webp","width":1024,"height":575,"caption":"Ibovespa fecha em queda de 0,56%, a 80.742,35 pontos"},{"@type":"BreadcrumbList","@id":"https:\/\/www.suno.com.br\/noticias\/ibovespa-fechamento-04072019\/#breadcrumb","itemListElement":[{"@type":"ListItem","position":1,"name":"Not\u00edcias","item":"https:\/\/www.suno.com.br\/noticias\/"},{"@type":"ListItem","position":2,"name":"Mercado","item":"https:\/\/www.suno.com.br\/noticias\/mercado\/"},{"@type":"ListItem","position":3,"name":"Ibovespa chega a 103 mil pontos com aprova\u00e7\u00e3o da Previd\u00eancia"}]},{"@type":"WebSite","@id":"https:\/\/www.suno.com.br\/noticias\/#website","url":"https:\/\/www.suno.com.br\/noticias\/","name":"Suno Not\u00edcias","description":"Seu portal de informa\u00e7\u00e3o sobre o mundo dos investimentos","publisher":{"@id":"https:\/\/www.suno.com.br\/noticias\/#organization"},"potentialAction":[{"@type":"SearchAction","target":{"@type":"EntryPoint","urlTemplate":"https:\/\/www.suno.com.br\/noticias\/?s={search_term_string}"},"query-input":{"@type":"PropertyValueSpecification","valueRequired":true,"valueName":"search_term_string"}}],"inLanguage":"pt-BR"},{"@type":"Organization","@id":"https:\/\/www.suno.com.br\/noticias\/#organization","name":"Suno Not\u00edcias","url":"https:\/\/www.suno.com.br\/noticias\/","logo":{"@type":"ImageObject","inLanguage":"pt-BR","@id":"https:\/\/www.suno.com.br\/noticias\/#\/schema\/logo\/image\/","url":"https:\/\/files.sunoresearch.com.br\/n\/uploads\/2021\/09\/suno-logo.png","contentUrl":"https:\/\/files.sunoresearch.com.br\/n\/uploads\/2021\/09\/suno-logo.png","width":180,"height":180,"caption":"Suno Not\u00edcias"},"image":{"@id":"https:\/\/www.suno.com.br\/noticias\/#\/schema\/logo\/image\/"},"sameAs":["https:\/\/facebook.com\/sunoresearch","https:\/\/x.com\/sunoresearch","https:\/\/www.instagram.com\/suno","https:\/\/www.linkedin.com\/company\/suno-research\/","https:\/\/www.youtube.com\/c\/sunoresearch"]},{"@type":"Person","@id":"https:\/\/www.suno.com.br\/noticias\/#\/schema\/person\/a5b06fa4e879d8e8e119c6ed3cd630d1","name":"Amanda Gushiken","image":{"@type":"ImageObject","inLanguage":"pt-BR","@id":"https:\/\/www.suno.com.br\/noticias\/#\/schema\/person\/image\/","url":"https:\/\/secure.gravatar.com\/avatar\/ecd84705e6b65e3685ae80d725501fbe?s=96&r=g","contentUrl":"https:\/\/secure.gravatar.com\/avatar\/ecd84705e6b65e3685ae80d725501fbe?s=96&r=g","caption":"Amanda Gushiken"},"description":"Amanda Sayuri Gushiken escreve sobre finan\u00e7as e neg\u00f3cios para o portal Suno Not\u00edcias. Antes, trabalhou selecionando not\u00edcias da imprensa para clientes do mercado financeiro. Tamb\u00e9m desenvolveu pesquisa acad\u00eamica pela Universidade Anhembi Morumbi na \u00e1rea de Teorias da Comunica\u00e7\u00e3o e \u00e9 fot\u00f3grafa nas horas vagas.","url":"https:\/\/www.suno.com.br\/noticias\/author\/amanda\/"}]}},"default_loop_html":"<div class=\"cardsPage__listCard__boxs\"><div class=\"cardsPage__listCard__boxs__img\"><a href=\"https:\/\/www.suno.com.br\/noticias\/ibovespa-fechamento-04072019\/\"><img class=\"mask\" src=\"https:\/\/www.suno.com.br\/noticias\/wp-content\/themes\/suno\/resources\/images\/spotlight\/spotlight1img\/bg-mask.png\" alt=\"Image Mask\"\/><img src=\"https:\/\/files.sunoresearch.com.br\/n\/uploads\/2018\/12\/ac258f73-ibovespa-400x200.webp\" alt=\"Ibovespa chega a 103 mil pontos com aprova\u00e7\u00e3o da Previd\u00eancia\"\/><\/a><span class=\"spotlightCategory\"><a href=\"https:\/\/www.suno.com.br\/noticias\/mercado\/\">Mercado<\/a><\/span><\/div><div class=\"cardsPage__listCard__boxs__content\"><a href=\"https:\/\/www.suno.com.br\/noticias\/ibovespa-fechamento-04072019\/\"><h2 class=\"content__title\">Ibovespa chega a 103 mil pontos com aprova\u00e7\u00e3o da Previd\u00eancia<\/h2><\/a><div class=\"newsContent__article__meta\"><div class=\"newsContent__article__meta__authorBox\"><a href=\"https:\/\/www.suno.com.br\/noticias\/author\/amanda\/\" class=\"authorBox__avatar noMobi\"><img src=\"https:\/\/files.sunoresearch.com.br\/n\/uploads\/2018\/11\/c6ad30be-amanda-150x150.webp\" alt=\"Amanda Gushiken\"><\/a><div class=\"authorBox__name\"><span>por\n\t\t\t<a href=\"https:\/\/www.suno.com.br\/noticias\/author\/amanda\/\"><span itemprop=\"author\">Amanda Gushiken<\/span><\/a><\/span><time datetime=\"2019-07-04T18:03:48-03:00\" itemprop=\"datePublished\">04\/07\/2019 18:03<\/time><\/div><\/div><\/div><\/div><\/div>","single_layout":"posts","amp_enabled":true,"_links":{"self":[{"href":"https:\/\/www.suno.com.br\/noticias\/wp-json\/wp\/v2\/posts\/30129"}],"collection":[{"href":"https:\/\/www.suno.com.br\/noticias\/wp-json\/wp\/v2\/posts"}],"about":[{"href":"https:\/\/www.suno.com.br\/noticias\/wp-json\/wp\/v2\/types\/post"}],"author":[{"embeddable":true,"href":"https:\/\/www.suno.com.br\/noticias\/wp-json\/wp\/v2\/users\/12"}],"replies":[{"embeddable":true,"href":"https:\/\/www.suno.com.br\/noticias\/wp-json\/wp\/v2\/comments?post=30129"}],"version-history":[{"count":0,"href":"https:\/\/www.suno.com.br\/noticias\/wp-json\/wp\/v2\/posts\/30129\/revisions"}],"wp:featuredmedia":[{"embeddable":true,"href":"https:\/\/www.suno.com.br\/noticias\/wp-json\/wp\/v2\/media\/9207"}],"wp:attachment":[{"href":"https:\/\/www.suno.com.br\/noticias\/wp-json\/wp\/v2\/media?parent=30129"}],"wp:term":[{"taxonomy":"category","embeddable":true,"href":"https:\/\/www.suno.com.br\/noticias\/wp-json\/wp\/v2\/categories?post=30129"},{"taxonomy":"post_tag","embeddable":true,"href":"https:\/\/www.suno.com.br\/noticias\/wp-json\/wp\/v2\/tags?post=30129"},{"taxonomy":"suno_strategy","embeddable":true,"href":"https:\/\/www.suno.com.br\/noticias\/wp-json\/wp\/v2\/suno_strategy?post=30129"}],"curies":[{"name":"wp","href":"https:\/\/api.w.org\/{rel}","templated":true}]}}