{"id":301171,"date":"2022-09-25T11:06:16","date_gmt":"2022-09-25T14:06:16","guid":{"rendered":"https:\/\/www.suno.com.br\/noticias\/?p=301171"},"modified":"2022-09-25T15:01:01","modified_gmt":"2022-09-25T18:01:01","slug":"copa-do-mundo-torcer-pelo-brasil-dobrou-de-preco","status":"publish","type":"post","link":"https:\/\/www.suno.com.br\/noticias\/copa-do-mundo-torcer-pelo-brasil-dobrou-de-preco\/","title":{"rendered":"Copa do Mundo: torcer pelo Brasil dobrou de pre\u00e7o; veja valores"},"content":{"rendered":"<p>N\u00e3o ser\u00e1 apenas pela expectativa do hexacampeonato que o brasileiro vai sofrer nesta <strong>Copa do Mundo<\/strong>, os pre\u00e7os do \u201ckit torcedor\u201d dobraram de pre\u00e7o.<\/p>\t<div class=\"wrapper-featured-image\">\n\t\t<figure class=\"spotlightImg\">\n\n\t\t\t<picture>\n\t\t\t\t<source media=\"(max-width: 768px)\" srcset=\"https:\/\/files.sunoresearch.com.br\/n\/uploads\/2022\/08\/Brasil_estreia_contra_a_Africa_do_Sul_no_Mane_Garrincha_28151407214-400x200.jpg\">\n\t\t\t\t<img loading=\"lazy\" decoding=\"async\" class=\"newsContent__article__imgCapa lazyloadDisabled \" src=\"https:\/\/files.sunoresearch.com.br\/n\/uploads\/2022\/08\/Brasil_estreia_contra_a_Africa_do_Sul_no_Mane_Garrincha_28151407214-800x450.jpg\" width=\"800\" height=\"450\" alt=\"Copa do Mundo: torcer pelo Brasil dobrou de pre\u00e7o; veja valores\" fetchpriority=high \/>\n\t\t\t<\/picture>\n\n\t\t\t<figcaption class=\"wp-caption-text wp-caption-text--show\">Sele\u00e7\u00e3o brasileira de futebol. Foto: Marcelo Camargo\/Ag\u00eancia Brasil<\/figcaption>\n\t\t<\/figure>\n\t<\/div>\n\n\n\t<p>\n\t\t<a href=\"\" target=\"_blank\" data-element=\"shortcode-suno-banner\" title=\"Banner SUNO, clique e saiba mais\">\n\t\t\t<picture>\n\t\t\t\t<source media=\"(max-width: 500px)\" srcset=\"\">\n\t\t\t\t<img class=\"newsContent__article__imgCapa newsContent__article__imgCapa--banner\"\n\t\t\t\t\tsrc=\"\"\n\t\t\t\t\tdata-promo-id=\"264348\"\t\t\t\t\t\t\t\t\t\t\t\t\t\t\talt=\"\"\n\t\t\t\t>\n\t\t\t<\/picture>\n\t\t<\/a>\n\t<\/p>\n\n\n<p>A XP realizou um estudo e analisou que os itens mais consumidos durante a Copa do Mundo praticamente dobraram de valor desde 2018.<\/p>\n<p>Cerveja, televisor, \u00e1lbum de figurinhas e carnes chegaram a registrar infla\u00e7\u00e3o de dois d\u00edgitos desde a \u00faltima competi\u00e7\u00e3o.<\/p>\n<h2>Confira as maiores altas dos itens para Copa do Mundo comparado com 2018:<\/h2>\n<ul>\n<li>Pacote de figurinhas \u2013 100%<\/li>\n<li>Carne \u2013 79,1%<\/li>\n<li>Camisa da sele\u00e7\u00e3o brasileira \u2013 40%<\/li>\n<li>Cerveja no domic\u00edlio \u2013 18,4%<\/li>\n<li>Televisor \u2013 16,8%<\/li>\n<li>\u00c1lbum \u2013 16,5%<\/li>\n<\/ul>\n<p>Fonte: IBGE, BCB, Nike, Panini, XP.<\/p>\n\t<p>\n\t\t<a href=\"\" target=\"_blank\" data-element=\"shortcode-suno-banner\" title=\"Banner SUNO, clique e saiba mais\">\n\t\t\t<picture>\n\t\t\t\t<source media=\"(max-width: 500px)\" srcset=\"\">\n\t\t\t\t<img class=\"newsContent__article__imgCapa newsContent__article__imgCapa--banner\"\n\t\t\t\t\tsrc=\"\"\n\t\t\t\t\tdata-promo-id=\"77035\"\t\t\t\t\t\t\t\t\t\t\t\t\t\t\talt=\"\"\n\t\t\t\t>\n\t\t\t<\/picture>\n\t\t<\/a>\n\t<\/p>\n\n\n<h2>Por que esse aumento em quatro anos?<\/h2>\n<p>Os pre\u00e7os para ir at\u00e9 o Qatar assistir aos jogos n\u00e3o s\u00e3o nada simpl\u00f3rios. Uma viagem de 30 dias acompanhando a sele\u00e7\u00e3o brasileira na fase de grupos e depois indo aos jogos do mata-mata, custa cerca de R$ 40 mil.<\/p>\n<p>Sendo assim, a maioria dos torcedores acompanhar\u00e1 a trajet\u00f3ria do <strong>Brasil na Copa do Mundo<\/strong> pela televis\u00e3o. Se o torcedor quiser trocar a sua TV para assistir o campeonato ir\u00e1 desembolsar 17% mais do que em 2018.<\/p>\n<p>O brasileiro gosta de se reunir, ent\u00e3o se optar por organizar um churrasco para acompanhar os jogos o valor para a carne est\u00e1 80% maior do que na <strong>\u00faltima Copa do Mundo<\/strong>. A cerveja aumento 18% e o refrigerante e a \u00e1gua 24%.<\/p>\n<p>O aumento do pre\u00e7o da carne est\u00e1 relacionando a uma demanda global, associada a crise h\u00eddrica de 2020\/21 e a eleva\u00e7\u00e3o dos custos de gr\u00e3os.<\/p>\n<p>Para o torcedor que preferir ir at\u00e9 o bar, o aumento na cerveja \u00e9 de 15% e para \u00e1gua e refrigerante 20%.<\/p>\n<h2>A camisa da sele\u00e7\u00e3o est\u00e1 mais cara nesta Copa do Mundo<\/h2>\n<p>Em 2010 a camisa da sele\u00e7\u00e3o brasileira custava R$ 179,90, em 2014 o valor subiu para R$ 199,9 e em 2018 R$ 229,9.<\/p>\n<p>Os aumentos passados ficaram entre 11% e 15%, j\u00e1 para torcer uniformizado em 2022 o torcedor ter\u00e1 que desembolsar R$ 349,9, aumento de 40% em rela\u00e7\u00e3o a \u00faltima <strong>Copa do Mundo<\/strong> e acima da <a class=\"suno-keyword\" href=\"https:\/\/www.suno.com.br\/artigos\/inflacao-acumulada\/\" target=\"_blank\" rel=\"noopener\" data-force=\"no\" data-priority=\"1\">infla\u00e7\u00e3o acumulada<\/a> no per\u00edodo (26,8%).<\/p>\n\t<p>\n\t\t<a href=\"https:\/\/lp.suno.com.br\/planilha-controle-gastos\/\" target=\"_blank\" data-element=\"shortcode-suno-banner\" title=\"Banner SUNO, clique e saiba mais\">\n\t\t\t<picture>\n\t\t\t\t<source media=\"(max-width: 500px)\" srcset=\"https:\/\/files.sunoresearch.com.br\/n\/uploads\/2023\/03\/400x300-Planilha-controle-de-gastos.png\">\n\t\t\t\t<img class=\"newsContent__article__imgCapa newsContent__article__imgCapa--banner\"\n\t\t\t\t\tsrc=\"https:\/\/files.sunoresearch.com.br\/n\/uploads\/2023\/03\/1420x240-Planilha-controle-de-gastos.png\"\n\t\t\t\t\tdata-promo-id=\"101751\"\t\t\t\t\t\t\t\t\t\twidth='1420' height='240'\t\t\t\t\talt=\"https:\/\/files.sunoresearch.com.br\/n\/uploads\/2023\/03\/1420x240-Planilha-controle-de-gastos.png\"\n\t\t\t\t>\n\t\t\t<\/picture>\n\t\t<\/a>\n\t<\/p>\n\n\n","protected":false},"excerpt":{"rendered":"<p>N\u00e3o ser\u00e1 apenas pela expectativa do hexacampeonato que o brasileiro vai sofrer nesta Copa do Mundo, os pre\u00e7os do \u201ckit torcedor\u201d dobraram de pre\u00e7o. Sele\u00e7\u00e3o brasileira de futebol. Foto: Marcelo Camargo\/Ag\u00eancia Brasil A XP realizou um estudo e analisou que os itens mais consumidos durante a Copa do Mundo praticamente dobraram de valor desde 2018. [&hellip;]<\/p>\n","protected":false},"author":194,"featured_media":285509,"comment_status":"closed","ping_status":"closed","sticky":false,"template":"","format":"standard","meta":[],"categories":[64],"tags":[],"suno_strategy":[],"class_list":["post-301171","post","type-post","status-publish","format-standard","has-post-thumbnail","hentry","category-negocios"],"yoast_head":"<!-- This site is optimized with the Yoast SEO plugin v24.4 - https:\/\/yoast.com\/wordpress\/plugins\/seo\/ -->\n<title>Copa do Mundo: torcer pelo Brasil dobrou de pre\u00e7o; veja valores<\/title>\n<meta name=\"description\" content=\"N\u00e3o ser\u00e1 apenas pela expectativa do hexacampeonato que o brasileiro vai sofrer nesta Copa do Mundo. Saiba mais.\" \/>\n<meta name=\"robots\" content=\"index, follow, max-snippet:-1, max-image-preview:large, max-video-preview:-1\" \/>\n<link rel=\"canonical\" href=\"https:\/\/www.suno.com.br\/noticias\/copa-do-mundo-torcer-pelo-brasil-dobrou-de-preco\/\" \/>\n<meta property=\"og:locale\" content=\"pt_BR\" \/>\n<meta property=\"og:type\" content=\"article\" \/>\n<meta property=\"og:title\" content=\"Copa do Mundo: torcer pelo Brasil dobrou de pre\u00e7o; veja valores\" \/>\n<meta property=\"og:description\" content=\"N\u00e3o ser\u00e1 apenas pela expectativa do hexacampeonato que o brasileiro vai sofrer nesta Copa do Mundo. Saiba mais.\" \/>\n<meta property=\"og:url\" content=\"https:\/\/www.suno.com.br\/noticias\/copa-do-mundo-torcer-pelo-brasil-dobrou-de-preco\/\" \/>\n<meta property=\"og:site_name\" content=\"Suno Not\u00edcias\" \/>\n<meta property=\"article:publisher\" content=\"https:\/\/facebook.com\/sunoresearch\" \/>\n<meta property=\"og:image\" content=\"https:\/\/files.sunoresearch.com.br\/n\/uploads\/2022\/08\/Brasil_estreia_contra_a_Africa_do_Sul_no_Mane_Garrincha_28151407214-scaled.jpg\" \/>\n\t<meta property=\"og:image:width\" content=\"2560\" \/>\n\t<meta property=\"og:image:height\" content=\"1703\" \/>\n\t<meta property=\"og:image:type\" content=\"image\/jpeg\" \/>\n<meta name=\"author\" content=\"Isabella Taglapietra\" \/>\n<meta name=\"twitter:card\" content=\"summary_large_image\" \/>\n<meta name=\"twitter:creator\" content=\"@sunoresearch\" \/>\n<meta name=\"twitter:site\" content=\"@sunoresearch\" \/>\n<meta name=\"twitter:label1\" content=\"Escrito por\" \/>\n\t<meta name=\"twitter:data1\" content=\"Isabella Taglapietra\" \/>\n\t<meta name=\"twitter:label2\" content=\"Est. tempo de leitura\" \/>\n\t<meta name=\"twitter:data2\" content=\"2 minutos\" \/>\n<script type=\"application\/ld+json\" class=\"yoast-schema-graph\">{\"@context\":\"https:\/\/schema.org\",\"@graph\":[{\"@type\":\"NewsArticle\",\"@id\":\"https:\/\/www.suno.com.br\/noticias\/copa-do-mundo-torcer-pelo-brasil-dobrou-de-preco\/#article\",\"isPartOf\":{\"@id\":\"https:\/\/www.suno.com.br\/noticias\/copa-do-mundo-torcer-pelo-brasil-dobrou-de-preco\/\"},\"author\":{\"name\":\"Isabella Taglapietra\",\"@id\":\"https:\/\/www.suno.com.br\/noticias\/#\/schema\/person\/a0be106724f6f5d705d70f04333cb249\"},\"headline\":\"Copa do Mundo: torcer pelo Brasil dobrou de pre\u00e7o; veja valores\",\"datePublished\":\"2022-09-25T14:06:16+00:00\",\"dateModified\":\"2022-09-25T18:01:01+00:00\",\"mainEntityOfPage\":{\"@id\":\"https:\/\/www.suno.com.br\/noticias\/copa-do-mundo-torcer-pelo-brasil-dobrou-de-preco\/\"},\"wordCount\":365,\"publisher\":{\"@id\":\"https:\/\/www.suno.com.br\/noticias\/#organization\"},\"image\":{\"@id\":\"https:\/\/www.suno.com.br\/noticias\/copa-do-mundo-torcer-pelo-brasil-dobrou-de-preco\/#primaryimage\"},\"thumbnailUrl\":\"https:\/\/files.sunoresearch.com.br\/n\/uploads\/2022\/08\/Brasil_estreia_contra_a_Africa_do_Sul_no_Mane_Garrincha_28151407214-scaled.jpg\",\"articleSection\":[\"Neg\u00f3cios\"],\"inLanguage\":\"pt-BR\"},{\"@type\":\"WebPage\",\"@id\":\"https:\/\/www.suno.com.br\/noticias\/copa-do-mundo-torcer-pelo-brasil-dobrou-de-preco\/\",\"url\":\"https:\/\/www.suno.com.br\/noticias\/copa-do-mundo-torcer-pelo-brasil-dobrou-de-preco\/\",\"name\":\"Copa do Mundo: torcer pelo Brasil dobrou de pre\u00e7o; veja valores\",\"isPartOf\":{\"@id\":\"https:\/\/www.suno.com.br\/noticias\/#website\"},\"primaryImageOfPage\":{\"@id\":\"https:\/\/www.suno.com.br\/noticias\/copa-do-mundo-torcer-pelo-brasil-dobrou-de-preco\/#primaryimage\"},\"image\":{\"@id\":\"https:\/\/www.suno.com.br\/noticias\/copa-do-mundo-torcer-pelo-brasil-dobrou-de-preco\/#primaryimage\"},\"thumbnailUrl\":\"https:\/\/files.sunoresearch.com.br\/n\/uploads\/2022\/08\/Brasil_estreia_contra_a_Africa_do_Sul_no_Mane_Garrincha_28151407214-scaled.jpg\",\"datePublished\":\"2022-09-25T14:06:16+00:00\",\"dateModified\":\"2022-09-25T18:01:01+00:00\",\"description\":\"N\u00e3o ser\u00e1 apenas pela expectativa do hexacampeonato que o brasileiro vai sofrer nesta Copa do Mundo. Saiba mais.\",\"breadcrumb\":{\"@id\":\"https:\/\/www.suno.com.br\/noticias\/copa-do-mundo-torcer-pelo-brasil-dobrou-de-preco\/#breadcrumb\"},\"inLanguage\":\"pt-BR\",\"potentialAction\":[{\"@type\":\"ReadAction\",\"target\":[\"https:\/\/www.suno.com.br\/noticias\/copa-do-mundo-torcer-pelo-brasil-dobrou-de-preco\/\"]}]},{\"@type\":\"ImageObject\",\"inLanguage\":\"pt-BR\",\"@id\":\"https:\/\/www.suno.com.br\/noticias\/copa-do-mundo-torcer-pelo-brasil-dobrou-de-preco\/#primaryimage\",\"url\":\"https:\/\/files.sunoresearch.com.br\/n\/uploads\/2022\/08\/Brasil_estreia_contra_a_Africa_do_Sul_no_Mane_Garrincha_28151407214-scaled.jpg\",\"contentUrl\":\"https:\/\/files.sunoresearch.com.br\/n\/uploads\/2022\/08\/Brasil_estreia_contra_a_Africa_do_Sul_no_Mane_Garrincha_28151407214-scaled.jpg\",\"width\":2560,\"height\":1703,\"caption\":\"Sele\u00e7\u00e3o brasileira de futebol. Foto: Marcelo Camargo\/Ag\u00eancia Brasil\"},{\"@type\":\"BreadcrumbList\",\"@id\":\"https:\/\/www.suno.com.br\/noticias\/copa-do-mundo-torcer-pelo-brasil-dobrou-de-preco\/#breadcrumb\",\"itemListElement\":[{\"@type\":\"ListItem\",\"position\":1,\"name\":\"Not\u00edcias\",\"item\":\"https:\/\/www.suno.com.br\/noticias\/\"},{\"@type\":\"ListItem\",\"position\":2,\"name\":\"Neg\u00f3cios\",\"item\":\"https:\/\/www.suno.com.br\/noticias\/negocios\/\"},{\"@type\":\"ListItem\",\"position\":3,\"name\":\"Copa do Mundo: torcer pelo Brasil dobrou de pre\u00e7o; veja valores\"}]},{\"@type\":\"WebSite\",\"@id\":\"https:\/\/www.suno.com.br\/noticias\/#website\",\"url\":\"https:\/\/www.suno.com.br\/noticias\/\",\"name\":\"Suno Not\u00edcias\",\"description\":\"Seu portal de informa\u00e7\u00e3o sobre o mundo dos investimentos\",\"publisher\":{\"@id\":\"https:\/\/www.suno.com.br\/noticias\/#organization\"},\"potentialAction\":[{\"@type\":\"SearchAction\",\"target\":{\"@type\":\"EntryPoint\",\"urlTemplate\":\"https:\/\/www.suno.com.br\/noticias\/?s={search_term_string}\"},\"query-input\":{\"@type\":\"PropertyValueSpecification\",\"valueRequired\":true,\"valueName\":\"search_term_string\"}}],\"inLanguage\":\"pt-BR\"},{\"@type\":\"Organization\",\"@id\":\"https:\/\/www.suno.com.br\/noticias\/#organization\",\"name\":\"Suno Not\u00edcias\",\"url\":\"https:\/\/www.suno.com.br\/noticias\/\",\"logo\":{\"@type\":\"ImageObject\",\"inLanguage\":\"pt-BR\",\"@id\":\"https:\/\/www.suno.com.br\/noticias\/#\/schema\/logo\/image\/\",\"url\":\"https:\/\/files.sunoresearch.com.br\/n\/uploads\/2021\/09\/suno-logo.png\",\"contentUrl\":\"https:\/\/files.sunoresearch.com.br\/n\/uploads\/2021\/09\/suno-logo.png\",\"width\":180,\"height\":180,\"caption\":\"Suno Not\u00edcias\"},\"image\":{\"@id\":\"https:\/\/www.suno.com.br\/noticias\/#\/schema\/logo\/image\/\"},\"sameAs\":[\"https:\/\/facebook.com\/sunoresearch\",\"https:\/\/x.com\/sunoresearch\",\"https:\/\/www.instagram.com\/suno\",\"https:\/\/www.linkedin.com\/company\/suno-research\/\",\"https:\/\/www.youtube.com\/c\/sunoresearch\"]},{\"@type\":\"Person\",\"@id\":\"https:\/\/www.suno.com.br\/noticias\/#\/schema\/person\/a0be106724f6f5d705d70f04333cb249\",\"name\":\"Isabella Taglapietra\",\"image\":{\"@type\":\"ImageObject\",\"inLanguage\":\"pt-BR\",\"@id\":\"https:\/\/www.suno.com.br\/noticias\/#\/schema\/person\/image\/\",\"url\":\"https:\/\/secure.gravatar.com\/avatar\/089c9e06b71de293117116aaf339e22f?s=96&r=g\",\"contentUrl\":\"https:\/\/secure.gravatar.com\/avatar\/089c9e06b71de293117116aaf339e22f?s=96&r=g\",\"caption\":\"Isabella Taglapietra\"},\"description\":\"Rep\u00f3rter freelancer no Suno Not\u00edcias, cobre not\u00edcias di\u00e1rias sobre economia, balan\u00e7os trimestrais e pesquisas. Formada em jornalismo pela Faculdade C\u00e1sper L\u00edbero e p\u00f3s-graduanda em mercado de capitais pela Fecap, atuou como rep\u00f3rter de economia e finan\u00e7as no portal CRC!News e Elas que Lucrem, al\u00e9m de social media para empresas do mercado financeiro.\",\"url\":\"https:\/\/www.suno.com.br\/noticias\/author\/isabella-taglapietra\/\"}]}<\/script>\n<!-- \/ Yoast SEO plugin. -->","yoast_head_json":{"title":"Copa do Mundo: torcer pelo Brasil dobrou de pre\u00e7o; veja valores","description":"N\u00e3o ser\u00e1 apenas pela expectativa do hexacampeonato que o brasileiro vai sofrer nesta Copa do Mundo. Saiba mais.","robots":{"index":"index","follow":"follow","max-snippet":"max-snippet:-1","max-image-preview":"max-image-preview:large","max-video-preview":"max-video-preview:-1"},"canonical":"https:\/\/www.suno.com.br\/noticias\/copa-do-mundo-torcer-pelo-brasil-dobrou-de-preco\/","og_locale":"pt_BR","og_type":"article","og_title":"Copa do Mundo: torcer pelo Brasil dobrou de pre\u00e7o; veja valores","og_description":"N\u00e3o ser\u00e1 apenas pela expectativa do hexacampeonato que o brasileiro vai sofrer nesta Copa do Mundo. Saiba mais.","og_url":"https:\/\/www.suno.com.br\/noticias\/copa-do-mundo-torcer-pelo-brasil-dobrou-de-preco\/","og_site_name":"Suno Not\u00edcias","article_publisher":"https:\/\/facebook.com\/sunoresearch","og_image":[{"width":2560,"height":1703,"url":"https:\/\/files.sunoresearch.com.br\/n\/uploads\/2022\/08\/Brasil_estreia_contra_a_Africa_do_Sul_no_Mane_Garrincha_28151407214-scaled.jpg","type":"image\/jpeg"}],"author":"Isabella Taglapietra","twitter_card":"summary_large_image","twitter_creator":"@sunoresearch","twitter_site":"@sunoresearch","twitter_misc":{"Escrito por":"Isabella Taglapietra","Est. tempo de leitura":"2 minutos"},"schema":{"@context":"https:\/\/schema.org","@graph":[{"@type":"NewsArticle","@id":"https:\/\/www.suno.com.br\/noticias\/copa-do-mundo-torcer-pelo-brasil-dobrou-de-preco\/#article","isPartOf":{"@id":"https:\/\/www.suno.com.br\/noticias\/copa-do-mundo-torcer-pelo-brasil-dobrou-de-preco\/"},"author":{"name":"Isabella Taglapietra","@id":"https:\/\/www.suno.com.br\/noticias\/#\/schema\/person\/a0be106724f6f5d705d70f04333cb249"},"headline":"Copa do Mundo: torcer pelo Brasil dobrou de pre\u00e7o; veja valores","datePublished":"2022-09-25T14:06:16+00:00","dateModified":"2022-09-25T18:01:01+00:00","mainEntityOfPage":{"@id":"https:\/\/www.suno.com.br\/noticias\/copa-do-mundo-torcer-pelo-brasil-dobrou-de-preco\/"},"wordCount":365,"publisher":{"@id":"https:\/\/www.suno.com.br\/noticias\/#organization"},"image":{"@id":"https:\/\/www.suno.com.br\/noticias\/copa-do-mundo-torcer-pelo-brasil-dobrou-de-preco\/#primaryimage"},"thumbnailUrl":"https:\/\/files.sunoresearch.com.br\/n\/uploads\/2022\/08\/Brasil_estreia_contra_a_Africa_do_Sul_no_Mane_Garrincha_28151407214-scaled.jpg","articleSection":["Neg\u00f3cios"],"inLanguage":"pt-BR"},{"@type":"WebPage","@id":"https:\/\/www.suno.com.br\/noticias\/copa-do-mundo-torcer-pelo-brasil-dobrou-de-preco\/","url":"https:\/\/www.suno.com.br\/noticias\/copa-do-mundo-torcer-pelo-brasil-dobrou-de-preco\/","name":"Copa do Mundo: torcer pelo Brasil dobrou de pre\u00e7o; veja valores","isPartOf":{"@id":"https:\/\/www.suno.com.br\/noticias\/#website"},"primaryImageOfPage":{"@id":"https:\/\/www.suno.com.br\/noticias\/copa-do-mundo-torcer-pelo-brasil-dobrou-de-preco\/#primaryimage"},"image":{"@id":"https:\/\/www.suno.com.br\/noticias\/copa-do-mundo-torcer-pelo-brasil-dobrou-de-preco\/#primaryimage"},"thumbnailUrl":"https:\/\/files.sunoresearch.com.br\/n\/uploads\/2022\/08\/Brasil_estreia_contra_a_Africa_do_Sul_no_Mane_Garrincha_28151407214-scaled.jpg","datePublished":"2022-09-25T14:06:16+00:00","dateModified":"2022-09-25T18:01:01+00:00","description":"N\u00e3o ser\u00e1 apenas pela expectativa do hexacampeonato que o brasileiro vai sofrer nesta Copa do Mundo. Saiba mais.","breadcrumb":{"@id":"https:\/\/www.suno.com.br\/noticias\/copa-do-mundo-torcer-pelo-brasil-dobrou-de-preco\/#breadcrumb"},"inLanguage":"pt-BR","potentialAction":[{"@type":"ReadAction","target":["https:\/\/www.suno.com.br\/noticias\/copa-do-mundo-torcer-pelo-brasil-dobrou-de-preco\/"]}]},{"@type":"ImageObject","inLanguage":"pt-BR","@id":"https:\/\/www.suno.com.br\/noticias\/copa-do-mundo-torcer-pelo-brasil-dobrou-de-preco\/#primaryimage","url":"https:\/\/files.sunoresearch.com.br\/n\/uploads\/2022\/08\/Brasil_estreia_contra_a_Africa_do_Sul_no_Mane_Garrincha_28151407214-scaled.jpg","contentUrl":"https:\/\/files.sunoresearch.com.br\/n\/uploads\/2022\/08\/Brasil_estreia_contra_a_Africa_do_Sul_no_Mane_Garrincha_28151407214-scaled.jpg","width":2560,"height":1703,"caption":"Sele\u00e7\u00e3o brasileira de futebol. Foto: Marcelo Camargo\/Ag\u00eancia Brasil"},{"@type":"BreadcrumbList","@id":"https:\/\/www.suno.com.br\/noticias\/copa-do-mundo-torcer-pelo-brasil-dobrou-de-preco\/#breadcrumb","itemListElement":[{"@type":"ListItem","position":1,"name":"Not\u00edcias","item":"https:\/\/www.suno.com.br\/noticias\/"},{"@type":"ListItem","position":2,"name":"Neg\u00f3cios","item":"https:\/\/www.suno.com.br\/noticias\/negocios\/"},{"@type":"ListItem","position":3,"name":"Copa do Mundo: torcer pelo Brasil dobrou de pre\u00e7o; veja valores"}]},{"@type":"WebSite","@id":"https:\/\/www.suno.com.br\/noticias\/#website","url":"https:\/\/www.suno.com.br\/noticias\/","name":"Suno Not\u00edcias","description":"Seu portal de informa\u00e7\u00e3o sobre o mundo dos investimentos","publisher":{"@id":"https:\/\/www.suno.com.br\/noticias\/#organization"},"potentialAction":[{"@type":"SearchAction","target":{"@type":"EntryPoint","urlTemplate":"https:\/\/www.suno.com.br\/noticias\/?s={search_term_string}"},"query-input":{"@type":"PropertyValueSpecification","valueRequired":true,"valueName":"search_term_string"}}],"inLanguage":"pt-BR"},{"@type":"Organization","@id":"https:\/\/www.suno.com.br\/noticias\/#organization","name":"Suno Not\u00edcias","url":"https:\/\/www.suno.com.br\/noticias\/","logo":{"@type":"ImageObject","inLanguage":"pt-BR","@id":"https:\/\/www.suno.com.br\/noticias\/#\/schema\/logo\/image\/","url":"https:\/\/files.sunoresearch.com.br\/n\/uploads\/2021\/09\/suno-logo.png","contentUrl":"https:\/\/files.sunoresearch.com.br\/n\/uploads\/2021\/09\/suno-logo.png","width":180,"height":180,"caption":"Suno Not\u00edcias"},"image":{"@id":"https:\/\/www.suno.com.br\/noticias\/#\/schema\/logo\/image\/"},"sameAs":["https:\/\/facebook.com\/sunoresearch","https:\/\/x.com\/sunoresearch","https:\/\/www.instagram.com\/suno","https:\/\/www.linkedin.com\/company\/suno-research\/","https:\/\/www.youtube.com\/c\/sunoresearch"]},{"@type":"Person","@id":"https:\/\/www.suno.com.br\/noticias\/#\/schema\/person\/a0be106724f6f5d705d70f04333cb249","name":"Isabella Taglapietra","image":{"@type":"ImageObject","inLanguage":"pt-BR","@id":"https:\/\/www.suno.com.br\/noticias\/#\/schema\/person\/image\/","url":"https:\/\/secure.gravatar.com\/avatar\/089c9e06b71de293117116aaf339e22f?s=96&r=g","contentUrl":"https:\/\/secure.gravatar.com\/avatar\/089c9e06b71de293117116aaf339e22f?s=96&r=g","caption":"Isabella Taglapietra"},"description":"Rep\u00f3rter freelancer no Suno Not\u00edcias, cobre not\u00edcias di\u00e1rias sobre economia, balan\u00e7os trimestrais e pesquisas. Formada em jornalismo pela Faculdade C\u00e1sper L\u00edbero e p\u00f3s-graduanda em mercado de capitais pela Fecap, atuou como rep\u00f3rter de economia e finan\u00e7as no portal CRC!News e Elas que Lucrem, al\u00e9m de social media para empresas do mercado financeiro.","url":"https:\/\/www.suno.com.br\/noticias\/author\/isabella-taglapietra\/"}]}},"default_loop_html":"<div class=\"cardsPage__listCard__boxs\"><div class=\"cardsPage__listCard__boxs__img\"><a href=\"https:\/\/www.suno.com.br\/noticias\/copa-do-mundo-torcer-pelo-brasil-dobrou-de-preco\/\"><img class=\"mask\" src=\"https:\/\/www.suno.com.br\/noticias\/wp-content\/themes\/suno\/resources\/images\/spotlight\/spotlight1img\/bg-mask.png\" alt=\"Image Mask\"\/><img src=\"https:\/\/files.sunoresearch.com.br\/n\/uploads\/2022\/08\/Brasil_estreia_contra_a_Africa_do_Sul_no_Mane_Garrincha_28151407214-400x200.jpg\" alt=\"Copa do Mundo: torcer pelo Brasil dobrou de pre\u00e7o; veja valores\"\/><\/a><span class=\"spotlightCategory\"><a href=\"https:\/\/www.suno.com.br\/noticias\/negocios\/\">Neg\u00f3cios<\/a><\/span><\/div><div class=\"cardsPage__listCard__boxs__content\"><a href=\"https:\/\/www.suno.com.br\/noticias\/copa-do-mundo-torcer-pelo-brasil-dobrou-de-preco\/\"><h2 class=\"content__title\">Copa do Mundo: torcer pelo Brasil dobrou de pre\u00e7o; veja valores<\/h2><\/a><div class=\"newsContent__article__meta\"><div class=\"newsContent__article__meta__authorBox\"><a href=\"https:\/\/www.suno.com.br\/noticias\/author\/isabella-taglapietra\/\" class=\"authorBox__avatar noMobi\"><img src=\"https:\/\/files.sunoresearch.com.br\/n\/uploads\/2022\/08\/WhatsApp-Image-2022-08-04-at-12.40.27-150x150.jpeg\" alt=\"Isabella Taglapietra\"><\/a><div class=\"authorBox__name\"><span>por\n\t\t\t<a href=\"https:\/\/www.suno.com.br\/noticias\/author\/isabella-taglapietra\/\"><span itemprop=\"author\">Isabella Taglapietra<\/span><\/a><\/span><time datetime=\"2022-09-25T11:06:16-03:00\" itemprop=\"datePublished\">25\/09\/2022 11:06<\/time><\/div><\/div><\/div><\/div><\/div>","single_layout":"posts","amp_enabled":true,"_links":{"self":[{"href":"https:\/\/www.suno.com.br\/noticias\/wp-json\/wp\/v2\/posts\/301171"}],"collection":[{"href":"https:\/\/www.suno.com.br\/noticias\/wp-json\/wp\/v2\/posts"}],"about":[{"href":"https:\/\/www.suno.com.br\/noticias\/wp-json\/wp\/v2\/types\/post"}],"author":[{"embeddable":true,"href":"https:\/\/www.suno.com.br\/noticias\/wp-json\/wp\/v2\/users\/194"}],"replies":[{"embeddable":true,"href":"https:\/\/www.suno.com.br\/noticias\/wp-json\/wp\/v2\/comments?post=301171"}],"version-history":[{"count":4,"href":"https:\/\/www.suno.com.br\/noticias\/wp-json\/wp\/v2\/posts\/301171\/revisions"}],"predecessor-version":[{"id":319946,"href":"https:\/\/www.suno.com.br\/noticias\/wp-json\/wp\/v2\/posts\/301171\/revisions\/319946"}],"wp:featuredmedia":[{"embeddable":true,"href":"https:\/\/www.suno.com.br\/noticias\/wp-json\/wp\/v2\/media\/285509"}],"wp:attachment":[{"href":"https:\/\/www.suno.com.br\/noticias\/wp-json\/wp\/v2\/media?parent=301171"}],"wp:term":[{"taxonomy":"category","embeddable":true,"href":"https:\/\/www.suno.com.br\/noticias\/wp-json\/wp\/v2\/categories?post=301171"},{"taxonomy":"post_tag","embeddable":true,"href":"https:\/\/www.suno.com.br\/noticias\/wp-json\/wp\/v2\/tags?post=301171"},{"taxonomy":"suno_strategy","embeddable":true,"href":"https:\/\/www.suno.com.br\/noticias\/wp-json\/wp\/v2\/suno_strategy?post=301171"}],"curies":[{"name":"wp","href":"https:\/\/api.w.org\/{rel}","templated":true}]}}