{"id":301081,"date":"2022-09-23T08:25:38","date_gmt":"2022-09-23T11:25:38","guid":{"rendered":"https:\/\/www.suno.com.br\/noticias\/?p=301081"},"modified":"2022-09-23T08:25:38","modified_gmt":"2022-09-23T11:25:38","slug":"equatorial-eqtl3-compra-celg-d-enel-bilhao","status":"publish","type":"post","link":"https:\/\/www.suno.com.br\/noticias\/equatorial-eqtl3-compra-celg-d-enel-bilhao\/","title":{"rendered":"Equatorial (EQTL3) compra Celg-D da Enel por R$ 1,5 bilh\u00e3o, sua maior aquisi\u00e7\u00e3o"},"content":{"rendered":"<p>A <a class=\"suno-keyword\" href=\"https:\/\/www.suno.com.br\/acoes\/EQTL3\/\" target=\"_blank\" rel=\"noopener\" data-force=\"yes\" data-priority=\"2\"><strong>Equatorial<\/strong> (EQTL3)<\/a> comprou a <a href=\"https:\/\/www.suno.com.br\/acoes\/gpar3\/\">Celg-D (GPAR3)<\/a> a Enel Brasil, conforme divulgado nesta sexta-feira (23) em <a class=\"suno-keyword\" href=\"https:\/\/www.suno.com.br\/artigos\/fato-relevante\/\" target=\"_blank\" rel=\"noopener\" data-force=\"no\" data-priority=\"1\">fato relevante<\/a>. O valor da compra feita pela Equatorial foi de R$ 1,57 bilh\u00e3o e trata-se da sua maior aquisi\u00e7\u00e3o j\u00e1 feita em termos de distribui\u00e7\u00e3o de energia.<\/p><div class=\"videoFull \">\n\t\t\t<div class=\"videoWrapper yt-lazyload center\"\n\t\t\t\tdata-width=\"960\"\n\t\t\t\tdata-height=\"540\"\n\t\t\t\tdata-id=\"0sFET38NSYw\"\n\t\t\t\tdata-alt=\"V\u00eddeo do YouTube - clique para reproduzir\"\n\t\t\t\tdata-logo=\"3\"\n\t\t\t\tdata-imagequality=\"maxres\">\n\t\t\t<\/div>\n\t\t<\/div><script type=\"application\/ld+json\">{\"@context\":\"https:\/\/schema.org\",\"@type\":\"VideoObject\",\"name\":\"SINAIS DE RECESS\u00c3O com PMIs fracos | Petr\u00f3leo em queda | Nubank (NUBR33) nega que vai fechar\",\"description\":\"INSCREVA-SE NO CANAL E ATIVE O SINO \ud83d\udc49 https:\/\/bit.ly\/INSCREVA-SEATIVEOSINO Na manh\u00e3 desta sexta-feira (23), os \u00edndices futuros de Nova York e as bolsas europeias operam em baixa, com investidores ainda buscando digerir o \u00faltimo aumento da taxa de juros nos EUA. Al\u00e9m disso, o mercado n\u00e3o recebeu muito bem os resultados dos \u00edndices dos gerentes\u2026\",\"duration\":\"PT27M22S\",\"embedUrl\":\"https:\/\/www.youtube.com\/embed\/0sFET38NSYw\",\"regionsAllowed\":\"pt-BR\",\"interactionStatistic\":{\"@type\":\"InteractionCounter\",\"interactionType\":{\"@type\":\"WatchAction\"},\"userInteractionCount\":2574},\"thumbnailUrl\":\"https:\/\/i.ytimg.com\/vi\/0sFET38NSYw\/default.jpg\",\"uploadDate\":\"2022-09-23T12:30:53Z\"}<\/script>\n\n\t<p>\n\t\t<a href=\"\" target=\"_blank\" data-element=\"shortcode-suno-banner\" title=\"Banner SUNO, clique e saiba mais\">\n\t\t\t<picture>\n\t\t\t\t<source media=\"(max-width: 500px)\" srcset=\"\">\n\t\t\t\t<img class=\"newsContent__article__imgCapa newsContent__article__imgCapa--banner\"\n\t\t\t\t\tsrc=\"\"\n\t\t\t\t\tdata-promo-id=\"138420\"\t\t\t\t\t\t\t\t\t\t\t\t\t\t\talt=\"\"\n\t\t\t\t>\n\t\t\t<\/picture>\n\t\t<\/a>\n\t<\/p>\n\n\n<p>Assim, agora a Equatorial assume a <a class=\"suno-keyword\" href=\"https:\/\/www.suno.com.br\/artigos\/divida-liquida\/\" target=\"_blank\" rel=\"noopener\" data-force=\"no\" data-priority=\"1\">d\u00edvida l\u00edquida<\/a> de R$ 5,9 bilh\u00f5es da <strong>CELG-D<\/strong> &#8211; conforme dados do dia 31 de mar\u00e7o, o \u00faltimo balan\u00e7o publicado.<\/p>\n<p><a href=\"https:\/\/www.rad.cvm.gov.br\/ENET\/frmExibirArquivoIPEExterno.aspx?NumeroProtocoloEntrega=1017301\">Segundo o comunicado<\/a>, a aquisi\u00e7\u00e3o &#8220;prev\u00ea a reestrutura\u00e7\u00e3o dos empr\u00e9stimos existentes entre a Celg-D e a <strong>Enel<\/strong> e outras sociedades do seu grupo econ\u00f4mico&#8221;.<\/p>\n<p>Al\u00e9m disso, o fato relevante destaca que a empresa n\u00e3o tem a inten\u00e7\u00e3o de promover, no prazo de 1 ano, o cancelamento do registro de companhia aberta da Celg-D.<\/p>\n<p>No contexto da compra, a <a href=\"https:\/\/www.suno.com.br\/acoes\/engi11\/\">Energisa (ENGI11)<\/a> tamb\u00e9m disputava o ativo e, al\u00e9m disso, o atual governador de Goi\u00e1s, Ronaldo Caiado (Uni\u00e3o Brasil) j\u00e1 havia dado declara\u00e7\u00f5es citando que queria a &#8216;Enel fora do seu estado&#8217;.<\/p>\n\n\t<div data-element=\"shortcode-read-more\" class=\"readToo\">\n\t\t\t\t<span class=\"readToo__title\">Leia mais<\/span>\n\t\t\t\t<ul class=\"readToo__list\">\n\t\t\t<li><a href=\"https:\/\/www.suno.com.br\/noticias\/acoes-pagam-dividendos-selic-copom\/\">Veja 5 a\u00e7\u00f5es que pagam dividendos acima da Taxa Selic<\/a><\/li><li><a href=\"https:\/\/www.suno.com.br\/noticias\/xp-dividendos-acoes-bolsa-selic\/\">&#8216;Investir em dividendos ainda vale a pena&#8217;, diz XP<\/a><\/li><li><a href=\"https:\/\/www.suno.com.br\/noticias\/energia-eletrica-usinas-covid\/\">Energia el\u00e9trica: Covid atrapalhou gera\u00e7\u00e3o em 2021, dizem usinas<\/a><\/li>\t\t<\/ul>\n\t<\/div>\n\n\n<p>&#8220;O melhor caminho \u00e9 que ela desista de tentar lucrar com a opera\u00e7\u00e3o de venda e transfira o controle. Queremos a Enel fora de Goi\u00e1s&#8221;, disse o governador recentemente.<\/p>\n<blockquote class=\"twitter-tweet\">\n<p dir=\"ltr\" lang=\"pt\">A Enel parece que ainda n\u00e3o entendeu que acabou em Goi\u00e1s a \u00e9poca dos neg\u00f3cios por debaixo dos panos. N\u00e3o vamos admitir que a empresa discuta a venda da sua concess\u00e3o como distribuidora de energia el\u00e9trica no estado sem dar a devida transpar\u00eancia a todo o processo.<\/p>\n<p>\u2014 Ronaldo Caiado (@ronaldocaiado) <a href=\"https:\/\/twitter.com\/ronaldocaiado\/status\/1535280205144760320?ref_src=twsrc%5Etfw\">June 10, 2022<\/a><\/p><\/blockquote>\n<p><script src=\"https:\/\/platform.twitter.com\/widgets.js\" async=\"\" charset=\"utf-8\"><\/script><\/p>\n<p>&#8220;Com a Opera\u00e7\u00e3o, a Companhia diversifica a sua atua\u00e7\u00e3o no segmento de distribui\u00e7\u00e3o de energia para mais uma regi\u00e3o geogr\u00e1fica, demonstra o seu olhar \u00fanico para a identifica\u00e7\u00e3o de oportunidades, pautado pela <a class=\"suno-keyword\" href=\"https:\/\/www.suno.com.br\/artigos\/disciplina-financeira\/\" target=\"_blank\" rel=\"noopener\" data-force=\"no\" data-priority=\"1\">disciplina financeira<\/a> na aloca\u00e7\u00e3o de capital, e refor\u00e7a seu papel consolidador no segmento de distribui\u00e7\u00e3o, ampliando as oportunidades de gera\u00e7\u00e3o de valor como player integrado no setor de energia e adicionando mais de 3,3 milh\u00f5es de clientes \u00e0 nossa base&#8221;, diz o documento arquivado pela Equatorial.<\/p>\n<p>Vale lembrar que esse valor de <strong>aquisi\u00e7\u00e3o<\/strong> est\u00e1 sujeito \u00e0 corre\u00e7\u00e3o por meio do CDI com base no dia 31 de mar\u00e7o e, al\u00e9m disso, ainda pode ser acrescido de earn-out em fun\u00e7\u00e3o de pagamentos e recebimentos de conting\u00eancias.<\/p>\n<p>A aquisi\u00e7\u00e3o agora deve passar pelo crivo das autoridades regulat\u00f3rias sendo eles o <a href=\"https:\/\/www.suno.com.br\/artigos\/cade\/\">Conselho Administrativo de Defesa Econ\u00f4mica (CADE)<\/a> e a Ag\u00eancia Nacional de Energia El\u00e9trica (ANEEL).<\/p>\n\t<p>\n\t\t<a href=\"https:\/\/lp.suno.com.br\/planilha-controle-gastos\/\" target=\"_blank\" data-element=\"shortcode-suno-banner\" title=\"Banner SUNO, clique e saiba mais\">\n\t\t\t<picture>\n\t\t\t\t<source media=\"(max-width: 500px)\" srcset=\"https:\/\/files.sunoresearch.com.br\/n\/uploads\/2023\/03\/400x300-Planilha-controle-de-gastos.png\">\n\t\t\t\t<img class=\"newsContent__article__imgCapa newsContent__article__imgCapa--banner\"\n\t\t\t\t\tsrc=\"https:\/\/files.sunoresearch.com.br\/n\/uploads\/2023\/03\/1420x240-Planilha-controle-de-gastos.png\"\n\t\t\t\t\tdata-promo-id=\"101751\"\t\t\t\t\t\t\t\t\t\twidth='1420' height='240'\t\t\t\t\talt=\"https:\/\/files.sunoresearch.com.br\/n\/uploads\/2023\/03\/1420x240-Planilha-controle-de-gastos.png\"\n\t\t\t\t>\n\t\t\t<\/picture>\n\t\t<\/a>\n\t<\/p>\n\n\n<h2>Equatorial usar\u00e1 caixa robusto para compra<\/h2>\n<p>Meses antes da compra, em meados de fevereiro, a Equatorial levantou um montante de cerca de R$ 10 bilh\u00f5es com uma emiss\u00e3o de a\u00e7\u00f5es, aumentando seu caixa.<\/p>\n<p>Al\u00e9m disso, trata-se da s\u00e9tima distribuidora que \u00e9\u00a0<strong>comprada pela Equatorial<\/strong>.<\/p>\n<p>Segundo o comunicado, o <a href=\"https:\/\/www.suno.com.br\/acoes\/bpac11\/\">BTG Pactual (BPAC11)<\/a> assessorou a Equatorial na transa\u00e7\u00e3o, trabalhando em conjunto com o escrit\u00f3rio de advocacia Mattos Filho.<\/p>\n\t<p>\n\t\t<a href=\"https:\/\/lp.suno.com.br\/planilha-da-vida-financeira\/\" target=\"_blank\" data-element=\"shortcode-suno-banner\" title=\"Banner SUNO, clique e saiba mais\">\n\t\t\t<picture>\n\t\t\t\t<source media=\"(max-width: 500px)\" srcset=\"https:\/\/files.sunoresearch.com.br\/n\/uploads\/2023\/04\/400x300-Planilha-vida-financeira-true.png\">\n\t\t\t\t<img class=\"newsContent__article__imgCapa newsContent__article__imgCapa--banner\"\n\t\t\t\t\tsrc=\"https:\/\/files.sunoresearch.com.br\/n\/uploads\/2023\/04\/1420x240-Planilha-vida-financeira-true.png\"\n\t\t\t\t\tdata-promo-id=\"106682\"\t\t\t\t\t\t\t\t\t\twidth='1420' height='240'\t\t\t\t\talt=\"https:\/\/files.sunoresearch.com.br\/n\/uploads\/2023\/04\/1420x240-Planilha-vida-financeira-true.png\"\n\t\t\t\t>\n\t\t\t<\/picture>\n\t\t<\/a>\n\t<\/p>\n\n\n","protected":false},"excerpt":{"rendered":"<p>A Equatorial (EQTL3) comprou a Celg-D (GPAR3) a Enel Brasil, conforme divulgado nesta sexta-feira (23) em fato relevante. O valor da compra feita pela Equatorial foi de R$ 1,57 bilh\u00e3o e trata-se da sua maior aquisi\u00e7\u00e3o j\u00e1 feita em termos de distribui\u00e7\u00e3o de energia. Assim, agora a Equatorial assume a d\u00edvida l\u00edquida de R$ 5,9 [&hellip;]<\/p>\n","protected":false},"author":73,"featured_media":44620,"comment_status":"closed","ping_status":"closed","sticky":false,"template":"","format":"standard","meta":[],"categories":[64],"tags":[105039],"suno_strategy":[],"class_list":["post-301081","post","type-post","status-publish","format-standard","has-post-thumbnail","hentry","category-negocios","tag-equatorial-eqtl3"],"yoast_head":"<!-- This site is optimized with the Yoast SEO plugin v24.4 - https:\/\/yoast.com\/wordpress\/plugins\/seo\/ -->\n<title>Equatorial (EQTL3) compra Celg-D por R$ 1,5 bilh\u00e3o, sua maior aquisi\u00e7\u00e3o<\/title>\n<meta name=\"description\" content=\"Com aquisi\u00e7\u00e3o, a Equatorial deve assumir e reestruturar uma d\u00edvida de quase R$ 6 bilh\u00f5es da Celg. Clique aqui e leia mais\" \/>\n<meta name=\"robots\" content=\"index, follow, max-snippet:-1, max-image-preview:large, max-video-preview:-1\" \/>\n<link rel=\"canonical\" href=\"https:\/\/www.suno.com.br\/noticias\/equatorial-eqtl3-compra-celg-d-enel-bilhao\/\" \/>\n<meta property=\"og:locale\" content=\"pt_BR\" \/>\n<meta property=\"og:type\" content=\"article\" \/>\n<meta property=\"og:title\" content=\"Equatorial (EQTL3) compra Celg-D por R$ 1,5 bilh\u00e3o, sua maior aquisi\u00e7\u00e3o\" \/>\n<meta property=\"og:description\" content=\"Com aquisi\u00e7\u00e3o, a Equatorial deve assumir e reestruturar uma d\u00edvida de quase R$ 6 bilh\u00f5es da Celg. Clique aqui e leia mais\" \/>\n<meta property=\"og:url\" content=\"https:\/\/www.suno.com.br\/noticias\/equatorial-eqtl3-compra-celg-d-enel-bilhao\/\" \/>\n<meta property=\"og:site_name\" content=\"Suno Not\u00edcias\" \/>\n<meta property=\"article:publisher\" content=\"https:\/\/facebook.com\/sunoresearch\" \/>\n<meta property=\"og:image\" content=\"https:\/\/files.sunoresearch.com.br\/n\/uploads\/2019\/11\/169e54a9-equatorial-energia.jpg\" \/>\n\t<meta property=\"og:image:width\" content=\"1920\" \/>\n\t<meta property=\"og:image:height\" content=\"1080\" \/>\n\t<meta property=\"og:image:type\" content=\"image\/jpeg\" \/>\n<meta name=\"author\" content=\"Eduardo Vargas\" \/>\n<meta name=\"twitter:card\" content=\"summary_large_image\" \/>\n<meta name=\"twitter:creator\" content=\"@sunoresearch\" \/>\n<meta name=\"twitter:site\" content=\"@sunoresearch\" \/>\n<meta name=\"twitter:label1\" content=\"Escrito por\" \/>\n\t<meta name=\"twitter:data1\" content=\"Eduardo Vargas\" \/>\n\t<meta name=\"twitter:label2\" content=\"Est. tempo de leitura\" \/>\n\t<meta name=\"twitter:data2\" content=\"3 minutos\" \/>\n<script type=\"application\/ld+json\" class=\"yoast-schema-graph\">{\"@context\":\"https:\/\/schema.org\",\"@graph\":[{\"@type\":\"NewsArticle\",\"@id\":\"https:\/\/www.suno.com.br\/noticias\/equatorial-eqtl3-compra-celg-d-enel-bilhao\/#article\",\"isPartOf\":{\"@id\":\"https:\/\/www.suno.com.br\/noticias\/equatorial-eqtl3-compra-celg-d-enel-bilhao\/\"},\"author\":{\"name\":\"Eduardo Vargas\",\"@id\":\"https:\/\/www.suno.com.br\/noticias\/#\/schema\/person\/7f4d362bf3518e76090143ae77bb49a5\"},\"headline\":\"Equatorial (EQTL3) compra Celg-D da Enel por R$ 1,5 bilh\u00e3o, sua maior aquisi\u00e7\u00e3o\",\"datePublished\":\"2022-09-23T11:25:38+00:00\",\"mainEntityOfPage\":{\"@id\":\"https:\/\/www.suno.com.br\/noticias\/equatorial-eqtl3-compra-celg-d-enel-bilhao\/\"},\"wordCount\":525,\"publisher\":{\"@id\":\"https:\/\/www.suno.com.br\/noticias\/#organization\"},\"image\":{\"@id\":\"https:\/\/www.suno.com.br\/noticias\/equatorial-eqtl3-compra-celg-d-enel-bilhao\/#primaryimage\"},\"thumbnailUrl\":\"https:\/\/files.sunoresearch.com.br\/n\/uploads\/2019\/11\/169e54a9-equatorial-energia-jpg.webp\",\"keywords\":[\"Equatorial (EQTL3)\"],\"articleSection\":[\"Neg\u00f3cios\"],\"inLanguage\":\"pt-BR\"},{\"@type\":\"WebPage\",\"@id\":\"https:\/\/www.suno.com.br\/noticias\/equatorial-eqtl3-compra-celg-d-enel-bilhao\/\",\"url\":\"https:\/\/www.suno.com.br\/noticias\/equatorial-eqtl3-compra-celg-d-enel-bilhao\/\",\"name\":\"Equatorial (EQTL3) compra Celg-D por R$ 1,5 bilh\u00e3o, sua maior aquisi\u00e7\u00e3o\",\"isPartOf\":{\"@id\":\"https:\/\/www.suno.com.br\/noticias\/#website\"},\"primaryImageOfPage\":{\"@id\":\"https:\/\/www.suno.com.br\/noticias\/equatorial-eqtl3-compra-celg-d-enel-bilhao\/#primaryimage\"},\"image\":{\"@id\":\"https:\/\/www.suno.com.br\/noticias\/equatorial-eqtl3-compra-celg-d-enel-bilhao\/#primaryimage\"},\"thumbnailUrl\":\"https:\/\/files.sunoresearch.com.br\/n\/uploads\/2019\/11\/169e54a9-equatorial-energia-jpg.webp\",\"datePublished\":\"2022-09-23T11:25:38+00:00\",\"description\":\"Com aquisi\u00e7\u00e3o, a Equatorial deve assumir e reestruturar uma d\u00edvida de quase R$ 6 bilh\u00f5es da Celg. Clique aqui e leia mais\",\"breadcrumb\":{\"@id\":\"https:\/\/www.suno.com.br\/noticias\/equatorial-eqtl3-compra-celg-d-enel-bilhao\/#breadcrumb\"},\"inLanguage\":\"pt-BR\",\"potentialAction\":[{\"@type\":\"ReadAction\",\"target\":[\"https:\/\/www.suno.com.br\/noticias\/equatorial-eqtl3-compra-celg-d-enel-bilhao\/\"]}]},{\"@type\":\"ImageObject\",\"inLanguage\":\"pt-BR\",\"@id\":\"https:\/\/www.suno.com.br\/noticias\/equatorial-eqtl3-compra-celg-d-enel-bilhao\/#primaryimage\",\"url\":\"https:\/\/files.sunoresearch.com.br\/n\/uploads\/2019\/11\/169e54a9-equatorial-energia-jpg.webp\",\"contentUrl\":\"https:\/\/files.sunoresearch.com.br\/n\/uploads\/2019\/11\/169e54a9-equatorial-energia-jpg.webp\",\"width\":1920,\"height\":1080,\"caption\":\"A Equatorial (EQTL3) soma cerca de 1% de alta na bolsa no acumulado de 2022, em estabilidade\"},{\"@type\":\"BreadcrumbList\",\"@id\":\"https:\/\/www.suno.com.br\/noticias\/equatorial-eqtl3-compra-celg-d-enel-bilhao\/#breadcrumb\",\"itemListElement\":[{\"@type\":\"ListItem\",\"position\":1,\"name\":\"Not\u00edcias\",\"item\":\"https:\/\/www.suno.com.br\/noticias\/\"},{\"@type\":\"ListItem\",\"position\":2,\"name\":\"Neg\u00f3cios\",\"item\":\"https:\/\/www.suno.com.br\/noticias\/negocios\/\"},{\"@type\":\"ListItem\",\"position\":3,\"name\":\"Equatorial (EQTL3) compra Celg-D da Enel por R$ 1,5 bilh\u00e3o, sua maior aquisi\u00e7\u00e3o\"}]},{\"@type\":\"WebSite\",\"@id\":\"https:\/\/www.suno.com.br\/noticias\/#website\",\"url\":\"https:\/\/www.suno.com.br\/noticias\/\",\"name\":\"Suno Not\u00edcias\",\"description\":\"Seu portal de informa\u00e7\u00e3o sobre o mundo dos investimentos\",\"publisher\":{\"@id\":\"https:\/\/www.suno.com.br\/noticias\/#organization\"},\"potentialAction\":[{\"@type\":\"SearchAction\",\"target\":{\"@type\":\"EntryPoint\",\"urlTemplate\":\"https:\/\/www.suno.com.br\/noticias\/?s={search_term_string}\"},\"query-input\":{\"@type\":\"PropertyValueSpecification\",\"valueRequired\":true,\"valueName\":\"search_term_string\"}}],\"inLanguage\":\"pt-BR\"},{\"@type\":\"Organization\",\"@id\":\"https:\/\/www.suno.com.br\/noticias\/#organization\",\"name\":\"Suno Not\u00edcias\",\"url\":\"https:\/\/www.suno.com.br\/noticias\/\",\"logo\":{\"@type\":\"ImageObject\",\"inLanguage\":\"pt-BR\",\"@id\":\"https:\/\/www.suno.com.br\/noticias\/#\/schema\/logo\/image\/\",\"url\":\"https:\/\/files.sunoresearch.com.br\/n\/uploads\/2021\/09\/suno-logo.png\",\"contentUrl\":\"https:\/\/files.sunoresearch.com.br\/n\/uploads\/2021\/09\/suno-logo.png\",\"width\":180,\"height\":180,\"caption\":\"Suno Not\u00edcias\"},\"image\":{\"@id\":\"https:\/\/www.suno.com.br\/noticias\/#\/schema\/logo\/image\/\"},\"sameAs\":[\"https:\/\/facebook.com\/sunoresearch\",\"https:\/\/x.com\/sunoresearch\",\"https:\/\/www.instagram.com\/suno\",\"https:\/\/www.linkedin.com\/company\/suno-research\/\",\"https:\/\/www.youtube.com\/c\/sunoresearch\"]},{\"@type\":\"Person\",\"@id\":\"https:\/\/www.suno.com.br\/noticias\/#\/schema\/person\/7f4d362bf3518e76090143ae77bb49a5\",\"name\":\"Eduardo Vargas\",\"image\":{\"@type\":\"ImageObject\",\"inLanguage\":\"pt-BR\",\"@id\":\"https:\/\/www.suno.com.br\/noticias\/#\/schema\/person\/image\/\",\"url\":\"https:\/\/secure.gravatar.com\/avatar\/dac340933427a22924c9f99d1eb2e3f2?s=96&r=g\",\"contentUrl\":\"https:\/\/secure.gravatar.com\/avatar\/dac340933427a22924c9f99d1eb2e3f2?s=96&r=g\",\"caption\":\"Eduardo Vargas\"},\"description\":\"Jornalista formado pela UFSC, cobre macroeconomia, neg\u00f3cios e startups para o Suno Not\u00edcias, escrevendo principalmente not\u00edcias sobre o mercado financeiro e a bolsa de valores. No YouTube e no Instagram, \u00e9 respons\u00e1vel pela produ\u00e7\u00e3o de Reels e Shorts do Suno Not\u00edcias. Anteriormente, trabalhou cobrindo economia e cotidiano no ND+ e para o ND, maior jornal impresso de Santa Catarina. Cursou um semestre letivo de Estudos de M\u00eddia na Universidad de Buenos Aires.\",\"url\":\"https:\/\/www.suno.com.br\/noticias\/author\/eduardo-vargas\/\"}]}<\/script>\n<!-- \/ Yoast SEO plugin. -->","yoast_head_json":{"title":"Equatorial (EQTL3) compra Celg-D por R$ 1,5 bilh\u00e3o, sua maior aquisi\u00e7\u00e3o","description":"Com aquisi\u00e7\u00e3o, a Equatorial deve assumir e reestruturar uma d\u00edvida de quase R$ 6 bilh\u00f5es da Celg. Clique aqui e leia mais","robots":{"index":"index","follow":"follow","max-snippet":"max-snippet:-1","max-image-preview":"max-image-preview:large","max-video-preview":"max-video-preview:-1"},"canonical":"https:\/\/www.suno.com.br\/noticias\/equatorial-eqtl3-compra-celg-d-enel-bilhao\/","og_locale":"pt_BR","og_type":"article","og_title":"Equatorial (EQTL3) compra Celg-D por R$ 1,5 bilh\u00e3o, sua maior aquisi\u00e7\u00e3o","og_description":"Com aquisi\u00e7\u00e3o, a Equatorial deve assumir e reestruturar uma d\u00edvida de quase R$ 6 bilh\u00f5es da Celg. Clique aqui e leia mais","og_url":"https:\/\/www.suno.com.br\/noticias\/equatorial-eqtl3-compra-celg-d-enel-bilhao\/","og_site_name":"Suno Not\u00edcias","article_publisher":"https:\/\/facebook.com\/sunoresearch","og_image":[{"width":1920,"height":1080,"url":"https:\/\/files.sunoresearch.com.br\/n\/uploads\/2019\/11\/169e54a9-equatorial-energia.jpg","type":"image\/jpeg"}],"author":"Eduardo Vargas","twitter_card":"summary_large_image","twitter_creator":"@sunoresearch","twitter_site":"@sunoresearch","twitter_misc":{"Escrito por":"Eduardo Vargas","Est. tempo de leitura":"3 minutos"},"schema":{"@context":"https:\/\/schema.org","@graph":[{"@type":"NewsArticle","@id":"https:\/\/www.suno.com.br\/noticias\/equatorial-eqtl3-compra-celg-d-enel-bilhao\/#article","isPartOf":{"@id":"https:\/\/www.suno.com.br\/noticias\/equatorial-eqtl3-compra-celg-d-enel-bilhao\/"},"author":{"name":"Eduardo Vargas","@id":"https:\/\/www.suno.com.br\/noticias\/#\/schema\/person\/7f4d362bf3518e76090143ae77bb49a5"},"headline":"Equatorial (EQTL3) compra Celg-D da Enel por R$ 1,5 bilh\u00e3o, sua maior aquisi\u00e7\u00e3o","datePublished":"2022-09-23T11:25:38+00:00","mainEntityOfPage":{"@id":"https:\/\/www.suno.com.br\/noticias\/equatorial-eqtl3-compra-celg-d-enel-bilhao\/"},"wordCount":525,"publisher":{"@id":"https:\/\/www.suno.com.br\/noticias\/#organization"},"image":{"@id":"https:\/\/www.suno.com.br\/noticias\/equatorial-eqtl3-compra-celg-d-enel-bilhao\/#primaryimage"},"thumbnailUrl":"https:\/\/files.sunoresearch.com.br\/n\/uploads\/2019\/11\/169e54a9-equatorial-energia-jpg.webp","keywords":["Equatorial (EQTL3)"],"articleSection":["Neg\u00f3cios"],"inLanguage":"pt-BR"},{"@type":"WebPage","@id":"https:\/\/www.suno.com.br\/noticias\/equatorial-eqtl3-compra-celg-d-enel-bilhao\/","url":"https:\/\/www.suno.com.br\/noticias\/equatorial-eqtl3-compra-celg-d-enel-bilhao\/","name":"Equatorial (EQTL3) compra Celg-D por R$ 1,5 bilh\u00e3o, sua maior aquisi\u00e7\u00e3o","isPartOf":{"@id":"https:\/\/www.suno.com.br\/noticias\/#website"},"primaryImageOfPage":{"@id":"https:\/\/www.suno.com.br\/noticias\/equatorial-eqtl3-compra-celg-d-enel-bilhao\/#primaryimage"},"image":{"@id":"https:\/\/www.suno.com.br\/noticias\/equatorial-eqtl3-compra-celg-d-enel-bilhao\/#primaryimage"},"thumbnailUrl":"https:\/\/files.sunoresearch.com.br\/n\/uploads\/2019\/11\/169e54a9-equatorial-energia-jpg.webp","datePublished":"2022-09-23T11:25:38+00:00","description":"Com aquisi\u00e7\u00e3o, a Equatorial deve assumir e reestruturar uma d\u00edvida de quase R$ 6 bilh\u00f5es da Celg. Clique aqui e leia mais","breadcrumb":{"@id":"https:\/\/www.suno.com.br\/noticias\/equatorial-eqtl3-compra-celg-d-enel-bilhao\/#breadcrumb"},"inLanguage":"pt-BR","potentialAction":[{"@type":"ReadAction","target":["https:\/\/www.suno.com.br\/noticias\/equatorial-eqtl3-compra-celg-d-enel-bilhao\/"]}]},{"@type":"ImageObject","inLanguage":"pt-BR","@id":"https:\/\/www.suno.com.br\/noticias\/equatorial-eqtl3-compra-celg-d-enel-bilhao\/#primaryimage","url":"https:\/\/files.sunoresearch.com.br\/n\/uploads\/2019\/11\/169e54a9-equatorial-energia-jpg.webp","contentUrl":"https:\/\/files.sunoresearch.com.br\/n\/uploads\/2019\/11\/169e54a9-equatorial-energia-jpg.webp","width":1920,"height":1080,"caption":"A Equatorial (EQTL3) soma cerca de 1% de alta na bolsa no acumulado de 2022, em estabilidade"},{"@type":"BreadcrumbList","@id":"https:\/\/www.suno.com.br\/noticias\/equatorial-eqtl3-compra-celg-d-enel-bilhao\/#breadcrumb","itemListElement":[{"@type":"ListItem","position":1,"name":"Not\u00edcias","item":"https:\/\/www.suno.com.br\/noticias\/"},{"@type":"ListItem","position":2,"name":"Neg\u00f3cios","item":"https:\/\/www.suno.com.br\/noticias\/negocios\/"},{"@type":"ListItem","position":3,"name":"Equatorial (EQTL3) compra Celg-D da Enel por R$ 1,5 bilh\u00e3o, sua maior aquisi\u00e7\u00e3o"}]},{"@type":"WebSite","@id":"https:\/\/www.suno.com.br\/noticias\/#website","url":"https:\/\/www.suno.com.br\/noticias\/","name":"Suno Not\u00edcias","description":"Seu portal de informa\u00e7\u00e3o sobre o mundo dos investimentos","publisher":{"@id":"https:\/\/www.suno.com.br\/noticias\/#organization"},"potentialAction":[{"@type":"SearchAction","target":{"@type":"EntryPoint","urlTemplate":"https:\/\/www.suno.com.br\/noticias\/?s={search_term_string}"},"query-input":{"@type":"PropertyValueSpecification","valueRequired":true,"valueName":"search_term_string"}}],"inLanguage":"pt-BR"},{"@type":"Organization","@id":"https:\/\/www.suno.com.br\/noticias\/#organization","name":"Suno Not\u00edcias","url":"https:\/\/www.suno.com.br\/noticias\/","logo":{"@type":"ImageObject","inLanguage":"pt-BR","@id":"https:\/\/www.suno.com.br\/noticias\/#\/schema\/logo\/image\/","url":"https:\/\/files.sunoresearch.com.br\/n\/uploads\/2021\/09\/suno-logo.png","contentUrl":"https:\/\/files.sunoresearch.com.br\/n\/uploads\/2021\/09\/suno-logo.png","width":180,"height":180,"caption":"Suno Not\u00edcias"},"image":{"@id":"https:\/\/www.suno.com.br\/noticias\/#\/schema\/logo\/image\/"},"sameAs":["https:\/\/facebook.com\/sunoresearch","https:\/\/x.com\/sunoresearch","https:\/\/www.instagram.com\/suno","https:\/\/www.linkedin.com\/company\/suno-research\/","https:\/\/www.youtube.com\/c\/sunoresearch"]},{"@type":"Person","@id":"https:\/\/www.suno.com.br\/noticias\/#\/schema\/person\/7f4d362bf3518e76090143ae77bb49a5","name":"Eduardo Vargas","image":{"@type":"ImageObject","inLanguage":"pt-BR","@id":"https:\/\/www.suno.com.br\/noticias\/#\/schema\/person\/image\/","url":"https:\/\/secure.gravatar.com\/avatar\/dac340933427a22924c9f99d1eb2e3f2?s=96&r=g","contentUrl":"https:\/\/secure.gravatar.com\/avatar\/dac340933427a22924c9f99d1eb2e3f2?s=96&r=g","caption":"Eduardo Vargas"},"description":"Jornalista formado pela UFSC, cobre macroeconomia, neg\u00f3cios e startups para o Suno Not\u00edcias, escrevendo principalmente not\u00edcias sobre o mercado financeiro e a bolsa de valores. No YouTube e no Instagram, \u00e9 respons\u00e1vel pela produ\u00e7\u00e3o de Reels e Shorts do Suno Not\u00edcias. Anteriormente, trabalhou cobrindo economia e cotidiano no ND+ e para o ND, maior jornal impresso de Santa Catarina. Cursou um semestre letivo de Estudos de M\u00eddia na Universidad de Buenos Aires.","url":"https:\/\/www.suno.com.br\/noticias\/author\/eduardo-vargas\/"}]}},"default_loop_html":"<div class=\"cardsPage__listCard__boxs\"><div class=\"cardsPage__listCard__boxs__img\"><a href=\"https:\/\/www.suno.com.br\/noticias\/energia-eletrica-usinas-covid\/\"><img class=\"mask\" src=\"https:\/\/www.suno.com.br\/noticias\/wp-content\/themes\/suno\/resources\/images\/spotlight\/spotlight1img\/bg-mask.png\" alt=\"Image Mask\"\/><img src=\"https:\/\/files.sunoresearch.com.br\/n\/uploads\/2022\/09\/usina-jirau-400x200.jpg\" alt=\"Energia el\u00e9trica: Covid atrapalhou gera\u00e7\u00e3o em 2021, dizem usinas\"\/><\/a><span class=\"spotlightCategory\"><a href=\"https:\/\/www.suno.com.br\/noticias\/economia\/\">Economia<\/a><\/span><\/div><div class=\"cardsPage__listCard__boxs__content\"><a href=\"https:\/\/www.suno.com.br\/noticias\/energia-eletrica-usinas-covid\/\"><h2 class=\"content__title\">Energia el\u00e9trica: Covid atrapalhou gera\u00e7\u00e3o em 2021, dizem usinas<\/h2><\/a><div class=\"newsContent__article__meta\"><div class=\"newsContent__article__meta__authorBox\"><a href=\"https:\/\/www.suno.com.br\/noticias\/author\/eduardo-vargas\/\" class=\"authorBox__avatar noMobi\"><img src=\"https:\/\/secure.gravatar.com\/avatar\/dac340933427a22924c9f99d1eb2e3f2?s=96&#038;r=g\" alt=\"Eduardo Vargas\"><\/a><div class=\"authorBox__name\"><span>por\n\t\t\t<a href=\"https:\/\/www.suno.com.br\/noticias\/author\/eduardo-vargas\/\"><span itemprop=\"author\">Eduardo Vargas<\/span><\/a><\/span><time datetime=\"2022-09-22T08:15:39-03:00\" itemprop=\"datePublished\">22\/09\/2022 08:15<\/time><\/div><\/div><\/div><\/div><\/div>","single_layout":"posts","amp_enabled":true,"_links":{"self":[{"href":"https:\/\/www.suno.com.br\/noticias\/wp-json\/wp\/v2\/posts\/301081"}],"collection":[{"href":"https:\/\/www.suno.com.br\/noticias\/wp-json\/wp\/v2\/posts"}],"about":[{"href":"https:\/\/www.suno.com.br\/noticias\/wp-json\/wp\/v2\/types\/post"}],"author":[{"embeddable":true,"href":"https:\/\/www.suno.com.br\/noticias\/wp-json\/wp\/v2\/users\/73"}],"replies":[{"embeddable":true,"href":"https:\/\/www.suno.com.br\/noticias\/wp-json\/wp\/v2\/comments?post=301081"}],"version-history":[{"count":2,"href":"https:\/\/www.suno.com.br\/noticias\/wp-json\/wp\/v2\/posts\/301081\/revisions"}],"predecessor-version":[{"id":301095,"href":"https:\/\/www.suno.com.br\/noticias\/wp-json\/wp\/v2\/posts\/301081\/revisions\/301095"}],"wp:featuredmedia":[{"embeddable":true,"href":"https:\/\/www.suno.com.br\/noticias\/wp-json\/wp\/v2\/media\/44620"}],"wp:attachment":[{"href":"https:\/\/www.suno.com.br\/noticias\/wp-json\/wp\/v2\/media?parent=301081"}],"wp:term":[{"taxonomy":"category","embeddable":true,"href":"https:\/\/www.suno.com.br\/noticias\/wp-json\/wp\/v2\/categories?post=301081"},{"taxonomy":"post_tag","embeddable":true,"href":"https:\/\/www.suno.com.br\/noticias\/wp-json\/wp\/v2\/tags?post=301081"},{"taxonomy":"suno_strategy","embeddable":true,"href":"https:\/\/www.suno.com.br\/noticias\/wp-json\/wp\/v2\/suno_strategy?post=301081"}],"curies":[{"name":"wp","href":"https:\/\/api.w.org\/{rel}","templated":true}]}}